{"id":29263,"date":"2023-07-15T18:21:36","date_gmt":"2023-07-15T16:21:36","guid":{"rendered":"https:\/\/www.sfsic.org\/?p=29263"},"modified":"2023-07-15T18:21:37","modified_gmt":"2023-07-15T16:21:37","slug":"charge-e-de-cours-a-100-en-information-et-communication","status":"publish","type":"post","link":"https:\/\/www.sfsic.org\/en\/emplois\/charge-e-de-cours-a-100-en-information-et-communication\/","title":{"rendered":"Charg\u00e9.e de cours \u00e0 100% en information et communication"},"content":{"rendered":"<p><!-- fxzn:singledetail --><\/p>\n<div class=\"zone zn-singledetail\" id=\"fxzn-singledetail-1\">\n<div class=\"zone-block zn-singledetail-block alignwide va-top\">\n<div class=\"row\">\n<div class=\"columns large-8 large-push-4\">\n<div class=\"zn-singledetail-metabox\">\n<div class=\"zn-singledetail-pubdate pubdate\">\n\t\t\t\t\t<span class=\"pubdate-txt\">Mis en ligne le<\/span><span class=\"doubledot\"><\/span> 15 juillet 2023\t\t\t\t<\/div>\n<div class=\"zn-singledetail-thematiques with-sep-comma\">\n<ul class=\"termslist termslist-thematique\">\n<li class=\"termslist-item termslist-title\"><span class=\"termslist-titletxt\">Th\u00e9matiques<\/span><span class=\"doubledot\"><\/span><\/li>\n<li class=\"termslist-item tax-thematique term-communication-organisations\"><a class=\"termslist-itemlink\" href=\"https:\/\/www.sfsic.org\/thematiques\/communication-organisations\/\" title=\"Communication et organisations\"><span class=\"termslist-itemname\">Communication et organisations<\/span><\/a><\/li>\n<li class=\"termslist-item tax-thematique term-numerique-strategies-dispositifs-et-usages\"><a class=\"termslist-itemlink\" href=\"https:\/\/www.sfsic.org\/thematiques\/numerique-strategies-dispositifs-et-usages\/\" title=\"Num\u00e9rique : strat\u00e9gies, dispositifs et usages\"><span class=\"termslist-itemname\">Num\u00e9rique : strat\u00e9gies, dispositifs et usages<\/span><\/a><\/li>\n<\/ul><\/div>\n<\/p><\/div>\n<\/p><\/div>\n<\/p><\/div>\n<div class=\"row\">\n<div class=\"columns large-4\">\n<div class=\"zn-singledetail-sidebar bg-cornersquares\">\n<div class=\"zn-singledetail-infos\">\n<p class=\"zn-singledetail-reponse-date\">\n\t\t\t\t\t\t<span>R\u00e9ponse attendue pour le<\/span><span class=\"doubledot\"><\/span> <strong>02\/10\/2023<\/strong>\n\t\t\t\t\t<\/p>\n<p class=\"zn-singledetail-type\">\n\t\t\t\t\t\t\t<span>Type d\u2019annonce<\/span><span class=\"doubledot\"><\/span> <strong>Bourse de recherche<\/strong>\n\t\t\t\t\t<\/p>\n<\/p><\/div>\n<div class=\"zn-singledetail-contacts\">\n<h3 class=\"zn-singledetail-section-title\">Contacts<\/h3>\n<ul class=\"zn-singledetail-contacts-list\">\n<li class=\"zn-singledetail-contact\">\n\t\t\t\t\t\t\t<span class=\"zn-singledetail-contact-name\">Natalie Rigaux, Directrice du D\u00e9partement des sciences politiques, sociales et de la communication<\/span><span class=\"doubledot\"><\/span><br \/>\n\t\t\t\t\t\t\t\t\t\t\t\t\t\t<a class=\"zn-singledetail-contact-mail prettylink\" href=\"mailto:nathalie.rigaux@unamur.be\">nathalie.rigaux@unamur.be<\/a>\n\t\t\t\t\t\t\t\t\t\t\t\t\t<\/li>\n<li class=\"zn-singledetail-contact\">\n\t\t\t\t\t\t\t<span class=\"zn-singledetail-contact-name\">Anne-Sophie Collard, Directrice du programme de bachelier en information et communication et Directrice de l\u2019Unit\u00e9 Communication et Internet du CRIDS (NaDI) <\/span><span class=\"doubledot\"><\/span><br \/>\n\t\t\t\t\t\t\t\t\t\t\t\t\t\t<a class=\"zn-singledetail-contact-mail prettylink\" href=\"mailto:anne-sophie.collard@unamur.be\">anne-sophie.collard@unamur.be<\/a>\n\t\t\t\t\t\t\t\t\t\t\t\t\t<\/li>\n<\/ul><\/div>\n<div class=\"zn-singledetail-weblinks\">\n<h3 class=\"zn-singledetail-section-title\">Sites internet de r\u00e9f\u00e9rence<\/h3>\n<ul class=\"zn-singledetail-weblinks-list\">\n<li>\n\t\t\t\t\t\t\t<a class=\"prettylink chainlink\" href=\"https:\/\/jobs.unamur.be\/emploi.2023-06-30.9173840336\" title=\"Site de l'offre d'emploi\" target=\"_blank\" rel=\"noopener\">Site de l&#8217;offre d&#8217;emploi<\/a>\n\t\t\t\t\t\t<\/li>\n<\/ul><\/div>\n<\/p><\/div>\n<\/p><\/div>\n<div class=\"columns large-8\">\n<div class=\"zn-singledetail-contentbox\">\n<div class=\"zn-singledetail-annonce wig-content\">\n<div class=\"fundpJobContent\">\n<p>L\u2019Universit\u00e9 de Namur (Belgique) recrute un.e charg\u00e9.e de cours \u00e0 100&#160;% en information et communication. L\u2019engagement est pr\u00e9vu au 01\/02\/24 et sera d\u00e9finitif apr\u00e8s une p\u00e9riode d\u2019int\u00e9gration de 3 ans.<\/p>\n<h2>Missions<\/h2>\n<h3><strong>Votre environnement de travail<\/strong><\/h3>\n<p>Localis\u00e9e dans le centre historique de la Ville de Namur, capitale de la Wallonie, l\u2019Universit\u00e9 de Namur, avec ses plus de 60 programmes universitaires de premier, deuxi\u00e8me et troisi\u00e8me cycles et ses 11 instituts de recherche, accueille chaque ann\u00e9e pr\u00e8s de 8000 \u00e9tudiants et doctorants et compte plus de 1200 membres du personnel, dont plus de 700 chercheurs. Au sein de l\u2019Universit\u00e9 de Namur, la Facult\u00e9 des Sciences \u00e9conomiques, sociales et de gestion (www.unamur.be\/eco) compte pr\u00e8s de 1800 \u00e9tudiants et 250 membres du personnel dont 40 acad\u00e9miques permanents et 70 scientifiques\/doctorants, r\u00e9partis sur 4 d\u00e9partements (d\u00e9p. des sciences politiques, sociales et de la communication, d\u00e9p. des sciences de gestion, d\u00e9p. des sciences \u00e9conomiques, d\u00e9partement horaire d\u00e9cal\u00e9 en Sciences \u00e9conomiques et de gestion). Elle offre des programmes de 1er (bachelier), 2e (master) et 3e cycles (ex. doctorat) en sciences de gestion et en sciences \u00e9conomiques et, ce, au cours du jour et \u00e0 horaire d\u00e9cal\u00e9. Elle offre \u00e9galement des programmes de 1er et 3e cycles en sciences politiques et en sciences de l\u2019information et de la communication. Ses membres r\u00e9alisent des recherches de pointe dans de nombreux domaines d\u2019expertise. <strong>Vous vous int\u00e9grerez principalement au sein du D\u00e9partement des Sciences politiques, sociales et de la communication. Les membres acad\u00e9miques et scientifiques du d\u00e9partement, venus d\u2019horizons disciplinaires diffe\u0301rents (sciences politiques, communication, philosophie, sociologie, droit) contribuent \u00e0 la formation des bacheliers et des doctorats avec une orientation forte autour des th\u00e9matiques li\u00e9es aux sciences politiques et \u00e0 l\u2019information et la communication. Ses membres d\u00e9veloppent des recherches dans ces th\u00e9matiques et collaborent, dans le cadre de travaux de fin de cycle, de stages, de s\u00e9minaires et missions de conseil, avec de multiples entreprises<\/strong>.<\/p>\n<h3><strong>Missions<\/strong><\/h3>\n<p>En mati\u00e8re d\u2019enseignement, la personne retenue enseignera des mati\u00e8res en lien avec les sciences de l\u2019information et de la communication dans les programmes de bachelier en information et communication et de bachelier en sciences politiques.<\/p>\n<p>Ces cours, en fran\u00e7ais ou en anglais, porteront notamment sur les fondements de la communication, l\u2019\u00e9volution num\u00e9rique des m\u00e9dias et de la communication et l\u2019analyse des m\u00e9dias.<\/p>\n<p>Un int\u00e9r\u00eat pour les <strong>m\u00e9thodes p\u00e9dagogiques innovantes<\/strong> en lien avec l\u2019approche \u00ab&#160;learning by doing&#160;\u00bb de la Facult\u00e9 devra \u00eatre d\u00e9montr\u00e9 tandis qu\u2019une attention pour les dispositifs d\u2019enseignement en ligne et mixtes constituerait un plus.<\/p>\n<p>En mati\u00e8re de recherches, elle m\u00e8nera ses recherches au sein du Namur Digital Institute (NaDI), en particulier de l\u2019Unit\u00e9 Communication et Internet du Centre de Recherche Information, Droit et Soci\u00e9t\u00e9 (CRIDS), dans le domaine <strong>de la communication et des m\u00e9dias num\u00e9riques<\/strong>. Ce domaine peut \u00eatre abord\u00e9 \u00e0 travers diff\u00e9rents aspects&#160;: les technologies \u00e9mergentes, l\u2019\u00e9volution des m\u00e9dias d\u2019information, les pratiques m\u00e9diatiques, les communaut\u00e9s en ligne, les enjeux professionnels, etc.<\/p>\n<p>Le ou la candidat\u00b7e attestera d\u2019une exp\u00e9rience av\u00e9r\u00e9e de recherche \u00e9tay\u00e9e par un portefeuille de publications dans un ou plusieurs des domaines pr\u00e9cit\u00e9s, d\u2019une aptitude \u00e0 s\u2019ins\u00e9rer dans des r\u00e9seaux internationaux et d\u2019une capacit\u00e9 \u00e0 concourir avec succ\u00e8s aupr\u00e8s des sources de financement de la recherche.<\/p>\n<h3>Profil<\/h3>\n<p>Celles et ceux qui postuleront devront&#160;:<\/p>\n<ul>\n<li>\u00eatre titulaires d\u2019un doctorat en sciences de l\u2019information et de la communication ou dans un domaine comparable&#160;;<\/li>\n<li>\u00a0faire preuve d\u2019une exp\u00e9rience et\/ou d\u2019aptitudes d\u2019enseignement universitaire en premier cycle&#160;;<\/li>\n<li>\u00a0montrer une capacit\u00e9 \u00e0 publier des recherches originales dans des revues d\u2019excellence en lien avec les sciences de l\u2019information et de la communication&#160;;<\/li>\n<li>\u00a0avoir une excellente ma\u00eetrise du fran\u00e7ais, parl\u00e9 et \u00e9crit, afin d\u2019assurer imm\u00e9diatement les cours qui seront dans sa charge et qui seront donn\u00e9s en fran\u00e7ais, ainsi qu\u2019une ma\u00eetrise de la langue anglaise, parl\u00e9e et \u00e9crite (un cours devant \u00eatre assur\u00e9 en anglais)&#160;;<\/li>\n<li>\u00a0avoir d\u00e9velopp\u00e9 un profil de recherche en lien avec la communication et les m\u00e9dias num\u00e9riques&#160;;<\/li>\n<li>\u00a0d\u00e9montrer leur capacit\u00e9 \u00e0 contribuer aux services \u00e0 la soci\u00e9t\u00e9, notamment dans les domaines m\u00e9diatique, socio-culturel ou de la coop\u00e9ration au d\u00e9veloppement.<\/li>\n<\/ul>\n<p>Les \u00e9l\u00e9ments suivants seront consid\u00e9r\u00e9s comme des atouts&#160;:<\/p>\n<ul>\n<li>la capacit\u00e9 \u00e0 mener des recherches scientifiques de haut niveau et \u00e0 animer, voire \u00e0 diriger, une \u00e9quipe de chercheurs&#160;;<\/li>\n<li>la capacit\u00e9 \u00e0 s\u2019int\u00e9grer et contribuer significativement au sein du Namur Digital Institute (NaDI) et, en particulier, du Centre de Recherche Information, Droit et Soci\u00e9t\u00e9 (CRIDS)&#160;;<\/li>\n<li>la capacit\u00e9 \u00e0 travailler en \u00e9quipe et \u00e0 int\u00e9grer des r\u00e9sultats de recherches dans ses enseignements&#160;;<\/li>\n<li>la capacit\u00e9 \u00e0 concourir avec succ\u00e8s aupr\u00e8s des sources de financement de la recherche&#160;;<\/li>\n<li>\u00a0avoir fait preuve d\u2019une exp\u00e9rience scientifique et\/ou acad\u00e9mique prolong\u00e9e \u00e0 l\u2019\u00e9tranger&#160;;<\/li>\n<li>une exp\u00e9rience solide et\/ou des aptitudes av\u00e9r\u00e9es en mati\u00e8re de p\u00e9dagogie universitaire&#160;;<\/li>\n<li>de la cr\u00e9ativit\u00e9 et une sensibilit\u00e9 \u00e0 l\u2019innovation p\u00e9dagogique&#160;;<\/li>\n<li>une exp\u00e9rience dans la responsabilit\u00e9 de programme de formation.<\/li>\n<\/ul>\n<h3>Renseignements compl\u00e9mentaires<\/h3>\n<ul>\n<li>Natalie Rigaux, Directrice du D\u00e9partement des sciences politiques, sociales et de la communication&#160;: <a class=\"reference\" href=\"mailto:nathalie.rigaux@unamur.be\">nathalie.rigaux@unamur.be<\/a>.<\/li>\n<li>Anne-Sophie Collard, Directrice du programme de bachelier en information et communication et Directrice de l\u2019Unit\u00e9 Communication et Internet du CRIDS (NaDI)&#160;: <a class=\"reference\" href=\"mailto:anne-sophie.collard@unamur.be\">anne-sophie.collard@unamur.be<\/a><\/li>\n<\/ul>\n<p><strong>Institut de recherche<\/strong>&#160;: Namur Digital Institute (NaDI)<\/p>\n<p><strong>Date d&rsquo;entr\u00e9e en fonction<\/strong>&#160;: 1\/2\/2024<\/p>\n<p><strong>Contrat<\/strong>&#160;: dur\u00e9e d\u00e9termin\u00e9e avec p\u00e9riode d&rsquo;int\u00e9gration &#8211; Le Conseil d\u2019administration pr\u00e9voit une p\u00e9riode d\u2019int\u00e9gration de trois ans si la personne retenue est d\u00e9sign\u00e9e pour la premi\u00e8re fois dans le cadre du personnel acad\u00e9mique de l&rsquo;UNamur. \u00c0 l\u2019issue de cette p\u00e9riode, la nomination d\u00e9finitive ind\u00e9termin\u00e9e est normalement obtenue.<\/p>\n<h3>Remarques<\/h3>\n<p>Les candidatures doivent \u00eatre introduites par mail pour le <strong>02 octobre 2023 au plus tard<\/strong> au Service des Ressources Humaines de l\u2019Universit\u00e9 de Namur (<a class=\"reference\" href=\"mailto:candidature@unamur.be\">candidature@unamur.be<\/a>) et \u00e0 la Directrice du D\u00e9partement des sciences politiques, sociales et de la communication (<a class=\"reference\" href=\"mailto:nathalie.rigaux@unamur.be\">nathalie.rigaux@unamur.be<\/a>).<\/p>\n<p>Elles doivent inclure&#160;:<\/p>\n<ul>\n<li>un curriculum vitae&#160;;<\/li>\n<li>trois lettres de recommandation, \u00e0 envoyer par courrier \u00e0 la Directrice du d\u00e9partement&#160;;<\/li>\n<li>les pi\u00e8ces rendant compte de l\u2019activit\u00e9 scientifique et d\u2019enseignement de la personne qui postule avec, le cas \u00e9ch\u00e9ant, une \u00e9valuation de cours&#160;;<\/li>\n<li>un projet de recherche (2 pages maximum)&#160;;<\/li>\n<li>un projet p\u00e9dagogique (2 pages maximum)&#160;;<\/li>\n<li>un formulaire de candidature compl\u00e9t\u00e9 \u00e0 t\u00e9l\u00e9charger sur le site de l\u2019Universit\u00e9 de Namur (<a class=\"reference\" href=\"https:\/\/www.unamur.be\/universite\/jobs\/formulaires\/formulaire_can_aca.doc\/view\">https:\/\/www.unamur.be\/universite\/jobs\/formulaires\/formulaire_can_aca.doc\/view<\/a>).<\/li>\n<\/ul>\n<p>Les personnes les mieux class\u00e9es seront invit\u00e9es \u00e0 pr\u00e9senter leur recherche et leur projet p\u00e9dagogique aux membres de la Facult\u00e9 des sciences \u00e9conomiques, sociales et de gestion et \u00e0 les rencontrer dans les deux mois qui suivent la date d\u2019\u00e9ch\u00e9ance du d\u00e9p\u00f4t des candidatures.<\/p>\n<p><em>Notre politique de gestion des ressources humaines s\u2019inscrit dans le respect de l\u2019\u00e9galit\u00e9 des droits et de traitement de tous. Cette diversit\u00e9 s\u2019articule, en outre, autour de diff\u00e9rents axes&#160;: le genre, le handicap, l\u2019origine, les convictions, l\u2019\u00e2ge, l\u2019orientation sexuelle, etc. L\u2019Universit\u00e9 de Namur est par ailleurs signataire de la charte de diversit\u00e9 de la R\u00e9gion Wallonne.<\/em><\/p>\n<\/div><\/div>\n<div class=\"zn-singledetail-partners\">\n<h3 class=\"zn-singledetail-section-title\">Institutions<\/h3>\n<div class=\"zn-singledetail-partners-list row small-up-2 medium-up-3 large-up-5 partnerlist\" data-equalizer data-equalize-on=\"medium\">\n<article class=\"summarypartner column\">\n<div class=\"summarypartner-box\" title=\"Universit\u00e9 de Namur\">\n<div class=\"summarypartner-box-inner\" data-equalizer-watch>\n<div class=\"summarypartner-imgbox\">\n<figure class=\"summarypartner-figure\">\n\t\t\t\t\t<img decoding=\"async\" class=\"summarypartner-img\" src=\"https:\/\/www.sfsic.org\/wp-inside\/uploads\/skp-membership\/demande_adh\/logo-universite-de-namur-320x286.png\" alt=\"\"><br \/>\n\t\t\t\t\t\t\t\t\t<\/figure>\n<\/p><\/div>\n<div class=\"summarypartner-content\">\n<div class=\"summarypartner-content-inner\">\n<header class=\"summarypartner-header\">\n<h3 class=\"summarypartner-title\">\n\t\t\t\t\t\t\tUniversit\u00e9 de Namur\t\t\t\t\t\t<\/h3>\n<\/header><\/div>\n<\/p><\/div>\n<\/p><\/div>\n<\/p><\/div>\n<\/article><\/div>\n<\/p><\/div>\n<div class=\"zn-singledetail-keywords\">\n<h3 class=\"zn-singledetail-section-title\">Mots-cl\u00e9s<\/h3>\n<ul class=\"termslist termslist-post_tag\">\n<li class=\"termslist-item termslist-title\"><span class=\"termslist-titletxt\">Mots-cl\u00e9s<\/span><span class=\"doubledot\"><\/span><\/li>\n<li class=\"termslist-item tax-post_tag term-emploi\"><a class=\"termslist-itemlink\" href=\"https:\/\/www.sfsic.org\/tag\/emploi\/\" title=\"Emploi\"><span class=\"termslist-itemname\">Emploi<\/span><\/a><\/li>\n<\/ul><\/div>\n<\/p><\/div>\n<\/p><\/div>\n<\/p><\/div>\n<\/p><\/div>\n<\/div>\n<p><!-- \/fxzn:singledetail --><\/p>\n","protected":false},"excerpt":{"rendered":"<p>Mis en ligne le 15 juillet 2023 Th\u00e9matiques Communication et organisations Num\u00e9rique : strat\u00e9gies, dispositifs et usages R\u00e9ponse attendue pour le 02\/10\/2023 Type d\u2019annonce Bourse de recherche Contacts Natalie Rigaux, [&hellip;]<\/p>\n","protected":false},"author":781,"featured_media":0,"comment_status":"closed","ping_status":"closed","sticky":false,"template":"","format":"standard","meta":{"_acf_changed":false,"footnotes":""},"categories":[64,32],"tags":[812],"thematique":[37,39],"sfsic":[],"class_list":["post-29263","post","type-post","status-publish","format-standard","hentry","category-emploi","category-emplois","tag-emploi","thematique-communication-organisations","thematique-numerique-strategies-dispositifs-et-usages","wp-sticky"],"acf":[],"yoast_head":"<!-- This site is optimized with the Yoast SEO plugin v27.4 - https:\/\/yoast.com\/product\/yoast-seo-wordpress\/ -->\n<title>Charg\u00e9.e de cours \u00e0 100% en information et communication<\/title>\n<meta name=\"description\" content=\"L\u2019Universit\u00e9 de Namur (Belgique) recrute un.e charg\u00e9.e de cours \u00e0 100% en information et communication. L\u2019engagement est pr\u00e9vu au 01\/02\/24 et sera d\u00e9finitif apr\u00e8s une p\u00e9riode d\u2019int\u00e9gration de 3 ans. Le\/la nouveau.elle acad\u00e9mique participera \u00e0 la dynamique de recherche du Namur Digital Institute et aura une charge de cours dans le bachelier en information et communication.\" \/>\n<meta name=\"robots\" content=\"index, follow, max-snippet:-1, max-image-preview:large, max-video-preview:-1\" \/>\n<link rel=\"canonical\" href=\"https:\/\/www.sfsic.org\/en\/emplois\/charge-e-de-cours-a-100-en-information-et-communication\/\" \/>\n<meta property=\"og:locale\" content=\"en_US\" \/>\n<meta property=\"og:type\" content=\"article\" \/>\n<meta property=\"og:title\" content=\"Charg\u00e9.e de cours \u00e0 100% en information et communication\" \/>\n<meta property=\"og:description\" content=\"L\u2019Universit\u00e9 de Namur (Belgique) recrute un.e charg\u00e9.e de cours \u00e0 100% en information et communication. L\u2019engagement est pr\u00e9vu au 01\/02\/24 et sera d\u00e9finitif apr\u00e8s une p\u00e9riode d\u2019int\u00e9gration de 3 ans. Le\/la nouveau.elle acad\u00e9mique participera \u00e0 la dynamique de recherche du Namur Digital Institute et aura une charge de cours dans le bachelier en information et communication.\" \/>\n<meta property=\"og:url\" content=\"https:\/\/www.sfsic.org\/en\/emplois\/charge-e-de-cours-a-100-en-information-et-communication\/\" \/>\n<meta property=\"og:site_name\" content=\"SFSIC\" \/>\n<meta property=\"article:published_time\" content=\"2023-07-15T16:21:36+00:00\" \/>\n<meta property=\"article:modified_time\" content=\"2023-07-15T16:21:37+00:00\" \/>\n<meta property=\"og:image\" content=\"https:\/\/www.sfsic.org\/wp-inside\/uploads\/skp-membership\/demande_adh\/logo-universite-de-namur-320x286.png\" \/>\n<meta name=\"author\" content=\"Axelle Martin\" \/>\n<meta name=\"twitter:card\" content=\"summary_large_image\" \/>\n<script type=\"application\/ld+json\" class=\"yoast-schema-graph\">{\"@context\":\"https:\\\/\\\/schema.org\",\"@graph\":[{\"@type\":\"Article\",\"@id\":\"https:\\\/\\\/www.sfsic.org\\\/en\\\/emplois\\\/charge-e-de-cours-a-100-en-information-et-communication\\\/#article\",\"isPartOf\":{\"@id\":\"https:\\\/\\\/www.sfsic.org\\\/en\\\/emplois\\\/charge-e-de-cours-a-100-en-information-et-communication\\\/\"},\"author\":{\"name\":\"Axelle Martin\",\"@id\":\"https:\\\/\\\/www.sfsic.org\\\/en\\\/#\\\/schema\\\/person\\\/d3606993477708f4359fb9aeda58df3b\"},\"headline\":\"Charg\u00e9.e de cours \u00e0 100% en information et communication\",\"datePublished\":\"2023-07-15T16:21:36+00:00\",\"dateModified\":\"2023-07-15T16:21:37+00:00\",\"mainEntityOfPage\":{\"@id\":\"https:\\\/\\\/www.sfsic.org\\\/en\\\/emplois\\\/charge-e-de-cours-a-100-en-information-et-communication\\\/\"},\"wordCount\":1371,\"publisher\":{\"@id\":\"https:\\\/\\\/www.sfsic.org\\\/en\\\/#organization\"},\"image\":{\"@id\":\"https:\\\/\\\/www.sfsic.org\\\/en\\\/emplois\\\/charge-e-de-cours-a-100-en-information-et-communication\\\/#primaryimage\"},\"thumbnailUrl\":\"https:\\\/\\\/www.sfsic.org\\\/wp-inside\\\/uploads\\\/skp-membership\\\/demande_adh\\\/logo-universite-de-namur-320x286.png\",\"keywords\":[\"Emploi\"],\"articleSection\":[\"Emploi\",\"Emplois\"],\"inLanguage\":\"en-US\"},{\"@type\":\"WebPage\",\"@id\":\"https:\\\/\\\/www.sfsic.org\\\/en\\\/emplois\\\/charge-e-de-cours-a-100-en-information-et-communication\\\/\",\"url\":\"https:\\\/\\\/www.sfsic.org\\\/en\\\/emplois\\\/charge-e-de-cours-a-100-en-information-et-communication\\\/\",\"name\":\"Charg\u00e9.e de cours \u00e0 100% en information et communication\",\"isPartOf\":{\"@id\":\"https:\\\/\\\/www.sfsic.org\\\/en\\\/#website\"},\"primaryImageOfPage\":{\"@id\":\"https:\\\/\\\/www.sfsic.org\\\/en\\\/emplois\\\/charge-e-de-cours-a-100-en-information-et-communication\\\/#primaryimage\"},\"image\":{\"@id\":\"https:\\\/\\\/www.sfsic.org\\\/en\\\/emplois\\\/charge-e-de-cours-a-100-en-information-et-communication\\\/#primaryimage\"},\"thumbnailUrl\":\"https:\\\/\\\/www.sfsic.org\\\/wp-inside\\\/uploads\\\/skp-membership\\\/demande_adh\\\/logo-universite-de-namur-320x286.png\",\"datePublished\":\"2023-07-15T16:21:36+00:00\",\"dateModified\":\"2023-07-15T16:21:37+00:00\",\"description\":\"L\u2019Universit\u00e9 de Namur (Belgique) recrute un.e charg\u00e9.e de cours \u00e0 100% en information et communication. L\u2019engagement est pr\u00e9vu au 01\\\/02\\\/24 et sera d\u00e9finitif apr\u00e8s une p\u00e9riode d\u2019int\u00e9gration de 3 ans. Le\\\/la nouveau.elle acad\u00e9mique participera \u00e0 la dynamique de recherche du Namur Digital Institute et aura une charge de cours dans le bachelier en information et communication.\",\"breadcrumb\":{\"@id\":\"https:\\\/\\\/www.sfsic.org\\\/en\\\/emplois\\\/charge-e-de-cours-a-100-en-information-et-communication\\\/#breadcrumb\"},\"inLanguage\":\"en-US\",\"potentialAction\":[{\"@type\":\"ReadAction\",\"target\":[\"https:\\\/\\\/www.sfsic.org\\\/en\\\/emplois\\\/charge-e-de-cours-a-100-en-information-et-communication\\\/\"]}]},{\"@type\":\"ImageObject\",\"inLanguage\":\"en-US\",\"@id\":\"https:\\\/\\\/www.sfsic.org\\\/en\\\/emplois\\\/charge-e-de-cours-a-100-en-information-et-communication\\\/#primaryimage\",\"url\":\"https:\\\/\\\/www.sfsic.org\\\/wp-inside\\\/uploads\\\/skp-membership\\\/demande_adh\\\/logo-universite-de-namur-320x286.png\",\"contentUrl\":\"https:\\\/\\\/www.sfsic.org\\\/wp-inside\\\/uploads\\\/skp-membership\\\/demande_adh\\\/logo-universite-de-namur-320x286.png\"},{\"@type\":\"BreadcrumbList\",\"@id\":\"https:\\\/\\\/www.sfsic.org\\\/en\\\/emplois\\\/charge-e-de-cours-a-100-en-information-et-communication\\\/#breadcrumb\",\"itemListElement\":[{\"@type\":\"ListItem\",\"position\":1,\"name\":\"Accueil\",\"item\":\"https:\\\/\\\/www.sfsic.org\\\/en\\\/\"},{\"@type\":\"ListItem\",\"position\":2,\"name\":\"Jobs\",\"item\":\"https:\\\/\\\/www.sfsic.org\\\/en\\\/jobs\\\/\"},{\"@type\":\"ListItem\",\"position\":3,\"name\":\"Job\",\"item\":\"https:\\\/\\\/www.sfsic.org\\\/en\\\/jobs\\\/job\\\/\"},{\"@type\":\"ListItem\",\"position\":4,\"name\":\"Charg\u00e9.e de cours \u00e0 100&#160;% en information et communication\"}]},{\"@type\":\"WebSite\",\"@id\":\"https:\\\/\\\/www.sfsic.org\\\/en\\\/#website\",\"url\":\"https:\\\/\\\/www.sfsic.org\\\/en\\\/\",\"name\":\"SFSIC\",\"description\":\"Soci\u00e9t\u00e9 Fran\u00e7aise des Sciences de l&#039;Information &amp; de la Communication\",\"publisher\":{\"@id\":\"https:\\\/\\\/www.sfsic.org\\\/en\\\/#organization\"},\"potentialAction\":[{\"@type\":\"SearchAction\",\"target\":{\"@type\":\"EntryPoint\",\"urlTemplate\":\"https:\\\/\\\/www.sfsic.org\\\/en\\\/?s={search_term_string}\"},\"query-input\":{\"@type\":\"PropertyValueSpecification\",\"valueRequired\":true,\"valueName\":\"search_term_string\"}}],\"inLanguage\":\"en-US\"},{\"@type\":\"Organization\",\"@id\":\"https:\\\/\\\/www.sfsic.org\\\/en\\\/#organization\",\"name\":\"SFSIC\",\"url\":\"https:\\\/\\\/www.sfsic.org\\\/en\\\/\",\"logo\":{\"@type\":\"ImageObject\",\"inLanguage\":\"en-US\",\"@id\":\"https:\\\/\\\/www.sfsic.org\\\/en\\\/#\\\/schema\\\/logo\\\/image\\\/\",\"url\":\"https:\\\/\\\/www.sfsic.org\\\/wp-inside\\\/uploads\\\/2020\\\/05\\\/logo-sfsic.jpg\",\"contentUrl\":\"https:\\\/\\\/www.sfsic.org\\\/wp-inside\\\/uploads\\\/2020\\\/05\\\/logo-sfsic.jpg\",\"width\":1085,\"height\":1080,\"caption\":\"SFSIC\"},\"image\":{\"@id\":\"https:\\\/\\\/www.sfsic.org\\\/en\\\/#\\\/schema\\\/logo\\\/image\\\/\"}},{\"@type\":\"Person\",\"@id\":\"https:\\\/\\\/www.sfsic.org\\\/en\\\/#\\\/schema\\\/person\\\/d3606993477708f4359fb9aeda58df3b\",\"name\":\"Axelle Martin\",\"image\":{\"@type\":\"ImageObject\",\"inLanguage\":\"en-US\",\"@id\":\"https:\\\/\\\/secure.gravatar.com\\\/avatar\\\/1065035eb5e480668fbf77e163c2e86f81ac342eaad4c8783acdf4a63f3c917b?s=96&d=mm&r=g\",\"url\":\"https:\\\/\\\/secure.gravatar.com\\\/avatar\\\/1065035eb5e480668fbf77e163c2e86f81ac342eaad4c8783acdf4a63f3c917b?s=96&d=mm&r=g\",\"contentUrl\":\"https:\\\/\\\/secure.gravatar.com\\\/avatar\\\/1065035eb5e480668fbf77e163c2e86f81ac342eaad4c8783acdf4a63f3c917b?s=96&d=mm&r=g\",\"caption\":\"Axelle Martin\"},\"sameAs\":[\"@antropocominside\"]}]}<\/script>\n<!-- \/ Yoast SEO plugin. -->","yoast_head_json":{"title":"Charg\u00e9.e de cours \u00e0 100% en information et communication","description":"L\u2019Universit\u00e9 de Namur (Belgique) recrute un.e charg\u00e9.e de cours \u00e0 100% en information et communication. L\u2019engagement est pr\u00e9vu au 01\/02\/24 et sera d\u00e9finitif apr\u00e8s une p\u00e9riode d\u2019int\u00e9gration de 3 ans. Le\/la nouveau.elle acad\u00e9mique participera \u00e0 la dynamique de recherche du Namur Digital Institute et aura une charge de cours dans le bachelier en information et communication.","robots":{"index":"index","follow":"follow","max-snippet":"max-snippet:-1","max-image-preview":"max-image-preview:large","max-video-preview":"max-video-preview:-1"},"canonical":"https:\/\/www.sfsic.org\/en\/emplois\/charge-e-de-cours-a-100-en-information-et-communication\/","og_locale":"en_US","og_type":"article","og_title":"Charg\u00e9.e de cours \u00e0 100% en information et communication","og_description":"L\u2019Universit\u00e9 de Namur (Belgique) recrute un.e charg\u00e9.e de cours \u00e0 100% en information et communication. L\u2019engagement est pr\u00e9vu au 01\/02\/24 et sera d\u00e9finitif apr\u00e8s une p\u00e9riode d\u2019int\u00e9gration de 3 ans. Le\/la nouveau.elle acad\u00e9mique participera \u00e0 la dynamique de recherche du Namur Digital Institute et aura une charge de cours dans le bachelier en information et communication.","og_url":"https:\/\/www.sfsic.org\/en\/emplois\/charge-e-de-cours-a-100-en-information-et-communication\/","og_site_name":"SFSIC","article_published_time":"2023-07-15T16:21:36+00:00","article_modified_time":"2023-07-15T16:21:37+00:00","og_image":[{"url":"https:\/\/www.sfsic.org\/wp-inside\/uploads\/skp-membership\/demande_adh\/logo-universite-de-namur-320x286.png","type":"","width":"","height":""}],"author":"Axelle Martin","twitter_card":"summary_large_image","schema":{"@context":"https:\/\/schema.org","@graph":[{"@type":"Article","@id":"https:\/\/www.sfsic.org\/en\/emplois\/charge-e-de-cours-a-100-en-information-et-communication\/#article","isPartOf":{"@id":"https:\/\/www.sfsic.org\/en\/emplois\/charge-e-de-cours-a-100-en-information-et-communication\/"},"author":{"name":"Axelle Martin","@id":"https:\/\/www.sfsic.org\/en\/#\/schema\/person\/d3606993477708f4359fb9aeda58df3b"},"headline":"Charg\u00e9.e de cours \u00e0 100% en information et communication","datePublished":"2023-07-15T16:21:36+00:00","dateModified":"2023-07-15T16:21:37+00:00","mainEntityOfPage":{"@id":"https:\/\/www.sfsic.org\/en\/emplois\/charge-e-de-cours-a-100-en-information-et-communication\/"},"wordCount":1371,"publisher":{"@id":"https:\/\/www.sfsic.org\/en\/#organization"},"image":{"@id":"https:\/\/www.sfsic.org\/en\/emplois\/charge-e-de-cours-a-100-en-information-et-communication\/#primaryimage"},"thumbnailUrl":"https:\/\/www.sfsic.org\/wp-inside\/uploads\/skp-membership\/demande_adh\/logo-universite-de-namur-320x286.png","keywords":["Emploi"],"articleSection":["Emploi","Emplois"],"inLanguage":"en-US"},{"@type":"WebPage","@id":"https:\/\/www.sfsic.org\/en\/emplois\/charge-e-de-cours-a-100-en-information-et-communication\/","url":"https:\/\/www.sfsic.org\/en\/emplois\/charge-e-de-cours-a-100-en-information-et-communication\/","name":"Charg\u00e9.e de cours \u00e0 100% en information et communication","isPartOf":{"@id":"https:\/\/www.sfsic.org\/en\/#website"},"primaryImageOfPage":{"@id":"https:\/\/www.sfsic.org\/en\/emplois\/charge-e-de-cours-a-100-en-information-et-communication\/#primaryimage"},"image":{"@id":"https:\/\/www.sfsic.org\/en\/emplois\/charge-e-de-cours-a-100-en-information-et-communication\/#primaryimage"},"thumbnailUrl":"https:\/\/www.sfsic.org\/wp-inside\/uploads\/skp-membership\/demande_adh\/logo-universite-de-namur-320x286.png","datePublished":"2023-07-15T16:21:36+00:00","dateModified":"2023-07-15T16:21:37+00:00","description":"L\u2019Universit\u00e9 de Namur (Belgique) recrute un.e charg\u00e9.e de cours \u00e0 100% en information et communication. L\u2019engagement est pr\u00e9vu au 01\/02\/24 et sera d\u00e9finitif apr\u00e8s une p\u00e9riode d\u2019int\u00e9gration de 3 ans. Le\/la nouveau.elle acad\u00e9mique participera \u00e0 la dynamique de recherche du Namur Digital Institute et aura une charge de cours dans le bachelier en information et communication.","breadcrumb":{"@id":"https:\/\/www.sfsic.org\/en\/emplois\/charge-e-de-cours-a-100-en-information-et-communication\/#breadcrumb"},"inLanguage":"en-US","potentialAction":[{"@type":"ReadAction","target":["https:\/\/www.sfsic.org\/en\/emplois\/charge-e-de-cours-a-100-en-information-et-communication\/"]}]},{"@type":"ImageObject","inLanguage":"en-US","@id":"https:\/\/www.sfsic.org\/en\/emplois\/charge-e-de-cours-a-100-en-information-et-communication\/#primaryimage","url":"https:\/\/www.sfsic.org\/wp-inside\/uploads\/skp-membership\/demande_adh\/logo-universite-de-namur-320x286.png","contentUrl":"https:\/\/www.sfsic.org\/wp-inside\/uploads\/skp-membership\/demande_adh\/logo-universite-de-namur-320x286.png"},{"@type":"BreadcrumbList","@id":"https:\/\/www.sfsic.org\/en\/emplois\/charge-e-de-cours-a-100-en-information-et-communication\/#breadcrumb","itemListElement":[{"@type":"ListItem","position":1,"name":"Accueil","item":"https:\/\/www.sfsic.org\/en\/"},{"@type":"ListItem","position":2,"name":"Jobs","item":"https:\/\/www.sfsic.org\/en\/jobs\/"},{"@type":"ListItem","position":3,"name":"Job","item":"https:\/\/www.sfsic.org\/en\/jobs\/job\/"},{"@type":"ListItem","position":4,"name":"Charg\u00e9.e de cours \u00e0 100&#160;% en information et communication"}]},{"@type":"WebSite","@id":"https:\/\/www.sfsic.org\/en\/#website","url":"https:\/\/www.sfsic.org\/en\/","name":"SFSIC","description":"Soci\u00e9t\u00e9 Fran\u00e7aise des Sciences de l&#039;Information &amp; de la Communication","publisher":{"@id":"https:\/\/www.sfsic.org\/en\/#organization"},"potentialAction":[{"@type":"SearchAction","target":{"@type":"EntryPoint","urlTemplate":"https:\/\/www.sfsic.org\/en\/?s={search_term_string}"},"query-input":{"@type":"PropertyValueSpecification","valueRequired":true,"valueName":"search_term_string"}}],"inLanguage":"en-US"},{"@type":"Organization","@id":"https:\/\/www.sfsic.org\/en\/#organization","name":"SFSIC","url":"https:\/\/www.sfsic.org\/en\/","logo":{"@type":"ImageObject","inLanguage":"en-US","@id":"https:\/\/www.sfsic.org\/en\/#\/schema\/logo\/image\/","url":"https:\/\/www.sfsic.org\/wp-inside\/uploads\/2020\/05\/logo-sfsic.jpg","contentUrl":"https:\/\/www.sfsic.org\/wp-inside\/uploads\/2020\/05\/logo-sfsic.jpg","width":1085,"height":1080,"caption":"SFSIC"},"image":{"@id":"https:\/\/www.sfsic.org\/en\/#\/schema\/logo\/image\/"}},{"@type":"Person","@id":"https:\/\/www.sfsic.org\/en\/#\/schema\/person\/d3606993477708f4359fb9aeda58df3b","name":"Axelle Martin","image":{"@type":"ImageObject","inLanguage":"en-US","@id":"https:\/\/secure.gravatar.com\/avatar\/1065035eb5e480668fbf77e163c2e86f81ac342eaad4c8783acdf4a63f3c917b?s=96&d=mm&r=g","url":"https:\/\/secure.gravatar.com\/avatar\/1065035eb5e480668fbf77e163c2e86f81ac342eaad4c8783acdf4a63f3c917b?s=96&d=mm&r=g","contentUrl":"https:\/\/secure.gravatar.com\/avatar\/1065035eb5e480668fbf77e163c2e86f81ac342eaad4c8783acdf4a63f3c917b?s=96&d=mm&r=g","caption":"Axelle Martin"},"sameAs":["@antropocominside"]}]}},"_links":{"self":[{"href":"https:\/\/www.sfsic.org\/en\/wp-json\/wp\/v2\/posts\/29263","targetHints":{"allow":["GET"]}}],"collection":[{"href":"https:\/\/www.sfsic.org\/en\/wp-json\/wp\/v2\/posts"}],"about":[{"href":"https:\/\/www.sfsic.org\/en\/wp-json\/wp\/v2\/types\/post"}],"author":[{"embeddable":true,"href":"https:\/\/www.sfsic.org\/en\/wp-json\/wp\/v2\/users\/781"}],"replies":[{"embeddable":true,"href":"https:\/\/www.sfsic.org\/en\/wp-json\/wp\/v2\/comments?post=29263"}],"version-history":[{"count":2,"href":"https:\/\/www.sfsic.org\/en\/wp-json\/wp\/v2\/posts\/29263\/revisions"}],"predecessor-version":[{"id":29267,"href":"https:\/\/www.sfsic.org\/en\/wp-json\/wp\/v2\/posts\/29263\/revisions\/29267"}],"wp:attachment":[{"href":"https:\/\/www.sfsic.org\/en\/wp-json\/wp\/v2\/media?parent=29263"}],"wp:term":[{"taxonomy":"category","embeddable":true,"href":"https:\/\/www.sfsic.org\/en\/wp-json\/wp\/v2\/categories?post=29263"},{"taxonomy":"post_tag","embeddable":true,"href":"https:\/\/www.sfsic.org\/en\/wp-json\/wp\/v2\/tags?post=29263"},{"taxonomy":"thematique","embeddable":true,"href":"https:\/\/www.sfsic.org\/en\/wp-json\/wp\/v2\/thematique?post=29263"},{"taxonomy":"sfsic","embeddable":true,"href":"https:\/\/www.sfsic.org\/en\/wp-json\/wp\/v2\/sfsic?post=29263"}],"curies":[{"name":"wp","href":"https:\/\/api.w.org\/{rel}","templated":true}]}}