{"id":29248,"date":"2023-07-10T16:54:40","date_gmt":"2023-07-10T14:54:40","guid":{"rendered":"https:\/\/www.sfsic.org\/?p=29248"},"modified":"2023-07-10T16:54:42","modified_gmt":"2023-07-10T14:54:42","slug":"avenir-sfsic-2023-2025","status":"publish","type":"post","link":"https:\/\/www.sfsic.org\/en\/edito\/avenir-sfsic-2023-2025\/","title":{"rendered":"Avenir SFSIC 2023-2025"},"content":{"rendered":"<p><!-- fxzn:singledetail --><\/p>\n<div class=\"zone zn-singledetail\" id=\"fxzn-singledetail-1\">\n<div class=\"zone-block zn-singledetail-block alignwide va-top\">\n<div class=\"row\">\n<div class=\"columns large-8 large-push-4\">\n<div class=\"zn-singledetail-metabox\">\n<div class=\"zn-singledetail-pubdate pubdate\">\n\t\t\t\t\t<span class=\"pubdate-txt\">Mis en ligne le<\/span><span class=\"doubledot\"><\/span> <time class=\"pubdate-time\" pubdate datetime=\"2023-07-10T16:53:09+02:00\">10 juillet 2023<\/time>\t\t\t\t<\/div>\n<\/p><\/div>\n<\/p><\/div>\n<\/p><\/div>\n<div class=\"row\">\n<div class=\"columns large-4\">\n<div class=\"zn-singledetail-sidebar bg-cornersquares\">\n<div class=\"zn-singledetail-infos\"><\/div>\n<div class=\"zn-singledetail-contacts\">\n<h3 class=\"zn-singledetail-section-title\">Contacts<\/h3>\n<ul class=\"zn-singledetail-contacts-list\">\n<li class=\"zn-singledetail-contact\">\n\t\t\t\t\t\t\t<span class=\"zn-singledetail-contact-name\">Sylvie Alemanno<\/span><span class=\"doubledot\"><\/span><br \/>\n\t\t\t\t\t\t\t\t\t\t\t\t\t\t<a class=\"zn-singledetail-contact-mail prettylink\" href=\"mailto:presidence@sfsic.org\">presidence@sfsic.org<\/a>\n\t\t\t\t\t\t\t\t\t\t\t\t\t<\/li>\n<\/ul><\/div>\n<\/p><\/div>\n<\/p><\/div>\n<div class=\"columns large-8\">\n<div class=\"zn-singledetail-contentbox\">\n<div class=\"zn-singledetail-annonce wig-content\">\n<p style=\"font-weight: 400;\">Cher-e-s adh\u00e9rent-e-s,<\/p>\n<p style=\"font-weight: 400;\">Je tiens par cet \u00e9ditorial \u00e0 remercier tous les membres du nouveau CA et \u00e0 travers lui l\u2019ensemble d\u2019entre vous, de me confier la pr\u00e9sidence de la SFSIC pour le mandat \u00e0 venir (2023-25). Les projets que je porte s\u2019inscrivent dans la continuit\u00e9 des actions d\u00e9j\u00e0 engag\u00e9es avec succ\u00e8s par mes pr\u00e9d\u00e9cesseurs. Ils s\u2019articulent autour d\u2019une m\u00eame perspective, celle d&rsquo;un renforcement de notre discipline, de sa visibilit\u00e9 m\u00e9diatique et institutionnelle. Avec le bureau \u00e9lu aussi, Vincent Bullich, en tant que secr\u00e9taire g\u00e9n\u00e9ral et Quentin Mazel, en tant que tr\u00e9sorier, nous sommes d\u2019ores et d\u00e9j\u00e0 op\u00e9rationnels et pr\u00e9parons le prochain CA de septembre qui donnera lieu \u00e0 l&rsquo;\u00e9lection des vice-pr\u00e9sident-e-s en charge des diff\u00e9rentes commissions. Vous serez imm\u00e9diatement inform\u00e9s de l\u2019issu de ces votes.<\/p>\n<p style=\"font-weight: 400;\">Collectivement, nous vous invitons \u00e0 consulter r\u00e9guli\u00e8rement notre\u00a0<a href=\"https:\/\/www.sfsic.org\/la-sfsic\/\">site<\/a>\u00a0pour suivre l\u2019activit\u00e9 de notre soci\u00e9t\u00e9 savante et de la discipline qu\u2019elle s\u2019engage \u00e0 soutenir. Au-del\u00e0 de la lecture, n\u2019h\u00e9sitez pas utiliser ce canal pour nous \u00e9crire, pour contribuer, depuis votre espace adh\u00e9rent, \u00e0 la mise en avant des projets que vous portez.<\/p>\n<p style=\"font-weight: 400;\">Par votre adh\u00e9sion, vous participez \u00e0 une dynamique collective d&rsquo;ampleur. Merci pour cet engagement. Merci \u00e9galement de le partager avec votre entourage professionnel\u00a0pour asseoir l&rsquo;identit\u00e9 et le potentiel des SIC. Faites-nous savoir votre opinion et partagez vos id\u00e9es \u00e0 propos et pour la discipline&#160;; vos actions \u00e0 nos c\u00f4t\u00e9s constitue une pierre \u00e0 l\u2019\u00e9difice collectif et sert les int\u00e9r\u00eats de chacun et de tou-te-s.<\/p>\n<p style=\"font-weight: 400;\">A ce propos, je tiens \u00e0 vous rappeler le prochain \u00e9v\u00e8nement important de la SFSIC que sont les\u00a0<a href=\"https:\/\/www.sfsic.org\/aac-evenement\/assises-de-la-sfsic-2023\/\">Assises<\/a>. Vous pouvez proposer une intervention dans ce cadre que nous souhaitons le plus ouvert possible, jusqu\u2019\u00e0 la fin du mois de juillet.<\/p>\n<p style=\"font-weight: 400;\">Je vous souhaite un excellent \u00e9t\u00e9 et vous retrouve \u00e0 la rentr\u00e9e.<\/p>\n<p style=\"font-weight: 400;\">\n<p style=\"font-weight: 400;\">Sylvie Alemanno<\/p>\n<p style=\"font-weight: 400;\">Pr\u00e9sidente de la SFSIC<\/p>\n<\/p><\/div>\n<div class=\"zn-singledetail-keywords\">\n<h3 class=\"zn-singledetail-section-title\">Mots-cl\u00e9s<\/h3>\n<ul class=\"termslist termslist-post_tag\">\n<li class=\"termslist-item termslist-title\"><span class=\"termslist-titletxt\">Mots-cl\u00e9s<\/span><span class=\"doubledot\"><\/span><\/li>\n<li class=\"termslist-item tax-post_tag term-conseil-dadministration\"><a class=\"termslist-itemlink\" href=\"https:\/\/www.sfsic.org\/tag\/conseil-dadministration\/\" title=\"Conseil d'administration\"><span class=\"termslist-itemname\">Conseil d&#8217;administration<\/span><\/a><\/li>\n<li class=\"termslist-item tax-post_tag term-sfsic\"><a class=\"termslist-itemlink\" href=\"https:\/\/www.sfsic.org\/tag\/sfsic\/\" title=\"SFSIC\"><span class=\"termslist-itemname\">SFSIC<\/span><\/a><\/li>\n<\/ul><\/div>\n<\/p><\/div>\n<\/p><\/div>\n<\/p><\/div>\n<\/p><\/div>\n<\/div>\n<p><!-- \/fxzn:singledetail --><\/p>\n","protected":false},"excerpt":{"rendered":"<p>Mis en ligne le 10 juillet 2023 Contacts Sylvie Alemanno presidence@sfsic.org Cher-e-s adh\u00e9rent-e-s, Je tiens par cet \u00e9ditorial \u00e0 remercier tous les membres du nouveau CA et \u00e0 travers lui [&hellip;]<\/p>\n","protected":false},"author":957,"featured_media":0,"comment_status":"closed","ping_status":"closed","sticky":false,"template":"","format":"standard","meta":{"_acf_changed":false,"footnotes":""},"categories":[33],"tags":[154,96],"thematique":[],"sfsic":[26],"class_list":["post-29248","post","type-post","status-publish","format-standard","hentry","category-edito","tag-conseil-dadministration","tag-sfsic","sfsic-actualites","wp-sticky"],"acf":[],"yoast_head":"<!-- This site is optimized with the Yoast SEO plugin v27.4 - https:\/\/yoast.com\/product\/yoast-seo-wordpress\/ -->\n<title>Avenir SFSIC 2023-2025<\/title>\n<meta name=\"description\" content=\"Une nouvelle mandature s&#039;ouvre pour la SFSIC et son CA sous la pr\u00e9sidence de Sylvie Alemanno.\" \/>\n<meta name=\"robots\" content=\"index, follow, max-snippet:-1, max-image-preview:large, max-video-preview:-1\" \/>\n<link rel=\"canonical\" href=\"https:\/\/www.sfsic.org\/en\/edito\/avenir-sfsic-2023-2025\/\" \/>\n<meta property=\"og:locale\" content=\"en_US\" \/>\n<meta property=\"og:type\" content=\"article\" \/>\n<meta property=\"og:title\" content=\"Avenir SFSIC 2023-2025\" \/>\n<meta property=\"og:description\" content=\"Une nouvelle mandature s&#039;ouvre pour la SFSIC et son CA sous la pr\u00e9sidence de Sylvie Alemanno.\" \/>\n<meta property=\"og:url\" content=\"https:\/\/www.sfsic.org\/en\/edito\/avenir-sfsic-2023-2025\/\" \/>\n<meta property=\"og:site_name\" content=\"SFSIC\" \/>\n<meta property=\"article:published_time\" content=\"2023-07-10T14:54:40+00:00\" \/>\n<meta property=\"article:modified_time\" content=\"2023-07-10T14:54:42+00:00\" \/>\n<meta name=\"author\" content=\"Fabien Bonnet\" \/>\n<meta name=\"twitter:card\" content=\"summary_large_image\" \/>\n<script type=\"application\/ld+json\" class=\"yoast-schema-graph\">{\"@context\":\"https:\\\/\\\/schema.org\",\"@graph\":[{\"@type\":\"Article\",\"@id\":\"https:\\\/\\\/www.sfsic.org\\\/en\\\/edito\\\/avenir-sfsic-2023-2025\\\/#article\",\"isPartOf\":{\"@id\":\"https:\\\/\\\/www.sfsic.org\\\/en\\\/edito\\\/avenir-sfsic-2023-2025\\\/\"},\"author\":{\"name\":\"Fabien Bonnet\",\"@id\":\"https:\\\/\\\/www.sfsic.org\\\/en\\\/#\\\/schema\\\/person\\\/9f83573bda33f40c68c7c826e9567df6\"},\"headline\":\"Avenir SFSIC 2023-2025\",\"datePublished\":\"2023-07-10T14:54:40+00:00\",\"dateModified\":\"2023-07-10T14:54:42+00:00\",\"mainEntityOfPage\":{\"@id\":\"https:\\\/\\\/www.sfsic.org\\\/en\\\/edito\\\/avenir-sfsic-2023-2025\\\/\"},\"wordCount\":363,\"publisher\":{\"@id\":\"https:\\\/\\\/www.sfsic.org\\\/en\\\/#organization\"},\"keywords\":[\"Conseil d'administration\",\"SFSIC\"],\"articleSection\":[\"\u00c9ditos\"],\"inLanguage\":\"en-US\"},{\"@type\":\"WebPage\",\"@id\":\"https:\\\/\\\/www.sfsic.org\\\/en\\\/edito\\\/avenir-sfsic-2023-2025\\\/\",\"url\":\"https:\\\/\\\/www.sfsic.org\\\/en\\\/edito\\\/avenir-sfsic-2023-2025\\\/\",\"name\":\"Avenir SFSIC 2023-2025\",\"isPartOf\":{\"@id\":\"https:\\\/\\\/www.sfsic.org\\\/en\\\/#website\"},\"datePublished\":\"2023-07-10T14:54:40+00:00\",\"dateModified\":\"2023-07-10T14:54:42+00:00\",\"description\":\"Une nouvelle mandature s'ouvre pour la SFSIC et son CA sous la pr\u00e9sidence de Sylvie Alemanno.\",\"breadcrumb\":{\"@id\":\"https:\\\/\\\/www.sfsic.org\\\/en\\\/edito\\\/avenir-sfsic-2023-2025\\\/#breadcrumb\"},\"inLanguage\":\"en-US\",\"potentialAction\":[{\"@type\":\"ReadAction\",\"target\":[\"https:\\\/\\\/www.sfsic.org\\\/en\\\/edito\\\/avenir-sfsic-2023-2025\\\/\"]}]},{\"@type\":\"BreadcrumbList\",\"@id\":\"https:\\\/\\\/www.sfsic.org\\\/en\\\/edito\\\/avenir-sfsic-2023-2025\\\/#breadcrumb\",\"itemListElement\":[{\"@type\":\"ListItem\",\"position\":1,\"name\":\"Accueil\",\"item\":\"https:\\\/\\\/www.sfsic.org\\\/en\\\/\"},{\"@type\":\"ListItem\",\"position\":2,\"name\":\"Editorial\",\"item\":\"https:\\\/\\\/www.sfsic.org\\\/en\\\/editorial\\\/\"},{\"@type\":\"ListItem\",\"position\":3,\"name\":\"Avenir SFSIC 2023-2025\"}]},{\"@type\":\"WebSite\",\"@id\":\"https:\\\/\\\/www.sfsic.org\\\/en\\\/#website\",\"url\":\"https:\\\/\\\/www.sfsic.org\\\/en\\\/\",\"name\":\"SFSIC\",\"description\":\"Soci\u00e9t\u00e9 Fran\u00e7aise des Sciences de l&#039;Information &amp; de la Communication\",\"publisher\":{\"@id\":\"https:\\\/\\\/www.sfsic.org\\\/en\\\/#organization\"},\"potentialAction\":[{\"@type\":\"SearchAction\",\"target\":{\"@type\":\"EntryPoint\",\"urlTemplate\":\"https:\\\/\\\/www.sfsic.org\\\/en\\\/?s={search_term_string}\"},\"query-input\":{\"@type\":\"PropertyValueSpecification\",\"valueRequired\":true,\"valueName\":\"search_term_string\"}}],\"inLanguage\":\"en-US\"},{\"@type\":\"Organization\",\"@id\":\"https:\\\/\\\/www.sfsic.org\\\/en\\\/#organization\",\"name\":\"SFSIC\",\"url\":\"https:\\\/\\\/www.sfsic.org\\\/en\\\/\",\"logo\":{\"@type\":\"ImageObject\",\"inLanguage\":\"en-US\",\"@id\":\"https:\\\/\\\/www.sfsic.org\\\/en\\\/#\\\/schema\\\/logo\\\/image\\\/\",\"url\":\"https:\\\/\\\/www.sfsic.org\\\/wp-inside\\\/uploads\\\/2020\\\/05\\\/logo-sfsic.jpg\",\"contentUrl\":\"https:\\\/\\\/www.sfsic.org\\\/wp-inside\\\/uploads\\\/2020\\\/05\\\/logo-sfsic.jpg\",\"width\":1085,\"height\":1080,\"caption\":\"SFSIC\"},\"image\":{\"@id\":\"https:\\\/\\\/www.sfsic.org\\\/en\\\/#\\\/schema\\\/logo\\\/image\\\/\"}},{\"@type\":\"Person\",\"@id\":\"https:\\\/\\\/www.sfsic.org\\\/en\\\/#\\\/schema\\\/person\\\/9f83573bda33f40c68c7c826e9567df6\",\"name\":\"Fabien Bonnet\",\"image\":{\"@type\":\"ImageObject\",\"inLanguage\":\"en-US\",\"@id\":\"https:\\\/\\\/secure.gravatar.com\\\/avatar\\\/88a9288fc13369cb9e30359afa340f8adace82098c18ff09415c6dacd710ddc4?s=96&d=mm&r=g\",\"url\":\"https:\\\/\\\/secure.gravatar.com\\\/avatar\\\/88a9288fc13369cb9e30359afa340f8adace82098c18ff09415c6dacd710ddc4?s=96&d=mm&r=g\",\"contentUrl\":\"https:\\\/\\\/secure.gravatar.com\\\/avatar\\\/88a9288fc13369cb9e30359afa340f8adace82098c18ff09415c6dacd710ddc4?s=96&d=mm&r=g\",\"caption\":\"Fabien Bonnet\"}}]}<\/script>\n<!-- \/ Yoast SEO plugin. -->","yoast_head_json":{"title":"Avenir SFSIC 2023-2025","description":"Une nouvelle mandature s'ouvre pour la SFSIC et son CA sous la pr\u00e9sidence de Sylvie Alemanno.","robots":{"index":"index","follow":"follow","max-snippet":"max-snippet:-1","max-image-preview":"max-image-preview:large","max-video-preview":"max-video-preview:-1"},"canonical":"https:\/\/www.sfsic.org\/en\/edito\/avenir-sfsic-2023-2025\/","og_locale":"en_US","og_type":"article","og_title":"Avenir SFSIC 2023-2025","og_description":"Une nouvelle mandature s'ouvre pour la SFSIC et son CA sous la pr\u00e9sidence de Sylvie Alemanno.","og_url":"https:\/\/www.sfsic.org\/en\/edito\/avenir-sfsic-2023-2025\/","og_site_name":"SFSIC","article_published_time":"2023-07-10T14:54:40+00:00","article_modified_time":"2023-07-10T14:54:42+00:00","author":"Fabien Bonnet","twitter_card":"summary_large_image","schema":{"@context":"https:\/\/schema.org","@graph":[{"@type":"Article","@id":"https:\/\/www.sfsic.org\/en\/edito\/avenir-sfsic-2023-2025\/#article","isPartOf":{"@id":"https:\/\/www.sfsic.org\/en\/edito\/avenir-sfsic-2023-2025\/"},"author":{"name":"Fabien Bonnet","@id":"https:\/\/www.sfsic.org\/en\/#\/schema\/person\/9f83573bda33f40c68c7c826e9567df6"},"headline":"Avenir SFSIC 2023-2025","datePublished":"2023-07-10T14:54:40+00:00","dateModified":"2023-07-10T14:54:42+00:00","mainEntityOfPage":{"@id":"https:\/\/www.sfsic.org\/en\/edito\/avenir-sfsic-2023-2025\/"},"wordCount":363,"publisher":{"@id":"https:\/\/www.sfsic.org\/en\/#organization"},"keywords":["Conseil d'administration","SFSIC"],"articleSection":["\u00c9ditos"],"inLanguage":"en-US"},{"@type":"WebPage","@id":"https:\/\/www.sfsic.org\/en\/edito\/avenir-sfsic-2023-2025\/","url":"https:\/\/www.sfsic.org\/en\/edito\/avenir-sfsic-2023-2025\/","name":"Avenir SFSIC 2023-2025","isPartOf":{"@id":"https:\/\/www.sfsic.org\/en\/#website"},"datePublished":"2023-07-10T14:54:40+00:00","dateModified":"2023-07-10T14:54:42+00:00","description":"Une nouvelle mandature s'ouvre pour la SFSIC et son CA sous la pr\u00e9sidence de Sylvie Alemanno.","breadcrumb":{"@id":"https:\/\/www.sfsic.org\/en\/edito\/avenir-sfsic-2023-2025\/#breadcrumb"},"inLanguage":"en-US","potentialAction":[{"@type":"ReadAction","target":["https:\/\/www.sfsic.org\/en\/edito\/avenir-sfsic-2023-2025\/"]}]},{"@type":"BreadcrumbList","@id":"https:\/\/www.sfsic.org\/en\/edito\/avenir-sfsic-2023-2025\/#breadcrumb","itemListElement":[{"@type":"ListItem","position":1,"name":"Accueil","item":"https:\/\/www.sfsic.org\/en\/"},{"@type":"ListItem","position":2,"name":"Editorial","item":"https:\/\/www.sfsic.org\/en\/editorial\/"},{"@type":"ListItem","position":3,"name":"Avenir SFSIC 2023-2025"}]},{"@type":"WebSite","@id":"https:\/\/www.sfsic.org\/en\/#website","url":"https:\/\/www.sfsic.org\/en\/","name":"SFSIC","description":"Soci\u00e9t\u00e9 Fran\u00e7aise des Sciences de l&#039;Information &amp; de la Communication","publisher":{"@id":"https:\/\/www.sfsic.org\/en\/#organization"},"potentialAction":[{"@type":"SearchAction","target":{"@type":"EntryPoint","urlTemplate":"https:\/\/www.sfsic.org\/en\/?s={search_term_string}"},"query-input":{"@type":"PropertyValueSpecification","valueRequired":true,"valueName":"search_term_string"}}],"inLanguage":"en-US"},{"@type":"Organization","@id":"https:\/\/www.sfsic.org\/en\/#organization","name":"SFSIC","url":"https:\/\/www.sfsic.org\/en\/","logo":{"@type":"ImageObject","inLanguage":"en-US","@id":"https:\/\/www.sfsic.org\/en\/#\/schema\/logo\/image\/","url":"https:\/\/www.sfsic.org\/wp-inside\/uploads\/2020\/05\/logo-sfsic.jpg","contentUrl":"https:\/\/www.sfsic.org\/wp-inside\/uploads\/2020\/05\/logo-sfsic.jpg","width":1085,"height":1080,"caption":"SFSIC"},"image":{"@id":"https:\/\/www.sfsic.org\/en\/#\/schema\/logo\/image\/"}},{"@type":"Person","@id":"https:\/\/www.sfsic.org\/en\/#\/schema\/person\/9f83573bda33f40c68c7c826e9567df6","name":"Fabien Bonnet","image":{"@type":"ImageObject","inLanguage":"en-US","@id":"https:\/\/secure.gravatar.com\/avatar\/88a9288fc13369cb9e30359afa340f8adace82098c18ff09415c6dacd710ddc4?s=96&d=mm&r=g","url":"https:\/\/secure.gravatar.com\/avatar\/88a9288fc13369cb9e30359afa340f8adace82098c18ff09415c6dacd710ddc4?s=96&d=mm&r=g","contentUrl":"https:\/\/secure.gravatar.com\/avatar\/88a9288fc13369cb9e30359afa340f8adace82098c18ff09415c6dacd710ddc4?s=96&d=mm&r=g","caption":"Fabien Bonnet"}}]}},"_links":{"self":[{"href":"https:\/\/www.sfsic.org\/en\/wp-json\/wp\/v2\/posts\/29248","targetHints":{"allow":["GET"]}}],"collection":[{"href":"https:\/\/www.sfsic.org\/en\/wp-json\/wp\/v2\/posts"}],"about":[{"href":"https:\/\/www.sfsic.org\/en\/wp-json\/wp\/v2\/types\/post"}],"author":[{"embeddable":true,"href":"https:\/\/www.sfsic.org\/en\/wp-json\/wp\/v2\/users\/957"}],"replies":[{"embeddable":true,"href":"https:\/\/www.sfsic.org\/en\/wp-json\/wp\/v2\/comments?post=29248"}],"version-history":[{"count":1,"href":"https:\/\/www.sfsic.org\/en\/wp-json\/wp\/v2\/posts\/29248\/revisions"}],"predecessor-version":[{"id":29249,"href":"https:\/\/www.sfsic.org\/en\/wp-json\/wp\/v2\/posts\/29248\/revisions\/29249"}],"wp:attachment":[{"href":"https:\/\/www.sfsic.org\/en\/wp-json\/wp\/v2\/media?parent=29248"}],"wp:term":[{"taxonomy":"category","embeddable":true,"href":"https:\/\/www.sfsic.org\/en\/wp-json\/wp\/v2\/categories?post=29248"},{"taxonomy":"post_tag","embeddable":true,"href":"https:\/\/www.sfsic.org\/en\/wp-json\/wp\/v2\/tags?post=29248"},{"taxonomy":"thematique","embeddable":true,"href":"https:\/\/www.sfsic.org\/en\/wp-json\/wp\/v2\/thematique?post=29248"},{"taxonomy":"sfsic","embeddable":true,"href":"https:\/\/www.sfsic.org\/en\/wp-json\/wp\/v2\/sfsic?post=29248"}],"curies":[{"name":"wp","href":"https:\/\/api.w.org\/{rel}","templated":true}]}}