{"id":29042,"date":"2023-06-15T10:31:06","date_gmt":"2023-06-15T08:31:06","guid":{"rendered":"https:\/\/www.sfsic.org\/?p=29042"},"modified":"2023-06-14T09:31:32","modified_gmt":"2023-06-14T07:31:32","slug":"portraits-de-chercheur-e-s-tres-applique-e-s-entre-recherche-et-entreprenariat-troisieme-portrait","status":"publish","type":"post","link":"https:\/\/www.sfsic.org\/en\/divers\/portraits-de-chercheur-e-s-tres-applique-e-s-entre-recherche-et-entreprenariat-troisieme-portrait\/","title":{"rendered":"Portraits de chercheur.e.s tr\u00e8s appliqu\u00e9.e.s : entre recherche et entreprenariat. Troisi\u00e8me portrait."},"content":{"rendered":"<p><!-- fxzn:singledetail --><\/p>\n<div class=\"zone zn-singledetail\" id=\"fxzn-singledetail-1\">\n<div class=\"zone-block zn-singledetail-block alignwide va-top\">\n<div class=\"row\">\n<div class=\"columns large-8 large-push-4\">\n<div class=\"zn-singledetail-metabox\">\n<div class=\"zn-singledetail-pubdate pubdate\">\n\t\t\t\t\t<span class=\"pubdate-txt\">Mis en ligne le<\/span><span class=\"doubledot\"><\/span> <time class=\"pubdate-time\" pubdate datetime=\"2023-06-12T23:45:13+02:00\">12 juin 2023<\/time>\t\t\t\t<\/div>\n<\/p><\/div>\n<\/p><\/div>\n<\/p><\/div>\n<div class=\"row\">\n<div class=\"columns large-4\">\n<div class=\"zn-singledetail-sidebar bg-cornersquares\">\n<div class=\"zn-singledetail-infos\">\n<p class=\"zn-singledetail-reponse-date\">\n\t\t\t\t\t\t<span>R\u00e9ponse attendue pour le<\/span><span class=\"doubledot\"><\/span> <strong>31\/12\/2023<\/strong>\n\t\t\t\t\t<\/p>\n<\/p><\/div>\n<div class=\"zn-singledetail-contacts\">\n<h3 class=\"zn-singledetail-section-title\">Contacts<\/h3>\n<ul class=\"zn-singledetail-contacts-list\">\n<li class=\"zn-singledetail-contact\">\n\t\t\t\t\t\t\t<span class=\"zn-singledetail-contact-name\">Commission Relations professionnelles<\/span><span class=\"doubledot\"><\/span><br \/>\n\t\t\t\t\t\t\t\t\t\t\t\t\t\t<a class=\"zn-singledetail-contact-mail prettylink\" href=\"mailto:vp-rp@sfsic.org\">vp-rp@sfsic.org<\/a>\n\t\t\t\t\t\t\t\t\t\t\t\t\t<\/li>\n<\/ul><\/div>\n<\/p><\/div>\n<\/p><\/div>\n<div class=\"columns large-8\">\n<div class=\"zn-singledetail-contentbox\">\n<div class=\"zn-singledetail-annonce wig-content\">\n<p>La SFSIC a parmi ses missions de valoriser des projets entrepreneuriaux de doctorant.e.s et chercheur.e.s en Humanit\u00e9s qui diffusent leur savoir au sein des entreprises et des organisations. Dans cette dynamique et \u00e0 l&rsquo;occasion de cette p\u00e9riode de Congr\u00e8s, des \u00e9tudiants du Master 2 recherche de Celsa-Sorbonne Universit\u00e9 vous proposent trois portraits de doctorant.e.s et de chercheur.e.s qui se sont lanc\u00e9s dans l&rsquo;entrepreneuriat&#160;!<\/p>\n<h2>Portrait n\u00b03&#160;:<br \/>\nRencontre avec Cl\u00e9mentine Rubio, docteure en Linguistique et entrepreneure<\/h2>\n<p><img decoding=\"async\" loading=\"lazy\" class=\"wp-image-29043 aligncenter\" src=\"https:\/\/www.sfsic.org\/wp-inside\/uploads\/2023\/06\/portrait-clementine-rubio-2023.jpg\" alt=\"\" width=\"296\" height=\"296\" srcset=\"https:\/\/www.sfsic.org\/wp-inside\/uploads\/2023\/06\/portrait-clementine-rubio-2023.jpg 482w, https:\/\/www.sfsic.org\/wp-inside\/uploads\/2023\/06\/portrait-clementine-rubio-2023-300x300.jpg 300w, https:\/\/www.sfsic.org\/wp-inside\/uploads\/2023\/06\/portrait-clementine-rubio-2023-150x150.jpg 150w, https:\/\/www.sfsic.org\/wp-inside\/uploads\/2023\/06\/portrait-clementine-rubio-2023-320x320.jpg 320w, https:\/\/www.sfsic.org\/wp-inside\/uploads\/2023\/06\/portrait-clementine-rubio-2023-185x185.jpg 185w, https:\/\/www.sfsic.org\/wp-inside\/uploads\/2023\/06\/portrait-clementine-rubio-2023-180x180.jpg 180w, https:\/\/www.sfsic.org\/wp-inside\/uploads\/2023\/06\/portrait-clementine-rubio-2023-65x65.jpg 65w, https:\/\/www.sfsic.org\/wp-inside\/uploads\/2023\/06\/portrait-clementine-rubio-2023-200x200.jpg 200w\" sizes=\"auto, (max-width: 296px) 100vw, 296px\" \/><\/p>\n<div>\n<p class=\"Pardfaut\" align=\"center\">\n<\/div>\n<div>\n<p class=\"Pardfaut\"><b style=\"font-size: inherit;\">Cl\u00e9mentine Rubio, autrice d\u2019une th\u00e8se en Lettres et Linguistique intitul\u00e9e \u00ab&#160;Une langue en mission&#160;: histoire des politiques linguistiques et didactiques fran\u00e7aises en Palestine&#160;\u00bb soutenue en 2018, a fond\u00e9 avec son associ\u00e9e le cabinet de conseil et de formation <span class=\"Aucun\">Agog\u00e9 Conseil<\/span>, qui accompagne depuis 2021 les entreprises et les structures publiques vers l&rsquo;\u00e9galit\u00e9 femmes-hommes. Un parcours de docteure, de militante et d\u2019entrepreneure, \u00e0 la fois cr\u00e9atif et solidement ancr\u00e9 dans la recherche, qu\u2019elle a accept\u00e9 de nous raconter aujourd\u2019hui.<\/b><\/p>\n<\/div>\n<div>\n<p class=\"Pardfaut\">\n<\/div>\n<div>\n<p>&nbsp;<\/p>\n<p class=\"Pardfaut\"><b style=\"font-size: inherit;\">Cl\u00e9mentine, avant d\u2019en venir \u00e0 votre doctorat, pourriez-vous nous expliquer en quelques mots votre parcours universitaire et professionnel&#160;?<\/b><\/p>\n<\/div>\n<div>\n<p class=\"Pardfaut\">\n<\/div>\n<div>\n<p class=\"Pardfaut\"><i>Je dirais que mon parcours de th\u00e8se a \u00e9t\u00e9 initi\u00e9 bien avant le doctorat, en licence. J\u2019ai commenc\u00e9 par une licence d\u2019anglais, que j\u2019ai pu mener partiellement \u00e0 l\u2019\u00e9tranger aux Etats-Unis en tant qu\u2019assistante de fran\u00e7ais. Parall\u00e8lement \u00e0 mes \u00e9tudes, j\u2019ai toujours \u00e9t\u00e9 anim\u00e9e par le militantisme&#160;: j\u2019\u00e9tais engag\u00e9e dans des associations de d\u00e9veloppement international, mais \u00e9galement de lutte contre les discriminations. J\u2019ai donc compl\u00e9t\u00e9 par la suite mon parcours avec une licence professionnelle, suivie d\u2019un volontariat international avec l\u2019ambition d\u2019oeuvrer plut\u00f4t dans des ONG. Ma formation m\u2019a amen\u00e9e \u00e0 travailler sur les relations internationales en Palestine, territoire sur lequel j\u2019animais \u00e9galement des cours de fran\u00e7ais financ\u00e9s par la ville de Cergy. Rapidement, je me suis interrog\u00e9e sur les questions politiques soulev\u00e9es par ces cours de fran\u00e7ais que je dispensais&#160;: pourquoi une ville fran\u00e7aise finan\u00e7ait-elle des cours dans le village palestinien de Saffa&#160;? <\/i><i><\/i><\/p>\n<\/div>\n<div>\n<p class=\"Pardfaut\">\n<\/div>\n<div>\n<p class=\"Pardfaut\"><b>C\u2019est ce qui a fait na\u00eetre votre d\u00e9sir de poursuivre vers la recherche&#160;?<\/b><b><\/b><\/p>\n<\/div>\n<div>\n<p class=\"Pardfaut\"><i>Oui et non. J\u2019ai \u00e9t\u00e9 tr\u00e8s vite int\u00e9ress\u00e9e par les questions politiques et les rapports de dominations, notamment par la langue. Mais professionnellement, j\u2019\u00e9tais toujours dans l\u2019action, et je n\u2019avais pas r\u00e9ellement de temps ni d\u2019espace disponibles pour mes r\u00e9flexions. J\u2019ai donc voulu reprendre mes \u00e9tudes pour suivre un master, et je suis tomb\u00e9e presque par hasard sur un master recherche propos\u00e9 par l\u2019universit\u00e9 de Tours, sans savoir r\u00e9ellement ce qu\u2019\u00e9tait la recherche au d\u00e9part&#160;! Finalement, j\u2019ai int\u00e9gr\u00e9 le master \u00ab&#160;<\/i><i><span lang=\"DE\">Diversit<\/span><\/i><i>\u00e9 linguistique et culturelle&#160;\u00bb, puis j\u2019ai poursuivi en doctorat pour devenir enseignante-chercheuse.<\/i><i><\/i><\/p>\n<\/div>\n<div>\n<p class=\"Pardfaut\">\n<\/div>\n<div>\n<p class=\"Pardfaut\"><b>Comment s\u2019est d\u00e9roul\u00e9 votre doctorat&#160;?<\/b><b><\/b><\/p>\n<\/div>\n<div>\n<p class=\"Pardfaut\"><i>Tr\u00e8s bien&#160;! J\u2019ai obtenu un contrat doctoral de trois ans, qui m\u2019a permis de travailler sur ma th\u00e8se tout en donnant des cours \u00e0 l\u2019universit\u00e9. Je dirais que ce contrat m\u2019a vraiment permis d\u2019envisager le doctorat comme \u00e9tant une exp\u00e9rience professionnelle, une formation au m\u00e9tier de chercheur. Et j\u2019ai par ailleurs vraiment aim\u00e9 l\u2019exp\u00e9rience de l\u2019enseignement. <\/i><i><\/i><\/p>\n<\/div>\n<div>\n<p class=\"Pardfaut\">\n<\/div>\n<div>\n<p class=\"Pardfaut\"><b>Que s\u2019est-il pass\u00e9 ensuite&#160;?<\/b><b><\/b><\/p>\n<\/div>\n<div>\n<p class=\"Pardfaut\"><i>J\u2019ai termin\u00e9 ma th\u00e8se en trois ans et demi, puis j\u2019ai obtenu ma qualification sans difficult\u00e9.\u00a0 J\u2019ai encha\u00een\u00e9 ensuite sur des contrats d\u2019ATER, puis des vacations. Mais ce sont des contrats pr\u00e9caires, et j\u2019avais besoin de stabilit\u00e9, notamment de stabilit\u00e9 financi\u00e8re. J\u2019ai particip\u00e9 \u00e0 deux premi\u00e8res campagnes de recrutement, qui n\u2019ont pas abouti. En Sciences du langage, les postes sont rares et les processus de recrutement peuvent \u00eatre d\u00e9cevants. Du point de vue de la gestion des ressources humaines, l\u2019institution universitaire ne fait selon moi pas toujours le lien entre les comp\u00e9tences des candidats et les attendus r\u00e9els des postes ouverts. Finalement, la troisi\u00e8me ann\u00e9e, un poste correspondait \u00e0 mon profil, mais m\u00eame si j\u2019avais ador\u00e9 l\u2019enseignement et la recherche, je sentais que j\u2019avais envie de poursuivre sur une autre voie. <\/i><i><\/i><\/p>\n<\/div>\n<div>\n<p class=\"Pardfaut\">\n<\/div>\n<div>\n<p class=\"Pardfaut\"><b>C\u2019est \u00e0 ce moment-l\u00e0 que vous avez d\u00e9cid\u00e9 de monter votre entreprise&#160;? <\/b><b><\/b><\/p>\n<\/div>\n<div>\n<p class=\"Pardfaut\"><i>En fait, \u00e7a n\u2019a pas \u00e9t\u00e9 aussi \u00e9vident. Je viens pourtant d\u2019une famille d\u2019entrepreneurs, mais je n\u2019avais jamais envisag\u00e9 cette possibilit\u00e9&#160;! Par hasard, au cours de cette p\u00e9riode, j\u2019ai re\u00e7u un mail au sujet de la professionnalisation des docteurs et l\u2019entreprenariat. J\u2019ai \u00e9t\u00e9 accompagn\u00e9e par la structure P\u00e9pite Centre-Val de Loire, qui m\u2019a form\u00e9e pendant trois mois sur un programme intitul\u00e9 \u00ab&#160;P\u00e9pite Starter&#160;\u00bb. C\u2019\u00e9tait intensif, mais \u00e7a m\u2019a permis d\u2019appr\u00e9hender des notions que je n\u2019avais jamais approch\u00e9es au cours de mon parcours acad\u00e9mique&#160;: construire un plan de communication, un business plan, monter une entreprise. J\u2019ai d\u00e9cid\u00e9 de cr\u00e9er, avec une associ\u00e9e, un cabinet de conseil et de formation femme-homme \u00e0 destination des entreprises et des institutions publiques principalement. <\/i><i><\/i><\/p>\n<\/div>\n<div>\n<p class=\"Pardfaut\">\n<\/div>\n<div>\n<p class=\"Pardfaut\"><b>C\u2019est le cabinet Agog\u00e9 Conseil que vous avez d\u00e9cid\u00e9 de cr\u00e9er&#160;? <\/b><b><\/b><\/p>\n<\/div>\n<div>\n<p class=\"Pardfaut\"><i>Oui, \u00e7a s\u2019est fait assez rapidement. J\u2019ai soutenu ma th\u00e8se en 2018, puis suivi le programme P\u00e9pite de mai \u00e0 juillet 2021. Avec mon associ\u00e9e, nous avons lanc\u00e9 directement notre projet mais nous nous sommes laiss\u00e9es un an pour tester notre march\u00e9 et notre fonctionnement. Apr\u00e8s un an en ind\u00e9pendantes, nous avons cr\u00e9\u00e9 la soci\u00e9t\u00e9 en juillet 2022&#160;; elle va f\u00eater tr\u00e8s bient\u00f4t sa premi\u00e8re ann\u00e9e en SARL.<\/i><i><\/i><\/p>\n<\/div>\n<div>\n<p class=\"Pardfaut\">\n<\/div>\n<div>\n<p class=\"Pardfaut\"><b>Qui sont vos clients&#160;? <\/b><b><\/b><\/p>\n<\/div>\n<div>\n<p class=\"Pardfaut\"><i>L\u2019ironie, c\u2019est que notre premier client \u00e9tait l\u2019universit\u00e9 de Tours&#160;! Mais j\u2019ai beaucoup aim\u00e9 cette exp\u00e9rience. Ma connaissance de l\u2019universit\u00e9 m\u2019a ind\u00e9niablement aid\u00e9e \u00e0 proposer des formations adapt\u00e9es pour les correspondant<\/i><i>\u00b7<\/i><i>e<\/i><i>\u00b7<\/i><i>s \u00e9galit\u00e9 de l\u2019universit\u00e9. Aujourd\u2019hui, nous avons des clients tr\u00e8s vari\u00e9s&#160;: des structures culturelles, des mairies, des universit\u00e9s,\u00a0\u00a0 des minist\u00e8res, et m\u00eame la police \u00e0 Chartres et \u00e0 Tours. Nous intervenons \u00e9galement pour des entreprises qui doivent \u00e9laborer leur plan \u00e9galit\u00e9, et pour la pr\u00e9vention des violences sexistes et sexuelles.<\/i><i><\/i><\/p>\n<\/div>\n<div>\n<p class=\"Pardfaut\">\n<\/div>\n<div>\n<p class=\"Pardfaut\"><b>Y a-t-il des liens entre celle que vous \u00e9tiez en tant qu\u2019enseignante-chercheuse et l\u2019entrepreneure que vous \u00eates aujourd\u2019hui&#160;?<\/b><b><\/b><\/p>\n<\/div>\n<div>\n<p class=\"Pardfaut\"><i>Bien s\u00fbr, il y a une r\u00e9elle continuit\u00e9 entre mon parcours acad\u00e9mique et mon parcours entrepreneurial. Je suis toujours anim\u00e9e par les questions politiques et les rapports de domination et de pouvoir, mais aujourd\u2019hui j\u2019ai r\u00e9ussi \u00e0 concilier mon engagement militant et ma volont\u00e9 de travailler au quotidien \u00e0 plus d\u2019\u00e9galit\u00e9 tout en ayant le sentiment d\u2019avoir un impact plus important et plus politique. En termes de comp\u00e9tences, je dirais que le doctorat et l\u2019entreprenariat sont tr\u00e8s proches&#160;: ils requi\u00e8rent tous deux une grande ind\u00e9pendance et une autonomie en mati\u00e8re de gestion de projet, de temps, d\u2019organisation. Aujourd\u2019hui quand on me demande d\u2019organiser une conf\u00e9rence, je reste dans la continuit\u00e9 de mes comp\u00e9tences de recherche&#160;! Savoir-faire une veille, faire preuve d\u2019esprit de synth\u00e8se, probl\u00e9matiser, prendre la parole en public, animer des tables rondes. Mon doctorat m<\/i><i><span dir=\"RTL\" lang=\"AR-SA\">\u2019<\/span><\/i><i><span lang=\"IT\">a apport<\/span><\/i><i>\u00e9 des savoir-faire ind\u00e9niables sur tous ces points. <\/i><i><\/i><\/p>\n<\/div>\n<div>\n<p class=\"Pardfaut\"><i>Et bien entendu, mon travail consiste \u00e0 former des adultes comme je formais avant des \u00e9tudiants en master. Je travaille dans un cadre plus souple, et plus libre que celui de l\u2019institution, en revanche ,la charge de travail est \u00e9norme et ne s\u2019arr\u00eate jamais. C\u2019est le jeu de l\u2019entreprenariat&#160;!<\/i><i><\/i><\/p>\n<\/div>\n<div>\n<p class=\"Pardfaut\">\n<\/div>\n<div>\n<p class=\"Pardfaut\"><b>Comment r\u00e9ussissez-vous \u00e0 int\u00e9grer la recherche dans vos pratiques professionnelles quotidiennes&#160;? <\/b><b><\/b><\/p>\n<\/div>\n<div>\n<p class=\"Pardfaut\"><i>Dans mes missions, du conseil \u00e0 la formation, j\u2019ai un vrai de travail de recherche \u00e0 faire, du diagnostic \u00e0 l\u2019\u00e9laboration d\u2019un plan \u00e9galit\u00e9, \u00e0 la personnalisation des formations que j\u2019anime. Et au quotidien, nous tenons avec mon associ\u00e9e \u00e0 une forme de r\u00e9flexivit\u00e9. Nous interrogeons perp\u00e9tuellement nos pratiques. Avec nos cons\u0153urs, nous entretenons une sororit\u00e9 r\u00e9elle. On organise des s\u00e9minaires, on se voit pour \u00e9changer, on laisse beaucoup d\u2019espaces de r\u00e9flexion pour avancer ensemble en partenariat. M\u00eame si c\u2019est assez r\u00e9cent, on d\u00e9fend une vision f\u00e9ministe de l\u2019entreprenariat&#160;: certes, il faut des clients pour perdurer, mais on veut le faire diff\u00e9remment, loin d\u2019une concurrence acharn\u00e9e qui serait selon moi trop proche des \u00ab&#160;codes masculins&#160;\u00bb de l\u2019entreprenariat traditionnel. Jusqu\u2019ici, \u00e7a fonctionne tr\u00e8s bien et c\u2019est encourageant et agr\u00e9able.<\/i><i><\/i><\/p>\n<\/div>\n<div>\n<p class=\"Pardfaut\">\n<\/div>\n<div>\n<p class=\"Pardfaut\"><b>Un dernier mot pour les doctorant<\/b><b>\u00b7<\/b><b>e<\/b><b>\u00b7<\/b><b>s et les docteur<\/b><b>\u00b7<\/b><b>e<\/b><b>\u00b7<\/b><b>s qui vous lisent&#160;?<\/b><b><\/b><\/p>\n<\/div>\n<div>\n<p class=\"Pardfaut\"><i>Osez&#160;! Vous avez des comp\u00e9tences qui vous permettent de faire \u00e9norm\u00e9ment de choses avec un doctorat, toutes les voies vous sont ouvertes, il faut construire votre propre chemin. <\/i><i><\/i><\/p>\n<\/div>\n<div>\n<p class=\"Pardfaut\">\n<\/div>\n<p style=\"text-align: right;\">Portraits par Lucille Lamache, C\u00e9lia Banos, Ambre Ampe et Clara Scotto,<br \/>\n\u00e9tudiantes en M2 Recherche, Celsa-Sorbonne<\/p>\n<\/p><\/div>\n<div class=\"zn-singledetail-keywords\">\n<h3 class=\"zn-singledetail-section-title\">Mots-cl\u00e9s<\/h3>\n<ul class=\"termslist termslist-post_tag\">\n<li class=\"termslist-item termslist-title\"><span class=\"termslist-titletxt\">Mots-cl\u00e9s<\/span><span class=\"doubledot\"><\/span><\/li>\n<li class=\"termslist-item tax-post_tag term-entrepreunariat\"><a class=\"termslist-itemlink\" href=\"https:\/\/www.sfsic.org\/en\/tag\/entrepreunariat\/\" title=\"Entrepreunariat\"><span class=\"termslist-itemname\">Entrepreunariat<\/span><\/a><\/li>\n<li class=\"termslist-item tax-post_tag term-jeunes-chercheurs\"><a class=\"termslist-itemlink\" href=\"https:\/\/www.sfsic.org\/en\/tag\/jeunes-chercheurs\/\" title=\"Jeunes chercheurs\"><span class=\"termslist-itemname\">Jeunes chercheurs<\/span><\/a><\/li>\n<\/ul><\/div>\n<\/p><\/div>\n<\/p><\/div>\n<\/p><\/div>\n<\/p><\/div>\n<\/div>\n<p><!-- \/fxzn:singledetail --><\/p>\n","protected":false},"excerpt":{"rendered":"<p>Mis en ligne le 12 juin 2023 R\u00e9ponse attendue pour le 31\/12\/2023 Contacts Commission Relations professionnelles vp-rp@sfsic.org La SFSIC a parmi ses missions de valoriser des projets entrepreneuriaux de doctorant.e.s [&hellip;]<\/p>\n","protected":false},"author":957,"featured_media":0,"comment_status":"closed","ping_status":"closed","sticky":false,"template":"","format":"standard","meta":{"_acf_changed":false,"footnotes":""},"categories":[56],"tags":[594,810],"thematique":[],"sfsic":[],"class_list":["post-29042","post","type-post","status-publish","format-standard","hentry","category-divers","tag-entrepreunariat","tag-jeunes-chercheurs","wp-sticky"],"acf":[],"yoast_head":"<!-- This site is optimized with the Yoast SEO plugin v27.4 - https:\/\/yoast.com\/product\/yoast-seo-wordpress\/ -->\n<title>Portraits de chercheur.e.s tr\u00e8s appliqu\u00e9.e.s : entre recherche et entreprenariat. Troisi\u00e8me portrait.<\/title>\n<meta name=\"description\" content=\"A l&#039;occasion de ce Congr\u00e8s, des \u00e9tudiants du M2 Recherche de Celsa-Sorbonne Universit\u00e9 vous proposent trois portraits de doctorant.e.s et de chercheur.e.s qui se sont lanc\u00e9s dans l&#039;entrepreneuriat\" \/>\n<meta name=\"robots\" content=\"index, follow, max-snippet:-1, max-image-preview:large, max-video-preview:-1\" \/>\n<link rel=\"canonical\" href=\"https:\/\/www.sfsic.org\/en\/divers\/portraits-de-chercheur-e-s-tres-applique-e-s-entre-recherche-et-entreprenariat-troisieme-portrait\/\" \/>\n<meta property=\"og:locale\" content=\"en_US\" \/>\n<meta property=\"og:type\" content=\"article\" \/>\n<meta property=\"og:title\" content=\"Portraits de chercheur.e.s tr\u00e8s appliqu\u00e9.e.s : entre recherche et entreprenariat. Troisi\u00e8me portrait.\" \/>\n<meta property=\"og:description\" content=\"A l&#039;occasion de ce Congr\u00e8s, des \u00e9tudiants du M2 Recherche de Celsa-Sorbonne Universit\u00e9 vous proposent trois portraits de doctorant.e.s et de chercheur.e.s qui se sont lanc\u00e9s dans l&#039;entrepreneuriat\" \/>\n<meta property=\"og:url\" content=\"https:\/\/www.sfsic.org\/en\/divers\/portraits-de-chercheur-e-s-tres-applique-e-s-entre-recherche-et-entreprenariat-troisieme-portrait\/\" \/>\n<meta property=\"og:site_name\" content=\"SFSIC\" \/>\n<meta property=\"article:published_time\" content=\"2023-06-15T08:31:06+00:00\" \/>\n<meta property=\"og:image\" content=\"https:\/\/www.sfsic.org\/wp-inside\/uploads\/2023\/06\/portrait-clementine-rubio-2023.jpg\" \/>\n<meta name=\"author\" content=\"Fabien Bonnet\" \/>\n<meta name=\"twitter:card\" content=\"summary_large_image\" \/>\n<script type=\"application\/ld+json\" class=\"yoast-schema-graph\">{\"@context\":\"https:\\\/\\\/schema.org\",\"@graph\":[{\"@type\":\"Article\",\"@id\":\"https:\\\/\\\/www.sfsic.org\\\/en\\\/divers\\\/portraits-de-chercheur-e-s-tres-applique-e-s-entre-recherche-et-entreprenariat-troisieme-portrait\\\/#article\",\"isPartOf\":{\"@id\":\"https:\\\/\\\/www.sfsic.org\\\/en\\\/divers\\\/portraits-de-chercheur-e-s-tres-applique-e-s-entre-recherche-et-entreprenariat-troisieme-portrait\\\/\"},\"author\":{\"name\":\"Fabien Bonnet\",\"@id\":\"https:\\\/\\\/www.sfsic.org\\\/en\\\/#\\\/schema\\\/person\\\/9f83573bda33f40c68c7c826e9567df6\"},\"headline\":\"Portraits de chercheur.e.s tr\u00e8s appliqu\u00e9.e.s : entre recherche et entreprenariat. Troisi\u00e8me portrait.\",\"datePublished\":\"2023-06-15T08:31:06+00:00\",\"mainEntityOfPage\":{\"@id\":\"https:\\\/\\\/www.sfsic.org\\\/en\\\/divers\\\/portraits-de-chercheur-e-s-tres-applique-e-s-entre-recherche-et-entreprenariat-troisieme-portrait\\\/\"},\"wordCount\":1577,\"publisher\":{\"@id\":\"https:\\\/\\\/www.sfsic.org\\\/en\\\/#organization\"},\"image\":{\"@id\":\"https:\\\/\\\/www.sfsic.org\\\/en\\\/divers\\\/portraits-de-chercheur-e-s-tres-applique-e-s-entre-recherche-et-entreprenariat-troisieme-portrait\\\/#primaryimage\"},\"thumbnailUrl\":\"https:\\\/\\\/www.sfsic.org\\\/wp-inside\\\/uploads\\\/2023\\\/06\\\/portrait-clementine-rubio-2023.jpg\",\"keywords\":[\"Entrepreunariat\",\"Jeunes chercheurs\"],\"articleSection\":[\"Divers\"],\"inLanguage\":\"en-US\"},{\"@type\":\"WebPage\",\"@id\":\"https:\\\/\\\/www.sfsic.org\\\/en\\\/divers\\\/portraits-de-chercheur-e-s-tres-applique-e-s-entre-recherche-et-entreprenariat-troisieme-portrait\\\/\",\"url\":\"https:\\\/\\\/www.sfsic.org\\\/en\\\/divers\\\/portraits-de-chercheur-e-s-tres-applique-e-s-entre-recherche-et-entreprenariat-troisieme-portrait\\\/\",\"name\":\"Portraits de chercheur.e.s tr\u00e8s appliqu\u00e9.e.s : entre recherche et entreprenariat. Troisi\u00e8me portrait.\",\"isPartOf\":{\"@id\":\"https:\\\/\\\/www.sfsic.org\\\/en\\\/#website\"},\"primaryImageOfPage\":{\"@id\":\"https:\\\/\\\/www.sfsic.org\\\/en\\\/divers\\\/portraits-de-chercheur-e-s-tres-applique-e-s-entre-recherche-et-entreprenariat-troisieme-portrait\\\/#primaryimage\"},\"image\":{\"@id\":\"https:\\\/\\\/www.sfsic.org\\\/en\\\/divers\\\/portraits-de-chercheur-e-s-tres-applique-e-s-entre-recherche-et-entreprenariat-troisieme-portrait\\\/#primaryimage\"},\"thumbnailUrl\":\"https:\\\/\\\/www.sfsic.org\\\/wp-inside\\\/uploads\\\/2023\\\/06\\\/portrait-clementine-rubio-2023.jpg\",\"datePublished\":\"2023-06-15T08:31:06+00:00\",\"description\":\"A l'occasion de ce Congr\u00e8s, des \u00e9tudiants du M2 Recherche de Celsa-Sorbonne Universit\u00e9 vous proposent trois portraits de doctorant.e.s et de chercheur.e.s qui se sont lanc\u00e9s dans l'entrepreneuriat\",\"breadcrumb\":{\"@id\":\"https:\\\/\\\/www.sfsic.org\\\/en\\\/divers\\\/portraits-de-chercheur-e-s-tres-applique-e-s-entre-recherche-et-entreprenariat-troisieme-portrait\\\/#breadcrumb\"},\"inLanguage\":\"en-US\",\"potentialAction\":[{\"@type\":\"ReadAction\",\"target\":[\"https:\\\/\\\/www.sfsic.org\\\/en\\\/divers\\\/portraits-de-chercheur-e-s-tres-applique-e-s-entre-recherche-et-entreprenariat-troisieme-portrait\\\/\"]}]},{\"@type\":\"ImageObject\",\"inLanguage\":\"en-US\",\"@id\":\"https:\\\/\\\/www.sfsic.org\\\/en\\\/divers\\\/portraits-de-chercheur-e-s-tres-applique-e-s-entre-recherche-et-entreprenariat-troisieme-portrait\\\/#primaryimage\",\"url\":\"https:\\\/\\\/www.sfsic.org\\\/wp-inside\\\/uploads\\\/2023\\\/06\\\/portrait-clementine-rubio-2023.jpg\",\"contentUrl\":\"https:\\\/\\\/www.sfsic.org\\\/wp-inside\\\/uploads\\\/2023\\\/06\\\/portrait-clementine-rubio-2023.jpg\"},{\"@type\":\"BreadcrumbList\",\"@id\":\"https:\\\/\\\/www.sfsic.org\\\/en\\\/divers\\\/portraits-de-chercheur-e-s-tres-applique-e-s-entre-recherche-et-entreprenariat-troisieme-portrait\\\/#breadcrumb\",\"itemListElement\":[{\"@type\":\"ListItem\",\"position\":1,\"name\":\"Accueil\",\"item\":\"https:\\\/\\\/www.sfsic.org\\\/en\\\/\"},{\"@type\":\"ListItem\",\"position\":2,\"name\":\"Miscellaneous\",\"item\":\"https:\\\/\\\/www.sfsic.org\\\/en\\\/miscellaneous\\\/\"},{\"@type\":\"ListItem\",\"position\":3,\"name\":\"Portraits de chercheur.e.s tr\u00e8s appliqu\u00e9.e.s&#160;: entre recherche et entreprenariat. Troisi\u00e8me portrait.\"}]},{\"@type\":\"WebSite\",\"@id\":\"https:\\\/\\\/www.sfsic.org\\\/en\\\/#website\",\"url\":\"https:\\\/\\\/www.sfsic.org\\\/en\\\/\",\"name\":\"SFSIC\",\"description\":\"Soci\u00e9t\u00e9 Fran\u00e7aise des Sciences de l&#039;Information &amp; de la Communication\",\"publisher\":{\"@id\":\"https:\\\/\\\/www.sfsic.org\\\/en\\\/#organization\"},\"potentialAction\":[{\"@type\":\"SearchAction\",\"target\":{\"@type\":\"EntryPoint\",\"urlTemplate\":\"https:\\\/\\\/www.sfsic.org\\\/en\\\/?s={search_term_string}\"},\"query-input\":{\"@type\":\"PropertyValueSpecification\",\"valueRequired\":true,\"valueName\":\"search_term_string\"}}],\"inLanguage\":\"en-US\"},{\"@type\":\"Organization\",\"@id\":\"https:\\\/\\\/www.sfsic.org\\\/en\\\/#organization\",\"name\":\"SFSIC\",\"url\":\"https:\\\/\\\/www.sfsic.org\\\/en\\\/\",\"logo\":{\"@type\":\"ImageObject\",\"inLanguage\":\"en-US\",\"@id\":\"https:\\\/\\\/www.sfsic.org\\\/en\\\/#\\\/schema\\\/logo\\\/image\\\/\",\"url\":\"https:\\\/\\\/www.sfsic.org\\\/wp-inside\\\/uploads\\\/2020\\\/05\\\/logo-sfsic.jpg\",\"contentUrl\":\"https:\\\/\\\/www.sfsic.org\\\/wp-inside\\\/uploads\\\/2020\\\/05\\\/logo-sfsic.jpg\",\"width\":1085,\"height\":1080,\"caption\":\"SFSIC\"},\"image\":{\"@id\":\"https:\\\/\\\/www.sfsic.org\\\/en\\\/#\\\/schema\\\/logo\\\/image\\\/\"}},{\"@type\":\"Person\",\"@id\":\"https:\\\/\\\/www.sfsic.org\\\/en\\\/#\\\/schema\\\/person\\\/9f83573bda33f40c68c7c826e9567df6\",\"name\":\"Fabien Bonnet\",\"image\":{\"@type\":\"ImageObject\",\"inLanguage\":\"en-US\",\"@id\":\"https:\\\/\\\/secure.gravatar.com\\\/avatar\\\/88a9288fc13369cb9e30359afa340f8adace82098c18ff09415c6dacd710ddc4?s=96&d=mm&r=g\",\"url\":\"https:\\\/\\\/secure.gravatar.com\\\/avatar\\\/88a9288fc13369cb9e30359afa340f8adace82098c18ff09415c6dacd710ddc4?s=96&d=mm&r=g\",\"contentUrl\":\"https:\\\/\\\/secure.gravatar.com\\\/avatar\\\/88a9288fc13369cb9e30359afa340f8adace82098c18ff09415c6dacd710ddc4?s=96&d=mm&r=g\",\"caption\":\"Fabien Bonnet\"}}]}<\/script>\n<!-- \/ Yoast SEO plugin. -->","yoast_head_json":{"title":"Portraits de chercheur.e.s tr\u00e8s appliqu\u00e9.e.s : entre recherche et entreprenariat. Troisi\u00e8me portrait.","description":"A l'occasion de ce Congr\u00e8s, des \u00e9tudiants du M2 Recherche de Celsa-Sorbonne Universit\u00e9 vous proposent trois portraits de doctorant.e.s et de chercheur.e.s qui se sont lanc\u00e9s dans l'entrepreneuriat","robots":{"index":"index","follow":"follow","max-snippet":"max-snippet:-1","max-image-preview":"max-image-preview:large","max-video-preview":"max-video-preview:-1"},"canonical":"https:\/\/www.sfsic.org\/en\/divers\/portraits-de-chercheur-e-s-tres-applique-e-s-entre-recherche-et-entreprenariat-troisieme-portrait\/","og_locale":"en_US","og_type":"article","og_title":"Portraits de chercheur.e.s tr\u00e8s appliqu\u00e9.e.s : entre recherche et entreprenariat. Troisi\u00e8me portrait.","og_description":"A l'occasion de ce Congr\u00e8s, des \u00e9tudiants du M2 Recherche de Celsa-Sorbonne Universit\u00e9 vous proposent trois portraits de doctorant.e.s et de chercheur.e.s qui se sont lanc\u00e9s dans l'entrepreneuriat","og_url":"https:\/\/www.sfsic.org\/en\/divers\/portraits-de-chercheur-e-s-tres-applique-e-s-entre-recherche-et-entreprenariat-troisieme-portrait\/","og_site_name":"SFSIC","article_published_time":"2023-06-15T08:31:06+00:00","og_image":[{"url":"https:\/\/www.sfsic.org\/wp-inside\/uploads\/2023\/06\/portrait-clementine-rubio-2023.jpg","type":"","width":"","height":""}],"author":"Fabien Bonnet","twitter_card":"summary_large_image","schema":{"@context":"https:\/\/schema.org","@graph":[{"@type":"Article","@id":"https:\/\/www.sfsic.org\/en\/divers\/portraits-de-chercheur-e-s-tres-applique-e-s-entre-recherche-et-entreprenariat-troisieme-portrait\/#article","isPartOf":{"@id":"https:\/\/www.sfsic.org\/en\/divers\/portraits-de-chercheur-e-s-tres-applique-e-s-entre-recherche-et-entreprenariat-troisieme-portrait\/"},"author":{"name":"Fabien Bonnet","@id":"https:\/\/www.sfsic.org\/en\/#\/schema\/person\/9f83573bda33f40c68c7c826e9567df6"},"headline":"Portraits de chercheur.e.s tr\u00e8s appliqu\u00e9.e.s : entre recherche et entreprenariat. Troisi\u00e8me portrait.","datePublished":"2023-06-15T08:31:06+00:00","mainEntityOfPage":{"@id":"https:\/\/www.sfsic.org\/en\/divers\/portraits-de-chercheur-e-s-tres-applique-e-s-entre-recherche-et-entreprenariat-troisieme-portrait\/"},"wordCount":1577,"publisher":{"@id":"https:\/\/www.sfsic.org\/en\/#organization"},"image":{"@id":"https:\/\/www.sfsic.org\/en\/divers\/portraits-de-chercheur-e-s-tres-applique-e-s-entre-recherche-et-entreprenariat-troisieme-portrait\/#primaryimage"},"thumbnailUrl":"https:\/\/www.sfsic.org\/wp-inside\/uploads\/2023\/06\/portrait-clementine-rubio-2023.jpg","keywords":["Entrepreunariat","Jeunes chercheurs"],"articleSection":["Divers"],"inLanguage":"en-US"},{"@type":"WebPage","@id":"https:\/\/www.sfsic.org\/en\/divers\/portraits-de-chercheur-e-s-tres-applique-e-s-entre-recherche-et-entreprenariat-troisieme-portrait\/","url":"https:\/\/www.sfsic.org\/en\/divers\/portraits-de-chercheur-e-s-tres-applique-e-s-entre-recherche-et-entreprenariat-troisieme-portrait\/","name":"Portraits de chercheur.e.s tr\u00e8s appliqu\u00e9.e.s : entre recherche et entreprenariat. Troisi\u00e8me portrait.","isPartOf":{"@id":"https:\/\/www.sfsic.org\/en\/#website"},"primaryImageOfPage":{"@id":"https:\/\/www.sfsic.org\/en\/divers\/portraits-de-chercheur-e-s-tres-applique-e-s-entre-recherche-et-entreprenariat-troisieme-portrait\/#primaryimage"},"image":{"@id":"https:\/\/www.sfsic.org\/en\/divers\/portraits-de-chercheur-e-s-tres-applique-e-s-entre-recherche-et-entreprenariat-troisieme-portrait\/#primaryimage"},"thumbnailUrl":"https:\/\/www.sfsic.org\/wp-inside\/uploads\/2023\/06\/portrait-clementine-rubio-2023.jpg","datePublished":"2023-06-15T08:31:06+00:00","description":"A l'occasion de ce Congr\u00e8s, des \u00e9tudiants du M2 Recherche de Celsa-Sorbonne Universit\u00e9 vous proposent trois portraits de doctorant.e.s et de chercheur.e.s qui se sont lanc\u00e9s dans l'entrepreneuriat","breadcrumb":{"@id":"https:\/\/www.sfsic.org\/en\/divers\/portraits-de-chercheur-e-s-tres-applique-e-s-entre-recherche-et-entreprenariat-troisieme-portrait\/#breadcrumb"},"inLanguage":"en-US","potentialAction":[{"@type":"ReadAction","target":["https:\/\/www.sfsic.org\/en\/divers\/portraits-de-chercheur-e-s-tres-applique-e-s-entre-recherche-et-entreprenariat-troisieme-portrait\/"]}]},{"@type":"ImageObject","inLanguage":"en-US","@id":"https:\/\/www.sfsic.org\/en\/divers\/portraits-de-chercheur-e-s-tres-applique-e-s-entre-recherche-et-entreprenariat-troisieme-portrait\/#primaryimage","url":"https:\/\/www.sfsic.org\/wp-inside\/uploads\/2023\/06\/portrait-clementine-rubio-2023.jpg","contentUrl":"https:\/\/www.sfsic.org\/wp-inside\/uploads\/2023\/06\/portrait-clementine-rubio-2023.jpg"},{"@type":"BreadcrumbList","@id":"https:\/\/www.sfsic.org\/en\/divers\/portraits-de-chercheur-e-s-tres-applique-e-s-entre-recherche-et-entreprenariat-troisieme-portrait\/#breadcrumb","itemListElement":[{"@type":"ListItem","position":1,"name":"Accueil","item":"https:\/\/www.sfsic.org\/en\/"},{"@type":"ListItem","position":2,"name":"Miscellaneous","item":"https:\/\/www.sfsic.org\/en\/miscellaneous\/"},{"@type":"ListItem","position":3,"name":"Portraits de chercheur.e.s tr\u00e8s appliqu\u00e9.e.s&#160;: entre recherche et entreprenariat. Troisi\u00e8me portrait."}]},{"@type":"WebSite","@id":"https:\/\/www.sfsic.org\/en\/#website","url":"https:\/\/www.sfsic.org\/en\/","name":"SFSIC","description":"Soci\u00e9t\u00e9 Fran\u00e7aise des Sciences de l&#039;Information &amp; de la Communication","publisher":{"@id":"https:\/\/www.sfsic.org\/en\/#organization"},"potentialAction":[{"@type":"SearchAction","target":{"@type":"EntryPoint","urlTemplate":"https:\/\/www.sfsic.org\/en\/?s={search_term_string}"},"query-input":{"@type":"PropertyValueSpecification","valueRequired":true,"valueName":"search_term_string"}}],"inLanguage":"en-US"},{"@type":"Organization","@id":"https:\/\/www.sfsic.org\/en\/#organization","name":"SFSIC","url":"https:\/\/www.sfsic.org\/en\/","logo":{"@type":"ImageObject","inLanguage":"en-US","@id":"https:\/\/www.sfsic.org\/en\/#\/schema\/logo\/image\/","url":"https:\/\/www.sfsic.org\/wp-inside\/uploads\/2020\/05\/logo-sfsic.jpg","contentUrl":"https:\/\/www.sfsic.org\/wp-inside\/uploads\/2020\/05\/logo-sfsic.jpg","width":1085,"height":1080,"caption":"SFSIC"},"image":{"@id":"https:\/\/www.sfsic.org\/en\/#\/schema\/logo\/image\/"}},{"@type":"Person","@id":"https:\/\/www.sfsic.org\/en\/#\/schema\/person\/9f83573bda33f40c68c7c826e9567df6","name":"Fabien Bonnet","image":{"@type":"ImageObject","inLanguage":"en-US","@id":"https:\/\/secure.gravatar.com\/avatar\/88a9288fc13369cb9e30359afa340f8adace82098c18ff09415c6dacd710ddc4?s=96&d=mm&r=g","url":"https:\/\/secure.gravatar.com\/avatar\/88a9288fc13369cb9e30359afa340f8adace82098c18ff09415c6dacd710ddc4?s=96&d=mm&r=g","contentUrl":"https:\/\/secure.gravatar.com\/avatar\/88a9288fc13369cb9e30359afa340f8adace82098c18ff09415c6dacd710ddc4?s=96&d=mm&r=g","caption":"Fabien Bonnet"}}]}},"_links":{"self":[{"href":"https:\/\/www.sfsic.org\/en\/wp-json\/wp\/v2\/posts\/29042","targetHints":{"allow":["GET"]}}],"collection":[{"href":"https:\/\/www.sfsic.org\/en\/wp-json\/wp\/v2\/posts"}],"about":[{"href":"https:\/\/www.sfsic.org\/en\/wp-json\/wp\/v2\/types\/post"}],"author":[{"embeddable":true,"href":"https:\/\/www.sfsic.org\/en\/wp-json\/wp\/v2\/users\/957"}],"replies":[{"embeddable":true,"href":"https:\/\/www.sfsic.org\/en\/wp-json\/wp\/v2\/comments?post=29042"}],"version-history":[{"count":2,"href":"https:\/\/www.sfsic.org\/en\/wp-json\/wp\/v2\/posts\/29042\/revisions"}],"predecessor-version":[{"id":29046,"href":"https:\/\/www.sfsic.org\/en\/wp-json\/wp\/v2\/posts\/29042\/revisions\/29046"}],"wp:attachment":[{"href":"https:\/\/www.sfsic.org\/en\/wp-json\/wp\/v2\/media?parent=29042"}],"wp:term":[{"taxonomy":"category","embeddable":true,"href":"https:\/\/www.sfsic.org\/en\/wp-json\/wp\/v2\/categories?post=29042"},{"taxonomy":"post_tag","embeddable":true,"href":"https:\/\/www.sfsic.org\/en\/wp-json\/wp\/v2\/tags?post=29042"},{"taxonomy":"thematique","embeddable":true,"href":"https:\/\/www.sfsic.org\/en\/wp-json\/wp\/v2\/thematique?post=29042"},{"taxonomy":"sfsic","embeddable":true,"href":"https:\/\/www.sfsic.org\/en\/wp-json\/wp\/v2\/sfsic?post=29042"}],"curies":[{"name":"wp","href":"https:\/\/api.w.org\/{rel}","templated":true}]}}