{"id":29030,"date":"2023-06-12T23:40:25","date_gmt":"2023-06-12T21:40:25","guid":{"rendered":"https:\/\/www.sfsic.org\/?p=29030"},"modified":"2023-06-13T09:43:02","modified_gmt":"2023-06-13T07:43:02","slug":"portraits-de-chercheur-e-s-tres-applique-e-s-entre-recherche-et-entreprenariat-premier-portrait","status":"publish","type":"post","link":"https:\/\/www.sfsic.org\/en\/divers\/portraits-de-chercheur-e-s-tres-applique-e-s-entre-recherche-et-entreprenariat-premier-portrait\/","title":{"rendered":"Portraits de chercheur.e.s tr\u00e8s appliqu\u00e9.e.s : entre recherche et entreprenariat. Premier portrait."},"content":{"rendered":"<p><!-- fxzn:singledetail --><\/p>\n<div class=\"zone zn-singledetail\" id=\"fxzn-singledetail-1\">\n<div class=\"zone-block zn-singledetail-block alignwide va-top\">\n<div class=\"row\">\n<div class=\"columns large-8 large-push-4\">\n<div class=\"zn-singledetail-metabox\">\n<div class=\"zn-singledetail-pubdate pubdate\">\n\t\t\t\t\t<span class=\"pubdate-txt\">Mis en ligne le<\/span><span class=\"doubledot\"><\/span> <time class=\"pubdate-time\" pubdate datetime=\"2023-06-12T23:40:25+02:00\">12 juin 2023<\/time>\t\t\t\t<\/div>\n<\/p><\/div>\n<\/p><\/div>\n<\/p><\/div>\n<div class=\"row\">\n<div class=\"columns large-4\">\n<div class=\"zn-singledetail-sidebar bg-cornersquares\">\n<div class=\"zn-singledetail-infos\">\n<p class=\"zn-singledetail-reponse-date\">\n\t\t\t\t\t\t<span>R\u00e9ponse attendue pour le<\/span><span class=\"doubledot\"><\/span> <strong>31\/12\/2023<\/strong>\n\t\t\t\t\t<\/p>\n<\/p><\/div>\n<div class=\"zn-singledetail-contacts\">\n<h3 class=\"zn-singledetail-section-title\">Contacts<\/h3>\n<ul class=\"zn-singledetail-contacts-list\">\n<li class=\"zn-singledetail-contact\">\n\t\t\t\t\t\t\t<span class=\"zn-singledetail-contact-name\">Commission Relations professionnelles<\/span><span class=\"doubledot\"><\/span><br \/>\n\t\t\t\t\t\t\t\t\t\t\t\t\t\t<a class=\"zn-singledetail-contact-mail prettylink\" href=\"mailto:vp-rp@sfsic.org\">vp-rp@sfsic.org<\/a>\n\t\t\t\t\t\t\t\t\t\t\t\t\t<\/li>\n<\/ul><\/div>\n<\/p><\/div>\n<\/p><\/div>\n<div class=\"columns large-8\">\n<div class=\"zn-singledetail-contentbox\">\n<div class=\"zn-singledetail-annonce wig-content\">\n<p>La SFSIC a parmi ses missions de valoriser des projets entrepreneuriaux de doctorant.e.s et chercheur.e.s en Humanit\u00e9s qui diffusent leur savoir au sein des entreprises et des organisations. Dans cette dynamique et \u00e0 l&rsquo;occasion de cette p\u00e9riode de Congr\u00e8s, des \u00e9tudiants du Master 2 recherche de Celsa-Sorbonne Universit\u00e9 vous proposent trois portraits de doctorant.e.s et de chercheur.e.s qui se sont lanc\u00e9s dans l&rsquo;entrepreneuriat&#160;!<\/p>\n<h2>Portrait n\u00b01&#160;: <strong>Sylvain Begon, la t\u00eate dans la th\u00e8se mais les mains dans le concret<\/strong><\/h2>\n<p><img decoding=\"async\" loading=\"lazy\" class=\"wp-image-29031 aligncenter\" src=\"https:\/\/www.sfsic.org\/wp-inside\/uploads\/2023\/06\/portrait-sylvain-begon-2023.jpg\" alt=\"\" width=\"273\" height=\"471\" srcset=\"https:\/\/www.sfsic.org\/wp-inside\/uploads\/2023\/06\/portrait-sylvain-begon-2023.jpg 466w, https:\/\/www.sfsic.org\/wp-inside\/uploads\/2023\/06\/portrait-sylvain-begon-2023-174x300.jpg 174w, https:\/\/www.sfsic.org\/wp-inside\/uploads\/2023\/06\/portrait-sylvain-begon-2023-185x320.jpg 185w, https:\/\/www.sfsic.org\/wp-inside\/uploads\/2023\/06\/portrait-sylvain-begon-2023-200x345.jpg 200w\" sizes=\"auto, (max-width: 273px) 100vw, 273px\" \/><\/p>\n<p style=\"font-weight: 400;\">Le parcours de Sylvain Begon est comme une balance r\u00e9gl\u00e9e \u00e0 l\u2019\u00e9quilibre&#160;: le jeune homme a su en harmoniser les diff\u00e9rentes composantes. Depuis maintenant trois ans, il jongle m\u00e9ticuleusement entre son travail de th\u00e8se et son projet entrepreneurial. Plus que jongler, il cr\u00e9e constamment des ponts entre les deux, s\u2019ouvrant lui-m\u00eame volontairement \u00e0 d\u2019autres horizons que l\u2019enseignement et la recherche. \u00c0 26 ans, Sylvain entreprend une th\u00e8se intitul\u00e9e \u00ab&#160;L\u2019\u00e9ducation \u00e0 la prise de parole en public&#160;: une \u00e9ducation \u00e0 la citoyennet\u00e9&#160;\u00bb en anthropologie politique et sociologie. En parall\u00e8le de ce projet de recherche men\u00e9 au sein de la branche st\u00e9phanoise du centre Max Weber (Universit\u00e9 Jean Monnet), il est \u00e0 la t\u00eate du P\u00f4le de l\u2019Oralit\u00e9, un organisme qui forme les jeunes \u00e0 la prise de parole en public sous toutes ses formes. Mais commen\u00e7ons par le commencement\u2026<\/p>\n<p style=\"font-weight: 400;\">Apr\u00e8s deux premi\u00e8res ann\u00e9es d\u2019\u00e9tudes bi-disciplinaires en histoire et sciences politiques, Sylvain termine sa licence uniquement en sciences politiques \u00e0 l\u2019Universit\u00e9 Lumi\u00e8re Lyon 2. Parall\u00e8lement \u00e0 sa troisi\u00e8me ann\u00e9e d\u2019\u00e9tude, il occupe un poste d\u2019animateur culturel en service civique au sein du lyc\u00e9e Sainte-Marie La Grand\u2019Grange&#160;: \u00ab&#160;<em>Mon objectif \u00e9tait tout simplement d\u2019animer le foyer du lyc\u00e9e, de cr\u00e9er des \u00e9v\u00e9nements, de cr\u00e9er ce qu\u2019on pourrait appeler \u00e9galement de \u00ab&#160;l\u2019\u00e9ducation populaire&#160;\u00bb\u2026<\/em>&#160;\u00bb. \u00c0 l\u2019issue de cette p\u00e9riode, il est admis \u00e0 l\u2019IEP de Lyon mais pr\u00e9f\u00e8re passer son tour pour se consacrer \u00e0 une vocation n\u00e9e pendant son service civique&#160;: \u00ab&#160;<em>Suite \u00e0 mon service civique en animation culturelle j\u2019avais form\u00e9 plein de jeunes \u00e0 l\u2019oralit\u00e9 mais sans le savoir. Ce sont mes patrons qui m\u2019ont fait prendre conscience que j\u2019avais cette fibre oratoire et qui vont me donner la fibre entrepreneuriale. Finalement ils m\u2019ont dit \u00ab&#160;cr\u00e9e-nous quelque chose parce que l\u2019ann\u00e9e prochaine il y a une r\u00e9forme du bac qui pr\u00e9voit un grand oral en classe de terminale, [\u2026] tu as carte blanche.&#160;\u00bb Et c\u2019est ce qui a fait que je n\u2019ai pas pris l\u2019IEP de Lyon.<\/em>&#160;\u00bb. Le projet du P\u00f4le de l\u2019Oralit\u00e9 prend forme \u00e0 la suite de cet \u00e9change. Loin de n\u2019\u00eatre qu\u2019une suggestion de ses coll\u00e8gues, ce programme recouvre aussi une dimension personnelle&#160;: \u00ab&#160;<em>Le chemin de l\u2019oralit\u00e9 c\u2019est d\u2019abord un chemin d\u2019abord personnel, je le fais tous les jours et il m\u2019aide \u00e0 d\u00e9passer les \u00e9motions et le torrent \u00e9motionnel qu\u2019il y a en moi. [\u2026] Aujourd\u2019hui, mon engagement quasiment politique est li\u00e9 \u00e0 l\u2019oralit\u00e9 parce que j\u2019ai compris qu\u2019elle permettrait de lutter contre les in\u00e9galit\u00e9s, de favoriser des intelligences diff\u00e9rentes\u2026<\/em>&#160;\u00bb.<\/p>\n<p style=\"font-weight: 400;\">Pour Sylvain, la cr\u00e9ation du P\u00f4le de l\u2019Oralit\u00e9 est donc ant\u00e9rieure au doctorat. Avant le doctorat, il y a aussi le master. \u00c0 la place des grandes \u00e9coles, donc, Sylvain fait le choix d\u2019int\u00e9grer une facult\u00e9 de sociologie pour devenir \u00ab&#160;<em>enqu\u00eateur du social<\/em>&#160;\u00bb. Un choix m\u00fbrement r\u00e9fl\u00e9chi et motiv\u00e9 par la libert\u00e9 que lui permettait ce parcours universitaire de faire co\u00efncider son organisme avec ses \u00e9tudes. L\u2019autre raison de ce choix c\u2019est Pascal Vallet, un professeur des universit\u00e9s avec qui il a en commun une \u00ab&#160;fibre de projets&#160;\u00bb, un \u00e9tat d\u2019esprit de \u00ab&#160;faiseux&#160;\u00bb \u2013 pour reprendre les termes du jeune homme \u2013 qui ont fait na\u00eetre une passion du terrain et du concret chez notre chercheur&#160;: \u00ab&#160;C<em>\u2019est quelqu\u2019un qui \u00e9tait tr\u00e8s libre. Il nous amenait \u00e0 l\u2019h\u00f4pital faire des enqu\u00eates, sur le terrain faire des visites dans la ville\u2026 On cr\u00e9ait quelque chose et moi je me reconnaissais l\u00e0-dedans parce qu\u2019on sortait de l\u2019univers du cours et c\u2019est cette sociologie-l\u00e0 qui m\u2019a plu, c\u2019est-\u00e0-dire une sociologie qui est au contact du terrain, qui est au contact du r\u00e9el<\/em>&#160;\u00bb. Suite \u00e0 quoi, il s\u2019est \u00ab&#160;<em>faufil\u00e9 discr\u00e8tement vers le doctorat non financ\u00e9, l\u00e0 aussi par choix<\/em>&#160;\u00bb, refusant de s\u2019enfermer dans l\u2019univers acad\u00e9mique qu\u2019il juge trop concurrentiel et renferm\u00e9 sur lui-m\u00eame&#160;: \u00ab&#160;<em>La comp\u00e9tence du contrat doctoral est purement acad\u00e9mique et n\u2019offre pas une connaissance et pratique suffisantes du milieu professionnel, surtout en termes d\u2019\u00e9thos, de mani\u00e8re d\u2019\u00eatre et d\u2019agir&#160;!<\/em>&#160;\u00bb. Sylvain, dans une logique inverse, d\u00e9cide d\u2019envisager le doctorat comme un moyen de se cr\u00e9er \u00ab&#160;<em>par le biais de [ses] comp\u00e9tences doctorales une comp\u00e9tence en lien avec le monde professionnel en [se] connectant en permanence au terrain<\/em>&#160;\u00bb.<\/p>\n<p style=\"font-weight: 400;\">Le terrain&#160;? Son terrain. Avec une th\u00e8se sur l\u2019oralit\u00e9 et la citoyennet\u00e9, pas \u00e9tonnant que l\u2019organisme de Sylvain soit devenu son cadre d\u2019enqu\u00eate. Pour pr\u00e9ciser un peu les choses, le P\u00f4le de l\u2019Oralit\u00e9 \u00ab&#160;<em>est un organisme qui cr\u00e9e des formations, des projets et des accompagnements p\u00e9dagogiques innovants autour de la prise de parole en public<\/em>&#160;\u00bb. Par exemple, Sylvain a d\u00e9j\u00e0 cr\u00e9\u00e9 un concours d\u2019oralit\u00e9, un challenge de cr\u00e9ation d\u2019entreprise sp\u00e9cialis\u00e9 dans l\u2019oralit\u00e9 professionnelle, ainsi que des formations sur le grand oral du baccalaur\u00e9at, l\u2019entretien d\u2019embauche ou encore la gestion du stress. Ce projet r\u00e9pond \u00e0 un manquement du syst\u00e8me acad\u00e9mique qui se cantonne \u00e0 l\u2019apprentissage du m\u00e9dium \u00e9crit et laisse l\u2019expression orale de c\u00f4t\u00e9. Dans cette perspective, Sylvain va jusqu\u2019\u00e0 dire qu\u2019il a cr\u00e9\u00e9 sa propre discipline scolaire&#160;: \u00ab&#160;<em>On est pionniers en France. Aujourd\u2019hui, on est le seul cours d\u2019oralit\u00e9 int\u00e9gr\u00e9 \u00e0 un lyc\u00e9e avec une note, avec un livre p\u00e9dagogique (un manuel que j\u2019ai cr\u00e9\u00e9), avec un contenu num\u00e9rique, avec 2\u00a0000 \u00e9l\u00e8ves form\u00e9s sur quatre ans maintenant, labellis\u00e9 par le minist\u00e8re de la Culture\u2026<\/em>&#160;\u00bb. Le jeune homme nous d\u00e9crit tr\u00e8s bien le mouvement r\u00e9ciproque dans lequel s\u2019ins\u00e8re ce terrain. Tout en alimentant sa pens\u00e9e vis-\u00e0-vis de son travail de th\u00e8se, en la faisant changer, le P\u00f4le de l\u2019Oralit\u00e9 lui permet d\u2019exp\u00e9rimenter les outils th\u00e9oriques qu\u2019il rencontre chemin faisant.<\/p>\n<p style=\"font-weight: 400;\">L\u2019exp\u00e9rimentation n\u2019\u00e9tant pas le propre du chercheur, quand on demande \u00e0 Sylvain de nous pr\u00e9ciser ce que lui apporte pr\u00e9cis\u00e9ment son travail de recherche, il nous r\u00e9pond que c\u2019est une question d\u2019hygi\u00e8ne, de sant\u00e9 \u00e0 la fois personnelle et professionnelle&#160;: \u00ab&#160;<em>En faisant la th\u00e8se, je prends du recul sur moi-m\u00eame et sur mes actions, ce qui me permet d\u2019\u00eatre compl\u00e8tement auto-critique<\/em>&#160;\u00bb. Pour le jeune homme, faire c\u2019est bien, innover tout en \u00e9tant critique c\u2019est mieux&#160;: \u00ab&#160;<em>Au d\u00e9but, le P\u00f4le \u00e9tait \u00ab&#160;loup\u00e9&#160;\u00bb mais j\u2019ai pu corriger tout \u00e7a. Il a fallu que j\u2019analyse ce qui n\u2019allait pas\u2026 Que j\u2019analyse avec des outils qui ne sont pas uniquement inh\u00e9rents au \u00ab&#160;faire&#160;\u00bb, donc qui rel\u00e8vent de la pens\u00e9e<\/em>&#160;\u00bb. La th\u00e8se est comme le garant de la qualit\u00e9 et de l\u2019efficacit\u00e9 qu\u2019il doit \u00e0 ses \u00e9l\u00e8ves. Dans un second temps, son doctorat est \u00ab&#160;<em>l\u2019arme politico-scientifique<\/em>&#160;\u00bb d\u2019un combat culturel, celui de la reconnaissance de l\u2019importance de l\u2019oralit\u00e9. Sylvain veut porter son id\u00e9e encore plus haut, devant l\u2019\u00e9ducation nationale. Sa th\u00e8se constitue un exemple local qui fonctionne et qui pourrait \u00eatre g\u00e9n\u00e9ralis\u00e9. Pour le paraphraser, sa th\u00e8se n\u2019est pas une fin en soi mais un outil \u00e0 disposition d\u2019autres ambitions, \u00ab&#160;<em>une cerise sur un g\u00e2teau d\u00e9j\u00e0 bien fait<\/em>&#160;\u00bb.<\/p>\n<p style=\"font-weight: 400;\">Aujourd\u2019hui, Sylvain aspire \u00e0 \u00ab&#160;<em>faire le pont<\/em>&#160;\u00bb entre plusieurs sph\u00e8res sociales&#160;: \u00ab&#160;<em>Le P\u00f4le de l\u2019Oralit\u00e9 est en train de s\u2019ouvrir \u00e0 plusieurs lyc\u00e9es. J\u2019ai actuellement cinq lyc\u00e9es partenaires, des municipalit\u00e9s\u2026 J\u2019envisage une crois\u00e9e des mondes. [\u2026] On pourrait cr\u00e9er une synergie entre plein de mondes diff\u00e9rents&#160;: faire venir des adultes, faire des croisements g\u00e9n\u00e9rationnels, faire venir des pro\u2019, r\u00e9unir des mondes acad\u00e9miques, culturels, associatifs et bien d\u2019autres\u2026<\/em>&#160;\u00bb. Une poursuite de projet qui est donc tourn\u00e9e vers l\u2019entrepreneuriat plus que vers l\u2019enseignement et la recherche. Si Sylvain est un jour amen\u00e9 \u00e0 donner des cours dans ce monde qu\u2019il juge \u00ab&#160;h\u00e9las&#160;\u00bb trop repli\u00e9 sur lui-m\u00eame et sur l\u2019\u00e9crit, qui nous ferait oublier \u00ab&#160;<em>[nos] propres mains, [notre] propre action<\/em>&#160;\u00bb, \u00ab&#160;<em>ce sera \u00e0 [sa] mani\u00e8re et avec de l\u2019oralit\u00e9<\/em>&#160;\u00bb. Son profil commence \u00e0 se dessiner en filigrane&#160;: c\u2019est un touche-\u00e0-tout (il ne nous en a pas dit plus mais en parall\u00e8le de ses engagements universitaires et associatifs, Sylvain monte un nouveau projet\u2026 agricole cette fois-ci&#160;!) et un esprit libre pour qui la recherche doit se confronter au r\u00e9el.<\/p>\n<p>&nbsp;<\/p>\n<p style=\"text-align: right;\">Portraits par Lucille Lamache, C\u00e9lia Banos, Ambre Ampe et Clara Scotto,<br \/>\n\u00e9tudiantes en M2 Recherche, Celsa-Sorbonne<\/p>\n<\/p><\/div>\n<div class=\"zn-singledetail-keywords\">\n<h3 class=\"zn-singledetail-section-title\">Mots-cl\u00e9s<\/h3>\n<ul class=\"termslist termslist-post_tag\">\n<li class=\"termslist-item termslist-title\"><span class=\"termslist-titletxt\">Mots-cl\u00e9s<\/span><span class=\"doubledot\"><\/span><\/li>\n<li class=\"termslist-item tax-post_tag term-entrepreunariat\"><a class=\"termslist-itemlink\" href=\"https:\/\/www.sfsic.org\/tag\/entrepreunariat\/\" title=\"Entrepreunariat\"><span class=\"termslist-itemname\">Entrepreunariat<\/span><\/a><\/li>\n<li class=\"termslist-item tax-post_tag term-jeunes-chercheurs\"><a class=\"termslist-itemlink\" href=\"https:\/\/www.sfsic.org\/tag\/jeunes-chercheurs\/\" title=\"Jeunes chercheurs\"><span class=\"termslist-itemname\">Jeunes chercheurs<\/span><\/a><\/li>\n<\/ul><\/div>\n<\/p><\/div>\n<\/p><\/div>\n<\/p><\/div>\n<\/p><\/div>\n<\/div>\n<p><!-- \/fxzn:singledetail --><\/p>\n","protected":false},"excerpt":{"rendered":"<p>Mis en ligne le 12 juin 2023 R\u00e9ponse attendue pour le 31\/12\/2023 Contacts Commission Relations professionnelles vp-rp@sfsic.org La SFSIC a parmi ses missions de valoriser des projets entrepreneuriaux de doctorant.e.s [&hellip;]<\/p>\n","protected":false},"author":957,"featured_media":0,"comment_status":"closed","ping_status":"closed","sticky":false,"template":"","format":"standard","meta":{"_acf_changed":false,"footnotes":""},"categories":[56],"tags":[594,810],"thematique":[],"sfsic":[],"class_list":["post-29030","post","type-post","status-publish","format-standard","hentry","category-divers","tag-entrepreunariat","tag-jeunes-chercheurs","wp-sticky"],"acf":[],"yoast_head":"<!-- This site is optimized with the Yoast SEO plugin v27.4 - https:\/\/yoast.com\/product\/yoast-seo-wordpress\/ -->\n<title>Portraits de chercheur.e.s tr\u00e8s appliqu\u00e9.e.s : entre recherche et entreprenariat. Premier portrait.<\/title>\n<meta name=\"description\" content=\"A l&#039;occasion de ce Congr\u00e8s, des \u00e9tudiants du M2 Recherche de Celsa-Sorbonne Universit\u00e9 vous proposent trois portraits de doctorant.e.s et de chercheur.e.s qui se sont lanc\u00e9s dans l&#039;entrepreneuriat\" \/>\n<meta name=\"robots\" content=\"index, follow, max-snippet:-1, max-image-preview:large, max-video-preview:-1\" \/>\n<link rel=\"canonical\" href=\"https:\/\/www.sfsic.org\/en\/divers\/portraits-de-chercheur-e-s-tres-applique-e-s-entre-recherche-et-entreprenariat-premier-portrait\/\" \/>\n<meta property=\"og:locale\" content=\"en_US\" \/>\n<meta property=\"og:type\" content=\"article\" \/>\n<meta property=\"og:title\" content=\"Portraits de chercheur.e.s tr\u00e8s appliqu\u00e9.e.s : entre recherche et entreprenariat. Premier portrait.\" \/>\n<meta property=\"og:description\" content=\"A l&#039;occasion de ce Congr\u00e8s, des \u00e9tudiants du M2 Recherche de Celsa-Sorbonne Universit\u00e9 vous proposent trois portraits de doctorant.e.s et de chercheur.e.s qui se sont lanc\u00e9s dans l&#039;entrepreneuriat\" \/>\n<meta property=\"og:url\" content=\"https:\/\/www.sfsic.org\/en\/divers\/portraits-de-chercheur-e-s-tres-applique-e-s-entre-recherche-et-entreprenariat-premier-portrait\/\" \/>\n<meta property=\"og:site_name\" content=\"SFSIC\" \/>\n<meta property=\"article:published_time\" content=\"2023-06-12T21:40:25+00:00\" \/>\n<meta property=\"article:modified_time\" content=\"2023-06-13T07:43:02+00:00\" \/>\n<meta property=\"og:image\" content=\"https:\/\/www.sfsic.org\/wp-inside\/uploads\/2023\/06\/portrait-sylvain-begon-2023.jpg\" \/>\n<meta name=\"author\" content=\"Fabien Bonnet\" \/>\n<meta name=\"twitter:card\" content=\"summary_large_image\" \/>\n<script type=\"application\/ld+json\" class=\"yoast-schema-graph\">{\"@context\":\"https:\\\/\\\/schema.org\",\"@graph\":[{\"@type\":\"Article\",\"@id\":\"https:\\\/\\\/www.sfsic.org\\\/en\\\/divers\\\/portraits-de-chercheur-e-s-tres-applique-e-s-entre-recherche-et-entreprenariat-premier-portrait\\\/#article\",\"isPartOf\":{\"@id\":\"https:\\\/\\\/www.sfsic.org\\\/en\\\/divers\\\/portraits-de-chercheur-e-s-tres-applique-e-s-entre-recherche-et-entreprenariat-premier-portrait\\\/\"},\"author\":{\"name\":\"Fabien Bonnet\",\"@id\":\"https:\\\/\\\/www.sfsic.org\\\/en\\\/#\\\/schema\\\/person\\\/9f83573bda33f40c68c7c826e9567df6\"},\"headline\":\"Portraits de chercheur.e.s tr\u00e8s appliqu\u00e9.e.s : entre recherche et entreprenariat. Premier portrait.\",\"datePublished\":\"2023-06-12T21:40:25+00:00\",\"dateModified\":\"2023-06-13T07:43:02+00:00\",\"mainEntityOfPage\":{\"@id\":\"https:\\\/\\\/www.sfsic.org\\\/en\\\/divers\\\/portraits-de-chercheur-e-s-tres-applique-e-s-entre-recherche-et-entreprenariat-premier-portrait\\\/\"},\"wordCount\":1644,\"publisher\":{\"@id\":\"https:\\\/\\\/www.sfsic.org\\\/en\\\/#organization\"},\"image\":{\"@id\":\"https:\\\/\\\/www.sfsic.org\\\/en\\\/divers\\\/portraits-de-chercheur-e-s-tres-applique-e-s-entre-recherche-et-entreprenariat-premier-portrait\\\/#primaryimage\"},\"thumbnailUrl\":\"https:\\\/\\\/www.sfsic.org\\\/wp-inside\\\/uploads\\\/2023\\\/06\\\/portrait-sylvain-begon-2023.jpg\",\"keywords\":[\"Entrepreunariat\",\"Jeunes chercheurs\"],\"articleSection\":[\"Divers\"],\"inLanguage\":\"en-US\"},{\"@type\":\"WebPage\",\"@id\":\"https:\\\/\\\/www.sfsic.org\\\/en\\\/divers\\\/portraits-de-chercheur-e-s-tres-applique-e-s-entre-recherche-et-entreprenariat-premier-portrait\\\/\",\"url\":\"https:\\\/\\\/www.sfsic.org\\\/en\\\/divers\\\/portraits-de-chercheur-e-s-tres-applique-e-s-entre-recherche-et-entreprenariat-premier-portrait\\\/\",\"name\":\"Portraits de chercheur.e.s tr\u00e8s appliqu\u00e9.e.s : entre recherche et entreprenariat. Premier portrait.\",\"isPartOf\":{\"@id\":\"https:\\\/\\\/www.sfsic.org\\\/en\\\/#website\"},\"primaryImageOfPage\":{\"@id\":\"https:\\\/\\\/www.sfsic.org\\\/en\\\/divers\\\/portraits-de-chercheur-e-s-tres-applique-e-s-entre-recherche-et-entreprenariat-premier-portrait\\\/#primaryimage\"},\"image\":{\"@id\":\"https:\\\/\\\/www.sfsic.org\\\/en\\\/divers\\\/portraits-de-chercheur-e-s-tres-applique-e-s-entre-recherche-et-entreprenariat-premier-portrait\\\/#primaryimage\"},\"thumbnailUrl\":\"https:\\\/\\\/www.sfsic.org\\\/wp-inside\\\/uploads\\\/2023\\\/06\\\/portrait-sylvain-begon-2023.jpg\",\"datePublished\":\"2023-06-12T21:40:25+00:00\",\"dateModified\":\"2023-06-13T07:43:02+00:00\",\"description\":\"A l'occasion de ce Congr\u00e8s, des \u00e9tudiants du M2 Recherche de Celsa-Sorbonne Universit\u00e9 vous proposent trois portraits de doctorant.e.s et de chercheur.e.s qui se sont lanc\u00e9s dans l'entrepreneuriat\",\"breadcrumb\":{\"@id\":\"https:\\\/\\\/www.sfsic.org\\\/en\\\/divers\\\/portraits-de-chercheur-e-s-tres-applique-e-s-entre-recherche-et-entreprenariat-premier-portrait\\\/#breadcrumb\"},\"inLanguage\":\"en-US\",\"potentialAction\":[{\"@type\":\"ReadAction\",\"target\":[\"https:\\\/\\\/www.sfsic.org\\\/en\\\/divers\\\/portraits-de-chercheur-e-s-tres-applique-e-s-entre-recherche-et-entreprenariat-premier-portrait\\\/\"]}]},{\"@type\":\"ImageObject\",\"inLanguage\":\"en-US\",\"@id\":\"https:\\\/\\\/www.sfsic.org\\\/en\\\/divers\\\/portraits-de-chercheur-e-s-tres-applique-e-s-entre-recherche-et-entreprenariat-premier-portrait\\\/#primaryimage\",\"url\":\"https:\\\/\\\/www.sfsic.org\\\/wp-inside\\\/uploads\\\/2023\\\/06\\\/portrait-sylvain-begon-2023.jpg\",\"contentUrl\":\"https:\\\/\\\/www.sfsic.org\\\/wp-inside\\\/uploads\\\/2023\\\/06\\\/portrait-sylvain-begon-2023.jpg\"},{\"@type\":\"BreadcrumbList\",\"@id\":\"https:\\\/\\\/www.sfsic.org\\\/en\\\/divers\\\/portraits-de-chercheur-e-s-tres-applique-e-s-entre-recherche-et-entreprenariat-premier-portrait\\\/#breadcrumb\",\"itemListElement\":[{\"@type\":\"ListItem\",\"position\":1,\"name\":\"Accueil\",\"item\":\"https:\\\/\\\/www.sfsic.org\\\/en\\\/\"},{\"@type\":\"ListItem\",\"position\":2,\"name\":\"Miscellaneous\",\"item\":\"https:\\\/\\\/www.sfsic.org\\\/en\\\/miscellaneous\\\/\"},{\"@type\":\"ListItem\",\"position\":3,\"name\":\"Portraits de chercheur.e.s tr\u00e8s appliqu\u00e9.e.s&#160;: entre recherche et entreprenariat. Premier portrait.\"}]},{\"@type\":\"WebSite\",\"@id\":\"https:\\\/\\\/www.sfsic.org\\\/en\\\/#website\",\"url\":\"https:\\\/\\\/www.sfsic.org\\\/en\\\/\",\"name\":\"SFSIC\",\"description\":\"Soci\u00e9t\u00e9 Fran\u00e7aise des Sciences de l&#039;Information &amp; de la Communication\",\"publisher\":{\"@id\":\"https:\\\/\\\/www.sfsic.org\\\/en\\\/#organization\"},\"potentialAction\":[{\"@type\":\"SearchAction\",\"target\":{\"@type\":\"EntryPoint\",\"urlTemplate\":\"https:\\\/\\\/www.sfsic.org\\\/en\\\/?s={search_term_string}\"},\"query-input\":{\"@type\":\"PropertyValueSpecification\",\"valueRequired\":true,\"valueName\":\"search_term_string\"}}],\"inLanguage\":\"en-US\"},{\"@type\":\"Organization\",\"@id\":\"https:\\\/\\\/www.sfsic.org\\\/en\\\/#organization\",\"name\":\"SFSIC\",\"url\":\"https:\\\/\\\/www.sfsic.org\\\/en\\\/\",\"logo\":{\"@type\":\"ImageObject\",\"inLanguage\":\"en-US\",\"@id\":\"https:\\\/\\\/www.sfsic.org\\\/en\\\/#\\\/schema\\\/logo\\\/image\\\/\",\"url\":\"https:\\\/\\\/www.sfsic.org\\\/wp-inside\\\/uploads\\\/2020\\\/05\\\/logo-sfsic.jpg\",\"contentUrl\":\"https:\\\/\\\/www.sfsic.org\\\/wp-inside\\\/uploads\\\/2020\\\/05\\\/logo-sfsic.jpg\",\"width\":1085,\"height\":1080,\"caption\":\"SFSIC\"},\"image\":{\"@id\":\"https:\\\/\\\/www.sfsic.org\\\/en\\\/#\\\/schema\\\/logo\\\/image\\\/\"}},{\"@type\":\"Person\",\"@id\":\"https:\\\/\\\/www.sfsic.org\\\/en\\\/#\\\/schema\\\/person\\\/9f83573bda33f40c68c7c826e9567df6\",\"name\":\"Fabien Bonnet\",\"image\":{\"@type\":\"ImageObject\",\"inLanguage\":\"en-US\",\"@id\":\"https:\\\/\\\/secure.gravatar.com\\\/avatar\\\/88a9288fc13369cb9e30359afa340f8adace82098c18ff09415c6dacd710ddc4?s=96&d=mm&r=g\",\"url\":\"https:\\\/\\\/secure.gravatar.com\\\/avatar\\\/88a9288fc13369cb9e30359afa340f8adace82098c18ff09415c6dacd710ddc4?s=96&d=mm&r=g\",\"contentUrl\":\"https:\\\/\\\/secure.gravatar.com\\\/avatar\\\/88a9288fc13369cb9e30359afa340f8adace82098c18ff09415c6dacd710ddc4?s=96&d=mm&r=g\",\"caption\":\"Fabien Bonnet\"}}]}<\/script>\n<!-- \/ Yoast SEO plugin. -->","yoast_head_json":{"title":"Portraits de chercheur.e.s tr\u00e8s appliqu\u00e9.e.s : entre recherche et entreprenariat. Premier portrait.","description":"A l'occasion de ce Congr\u00e8s, des \u00e9tudiants du M2 Recherche de Celsa-Sorbonne Universit\u00e9 vous proposent trois portraits de doctorant.e.s et de chercheur.e.s qui se sont lanc\u00e9s dans l'entrepreneuriat","robots":{"index":"index","follow":"follow","max-snippet":"max-snippet:-1","max-image-preview":"max-image-preview:large","max-video-preview":"max-video-preview:-1"},"canonical":"https:\/\/www.sfsic.org\/en\/divers\/portraits-de-chercheur-e-s-tres-applique-e-s-entre-recherche-et-entreprenariat-premier-portrait\/","og_locale":"en_US","og_type":"article","og_title":"Portraits de chercheur.e.s tr\u00e8s appliqu\u00e9.e.s : entre recherche et entreprenariat. Premier portrait.","og_description":"A l'occasion de ce Congr\u00e8s, des \u00e9tudiants du M2 Recherche de Celsa-Sorbonne Universit\u00e9 vous proposent trois portraits de doctorant.e.s et de chercheur.e.s qui se sont lanc\u00e9s dans l'entrepreneuriat","og_url":"https:\/\/www.sfsic.org\/en\/divers\/portraits-de-chercheur-e-s-tres-applique-e-s-entre-recherche-et-entreprenariat-premier-portrait\/","og_site_name":"SFSIC","article_published_time":"2023-06-12T21:40:25+00:00","article_modified_time":"2023-06-13T07:43:02+00:00","og_image":[{"url":"https:\/\/www.sfsic.org\/wp-inside\/uploads\/2023\/06\/portrait-sylvain-begon-2023.jpg","type":"","width":"","height":""}],"author":"Fabien Bonnet","twitter_card":"summary_large_image","schema":{"@context":"https:\/\/schema.org","@graph":[{"@type":"Article","@id":"https:\/\/www.sfsic.org\/en\/divers\/portraits-de-chercheur-e-s-tres-applique-e-s-entre-recherche-et-entreprenariat-premier-portrait\/#article","isPartOf":{"@id":"https:\/\/www.sfsic.org\/en\/divers\/portraits-de-chercheur-e-s-tres-applique-e-s-entre-recherche-et-entreprenariat-premier-portrait\/"},"author":{"name":"Fabien Bonnet","@id":"https:\/\/www.sfsic.org\/en\/#\/schema\/person\/9f83573bda33f40c68c7c826e9567df6"},"headline":"Portraits de chercheur.e.s tr\u00e8s appliqu\u00e9.e.s : entre recherche et entreprenariat. Premier portrait.","datePublished":"2023-06-12T21:40:25+00:00","dateModified":"2023-06-13T07:43:02+00:00","mainEntityOfPage":{"@id":"https:\/\/www.sfsic.org\/en\/divers\/portraits-de-chercheur-e-s-tres-applique-e-s-entre-recherche-et-entreprenariat-premier-portrait\/"},"wordCount":1644,"publisher":{"@id":"https:\/\/www.sfsic.org\/en\/#organization"},"image":{"@id":"https:\/\/www.sfsic.org\/en\/divers\/portraits-de-chercheur-e-s-tres-applique-e-s-entre-recherche-et-entreprenariat-premier-portrait\/#primaryimage"},"thumbnailUrl":"https:\/\/www.sfsic.org\/wp-inside\/uploads\/2023\/06\/portrait-sylvain-begon-2023.jpg","keywords":["Entrepreunariat","Jeunes chercheurs"],"articleSection":["Divers"],"inLanguage":"en-US"},{"@type":"WebPage","@id":"https:\/\/www.sfsic.org\/en\/divers\/portraits-de-chercheur-e-s-tres-applique-e-s-entre-recherche-et-entreprenariat-premier-portrait\/","url":"https:\/\/www.sfsic.org\/en\/divers\/portraits-de-chercheur-e-s-tres-applique-e-s-entre-recherche-et-entreprenariat-premier-portrait\/","name":"Portraits de chercheur.e.s tr\u00e8s appliqu\u00e9.e.s : entre recherche et entreprenariat. Premier portrait.","isPartOf":{"@id":"https:\/\/www.sfsic.org\/en\/#website"},"primaryImageOfPage":{"@id":"https:\/\/www.sfsic.org\/en\/divers\/portraits-de-chercheur-e-s-tres-applique-e-s-entre-recherche-et-entreprenariat-premier-portrait\/#primaryimage"},"image":{"@id":"https:\/\/www.sfsic.org\/en\/divers\/portraits-de-chercheur-e-s-tres-applique-e-s-entre-recherche-et-entreprenariat-premier-portrait\/#primaryimage"},"thumbnailUrl":"https:\/\/www.sfsic.org\/wp-inside\/uploads\/2023\/06\/portrait-sylvain-begon-2023.jpg","datePublished":"2023-06-12T21:40:25+00:00","dateModified":"2023-06-13T07:43:02+00:00","description":"A l'occasion de ce Congr\u00e8s, des \u00e9tudiants du M2 Recherche de Celsa-Sorbonne Universit\u00e9 vous proposent trois portraits de doctorant.e.s et de chercheur.e.s qui se sont lanc\u00e9s dans l'entrepreneuriat","breadcrumb":{"@id":"https:\/\/www.sfsic.org\/en\/divers\/portraits-de-chercheur-e-s-tres-applique-e-s-entre-recherche-et-entreprenariat-premier-portrait\/#breadcrumb"},"inLanguage":"en-US","potentialAction":[{"@type":"ReadAction","target":["https:\/\/www.sfsic.org\/en\/divers\/portraits-de-chercheur-e-s-tres-applique-e-s-entre-recherche-et-entreprenariat-premier-portrait\/"]}]},{"@type":"ImageObject","inLanguage":"en-US","@id":"https:\/\/www.sfsic.org\/en\/divers\/portraits-de-chercheur-e-s-tres-applique-e-s-entre-recherche-et-entreprenariat-premier-portrait\/#primaryimage","url":"https:\/\/www.sfsic.org\/wp-inside\/uploads\/2023\/06\/portrait-sylvain-begon-2023.jpg","contentUrl":"https:\/\/www.sfsic.org\/wp-inside\/uploads\/2023\/06\/portrait-sylvain-begon-2023.jpg"},{"@type":"BreadcrumbList","@id":"https:\/\/www.sfsic.org\/en\/divers\/portraits-de-chercheur-e-s-tres-applique-e-s-entre-recherche-et-entreprenariat-premier-portrait\/#breadcrumb","itemListElement":[{"@type":"ListItem","position":1,"name":"Accueil","item":"https:\/\/www.sfsic.org\/en\/"},{"@type":"ListItem","position":2,"name":"Miscellaneous","item":"https:\/\/www.sfsic.org\/en\/miscellaneous\/"},{"@type":"ListItem","position":3,"name":"Portraits de chercheur.e.s tr\u00e8s appliqu\u00e9.e.s&#160;: entre recherche et entreprenariat. Premier portrait."}]},{"@type":"WebSite","@id":"https:\/\/www.sfsic.org\/en\/#website","url":"https:\/\/www.sfsic.org\/en\/","name":"SFSIC","description":"Soci\u00e9t\u00e9 Fran\u00e7aise des Sciences de l&#039;Information &amp; de la Communication","publisher":{"@id":"https:\/\/www.sfsic.org\/en\/#organization"},"potentialAction":[{"@type":"SearchAction","target":{"@type":"EntryPoint","urlTemplate":"https:\/\/www.sfsic.org\/en\/?s={search_term_string}"},"query-input":{"@type":"PropertyValueSpecification","valueRequired":true,"valueName":"search_term_string"}}],"inLanguage":"en-US"},{"@type":"Organization","@id":"https:\/\/www.sfsic.org\/en\/#organization","name":"SFSIC","url":"https:\/\/www.sfsic.org\/en\/","logo":{"@type":"ImageObject","inLanguage":"en-US","@id":"https:\/\/www.sfsic.org\/en\/#\/schema\/logo\/image\/","url":"https:\/\/www.sfsic.org\/wp-inside\/uploads\/2020\/05\/logo-sfsic.jpg","contentUrl":"https:\/\/www.sfsic.org\/wp-inside\/uploads\/2020\/05\/logo-sfsic.jpg","width":1085,"height":1080,"caption":"SFSIC"},"image":{"@id":"https:\/\/www.sfsic.org\/en\/#\/schema\/logo\/image\/"}},{"@type":"Person","@id":"https:\/\/www.sfsic.org\/en\/#\/schema\/person\/9f83573bda33f40c68c7c826e9567df6","name":"Fabien Bonnet","image":{"@type":"ImageObject","inLanguage":"en-US","@id":"https:\/\/secure.gravatar.com\/avatar\/88a9288fc13369cb9e30359afa340f8adace82098c18ff09415c6dacd710ddc4?s=96&d=mm&r=g","url":"https:\/\/secure.gravatar.com\/avatar\/88a9288fc13369cb9e30359afa340f8adace82098c18ff09415c6dacd710ddc4?s=96&d=mm&r=g","contentUrl":"https:\/\/secure.gravatar.com\/avatar\/88a9288fc13369cb9e30359afa340f8adace82098c18ff09415c6dacd710ddc4?s=96&d=mm&r=g","caption":"Fabien Bonnet"}}]}},"_links":{"self":[{"href":"https:\/\/www.sfsic.org\/en\/wp-json\/wp\/v2\/posts\/29030","targetHints":{"allow":["GET"]}}],"collection":[{"href":"https:\/\/www.sfsic.org\/en\/wp-json\/wp\/v2\/posts"}],"about":[{"href":"https:\/\/www.sfsic.org\/en\/wp-json\/wp\/v2\/types\/post"}],"author":[{"embeddable":true,"href":"https:\/\/www.sfsic.org\/en\/wp-json\/wp\/v2\/users\/957"}],"replies":[{"embeddable":true,"href":"https:\/\/www.sfsic.org\/en\/wp-json\/wp\/v2\/comments?post=29030"}],"version-history":[{"count":4,"href":"https:\/\/www.sfsic.org\/en\/wp-json\/wp\/v2\/posts\/29030\/revisions"}],"predecessor-version":[{"id":29041,"href":"https:\/\/www.sfsic.org\/en\/wp-json\/wp\/v2\/posts\/29030\/revisions\/29041"}],"wp:attachment":[{"href":"https:\/\/www.sfsic.org\/en\/wp-json\/wp\/v2\/media?parent=29030"}],"wp:term":[{"taxonomy":"category","embeddable":true,"href":"https:\/\/www.sfsic.org\/en\/wp-json\/wp\/v2\/categories?post=29030"},{"taxonomy":"post_tag","embeddable":true,"href":"https:\/\/www.sfsic.org\/en\/wp-json\/wp\/v2\/tags?post=29030"},{"taxonomy":"thematique","embeddable":true,"href":"https:\/\/www.sfsic.org\/en\/wp-json\/wp\/v2\/thematique?post=29030"},{"taxonomy":"sfsic","embeddable":true,"href":"https:\/\/www.sfsic.org\/en\/wp-json\/wp\/v2\/sfsic?post=29030"}],"curies":[{"name":"wp","href":"https:\/\/api.w.org\/{rel}","templated":true}]}}