{"id":28971,"date":"2023-06-08T10:51:28","date_gmt":"2023-06-08T08:51:28","guid":{"rendered":"https:\/\/www.sfsic.org\/?p=28971"},"modified":"2023-06-08T11:53:53","modified_gmt":"2023-06-08T09:53:53","slug":"edito-pour-des-sciences-ouvertes-de-linformation-et-de-la-communication","status":"publish","type":"post","link":"https:\/\/www.sfsic.org\/en\/edito\/edito-pour-des-sciences-ouvertes-de-linformation-et-de-la-communication\/","title":{"rendered":"\u00c9dito &#8211; Pour des sciences ouvertes de l\u2019information et de la communication"},"content":{"rendered":"<p><!-- fxzn:singledetail --><\/p>\n<div class=\"zone zn-singledetail\" id=\"fxzn-singledetail-1\">\n<div class=\"zone-block zn-singledetail-block alignwide va-top\">\n<div class=\"row\">\n<div class=\"columns large-8 large-push-4\">\n<div class=\"zn-singledetail-metabox\">\n<div class=\"zn-singledetail-pubdate pubdate\">\n\t\t\t\t\t<span class=\"pubdate-txt\">Mis en ligne le<\/span><span class=\"doubledot\"><\/span> <time class=\"pubdate-time\" pubdate datetime=\"2023-06-08T10:51:28+02:00\">8 juin 2023<\/time>\t\t\t\t<\/div>\n<\/p><\/div>\n<\/p><\/div>\n<\/p><\/div>\n<div class=\"row\">\n<div class=\"columns large-4\">\n<div class=\"zn-singledetail-sidebar bg-cornersquares\">\n<div class=\"zn-singledetail-infos\"><\/div>\n<div class=\"zn-singledetail-contacts\">\n<h3 class=\"zn-singledetail-section-title\">Contacts<\/h3>\n<ul class=\"zn-singledetail-contacts-list\">\n<li class=\"zn-singledetail-contact\">\n\t\t\t\t\t\t\t<span class=\"zn-singledetail-contact-name\">Patrice de La Broise<\/span><span class=\"doubledot\"><\/span><br \/>\n\t\t\t\t\t\t\t\t\t\t\t\t\t\t<a class=\"zn-singledetail-contact-mail prettylink\" href=\"mailto:presidence@sfsic.org\">presidence@sfsic.org<\/a>\n\t\t\t\t\t\t\t\t\t\t\t\t\t<\/li>\n<\/ul><\/div>\n<\/p><\/div>\n<\/p><\/div>\n<div class=\"columns large-8\">\n<div class=\"zn-singledetail-contentbox\">\n<div class=\"zn-singledetail-annonce wig-content\">\n<p>Ch\u00e8res adh\u00e9rentes et chers adh\u00e9rents,<\/p>\n<p>Ch\u00e8res et chers coll\u00e8gues,<\/p>\n<p style=\"font-weight: 400;\">\u00c0 quelques encablures de Bordeaux et de notre congr\u00e8s, les administrateurs et administratrices de la SFSIC sont heureux et fiers de partager ici quelques \u00e9l\u00e9ments de bilan d\u2019une mandature qui s\u2019ach\u00e8ve et des projets que notre collectif a pu conduire \u00e0 la faveur des sciences \u00ab&#160;ouvertes&#160;\u00bb de l\u2019Information et de la communication.<\/p>\n<p style=\"font-weight: 400;\">L\u2019\u00e9pith\u00e8te pourrait surprendre, sachant que notre discipline s\u2019est toujours ouverte sur une pluralit\u00e9 de domaines, d\u2019objets et de m\u00e9thodes de recherche dont t\u00e9moigne aussi son offre de formation. Mais l\u2019unit\u00e9 de notre communaut\u00e9 scientifique et p\u00e9dagogique n\u2019appelle plus seulement une mise en commun, elle suppose un partage dont les modalit\u00e9s et les formats sont multiples.<\/p>\n<p style=\"font-weight: 400;\">Bien s\u00fbr, les chercheur.e.s en SIC n\u2019ont pas attendu l\u2019appel de la \u00ab&#160;science ouverte&#160;\u00bb pour valoriser leurs travaux, publier et communiquer. Pour autant, la visibilit\u00e9 et l\u2019accessibilit\u00e9 des recherches m\u00e9ritent que nous mettions \u00e0 la disposition de toutes et tous des espaces et des ressources \u00e0 la mesure de cette production foisonnante. La SFSIC veille d\u00e9j\u00e0 \u00e0 relayer sur son site, sa newsletter et les r\u00e9seaux sociaux les actualit\u00e9s \u2014 publications, appels et programmes \u2014 utiles \u00e0 ses adh\u00e9rents. Nos grandes manifestations, congr\u00e8s et doctorales, prennent \u00ab&#160;actes&#160;\u00bb de cette production scientifique qu\u2019il nous faut archiver, certes, mais aussi publiciser davantage sous la banni\u00e8re commune de notre soci\u00e9t\u00e9 savante. C\u2019est pourquoi les communications, les articles de la <em>Revue Fran\u00e7aise<\/em>, des <em>Cahiers<\/em> et des chapitres d\u2019ouvrages \u00e9dit\u00e9s par la SFSIC int\u00e9greront d\u00e9sormais notre collection HAL SFSIC, laquelle pourrait \u2014\u00a0avec votre contribution active \u2014 devenir une grande biblioth\u00e8que de la discipline.<\/p>\n<p style=\"text-align: center;\"><a class=\"button outline with-arrow\" href=\"https:\/\/hal.science\/SFSIC\/\" target=\"_blank\" rel=\"noopener\">Consulter la collection HAL SFSIC<\/a><\/p>\n<p style=\"font-weight: 400;\">Les <a href=\"https:\/\/www.sfsic.org\/la-sfsic\/groupes-detudes-et-de-recherche\/\" target=\"_blank\" rel=\"noopener\">groupes d\u2019\u00e9tudes et de recherche<\/a> (GER) labellis\u00e9s par la SFSIC, pass\u00e9s de cinq \u00e0 dix en seulement deux ann\u00e9es, y trouveront \u00e9galement toute leur place. \u00c0 l\u2019instar du GER \u00ab&#160;Communication, Environnement, Science et Soci\u00e9t\u00e9 (CESS)&#160;\u00bb, ces collectifs scientifiques auront d\u00e9sormais l\u2019opportunit\u00e9 d\u2019y indexer leurs publications (articles, rapports et ouvrages) et m\u00eame de partager leurs carnets de recherche.<\/p>\n<p style=\"font-weight: 400;\">Cet esprit d\u2019ouverture est aussi manifeste dans l\u2019internationalisation de nos travaux, gr\u00e2ce aux partenariats \u00e9tablis et consolid\u00e9s avec d\u2019autres soci\u00e9t\u00e9s savantes et associations professionnelles, dans les conf\u00e9rences r\u00e9gionales programm\u00e9es avec l\u2019<a href=\"https:\/\/www.icahdq.org\" target=\"_blank\" rel=\"noopener\">Association Internationale de Communication<\/a> (ICA) et tr\u00e8s bient\u00f4t \u00e0 Lyon dans la session sp\u00e9ciale du congr\u00e8s de l\u2019<a href=\"https:\/\/iamcr.org\" target=\"_blank\" rel=\"noopener\">Association Internationale de Recherche sur le M\u00e9dias et la Communication<\/a> (IAMCR). De m\u00eame, la participation de la <a href=\"https:\/\/unesco.delegfrance.org\" target=\"_blank\" rel=\"noopener\">Commission Nationale Fran\u00e7aise de l\u2019UNESCO<\/a> en ouverture de notre congr\u00e8s permettra de mettre en lumi\u00e8re des chaires fran\u00e7aises parfois m\u00e9connues et leur contribution pourtant majeure au rayonnement international des sciences de l\u2019information et de la communication. La SFSIC s\u2019enrichit de ces \u00e9changes interculturels f\u00e9conds o\u00f9 croisent des \u00e9pist\u00e9mologies, des objets, des pratiques et des identit\u00e9s multiples.<\/p>\n<p style=\"font-weight: 400;\">L\u2019ouverture, enfin, se fait \u00e9coute et m\u00e9diation quand nous accompagnons les coll\u00e8gues enr\u00f4l\u00e9s dans la mise en \u0153uvre d\u2019une politique de formation marqu\u00e9e par la recomposition du paysage acad\u00e9mique, la transformation de nos cursus \u2014\u00a0\u00e0 l\u2019exemple du bachelor universitaire de technologie \u2014 et la r\u00e9\u00e9criture de nos projets p\u00e9dagogiques. La SFSIC se tient aux c\u00f4t\u00e9s des enseignants, enseignants-chercheurs et doctorants dont elle se fait l\u2019\u00e9cho sans pr\u00e9tendre \u00eatre leur porte-parole.<\/p>\n<p style=\"font-weight: 400;\">Ouvrir pour accueillir, comme nous accueillons toujours avec bonheur celles et ceux qui souhaitent rejoindre la SFSIC et poursuivre l\u2019aventure. Entrez, c\u2019est ouvert&#160;!<\/p>\n<p>&nbsp;<\/p>\n<p>Patrice de La Broise,<\/p>\n<p><em>Pr\u00e9sident de la SFSIC<\/em><\/p>\n<\/p><\/div>\n<div class=\"zn-singledetail-keywords\">\n<h3 class=\"zn-singledetail-section-title\">Mots-cl\u00e9s<\/h3>\n<ul class=\"termslist termslist-post_tag\">\n<li class=\"termslist-item termslist-title\"><span class=\"termslist-titletxt\">Mots-cl\u00e9s<\/span><span class=\"doubledot\"><\/span><\/li>\n<li class=\"termslist-item tax-post_tag term-congres\"><a class=\"termslist-itemlink\" href=\"https:\/\/www.sfsic.org\/tag\/congres\/\" title=\"Congr\u00e8s\"><span class=\"termslist-itemname\">Congr\u00e8s<\/span><\/a><\/li>\n<li class=\"termslist-item tax-post_tag term-formation\"><a class=\"termslist-itemlink\" href=\"https:\/\/www.sfsic.org\/tag\/formation\/\" title=\"Formation\"><span class=\"termslist-itemname\">Formation<\/span><\/a><\/li>\n<li class=\"termslist-item tax-post_tag term-ger-groupes-detudes-et-recherche\"><a class=\"termslist-itemlink\" href=\"https:\/\/www.sfsic.org\/tag\/ger-groupes-detudes-et-recherche\/\" title=\"GER - Groupes d'\u00e9tudes et recherche\"><span class=\"termslist-itemname\">GER &#8211; Groupes d&#8217;\u00e9tudes et recherche<\/span><\/a><\/li>\n<li class=\"termslist-item tax-post_tag term-hal\"><a class=\"termslist-itemlink\" href=\"https:\/\/www.sfsic.org\/tag\/hal\/\" title=\"HAL\"><span class=\"termslist-itemname\">HAL<\/span><\/a><\/li>\n<li class=\"termslist-item tax-post_tag term-science-ouverte\"><a class=\"termslist-itemlink\" href=\"https:\/\/www.sfsic.org\/tag\/science-ouverte\/\" title=\"Science ouverte\"><span class=\"termslist-itemname\">Science ouverte<\/span><\/a><\/li>\n<li class=\"termslist-item tax-post_tag term-sfsic\"><a class=\"termslist-itemlink\" href=\"https:\/\/www.sfsic.org\/tag\/sfsic\/\" title=\"SFSIC\"><span class=\"termslist-itemname\">SFSIC<\/span><\/a><\/li>\n<\/ul><\/div>\n<\/p><\/div>\n<\/p><\/div>\n<\/p><\/div>\n<\/p><\/div>\n<\/div>\n<p><!-- \/fxzn:singledetail --><\/p>\n","protected":false},"excerpt":{"rendered":"<p>Mis en ligne le 8 juin 2023 Contacts Patrice de La Broise presidence@sfsic.org Ch\u00e8res adh\u00e9rentes et chers adh\u00e9rents, Ch\u00e8res et chers coll\u00e8gues, \u00c0 quelques encablures de Bordeaux et de notre [&hellip;]<\/p>\n","protected":false},"author":957,"featured_media":0,"comment_status":"closed","ping_status":"closed","sticky":false,"template":"","format":"standard","meta":{"_acf_changed":false,"footnotes":""},"categories":[33],"tags":[97,122,606,841,472,96],"thematique":[],"sfsic":[26],"class_list":["post-28971","post","type-post","status-publish","format-standard","hentry","category-edito","tag-congres","tag-formation","tag-ger-groupes-detudes-et-recherche","tag-hal","tag-science-ouverte","tag-sfsic","sfsic-actualites","wp-sticky"],"acf":[],"yoast_head":"<!-- This site is optimized with the Yoast SEO plugin v27.4 - https:\/\/yoast.com\/product\/yoast-seo-wordpress\/ -->\n<title>\u00c9dito - Pour des sciences ouvertes de l\u2019information et de la communication<\/title>\n<meta name=\"description\" content=\"\u00c0 quelques encablures de Bordeaux et de notre congr\u00e8s, nous sommes heureux et fiers de partager quelques \u00e9l\u00e9ments de bilan pour cette mandature.\" \/>\n<meta name=\"robots\" content=\"index, follow, max-snippet:-1, max-image-preview:large, max-video-preview:-1\" \/>\n<link rel=\"canonical\" href=\"https:\/\/www.sfsic.org\/en\/edito\/edito-pour-des-sciences-ouvertes-de-linformation-et-de-la-communication\/\" \/>\n<meta property=\"og:locale\" content=\"en_US\" \/>\n<meta property=\"og:type\" content=\"article\" \/>\n<meta property=\"og:title\" content=\"\u00c9dito - Pour des sciences ouvertes de l\u2019information et de la communication\" \/>\n<meta property=\"og:description\" content=\"\u00c0 quelques encablures de Bordeaux et de notre congr\u00e8s, nous sommes heureux et fiers de partager quelques \u00e9l\u00e9ments de bilan pour cette mandature.\" \/>\n<meta property=\"og:url\" content=\"https:\/\/www.sfsic.org\/en\/edito\/edito-pour-des-sciences-ouvertes-de-linformation-et-de-la-communication\/\" \/>\n<meta property=\"og:site_name\" content=\"SFSIC\" \/>\n<meta property=\"article:published_time\" content=\"2023-06-08T08:51:28+00:00\" \/>\n<meta property=\"article:modified_time\" content=\"2023-06-08T09:53:53+00:00\" \/>\n<meta name=\"author\" content=\"Fabien Bonnet\" \/>\n<meta name=\"twitter:card\" content=\"summary_large_image\" \/>\n<script type=\"application\/ld+json\" class=\"yoast-schema-graph\">{\"@context\":\"https:\\\/\\\/schema.org\",\"@graph\":[{\"@type\":\"Article\",\"@id\":\"https:\\\/\\\/www.sfsic.org\\\/en\\\/edito\\\/edito-pour-des-sciences-ouvertes-de-linformation-et-de-la-communication\\\/#article\",\"isPartOf\":{\"@id\":\"https:\\\/\\\/www.sfsic.org\\\/en\\\/edito\\\/edito-pour-des-sciences-ouvertes-de-linformation-et-de-la-communication\\\/\"},\"author\":{\"name\":\"Fabien Bonnet\",\"@id\":\"https:\\\/\\\/www.sfsic.org\\\/en\\\/#\\\/schema\\\/person\\\/9f83573bda33f40c68c7c826e9567df6\"},\"headline\":\"\u00c9dito &#8211; Pour des sciences ouvertes de l\u2019information et de la communication\",\"datePublished\":\"2023-06-08T08:51:28+00:00\",\"dateModified\":\"2023-06-08T09:53:53+00:00\",\"mainEntityOfPage\":{\"@id\":\"https:\\\/\\\/www.sfsic.org\\\/en\\\/edito\\\/edito-pour-des-sciences-ouvertes-de-linformation-et-de-la-communication\\\/\"},\"wordCount\":679,\"publisher\":{\"@id\":\"https:\\\/\\\/www.sfsic.org\\\/en\\\/#organization\"},\"keywords\":[\"Congr\u00e8s\",\"Formation\",\"GER - Groupes d'\u00e9tudes et recherche\",\"HAL\",\"Science ouverte\",\"SFSIC\"],\"articleSection\":[\"\u00c9ditos\"],\"inLanguage\":\"en-US\"},{\"@type\":\"WebPage\",\"@id\":\"https:\\\/\\\/www.sfsic.org\\\/en\\\/edito\\\/edito-pour-des-sciences-ouvertes-de-linformation-et-de-la-communication\\\/\",\"url\":\"https:\\\/\\\/www.sfsic.org\\\/en\\\/edito\\\/edito-pour-des-sciences-ouvertes-de-linformation-et-de-la-communication\\\/\",\"name\":\"\u00c9dito - Pour des sciences ouvertes de l\u2019information et de la communication\",\"isPartOf\":{\"@id\":\"https:\\\/\\\/www.sfsic.org\\\/en\\\/#website\"},\"datePublished\":\"2023-06-08T08:51:28+00:00\",\"dateModified\":\"2023-06-08T09:53:53+00:00\",\"description\":\"\u00c0 quelques encablures de Bordeaux et de notre congr\u00e8s, nous sommes heureux et fiers de partager quelques \u00e9l\u00e9ments de bilan pour cette mandature.\",\"breadcrumb\":{\"@id\":\"https:\\\/\\\/www.sfsic.org\\\/en\\\/edito\\\/edito-pour-des-sciences-ouvertes-de-linformation-et-de-la-communication\\\/#breadcrumb\"},\"inLanguage\":\"en-US\",\"potentialAction\":[{\"@type\":\"ReadAction\",\"target\":[\"https:\\\/\\\/www.sfsic.org\\\/en\\\/edito\\\/edito-pour-des-sciences-ouvertes-de-linformation-et-de-la-communication\\\/\"]}]},{\"@type\":\"BreadcrumbList\",\"@id\":\"https:\\\/\\\/www.sfsic.org\\\/en\\\/edito\\\/edito-pour-des-sciences-ouvertes-de-linformation-et-de-la-communication\\\/#breadcrumb\",\"itemListElement\":[{\"@type\":\"ListItem\",\"position\":1,\"name\":\"Accueil\",\"item\":\"https:\\\/\\\/www.sfsic.org\\\/en\\\/\"},{\"@type\":\"ListItem\",\"position\":2,\"name\":\"Editorial\",\"item\":\"https:\\\/\\\/www.sfsic.org\\\/en\\\/editorial\\\/\"},{\"@type\":\"ListItem\",\"position\":3,\"name\":\"\u00c9dito &#8211; Pour des sciences ouvertes de l\u2019information et de la communication\"}]},{\"@type\":\"WebSite\",\"@id\":\"https:\\\/\\\/www.sfsic.org\\\/en\\\/#website\",\"url\":\"https:\\\/\\\/www.sfsic.org\\\/en\\\/\",\"name\":\"SFSIC\",\"description\":\"Soci\u00e9t\u00e9 Fran\u00e7aise des Sciences de l&#039;Information &amp; de la Communication\",\"publisher\":{\"@id\":\"https:\\\/\\\/www.sfsic.org\\\/en\\\/#organization\"},\"potentialAction\":[{\"@type\":\"SearchAction\",\"target\":{\"@type\":\"EntryPoint\",\"urlTemplate\":\"https:\\\/\\\/www.sfsic.org\\\/en\\\/?s={search_term_string}\"},\"query-input\":{\"@type\":\"PropertyValueSpecification\",\"valueRequired\":true,\"valueName\":\"search_term_string\"}}],\"inLanguage\":\"en-US\"},{\"@type\":\"Organization\",\"@id\":\"https:\\\/\\\/www.sfsic.org\\\/en\\\/#organization\",\"name\":\"SFSIC\",\"url\":\"https:\\\/\\\/www.sfsic.org\\\/en\\\/\",\"logo\":{\"@type\":\"ImageObject\",\"inLanguage\":\"en-US\",\"@id\":\"https:\\\/\\\/www.sfsic.org\\\/en\\\/#\\\/schema\\\/logo\\\/image\\\/\",\"url\":\"https:\\\/\\\/www.sfsic.org\\\/wp-inside\\\/uploads\\\/2020\\\/05\\\/logo-sfsic.jpg\",\"contentUrl\":\"https:\\\/\\\/www.sfsic.org\\\/wp-inside\\\/uploads\\\/2020\\\/05\\\/logo-sfsic.jpg\",\"width\":1085,\"height\":1080,\"caption\":\"SFSIC\"},\"image\":{\"@id\":\"https:\\\/\\\/www.sfsic.org\\\/en\\\/#\\\/schema\\\/logo\\\/image\\\/\"}},{\"@type\":\"Person\",\"@id\":\"https:\\\/\\\/www.sfsic.org\\\/en\\\/#\\\/schema\\\/person\\\/9f83573bda33f40c68c7c826e9567df6\",\"name\":\"Fabien Bonnet\",\"image\":{\"@type\":\"ImageObject\",\"inLanguage\":\"en-US\",\"@id\":\"https:\\\/\\\/secure.gravatar.com\\\/avatar\\\/88a9288fc13369cb9e30359afa340f8adace82098c18ff09415c6dacd710ddc4?s=96&d=mm&r=g\",\"url\":\"https:\\\/\\\/secure.gravatar.com\\\/avatar\\\/88a9288fc13369cb9e30359afa340f8adace82098c18ff09415c6dacd710ddc4?s=96&d=mm&r=g\",\"contentUrl\":\"https:\\\/\\\/secure.gravatar.com\\\/avatar\\\/88a9288fc13369cb9e30359afa340f8adace82098c18ff09415c6dacd710ddc4?s=96&d=mm&r=g\",\"caption\":\"Fabien Bonnet\"}}]}<\/script>\n<!-- \/ Yoast SEO plugin. -->","yoast_head_json":{"title":"\u00c9dito - Pour des sciences ouvertes de l\u2019information et de la communication","description":"\u00c0 quelques encablures de Bordeaux et de notre congr\u00e8s, nous sommes heureux et fiers de partager quelques \u00e9l\u00e9ments de bilan pour cette mandature.","robots":{"index":"index","follow":"follow","max-snippet":"max-snippet:-1","max-image-preview":"max-image-preview:large","max-video-preview":"max-video-preview:-1"},"canonical":"https:\/\/www.sfsic.org\/en\/edito\/edito-pour-des-sciences-ouvertes-de-linformation-et-de-la-communication\/","og_locale":"en_US","og_type":"article","og_title":"\u00c9dito - Pour des sciences ouvertes de l\u2019information et de la communication","og_description":"\u00c0 quelques encablures de Bordeaux et de notre congr\u00e8s, nous sommes heureux et fiers de partager quelques \u00e9l\u00e9ments de bilan pour cette mandature.","og_url":"https:\/\/www.sfsic.org\/en\/edito\/edito-pour-des-sciences-ouvertes-de-linformation-et-de-la-communication\/","og_site_name":"SFSIC","article_published_time":"2023-06-08T08:51:28+00:00","article_modified_time":"2023-06-08T09:53:53+00:00","author":"Fabien Bonnet","twitter_card":"summary_large_image","schema":{"@context":"https:\/\/schema.org","@graph":[{"@type":"Article","@id":"https:\/\/www.sfsic.org\/en\/edito\/edito-pour-des-sciences-ouvertes-de-linformation-et-de-la-communication\/#article","isPartOf":{"@id":"https:\/\/www.sfsic.org\/en\/edito\/edito-pour-des-sciences-ouvertes-de-linformation-et-de-la-communication\/"},"author":{"name":"Fabien Bonnet","@id":"https:\/\/www.sfsic.org\/en\/#\/schema\/person\/9f83573bda33f40c68c7c826e9567df6"},"headline":"\u00c9dito &#8211; Pour des sciences ouvertes de l\u2019information et de la communication","datePublished":"2023-06-08T08:51:28+00:00","dateModified":"2023-06-08T09:53:53+00:00","mainEntityOfPage":{"@id":"https:\/\/www.sfsic.org\/en\/edito\/edito-pour-des-sciences-ouvertes-de-linformation-et-de-la-communication\/"},"wordCount":679,"publisher":{"@id":"https:\/\/www.sfsic.org\/en\/#organization"},"keywords":["Congr\u00e8s","Formation","GER - Groupes d'\u00e9tudes et recherche","HAL","Science ouverte","SFSIC"],"articleSection":["\u00c9ditos"],"inLanguage":"en-US"},{"@type":"WebPage","@id":"https:\/\/www.sfsic.org\/en\/edito\/edito-pour-des-sciences-ouvertes-de-linformation-et-de-la-communication\/","url":"https:\/\/www.sfsic.org\/en\/edito\/edito-pour-des-sciences-ouvertes-de-linformation-et-de-la-communication\/","name":"\u00c9dito - Pour des sciences ouvertes de l\u2019information et de la communication","isPartOf":{"@id":"https:\/\/www.sfsic.org\/en\/#website"},"datePublished":"2023-06-08T08:51:28+00:00","dateModified":"2023-06-08T09:53:53+00:00","description":"\u00c0 quelques encablures de Bordeaux et de notre congr\u00e8s, nous sommes heureux et fiers de partager quelques \u00e9l\u00e9ments de bilan pour cette mandature.","breadcrumb":{"@id":"https:\/\/www.sfsic.org\/en\/edito\/edito-pour-des-sciences-ouvertes-de-linformation-et-de-la-communication\/#breadcrumb"},"inLanguage":"en-US","potentialAction":[{"@type":"ReadAction","target":["https:\/\/www.sfsic.org\/en\/edito\/edito-pour-des-sciences-ouvertes-de-linformation-et-de-la-communication\/"]}]},{"@type":"BreadcrumbList","@id":"https:\/\/www.sfsic.org\/en\/edito\/edito-pour-des-sciences-ouvertes-de-linformation-et-de-la-communication\/#breadcrumb","itemListElement":[{"@type":"ListItem","position":1,"name":"Accueil","item":"https:\/\/www.sfsic.org\/en\/"},{"@type":"ListItem","position":2,"name":"Editorial","item":"https:\/\/www.sfsic.org\/en\/editorial\/"},{"@type":"ListItem","position":3,"name":"\u00c9dito &#8211; Pour des sciences ouvertes de l\u2019information et de la communication"}]},{"@type":"WebSite","@id":"https:\/\/www.sfsic.org\/en\/#website","url":"https:\/\/www.sfsic.org\/en\/","name":"SFSIC","description":"Soci\u00e9t\u00e9 Fran\u00e7aise des Sciences de l&#039;Information &amp; de la Communication","publisher":{"@id":"https:\/\/www.sfsic.org\/en\/#organization"},"potentialAction":[{"@type":"SearchAction","target":{"@type":"EntryPoint","urlTemplate":"https:\/\/www.sfsic.org\/en\/?s={search_term_string}"},"query-input":{"@type":"PropertyValueSpecification","valueRequired":true,"valueName":"search_term_string"}}],"inLanguage":"en-US"},{"@type":"Organization","@id":"https:\/\/www.sfsic.org\/en\/#organization","name":"SFSIC","url":"https:\/\/www.sfsic.org\/en\/","logo":{"@type":"ImageObject","inLanguage":"en-US","@id":"https:\/\/www.sfsic.org\/en\/#\/schema\/logo\/image\/","url":"https:\/\/www.sfsic.org\/wp-inside\/uploads\/2020\/05\/logo-sfsic.jpg","contentUrl":"https:\/\/www.sfsic.org\/wp-inside\/uploads\/2020\/05\/logo-sfsic.jpg","width":1085,"height":1080,"caption":"SFSIC"},"image":{"@id":"https:\/\/www.sfsic.org\/en\/#\/schema\/logo\/image\/"}},{"@type":"Person","@id":"https:\/\/www.sfsic.org\/en\/#\/schema\/person\/9f83573bda33f40c68c7c826e9567df6","name":"Fabien Bonnet","image":{"@type":"ImageObject","inLanguage":"en-US","@id":"https:\/\/secure.gravatar.com\/avatar\/88a9288fc13369cb9e30359afa340f8adace82098c18ff09415c6dacd710ddc4?s=96&d=mm&r=g","url":"https:\/\/secure.gravatar.com\/avatar\/88a9288fc13369cb9e30359afa340f8adace82098c18ff09415c6dacd710ddc4?s=96&d=mm&r=g","contentUrl":"https:\/\/secure.gravatar.com\/avatar\/88a9288fc13369cb9e30359afa340f8adace82098c18ff09415c6dacd710ddc4?s=96&d=mm&r=g","caption":"Fabien Bonnet"}}]}},"_links":{"self":[{"href":"https:\/\/www.sfsic.org\/en\/wp-json\/wp\/v2\/posts\/28971","targetHints":{"allow":["GET"]}}],"collection":[{"href":"https:\/\/www.sfsic.org\/en\/wp-json\/wp\/v2\/posts"}],"about":[{"href":"https:\/\/www.sfsic.org\/en\/wp-json\/wp\/v2\/types\/post"}],"author":[{"embeddable":true,"href":"https:\/\/www.sfsic.org\/en\/wp-json\/wp\/v2\/users\/957"}],"replies":[{"embeddable":true,"href":"https:\/\/www.sfsic.org\/en\/wp-json\/wp\/v2\/comments?post=28971"}],"version-history":[{"count":4,"href":"https:\/\/www.sfsic.org\/en\/wp-json\/wp\/v2\/posts\/28971\/revisions"}],"predecessor-version":[{"id":29218,"href":"https:\/\/www.sfsic.org\/en\/wp-json\/wp\/v2\/posts\/28971\/revisions\/29218"}],"wp:attachment":[{"href":"https:\/\/www.sfsic.org\/en\/wp-json\/wp\/v2\/media?parent=28971"}],"wp:term":[{"taxonomy":"category","embeddable":true,"href":"https:\/\/www.sfsic.org\/en\/wp-json\/wp\/v2\/categories?post=28971"},{"taxonomy":"post_tag","embeddable":true,"href":"https:\/\/www.sfsic.org\/en\/wp-json\/wp\/v2\/tags?post=28971"},{"taxonomy":"thematique","embeddable":true,"href":"https:\/\/www.sfsic.org\/en\/wp-json\/wp\/v2\/thematique?post=28971"},{"taxonomy":"sfsic","embeddable":true,"href":"https:\/\/www.sfsic.org\/en\/wp-json\/wp\/v2\/sfsic?post=28971"}],"curies":[{"name":"wp","href":"https:\/\/api.w.org\/{rel}","templated":true}]}}