{"id":28598,"date":"2023-05-10T12:11:21","date_gmt":"2023-05-10T10:11:21","guid":{"rendered":"https:\/\/www.sfsic.org\/?p=28598"},"modified":"2023-05-10T12:12:20","modified_gmt":"2023-05-10T10:12:20","slug":"prix-de-these-de-la-sfsic","status":"publish","type":"post","link":"https:\/\/www.sfsic.org\/en\/divers\/prix-de-these-de-la-sfsic\/","title":{"rendered":"Prix de th\u00e8se de la SFSIC"},"content":{"rendered":"<p><!-- fxzn:singledetail --><\/p>\n<div class=\"zone zn-singledetail\" id=\"fxzn-singledetail-1\">\n<div class=\"zone-block zn-singledetail-block alignwide va-top\">\n<div class=\"row\">\n<div class=\"columns large-8 large-push-4\">\n<div class=\"zn-singledetail-metabox\">\n<div class=\"zn-singledetail-pubdate pubdate\">\n\t\t\t\t\t<span class=\"pubdate-txt\">Mis en ligne le<\/span><span class=\"doubledot\"><\/span> <time class=\"pubdate-time\" pubdate datetime=\"2023-05-10T12:11:21+02:00\">10 mai 2023<\/time>\t\t\t\t<\/div>\n<\/p><\/div>\n<\/p><\/div>\n<\/p><\/div>\n<div class=\"row\">\n<div class=\"columns large-4\">\n<div class=\"zn-singledetail-sidebar bg-cornersquares\">\n<div class=\"zn-singledetail-infos\">\n<p class=\"zn-singledetail-reponse-date\">\n\t\t\t\t\t\t<span>R\u00e9ponse attendue pour le<\/span><span class=\"doubledot\"><\/span> <strong>31\/12\/2023<\/strong>\n\t\t\t\t\t<\/p>\n<\/p><\/div>\n<div class=\"zn-singledetail-contacts\">\n<h3 class=\"zn-singledetail-section-title\">Contacts<\/h3>\n<ul class=\"zn-singledetail-contacts-list\">\n<li class=\"zn-singledetail-contact\">\n\t\t\t\t\t\t\t<span class=\"zn-singledetail-contact-name\">Pauline Escande-Gauqui\u00e9<\/span><span class=\"doubledot\"><\/span><br \/>\n\t\t\t\t\t\t\t\t\t\t\t\t\t\t<a class=\"zn-singledetail-contact-mail prettylink\" href=\"mailto:prix@sfsic.org\">prix@sfsic.org<\/a>\n\t\t\t\t\t\t\t\t\t\t\t\t\t<\/li>\n<\/ul><\/div>\n<\/p><\/div>\n<\/p><\/div>\n<div class=\"columns large-8\">\n<div class=\"zn-singledetail-contentbox\">\n<div class=\"zn-singledetail-annonce wig-content\">\n<p>Les noms des laur\u00e9ats du 6\u00e8me Prix du jeune chercheur.e francophone en SIC sont connus. Ces derniers recevront leurs prix <span style=\"font-size: 11pt;\">\u00e0 l&rsquo;occasion du XXIIIe Congr\u00e8s de la SFSIC. Ce prix <\/span><span style=\"color: black; font-size: 11pt; font-style: normal; font-weight: 400; letter-spacing: normal; text-transform: none; white-space: normal; word-spacing: 0px; text-decoration: none;\">vise \u00e0 encourager, \u00e0 travers une distinction honorifique, les jeunes chercheur.e.s dont les travaux scientifiques ont \u00e9t\u00e9 remarqu\u00e9s pour leur qualit\u00e9 et leur originalit\u00e9.<\/span><\/p>\n<p>Nous avons re\u00e7u une quinzaine de candidatures de jeunes docteur.e.s \u00e9manant des diff\u00e9rentes entit\u00e9s en SIC, des diff\u00e9rents laboratoires et de tout le territoire.<\/p>\n<p>Notre jury \u00e9tait compos\u00e9 des membres de comit\u00e9 \u00e9ditoriaux de revues francophones en Sciences de l&rsquo;Information et de la Communication et d&rsquo;enseignant.e.s-chercheur.e.s, professeur.e.s et maitres\/maitresses de conf\u00e9rences dans nos disciplines. Chaque candidature a \u00e9t\u00e9 doublement \u00e9valu\u00e9e.<\/p>\n<p>C&rsquo;est donc avec joie que nous annon\u00e7ons que&#160;:<\/p>\n<p><strong>Le Premier Prix est decern\u00e9 \u00e0 &#160;:<\/strong><\/p>\n<p>Flore DI SCIULLO<\/p>\n<p>sous la direction de Fr\u00e9d\u00e9ric Lambert<\/p>\n<p>Intitul\u00e9 de la th\u00e8se&#160;: \u00ab&#160;Art press, une archive du contemporain. Histoire et s\u00e9miotique d\u2019un p\u00e9riodique dans le champ \u00e9largi de l\u2019art&#160;\u00bb<\/p>\n<p>&nbsp;<\/p>\n<p><strong>Le Deuxi\u00e8me Prix ex aequo est d\u00e9cern\u00e9 \u00e0 &#160;:<\/strong><\/p>\n<p>Ir\u00e8ne DESPONTIN LEFEVRE<\/p>\n<p>sous la co-direction de Tristan Mattelart et Maxime Cervulle<\/p>\n<p>Intitul\u00e9 de la th\u00e8se&#160;: \u00a0\u00ab&#160;De #MeToo a\u0300 #NousToutes&#160;: s\u2019organiser, mobiliser et interpeller en termes f\u00e9ministes a\u0300 l\u2019\u00e8re du num\u00e9rique&#160;\u00bb<\/p>\n<p>&nbsp;<\/p>\n<p>Morgane BELHADI<\/p>\n<p>sous la direction de Jamil Jean-Marc Dakhlia<\/p>\n<p>Intitul\u00e9 de la th\u00e8se&#160;: \u00ab&#160;Populisme et affiches politiques en France&#160;: vers une nouvelle esth\u00e9tique&#160;? Une analyse compar\u00e9e du Front national, du Rassemblement national, du Front de gauche et de la France insoumise (1972-2022) &#160;\u00bb<\/p>\n<p>&nbsp;<\/p>\n<\/p><\/div>\n<div class=\"zn-singledetail-partners\">\n<h3 class=\"zn-singledetail-section-title\">Institutions<\/h3>\n<div class=\"zn-singledetail-partners-list row small-up-2 medium-up-3 large-up-5 partnerlist\" data-equalizer data-equalize-on=\"medium\">\n<article class=\"summarypartner partner-15809 column\">\n\t<a class=\"summarypartner-box\" href=\"http:\/\/www.sfsic.org\" title=\"SFSIC\">\t\t<\/p>\n<div class=\"summarypartner-box-inner\" data-equalizer-watch>\n<div class=\"summarypartner-imgbox\">\n<figure class=\"summarypartner-figure\">\n\t\t\t\t\t<img decoding=\"async\" class=\"summarypartner-img\" src=\"https:\/\/www.sfsic.org\/wp-inside\/uploads\/2020\/05\/logo-sfsic-320x318.jpg\" alt=\"Logo de la Soci\u00e9t\u00e9 Fran\u00e7aise des Sciences de l'Information et de la Communication\" ><br \/>\n\t\t\t\t\t\t\t\t\t<\/figure>\n<\/p><\/div>\n<div class=\"summarypartner-content\">\n<div class=\"summarypartner-content-inner\">\n<header class=\"summarypartner-header\">\n<h3 class=\"summarypartner-title\">\n\t\t\t\t\t\t\tSFSIC\t\t\t\t\t\t<\/h3>\n<p class=\"summarypartner-acronym\">\n\t\t\t\t\t\t\tSFSIC\t\t\t\t\t\t<\/p>\n<\/header><\/div>\n<\/p><\/div>\n<\/p><\/div>\n<p>\t<\/a><\/article>\n<\/p><\/div>\n<\/p><\/div>\n<div class=\"zn-singledetail-keywords\">\n<h3 class=\"zn-singledetail-section-title\">Mots-cl\u00e9s<\/h3>\n<ul class=\"termslist termslist-post_tag\">\n<li class=\"termslist-item termslist-title\"><span class=\"termslist-titletxt\">Mots-cl\u00e9s<\/span><span class=\"doubledot\"><\/span><\/li>\n<li class=\"termslist-item tax-post_tag term-jeunes-chercheurs\"><a class=\"termslist-itemlink\" href=\"https:\/\/www.sfsic.org\/tag\/jeunes-chercheurs\/\" title=\"Jeunes chercheurs\"><span class=\"termslist-itemname\">Jeunes chercheurs<\/span><\/a><\/li>\n<li class=\"termslist-item tax-post_tag term-prix\"><a class=\"termslist-itemlink\" href=\"https:\/\/www.sfsic.org\/tag\/prix\/\" title=\"Prix\"><span class=\"termslist-itemname\">Prix<\/span><\/a><\/li>\n<\/ul><\/div>\n<\/p><\/div>\n<\/p><\/div>\n<\/p><\/div>\n<\/p><\/div>\n<\/div>\n<p><!-- \/fxzn:singledetail --><\/p>\n","protected":false},"excerpt":{"rendered":"<p>Mis en ligne le 10 mai 2023 R\u00e9ponse attendue pour le 31\/12\/2023 Contacts Pauline Escande-Gauqui\u00e9 prix@sfsic.org Les noms des laur\u00e9ats du 6\u00e8me Prix du jeune chercheur.e francophone en SIC sont [&hellip;]<\/p>\n","protected":false},"author":957,"featured_media":0,"comment_status":"closed","ping_status":"closed","sticky":false,"template":"","format":"standard","meta":{"_acf_changed":false,"footnotes":""},"categories":[56],"tags":[810,837],"thematique":[],"sfsic":[26],"class_list":["post-28598","post","type-post","status-publish","format-standard","hentry","category-divers","tag-jeunes-chercheurs","tag-prix","sfsic-actualites","wp-sticky"],"acf":[],"yoast_head":"<!-- This site is optimized with the Yoast SEO plugin v27.5 - https:\/\/yoast.com\/product\/yoast-seo-wordpress\/ -->\n<title>Prix de th\u00e8se de la SFSIC<\/title>\n<meta name=\"description\" content=\"Les noms des laur\u00e9ats du 6\u00e8me Prix du jeune chercheur.e francophone en SIC sont connus depuis ce matin.\" \/>\n<meta name=\"robots\" content=\"index, follow, max-snippet:-1, max-image-preview:large, max-video-preview:-1\" \/>\n<link rel=\"canonical\" href=\"https:\/\/www.sfsic.org\/en\/divers\/prix-de-these-de-la-sfsic\/\" \/>\n<meta property=\"og:locale\" content=\"en_US\" \/>\n<meta property=\"og:type\" content=\"article\" \/>\n<meta property=\"og:title\" content=\"Prix de th\u00e8se de la SFSIC\" \/>\n<meta property=\"og:description\" content=\"Les noms des laur\u00e9ats du 6\u00e8me Prix du jeune chercheur.e francophone en SIC sont connus depuis ce matin.\" \/>\n<meta property=\"og:url\" content=\"https:\/\/www.sfsic.org\/en\/divers\/prix-de-these-de-la-sfsic\/\" \/>\n<meta property=\"og:site_name\" content=\"SFSIC\" \/>\n<meta property=\"article:published_time\" content=\"2023-05-10T10:11:21+00:00\" \/>\n<meta property=\"article:modified_time\" content=\"2023-05-10T10:12:20+00:00\" \/>\n<meta property=\"og:image\" content=\"https:\/\/www.sfsic.org\/wp-inside\/uploads\/2020\/05\/logo-sfsic-320x318.jpg\" \/>\n<meta name=\"author\" content=\"Fabien Bonnet\" \/>\n<meta name=\"twitter:card\" content=\"summary_large_image\" \/>\n<script type=\"application\/ld+json\" class=\"yoast-schema-graph\">{\"@context\":\"https:\\\/\\\/schema.org\",\"@graph\":[{\"@type\":\"Article\",\"@id\":\"https:\\\/\\\/www.sfsic.org\\\/en\\\/divers\\\/prix-de-these-de-la-sfsic\\\/#article\",\"isPartOf\":{\"@id\":\"https:\\\/\\\/www.sfsic.org\\\/en\\\/divers\\\/prix-de-these-de-la-sfsic\\\/\"},\"author\":{\"name\":\"Fabien Bonnet\",\"@id\":\"https:\\\/\\\/www.sfsic.org\\\/en\\\/#\\\/schema\\\/person\\\/9f83573bda33f40c68c7c826e9567df6\"},\"headline\":\"Prix de th\u00e8se de la SFSIC\",\"datePublished\":\"2023-05-10T10:11:21+00:00\",\"dateModified\":\"2023-05-10T10:12:20+00:00\",\"mainEntityOfPage\":{\"@id\":\"https:\\\/\\\/www.sfsic.org\\\/en\\\/divers\\\/prix-de-these-de-la-sfsic\\\/\"},\"wordCount\":318,\"publisher\":{\"@id\":\"https:\\\/\\\/www.sfsic.org\\\/en\\\/#organization\"},\"image\":{\"@id\":\"https:\\\/\\\/www.sfsic.org\\\/en\\\/divers\\\/prix-de-these-de-la-sfsic\\\/#primaryimage\"},\"thumbnailUrl\":\"https:\\\/\\\/www.sfsic.org\\\/wp-inside\\\/uploads\\\/2020\\\/05\\\/logo-sfsic-320x318.jpg\",\"keywords\":[\"Jeunes chercheurs\",\"Prix\"],\"articleSection\":[\"Divers\"],\"inLanguage\":\"en-US\"},{\"@type\":\"WebPage\",\"@id\":\"https:\\\/\\\/www.sfsic.org\\\/en\\\/divers\\\/prix-de-these-de-la-sfsic\\\/\",\"url\":\"https:\\\/\\\/www.sfsic.org\\\/en\\\/divers\\\/prix-de-these-de-la-sfsic\\\/\",\"name\":\"Prix de th\u00e8se de la SFSIC\",\"isPartOf\":{\"@id\":\"https:\\\/\\\/www.sfsic.org\\\/en\\\/#website\"},\"primaryImageOfPage\":{\"@id\":\"https:\\\/\\\/www.sfsic.org\\\/en\\\/divers\\\/prix-de-these-de-la-sfsic\\\/#primaryimage\"},\"image\":{\"@id\":\"https:\\\/\\\/www.sfsic.org\\\/en\\\/divers\\\/prix-de-these-de-la-sfsic\\\/#primaryimage\"},\"thumbnailUrl\":\"https:\\\/\\\/www.sfsic.org\\\/wp-inside\\\/uploads\\\/2020\\\/05\\\/logo-sfsic-320x318.jpg\",\"datePublished\":\"2023-05-10T10:11:21+00:00\",\"dateModified\":\"2023-05-10T10:12:20+00:00\",\"description\":\"Les noms des laur\u00e9ats du 6\u00e8me Prix du jeune chercheur.e francophone en SIC sont connus depuis ce matin.\",\"breadcrumb\":{\"@id\":\"https:\\\/\\\/www.sfsic.org\\\/en\\\/divers\\\/prix-de-these-de-la-sfsic\\\/#breadcrumb\"},\"inLanguage\":\"en-US\",\"potentialAction\":[{\"@type\":\"ReadAction\",\"target\":[\"https:\\\/\\\/www.sfsic.org\\\/en\\\/divers\\\/prix-de-these-de-la-sfsic\\\/\"]}]},{\"@type\":\"ImageObject\",\"inLanguage\":\"en-US\",\"@id\":\"https:\\\/\\\/www.sfsic.org\\\/en\\\/divers\\\/prix-de-these-de-la-sfsic\\\/#primaryimage\",\"url\":\"https:\\\/\\\/www.sfsic.org\\\/wp-inside\\\/uploads\\\/2020\\\/05\\\/logo-sfsic-320x318.jpg\",\"contentUrl\":\"https:\\\/\\\/www.sfsic.org\\\/wp-inside\\\/uploads\\\/2020\\\/05\\\/logo-sfsic-320x318.jpg\"},{\"@type\":\"BreadcrumbList\",\"@id\":\"https:\\\/\\\/www.sfsic.org\\\/en\\\/divers\\\/prix-de-these-de-la-sfsic\\\/#breadcrumb\",\"itemListElement\":[{\"@type\":\"ListItem\",\"position\":1,\"name\":\"Accueil\",\"item\":\"https:\\\/\\\/www.sfsic.org\\\/en\\\/\"},{\"@type\":\"ListItem\",\"position\":2,\"name\":\"Miscellaneous\",\"item\":\"https:\\\/\\\/www.sfsic.org\\\/en\\\/miscellaneous\\\/\"},{\"@type\":\"ListItem\",\"position\":3,\"name\":\"Prix de th\u00e8se de la SFSIC\"}]},{\"@type\":\"WebSite\",\"@id\":\"https:\\\/\\\/www.sfsic.org\\\/en\\\/#website\",\"url\":\"https:\\\/\\\/www.sfsic.org\\\/en\\\/\",\"name\":\"SFSIC\",\"description\":\"Soci\u00e9t\u00e9 Fran\u00e7aise des Sciences de l&#039;Information &amp; de la Communication\",\"publisher\":{\"@id\":\"https:\\\/\\\/www.sfsic.org\\\/en\\\/#organization\"},\"potentialAction\":[{\"@type\":\"SearchAction\",\"target\":{\"@type\":\"EntryPoint\",\"urlTemplate\":\"https:\\\/\\\/www.sfsic.org\\\/en\\\/?s={search_term_string}\"},\"query-input\":{\"@type\":\"PropertyValueSpecification\",\"valueRequired\":true,\"valueName\":\"search_term_string\"}}],\"inLanguage\":\"en-US\"},{\"@type\":\"Organization\",\"@id\":\"https:\\\/\\\/www.sfsic.org\\\/en\\\/#organization\",\"name\":\"SFSIC\",\"url\":\"https:\\\/\\\/www.sfsic.org\\\/en\\\/\",\"logo\":{\"@type\":\"ImageObject\",\"inLanguage\":\"en-US\",\"@id\":\"https:\\\/\\\/www.sfsic.org\\\/en\\\/#\\\/schema\\\/logo\\\/image\\\/\",\"url\":\"https:\\\/\\\/www.sfsic.org\\\/wp-inside\\\/uploads\\\/2020\\\/05\\\/logo-sfsic.jpg\",\"contentUrl\":\"https:\\\/\\\/www.sfsic.org\\\/wp-inside\\\/uploads\\\/2020\\\/05\\\/logo-sfsic.jpg\",\"width\":1085,\"height\":1080,\"caption\":\"SFSIC\"},\"image\":{\"@id\":\"https:\\\/\\\/www.sfsic.org\\\/en\\\/#\\\/schema\\\/logo\\\/image\\\/\"}},{\"@type\":\"Person\",\"@id\":\"https:\\\/\\\/www.sfsic.org\\\/en\\\/#\\\/schema\\\/person\\\/9f83573bda33f40c68c7c826e9567df6\",\"name\":\"Fabien Bonnet\",\"image\":{\"@type\":\"ImageObject\",\"inLanguage\":\"en-US\",\"@id\":\"https:\\\/\\\/secure.gravatar.com\\\/avatar\\\/88a9288fc13369cb9e30359afa340f8adace82098c18ff09415c6dacd710ddc4?s=96&d=mm&r=g\",\"url\":\"https:\\\/\\\/secure.gravatar.com\\\/avatar\\\/88a9288fc13369cb9e30359afa340f8adace82098c18ff09415c6dacd710ddc4?s=96&d=mm&r=g\",\"contentUrl\":\"https:\\\/\\\/secure.gravatar.com\\\/avatar\\\/88a9288fc13369cb9e30359afa340f8adace82098c18ff09415c6dacd710ddc4?s=96&d=mm&r=g\",\"caption\":\"Fabien Bonnet\"}}]}<\/script>\n<!-- \/ Yoast SEO plugin. -->","yoast_head_json":{"title":"Prix de th\u00e8se de la SFSIC","description":"Les noms des laur\u00e9ats du 6\u00e8me Prix du jeune chercheur.e francophone en SIC sont connus depuis ce matin.","robots":{"index":"index","follow":"follow","max-snippet":"max-snippet:-1","max-image-preview":"max-image-preview:large","max-video-preview":"max-video-preview:-1"},"canonical":"https:\/\/www.sfsic.org\/en\/divers\/prix-de-these-de-la-sfsic\/","og_locale":"en_US","og_type":"article","og_title":"Prix de th\u00e8se de la SFSIC","og_description":"Les noms des laur\u00e9ats du 6\u00e8me Prix du jeune chercheur.e francophone en SIC sont connus depuis ce matin.","og_url":"https:\/\/www.sfsic.org\/en\/divers\/prix-de-these-de-la-sfsic\/","og_site_name":"SFSIC","article_published_time":"2023-05-10T10:11:21+00:00","article_modified_time":"2023-05-10T10:12:20+00:00","og_image":[{"url":"https:\/\/www.sfsic.org\/wp-inside\/uploads\/2020\/05\/logo-sfsic-320x318.jpg","type":"","width":"","height":""}],"author":"Fabien Bonnet","twitter_card":"summary_large_image","schema":{"@context":"https:\/\/schema.org","@graph":[{"@type":"Article","@id":"https:\/\/www.sfsic.org\/en\/divers\/prix-de-these-de-la-sfsic\/#article","isPartOf":{"@id":"https:\/\/www.sfsic.org\/en\/divers\/prix-de-these-de-la-sfsic\/"},"author":{"name":"Fabien Bonnet","@id":"https:\/\/www.sfsic.org\/en\/#\/schema\/person\/9f83573bda33f40c68c7c826e9567df6"},"headline":"Prix de th\u00e8se de la SFSIC","datePublished":"2023-05-10T10:11:21+00:00","dateModified":"2023-05-10T10:12:20+00:00","mainEntityOfPage":{"@id":"https:\/\/www.sfsic.org\/en\/divers\/prix-de-these-de-la-sfsic\/"},"wordCount":318,"publisher":{"@id":"https:\/\/www.sfsic.org\/en\/#organization"},"image":{"@id":"https:\/\/www.sfsic.org\/en\/divers\/prix-de-these-de-la-sfsic\/#primaryimage"},"thumbnailUrl":"https:\/\/www.sfsic.org\/wp-inside\/uploads\/2020\/05\/logo-sfsic-320x318.jpg","keywords":["Jeunes chercheurs","Prix"],"articleSection":["Divers"],"inLanguage":"en-US"},{"@type":"WebPage","@id":"https:\/\/www.sfsic.org\/en\/divers\/prix-de-these-de-la-sfsic\/","url":"https:\/\/www.sfsic.org\/en\/divers\/prix-de-these-de-la-sfsic\/","name":"Prix de th\u00e8se de la SFSIC","isPartOf":{"@id":"https:\/\/www.sfsic.org\/en\/#website"},"primaryImageOfPage":{"@id":"https:\/\/www.sfsic.org\/en\/divers\/prix-de-these-de-la-sfsic\/#primaryimage"},"image":{"@id":"https:\/\/www.sfsic.org\/en\/divers\/prix-de-these-de-la-sfsic\/#primaryimage"},"thumbnailUrl":"https:\/\/www.sfsic.org\/wp-inside\/uploads\/2020\/05\/logo-sfsic-320x318.jpg","datePublished":"2023-05-10T10:11:21+00:00","dateModified":"2023-05-10T10:12:20+00:00","description":"Les noms des laur\u00e9ats du 6\u00e8me Prix du jeune chercheur.e francophone en SIC sont connus depuis ce matin.","breadcrumb":{"@id":"https:\/\/www.sfsic.org\/en\/divers\/prix-de-these-de-la-sfsic\/#breadcrumb"},"inLanguage":"en-US","potentialAction":[{"@type":"ReadAction","target":["https:\/\/www.sfsic.org\/en\/divers\/prix-de-these-de-la-sfsic\/"]}]},{"@type":"ImageObject","inLanguage":"en-US","@id":"https:\/\/www.sfsic.org\/en\/divers\/prix-de-these-de-la-sfsic\/#primaryimage","url":"https:\/\/www.sfsic.org\/wp-inside\/uploads\/2020\/05\/logo-sfsic-320x318.jpg","contentUrl":"https:\/\/www.sfsic.org\/wp-inside\/uploads\/2020\/05\/logo-sfsic-320x318.jpg"},{"@type":"BreadcrumbList","@id":"https:\/\/www.sfsic.org\/en\/divers\/prix-de-these-de-la-sfsic\/#breadcrumb","itemListElement":[{"@type":"ListItem","position":1,"name":"Accueil","item":"https:\/\/www.sfsic.org\/en\/"},{"@type":"ListItem","position":2,"name":"Miscellaneous","item":"https:\/\/www.sfsic.org\/en\/miscellaneous\/"},{"@type":"ListItem","position":3,"name":"Prix de th\u00e8se de la SFSIC"}]},{"@type":"WebSite","@id":"https:\/\/www.sfsic.org\/en\/#website","url":"https:\/\/www.sfsic.org\/en\/","name":"SFSIC","description":"Soci\u00e9t\u00e9 Fran\u00e7aise des Sciences de l&#039;Information &amp; de la Communication","publisher":{"@id":"https:\/\/www.sfsic.org\/en\/#organization"},"potentialAction":[{"@type":"SearchAction","target":{"@type":"EntryPoint","urlTemplate":"https:\/\/www.sfsic.org\/en\/?s={search_term_string}"},"query-input":{"@type":"PropertyValueSpecification","valueRequired":true,"valueName":"search_term_string"}}],"inLanguage":"en-US"},{"@type":"Organization","@id":"https:\/\/www.sfsic.org\/en\/#organization","name":"SFSIC","url":"https:\/\/www.sfsic.org\/en\/","logo":{"@type":"ImageObject","inLanguage":"en-US","@id":"https:\/\/www.sfsic.org\/en\/#\/schema\/logo\/image\/","url":"https:\/\/www.sfsic.org\/wp-inside\/uploads\/2020\/05\/logo-sfsic.jpg","contentUrl":"https:\/\/www.sfsic.org\/wp-inside\/uploads\/2020\/05\/logo-sfsic.jpg","width":1085,"height":1080,"caption":"SFSIC"},"image":{"@id":"https:\/\/www.sfsic.org\/en\/#\/schema\/logo\/image\/"}},{"@type":"Person","@id":"https:\/\/www.sfsic.org\/en\/#\/schema\/person\/9f83573bda33f40c68c7c826e9567df6","name":"Fabien Bonnet","image":{"@type":"ImageObject","inLanguage":"en-US","@id":"https:\/\/secure.gravatar.com\/avatar\/88a9288fc13369cb9e30359afa340f8adace82098c18ff09415c6dacd710ddc4?s=96&d=mm&r=g","url":"https:\/\/secure.gravatar.com\/avatar\/88a9288fc13369cb9e30359afa340f8adace82098c18ff09415c6dacd710ddc4?s=96&d=mm&r=g","contentUrl":"https:\/\/secure.gravatar.com\/avatar\/88a9288fc13369cb9e30359afa340f8adace82098c18ff09415c6dacd710ddc4?s=96&d=mm&r=g","caption":"Fabien Bonnet"}}]}},"_links":{"self":[{"href":"https:\/\/www.sfsic.org\/en\/wp-json\/wp\/v2\/posts\/28598","targetHints":{"allow":["GET"]}}],"collection":[{"href":"https:\/\/www.sfsic.org\/en\/wp-json\/wp\/v2\/posts"}],"about":[{"href":"https:\/\/www.sfsic.org\/en\/wp-json\/wp\/v2\/types\/post"}],"author":[{"embeddable":true,"href":"https:\/\/www.sfsic.org\/en\/wp-json\/wp\/v2\/users\/957"}],"replies":[{"embeddable":true,"href":"https:\/\/www.sfsic.org\/en\/wp-json\/wp\/v2\/comments?post=28598"}],"version-history":[{"count":2,"href":"https:\/\/www.sfsic.org\/en\/wp-json\/wp\/v2\/posts\/28598\/revisions"}],"predecessor-version":[{"id":28600,"href":"https:\/\/www.sfsic.org\/en\/wp-json\/wp\/v2\/posts\/28598\/revisions\/28600"}],"wp:attachment":[{"href":"https:\/\/www.sfsic.org\/en\/wp-json\/wp\/v2\/media?parent=28598"}],"wp:term":[{"taxonomy":"category","embeddable":true,"href":"https:\/\/www.sfsic.org\/en\/wp-json\/wp\/v2\/categories?post=28598"},{"taxonomy":"post_tag","embeddable":true,"href":"https:\/\/www.sfsic.org\/en\/wp-json\/wp\/v2\/tags?post=28598"},{"taxonomy":"thematique","embeddable":true,"href":"https:\/\/www.sfsic.org\/en\/wp-json\/wp\/v2\/thematique?post=28598"},{"taxonomy":"sfsic","embeddable":true,"href":"https:\/\/www.sfsic.org\/en\/wp-json\/wp\/v2\/sfsic?post=28598"}],"curies":[{"name":"wp","href":"https:\/\/api.w.org\/{rel}","templated":true}]}}