{"id":28376,"date":"2023-04-14T10:08:43","date_gmt":"2023-04-14T08:08:43","guid":{"rendered":"https:\/\/www.sfsic.org\/?p=28376"},"modified":"2023-04-14T10:08:44","modified_gmt":"2023-04-14T08:08:44","slug":"ordres-et-desordres-informationnels-le-journalisme-a-lepreuve-de-lia-et-des-data","status":"publish","type":"post","link":"https:\/\/www.sfsic.org\/en\/aac-evenement\/ordres-et-desordres-informationnels-le-journalisme-a-lepreuve-de-lia-et-des-data\/","title":{"rendered":"Ordres et d\u00e9sordres informationnels. Le journalisme \u00e0 l&#8217;\u00e9preuve de l&#8217;IA et des data"},"content":{"rendered":"<p><!-- fxzn:singledetail --><\/p>\n<div class=\"zone zn-singledetail\" id=\"fxzn-singledetail-1\">\n<div class=\"zone-block zn-singledetail-block alignwide va-top\">\n<div class=\"row\">\n<div class=\"columns large-8 large-push-4\">\n<div class=\"zn-singledetail-metabox\">\n<div class=\"zn-singledetail-pubdate pubdate\">\n\t\t\t\t\t<span class=\"pubdate-txt\">Mis en ligne le<\/span><span class=\"doubledot\"><\/span> <time class=\"pubdate-time\" pubdate datetime=\"2023-04-14T10:07:22+02:00\">14 avril 2023<\/time>\t\t\t\t<\/div>\n<div class=\"zn-singledetail-thematiques with-sep-comma\">\n<ul class=\"termslist termslist-thematique\">\n<li class=\"termslist-item termslist-title\"><span class=\"termslist-titletxt\">Th\u00e9matiques<\/span><span class=\"doubledot\"><\/span><\/li>\n<li class=\"termslist-item tax-thematique term-medias-et-journalisme\"><a class=\"termslist-itemlink\" href=\"https:\/\/www.sfsic.org\/thematiques\/medias-et-journalisme\/\" title=\"M\u00e9dias et journalisme\"><span class=\"termslist-itemname\">M\u00e9dias et journalisme<\/span><\/a><\/li>\n<li class=\"termslist-item tax-thematique term-numerique-strategies-dispositifs-et-usages\"><a class=\"termslist-itemlink\" href=\"https:\/\/www.sfsic.org\/thematiques\/numerique-strategies-dispositifs-et-usages\/\" title=\"Num\u00e9rique : strat\u00e9gies, dispositifs et usages\"><span class=\"termslist-itemname\">Num\u00e9rique : strat\u00e9gies, dispositifs et usages<\/span><\/a><\/li>\n<\/ul><\/div>\n<\/p><\/div>\n<\/p><\/div>\n<\/p><\/div>\n<div class=\"row\">\n<div class=\"columns large-4\">\n<div class=\"zn-singledetail-sidebar bg-cornersquares\">\n<div class=\"zn-singledetail-infos\">\n<p class=\"zn-singledetail-reponse-date\">\n\t\t\t\t\t\t<span>R\u00e9ponse attendue pour le<\/span><span class=\"doubledot\"><\/span> <strong>16\/06\/2023<\/strong>\n\t\t\t\t\t<\/p>\n<p class=\"zn-singledetail-reponse-type\">\n\t\t\t\t\t<span>Type de r\u00e9ponse<\/span><span class=\"doubledot\"><\/span> <strong>R\u00e9sum\u00e9<\/strong>\n\t\t\t\t\t<\/p>\n<p class=\"zn-singledetail-type\">\n\t\t\t\t\t\t\t<span>Type d\u2019\u00e9v\u00e9nement<\/span><span class=\"doubledot\"><\/span> <strong>Colloque<\/strong>\n\t\t\t\t\t<\/p>\n<\/p><\/div>\n<\/p><\/div>\n<\/p><\/div>\n<div class=\"columns large-8\">\n<div class=\"zn-singledetail-contentbox\">\n<div class=\"zn-singledetail-eventinfo is-sfsic-label\">\n<div class=\"zn-singledetail-eventinfo-inner\">\n<h3 class=\"zn-singledetail-section-title zn-singledetail-eventinfo-title\">\u00c9v\u00e9nement labellis\u00e9 SFSIC<\/h3>\n<div class=\"zn-singledetail-eventdates\">\n\t\t\t\t\t\t<span class=\"zn-singledetail-label\">Dates de l\u2019\u00e9v\u00e9nement<span class=\"doubledot\"><\/span><\/span><\/p>\n<ul class=\"zn-singledetail-eventdates-list\">\n<li class=\"zn-singledetail-eventdates-item\">\n\t\t\t\t\t\t\t\tDu <time class=\"event-start-time\" datetime=\"2023-10-26T00:00:00+00:00\">26\/10\/2023<\/time> au <time class=\"event-end-time\" datetime=\"2023-10-28T00:00:00+00:00\">28\/10\/2023<\/time>\t\t\t\t\t\t\t<\/li>\n<\/ul><\/div>\n<p class=\"zn-singledetail-eventplace\">\n\t\t\t\t\t\t<span class=\"zn-singledetail-label\">Lieu de l\u2019\u00e9v\u00e9nement<span class=\"doubledot\"><\/span><\/span><br \/>\n\t\t\t\t\t\t<span class=\"zn-singledetail-eventplace-adr\"><br \/>\n\t\t\t\t\t\t\t\t\t\t\t\t<span class=\"adr-name\">Universit\u00e9 Vasile Alecsandri<\/span>,<\/p>\n<p>\t\t\t\t\t\t<span class=\"adr-city\">Bac\u0103u<\/span>\t\t\t\t\t\t, <span class=\"adr-country\">Roumanie<\/span><br \/>\n\t\t\t\t\t\t<\/span>\t\t\t\t\t<\/p>\n<\/p><\/div>\n<\/p><\/div>\n<div class=\"zn-singledetail-annonce wig-content\">\n<div class=\"page\" title=\"Page 2\">\n<div class=\"layoutArea\">\n<div class=\"column\">\n<p>Le XXVI\u00e8me colloque franco-roumain en SIC se tiendra du 26 au 28 octobre 2023 \u00e0 l&rsquo;Universit\u00e9\u00a0<span style=\"font-size: inherit;\">Vasile Alecsandri de Baca\u0306u. Cette \u00e9dition sera consacr\u00e9e \u00e0 la th\u00e9matique \u00ab&#160;<\/span>Ordres et d\u00e9sordres informationnels. Le journalisme \u00e0 l\u2019\u00e9preuve de l\u2019IA et des data&#160;\u00bb.<\/p>\n<p>Cet \u00e9v\u00e9nement est labellis\u00e9 par la SFSIC.<\/p>\n<h2>Appel \u00e0 contributions<\/h2>\n<section id=\"block-bandeaucontratderecherche\" class=\"block block-block-content block-block-contenta57b4df6-08b0-47d2-b877-0b05adfbf281 clearfix\">\n<div class=\"layout layout--onecol\">\n<div class=\"layout__region layout__region--content\">\n<div class=\"field field--name-field-image field--type-image field--label-hidden field--item\"><span style=\"font-size: inherit;\">La guerre en Ukraine, la pande\u0301mie de la Covid-19 ou encore le de\u0301re\u0300glement climatique constituent une conjugaison de crises simultane\u0301es, des \u00ab&#160;moments re\u0301ve\u0301lateurs des fractures sociales, territoriales, e\u0301conomiques [&#8230;] qui traversent nos socie\u0301te\u0301s actuelles&#160;\u00bb (Geisser, 2020),semant le doute chez de nombreux citoyens quant a\u0300 la capacite\u0301 des syste\u0300mes de\u0301mocratiques a\u0300 faire face aux de\u0301fis de notre temps. Ces crises encheve\u0302tre\u0301es ont aussi renforce\u0301 la de\u0301fiance a\u0300 l\u2019e\u0301gard des me\u0301dias traditionnels et ont conduit les individus a\u0300 recourir davantage aux re\u0301seaux socionume\u0301riques ainsi qu\u2019aux me\u0301dias alternatifs et\/ou de re\u0301information, notamment en ligne, pour s\u2019informer et comprendre les e\u0301ve\u0301nements, partager l\u2019information, tisser des liens. Dans ce contexte de crises, d\u2019e\u0301volutions socie\u0301tales et technologiques, la production de l\u2019information e\u0301volue, les pratiques professionnelles au sein des re\u0301dactions se recomposent, l\u2019usage des me\u0301triques quantifie les performances de diffusion des informations, et le recours aux traitements algorithmiques (IA) de grandes masses de donne\u0301es (big data) se banalise. Tout ceci conduit a\u0300 interroger les nouveaux \u00ab&#160;ordres&#160;\u00bb qui re\u0301gissent la production, ladiffusion et la re\u0301ception de l\u2019information, notamment au sein des espaces nume\u0301riques, ainsi que les risques de \u00ab&#160;de\u0301sordre informationnel&#160;\u00bb qui les accompagnent&#160;: infobe\u0301site\u0301, confusion, de\u0301sinformation, manipulation de l\u2019opinion publique (Wardle, 2018). Quatre axes seront ici privile\u0301gie\u0301s&#160;:<\/span><\/div>\n<h3 class=\"field field--name-field-image field--type-image field--label-hidden field--item\"><span style=\"font-size: inherit;\">Axe 1. Journalistes, usagers, publics&#160;: nouveaux sche\u0301mas de production de contenus&#160;?<\/span><\/h3>\n<div class=\"field field--name-field-image field--type-image field--label-hidden field--item\"><span style=\"font-size: inherit;\">Dans un contexte ou\u0300 la frontie\u0300re entre producteurs de contenus et usagers s\u2019efface, ou\u0300 l\u2019internaute devient un agent hybride, un produser (Bruns, 2008) faisant disparai\u0302tre les gatekeepers, ce ne sont plus uniquement les journalistes qui filtrent et se\u0301lectionnent ce qui me\u0301rite d\u2019e\u0302tre conside\u0301re\u0301 comme information. Ces pratiques relevant des mouvements du journalisme citoyen (Gillmor, 2004) et\/ou participatif (Pignard-Cheynel, 2018) ont largement e\u0301te\u0301 documente\u0301es&#160;; elles contribuent a\u0300 renforcer la \u00ab&#160;dualisation des e\u0301cosyste\u0300mes informationnels&#160;\u00bb entre les journalistes et les publics (Bassoni, Lesourd, 2018).<\/span><\/div>\n<\/div>\n<\/div>\n<\/section>\n<p>Les pratiques informationnelles se re\u0301inventent au fur et a\u0300 mesure que les plateformes nume\u0301riques, au sein desquelles elles s\u2019exe\u0301cutent, font e\u0301voluer leurs services, leurs fonctionnalite\u0301s et leurs politiques d\u2019utilisation (Hermida, Mellado, 2020). Ainsi, \u00ab&#160;me\u0302me si les re\u0301seaux sociaux n\u2019ont pas comple\u0300tement de\u0301re\u0301gule\u0301 le marche\u0301 de l\u2019information, ils ont pu accentuer les divergences de pratiques informationnelles entre certains individus&#160;\u00bb (Berriche, 2021). L\u2019impact des plateformes nume\u0301riques sur les pratiques d\u2019information ne saurait e\u0302tre dissocie\u0301 de la transformation du journalisme en tant que \u00ab&#160;profession en transition&#160;\u00bb (Bossio, 2017). Quelles reconfigurations des rapports de pouvoir, d\u2019influence et d\u2019autorite\u0301 entre les producteurs de l\u2019information (me\u0301dias, publics, usagers) dans des environnements communicationnels hybride\u0301s et fragmente\u0301s&#160;? Comment ces rapports se de\u0301clinent-ils dans des contextes de crise&#160;? Comment appre\u0301hender la prolife\u0301ration des plateformes nume\u0301riques, en relation avec la dynamique des\u00a0pratiques de production et de distribution des contenus&#160;?<\/p>\n<h3>Axe 2. Pratiques journalistiques et usages de donne\u0301es massives&#160;: quels enjeux&#160;?<\/h3>\n<p>Les de\u0301fis pose\u0301s par l\u2019e\u0301volution des contextes informationnels, au croisement de l\u2019afflux de donne\u0301es massives et ouvertes, interrogent le journalisme contemporain et ses pratiques professionnelles. Le de\u0301veloppement de nouvelles techniques d\u2019enque\u0302te en ligne permettant par\u00a0<span style=\"font-size: inherit;\">exemple de couvrir des conflits (<\/span><span style=\"font-size: inherit;\">recherches satellites, e\u0301coutes, recherches open source avec\u00a0<\/span><span style=\"font-size: inherit;\">l\u2019Osint,\u00a0<\/span><span style=\"font-size: inherit;\">l\u2019<em>open source intelligence<\/em><\/span><span style=\"font-size: inherit;\">), l\u2019expansion des pratiques de fact-checking (Graves, 2017&#160;;\u00a0<\/span><span style=\"font-size: inherit;\">Graves, Amazeen, 2019), ainsi que l\u2019arrive\u0301e de nouveaux outils au sein des re\u0301dactions, comme\u00a0<\/span><span style=\"font-size: inherit;\">l\u2019automatisation du traitement de l\u2019information (Mu\u0308ller, Wiik, 2023), alimentent un de\u0301bat de\u0301ja\u0300\u00a0<\/span><span style=\"font-size: inherit;\">ancien sur le rapport entre donne\u0301es et ve\u0301rite\u0301, sur\u00a0<\/span><span style=\"font-size: inherit;\">l\u2019authenticite\u0301 des sources et de leur traitement\u00a0<\/span><span style=\"font-size: inherit;\">(Stalph, 2018). L\u2019usage des donne\u0301es dans les pratiques journalistiques est perc\u0327u comme une promesse d\u2019enrichir l\u2019investigation&#160;: enque\u0302ter, documenter, ve\u0301rifier depuis le terrain nume\u0301rique. Cependant, ce processus ne manque pas d\u2019interroger les limites e\u0301thiques du geste investigateur et il renforce les interpre\u0301tations multiples, parfois contraires, alimentant le\u00a0<\/span><span style=\"font-size: inherit;\">de\u0301sordre informationnel.\u00a0<\/span><span style=\"font-size: inherit;\">Car, de quelles \u00ab&#160;data&#160;\u00bb parle-t-on&#160;? De donne\u0301es en tant que \u00ab&#160;nouveau\u00a0<\/span><span style=\"font-size: inherit;\">rapport au terrain d\u2019investigation (les sources), ou bien de celles qui re\u0301ve\u0300lent les caracte\u0301ristiques\u00a0<\/span><span style=\"font-size: inherit;\">comportementales des destinataires de l\u2019information&#160;\u00bb\u00a0<\/span><span style=\"font-size: inherit;\">(Bassoni, Joux, 2018)&#160;?\u00a0<\/span><span style=\"font-size: inherit;\">Quel serait, par\u00a0<\/span><span style=\"font-size: inherit;\">exemple, l\u2019impact de l\u2019expansion des techniques et des pratiques de datavisualisation sur la nature de la production journalistique et le rapport aux audiences&#160;? Assiste-t-on a\u0300 une re\u0301ification du vivant ou\u0300 les journalistes seraient dore\u0301navant contraints de retranscrire toute re\u0301alite\u0301 et expe\u0301rience en donne\u0301es, mesurables et quantifiables&#160;? Quelle place alors pour les processus complexes de l\u2019enque\u0302te et de l\u2019expe\u0301rience intime du terrain&#160;? Comment envisager la place du sens et de la cre\u0301ation dans les traitements informatiques et dans les re\u0301sultats des analyses\u00a0<\/span><span style=\"font-size: inherit;\">effectue\u0301es (Bautier, 2021)&#160;?\u00a0<\/span><span style=\"font-size: inherit;\">Par ailleurs, si l<\/span><span style=\"font-size: inherit;\">\u2019adaptation du journalisme professionnel aux\u00a0<\/span><span style=\"font-size: inherit;\">nouveaux environnements e\u0301conomique, technique et social a toujours e\u0301te\u0301 consubstantielle (Ruellan, 1992), ces e\u0301volutions seraient-elles un moyen d\u2019accueillir des compe\u0301tences nouvelles,\u00a0<\/span><span style=\"font-size: inherit;\">voire de transformer la profession&#160;?<\/span><\/p>\n<h3><span style=\"font-size: inherit;\">Axe 3. IA et algorithmes&#160;: nouveaux re\u0301gulateurs des espaces nume\u0301riques&#160;?<\/span><\/h3>\n<p><span style=\"font-size: inherit;\">La diffusion des contenus a\u0300 l\u2019aide d\u2019algorithmes qui, par l\u2019apprentissage automatique (machine learning), orientent les internautes en leur montrant du contenu qui correspond a\u0300 leurs pre\u0301fe\u0301rences et a\u0300 leurs traces de navigation, peut contribuer a\u0300 renforcer les croyances et opinions de ces derniers (Fletcher et al., 2021), tout en les rendant \u00ab&#160;aveugles&#160;\u00bb (Cardon, 2016) face a\u0300 d\u2019autres points de vue. Les miroirs algorithmiques peuvent e\u0302tre utilise\u0301s excessivement pour cibler les utilisateurs de manie\u0300re discriminatoire ou pour leur montrer du contenu manipulateur&#160;: \u00ab&#160;il y a une plus grande probabilite\u0301 de ge\u0301ne\u0301rer de la de\u0301sinformation et de la me\u0301sinformation qui se re\u0301pandent rapidement par le biais des \u201cre\u0301seaux de confiance\u201d suite a\u0300 des re\u0301actions e\u0301motionnelles, par des gens qui ne sont tout simplement pas informe\u0301s et qui partagent desinformations incorrectes qu\u2019ils jugent correctes et utiles&#160;\u00bb (Posetti et al., 2019). En situation de crise, lorsque les re\u0301actions des utilisateurs sont rapides et e\u0301motionnelles, les trolls cherchent a\u0300 \u00ab&#160;e\u0301duquer&#160;\u00bb des algorithmes qui naviguent sur les re\u0301seaux socionume\u0301riques, lesquels sont soumis aux \u00ab&#160;dynamiques de circulation de l&rsquo;information favorisant les contenus sensationnalistes &#8211;\u00a0<\/span>d&rsquo;actuellement<span style=\"font-size: inherit;\">\u00a0\u00e9tablis ou non &#8211; qui attirent les clics&#160;\u00bb (Loveluck, 2017), avec parfois pour objectif celui de favoriser la provocation au nom de la liberte\u0301 d\u2019expression (Monnier et al., 2021). De ces crises prote\u0301iformes, de nouveaux conflits dits \u00ab&#160;asyme\u0301triques&#160;\u00bb e\u0301mergent, lie\u0301s a\u0300 l\u2019acce\u0300s aux donne\u0301es (Bloch, 2021)&#160;; d\u2019aucuns e\u0301voquent une \u00ab&#160;information warfare&#160;\u00bb (Dugoin-Cle\u0301ment, 2021), un \u00ab&#160;art de la guerre&#160;\u00bb de l\u2019information. Quelle influence des techniques algorithmiques, au vu de leur e\u0301volution constante, sur la production et lacirculation de l\u2019information&#160;? Que peut-on attendre du re\u0300glement europe\u0301en sur les services nume\u0301riques (DSA) au sujet de la responsabilisation des plateformes&#160;? Comment les E\u0301tats peuvent-ils relever les de\u0301fis de la re\u0301gulation&#160;? Les discours des acteurs ont-ils e\u0301volue\u0301 a\u0300 ce propos\u00a0<\/span><span style=\"font-size: inherit;\">depuis le de\u0301but de l\u2019Internet&#160;?\u00a0<\/span><\/p>\n<h3><span style=\"font-size: inherit;\">Axe 4. Sous le re\u0301gime des data&#160;: vers de nouveaux me\u0301tiers dans les me\u0301dias&#160;?<\/span><\/h3>\n<p><span style=\"font-size: inherit;\">Dans nos socie\u0301te\u0301s, dont le fonctionnement est de\u0301sormais conditionne\u0301 par le re\u0301gime des data, et\u00a0<\/span><span style=\"font-size: inherit;\">plus spe\u0301cifiquement en entreprise, ou\u0300 l\u2019on tend vers une \u00ab&#160;data democracy&#160;\u00bb (Lefebvre et al., 2021), des me\u0301tiers sont apparus pour re\u0301pondre a\u0300 ces nouveaux enjeux. Parmi ces professions e\u0301mergentes, le data scientist (Concolato, Chen, 2017) a e\u0301te\u0301 un pre\u0301curseur&#160;; veillant a\u0300 ce que les donne\u0301es qu\u2019il manipule soient nettoye\u0301es, il cherche a\u0300 de\u0301velopper des mode\u0300les de pre\u0301diction pour aider a\u0300 la prise de de\u0301cision strate\u0301gique, en s\u2019appuyant sur des mode\u0300les mathe\u0301matiques,informatiques et statistiques. Ses missions sont directement associe\u0301es a\u0300 celle du data engineer, en charge de la collecte des donne\u0301es, et de la mise en place d\u2019\u00ab&#160;entrepo\u0302ts&#160;\u00bb (data mining) pour rendre ces donne\u0301es accessibles&#160;; sans oublier le data analyst, qui va s\u2019appuyer sur les donne\u0301es pre\u0301pare\u0301es par le data scientist pour re\u0301pondre a\u0300 des proble\u0301matiques, de\u0301tecter des tendances touchant directement l\u2019entreprise dans laquelle il e\u0301volue. Il s\u2019agira dans cet axe et selon le re\u0301gime des data, d\u2019e\u0301tudier les nouvelles compe\u0301tences qui se de\u0301veloppent dans les me\u0301dias&#160;: data journalist, programmer-journalist, news apps developer, editorial programmer, hacker- journalist (Parasie, Dagiral, 2023&#160;; Flew et al., 2012). Quels enjeux et quelles strat\u00e9gies en termes de formation des journalistes, quelles adaptations et propositions de la part des \u00e9tablissements de formation initiale et continue au journalisme&#160;?\u00a0Qu\u2019en est-il du journalisme \u00ab&#160;hybride&#160;\u00bb (Diakopoulos, 2019) voire \u00ab&#160;augmente\u0301&#160;\u00bb (Linde\u0301n, 2020), pluto\u0302t de\u0301fendu ou redoute\u0301 selon le cas, dans les re\u0301dactions et dans la recherche acade\u0301mique&#160;? Enfin, quels sont les partis pris e\u0301conomiques, voire politiques (Boukacem-Zeghmouri, Paquiense\u0301guy, 2021), de ces e\u0301volutions et comment impactent-ils les me\u0301tiers et les sous-champs journalistiques (Marchetti,\u00a02002)&#160;?<\/span><\/p>\n<p><span style=\"font-size: inherit;\">Les propositions attendues pour ce colloque s\u2019inscriront dans l\u2019une des quatre the\u0301matiques pre\u0301cite\u0301es. Elles donneront lieu a\u0300 plusieurs ateliers de travail mene\u0301s en paralle\u0300le. Les communications se feront de pre\u0301fe\u0301rence en langue franc\u0327aise. Les colle\u0300gues qui le souhaitent pourront e\u0301galement s\u2019exprimer en langue anglaise ou roumaine.<\/span><\/p>\n<p><span style=\"font-size: inherit;\">Colloque organise\u0301 par&#160;:<\/span><\/p>\n<ul>\n<li><span style=\"font-size: inherit;\">L\u2019Universite\u0301 Vasile Alecsandri de Baca\u0306u, Faculte\u0301 des Lettres<\/span><\/li>\n<li><span style=\"font-size: inherit;\">L\u2019Universite\u0301 de Lorraine, Centre de recherche sur les me\u0301diations (Crem)<\/span><\/li>\n<\/ul>\n<p><span style=\"font-size: inherit;\">En partenariat et avec le soutien de&#160;:<\/span><\/p>\n<ul>\n<li><span style=\"font-size: inherit;\">La Mairie de Baca\u0306u<\/span><\/li>\n<li><span style=\"font-size: inherit;\">La Socie\u0301te\u0301 franc\u0327aise pour les sciences de l\u2019information et de la communication<\/span><\/li>\n<li><span style=\"font-size: inherit;\">L\u2019Agence universitaire de la francophonie<\/span><\/li>\n<li><span style=\"font-size: inherit;\">L\u2019Institut franc\u0327ais<\/span><\/li>\n<li><span style=\"font-size: inherit;\">L\u2019Universite\u0301 Co\u0302te d\u2019Azur (Laboratoire SIC.Lab Me\u0301diterrane\u0301e)<\/span><\/li>\n<li><span style=\"font-size: inherit;\">L\u2019Universite\u0301 de Bucarest (Faculte\u0301 de journalisme et de sciences de la communication et E\u0301cole doctorale en SIC)<\/span><\/li>\n<li><span style=\"font-size: inherit;\">Le Centre d&rsquo;e\u0301tudes francophones de l&rsquo;Universite\u0301 de Bucarest (CEREFREA) Proce\u0301dure de soumission<\/span><\/li>\n<\/ul>\n<h3><span style=\"font-size: inherit;\">Proc\u00e9dure de soumission<\/span><\/h3>\n<p><span style=\"font-size: inherit;\">Les propositions de communication seront re\u0301dige\u0301es en franc\u0327ais ou en anglais, sous la forme d\u2019un re\u0301sume\u0301 d\u2019environ 5000 signes (espaces compris), avec bibliographie et comportant 5 mots- cle\u0301s. Elles pre\u0301ciseront clairement l\u2019inte\u0301re\u0302t scientifique et la proble\u0301matique centrale de la recherche, ses principaux appuis the\u0301oriques et l\u2019approche me\u0301thodologique envisage\u0301e. Elles seront accompagne\u0301es des noms, affiliations et adresses e-mail de tous les auteur\u00b7ices, puis envoye\u0301es aux adresses suivantes&#160;:<\/span><\/p>\n<p><span style=\"font-size: inherit;\"><a href=\"mailto:audrey.alves@univ-lorraine.fr\">audrey.alves@univ-lorraine.fr<\/a>&#160;; <a href=\"mailto:brandusa_amalancei@yahoo.com\">brandusa_amalancei@yahoo.com<\/a>&#160;; <a href=\"mailto:audrey.knauf@univ- lorraine.fr\">audrey.knauf@univ- lorraine.fr<\/a><\/span><\/p>\n<p><span style=\"font-size: inherit;\">Ces propositions feront l\u2019objet d\u2019une se\u0301lection en double aveugle par le comite\u0301 scientifique du colloque.<\/span><\/p>\n<h2><span style=\"font-size: inherit;\">Calendrier pre\u0301visionnel<\/span><\/h2>\n<ul>\n<li><span style=\"font-size: inherit;\">16 juin 2023&#160;: date limite d\u2019envoi des propositions aux organisateur\u00b7ices<\/span><\/li>\n<li><span style=\"font-size: inherit;\">30 juin 2023&#160;: re\u0301ponses du comite\u0301 scientifique et signification des acceptations<\/span><\/li>\n<\/ul>\n<h2><span style=\"font-size: inherit;\">Publication<\/span><\/h2>\n<p><span style=\"font-size: inherit;\">Une publication collective et se\u0301lective est pre\u0301vue a\u0300 l\u2019issue du colloque en France et en Roumanie. Les textes en version longue seront e\u0301galement expertise\u0301s.<\/span><\/p>\n<h2><span style=\"font-size: inherit;\">Modalite\u0301s d\u2019inscription<\/span><\/h2>\n<p><span style=\"font-size: inherit;\">Le colloque franco-roumain en SIC est traditionnellement gratuit et sans frais d\u2019inscription. Chaque participant\u00b7e finance seulement son de\u0301placement et son he\u0301bergement. Une partie des frais de restauration est prise en charge par les organisateur\u00b7ices.<\/span><\/p>\n<h2>Comit\u00e9 scientifique<\/h2>\n<ul>\n<li><span style=\"font-size: inherit;\">Bri\u0302ndus\u0327a-Mariana Ama\u0306la\u0306ncei, Universite\u0301 Vasile Alecsandri de Baca\u0306u <\/span><\/li>\n<li><span style=\"font-size: inherit;\">Audrey Alve\u0300s, Universite\u0301 de Lorraine (Crem)<\/span><\/li>\n<li>Aure\u0301lie Aubert, Universite\u0301 Paris 8 (Ce\u0301mti)<\/li>\n<li><span style=\"font-size: inherit;\">Horea Ba\u0306da\u0306u, Universite\u0301s de Lorraine (Crem) et de Bucarest (FJSC) <\/span><\/li>\n<li><span style=\"font-size: inherit;\">Delia Cristina Balaban, Universite\u0301 Babes-Bolyai, Cluj-Napoca<\/span><\/li>\n<li>Loi\u0308c Ballarini, Universite\u0301 Rennes 1 (Are\u0300nes)<\/li>\n<li><span style=\"font-size: inherit;\">Alexandra Bardan, Universite\u0301 de Bucarest<\/span><\/li>\n<li><span style=\"font-size: inherit;\">Malina Ciocea, SNSPA, Bucarest<\/span><\/li>\n<li><span style=\"font-size: inherit;\">Antonin Descampe, Universite\u0301 Catholique de Louvain (ORM)<\/span><\/li>\n<li><span style=\"font-size: inherit;\">Tourya Gaaybess, Universite\u0301 de Lorraine (Crem)<\/span><\/li>\n<li><span style=\"font-size: inherit;\">Vale\u0301rie Jeanne-Perrier, Universite\u0301 Paris-Sorbonne (Gripic)<\/span><\/li>\n<li><span style=\"font-size: inherit;\">Alexandre Joux, Aix-Marseille Universite\u0301 (Imsic)<\/span><\/li>\n<li><span style=\"font-size: inherit;\">Audrey Knauf, Universite\u0301 de Lorraine (Crem)<\/span><\/li>\n<li><span style=\"font-size: inherit;\">Olivier Koch, Universite\u0301 Co\u0302te d\u2019Azur (SIC.Lab Me\u0301diterrane\u0301e)<\/span><\/li>\n<li><span style=\"font-size: inherit;\">Mirela Laza\u0306r, Universite\u0301 de Bucarest (FJSC)<\/span><\/li>\n<li><span style=\"font-size: inherit;\">Diana Madroane, Universite\u0301 de l\u2019Ouest, Timisoara<\/span><\/li>\n<li><span style=\"font-size: inherit;\">Monica Mitarca\u0306, Institut de Sociologie (Acade\u0301mie Roumaine) <\/span><\/li>\n<li><span style=\"font-size: inherit;\">Angeliki Monnier, Universite\u0301 de Lorraine (Crem)<\/span><\/li>\n<li><span style=\"font-size: inherit;\">Bogdan Oprea, Universite\u0301 de Bucarest (FJSC)<\/span><\/li>\n<li><span style=\"font-size: inherit;\">Nicolas Pe\u0301lissier Universite\u0301 Co\u0302te d\u2019Azur (SIC.Lab Me\u0301diterrane\u0301e)<\/span><\/li>\n<li>Nathalie Pignard-Cheynel, Universit\u00e9 de Neuch\u00e2tel<\/li>\n<li>Raluca Radu, Universit\u00e9 de Bucarest (FJSC)<\/li>\n<li><span style=\"font-size: inherit;\">Constantin Salavastru, Universite\u0301 Alexandru Ioan Cuza de Iasi<\/span><\/li>\n<li><span style=\"font-size: inherit;\">Ce\u0301line Se\u0301gur, Universite\u0301 de Lorraine (Crem)<\/span><\/li>\n<li><span style=\"font-size: inherit;\">Natalia Vasilendiuc, Universite\u0301 de Bucarest (FJSC)<\/span><\/li>\n<li><span style=\"font-size: inherit;\">Anca Velicu, Acade\u0301mie Roumaine (Institut de sociologie)<\/span><\/li>\n<li><span style=\"font-size: inherit;\">Jacques Walter, Universite\u0301 de Lorraine (Crem)<\/span><\/li>\n<\/ul>\n<p>Comit\u00e9 d&rsquo;organisation<\/p>\n<div class=\"page\" title=\"Page 6\">\n<div class=\"layoutArea\">\n<div class=\"column\">\n<ul>\n<li>Bri\u0302ndus\u0327a-Mariana Ama\u0306la\u0306ncei, Universite\u0301 Vasile Alecsandri de Baca\u0306u<\/li>\n<li>Camelia Beciu, Universite\u0301 de Bucarest (FJSC et Acade\u0301mie Roumaine)<\/li>\n<li>S\u0326tefania Bejan, Universite\u0301 Alexandru Ioan Cuza de Ias\u0326i<\/li>\n<li>Cristina Ci\u0302rtit\u0326a\u0306-Buzoianu, Universite\u0301 Vasile Alecsandri de Baca\u0306u<\/li>\n<li>Camelia Cusnir, Universite\u0301 de Bucarest (FJSC)<\/li>\n<li>Elena Nechita, Universite\u0301 Vasile Alecsandri de Baca\u0306u<\/li>\n<li>Nicolas Pe\u0301lissier, Universite\u0301 Co\u0302te d\u2019Azur (SIC.Lab Me\u0301diterrane\u0301e)<\/li>\n<li>Sylvie Pierre, Universite\u0301 de Lorraine (Crem)<\/li>\n<li>Alina-Elena Romascu, Universite\u0301 de Corse Pascal Paoli (Lisa)<\/li>\n<\/ul>\n<p>&nbsp;<\/p>\n<\/div>\n<\/div>\n<\/div>\n<p>&nbsp;<\/p>\n<\/div>\n<\/div>\n<\/div><\/div>\n<div class=\"zn-singledetail-attachedfiles\">\n<h3 class=\"zn-singledetail-section-title\">Fichier(s) attach\u00e9(s)<\/h3>\n<ul class=\"zn-singledetail-attachedfiles-list\">\n<li class=\"zn-singledetail-attachedfiles-item\">\n\t\t\t\t\t\t\t<a class=\"zn-singledetail-attachedfiles-link button outline for-download\" href=\"https:\/\/www.sfsic.org\/wp-inside\/uploads\/skp-membership\/demande_adh\/aac-colloque-franco-roumain-2023.pdf\" title=\"T\u00e9l\u00e9charger : \u00ab aac-colloque-franco-roumain-2023.pdf \u00bb\" target=\"_blank\" rel=\"noopener\"><br \/>\n\t\t\t\t\t\t\t\t<span class=\"button-txt\">AAC colloque franco roumain 2023<span class=\"button-txt-type\"> (pdf)<\/span><\/span><br \/>\n\t\t\t\t\t\t\t<\/a>\n\t\t\t\t\t\t<\/li>\n<\/ul><\/div>\n<div class=\"zn-singledetail-keywords\">\n<h3 class=\"zn-singledetail-section-title\">Mots-cl\u00e9s<\/h3>\n<ul class=\"termslist termslist-post_tag\">\n<li class=\"termslist-item termslist-title\"><span class=\"termslist-titletxt\">Mots-cl\u00e9s<\/span><span class=\"doubledot\"><\/span><\/li>\n<li class=\"termslist-item tax-post_tag term-data-2\"><a class=\"termslist-itemlink\" href=\"https:\/\/www.sfsic.org\/tag\/data-2\/\" title=\"Data\"><span class=\"termslist-itemname\">Data<\/span><\/a><\/li>\n<li class=\"termslist-item tax-post_tag term-donnees\"><a class=\"termslist-itemlink\" href=\"https:\/\/www.sfsic.org\/tag\/donnees\/\" title=\"Donn\u00e9es\"><span class=\"termslist-itemname\">Donn\u00e9es<\/span><\/a><\/li>\n<li class=\"termslist-item tax-post_tag term-intelligence-articifielle\"><a class=\"termslist-itemlink\" href=\"https:\/\/www.sfsic.org\/tag\/intelligence-articifielle\/\" title=\"intelligence articifielle\"><span class=\"termslist-itemname\">intelligence articifielle<\/span><\/a><\/li>\n<li class=\"termslist-item tax-post_tag term-journalisme\"><a class=\"termslist-itemlink\" href=\"https:\/\/www.sfsic.org\/tag\/journalisme\/\" title=\"Journalisme\"><span class=\"termslist-itemname\">Journalisme<\/span><\/a><\/li>\n<\/ul><\/div>\n<\/p><\/div>\n<\/p><\/div>\n<\/p><\/div>\n<\/p><\/div>\n<\/div>\n<p><!-- \/fxzn:singledetail --><\/p>\n","protected":false},"excerpt":{"rendered":"<p>Mis en ligne le 14 avril 2023 Th\u00e9matiques M\u00e9dias et journalisme Num\u00e9rique : strat\u00e9gies, dispositifs et usages R\u00e9ponse attendue pour le 16\/06\/2023 Type de r\u00e9ponse R\u00e9sum\u00e9 Type d\u2019\u00e9v\u00e9nement Colloque \u00c9v\u00e9nement [&hellip;]<\/p>\n","protected":false},"author":957,"featured_media":0,"comment_status":"closed","ping_status":"closed","sticky":false,"template":"","format":"standard","meta":{"_acf_changed":false,"footnotes":""},"categories":[29,57],"tags":[774,128,94],"thematique":[34,39],"sfsic":[27],"class_list":["post-28376","post","type-post","status-publish","format-standard","hentry","category-aac-evenement","category-colloque","tag-data-2","tag-donnees","tag-journalisme","thematique-medias-et-journalisme","thematique-numerique-strategies-dispositifs-et-usages","sfsic-labels","wp-sticky"],"acf":[],"yoast_head":"<!-- This site is optimized with the Yoast SEO plugin v27.4 - https:\/\/yoast.com\/product\/yoast-seo-wordpress\/ -->\n<title>Ordres et d\u00e9sordres informationnels. Le journalisme \u00e0 l&#039;\u00e9preuve de l&#039;IA et des data<\/title>\n<meta name=\"description\" content=\"Le XXVI\u00e8me colloque franco-roumain en SIC se tiendra du 26 au 28 octobre 2023 \u00e0 l&#039;Universit\u00e9 Alecsandri de Bacau. Cette \u00e9dition sera consacr\u00e9e \u00e0 la th\u00e9matique &quot;Ordres et d\u00e9sordres informationnels. Le journalisme \u00e0 l&#039;\u00e9preuve de l&#039;IA et des data&quot;.\" \/>\n<meta name=\"robots\" content=\"index, follow, max-snippet:-1, max-image-preview:large, max-video-preview:-1\" \/>\n<link rel=\"canonical\" href=\"https:\/\/www.sfsic.org\/en\/aac-evenement\/ordres-et-desordres-informationnels-le-journalisme-a-lepreuve-de-lia-et-des-data\/\" \/>\n<meta property=\"og:locale\" content=\"en_US\" \/>\n<meta property=\"og:type\" content=\"article\" \/>\n<meta property=\"og:title\" content=\"Ordres et d\u00e9sordres informationnels. Le journalisme \u00e0 l&#039;\u00e9preuve de l&#039;IA et des data\" \/>\n<meta property=\"og:description\" content=\"Le XXVI\u00e8me colloque franco-roumain en SIC se tiendra du 26 au 28 octobre 2023 \u00e0 l&#039;Universit\u00e9 Alecsandri de Bacau. Cette \u00e9dition sera consacr\u00e9e \u00e0 la th\u00e9matique &quot;Ordres et d\u00e9sordres informationnels. Le journalisme \u00e0 l&#039;\u00e9preuve de l&#039;IA et des data&quot;.\" \/>\n<meta property=\"og:url\" content=\"https:\/\/www.sfsic.org\/en\/aac-evenement\/ordres-et-desordres-informationnels-le-journalisme-a-lepreuve-de-lia-et-des-data\/\" \/>\n<meta property=\"og:site_name\" content=\"SFSIC\" \/>\n<meta property=\"article:published_time\" content=\"2023-04-14T08:08:43+00:00\" \/>\n<meta property=\"article:modified_time\" content=\"2023-04-14T08:08:44+00:00\" \/>\n<meta name=\"author\" content=\"Fabien Bonnet\" \/>\n<meta name=\"twitter:card\" content=\"summary_large_image\" \/>\n<script type=\"application\/ld+json\" class=\"yoast-schema-graph\">{\"@context\":\"https:\\\/\\\/schema.org\",\"@graph\":[{\"@type\":\"Article\",\"@id\":\"https:\\\/\\\/www.sfsic.org\\\/en\\\/aac-evenement\\\/ordres-et-desordres-informationnels-le-journalisme-a-lepreuve-de-lia-et-des-data\\\/#article\",\"isPartOf\":{\"@id\":\"https:\\\/\\\/www.sfsic.org\\\/en\\\/aac-evenement\\\/ordres-et-desordres-informationnels-le-journalisme-a-lepreuve-de-lia-et-des-data\\\/\"},\"author\":{\"name\":\"Fabien Bonnet\",\"@id\":\"https:\\\/\\\/www.sfsic.org\\\/en\\\/#\\\/schema\\\/person\\\/9f83573bda33f40c68c7c826e9567df6\"},\"headline\":\"Ordres et d\u00e9sordres informationnels. Le journalisme \u00e0 l&#8217;\u00e9preuve de l&#8217;IA et des data\",\"datePublished\":\"2023-04-14T08:08:43+00:00\",\"dateModified\":\"2023-04-14T08:08:44+00:00\",\"mainEntityOfPage\":{\"@id\":\"https:\\\/\\\/www.sfsic.org\\\/en\\\/aac-evenement\\\/ordres-et-desordres-informationnels-le-journalisme-a-lepreuve-de-lia-et-des-data\\\/\"},\"wordCount\":2376,\"publisher\":{\"@id\":\"https:\\\/\\\/www.sfsic.org\\\/en\\\/#organization\"},\"keywords\":[\"Data\",\"Donn\u00e9es\",\"Journalisme\"],\"articleSection\":[\"AAC \u00c9v\u00e9nement\",\"Colloque\"],\"inLanguage\":\"en-US\"},{\"@type\":\"WebPage\",\"@id\":\"https:\\\/\\\/www.sfsic.org\\\/en\\\/aac-evenement\\\/ordres-et-desordres-informationnels-le-journalisme-a-lepreuve-de-lia-et-des-data\\\/\",\"url\":\"https:\\\/\\\/www.sfsic.org\\\/en\\\/aac-evenement\\\/ordres-et-desordres-informationnels-le-journalisme-a-lepreuve-de-lia-et-des-data\\\/\",\"name\":\"Ordres et d\u00e9sordres informationnels. Le journalisme \u00e0 l'\u00e9preuve de l'IA et des data\",\"isPartOf\":{\"@id\":\"https:\\\/\\\/www.sfsic.org\\\/en\\\/#website\"},\"datePublished\":\"2023-04-14T08:08:43+00:00\",\"dateModified\":\"2023-04-14T08:08:44+00:00\",\"description\":\"Le XXVI\u00e8me colloque franco-roumain en SIC se tiendra du 26 au 28 octobre 2023 \u00e0 l'Universit\u00e9 Alecsandri de Bacau. Cette \u00e9dition sera consacr\u00e9e \u00e0 la th\u00e9matique \\\"Ordres et d\u00e9sordres informationnels. Le journalisme \u00e0 l'\u00e9preuve de l'IA et des data\\\".\",\"breadcrumb\":{\"@id\":\"https:\\\/\\\/www.sfsic.org\\\/en\\\/aac-evenement\\\/ordres-et-desordres-informationnels-le-journalisme-a-lepreuve-de-lia-et-des-data\\\/#breadcrumb\"},\"inLanguage\":\"en-US\",\"potentialAction\":[{\"@type\":\"ReadAction\",\"target\":[\"https:\\\/\\\/www.sfsic.org\\\/en\\\/aac-evenement\\\/ordres-et-desordres-informationnels-le-journalisme-a-lepreuve-de-lia-et-des-data\\\/\"]}]},{\"@type\":\"BreadcrumbList\",\"@id\":\"https:\\\/\\\/www.sfsic.org\\\/en\\\/aac-evenement\\\/ordres-et-desordres-informationnels-le-journalisme-a-lepreuve-de-lia-et-des-data\\\/#breadcrumb\",\"itemListElement\":[{\"@type\":\"ListItem\",\"position\":1,\"name\":\"Accueil\",\"item\":\"https:\\\/\\\/www.sfsic.org\\\/en\\\/\"},{\"@type\":\"ListItem\",\"position\":2,\"name\":\"Calls for Contributions\",\"item\":\"https:\\\/\\\/www.sfsic.org\\\/en\\\/cfc-event\\\/\"},{\"@type\":\"ListItem\",\"position\":3,\"name\":\"Conference\",\"item\":\"https:\\\/\\\/www.sfsic.org\\\/en\\\/cfc-event\\\/conference\\\/\"},{\"@type\":\"ListItem\",\"position\":4,\"name\":\"Ordres et d\u00e9sordres informationnels. Le journalisme \u00e0 l&rsquo;\u00e9preuve de l&rsquo;IA et des data\"}]},{\"@type\":\"WebSite\",\"@id\":\"https:\\\/\\\/www.sfsic.org\\\/en\\\/#website\",\"url\":\"https:\\\/\\\/www.sfsic.org\\\/en\\\/\",\"name\":\"SFSIC\",\"description\":\"Soci\u00e9t\u00e9 Fran\u00e7aise des Sciences de l&#039;Information &amp; de la Communication\",\"publisher\":{\"@id\":\"https:\\\/\\\/www.sfsic.org\\\/en\\\/#organization\"},\"potentialAction\":[{\"@type\":\"SearchAction\",\"target\":{\"@type\":\"EntryPoint\",\"urlTemplate\":\"https:\\\/\\\/www.sfsic.org\\\/en\\\/?s={search_term_string}\"},\"query-input\":{\"@type\":\"PropertyValueSpecification\",\"valueRequired\":true,\"valueName\":\"search_term_string\"}}],\"inLanguage\":\"en-US\"},{\"@type\":\"Organization\",\"@id\":\"https:\\\/\\\/www.sfsic.org\\\/en\\\/#organization\",\"name\":\"SFSIC\",\"url\":\"https:\\\/\\\/www.sfsic.org\\\/en\\\/\",\"logo\":{\"@type\":\"ImageObject\",\"inLanguage\":\"en-US\",\"@id\":\"https:\\\/\\\/www.sfsic.org\\\/en\\\/#\\\/schema\\\/logo\\\/image\\\/\",\"url\":\"https:\\\/\\\/www.sfsic.org\\\/wp-inside\\\/uploads\\\/2020\\\/05\\\/logo-sfsic.jpg\",\"contentUrl\":\"https:\\\/\\\/www.sfsic.org\\\/wp-inside\\\/uploads\\\/2020\\\/05\\\/logo-sfsic.jpg\",\"width\":1085,\"height\":1080,\"caption\":\"SFSIC\"},\"image\":{\"@id\":\"https:\\\/\\\/www.sfsic.org\\\/en\\\/#\\\/schema\\\/logo\\\/image\\\/\"}},{\"@type\":\"Person\",\"@id\":\"https:\\\/\\\/www.sfsic.org\\\/en\\\/#\\\/schema\\\/person\\\/9f83573bda33f40c68c7c826e9567df6\",\"name\":\"Fabien Bonnet\",\"image\":{\"@type\":\"ImageObject\",\"inLanguage\":\"en-US\",\"@id\":\"https:\\\/\\\/secure.gravatar.com\\\/avatar\\\/88a9288fc13369cb9e30359afa340f8adace82098c18ff09415c6dacd710ddc4?s=96&d=mm&r=g\",\"url\":\"https:\\\/\\\/secure.gravatar.com\\\/avatar\\\/88a9288fc13369cb9e30359afa340f8adace82098c18ff09415c6dacd710ddc4?s=96&d=mm&r=g\",\"contentUrl\":\"https:\\\/\\\/secure.gravatar.com\\\/avatar\\\/88a9288fc13369cb9e30359afa340f8adace82098c18ff09415c6dacd710ddc4?s=96&d=mm&r=g\",\"caption\":\"Fabien Bonnet\"}}]}<\/script>\n<!-- \/ Yoast SEO plugin. -->","yoast_head_json":{"title":"Ordres et d\u00e9sordres informationnels. Le journalisme \u00e0 l'\u00e9preuve de l'IA et des data","description":"Le XXVI\u00e8me colloque franco-roumain en SIC se tiendra du 26 au 28 octobre 2023 \u00e0 l'Universit\u00e9 Alecsandri de Bacau. Cette \u00e9dition sera consacr\u00e9e \u00e0 la th\u00e9matique \"Ordres et d\u00e9sordres informationnels. Le journalisme \u00e0 l'\u00e9preuve de l'IA et des data\".","robots":{"index":"index","follow":"follow","max-snippet":"max-snippet:-1","max-image-preview":"max-image-preview:large","max-video-preview":"max-video-preview:-1"},"canonical":"https:\/\/www.sfsic.org\/en\/aac-evenement\/ordres-et-desordres-informationnels-le-journalisme-a-lepreuve-de-lia-et-des-data\/","og_locale":"en_US","og_type":"article","og_title":"Ordres et d\u00e9sordres informationnels. Le journalisme \u00e0 l'\u00e9preuve de l'IA et des data","og_description":"Le XXVI\u00e8me colloque franco-roumain en SIC se tiendra du 26 au 28 octobre 2023 \u00e0 l'Universit\u00e9 Alecsandri de Bacau. Cette \u00e9dition sera consacr\u00e9e \u00e0 la th\u00e9matique \"Ordres et d\u00e9sordres informationnels. Le journalisme \u00e0 l'\u00e9preuve de l'IA et des data\".","og_url":"https:\/\/www.sfsic.org\/en\/aac-evenement\/ordres-et-desordres-informationnels-le-journalisme-a-lepreuve-de-lia-et-des-data\/","og_site_name":"SFSIC","article_published_time":"2023-04-14T08:08:43+00:00","article_modified_time":"2023-04-14T08:08:44+00:00","author":"Fabien Bonnet","twitter_card":"summary_large_image","schema":{"@context":"https:\/\/schema.org","@graph":[{"@type":"Article","@id":"https:\/\/www.sfsic.org\/en\/aac-evenement\/ordres-et-desordres-informationnels-le-journalisme-a-lepreuve-de-lia-et-des-data\/#article","isPartOf":{"@id":"https:\/\/www.sfsic.org\/en\/aac-evenement\/ordres-et-desordres-informationnels-le-journalisme-a-lepreuve-de-lia-et-des-data\/"},"author":{"name":"Fabien Bonnet","@id":"https:\/\/www.sfsic.org\/en\/#\/schema\/person\/9f83573bda33f40c68c7c826e9567df6"},"headline":"Ordres et d\u00e9sordres informationnels. Le journalisme \u00e0 l&#8217;\u00e9preuve de l&#8217;IA et des data","datePublished":"2023-04-14T08:08:43+00:00","dateModified":"2023-04-14T08:08:44+00:00","mainEntityOfPage":{"@id":"https:\/\/www.sfsic.org\/en\/aac-evenement\/ordres-et-desordres-informationnels-le-journalisme-a-lepreuve-de-lia-et-des-data\/"},"wordCount":2376,"publisher":{"@id":"https:\/\/www.sfsic.org\/en\/#organization"},"keywords":["Data","Donn\u00e9es","Journalisme"],"articleSection":["AAC \u00c9v\u00e9nement","Colloque"],"inLanguage":"en-US"},{"@type":"WebPage","@id":"https:\/\/www.sfsic.org\/en\/aac-evenement\/ordres-et-desordres-informationnels-le-journalisme-a-lepreuve-de-lia-et-des-data\/","url":"https:\/\/www.sfsic.org\/en\/aac-evenement\/ordres-et-desordres-informationnels-le-journalisme-a-lepreuve-de-lia-et-des-data\/","name":"Ordres et d\u00e9sordres informationnels. Le journalisme \u00e0 l'\u00e9preuve de l'IA et des data","isPartOf":{"@id":"https:\/\/www.sfsic.org\/en\/#website"},"datePublished":"2023-04-14T08:08:43+00:00","dateModified":"2023-04-14T08:08:44+00:00","description":"Le XXVI\u00e8me colloque franco-roumain en SIC se tiendra du 26 au 28 octobre 2023 \u00e0 l'Universit\u00e9 Alecsandri de Bacau. Cette \u00e9dition sera consacr\u00e9e \u00e0 la th\u00e9matique \"Ordres et d\u00e9sordres informationnels. Le journalisme \u00e0 l'\u00e9preuve de l'IA et des data\".","breadcrumb":{"@id":"https:\/\/www.sfsic.org\/en\/aac-evenement\/ordres-et-desordres-informationnels-le-journalisme-a-lepreuve-de-lia-et-des-data\/#breadcrumb"},"inLanguage":"en-US","potentialAction":[{"@type":"ReadAction","target":["https:\/\/www.sfsic.org\/en\/aac-evenement\/ordres-et-desordres-informationnels-le-journalisme-a-lepreuve-de-lia-et-des-data\/"]}]},{"@type":"BreadcrumbList","@id":"https:\/\/www.sfsic.org\/en\/aac-evenement\/ordres-et-desordres-informationnels-le-journalisme-a-lepreuve-de-lia-et-des-data\/#breadcrumb","itemListElement":[{"@type":"ListItem","position":1,"name":"Accueil","item":"https:\/\/www.sfsic.org\/en\/"},{"@type":"ListItem","position":2,"name":"Calls for Contributions","item":"https:\/\/www.sfsic.org\/en\/cfc-event\/"},{"@type":"ListItem","position":3,"name":"Conference","item":"https:\/\/www.sfsic.org\/en\/cfc-event\/conference\/"},{"@type":"ListItem","position":4,"name":"Ordres et d\u00e9sordres informationnels. Le journalisme \u00e0 l&rsquo;\u00e9preuve de l&rsquo;IA et des data"}]},{"@type":"WebSite","@id":"https:\/\/www.sfsic.org\/en\/#website","url":"https:\/\/www.sfsic.org\/en\/","name":"SFSIC","description":"Soci\u00e9t\u00e9 Fran\u00e7aise des Sciences de l&#039;Information &amp; de la Communication","publisher":{"@id":"https:\/\/www.sfsic.org\/en\/#organization"},"potentialAction":[{"@type":"SearchAction","target":{"@type":"EntryPoint","urlTemplate":"https:\/\/www.sfsic.org\/en\/?s={search_term_string}"},"query-input":{"@type":"PropertyValueSpecification","valueRequired":true,"valueName":"search_term_string"}}],"inLanguage":"en-US"},{"@type":"Organization","@id":"https:\/\/www.sfsic.org\/en\/#organization","name":"SFSIC","url":"https:\/\/www.sfsic.org\/en\/","logo":{"@type":"ImageObject","inLanguage":"en-US","@id":"https:\/\/www.sfsic.org\/en\/#\/schema\/logo\/image\/","url":"https:\/\/www.sfsic.org\/wp-inside\/uploads\/2020\/05\/logo-sfsic.jpg","contentUrl":"https:\/\/www.sfsic.org\/wp-inside\/uploads\/2020\/05\/logo-sfsic.jpg","width":1085,"height":1080,"caption":"SFSIC"},"image":{"@id":"https:\/\/www.sfsic.org\/en\/#\/schema\/logo\/image\/"}},{"@type":"Person","@id":"https:\/\/www.sfsic.org\/en\/#\/schema\/person\/9f83573bda33f40c68c7c826e9567df6","name":"Fabien Bonnet","image":{"@type":"ImageObject","inLanguage":"en-US","@id":"https:\/\/secure.gravatar.com\/avatar\/88a9288fc13369cb9e30359afa340f8adace82098c18ff09415c6dacd710ddc4?s=96&d=mm&r=g","url":"https:\/\/secure.gravatar.com\/avatar\/88a9288fc13369cb9e30359afa340f8adace82098c18ff09415c6dacd710ddc4?s=96&d=mm&r=g","contentUrl":"https:\/\/secure.gravatar.com\/avatar\/88a9288fc13369cb9e30359afa340f8adace82098c18ff09415c6dacd710ddc4?s=96&d=mm&r=g","caption":"Fabien Bonnet"}}]}},"_links":{"self":[{"href":"https:\/\/www.sfsic.org\/en\/wp-json\/wp\/v2\/posts\/28376","targetHints":{"allow":["GET"]}}],"collection":[{"href":"https:\/\/www.sfsic.org\/en\/wp-json\/wp\/v2\/posts"}],"about":[{"href":"https:\/\/www.sfsic.org\/en\/wp-json\/wp\/v2\/types\/post"}],"author":[{"embeddable":true,"href":"https:\/\/www.sfsic.org\/en\/wp-json\/wp\/v2\/users\/957"}],"replies":[{"embeddable":true,"href":"https:\/\/www.sfsic.org\/en\/wp-json\/wp\/v2\/comments?post=28376"}],"version-history":[{"count":1,"href":"https:\/\/www.sfsic.org\/en\/wp-json\/wp\/v2\/posts\/28376\/revisions"}],"predecessor-version":[{"id":28379,"href":"https:\/\/www.sfsic.org\/en\/wp-json\/wp\/v2\/posts\/28376\/revisions\/28379"}],"wp:attachment":[{"href":"https:\/\/www.sfsic.org\/en\/wp-json\/wp\/v2\/media?parent=28376"}],"wp:term":[{"taxonomy":"category","embeddable":true,"href":"https:\/\/www.sfsic.org\/en\/wp-json\/wp\/v2\/categories?post=28376"},{"taxonomy":"post_tag","embeddable":true,"href":"https:\/\/www.sfsic.org\/en\/wp-json\/wp\/v2\/tags?post=28376"},{"taxonomy":"thematique","embeddable":true,"href":"https:\/\/www.sfsic.org\/en\/wp-json\/wp\/v2\/thematique?post=28376"},{"taxonomy":"sfsic","embeddable":true,"href":"https:\/\/www.sfsic.org\/en\/wp-json\/wp\/v2\/sfsic?post=28376"}],"curies":[{"name":"wp","href":"https:\/\/api.w.org\/{rel}","templated":true}]}}