{"id":28277,"date":"2023-03-30T21:33:45","date_gmt":"2023-03-30T19:33:45","guid":{"rendered":"https:\/\/www.sfsic.org\/?p=28277"},"modified":"2023-03-30T21:33:46","modified_gmt":"2023-03-30T19:33:46","slug":"le-telephone-portable-une-alternative-de-production-audiovisuelle-2","status":"publish","type":"post","link":"https:\/\/www.sfsic.org\/en\/aac-evenement\/le-telephone-portable-une-alternative-de-production-audiovisuelle-2\/","title":{"rendered":"Le t\u00e9l\u00e9phone portable : une alternative de production audiovisuelle ?"},"content":{"rendered":"<p><!-- fxzn:singledetail --><\/p>\n<div class=\"zone zn-singledetail\" id=\"fxzn-singledetail-1\">\n<div class=\"zone-block zn-singledetail-block alignwide va-top\">\n<div class=\"row\">\n<div class=\"columns large-8 large-push-4\">\n<div class=\"zn-singledetail-metabox\">\n<div class=\"zn-singledetail-pubdate pubdate\">\n\t\t\t\t\t<span class=\"pubdate-txt\">Mis en ligne le<\/span><span class=\"doubledot\"><\/span> <time class=\"pubdate-time\" pubdate datetime=\"2023-03-29T10:39:28+02:00\">29 mars 2023<\/time>\t\t\t\t<\/div>\n<div class=\"zn-singledetail-thematiques with-sep-comma\">\n<ul class=\"termslist termslist-thematique\">\n<li class=\"termslist-item termslist-title\"><span class=\"termslist-titletxt\">Th\u00e9matiques<\/span><span class=\"doubledot\"><\/span><\/li>\n<li class=\"termslist-item tax-thematique term-images-cinema-medias-audiovisuels-et-industries-culturelles\"><a class=\"termslist-itemlink\" href=\"https:\/\/www.sfsic.org\/thematiques\/images-cinema-medias-audiovisuels-et-industries-culturelles\/\" title=\"Images, cin\u00e9ma, m\u00e9dias audiovisuels et industries culturelles\"><span class=\"termslist-itemname\">Images, cin\u00e9ma, m\u00e9dias audiovisuels et industries culturelles<\/span><\/a><\/li>\n<li class=\"termslist-item tax-thematique term-medias-et-journalisme\"><a class=\"termslist-itemlink\" href=\"https:\/\/www.sfsic.org\/thematiques\/medias-et-journalisme\/\" title=\"M\u00e9dias et journalisme\"><span class=\"termslist-itemname\">M\u00e9dias et journalisme<\/span><\/a><\/li>\n<li class=\"termslist-item tax-thematique term-numerique-strategies-dispositifs-et-usages\"><a class=\"termslist-itemlink\" href=\"https:\/\/www.sfsic.org\/thematiques\/numerique-strategies-dispositifs-et-usages\/\" title=\"Num\u00e9rique : strat\u00e9gies, dispositifs et usages\"><span class=\"termslist-itemname\">Num\u00e9rique : strat\u00e9gies, dispositifs et usages<\/span><\/a><\/li>\n<\/ul><\/div>\n<\/p><\/div>\n<\/p><\/div>\n<\/p><\/div>\n<div class=\"row\">\n<div class=\"columns large-4\">\n<div class=\"zn-singledetail-sidebar bg-cornersquares\">\n<div class=\"zn-singledetail-infos\">\n<p class=\"zn-singledetail-reponse-date\">\n\t\t\t\t\t\t<span>R\u00e9ponse attendue pour le<\/span><span class=\"doubledot\"><\/span> <strong>15\/04\/2023<\/strong>\n\t\t\t\t\t<\/p>\n<p class=\"zn-singledetail-reponse-type\">\n\t\t\t\t\t<span>Type de r\u00e9ponse<\/span><span class=\"doubledot\"><\/span> <strong>R\u00e9sum\u00e9<\/strong>\n\t\t\t\t\t<\/p>\n<p class=\"zn-singledetail-type\">\n\t\t\t\t\t\t\t<span>Type d\u2019\u00e9v\u00e9nement<\/span><span class=\"doubledot\"><\/span> <strong>Colloque<\/strong>\n\t\t\t\t\t<\/p>\n<\/p><\/div>\n<div class=\"zn-singledetail-coordinators\">\n<h3 class=\"zn-singledetail-section-title\">Coordinateurs<\/h3>\n<ul class=\"zn-singledetail-coordinators-list\">\n<li class=\"zn-singledetail-coordinators-item\">\n\t\t\t\t\t\t\t<span>Christel<\/span> <span>Taillibert<\/span>\t\t\t\t\t\t\t\t\t\t\t\t\t\t, <a class=\"zn-singledetail-coordinators-mail prettylink\" href=\"mailto:christel.taillibert@univ-cotedazur.fr\">christel.taillibert@univ-cotedazur.fr<\/a>\n\t\t\t\t\t\t\t\t\t\t\t\t\t<\/li>\n<\/ul><\/div>\n<\/p><\/div>\n<\/p><\/div>\n<div class=\"columns large-8\">\n<div class=\"zn-singledetail-contentbox\">\n<div class=\"zn-singledetail-eventinfo\">\n<div class=\"zn-singledetail-eventinfo-inner\">\n<div class=\"zn-singledetail-eventdates\">\n\t\t\t\t\t\t<span class=\"zn-singledetail-label\">Dates de l\u2019\u00e9v\u00e9nement<span class=\"doubledot\"><\/span><\/span><\/p>\n<ul class=\"zn-singledetail-eventdates-list\">\n<li class=\"zn-singledetail-eventdates-item\">\n\t\t\t\t\t\t\t\tDu <time class=\"event-start-time\" datetime=\"2023-06-06T09:00:00+00:00\">06\/06\/2023<\/time> au <time class=\"event-end-time\" datetime=\"2023-06-07T00:00:00+00:00\">07\/06\/2023<\/time>\t\t\t\t\t\t\t<\/li>\n<\/ul><\/div>\n<p class=\"zn-singledetail-eventplace\">\n\t\t\t\t\t\t<span class=\"zn-singledetail-label\">Lieu de l\u2019\u00e9v\u00e9nement<span class=\"doubledot\"><\/span><\/span><br \/>\n\t\t\t\t\t\t<span class=\"zn-singledetail-eventplace-adr\"><br \/>\n\t\t\t\t\t\t\t\t\t\t\t\t<span class=\"adr-name\">MSH Sud-Est<\/span>,<\/p>\n<p>\t\t\t\t\t\t<span class=\"adr-city\">Nice<\/span>\t\t\t\t\t\t<span class=\"adr-cp\">06000<\/span>, <span class=\"adr-country\">France<\/span><br \/>\n\t\t\t\t\t\t<\/span>\t\t\t\t\t<\/p>\n<\/p><\/div>\n<\/p><\/div>\n<div class=\"zn-singledetail-annonce wig-content\">\n<p>L&rsquo;appel \u00e0 communications relatif au colloque \u00ab&#160;Le t\u00e9l\u00e9phone portable&#160;: une alternative de production audiovisuelle&#160;?&#160;\u00bb est prolong\u00e9 jusqu&rsquo;au 15 avril prochain.<\/p>\n<h2>Pr\u00e9sentation<\/h2>\n<p>Au cours de l\u2019histoire du cin\u00e9ma et de l\u2019audiovisuel, l\u2019all\u00e8gement des instruments de prise de vue a souvent donn\u00e9 lieu \u00e0 des innovations esth\u00e9tiques importantes, tout comme \u00e0 l\u2019exp\u00e9rimentation de nouvelles modalit\u00e9s sociales et \u00e9conomiques dans la fabrication d\u2019un film. Or, parall\u00e8lement \u00e0 la commercialisation de cam\u00e9ras de plus en plus maniables, puis d\u2019appareils photos autorisant la prise de vues anim\u00e9es, tous ces \u00e9quipements b\u00e9n\u00e9ficiant progressivement des avantages de la num\u00e9risation (dur\u00e9e d\u2019enregistrement allong\u00e9e, acc\u00e8s rapide aux plans sans d\u00e9veloppement&#8230;), un nouvel outil ne cesse de se perfectionner en mati\u00e8re de qualit\u00e9 de prise d\u2019images&#160;: le t\u00e9l\u00e9phone portable.<\/p>\n<p>La qualit\u00e9 technique constitue d\u2019ailleurs l\u2019un des param\u00e8tres significatifs de cette jeune histoire. Si certains des premiers films tourn\u00e9s avec ce petit appareil se sont nourris de l\u2019esth\u00e9tique particuli\u00e8re de l\u2019image de basse r\u00e9solution, voire pixellis\u00e9e, des premiers t\u00e9l\u00e9phones, les investissements massifs op\u00e9r\u00e9s en la mati\u00e8re par les industriels de la t\u00e9l\u00e9phonie ont tr\u00e8s rapidement \u00e9quip\u00e9 les appareils les plus communs des technologies les plus avanc\u00e9es en termes de r\u00e9solution. En t\u00e9moigne par exemple, en 2027, le film de Michel Gondry, D\u00e9tour, commandit\u00e9 par Apple pour faire la promotion de la qualit\u00e9 de la prise d\u2019images par l\u2019iPhone 7 plus. Parall\u00e8lement, les constructeurs ont commenc\u00e9 \u00e0 d\u00e9velopper de nouveaux accessoires sp\u00e9cialement pour les t\u00e9l\u00e9phones portables (kits d\u2019objectifs, perches, stabilisateurs) et financi\u00e8rement abordables.<\/p>\n<p>Historiquement, le t\u00e9l\u00e9phone portable a tout d\u2019abord accompagn\u00e9 une ph\u00e9nom\u00e9nale augmentation des pratiques filmiques amateures, et l\u2019av\u00e8nement de nouvelles formes de communication par l\u2019image que Laurence Allard (2010, p. 33) d\u00e9signe en tant que \u00ab&#160;technologies digitales d\u2019expression de soi communicationnelles et relationnelles&#160;\u00bb, ou que Max Schleser (2014) envisage en tant que \u00ab&#160;Self-Reflexive Mobile Filmmaking&#160;\u00bb. La mont\u00e9e en puissance de ce que d\u2019aucuns appellent les cellphilms (Dockney, Tomaselli &amp; 2010) intervient dans un contexte o\u00f9, mondialement, l\u2019\u00e9quipement en t\u00e9l\u00e9phonie mobile ne cesse de s\u2019accro\u00eetre&#160;: en juillet 2021, 66,9&#160;% de la population mondiale poss\u00e9dait au moins un t\u00e9l\u00e9phone mobile (Global Statshot Report 2021, p. 8) et la vid\u00e9o est, sans surprise, l\u2019une des applications les plus utilis\u00e9es. Ce n\u2019est donc pas par hasard si la p\u00e9dagogie du cin\u00e9ma et de l\u2019audiovisuel s\u2019est tr\u00e8s vite empar\u00e9e de ces pratiques g\u00e9n\u00e9ralis\u00e9es chez les jeunes g\u00e9n\u00e9rations&#160;: d\u00e8s 2008, Beno\u00eet Labourdette publie un manuel de plus de 200 pages (Tournez un film avec votre t\u00e9l\u00e9phone portable), qui conna\u00eet depuis une large circulation dans les milieux p\u00e9dagogiques.<br \/>\nNotons aussi le r\u00f4le important jou\u00e9 par les festivals de films amateurs dans la valorisation de cet outil \u2013 un premier festival totalement d\u00e9di\u00e9 \u00e0 cette cat\u00e9gorie de films ayant d\u2019ailleurs vu le jour d\u00e8s 2005 en France, le Mobile Film Festival, rejoint depuis, au niveau mondial, par de nombreuses autres manifestations du m\u00eame type (Wilson, 2014).<\/p>\n<p>Mais le t\u00e9l\u00e9phone portable p\u00e9n\u00e8tre aussi les champs professionnels de la prise de vues. Roger Odin notait d\u00e9j\u00e0 en 2014 (p. 37) \u00ab&#160;la capacit\u00e9 du t\u00e9l\u00e9phone portable \u00e0 susciter la cr\u00e9ativit\u00e9 et \u00e0 faire appara\u00eetre quelque chose de nouveau dans le champ du cin\u00e9ma&#160;\u00bb. Les enjeux qui accompagnent le recours \u00e0 cet outil sont multiples. En premier lieu, bien entendu, la r\u00e9duction des co\u00fbts engendr\u00e9s peut constituer une motivation \u00e9vidente. De nombreux films t\u00e9moignent de cette qu\u00eate de l\u2019ind\u00e9pendance par le biais de budgets r\u00e9duits dans toutes les autres sph\u00e8res de la production cin\u00e9matographique. Dans d\u2019autres cas de figure, c\u2019est l\u2019impossibilit\u00e9 d\u2019avoir acc\u00e8s \u00e0 du mat\u00e9riel professionnel, ou une situation politique complexe, qui contraint certains r\u00e9alisateurs \u00e0 se contenter de cet appareil de prise de vues \u2013 les cas des Iraniens Jafar Panahi et Mojtaba Mirtahmasb, tournant Ceci n\u2019est pas un film (2011) dans la clandestinit\u00e9 au cours de l\u2019assignation \u00e0 r\u00e9sidence du premier d\u2019entre eux, ou des cin\u00e9astes Guevara Namer et Namer Matar en Syrie (Liosi, 2018), sont exemplaires de ce cas de figure.<\/p>\n<p>En droite ligne de ce mod\u00e8le, les \u00e9critures \u00e0 la premi\u00e8re personne se nourrissent par ailleurs largement des possibilit\u00e9s nouvelles offertes par la transportabilit\u00e9 du t\u00e9l\u00e9phone portable. Joseph Morder (J\u2019aimerais partager le printemps avec quelqu\u2019un, 2008) ou Rachid Dja\u00efdani (La ligne brune, 2010) ont exp\u00e9riment\u00e9 avec bonheur la fa\u00e7on dont le journal film\u00e9 pouvait tirer profit de ce petit appareil. C\u2019est suivant le m\u00eame geste, fond\u00e9 sur cette capacit\u00e9 du filmeur (le \u00ab&#160;bricoleur&#160;\u00bb ou la \u00ab&#160;bricoleuse&#160;\u00bb pour reprendre les termes de Jill Daniels, 2022) \u00e0 enraciner sa pratique dans la vie elle-m\u00eame, qui permet un renouvellement des formes documentaires, poussant un peu plus loin encore les principes historiquement exp\u00e9riment\u00e9es autour du cin\u00e9ma-v\u00e9rit\u00e9 (Uricchio 2014, p. 61), ou renouvelant les propositions d\u2019Astruc autour du concept de \u00ab&#160;cam\u00e9ra-stylo&#160;\u00bb (Berkeley 2014). Enfin, ce recours peut traduire une intention esth\u00e9tique, participant de la recherche permanente de renouvellement des formes narratives et visuelles et des modalit\u00e9s de l\u2019acte de filmer qui accompagne l\u2019histoire du cin\u00e9ma et de l\u2019audiovisuel, cette \u00ab&#160;Keitai Aesthetic&#160;\u00bb qu\u2019\u00e9tudiait Max Schleser dans sa th\u00e8se d\u00e8s 2010.<\/p>\n<p>Comment penser, en termes d\u2019alternative, l\u2019apparition de ce nouvel instrument dans les modalit\u00e9s de production d\u2019images anim\u00e9es&#160;? Comment a \u00e9volu\u00e9 le statut du t\u00e9l\u00e9phone portable dans les pratiques professionnelles au fil des ann\u00e9es&#160;? Quels sont les usages diff\u00e9renci\u00e9s qui sont faits selon les r\u00e9gions du monde&#160;? Ce sont \u00e0 ces questions que le colloque organis\u00e9 \u00e0 Nice, dans les locaux de la MSH, les 6 et 7 juin 2023, entend apporter des pistes de r\u00e9flexion, tout en s\u2019ouvrant \u00e0 toutes les pistes d\u2019investigation novatrice en la mati\u00e8re.<\/p>\n<p>Les propositions de communication, comportant un r\u00e9sum\u00e9 de 2500 signes environ, une bibliographie et une courte biographie, peuvent \u00eatre envoy\u00e9es par email avant le 15 avril 2023 \u00e0 l\u2019adresse suivante&#160;:<br \/>\n<a href=\"mailto:colloque.telephone.portable@laposte.net\">colloque.telephone.portable@laposte.net\u00a0<\/a><\/p>\n<p>Les communications donneront lieu \u00e0 une publication dans les Cahiers de Champs Visuels en 2024.<\/p>\n<\/p><\/div>\n<div class=\"zn-singledetail-partners\">\n<h3 class=\"zn-singledetail-section-title\">Partenaires<\/h3>\n<div class=\"zn-singledetail-partners-list row small-up-2 medium-up-3 large-up-5 partnerlist\" data-equalizer data-equalize-on=\"medium\">\n<article class=\"summarypartner partner-5783 column\">\n\t<a class=\"summarypartner-box\" href=\"http:\/\/univ-cotedazur.fr\" title=\"Universit\u00e9 C\u00f4te d&rsquo;Azur\">\t\t<\/p>\n<div class=\"summarypartner-box-inner\" data-equalizer-watch>\n<div class=\"summarypartner-imgbox\">\n<figure class=\"summarypartner-figure\">\n\t\t\t\t\t<img decoding=\"async\" class=\"summarypartner-img\" src=\"https:\/\/www.sfsic.org\/wp-inside\/uploads\/skp-membership\/demande_adh\/prvqdix_waedc2xmxzz6djba6aafnrx20anmguncq6w7ciggcbuxzrmjvd1he3iuo3iruxyi2erdjnk8rt14jfxz6hvcghb4ysxs26avbxmxrdw9xyovk-ald5uks68xlozsilwyt3g0hc-9mobdinbzeu_qhi3txoi-320x253.png\" alt=\"Logo Universit\u00e9 C\u00f4te d'Azur\" ><br \/>\n\t\t\t\t\t\t\t\t\t<\/figure>\n<\/p><\/div>\n<div class=\"summarypartner-content\">\n<div class=\"summarypartner-content-inner\">\n<header class=\"summarypartner-header\">\n<h3 class=\"summarypartner-title\">\n\t\t\t\t\t\t\tUniversit\u00e9 C\u00f4te d&rsquo;Azur\t\t\t\t\t\t<\/h3>\n<\/header><\/div>\n<\/p><\/div>\n<\/p><\/div>\n<p>\t<\/a><\/article>\n<article class=\"summarypartner partner-18592 column\">\n\t<a class=\"summarypartner-box\" href=\"https:\/\/lirces.univ-cotedazur.fr\/\" title=\"LIRCES &#8211; R\u00e9cits, cultures et soci\u00e9t\u00e9s\">\t\t<\/p>\n<div class=\"summarypartner-box-inner\" data-equalizer-watch>\n<div class=\"summarypartner-imgbox\">\n<figure class=\"summarypartner-figure\">\n\t\t\t\t\t<img decoding=\"async\" class=\"summarypartner-img\" src=\"https:\/\/www.sfsic.org\/wp-inside\/uploads\/skp-membership\/demande_adh\/logo-lirces-2023-320x134.png\" alt=\"Logo Lirces 2023\" ><figcaption class=\"summarypartner-img-caption show-for-sr\">Logo Lirces 2023<\/figcaption><\/figure>\n<\/p><\/div>\n<div class=\"summarypartner-content\">\n<div class=\"summarypartner-content-inner\">\n<header class=\"summarypartner-header\">\n<h3 class=\"summarypartner-title\">\n\t\t\t\t\t\t\tLIRCES &#8211; R\u00e9cits, cultures et soci\u00e9t\u00e9s\t\t\t\t\t\t<\/h3>\n<p class=\"summarypartner-acronym\">\n\t\t\t\t\t\t\tLIRCES\t\t\t\t\t\t<\/p>\n<\/header><\/div>\n<\/p><\/div>\n<\/p><\/div>\n<p>\t<\/a><\/article>\n<article class=\"summarypartner column\">\n<div class=\"summarypartner-box\" title=\"ESRA C\u00f4te d'azur\">\n<div class=\"summarypartner-box-inner\" data-equalizer-watch>\n<div class=\"summarypartner-imgbox\">\n<figure class=\"summarypartner-figure\">\n\t\t\t\t\t<img decoding=\"async\" class=\"summarypartner-img\" src=\"https:\/\/www.sfsic.org\/wp-inside\/uploads\/skp-membership\/demande_adh\/logo-esra-320x65.png\" alt=\"Logo ESRA\" ><figcaption class=\"summarypartner-img-caption show-for-sr\">Logo ESRA<\/figcaption><\/figure>\n<\/p><\/div>\n<div class=\"summarypartner-content\">\n<div class=\"summarypartner-content-inner\">\n<header class=\"summarypartner-header\">\n<h3 class=\"summarypartner-title\">\n\t\t\t\t\t\t\tESRA C\u00f4te d&#8217;azur\t\t\t\t\t\t<\/h3>\n<p class=\"summarypartner-acronym\">\n\t\t\t\t\t\t\tESRA\t\t\t\t\t\t<\/p>\n<\/header><\/div>\n<\/p><\/div>\n<\/p><\/div>\n<\/p><\/div>\n<\/article><\/div>\n<\/p><\/div>\n<div class=\"zn-singledetail-attachedfiles\">\n<h3 class=\"zn-singledetail-section-title\">Fichier(s) attach\u00e9(s)<\/h3>\n<ul class=\"zn-singledetail-attachedfiles-list\">\n<li class=\"zn-singledetail-attachedfiles-item\">\n\t\t\t\t\t\t\t<a class=\"zn-singledetail-attachedfiles-link button outline for-download\" href=\"https:\/\/www.sfsic.org\/wp-inside\/uploads\/skp-membership\/demande_adh\/appel-a-communications-telephone-portable-une-alternative-de-production-audiovisuelle-prolongation.pdf\" title=\"T\u00e9l\u00e9charger : \u00ab appel-a-communications-telephone-portable-une-alternative-de-production-audiovisuelle-prolongation.pdf \u00bb\" target=\"_blank\" rel=\"noopener\"><br \/>\n\t\t\t\t\t\t\t\t<span class=\"button-txt\">appel-a-communications-telephone-portable-une-alternative-de-production-audiovisuelle-prolongation<span class=\"button-txt-type\"> (pdf)<\/span><\/span><br \/>\n\t\t\t\t\t\t\t<\/a>\n\t\t\t\t\t\t<\/li>\n<li class=\"zn-singledetail-attachedfiles-item\">\n\t\t\t\t\t\t\t<a class=\"zn-singledetail-attachedfiles-link button outline for-download\" href=\"https:\/\/www.sfsic.org\/wp-inside\/uploads\/skp-membership\/demande_adh\/call-for-papers-the-mobile-phone-an-alternative-for-audiovisual-production.pdf\" title=\"T\u00e9l\u00e9charger : \u00ab call-for-papers-the-mobile-phone-an-alternative-for-audiovisual-production.pdf \u00bb\" target=\"_blank\" rel=\"noopener\"><br \/>\n\t\t\t\t\t\t\t\t<span class=\"button-txt\">call-for-papers-the-mobile-phone-an-alternative-for-audiovisual-production<span class=\"button-txt-type\"> (pdf)<\/span><\/span><br \/>\n\t\t\t\t\t\t\t<\/a>\n\t\t\t\t\t\t<\/li>\n<\/ul><\/div>\n<div class=\"zn-singledetail-keywords\">\n<h3 class=\"zn-singledetail-section-title\">Mots-cl\u00e9s<\/h3>\n<ul class=\"termslist termslist-post_tag\">\n<li class=\"termslist-item termslist-title\"><span class=\"termslist-titletxt\">Mots-cl\u00e9s<\/span><span class=\"doubledot\"><\/span><\/li>\n<li class=\"termslist-item tax-post_tag term-audiovisuel\"><a class=\"termslist-itemlink\" href=\"https:\/\/www.sfsic.org\/tag\/audiovisuel\/\" title=\"Audiovisuel\"><span class=\"termslist-itemname\">Audiovisuel<\/span><\/a><\/li>\n<li class=\"termslist-item tax-post_tag term-cinema\"><a class=\"termslist-itemlink\" href=\"https:\/\/www.sfsic.org\/tag\/cinema\/\" title=\"Cin\u00e9ma\"><span class=\"termslist-itemname\">Cin\u00e9ma<\/span><\/a><\/li>\n<li class=\"termslist-item tax-post_tag term-culture-numerique\"><a class=\"termslist-itemlink\" href=\"https:\/\/www.sfsic.org\/tag\/culture-numerique\/\" title=\"Culture num\u00e9rique\"><span class=\"termslist-itemname\">Culture num\u00e9rique<\/span><\/a><\/li>\n<li class=\"termslist-item tax-post_tag term-medias\"><a class=\"termslist-itemlink\" href=\"https:\/\/www.sfsic.org\/tag\/medias\/\" title=\"M\u00e9dias\"><span class=\"termslist-itemname\">M\u00e9dias<\/span><\/a><\/li>\n<\/ul><\/div>\n<\/p><\/div>\n<\/p><\/div>\n<\/p><\/div>\n<\/p><\/div>\n<\/div>\n<p><!-- \/fxzn:singledetail --><\/p>\n","protected":false},"excerpt":{"rendered":"<p>Mis en ligne le 29 mars 2023 Th\u00e9matiques Images, cin\u00e9ma, m\u00e9dias audiovisuels et industries culturelles M\u00e9dias et journalisme Num\u00e9rique : strat\u00e9gies, dispositifs et usages R\u00e9ponse attendue pour le 15\/04\/2023 Type [&hellip;]<\/p>\n","protected":false},"author":344,"featured_media":0,"comment_status":"closed","ping_status":"closed","sticky":false,"template":"","format":"standard","meta":{"_acf_changed":false,"footnotes":""},"categories":[29,57],"tags":[111,375,87,390],"thematique":[35,34,39],"sfsic":[],"class_list":["post-28277","post","type-post","status-publish","format-standard","hentry","category-aac-evenement","category-colloque","tag-audiovisuel","tag-cinema","tag-culture-numerique","tag-medias","thematique-images-cinema-medias-audiovisuels-et-industries-culturelles","thematique-medias-et-journalisme","thematique-numerique-strategies-dispositifs-et-usages","wp-sticky"],"acf":[],"yoast_head":"<!-- This site is optimized with the Yoast SEO plugin v27.4 - https:\/\/yoast.com\/product\/yoast-seo-wordpress\/ -->\n<title>Le t\u00e9l\u00e9phone portable : une alternative de production audiovisuelle ?<\/title>\n<meta name=\"description\" content=\"L&#039;appel \u00e0 communications relatif au colloque &quot;Le t\u00e9l\u00e9phone portable : une alternative de production audiovisuelle ?&quot; est prolong\u00e9 jusqu&#039;au 15 avril prochain.\" \/>\n<meta name=\"robots\" content=\"index, follow, max-snippet:-1, max-image-preview:large, max-video-preview:-1\" \/>\n<link rel=\"canonical\" href=\"https:\/\/www.sfsic.org\/en\/aac-evenement\/le-telephone-portable-une-alternative-de-production-audiovisuelle-2\/\" \/>\n<meta property=\"og:locale\" content=\"en_US\" \/>\n<meta property=\"og:type\" content=\"article\" \/>\n<meta property=\"og:title\" content=\"Le t\u00e9l\u00e9phone portable : une alternative de production audiovisuelle ?\" \/>\n<meta property=\"og:description\" content=\"L&#039;appel \u00e0 communications relatif au colloque &quot;Le t\u00e9l\u00e9phone portable : une alternative de production audiovisuelle ?&quot; est prolong\u00e9 jusqu&#039;au 15 avril prochain.\" \/>\n<meta property=\"og:url\" content=\"https:\/\/www.sfsic.org\/en\/aac-evenement\/le-telephone-portable-une-alternative-de-production-audiovisuelle-2\/\" \/>\n<meta property=\"og:site_name\" content=\"SFSIC\" \/>\n<meta property=\"article:published_time\" content=\"2023-03-30T19:33:45+00:00\" \/>\n<meta property=\"article:modified_time\" content=\"2023-03-30T19:33:46+00:00\" \/>\n<meta property=\"og:image\" content=\"https:\/\/www.sfsic.org\/wp-inside\/uploads\/skp-membership\/demande_adh\/prvqdix_waedc2xmxzz6djba6aafnrx20anmguncq6w7ciggcbuxzrmjvd1he3iuo3iruxyi2erdjnk8rt14jfxz6hvcghb4ysxs26avbxmxrdw9xyovk-ald5uks68xlozsilwyt3g0hc-9mobdinbzeu_qhi3txoi-320x253.png\" \/>\n<meta name=\"author\" content=\"Christel Taillibert\" \/>\n<meta name=\"twitter:card\" content=\"summary_large_image\" \/>\n<script type=\"application\/ld+json\" class=\"yoast-schema-graph\">{\"@context\":\"https:\\\/\\\/schema.org\",\"@graph\":[{\"@type\":\"Article\",\"@id\":\"https:\\\/\\\/www.sfsic.org\\\/en\\\/aac-evenement\\\/le-telephone-portable-une-alternative-de-production-audiovisuelle-2\\\/#article\",\"isPartOf\":{\"@id\":\"https:\\\/\\\/www.sfsic.org\\\/en\\\/aac-evenement\\\/le-telephone-portable-une-alternative-de-production-audiovisuelle-2\\\/\"},\"author\":{\"name\":\"Christel Taillibert\",\"@id\":\"https:\\\/\\\/www.sfsic.org\\\/en\\\/#\\\/schema\\\/person\\\/52f712750fe69b92f262f0b93eeb0dda\"},\"headline\":\"Le t\u00e9l\u00e9phone portable : une alternative de production audiovisuelle ?\",\"datePublished\":\"2023-03-30T19:33:45+00:00\",\"dateModified\":\"2023-03-30T19:33:46+00:00\",\"mainEntityOfPage\":{\"@id\":\"https:\\\/\\\/www.sfsic.org\\\/en\\\/aac-evenement\\\/le-telephone-portable-une-alternative-de-production-audiovisuelle-2\\\/\"},\"wordCount\":1210,\"publisher\":{\"@id\":\"https:\\\/\\\/www.sfsic.org\\\/en\\\/#organization\"},\"image\":{\"@id\":\"https:\\\/\\\/www.sfsic.org\\\/en\\\/aac-evenement\\\/le-telephone-portable-une-alternative-de-production-audiovisuelle-2\\\/#primaryimage\"},\"thumbnailUrl\":\"https:\\\/\\\/www.sfsic.org\\\/wp-inside\\\/uploads\\\/skp-membership\\\/demande_adh\\\/prvqdix_waedc2xmxzz6djba6aafnrx20anmguncq6w7ciggcbuxzrmjvd1he3iuo3iruxyi2erdjnk8rt14jfxz6hvcghb4ysxs26avbxmxrdw9xyovk-ald5uks68xlozsilwyt3g0hc-9mobdinbzeu_qhi3txoi-320x253.png\",\"keywords\":[\"Audiovisuel\",\"Cin\u00e9ma\",\"Culture num\u00e9rique\",\"M\u00e9dias\"],\"articleSection\":[\"AAC \u00c9v\u00e9nement\",\"Colloque\"],\"inLanguage\":\"en-US\"},{\"@type\":\"WebPage\",\"@id\":\"https:\\\/\\\/www.sfsic.org\\\/en\\\/aac-evenement\\\/le-telephone-portable-une-alternative-de-production-audiovisuelle-2\\\/\",\"url\":\"https:\\\/\\\/www.sfsic.org\\\/en\\\/aac-evenement\\\/le-telephone-portable-une-alternative-de-production-audiovisuelle-2\\\/\",\"name\":\"Le t\u00e9l\u00e9phone portable : une alternative de production audiovisuelle ?\",\"isPartOf\":{\"@id\":\"https:\\\/\\\/www.sfsic.org\\\/en\\\/#website\"},\"primaryImageOfPage\":{\"@id\":\"https:\\\/\\\/www.sfsic.org\\\/en\\\/aac-evenement\\\/le-telephone-portable-une-alternative-de-production-audiovisuelle-2\\\/#primaryimage\"},\"image\":{\"@id\":\"https:\\\/\\\/www.sfsic.org\\\/en\\\/aac-evenement\\\/le-telephone-portable-une-alternative-de-production-audiovisuelle-2\\\/#primaryimage\"},\"thumbnailUrl\":\"https:\\\/\\\/www.sfsic.org\\\/wp-inside\\\/uploads\\\/skp-membership\\\/demande_adh\\\/prvqdix_waedc2xmxzz6djba6aafnrx20anmguncq6w7ciggcbuxzrmjvd1he3iuo3iruxyi2erdjnk8rt14jfxz6hvcghb4ysxs26avbxmxrdw9xyovk-ald5uks68xlozsilwyt3g0hc-9mobdinbzeu_qhi3txoi-320x253.png\",\"datePublished\":\"2023-03-30T19:33:45+00:00\",\"dateModified\":\"2023-03-30T19:33:46+00:00\",\"description\":\"L'appel \u00e0 communications relatif au colloque \\\"Le t\u00e9l\u00e9phone portable : une alternative de production audiovisuelle ?\\\" est prolong\u00e9 jusqu'au 15 avril prochain.\",\"breadcrumb\":{\"@id\":\"https:\\\/\\\/www.sfsic.org\\\/en\\\/aac-evenement\\\/le-telephone-portable-une-alternative-de-production-audiovisuelle-2\\\/#breadcrumb\"},\"inLanguage\":\"en-US\",\"potentialAction\":[{\"@type\":\"ReadAction\",\"target\":[\"https:\\\/\\\/www.sfsic.org\\\/en\\\/aac-evenement\\\/le-telephone-portable-une-alternative-de-production-audiovisuelle-2\\\/\"]}]},{\"@type\":\"ImageObject\",\"inLanguage\":\"en-US\",\"@id\":\"https:\\\/\\\/www.sfsic.org\\\/en\\\/aac-evenement\\\/le-telephone-portable-une-alternative-de-production-audiovisuelle-2\\\/#primaryimage\",\"url\":\"https:\\\/\\\/www.sfsic.org\\\/wp-inside\\\/uploads\\\/skp-membership\\\/demande_adh\\\/prvqdix_waedc2xmxzz6djba6aafnrx20anmguncq6w7ciggcbuxzrmjvd1he3iuo3iruxyi2erdjnk8rt14jfxz6hvcghb4ysxs26avbxmxrdw9xyovk-ald5uks68xlozsilwyt3g0hc-9mobdinbzeu_qhi3txoi-320x253.png\",\"contentUrl\":\"https:\\\/\\\/www.sfsic.org\\\/wp-inside\\\/uploads\\\/skp-membership\\\/demande_adh\\\/prvqdix_waedc2xmxzz6djba6aafnrx20anmguncq6w7ciggcbuxzrmjvd1he3iuo3iruxyi2erdjnk8rt14jfxz6hvcghb4ysxs26avbxmxrdw9xyovk-ald5uks68xlozsilwyt3g0hc-9mobdinbzeu_qhi3txoi-320x253.png\"},{\"@type\":\"BreadcrumbList\",\"@id\":\"https:\\\/\\\/www.sfsic.org\\\/en\\\/aac-evenement\\\/le-telephone-portable-une-alternative-de-production-audiovisuelle-2\\\/#breadcrumb\",\"itemListElement\":[{\"@type\":\"ListItem\",\"position\":1,\"name\":\"Accueil\",\"item\":\"https:\\\/\\\/www.sfsic.org\\\/en\\\/\"},{\"@type\":\"ListItem\",\"position\":2,\"name\":\"Calls for Contributions\",\"item\":\"https:\\\/\\\/www.sfsic.org\\\/en\\\/cfc-event\\\/\"},{\"@type\":\"ListItem\",\"position\":3,\"name\":\"Conference\",\"item\":\"https:\\\/\\\/www.sfsic.org\\\/en\\\/cfc-event\\\/conference\\\/\"},{\"@type\":\"ListItem\",\"position\":4,\"name\":\"Le t\u00e9l\u00e9phone portable&#160;: une alternative de production audiovisuelle&#160;?\"}]},{\"@type\":\"WebSite\",\"@id\":\"https:\\\/\\\/www.sfsic.org\\\/en\\\/#website\",\"url\":\"https:\\\/\\\/www.sfsic.org\\\/en\\\/\",\"name\":\"SFSIC\",\"description\":\"Soci\u00e9t\u00e9 Fran\u00e7aise des Sciences de l&#039;Information &amp; de la Communication\",\"publisher\":{\"@id\":\"https:\\\/\\\/www.sfsic.org\\\/en\\\/#organization\"},\"potentialAction\":[{\"@type\":\"SearchAction\",\"target\":{\"@type\":\"EntryPoint\",\"urlTemplate\":\"https:\\\/\\\/www.sfsic.org\\\/en\\\/?s={search_term_string}\"},\"query-input\":{\"@type\":\"PropertyValueSpecification\",\"valueRequired\":true,\"valueName\":\"search_term_string\"}}],\"inLanguage\":\"en-US\"},{\"@type\":\"Organization\",\"@id\":\"https:\\\/\\\/www.sfsic.org\\\/en\\\/#organization\",\"name\":\"SFSIC\",\"url\":\"https:\\\/\\\/www.sfsic.org\\\/en\\\/\",\"logo\":{\"@type\":\"ImageObject\",\"inLanguage\":\"en-US\",\"@id\":\"https:\\\/\\\/www.sfsic.org\\\/en\\\/#\\\/schema\\\/logo\\\/image\\\/\",\"url\":\"https:\\\/\\\/www.sfsic.org\\\/wp-inside\\\/uploads\\\/2020\\\/05\\\/logo-sfsic.jpg\",\"contentUrl\":\"https:\\\/\\\/www.sfsic.org\\\/wp-inside\\\/uploads\\\/2020\\\/05\\\/logo-sfsic.jpg\",\"width\":1085,\"height\":1080,\"caption\":\"SFSIC\"},\"image\":{\"@id\":\"https:\\\/\\\/www.sfsic.org\\\/en\\\/#\\\/schema\\\/logo\\\/image\\\/\"}},{\"@type\":\"Person\",\"@id\":\"https:\\\/\\\/www.sfsic.org\\\/en\\\/#\\\/schema\\\/person\\\/52f712750fe69b92f262f0b93eeb0dda\",\"name\":\"Christel Taillibert\",\"image\":{\"@type\":\"ImageObject\",\"inLanguage\":\"en-US\",\"@id\":\"https:\\\/\\\/secure.gravatar.com\\\/avatar\\\/682a19c3b71acea7d0ca943a2b2603477899c60abe34bbf6e322783d5ac31c59?s=96&d=mm&r=g\",\"url\":\"https:\\\/\\\/secure.gravatar.com\\\/avatar\\\/682a19c3b71acea7d0ca943a2b2603477899c60abe34bbf6e322783d5ac31c59?s=96&d=mm&r=g\",\"contentUrl\":\"https:\\\/\\\/secure.gravatar.com\\\/avatar\\\/682a19c3b71acea7d0ca943a2b2603477899c60abe34bbf6e322783d5ac31c59?s=96&d=mm&r=g\",\"caption\":\"Christel Taillibert\"}}]}<\/script>\n<!-- \/ Yoast SEO plugin. -->","yoast_head_json":{"title":"Le t\u00e9l\u00e9phone portable : une alternative de production audiovisuelle ?","description":"L'appel \u00e0 communications relatif au colloque \"Le t\u00e9l\u00e9phone portable : une alternative de production audiovisuelle ?\" est prolong\u00e9 jusqu'au 15 avril prochain.","robots":{"index":"index","follow":"follow","max-snippet":"max-snippet:-1","max-image-preview":"max-image-preview:large","max-video-preview":"max-video-preview:-1"},"canonical":"https:\/\/www.sfsic.org\/en\/aac-evenement\/le-telephone-portable-une-alternative-de-production-audiovisuelle-2\/","og_locale":"en_US","og_type":"article","og_title":"Le t\u00e9l\u00e9phone portable : une alternative de production audiovisuelle ?","og_description":"L'appel \u00e0 communications relatif au colloque \"Le t\u00e9l\u00e9phone portable : une alternative de production audiovisuelle ?\" est prolong\u00e9 jusqu'au 15 avril prochain.","og_url":"https:\/\/www.sfsic.org\/en\/aac-evenement\/le-telephone-portable-une-alternative-de-production-audiovisuelle-2\/","og_site_name":"SFSIC","article_published_time":"2023-03-30T19:33:45+00:00","article_modified_time":"2023-03-30T19:33:46+00:00","og_image":[{"url":"https:\/\/www.sfsic.org\/wp-inside\/uploads\/skp-membership\/demande_adh\/prvqdix_waedc2xmxzz6djba6aafnrx20anmguncq6w7ciggcbuxzrmjvd1he3iuo3iruxyi2erdjnk8rt14jfxz6hvcghb4ysxs26avbxmxrdw9xyovk-ald5uks68xlozsilwyt3g0hc-9mobdinbzeu_qhi3txoi-320x253.png","type":"","width":"","height":""}],"author":"Christel Taillibert","twitter_card":"summary_large_image","schema":{"@context":"https:\/\/schema.org","@graph":[{"@type":"Article","@id":"https:\/\/www.sfsic.org\/en\/aac-evenement\/le-telephone-portable-une-alternative-de-production-audiovisuelle-2\/#article","isPartOf":{"@id":"https:\/\/www.sfsic.org\/en\/aac-evenement\/le-telephone-portable-une-alternative-de-production-audiovisuelle-2\/"},"author":{"name":"Christel Taillibert","@id":"https:\/\/www.sfsic.org\/en\/#\/schema\/person\/52f712750fe69b92f262f0b93eeb0dda"},"headline":"Le t\u00e9l\u00e9phone portable : une alternative de production audiovisuelle ?","datePublished":"2023-03-30T19:33:45+00:00","dateModified":"2023-03-30T19:33:46+00:00","mainEntityOfPage":{"@id":"https:\/\/www.sfsic.org\/en\/aac-evenement\/le-telephone-portable-une-alternative-de-production-audiovisuelle-2\/"},"wordCount":1210,"publisher":{"@id":"https:\/\/www.sfsic.org\/en\/#organization"},"image":{"@id":"https:\/\/www.sfsic.org\/en\/aac-evenement\/le-telephone-portable-une-alternative-de-production-audiovisuelle-2\/#primaryimage"},"thumbnailUrl":"https:\/\/www.sfsic.org\/wp-inside\/uploads\/skp-membership\/demande_adh\/prvqdix_waedc2xmxzz6djba6aafnrx20anmguncq6w7ciggcbuxzrmjvd1he3iuo3iruxyi2erdjnk8rt14jfxz6hvcghb4ysxs26avbxmxrdw9xyovk-ald5uks68xlozsilwyt3g0hc-9mobdinbzeu_qhi3txoi-320x253.png","keywords":["Audiovisuel","Cin\u00e9ma","Culture num\u00e9rique","M\u00e9dias"],"articleSection":["AAC \u00c9v\u00e9nement","Colloque"],"inLanguage":"en-US"},{"@type":"WebPage","@id":"https:\/\/www.sfsic.org\/en\/aac-evenement\/le-telephone-portable-une-alternative-de-production-audiovisuelle-2\/","url":"https:\/\/www.sfsic.org\/en\/aac-evenement\/le-telephone-portable-une-alternative-de-production-audiovisuelle-2\/","name":"Le t\u00e9l\u00e9phone portable : une alternative de production audiovisuelle ?","isPartOf":{"@id":"https:\/\/www.sfsic.org\/en\/#website"},"primaryImageOfPage":{"@id":"https:\/\/www.sfsic.org\/en\/aac-evenement\/le-telephone-portable-une-alternative-de-production-audiovisuelle-2\/#primaryimage"},"image":{"@id":"https:\/\/www.sfsic.org\/en\/aac-evenement\/le-telephone-portable-une-alternative-de-production-audiovisuelle-2\/#primaryimage"},"thumbnailUrl":"https:\/\/www.sfsic.org\/wp-inside\/uploads\/skp-membership\/demande_adh\/prvqdix_waedc2xmxzz6djba6aafnrx20anmguncq6w7ciggcbuxzrmjvd1he3iuo3iruxyi2erdjnk8rt14jfxz6hvcghb4ysxs26avbxmxrdw9xyovk-ald5uks68xlozsilwyt3g0hc-9mobdinbzeu_qhi3txoi-320x253.png","datePublished":"2023-03-30T19:33:45+00:00","dateModified":"2023-03-30T19:33:46+00:00","description":"L'appel \u00e0 communications relatif au colloque \"Le t\u00e9l\u00e9phone portable : une alternative de production audiovisuelle ?\" est prolong\u00e9 jusqu'au 15 avril prochain.","breadcrumb":{"@id":"https:\/\/www.sfsic.org\/en\/aac-evenement\/le-telephone-portable-une-alternative-de-production-audiovisuelle-2\/#breadcrumb"},"inLanguage":"en-US","potentialAction":[{"@type":"ReadAction","target":["https:\/\/www.sfsic.org\/en\/aac-evenement\/le-telephone-portable-une-alternative-de-production-audiovisuelle-2\/"]}]},{"@type":"ImageObject","inLanguage":"en-US","@id":"https:\/\/www.sfsic.org\/en\/aac-evenement\/le-telephone-portable-une-alternative-de-production-audiovisuelle-2\/#primaryimage","url":"https:\/\/www.sfsic.org\/wp-inside\/uploads\/skp-membership\/demande_adh\/prvqdix_waedc2xmxzz6djba6aafnrx20anmguncq6w7ciggcbuxzrmjvd1he3iuo3iruxyi2erdjnk8rt14jfxz6hvcghb4ysxs26avbxmxrdw9xyovk-ald5uks68xlozsilwyt3g0hc-9mobdinbzeu_qhi3txoi-320x253.png","contentUrl":"https:\/\/www.sfsic.org\/wp-inside\/uploads\/skp-membership\/demande_adh\/prvqdix_waedc2xmxzz6djba6aafnrx20anmguncq6w7ciggcbuxzrmjvd1he3iuo3iruxyi2erdjnk8rt14jfxz6hvcghb4ysxs26avbxmxrdw9xyovk-ald5uks68xlozsilwyt3g0hc-9mobdinbzeu_qhi3txoi-320x253.png"},{"@type":"BreadcrumbList","@id":"https:\/\/www.sfsic.org\/en\/aac-evenement\/le-telephone-portable-une-alternative-de-production-audiovisuelle-2\/#breadcrumb","itemListElement":[{"@type":"ListItem","position":1,"name":"Accueil","item":"https:\/\/www.sfsic.org\/en\/"},{"@type":"ListItem","position":2,"name":"Calls for Contributions","item":"https:\/\/www.sfsic.org\/en\/cfc-event\/"},{"@type":"ListItem","position":3,"name":"Conference","item":"https:\/\/www.sfsic.org\/en\/cfc-event\/conference\/"},{"@type":"ListItem","position":4,"name":"Le t\u00e9l\u00e9phone portable&#160;: une alternative de production audiovisuelle&#160;?"}]},{"@type":"WebSite","@id":"https:\/\/www.sfsic.org\/en\/#website","url":"https:\/\/www.sfsic.org\/en\/","name":"SFSIC","description":"Soci\u00e9t\u00e9 Fran\u00e7aise des Sciences de l&#039;Information &amp; de la Communication","publisher":{"@id":"https:\/\/www.sfsic.org\/en\/#organization"},"potentialAction":[{"@type":"SearchAction","target":{"@type":"EntryPoint","urlTemplate":"https:\/\/www.sfsic.org\/en\/?s={search_term_string}"},"query-input":{"@type":"PropertyValueSpecification","valueRequired":true,"valueName":"search_term_string"}}],"inLanguage":"en-US"},{"@type":"Organization","@id":"https:\/\/www.sfsic.org\/en\/#organization","name":"SFSIC","url":"https:\/\/www.sfsic.org\/en\/","logo":{"@type":"ImageObject","inLanguage":"en-US","@id":"https:\/\/www.sfsic.org\/en\/#\/schema\/logo\/image\/","url":"https:\/\/www.sfsic.org\/wp-inside\/uploads\/2020\/05\/logo-sfsic.jpg","contentUrl":"https:\/\/www.sfsic.org\/wp-inside\/uploads\/2020\/05\/logo-sfsic.jpg","width":1085,"height":1080,"caption":"SFSIC"},"image":{"@id":"https:\/\/www.sfsic.org\/en\/#\/schema\/logo\/image\/"}},{"@type":"Person","@id":"https:\/\/www.sfsic.org\/en\/#\/schema\/person\/52f712750fe69b92f262f0b93eeb0dda","name":"Christel Taillibert","image":{"@type":"ImageObject","inLanguage":"en-US","@id":"https:\/\/secure.gravatar.com\/avatar\/682a19c3b71acea7d0ca943a2b2603477899c60abe34bbf6e322783d5ac31c59?s=96&d=mm&r=g","url":"https:\/\/secure.gravatar.com\/avatar\/682a19c3b71acea7d0ca943a2b2603477899c60abe34bbf6e322783d5ac31c59?s=96&d=mm&r=g","contentUrl":"https:\/\/secure.gravatar.com\/avatar\/682a19c3b71acea7d0ca943a2b2603477899c60abe34bbf6e322783d5ac31c59?s=96&d=mm&r=g","caption":"Christel Taillibert"}}]}},"_links":{"self":[{"href":"https:\/\/www.sfsic.org\/en\/wp-json\/wp\/v2\/posts\/28277","targetHints":{"allow":["GET"]}}],"collection":[{"href":"https:\/\/www.sfsic.org\/en\/wp-json\/wp\/v2\/posts"}],"about":[{"href":"https:\/\/www.sfsic.org\/en\/wp-json\/wp\/v2\/types\/post"}],"author":[{"embeddable":true,"href":"https:\/\/www.sfsic.org\/en\/wp-json\/wp\/v2\/users\/344"}],"replies":[{"embeddable":true,"href":"https:\/\/www.sfsic.org\/en\/wp-json\/wp\/v2\/comments?post=28277"}],"version-history":[{"count":3,"href":"https:\/\/www.sfsic.org\/en\/wp-json\/wp\/v2\/posts\/28277\/revisions"}],"predecessor-version":[{"id":28306,"href":"https:\/\/www.sfsic.org\/en\/wp-json\/wp\/v2\/posts\/28277\/revisions\/28306"}],"wp:attachment":[{"href":"https:\/\/www.sfsic.org\/en\/wp-json\/wp\/v2\/media?parent=28277"}],"wp:term":[{"taxonomy":"category","embeddable":true,"href":"https:\/\/www.sfsic.org\/en\/wp-json\/wp\/v2\/categories?post=28277"},{"taxonomy":"post_tag","embeddable":true,"href":"https:\/\/www.sfsic.org\/en\/wp-json\/wp\/v2\/tags?post=28277"},{"taxonomy":"thematique","embeddable":true,"href":"https:\/\/www.sfsic.org\/en\/wp-json\/wp\/v2\/thematique?post=28277"},{"taxonomy":"sfsic","embeddable":true,"href":"https:\/\/www.sfsic.org\/en\/wp-json\/wp\/v2\/sfsic?post=28277"}],"curies":[{"name":"wp","href":"https:\/\/api.w.org\/{rel}","templated":true}]}}