{"id":28042,"date":"2023-03-17T09:09:24","date_gmt":"2023-03-17T08:09:24","guid":{"rendered":"https:\/\/www.sfsic.org\/?p=28042"},"modified":"2023-03-17T09:11:14","modified_gmt":"2023-03-17T08:11:14","slug":"atelier-reforme-des-bachelors","status":"publish","type":"post","link":"https:\/\/www.sfsic.org\/en\/evenement\/atelier-reforme-des-bachelors\/","title":{"rendered":"Atelier r\u00e9forme des Bachelors"},"content":{"rendered":"<p><!-- fxzn:singledetail --><\/p>\n<div class=\"zone zn-singledetail\" id=\"fxzn-singledetail-1\">\n<div class=\"zone-block zn-singledetail-block alignwide va-top\">\n<div class=\"row\">\n<div class=\"columns large-8 large-push-4\">\n<div class=\"zn-singledetail-metabox\">\n<div class=\"zn-singledetail-pubdate pubdate\">\n\t\t\t\t\t<span class=\"pubdate-txt\">Mis en ligne le<\/span><span class=\"doubledot\"><\/span> <time class=\"pubdate-time\" pubdate datetime=\"2023-03-17T09:09:24+01:00\">17 mars 2023<\/time>\t\t\t\t<\/div>\n<\/p><\/div>\n<\/p><\/div>\n<\/p><\/div>\n<div class=\"row\">\n<div class=\"columns large-4\">\n<div class=\"zn-singledetail-sidebar bg-cornersquares\">\n<div class=\"zn-singledetail-infos\">\n<p class=\"zn-singledetail-type\">\n\t\t\t\t\t\t\t<span>Type d\u2019\u00e9v\u00e9nement<\/span><span class=\"doubledot\"><\/span> <strong>Atelier<\/strong>\n\t\t\t\t\t<\/p>\n<\/p><\/div>\n<div class=\"zn-singledetail-contacts\">\n<h3 class=\"zn-singledetail-section-title\">Contacts<\/h3>\n<ul class=\"zn-singledetail-contacts-list\">\n<li class=\"zn-singledetail-contact\">\n\t\t\t\t\t\t\t<span class=\"zn-singledetail-contact-name\">Laurence Corroy<\/span><span class=\"doubledot\"><\/span><br \/>\n\t\t\t\t\t\t\t\t\t\t\t\t\t\t<a class=\"zn-singledetail-contact-mail prettylink\" href=\"mailto:vp-formation@sfsic.org\">vp-formation@sfsic.org<\/a>\n\t\t\t\t\t\t\t\t\t\t\t\t\t<\/li>\n<\/ul><\/div>\n<\/p><\/div>\n<\/p><\/div>\n<div class=\"columns large-8\">\n<div class=\"zn-singledetail-contentbox\">\n<div class=\"zn-singledetail-eventinfo is-sfsic-event\">\n<div class=\"zn-singledetail-eventinfo-inner\">\n<h3 class=\"zn-singledetail-section-title zn-singledetail-eventinfo-title\">\u00c9v\u00e9nement de la SFSIC<\/h3>\n<div class=\"zn-singledetail-eventdates\">\n\t\t\t\t\t\t<span class=\"zn-singledetail-label\">Dates de l\u2019\u00e9v\u00e9nement<span class=\"doubledot\"><\/span><\/span><\/p>\n<ul class=\"zn-singledetail-eventdates-list\">\n<li class=\"zn-singledetail-eventdates-item\">\n\t\t\t\t\t\t\t\tLe <time class=\"event-start-time\" datetime=\"2023-03-24T00:00:00+00:00\">24\/03\/2023<\/time>, <span class=\"event-schedule\">14h-16h30<\/span>\t\t\t\t\t\t\t<\/li>\n<\/ul><\/div>\n<p class=\"zn-singledetail-eventplace\">\n\t\t\t\t\t\t<span class=\"zn-singledetail-label\">Lieu de l\u2019\u00e9v\u00e9nement<span class=\"doubledot\"><\/span><\/span><br \/>\n\t\t\t\t\t\t<span class=\"zn-singledetail-eventplace-adr\"><br \/>\n\t\t\t\t\t\t\t\t\t\t\t\t<span class=\"adr-name\">distanciel<\/span>,<\/p>\n<p>\t\t\t\t\t\t<\/span>\t\t\t\t\t<\/p>\n<\/p><\/div>\n<\/p><\/div>\n<div class=\"zn-singledetail-annonce wig-content\">\n<p style=\"font-weight: 400;\">La <a href=\"https:\/\/www.sfsic.org\/la-sfsic\/commission-formation\/\" target=\"_blank\" rel=\"noopener\">Commission Formation<\/a> de la SFSIC s\u2019est engag\u00e9e pour sa nouvelle mandature dans une r\u00e9flexion approfondie de la <strong>r\u00e9forme du premier cycle universitaire en IUT<\/strong> qui a transform\u00e9 les DUT en Bachelors en trois ans.<\/p>\n<p style=\"font-weight: 400;\">L\u2019approche par comp\u00e9tences architecturant les savoirs, la volont\u00e9 du Minist\u00e8re d\u2019imposer des quotas selon fili\u00e8res des bacheliers, les nouvelles d\u00e9nominations (ressources, situations d\u2019apprentissage et d\u2019\u00e9valuation), les sp\u00e9cificit\u00e9s des Bachelors en sciences de l\u2019information et de la communication, la place de la recherche et de la formation par la recherche sont au c\u0153ur des travaux et des questionnements de la commission.<\/p>\n<p style=\"font-weight: 400;\">Pour pouvoir y r\u00e9fl\u00e9chir collectivement, nous vous invitons \u00e0 participer au <strong>workshop en distanciel<\/strong> que nous organisons le <strong>vendredi 24 mars 2023 \u00e0 de 14h \u00e0 16h30<\/strong>. La synth\u00e8se de nos \u00e9changes sera l\u2019objet d\u2019une pr\u00e9sentation lors du congr\u00e8s de la SFSIC organis\u00e9 \u00e0 Bordeaux du 14 au 16 juin 2023. Au cours du workshop, vous pouvez d\u00e9poser des verbatims \u00e0 cet effet.<\/p>\n<p style=\"font-weight: 400;\">Pour participer au workshop, vous pouvez \u00e9crire \u00e0 <a href=\"mailto:vp-formation@sfsic.org\">vp-formation@sfsic.org<\/a><\/p>\n<p style=\"font-weight: 400;\">Vous recevrez le lien de connexion de notre rendez-vous.<\/p>\n<p style=\"font-weight: 400;\">\n\t\t\t\t<\/div>\n<div class=\"zn-singledetail-keywords\">\n<h3 class=\"zn-singledetail-section-title\">Mots-cl\u00e9s<\/h3>\n<ul class=\"termslist termslist-post_tag\">\n<li class=\"termslist-item termslist-title\"><span class=\"termslist-titletxt\">Mots-cl\u00e9s<\/span><span class=\"doubledot\"><\/span><\/li>\n<li class=\"termslist-item tax-post_tag term-atelier\"><a class=\"termslist-itemlink\" href=\"https:\/\/www.sfsic.org\/tag\/atelier\/\" title=\"Atelier\"><span class=\"termslist-itemname\">Atelier<\/span><\/a><\/li>\n<li class=\"termslist-item tax-post_tag term-formation\"><a class=\"termslist-itemlink\" href=\"https:\/\/www.sfsic.org\/tag\/formation\/\" title=\"Formation\"><span class=\"termslist-itemname\">Formation<\/span><\/a><\/li>\n<li class=\"termslist-item tax-post_tag term-iut\"><a class=\"termslist-itemlink\" href=\"https:\/\/www.sfsic.org\/tag\/iut\/\" title=\"IUT\"><span class=\"termslist-itemname\">IUT<\/span><\/a><\/li>\n<\/ul><\/div>\n<\/p><\/div>\n<\/p><\/div>\n<\/p><\/div>\n<\/p><\/div>\n<\/div>\n<p><!-- \/fxzn:singledetail --><\/p>\n","protected":false},"excerpt":{"rendered":"<p>Mis en ligne le 17 mars 2023 Type d\u2019\u00e9v\u00e9nement Atelier Contacts Laurence Corroy vp-formation@sfsic.org \u00c9v\u00e9nement de la SFSIC Dates de l\u2019\u00e9v\u00e9nement Le 24\/03\/2023, 14h-16h30 Lieu de l\u2019\u00e9v\u00e9nement distanciel, La Commission [&hellip;]<\/p>\n","protected":false},"author":957,"featured_media":0,"comment_status":"closed","ping_status":"closed","sticky":false,"template":"","format":"standard","meta":{"_acf_changed":false,"footnotes":""},"categories":[30],"tags":[798,122,831],"thematique":[],"sfsic":[52],"class_list":["post-28042","post","type-post","status-publish","format-standard","hentry","category-evenement","tag-atelier","tag-formation","tag-iut","sfsic-evenements","wp-sticky"],"acf":[],"yoast_head":"<!-- This site is optimized with the Yoast SEO plugin v27.4 - https:\/\/yoast.com\/product\/yoast-seo-wordpress\/ -->\n<title>Atelier r\u00e9forme des Bachelors<\/title>\n<meta name=\"description\" content=\"La commission Formation de la SFSIC vous propose un atelier consacr\u00e9 \u00e0 la r\u00e9forme du premier cycle universitaire en IUT. Celui-ci aura lieu en distanciel le vendredi 24 mars.\" \/>\n<meta name=\"robots\" content=\"index, follow, max-snippet:-1, max-image-preview:large, max-video-preview:-1\" \/>\n<link rel=\"canonical\" href=\"https:\/\/www.sfsic.org\/en\/evenement\/atelier-reforme-des-bachelors\/\" \/>\n<meta property=\"og:locale\" content=\"en_US\" \/>\n<meta property=\"og:type\" content=\"article\" \/>\n<meta property=\"og:title\" content=\"Atelier r\u00e9forme des Bachelors\" \/>\n<meta property=\"og:description\" content=\"La commission Formation de la SFSIC vous propose un atelier consacr\u00e9 \u00e0 la r\u00e9forme du premier cycle universitaire en IUT. Celui-ci aura lieu en distanciel le vendredi 24 mars.\" \/>\n<meta property=\"og:url\" content=\"https:\/\/www.sfsic.org\/en\/evenement\/atelier-reforme-des-bachelors\/\" \/>\n<meta property=\"og:site_name\" content=\"SFSIC\" \/>\n<meta property=\"article:published_time\" content=\"2023-03-17T08:09:24+00:00\" \/>\n<meta property=\"article:modified_time\" content=\"2023-03-17T08:11:14+00:00\" \/>\n<meta name=\"author\" content=\"Fabien Bonnet\" \/>\n<meta name=\"twitter:card\" content=\"summary_large_image\" \/>\n<script type=\"application\/ld+json\" class=\"yoast-schema-graph\">{\"@context\":\"https:\\\/\\\/schema.org\",\"@graph\":[{\"@type\":\"Article\",\"@id\":\"https:\\\/\\\/www.sfsic.org\\\/en\\\/evenement\\\/atelier-reforme-des-bachelors\\\/#article\",\"isPartOf\":{\"@id\":\"https:\\\/\\\/www.sfsic.org\\\/en\\\/evenement\\\/atelier-reforme-des-bachelors\\\/\"},\"author\":{\"name\":\"Fabien Bonnet\",\"@id\":\"https:\\\/\\\/www.sfsic.org\\\/en\\\/#\\\/schema\\\/person\\\/9f83573bda33f40c68c7c826e9567df6\"},\"headline\":\"Atelier r\u00e9forme des Bachelors\",\"datePublished\":\"2023-03-17T08:09:24+00:00\",\"dateModified\":\"2023-03-17T08:11:14+00:00\",\"mainEntityOfPage\":{\"@id\":\"https:\\\/\\\/www.sfsic.org\\\/en\\\/evenement\\\/atelier-reforme-des-bachelors\\\/\"},\"wordCount\":238,\"publisher\":{\"@id\":\"https:\\\/\\\/www.sfsic.org\\\/en\\\/#organization\"},\"keywords\":[\"Atelier\",\"Formation\",\"IUT\"],\"articleSection\":[\"\u00c9v\u00e9nements\"],\"inLanguage\":\"en-US\"},{\"@type\":\"WebPage\",\"@id\":\"https:\\\/\\\/www.sfsic.org\\\/en\\\/evenement\\\/atelier-reforme-des-bachelors\\\/\",\"url\":\"https:\\\/\\\/www.sfsic.org\\\/en\\\/evenement\\\/atelier-reforme-des-bachelors\\\/\",\"name\":\"Atelier r\u00e9forme des Bachelors\",\"isPartOf\":{\"@id\":\"https:\\\/\\\/www.sfsic.org\\\/en\\\/#website\"},\"datePublished\":\"2023-03-17T08:09:24+00:00\",\"dateModified\":\"2023-03-17T08:11:14+00:00\",\"description\":\"La commission Formation de la SFSIC vous propose un atelier consacr\u00e9 \u00e0 la r\u00e9forme du premier cycle universitaire en IUT. Celui-ci aura lieu en distanciel le vendredi 24 mars.\",\"breadcrumb\":{\"@id\":\"https:\\\/\\\/www.sfsic.org\\\/en\\\/evenement\\\/atelier-reforme-des-bachelors\\\/#breadcrumb\"},\"inLanguage\":\"en-US\",\"potentialAction\":[{\"@type\":\"ReadAction\",\"target\":[\"https:\\\/\\\/www.sfsic.org\\\/en\\\/evenement\\\/atelier-reforme-des-bachelors\\\/\"]}]},{\"@type\":\"BreadcrumbList\",\"@id\":\"https:\\\/\\\/www.sfsic.org\\\/en\\\/evenement\\\/atelier-reforme-des-bachelors\\\/#breadcrumb\",\"itemListElement\":[{\"@type\":\"ListItem\",\"position\":1,\"name\":\"Accueil\",\"item\":\"https:\\\/\\\/www.sfsic.org\\\/en\\\/\"},{\"@type\":\"ListItem\",\"position\":2,\"name\":\"Events\",\"item\":\"https:\\\/\\\/www.sfsic.org\\\/en\\\/events\\\/\"},{\"@type\":\"ListItem\",\"position\":3,\"name\":\"Atelier r\u00e9forme des Bachelors\"}]},{\"@type\":\"WebSite\",\"@id\":\"https:\\\/\\\/www.sfsic.org\\\/en\\\/#website\",\"url\":\"https:\\\/\\\/www.sfsic.org\\\/en\\\/\",\"name\":\"SFSIC\",\"description\":\"Soci\u00e9t\u00e9 Fran\u00e7aise des Sciences de l&#039;Information &amp; de la Communication\",\"publisher\":{\"@id\":\"https:\\\/\\\/www.sfsic.org\\\/en\\\/#organization\"},\"potentialAction\":[{\"@type\":\"SearchAction\",\"target\":{\"@type\":\"EntryPoint\",\"urlTemplate\":\"https:\\\/\\\/www.sfsic.org\\\/en\\\/?s={search_term_string}\"},\"query-input\":{\"@type\":\"PropertyValueSpecification\",\"valueRequired\":true,\"valueName\":\"search_term_string\"}}],\"inLanguage\":\"en-US\"},{\"@type\":\"Organization\",\"@id\":\"https:\\\/\\\/www.sfsic.org\\\/en\\\/#organization\",\"name\":\"SFSIC\",\"url\":\"https:\\\/\\\/www.sfsic.org\\\/en\\\/\",\"logo\":{\"@type\":\"ImageObject\",\"inLanguage\":\"en-US\",\"@id\":\"https:\\\/\\\/www.sfsic.org\\\/en\\\/#\\\/schema\\\/logo\\\/image\\\/\",\"url\":\"https:\\\/\\\/www.sfsic.org\\\/wp-inside\\\/uploads\\\/2020\\\/05\\\/logo-sfsic.jpg\",\"contentUrl\":\"https:\\\/\\\/www.sfsic.org\\\/wp-inside\\\/uploads\\\/2020\\\/05\\\/logo-sfsic.jpg\",\"width\":1085,\"height\":1080,\"caption\":\"SFSIC\"},\"image\":{\"@id\":\"https:\\\/\\\/www.sfsic.org\\\/en\\\/#\\\/schema\\\/logo\\\/image\\\/\"}},{\"@type\":\"Person\",\"@id\":\"https:\\\/\\\/www.sfsic.org\\\/en\\\/#\\\/schema\\\/person\\\/9f83573bda33f40c68c7c826e9567df6\",\"name\":\"Fabien Bonnet\",\"image\":{\"@type\":\"ImageObject\",\"inLanguage\":\"en-US\",\"@id\":\"https:\\\/\\\/secure.gravatar.com\\\/avatar\\\/88a9288fc13369cb9e30359afa340f8adace82098c18ff09415c6dacd710ddc4?s=96&d=mm&r=g\",\"url\":\"https:\\\/\\\/secure.gravatar.com\\\/avatar\\\/88a9288fc13369cb9e30359afa340f8adace82098c18ff09415c6dacd710ddc4?s=96&d=mm&r=g\",\"contentUrl\":\"https:\\\/\\\/secure.gravatar.com\\\/avatar\\\/88a9288fc13369cb9e30359afa340f8adace82098c18ff09415c6dacd710ddc4?s=96&d=mm&r=g\",\"caption\":\"Fabien Bonnet\"}}]}<\/script>\n<!-- \/ Yoast SEO plugin. -->","yoast_head_json":{"title":"Atelier r\u00e9forme des Bachelors","description":"La commission Formation de la SFSIC vous propose un atelier consacr\u00e9 \u00e0 la r\u00e9forme du premier cycle universitaire en IUT. Celui-ci aura lieu en distanciel le vendredi 24 mars.","robots":{"index":"index","follow":"follow","max-snippet":"max-snippet:-1","max-image-preview":"max-image-preview:large","max-video-preview":"max-video-preview:-1"},"canonical":"https:\/\/www.sfsic.org\/en\/evenement\/atelier-reforme-des-bachelors\/","og_locale":"en_US","og_type":"article","og_title":"Atelier r\u00e9forme des Bachelors","og_description":"La commission Formation de la SFSIC vous propose un atelier consacr\u00e9 \u00e0 la r\u00e9forme du premier cycle universitaire en IUT. Celui-ci aura lieu en distanciel le vendredi 24 mars.","og_url":"https:\/\/www.sfsic.org\/en\/evenement\/atelier-reforme-des-bachelors\/","og_site_name":"SFSIC","article_published_time":"2023-03-17T08:09:24+00:00","article_modified_time":"2023-03-17T08:11:14+00:00","author":"Fabien Bonnet","twitter_card":"summary_large_image","schema":{"@context":"https:\/\/schema.org","@graph":[{"@type":"Article","@id":"https:\/\/www.sfsic.org\/en\/evenement\/atelier-reforme-des-bachelors\/#article","isPartOf":{"@id":"https:\/\/www.sfsic.org\/en\/evenement\/atelier-reforme-des-bachelors\/"},"author":{"name":"Fabien Bonnet","@id":"https:\/\/www.sfsic.org\/en\/#\/schema\/person\/9f83573bda33f40c68c7c826e9567df6"},"headline":"Atelier r\u00e9forme des Bachelors","datePublished":"2023-03-17T08:09:24+00:00","dateModified":"2023-03-17T08:11:14+00:00","mainEntityOfPage":{"@id":"https:\/\/www.sfsic.org\/en\/evenement\/atelier-reforme-des-bachelors\/"},"wordCount":238,"publisher":{"@id":"https:\/\/www.sfsic.org\/en\/#organization"},"keywords":["Atelier","Formation","IUT"],"articleSection":["\u00c9v\u00e9nements"],"inLanguage":"en-US"},{"@type":"WebPage","@id":"https:\/\/www.sfsic.org\/en\/evenement\/atelier-reforme-des-bachelors\/","url":"https:\/\/www.sfsic.org\/en\/evenement\/atelier-reforme-des-bachelors\/","name":"Atelier r\u00e9forme des Bachelors","isPartOf":{"@id":"https:\/\/www.sfsic.org\/en\/#website"},"datePublished":"2023-03-17T08:09:24+00:00","dateModified":"2023-03-17T08:11:14+00:00","description":"La commission Formation de la SFSIC vous propose un atelier consacr\u00e9 \u00e0 la r\u00e9forme du premier cycle universitaire en IUT. Celui-ci aura lieu en distanciel le vendredi 24 mars.","breadcrumb":{"@id":"https:\/\/www.sfsic.org\/en\/evenement\/atelier-reforme-des-bachelors\/#breadcrumb"},"inLanguage":"en-US","potentialAction":[{"@type":"ReadAction","target":["https:\/\/www.sfsic.org\/en\/evenement\/atelier-reforme-des-bachelors\/"]}]},{"@type":"BreadcrumbList","@id":"https:\/\/www.sfsic.org\/en\/evenement\/atelier-reforme-des-bachelors\/#breadcrumb","itemListElement":[{"@type":"ListItem","position":1,"name":"Accueil","item":"https:\/\/www.sfsic.org\/en\/"},{"@type":"ListItem","position":2,"name":"Events","item":"https:\/\/www.sfsic.org\/en\/events\/"},{"@type":"ListItem","position":3,"name":"Atelier r\u00e9forme des Bachelors"}]},{"@type":"WebSite","@id":"https:\/\/www.sfsic.org\/en\/#website","url":"https:\/\/www.sfsic.org\/en\/","name":"SFSIC","description":"Soci\u00e9t\u00e9 Fran\u00e7aise des Sciences de l&#039;Information &amp; de la Communication","publisher":{"@id":"https:\/\/www.sfsic.org\/en\/#organization"},"potentialAction":[{"@type":"SearchAction","target":{"@type":"EntryPoint","urlTemplate":"https:\/\/www.sfsic.org\/en\/?s={search_term_string}"},"query-input":{"@type":"PropertyValueSpecification","valueRequired":true,"valueName":"search_term_string"}}],"inLanguage":"en-US"},{"@type":"Organization","@id":"https:\/\/www.sfsic.org\/en\/#organization","name":"SFSIC","url":"https:\/\/www.sfsic.org\/en\/","logo":{"@type":"ImageObject","inLanguage":"en-US","@id":"https:\/\/www.sfsic.org\/en\/#\/schema\/logo\/image\/","url":"https:\/\/www.sfsic.org\/wp-inside\/uploads\/2020\/05\/logo-sfsic.jpg","contentUrl":"https:\/\/www.sfsic.org\/wp-inside\/uploads\/2020\/05\/logo-sfsic.jpg","width":1085,"height":1080,"caption":"SFSIC"},"image":{"@id":"https:\/\/www.sfsic.org\/en\/#\/schema\/logo\/image\/"}},{"@type":"Person","@id":"https:\/\/www.sfsic.org\/en\/#\/schema\/person\/9f83573bda33f40c68c7c826e9567df6","name":"Fabien Bonnet","image":{"@type":"ImageObject","inLanguage":"en-US","@id":"https:\/\/secure.gravatar.com\/avatar\/88a9288fc13369cb9e30359afa340f8adace82098c18ff09415c6dacd710ddc4?s=96&d=mm&r=g","url":"https:\/\/secure.gravatar.com\/avatar\/88a9288fc13369cb9e30359afa340f8adace82098c18ff09415c6dacd710ddc4?s=96&d=mm&r=g","contentUrl":"https:\/\/secure.gravatar.com\/avatar\/88a9288fc13369cb9e30359afa340f8adace82098c18ff09415c6dacd710ddc4?s=96&d=mm&r=g","caption":"Fabien Bonnet"}}]}},"_links":{"self":[{"href":"https:\/\/www.sfsic.org\/en\/wp-json\/wp\/v2\/posts\/28042","targetHints":{"allow":["GET"]}}],"collection":[{"href":"https:\/\/www.sfsic.org\/en\/wp-json\/wp\/v2\/posts"}],"about":[{"href":"https:\/\/www.sfsic.org\/en\/wp-json\/wp\/v2\/types\/post"}],"author":[{"embeddable":true,"href":"https:\/\/www.sfsic.org\/en\/wp-json\/wp\/v2\/users\/957"}],"replies":[{"embeddable":true,"href":"https:\/\/www.sfsic.org\/en\/wp-json\/wp\/v2\/comments?post=28042"}],"version-history":[{"count":2,"href":"https:\/\/www.sfsic.org\/en\/wp-json\/wp\/v2\/posts\/28042\/revisions"}],"predecessor-version":[{"id":28044,"href":"https:\/\/www.sfsic.org\/en\/wp-json\/wp\/v2\/posts\/28042\/revisions\/28044"}],"wp:attachment":[{"href":"https:\/\/www.sfsic.org\/en\/wp-json\/wp\/v2\/media?parent=28042"}],"wp:term":[{"taxonomy":"category","embeddable":true,"href":"https:\/\/www.sfsic.org\/en\/wp-json\/wp\/v2\/categories?post=28042"},{"taxonomy":"post_tag","embeddable":true,"href":"https:\/\/www.sfsic.org\/en\/wp-json\/wp\/v2\/tags?post=28042"},{"taxonomy":"thematique","embeddable":true,"href":"https:\/\/www.sfsic.org\/en\/wp-json\/wp\/v2\/thematique?post=28042"},{"taxonomy":"sfsic","embeddable":true,"href":"https:\/\/www.sfsic.org\/en\/wp-json\/wp\/v2\/sfsic?post=28042"}],"curies":[{"name":"wp","href":"https:\/\/api.w.org\/{rel}","templated":true}]}}