{"id":27650,"date":"2023-02-03T16:51:49","date_gmt":"2023-02-03T15:51:49","guid":{"rendered":"https:\/\/www.sfsic.org\/?p=27650"},"modified":"2023-02-03T16:51:51","modified_gmt":"2023-02-03T15:51:51","slug":"colloque-international-methodes-visuelles-en-sciences-sociales-2023","status":"publish","type":"post","link":"https:\/\/www.sfsic.org\/en\/aac-evenement\/colloque-international-methodes-visuelles-en-sciences-sociales-2023\/","title":{"rendered":"Colloque International M\u00e9thodes Visuelles en Sciences Sociales 2023"},"content":{"rendered":"<p><!-- fxzn:singledetail --><\/p>\n<div class=\"zone zn-singledetail\" id=\"fxzn-singledetail-1\">\n<div class=\"zone-block zn-singledetail-block alignwide va-top\">\n<div class=\"row\">\n<div class=\"columns large-8 large-push-4\">\n<div class=\"zn-singledetail-metabox\">\n<div class=\"zn-singledetail-pubdate pubdate\">\n\t\t\t\t\t<span class=\"pubdate-txt\">Mis en ligne le<\/span><span class=\"doubledot\"><\/span> <time class=\"pubdate-time\" pubdate datetime=\"2023-02-03T16:45:23+01:00\">3 f\u00e9vrier 2023<\/time>\t\t\t\t<\/div>\n<div class=\"zn-singledetail-thematiques with-sep-comma\">\n<ul class=\"termslist termslist-thematique\">\n<li class=\"termslist-item termslist-title\"><span class=\"termslist-titletxt\">Th\u00e9matiques<\/span><span class=\"doubledot\"><\/span><\/li>\n<li class=\"termslist-item tax-thematique term-images-cinema-medias-audiovisuels-et-industries-culturelles\"><a class=\"termslist-itemlink\" href=\"https:\/\/www.sfsic.org\/thematiques\/images-cinema-medias-audiovisuels-et-industries-culturelles\/\" title=\"Images, cin\u00e9ma, m\u00e9dias audiovisuels et industries culturelles\"><span class=\"termslist-itemname\">Images, cin\u00e9ma, m\u00e9dias audiovisuels et industries culturelles<\/span><\/a><\/li>\n<\/ul><\/div>\n<\/p><\/div>\n<\/p><\/div>\n<\/p><\/div>\n<div class=\"row\">\n<div class=\"columns large-4\">\n<div class=\"zn-singledetail-sidebar bg-cornersquares\">\n<div class=\"zn-singledetail-infos\">\n<p class=\"zn-singledetail-reponse-date\">\n\t\t\t\t\t\t<span>R\u00e9ponse attendue pour le<\/span><span class=\"doubledot\"><\/span> <strong>23\/02\/2023<\/strong>\n\t\t\t\t\t<\/p>\n<p class=\"zn-singledetail-reponse-type\">\n\t\t\t\t\t<span>Type de r\u00e9ponse<\/span><span class=\"doubledot\"><\/span> <strong>R\u00e9sum\u00e9<\/strong>\n\t\t\t\t\t<\/p>\n<p class=\"zn-singledetail-type\">\n\t\t\t\t\t\t\t<span>Type d\u2019\u00e9v\u00e9nement<\/span><span class=\"doubledot\"><\/span> <strong>Colloque<\/strong>\n\t\t\t\t\t<\/p>\n<\/p><\/div>\n<\/p><\/div>\n<\/p><\/div>\n<div class=\"columns large-8\">\n<div class=\"zn-singledetail-contentbox\">\n<div class=\"zn-singledetail-eventinfo\">\n<div class=\"zn-singledetail-eventinfo-inner\">\n<div class=\"zn-singledetail-eventdates\">\n\t\t\t\t\t\t<span class=\"zn-singledetail-label\">Dates de l\u2019\u00e9v\u00e9nement<span class=\"doubledot\"><\/span><\/span><\/p>\n<ul class=\"zn-singledetail-eventdates-list\">\n<li class=\"zn-singledetail-eventdates-item\">\n\t\t\t\t\t\t\t\tDu <time class=\"event-start-time\" datetime=\"2023-11-15T00:00:00+00:00\">15\/11\/2023<\/time> au <time class=\"event-end-time\" datetime=\"2023-11-17T00:00:00+00:00\">17\/11\/2023<\/time>\t\t\t\t\t\t\t<\/li>\n<\/ul><\/div>\n<p class=\"zn-singledetail-eventplace\">\n\t\t\t\t\t\t<span class=\"zn-singledetail-label\">Lieu de l\u2019\u00e9v\u00e9nement<span class=\"doubledot\"><\/span><\/span><br \/>\n\t\t\t\t\t\t<span class=\"zn-singledetail-eventplace-adr\"><br \/>\n\t\t\t\t\t\t\t\t\t\t\t\t<span class=\"adr-name\">Universit\u00e9 de La Laguna<\/span>,<\/p>\n<p>\t\t\t\t\t\t<span class=\"adr-city\">Tenerife<\/span>\t\t\t\t\t\t, <span class=\"adr-country\">Espagne<\/span><br \/>\n\t\t\t\t\t\t<\/span>\t\t\t\t\t<\/p>\n<\/p><\/div>\n<\/p><\/div>\n<div class=\"zn-singledetail-annonce wig-content\">\n<p>L&rsquo;\u00e9dition 2023 du Colloque International M\u00e9thodes Visuelles en Sciences Sociales se tiendra \u00e0 Tenerife (Espagne) \u00a0du 15 au 17 novembre 2023. Il est organis\u00e9 par l\u2019association Visual Modi &#8211; Association internationale de recherches en m\u00e9thodes visuelles et multimodales, cr\u00e9\u00e9e \u00e0 la suite des deux pr\u00e9c\u00e9dents colloques, et l\u2019Universit\u00e9 de La Laguna.<\/p>\n<h2>Pr\u00e9sentation<\/h2>\n<p style=\"font-weight: 400;\">Les deux premiers colloques internationaux sur les M\u00e9thodes Visuelles en Sciences Sociales se sont tenus en 2018 et 2021, autour des th\u00e9matiques de la communication, ainsi que des donn\u00e9es, m\u00e9thodes, r\u00e9sultats, valorisation. Une publication partielle des actes du premier colloque international est disponible en ligne par Revista Latina de Comunicacion Social&#160;: https:\/\/www.revistalatinacs.org\/18SLCS\/libro-colectivo-2018-2.html L&rsquo;\u00e9dition prochaine d&rsquo;un livre par un \u00e9diteur scientifique devrait permettre aux participants de d\u00e9velopper leurs travaux pr\u00e9sent\u00e9s lorsdu second colloque. Quinze groupes de recherche et partenaires scientifiques de cinq pays et de trois continents diff\u00e9rents ont form\u00e9 un r\u00e9seau et ont d\u00e9cid\u00e9, \u00e0 l&rsquo;issue du colloque 2018, d&rsquo;organiser ce troisi\u00e8me colloque de 2023.<\/p>\n<p style=\"font-weight: 400;\">La n\u00e9cessit\u00e9 de poursuivre une r\u00e9flexion sur les m\u00e9thodes visuelles est apparue comme une n\u00e9cessit\u00e9 pour appr\u00e9hender d&rsquo;autres champs de recherche contemporains et faire conna\u00eetre des postures de recherche innovantes. Cette conf\u00e9rence est ouverte \u00e0 toutes les disciplines et les participants sont invit\u00e9s \u00e0 pr\u00e9senter des d\u00e9marches visuelles utilisant le design comme m\u00e9thode de recherche. Une s\u00e9lection plus restreinte est \u00e9galement possible autour de la cr\u00e9ation de contenus visuels ou audiovisuels autour de cette notion de design.<\/p>\n<p style=\"font-weight: 400;\">Le chercheur peut ouvrir la voie \u00e0 des m\u00e9thodologies d\u2019exp\u00e9rimentation ou de pr\u00e9sentation et\/ou d\u2019analyse de donn\u00e9es plus facilement transf\u00e9rables, davantage vulgarisables, mais aussi plus transparentes (car plus ouvertes) et reproductibles qui peuvent ouvrir des perspectives interdisciplinaires f\u00e9condes. Cet appel \u00e0 communication couvre l\u2019ensemble de ces aspects.<\/p>\n<p style=\"font-weight: 400;\">Ce colloque est organis\u00e9 par l\u2019association Visual Modi &#8211; Association internationale de recherches en m\u00e9thodes visuelles et multimodales, cr\u00e9\u00e9e \u00e0 la suite des deux pr\u00e9c\u00e9dents colloques.<\/p>\n<h2 style=\"font-weight: 400;\"><strong>Types de propositions<\/strong><\/h2>\n<ul>\n<li style=\"font-weight: 400;\">Communication orale longue<\/li>\n<li style=\"font-weight: 400;\">Poster<\/li>\n<li style=\"font-weight: 400;\">S\u00e9minaire d\u00e9ambulatoire<\/li>\n<li style=\"font-weight: 400;\">Exposition<\/li>\n<li style=\"font-weight: 400;\">Projet audiovisuel<\/li>\n<li style=\"font-weight: 400;\">Projection<\/li>\n<\/ul>\n<h2 style=\"font-weight: 400;\"><strong>Forme de la proposition<\/strong><\/h2>\n<p style=\"font-weight: 400;\">\u00a0\u00a0\u00a0 Page 1<\/p>\n<p style=\"font-weight: 400;\">\u00a0\u00a0\u00a0\u00a0\u00a0\u00a0\u00a0\u00a0\u00a0\u00a0\u00a0\u00a0\u00a0\u00a0\u00a0\u00a0\u00a0\u00a0\u00a0 Titre de la proposition<\/p>\n<p style=\"font-weight: 400;\">\u00a0\u00a0\u00a0\u00a0\u00a0\u00a0\u00a0\u00a0\u00a0\u00a0\u00a0\u00a0\u00a0\u00a0\u00a0\u00a0\u00a0\u00a0\u00a0 Noms, pr\u00e9noms, institution, mel des auteurs (jusqu&rsquo;\u00e0 trois auteurs par pr\u00e9sentation)<\/p>\n<p style=\"font-weight: 400;\">\u00a0\u00a0\u00a0\u00a0\u00a0\u00a0\u00a0\u00a0\u00a0\u00a0\u00a0\u00a0\u00a0\u00a0\u00a0\u00a0\u00a0\u00a0\u00a0 Personnes pr\u00e9sentes \u00e0 la conf\u00e9rence<\/p>\n<p style=\"font-weight: 400;\">\u00a0\u00a0\u00a0 Page 2<\/p>\n<p style=\"font-weight: 400;\">\u00a0\u00a0\u00a0\u00a0\u00a0\u00a0\u00a0\u00a0\u00a0\u00a0\u00a0\u00a0\u00a0\u00a0\u00a0 \u00a0\u00a0\u00a0\u00a0Titre de la proposition<\/p>\n<p style=\"font-weight: 400;\">\u00a0\u00a0\u00a0\u00a0\u00a0\u00a0\u00a0\u00a0\u00a0\u00a0\u00a0\u00a0\u00a0\u00a0\u00a0\u00a0\u00a0\u00a0\u00a0 Un maximun de 6 mots-clef s\u00e9par\u00e9s d&rsquo;un signe \u00ab&#160;&#160;;&#160;\u00bb<\/p>\n<p style=\"font-weight: 400;\">\u00a0\u00a0\u00a0\u00a0\u00a0\u00a0\u00a0\u00a0\u00a0\u00a0\u00a0\u00a0\u00a0\u00a0\u00a0\u00a0\u00a0\u00a0\u00a0 R\u00e9sum\u00e9&#160;: 3000-5000 signes (espaces inclus) et r\u00e9f\u00e9rence<\/p>\n<p style=\"font-weight: 400;\">Les propositions de 3000-5000 signes en fran\u00e7ais, anglais ou espagnol seront d\u00e9pos\u00e9es jusqu\u2019au 23 f\u00e9vrier 2023 sur la plateforme du Colloque.<\/p>\n<p style=\"font-weight: 400; text-align: center;\"><a class=\"button outline with-arrow\" href=\"https:\/\/methodesvis2023.sciencesconf.org\/\" target=\"_blank\" rel=\"noopener\">Plateforme du colloque <\/a><\/p>\n<h2><strong>Bibliographie<\/strong><\/h2>\n<p style=\"font-weight: 400;\">BATESON, Gregory et MEAD, Margaret, 1942. Balinese Character&#160;: A Photographic Analysis [en ligne]. New York Academy of Sciences. ISBN 0-89072-780-5. Disponible \u00e0 l\u2019adresse&#160;: <a href=\"https:\/\/monoskop.org\/images\/8\/8d\/Bateson_Gregory_Mead_Margaret_Balinese_Character_A_Photographic_Analysis.pdf\">https:\/\/monoskop.org\/images\/8\/8d\/Bateson_Gregory_Mead_Margaret_Balinese_Character_A_Photographic_Analysis.pdf<\/a><\/p>\n<p style=\"font-weight: 400;\">BOSA, Bastien, 2016. Une enqu\u00eate \u00ab&#160;\u00e0 parts \u00e9gales&#160;\u00bb&#160;? Retour sur une enqu\u00eate collective dans la Sierra Nevada de Santa Marta. ethnographiques.org&#160;: Revue en ligne de sciences humaines et sociales [en ligne]. 2016. N\u00b0 32. [Consult\u00e9 le 12 septembre 2022]. Disponible \u00e0 l\u2019adresse&#160;: <a href=\"https:\/\/www.ethnographiques.org\/2016\/Bosa\">https:\/\/www.ethnographiques.org\/2016\/Bosa<\/a><\/p>\n<p style=\"font-weight: 400;\">BRIGARD, Emilie de, 2019. Historique du film, ethnographique. In&#160;: Historique du film, ethnographique [en ligne]. De Gruyter Mouton. pp. 21\u201152. [Consult\u00e9 le 12 septembre 2022]. ISBN 978-3-11-080740-0. Disponible \u00e0 l\u2019adresse&#160;: <a href=\"https:\/\/www.degruyter.com\/document\/doi\/10.1515\/9783110807400-003\/html\">https:\/\/www.degruyter.com\/document\/doi\/10.1515\/9783110807400-003\/html<\/a><\/p>\n<p style=\"font-weight: 400;\">CLIFFORD JAMES et SICH\u00c8RE MARIE-ANNE, 1996. Malaise dans la culture&#160;: l\u2019ethnographie, la litt\u00e9rature et l\u2019art au XXe si\u00e8cle. Paris&#160;: \u00c9cole nationale sup\u00e9rieure des Beaux-Arts. Collection Espaces de l\u2019art. ISBN 2-84056-036-4.<\/p>\n<p style=\"font-weight: 400;\">DE FRANCE, Claudine, 1982. Cin\u00e9ma et anthropologie. Paris&#160;: Editions de la Maison des Sciences de l\u2019Homme. Travaux et documents. ISBN 2-901725-37-6.<\/p>\n<p style=\"font-weight: 400;\">EVANS-PRITCHARD, Edward, 1940. The Nuer&#160;: a description of the modes of livelihood and political institutions of a Nilotic people. Oxford, Royaume-Uni de Grande-Bretagne et d\u2019Irlande du Nord&#160;: At the Clarendon Press.<\/p>\n<p style=\"font-weight: 400;\">G\u00d3MEZ CRUZ, Edgar, SUMARTOJO, Shanti et PINK, Sarah (\u00e9d.), 2017. Refiguring techniques in digital visual research. Cham, Switzerland&#160;: Palgrave Macmillan. Digital ethnography. ISBN 978-3-319-61221-8.<\/p>\n<p style=\"font-weight: 400;\">HESKETT, John, 2005. Design&#160;: A Very Short Introduction. OUP Oxford. ISBN 978-0-19-160661-8.<\/p>\n<p style=\"font-weight: 400;\">IBANEZ BUENO, Jacques, CHABERT, Ghislaine, LAMBOUX-DURAND, Alain et WANONO, Nadine (\u00e9d.), 2017. Applying visual methods to\u00a0 digital communication \/ Los m\u00e9todos visuales aplicadas a la\u00a0 comunicaci\u00f3n digital \/ Les m\u00e9thodes\u00a0 visuelles appliqu\u00e9es \u00e0 la communication\u00a0 num\u00e9rique [en ligne]. Tenerife&#160;: Sociedad Latina de Comunicaci\u00f3n Social &#8211; La Laguna. . Cuadernos Artesanos de\u00a0 Comunicaci\u00f3n, 136. ISBN 978-84-16458-91-2. Disponible \u00e0 l\u2019adresse&#160;: http:\/\/www.cuadernosartesanos.org\/2017\/cac136.pdf<\/p>\n<p style=\"font-weight: 400;\">IBANEZ BUENO, Jacques, 2006.. Cr\u00e9ation d&rsquo;un hyperm\u00e9dia virtuel et ethnologique\u2013l&rsquo;exemple d&rsquo;une recherche sur les internautes suisses et fran\u00e7ais. Du cin\u00e9ma ethnographique \u00e0 l&rsquo;anthropologie visuelle, Paris, Mus\u00e9e de l&rsquo;Homme.<\/p>\n<p style=\"font-weight: 400;\">JEWITT, Carey et LEEUWEN, Theo van (\u00e9d.), 2001. Handbook of visual analysis. Los Angeles, Calif. etc., Etats-Unis d\u2019Am\u00e9rique, Pays multiples&#160;: Sage. ISBN 978-0-7619-6477-3.<\/p>\n<p style=\"font-weight: 400;\">MACDOUGALL, David et TAYLOR, Lucien, 1998. Transcultural cinema. Princeton, N.J., Etats-Unis d\u2019Am\u00e9rique&#160;: Princeton University Press. ISBN 978-0-691-01234-6.<\/p>\n<p style=\"font-weight: 400;\">PINK, Sarah, 2007. Walking with Video. Visual Studies. 1 d\u00e9cembre 2007. Vol. 22, pp. 240\u2011252. DOI 10.1080\/14725860701657142.<\/p>\n<p style=\"font-weight: 400;\">PINK, Sarah, 2009. Doing sensory ethnography. London&#160;: SAGE. . ISBN 978-1-4129-4802-9.<\/p>\n<\/p><\/div>\n<div class=\"zn-singledetail-keywords\">\n<h3 class=\"zn-singledetail-section-title\">Mots-cl\u00e9s<\/h3>\n<ul class=\"termslist termslist-post_tag\">\n<li class=\"termslist-item termslist-title\"><span class=\"termslist-titletxt\">Mots-cl\u00e9s<\/span><span class=\"doubledot\"><\/span><\/li>\n<li class=\"termslist-item tax-post_tag term-image\"><a class=\"termslist-itemlink\" href=\"https:\/\/www.sfsic.org\/tag\/image\/\" title=\"Image\"><span class=\"termslist-itemname\">Image<\/span><\/a><\/li>\n<li class=\"termslist-item tax-post_tag term-methodologie\"><a class=\"termslist-itemlink\" href=\"https:\/\/www.sfsic.org\/tag\/methodologie\/\" title=\"M\u00e9thodologie\"><span class=\"termslist-itemname\">M\u00e9thodologie<\/span><\/a><\/li>\n<\/ul><\/div>\n<\/p><\/div>\n<\/p><\/div>\n<\/p><\/div>\n<\/p><\/div>\n<\/div>\n<p><!-- \/fxzn:singledetail --><\/p>\n","protected":false},"excerpt":{"rendered":"<p>Mis en ligne le 3 f\u00e9vrier 2023 Th\u00e9matiques Images, cin\u00e9ma, m\u00e9dias audiovisuels et industries culturelles R\u00e9ponse attendue pour le 23\/02\/2023 Type de r\u00e9ponse R\u00e9sum\u00e9 Type d\u2019\u00e9v\u00e9nement Colloque Dates de l\u2019\u00e9v\u00e9nement [&hellip;]<\/p>\n","protected":false},"author":957,"featured_media":0,"comment_status":"closed","ping_status":"closed","sticky":false,"template":"","format":"standard","meta":{"_acf_changed":false,"footnotes":""},"categories":[29,57],"tags":[165,110],"thematique":[35],"sfsic":[],"class_list":["post-27650","post","type-post","status-publish","format-standard","hentry","category-aac-evenement","category-colloque","tag-image","tag-methodologie","thematique-images-cinema-medias-audiovisuels-et-industries-culturelles","wp-sticky"],"acf":[],"yoast_head":"<!-- This site is optimized with the Yoast SEO plugin v27.4 - https:\/\/yoast.com\/product\/yoast-seo-wordpress\/ -->\n<title>Colloque International M\u00e9thodes Visuelles en Sciences Sociales 2023<\/title>\n<meta name=\"description\" content=\"L&#039;\u00e9dition 2023 du Colloque International M\u00e9thodes Visuelles en Sciences Sociales se tiendra \u00e0 Tenerife (Espagne)\u00a0du 15 au 17 novembre. L&#039;appel \u00e0 contributions est en ligne.\" \/>\n<meta name=\"robots\" content=\"index, follow, max-snippet:-1, max-image-preview:large, max-video-preview:-1\" \/>\n<link rel=\"canonical\" href=\"https:\/\/www.sfsic.org\/en\/aac-evenement\/colloque-international-methodes-visuelles-en-sciences-sociales-2023\/\" \/>\n<meta property=\"og:locale\" content=\"en_US\" \/>\n<meta property=\"og:type\" content=\"article\" \/>\n<meta property=\"og:title\" content=\"Colloque International M\u00e9thodes Visuelles en Sciences Sociales 2023\" \/>\n<meta property=\"og:description\" content=\"L&#039;\u00e9dition 2023 du Colloque International M\u00e9thodes Visuelles en Sciences Sociales se tiendra \u00e0 Tenerife (Espagne)\u00a0du 15 au 17 novembre. L&#039;appel \u00e0 contributions est en ligne.\" \/>\n<meta property=\"og:url\" content=\"https:\/\/www.sfsic.org\/en\/aac-evenement\/colloque-international-methodes-visuelles-en-sciences-sociales-2023\/\" \/>\n<meta property=\"og:site_name\" content=\"SFSIC\" \/>\n<meta property=\"article:published_time\" content=\"2023-02-03T15:51:49+00:00\" \/>\n<meta property=\"article:modified_time\" content=\"2023-02-03T15:51:51+00:00\" \/>\n<meta name=\"author\" content=\"Fabien Bonnet\" \/>\n<meta name=\"twitter:card\" content=\"summary_large_image\" \/>\n<script type=\"application\/ld+json\" class=\"yoast-schema-graph\">{\"@context\":\"https:\\\/\\\/schema.org\",\"@graph\":[{\"@type\":\"Article\",\"@id\":\"https:\\\/\\\/www.sfsic.org\\\/en\\\/aac-evenement\\\/colloque-international-methodes-visuelles-en-sciences-sociales-2023\\\/#article\",\"isPartOf\":{\"@id\":\"https:\\\/\\\/www.sfsic.org\\\/en\\\/aac-evenement\\\/colloque-international-methodes-visuelles-en-sciences-sociales-2023\\\/\"},\"author\":{\"name\":\"Fabien Bonnet\",\"@id\":\"https:\\\/\\\/www.sfsic.org\\\/en\\\/#\\\/schema\\\/person\\\/9f83573bda33f40c68c7c826e9567df6\"},\"headline\":\"Colloque International M\u00e9thodes Visuelles en Sciences Sociales 2023\",\"datePublished\":\"2023-02-03T15:51:49+00:00\",\"dateModified\":\"2023-02-03T15:51:51+00:00\",\"mainEntityOfPage\":{\"@id\":\"https:\\\/\\\/www.sfsic.org\\\/en\\\/aac-evenement\\\/colloque-international-methodes-visuelles-en-sciences-sociales-2023\\\/\"},\"wordCount\":956,\"publisher\":{\"@id\":\"https:\\\/\\\/www.sfsic.org\\\/en\\\/#organization\"},\"keywords\":[\"Image\",\"M\u00e9thodologie\"],\"articleSection\":[\"AAC \u00c9v\u00e9nement\",\"Colloque\"],\"inLanguage\":\"en-US\"},{\"@type\":\"WebPage\",\"@id\":\"https:\\\/\\\/www.sfsic.org\\\/en\\\/aac-evenement\\\/colloque-international-methodes-visuelles-en-sciences-sociales-2023\\\/\",\"url\":\"https:\\\/\\\/www.sfsic.org\\\/en\\\/aac-evenement\\\/colloque-international-methodes-visuelles-en-sciences-sociales-2023\\\/\",\"name\":\"Colloque International M\u00e9thodes Visuelles en Sciences Sociales 2023\",\"isPartOf\":{\"@id\":\"https:\\\/\\\/www.sfsic.org\\\/en\\\/#website\"},\"datePublished\":\"2023-02-03T15:51:49+00:00\",\"dateModified\":\"2023-02-03T15:51:51+00:00\",\"description\":\"L'\u00e9dition 2023 du Colloque International M\u00e9thodes Visuelles en Sciences Sociales se tiendra \u00e0 Tenerife (Espagne)\u00a0du 15 au 17 novembre. L'appel \u00e0 contributions est en ligne.\",\"breadcrumb\":{\"@id\":\"https:\\\/\\\/www.sfsic.org\\\/en\\\/aac-evenement\\\/colloque-international-methodes-visuelles-en-sciences-sociales-2023\\\/#breadcrumb\"},\"inLanguage\":\"en-US\",\"potentialAction\":[{\"@type\":\"ReadAction\",\"target\":[\"https:\\\/\\\/www.sfsic.org\\\/en\\\/aac-evenement\\\/colloque-international-methodes-visuelles-en-sciences-sociales-2023\\\/\"]}]},{\"@type\":\"BreadcrumbList\",\"@id\":\"https:\\\/\\\/www.sfsic.org\\\/en\\\/aac-evenement\\\/colloque-international-methodes-visuelles-en-sciences-sociales-2023\\\/#breadcrumb\",\"itemListElement\":[{\"@type\":\"ListItem\",\"position\":1,\"name\":\"Accueil\",\"item\":\"https:\\\/\\\/www.sfsic.org\\\/en\\\/\"},{\"@type\":\"ListItem\",\"position\":2,\"name\":\"Calls for Contributions\",\"item\":\"https:\\\/\\\/www.sfsic.org\\\/en\\\/cfc-event\\\/\"},{\"@type\":\"ListItem\",\"position\":3,\"name\":\"Conference\",\"item\":\"https:\\\/\\\/www.sfsic.org\\\/en\\\/cfc-event\\\/conference\\\/\"},{\"@type\":\"ListItem\",\"position\":4,\"name\":\"Colloque International M\u00e9thodes Visuelles en Sciences Sociales 2023\"}]},{\"@type\":\"WebSite\",\"@id\":\"https:\\\/\\\/www.sfsic.org\\\/en\\\/#website\",\"url\":\"https:\\\/\\\/www.sfsic.org\\\/en\\\/\",\"name\":\"SFSIC\",\"description\":\"Soci\u00e9t\u00e9 Fran\u00e7aise des Sciences de l&#039;Information &amp; de la Communication\",\"publisher\":{\"@id\":\"https:\\\/\\\/www.sfsic.org\\\/en\\\/#organization\"},\"potentialAction\":[{\"@type\":\"SearchAction\",\"target\":{\"@type\":\"EntryPoint\",\"urlTemplate\":\"https:\\\/\\\/www.sfsic.org\\\/en\\\/?s={search_term_string}\"},\"query-input\":{\"@type\":\"PropertyValueSpecification\",\"valueRequired\":true,\"valueName\":\"search_term_string\"}}],\"inLanguage\":\"en-US\"},{\"@type\":\"Organization\",\"@id\":\"https:\\\/\\\/www.sfsic.org\\\/en\\\/#organization\",\"name\":\"SFSIC\",\"url\":\"https:\\\/\\\/www.sfsic.org\\\/en\\\/\",\"logo\":{\"@type\":\"ImageObject\",\"inLanguage\":\"en-US\",\"@id\":\"https:\\\/\\\/www.sfsic.org\\\/en\\\/#\\\/schema\\\/logo\\\/image\\\/\",\"url\":\"https:\\\/\\\/www.sfsic.org\\\/wp-inside\\\/uploads\\\/2020\\\/05\\\/logo-sfsic.jpg\",\"contentUrl\":\"https:\\\/\\\/www.sfsic.org\\\/wp-inside\\\/uploads\\\/2020\\\/05\\\/logo-sfsic.jpg\",\"width\":1085,\"height\":1080,\"caption\":\"SFSIC\"},\"image\":{\"@id\":\"https:\\\/\\\/www.sfsic.org\\\/en\\\/#\\\/schema\\\/logo\\\/image\\\/\"}},{\"@type\":\"Person\",\"@id\":\"https:\\\/\\\/www.sfsic.org\\\/en\\\/#\\\/schema\\\/person\\\/9f83573bda33f40c68c7c826e9567df6\",\"name\":\"Fabien Bonnet\",\"image\":{\"@type\":\"ImageObject\",\"inLanguage\":\"en-US\",\"@id\":\"https:\\\/\\\/secure.gravatar.com\\\/avatar\\\/88a9288fc13369cb9e30359afa340f8adace82098c18ff09415c6dacd710ddc4?s=96&d=mm&r=g\",\"url\":\"https:\\\/\\\/secure.gravatar.com\\\/avatar\\\/88a9288fc13369cb9e30359afa340f8adace82098c18ff09415c6dacd710ddc4?s=96&d=mm&r=g\",\"contentUrl\":\"https:\\\/\\\/secure.gravatar.com\\\/avatar\\\/88a9288fc13369cb9e30359afa340f8adace82098c18ff09415c6dacd710ddc4?s=96&d=mm&r=g\",\"caption\":\"Fabien Bonnet\"}}]}<\/script>\n<!-- \/ Yoast SEO plugin. -->","yoast_head_json":{"title":"Colloque International M\u00e9thodes Visuelles en Sciences Sociales 2023","description":"L'\u00e9dition 2023 du Colloque International M\u00e9thodes Visuelles en Sciences Sociales se tiendra \u00e0 Tenerife (Espagne)\u00a0du 15 au 17 novembre. L'appel \u00e0 contributions est en ligne.","robots":{"index":"index","follow":"follow","max-snippet":"max-snippet:-1","max-image-preview":"max-image-preview:large","max-video-preview":"max-video-preview:-1"},"canonical":"https:\/\/www.sfsic.org\/en\/aac-evenement\/colloque-international-methodes-visuelles-en-sciences-sociales-2023\/","og_locale":"en_US","og_type":"article","og_title":"Colloque International M\u00e9thodes Visuelles en Sciences Sociales 2023","og_description":"L'\u00e9dition 2023 du Colloque International M\u00e9thodes Visuelles en Sciences Sociales se tiendra \u00e0 Tenerife (Espagne)\u00a0du 15 au 17 novembre. L'appel \u00e0 contributions est en ligne.","og_url":"https:\/\/www.sfsic.org\/en\/aac-evenement\/colloque-international-methodes-visuelles-en-sciences-sociales-2023\/","og_site_name":"SFSIC","article_published_time":"2023-02-03T15:51:49+00:00","article_modified_time":"2023-02-03T15:51:51+00:00","author":"Fabien Bonnet","twitter_card":"summary_large_image","schema":{"@context":"https:\/\/schema.org","@graph":[{"@type":"Article","@id":"https:\/\/www.sfsic.org\/en\/aac-evenement\/colloque-international-methodes-visuelles-en-sciences-sociales-2023\/#article","isPartOf":{"@id":"https:\/\/www.sfsic.org\/en\/aac-evenement\/colloque-international-methodes-visuelles-en-sciences-sociales-2023\/"},"author":{"name":"Fabien Bonnet","@id":"https:\/\/www.sfsic.org\/en\/#\/schema\/person\/9f83573bda33f40c68c7c826e9567df6"},"headline":"Colloque International M\u00e9thodes Visuelles en Sciences Sociales 2023","datePublished":"2023-02-03T15:51:49+00:00","dateModified":"2023-02-03T15:51:51+00:00","mainEntityOfPage":{"@id":"https:\/\/www.sfsic.org\/en\/aac-evenement\/colloque-international-methodes-visuelles-en-sciences-sociales-2023\/"},"wordCount":956,"publisher":{"@id":"https:\/\/www.sfsic.org\/en\/#organization"},"keywords":["Image","M\u00e9thodologie"],"articleSection":["AAC \u00c9v\u00e9nement","Colloque"],"inLanguage":"en-US"},{"@type":"WebPage","@id":"https:\/\/www.sfsic.org\/en\/aac-evenement\/colloque-international-methodes-visuelles-en-sciences-sociales-2023\/","url":"https:\/\/www.sfsic.org\/en\/aac-evenement\/colloque-international-methodes-visuelles-en-sciences-sociales-2023\/","name":"Colloque International M\u00e9thodes Visuelles en Sciences Sociales 2023","isPartOf":{"@id":"https:\/\/www.sfsic.org\/en\/#website"},"datePublished":"2023-02-03T15:51:49+00:00","dateModified":"2023-02-03T15:51:51+00:00","description":"L'\u00e9dition 2023 du Colloque International M\u00e9thodes Visuelles en Sciences Sociales se tiendra \u00e0 Tenerife (Espagne)\u00a0du 15 au 17 novembre. L'appel \u00e0 contributions est en ligne.","breadcrumb":{"@id":"https:\/\/www.sfsic.org\/en\/aac-evenement\/colloque-international-methodes-visuelles-en-sciences-sociales-2023\/#breadcrumb"},"inLanguage":"en-US","potentialAction":[{"@type":"ReadAction","target":["https:\/\/www.sfsic.org\/en\/aac-evenement\/colloque-international-methodes-visuelles-en-sciences-sociales-2023\/"]}]},{"@type":"BreadcrumbList","@id":"https:\/\/www.sfsic.org\/en\/aac-evenement\/colloque-international-methodes-visuelles-en-sciences-sociales-2023\/#breadcrumb","itemListElement":[{"@type":"ListItem","position":1,"name":"Accueil","item":"https:\/\/www.sfsic.org\/en\/"},{"@type":"ListItem","position":2,"name":"Calls for Contributions","item":"https:\/\/www.sfsic.org\/en\/cfc-event\/"},{"@type":"ListItem","position":3,"name":"Conference","item":"https:\/\/www.sfsic.org\/en\/cfc-event\/conference\/"},{"@type":"ListItem","position":4,"name":"Colloque International M\u00e9thodes Visuelles en Sciences Sociales 2023"}]},{"@type":"WebSite","@id":"https:\/\/www.sfsic.org\/en\/#website","url":"https:\/\/www.sfsic.org\/en\/","name":"SFSIC","description":"Soci\u00e9t\u00e9 Fran\u00e7aise des Sciences de l&#039;Information &amp; de la Communication","publisher":{"@id":"https:\/\/www.sfsic.org\/en\/#organization"},"potentialAction":[{"@type":"SearchAction","target":{"@type":"EntryPoint","urlTemplate":"https:\/\/www.sfsic.org\/en\/?s={search_term_string}"},"query-input":{"@type":"PropertyValueSpecification","valueRequired":true,"valueName":"search_term_string"}}],"inLanguage":"en-US"},{"@type":"Organization","@id":"https:\/\/www.sfsic.org\/en\/#organization","name":"SFSIC","url":"https:\/\/www.sfsic.org\/en\/","logo":{"@type":"ImageObject","inLanguage":"en-US","@id":"https:\/\/www.sfsic.org\/en\/#\/schema\/logo\/image\/","url":"https:\/\/www.sfsic.org\/wp-inside\/uploads\/2020\/05\/logo-sfsic.jpg","contentUrl":"https:\/\/www.sfsic.org\/wp-inside\/uploads\/2020\/05\/logo-sfsic.jpg","width":1085,"height":1080,"caption":"SFSIC"},"image":{"@id":"https:\/\/www.sfsic.org\/en\/#\/schema\/logo\/image\/"}},{"@type":"Person","@id":"https:\/\/www.sfsic.org\/en\/#\/schema\/person\/9f83573bda33f40c68c7c826e9567df6","name":"Fabien Bonnet","image":{"@type":"ImageObject","inLanguage":"en-US","@id":"https:\/\/secure.gravatar.com\/avatar\/88a9288fc13369cb9e30359afa340f8adace82098c18ff09415c6dacd710ddc4?s=96&d=mm&r=g","url":"https:\/\/secure.gravatar.com\/avatar\/88a9288fc13369cb9e30359afa340f8adace82098c18ff09415c6dacd710ddc4?s=96&d=mm&r=g","contentUrl":"https:\/\/secure.gravatar.com\/avatar\/88a9288fc13369cb9e30359afa340f8adace82098c18ff09415c6dacd710ddc4?s=96&d=mm&r=g","caption":"Fabien Bonnet"}}]}},"_links":{"self":[{"href":"https:\/\/www.sfsic.org\/en\/wp-json\/wp\/v2\/posts\/27650","targetHints":{"allow":["GET"]}}],"collection":[{"href":"https:\/\/www.sfsic.org\/en\/wp-json\/wp\/v2\/posts"}],"about":[{"href":"https:\/\/www.sfsic.org\/en\/wp-json\/wp\/v2\/types\/post"}],"author":[{"embeddable":true,"href":"https:\/\/www.sfsic.org\/en\/wp-json\/wp\/v2\/users\/957"}],"replies":[{"embeddable":true,"href":"https:\/\/www.sfsic.org\/en\/wp-json\/wp\/v2\/comments?post=27650"}],"version-history":[{"count":1,"href":"https:\/\/www.sfsic.org\/en\/wp-json\/wp\/v2\/posts\/27650\/revisions"}],"predecessor-version":[{"id":27651,"href":"https:\/\/www.sfsic.org\/en\/wp-json\/wp\/v2\/posts\/27650\/revisions\/27651"}],"wp:attachment":[{"href":"https:\/\/www.sfsic.org\/en\/wp-json\/wp\/v2\/media?parent=27650"}],"wp:term":[{"taxonomy":"category","embeddable":true,"href":"https:\/\/www.sfsic.org\/en\/wp-json\/wp\/v2\/categories?post=27650"},{"taxonomy":"post_tag","embeddable":true,"href":"https:\/\/www.sfsic.org\/en\/wp-json\/wp\/v2\/tags?post=27650"},{"taxonomy":"thematique","embeddable":true,"href":"https:\/\/www.sfsic.org\/en\/wp-json\/wp\/v2\/thematique?post=27650"},{"taxonomy":"sfsic","embeddable":true,"href":"https:\/\/www.sfsic.org\/en\/wp-json\/wp\/v2\/sfsic?post=27650"}],"curies":[{"name":"wp","href":"https:\/\/api.w.org\/{rel}","templated":true}]}}