{"id":27453,"date":"2023-01-20T12:33:56","date_gmt":"2023-01-20T11:33:56","guid":{"rendered":"https:\/\/www.sfsic.org\/?p=27453"},"modified":"2023-01-25T21:01:15","modified_gmt":"2023-01-25T20:01:15","slug":"modele-du-monde-reel-au-monde-numerique","status":"publish","type":"post","link":"https:\/\/www.sfsic.org\/en\/publication\/modele-du-monde-reel-au-monde-numerique\/","title":{"rendered":"Mod\u00e8le : du monde r\u00e9el au monde num\u00e9rique"},"content":{"rendered":"<p><!-- fxzn:singledetail --><\/p>\n<div class=\"zone zn-singledetail\" id=\"fxzn-singledetail-1\">\n<div class=\"zone-block zn-singledetail-block alignwide va-top\">\n<div class=\"row\">\n<div class=\"columns large-8 large-push-4\">\n<div class=\"zn-singledetail-metabox\">\n<div class=\"zn-singledetail-pubdate pubdate\">\n\t\t\t\t\t<span class=\"pubdate-txt\">Mis en ligne le<\/span><span class=\"doubledot\"><\/span> <time class=\"pubdate-time\" pubdate datetime=\"2023-01-20T12:33:56+01:00\">20 janvier 2023<\/time>\t\t\t\t<\/div>\n<div class=\"zn-singledetail-thematiques with-sep-comma\">\n<ul class=\"termslist termslist-thematique\">\n<li class=\"termslist-item termslist-title\"><span class=\"termslist-titletxt\">Th\u00e9matiques<\/span><span class=\"doubledot\"><\/span><\/li>\n<li class=\"termslist-item tax-thematique term-numerique-strategies-dispositifs-et-usages\"><a class=\"termslist-itemlink\" href=\"https:\/\/www.sfsic.org\/thematiques\/numerique-strategies-dispositifs-et-usages\/\" title=\"Num\u00e9rique : strat\u00e9gies, dispositifs et usages\"><span class=\"termslist-itemname\">Num\u00e9rique : strat\u00e9gies, dispositifs et usages<\/span><\/a><\/li>\n<\/ul><\/div>\n<\/p><\/div>\n<\/p><\/div>\n<\/p><\/div>\n<div class=\"row\">\n<div class=\"columns large-4\">\n<div class=\"zn-singledetail-sidebar bg-cornersquares\">\n<div class=\"zn-singledetail-infos\">\n<p class=\"zn-singledetail-type\">\n\t\t\t\t\t\t\t<span>Type de publication<\/span><span class=\"doubledot\"><\/span> <strong>Num\u00e9ro de revue<\/strong>\n\t\t\t\t\t<\/p>\n<p class=\"zn-singledetail-name\">\n\t\t\t\t\t\t\t<span>Nom de la publication<\/span><span class=\"doubledot\"><\/span> <strong>Intelligibilit\u00e9 du Num\u00e9rique<\/strong>\n\t\t\t\t\t<\/p>\n<p class=\"zn-singledetail-edition\">\n\t\t\t\t\t\t\t<span>\u00c9dition<\/span><span class=\"doubledot\"><\/span> <strong>Revue Intelligibilit\u00e9 du Num\u00e9rique<\/strong>\n\t\t\t\t\t<\/p>\n<\/p><\/div>\n<div class=\"zn-singledetail-coordinators\">\n<h3 class=\"zn-singledetail-section-title\">Coordinateur(s) \/ Auteur(s)<\/h3>\n<ul class=\"zn-singledetail-coordinators-list\">\n<li class=\"zn-singledetail-coordinators-item\">\n\t\t\t\t\t\t\t<span>Bruno <\/span> <span>Bachimont<\/span>\t\t\t\t\t\t\t\t\t\t\t\t\t<\/li>\n<li class=\"zn-singledetail-coordinators-item\">\n\t\t\t\t\t\t\t<span>Marcello <\/span> <span>Vitali-Rosati<\/span>\t\t\t\t\t\t\t\t\t\t\t\t\t<\/li>\n<li class=\"zn-singledetail-coordinators-item\">\n\t\t\t\t\t\t\t<span>Pierre <\/span> <span>Gan\u00e7arski <\/span>\t\t\t\t\t\t\t\t\t\t\t\t\t<\/li>\n<\/ul><\/div>\n<div class=\"zn-singledetail-weblinks\">\n<h3 class=\"zn-singledetail-section-title\">Sites internet de r\u00e9f\u00e9rence<\/h3>\n<ul class=\"zn-singledetail-weblinks-list\">\n<li>\n\t\t\t\t\t\t\t<a class=\"prettylink chainlink\" href=\"https:\/\/intelligibilite-numerique.numerev.com\/numeros\/n-3-2022\" title=\"\" target=\"_blank\" rel=\"noopener\">https:\/\/intelligibilite-numerique.numerev.com\/numeros\/n-3-2022<\/a>\n\t\t\t\t\t\t<\/li>\n<\/ul><\/div>\n<\/p><\/div>\n<\/p><\/div>\n<div class=\"columns large-8\">\n<div class=\"zn-singledetail-contentbox\">\n<div class=\"zn-singledetail-annonce wig-content\">\n<h2>Au sommaire<\/h2>\n<div class=\"article-header\">\n<ul>\n<li><strong>Mod\u00e8les&#160;: du monde r\u00e9el au monde num\u00e9rique<\/strong>,<br \/>\n<span class=\"createdby\" title=\"\u00c9crit par VITALI-ROSATI Marcello, BACHIMONT Bruno &amp; GAN\u00c7ARSKI Pierre\">VITALI-ROSATI Marcello, BACHIMONT Bruno &amp; GAN\u00c7ARSKI Pierre<\/span><\/li>\n<li class=\"article-header\"><strong>Th\u00e9orie, Mod\u00e8le, calcul et variabilit\u00e9 du r\u00e9el<\/strong><br \/>\n<span class=\"createdby\" title=\"\u00c9crit par BACHIMONT Bruno\">BACHIMONT Brun<\/span><\/li>\n<\/ul>\n<\/div>\n<ul>\n<li><strong>Le constructivisme num\u00e9rique&#160;: mod\u00e8le \u00e9pist\u00e9mologique pour concevoir des artefacts num\u00e9riques<\/strong><br \/>\nVERLAET Lise<\/li>\n<li><strong>Entre loi et mod\u00e8les&#160;: variations autour des concepts Zipfiens<\/strong><br \/>\nBERTIN Marc &amp; LAFOUGE Thierry<\/li>\n<li><strong>Ing\u00e9nierie s\u00e9miotique et mod\u00e9lisation diagrammatique. Au-del\u00e0 du mod\u00e8le de Turing<\/strong><br \/>\nFERRI Fabien<\/li>\n<li><strong>Monde r\u00e9el vs Monde num\u00e9rique&#160;: l\u2019importance du mod\u00e8le<\/strong><br \/>\nFRAYSSINHES Jean<\/li>\n<li><strong>Le distanciel formatif en didactique des langues&#160;: comment r\u00e9envisager le rapport entre \u00ab&#160;technicit\u00e9&#160;\u00bb et \u00ab&#160;humanit\u00e9&#160;\u00bb&#160;?<\/strong><br \/>\nDEBONO Marc, DE ROBILLARD Didier &amp; PIEROZAK Isabelle<\/li>\n<\/ul><\/div>\n<div class=\"zn-singledetail-keywords\">\n<h3 class=\"zn-singledetail-section-title\">Mots-cl\u00e9s<\/h3>\n<ul class=\"termslist termslist-post_tag\">\n<li class=\"termslist-item termslist-title\"><span class=\"termslist-titletxt\">Mots-cl\u00e9s<\/span><span class=\"doubledot\"><\/span><\/li>\n<li class=\"termslist-item tax-post_tag term-numerique\"><a class=\"termslist-itemlink\" href=\"https:\/\/www.sfsic.org\/tag\/numerique\/\" title=\"Num\u00e9rique\"><span class=\"termslist-itemname\">Num\u00e9rique<\/span><\/a><\/li>\n<\/ul><\/div>\n<\/p><\/div>\n<\/p><\/div>\n<\/p><\/div>\n<\/p><\/div>\n<\/div>\n<p><!-- \/fxzn:singledetail --><\/p>\n","protected":false},"excerpt":{"rendered":"<p>Mis en ligne le 20 janvier 2023 Th\u00e9matiques Num\u00e9rique : strat\u00e9gies, dispositifs et usages Type de publication Num\u00e9ro de revue Nom de la publication Intelligibilit\u00e9 du Num\u00e9rique \u00c9dition Revue Intelligibilit\u00e9 [&hellip;]<\/p>\n","protected":false},"author":781,"featured_media":0,"comment_status":"closed","ping_status":"closed","sticky":false,"template":"","format":"standard","meta":{"_acf_changed":false,"footnotes":""},"categories":[70,31],"tags":[90],"thematique":[39],"sfsic":[],"class_list":["post-27453","post","type-post","status-publish","format-standard","hentry","category-numero-revue","category-publication","tag-numerique","thematique-numerique-strategies-dispositifs-et-usages","wp-sticky"],"acf":[],"yoast_head":"<!-- This site is optimized with the Yoast SEO plugin v27.4 - https:\/\/yoast.com\/product\/yoast-seo-wordpress\/ -->\n<title>Mod\u00e8le : du monde r\u00e9el au monde num\u00e9rique<\/title>\n<meta name=\"description\" content=\"Parution du n\u00b03 de la Revue Intelligibilit\u00e9 du Num\u00e9rique coordonn\u00e9 par Bruno Bachimont, Marcello Vitali-Rosati et Pierre Gan\u00e7arski sur le th\u00e8me &quot;Mod\u00e8le : du monde r\u00e9el au monde num\u00e9rique&quot;\" \/>\n<meta name=\"robots\" content=\"index, follow, max-snippet:-1, max-image-preview:large, max-video-preview:-1\" \/>\n<link rel=\"canonical\" href=\"https:\/\/www.sfsic.org\/en\/publication\/modele-du-monde-reel-au-monde-numerique\/\" \/>\n<meta property=\"og:locale\" content=\"en_US\" \/>\n<meta property=\"og:type\" content=\"article\" \/>\n<meta property=\"og:title\" content=\"Mod\u00e8le : du monde r\u00e9el au monde num\u00e9rique\" \/>\n<meta property=\"og:description\" content=\"Parution du n\u00b03 de la Revue Intelligibilit\u00e9 du Num\u00e9rique coordonn\u00e9 par Bruno Bachimont, Marcello Vitali-Rosati et Pierre Gan\u00e7arski sur le th\u00e8me &quot;Mod\u00e8le : du monde r\u00e9el au monde num\u00e9rique&quot;\" \/>\n<meta property=\"og:url\" content=\"https:\/\/www.sfsic.org\/en\/publication\/modele-du-monde-reel-au-monde-numerique\/\" \/>\n<meta property=\"og:site_name\" content=\"SFSIC\" \/>\n<meta property=\"article:published_time\" content=\"2023-01-20T11:33:56+00:00\" \/>\n<meta property=\"article:modified_time\" content=\"2023-01-25T20:01:15+00:00\" \/>\n<meta name=\"author\" content=\"Axelle Martin\" \/>\n<meta name=\"twitter:card\" content=\"summary_large_image\" \/>\n<script type=\"application\/ld+json\" class=\"yoast-schema-graph\">{\"@context\":\"https:\\\/\\\/schema.org\",\"@graph\":[{\"@type\":\"Article\",\"@id\":\"https:\\\/\\\/www.sfsic.org\\\/en\\\/publication\\\/modele-du-monde-reel-au-monde-numerique\\\/#article\",\"isPartOf\":{\"@id\":\"https:\\\/\\\/www.sfsic.org\\\/en\\\/publication\\\/modele-du-monde-reel-au-monde-numerique\\\/\"},\"author\":{\"name\":\"Axelle Martin\",\"@id\":\"https:\\\/\\\/www.sfsic.org\\\/en\\\/#\\\/schema\\\/person\\\/d3606993477708f4359fb9aeda58df3b\"},\"headline\":\"Mod\u00e8le : du monde r\u00e9el au monde num\u00e9rique\",\"datePublished\":\"2023-01-20T11:33:56+00:00\",\"dateModified\":\"2023-01-25T20:01:15+00:00\",\"mainEntityOfPage\":{\"@id\":\"https:\\\/\\\/www.sfsic.org\\\/en\\\/publication\\\/modele-du-monde-reel-au-monde-numerique\\\/\"},\"wordCount\":192,\"publisher\":{\"@id\":\"https:\\\/\\\/www.sfsic.org\\\/en\\\/#organization\"},\"keywords\":[\"Num\u00e9rique\"],\"articleSection\":[\"Num\u00e9ro de revue\",\"Publications\"],\"inLanguage\":\"en-US\"},{\"@type\":\"WebPage\",\"@id\":\"https:\\\/\\\/www.sfsic.org\\\/en\\\/publication\\\/modele-du-monde-reel-au-monde-numerique\\\/\",\"url\":\"https:\\\/\\\/www.sfsic.org\\\/en\\\/publication\\\/modele-du-monde-reel-au-monde-numerique\\\/\",\"name\":\"Mod\u00e8le : du monde r\u00e9el au monde num\u00e9rique\",\"isPartOf\":{\"@id\":\"https:\\\/\\\/www.sfsic.org\\\/en\\\/#website\"},\"datePublished\":\"2023-01-20T11:33:56+00:00\",\"dateModified\":\"2023-01-25T20:01:15+00:00\",\"description\":\"Parution du n\u00b03 de la Revue Intelligibilit\u00e9 du Num\u00e9rique coordonn\u00e9 par Bruno Bachimont, Marcello Vitali-Rosati et Pierre Gan\u00e7arski sur le th\u00e8me \\\"Mod\u00e8le : du monde r\u00e9el au monde num\u00e9rique\\\"\",\"breadcrumb\":{\"@id\":\"https:\\\/\\\/www.sfsic.org\\\/en\\\/publication\\\/modele-du-monde-reel-au-monde-numerique\\\/#breadcrumb\"},\"inLanguage\":\"en-US\",\"potentialAction\":[{\"@type\":\"ReadAction\",\"target\":[\"https:\\\/\\\/www.sfsic.org\\\/en\\\/publication\\\/modele-du-monde-reel-au-monde-numerique\\\/\"]}]},{\"@type\":\"BreadcrumbList\",\"@id\":\"https:\\\/\\\/www.sfsic.org\\\/en\\\/publication\\\/modele-du-monde-reel-au-monde-numerique\\\/#breadcrumb\",\"itemListElement\":[{\"@type\":\"ListItem\",\"position\":1,\"name\":\"Accueil\",\"item\":\"https:\\\/\\\/www.sfsic.org\\\/en\\\/\"},{\"@type\":\"ListItem\",\"position\":2,\"name\":\"Publications\",\"item\":\"https:\\\/\\\/www.sfsic.org\\\/en\\\/publication-en\\\/\"},{\"@type\":\"ListItem\",\"position\":3,\"name\":\"Journal issue\",\"item\":\"https:\\\/\\\/www.sfsic.org\\\/en\\\/publication-en\\\/journal-issue\\\/\"},{\"@type\":\"ListItem\",\"position\":4,\"name\":\"Mod\u00e8le&#160;: du monde r\u00e9el au monde num\u00e9rique\"}]},{\"@type\":\"WebSite\",\"@id\":\"https:\\\/\\\/www.sfsic.org\\\/en\\\/#website\",\"url\":\"https:\\\/\\\/www.sfsic.org\\\/en\\\/\",\"name\":\"SFSIC\",\"description\":\"Soci\u00e9t\u00e9 Fran\u00e7aise des Sciences de l&#039;Information &amp; de la Communication\",\"publisher\":{\"@id\":\"https:\\\/\\\/www.sfsic.org\\\/en\\\/#organization\"},\"potentialAction\":[{\"@type\":\"SearchAction\",\"target\":{\"@type\":\"EntryPoint\",\"urlTemplate\":\"https:\\\/\\\/www.sfsic.org\\\/en\\\/?s={search_term_string}\"},\"query-input\":{\"@type\":\"PropertyValueSpecification\",\"valueRequired\":true,\"valueName\":\"search_term_string\"}}],\"inLanguage\":\"en-US\"},{\"@type\":\"Organization\",\"@id\":\"https:\\\/\\\/www.sfsic.org\\\/en\\\/#organization\",\"name\":\"SFSIC\",\"url\":\"https:\\\/\\\/www.sfsic.org\\\/en\\\/\",\"logo\":{\"@type\":\"ImageObject\",\"inLanguage\":\"en-US\",\"@id\":\"https:\\\/\\\/www.sfsic.org\\\/en\\\/#\\\/schema\\\/logo\\\/image\\\/\",\"url\":\"https:\\\/\\\/www.sfsic.org\\\/wp-inside\\\/uploads\\\/2020\\\/05\\\/logo-sfsic.jpg\",\"contentUrl\":\"https:\\\/\\\/www.sfsic.org\\\/wp-inside\\\/uploads\\\/2020\\\/05\\\/logo-sfsic.jpg\",\"width\":1085,\"height\":1080,\"caption\":\"SFSIC\"},\"image\":{\"@id\":\"https:\\\/\\\/www.sfsic.org\\\/en\\\/#\\\/schema\\\/logo\\\/image\\\/\"}},{\"@type\":\"Person\",\"@id\":\"https:\\\/\\\/www.sfsic.org\\\/en\\\/#\\\/schema\\\/person\\\/d3606993477708f4359fb9aeda58df3b\",\"name\":\"Axelle Martin\",\"image\":{\"@type\":\"ImageObject\",\"inLanguage\":\"en-US\",\"@id\":\"https:\\\/\\\/secure.gravatar.com\\\/avatar\\\/1065035eb5e480668fbf77e163c2e86f81ac342eaad4c8783acdf4a63f3c917b?s=96&d=mm&r=g\",\"url\":\"https:\\\/\\\/secure.gravatar.com\\\/avatar\\\/1065035eb5e480668fbf77e163c2e86f81ac342eaad4c8783acdf4a63f3c917b?s=96&d=mm&r=g\",\"contentUrl\":\"https:\\\/\\\/secure.gravatar.com\\\/avatar\\\/1065035eb5e480668fbf77e163c2e86f81ac342eaad4c8783acdf4a63f3c917b?s=96&d=mm&r=g\",\"caption\":\"Axelle Martin\"},\"sameAs\":[\"@antropocominside\"]}]}<\/script>\n<!-- \/ Yoast SEO plugin. -->","yoast_head_json":{"title":"Mod\u00e8le : du monde r\u00e9el au monde num\u00e9rique","description":"Parution du n\u00b03 de la Revue Intelligibilit\u00e9 du Num\u00e9rique coordonn\u00e9 par Bruno Bachimont, Marcello Vitali-Rosati et Pierre Gan\u00e7arski sur le th\u00e8me \"Mod\u00e8le : du monde r\u00e9el au monde num\u00e9rique\"","robots":{"index":"index","follow":"follow","max-snippet":"max-snippet:-1","max-image-preview":"max-image-preview:large","max-video-preview":"max-video-preview:-1"},"canonical":"https:\/\/www.sfsic.org\/en\/publication\/modele-du-monde-reel-au-monde-numerique\/","og_locale":"en_US","og_type":"article","og_title":"Mod\u00e8le : du monde r\u00e9el au monde num\u00e9rique","og_description":"Parution du n\u00b03 de la Revue Intelligibilit\u00e9 du Num\u00e9rique coordonn\u00e9 par Bruno Bachimont, Marcello Vitali-Rosati et Pierre Gan\u00e7arski sur le th\u00e8me \"Mod\u00e8le : du monde r\u00e9el au monde num\u00e9rique\"","og_url":"https:\/\/www.sfsic.org\/en\/publication\/modele-du-monde-reel-au-monde-numerique\/","og_site_name":"SFSIC","article_published_time":"2023-01-20T11:33:56+00:00","article_modified_time":"2023-01-25T20:01:15+00:00","author":"Axelle Martin","twitter_card":"summary_large_image","schema":{"@context":"https:\/\/schema.org","@graph":[{"@type":"Article","@id":"https:\/\/www.sfsic.org\/en\/publication\/modele-du-monde-reel-au-monde-numerique\/#article","isPartOf":{"@id":"https:\/\/www.sfsic.org\/en\/publication\/modele-du-monde-reel-au-monde-numerique\/"},"author":{"name":"Axelle Martin","@id":"https:\/\/www.sfsic.org\/en\/#\/schema\/person\/d3606993477708f4359fb9aeda58df3b"},"headline":"Mod\u00e8le : du monde r\u00e9el au monde num\u00e9rique","datePublished":"2023-01-20T11:33:56+00:00","dateModified":"2023-01-25T20:01:15+00:00","mainEntityOfPage":{"@id":"https:\/\/www.sfsic.org\/en\/publication\/modele-du-monde-reel-au-monde-numerique\/"},"wordCount":192,"publisher":{"@id":"https:\/\/www.sfsic.org\/en\/#organization"},"keywords":["Num\u00e9rique"],"articleSection":["Num\u00e9ro de revue","Publications"],"inLanguage":"en-US"},{"@type":"WebPage","@id":"https:\/\/www.sfsic.org\/en\/publication\/modele-du-monde-reel-au-monde-numerique\/","url":"https:\/\/www.sfsic.org\/en\/publication\/modele-du-monde-reel-au-monde-numerique\/","name":"Mod\u00e8le : du monde r\u00e9el au monde num\u00e9rique","isPartOf":{"@id":"https:\/\/www.sfsic.org\/en\/#website"},"datePublished":"2023-01-20T11:33:56+00:00","dateModified":"2023-01-25T20:01:15+00:00","description":"Parution du n\u00b03 de la Revue Intelligibilit\u00e9 du Num\u00e9rique coordonn\u00e9 par Bruno Bachimont, Marcello Vitali-Rosati et Pierre Gan\u00e7arski sur le th\u00e8me \"Mod\u00e8le : du monde r\u00e9el au monde num\u00e9rique\"","breadcrumb":{"@id":"https:\/\/www.sfsic.org\/en\/publication\/modele-du-monde-reel-au-monde-numerique\/#breadcrumb"},"inLanguage":"en-US","potentialAction":[{"@type":"ReadAction","target":["https:\/\/www.sfsic.org\/en\/publication\/modele-du-monde-reel-au-monde-numerique\/"]}]},{"@type":"BreadcrumbList","@id":"https:\/\/www.sfsic.org\/en\/publication\/modele-du-monde-reel-au-monde-numerique\/#breadcrumb","itemListElement":[{"@type":"ListItem","position":1,"name":"Accueil","item":"https:\/\/www.sfsic.org\/en\/"},{"@type":"ListItem","position":2,"name":"Publications","item":"https:\/\/www.sfsic.org\/en\/publication-en\/"},{"@type":"ListItem","position":3,"name":"Journal issue","item":"https:\/\/www.sfsic.org\/en\/publication-en\/journal-issue\/"},{"@type":"ListItem","position":4,"name":"Mod\u00e8le&#160;: du monde r\u00e9el au monde num\u00e9rique"}]},{"@type":"WebSite","@id":"https:\/\/www.sfsic.org\/en\/#website","url":"https:\/\/www.sfsic.org\/en\/","name":"SFSIC","description":"Soci\u00e9t\u00e9 Fran\u00e7aise des Sciences de l&#039;Information &amp; de la Communication","publisher":{"@id":"https:\/\/www.sfsic.org\/en\/#organization"},"potentialAction":[{"@type":"SearchAction","target":{"@type":"EntryPoint","urlTemplate":"https:\/\/www.sfsic.org\/en\/?s={search_term_string}"},"query-input":{"@type":"PropertyValueSpecification","valueRequired":true,"valueName":"search_term_string"}}],"inLanguage":"en-US"},{"@type":"Organization","@id":"https:\/\/www.sfsic.org\/en\/#organization","name":"SFSIC","url":"https:\/\/www.sfsic.org\/en\/","logo":{"@type":"ImageObject","inLanguage":"en-US","@id":"https:\/\/www.sfsic.org\/en\/#\/schema\/logo\/image\/","url":"https:\/\/www.sfsic.org\/wp-inside\/uploads\/2020\/05\/logo-sfsic.jpg","contentUrl":"https:\/\/www.sfsic.org\/wp-inside\/uploads\/2020\/05\/logo-sfsic.jpg","width":1085,"height":1080,"caption":"SFSIC"},"image":{"@id":"https:\/\/www.sfsic.org\/en\/#\/schema\/logo\/image\/"}},{"@type":"Person","@id":"https:\/\/www.sfsic.org\/en\/#\/schema\/person\/d3606993477708f4359fb9aeda58df3b","name":"Axelle Martin","image":{"@type":"ImageObject","inLanguage":"en-US","@id":"https:\/\/secure.gravatar.com\/avatar\/1065035eb5e480668fbf77e163c2e86f81ac342eaad4c8783acdf4a63f3c917b?s=96&d=mm&r=g","url":"https:\/\/secure.gravatar.com\/avatar\/1065035eb5e480668fbf77e163c2e86f81ac342eaad4c8783acdf4a63f3c917b?s=96&d=mm&r=g","contentUrl":"https:\/\/secure.gravatar.com\/avatar\/1065035eb5e480668fbf77e163c2e86f81ac342eaad4c8783acdf4a63f3c917b?s=96&d=mm&r=g","caption":"Axelle Martin"},"sameAs":["@antropocominside"]}]}},"_links":{"self":[{"href":"https:\/\/www.sfsic.org\/en\/wp-json\/wp\/v2\/posts\/27453","targetHints":{"allow":["GET"]}}],"collection":[{"href":"https:\/\/www.sfsic.org\/en\/wp-json\/wp\/v2\/posts"}],"about":[{"href":"https:\/\/www.sfsic.org\/en\/wp-json\/wp\/v2\/types\/post"}],"author":[{"embeddable":true,"href":"https:\/\/www.sfsic.org\/en\/wp-json\/wp\/v2\/users\/781"}],"replies":[{"embeddable":true,"href":"https:\/\/www.sfsic.org\/en\/wp-json\/wp\/v2\/comments?post=27453"}],"version-history":[{"count":4,"href":"https:\/\/www.sfsic.org\/en\/wp-json\/wp\/v2\/posts\/27453\/revisions"}],"predecessor-version":[{"id":27569,"href":"https:\/\/www.sfsic.org\/en\/wp-json\/wp\/v2\/posts\/27453\/revisions\/27569"}],"wp:attachment":[{"href":"https:\/\/www.sfsic.org\/en\/wp-json\/wp\/v2\/media?parent=27453"}],"wp:term":[{"taxonomy":"category","embeddable":true,"href":"https:\/\/www.sfsic.org\/en\/wp-json\/wp\/v2\/categories?post=27453"},{"taxonomy":"post_tag","embeddable":true,"href":"https:\/\/www.sfsic.org\/en\/wp-json\/wp\/v2\/tags?post=27453"},{"taxonomy":"thematique","embeddable":true,"href":"https:\/\/www.sfsic.org\/en\/wp-json\/wp\/v2\/thematique?post=27453"},{"taxonomy":"sfsic","embeddable":true,"href":"https:\/\/www.sfsic.org\/en\/wp-json\/wp\/v2\/sfsic?post=27453"}],"curies":[{"name":"wp","href":"https:\/\/api.w.org\/{rel}","templated":true}]}}