{"id":27426,"date":"2023-01-10T15:17:19","date_gmt":"2023-01-10T14:17:19","guid":{"rendered":"https:\/\/www.sfsic.org\/?p=27426"},"modified":"2023-01-09T22:17:32","modified_gmt":"2023-01-09T21:17:32","slug":"lart-de-la-violence-ou-la-violence-des-arts-vivants-plastiques-et-numeriques","status":"publish","type":"post","link":"https:\/\/www.sfsic.org\/en\/aac-evenement\/lart-de-la-violence-ou-la-violence-des-arts-vivants-plastiques-et-numeriques\/","title":{"rendered":"L\u2019art de la violence ou la violence des arts vivants, plastiques et num\u00e9riques"},"content":{"rendered":"<p><!-- fxzn:singledetail --><\/p>\n<div class=\"zone zn-singledetail\" id=\"fxzn-singledetail-1\">\n<div class=\"zone-block zn-singledetail-block alignwide va-top\">\n<div class=\"row\">\n<div class=\"columns large-8 large-push-4\">\n<div class=\"zn-singledetail-metabox\">\n<div class=\"zn-singledetail-pubdate pubdate\">\n\t\t\t\t\t<span class=\"pubdate-txt\">Mis en ligne le<\/span><span class=\"doubledot\"><\/span> 9 janvier 2023\t\t\t\t<\/div>\n<div class=\"zn-singledetail-thematiques with-sep-comma\">\n<ul class=\"termslist termslist-thematique\">\n<li class=\"termslist-item termslist-title\"><span class=\"termslist-titletxt\">Th\u00e9matiques<\/span><span class=\"doubledot\"><\/span><\/li>\n<li class=\"termslist-item tax-thematique term-images-cinema-medias-audiovisuels-et-industries-culturelles\"><a class=\"termslist-itemlink\" href=\"https:\/\/www.sfsic.org\/en\/thematiques\/images-cinema-audiovisual-media-and-cultural-industries\/\" title=\"Images, cin\u00e9ma, m\u00e9dias audiovisuels et industries culturelles\"><span class=\"termslist-itemname\">Images, cin\u00e9ma, m\u00e9dias audiovisuels et industries culturelles<\/span><\/a><\/li>\n<li class=\"termslist-item tax-thematique term-numerique-strategies-dispositifs-et-usages\"><a class=\"termslist-itemlink\" href=\"https:\/\/www.sfsic.org\/en\/thematiques\/digital-strategies-devices-and-uses-en\/\" title=\"Num\u00e9rique : strat\u00e9gies, dispositifs et usages\"><span class=\"termslist-itemname\">Num\u00e9rique : strat\u00e9gies, dispositifs et usages<\/span><\/a><\/li>\n<\/ul><\/div>\n<\/p><\/div>\n<\/p><\/div>\n<\/p><\/div>\n<div class=\"row\">\n<div class=\"columns large-4\">\n<div class=\"zn-singledetail-sidebar bg-cornersquares\">\n<div class=\"zn-singledetail-infos\">\n<p class=\"zn-singledetail-reponse-date\">\n\t\t\t\t\t\t<span>R\u00e9ponse attendue pour le<\/span><span class=\"doubledot\"><\/span> <strong>15\/02\/2023<\/strong>\n\t\t\t\t\t<\/p>\n<p class=\"zn-singledetail-reponse-type\">\n\t\t\t\t\t<span>Type de r\u00e9ponse<\/span><span class=\"doubledot\"><\/span> <strong>R\u00e9sum\u00e9<\/strong>\n\t\t\t\t\t<\/p>\n<p class=\"zn-singledetail-type\">\n\t\t\t\t\t\t\t<span>Type d\u2019\u00e9v\u00e9nement<\/span><span class=\"doubledot\"><\/span> <strong>Colloque<\/strong>\n\t\t\t\t\t<\/p>\n<\/p><\/div>\n<div class=\"zn-singledetail-coordinators\">\n<h3 class=\"zn-singledetail-section-title\">Coordinateurs<\/h3>\n<ul class=\"zn-singledetail-coordinators-list\">\n<li class=\"zn-singledetail-coordinators-item\">\n\t\t\t\t\t\t\t<span>Catalina <\/span> <span>Sagarra <\/span>\t\t\t\t\t\t\t\t\t\t\t\t\t\t, <a class=\"zn-singledetail-coordinators-mail prettylink\" href=\"mailto:catalinasagarr@trentu.ca\">catalinasagarr@trentu.ca<\/a>\n\t\t\t\t\t\t\t\t\t\t\t\t\t<\/li>\n<li class=\"zn-singledetail-coordinators-item\">\n\t\t\t\t\t\t\t<span>Gabriel <\/span> <span>P\u00e9ri\u00e8s<\/span>\t\t\t\t\t\t\t\t\t\t\t\t\t\t, <a class=\"zn-singledetail-coordinators-mail prettylink\" href=\"mailto:gabriel.peries@imt-bs.eu\">gabriel.peries@imt-bs.eu <\/a>\n\t\t\t\t\t\t\t\t\t\t\t\t\t<\/li>\n<\/ul><\/div>\n<div class=\"zn-singledetail-weblinks\">\n<h3 class=\"zn-singledetail-section-title\">Sites internet de r\u00e9f\u00e9rence<\/h3>\n<ul class=\"zn-singledetail-weblinks-list\">\n<li>\n\t\t\t\t\t\t\t<a class=\"prettylink chainlink\" href=\"http:\/\/ojs.trentu.ca\/ojs\/index.php\/genobs\/announcement\u00a0\" title=\"The art of violence or the violence of art \" target=\"_blank\" rel=\"noopener\">The art of violence or the violence of art <\/a>\n\t\t\t\t\t\t<\/li>\n<\/ul><\/div>\n<\/p><\/div>\n<\/p><\/div>\n<div class=\"columns large-8\">\n<div class=\"zn-singledetail-contentbox\">\n<div class=\"zn-singledetail-eventinfo\">\n<div class=\"zn-singledetail-eventinfo-inner\">\n<div class=\"zn-singledetail-eventdates\">\n\t\t\t\t\t\t<span class=\"zn-singledetail-label\">Dates de l\u2019\u00e9v\u00e9nement<span class=\"doubledot\"><\/span><\/span><\/p>\n<ul class=\"zn-singledetail-eventdates-list\">\n<li class=\"zn-singledetail-eventdates-item\">\n\t\t\t\t\t\t\t\tDu 10\/07\/2023 au 12\/07\/2023\t\t\t\t\t\t\t<\/li>\n<\/ul><\/div>\n<p class=\"zn-singledetail-eventplace\">\n\t\t\t\t\t\t<span class=\"zn-singledetail-label\">Lieu de l\u2019\u00e9v\u00e9nement<span class=\"doubledot\"><\/span><\/span><br \/>\n\t\t\t\t\t\t<span class=\"zn-singledetail-eventplace-adr\"><\/p>\n<p>\t\t\t\t\t\t\t\t\t\t\t\t<span class=\"adr-place\">Ancien coll\u00e8ge<\/span>,<\/p>\n<p>\t\t\t\t\t\t<span class=\"adr-city\">Montauban<\/span>\t\t\t\t\t\t<span class=\"adr-cp\">82<\/span>, <span class=\"adr-country\">France<\/span><br \/>\n\t\t\t\t\t\t<\/span>\t\t\t\t\t<\/p>\n<\/p><\/div>\n<\/p><\/div>\n<div class=\"zn-singledetail-annonce wig-content\">\n<p>Il y a de la violence dans les arts, traditionnels et num\u00e9riques, avant tout parce qu\u2019il y a arrachement au r\u00e9el, d\u2019une part, et int\u00e9riorisation, d\u2019autre part. La violence n\u2019est plus pr\u00e9sent\u00e9e comme une alt\u00e9rit\u00e9, l\u2019autre \u00e9tant toujours \u00e0 son origine. Cette re-pr\u00e9sentation \u2013 nous prendrons volontairement cette nomenclature du terme repr\u00e9sentation en tant que chose signifiante autonome par rapport \u00e0 son r\u00e9f\u00e9rent \u2013 d\u00e9coule de la capacit\u00e9 et de la force de l\u2019artiste \u00e0 la d\u00e9terminer en fonction de son savoir et des possibilit\u00e9s de transmettre ses intentions. Il y a entre le public r\u00e9cepteur et le cr\u00e9ateur une distance car, comme le souligne Ranci\u00e8re [Le spectateur \u00e9mancip\u00e9], tout acte intellectuel est un chemin trac\u00e9 entre une ignorance et un savoir, abolissant dans leur rapport la hi\u00e9rarchie des positions et l\u2019opposition entre regarder et agir, l\u2019un renvoyant au public r\u00e9cepteur, l\u2019autre aux artistes (cr\u00e9ateurs comme interpr\u00e8tes). L\u2019intelligibilit\u00e9 de l\u2019\u0153uvre d\u00e9pend fortement de cette distance.<\/p>\n<p>La violence traverse l\u2019histoire, et les arts pr\u00e9sident \u00e0 la connaissance de sa r\u00e9alisation depuis la pr\u00e9histoire, en tant que processus dynamique de perception. La perception, en effet, met en rapport symbolique le sensible et l\u2019intelligible, le visible et l\u2019invisible, et la cognition en tant que m\u00e9taphore ou m\u00e9tonymie. Ce rapport fait appel au patrimoine m\u00e9moriel du sujet permettant de d\u00e9noncer, en les montrant ou les en mettant en sc\u00e8ne, les articulations existant entre la morale et les dysfonctionnements socio-politiques.<\/p>\n<p>La re-pr\u00e9sentation artistique est un acquis humain qui soumet et qui pose l\u2019acte de se rendre sublime, au sens de Kant, par l\u2019exp\u00e9rience de la douleur comme sensation tant physique que psychique, sur le plan individuel comme collectif. \u00a0Elle est effectivement li\u00e9e \u00e0 l\u2019existence humaine qu\u2019elle s\u00e9pare, comme exp\u00e9rience esth\u00e9tique et \u00e9pist\u00e9mique, de la vie biologique. Certaines des organisations de l\u2019existence humaine, tout particuli\u00e8rement les structures constitutives des relations de pouvoir de l\u2019\u00c9tat et du religieux, pr\u00e9tendent g\u00e9rer le monopole ou l\u2019oligopole de leur agir violent, et en affirment la l\u00e9gitimit\u00e9. S\u2019y associent les acteurs socio-politiques des organismes publics ou priv\u00e9s qui les r\u00e9alisent sur les corps et la psych\u00e9 humaine. Le corps demeure ainsi le lieu o\u00f9 le pouvoir exerce et illustre sa toute-puissance (Michel Foucault, Surveiller et punir. Naissance de la prison, 1975).<\/p>\n<p>C\u2019est dans ce cadre, dont nous excluons la cr\u00e9ation scripturale, que sera pos\u00e9e la cr\u00e9ation des concepts et termes sp\u00e9cifiques de la dimension esth\u00e9tique de ces actions, m\u00eame quand elles r\u00e9pondent \u00e0 une finalit\u00e9 collaborative, comme c\u2019est le cas dans l\u2019histoire de la re-pr\u00e9sentation de la souffrance sur le plan religieux dans l\u2019occident chr\u00e9tien. Les \u0153uvres des peintres ou des sculpteurs associ\u00e9s aux institutions religieuses, voire relevant d\u2019elles, peuvent \u00eatre critiques de ces m\u00eames re-pr\u00e9sentations officialis\u00e9es, tout en v\u00e9hiculant un choc violent. Ces supports visuels posent ainsi la m\u00e9taphorisation de la violence dans une analogie \u00e9tablie en dehors de la narrativit\u00e9 dogmatique de l\u2019officialisme.<\/p>\n<p>C\u2019est dans ce cadre que se d\u00e9terminent les axes de la probl\u00e9matisation, qui peuvent se regrouper autour de quelques questionnements, \u00e0 savoir&#160;:<\/p>\n<p>&#8211; Comment les re-pr\u00e9sentations de la violence extr\u00eame se r\u00e9alisent-elles&#160;?<br \/>\n&#8211; Comment deviennent-elles significatives dans la recherche d\u2019une unit\u00e9 s\u00e9miotique et esth\u00e9tique&#160;?<br \/>\n&#8211; Sur quels pr\u00e9suppos\u00e9s symboliques se basent-t-elles&#160;?<br \/>\n&#8211; \u00c0 quel socle de valeurs communes font-elles appel&#160;: la raison&#160;? la vertu&#160;? la justice&#160;? le sacrifice&#160;?<br \/>\n&#8211; Quels actes artistiques non-\u00e9crits rendent compte de la relation \u00ab&#160;ami-ennemi&#160;\u00bb, ou du sacrifice, que ce soit \u00e0 travers les arts plastiques, la photographie, le cin\u00e9ma, le th\u00e9\u00e2tre, la danse, la musique et les arts num\u00e9riques&#160;?<br \/>\n&#8211; Comment se codifient les charges path\u00e9miques et symboliques pour acqu\u00e9rir leur signification&#160;?<br \/>\n&#8211; Comment s\u2019organisent les axiologies autour des champs s\u00e9mantiques activ\u00e9s ou g\u00e9n\u00e9r\u00e9s par les \u0153uvres artistiques&#160;?<br \/>\n&#8211; Comment les r\u00e9seaux traditionnels et num\u00e9riques catalysent-ils la pens\u00e9e, voire l\u2019action artistique&#160;?<\/p>\n<p>Cela permettra ainsi d\u2019aborder les re-pr\u00e9sentations qui interrogent la d\u00e9finition des dimensions \u00ab&#160;officielles&#160;\u00bb des arts. Un troisi\u00e8me axe se pose alors&#160;: celui de l\u2019approche esth\u00e9tique de la violence de la cr\u00e9ation artistique visuelle, auditive et num\u00e9rique qui pourrait reposer sur diverses questions telles que&#160;:<\/p>\n<p>&#8211; Comment cette discipline de la philosophie aborde-t-elle la question de la violence&#160;?<br \/>\n&#8211; Qu\u2019attend-on du public r\u00e9cepteur devant une re-pr\u00e9sentation de la violence extr\u00eame (r\u00e9volte, sympathie\/empathie, col\u00e8re, indignation, culpabilit\u00e9, une meilleure int\u00e9gration sociale, etc.)&#160;?<br \/>\n&#8211; Doit-on s\u2019attendre \u00e0 de l\u2019efficacit\u00e9 esth\u00e9tique intrins\u00e8que \u00e0 ce type de re-pr\u00e9sentations&#160;?<\/p>\n<p>L&rsquo;efficacit\u00e9 esth\u00e9tique d\u2019une \u0153uvre d\u00e9pendant de la concordance ou de la rupture entre le mode de re-pr\u00e9sentation choisi par l\u2019artiste et le r\u00e9gime d\u2019interpr\u00e9tation partag\u00e9 par le public, pr\u00e9suppose que toute \u0153uvre a un sens pr\u00e9-existant qu\u2019il conviendrait de correctement d\u00e9chiffrer. Les titres tentent parfois de contourner ces risques d\u2019erreurs de d\u00e9chiffrage en circonscrivant en un mot ou une phrase un champ s\u00e9mantique d\u2019interpr\u00e9tation, afin de r\u00e9duire l\u2019arbitraire ou la force du signe ou du symbole. Autrement dit, il conviendrait de voir comment se forge un langage, une forme communicationnelle propice au partage, et qui puisse, au-del\u00e0 ou en aval de la r\u00e9volte et de l\u2019indignation, signifier tout de m\u00eame l&rsquo;ouverture de l\u2019horizon, un ailleurs peut-\u00eatre, telle une lueur d\u2019espoir dans la noirceur environnante, \u00e0 l\u2019image des jeux d\u2019ombre et de lumi\u00e8re des peintures du XVIe si\u00e8cle qui sugg\u00e8rent un en-dehors de la toile, un d\u00e9cloisonnement de l\u2019espace clos, voire un exutoire, selon.<\/p>\n<p>En tentant de r\u00e9pondre \u00e0 ces questions, nous nous sommes int\u00e9ress\u00e9s au r\u00e9seau s\u00e9mantique institu\u00e9 par Etienne Souriau dans l\u2019ouvrage Vocabulaire d\u2019esth\u00e9tique (2\u00e8me \u00e9dition PUF, Quadrige, 1999) qui d\u00e9termine dans cet espace sp\u00e9cifique de la philosophie les d\u00e9terminants du couple \u00ab&#160;violent\/violence&#160;\u00bb en en structurant une charge s\u00e9mantique qui articule les mots, qu\u2019ils soient \u00e0 vocation substantive ou adjectivale&#160;: abrupt, brutal, choc, tension, agnition, anagnorise, catastase, dramatique, dramaturgie classique, \u00e9pique, situation dramatique, tragique\u2026 qui \u00e0 leur tour se ramifient, en passant par admiration ou d\u00e9tonneur\u2026 Il nous semble int\u00e9ressant d\u2019aborder comment les \u0153uvres montrent ce qu\u2019elles montrent, comment leurs cadres et modalit\u00e9s deviennent des sc\u00e8nes structurantes d\u2019interpr\u00e9tation (structuring scenes of interpretation) comme le propose Judith Butler.<\/p>\n<p>C\u2019est-\u00e0-dire que les arts visuels peuvent \u00eatre en eux-m\u00eames violents, car en situation de re-pr\u00e9sentation du r\u00e9el ou de cr\u00e9ations innovantes ou de rupture d\u00e9finitive avec des ritualisations sociales, normatives, la cr\u00e9ation artistique peut avoir collabor\u00e9 \u00e0 l\u2019institutionnalisation. Ils d\u00e9clenchent de la sorte une violence \u00ab&#160;r\u00e9cup\u00e9ratrice&#160;\u00bb de l\u2019institution ou de l\u2019institu\u00e9 qui se nomme la censure&#160;: acte de violence contre la cr\u00e9ativit\u00e9 radicale ou \u00ab&#160;d\u00e9rangeante&#160;\u00bb du \u00ab&#160;bon&#160;\u00bb ordre social. \u00a0Comme le disait Fernando Botero&#160;: \u00ab&#160;L\u2019art est une accusation permanente&#160;\u00bb. Le pouvoir institu\u00e9 tend ainsi \u00e0 d\u00e9fendre son monopole, ou aujourd\u2019hui son oligopole de la violence l\u00e9gitime, physique ou symbolique et ce, m\u00eame au niveau de la cr\u00e9ation artistique.<\/p>\n<p>Il conviendrait enfin de se demander quelles formes d\u2019art l\u00e9gitiment la violence et comment ces \u0153uvres la banalisent ou l\u2019institutionnalisent pour \u00e9tendre l\u2019emprise du pouvoir institu\u00e9 sur le corps social, en g\u00e9n\u00e9rant la peur d\u2019une part, chez ceux qui en seront les cibles, et l\u2019adh\u00e9sion, d\u2019autre part, induite par ceux qui devront en assumer la programmation et le processus de production. Sur quelles valeurs communes et vecteurs techniciens, allant de la peinture m\u00e9di\u00e9vale aux \u0153uvres \u00e9ph\u00e9m\u00e8res, de telles repr\u00e9sentations s\u2019appuient-elles&#160;?<\/p>\n<p>Les question ci-dessus soulev\u00e9es ne sont l\u00e0 qu\u2019\u00e0 titre indicatif pour permettre \u00e0 chacun.e de saisir le cadrage du colloque.<\/p>\n<p><strong>Comit\u00e9 organisateur <\/strong>&#160;:<\/p>\n<ul>\n<li>Catalina Sagarra &#160;: <a href=\"mailto:catalinasagarr@trentu.ca\">catalinasagarra@trentu.ca<\/a> \u00a0(Trent University, Canada)<\/li>\n<li>Gabriel P\u00e9ri\u00e8s&#160;: <a href=\"mailto:gabriel.peries@imt-bs.eu\">gabriel.peries@imt-bs.eu<\/a> (Institut Mines-T\u00e9l\u00e9com Business School, Evry, France)<\/li>\n<li>Pierre Marillaud, membre titulaire de l&rsquo;Acad\u00e9mie des Sciences, Lettres et Arts de Montauban&#160;: <a href=\"mailto:GenObs@trentu.ca\">GenObs@trentu.ca<\/a><\/li>\n<\/ul>\n<h2><strong>Informations pratiques<\/strong>&#160;:<\/h2>\n<ul>\n<li>Les personnes d\u00e9sirant participer \u00e0 cette rencontre devront envoyer avant le <strong>15 f\u00e9vrier 2023<\/strong> le titre et le r\u00e9sum\u00e9 de leur communication (250 mots maximum), en fran\u00e7ais, espagnol ou anglais.Les propositions pourront \u00eatre envoy\u00e9es \u00e0 l\u2019une ou l\u2019autre des adresses susmentionn\u00e9es en pr\u00e9cisant l&rsquo;objet \u00ab&#160;Colloque Montauban&#160;\u00bb. Le comit\u00e9 organisateur fera conna\u00eetre sa r\u00e9ponse par voie \u00e9lectronique (e-mail) le 28 f\u00e9vrier 2023 au plus tard.Les communications, apr\u00e8s \u00e9valuation, feront l\u2019objet d\u2019une mise en ligne dans la revue GenObs.La communication ne devra pas d\u00e9passer 30 minutes et toute communication n\u00e9cessitant un appui technique (PowerPoint, vid\u00e9oprojecteur, etc.) devra \u00eatre signal\u00e9e.Les langues du colloque sont le fran\u00e7ais, l&rsquo;espagnol et l\u2019anglais.<strong>Frais d\u2019inscription (incluant la restauration et un programme imprim\u00e9)<\/strong>&#160;:<\/li>\n<li>Les inscriptions sont ouvertes \u00e0 toute personne int\u00e9ress\u00e9e par la probl\u00e9matique du colloque.<\/li>\n<li>Le co\u00fbt de l\u2019inscription est de 100 Euros.<\/li>\n<li>Pour les \u00e9tudiant.e.s, le co\u00fbt de l\u2019inscription est de 70 Euros.<\/li>\n<li>L\u2019\u00e9v\u00e9nement est gratuit pour le grand public voulant assister aux pr\u00e9sentations.<\/li>\n<\/ul>\n<h3>H\u00e9bergement&#160;:<\/h3>\n<p>Les informations concernant l\u2019h\u00e9bergement seront transmises ult\u00e9rieurement et apr\u00e8s acceptation de la proposition.<\/p>\n<\/p><\/div>\n<div class=\"zn-singledetail-keywords\">\n<h3 class=\"zn-singledetail-section-title\">Mots-cl\u00e9s<\/h3>\n<ul class=\"termslist termslist-post_tag\">\n<li class=\"termslist-item termslist-title\"><span class=\"termslist-titletxt\">Mots-cl\u00e9s<\/span><span class=\"doubledot\"><\/span><\/li>\n<li class=\"termslist-item tax-post_tag term-arts\"><a class=\"termslist-itemlink\" href=\"https:\/\/www.sfsic.org\/en\/tag\/arts-en\/\" title=\"Arts\"><span class=\"termslist-itemname\">Arts<\/span><\/a><\/li>\n<li class=\"termslist-item tax-post_tag term-numerique\"><a class=\"termslist-itemlink\" href=\"https:\/\/www.sfsic.org\/en\/tag\/digital\/\" title=\"Num\u00e9rique\"><span class=\"termslist-itemname\">Num\u00e9rique<\/span><\/a><\/li>\n<li class=\"termslist-item tax-post_tag term-violence\"><a class=\"termslist-itemlink\" href=\"https:\/\/www.sfsic.org\/en\/tag\/violence\/\" title=\"Violence\"><span class=\"termslist-itemname\">Violence<\/span><\/a><\/li>\n<\/ul><\/div>\n<\/p><\/div>\n<\/p><\/div>\n<\/p><\/div>\n<\/p><\/div>\n<\/div>\n<p><!-- \/fxzn:singledetail --><\/p>\n","protected":false},"excerpt":{"rendered":"<p>Mis en ligne le 9 janvier 2023 Th\u00e9matiques Images, cin\u00e9ma, m\u00e9dias audiovisuels et industries culturelles Num\u00e9rique : strat\u00e9gies, dispositifs et usages R\u00e9ponse attendue pour le 15\/02\/2023 Type de r\u00e9ponse R\u00e9sum\u00e9 [&hellip;]<\/p>\n","protected":false},"author":781,"featured_media":0,"comment_status":"closed","ping_status":"closed","sticky":false,"template":"","format":"standard","meta":{"_acf_changed":false,"footnotes":""},"categories":[29,57],"tags":[350,90,459],"thematique":[35,39],"sfsic":[],"class_list":["post-27426","post","type-post","status-publish","format-standard","hentry","category-aac-evenement","category-colloque","tag-arts","tag-numerique","tag-violence","thematique-images-cinema-medias-audiovisuels-et-industries-culturelles","thematique-numerique-strategies-dispositifs-et-usages","wp-sticky"],"acf":[],"yoast_head":"<!-- This site is optimized with the Yoast SEO plugin v27.4 - https:\/\/yoast.com\/product\/yoast-seo-wordpress\/ -->\n<title>L\u2019art de la violence ou la violence des arts vivants, plastiques et num\u00e9riques<\/title>\n<meta name=\"description\" content=\"Appel \u00e0 contribution pour un colloque sur &quot;L\u2019art de la violence ou la violence des arts vivants, plastiques et num\u00e9riques&quot;.\" \/>\n<meta name=\"robots\" content=\"index, follow, max-snippet:-1, max-image-preview:large, max-video-preview:-1\" \/>\n<link rel=\"canonical\" href=\"https:\/\/www.sfsic.org\/en\/aac-evenement\/lart-de-la-violence-ou-la-violence-des-arts-vivants-plastiques-et-numeriques\/\" \/>\n<meta property=\"og:locale\" content=\"en_US\" \/>\n<meta property=\"og:type\" content=\"article\" \/>\n<meta property=\"og:title\" content=\"L\u2019art de la violence ou la violence des arts vivants, plastiques et num\u00e9riques\" \/>\n<meta property=\"og:description\" content=\"Appel \u00e0 contribution pour un colloque sur &quot;L\u2019art de la violence ou la violence des arts vivants, plastiques et num\u00e9riques&quot;.\" \/>\n<meta property=\"og:url\" content=\"https:\/\/www.sfsic.org\/en\/aac-evenement\/lart-de-la-violence-ou-la-violence-des-arts-vivants-plastiques-et-numeriques\/\" \/>\n<meta property=\"og:site_name\" content=\"SFSIC\" \/>\n<meta property=\"article:published_time\" content=\"2023-01-10T14:17:19+00:00\" \/>\n<meta name=\"author\" content=\"Axelle Martin\" \/>\n<meta name=\"twitter:card\" content=\"summary_large_image\" \/>\n<script type=\"application\/ld+json\" class=\"yoast-schema-graph\">{\"@context\":\"https:\\\/\\\/schema.org\",\"@graph\":[{\"@type\":\"Article\",\"@id\":\"https:\\\/\\\/www.sfsic.org\\\/en\\\/aac-evenement\\\/lart-de-la-violence-ou-la-violence-des-arts-vivants-plastiques-et-numeriques\\\/#article\",\"isPartOf\":{\"@id\":\"https:\\\/\\\/www.sfsic.org\\\/en\\\/aac-evenement\\\/lart-de-la-violence-ou-la-violence-des-arts-vivants-plastiques-et-numeriques\\\/\"},\"author\":{\"name\":\"Axelle Martin\",\"@id\":\"https:\\\/\\\/www.sfsic.org\\\/en\\\/#\\\/schema\\\/person\\\/d3606993477708f4359fb9aeda58df3b\"},\"headline\":\"L\u2019art de la violence ou la violence des arts vivants, plastiques et num\u00e9riques\",\"datePublished\":\"2023-01-10T14:17:19+00:00\",\"mainEntityOfPage\":{\"@id\":\"https:\\\/\\\/www.sfsic.org\\\/en\\\/aac-evenement\\\/lart-de-la-violence-ou-la-violence-des-arts-vivants-plastiques-et-numeriques\\\/\"},\"wordCount\":1749,\"publisher\":{\"@id\":\"https:\\\/\\\/www.sfsic.org\\\/en\\\/#organization\"},\"keywords\":[\"Arts\",\"Num\u00e9rique\",\"Violence\"],\"articleSection\":[\"AAC \u00c9v\u00e9nement\",\"Colloque\"],\"inLanguage\":\"en-US\"},{\"@type\":\"WebPage\",\"@id\":\"https:\\\/\\\/www.sfsic.org\\\/en\\\/aac-evenement\\\/lart-de-la-violence-ou-la-violence-des-arts-vivants-plastiques-et-numeriques\\\/\",\"url\":\"https:\\\/\\\/www.sfsic.org\\\/en\\\/aac-evenement\\\/lart-de-la-violence-ou-la-violence-des-arts-vivants-plastiques-et-numeriques\\\/\",\"name\":\"L\u2019art de la violence ou la violence des arts vivants, plastiques et num\u00e9riques\",\"isPartOf\":{\"@id\":\"https:\\\/\\\/www.sfsic.org\\\/en\\\/#website\"},\"datePublished\":\"2023-01-10T14:17:19+00:00\",\"description\":\"Appel \u00e0 contribution pour un colloque sur \\\"L\u2019art de la violence ou la violence des arts vivants, plastiques et num\u00e9riques\\\".\",\"breadcrumb\":{\"@id\":\"https:\\\/\\\/www.sfsic.org\\\/en\\\/aac-evenement\\\/lart-de-la-violence-ou-la-violence-des-arts-vivants-plastiques-et-numeriques\\\/#breadcrumb\"},\"inLanguage\":\"en-US\",\"potentialAction\":[{\"@type\":\"ReadAction\",\"target\":[\"https:\\\/\\\/www.sfsic.org\\\/en\\\/aac-evenement\\\/lart-de-la-violence-ou-la-violence-des-arts-vivants-plastiques-et-numeriques\\\/\"]}]},{\"@type\":\"BreadcrumbList\",\"@id\":\"https:\\\/\\\/www.sfsic.org\\\/en\\\/aac-evenement\\\/lart-de-la-violence-ou-la-violence-des-arts-vivants-plastiques-et-numeriques\\\/#breadcrumb\",\"itemListElement\":[{\"@type\":\"ListItem\",\"position\":1,\"name\":\"Accueil\",\"item\":\"https:\\\/\\\/www.sfsic.org\\\/en\\\/\"},{\"@type\":\"ListItem\",\"position\":2,\"name\":\"Calls for Contributions\",\"item\":\"https:\\\/\\\/www.sfsic.org\\\/en\\\/cfc-event\\\/\"},{\"@type\":\"ListItem\",\"position\":3,\"name\":\"Conference\",\"item\":\"https:\\\/\\\/www.sfsic.org\\\/en\\\/cfc-event\\\/conference\\\/\"},{\"@type\":\"ListItem\",\"position\":4,\"name\":\"L\u2019art de la violence ou la violence des arts vivants, plastiques et num\u00e9riques\"}]},{\"@type\":\"WebSite\",\"@id\":\"https:\\\/\\\/www.sfsic.org\\\/en\\\/#website\",\"url\":\"https:\\\/\\\/www.sfsic.org\\\/en\\\/\",\"name\":\"SFSIC\",\"description\":\"Soci\u00e9t\u00e9 Fran\u00e7aise des Sciences de l&#039;Information &amp; de la Communication\",\"publisher\":{\"@id\":\"https:\\\/\\\/www.sfsic.org\\\/en\\\/#organization\"},\"potentialAction\":[{\"@type\":\"SearchAction\",\"target\":{\"@type\":\"EntryPoint\",\"urlTemplate\":\"https:\\\/\\\/www.sfsic.org\\\/en\\\/?s={search_term_string}\"},\"query-input\":{\"@type\":\"PropertyValueSpecification\",\"valueRequired\":true,\"valueName\":\"search_term_string\"}}],\"inLanguage\":\"en-US\"},{\"@type\":\"Organization\",\"@id\":\"https:\\\/\\\/www.sfsic.org\\\/en\\\/#organization\",\"name\":\"SFSIC\",\"url\":\"https:\\\/\\\/www.sfsic.org\\\/en\\\/\",\"logo\":{\"@type\":\"ImageObject\",\"inLanguage\":\"en-US\",\"@id\":\"https:\\\/\\\/www.sfsic.org\\\/en\\\/#\\\/schema\\\/logo\\\/image\\\/\",\"url\":\"https:\\\/\\\/www.sfsic.org\\\/wp-inside\\\/uploads\\\/2020\\\/05\\\/logo-sfsic.jpg\",\"contentUrl\":\"https:\\\/\\\/www.sfsic.org\\\/wp-inside\\\/uploads\\\/2020\\\/05\\\/logo-sfsic.jpg\",\"width\":1085,\"height\":1080,\"caption\":\"SFSIC\"},\"image\":{\"@id\":\"https:\\\/\\\/www.sfsic.org\\\/en\\\/#\\\/schema\\\/logo\\\/image\\\/\"}},{\"@type\":\"Person\",\"@id\":\"https:\\\/\\\/www.sfsic.org\\\/en\\\/#\\\/schema\\\/person\\\/d3606993477708f4359fb9aeda58df3b\",\"name\":\"Axelle Martin\",\"image\":{\"@type\":\"ImageObject\",\"inLanguage\":\"en-US\",\"@id\":\"https:\\\/\\\/secure.gravatar.com\\\/avatar\\\/1065035eb5e480668fbf77e163c2e86f81ac342eaad4c8783acdf4a63f3c917b?s=96&d=mm&r=g\",\"url\":\"https:\\\/\\\/secure.gravatar.com\\\/avatar\\\/1065035eb5e480668fbf77e163c2e86f81ac342eaad4c8783acdf4a63f3c917b?s=96&d=mm&r=g\",\"contentUrl\":\"https:\\\/\\\/secure.gravatar.com\\\/avatar\\\/1065035eb5e480668fbf77e163c2e86f81ac342eaad4c8783acdf4a63f3c917b?s=96&d=mm&r=g\",\"caption\":\"Axelle Martin\"},\"sameAs\":[\"@antropocominside\"]}]}<\/script>\n<!-- \/ Yoast SEO plugin. -->","yoast_head_json":{"title":"L\u2019art de la violence ou la violence des arts vivants, plastiques et num\u00e9riques","description":"Appel \u00e0 contribution pour un colloque sur \"L\u2019art de la violence ou la violence des arts vivants, plastiques et num\u00e9riques\".","robots":{"index":"index","follow":"follow","max-snippet":"max-snippet:-1","max-image-preview":"max-image-preview:large","max-video-preview":"max-video-preview:-1"},"canonical":"https:\/\/www.sfsic.org\/en\/aac-evenement\/lart-de-la-violence-ou-la-violence-des-arts-vivants-plastiques-et-numeriques\/","og_locale":"en_US","og_type":"article","og_title":"L\u2019art de la violence ou la violence des arts vivants, plastiques et num\u00e9riques","og_description":"Appel \u00e0 contribution pour un colloque sur \"L\u2019art de la violence ou la violence des arts vivants, plastiques et num\u00e9riques\".","og_url":"https:\/\/www.sfsic.org\/en\/aac-evenement\/lart-de-la-violence-ou-la-violence-des-arts-vivants-plastiques-et-numeriques\/","og_site_name":"SFSIC","article_published_time":"2023-01-10T14:17:19+00:00","author":"Axelle Martin","twitter_card":"summary_large_image","schema":{"@context":"https:\/\/schema.org","@graph":[{"@type":"Article","@id":"https:\/\/www.sfsic.org\/en\/aac-evenement\/lart-de-la-violence-ou-la-violence-des-arts-vivants-plastiques-et-numeriques\/#article","isPartOf":{"@id":"https:\/\/www.sfsic.org\/en\/aac-evenement\/lart-de-la-violence-ou-la-violence-des-arts-vivants-plastiques-et-numeriques\/"},"author":{"name":"Axelle Martin","@id":"https:\/\/www.sfsic.org\/en\/#\/schema\/person\/d3606993477708f4359fb9aeda58df3b"},"headline":"L\u2019art de la violence ou la violence des arts vivants, plastiques et num\u00e9riques","datePublished":"2023-01-10T14:17:19+00:00","mainEntityOfPage":{"@id":"https:\/\/www.sfsic.org\/en\/aac-evenement\/lart-de-la-violence-ou-la-violence-des-arts-vivants-plastiques-et-numeriques\/"},"wordCount":1749,"publisher":{"@id":"https:\/\/www.sfsic.org\/en\/#organization"},"keywords":["Arts","Num\u00e9rique","Violence"],"articleSection":["AAC \u00c9v\u00e9nement","Colloque"],"inLanguage":"en-US"},{"@type":"WebPage","@id":"https:\/\/www.sfsic.org\/en\/aac-evenement\/lart-de-la-violence-ou-la-violence-des-arts-vivants-plastiques-et-numeriques\/","url":"https:\/\/www.sfsic.org\/en\/aac-evenement\/lart-de-la-violence-ou-la-violence-des-arts-vivants-plastiques-et-numeriques\/","name":"L\u2019art de la violence ou la violence des arts vivants, plastiques et num\u00e9riques","isPartOf":{"@id":"https:\/\/www.sfsic.org\/en\/#website"},"datePublished":"2023-01-10T14:17:19+00:00","description":"Appel \u00e0 contribution pour un colloque sur \"L\u2019art de la violence ou la violence des arts vivants, plastiques et num\u00e9riques\".","breadcrumb":{"@id":"https:\/\/www.sfsic.org\/en\/aac-evenement\/lart-de-la-violence-ou-la-violence-des-arts-vivants-plastiques-et-numeriques\/#breadcrumb"},"inLanguage":"en-US","potentialAction":[{"@type":"ReadAction","target":["https:\/\/www.sfsic.org\/en\/aac-evenement\/lart-de-la-violence-ou-la-violence-des-arts-vivants-plastiques-et-numeriques\/"]}]},{"@type":"BreadcrumbList","@id":"https:\/\/www.sfsic.org\/en\/aac-evenement\/lart-de-la-violence-ou-la-violence-des-arts-vivants-plastiques-et-numeriques\/#breadcrumb","itemListElement":[{"@type":"ListItem","position":1,"name":"Accueil","item":"https:\/\/www.sfsic.org\/en\/"},{"@type":"ListItem","position":2,"name":"Calls for Contributions","item":"https:\/\/www.sfsic.org\/en\/cfc-event\/"},{"@type":"ListItem","position":3,"name":"Conference","item":"https:\/\/www.sfsic.org\/en\/cfc-event\/conference\/"},{"@type":"ListItem","position":4,"name":"L\u2019art de la violence ou la violence des arts vivants, plastiques et num\u00e9riques"}]},{"@type":"WebSite","@id":"https:\/\/www.sfsic.org\/en\/#website","url":"https:\/\/www.sfsic.org\/en\/","name":"SFSIC","description":"Soci\u00e9t\u00e9 Fran\u00e7aise des Sciences de l&#039;Information &amp; de la Communication","publisher":{"@id":"https:\/\/www.sfsic.org\/en\/#organization"},"potentialAction":[{"@type":"SearchAction","target":{"@type":"EntryPoint","urlTemplate":"https:\/\/www.sfsic.org\/en\/?s={search_term_string}"},"query-input":{"@type":"PropertyValueSpecification","valueRequired":true,"valueName":"search_term_string"}}],"inLanguage":"en-US"},{"@type":"Organization","@id":"https:\/\/www.sfsic.org\/en\/#organization","name":"SFSIC","url":"https:\/\/www.sfsic.org\/en\/","logo":{"@type":"ImageObject","inLanguage":"en-US","@id":"https:\/\/www.sfsic.org\/en\/#\/schema\/logo\/image\/","url":"https:\/\/www.sfsic.org\/wp-inside\/uploads\/2020\/05\/logo-sfsic.jpg","contentUrl":"https:\/\/www.sfsic.org\/wp-inside\/uploads\/2020\/05\/logo-sfsic.jpg","width":1085,"height":1080,"caption":"SFSIC"},"image":{"@id":"https:\/\/www.sfsic.org\/en\/#\/schema\/logo\/image\/"}},{"@type":"Person","@id":"https:\/\/www.sfsic.org\/en\/#\/schema\/person\/d3606993477708f4359fb9aeda58df3b","name":"Axelle Martin","image":{"@type":"ImageObject","inLanguage":"en-US","@id":"https:\/\/secure.gravatar.com\/avatar\/1065035eb5e480668fbf77e163c2e86f81ac342eaad4c8783acdf4a63f3c917b?s=96&d=mm&r=g","url":"https:\/\/secure.gravatar.com\/avatar\/1065035eb5e480668fbf77e163c2e86f81ac342eaad4c8783acdf4a63f3c917b?s=96&d=mm&r=g","contentUrl":"https:\/\/secure.gravatar.com\/avatar\/1065035eb5e480668fbf77e163c2e86f81ac342eaad4c8783acdf4a63f3c917b?s=96&d=mm&r=g","caption":"Axelle Martin"},"sameAs":["@antropocominside"]}]}},"_links":{"self":[{"href":"https:\/\/www.sfsic.org\/en\/wp-json\/wp\/v2\/posts\/27426","targetHints":{"allow":["GET"]}}],"collection":[{"href":"https:\/\/www.sfsic.org\/en\/wp-json\/wp\/v2\/posts"}],"about":[{"href":"https:\/\/www.sfsic.org\/en\/wp-json\/wp\/v2\/types\/post"}],"author":[{"embeddable":true,"href":"https:\/\/www.sfsic.org\/en\/wp-json\/wp\/v2\/users\/781"}],"replies":[{"embeddable":true,"href":"https:\/\/www.sfsic.org\/en\/wp-json\/wp\/v2\/comments?post=27426"}],"version-history":[{"count":4,"href":"https:\/\/www.sfsic.org\/en\/wp-json\/wp\/v2\/posts\/27426\/revisions"}],"predecessor-version":[{"id":27430,"href":"https:\/\/www.sfsic.org\/en\/wp-json\/wp\/v2\/posts\/27426\/revisions\/27430"}],"wp:attachment":[{"href":"https:\/\/www.sfsic.org\/en\/wp-json\/wp\/v2\/media?parent=27426"}],"wp:term":[{"taxonomy":"category","embeddable":true,"href":"https:\/\/www.sfsic.org\/en\/wp-json\/wp\/v2\/categories?post=27426"},{"taxonomy":"post_tag","embeddable":true,"href":"https:\/\/www.sfsic.org\/en\/wp-json\/wp\/v2\/tags?post=27426"},{"taxonomy":"thematique","embeddable":true,"href":"https:\/\/www.sfsic.org\/en\/wp-json\/wp\/v2\/thematique?post=27426"},{"taxonomy":"sfsic","embeddable":true,"href":"https:\/\/www.sfsic.org\/en\/wp-json\/wp\/v2\/sfsic?post=27426"}],"curies":[{"name":"wp","href":"https:\/\/api.w.org\/{rel}","templated":true}]}}