{"id":27245,"date":"2022-12-30T22:16:20","date_gmt":"2022-12-30T21:16:20","guid":{"rendered":"https:\/\/www.sfsic.org\/?p=27245"},"modified":"2022-12-30T22:43:06","modified_gmt":"2022-12-30T21:43:06","slug":"frontieres-numeriques-2023","status":"publish","type":"post","link":"https:\/\/www.sfsic.org\/en\/aac-evenement\/frontieres-numeriques-2023\/","title":{"rendered":"Fronti\u00e8res Num\u00e9riques 2023"},"content":{"rendered":"<p><!-- fxzn:singledetail --><\/p>\n<div class=\"zone zn-singledetail\" id=\"fxzn-singledetail-1\">\n<div class=\"zone-block zn-singledetail-block alignwide va-top\">\n<div class=\"row\">\n<div class=\"columns large-8 large-push-4\">\n<div class=\"zn-singledetail-metabox\">\n<div class=\"zn-singledetail-pubdate pubdate\">\n\t\t\t\t\t<span class=\"pubdate-txt\">Mis en ligne le<\/span><span class=\"doubledot\"><\/span> 30 d\u00e9cembre 2022\t\t\t\t<\/div>\n<div class=\"zn-singledetail-thematiques with-sep-comma\">\n<ul class=\"termslist termslist-thematique\">\n<li class=\"termslist-item termslist-title\"><span class=\"termslist-titletxt\">Th\u00e9matiques<\/span><span class=\"doubledot\"><\/span><\/li>\n<li class=\"termslist-item tax-thematique term-numerique-strategies-dispositifs-et-usages\"><a class=\"termslist-itemlink\" href=\"https:\/\/www.sfsic.org\/thematiques\/numerique-strategies-dispositifs-et-usages\/\" title=\"Num\u00e9rique : strat\u00e9gies, dispositifs et usages\"><span class=\"termslist-itemname\">Num\u00e9rique : strat\u00e9gies, dispositifs et usages<\/span><\/a><\/li>\n<\/ul><\/div>\n<\/p><\/div>\n<\/p><\/div>\n<\/p><\/div>\n<div class=\"row\">\n<div class=\"columns large-4\">\n<div class=\"zn-singledetail-sidebar bg-cornersquares\">\n<div class=\"zn-singledetail-infos\">\n<p class=\"zn-singledetail-reponse-date\">\n\t\t\t\t\t\t<span>R\u00e9ponse attendue pour le<\/span><span class=\"doubledot\"><\/span> <strong>09\/01\/2023<\/strong>\n\t\t\t\t\t<\/p>\n<p class=\"zn-singledetail-reponse-type\">\n\t\t\t\t\t<span>Type de r\u00e9ponse<\/span><span class=\"doubledot\"><\/span> <strong>R\u00e9sum\u00e9<\/strong>\n\t\t\t\t\t<\/p>\n<p class=\"zn-singledetail-type\">\n\t\t\t\t\t\t\t<span>Type d\u2019\u00e9v\u00e9nement<\/span><span class=\"doubledot\"><\/span> <strong>Colloque<\/strong>\n\t\t\t\t\t<\/p>\n<\/p><\/div>\n<div class=\"zn-singledetail-coordinators\">\n<h3 class=\"zn-singledetail-section-title\">Coordinateurs<\/h3>\n<ul class=\"zn-singledetail-coordinators-list\">\n<li class=\"zn-singledetail-coordinators-item\">\n\t\t\t\t\t\t\t<span>Imad <\/span> <span>Saleh<\/span>, <span>Universit\u00e9 Paris 8<\/span>\t\t\t\t\t\t\t\t\t\t\t\t\t\t, <a class=\"zn-singledetail-coordinators-mail prettylink\" href=\"mailto:imad.saleh@univ-paris8.fr\">imad.saleh@univ-paris8.fr<\/a>\n\t\t\t\t\t\t\t\t\t\t\t\t\t<\/li>\n<\/ul><\/div>\n<div class=\"zn-singledetail-weblinks\">\n<h3 class=\"zn-singledetail-section-title\">Sites internet de r\u00e9f\u00e9rence<\/h3>\n<ul class=\"zn-singledetail-weblinks-list\">\n<li>\n\t\t\t\t\t\t\t<a class=\"prettylink chainlink\" href=\"https:\/\/conferences-paragraphe.univ-paris8.fr\/frontieres-numeriques\/2023\/\" title=\"Site de l'appel \u00e0 communication\" target=\"_blank\" rel=\"noopener\">Site de l&#8217;appel \u00e0 communication<\/a>\n\t\t\t\t\t\t<\/li>\n<\/ul><\/div>\n<\/p><\/div>\n<\/p><\/div>\n<div class=\"columns large-8\">\n<div class=\"zn-singledetail-contentbox\">\n<div class=\"zn-singledetail-eventinfo\">\n<div class=\"zn-singledetail-eventinfo-inner\">\n<div class=\"zn-singledetail-eventdates\">\n\t\t\t\t\t\t<span class=\"zn-singledetail-label\">Dates de l\u2019\u00e9v\u00e9nement<span class=\"doubledot\"><\/span><\/span><\/p>\n<ul class=\"zn-singledetail-eventdates-list\">\n<li class=\"zn-singledetail-eventdates-item\">\n\t\t\t\t\t\t\t\tDu 07\/06\/2003 au 09\/06\/2003\t\t\t\t\t\t\t<\/li>\n<\/ul><\/div>\n<p class=\"zn-singledetail-eventplace\">\n\t\t\t\t\t\t<span class=\"zn-singledetail-label\">Lieu de l\u2019\u00e9v\u00e9nement<span class=\"doubledot\"><\/span><\/span><br \/>\n\t\t\t\t\t\t<span class=\"zn-singledetail-eventplace-adr\"><\/p>\n<p>\t\t\t\t\t\t<span class=\"adr-city\">Hammamet<\/span>\t\t\t\t\t\t, <span class=\"adr-country\">Tunisie<\/span><br \/>\n\t\t\t\t\t\t<\/span>\t\t\t\t\t<\/p>\n<\/p><\/div>\n<\/p><\/div>\n<div class=\"zn-singledetail-annonce wig-content\">\n<p style=\"text-align: left\">Face \u00e0 la place pr\u00e9pond\u00e9rante de l\u2019informatique et de l\u2019internet dans les activit\u00e9s humaines, il s\u2019av\u00e8re n\u00e9cessaire de red\u00e9finir les fronti\u00e8res num\u00e9riques. \u00c0 ce titre, la 5\u00e8me \u00e9dition du colloque organis\u00e9 par le laboratoire Paragraphe va se focaliser sur le th\u00e8me&#160;: \u00ab&#160;Fronti\u00e8res Num\u00e9riques 2023&#160;\u00bb. Du 7 au 9 juin 2023, chercheurs, enseignants et autres professionnels des sciences humaines et sociales vont s\u2019interroger sur les sens qu\u2019ont les fronti\u00e8res num\u00e9riques.<\/p>\n<h2 style=\"text-align: left\">Description<\/h2>\n<p style=\"text-align: left\">La fronti\u00e8re est une notion multidisciplinaire que l\u2019on retrouve en informatique, en sciences humaines et sociales, ainsi qu\u2019en science de l\u2019information et de la communication. Elle est d\u00e9j\u00e0 pr\u00e9sente en tant que telle, dans les interrogations de recherche des diff\u00e9rentes disciplines et en tant qu\u2019objet d\u2019\u00e9tude, perm\u00e9able aux apports des uns et des autres&#160;! Le Web a r\u00e9volutionn\u00e9 l\u2019acc\u00e8s \u00e0 l\u2019information, bien au-del\u00e0 des fronti\u00e8res locales des populations, une r\u00e9volution qui ne touche pas tout le monde, et met en \u00e9vidence la dure r\u00e9alit\u00e9 de la fracture num\u00e9rique, une sorte de fronti\u00e8res \u00e9conomiques et sociales qui s\u2019ajoutent \u00e0 celles des territoires. Cette s\u00e9paration symbolique\/physique a tendance \u00e0 s\u2019estomper \u00e0 petits pas, et de mani\u00e8re \u00ab&#160;m\u00e9canique&#160;\u00bb, elle g\u00e9n\u00e8re plus d\u2019usagers, de donn\u00e9es, d\u2019archives, etc. La g\u00e9n\u00e9ralisation de l\u2019usage des TIC redessine de nouvelles fronti\u00e8res pour un acc\u00e8s \u00e0 l\u2019enseignement et \u00e0 la connaissance, \u00e0 un plus grand nombre de demandeurs&#160;! Pour d\u00e9passer les fronti\u00e8res physiques et celles des s\u00e9lections d\u2019acc\u00e8s aux formations, le d\u00e9veloppement des MOOC et l\u2019enseignement \u00e0 distance sont les meilleurs exemples. La masse importante des donn\u00e9es num\u00e9riques est un autre champ o\u00f9 la notion de fronti\u00e8re est assez pr\u00e9sente, et pose de nouvelles probl\u00e9matiques sur la protection de la vie priv\u00e9e. Avec les innovations technologiques, nouveaux services, il est question souvent de cette fronti\u00e8re tr\u00e8s mince, entre les donn\u00e9es de la vie priv\u00e9e et celles de la vie publique, que ces nouveaux services sont amen\u00e9s \u00e0 explorer et \u00e0 exploiter.<\/p>\n<h2 style=\"text-align: left\">Sens des fronti\u00e8res num\u00e9riques<\/h2>\n<p style=\"text-align: left\">Dans ce colloque, nous nous interrogeons sur les sens qu\u2019ont les fronti\u00e8res num\u00e9riques.<\/p>\n<ul>\n<li style=\"text-align: left\">Quels usages les fronti\u00e8res num\u00e9riques r\u00e9v\u00e8lent-elles dans les pratiques de discernement, de jugement et d&rsquo;action&#160;?<\/li>\n<li style=\"text-align: left\">Comment les fronti\u00e8res num\u00e9riques sont impact\u00e9es par les technologies blockchain, NTF et les nouvelles formes de cryptages&#160;?<\/li>\n<li style=\"text-align: left\">Quels sont les enjeux pour l\u2019humanit\u00e9, pour chaque individu et les rapports qu\u2019il entretient avec les autres&#160;?<\/li>\n<li style=\"text-align: left\">Un monde sans fronti\u00e8re est-il une utopie vers laquelle il faut tendre ou bien une illusion qu\u2019il faut redouter&#160;?<\/li>\n<li style=\"text-align: left\">Le travail artistique, souvent visionnaire, nous permet-il de dialectiser, de probl\u00e9matiser et d\u2019enrichir la notion de fronti\u00e8res num\u00e9riques&#160;?<\/li>\n<\/ul>\n<p>L\u2019inscription transversale du num\u00e9rique dans les activit\u00e9s humaines demanderait \u00e0 repenser les rapports humains en prenant compte des effets, des contraintes, des ressources et des modes d\u2019organisation que le num\u00e9rique r\u00e9v\u00e8le.<\/p>\n<h2 style=\"text-align: left\">Perspectives d&rsquo;analyses<\/h2>\n<p style=\"text-align: left\">Plusieurs angles d\u2019analyses sont propos\u00e9s pour r\u00e9fl\u00e9chir sur l\u2019impact du num\u00e9rique et d\u2019internet, en particulier sur les fronti\u00e8res classiques ainsi que sur l\u2019ensemble des activit\u00e9s humaines&#160;:<\/p>\n<ul>\n<li style=\"text-align: left\"><strong>Fronti\u00e8re num\u00e9riques, s\u00e9curit\u00e9, cybercriminalit\u00e9 &amp; cryptage<\/strong>&#160;: les enjeux de s\u00e9curit\u00e9 dans les r\u00e9seaux d&rsquo;information touchent d\u00e9sormais tous les acteurs de la soci\u00e9t\u00e9 qu&rsquo;ils soient de simples individus prot\u00e9geant leurs donn\u00e9es intimes , des entreprises ou des institutions dont les syst\u00e8mes d&rsquo;informations sont les proies de cybercriminels ran\u00e7onneurs. Comment des fronti\u00e8res num\u00e9riques cryptent et s\u00e9curisent les \u00e9changes de donn\u00e9es&#160;? Comment s&rsquo;assurer que les donn\u00e9es passent bien par ces fronti\u00e8res&#160;? Qui contr\u00f4lent et valident ces fronti\u00e8res&#160;?<\/li>\n<li style=\"text-align: left\"><strong>Fronti\u00e8res num\u00e9riques, manipulation de l&rsquo;information et des r\u00e9seaux<\/strong>&#160;: entre une information fiable, une d\u00e9sinformation, une post-v\u00e9rit\u00e9 ou une fake news, les fronti\u00e8res sont souvent subtiles car les trucages et manipulations sont de plus en plus efficaces pour se rendre invisibles. Difficile de tracer les fronti\u00e8res entres ces informations pour communiquer sereinement et en toute confiance. Comment les technologies d\u00e9finissent des territoires informationnels aux fronti\u00e8res claires et distinctes ou opaques et transparentes&#160;? Quelles fronti\u00e8res \u00e9tablir pour se pr\u00e9munir des usages malveillants&#160;?<\/li>\n<li style=\"text-align: left\"><strong>Fronti\u00e8res num\u00e9riques, blockchain &amp; NFT&#160;:<\/strong> les m\u00e9thodes de cryptages d\u00e9centralis\u00e9s sans tiers de confiance \u00e9tablissent des principes qui bousculent les fronti\u00e8res par une appropriation collective des moyens de production et des moyens financiers, par la fin d&rsquo;une division hi\u00e9rarchique du travail , par l\u2019internationalisme sans patrie , par des proc\u00e9dures de d\u00e9cisions collectives, moins \u00e9tatiques, autoritaires et centralis\u00e9es. Les fronti\u00e8res num\u00e9riques ne sont-elles pas en train de dispara\u00eetre&#160;?<\/li>\n<li style=\"text-align: left\"><strong>Fronti\u00e8res num\u00e9riques de l\u2019information &amp; Big Data<\/strong>&#160;: Les enjeux des donn\u00e9es num\u00e9riques d\u00e9passent largement les fronti\u00e8res des entreprises. Les Big Data commencent timidement \u00e0 s\u2019\u00e9tendre et \u00e0 s\u2019imposer comme une innovation dans beaucoup d\u2019entreprises, \u00e0 la fronti\u00e8re entre le management et la technique, bien au-del\u00e0 des syst\u00e8mes informatiques. Les technologies du num\u00e9rique transforment les fronti\u00e8res habituelles, particuli\u00e8rement celles qui innovent dans la collecte, l\u2019exploitation, et le traitement des donn\u00e9es produites et dispers\u00e9es sur le web, par exemple dans la gestion des donn\u00e9es en \u00ab&#160;nuages&#160;\u00bb ou Cloud computing.<\/li>\n<li style=\"text-align: left\"><strong>Fronti\u00e8res et fractures num\u00e9riques&#160;:<\/strong> La notion de fracture num\u00e9rique est li\u00e9e \u00e9troitement \u00e0 l\u2019id\u00e9e d\u2019appartenir ou pas \u00e0 la \u00ab&#160;soci\u00e9t\u00e9 de l\u2019information&#160;\u00bb. Une fronti\u00e8re imperceptible qui s\u00e9pare bel et bien deux r\u00e9alit\u00e9s, symbolis\u00e9es par l\u2019usage ou pas des nouvelles technologies, TIC. Una attention particuli\u00e8re sera port\u00e9e sur les aspects g\u00e9n\u00e9rationnels que la fracture induite par les diff\u00e9rences de culture informationnelle et num\u00e9rique fortement marqu\u00e9es socialement en termes de Cat\u00e9gories Sociaux Professionnelles. De m\u00eame concernant la question de la fracture entre les pays du Sud et ceux du Nord, les info-riches vs les info-pauvres&#8230; Qui produits les informations, notamment en IST&#160;? Quels liens de d\u00e9pendance existent-ils entre les r\u00e9gions du globe, etc&#8230; Ces analyses pourront se conduire d&rsquo;un point de sociologique mais aussi macro-\u00e9conomique ou en termes de pratiques informationnelles&#8230;<\/li>\n<li style=\"text-align: left\"><strong>Fronti\u00e8res num\u00e9riques, m\u00e9dias num\u00e9riques &amp; pratiques r\u00e9dactionnelles&#160;:<\/strong> Il est question de d\u00e9bordement permanent des fronti\u00e8res, de circulation des formes et des processus de construction symbolique qui caract\u00e9risent les pratiques r\u00e9dactionnelles, communicationnelles et cr\u00e9atives sur des dispositifs complexes, comme les dispositifs d\u2019\u00e9criture et de cr\u00e9ation&#160;: blog de voyage, le carnet moleskine, etc..<\/li>\n<li style=\"text-align: left\"><strong>Fronti\u00e8res num\u00e9riques et t\u00e9l\u00e9travail&#160;:<\/strong> La situation sanitaire impose aux entreprises et aux universit\u00e9s le t\u00e9l\u00e9travail pour tous. Ce basculement a le m\u00e9rite de voir les obstacles dress\u00e9s auparavant diminuer, malgr\u00e9 ce constat largement partag\u00e9, force est de constater que la fronti\u00e8re entre la vie priv\u00e9e et la vie professionnelle est devenue imbriqu\u00e9e avec des cons\u00e9quences soci\u00e9tales.<\/li>\n<\/ul>\n<h2 style=\"text-align: left\">Dates importantes<\/h2>\n<ul>\n<li style=\"text-align: left\">9 janvier 2023&#160;: R\u00e9ception des propositions&#160;: 1 page<\/li>\n<li style=\"text-align: left\">9 f\u00e9vrier 2023&#160;: R\u00e9ception des articles complets<\/li>\n<li style=\"text-align: left\">15 mars 2023&#160;: R\u00e9ponses aux auteurs et recommandations<\/li>\n<li style=\"text-align: left\">1 avril 2023&#160;: Ouverture des inscriptions<\/li>\n<li style=\"text-align: left\">15 avril 2023&#160;: Soumission des articles corrig\u00e9s<\/li>\n<li style=\"text-align: left\">15 mai 2023&#160;: Date limite d\u2019inscription<\/li>\n<li style=\"text-align: left\">7 &#8211; 8 &#8211; 9 juin 2023&#160;: Colloque \u00e0 Hammamet &#8211; Tunisie<\/li>\n<\/ul>\n<h2 style=\"text-align: left\">Soumission<\/h2>\n<p style=\"text-align: left\">Le comit\u00e9 scientifique s\u00e9lectionnera un nombre limit\u00e9 de propositions pour satisfaire un \u00e9v\u00e9nement collaboratif et participatif sans session parall\u00e8le et qui se tiendra sur 3 jours.<\/p>\n<ul>\n<li style=\"text-align: left\">Les propositions, les pr\u00e9sentations et les articles finaux peuvent \u00eatre en fran\u00e7ais ou en anglais.<\/li>\n<li style=\"text-align: left\">Deux types d\u2019articles scientifiques ou techniques peuvent \u00eatre soumis aux adresses&#160;:\n<ul>\n<li style=\"text-align: left\">samuel.szoniecky@univ-paris8.fr<\/li>\n<li style=\"text-align: left\">imad.saleh@univ-paris8.fr<\/li>\n<li style=\"text-align: left\">ou via la plateforme accessible par ce lien&#160;: <a href=\"https:\/\/easychair.org\/my\/conference?conf=frontieresnum23\">https:\/\/easychair.org\/my\/conference?conf=frontieresnum23<\/a><\/li>\n<\/ul>\n<\/li>\n<li>Article approfondi&#160;: 30 000 signes espaces compris maximum<\/li>\n<li>Article de recherche en cours&#160;: 10 000 signes espaces compris maximum<\/li>\n<li>Les formats de fichier accept\u00e9 sont&#160;: doc, docx, rtf, odt.<\/li>\n<\/ul>\n<p style=\"text-align: left\">Les propositions devront \u00eatre enti\u00e8rement anonymes, sans r\u00e9f\u00e9rence aux auteurs dans le texte, dans la bibliographie, dans les remerciements ou projets cit\u00e9s, dans les propri\u00e9t\u00e9s du document.<\/p>\n<p style=\"text-align: left\">Les propositions seront \u00e9valu\u00e9es en double aveugle par deux membres du comit\u00e9 scientifique. Les r\u00e9sultats de l\u2019\u00e9valuation seront adress\u00e9s aux auteurs avec des recommandations.<\/p>\n<h2>Publication<\/h2>\n<p>Les articles retenus et pr\u00e9sent\u00e9s au colloque feront l\u2019objet d\u2019une seconde \u00e9valuation afin d\u2019\u00e9tendre chaque article pour une publication sp\u00e9cifique&#160;:<\/p>\n<ul>\n<li><b>Pour les propositions techniques <\/b>&#160;: dans un chapitre d\u2019ouvrage qui sera publi\u00e9 chez l&rsquo;\u00e9diteur scientifique&#160;: ISTE &#8211; Wiley dans la collection <a href=\"http:\/\/digitaluses.info\/\">Digital Tools &amp; Uses<\/a><\/li>\n<li><b>Pour les propositions de sciences de l&rsquo;information et de la communication&#160;:<\/b> <a href=\"http:\/\/europia.org\/RIHM\/index.htm\" target=\"_parent\" rel=\"noopener\">revue RHIM (qualifiante CNU 71e)<\/a><\/li>\n<\/ul>\n<h2>Th\u00e9matiques<\/h2>\n<h3>G\u00e9n\u00e9rales<\/h3>\n<ul>\n<li>Les fronti\u00e8res d\u2019internet<\/li>\n<li>Blockchain, NFT et crytographie<\/li>\n<li>S\u00e9curit\u00e9 et protection des fronti\u00e8res num\u00e9riques<\/li>\n<li>Cybercriminalit\u00e9 sans fronti\u00e8res<\/li>\n<li>Internet et les fronti\u00e8res classiques<\/li>\n<li>Objets connect\u00e9s<\/li>\n<li>Les fronti\u00e8res invisibles d\u2019internet, Dark Web<\/li>\n<li>R\u00e9alit\u00e9 et virtualit\u00e9 des fronti\u00e8res<\/li>\n<li>Les identit\u00e9s num\u00e9riques<\/li>\n<li>Traces et tra\u00e7abilit\u00e9 num\u00e9riques<\/li>\n<li>Big Data et Data center<\/li>\n<li>Les fronti\u00e8res d\u2019intelligence artificielle<\/li>\n<li>Internet Nomade<\/li>\n<li>\u00c9thique et Int\u00e9grit\u00e9 de l\u2019information<\/li>\n<\/ul>\n<h3>Sp\u00e9cifiques<\/h3>\n<ul>\n<li>E-Gouvernement et citoyennet\u00e9 num\u00e9rique<\/li>\n<li>E-education, E-sant\u00e9, E-innovation, E-travail, num\u00e9rique et environnement<\/li>\n<li>E-Coop\u00e9ration Nord-Sud et Sud-Sud<\/li>\n<li>Dynamique des r\u00e9seaux sociaux\u00a0num\u00e9riques<\/li>\n<li>Cloud computing et circulation des\u00a0donn\u00e9es<\/li>\n<li>Internet des objets, IdO et flux de donn\u00e9es<\/li>\n<\/ul>\n<h2>Pr\u00e9sident du colloque<\/h2>\n<ul>\n<li>Imad SALEH, Universit\u00e9 Paris 8, France<\/li>\n<\/ul>\n<h2>Comit\u00e9 de programmme<\/h2>\n<ul>\n<li>Samuel SZONIECKY, Universit\u00e9 Paris 8, France<\/li>\n<li>Nasreddine BOUHAI, Universit\u00e9 Paris 8, France<\/li>\n<li>Everardo REYES, Universit\u00e9 Paris 8, France<\/li>\n<li>Mathieu QUINIOU, Universit\u00e9 Paris 8, France<\/li>\n<li>Malek GHENIMA, Universit\u00e9 de la Manouba, Tunisie<\/li>\n<\/ul>\n<h2>Comit\u00e9 scientifique<\/h2>\n<ul>\n<li>Adda ALI PACHA, University of Sciences and Technology of Oran, Alg\u00e9rie<\/li>\n<li>Mathieu ANDRO, Direction des services administratifs et financiers du Premier ministre, France<\/li>\n<li>Narj\u00e8s BELLAMINE BEN SAOUD, Ecole Nationale des Sciences de l&rsquo;Informatique, Tunisie<\/li>\n<li>Mohamed BENABID, Facult\u00e9 de Gouvernance Sciences Economiques et Sociales, Rabat, Maroc<\/li>\n<li>Saber BENHARZALLAH, Universit\u00e9 de Batna, Alg\u00e9rie<\/li>\n<li>Nesrine BEN YAHIA, Ecole Nationale des Sciences de l&rsquo;Informatique, Tunisie<\/li>\n<li>Philippe BONFILS, Universit\u00e9 de Toulon, France<\/li>\n<li>Larbi BOUBCHIR, Universit\u00e9 Paris 8, France<\/li>\n<li>Serge BOUCHARDON, UTC Compi\u00e8gne, France<\/li>\n<li>Ren\u00e9e BOURASSA, Universit\u00e9 Laval, Canada<\/li>\n<li>Alain CAPO CHICHI, Universit\u00e9 Abomey Calavi\/Institut Cerco, B\u00e9nin<\/li>\n<li>St\u00e9phane CARO, IUT Bordeaux Montaigne, France<\/li>\n<li>St\u00e9phane CHAUDIRON, Universit\u00e9 de Lilles 3, France<\/li>\n<li>Richard CHBEIR, IUT de Bayonne et du Pays Basque, Anglet, France<\/li>\n<li>Chu-Yin CHEN, Universit\u00e9 Paris 8, France<\/li>\n<li>Abderrezak DOURARI, Universit\u00e9 Alger 2, Alg\u00e9rie<\/li>\n<li>Michel DURAMPART, Universit\u00e9 de Toulon, France<\/li>\n<li>Anja HABACHA, Ecole Nationale des Sciences de l&rsquo;Informatique, Tunisie<\/li>\n<li>Mabrouka EL HACHANI, Universit\u00e9 Jean Moulin Lyon 3, France<\/li>\n<li>Imed Riadh FARAH, Universit\u00e9 de la Manouba, Tunisie<\/li>\n<li>Laurence FAVIER, Universit\u00e9 de Lille 3, France<\/li>\n<li>Mohamed Mohsen GAMMOUDI, Universit\u00e9 de la Manouba, Tunisie<\/li>\n<li>Faiez GARGOURI, University of Sfax, Tunisie<\/li>\n<li>Pierre GEDEON, Notre Dame University, Liban<\/li>\n<li>Fanny GEORGES, Universit\u00e9 Paris 3, France<\/li>\n<li>Khaled GHEDIRA, Universit\u00e9 Ibn Khaldoun, Tunisie<\/li>\n<li>Nouria HARBI, Universit\u00e9 Lyon 2, France<\/li>\n<li>Abderrazak JEMAI, Universit\u00e9 de Carthage Tunisie<\/li>\n<li>Maroun JNEID, Laboratoire Paragraphe<\/li>\n<li>Brigitte JUANALS, Universit\u00e9 Aix Marseille, France<\/li>\n<li>Mohammed KARIM, Universit\u00e9 Sidi Mohamed Ben Abdellah, Maroc<\/li>\n<li>Okba KAZAR, Universit\u00e9 de Biskra, Alg\u00e9rie<\/li>\n<li>Ouajdi KORBAA, Universit\u00e9 de Sousse, Tunisie<\/li>\n<li>Gerald KEMBELLEC, Conservatoire Nationale des Arts et M\u00e9tiers, France<\/li>\n<li>Alain KIYINDOU, Universit\u00e9 Bordeaux Montaigne, France<\/li>\n<li>Michel LABOUR, Universit\u00e9 Polytechnique Haut de France, France<\/li>\n<li>Jean-Marc LARRUE, Universit\u00e9 de Montr\u00e9al, France<\/li>\n<li>Mariannig LE B\u00c9CHEC, Universit\u00e9 de Poitiers, France<\/li>\n<li>Beno\u00eet LE BLANC, \u00c9cole nationale sup\u00e9rieure de cognitique, Bordeaux, France<\/li>\n<li>Sylvie LELEU-MERVIEL, Arenberg Creative Mine, France<\/li>\n<li>Benoit LELONG, Universit\u00e9 Paris 8, France<\/li>\n<li>Pascal MARTIN, Ecole nationale sup\u00e9rieure Louis-Lumi\u00e8re, France<\/li>\n<li>Luc MASSOU, Universit\u00e9 de Lorraine, France<\/li>\n<li>Abderrazak MKADMI, Sultan Qaboos University, Oman<\/li>\n<li>Khaled MEKOUAR, ESISA F\u00e8s, Maroc<\/li>\n<li>Vincent MEYER, Universit\u00e9 Nice Sophia Antipolis, France<\/li>\n<li>Claire NOY, Universit\u00e9 Paul Val\u00e9ry, France<\/li>\n<li>Cedric PLESSIET, Universit\u00e9 Paris 8, France<\/li>\n<li>Franck RENUCCI, Universit\u00e9 de Toulon, France<\/li>\n<li>Fabien RICHERT, Universit\u00e9 UQAM, Canada<\/li>\n<li>Pascal ROBERT, ENSSIB Lyon, France<\/li>\n<li>Ioan ROXIN, Universit\u00e9 de Franche-Comt\u00e9, France<\/li>\n<li>Laura SHACKELFORD, Rochester Institute of Technology, USA<\/li>\n<li>Sahbi SIDHOM, Universit\u00e9 de Lorraine, France<\/li>\n<li>Federico TAJARIOL, University de Franche-Comt\u00e9, France<\/li>\n<li>Marc TANTI, Universit\u00e9 Aix-Marseille, France<\/li>\n<li>Manuel ZACKLAD, Conservatoire Nationale des Arts et M\u00e9tiers, France<\/li>\n<li>Khaldoun ZREIK, Universit\u00e9 Paris 8, France<\/li>\n<\/ul>\n<h2>Comit\u00e9 d&rsquo;organisation<\/h2>\n<ul>\n<li>Malek GHENIMA, Universit\u00e9 de la Manouba, Tunisie<\/li>\n<li>Malek AMMOUS, Universit\u00e9 Ibn Khaldoun, Tunisie<\/li>\n<li>Samuel SZONIECKY, Universit\u00e9 Paris 8, France<\/li>\n<li>Youssef MEKOUAR, Universit\u00e9 Paris 8, France &#8211; Universit\u00e9 de Sidi Ben Abdellah, Maroc<\/li>\n<li>Fatma BEN AMOR, Universit\u00e9 Paris 8, France<\/li>\n<\/ul>\n<h2>Historique<\/h2>\n<p>Cette r\u00e9flexion sur les fronti\u00e8res num\u00e9riques s\u2019est engag\u00e9e \u00e0 la suite de la recherche men\u00e9e par Imad Saleh, Nasreddine Bouha\u00ef et Hakim Hachour au sein du laboratoire Paragraphe.<\/p>\n<p>Ce colloque est le prolongement des quatre colloques suivants&#160;:<\/p>\n<ul>\n<li>Novembre 2022, tenu \u00e0 L&rsquo;universit\u00e9 Paris 8 , France<\/li>\n<li>Octobre 2019 dans le cadre de la conf\u00e9rence H2PTM\u20192019, tenu \u00e0 Montb\u00e9liard , France<\/li>\n<li>Juin 2016, tenu \u00e0 Toulon, France<\/li>\n<li>Novembre 2014, tenu \u00e0 F\u00e8s, Maroc<\/li>\n<\/ul>\n<p>L\u2019ensemble des contributions des colloques sont publi\u00e9s dans trois volumes chez L\u2019Harmattan&#160;:<\/p>\n<ul>\n<li><a href=\"http:\/\/www.editions-harmattan.fr\/index.asp?navig=catalogue&amp;obj=livre&amp;no=49154&amp;razSqlClone=1\" target=\"_parent\" rel=\"noopener\">Fronti\u00e8res num\u00e9riques et savoir <\/a><\/li>\n<li><a href=\"http:\/\/www.editions-harmattan.fr\/index.asp?navig=catalogue&amp;obj=livre&amp;no=49153&amp;razSqlClone=1\" target=\"_parent\" rel=\"noopener\">Fronti\u00e8res num\u00e9riques et artefacts<\/a><\/li>\n<li><a href=\"http:\/\/www.editions-harmattan.fr\/index.asp?navig=catalogue&amp;obj=livre&amp;no=44373&amp;razSqlClone=1\" target=\"_parent\" rel=\"noopener\">Les fronti\u00e8res num\u00e9riques<\/a><\/li>\n<\/ul>\n<p>&nbsp;<\/p>\n<h2><\/h2>\n<\/p><\/div>\n<div class=\"zn-singledetail-keywords\">\n<h3 class=\"zn-singledetail-section-title\">Mots-cl\u00e9s<\/h3>\n<ul class=\"termslist termslist-post_tag\">\n<li class=\"termslist-item termslist-title\"><span class=\"termslist-titletxt\">Mots-cl\u00e9s<\/span><span class=\"doubledot\"><\/span><\/li>\n<li class=\"termslist-item tax-post_tag term-numerique\"><a class=\"termslist-itemlink\" href=\"https:\/\/www.sfsic.org\/tag\/numerique\/\" title=\"Num\u00e9rique\"><span class=\"termslist-itemname\">Num\u00e9rique<\/span><\/a><\/li>\n<\/ul><\/div>\n<\/p><\/div>\n<\/p><\/div>\n<\/p><\/div>\n<\/p><\/div>\n<\/div>\n<p><!-- \/fxzn:singledetail --><\/p>\n","protected":false},"excerpt":{"rendered":"<p>Mis en ligne le 30 d\u00e9cembre 2022 Th\u00e9matiques Num\u00e9rique : strat\u00e9gies, dispositifs et usages R\u00e9ponse attendue pour le 09\/01\/2023 Type de r\u00e9ponse R\u00e9sum\u00e9 Type d\u2019\u00e9v\u00e9nement Colloque Coordinateurs Imad Saleh, Universit\u00e9 [&hellip;]<\/p>\n","protected":false},"author":1389,"featured_media":0,"comment_status":"closed","ping_status":"closed","sticky":false,"template":"","format":"standard","meta":{"_acf_changed":false,"footnotes":""},"categories":[29,57],"tags":[90],"thematique":[39],"sfsic":[],"class_list":["post-27245","post","type-post","status-publish","format-standard","hentry","category-aac-evenement","category-colloque","tag-numerique","thematique-numerique-strategies-dispositifs-et-usages","wp-sticky"],"acf":[],"yoast_head":"<!-- This site is optimized with the Yoast SEO plugin v27.4 - https:\/\/yoast.com\/product\/yoast-seo-wordpress\/ -->\n<title>Fronti\u00e8res Num\u00e9riques 2023<\/title>\n<meta name=\"description\" content=\"Appel \u00e0 communications pour la 5\u00e8me \u00e9dition du colloque &quot;Fronti\u00e8res Num\u00e9riques 2023&quot; qui se tiendra du 7 au 9 juin 2023 \u00e0 Hammamet en Tunisie. Initi\u00e9 sous la pr\u00e9sidence de Imad Saleh de l\u2019Universit\u00e9 Paris 8, ce colloque permettra de red\u00e9finir le sens des fronti\u00e8res num\u00e9riques.\" \/>\n<meta name=\"robots\" content=\"index, follow, max-snippet:-1, max-image-preview:large, max-video-preview:-1\" \/>\n<link rel=\"canonical\" href=\"https:\/\/www.sfsic.org\/en\/aac-evenement\/frontieres-numeriques-2023\/\" \/>\n<meta property=\"og:locale\" content=\"en_US\" \/>\n<meta property=\"og:type\" content=\"article\" \/>\n<meta property=\"og:title\" content=\"Fronti\u00e8res Num\u00e9riques 2023\" \/>\n<meta property=\"og:description\" content=\"Appel \u00e0 communications pour la 5\u00e8me \u00e9dition du colloque &quot;Fronti\u00e8res Num\u00e9riques 2023&quot; qui se tiendra du 7 au 9 juin 2023 \u00e0 Hammamet en Tunisie. Initi\u00e9 sous la pr\u00e9sidence de Imad Saleh de l\u2019Universit\u00e9 Paris 8, ce colloque permettra de red\u00e9finir le sens des fronti\u00e8res num\u00e9riques.\" \/>\n<meta property=\"og:url\" content=\"https:\/\/www.sfsic.org\/en\/aac-evenement\/frontieres-numeriques-2023\/\" \/>\n<meta property=\"og:site_name\" content=\"SFSIC\" \/>\n<meta property=\"article:published_time\" content=\"2022-12-30T21:16:20+00:00\" \/>\n<meta property=\"article:modified_time\" content=\"2022-12-30T21:43:06+00:00\" \/>\n<meta name=\"author\" content=\"Kougbl\u00e9nou Rodrigue Tokpodounsi\" \/>\n<meta name=\"twitter:card\" content=\"summary_large_image\" \/>\n<script type=\"application\/ld+json\" class=\"yoast-schema-graph\">{\"@context\":\"https:\\\/\\\/schema.org\",\"@graph\":[{\"@type\":\"Article\",\"@id\":\"https:\\\/\\\/www.sfsic.org\\\/en\\\/aac-evenement\\\/frontieres-numeriques-2023\\\/#article\",\"isPartOf\":{\"@id\":\"https:\\\/\\\/www.sfsic.org\\\/en\\\/aac-evenement\\\/frontieres-numeriques-2023\\\/\"},\"author\":{\"name\":\"Kougbl\u00e9nou Rodrigue Tokpodounsi\",\"@id\":\"https:\\\/\\\/www.sfsic.org\\\/en\\\/#\\\/schema\\\/person\\\/b3a12f8a8be44d99b215543fad085d1a\"},\"headline\":\"Fronti\u00e8res Num\u00e9riques 2023\",\"datePublished\":\"2022-12-30T21:16:20+00:00\",\"dateModified\":\"2022-12-30T21:43:06+00:00\",\"mainEntityOfPage\":{\"@id\":\"https:\\\/\\\/www.sfsic.org\\\/en\\\/aac-evenement\\\/frontieres-numeriques-2023\\\/\"},\"wordCount\":2319,\"publisher\":{\"@id\":\"https:\\\/\\\/www.sfsic.org\\\/en\\\/#organization\"},\"keywords\":[\"Num\u00e9rique\"],\"articleSection\":[\"AAC \u00c9v\u00e9nement\",\"Colloque\"],\"inLanguage\":\"en-US\"},{\"@type\":\"WebPage\",\"@id\":\"https:\\\/\\\/www.sfsic.org\\\/en\\\/aac-evenement\\\/frontieres-numeriques-2023\\\/\",\"url\":\"https:\\\/\\\/www.sfsic.org\\\/en\\\/aac-evenement\\\/frontieres-numeriques-2023\\\/\",\"name\":\"Fronti\u00e8res Num\u00e9riques 2023\",\"isPartOf\":{\"@id\":\"https:\\\/\\\/www.sfsic.org\\\/en\\\/#website\"},\"datePublished\":\"2022-12-30T21:16:20+00:00\",\"dateModified\":\"2022-12-30T21:43:06+00:00\",\"description\":\"Appel \u00e0 communications pour la 5\u00e8me \u00e9dition du colloque \\\"Fronti\u00e8res Num\u00e9riques 2023\\\" qui se tiendra du 7 au 9 juin 2023 \u00e0 Hammamet en Tunisie. Initi\u00e9 sous la pr\u00e9sidence de Imad Saleh de l\u2019Universit\u00e9 Paris 8, ce colloque permettra de red\u00e9finir le sens des fronti\u00e8res num\u00e9riques.\",\"breadcrumb\":{\"@id\":\"https:\\\/\\\/www.sfsic.org\\\/en\\\/aac-evenement\\\/frontieres-numeriques-2023\\\/#breadcrumb\"},\"inLanguage\":\"en-US\",\"potentialAction\":[{\"@type\":\"ReadAction\",\"target\":[\"https:\\\/\\\/www.sfsic.org\\\/en\\\/aac-evenement\\\/frontieres-numeriques-2023\\\/\"]}]},{\"@type\":\"BreadcrumbList\",\"@id\":\"https:\\\/\\\/www.sfsic.org\\\/en\\\/aac-evenement\\\/frontieres-numeriques-2023\\\/#breadcrumb\",\"itemListElement\":[{\"@type\":\"ListItem\",\"position\":1,\"name\":\"Accueil\",\"item\":\"https:\\\/\\\/www.sfsic.org\\\/en\\\/\"},{\"@type\":\"ListItem\",\"position\":2,\"name\":\"Calls for Contributions\",\"item\":\"https:\\\/\\\/www.sfsic.org\\\/en\\\/cfc-event\\\/\"},{\"@type\":\"ListItem\",\"position\":3,\"name\":\"Conference\",\"item\":\"https:\\\/\\\/www.sfsic.org\\\/en\\\/cfc-event\\\/conference\\\/\"},{\"@type\":\"ListItem\",\"position\":4,\"name\":\"Fronti\u00e8res Num\u00e9riques 2023\"}]},{\"@type\":\"WebSite\",\"@id\":\"https:\\\/\\\/www.sfsic.org\\\/en\\\/#website\",\"url\":\"https:\\\/\\\/www.sfsic.org\\\/en\\\/\",\"name\":\"SFSIC\",\"description\":\"Soci\u00e9t\u00e9 Fran\u00e7aise des Sciences de l&#039;Information &amp; de la Communication\",\"publisher\":{\"@id\":\"https:\\\/\\\/www.sfsic.org\\\/en\\\/#organization\"},\"potentialAction\":[{\"@type\":\"SearchAction\",\"target\":{\"@type\":\"EntryPoint\",\"urlTemplate\":\"https:\\\/\\\/www.sfsic.org\\\/en\\\/?s={search_term_string}\"},\"query-input\":{\"@type\":\"PropertyValueSpecification\",\"valueRequired\":true,\"valueName\":\"search_term_string\"}}],\"inLanguage\":\"en-US\"},{\"@type\":\"Organization\",\"@id\":\"https:\\\/\\\/www.sfsic.org\\\/en\\\/#organization\",\"name\":\"SFSIC\",\"url\":\"https:\\\/\\\/www.sfsic.org\\\/en\\\/\",\"logo\":{\"@type\":\"ImageObject\",\"inLanguage\":\"en-US\",\"@id\":\"https:\\\/\\\/www.sfsic.org\\\/en\\\/#\\\/schema\\\/logo\\\/image\\\/\",\"url\":\"https:\\\/\\\/www.sfsic.org\\\/wp-inside\\\/uploads\\\/2020\\\/05\\\/logo-sfsic.jpg\",\"contentUrl\":\"https:\\\/\\\/www.sfsic.org\\\/wp-inside\\\/uploads\\\/2020\\\/05\\\/logo-sfsic.jpg\",\"width\":1085,\"height\":1080,\"caption\":\"SFSIC\"},\"image\":{\"@id\":\"https:\\\/\\\/www.sfsic.org\\\/en\\\/#\\\/schema\\\/logo\\\/image\\\/\"}},{\"@type\":\"Person\",\"@id\":\"https:\\\/\\\/www.sfsic.org\\\/en\\\/#\\\/schema\\\/person\\\/b3a12f8a8be44d99b215543fad085d1a\",\"name\":\"Kougbl\u00e9nou Rodrigue Tokpodounsi\",\"image\":{\"@type\":\"ImageObject\",\"inLanguage\":\"en-US\",\"@id\":\"https:\\\/\\\/secure.gravatar.com\\\/avatar\\\/ee9445a447fb6eccbac8865387c7b0896bfa31bba2be621577f5c3c7b20068a3?s=96&d=mm&r=g\",\"url\":\"https:\\\/\\\/secure.gravatar.com\\\/avatar\\\/ee9445a447fb6eccbac8865387c7b0896bfa31bba2be621577f5c3c7b20068a3?s=96&d=mm&r=g\",\"contentUrl\":\"https:\\\/\\\/secure.gravatar.com\\\/avatar\\\/ee9445a447fb6eccbac8865387c7b0896bfa31bba2be621577f5c3c7b20068a3?s=96&d=mm&r=g\",\"caption\":\"Kougbl\u00e9nou Rodrigue Tokpodounsi\"}}]}<\/script>\n<!-- \/ Yoast SEO plugin. -->","yoast_head_json":{"title":"Fronti\u00e8res Num\u00e9riques 2023","description":"Appel \u00e0 communications pour la 5\u00e8me \u00e9dition du colloque \"Fronti\u00e8res Num\u00e9riques 2023\" qui se tiendra du 7 au 9 juin 2023 \u00e0 Hammamet en Tunisie. Initi\u00e9 sous la pr\u00e9sidence de Imad Saleh de l\u2019Universit\u00e9 Paris 8, ce colloque permettra de red\u00e9finir le sens des fronti\u00e8res num\u00e9riques.","robots":{"index":"index","follow":"follow","max-snippet":"max-snippet:-1","max-image-preview":"max-image-preview:large","max-video-preview":"max-video-preview:-1"},"canonical":"https:\/\/www.sfsic.org\/en\/aac-evenement\/frontieres-numeriques-2023\/","og_locale":"en_US","og_type":"article","og_title":"Fronti\u00e8res Num\u00e9riques 2023","og_description":"Appel \u00e0 communications pour la 5\u00e8me \u00e9dition du colloque \"Fronti\u00e8res Num\u00e9riques 2023\" qui se tiendra du 7 au 9 juin 2023 \u00e0 Hammamet en Tunisie. Initi\u00e9 sous la pr\u00e9sidence de Imad Saleh de l\u2019Universit\u00e9 Paris 8, ce colloque permettra de red\u00e9finir le sens des fronti\u00e8res num\u00e9riques.","og_url":"https:\/\/www.sfsic.org\/en\/aac-evenement\/frontieres-numeriques-2023\/","og_site_name":"SFSIC","article_published_time":"2022-12-30T21:16:20+00:00","article_modified_time":"2022-12-30T21:43:06+00:00","author":"Kougbl\u00e9nou Rodrigue Tokpodounsi","twitter_card":"summary_large_image","schema":{"@context":"https:\/\/schema.org","@graph":[{"@type":"Article","@id":"https:\/\/www.sfsic.org\/en\/aac-evenement\/frontieres-numeriques-2023\/#article","isPartOf":{"@id":"https:\/\/www.sfsic.org\/en\/aac-evenement\/frontieres-numeriques-2023\/"},"author":{"name":"Kougbl\u00e9nou Rodrigue Tokpodounsi","@id":"https:\/\/www.sfsic.org\/en\/#\/schema\/person\/b3a12f8a8be44d99b215543fad085d1a"},"headline":"Fronti\u00e8res Num\u00e9riques 2023","datePublished":"2022-12-30T21:16:20+00:00","dateModified":"2022-12-30T21:43:06+00:00","mainEntityOfPage":{"@id":"https:\/\/www.sfsic.org\/en\/aac-evenement\/frontieres-numeriques-2023\/"},"wordCount":2319,"publisher":{"@id":"https:\/\/www.sfsic.org\/en\/#organization"},"keywords":["Num\u00e9rique"],"articleSection":["AAC \u00c9v\u00e9nement","Colloque"],"inLanguage":"en-US"},{"@type":"WebPage","@id":"https:\/\/www.sfsic.org\/en\/aac-evenement\/frontieres-numeriques-2023\/","url":"https:\/\/www.sfsic.org\/en\/aac-evenement\/frontieres-numeriques-2023\/","name":"Fronti\u00e8res Num\u00e9riques 2023","isPartOf":{"@id":"https:\/\/www.sfsic.org\/en\/#website"},"datePublished":"2022-12-30T21:16:20+00:00","dateModified":"2022-12-30T21:43:06+00:00","description":"Appel \u00e0 communications pour la 5\u00e8me \u00e9dition du colloque \"Fronti\u00e8res Num\u00e9riques 2023\" qui se tiendra du 7 au 9 juin 2023 \u00e0 Hammamet en Tunisie. Initi\u00e9 sous la pr\u00e9sidence de Imad Saleh de l\u2019Universit\u00e9 Paris 8, ce colloque permettra de red\u00e9finir le sens des fronti\u00e8res num\u00e9riques.","breadcrumb":{"@id":"https:\/\/www.sfsic.org\/en\/aac-evenement\/frontieres-numeriques-2023\/#breadcrumb"},"inLanguage":"en-US","potentialAction":[{"@type":"ReadAction","target":["https:\/\/www.sfsic.org\/en\/aac-evenement\/frontieres-numeriques-2023\/"]}]},{"@type":"BreadcrumbList","@id":"https:\/\/www.sfsic.org\/en\/aac-evenement\/frontieres-numeriques-2023\/#breadcrumb","itemListElement":[{"@type":"ListItem","position":1,"name":"Accueil","item":"https:\/\/www.sfsic.org\/en\/"},{"@type":"ListItem","position":2,"name":"Calls for Contributions","item":"https:\/\/www.sfsic.org\/en\/cfc-event\/"},{"@type":"ListItem","position":3,"name":"Conference","item":"https:\/\/www.sfsic.org\/en\/cfc-event\/conference\/"},{"@type":"ListItem","position":4,"name":"Fronti\u00e8res Num\u00e9riques 2023"}]},{"@type":"WebSite","@id":"https:\/\/www.sfsic.org\/en\/#website","url":"https:\/\/www.sfsic.org\/en\/","name":"SFSIC","description":"Soci\u00e9t\u00e9 Fran\u00e7aise des Sciences de l&#039;Information &amp; de la Communication","publisher":{"@id":"https:\/\/www.sfsic.org\/en\/#organization"},"potentialAction":[{"@type":"SearchAction","target":{"@type":"EntryPoint","urlTemplate":"https:\/\/www.sfsic.org\/en\/?s={search_term_string}"},"query-input":{"@type":"PropertyValueSpecification","valueRequired":true,"valueName":"search_term_string"}}],"inLanguage":"en-US"},{"@type":"Organization","@id":"https:\/\/www.sfsic.org\/en\/#organization","name":"SFSIC","url":"https:\/\/www.sfsic.org\/en\/","logo":{"@type":"ImageObject","inLanguage":"en-US","@id":"https:\/\/www.sfsic.org\/en\/#\/schema\/logo\/image\/","url":"https:\/\/www.sfsic.org\/wp-inside\/uploads\/2020\/05\/logo-sfsic.jpg","contentUrl":"https:\/\/www.sfsic.org\/wp-inside\/uploads\/2020\/05\/logo-sfsic.jpg","width":1085,"height":1080,"caption":"SFSIC"},"image":{"@id":"https:\/\/www.sfsic.org\/en\/#\/schema\/logo\/image\/"}},{"@type":"Person","@id":"https:\/\/www.sfsic.org\/en\/#\/schema\/person\/b3a12f8a8be44d99b215543fad085d1a","name":"Kougbl\u00e9nou Rodrigue Tokpodounsi","image":{"@type":"ImageObject","inLanguage":"en-US","@id":"https:\/\/secure.gravatar.com\/avatar\/ee9445a447fb6eccbac8865387c7b0896bfa31bba2be621577f5c3c7b20068a3?s=96&d=mm&r=g","url":"https:\/\/secure.gravatar.com\/avatar\/ee9445a447fb6eccbac8865387c7b0896bfa31bba2be621577f5c3c7b20068a3?s=96&d=mm&r=g","contentUrl":"https:\/\/secure.gravatar.com\/avatar\/ee9445a447fb6eccbac8865387c7b0896bfa31bba2be621577f5c3c7b20068a3?s=96&d=mm&r=g","caption":"Kougbl\u00e9nou Rodrigue Tokpodounsi"}}]}},"_links":{"self":[{"href":"https:\/\/www.sfsic.org\/en\/wp-json\/wp\/v2\/posts\/27245","targetHints":{"allow":["GET"]}}],"collection":[{"href":"https:\/\/www.sfsic.org\/en\/wp-json\/wp\/v2\/posts"}],"about":[{"href":"https:\/\/www.sfsic.org\/en\/wp-json\/wp\/v2\/types\/post"}],"author":[{"embeddable":true,"href":"https:\/\/www.sfsic.org\/en\/wp-json\/wp\/v2\/users\/1389"}],"replies":[{"embeddable":true,"href":"https:\/\/www.sfsic.org\/en\/wp-json\/wp\/v2\/comments?post=27245"}],"version-history":[{"count":10,"href":"https:\/\/www.sfsic.org\/en\/wp-json\/wp\/v2\/posts\/27245\/revisions"}],"predecessor-version":[{"id":27295,"href":"https:\/\/www.sfsic.org\/en\/wp-json\/wp\/v2\/posts\/27245\/revisions\/27295"}],"wp:attachment":[{"href":"https:\/\/www.sfsic.org\/en\/wp-json\/wp\/v2\/media?parent=27245"}],"wp:term":[{"taxonomy":"category","embeddable":true,"href":"https:\/\/www.sfsic.org\/en\/wp-json\/wp\/v2\/categories?post=27245"},{"taxonomy":"post_tag","embeddable":true,"href":"https:\/\/www.sfsic.org\/en\/wp-json\/wp\/v2\/tags?post=27245"},{"taxonomy":"thematique","embeddable":true,"href":"https:\/\/www.sfsic.org\/en\/wp-json\/wp\/v2\/thematique?post=27245"},{"taxonomy":"sfsic","embeddable":true,"href":"https:\/\/www.sfsic.org\/en\/wp-json\/wp\/v2\/sfsic?post=27245"}],"curies":[{"name":"wp","href":"https:\/\/api.w.org\/{rel}","templated":true}]}}