{"id":26993,"date":"2022-12-16T11:06:28","date_gmt":"2022-12-16T10:06:28","guid":{"rendered":"https:\/\/www.sfsic.org\/?p=26993"},"modified":"2022-12-16T11:06:29","modified_gmt":"2022-12-16T10:06:29","slug":"la-concertation-citoyenne-en-environnement","status":"publish","type":"post","link":"https:\/\/www.sfsic.org\/en\/publication\/la-concertation-citoyenne-en-environnement\/","title":{"rendered":"La concertation citoyenne en environnement"},"content":{"rendered":"<p><!-- fxzn:singledetail --><\/p>\n<div class=\"zone zn-singledetail\" id=\"fxzn-singledetail-1\">\n<div class=\"zone-block zn-singledetail-block alignwide va-top\">\n<div class=\"row\">\n<div class=\"columns large-8 large-push-4\">\n<div class=\"zn-singledetail-metabox\">\n<div class=\"zn-singledetail-pubdate pubdate\">\n\t\t\t\t\t<span class=\"pubdate-txt\">Mis en ligne le<\/span><span class=\"doubledot\"><\/span> <time class=\"pubdate-time\" pubdate datetime=\"2022-12-15T23:54:17+01:00\">15 d\u00e9cembre 2022<\/time>\t\t\t\t<\/div>\n<p class=\"zn-singledetail-calenda-info\">\n\t\t\t\t\t\tInformations \u00e9dit\u00e9es \u00e0 partir d\u2019une annonce <a class=\"calenda-link prettylink\" href=\"couv_les-enjeux-de-linfocom-supplement-2022-a-allard-huver-stein.jpeg\" target=\"_blank\" rel=\"noopener\"><strong>Calenda<\/strong><\/a>.\t\t\t\t\t<\/p>\n<div class=\"zn-singledetail-thematiques with-sep-comma\">\n<ul class=\"termslist termslist-thematique\">\n<li class=\"termslist-item termslist-title\"><span class=\"termslist-titletxt\">Th\u00e9matiques<\/span><span class=\"doubledot\"><\/span><\/li>\n<li class=\"termslist-item tax-thematique term-communication-publique-et-politique\"><a class=\"termslist-itemlink\" href=\"https:\/\/www.sfsic.org\/thematiques\/communication-publique-et-politique\/\" title=\"Communication publique et politique\"><span class=\"termslist-itemname\">Communication publique et politique<\/span><\/a><\/li>\n<li class=\"termslist-item tax-thematique term-mediation-des-savoirs-education-et-formation\"><a class=\"termslist-itemlink\" href=\"https:\/\/www.sfsic.org\/thematiques\/mediation-des-savoirs-education-et-formation\/\" title=\"M\u00e9diation des savoirs, \u00e9ducation et formation\"><span class=\"termslist-itemname\">M\u00e9diation des savoirs, \u00e9ducation et formation<\/span><\/a><\/li>\n<\/ul><\/div>\n<\/p><\/div>\n<\/p><\/div>\n<\/p><\/div>\n<div class=\"row\">\n<div class=\"columns large-4\">\n<div class=\"zn-singledetail-sidebar bg-cornersquares\">\n<div class=\"zn-singledetail-infos\">\n<p class=\"zn-singledetail-type\">\n\t\t\t\t\t\t\t<span>Type de publication<\/span><span class=\"doubledot\"><\/span> <strong>Num\u00e9ro de revue<\/strong>\n\t\t\t\t\t<\/p>\n<p class=\"zn-singledetail-name\">\n\t\t\t\t\t\t\t<span>Nom de la publication<\/span><span class=\"doubledot\"><\/span> <strong>Les enjeux de l&#8217;information communication<\/strong>\n\t\t\t\t\t<\/p>\n<p class=\"zn-singledetail-edition\">\n\t\t\t\t\t\t\t<span>\u00c9dition<\/span><span class=\"doubledot\"><\/span> <strong>Gresec<\/strong>\n\t\t\t\t\t<\/p>\n<\/p><\/div>\n<div class=\"zn-singledetail-coordinators\">\n<h3 class=\"zn-singledetail-section-title\">Coordinateur(s) \/ Auteur(s)<\/h3>\n<ul class=\"zn-singledetail-coordinators-list\">\n<li class=\"zn-singledetail-coordinators-item\">\n\t\t\t\t\t\t\t<span>Fran\u00e7ois <\/span> <span>Allard-Huver<\/span>, <span>Centre de recherche sur les m\u00e9diations (Crem).<\/span>\t\t\t\t\t\t\t\t\t\t\t\t\t<\/li>\n<li class=\"zn-singledetail-coordinators-item\">\n\t\t\t\t\t\t\t<span>Marieke <\/span> <span>Stein<\/span>, <span>Centre de recherche sur les m\u00e9diations (Crem)<\/span>\t\t\t\t\t\t\t\t\t\t\t\t\t<\/li>\n<\/ul><\/div>\n<div class=\"zn-singledetail-weblinks\">\n<h3 class=\"zn-singledetail-section-title\">Sites internet de r\u00e9f\u00e9rence<\/h3>\n<ul class=\"zn-singledetail-weblinks-list\">\n<li>\n\t\t\t\t\t\t\t<a class=\"prettylink chainlink\" href=\"https:\/\/lesenjeux.univ-grenoble-alpes.fr\/2022\/articles-revue\/supplement-2022-a-la-concertation-citoyenne-en-environnement\" title=\"Site de la revue\" target=\"_blank\" rel=\"noopener\">Site de la revue<\/a>\n\t\t\t\t\t\t<\/li>\n<\/ul><\/div>\n<\/p><\/div>\n<\/p><\/div>\n<div class=\"columns large-8\">\n<div class=\"zn-singledetail-contentbox\">\n<div class=\"zn-singledetail-annonce wig-content\">\n<p>Le suppl\u00e9ment A 2022 des Enjeux de l&rsquo;Information et de la Communication est en ligne. Il est intitul\u00e9 \u00ab&#160;La Concertation citoyenne en environnement&#160;\u00bb sous la direction de Fran\u00e7ois Allard-Huver et Marieke Stein.<\/p>\n<p style=\"text-align: center;\"><a class=\"button outline with-arrow\" href=\"https:\/\/lesenjeux.univ-grenoble-alpes.fr\/2022\/articles-revue\/supplement-2022-a-la-concertation-citoyenne-en-environnement\" target=\"_blank\" rel=\"noopener\">Consulter ce num\u00e9ro<\/a><\/p>\n<p>&nbsp;<\/p>\n<p><img decoding=\"async\" loading=\"lazy\" class=\"size-medium wp-image-26994 aligncenter\" src=\"https:\/\/www.sfsic.org\/wp-inside\/uploads\/skp-membership\/demande_adh\/couv_les-enjeux-de-linfocom-supplement-2022-a-allard-huver-stein-212x300.jpeg\" alt=\"\" width=\"212\" height=\"300\" srcset=\"https:\/\/www.sfsic.org\/wp-inside\/uploads\/skp-membership\/demande_adh\/couv_les-enjeux-de-linfocom-supplement-2022-a-allard-huver-stein-212x300.jpeg 212w, https:\/\/www.sfsic.org\/wp-inside\/uploads\/skp-membership\/demande_adh\/couv_les-enjeux-de-linfocom-supplement-2022-a-allard-huver-stein-226x320.jpeg 226w, https:\/\/www.sfsic.org\/wp-inside\/uploads\/skp-membership\/demande_adh\/couv_les-enjeux-de-linfocom-supplement-2022-a-allard-huver-stein-200x283.jpeg 200w, https:\/\/www.sfsic.org\/wp-inside\/uploads\/skp-membership\/demande_adh\/couv_les-enjeux-de-linfocom-supplement-2022-a-allard-huver-stein.jpeg 452w\" sizes=\"auto, (max-width: 212px) 100vw, 212px\" \/><\/p>\n<h2>Sommaire<\/h2>\n<p>Fran\u00e7ois Allard-Huver et Marieke Stein<br \/>\nLa concertation citoyenne en environnement<\/p>\n<p>Caroline Patsias<br \/>\nJustice environnementale et ressentiment vert&#160;: l&rsquo;exemple d&rsquo;arrondissements montr\u00e9alais<\/p>\n<p>\u00c9ric Agbessi et Nicolas Duracka<br \/>\nLe budget participatif clermontois, exemple d&rsquo;un dispositif participatif qui devient le catalyseur des enjeux environnementaux<\/p>\n<p>Anne Carbonnel, Manon Desmartin et Alissia Gouju<br \/>\nLa participation citoyenne au paysage au croisement d&rsquo;initiatives institutionnelle et citoyenne&#160;: \u00e9tude des cas d&rsquo;un Plan de paysage et d&rsquo;un Collectif for\u00eat<\/p>\n<p>Mika\u00ebl Chambru<br \/>\nD\u00e9battre de l&rsquo;\u00e9nergie \u00e9lectronucl\u00e9aire&#160;? Conflictualit\u00e9s, participation et activisme d\u00e9lib\u00e9ratif des mouvements sociaux<\/p>\n<p>Yeny Serrano et Jean Zoungrana<br \/>\nLa neutralit\u00e9 des journalises \u00e0 l&rsquo;\u00e9preuve de la place des citoyens dans les dispositifs de consultation&#160;: la g\u00e9othermie profonde en Alsace<\/p>\n<p>Sara Germain<br \/>\nUn enjeu de la participation citoyenne au Qu\u00e9bec face aux projets miniers en r\u00e9gion \u00e9loign\u00e9e<\/p>\n<\/p><\/div>\n<div class=\"zn-singledetail-keywords\">\n<h3 class=\"zn-singledetail-section-title\">Mots-cl\u00e9s<\/h3>\n<ul class=\"termslist termslist-post_tag\">\n<li class=\"termslist-item termslist-title\"><span class=\"termslist-titletxt\">Mots-cl\u00e9s<\/span><span class=\"doubledot\"><\/span><\/li>\n<li class=\"termslist-item tax-post_tag term-engagement\"><a class=\"termslist-itemlink\" href=\"https:\/\/www.sfsic.org\/tag\/engagement\/\" title=\"Engagement\"><span class=\"termslist-itemname\">Engagement<\/span><\/a><\/li>\n<li class=\"termslist-item tax-post_tag term-environnement\"><a class=\"termslist-itemlink\" href=\"https:\/\/www.sfsic.org\/tag\/environnement\/\" title=\"Environnement\"><span class=\"termslist-itemname\">Environnement<\/span><\/a><\/li>\n<li class=\"termslist-item tax-post_tag term-participation\"><a class=\"termslist-itemlink\" href=\"https:\/\/www.sfsic.org\/tag\/participation\/\" title=\"Participation\"><span class=\"termslist-itemname\">Participation<\/span><\/a><\/li>\n<\/ul><\/div>\n<\/p><\/div>\n<\/p><\/div>\n<\/p><\/div>\n<\/p><\/div>\n<\/div>\n<p><!-- \/fxzn:singledetail --><\/p>\n","protected":false},"excerpt":{"rendered":"<p>Mis en ligne le 15 d\u00e9cembre 2022 Informations \u00e9dit\u00e9es \u00e0 partir d\u2019une annonce Calenda. Th\u00e9matiques Communication publique et politique M\u00e9diation des savoirs, \u00e9ducation et formation Type de publication Num\u00e9ro de [&hellip;]<\/p>\n","protected":false},"author":1389,"featured_media":0,"comment_status":"closed","ping_status":"closed","sticky":false,"template":"","format":"standard","meta":{"_acf_changed":false,"footnotes":""},"categories":[70,31],"tags":[182,434,91],"thematique":[36,43],"sfsic":[],"class_list":["post-26993","post","type-post","status-publish","format-standard","hentry","category-numero-revue","category-publication","tag-engagement","tag-environnement","tag-participation","thematique-communication-publique-et-politique","thematique-mediation-des-savoirs-education-et-formation","wp-sticky"],"acf":[],"yoast_head":"<!-- This site is optimized with the Yoast SEO plugin v27.4 - https:\/\/yoast.com\/product\/yoast-seo-wordpress\/ -->\n<title>La concertation citoyenne en environnement<\/title>\n<meta name=\"description\" content=\"Le suppl\u00e9ment A 2022 des Enjeux de l&#039;Information et de la Communication est en ligne. Il est intitul\u00e9 \u00ab La Concertation citoyenne en environnement \u00bb sous la direction de Fran\u00e7ois Allard-Huver et Marieke Stein.\" \/>\n<meta name=\"robots\" content=\"index, follow, max-snippet:-1, max-image-preview:large, max-video-preview:-1\" \/>\n<link rel=\"canonical\" href=\"https:\/\/www.sfsic.org\/en\/publication\/la-concertation-citoyenne-en-environnement\/\" \/>\n<meta property=\"og:locale\" content=\"en_US\" \/>\n<meta property=\"og:type\" content=\"article\" \/>\n<meta property=\"og:title\" content=\"La concertation citoyenne en environnement\" \/>\n<meta property=\"og:description\" content=\"Le suppl\u00e9ment A 2022 des Enjeux de l&#039;Information et de la Communication est en ligne. Il est intitul\u00e9 \u00ab La Concertation citoyenne en environnement \u00bb sous la direction de Fran\u00e7ois Allard-Huver et Marieke Stein.\" \/>\n<meta property=\"og:url\" content=\"https:\/\/www.sfsic.org\/en\/publication\/la-concertation-citoyenne-en-environnement\/\" \/>\n<meta property=\"og:site_name\" content=\"SFSIC\" \/>\n<meta property=\"article:published_time\" content=\"2022-12-16T10:06:28+00:00\" \/>\n<meta property=\"article:modified_time\" content=\"2022-12-16T10:06:29+00:00\" \/>\n<meta property=\"og:image\" content=\"https:\/\/www.sfsic.org\/wp-inside\/uploads\/skp-membership\/demande_adh\/couv_les-enjeux-de-linfocom-supplement-2022-a-allard-huver-stein-212x300.jpeg\" \/>\n<meta name=\"author\" content=\"Kougbl\u00e9nou Rodrigue Tokpodounsi\" \/>\n<meta name=\"twitter:card\" content=\"summary_large_image\" \/>\n<script type=\"application\/ld+json\" class=\"yoast-schema-graph\">{\"@context\":\"https:\\\/\\\/schema.org\",\"@graph\":[{\"@type\":\"Article\",\"@id\":\"https:\\\/\\\/www.sfsic.org\\\/en\\\/publication\\\/la-concertation-citoyenne-en-environnement\\\/#article\",\"isPartOf\":{\"@id\":\"https:\\\/\\\/www.sfsic.org\\\/en\\\/publication\\\/la-concertation-citoyenne-en-environnement\\\/\"},\"author\":{\"name\":\"Kougbl\u00e9nou Rodrigue Tokpodounsi\",\"@id\":\"https:\\\/\\\/www.sfsic.org\\\/en\\\/#\\\/schema\\\/person\\\/b3a12f8a8be44d99b215543fad085d1a\"},\"headline\":\"La concertation citoyenne en environnement\",\"datePublished\":\"2022-12-16T10:06:28+00:00\",\"dateModified\":\"2022-12-16T10:06:29+00:00\",\"mainEntityOfPage\":{\"@id\":\"https:\\\/\\\/www.sfsic.org\\\/en\\\/publication\\\/la-concertation-citoyenne-en-environnement\\\/\"},\"wordCount\":287,\"publisher\":{\"@id\":\"https:\\\/\\\/www.sfsic.org\\\/en\\\/#organization\"},\"image\":{\"@id\":\"https:\\\/\\\/www.sfsic.org\\\/en\\\/publication\\\/la-concertation-citoyenne-en-environnement\\\/#primaryimage\"},\"thumbnailUrl\":\"https:\\\/\\\/www.sfsic.org\\\/wp-inside\\\/uploads\\\/skp-membership\\\/demande_adh\\\/couv_les-enjeux-de-linfocom-supplement-2022-a-allard-huver-stein-212x300.jpeg\",\"keywords\":[\"Engagement\",\"Environnement\",\"Participation\"],\"articleSection\":[\"Num\u00e9ro de revue\",\"Publications\"],\"inLanguage\":\"en-US\"},{\"@type\":\"WebPage\",\"@id\":\"https:\\\/\\\/www.sfsic.org\\\/en\\\/publication\\\/la-concertation-citoyenne-en-environnement\\\/\",\"url\":\"https:\\\/\\\/www.sfsic.org\\\/en\\\/publication\\\/la-concertation-citoyenne-en-environnement\\\/\",\"name\":\"La concertation citoyenne en environnement\",\"isPartOf\":{\"@id\":\"https:\\\/\\\/www.sfsic.org\\\/en\\\/#website\"},\"primaryImageOfPage\":{\"@id\":\"https:\\\/\\\/www.sfsic.org\\\/en\\\/publication\\\/la-concertation-citoyenne-en-environnement\\\/#primaryimage\"},\"image\":{\"@id\":\"https:\\\/\\\/www.sfsic.org\\\/en\\\/publication\\\/la-concertation-citoyenne-en-environnement\\\/#primaryimage\"},\"thumbnailUrl\":\"https:\\\/\\\/www.sfsic.org\\\/wp-inside\\\/uploads\\\/skp-membership\\\/demande_adh\\\/couv_les-enjeux-de-linfocom-supplement-2022-a-allard-huver-stein-212x300.jpeg\",\"datePublished\":\"2022-12-16T10:06:28+00:00\",\"dateModified\":\"2022-12-16T10:06:29+00:00\",\"description\":\"Le suppl\u00e9ment A 2022 des Enjeux de l'Information et de la Communication est en ligne. Il est intitul\u00e9 \u00ab La Concertation citoyenne en environnement \u00bb sous la direction de Fran\u00e7ois Allard-Huver et Marieke Stein.\",\"breadcrumb\":{\"@id\":\"https:\\\/\\\/www.sfsic.org\\\/en\\\/publication\\\/la-concertation-citoyenne-en-environnement\\\/#breadcrumb\"},\"inLanguage\":\"en-US\",\"potentialAction\":[{\"@type\":\"ReadAction\",\"target\":[\"https:\\\/\\\/www.sfsic.org\\\/en\\\/publication\\\/la-concertation-citoyenne-en-environnement\\\/\"]}]},{\"@type\":\"ImageObject\",\"inLanguage\":\"en-US\",\"@id\":\"https:\\\/\\\/www.sfsic.org\\\/en\\\/publication\\\/la-concertation-citoyenne-en-environnement\\\/#primaryimage\",\"url\":\"https:\\\/\\\/www.sfsic.org\\\/wp-inside\\\/uploads\\\/skp-membership\\\/demande_adh\\\/couv_les-enjeux-de-linfocom-supplement-2022-a-allard-huver-stein-212x300.jpeg\",\"contentUrl\":\"https:\\\/\\\/www.sfsic.org\\\/wp-inside\\\/uploads\\\/skp-membership\\\/demande_adh\\\/couv_les-enjeux-de-linfocom-supplement-2022-a-allard-huver-stein-212x300.jpeg\"},{\"@type\":\"BreadcrumbList\",\"@id\":\"https:\\\/\\\/www.sfsic.org\\\/en\\\/publication\\\/la-concertation-citoyenne-en-environnement\\\/#breadcrumb\",\"itemListElement\":[{\"@type\":\"ListItem\",\"position\":1,\"name\":\"Accueil\",\"item\":\"https:\\\/\\\/www.sfsic.org\\\/en\\\/\"},{\"@type\":\"ListItem\",\"position\":2,\"name\":\"Publications\",\"item\":\"https:\\\/\\\/www.sfsic.org\\\/en\\\/publication-en\\\/\"},{\"@type\":\"ListItem\",\"position\":3,\"name\":\"Journal issue\",\"item\":\"https:\\\/\\\/www.sfsic.org\\\/en\\\/publication-en\\\/journal-issue\\\/\"},{\"@type\":\"ListItem\",\"position\":4,\"name\":\"La concertation citoyenne en environnement\"}]},{\"@type\":\"WebSite\",\"@id\":\"https:\\\/\\\/www.sfsic.org\\\/en\\\/#website\",\"url\":\"https:\\\/\\\/www.sfsic.org\\\/en\\\/\",\"name\":\"SFSIC\",\"description\":\"Soci\u00e9t\u00e9 Fran\u00e7aise des Sciences de l&#039;Information &amp; de la Communication\",\"publisher\":{\"@id\":\"https:\\\/\\\/www.sfsic.org\\\/en\\\/#organization\"},\"potentialAction\":[{\"@type\":\"SearchAction\",\"target\":{\"@type\":\"EntryPoint\",\"urlTemplate\":\"https:\\\/\\\/www.sfsic.org\\\/en\\\/?s={search_term_string}\"},\"query-input\":{\"@type\":\"PropertyValueSpecification\",\"valueRequired\":true,\"valueName\":\"search_term_string\"}}],\"inLanguage\":\"en-US\"},{\"@type\":\"Organization\",\"@id\":\"https:\\\/\\\/www.sfsic.org\\\/en\\\/#organization\",\"name\":\"SFSIC\",\"url\":\"https:\\\/\\\/www.sfsic.org\\\/en\\\/\",\"logo\":{\"@type\":\"ImageObject\",\"inLanguage\":\"en-US\",\"@id\":\"https:\\\/\\\/www.sfsic.org\\\/en\\\/#\\\/schema\\\/logo\\\/image\\\/\",\"url\":\"https:\\\/\\\/www.sfsic.org\\\/wp-inside\\\/uploads\\\/2020\\\/05\\\/logo-sfsic.jpg\",\"contentUrl\":\"https:\\\/\\\/www.sfsic.org\\\/wp-inside\\\/uploads\\\/2020\\\/05\\\/logo-sfsic.jpg\",\"width\":1085,\"height\":1080,\"caption\":\"SFSIC\"},\"image\":{\"@id\":\"https:\\\/\\\/www.sfsic.org\\\/en\\\/#\\\/schema\\\/logo\\\/image\\\/\"}},{\"@type\":\"Person\",\"@id\":\"https:\\\/\\\/www.sfsic.org\\\/en\\\/#\\\/schema\\\/person\\\/b3a12f8a8be44d99b215543fad085d1a\",\"name\":\"Kougbl\u00e9nou Rodrigue Tokpodounsi\",\"image\":{\"@type\":\"ImageObject\",\"inLanguage\":\"en-US\",\"@id\":\"https:\\\/\\\/secure.gravatar.com\\\/avatar\\\/ee9445a447fb6eccbac8865387c7b0896bfa31bba2be621577f5c3c7b20068a3?s=96&d=mm&r=g\",\"url\":\"https:\\\/\\\/secure.gravatar.com\\\/avatar\\\/ee9445a447fb6eccbac8865387c7b0896bfa31bba2be621577f5c3c7b20068a3?s=96&d=mm&r=g\",\"contentUrl\":\"https:\\\/\\\/secure.gravatar.com\\\/avatar\\\/ee9445a447fb6eccbac8865387c7b0896bfa31bba2be621577f5c3c7b20068a3?s=96&d=mm&r=g\",\"caption\":\"Kougbl\u00e9nou Rodrigue Tokpodounsi\"}}]}<\/script>\n<!-- \/ Yoast SEO plugin. -->","yoast_head_json":{"title":"La concertation citoyenne en environnement","description":"Le suppl\u00e9ment A 2022 des Enjeux de l'Information et de la Communication est en ligne. Il est intitul\u00e9 \u00ab La Concertation citoyenne en environnement \u00bb sous la direction de Fran\u00e7ois Allard-Huver et Marieke Stein.","robots":{"index":"index","follow":"follow","max-snippet":"max-snippet:-1","max-image-preview":"max-image-preview:large","max-video-preview":"max-video-preview:-1"},"canonical":"https:\/\/www.sfsic.org\/en\/publication\/la-concertation-citoyenne-en-environnement\/","og_locale":"en_US","og_type":"article","og_title":"La concertation citoyenne en environnement","og_description":"Le suppl\u00e9ment A 2022 des Enjeux de l'Information et de la Communication est en ligne. Il est intitul\u00e9 \u00ab La Concertation citoyenne en environnement \u00bb sous la direction de Fran\u00e7ois Allard-Huver et Marieke Stein.","og_url":"https:\/\/www.sfsic.org\/en\/publication\/la-concertation-citoyenne-en-environnement\/","og_site_name":"SFSIC","article_published_time":"2022-12-16T10:06:28+00:00","article_modified_time":"2022-12-16T10:06:29+00:00","og_image":[{"url":"https:\/\/www.sfsic.org\/wp-inside\/uploads\/skp-membership\/demande_adh\/couv_les-enjeux-de-linfocom-supplement-2022-a-allard-huver-stein-212x300.jpeg","type":"","width":"","height":""}],"author":"Kougbl\u00e9nou Rodrigue Tokpodounsi","twitter_card":"summary_large_image","schema":{"@context":"https:\/\/schema.org","@graph":[{"@type":"Article","@id":"https:\/\/www.sfsic.org\/en\/publication\/la-concertation-citoyenne-en-environnement\/#article","isPartOf":{"@id":"https:\/\/www.sfsic.org\/en\/publication\/la-concertation-citoyenne-en-environnement\/"},"author":{"name":"Kougbl\u00e9nou Rodrigue Tokpodounsi","@id":"https:\/\/www.sfsic.org\/en\/#\/schema\/person\/b3a12f8a8be44d99b215543fad085d1a"},"headline":"La concertation citoyenne en environnement","datePublished":"2022-12-16T10:06:28+00:00","dateModified":"2022-12-16T10:06:29+00:00","mainEntityOfPage":{"@id":"https:\/\/www.sfsic.org\/en\/publication\/la-concertation-citoyenne-en-environnement\/"},"wordCount":287,"publisher":{"@id":"https:\/\/www.sfsic.org\/en\/#organization"},"image":{"@id":"https:\/\/www.sfsic.org\/en\/publication\/la-concertation-citoyenne-en-environnement\/#primaryimage"},"thumbnailUrl":"https:\/\/www.sfsic.org\/wp-inside\/uploads\/skp-membership\/demande_adh\/couv_les-enjeux-de-linfocom-supplement-2022-a-allard-huver-stein-212x300.jpeg","keywords":["Engagement","Environnement","Participation"],"articleSection":["Num\u00e9ro de revue","Publications"],"inLanguage":"en-US"},{"@type":"WebPage","@id":"https:\/\/www.sfsic.org\/en\/publication\/la-concertation-citoyenne-en-environnement\/","url":"https:\/\/www.sfsic.org\/en\/publication\/la-concertation-citoyenne-en-environnement\/","name":"La concertation citoyenne en environnement","isPartOf":{"@id":"https:\/\/www.sfsic.org\/en\/#website"},"primaryImageOfPage":{"@id":"https:\/\/www.sfsic.org\/en\/publication\/la-concertation-citoyenne-en-environnement\/#primaryimage"},"image":{"@id":"https:\/\/www.sfsic.org\/en\/publication\/la-concertation-citoyenne-en-environnement\/#primaryimage"},"thumbnailUrl":"https:\/\/www.sfsic.org\/wp-inside\/uploads\/skp-membership\/demande_adh\/couv_les-enjeux-de-linfocom-supplement-2022-a-allard-huver-stein-212x300.jpeg","datePublished":"2022-12-16T10:06:28+00:00","dateModified":"2022-12-16T10:06:29+00:00","description":"Le suppl\u00e9ment A 2022 des Enjeux de l'Information et de la Communication est en ligne. Il est intitul\u00e9 \u00ab La Concertation citoyenne en environnement \u00bb sous la direction de Fran\u00e7ois Allard-Huver et Marieke Stein.","breadcrumb":{"@id":"https:\/\/www.sfsic.org\/en\/publication\/la-concertation-citoyenne-en-environnement\/#breadcrumb"},"inLanguage":"en-US","potentialAction":[{"@type":"ReadAction","target":["https:\/\/www.sfsic.org\/en\/publication\/la-concertation-citoyenne-en-environnement\/"]}]},{"@type":"ImageObject","inLanguage":"en-US","@id":"https:\/\/www.sfsic.org\/en\/publication\/la-concertation-citoyenne-en-environnement\/#primaryimage","url":"https:\/\/www.sfsic.org\/wp-inside\/uploads\/skp-membership\/demande_adh\/couv_les-enjeux-de-linfocom-supplement-2022-a-allard-huver-stein-212x300.jpeg","contentUrl":"https:\/\/www.sfsic.org\/wp-inside\/uploads\/skp-membership\/demande_adh\/couv_les-enjeux-de-linfocom-supplement-2022-a-allard-huver-stein-212x300.jpeg"},{"@type":"BreadcrumbList","@id":"https:\/\/www.sfsic.org\/en\/publication\/la-concertation-citoyenne-en-environnement\/#breadcrumb","itemListElement":[{"@type":"ListItem","position":1,"name":"Accueil","item":"https:\/\/www.sfsic.org\/en\/"},{"@type":"ListItem","position":2,"name":"Publications","item":"https:\/\/www.sfsic.org\/en\/publication-en\/"},{"@type":"ListItem","position":3,"name":"Journal issue","item":"https:\/\/www.sfsic.org\/en\/publication-en\/journal-issue\/"},{"@type":"ListItem","position":4,"name":"La concertation citoyenne en environnement"}]},{"@type":"WebSite","@id":"https:\/\/www.sfsic.org\/en\/#website","url":"https:\/\/www.sfsic.org\/en\/","name":"SFSIC","description":"Soci\u00e9t\u00e9 Fran\u00e7aise des Sciences de l&#039;Information &amp; de la Communication","publisher":{"@id":"https:\/\/www.sfsic.org\/en\/#organization"},"potentialAction":[{"@type":"SearchAction","target":{"@type":"EntryPoint","urlTemplate":"https:\/\/www.sfsic.org\/en\/?s={search_term_string}"},"query-input":{"@type":"PropertyValueSpecification","valueRequired":true,"valueName":"search_term_string"}}],"inLanguage":"en-US"},{"@type":"Organization","@id":"https:\/\/www.sfsic.org\/en\/#organization","name":"SFSIC","url":"https:\/\/www.sfsic.org\/en\/","logo":{"@type":"ImageObject","inLanguage":"en-US","@id":"https:\/\/www.sfsic.org\/en\/#\/schema\/logo\/image\/","url":"https:\/\/www.sfsic.org\/wp-inside\/uploads\/2020\/05\/logo-sfsic.jpg","contentUrl":"https:\/\/www.sfsic.org\/wp-inside\/uploads\/2020\/05\/logo-sfsic.jpg","width":1085,"height":1080,"caption":"SFSIC"},"image":{"@id":"https:\/\/www.sfsic.org\/en\/#\/schema\/logo\/image\/"}},{"@type":"Person","@id":"https:\/\/www.sfsic.org\/en\/#\/schema\/person\/b3a12f8a8be44d99b215543fad085d1a","name":"Kougbl\u00e9nou Rodrigue Tokpodounsi","image":{"@type":"ImageObject","inLanguage":"en-US","@id":"https:\/\/secure.gravatar.com\/avatar\/ee9445a447fb6eccbac8865387c7b0896bfa31bba2be621577f5c3c7b20068a3?s=96&d=mm&r=g","url":"https:\/\/secure.gravatar.com\/avatar\/ee9445a447fb6eccbac8865387c7b0896bfa31bba2be621577f5c3c7b20068a3?s=96&d=mm&r=g","contentUrl":"https:\/\/secure.gravatar.com\/avatar\/ee9445a447fb6eccbac8865387c7b0896bfa31bba2be621577f5c3c7b20068a3?s=96&d=mm&r=g","caption":"Kougbl\u00e9nou Rodrigue Tokpodounsi"}}]}},"_links":{"self":[{"href":"https:\/\/www.sfsic.org\/en\/wp-json\/wp\/v2\/posts\/26993","targetHints":{"allow":["GET"]}}],"collection":[{"href":"https:\/\/www.sfsic.org\/en\/wp-json\/wp\/v2\/posts"}],"about":[{"href":"https:\/\/www.sfsic.org\/en\/wp-json\/wp\/v2\/types\/post"}],"author":[{"embeddable":true,"href":"https:\/\/www.sfsic.org\/en\/wp-json\/wp\/v2\/users\/1389"}],"replies":[{"embeddable":true,"href":"https:\/\/www.sfsic.org\/en\/wp-json\/wp\/v2\/comments?post=26993"}],"version-history":[{"count":4,"href":"https:\/\/www.sfsic.org\/en\/wp-json\/wp\/v2\/posts\/26993\/revisions"}],"predecessor-version":[{"id":26999,"href":"https:\/\/www.sfsic.org\/en\/wp-json\/wp\/v2\/posts\/26993\/revisions\/26999"}],"wp:attachment":[{"href":"https:\/\/www.sfsic.org\/en\/wp-json\/wp\/v2\/media?parent=26993"}],"wp:term":[{"taxonomy":"category","embeddable":true,"href":"https:\/\/www.sfsic.org\/en\/wp-json\/wp\/v2\/categories?post=26993"},{"taxonomy":"post_tag","embeddable":true,"href":"https:\/\/www.sfsic.org\/en\/wp-json\/wp\/v2\/tags?post=26993"},{"taxonomy":"thematique","embeddable":true,"href":"https:\/\/www.sfsic.org\/en\/wp-json\/wp\/v2\/thematique?post=26993"},{"taxonomy":"sfsic","embeddable":true,"href":"https:\/\/www.sfsic.org\/en\/wp-json\/wp\/v2\/sfsic?post=26993"}],"curies":[{"name":"wp","href":"https:\/\/api.w.org\/{rel}","templated":true}]}}