{"id":26836,"date":"2022-12-05T12:09:44","date_gmt":"2022-12-05T11:09:44","guid":{"rendered":"https:\/\/www.sfsic.org\/?p=26836"},"modified":"2022-12-03T18:10:26","modified_gmt":"2022-12-03T17:10:26","slug":"a-perpetuelle-demeure","status":"publish","type":"post","link":"https:\/\/www.sfsic.org\/en\/aac-evenement\/a-perpetuelle-demeure\/","title":{"rendered":"\u00c0 perp\u00e9tuelle demeure"},"content":{"rendered":"<p><!-- fxzn:singledetail --><\/p>\n<div class=\"zone zn-singledetail\" id=\"fxzn-singledetail-1\">\n<div class=\"zone-block zn-singledetail-block alignwide va-top\">\n<div class=\"row\">\n<div class=\"columns large-8 large-push-4\">\n<div class=\"zn-singledetail-metabox\">\n<div class=\"zn-singledetail-pubdate pubdate\">\n\t\t\t\t\t<span class=\"pubdate-txt\">Mis en ligne le<\/span><span class=\"doubledot\"><\/span> 3 d\u00e9cembre 2022\t\t\t\t<\/div>\n<p class=\"zn-singledetail-calenda-info\">\n\t\t\t\t\t\tInformations \u00e9dit\u00e9es \u00e0 partir d\u2019une annonce <a class=\"calenda-link prettylink\" href=\"https:\/\/calenda.org\/1034322\" target=\"_blank\" rel=\"noopener\"><strong>Calenda<\/strong><\/a>.\t\t\t\t\t<\/p>\n<div class=\"zn-singledetail-thematiques with-sep-comma\">\n<ul class=\"termslist termslist-thematique\">\n<li class=\"termslist-item termslist-title\"><span class=\"termslist-titletxt\">Th\u00e9matiques<\/span><span class=\"doubledot\"><\/span><\/li>\n<li class=\"termslist-item tax-thematique term-design\"><a class=\"termslist-itemlink\" href=\"https:\/\/www.sfsic.org\/en\/thematiques\/design-en\/\" title=\"Design\"><span class=\"termslist-itemname\">Design<\/span><\/a><\/li>\n<li class=\"termslist-item tax-thematique term-mediations-memorielles-culturelles-et-patrimoniales\"><a class=\"termslist-itemlink\" href=\"https:\/\/www.sfsic.org\/en\/thematiques\/memorial-cultural-and-heritage-mediation\/\" title=\"M\u00e9diations m\u00e9morielles, culturelles et patrimoniales\"><span class=\"termslist-itemname\">M\u00e9diations m\u00e9morielles, culturelles et patrimoniales<\/span><\/a><\/li>\n<\/ul><\/div>\n<\/p><\/div>\n<\/p><\/div>\n<\/p><\/div>\n<div class=\"row\">\n<div class=\"columns large-4\">\n<div class=\"zn-singledetail-sidebar bg-cornersquares\">\n<div class=\"zn-singledetail-infos\">\n<p class=\"zn-singledetail-reponse-date\">\n\t\t\t\t\t\t<span>R\u00e9ponse attendue pour le<\/span><span class=\"doubledot\"><\/span> <strong>15\/01\/2023<\/strong>\n\t\t\t\t\t<\/p>\n<p class=\"zn-singledetail-reponse-type\">\n\t\t\t\t\t<span>Type de r\u00e9ponse<\/span><span class=\"doubledot\"><\/span> <strong>R\u00e9sum\u00e9<\/strong>\n\t\t\t\t\t<\/p>\n<p class=\"zn-singledetail-type\">\n\t\t\t\t\t\t\t<span>Type d\u2019\u00e9v\u00e9nement<\/span><span class=\"doubledot\"><\/span> <strong>Journ\u00e9e d\u2019\u00e9tude<\/strong>\n\t\t\t\t\t<\/p>\n<\/p><\/div>\n<div class=\"zn-singledetail-contacts\">\n<h3 class=\"zn-singledetail-section-title\">Contacts<\/h3>\n<ul class=\"zn-singledetail-contacts-list\">\n<li class=\"zn-singledetail-contact\">\n\t\t\t\t\t\t\t<span class=\"zn-singledetail-contact-name\">Agn\u00e8s Barruol <\/span><span class=\"doubledot\"><\/span><br \/>\n\t\t\t\t\t\t\t\t\t\t\t\t\t\t<a class=\"zn-singledetail-contact-mail prettylink\" href=\"mailto:agnes.barruol@departement13.fr\">agnes.barruol@departement13.fr<\/a>\n\t\t\t\t\t\t\t\t\t\t\t\t\t<\/li>\n<\/ul><\/div>\n<\/p><\/div>\n<\/p><\/div>\n<div class=\"columns large-8\">\n<div class=\"zn-singledetail-contentbox\">\n<div class=\"zn-singledetail-eventinfo\">\n<div class=\"zn-singledetail-eventinfo-inner\">\n<div class=\"zn-singledetail-eventdates\">\n\t\t\t\t\t\t<span class=\"zn-singledetail-label\">Dates de l\u2019\u00e9v\u00e9nement<span class=\"doubledot\"><\/span><\/span><\/p>\n<ul class=\"zn-singledetail-eventdates-list\">\n<li class=\"zn-singledetail-eventdates-item\">\n\t\t\t\t\t\t\t\tDu 28\/09\/2023 au 30\/09\/2023\t\t\t\t\t\t\t<\/li>\n<\/ul><\/div>\n<p class=\"zn-singledetail-eventplace\">\n\t\t\t\t\t\t<span class=\"zn-singledetail-label\">Lieu de l\u2019\u00e9v\u00e9nement<span class=\"doubledot\"><\/span><\/span><br \/>\n\t\t\t\t\t\t<span class=\"zn-singledetail-eventplace-adr\"><\/p>\n<p>\t\t\t\t\t\t\t\t\t\t\t\t<span class=\"adr-place\">Mus\u00e9e d\u00e9partemental de l&#8217;Arles Antique<\/span>,<\/p>\n<p>\t\t\t\t\t\t<span class=\"adr-street\">Presque-Ile du cirque-romain  <\/span>, <span class=\"adr-city\">Arles<\/span>\t\t\t\t\t\t<span class=\"adr-cp\">13<\/span>, <span class=\"adr-country\">France<\/span><br \/>\n\t\t\t\t\t\t<\/span>\t\t\t\t\t<\/p>\n<\/p><\/div>\n<\/p><\/div>\n<div class=\"zn-singledetail-annonce wig-content\">\n<div id=\"annonce-1034322-fr\" class=\"tabContent\" lang=\"fr\" xml:lang=\"fr\">\n<h2>Pr\u00e9sentation<\/h2>\n<p>Ces journ\u00e9es organis\u00e9es par l\u2019association des conservateurs des antiquit\u00e9s et objets d\u2019art France auront pour th\u00e8me les \u00ab&#160;maisons pleines&#160;\u00bb, des lieux de vie et de travail qui ont gard\u00e9s leur d\u00e9cor, leur mobilier et leur objets usuels que ce soit des habitations, des maisons d\u2019artistes ou des lieux de production. Ces lieux qui portent la marque de leur cr\u00e9ateur sont autant d&rsquo;invitation \u00e0 la d\u00e9couverte d\u2019univers singuliers con\u00e7us avec leurs propres codes. Ces \u0153uvres \u00ab&#160;totales et immersives&#160;\u00bb posent de nombreuses questions aux conservateurs qui ont en charge leur connaissance, leur protection et leur valorisation.<\/p>\n<h2>Dates et lieu<\/h2>\n<p>Arles les 28, 29 et 30 septembre 2023.<\/p>\n<h2>Modalit\u00e9s de contribution<\/h2>\n<ul>\n<li>Les propositions de contribution doivent \u00eatre envoy\u00e9es avant le 15 janvier 2023 \u00e0 <strong>agnes.barruol@departement13.fr <\/strong>sous forme d&rsquo;un r\u00e9sum\u00e9 de 5 \u00e0 10 lignes pr\u00e9sentant le contenu avec un titre.<\/li>\n<li>Les actes de ces journ\u00e9es seront publi\u00e9es dans la collection \u00ab&#160;Regard sur..&#160;\u00bb \u00e9dit\u00e9s par Actes Sud.<\/li>\n<\/ul>\n<h2>Comit\u00e9 de s\u00e9lection<\/h2>\n<ul>\n<li>Catherine Saint-Martin CAOA 09, chef de la conservation du patrimoine de l&rsquo;Ari\u00e8ge,<\/li>\n<li>Emmanuel Moureau, docteur en histoire de l&rsquo;art, CAOA 82<\/li>\n<li>C\u00e9cile Garguelle, CDAOA 78, Responsable du P\u00f4le Sauvegarde et transmission des Patrimoines, Brunon Fran\u00e7ois, CDAOA 21, responsable des collections des Hospices de Beaune,<\/li>\n<li>Isabelle Darnas, CAOA 48, DGA culture \u00e9ducation, patrimoine<\/li>\n<li>Aude Maisonneuve, CAOA 23, chef du service patrimoine<\/li>\n<li>Agn\u00e8s Barruol, CAOA du 13, charg\u00e9 de mission patrimoine pour le d\u00e9partement des Bouches du Rh\u00f4ne.<\/li>\n<\/ul>\n<\/div><\/div>\n<div class=\"zn-singledetail-attachedfiles\">\n<h3 class=\"zn-singledetail-section-title\">Fichier(s) attach\u00e9(s)<\/h3>\n<ul class=\"zn-singledetail-attachedfiles-list\">\n<li class=\"zn-singledetail-attachedfiles-item\">\n\t\t\t\t\t\t\t<a class=\"zn-singledetail-attachedfiles-link button outline for-download\" href=\"https:\/\/www.sfsic.org\/wp-inside\/uploads\/skp-membership\/demande_adh\/aac_a-perpetuelle-demeure_caoa_2022.pdf\" title=\"T\u00e9l\u00e9charger : \u00ab aac_a-perpetuelle-demeure_caoa_2022.pdf \u00bb\" target=\"_blank\" rel=\"noopener\"><br \/>\n\t\t\t\t\t\t\t\t<span class=\"button-txt\">AAC_\u00e0 perp\u00e9tuelle demeure_caoa_2022<span class=\"button-txt-type\"> (pdf)<\/span><\/span><br \/>\n\t\t\t\t\t\t\t<\/a>\n\t\t\t\t\t\t<\/li>\n<\/ul><\/div>\n<div class=\"zn-singledetail-keywords\">\n<h3 class=\"zn-singledetail-section-title\">Mots-cl\u00e9s<\/h3>\n<ul class=\"termslist termslist-post_tag\">\n<li class=\"termslist-item termslist-title\"><span class=\"termslist-titletxt\">Mots-cl\u00e9s<\/span><span class=\"doubledot\"><\/span><\/li>\n<li class=\"termslist-item tax-post_tag term-maison-dartiste\"><a class=\"termslist-itemlink\" href=\"https:\/\/www.sfsic.org\/en\/tag\/maison-dartiste\/\" title=\"maison d'artiste\"><span class=\"termslist-itemname\">maison d&#8217;artiste<\/span><\/a><\/li>\n<li class=\"termslist-item tax-post_tag term-monuments\"><a class=\"termslist-itemlink\" href=\"https:\/\/www.sfsic.org\/en\/tag\/monuments\/\" title=\"Monuments\"><span class=\"termslist-itemname\">Monuments<\/span><\/a><\/li>\n<li class=\"termslist-item tax-post_tag term-patrimoine\"><a class=\"termslist-itemlink\" href=\"https:\/\/www.sfsic.org\/en\/tag\/heritage\/\" title=\"Patrimoine\"><span class=\"termslist-itemname\">Patrimoine<\/span><\/a><\/li>\n<li class=\"termslist-item tax-post_tag term-representations\"><a class=\"termslist-itemlink\" href=\"https:\/\/www.sfsic.org\/en\/tag\/representations\/\" title=\"Repr\u00e9sentations\"><span class=\"termslist-itemname\">Repr\u00e9sentations<\/span><\/a><\/li>\n<\/ul><\/div>\n<\/p><\/div>\n<\/p><\/div>\n<\/p><\/div>\n<\/p><\/div>\n<\/div>\n<p><!-- \/fxzn:singledetail --><\/p>\n","protected":false},"excerpt":{"rendered":"<p>Mis en ligne le 3 d\u00e9cembre 2022 Informations \u00e9dit\u00e9es \u00e0 partir d\u2019une annonce Calenda. Th\u00e9matiques Design M\u00e9diations m\u00e9morielles, culturelles et patrimoniales R\u00e9ponse attendue pour le 15\/01\/2023 Type de r\u00e9ponse R\u00e9sum\u00e9 [&hellip;]<\/p>\n","protected":false},"author":781,"featured_media":0,"comment_status":"closed","ping_status":"closed","sticky":false,"template":"","format":"standard","meta":{"_acf_changed":false,"footnotes":""},"categories":[29,58],"tags":[807,451,193,455],"thematique":[41,38],"sfsic":[],"class_list":["post-26836","post","type-post","status-publish","format-standard","hentry","category-aac-evenement","category-journee-etude","tag-maison-dartiste","tag-monuments","tag-patrimoine","tag-representations","thematique-design","thematique-mediations-memorielles-culturelles-et-patrimoniales","wp-sticky"],"acf":[],"yoast_head":"<!-- This site is optimized with the Yoast SEO plugin v27.5 - https:\/\/yoast.com\/product\/yoast-seo-wordpress\/ -->\n<title>\u00c0 perp\u00e9tuelle demeure<\/title>\n<meta name=\"description\" content=\"L\u2019association des conservateurs des antiquit\u00e9s et objets d\u2019art France lance un appel \u00e0 communication pour des journ\u00e9es qu&#039;elle organise sur le th\u00e8me &quot;\u00c0 perp\u00e9tuelle demeure&quot;.\" \/>\n<meta name=\"robots\" content=\"index, follow, max-snippet:-1, max-image-preview:large, max-video-preview:-1\" \/>\n<link rel=\"canonical\" href=\"https:\/\/www.sfsic.org\/en\/aac-evenement\/a-perpetuelle-demeure\/\" \/>\n<meta property=\"og:locale\" content=\"en_US\" \/>\n<meta property=\"og:type\" content=\"article\" \/>\n<meta property=\"og:title\" content=\"\u00c0 perp\u00e9tuelle demeure\" \/>\n<meta property=\"og:description\" content=\"L\u2019association des conservateurs des antiquit\u00e9s et objets d\u2019art France lance un appel \u00e0 communication pour des journ\u00e9es qu&#039;elle organise sur le th\u00e8me &quot;\u00c0 perp\u00e9tuelle demeure&quot;.\" \/>\n<meta property=\"og:url\" content=\"https:\/\/www.sfsic.org\/en\/aac-evenement\/a-perpetuelle-demeure\/\" \/>\n<meta property=\"og:site_name\" content=\"SFSIC\" \/>\n<meta property=\"article:published_time\" content=\"2022-12-05T11:09:44+00:00\" \/>\n<meta name=\"author\" content=\"Axelle Martin\" \/>\n<meta name=\"twitter:card\" content=\"summary_large_image\" \/>\n<script type=\"application\/ld+json\" class=\"yoast-schema-graph\">{\"@context\":\"https:\\\/\\\/schema.org\",\"@graph\":[{\"@type\":\"Article\",\"@id\":\"https:\\\/\\\/www.sfsic.org\\\/en\\\/aac-evenement\\\/a-perpetuelle-demeure\\\/#article\",\"isPartOf\":{\"@id\":\"https:\\\/\\\/www.sfsic.org\\\/en\\\/aac-evenement\\\/a-perpetuelle-demeure\\\/\"},\"author\":{\"name\":\"Axelle Martin\",\"@id\":\"https:\\\/\\\/www.sfsic.org\\\/en\\\/#\\\/schema\\\/person\\\/d3606993477708f4359fb9aeda58df3b\"},\"headline\":\"\u00c0 perp\u00e9tuelle demeure\",\"datePublished\":\"2022-12-05T11:09:44+00:00\",\"mainEntityOfPage\":{\"@id\":\"https:\\\/\\\/www.sfsic.org\\\/en\\\/aac-evenement\\\/a-perpetuelle-demeure\\\/\"},\"wordCount\":353,\"publisher\":{\"@id\":\"https:\\\/\\\/www.sfsic.org\\\/en\\\/#organization\"},\"keywords\":[\"maison d'artiste\",\"Monuments\",\"Patrimoine\",\"Repr\u00e9sentations\"],\"articleSection\":[\"AAC \u00c9v\u00e9nement\",\"Journ\u00e9e d\u2019\u00e9tude\"],\"inLanguage\":\"en-US\"},{\"@type\":\"WebPage\",\"@id\":\"https:\\\/\\\/www.sfsic.org\\\/en\\\/aac-evenement\\\/a-perpetuelle-demeure\\\/\",\"url\":\"https:\\\/\\\/www.sfsic.org\\\/en\\\/aac-evenement\\\/a-perpetuelle-demeure\\\/\",\"name\":\"\u00c0 perp\u00e9tuelle demeure\",\"isPartOf\":{\"@id\":\"https:\\\/\\\/www.sfsic.org\\\/en\\\/#website\"},\"datePublished\":\"2022-12-05T11:09:44+00:00\",\"description\":\"L\u2019association des conservateurs des antiquit\u00e9s et objets d\u2019art France lance un appel \u00e0 communication pour des journ\u00e9es qu'elle organise sur le th\u00e8me \\\"\u00c0 perp\u00e9tuelle demeure\\\".\",\"breadcrumb\":{\"@id\":\"https:\\\/\\\/www.sfsic.org\\\/en\\\/aac-evenement\\\/a-perpetuelle-demeure\\\/#breadcrumb\"},\"inLanguage\":\"en-US\",\"potentialAction\":[{\"@type\":\"ReadAction\",\"target\":[\"https:\\\/\\\/www.sfsic.org\\\/en\\\/aac-evenement\\\/a-perpetuelle-demeure\\\/\"]}]},{\"@type\":\"BreadcrumbList\",\"@id\":\"https:\\\/\\\/www.sfsic.org\\\/en\\\/aac-evenement\\\/a-perpetuelle-demeure\\\/#breadcrumb\",\"itemListElement\":[{\"@type\":\"ListItem\",\"position\":1,\"name\":\"Accueil\",\"item\":\"https:\\\/\\\/www.sfsic.org\\\/en\\\/\"},{\"@type\":\"ListItem\",\"position\":2,\"name\":\"Calls for Contributions\",\"item\":\"https:\\\/\\\/www.sfsic.org\\\/en\\\/cfc-event\\\/\"},{\"@type\":\"ListItem\",\"position\":3,\"name\":\"Study Day\",\"item\":\"https:\\\/\\\/www.sfsic.org\\\/en\\\/cfc-event\\\/study-day\\\/\"},{\"@type\":\"ListItem\",\"position\":4,\"name\":\"\u00c0 perp\u00e9tuelle demeure\"}]},{\"@type\":\"WebSite\",\"@id\":\"https:\\\/\\\/www.sfsic.org\\\/en\\\/#website\",\"url\":\"https:\\\/\\\/www.sfsic.org\\\/en\\\/\",\"name\":\"SFSIC\",\"description\":\"Soci\u00e9t\u00e9 Fran\u00e7aise des Sciences de l&#039;Information &amp; de la Communication\",\"publisher\":{\"@id\":\"https:\\\/\\\/www.sfsic.org\\\/en\\\/#organization\"},\"potentialAction\":[{\"@type\":\"SearchAction\",\"target\":{\"@type\":\"EntryPoint\",\"urlTemplate\":\"https:\\\/\\\/www.sfsic.org\\\/en\\\/?s={search_term_string}\"},\"query-input\":{\"@type\":\"PropertyValueSpecification\",\"valueRequired\":true,\"valueName\":\"search_term_string\"}}],\"inLanguage\":\"en-US\"},{\"@type\":\"Organization\",\"@id\":\"https:\\\/\\\/www.sfsic.org\\\/en\\\/#organization\",\"name\":\"SFSIC\",\"url\":\"https:\\\/\\\/www.sfsic.org\\\/en\\\/\",\"logo\":{\"@type\":\"ImageObject\",\"inLanguage\":\"en-US\",\"@id\":\"https:\\\/\\\/www.sfsic.org\\\/en\\\/#\\\/schema\\\/logo\\\/image\\\/\",\"url\":\"https:\\\/\\\/www.sfsic.org\\\/wp-inside\\\/uploads\\\/2020\\\/05\\\/logo-sfsic.jpg\",\"contentUrl\":\"https:\\\/\\\/www.sfsic.org\\\/wp-inside\\\/uploads\\\/2020\\\/05\\\/logo-sfsic.jpg\",\"width\":1085,\"height\":1080,\"caption\":\"SFSIC\"},\"image\":{\"@id\":\"https:\\\/\\\/www.sfsic.org\\\/en\\\/#\\\/schema\\\/logo\\\/image\\\/\"}},{\"@type\":\"Person\",\"@id\":\"https:\\\/\\\/www.sfsic.org\\\/en\\\/#\\\/schema\\\/person\\\/d3606993477708f4359fb9aeda58df3b\",\"name\":\"Axelle Martin\",\"image\":{\"@type\":\"ImageObject\",\"inLanguage\":\"en-US\",\"@id\":\"https:\\\/\\\/secure.gravatar.com\\\/avatar\\\/1065035eb5e480668fbf77e163c2e86f81ac342eaad4c8783acdf4a63f3c917b?s=96&d=mm&r=g\",\"url\":\"https:\\\/\\\/secure.gravatar.com\\\/avatar\\\/1065035eb5e480668fbf77e163c2e86f81ac342eaad4c8783acdf4a63f3c917b?s=96&d=mm&r=g\",\"contentUrl\":\"https:\\\/\\\/secure.gravatar.com\\\/avatar\\\/1065035eb5e480668fbf77e163c2e86f81ac342eaad4c8783acdf4a63f3c917b?s=96&d=mm&r=g\",\"caption\":\"Axelle Martin\"},\"sameAs\":[\"@antropocominside\"]}]}<\/script>\n<!-- \/ Yoast SEO plugin. -->","yoast_head_json":{"title":"\u00c0 perp\u00e9tuelle demeure","description":"L\u2019association des conservateurs des antiquit\u00e9s et objets d\u2019art France lance un appel \u00e0 communication pour des journ\u00e9es qu'elle organise sur le th\u00e8me \"\u00c0 perp\u00e9tuelle demeure\".","robots":{"index":"index","follow":"follow","max-snippet":"max-snippet:-1","max-image-preview":"max-image-preview:large","max-video-preview":"max-video-preview:-1"},"canonical":"https:\/\/www.sfsic.org\/en\/aac-evenement\/a-perpetuelle-demeure\/","og_locale":"en_US","og_type":"article","og_title":"\u00c0 perp\u00e9tuelle demeure","og_description":"L\u2019association des conservateurs des antiquit\u00e9s et objets d\u2019art France lance un appel \u00e0 communication pour des journ\u00e9es qu'elle organise sur le th\u00e8me \"\u00c0 perp\u00e9tuelle demeure\".","og_url":"https:\/\/www.sfsic.org\/en\/aac-evenement\/a-perpetuelle-demeure\/","og_site_name":"SFSIC","article_published_time":"2022-12-05T11:09:44+00:00","author":"Axelle Martin","twitter_card":"summary_large_image","schema":{"@context":"https:\/\/schema.org","@graph":[{"@type":"Article","@id":"https:\/\/www.sfsic.org\/en\/aac-evenement\/a-perpetuelle-demeure\/#article","isPartOf":{"@id":"https:\/\/www.sfsic.org\/en\/aac-evenement\/a-perpetuelle-demeure\/"},"author":{"name":"Axelle Martin","@id":"https:\/\/www.sfsic.org\/en\/#\/schema\/person\/d3606993477708f4359fb9aeda58df3b"},"headline":"\u00c0 perp\u00e9tuelle demeure","datePublished":"2022-12-05T11:09:44+00:00","mainEntityOfPage":{"@id":"https:\/\/www.sfsic.org\/en\/aac-evenement\/a-perpetuelle-demeure\/"},"wordCount":353,"publisher":{"@id":"https:\/\/www.sfsic.org\/en\/#organization"},"keywords":["maison d'artiste","Monuments","Patrimoine","Repr\u00e9sentations"],"articleSection":["AAC \u00c9v\u00e9nement","Journ\u00e9e d\u2019\u00e9tude"],"inLanguage":"en-US"},{"@type":"WebPage","@id":"https:\/\/www.sfsic.org\/en\/aac-evenement\/a-perpetuelle-demeure\/","url":"https:\/\/www.sfsic.org\/en\/aac-evenement\/a-perpetuelle-demeure\/","name":"\u00c0 perp\u00e9tuelle demeure","isPartOf":{"@id":"https:\/\/www.sfsic.org\/en\/#website"},"datePublished":"2022-12-05T11:09:44+00:00","description":"L\u2019association des conservateurs des antiquit\u00e9s et objets d\u2019art France lance un appel \u00e0 communication pour des journ\u00e9es qu'elle organise sur le th\u00e8me \"\u00c0 perp\u00e9tuelle demeure\".","breadcrumb":{"@id":"https:\/\/www.sfsic.org\/en\/aac-evenement\/a-perpetuelle-demeure\/#breadcrumb"},"inLanguage":"en-US","potentialAction":[{"@type":"ReadAction","target":["https:\/\/www.sfsic.org\/en\/aac-evenement\/a-perpetuelle-demeure\/"]}]},{"@type":"BreadcrumbList","@id":"https:\/\/www.sfsic.org\/en\/aac-evenement\/a-perpetuelle-demeure\/#breadcrumb","itemListElement":[{"@type":"ListItem","position":1,"name":"Accueil","item":"https:\/\/www.sfsic.org\/en\/"},{"@type":"ListItem","position":2,"name":"Calls for Contributions","item":"https:\/\/www.sfsic.org\/en\/cfc-event\/"},{"@type":"ListItem","position":3,"name":"Study Day","item":"https:\/\/www.sfsic.org\/en\/cfc-event\/study-day\/"},{"@type":"ListItem","position":4,"name":"\u00c0 perp\u00e9tuelle demeure"}]},{"@type":"WebSite","@id":"https:\/\/www.sfsic.org\/en\/#website","url":"https:\/\/www.sfsic.org\/en\/","name":"SFSIC","description":"Soci\u00e9t\u00e9 Fran\u00e7aise des Sciences de l&#039;Information &amp; de la Communication","publisher":{"@id":"https:\/\/www.sfsic.org\/en\/#organization"},"potentialAction":[{"@type":"SearchAction","target":{"@type":"EntryPoint","urlTemplate":"https:\/\/www.sfsic.org\/en\/?s={search_term_string}"},"query-input":{"@type":"PropertyValueSpecification","valueRequired":true,"valueName":"search_term_string"}}],"inLanguage":"en-US"},{"@type":"Organization","@id":"https:\/\/www.sfsic.org\/en\/#organization","name":"SFSIC","url":"https:\/\/www.sfsic.org\/en\/","logo":{"@type":"ImageObject","inLanguage":"en-US","@id":"https:\/\/www.sfsic.org\/en\/#\/schema\/logo\/image\/","url":"https:\/\/www.sfsic.org\/wp-inside\/uploads\/2020\/05\/logo-sfsic.jpg","contentUrl":"https:\/\/www.sfsic.org\/wp-inside\/uploads\/2020\/05\/logo-sfsic.jpg","width":1085,"height":1080,"caption":"SFSIC"},"image":{"@id":"https:\/\/www.sfsic.org\/en\/#\/schema\/logo\/image\/"}},{"@type":"Person","@id":"https:\/\/www.sfsic.org\/en\/#\/schema\/person\/d3606993477708f4359fb9aeda58df3b","name":"Axelle Martin","image":{"@type":"ImageObject","inLanguage":"en-US","@id":"https:\/\/secure.gravatar.com\/avatar\/1065035eb5e480668fbf77e163c2e86f81ac342eaad4c8783acdf4a63f3c917b?s=96&d=mm&r=g","url":"https:\/\/secure.gravatar.com\/avatar\/1065035eb5e480668fbf77e163c2e86f81ac342eaad4c8783acdf4a63f3c917b?s=96&d=mm&r=g","contentUrl":"https:\/\/secure.gravatar.com\/avatar\/1065035eb5e480668fbf77e163c2e86f81ac342eaad4c8783acdf4a63f3c917b?s=96&d=mm&r=g","caption":"Axelle Martin"},"sameAs":["@antropocominside"]}]}},"_links":{"self":[{"href":"https:\/\/www.sfsic.org\/en\/wp-json\/wp\/v2\/posts\/26836","targetHints":{"allow":["GET"]}}],"collection":[{"href":"https:\/\/www.sfsic.org\/en\/wp-json\/wp\/v2\/posts"}],"about":[{"href":"https:\/\/www.sfsic.org\/en\/wp-json\/wp\/v2\/types\/post"}],"author":[{"embeddable":true,"href":"https:\/\/www.sfsic.org\/en\/wp-json\/wp\/v2\/users\/781"}],"replies":[{"embeddable":true,"href":"https:\/\/www.sfsic.org\/en\/wp-json\/wp\/v2\/comments?post=26836"}],"version-history":[{"count":3,"href":"https:\/\/www.sfsic.org\/en\/wp-json\/wp\/v2\/posts\/26836\/revisions"}],"predecessor-version":[{"id":26841,"href":"https:\/\/www.sfsic.org\/en\/wp-json\/wp\/v2\/posts\/26836\/revisions\/26841"}],"wp:attachment":[{"href":"https:\/\/www.sfsic.org\/en\/wp-json\/wp\/v2\/media?parent=26836"}],"wp:term":[{"taxonomy":"category","embeddable":true,"href":"https:\/\/www.sfsic.org\/en\/wp-json\/wp\/v2\/categories?post=26836"},{"taxonomy":"post_tag","embeddable":true,"href":"https:\/\/www.sfsic.org\/en\/wp-json\/wp\/v2\/tags?post=26836"},{"taxonomy":"thematique","embeddable":true,"href":"https:\/\/www.sfsic.org\/en\/wp-json\/wp\/v2\/thematique?post=26836"},{"taxonomy":"sfsic","embeddable":true,"href":"https:\/\/www.sfsic.org\/en\/wp-json\/wp\/v2\/sfsic?post=26836"}],"curies":[{"name":"wp","href":"https:\/\/api.w.org\/{rel}","templated":true}]}}