{"id":26691,"date":"2022-11-18T11:02:34","date_gmt":"2022-11-18T10:02:34","guid":{"rendered":"https:\/\/www.sfsic.org\/?p=26691"},"modified":"2022-11-21T10:51:38","modified_gmt":"2022-11-21T09:51:38","slug":"ateliers-de-recherche-et-creation-en-sic","status":"publish","type":"post","link":"https:\/\/www.sfsic.org\/en\/aac-evenement\/ateliers-de-recherche-et-creation-en-sic\/","title":{"rendered":"Ateliers de recherche et cr\u00e9ation en SIC"},"content":{"rendered":"<p><!-- fxzn:singledetail --><\/p>\n<div class=\"zone zn-singledetail\" id=\"fxzn-singledetail-1\">\n<div class=\"zone-block zn-singledetail-block alignwide va-top\">\n<div class=\"row\">\n<div class=\"columns large-8 large-push-4\">\n<div class=\"zn-singledetail-metabox\">\n<div class=\"zn-singledetail-pubdate pubdate\">\n\t\t\t\t\t<span class=\"pubdate-txt\">Mis en ligne le<\/span><span class=\"doubledot\"><\/span> <time class=\"pubdate-time\" pubdate datetime=\"2022-11-18T11:02:34+01:00\">18 novembre 2022<\/time>\t\t\t\t<\/div>\n<div class=\"zn-singledetail-thematiques with-sep-comma\">\n<ul class=\"termslist termslist-thematique\">\n<li class=\"termslist-item termslist-title\"><span class=\"termslist-titletxt\">Th\u00e9matiques<\/span><span class=\"doubledot\"><\/span><\/li>\n<li class=\"termslist-item tax-thematique term-design\"><a class=\"termslist-itemlink\" href=\"https:\/\/www.sfsic.org\/thematiques\/design\/\" title=\"Design\"><span class=\"termslist-itemname\">Design<\/span><\/a><\/li>\n<li class=\"termslist-item tax-thematique term-images-cinema-medias-audiovisuels-et-industries-culturelles\"><a class=\"termslist-itemlink\" href=\"https:\/\/www.sfsic.org\/thematiques\/images-cinema-medias-audiovisuels-et-industries-culturelles\/\" title=\"Images, cin\u00e9ma, m\u00e9dias audiovisuels et industries culturelles\"><span class=\"termslist-itemname\">Images, cin\u00e9ma, m\u00e9dias audiovisuels et industries culturelles<\/span><\/a><\/li>\n<li class=\"termslist-item tax-thematique term-mediations-memorielles-culturelles-et-patrimoniales\"><a class=\"termslist-itemlink\" href=\"https:\/\/www.sfsic.org\/thematiques\/mediations-memorielles-culturelles-et-patrimoniales\/\" title=\"M\u00e9diations m\u00e9morielles, culturelles et patrimoniales\"><span class=\"termslist-itemname\">M\u00e9diations m\u00e9morielles, culturelles et patrimoniales<\/span><\/a><\/li>\n<\/ul><\/div>\n<\/p><\/div>\n<\/p><\/div>\n<\/p><\/div>\n<div class=\"row\">\n<div class=\"columns large-4\">\n<div class=\"zn-singledetail-sidebar bg-cornersquares\">\n<div class=\"zn-singledetail-infos\">\n<p class=\"zn-singledetail-reponse-date\">\n\t\t\t\t\t\t<span>R\u00e9ponse attendue pour le<\/span><span class=\"doubledot\"><\/span> <strong>12\/12\/2022<\/strong>\n\t\t\t\t\t<\/p>\n<p class=\"zn-singledetail-reponse-type\">\n\t\t\t\t\t<span>Type de r\u00e9ponse<\/span><span class=\"doubledot\"><\/span> <strong>R\u00e9sum\u00e9<\/strong>\n\t\t\t\t\t<\/p>\n<p class=\"zn-singledetail-type\">\n\t\t\t\t\t\t\t<span>Type d\u2019\u00e9v\u00e9nement<\/span><span class=\"doubledot\"><\/span> <strong>Atelier<\/strong>\n\t\t\t\t\t<\/p>\n<\/p><\/div>\n<div class=\"zn-singledetail-coordinators\">\n<h3 class=\"zn-singledetail-section-title\">Coordinateurs<\/h3>\n<ul class=\"zn-singledetail-coordinators-list\">\n<li class=\"zn-singledetail-coordinators-item\">\n\t\t\t\t\t\t\t<span>Laurence<\/span> <span>Allard<\/span>\t\t\t\t\t\t\t\t\t\t\t\t\t<\/li>\n<li class=\"zn-singledetail-coordinators-item\">\n\t\t\t\t\t\t\t<span>Etienne<\/span> <span>Candel<\/span>\t\t\t\t\t\t\t\t\t\t\t\t\t<\/li>\n<li class=\"zn-singledetail-coordinators-item\">\n\t\t\t\t\t\t\t<span>Pauline<\/span> <span>Gauqui\u00e9<\/span>\t\t\t\t\t\t\t\t\t\t\t\t\t<\/li>\n<li class=\"zn-singledetail-coordinators-item\">\n\t\t\t\t\t\t\t<span>Gustavo <\/span> <span>Gomez-Mejia<\/span>\t\t\t\t\t\t\t\t\t\t\t\t\t<\/li>\n<\/ul><\/div>\n<div class=\"zn-singledetail-contacts\">\n<h3 class=\"zn-singledetail-section-title\">Contacts<\/h3>\n<ul class=\"zn-singledetail-contacts-list\">\n<li class=\"zn-singledetail-contact\">\n\t\t\t\t\t\t\t<span class=\"zn-singledetail-contact-name\">Contact et inscription<\/span><span class=\"doubledot\"><\/span><br \/>\n\t\t\t\t\t\t\t\t\t\t\t\t\t\t<a class=\"zn-singledetail-contact-mail prettylink\" href=\"mailto:recherche.creation.sic@gmail.com\">recherche.creation.sic@gmail.com<\/a>\n\t\t\t\t\t\t\t\t\t\t\t\t\t<\/li>\n<\/ul><\/div>\n<\/p><\/div>\n<\/p><\/div>\n<div class=\"columns large-8\">\n<div class=\"zn-singledetail-contentbox\">\n<div class=\"zn-singledetail-eventinfo is-sfsic-label\">\n<div class=\"zn-singledetail-eventinfo-inner\">\n<h3 class=\"zn-singledetail-section-title zn-singledetail-eventinfo-title\">\u00c9v\u00e9nement labellis\u00e9 SFSIC<\/h3>\n<div class=\"zn-singledetail-eventdates\">\n\t\t\t\t\t\t<span class=\"zn-singledetail-label\">Dates de l\u2019\u00e9v\u00e9nement<span class=\"doubledot\"><\/span><\/span><\/p>\n<ul class=\"zn-singledetail-eventdates-list\">\n<li class=\"zn-singledetail-eventdates-item\">\n\t\t\t\t\t\t\t\tDu <time class=\"event-start-time\" datetime=\"2023-01-03T00:00:00+00:00\">03\/01\/2023<\/time> au <time class=\"event-end-time\" datetime=\"2022-01-04T00:00:00+00:00\">04\/01\/2022<\/time>\t\t\t\t\t\t\t<\/li>\n<\/ul><\/div>\n<p class=\"zn-singledetail-eventplace\">\n\t\t\t\t\t\t<span class=\"zn-singledetail-label\">Lieu de l\u2019\u00e9v\u00e9nement<span class=\"doubledot\"><\/span><\/span><br \/>\n\t\t\t\t\t\t<span class=\"zn-singledetail-eventplace-adr\"><br \/>\n\t\t\t\t\t\t\t\t\t\t\t\t<span class=\"adr-name\">Maison de la Recherche &#8211; Salle du conseil<\/span>,<\/p>\n<p>\t\t\t\t\t\t<span class=\"adr-street\">4 rue des Irlandais <\/span>, <span class=\"adr-city\">Paris<\/span>\t\t\t\t\t\t<span class=\"adr-cp\">75005<\/span>, <span class=\"adr-country\">France<\/span><br \/>\n\t\t\t\t\t\t<\/span>\t\t\t\t\t<\/p>\n<\/p><\/div>\n<\/p><\/div>\n<div class=\"zn-singledetail-annonce wig-content\">\n<div class=\"page\" title=\"Page 1\">\n<div class=\"layoutArea\">\n<div class=\"column\">\n<p>Le GER \u00ab&#160;Recherche et Cr\u00e9ation&#160;\u00bb, labellis\u00e9 par la SFSIC, lance un appel \u00e0 contribution en vue d&rsquo;ateliers qui se d\u00e9rouleront les 4 et 5 janvier 2022 avec le soutien du laboratoire GRIPIC.<\/p>\n<h2>Pr\u00e9sentation<\/h2>\n<p>Cre\u0301e\u0301 en septembre 2022 au sein de la Socie\u0301te\u0301 Franc\u0327aise des Sciences de l\u2019Information et de la Communication, le Groupe d\u2019Etude et de Recherche \u201cRecherche &amp; Cre\u0301ation\u201d entend rassembler, promouvoir et visibiliser tous les acteurs et les initiatives de travail a\u0300 l\u2019articulation de la recherche et de la cre\u0301ation (en art mais aussi en design ou en conception).<\/p>\n<p>Ancre\u0301 dans la communaute\u0301 des Sciences de l\u2019Information et de la Communication, le mouvement initie\u0301 par le GER \u201cRecherche &amp; Cre\u0301ation\u201d est ouvert sur son environnement &#8211; environnement disciplinaire, environnement national et international, environnement partenarial.<\/p>\n<p>Ainsi, il entend renforcer les e\u0301changes intra-disciplinaires au-dela\u0300 de toute divergence de me\u0301thodes ou obe\u0301dience, favoriser les rencontres interdisciplinaires, de\u0301velopper les collaborations partenariales en-dehors du champ strictement scientifique et e\u0301tendre recherches et valorisations au-dela\u0300 des frontie\u0300res nationales.<\/p>\n<p>De\u0300s cette anne\u0301e, le GER devrait e\u0302tre pre\u0301sent au Congre\u0300s de la SFSIC, aux colloques ICA et IAMCR, et investir diffe\u0301rents lieux en France, dans des cadres sociaux e\u0301tendus au-dela\u0300 de l\u2019enseignement supe\u0301rieur et de la recherche.<\/p>\n<p>Le GER e\u0301tablit ses travaux au-dela\u0300 des normes rec\u0327ues de l\u2019auctorialite\u0301&#160;: travaillant de\u0301libe\u0301re\u0301ment dans des cadres collectifs de recherche et cre\u0301ation, il vise l\u2019e\u0301mergence de projets collaboratifs issus d\u2019initiatives et de regards croise\u0301s, des productions vivaces ancre\u0301es dans des compe\u0301tences multiples issues\u00a0<span style=\"font-size: inherit;\">d\u2019acteurs he\u0301te\u0301roge\u0300nes. Le mai\u0302tre-mot de son action pourrait e\u0302tre l\u2019hybridite\u0301, concept cher aux SIC pour son souci des me\u0301diations sociales et mate\u0301rielles dans la socie\u0301te\u0301 et la culture.<\/span><\/p>\n<p><span style=\"font-size: inherit;\">Par ce message, le Groupe d\u2019E\u0301tude et de Recherche \u201cRecherche &amp; Cre\u0301ation\u201d vous invite a\u0300 vous joindre a\u0300 ses travaux et chantiers. Chercheur.e.s, chercheur.e.s-artistes ou artistes-chercheur.e.s, producteurs.trices, cr\u00e9ateurs.trices, m\u00e9diateur.e.s de la culture, journalistes, graphistes, designers,\u00a0<\/span><span style=\"font-size: inherit;\">nous vous invitons a\u0300 participer a\u0300 ce premier e\u0301ve\u0301nement qui a pour ambition de de\u0301velopper collectivement ce champ de recherches et de pratiques. Nous souhaitons vous convier a\u0300 nos premiers travaux (groupe se\u0301miogonie) et accueillir les vo\u0302tres, dessiner avec vous le domaine des possibles, et entamer ensemble des explorations de ce champ a\u0300 la fois empirique et critique a\u0300 travers des ateliers cre\u0301atifs, des confe\u0301rences et des restitutions, qui devraient non seulement permettre des cre\u0301ations et des recherches, mais ouvrir la voie a\u0300 de nouvelles e\u0301piste\u0301mologies, de nouveaux formats, de nouvelles normes pour la publication\u00a0<\/span><span style=\"font-family: monospace, monospace; font-size: 1em;\">et la publicisation de la recherche.<\/span><\/p>\n<p><span style=\"font-size: inherit;\">Un premier rendez-vous est fixe\u0301 les 3 et 4 janvier 2023 a\u0300 la Maison de la Recherche de Sorbonne Nouvelle&#160;: lors de ces deux journe\u0301es, nous exposerons plus pre\u0301cise\u0301ment le programme de travail du GER et nous ouvrirons une premie\u0300re de\u0301marche collaborative par ateliers. Les objectifs de ces rencontres sont largement ouverts, voire de\u0301libe\u0301re\u0301ment inde\u0301finis&#160;: nous sommes impatients de voir les re\u0301sultats de ces me\u0301tissages. Dans tous les cas, ces journe\u0301es seront l\u2019occasion de de\u0301tailler l\u2019esprit, la de\u0301marche et les perspectives de travail accueillies par le GER, mais aussi de nouer ou renouer des liens, de cre\u0301er des rencontres et des terrains communs, de poser de premie\u0300res collaborations voire d\u2019engager de premie\u0300res cre\u0301ations.<\/span><\/p>\n<p><span style=\"font-size: inherit;\">Un deuxie\u0300me rendez-vous sera pris, le 14 avril 2023 a\u0300 Paris, pour une restitution des travaux amorce\u0301s lors des deux journe\u0301es d&rsquo;ateliers de janvier et pour les suites a\u0300 leur donner.<\/span><\/p>\n<p><span style=\"font-size: inherit;\">Le GER sera sans doute un repe\u0300re, et certainement un moteur pour encourager les initiatives et les cre\u0301ations.<\/span><\/p>\n<p><span style=\"font-family: monospace, monospace; font-size: 1em;\">Nous vous espe\u0301rons nombreux.<\/span><\/p>\n<p><span style=\"font-size: inherit;\">Pour des raisons logistiques, le nombre de places est limite\u0301&#160;: de ce fait l\u2019inscription est obligatoire pour ces journe\u0301es. Merci de bien assurer votre pre\u0301sence si vous vous inscrivez&#160;!<\/span><\/p>\n<p>Pour le GER Recherche et Cre\u0301ation,<\/p>\n<\/div>\n<div style=\"padding-left: 40px;\">Laurence Allard<\/div>\n<div style=\"padding-left: 40px;\">Etienne Candel<\/div>\n<div style=\"padding-left: 40px;\">Pauline Gauquie\u0301<\/div>\n<p style=\"padding-left: 40px;\">Gustavo Gomez-Mejia<\/p>\n<h2><span style=\"font-size: 1.875rem;\">Programme<\/span><\/h2>\n<h2><span style=\"color: #0a0a0a; font-size: 1.375rem;\">mardi 3 janvier<\/span><\/h2>\n<p>9h-10h&#160;: accueil des participants<\/p>\n<\/div>\n<div class=\"layoutArea\">10h-11h&#160;: panorama collaboratif des travaux de recherche-cre\u0301ation&#160;: comme un moodboard&#8230;<\/div>\n<div class=\"layoutArea\">11h-11h30&#160;: pause cafe\u0301 sucre\u0301e<\/div>\n<div class=\"layoutArea\">11h30-13h&#160;: une \u201cBullotterie\u201d de que\u0302tes communes&#160;?\u00a0Constitution de cellules cre\u0301atives<\/div>\n<div class=\"layoutArea\">13h-14h&#160;: pause repas<\/div>\n<div class=\"layoutArea\">14h-14h30&#160;: accueil de l\u2019apre\u0300s-midi et cafe\u0301<\/div>\n<div class=\"layoutArea\">14h30-17h&#160;: ateliers cre\u0301atifs&#160;: des \u201cmondes\u201d e\u0301mergents&#160;?<\/div>\n<div class=\"layoutArea\">17h-17h30&#160;:\u00a0retour d\u2019ateliers<\/div>\n<h3 class=\"layoutArea\"><span style=\"color: #0a0a0a; font-family: 'Noto Serif', serif; font-size: 1.375rem; font-weight: bold;\">mercredi 4 janvier<\/span><\/h3>\n<div class=\"layoutArea\"><span style=\"font-size: 1rem;\">9h-10h&#160;: accueil des participants&#160;: bienvenue au world cafe\u0301\u00a0<\/span><\/div>\n<div>\n<div class=\"page\" title=\"Page 3\">\n<div class=\"layoutArea\">10h-12h30&#160;: ateliers cre\u0301atifs&#160;: la reprise<br \/>\n13h-14h&#160;: pause repas14h-14h30&#160;: accueil de l\u2019apre\u0300s-midi autour d\u2019un cafe\u0301<\/div>\n<div class=\"layoutArea\"><span style=\"font-size: 1rem;\">14h30-16h&#160;: ateliers cre\u0301atifs&#160;: la suite des possibles<\/span><\/div>\n<div class=\"layoutArea\"><span style=\"font-size: 1rem;\">16h-17h30&#160;: partage des avance\u0301es et programmation des travaux\u00a0en vue de la journe\u0301e du 14 avril<\/span><\/div>\n<\/div>\n<\/div>\n<\/div><\/div>\n<div class=\"zn-singledetail-partners\">\n<h3 class=\"zn-singledetail-section-title\">Partenaires<\/h3>\n<div class=\"zn-singledetail-partners-list row small-up-2 medium-up-3 large-up-5 partnerlist\" data-equalizer data-equalize-on=\"medium\">\n<article class=\"summarypartner partner-3860 column\">\n\t<a class=\"summarypartner-box\" href=\"http:\/\/www.gripic.fr\/\" title=\"GRIPIC &#8211; Groupe de Recherche Interdisciplinaire sur les Processus d&rsquo;Information et de Communication\">\t\t<\/p>\n<div class=\"summarypartner-box-inner\" data-equalizer-watch>\n<div class=\"summarypartner-imgbox\">\n<figure class=\"summarypartner-figure\">\n\t\t\t\t\t<img decoding=\"async\" class=\"summarypartner-img\" src=\"https:\/\/www.sfsic.org\/wp-inside\/uploads\/skp-membership\/demande_adh\/logo-gripic.png\" alt=\"Logo GRIPIC\" ><br \/>\n\t\t\t\t\t\t\t\t\t<\/figure>\n<\/p><\/div>\n<div class=\"summarypartner-content\">\n<div class=\"summarypartner-content-inner\">\n<header class=\"summarypartner-header\">\n<h3 class=\"summarypartner-title\">\n\t\t\t\t\t\t\tGRIPIC &#8211; Groupe de Recherche Interdisciplinaire sur les Processus d&rsquo;Information et de Communication\t\t\t\t\t\t<\/h3>\n<p class=\"summarypartner-acronym\">\n\t\t\t\t\t\t\tGRIPIC\t\t\t\t\t\t<\/p>\n<\/header><\/div>\n<\/p><\/div>\n<\/p><\/div>\n<p>\t<\/a><\/article>\n<\/p><\/div>\n<\/p><\/div>\n<div class=\"zn-singledetail-attachedfiles\">\n<h3 class=\"zn-singledetail-section-title\">Fichier(s) attach\u00e9(s)<\/h3>\n<ul class=\"zn-singledetail-attachedfiles-list\">\n<li class=\"zn-singledetail-attachedfiles-item\">\n\t\t\t\t\t\t\t<a class=\"zn-singledetail-attachedfiles-link button outline for-download\" href=\"https:\/\/www.sfsic.org\/wp-inside\/uploads\/skp-membership\/demande_adh\/aap-ateliers-recherche-creation-sic.pdf\" title=\"T\u00e9l\u00e9charger : \u00ab aap-ateliers-recherche-creation-sic.pdf \u00bb\" target=\"_blank\" rel=\"noopener\"><br \/>\n\t\t\t\t\t\t\t\t<span class=\"button-txt\">AAP Ateliers Recherche Creation SIC<span class=\"button-txt-type\"> (pdf)<\/span><\/span><br \/>\n\t\t\t\t\t\t\t<\/a>\n\t\t\t\t\t\t<\/li>\n<\/ul><\/div>\n<div class=\"zn-singledetail-keywords\">\n<h3 class=\"zn-singledetail-section-title\">Mots-cl\u00e9s<\/h3>\n<ul class=\"termslist termslist-post_tag\">\n<li class=\"termslist-item termslist-title\"><span class=\"termslist-titletxt\">Mots-cl\u00e9s<\/span><span class=\"doubledot\"><\/span><\/li>\n<li class=\"termslist-item tax-post_tag term-atelier\"><a class=\"termslist-itemlink\" href=\"https:\/\/www.sfsic.org\/tag\/atelier\/\" title=\"Atelier\"><span class=\"termslist-itemname\">Atelier<\/span><\/a><\/li>\n<li class=\"termslist-item tax-post_tag term-conception\"><a class=\"termslist-itemlink\" href=\"https:\/\/www.sfsic.org\/tag\/conception\/\" title=\"Conception\"><span class=\"termslist-itemname\">Conception<\/span><\/a><\/li>\n<li class=\"termslist-item tax-post_tag term-creation\"><a class=\"termslist-itemlink\" href=\"https:\/\/www.sfsic.org\/tag\/creation\/\" title=\"Cr\u00e9ation\"><span class=\"termslist-itemname\">Cr\u00e9ation<\/span><\/a><\/li>\n<li class=\"termslist-item tax-post_tag term-design\"><a class=\"termslist-itemlink\" href=\"https:\/\/www.sfsic.org\/tag\/design\/\" title=\"Design\"><span class=\"termslist-itemname\">Design<\/span><\/a><\/li>\n<\/ul><\/div>\n<\/p><\/div>\n<\/p><\/div>\n<\/p><\/div>\n<\/p><\/div>\n<\/div>\n<p><!-- \/fxzn:singledetail --><\/p>\n","protected":false},"excerpt":{"rendered":"<p>Mis en ligne le 18 novembre 2022 Th\u00e9matiques Design Images, cin\u00e9ma, m\u00e9dias audiovisuels et industries culturelles M\u00e9diations m\u00e9morielles, culturelles et patrimoniales R\u00e9ponse attendue pour le 12\/12\/2022 Type de r\u00e9ponse R\u00e9sum\u00e9 [&hellip;]<\/p>\n","protected":false},"author":957,"featured_media":0,"comment_status":"closed","ping_status":"closed","sticky":false,"template":"","format":"standard","meta":{"_acf_changed":false,"footnotes":""},"categories":[29,59],"tags":[798,418,169,173],"thematique":[41,35,38],"sfsic":[27],"class_list":["post-26691","post","type-post","status-publish","format-standard","hentry","category-aac-evenement","category-seminaire","tag-atelier","tag-conception","tag-creation","tag-design","thematique-design","thematique-images-cinema-medias-audiovisuels-et-industries-culturelles","thematique-mediations-memorielles-culturelles-et-patrimoniales","sfsic-labels","wp-sticky"],"acf":[],"yoast_head":"<!-- This site is optimized with the Yoast SEO plugin v27.4 - https:\/\/yoast.com\/product\/yoast-seo-wordpress\/ -->\n<title>Ateliers de recherche et cr\u00e9ation en SIC<\/title>\n<meta name=\"description\" content=\"Le GER &quot;Recherche et Cr\u00e9ation&quot;, labellis\u00e9 par la SFSIC, lance un appel \u00e0 contribution en vue d&#039;ateliers qui se d\u00e9rouleront les 4 et 5 janvier 2022.\" \/>\n<meta name=\"robots\" content=\"index, follow, max-snippet:-1, max-image-preview:large, max-video-preview:-1\" \/>\n<link rel=\"canonical\" href=\"https:\/\/www.sfsic.org\/en\/aac-evenement\/ateliers-de-recherche-et-creation-en-sic\/\" \/>\n<meta property=\"og:locale\" content=\"en_US\" \/>\n<meta property=\"og:type\" content=\"article\" \/>\n<meta property=\"og:title\" content=\"Ateliers de recherche et cr\u00e9ation en SIC\" \/>\n<meta property=\"og:description\" content=\"Le GER &quot;Recherche et Cr\u00e9ation&quot;, labellis\u00e9 par la SFSIC, lance un appel \u00e0 contribution en vue d&#039;ateliers qui se d\u00e9rouleront les 4 et 5 janvier 2022.\" \/>\n<meta property=\"og:url\" content=\"https:\/\/www.sfsic.org\/en\/aac-evenement\/ateliers-de-recherche-et-creation-en-sic\/\" \/>\n<meta property=\"og:site_name\" content=\"SFSIC\" \/>\n<meta property=\"article:published_time\" content=\"2022-11-18T10:02:34+00:00\" \/>\n<meta property=\"article:modified_time\" content=\"2022-11-21T09:51:38+00:00\" \/>\n<meta property=\"og:image\" content=\"https:\/\/www.sfsic.org\/wp-inside\/uploads\/skp-membership\/demande_adh\/logo-gripic.png\" \/>\n<meta name=\"author\" content=\"Fabien Bonnet\" \/>\n<meta name=\"twitter:card\" content=\"summary_large_image\" \/>\n<script type=\"application\/ld+json\" class=\"yoast-schema-graph\">{\"@context\":\"https:\\\/\\\/schema.org\",\"@graph\":[{\"@type\":\"Article\",\"@id\":\"https:\\\/\\\/www.sfsic.org\\\/en\\\/aac-evenement\\\/ateliers-de-recherche-et-creation-en-sic\\\/#article\",\"isPartOf\":{\"@id\":\"https:\\\/\\\/www.sfsic.org\\\/en\\\/aac-evenement\\\/ateliers-de-recherche-et-creation-en-sic\\\/\"},\"author\":{\"name\":\"Fabien Bonnet\",\"@id\":\"https:\\\/\\\/www.sfsic.org\\\/en\\\/#\\\/schema\\\/person\\\/9f83573bda33f40c68c7c826e9567df6\"},\"headline\":\"Ateliers de recherche et cr\u00e9ation en SIC\",\"datePublished\":\"2022-11-18T10:02:34+00:00\",\"dateModified\":\"2022-11-21T09:51:38+00:00\",\"mainEntityOfPage\":{\"@id\":\"https:\\\/\\\/www.sfsic.org\\\/en\\\/aac-evenement\\\/ateliers-de-recherche-et-creation-en-sic\\\/\"},\"wordCount\":974,\"publisher\":{\"@id\":\"https:\\\/\\\/www.sfsic.org\\\/en\\\/#organization\"},\"image\":{\"@id\":\"https:\\\/\\\/www.sfsic.org\\\/en\\\/aac-evenement\\\/ateliers-de-recherche-et-creation-en-sic\\\/#primaryimage\"},\"thumbnailUrl\":\"https:\\\/\\\/www.sfsic.org\\\/wp-inside\\\/uploads\\\/skp-membership\\\/demande_adh\\\/logo-gripic.png\",\"keywords\":[\"Atelier\",\"Conception\",\"Cr\u00e9ation\",\"Design\"],\"articleSection\":[\"AAC \u00c9v\u00e9nement\",\"S\u00e9minaire\"],\"inLanguage\":\"en-US\"},{\"@type\":\"WebPage\",\"@id\":\"https:\\\/\\\/www.sfsic.org\\\/en\\\/aac-evenement\\\/ateliers-de-recherche-et-creation-en-sic\\\/\",\"url\":\"https:\\\/\\\/www.sfsic.org\\\/en\\\/aac-evenement\\\/ateliers-de-recherche-et-creation-en-sic\\\/\",\"name\":\"Ateliers de recherche et cr\u00e9ation en SIC\",\"isPartOf\":{\"@id\":\"https:\\\/\\\/www.sfsic.org\\\/en\\\/#website\"},\"primaryImageOfPage\":{\"@id\":\"https:\\\/\\\/www.sfsic.org\\\/en\\\/aac-evenement\\\/ateliers-de-recherche-et-creation-en-sic\\\/#primaryimage\"},\"image\":{\"@id\":\"https:\\\/\\\/www.sfsic.org\\\/en\\\/aac-evenement\\\/ateliers-de-recherche-et-creation-en-sic\\\/#primaryimage\"},\"thumbnailUrl\":\"https:\\\/\\\/www.sfsic.org\\\/wp-inside\\\/uploads\\\/skp-membership\\\/demande_adh\\\/logo-gripic.png\",\"datePublished\":\"2022-11-18T10:02:34+00:00\",\"dateModified\":\"2022-11-21T09:51:38+00:00\",\"description\":\"Le GER \\\"Recherche et Cr\u00e9ation\\\", labellis\u00e9 par la SFSIC, lance un appel \u00e0 contribution en vue d'ateliers qui se d\u00e9rouleront les 4 et 5 janvier 2022.\",\"breadcrumb\":{\"@id\":\"https:\\\/\\\/www.sfsic.org\\\/en\\\/aac-evenement\\\/ateliers-de-recherche-et-creation-en-sic\\\/#breadcrumb\"},\"inLanguage\":\"en-US\",\"potentialAction\":[{\"@type\":\"ReadAction\",\"target\":[\"https:\\\/\\\/www.sfsic.org\\\/en\\\/aac-evenement\\\/ateliers-de-recherche-et-creation-en-sic\\\/\"]}]},{\"@type\":\"ImageObject\",\"inLanguage\":\"en-US\",\"@id\":\"https:\\\/\\\/www.sfsic.org\\\/en\\\/aac-evenement\\\/ateliers-de-recherche-et-creation-en-sic\\\/#primaryimage\",\"url\":\"https:\\\/\\\/www.sfsic.org\\\/wp-inside\\\/uploads\\\/skp-membership\\\/demande_adh\\\/logo-gripic.png\",\"contentUrl\":\"https:\\\/\\\/www.sfsic.org\\\/wp-inside\\\/uploads\\\/skp-membership\\\/demande_adh\\\/logo-gripic.png\"},{\"@type\":\"BreadcrumbList\",\"@id\":\"https:\\\/\\\/www.sfsic.org\\\/en\\\/aac-evenement\\\/ateliers-de-recherche-et-creation-en-sic\\\/#breadcrumb\",\"itemListElement\":[{\"@type\":\"ListItem\",\"position\":1,\"name\":\"Accueil\",\"item\":\"https:\\\/\\\/www.sfsic.org\\\/en\\\/\"},{\"@type\":\"ListItem\",\"position\":2,\"name\":\"Calls for Contributions\",\"item\":\"https:\\\/\\\/www.sfsic.org\\\/en\\\/cfc-event\\\/\"},{\"@type\":\"ListItem\",\"position\":3,\"name\":\"Seminar\",\"item\":\"https:\\\/\\\/www.sfsic.org\\\/en\\\/cfc-event\\\/seminar\\\/\"},{\"@type\":\"ListItem\",\"position\":4,\"name\":\"Ateliers de recherche et cr\u00e9ation en SIC\"}]},{\"@type\":\"WebSite\",\"@id\":\"https:\\\/\\\/www.sfsic.org\\\/en\\\/#website\",\"url\":\"https:\\\/\\\/www.sfsic.org\\\/en\\\/\",\"name\":\"SFSIC\",\"description\":\"Soci\u00e9t\u00e9 Fran\u00e7aise des Sciences de l&#039;Information &amp; de la Communication\",\"publisher\":{\"@id\":\"https:\\\/\\\/www.sfsic.org\\\/en\\\/#organization\"},\"potentialAction\":[{\"@type\":\"SearchAction\",\"target\":{\"@type\":\"EntryPoint\",\"urlTemplate\":\"https:\\\/\\\/www.sfsic.org\\\/en\\\/?s={search_term_string}\"},\"query-input\":{\"@type\":\"PropertyValueSpecification\",\"valueRequired\":true,\"valueName\":\"search_term_string\"}}],\"inLanguage\":\"en-US\"},{\"@type\":\"Organization\",\"@id\":\"https:\\\/\\\/www.sfsic.org\\\/en\\\/#organization\",\"name\":\"SFSIC\",\"url\":\"https:\\\/\\\/www.sfsic.org\\\/en\\\/\",\"logo\":{\"@type\":\"ImageObject\",\"inLanguage\":\"en-US\",\"@id\":\"https:\\\/\\\/www.sfsic.org\\\/en\\\/#\\\/schema\\\/logo\\\/image\\\/\",\"url\":\"https:\\\/\\\/www.sfsic.org\\\/wp-inside\\\/uploads\\\/2020\\\/05\\\/logo-sfsic.jpg\",\"contentUrl\":\"https:\\\/\\\/www.sfsic.org\\\/wp-inside\\\/uploads\\\/2020\\\/05\\\/logo-sfsic.jpg\",\"width\":1085,\"height\":1080,\"caption\":\"SFSIC\"},\"image\":{\"@id\":\"https:\\\/\\\/www.sfsic.org\\\/en\\\/#\\\/schema\\\/logo\\\/image\\\/\"}},{\"@type\":\"Person\",\"@id\":\"https:\\\/\\\/www.sfsic.org\\\/en\\\/#\\\/schema\\\/person\\\/9f83573bda33f40c68c7c826e9567df6\",\"name\":\"Fabien Bonnet\",\"image\":{\"@type\":\"ImageObject\",\"inLanguage\":\"en-US\",\"@id\":\"https:\\\/\\\/secure.gravatar.com\\\/avatar\\\/88a9288fc13369cb9e30359afa340f8adace82098c18ff09415c6dacd710ddc4?s=96&d=mm&r=g\",\"url\":\"https:\\\/\\\/secure.gravatar.com\\\/avatar\\\/88a9288fc13369cb9e30359afa340f8adace82098c18ff09415c6dacd710ddc4?s=96&d=mm&r=g\",\"contentUrl\":\"https:\\\/\\\/secure.gravatar.com\\\/avatar\\\/88a9288fc13369cb9e30359afa340f8adace82098c18ff09415c6dacd710ddc4?s=96&d=mm&r=g\",\"caption\":\"Fabien Bonnet\"}}]}<\/script>\n<!-- \/ Yoast SEO plugin. -->","yoast_head_json":{"title":"Ateliers de recherche et cr\u00e9ation en SIC","description":"Le GER \"Recherche et Cr\u00e9ation\", labellis\u00e9 par la SFSIC, lance un appel \u00e0 contribution en vue d'ateliers qui se d\u00e9rouleront les 4 et 5 janvier 2022.","robots":{"index":"index","follow":"follow","max-snippet":"max-snippet:-1","max-image-preview":"max-image-preview:large","max-video-preview":"max-video-preview:-1"},"canonical":"https:\/\/www.sfsic.org\/en\/aac-evenement\/ateliers-de-recherche-et-creation-en-sic\/","og_locale":"en_US","og_type":"article","og_title":"Ateliers de recherche et cr\u00e9ation en SIC","og_description":"Le GER \"Recherche et Cr\u00e9ation\", labellis\u00e9 par la SFSIC, lance un appel \u00e0 contribution en vue d'ateliers qui se d\u00e9rouleront les 4 et 5 janvier 2022.","og_url":"https:\/\/www.sfsic.org\/en\/aac-evenement\/ateliers-de-recherche-et-creation-en-sic\/","og_site_name":"SFSIC","article_published_time":"2022-11-18T10:02:34+00:00","article_modified_time":"2022-11-21T09:51:38+00:00","og_image":[{"url":"https:\/\/www.sfsic.org\/wp-inside\/uploads\/skp-membership\/demande_adh\/logo-gripic.png","type":"","width":"","height":""}],"author":"Fabien Bonnet","twitter_card":"summary_large_image","schema":{"@context":"https:\/\/schema.org","@graph":[{"@type":"Article","@id":"https:\/\/www.sfsic.org\/en\/aac-evenement\/ateliers-de-recherche-et-creation-en-sic\/#article","isPartOf":{"@id":"https:\/\/www.sfsic.org\/en\/aac-evenement\/ateliers-de-recherche-et-creation-en-sic\/"},"author":{"name":"Fabien Bonnet","@id":"https:\/\/www.sfsic.org\/en\/#\/schema\/person\/9f83573bda33f40c68c7c826e9567df6"},"headline":"Ateliers de recherche et cr\u00e9ation en SIC","datePublished":"2022-11-18T10:02:34+00:00","dateModified":"2022-11-21T09:51:38+00:00","mainEntityOfPage":{"@id":"https:\/\/www.sfsic.org\/en\/aac-evenement\/ateliers-de-recherche-et-creation-en-sic\/"},"wordCount":974,"publisher":{"@id":"https:\/\/www.sfsic.org\/en\/#organization"},"image":{"@id":"https:\/\/www.sfsic.org\/en\/aac-evenement\/ateliers-de-recherche-et-creation-en-sic\/#primaryimage"},"thumbnailUrl":"https:\/\/www.sfsic.org\/wp-inside\/uploads\/skp-membership\/demande_adh\/logo-gripic.png","keywords":["Atelier","Conception","Cr\u00e9ation","Design"],"articleSection":["AAC \u00c9v\u00e9nement","S\u00e9minaire"],"inLanguage":"en-US"},{"@type":"WebPage","@id":"https:\/\/www.sfsic.org\/en\/aac-evenement\/ateliers-de-recherche-et-creation-en-sic\/","url":"https:\/\/www.sfsic.org\/en\/aac-evenement\/ateliers-de-recherche-et-creation-en-sic\/","name":"Ateliers de recherche et cr\u00e9ation en SIC","isPartOf":{"@id":"https:\/\/www.sfsic.org\/en\/#website"},"primaryImageOfPage":{"@id":"https:\/\/www.sfsic.org\/en\/aac-evenement\/ateliers-de-recherche-et-creation-en-sic\/#primaryimage"},"image":{"@id":"https:\/\/www.sfsic.org\/en\/aac-evenement\/ateliers-de-recherche-et-creation-en-sic\/#primaryimage"},"thumbnailUrl":"https:\/\/www.sfsic.org\/wp-inside\/uploads\/skp-membership\/demande_adh\/logo-gripic.png","datePublished":"2022-11-18T10:02:34+00:00","dateModified":"2022-11-21T09:51:38+00:00","description":"Le GER \"Recherche et Cr\u00e9ation\", labellis\u00e9 par la SFSIC, lance un appel \u00e0 contribution en vue d'ateliers qui se d\u00e9rouleront les 4 et 5 janvier 2022.","breadcrumb":{"@id":"https:\/\/www.sfsic.org\/en\/aac-evenement\/ateliers-de-recherche-et-creation-en-sic\/#breadcrumb"},"inLanguage":"en-US","potentialAction":[{"@type":"ReadAction","target":["https:\/\/www.sfsic.org\/en\/aac-evenement\/ateliers-de-recherche-et-creation-en-sic\/"]}]},{"@type":"ImageObject","inLanguage":"en-US","@id":"https:\/\/www.sfsic.org\/en\/aac-evenement\/ateliers-de-recherche-et-creation-en-sic\/#primaryimage","url":"https:\/\/www.sfsic.org\/wp-inside\/uploads\/skp-membership\/demande_adh\/logo-gripic.png","contentUrl":"https:\/\/www.sfsic.org\/wp-inside\/uploads\/skp-membership\/demande_adh\/logo-gripic.png"},{"@type":"BreadcrumbList","@id":"https:\/\/www.sfsic.org\/en\/aac-evenement\/ateliers-de-recherche-et-creation-en-sic\/#breadcrumb","itemListElement":[{"@type":"ListItem","position":1,"name":"Accueil","item":"https:\/\/www.sfsic.org\/en\/"},{"@type":"ListItem","position":2,"name":"Calls for Contributions","item":"https:\/\/www.sfsic.org\/en\/cfc-event\/"},{"@type":"ListItem","position":3,"name":"Seminar","item":"https:\/\/www.sfsic.org\/en\/cfc-event\/seminar\/"},{"@type":"ListItem","position":4,"name":"Ateliers de recherche et cr\u00e9ation en SIC"}]},{"@type":"WebSite","@id":"https:\/\/www.sfsic.org\/en\/#website","url":"https:\/\/www.sfsic.org\/en\/","name":"SFSIC","description":"Soci\u00e9t\u00e9 Fran\u00e7aise des Sciences de l&#039;Information &amp; de la Communication","publisher":{"@id":"https:\/\/www.sfsic.org\/en\/#organization"},"potentialAction":[{"@type":"SearchAction","target":{"@type":"EntryPoint","urlTemplate":"https:\/\/www.sfsic.org\/en\/?s={search_term_string}"},"query-input":{"@type":"PropertyValueSpecification","valueRequired":true,"valueName":"search_term_string"}}],"inLanguage":"en-US"},{"@type":"Organization","@id":"https:\/\/www.sfsic.org\/en\/#organization","name":"SFSIC","url":"https:\/\/www.sfsic.org\/en\/","logo":{"@type":"ImageObject","inLanguage":"en-US","@id":"https:\/\/www.sfsic.org\/en\/#\/schema\/logo\/image\/","url":"https:\/\/www.sfsic.org\/wp-inside\/uploads\/2020\/05\/logo-sfsic.jpg","contentUrl":"https:\/\/www.sfsic.org\/wp-inside\/uploads\/2020\/05\/logo-sfsic.jpg","width":1085,"height":1080,"caption":"SFSIC"},"image":{"@id":"https:\/\/www.sfsic.org\/en\/#\/schema\/logo\/image\/"}},{"@type":"Person","@id":"https:\/\/www.sfsic.org\/en\/#\/schema\/person\/9f83573bda33f40c68c7c826e9567df6","name":"Fabien Bonnet","image":{"@type":"ImageObject","inLanguage":"en-US","@id":"https:\/\/secure.gravatar.com\/avatar\/88a9288fc13369cb9e30359afa340f8adace82098c18ff09415c6dacd710ddc4?s=96&d=mm&r=g","url":"https:\/\/secure.gravatar.com\/avatar\/88a9288fc13369cb9e30359afa340f8adace82098c18ff09415c6dacd710ddc4?s=96&d=mm&r=g","contentUrl":"https:\/\/secure.gravatar.com\/avatar\/88a9288fc13369cb9e30359afa340f8adace82098c18ff09415c6dacd710ddc4?s=96&d=mm&r=g","caption":"Fabien Bonnet"}}]}},"_links":{"self":[{"href":"https:\/\/www.sfsic.org\/en\/wp-json\/wp\/v2\/posts\/26691","targetHints":{"allow":["GET"]}}],"collection":[{"href":"https:\/\/www.sfsic.org\/en\/wp-json\/wp\/v2\/posts"}],"about":[{"href":"https:\/\/www.sfsic.org\/en\/wp-json\/wp\/v2\/types\/post"}],"author":[{"embeddable":true,"href":"https:\/\/www.sfsic.org\/en\/wp-json\/wp\/v2\/users\/957"}],"replies":[{"embeddable":true,"href":"https:\/\/www.sfsic.org\/en\/wp-json\/wp\/v2\/comments?post=26691"}],"version-history":[{"count":3,"href":"https:\/\/www.sfsic.org\/en\/wp-json\/wp\/v2\/posts\/26691\/revisions"}],"predecessor-version":[{"id":26715,"href":"https:\/\/www.sfsic.org\/en\/wp-json\/wp\/v2\/posts\/26691\/revisions\/26715"}],"wp:attachment":[{"href":"https:\/\/www.sfsic.org\/en\/wp-json\/wp\/v2\/media?parent=26691"}],"wp:term":[{"taxonomy":"category","embeddable":true,"href":"https:\/\/www.sfsic.org\/en\/wp-json\/wp\/v2\/categories?post=26691"},{"taxonomy":"post_tag","embeddable":true,"href":"https:\/\/www.sfsic.org\/en\/wp-json\/wp\/v2\/tags?post=26691"},{"taxonomy":"thematique","embeddable":true,"href":"https:\/\/www.sfsic.org\/en\/wp-json\/wp\/v2\/thematique?post=26691"},{"taxonomy":"sfsic","embeddable":true,"href":"https:\/\/www.sfsic.org\/en\/wp-json\/wp\/v2\/sfsic?post=26691"}],"curies":[{"name":"wp","href":"https:\/\/api.w.org\/{rel}","templated":true}]}}