{"id":26633,"date":"2022-11-18T14:56:22","date_gmt":"2022-11-18T13:56:22","guid":{"rendered":"https:\/\/www.sfsic.org\/?p=26633"},"modified":"2022-11-21T13:41:49","modified_gmt":"2022-11-21T12:41:49","slug":"20-ans-10-questions-20-reponses","status":"publish","type":"post","link":"https:\/\/www.sfsic.org\/en\/publication\/20-ans-10-questions-20-reponses\/","title":{"rendered":"20 ans, 10 questions, 20 r\u00e9ponses"},"content":{"rendered":"<p><!-- fxzn:singledetail --><\/p>\n<div class=\"zone zn-singledetail\" id=\"fxzn-singledetail-1\">\n<div class=\"zone-block zn-singledetail-block alignwide va-top\">\n<div class=\"row\">\n<div class=\"columns large-8 large-push-4\">\n<div class=\"zn-singledetail-metabox\">\n<div class=\"zn-singledetail-pubdate pubdate\">\n\t\t\t\t\t<span class=\"pubdate-txt\">Mis en ligne le<\/span><span class=\"doubledot\"><\/span> <time class=\"pubdate-time\" pubdate datetime=\"2022-11-18T14:56:22+01:00\">18 novembre 2022<\/time>\t\t\t\t<\/div>\n<\/p><\/div>\n<\/p><\/div>\n<\/p><\/div>\n<div class=\"row\">\n<div class=\"columns large-4\">\n<div class=\"zn-singledetail-sidebar bg-cornersquares\">\n<div class=\"zn-singledetail-infos\">\n<p class=\"zn-singledetail-type\">\n\t\t\t\t\t\t\t<span>Type de publication<\/span><span class=\"doubledot\"><\/span> <strong>Num\u00e9ro de revue<\/strong>\n\t\t\t\t\t<\/p>\n<p class=\"zn-singledetail-edition\">\n\t\t\t\t\t\t\t<span>\u00c9dition<\/span><span class=\"doubledot\"><\/span> <strong>OpenEdition Journals<\/strong>\n\t\t\t\t\t<\/p>\n<\/p><\/div>\n<div class=\"zn-singledetail-weblinks\">\n<h3 class=\"zn-singledetail-section-title\">Sites internet de r\u00e9f\u00e9rence<\/h3>\n<ul class=\"zn-singledetail-weblinks-list\">\n<li>\n\t\t\t\t\t\t\t<a class=\"prettylink chainlink\" href=\"https:\/\/journals.openedition.org\/questionsdecommunication\/\" title=\"Question de communication\" target=\"_blank\" rel=\"noopener\">Question de communication<\/a>\n\t\t\t\t\t\t<\/li>\n<\/ul><\/div>\n<\/p><\/div>\n<\/p><\/div>\n<div class=\"columns large-8\">\n<div class=\"zn-singledetail-contentbox\">\n<div class=\"zn-singledetail-annonce wig-content\">\n<h2>Pr\u00e9sentation<\/h2>\n<p>\u00c0 l\u2019occasion des 20 ans de la revue, le comit\u00e9 de r\u00e9daction de Questions de communication pose 10 questions, chacune consacr\u00e9e \u00e0 une th\u00e9matique d\u2019actualit\u00e9. En invitant deux chercheur\u00b7es \u00e0 r\u00e9pondre \u00e0 chaque interrogation, ce sont des approches compl\u00e9mentaires qui sont propos\u00e9es et ouvrent des perspectives.<\/p>\n<p>Transversale et pluridisciplinaire, cette livraison sp\u00e9ciale aborde la communication sous plusieurs prismes&#160;: discriminations et violences, participatif, propagandes internationales, pand\u00e9mie et strat\u00e9gies, environnement, espace\/temps et travail, algorithmes, audiovisuel num\u00e9rique, art et sciences sociales, mat\u00e9riel\/immat\u00e9riel.<\/p>\n<p><img decoding=\"async\" loading=\"lazy\" class=\"size-w200 wp-image-26705 aligncenter\" src=\"https:\/\/www.sfsic.org\/wp-inside\/uploads\/2022\/11\/couverture-questions-de-communication-41-200x300.jpg\" alt=\"Couverture Questions de communication 41\" width=\"200\" height=\"300\" srcset=\"https:\/\/www.sfsic.org\/wp-inside\/uploads\/2022\/11\/couverture-questions-de-communication-41-200x300.jpg 200w, https:\/\/www.sfsic.org\/wp-inside\/uploads\/2022\/11\/couverture-questions-de-communication-41-683x1024.jpg 683w, https:\/\/www.sfsic.org\/wp-inside\/uploads\/2022\/11\/couverture-questions-de-communication-41-768x1152.jpg 768w, https:\/\/www.sfsic.org\/wp-inside\/uploads\/2022\/11\/couverture-questions-de-communication-41-1024x1536.jpg 1024w, https:\/\/www.sfsic.org\/wp-inside\/uploads\/2022\/11\/couverture-questions-de-communication-41-1365x2048.jpg 1365w, https:\/\/www.sfsic.org\/wp-inside\/uploads\/2022\/11\/couverture-questions-de-communication-41-213x320.jpg 213w, https:\/\/www.sfsic.org\/wp-inside\/uploads\/2022\/11\/couverture-questions-de-communication-41-180x269.jpg 180w, https:\/\/www.sfsic.org\/wp-inside\/uploads\/2022\/11\/couverture-questions-de-communication-41-300x448.jpg 300w, https:\/\/www.sfsic.org\/wp-inside\/uploads\/2022\/11\/couverture-questions-de-communication-41-780x1170.jpg 780w, https:\/\/www.sfsic.org\/wp-inside\/uploads\/2022\/11\/couverture-questions-de-communication-41.jpg 1400w\" sizes=\"auto, (max-width: 200px) 100vw, 200px\" \/><\/p>\n<h2>Sommaire<\/h2>\n<h3>Discriminations et violences&#160;: quelles formes et pr\u00e9sences m\u00e9diatiques des luttes contemporaines&#160;?<br \/>\n<em>Discrimination and violence&#160;: what forms and media presence of contemporary conflicts<\/em><\/h3>\n<ul>\n<li><strong>Lo\u00efc\u00a0Ballarini\u00a0et Isabelle\u00a0Garcin-Marrou<\/strong><\/li>\n<\/ul>\n<p style=\"font-weight: 400;\"><a href=\"https:\/\/journals.openedition.org\/questionsdecommunication\/28473\">Des revendications en qu\u00eate de reconnaissance<\/a>\u00a0[Texte int\u00e9gral]<\/p>\n<p style=\"font-weight: 400;\">L\u00e9gitimit\u00e9 des acteur\u00b7rices et visibilit\u00e9 des luttes dans les espaces m\u00e9diatiques<\/p>\n<p style=\"font-weight: 400;\"><em>Claims in search of recognition. Legitimacy of actors and visibility of fights in media spaces<\/em><\/p>\n<ul>\n<li><strong>Erik\u00a0Bleich<\/strong><\/li>\n<\/ul>\n<p style=\"font-weight: 400;\"><a href=\"https:\/\/journals.openedition.org\/questionsdecommunication\/28699\">\u00ab&#160;Un miroir tendu par les \u00c9tats-Unis&#160;\u00bb<\/a>\u00a0[Texte int\u00e9gral]<\/p>\n<p style=\"font-weight: 400;\">La couverture journalistique de\u00a0<em>Black Lives Matter\u00a0<\/em>en France<\/p>\n<p style=\"font-weight: 400;\"><em>\u201cUn miroir tendu par les \u00c9tats-Unis\u201d&#160;: Newspaper Coverage of Black Lives Matter in France<\/em><\/p>\n<ul>\n<li><strong>Ulrike Lune\u00a0Riboni<\/strong><\/li>\n<\/ul>\n<p style=\"font-weight: 400;\"><a href=\"https:\/\/journals.openedition.org\/questionsdecommunication\/28734\">Au-del\u00e0 du \u00ab&#160;vid\u00e9o-activisme&#160;\u00bb&#160;: la politisation de la vid\u00e9o dans les luttes sociales contemporaines<\/a>\u00a0[Texte int\u00e9gral]<\/p>\n<p style=\"font-weight: 400;\">Beyond \u00ab&#160;video activism&#160;\u00bb&#160;: the politicization of video in contemporary social struggles<\/p>\n<h3>Participatif&#160;: un moment critique&#160;?<\/h3>\n<h3 style=\"font-weight: 400;\"><em>Participative&#160;: a critical moment&#160;?<\/em><\/h3>\n<ul>\n<li><strong>Anne\u00a0Piponnier\u00a0et C\u00e9line\u00a0S\u00e9gur<\/strong><\/li>\n<\/ul>\n<p style=\"font-weight: 400;\"><a href=\"https:\/\/journals.openedition.org\/questionsdecommunication\/28538\">Un \u00ab&#160;moment critique&#160;\u00bb pour la participation&#160;?<\/a>\u00a0[Texte int\u00e9gral]<\/p>\n<p style=\"font-weight: 400;\"><em>A \u201ccritical time\u201d for participation&#160;?<\/em><\/p>\n<ul>\n<li><strong>Lo\u00efc\u00a0Blondiaux<\/strong><\/li>\n<\/ul>\n<p style=\"font-weight: 400;\"><a href=\"https:\/\/journals.openedition.org\/questionsdecommunication\/28823\">Le participatif en actes&#160;: quel avenir pour l\u2019injonction \u00e0 la participation&#160;?<\/a>\u00a0[Texte int\u00e9gral]<\/p>\n<p style=\"font-weight: 400;\"><em>The achievement of participation&#160;: what future for participatory imperative&#160;?<\/em><\/p>\n<ul>\n<li><strong>Marie\u00a0Dufrasne<\/strong><\/li>\n<\/ul>\n<p style=\"font-weight: 400;\"><a href=\"https:\/\/journals.openedition.org\/questionsdecommunication\/28849\">Les dispositifs participatifs dans un monde de communication<\/a>\u00a0[Texte int\u00e9gral]<\/p>\n<p style=\"font-weight: 400;\"><em>Participatory mechanisms in a world of communication<\/em><\/p>\n<h3>Propagandes internationales&#160;: de nouvelles formes&#160;?<\/h3>\n<h3><em>International propaganda&#160;: new forms&#160;?<\/em><\/h3>\n<ul>\n<li><strong>Tristan\u00a0Mattelart, Bernard\u00a0Idelson\u00a0et Nicolas\u00a0P\u00e9lissier<\/strong><\/li>\n<\/ul>\n<p style=\"font-weight: 400;\"><a href=\"https:\/\/journals.openedition.org\/questionsdecommunication\/28590\">Les mutations des strat\u00e9gies transnationales d\u2019influence m\u00e9diatique des \u00c9tats<\/a>\u00a0[Texte int\u00e9gral]<\/p>\n<p style=\"font-weight: 400;\">When States develop new transnational strategies of media influence<\/p>\n<ul>\n<li><strong>Olivier\u00a0Koch<\/strong><\/li>\n<\/ul>\n<p style=\"font-weight: 400;\"><a href=\"https:\/\/journals.openedition.org\/questionsdecommunication\/28800\">La \u00ab&#160;diplomatie publique digitale&#160;\u00bb des \u00c9tats-Unis, nouvel art de gouvernement des publics \u00e9trangers en ligne<\/a>\u00a0[Texte int\u00e9gral]<\/p>\n<p style=\"font-weight: 400;\"><em>\u00ab&#160;Digital public diplomacy&#160;\u00bb of the United States, new art of governing foreign audience online<\/em><\/p>\n<ul>\n<li><strong>Maxime\u00a0Audinet\u00a0et Kevin\u00a0Limonier<\/strong><\/li>\n<\/ul>\n<p style=\"font-weight: 400;\"><a href=\"https:\/\/journals.openedition.org\/questionsdecommunication\/29005\">Le dispositif d\u2019influence informationnelle de la Russie en Afrique subsaharienne francophone&#160;: un \u00e9cosyst\u00e8me flexible et composite<\/a>\u00a0[Texte int\u00e9gral]<\/p>\n<p style=\"font-weight: 400;\"><em>Russia\u2019s informational influence in Francophone Sub-Saharan Africa&#160;: a flexible and heterogenous ecosystem<\/em><\/p>\n<h3>Pand\u00e9mie et strat\u00e9gies de communication&#160;: rupture ou continuit\u00e9&#160;?<\/h3>\n<h3><em>Pandemic and communication strategies&#160;: rupture or continuity&#160;?<\/em><\/h3>\n<ul>\n<li><strong>Emmanuelle\u00a0Simon<\/strong><\/li>\n<\/ul>\n<p style=\"font-weight: 400;\"><a href=\"https:\/\/journals.openedition.org\/questionsdecommunication\/28385\">La d\u00e9mocratie sanitaire peut-elle gu\u00e9rir de l\u2019\u00e9pid\u00e9mie de Covid-19&#160;?<\/a>\u00a0[Texte int\u00e9gral]<\/p>\n<p style=\"font-weight: 400;\"><em>Can health democracy recover from the Covid-19 epidemic&#160;?<\/em><\/p>\n<ul>\n<li><strong>Olivier\u00a0A\u00efm\u00a0et Anneliese\u00a0Depoux<\/strong><\/li>\n<\/ul>\n<p style=\"font-weight: 400;\"><a href=\"https:\/\/journals.openedition.org\/questionsdecommunication\/28909\">Naissance de l\u2019infod\u00e9miologie. Le cas de l\u2019OMS&#160;: vers une nouvelle organisation mondiale de l\u2019information sanitaire&#160;?<\/a>\u00a0[Texte int\u00e9gral]<\/p>\n<p style=\"font-weight: 400;\"><em>The birth of infodemiology. The case of WHO&#160;: towards a new global health information organization&#160;?<\/em><\/p>\n<ul>\n<li><strong>Jean-Pierre\u00a0Dozon<\/strong><\/li>\n<\/ul>\n<p style=\"font-weight: 400;\"><a href=\"https:\/\/journals.openedition.org\/questionsdecommunication\/28205\">Un mod\u00e8le archa\u00efque de pr\u00e9vention et de lutte contre les \u00e9pid\u00e9mies r\u00e9invent\u00e9 par le Covid-19<\/a>\u00a0[Texte int\u00e9gral]<\/p>\n<p style=\"font-weight: 400;\"><em>An outdated prevention pattern to fight against outbreaks reinvented by Covid-19 pandemic.<\/em><\/p>\n<h3>L\u2019environnement&#160;: une lecture holistique du monde&#160;?<\/h3>\n<h3><em>The environment&#160;: a holistic reading of the world&#160;?<\/em><\/h3>\n<ul>\n<li><strong>Fran\u00e7ois\u00a0Allard-Huver\u00a0et Justine\u00a0Simon<\/strong><\/li>\n<\/ul>\n<p style=\"font-weight: 400;\"><a href=\"https:\/\/journals.openedition.org\/questionsdecommunication\/29325\">Communication et humanit\u00e9s face aux d\u00e9fis environnementaux<\/a>\u00a0[Texte int\u00e9gral]<\/p>\n<p style=\"font-weight: 400;\"><em>Communication and humanities in the face of environmental challenges<\/em><\/p>\n<ul>\n<li><strong>Andrea\u00a0Catellani<\/strong><\/li>\n<\/ul>\n<p style=\"font-weight: 400;\"><a href=\"https:\/\/journals.openedition.org\/questionsdecommunication\/28863\">Signes, sens et environnement<\/a>\u00a0[Texte int\u00e9gral]<\/p>\n<p style=\"font-weight: 400;\">Notes sur les apports des s\u00e9miotiques \u00e0 l\u2019analyse de la pr\u00e9sence de l\u2019environnement en communication<\/p>\n<p style=\"font-weight: 400;\"><em>Signs, meanings and environment&#160;: notes on the contributions of semiotics to the analysis of the presence of the environment in communication<\/em><\/p>\n<ul>\n<li><strong>C\u00e9line\u00a0Pascual Espuny<\/strong><\/li>\n<\/ul>\n<p style=\"font-weight: 400;\"><a href=\"https:\/\/journals.openedition.org\/questionsdecommunication\/28993\">La communication environnementale, au c\u0153ur des humanit\u00e9s environnementales<\/a>\u00a0[Texte int\u00e9gral]<\/p>\n<p style=\"font-weight: 400;\"><em>Environmental communication, at the heart of environmental humanities<\/em><\/p>\n<h3>Espace\/temps et travail&#160;: quelles reconfigurations&#160;?<\/h3>\n<h3><em>Space, time and work&#160;: what reconfigurations&#160;?<\/em><\/h3>\n<ul>\n<li><strong>St\u00e9phane\u00a0Dufour\u00a0et Sylvie\u00a0Thi\u00e9blemont-Dollet<\/strong><\/li>\n<\/ul>\n<p style=\"font-weight: 400;\"><a href=\"https:\/\/journals.openedition.org\/questionsdecommunication\/28635\">\u00c9clatement et recomposition de l\u2019unit\u00e9 de temps et d\u2019espace du travail<\/a>\u00a0[Texte int\u00e9gral]<\/p>\n<ul>\n<li><strong>Aurore\u00a0Flipo<\/strong><\/li>\n<\/ul>\n<p style=\"font-weight: 400;\"><a href=\"https:\/\/journals.openedition.org\/questionsdecommunication\/28129\">Travail d\u00e9spatialis\u00e9, travail lib\u00e9r\u00e9&#160;?<\/a>\u00a0[Texte int\u00e9gral]<\/p>\n<p style=\"font-weight: 400;\">La recomposition des in\u00e9galit\u00e9s face aux mutations des formes d\u2019organisation spatiale du travail<\/p>\n<p style=\"font-weight: 400;\"><em>De-spatialized Labour&#160;? Inequalities and changing patterns of spatial labour organisation<\/em><\/p>\n<ul>\n<li><strong>Sylvie\u00a0C\u00e9l\u00e9rier\u00a0et Sylvie\u00a0Monchatre<\/strong><\/li>\n<\/ul>\n<p style=\"font-weight: 400;\"><a href=\"https:\/\/journals.openedition.org\/questionsdecommunication\/29055\">Nouvelles temporalit\u00e9s du travail&#160;: de l\u2019\u00e9clatement \u00e0 l\u2019h\u00e9g\u00e9monie&#160;?<\/a>\u00a0[Texte int\u00e9gral]<\/p>\n<p style=\"font-weight: 400;\"><em>New temporalities of work&#160;: from splintering to hegemony&#160;?<\/em><\/p>\n<h3>L&rsquo;algorithme, espace et objet de d\u00e9bats&#160;?<\/h3>\n<h3 style=\"font-weight: 400;\"><em>The algorithm, space and object of debate&#160;?<\/em><\/h3>\n<ul>\n<li><strong>Fr\u00e9d\u00e9ric\u00a0Gimello-Mesplomb, Brigitte\u00a0Simonnot\u00a0et B\u00e9n\u00e9dicte\u00a0Toullec<\/strong><\/li>\n<\/ul>\n<p style=\"font-weight: 400;\"><a href=\"https:\/\/journals.openedition.org\/questionsdecommunication\/28275\">Vivre avec les algorithmes<\/a>\u00a0[Texte int\u00e9gral]<\/p>\n<p style=\"font-weight: 400;\">D\u00e9passer les craintes, rendre intelligibles les enjeux<\/p>\n<p style=\"font-weight: 400;\"><em>Living with algorithms&#160;: overcoming fears, making the issues intelligible<\/em><\/p>\n<ul>\n<li><strong>Bruno\u00a0Bachimont<\/strong><\/li>\n<\/ul>\n<p style=\"font-weight: 400;\"><a href=\"https:\/\/journals.openedition.org\/questionsdecommunication\/28169\">Une d\u00e9cision calcul\u00e9e peut-elle tenir lieu de jugement&#160;? Consid\u00e9rations sur la facult\u00e9 de juger et son instrumentation<\/a>\u00a0[Texte int\u00e9gral]<\/p>\n<p style=\"font-weight: 400;\"><em>Could a calculated decision substitute with a judgment&#160;? Considerations about the faculty of judgment and its instrumentation<\/em><\/p>\n<ul>\n<li><strong>Vincent\u00a0Cohen-Addad<\/strong><\/li>\n<\/ul>\n<p style=\"font-weight: 400;\"><a href=\"https:\/\/journals.openedition.org\/questionsdecommunication\/29098\">Comprendre les algorithmes, leurs risques et leurs promesses<\/a>\u00a0[Texte int\u00e9gral]<\/p>\n<p style=\"font-weight: 400;\">Que recouvre le champ de recherche des algorithmes&#160;? Quelles en sont les limites et les perspectives de d<strong>\u00e9<\/strong>veloppement&#160;?<\/p>\n<p style=\"font-weight: 400;\"><em>Understanding algorithms, their risks and promises. What does the field of algorithmic research cover&#160;? What are the limits and perspectives of development&#160;?<\/em><\/p>\n<h3>L&rsquo;audiovisuel num\u00e9rique&#160;: \u00e9clatement ou r\u00e9agencement&#160;?<\/h3>\n<h3><em>Digital audiovisual&#160;: splintering or rearranging&#160;?<\/em><\/h3>\n<ul>\n<li><strong>Guillaume\u00a0Soulez, C\u00e9line\u00a0S\u00e9gur\u00a0et Marie-Pierre\u00a0Fourquet-Courbet<\/strong><\/li>\n<\/ul>\n<p style=\"font-weight: 400;\"><a href=\"https:\/\/journals.openedition.org\/questionsdecommunication\/28648\">Penser l\u2019audiovisuel num\u00e9rique&#160;: vers une nouvelle \u00e9tape<\/a>\u00a0[Texte int\u00e9gral]<\/p>\n<p style=\"font-weight: 400;\">Thinking about digital audiovisual&#160;: towards new challenges<\/p>\n<ul>\n<li><strong>William\u00a0Uricchio<\/strong><\/li>\n<\/ul>\n<p style=\"font-weight: 400;\"><a href=\"https:\/\/journals.openedition.org\/questionsdecommunication\/29145\">M\u00e9dias r\u00e9cursifs<\/a>\u00a0[Texte int\u00e9gral]<\/p>\n<p style=\"font-weight: 400;\"><em>Recursive Media<\/em><\/p>\n<ul>\n<li><strong>Christine\u00a0Tho\u00ebr, St\u00e9fany\u00a0Boisvert\u00a0et Katharina\u00a0Niemeyer<\/strong><\/li>\n<\/ul>\n<p style=\"font-weight: 400;\"><a href=\"https:\/\/journals.openedition.org\/questionsdecommunication\/29183\">La t\u00e9l\u00e9vision \u00e0 l\u2019\u00e8re des plateformes<\/a>\u00a0[Texte int\u00e9gral]<\/p>\n<p style=\"font-weight: 400;\">Quels enjeux et opportunit\u00e9s pour l\u2019industrie de l\u2019audiovisuel et les publics&#160;?<\/p>\n<p style=\"font-weight: 400;\"><em>Television in the multi-platform era&#160;: challenges and opportunities faced by the audiovisual industry and audiences<\/em><\/p>\n<h3>Art et sciences sociales&#160;: quelles productions de savoirs crois\u00e9s&#160;?<\/h3>\n<h3><em>Art and social sciences&#160;: which productions of crossed knowledge&#160;?<\/em><\/h3>\n<ul>\n<li><strong>Patrice de La\u00a0Broise\u00a0et Pierre\u00a0Morelli<\/strong><\/li>\n<\/ul>\n<p style=\"font-weight: 400;\"><a href=\"https:\/\/journals.openedition.org\/questionsdecommunication\/28678\">Repenser la m\u00e9diation au prisme de l\u2019art et des sciences sociales<\/a>\u00a0[Texte int\u00e9gral]<\/p>\n<p style=\"font-weight: 400;\"><em>Rethinking mediation through the lens of art and social sciences<\/em><\/p>\n<ul>\n<li><strong>Marie-Christine\u00a0Bordeaux<\/strong><\/li>\n<\/ul>\n<p style=\"font-weight: 400;\"><a href=\"https:\/\/journals.openedition.org\/questionsdecommunication\/28435\">Les nouvelles configurations des relations entre milieux scientifiques et milieux artistiques dans les dispositifs et projets \u00ab&#160;art-science&#160;\u00bb&#160;: promesses et impens\u00e9s<\/a>\u00a0[Texte int\u00e9gral]<\/p>\n<p style=\"font-weight: 400;\"><em>New configurations of the relations between scientific and artistic fields in the devices and projects \u201cart and science\u201d<\/em><\/p>\n<ul>\n<li><strong>Jean-Paul\u00a0Fourmentraux<\/strong><\/li>\n<\/ul>\n<p style=\"font-weight: 400;\"><a href=\"https:\/\/journals.openedition.org\/questionsdecommunication\/29223\">Zone Critique<\/a>\u00a0[Texte int\u00e9gral]<\/p>\n<p style=\"font-weight: 400;\">Art, Science et Anthropoc\u00e8ne&#160;: par-del\u00e0 la \u00ab&#160;Nature&#160;\u00bb<\/p>\n<p style=\"font-weight: 400;\"><em>Critical Zone. Art, Science and the Anthropocene&#160;: Beyond \u201dNature\u201d<\/em><\/p>\n<h3>Terrains mat\u00e9riels, terrains immat\u00e9riels&#160;: vers une transformation des m\u00e9thodes&#160;?<\/h3>\n<h3><em>Material lands, immaterial lands&#160;: towards a transformation of methods&#160;?<\/em><\/h3>\n<ul>\n<li>\n<h3><strong>Nathalie\u00a0Pin\u00e8de\u00a0et Arnaud\u00a0Mercier<\/strong><\/h3>\n<\/li>\n<\/ul>\n<p style=\"font-weight: 400;\"><a href=\"https:\/\/journals.openedition.org\/questionsdecommunication\/28282\">Num\u00e9rique, donn\u00e9es et m\u00e9thodes<\/a>\u00a0[Texte int\u00e9gral]<\/p>\n<p style=\"font-weight: 400;\">Tentations, renouvellements et permanences.<\/p>\n<p style=\"font-weight: 400;\"><em>Digital, data and methods&#160;: temptations, renewals and continuities<\/em><\/p>\n<ul>\n<li><strong>Ghislaine\u00a0Chartron<\/strong><\/li>\n<\/ul>\n<p style=\"font-weight: 400;\"><a href=\"https:\/\/journals.openedition.org\/questionsdecommunication\/28334\">Inflation des donn\u00e9es, ren\u00e9gociations des cadres, opportunit\u00e9s pour la recherche en SHS&#160;?<\/a>[Texte int\u00e9gral]<\/p>\n<p style=\"font-weight: 400;\"><em>Data inflation, framework renegotiations, opportunities for Social Sciences and Humanities research&#160;?<\/em><\/p>\n<ul>\n<li><strong>Anne\u00a0Cordier<\/strong><\/li>\n<\/ul>\n<p style=\"font-weight: 400;\"><a href=\"https:\/\/journals.openedition.org\/questionsdecommunication\/29278\">Le Grand Remplacement m\u00e9thodologique n\u2019aura pas lieu<\/a>\u00a0[Texte int\u00e9gral]<\/p>\n<p style=\"font-weight: 400;\">Nous sommes des artisan\u00b7es<\/p>\n<p style=\"font-weight: 400;\"><em>The great methodological replacement will not take place&#160;: We are craftspeople<\/em><\/p>\n<h3>Livres re\u00e7us<\/h3>\n<p><a href=\"https:\/\/journals.openedition.org\/questionsdecommunication\/29434\">Livres Re\u00e7us<\/a><\/p>\n<p><em>Received Books<\/em><\/p>\n<p style=\"font-weight: 400;\">\n\t\t\t\t<\/div>\n<div class=\"zn-singledetail-keywords\">\n<h3 class=\"zn-singledetail-section-title\">Mots-cl\u00e9s<\/h3>\n<ul class=\"termslist termslist-post_tag\">\n<li class=\"termslist-item termslist-title\"><span class=\"termslist-titletxt\">Mots-cl\u00e9s<\/span><span class=\"doubledot\"><\/span><\/li>\n<li class=\"termslist-item tax-post_tag term-afrique\"><a class=\"termslist-itemlink\" href=\"https:\/\/www.sfsic.org\/tag\/afrique\/\" title=\"Afrique\"><span class=\"termslist-itemname\">Afrique<\/span><\/a><\/li>\n<li class=\"termslist-item tax-post_tag term-algorithmes\"><a class=\"termslist-itemlink\" href=\"https:\/\/www.sfsic.org\/tag\/algorithmes\/\" title=\"Algorithmes\"><span class=\"termslist-itemname\">Algorithmes<\/span><\/a><\/li>\n<li class=\"termslist-item tax-post_tag term-audiovisuel\"><a class=\"termslist-itemlink\" href=\"https:\/\/www.sfsic.org\/tag\/audiovisuel\/\" title=\"Audiovisuel\"><span class=\"termslist-itemname\">Audiovisuel<\/span><\/a><\/li>\n<li class=\"termslist-item tax-post_tag term-communication-institutionnelle\"><a class=\"termslist-itemlink\" href=\"https:\/\/www.sfsic.org\/tag\/communication-institutionnelle\/\" title=\"Communication institutionnelle\"><span class=\"termslist-itemname\">Communication institutionnelle<\/span><\/a><\/li>\n<li class=\"termslist-item tax-post_tag term-communication-politique\"><a class=\"termslist-itemlink\" href=\"https:\/\/www.sfsic.org\/tag\/communication-politique\/\" title=\"Communication politique\"><span class=\"termslist-itemname\">Communication politique<\/span><\/a><\/li>\n<li class=\"termslist-item tax-post_tag term-covid-19\"><a class=\"termslist-itemlink\" href=\"https:\/\/www.sfsic.org\/tag\/covid-19\/\" title=\"Covid-19\"><span class=\"termslist-itemname\">Covid-19<\/span><\/a><\/li>\n<li class=\"termslist-item tax-post_tag term-donnees\"><a class=\"termslist-itemlink\" href=\"https:\/\/www.sfsic.org\/tag\/donnees\/\" title=\"Donn\u00e9es\"><span class=\"termslist-itemname\">Donn\u00e9es<\/span><\/a><\/li>\n<li class=\"termslist-item tax-post_tag term-environnement\"><a class=\"termslist-itemlink\" href=\"https:\/\/www.sfsic.org\/tag\/environnement\/\" title=\"Environnement\"><span class=\"termslist-itemname\">Environnement<\/span><\/a><\/li>\n<li class=\"termslist-item tax-post_tag term-numerique\"><a class=\"termslist-itemlink\" href=\"https:\/\/www.sfsic.org\/tag\/numerique\/\" title=\"Num\u00e9rique\"><span class=\"termslist-itemname\">Num\u00e9rique<\/span><\/a><\/li>\n<li class=\"termslist-item tax-post_tag term-travail\"><a class=\"termslist-itemlink\" href=\"https:\/\/www.sfsic.org\/tag\/travail\/\" title=\"Travail\"><span class=\"termslist-itemname\">Travail<\/span><\/a><\/li>\n<\/ul><\/div>\n<\/p><\/div>\n<\/p><\/div>\n<\/p><\/div>\n<\/p><\/div>\n<\/div>\n<p><!-- \/fxzn:singledetail --><\/p>\n","protected":false},"excerpt":{"rendered":"<p>Mis en ligne le 18 novembre 2022 Type de publication Num\u00e9ro de revue \u00c9dition OpenEdition Journals Sites internet de r\u00e9f\u00e9rence Question de communication Pr\u00e9sentation \u00c0 l\u2019occasion des 20 ans de [&hellip;]<\/p>\n","protected":false},"author":1388,"featured_media":0,"comment_status":"closed","ping_status":"closed","sticky":false,"template":"","format":"standard","meta":{"_acf_changed":false,"footnotes":""},"categories":[70,31],"tags":[361,684,111,659,347,323,128,434,90,109],"thematique":[],"sfsic":[],"class_list":["post-26633","post","type-post","status-publish","format-standard","hentry","category-numero-revue","category-publication","tag-afrique","tag-algorithmes","tag-audiovisuel","tag-communication-institutionnelle","tag-communication-politique","tag-covid-19","tag-donnees","tag-environnement","tag-numerique","tag-travail","wp-sticky"],"acf":[],"yoast_head":"<!-- This site is optimized with the Yoast SEO plugin v27.5 - https:\/\/yoast.com\/product\/yoast-seo-wordpress\/ -->\n<title>20 ans, 10 questions, 20 r\u00e9ponses<\/title>\n<meta name=\"description\" content=\"\u00c0 l\u2019occasion des 20 ans de la revue, le comit\u00e9 de r\u00e9daction de Questions de communication pose 10 questions, chacune consacr\u00e9e \u00e0 une th\u00e9matique d\u2019actualit\u00e9.\" \/>\n<meta name=\"robots\" content=\"index, follow, max-snippet:-1, max-image-preview:large, max-video-preview:-1\" \/>\n<link rel=\"canonical\" href=\"https:\/\/www.sfsic.org\/en\/publication\/20-ans-10-questions-20-reponses\/\" \/>\n<meta property=\"og:locale\" content=\"en_US\" \/>\n<meta property=\"og:type\" content=\"article\" \/>\n<meta property=\"og:title\" content=\"20 ans, 10 questions, 20 r\u00e9ponses\" \/>\n<meta property=\"og:description\" content=\"\u00c0 l\u2019occasion des 20 ans de la revue, le comit\u00e9 de r\u00e9daction de Questions de communication pose 10 questions, chacune consacr\u00e9e \u00e0 une th\u00e9matique d\u2019actualit\u00e9.\" \/>\n<meta property=\"og:url\" content=\"https:\/\/www.sfsic.org\/en\/publication\/20-ans-10-questions-20-reponses\/\" \/>\n<meta property=\"og:site_name\" content=\"SFSIC\" \/>\n<meta property=\"article:published_time\" content=\"2022-11-18T13:56:22+00:00\" \/>\n<meta property=\"article:modified_time\" content=\"2022-11-21T12:41:49+00:00\" \/>\n<meta property=\"og:image\" content=\"https:\/\/www.sfsic.org\/wp-inside\/uploads\/2022\/11\/couverture-questions-de-communication-41-200x300.jpg\" \/>\n<meta name=\"author\" content=\"Julie Guyonnet\" \/>\n<meta name=\"twitter:card\" content=\"summary_large_image\" \/>\n<script type=\"application\/ld+json\" class=\"yoast-schema-graph\">{\"@context\":\"https:\\\/\\\/schema.org\",\"@graph\":[{\"@type\":\"Article\",\"@id\":\"https:\\\/\\\/www.sfsic.org\\\/en\\\/publication\\\/20-ans-10-questions-20-reponses\\\/#article\",\"isPartOf\":{\"@id\":\"https:\\\/\\\/www.sfsic.org\\\/en\\\/publication\\\/20-ans-10-questions-20-reponses\\\/\"},\"author\":{\"name\":\"Julie Guyonnet\",\"@id\":\"https:\\\/\\\/www.sfsic.org\\\/en\\\/#\\\/schema\\\/person\\\/71538006b3c060eb48cd0a7e7e38d255\"},\"headline\":\"20 ans, 10 questions, 20 r\u00e9ponses\",\"datePublished\":\"2022-11-18T13:56:22+00:00\",\"dateModified\":\"2022-11-21T12:41:49+00:00\",\"mainEntityOfPage\":{\"@id\":\"https:\\\/\\\/www.sfsic.org\\\/en\\\/publication\\\/20-ans-10-questions-20-reponses\\\/\"},\"wordCount\":1290,\"publisher\":{\"@id\":\"https:\\\/\\\/www.sfsic.org\\\/en\\\/#organization\"},\"image\":{\"@id\":\"https:\\\/\\\/www.sfsic.org\\\/en\\\/publication\\\/20-ans-10-questions-20-reponses\\\/#primaryimage\"},\"thumbnailUrl\":\"https:\\\/\\\/www.sfsic.org\\\/wp-inside\\\/uploads\\\/2022\\\/11\\\/couverture-questions-de-communication-41-200x300.jpg\",\"keywords\":[\"Afrique\",\"Algorithmes\",\"Audiovisuel\",\"Communication institutionnelle\",\"Communication politique\",\"Covid-19\",\"Donn\u00e9es\",\"Environnement\",\"Num\u00e9rique\",\"Travail\"],\"articleSection\":[\"Num\u00e9ro de revue\",\"Publications\"],\"inLanguage\":\"en-US\"},{\"@type\":\"WebPage\",\"@id\":\"https:\\\/\\\/www.sfsic.org\\\/en\\\/publication\\\/20-ans-10-questions-20-reponses\\\/\",\"url\":\"https:\\\/\\\/www.sfsic.org\\\/en\\\/publication\\\/20-ans-10-questions-20-reponses\\\/\",\"name\":\"20 ans, 10 questions, 20 r\u00e9ponses\",\"isPartOf\":{\"@id\":\"https:\\\/\\\/www.sfsic.org\\\/en\\\/#website\"},\"primaryImageOfPage\":{\"@id\":\"https:\\\/\\\/www.sfsic.org\\\/en\\\/publication\\\/20-ans-10-questions-20-reponses\\\/#primaryimage\"},\"image\":{\"@id\":\"https:\\\/\\\/www.sfsic.org\\\/en\\\/publication\\\/20-ans-10-questions-20-reponses\\\/#primaryimage\"},\"thumbnailUrl\":\"https:\\\/\\\/www.sfsic.org\\\/wp-inside\\\/uploads\\\/2022\\\/11\\\/couverture-questions-de-communication-41-200x300.jpg\",\"datePublished\":\"2022-11-18T13:56:22+00:00\",\"dateModified\":\"2022-11-21T12:41:49+00:00\",\"description\":\"\u00c0 l\u2019occasion des 20 ans de la revue, le comit\u00e9 de r\u00e9daction de Questions de communication pose 10 questions, chacune consacr\u00e9e \u00e0 une th\u00e9matique d\u2019actualit\u00e9.\",\"breadcrumb\":{\"@id\":\"https:\\\/\\\/www.sfsic.org\\\/en\\\/publication\\\/20-ans-10-questions-20-reponses\\\/#breadcrumb\"},\"inLanguage\":\"en-US\",\"potentialAction\":[{\"@type\":\"ReadAction\",\"target\":[\"https:\\\/\\\/www.sfsic.org\\\/en\\\/publication\\\/20-ans-10-questions-20-reponses\\\/\"]}]},{\"@type\":\"ImageObject\",\"inLanguage\":\"en-US\",\"@id\":\"https:\\\/\\\/www.sfsic.org\\\/en\\\/publication\\\/20-ans-10-questions-20-reponses\\\/#primaryimage\",\"url\":\"https:\\\/\\\/www.sfsic.org\\\/wp-inside\\\/uploads\\\/2022\\\/11\\\/couverture-questions-de-communication-41-200x300.jpg\",\"contentUrl\":\"https:\\\/\\\/www.sfsic.org\\\/wp-inside\\\/uploads\\\/2022\\\/11\\\/couverture-questions-de-communication-41-200x300.jpg\"},{\"@type\":\"BreadcrumbList\",\"@id\":\"https:\\\/\\\/www.sfsic.org\\\/en\\\/publication\\\/20-ans-10-questions-20-reponses\\\/#breadcrumb\",\"itemListElement\":[{\"@type\":\"ListItem\",\"position\":1,\"name\":\"Accueil\",\"item\":\"https:\\\/\\\/www.sfsic.org\\\/en\\\/\"},{\"@type\":\"ListItem\",\"position\":2,\"name\":\"Publications\",\"item\":\"https:\\\/\\\/www.sfsic.org\\\/en\\\/publication-en\\\/\"},{\"@type\":\"ListItem\",\"position\":3,\"name\":\"Journal issue\",\"item\":\"https:\\\/\\\/www.sfsic.org\\\/en\\\/publication-en\\\/journal-issue\\\/\"},{\"@type\":\"ListItem\",\"position\":4,\"name\":\"20 ans, 10 questions, 20 r\u00e9ponses\"}]},{\"@type\":\"WebSite\",\"@id\":\"https:\\\/\\\/www.sfsic.org\\\/en\\\/#website\",\"url\":\"https:\\\/\\\/www.sfsic.org\\\/en\\\/\",\"name\":\"SFSIC\",\"description\":\"Soci\u00e9t\u00e9 Fran\u00e7aise des Sciences de l&#039;Information &amp; de la Communication\",\"publisher\":{\"@id\":\"https:\\\/\\\/www.sfsic.org\\\/en\\\/#organization\"},\"potentialAction\":[{\"@type\":\"SearchAction\",\"target\":{\"@type\":\"EntryPoint\",\"urlTemplate\":\"https:\\\/\\\/www.sfsic.org\\\/en\\\/?s={search_term_string}\"},\"query-input\":{\"@type\":\"PropertyValueSpecification\",\"valueRequired\":true,\"valueName\":\"search_term_string\"}}],\"inLanguage\":\"en-US\"},{\"@type\":\"Organization\",\"@id\":\"https:\\\/\\\/www.sfsic.org\\\/en\\\/#organization\",\"name\":\"SFSIC\",\"url\":\"https:\\\/\\\/www.sfsic.org\\\/en\\\/\",\"logo\":{\"@type\":\"ImageObject\",\"inLanguage\":\"en-US\",\"@id\":\"https:\\\/\\\/www.sfsic.org\\\/en\\\/#\\\/schema\\\/logo\\\/image\\\/\",\"url\":\"https:\\\/\\\/www.sfsic.org\\\/wp-inside\\\/uploads\\\/2020\\\/05\\\/logo-sfsic.jpg\",\"contentUrl\":\"https:\\\/\\\/www.sfsic.org\\\/wp-inside\\\/uploads\\\/2020\\\/05\\\/logo-sfsic.jpg\",\"width\":1085,\"height\":1080,\"caption\":\"SFSIC\"},\"image\":{\"@id\":\"https:\\\/\\\/www.sfsic.org\\\/en\\\/#\\\/schema\\\/logo\\\/image\\\/\"}},{\"@type\":\"Person\",\"@id\":\"https:\\\/\\\/www.sfsic.org\\\/en\\\/#\\\/schema\\\/person\\\/71538006b3c060eb48cd0a7e7e38d255\",\"name\":\"Julie Guyonnet\",\"image\":{\"@type\":\"ImageObject\",\"inLanguage\":\"en-US\",\"@id\":\"https:\\\/\\\/secure.gravatar.com\\\/avatar\\\/c008f30bb884abe121eac6fbb8c4b234b0c5aeef013d712204b11df45108feea?s=96&d=mm&r=g\",\"url\":\"https:\\\/\\\/secure.gravatar.com\\\/avatar\\\/c008f30bb884abe121eac6fbb8c4b234b0c5aeef013d712204b11df45108feea?s=96&d=mm&r=g\",\"contentUrl\":\"https:\\\/\\\/secure.gravatar.com\\\/avatar\\\/c008f30bb884abe121eac6fbb8c4b234b0c5aeef013d712204b11df45108feea?s=96&d=mm&r=g\",\"caption\":\"Julie Guyonnet\"}}]}<\/script>\n<!-- \/ Yoast SEO plugin. -->","yoast_head_json":{"title":"20 ans, 10 questions, 20 r\u00e9ponses","description":"\u00c0 l\u2019occasion des 20 ans de la revue, le comit\u00e9 de r\u00e9daction de Questions de communication pose 10 questions, chacune consacr\u00e9e \u00e0 une th\u00e9matique d\u2019actualit\u00e9.","robots":{"index":"index","follow":"follow","max-snippet":"max-snippet:-1","max-image-preview":"max-image-preview:large","max-video-preview":"max-video-preview:-1"},"canonical":"https:\/\/www.sfsic.org\/en\/publication\/20-ans-10-questions-20-reponses\/","og_locale":"en_US","og_type":"article","og_title":"20 ans, 10 questions, 20 r\u00e9ponses","og_description":"\u00c0 l\u2019occasion des 20 ans de la revue, le comit\u00e9 de r\u00e9daction de Questions de communication pose 10 questions, chacune consacr\u00e9e \u00e0 une th\u00e9matique d\u2019actualit\u00e9.","og_url":"https:\/\/www.sfsic.org\/en\/publication\/20-ans-10-questions-20-reponses\/","og_site_name":"SFSIC","article_published_time":"2022-11-18T13:56:22+00:00","article_modified_time":"2022-11-21T12:41:49+00:00","og_image":[{"url":"https:\/\/www.sfsic.org\/wp-inside\/uploads\/2022\/11\/couverture-questions-de-communication-41-200x300.jpg","type":"","width":"","height":""}],"author":"Julie Guyonnet","twitter_card":"summary_large_image","schema":{"@context":"https:\/\/schema.org","@graph":[{"@type":"Article","@id":"https:\/\/www.sfsic.org\/en\/publication\/20-ans-10-questions-20-reponses\/#article","isPartOf":{"@id":"https:\/\/www.sfsic.org\/en\/publication\/20-ans-10-questions-20-reponses\/"},"author":{"name":"Julie Guyonnet","@id":"https:\/\/www.sfsic.org\/en\/#\/schema\/person\/71538006b3c060eb48cd0a7e7e38d255"},"headline":"20 ans, 10 questions, 20 r\u00e9ponses","datePublished":"2022-11-18T13:56:22+00:00","dateModified":"2022-11-21T12:41:49+00:00","mainEntityOfPage":{"@id":"https:\/\/www.sfsic.org\/en\/publication\/20-ans-10-questions-20-reponses\/"},"wordCount":1290,"publisher":{"@id":"https:\/\/www.sfsic.org\/en\/#organization"},"image":{"@id":"https:\/\/www.sfsic.org\/en\/publication\/20-ans-10-questions-20-reponses\/#primaryimage"},"thumbnailUrl":"https:\/\/www.sfsic.org\/wp-inside\/uploads\/2022\/11\/couverture-questions-de-communication-41-200x300.jpg","keywords":["Afrique","Algorithmes","Audiovisuel","Communication institutionnelle","Communication politique","Covid-19","Donn\u00e9es","Environnement","Num\u00e9rique","Travail"],"articleSection":["Num\u00e9ro de revue","Publications"],"inLanguage":"en-US"},{"@type":"WebPage","@id":"https:\/\/www.sfsic.org\/en\/publication\/20-ans-10-questions-20-reponses\/","url":"https:\/\/www.sfsic.org\/en\/publication\/20-ans-10-questions-20-reponses\/","name":"20 ans, 10 questions, 20 r\u00e9ponses","isPartOf":{"@id":"https:\/\/www.sfsic.org\/en\/#website"},"primaryImageOfPage":{"@id":"https:\/\/www.sfsic.org\/en\/publication\/20-ans-10-questions-20-reponses\/#primaryimage"},"image":{"@id":"https:\/\/www.sfsic.org\/en\/publication\/20-ans-10-questions-20-reponses\/#primaryimage"},"thumbnailUrl":"https:\/\/www.sfsic.org\/wp-inside\/uploads\/2022\/11\/couverture-questions-de-communication-41-200x300.jpg","datePublished":"2022-11-18T13:56:22+00:00","dateModified":"2022-11-21T12:41:49+00:00","description":"\u00c0 l\u2019occasion des 20 ans de la revue, le comit\u00e9 de r\u00e9daction de Questions de communication pose 10 questions, chacune consacr\u00e9e \u00e0 une th\u00e9matique d\u2019actualit\u00e9.","breadcrumb":{"@id":"https:\/\/www.sfsic.org\/en\/publication\/20-ans-10-questions-20-reponses\/#breadcrumb"},"inLanguage":"en-US","potentialAction":[{"@type":"ReadAction","target":["https:\/\/www.sfsic.org\/en\/publication\/20-ans-10-questions-20-reponses\/"]}]},{"@type":"ImageObject","inLanguage":"en-US","@id":"https:\/\/www.sfsic.org\/en\/publication\/20-ans-10-questions-20-reponses\/#primaryimage","url":"https:\/\/www.sfsic.org\/wp-inside\/uploads\/2022\/11\/couverture-questions-de-communication-41-200x300.jpg","contentUrl":"https:\/\/www.sfsic.org\/wp-inside\/uploads\/2022\/11\/couverture-questions-de-communication-41-200x300.jpg"},{"@type":"BreadcrumbList","@id":"https:\/\/www.sfsic.org\/en\/publication\/20-ans-10-questions-20-reponses\/#breadcrumb","itemListElement":[{"@type":"ListItem","position":1,"name":"Accueil","item":"https:\/\/www.sfsic.org\/en\/"},{"@type":"ListItem","position":2,"name":"Publications","item":"https:\/\/www.sfsic.org\/en\/publication-en\/"},{"@type":"ListItem","position":3,"name":"Journal issue","item":"https:\/\/www.sfsic.org\/en\/publication-en\/journal-issue\/"},{"@type":"ListItem","position":4,"name":"20 ans, 10 questions, 20 r\u00e9ponses"}]},{"@type":"WebSite","@id":"https:\/\/www.sfsic.org\/en\/#website","url":"https:\/\/www.sfsic.org\/en\/","name":"SFSIC","description":"Soci\u00e9t\u00e9 Fran\u00e7aise des Sciences de l&#039;Information &amp; de la Communication","publisher":{"@id":"https:\/\/www.sfsic.org\/en\/#organization"},"potentialAction":[{"@type":"SearchAction","target":{"@type":"EntryPoint","urlTemplate":"https:\/\/www.sfsic.org\/en\/?s={search_term_string}"},"query-input":{"@type":"PropertyValueSpecification","valueRequired":true,"valueName":"search_term_string"}}],"inLanguage":"en-US"},{"@type":"Organization","@id":"https:\/\/www.sfsic.org\/en\/#organization","name":"SFSIC","url":"https:\/\/www.sfsic.org\/en\/","logo":{"@type":"ImageObject","inLanguage":"en-US","@id":"https:\/\/www.sfsic.org\/en\/#\/schema\/logo\/image\/","url":"https:\/\/www.sfsic.org\/wp-inside\/uploads\/2020\/05\/logo-sfsic.jpg","contentUrl":"https:\/\/www.sfsic.org\/wp-inside\/uploads\/2020\/05\/logo-sfsic.jpg","width":1085,"height":1080,"caption":"SFSIC"},"image":{"@id":"https:\/\/www.sfsic.org\/en\/#\/schema\/logo\/image\/"}},{"@type":"Person","@id":"https:\/\/www.sfsic.org\/en\/#\/schema\/person\/71538006b3c060eb48cd0a7e7e38d255","name":"Julie Guyonnet","image":{"@type":"ImageObject","inLanguage":"en-US","@id":"https:\/\/secure.gravatar.com\/avatar\/c008f30bb884abe121eac6fbb8c4b234b0c5aeef013d712204b11df45108feea?s=96&d=mm&r=g","url":"https:\/\/secure.gravatar.com\/avatar\/c008f30bb884abe121eac6fbb8c4b234b0c5aeef013d712204b11df45108feea?s=96&d=mm&r=g","contentUrl":"https:\/\/secure.gravatar.com\/avatar\/c008f30bb884abe121eac6fbb8c4b234b0c5aeef013d712204b11df45108feea?s=96&d=mm&r=g","caption":"Julie Guyonnet"}}]}},"_links":{"self":[{"href":"https:\/\/www.sfsic.org\/en\/wp-json\/wp\/v2\/posts\/26633","targetHints":{"allow":["GET"]}}],"collection":[{"href":"https:\/\/www.sfsic.org\/en\/wp-json\/wp\/v2\/posts"}],"about":[{"href":"https:\/\/www.sfsic.org\/en\/wp-json\/wp\/v2\/types\/post"}],"author":[{"embeddable":true,"href":"https:\/\/www.sfsic.org\/en\/wp-json\/wp\/v2\/users\/1388"}],"replies":[{"embeddable":true,"href":"https:\/\/www.sfsic.org\/en\/wp-json\/wp\/v2\/comments?post=26633"}],"version-history":[{"count":10,"href":"https:\/\/www.sfsic.org\/en\/wp-json\/wp\/v2\/posts\/26633\/revisions"}],"predecessor-version":[{"id":26716,"href":"https:\/\/www.sfsic.org\/en\/wp-json\/wp\/v2\/posts\/26633\/revisions\/26716"}],"wp:attachment":[{"href":"https:\/\/www.sfsic.org\/en\/wp-json\/wp\/v2\/media?parent=26633"}],"wp:term":[{"taxonomy":"category","embeddable":true,"href":"https:\/\/www.sfsic.org\/en\/wp-json\/wp\/v2\/categories?post=26633"},{"taxonomy":"post_tag","embeddable":true,"href":"https:\/\/www.sfsic.org\/en\/wp-json\/wp\/v2\/tags?post=26633"},{"taxonomy":"thematique","embeddable":true,"href":"https:\/\/www.sfsic.org\/en\/wp-json\/wp\/v2\/thematique?post=26633"},{"taxonomy":"sfsic","embeddable":true,"href":"https:\/\/www.sfsic.org\/en\/wp-json\/wp\/v2\/sfsic?post=26633"}],"curies":[{"name":"wp","href":"https:\/\/api.w.org\/{rel}","templated":true}]}}