{"id":26606,"date":"2022-11-17T18:50:15","date_gmt":"2022-11-17T17:50:15","guid":{"rendered":"https:\/\/www.sfsic.org\/?p=26606"},"modified":"2022-11-15T19:03:09","modified_gmt":"2022-11-15T18:03:09","slug":"intersections-circulation","status":"publish","type":"post","link":"https:\/\/www.sfsic.org\/en\/aac-evenement\/intersections-circulation\/","title":{"rendered":"Intersections, circulation\u2009"},"content":{"rendered":"<p><!-- fxzn:singledetail --><\/p>\n<div class=\"zone zn-singledetail\" id=\"fxzn-singledetail-1\">\n<div class=\"zone-block zn-singledetail-block alignwide va-top\">\n<div class=\"row\">\n<div class=\"columns large-8 large-push-4\">\n<div class=\"zn-singledetail-metabox\">\n<div class=\"zn-singledetail-pubdate pubdate\">\n\t\t\t\t\t<span class=\"pubdate-txt\">Mis en ligne le<\/span><span class=\"doubledot\"><\/span> 17 novembre 2022\t\t\t\t<\/div>\n<div class=\"zn-singledetail-thematiques with-sep-comma\">\n<ul class=\"termslist termslist-thematique\">\n<li class=\"termslist-item termslist-title\"><span class=\"termslist-titletxt\">Th\u00e9matiques<\/span><span class=\"doubledot\"><\/span><\/li>\n<li class=\"termslist-item tax-thematique term-information-documents-et-ecritures\"><a class=\"termslist-itemlink\" href=\"https:\/\/www.sfsic.org\/en\/thematiques\/information-documents-and-records\/\" title=\"Information, documents et \u00e9critures\"><span class=\"termslist-itemname\">Information, documents et \u00e9critures<\/span><\/a><\/li>\n<li class=\"termslist-item tax-thematique term-medias-et-journalisme\"><a class=\"termslist-itemlink\" href=\"https:\/\/www.sfsic.org\/en\/thematiques\/media-and-journalism\/\" title=\"M\u00e9dias et journalisme\"><span class=\"termslist-itemname\">M\u00e9dias et journalisme<\/span><\/a><\/li>\n<\/ul><\/div>\n<\/p><\/div>\n<\/p><\/div>\n<\/p><\/div>\n<div class=\"row\">\n<div class=\"columns large-4\">\n<div class=\"zn-singledetail-sidebar bg-cornersquares\">\n<div class=\"zn-singledetail-infos\">\n<p class=\"zn-singledetail-reponse-date\">\n\t\t\t\t\t\t<span>R\u00e9ponse attendue pour le<\/span><span class=\"doubledot\"><\/span> <strong>31\/01\/2023<\/strong>\n\t\t\t\t\t<\/p>\n<p class=\"zn-singledetail-reponse-type\">\n\t\t\t\t\t<span>Type de r\u00e9ponse<\/span><span class=\"doubledot\"><\/span> <strong>R\u00e9sum\u00e9<\/strong>\n\t\t\t\t\t<\/p>\n<p class=\"zn-singledetail-type\">\n\t\t\t\t\t\t\t<span>Type d\u2019\u00e9v\u00e9nement<\/span><span class=\"doubledot\"><\/span> <strong>Colloque<\/strong>\n\t\t\t\t\t<\/p>\n<\/p><\/div>\n<div class=\"zn-singledetail-coordinators\">\n<h3 class=\"zn-singledetail-section-title\">Coordinateurs<\/h3>\n<ul class=\"zn-singledetail-coordinators-list\">\n<li class=\"zn-singledetail-coordinators-item\">\n\t\t\t\t\t\t\t<span>Maena<\/span> <span>Berger<\/span>\t\t\t\t\t\t\t\t\t\t\t\t\t<\/li>\n<li class=\"zn-singledetail-coordinators-item\">\n\t\t\t\t\t\t\t<span>C\u00e9sar<\/span> <span> Castellvi<\/span>\t\t\t\t\t\t\t\t\t\t\t\t\t<\/li>\n<li class=\"zn-singledetail-coordinators-item\">\n\t\t\t\t\t\t\t<span>Safia <\/span> <span>Dahani <\/span>\t\t\t\t\t\t\t\t\t\t\t\t\t<\/li>\n<li class=\"zn-singledetail-coordinators-item\">\n\t\t\t\t\t\t\t<span>Pierre <\/span> <span>Mayance<\/span>\t\t\t\t\t\t\t\t\t\t\t\t\t<\/li>\n<\/ul><\/div>\n<div class=\"zn-singledetail-contacts\">\n<h3 class=\"zn-singledetail-section-title\">Contacts<\/h3>\n<ul class=\"zn-singledetail-contacts-list\">\n<li class=\"zn-singledetail-contact\">\n\t\t\t\t\t\t\t<span class=\"zn-singledetail-contact-name\">R\u00e9seau th\u00e9matique &#8220;Sociologie des m\u00e9dias&#8221; (RT37)<\/span><span class=\"doubledot\"><\/span><br \/>\n\t\t\t\t\t\t\t\t\t\t\t\t\t\t<a class=\"zn-singledetail-contact-mail prettylink\" href=\"mailto:rt37afs.sociologiedesmedias@gmail.com\">rt37afs.sociologiedesmedias@gmail.com<\/a>\n\t\t\t\t\t\t\t\t\t\t\t\t\t<\/li>\n<\/ul><\/div>\n<div class=\"zn-singledetail-weblinks\">\n<h3 class=\"zn-singledetail-section-title\">Sites internet de r\u00e9f\u00e9rence<\/h3>\n<ul class=\"zn-singledetail-weblinks-list\">\n<li>\n\t\t\t\t\t\t\t<a class=\"prettylink chainlink\" href=\"https:\/\/afs-socio.fr\/appel-a-communication\/4454\/appel-a-communications-du-rt-37-%E2%80%89sociologie-des-medias%E2%80%89\/\" title=\"Site de l'appel \u00e0 communication\" target=\"_blank\" rel=\"noopener\">Site de l&#8217;appel \u00e0 communication<\/a>\n\t\t\t\t\t\t<\/li>\n<li>\n\t\t\t\t\t\t\t<a class=\"prettylink chainlink\" href=\"https:\/\/afs-socio.fr\/rt\/rt37\/\" title=\"Site du r\u00e9seau th\u00e9matique \u00ab&#160;Sociologie des m\u00e9dias&#160;\u00bb (RT37)\" target=\"_blank\" rel=\"noopener\">Site du r\u00e9seau th\u00e9matique \u00ab&#160;Sociologie des m\u00e9dias&#160;\u00bb (RT37)<\/a>\n\t\t\t\t\t\t<\/li>\n<li>\n\t\t\t\t\t\t\t<a class=\"prettylink chainlink\" href=\"https:\/\/sociomedias.hypotheses.org\/\" title=\"Carnet hypoth\u00e8ses\" target=\"_blank\" rel=\"noopener\">Carnet hypoth\u00e8ses<\/a>\n\t\t\t\t\t\t<\/li>\n<\/ul><\/div>\n<\/p><\/div>\n<\/p><\/div>\n<div class=\"columns large-8\">\n<div class=\"zn-singledetail-contentbox\">\n<div class=\"zn-singledetail-eventinfo\">\n<div class=\"zn-singledetail-eventinfo-inner\">\n<div class=\"zn-singledetail-eventdates\">\n\t\t\t\t\t\t<span class=\"zn-singledetail-label\">Dates de l\u2019\u00e9v\u00e9nement<span class=\"doubledot\"><\/span><\/span><\/p>\n<ul class=\"zn-singledetail-eventdates-list\">\n<li class=\"zn-singledetail-eventdates-item\">\n\t\t\t\t\t\t\t\tDu 04\/07\/2023 au 06\/07\/2023\t\t\t\t\t\t\t<\/li>\n<\/ul><\/div>\n<p class=\"zn-singledetail-eventplace\">\n\t\t\t\t\t\t<span class=\"zn-singledetail-label\">Lieu de l\u2019\u00e9v\u00e9nement<span class=\"doubledot\"><\/span><\/span><br \/>\n\t\t\t\t\t\t<span class=\"zn-singledetail-eventplace-adr\"><br \/>\n\t\t\t\t\t\t\t\t\t\t\t\t<span class=\"adr-name\">10e\u00a0Congr\u00e8s de l\u2019Association fran\u00e7aise de sociologie<\/span>,<\/p>\n<p>\t\t\t\t\t\t<span class=\"adr-city\">Lyon<\/span>\t\t\t\t\t\t<span class=\"adr-cp\">69<\/span>, <span class=\"adr-country\">France<\/span><br \/>\n\t\t\t\t\t\t<\/span>\t\t\t\t\t<\/p>\n<\/p><\/div>\n<\/p><\/div>\n<div class=\"zn-singledetail-annonce wig-content\">\n<h2>Introduction<\/h2>\n<p>En s\u2019ins\u00e9rant dans le th\u00e8me g\u00e9n\u00e9ral \u00ab&#160;<em>Intersections, circulations<\/em>&#160;\u00bb retenu pour le 10e\u00a0congr\u00e8s de l\u2019Association fran\u00e7aise de sociologie, le RT\u00a037 \u00ab&#160;Sociologie des m\u00e9dias&#160;\u00bb propose un appel \u00e0 communications large qui permettra d\u2019interroger dans une perspective sociologique la circulation des agents dans le champ journalistique et ses champs adventices. Par-l\u00e0, il s\u2019agit d\u2019analyser les transformations \u00e0 l\u2019\u0153uvre, en particulier dans les champs du savoir et du pouvoir. L\u2019appel est compos\u00e9 de six axes th\u00e9matiques qui invitent \u00e0 revenir sur les sociologies de groupes professionnels investis de mani\u00e8re concurrentielle dans la production des r\u00e9cits m\u00e9diatiques en les restituant dans diff\u00e9rents espaces, qu\u2019ils soient physiques ou virtuels. Plus g\u00e9n\u00e9ralement, ces axes th\u00e9matiques sont autant d\u2019occasions d\u2019\u00e9tudier les logiques de l\u00e9gitimation de la profession journalistique et les tentatives de remise en cause du monopole instable dont les journalistes disposent dans la production de l\u2019information. L\u2019ambition plus large de cet appel est de rappeler la place que tient la sociologie des m\u00e9dias au sein de la pens\u00e9e sociologique et la fa\u00e7on dont elle s\u2019ins\u00e8re dans des probl\u00e9matiques g\u00e9n\u00e9rales, au travers de concepts aujourd\u2019hui largement diffus\u00e9s tels que\u00a0ceux de <em>fronti\u00e8res<\/em>, <em>circulation (de l\u2019information), savoir-faire, d\u00e9pendance (aux sources), relations \u00ab&#160;associ\u00e9s rivaux&#160;\u00bb<\/em>.<\/p>\n<h2>Axe 1\u00a0\/ G\u00e9n\u00e9ralistes et sp\u00e9cialistes&#160;: circulations professionnelles<\/h2>\n<p>Les sous-champs sp\u00e9cialis\u00e9s du journalisme ont r\u00e9guli\u00e8rement \u00e9t\u00e9 per\u00e7us comme herm\u00e9tiques les uns aux autres, souvent par le prisme de logiques internes \u00e0 l\u2019espace journalistique. L\u2019ordre hi\u00e9rarchique des sp\u00e9cialit\u00e9s journalistiques au sein des r\u00e9dactions semble souvent immuable. Pour autant, certains \u00e9v\u00e9nements peuvent brouiller les hi\u00e9rarchies \u00e0 l\u2019int\u00e9rieur des groupes. Le traitement m\u00e9diatique du mouvement des Gilets jaunes, de la crise sanitaire, et plus r\u00e9cemment de l\u2019urgence climatique, sont autant d\u2019occasions de ren\u00e9gocier les fronti\u00e8res des sous-champs sp\u00e9cialis\u00e9s dans les r\u00e9dactions et au-del\u00e0, dans une tentative continue de r\u00e9actualisation de la l\u00e9gitimit\u00e9 journalistique. On peut \u00e9galement observer des d\u00e9placements, des glissements ou des hybridations de sp\u00e9cialit\u00e9s, de genres et de techniques journalistiques. Cette th\u00e9matique soul\u00e8ve des questionnements multiples&#160;: \u00e0 quelles conditions et comment les logiques socioprofessionnelles transitent d\u2019un sous-champ sp\u00e9cialis\u00e9 \u00e0 l\u2019autre&#160;? Comment ces d\u00e9placements se r\u00e9percutent-ils sur les savoir-faire et les pratiques journalistiques, tout comme sur la r\u00e9partition des capitaux, sur les trajectoires, les ressources et les dispositions des agents&#160;? Comment se r\u00e9agencent les perceptions des r\u00f4les et de placements des sous-champs sp\u00e9cialis\u00e9s au regard des changements sociaux et des rapports renouvel\u00e9s avec la soci\u00e9t\u00e9 civile (\u00e9ducation aux m\u00e9dias, r\u00e9sidences de journalistes, lieux tiers, etc.)&#160;? Quels sont les degr\u00e9s de formalisation de ces r\u00e9agencements entre g\u00e9n\u00e9ralistes et sp\u00e9cialistes dans la refonte de la division du travail journalistique au sein des r\u00e9dactions et, globalement, dans la (re)structuration de l\u2019espace m\u00e9diatique&#160;?<\/p>\n<h2>Axe 2\u00a0\/ Journalistes et scientifiques&#160;: entre coop\u00e9ration et rivalit\u00e9<\/h2>\n<p>L\u2019objectif g\u00e9n\u00e9ral de cet axe est de r\u00e9fl\u00e9chir \u00e0 la porosit\u00e9 des fronti\u00e8res entre le champ journalistique et le champ scientifique. L\u2019objectif est de s\u2019int\u00e9resser aux conditions sociales et contextuelles de possibilit\u00e9 de la circulation des savoirs et des savoir-faire lors des moments de crise, qui intensifient le flou de la fronti\u00e8re entre profession journalistique et professions scientifiques. Ici, nous pensons notamment aux terrains de guerre ou \u00e0 la couverture de pays g\u00e9ographiquement \u00e9loign\u00e9s, des lieux o\u00f9 journalistes et chercheurs partagent les m\u00eames terrains et objets et o\u00f9 ils sont plus d\u00e9pendants des informations de chacun. Les journalistes vont utiliser, plus que d\u2019ordinaire, les universitaires comme source d\u2019informations et inversement. Au-del\u00e0 des terrains de guerre, les crises politiques et sanitaires peuvent \u00e9galement faire l\u2019objet de propositions. Un autre domaine \u00e0 explorer porte sur l\u2019\u00e9mergence de nouveaux m\u00e9dias d\u2019information se situant \u00e0 l\u2019intersection entre la production acad\u00e9mique et la production journalistique (<em>AOC<\/em>, <em>The Conversation<\/em>, <em>Le journal du CNRS<\/em>). Cet axe pourra \u00e9galement inclure les communications portant sur les nouveaux supports (documentaires, bandes dessin\u00e9es). Enfin, peuvent s\u2019int\u00e9grer \u00e0 cet axe les r\u00e9flexions m\u00e9thodologiques portant sur la recherche collaborative ou encore les analyses concernant le rapport aux enqu\u00eat\u00e9s en sociologie du journalisme.<\/p>\n<h2>Axe\u00a03 \/ La critique des m\u00e9dias aux marges du champ journalistique<\/h2>\n<p>Penser les intersections dans le champ journalistique permet \u00e9galement d\u2019ouvrir d\u2019autres questionnements aux marges du champ et notamment du c\u00f4t\u00e9 des m\u00e9dias dits \u00ab&#160;alternatifs&#160;\u00bb et critiques des m\u00e9dias \u00ab&#160;<em>mainstream<\/em>&#160;\u00bb. Dans une perspective comparative de l\u2019\u00e9tude de la circulation de la critique des m\u00e9dias, les communications pourront interroger la structure d\u2019espaces p\u00e9riph\u00e9riques du champ \u00e0 gauche, mais aussi \u00e0 droite et \u00e0 l\u2019extr\u00eame droite. Les communications attendues pourront ainsi revenir sur les logiques du recrutement des journalistes ou de cat\u00e9gories de plus en marges (amateurs, freelances) qui peuplent les r\u00e9dactions de ce type de m\u00e9dias tout en questionnant la structure m\u00eame de ces r\u00e9dactions, ainsi que les ressources dont elles disposent pour fid\u00e9liser du personnel et se stabiliser. Par ailleurs, les communications pourront apporter des \u00e9l\u00e9ments de r\u00e9ponses aux questions relatives aux int\u00e9r\u00eats professionnels et \u00e0 <em>l\u2019illusio <\/em>&#160;: quelles sont les logiques de politisation de la critique des m\u00e9dias&#160;?\u00a0 Dans quels contextes et espaces (sociaux, militants, m\u00e9diatiques) se d\u00e9ploient des m\u00e9dias dits \u00ab&#160;critiques&#160;\u00bb&#160;? Ces communications crois\u00e9es permettront d\u2019enrichir les connaissances sur la structure contemporaine du champ journalistique et permettront d\u2019actualiser sa cartographie.<\/p>\n<h2>Axe\u00a04 \/ Circulation des mod\u00e8les journalistiques nationaux et transnationaux<\/h2>\n<p><strong>\u00a0<\/strong>Cet axe s\u2019int\u00e9resse en premier lieu \u00e0 la circulation internationale des mod\u00e8les de journalisme et des r\u00f4les professionnels, ainsi qu\u2019aux enjeux d\u2019effacement des fronti\u00e8res. Une attention particuli\u00e8re sera accord\u00e9e aux travaux portant sur les importations de mod\u00e8les dans le cadre de politique d\u2019occupation \u00e9trang\u00e8re (par exemple un mod\u00e8le am\u00e9ricain en Allemagne, en Cor\u00e9e ou au Japon) ou encore lors de rachats de titres par des groupes \u00e9trangers. Les recherches sur l\u2019aide aux m\u00e9dias entrent \u00e9galement dans cette r\u00e9flexion portant sur le d\u00e9veloppement, ou non, de mod\u00e8les internationaux ou r\u00e9gionaux, de journalisme. Pourra aussi \u00eatre int\u00e9gr\u00e9 un autre aspect concernant les formes solidaires de circulation internationale, telles que des mod\u00e8les comme le Consortium International des Journalistes d\u2019Investigation (CIJI). Dans un deuxi\u00e8me temps, les propositions attendues dans cet axe pourront porter sur les cons\u00e9quences professionnelles du poids des fronti\u00e8res physiques, inter\u00e9tatiques, pour les acteurs dans des espaces internationalis\u00e9s. Nous pensons par exemple aux travaux sur la notion \u00ab&#160;d\u2019associ\u00e9s rivaux&#160;\u00bb entre correspondants \u00e9trangers et journalistes locaux, sur l\u2019utilisation de la presse locale par les correspondants \u00e9trangers.<\/p>\n<h2>Axe\u00a05 \/ Regard sur les espaces de circulation du journalisme<\/h2>\n<p>Cet axe entend proposer des analyses par les lieux, des territoires comme autant de contexte de d\u00e9ploiement d\u2019une circulation des savoirs et des savoir-faire journalistiques. Nous nous int\u00e9resserons aux lieux avec une perspective large tant physiques (les salles de r\u00e9daction, les points presse, les conf\u00e9rences, les meetings, les r\u00e9sidences d\u2019\u00e9criture\u2026) que virtuels (les espaces en ligne en incluant donc les r\u00e9seaux sociaux). Entrer par ces espaces permet de poser plusieurs questions concernant les hi\u00e9rarchies professionnelles et leur reproduction, actualisation dans les interactions dans ces lieux. Qui a acc\u00e8s \u00e0 ces espaces et comment cet acc\u00e8s est-il n\u00e9goci\u00e9 et contr\u00f4l\u00e9&#160;? Quelles sont les interactions entre des groupes aux int\u00e9r\u00eats et aux objectifs parfois divergents (journalistes, communicants, militants, politiques, administratifs, etc.)&#160;? Observe-t-on une \u00ab&#160;politique aux chemins courts&#160;\u00bb ou au contraire une s\u00e9paration importante&#160;? Si proximit\u00e9 il y a, comment se jouent les diff\u00e9renciations et le maintien de p\u00e9rim\u00e8tres ou de juridiction&#160;? Comment s\u2019objective la l\u00e9gitimit\u00e9 professionnelle (aupr\u00e8s des pairs ou du grand public)&#160;?<\/p>\n<h2>Axe\u00a06 \/ Repr\u00e9sentations et repr\u00e9sentativit\u00e9 dans les m\u00e9dias<\/h2>\n<p><strong>\u00a0<\/strong>Cet axe propose de revenir sur des questions centrales telles que la prise de parole dans les m\u00e9dias et la s\u00e9lection des sujets trait\u00e9s, en prenant en compte les rapports sociaux de classe, de genre et de race. De multiples travaux ont port\u00e9 sur le th\u00e8me des repr\u00e9sentations dans les m\u00e9dias, tant du point de vue des classes sociales et du genre, que du c\u00f4t\u00e9 des journalistes eux-m\u00eames. Depuis presque 20\u00a0ans, les questions de diversit\u00e9 ont eu de nombreuses traductions, notamment en mati\u00e8re de politiques dans le m\u00e9tier (politiques d\u2019\u00e9galit\u00e9 des chances, classes pr\u00e9paratoires sp\u00e9cialis\u00e9es). Les communications pourront en ce sens porter sur les \u00ab&#160;effets&#160;\u00bb de ces politiques dans les \u00e9coles et lieux de formation journalistiques. L\u2019ouverture \u00ab&#160;sociale&#160;\u00bb promise s\u2019est-elle r\u00e9alis\u00e9e&#160;? Cela restructure-t-il les mani\u00e8res de travailler dans les r\u00e9dactions&#160;? Les journalistes aux profils dissonants avec le reste du p\u00f4le dominant de la profession proposent-ils des cadrages sp\u00e9cifiques&#160;? En parall\u00e8le, l\u2019espace m\u00e9diatique contemporain a \u00e9t\u00e9 le lieu de luttes autour des questions de genre, et de l\u2019intersectionnalit\u00e9. On peut penser au d\u00e9veloppement de groupes aux id\u00e9es concurrentes sur ces questions, ainsi qu\u2019\u00e0 l\u2019importance prise par le mouvement #Metoo et les cadrages \u00e9pisodiques sur les violences faites aux femmes. De m\u00eame, on peut d\u2019une certaine mani\u00e8re questionner un retour en gr\u00e2ce des classes sociales, mais peut-\u00eatre davantage sous le prisme de repr\u00e9sentations sp\u00e9cifiques toujours st\u00e9r\u00e9otyp\u00e9es (\u00ab&#160;jeunes de banlieues&#160;\u00bb, gilets jaunes, p\u00e9riurbains, etc.) ou de certaines professions (reportage sur le travail des forces de l\u2019ordre). De quelle mani\u00e8re sont trait\u00e9s ces sujets&#160;? Comment et par qui ces groupes sont-ils repr\u00e9sent\u00e9s&#160;? Sont-ils encore assign\u00e9s \u00e0 certaines repr\u00e9sentations&#160;?<\/p>\n<h2>Modalit\u00e9s de soumission<\/h2>\n<p>Les propositions de communication (environ 5\u2009000 signes, espaces compris) devront comporter&#160;: \u2013 une pr\u00e9sentation de la th\u00e9matique propos\u00e9e, de son lien avec la probl\u00e9matique sociologique de l\u2019appel \u00e0 communication, et de l\u2019axe auquel elle se rapporte&#160;; \u2013 une pr\u00e9sentation du terrain et de la d\u00e9marche empirique mise en \u0153uvre ainsi que du cadre th\u00e9orique d\u2019analyse mobilis\u00e9&#160;; \u2013 quelques r\u00e9f\u00e9rences bibliographiques.<br \/>\nElles devront \u00eatre d\u00e9pos\u00e9es sur le site Web de l\u2019AFS (<a href=\"https:\/\/afs-socio.fr\/rt\/rt37\/\">https:\/\/afs-socio.fr\/rt\/rt37\/<\/a>) au plus tard le<strong> 31\u00a0janvier 2023<\/strong>. Les propositions de communication feront l\u2019objet d\u2019une \u00e9valuation en double aveugle par les membres du comit\u00e9 scientifique. Les auteurs seront notifi\u00e9s des r\u00e9sultats de la s\u00e9lection des propositions au cours du mois de mars. Des conseils pourront alors leur \u00eatre transmis quant \u00e0 l\u2019int\u00e9gration de leur communication dans la probl\u00e9matique des sessions. Pour les propositions retenues, des textes d\u00e9finitifs de 45\u2009000\u00a0signes, espaces compris, seront attendus en juin.<\/p>\n<h2>Comit\u00e9 d\u2019organisation<\/h2>\n<ul>\n<li>M. Berger,<\/li>\n<li>C. Castellvi<\/li>\n<li>S. Dahani<\/li>\n<li>P. Mayance<\/li>\n<\/ul><\/div>\n<div class=\"zn-singledetail-keywords\">\n<h3 class=\"zn-singledetail-section-title\">Mots-cl\u00e9s<\/h3>\n<ul class=\"termslist termslist-post_tag\">\n<li class=\"termslist-item termslist-title\"><span class=\"termslist-titletxt\">Mots-cl\u00e9s<\/span><span class=\"doubledot\"><\/span><\/li>\n<li class=\"termslist-item tax-post_tag term-journalisme\"><a class=\"termslist-itemlink\" href=\"https:\/\/www.sfsic.org\/en\/tag\/journalism\/\" title=\"Journalisme\"><span class=\"termslist-itemname\">Journalisme<\/span><\/a><\/li>\n<li class=\"termslist-item tax-post_tag term-media\"><a class=\"termslist-itemlink\" href=\"https:\/\/www.sfsic.org\/en\/tag\/media-en\/\" title=\"m\u00e9dia\"><span class=\"termslist-itemname\">m\u00e9dia<\/span><\/a><\/li>\n<\/ul><\/div>\n<\/p><\/div>\n<\/p><\/div>\n<\/p><\/div>\n<\/p><\/div>\n<\/div>\n<p><!-- \/fxzn:singledetail --><\/p>\n","protected":false},"excerpt":{"rendered":"<p>Mis en ligne le 17 novembre 2022 Th\u00e9matiques Information, documents et \u00e9critures M\u00e9dias et journalisme R\u00e9ponse attendue pour le 31\/01\/2023 Type de r\u00e9ponse R\u00e9sum\u00e9 Type d\u2019\u00e9v\u00e9nement Colloque Coordinateurs Maena Berger [&hellip;]<\/p>\n","protected":false},"author":781,"featured_media":0,"comment_status":"closed","ping_status":"closed","sticky":false,"template":"","format":"standard","meta":{"_acf_changed":false,"footnotes":""},"categories":[29,57],"tags":[94,46],"thematique":[40,34],"sfsic":[],"class_list":["post-26606","post","type-post","status-publish","format-standard","hentry","category-aac-evenement","category-colloque","tag-journalisme","tag-media","thematique-information-documents-et-ecritures","thematique-medias-et-journalisme","wp-sticky"],"acf":[],"yoast_head":"<!-- This site is optimized with the Yoast SEO plugin v27.4 - https:\/\/yoast.com\/product\/yoast-seo-wordpress\/ -->\n<title>Intersections, circulation\u2009<\/title>\n<meta name=\"description\" content=\"Le r\u00e9seau th\u00e9matique \u00ab Sociologie des m\u00e9dias \u00bb (RT37) de l\u2019Association Fran\u00e7aise de Sociologie lance un appel \u00e0 contribution pour son 10\u00e8 congr\u00e8s qui aura lieu du 4 au 6 juillet 2023 \u00e0 Lyon.\" \/>\n<meta name=\"robots\" content=\"index, follow, max-snippet:-1, max-image-preview:large, max-video-preview:-1\" \/>\n<link rel=\"canonical\" href=\"https:\/\/www.sfsic.org\/en\/aac-evenement\/intersections-circulation\/\" \/>\n<meta property=\"og:locale\" content=\"en_US\" \/>\n<meta property=\"og:type\" content=\"article\" \/>\n<meta property=\"og:title\" content=\"Intersections, circulation\u2009\" \/>\n<meta property=\"og:description\" content=\"Le r\u00e9seau th\u00e9matique \u00ab Sociologie des m\u00e9dias \u00bb (RT37) de l\u2019Association Fran\u00e7aise de Sociologie lance un appel \u00e0 contribution pour son 10\u00e8 congr\u00e8s qui aura lieu du 4 au 6 juillet 2023 \u00e0 Lyon.\" \/>\n<meta property=\"og:url\" content=\"https:\/\/www.sfsic.org\/en\/aac-evenement\/intersections-circulation\/\" \/>\n<meta property=\"og:site_name\" content=\"SFSIC\" \/>\n<meta property=\"article:published_time\" content=\"2022-11-17T17:50:15+00:00\" \/>\n<meta name=\"author\" content=\"Axelle Martin\" \/>\n<meta name=\"twitter:card\" content=\"summary_large_image\" \/>\n<script type=\"application\/ld+json\" class=\"yoast-schema-graph\">{\"@context\":\"https:\\\/\\\/schema.org\",\"@graph\":[{\"@type\":\"Article\",\"@id\":\"https:\\\/\\\/www.sfsic.org\\\/en\\\/aac-evenement\\\/intersections-circulation\\\/#article\",\"isPartOf\":{\"@id\":\"https:\\\/\\\/www.sfsic.org\\\/en\\\/aac-evenement\\\/intersections-circulation\\\/\"},\"author\":{\"name\":\"Axelle Martin\",\"@id\":\"https:\\\/\\\/www.sfsic.org\\\/en\\\/#\\\/schema\\\/person\\\/d3606993477708f4359fb9aeda58df3b\"},\"headline\":\"Intersections, circulation\u2009\",\"datePublished\":\"2022-11-17T17:50:15+00:00\",\"mainEntityOfPage\":{\"@id\":\"https:\\\/\\\/www.sfsic.org\\\/en\\\/aac-evenement\\\/intersections-circulation\\\/\"},\"wordCount\":1990,\"publisher\":{\"@id\":\"https:\\\/\\\/www.sfsic.org\\\/en\\\/#organization\"},\"keywords\":[\"Journalisme\",\"m\u00e9dia\"],\"articleSection\":[\"AAC \u00c9v\u00e9nement\",\"Colloque\"],\"inLanguage\":\"en-US\"},{\"@type\":\"WebPage\",\"@id\":\"https:\\\/\\\/www.sfsic.org\\\/en\\\/aac-evenement\\\/intersections-circulation\\\/\",\"url\":\"https:\\\/\\\/www.sfsic.org\\\/en\\\/aac-evenement\\\/intersections-circulation\\\/\",\"name\":\"Intersections, circulation\u2009\",\"isPartOf\":{\"@id\":\"https:\\\/\\\/www.sfsic.org\\\/en\\\/#website\"},\"datePublished\":\"2022-11-17T17:50:15+00:00\",\"description\":\"Le r\u00e9seau th\u00e9matique \u00ab Sociologie des m\u00e9dias \u00bb (RT37) de l\u2019Association Fran\u00e7aise de Sociologie lance un appel \u00e0 contribution pour son 10\u00e8 congr\u00e8s qui aura lieu du 4 au 6 juillet 2023 \u00e0 Lyon.\",\"breadcrumb\":{\"@id\":\"https:\\\/\\\/www.sfsic.org\\\/en\\\/aac-evenement\\\/intersections-circulation\\\/#breadcrumb\"},\"inLanguage\":\"en-US\",\"potentialAction\":[{\"@type\":\"ReadAction\",\"target\":[\"https:\\\/\\\/www.sfsic.org\\\/en\\\/aac-evenement\\\/intersections-circulation\\\/\"]}]},{\"@type\":\"BreadcrumbList\",\"@id\":\"https:\\\/\\\/www.sfsic.org\\\/en\\\/aac-evenement\\\/intersections-circulation\\\/#breadcrumb\",\"itemListElement\":[{\"@type\":\"ListItem\",\"position\":1,\"name\":\"Accueil\",\"item\":\"https:\\\/\\\/www.sfsic.org\\\/en\\\/\"},{\"@type\":\"ListItem\",\"position\":2,\"name\":\"Calls for Contributions\",\"item\":\"https:\\\/\\\/www.sfsic.org\\\/en\\\/cfc-event\\\/\"},{\"@type\":\"ListItem\",\"position\":3,\"name\":\"Conference\",\"item\":\"https:\\\/\\\/www.sfsic.org\\\/en\\\/cfc-event\\\/conference\\\/\"},{\"@type\":\"ListItem\",\"position\":4,\"name\":\"Intersections, circulation\u2009\"}]},{\"@type\":\"WebSite\",\"@id\":\"https:\\\/\\\/www.sfsic.org\\\/en\\\/#website\",\"url\":\"https:\\\/\\\/www.sfsic.org\\\/en\\\/\",\"name\":\"SFSIC\",\"description\":\"Soci\u00e9t\u00e9 Fran\u00e7aise des Sciences de l&#039;Information &amp; de la Communication\",\"publisher\":{\"@id\":\"https:\\\/\\\/www.sfsic.org\\\/en\\\/#organization\"},\"potentialAction\":[{\"@type\":\"SearchAction\",\"target\":{\"@type\":\"EntryPoint\",\"urlTemplate\":\"https:\\\/\\\/www.sfsic.org\\\/en\\\/?s={search_term_string}\"},\"query-input\":{\"@type\":\"PropertyValueSpecification\",\"valueRequired\":true,\"valueName\":\"search_term_string\"}}],\"inLanguage\":\"en-US\"},{\"@type\":\"Organization\",\"@id\":\"https:\\\/\\\/www.sfsic.org\\\/en\\\/#organization\",\"name\":\"SFSIC\",\"url\":\"https:\\\/\\\/www.sfsic.org\\\/en\\\/\",\"logo\":{\"@type\":\"ImageObject\",\"inLanguage\":\"en-US\",\"@id\":\"https:\\\/\\\/www.sfsic.org\\\/en\\\/#\\\/schema\\\/logo\\\/image\\\/\",\"url\":\"https:\\\/\\\/www.sfsic.org\\\/wp-inside\\\/uploads\\\/2020\\\/05\\\/logo-sfsic.jpg\",\"contentUrl\":\"https:\\\/\\\/www.sfsic.org\\\/wp-inside\\\/uploads\\\/2020\\\/05\\\/logo-sfsic.jpg\",\"width\":1085,\"height\":1080,\"caption\":\"SFSIC\"},\"image\":{\"@id\":\"https:\\\/\\\/www.sfsic.org\\\/en\\\/#\\\/schema\\\/logo\\\/image\\\/\"}},{\"@type\":\"Person\",\"@id\":\"https:\\\/\\\/www.sfsic.org\\\/en\\\/#\\\/schema\\\/person\\\/d3606993477708f4359fb9aeda58df3b\",\"name\":\"Axelle Martin\",\"image\":{\"@type\":\"ImageObject\",\"inLanguage\":\"en-US\",\"@id\":\"https:\\\/\\\/secure.gravatar.com\\\/avatar\\\/1065035eb5e480668fbf77e163c2e86f81ac342eaad4c8783acdf4a63f3c917b?s=96&d=mm&r=g\",\"url\":\"https:\\\/\\\/secure.gravatar.com\\\/avatar\\\/1065035eb5e480668fbf77e163c2e86f81ac342eaad4c8783acdf4a63f3c917b?s=96&d=mm&r=g\",\"contentUrl\":\"https:\\\/\\\/secure.gravatar.com\\\/avatar\\\/1065035eb5e480668fbf77e163c2e86f81ac342eaad4c8783acdf4a63f3c917b?s=96&d=mm&r=g\",\"caption\":\"Axelle Martin\"},\"sameAs\":[\"@antropocominside\"]}]}<\/script>\n<!-- \/ Yoast SEO plugin. -->","yoast_head_json":{"title":"Intersections, circulation\u2009","description":"Le r\u00e9seau th\u00e9matique \u00ab Sociologie des m\u00e9dias \u00bb (RT37) de l\u2019Association Fran\u00e7aise de Sociologie lance un appel \u00e0 contribution pour son 10\u00e8 congr\u00e8s qui aura lieu du 4 au 6 juillet 2023 \u00e0 Lyon.","robots":{"index":"index","follow":"follow","max-snippet":"max-snippet:-1","max-image-preview":"max-image-preview:large","max-video-preview":"max-video-preview:-1"},"canonical":"https:\/\/www.sfsic.org\/en\/aac-evenement\/intersections-circulation\/","og_locale":"en_US","og_type":"article","og_title":"Intersections, circulation\u2009","og_description":"Le r\u00e9seau th\u00e9matique \u00ab Sociologie des m\u00e9dias \u00bb (RT37) de l\u2019Association Fran\u00e7aise de Sociologie lance un appel \u00e0 contribution pour son 10\u00e8 congr\u00e8s qui aura lieu du 4 au 6 juillet 2023 \u00e0 Lyon.","og_url":"https:\/\/www.sfsic.org\/en\/aac-evenement\/intersections-circulation\/","og_site_name":"SFSIC","article_published_time":"2022-11-17T17:50:15+00:00","author":"Axelle Martin","twitter_card":"summary_large_image","schema":{"@context":"https:\/\/schema.org","@graph":[{"@type":"Article","@id":"https:\/\/www.sfsic.org\/en\/aac-evenement\/intersections-circulation\/#article","isPartOf":{"@id":"https:\/\/www.sfsic.org\/en\/aac-evenement\/intersections-circulation\/"},"author":{"name":"Axelle Martin","@id":"https:\/\/www.sfsic.org\/en\/#\/schema\/person\/d3606993477708f4359fb9aeda58df3b"},"headline":"Intersections, circulation\u2009","datePublished":"2022-11-17T17:50:15+00:00","mainEntityOfPage":{"@id":"https:\/\/www.sfsic.org\/en\/aac-evenement\/intersections-circulation\/"},"wordCount":1990,"publisher":{"@id":"https:\/\/www.sfsic.org\/en\/#organization"},"keywords":["Journalisme","m\u00e9dia"],"articleSection":["AAC \u00c9v\u00e9nement","Colloque"],"inLanguage":"en-US"},{"@type":"WebPage","@id":"https:\/\/www.sfsic.org\/en\/aac-evenement\/intersections-circulation\/","url":"https:\/\/www.sfsic.org\/en\/aac-evenement\/intersections-circulation\/","name":"Intersections, circulation\u2009","isPartOf":{"@id":"https:\/\/www.sfsic.org\/en\/#website"},"datePublished":"2022-11-17T17:50:15+00:00","description":"Le r\u00e9seau th\u00e9matique \u00ab Sociologie des m\u00e9dias \u00bb (RT37) de l\u2019Association Fran\u00e7aise de Sociologie lance un appel \u00e0 contribution pour son 10\u00e8 congr\u00e8s qui aura lieu du 4 au 6 juillet 2023 \u00e0 Lyon.","breadcrumb":{"@id":"https:\/\/www.sfsic.org\/en\/aac-evenement\/intersections-circulation\/#breadcrumb"},"inLanguage":"en-US","potentialAction":[{"@type":"ReadAction","target":["https:\/\/www.sfsic.org\/en\/aac-evenement\/intersections-circulation\/"]}]},{"@type":"BreadcrumbList","@id":"https:\/\/www.sfsic.org\/en\/aac-evenement\/intersections-circulation\/#breadcrumb","itemListElement":[{"@type":"ListItem","position":1,"name":"Accueil","item":"https:\/\/www.sfsic.org\/en\/"},{"@type":"ListItem","position":2,"name":"Calls for Contributions","item":"https:\/\/www.sfsic.org\/en\/cfc-event\/"},{"@type":"ListItem","position":3,"name":"Conference","item":"https:\/\/www.sfsic.org\/en\/cfc-event\/conference\/"},{"@type":"ListItem","position":4,"name":"Intersections, circulation\u2009"}]},{"@type":"WebSite","@id":"https:\/\/www.sfsic.org\/en\/#website","url":"https:\/\/www.sfsic.org\/en\/","name":"SFSIC","description":"Soci\u00e9t\u00e9 Fran\u00e7aise des Sciences de l&#039;Information &amp; de la Communication","publisher":{"@id":"https:\/\/www.sfsic.org\/en\/#organization"},"potentialAction":[{"@type":"SearchAction","target":{"@type":"EntryPoint","urlTemplate":"https:\/\/www.sfsic.org\/en\/?s={search_term_string}"},"query-input":{"@type":"PropertyValueSpecification","valueRequired":true,"valueName":"search_term_string"}}],"inLanguage":"en-US"},{"@type":"Organization","@id":"https:\/\/www.sfsic.org\/en\/#organization","name":"SFSIC","url":"https:\/\/www.sfsic.org\/en\/","logo":{"@type":"ImageObject","inLanguage":"en-US","@id":"https:\/\/www.sfsic.org\/en\/#\/schema\/logo\/image\/","url":"https:\/\/www.sfsic.org\/wp-inside\/uploads\/2020\/05\/logo-sfsic.jpg","contentUrl":"https:\/\/www.sfsic.org\/wp-inside\/uploads\/2020\/05\/logo-sfsic.jpg","width":1085,"height":1080,"caption":"SFSIC"},"image":{"@id":"https:\/\/www.sfsic.org\/en\/#\/schema\/logo\/image\/"}},{"@type":"Person","@id":"https:\/\/www.sfsic.org\/en\/#\/schema\/person\/d3606993477708f4359fb9aeda58df3b","name":"Axelle Martin","image":{"@type":"ImageObject","inLanguage":"en-US","@id":"https:\/\/secure.gravatar.com\/avatar\/1065035eb5e480668fbf77e163c2e86f81ac342eaad4c8783acdf4a63f3c917b?s=96&d=mm&r=g","url":"https:\/\/secure.gravatar.com\/avatar\/1065035eb5e480668fbf77e163c2e86f81ac342eaad4c8783acdf4a63f3c917b?s=96&d=mm&r=g","contentUrl":"https:\/\/secure.gravatar.com\/avatar\/1065035eb5e480668fbf77e163c2e86f81ac342eaad4c8783acdf4a63f3c917b?s=96&d=mm&r=g","caption":"Axelle Martin"},"sameAs":["@antropocominside"]}]}},"_links":{"self":[{"href":"https:\/\/www.sfsic.org\/en\/wp-json\/wp\/v2\/posts\/26606","targetHints":{"allow":["GET"]}}],"collection":[{"href":"https:\/\/www.sfsic.org\/en\/wp-json\/wp\/v2\/posts"}],"about":[{"href":"https:\/\/www.sfsic.org\/en\/wp-json\/wp\/v2\/types\/post"}],"author":[{"embeddable":true,"href":"https:\/\/www.sfsic.org\/en\/wp-json\/wp\/v2\/users\/781"}],"replies":[{"embeddable":true,"href":"https:\/\/www.sfsic.org\/en\/wp-json\/wp\/v2\/comments?post=26606"}],"version-history":[{"count":6,"href":"https:\/\/www.sfsic.org\/en\/wp-json\/wp\/v2\/posts\/26606\/revisions"}],"predecessor-version":[{"id":26615,"href":"https:\/\/www.sfsic.org\/en\/wp-json\/wp\/v2\/posts\/26606\/revisions\/26615"}],"wp:attachment":[{"href":"https:\/\/www.sfsic.org\/en\/wp-json\/wp\/v2\/media?parent=26606"}],"wp:term":[{"taxonomy":"category","embeddable":true,"href":"https:\/\/www.sfsic.org\/en\/wp-json\/wp\/v2\/categories?post=26606"},{"taxonomy":"post_tag","embeddable":true,"href":"https:\/\/www.sfsic.org\/en\/wp-json\/wp\/v2\/tags?post=26606"},{"taxonomy":"thematique","embeddable":true,"href":"https:\/\/www.sfsic.org\/en\/wp-json\/wp\/v2\/thematique?post=26606"},{"taxonomy":"sfsic","embeddable":true,"href":"https:\/\/www.sfsic.org\/en\/wp-json\/wp\/v2\/sfsic?post=26606"}],"curies":[{"name":"wp","href":"https:\/\/api.w.org\/{rel}","templated":true}]}}