{"id":26547,"date":"2022-11-12T09:07:17","date_gmt":"2022-11-12T08:07:17","guid":{"rendered":"https:\/\/www.sfsic.org\/?p=26547"},"modified":"2022-11-11T19:09:17","modified_gmt":"2022-11-11T18:09:17","slug":"le-journalisme-sous-lemprise-des-ecrans-multiples","status":"publish","type":"post","link":"https:\/\/www.sfsic.org\/en\/aac-evenement\/le-journalisme-sous-lemprise-des-ecrans-multiples\/","title":{"rendered":"Le journalisme sous l\u2019emprise des \u00e9crans multiples"},"content":{"rendered":"<p><!-- fxzn:singledetail --><\/p>\n<div class=\"zone zn-singledetail\" id=\"fxzn-singledetail-1\">\n<div class=\"zone-block zn-singledetail-block alignwide va-top\">\n<div class=\"row\">\n<div class=\"columns large-8 large-push-4\">\n<div class=\"zn-singledetail-metabox\">\n<div class=\"zn-singledetail-pubdate pubdate\">\n\t\t\t\t\t<span class=\"pubdate-txt\">Mis en ligne le<\/span><span class=\"doubledot\"><\/span> 11 novembre 2022\t\t\t\t<\/div>\n<p class=\"zn-singledetail-calenda-info\">\n\t\t\t\t\t\tInformations \u00e9dit\u00e9es \u00e0 partir d\u2019une annonce <a class=\"calenda-link prettylink\" href=\"https:\/\/calenda.org\/1028612\" target=\"_blank\" rel=\"noopener\"><strong>Calenda<\/strong><\/a>.\t\t\t\t\t<\/p>\n<div class=\"zn-singledetail-thematiques with-sep-comma\">\n<ul class=\"termslist termslist-thematique\">\n<li class=\"termslist-item termslist-title\"><span class=\"termslist-titletxt\">Th\u00e9matiques<\/span><span class=\"doubledot\"><\/span><\/li>\n<li class=\"termslist-item tax-thematique term-information-documents-et-ecritures\"><a class=\"termslist-itemlink\" href=\"https:\/\/www.sfsic.org\/en\/thematiques\/information-documents-and-records\/\" title=\"Information, documents et \u00e9critures\"><span class=\"termslist-itemname\">Information, documents et \u00e9critures<\/span><\/a><\/li>\n<li class=\"termslist-item tax-thematique term-medias-et-journalisme\"><a class=\"termslist-itemlink\" href=\"https:\/\/www.sfsic.org\/en\/thematiques\/media-and-journalism\/\" title=\"M\u00e9dias et journalisme\"><span class=\"termslist-itemname\">M\u00e9dias et journalisme<\/span><\/a><\/li>\n<li class=\"termslist-item tax-thematique term-numerique-strategies-dispositifs-et-usages\"><a class=\"termslist-itemlink\" href=\"https:\/\/www.sfsic.org\/en\/thematiques\/digital-strategies-devices-and-uses-en\/\" title=\"Num\u00e9rique : strat\u00e9gies, dispositifs et usages\"><span class=\"termslist-itemname\">Num\u00e9rique : strat\u00e9gies, dispositifs et usages<\/span><\/a><\/li>\n<\/ul><\/div>\n<\/p><\/div>\n<\/p><\/div>\n<\/p><\/div>\n<div class=\"row\">\n<div class=\"columns large-4\">\n<div class=\"zn-singledetail-sidebar bg-cornersquares\">\n<div class=\"zn-singledetail-infos\">\n<p class=\"zn-singledetail-reponse-date\">\n\t\t\t\t\t\t<span>R\u00e9ponse attendue pour le<\/span><span class=\"doubledot\"><\/span> <strong>20\/12\/2022<\/strong>\n\t\t\t\t\t<\/p>\n<p class=\"zn-singledetail-reponse-type\">\n\t\t\t\t\t<span>Type de r\u00e9ponse<\/span><span class=\"doubledot\"><\/span> <strong>R\u00e9sum\u00e9<\/strong>\n\t\t\t\t\t<\/p>\n<p class=\"zn-singledetail-type\">\n\t\t\t\t\t\t\t<span>Type d\u2019\u00e9v\u00e9nement<\/span><span class=\"doubledot\"><\/span> <strong>Colloque<\/strong>\n\t\t\t\t\t<\/p>\n<\/p><\/div>\n<div class=\"zn-singledetail-contacts\">\n<h3 class=\"zn-singledetail-section-title\">Contacts<\/h3>\n<ul class=\"zn-singledetail-contacts-list\">\n<li class=\"zn-singledetail-contact\">\n\t\t\t\t\t\t\t<span class=\"zn-singledetail-contact-name\">Bercky Kitumu Mayimona<\/span><span class=\"doubledot\"><\/span><br \/>\n\t\t\t\t\t\t\t\t\t\t\t\t\t\t<a class=\"zn-singledetail-contact-mail prettylink\" href=\"mailto:kitumu@gmail.com\">kitumu@gmail.com<\/a>\n\t\t\t\t\t\t\t\t\t\t\t\t\t<\/li>\n<li class=\"zn-singledetail-contact\">\n\t\t\t\t\t\t\t<span class=\"zn-singledetail-contact-name\">Pierre Nsana Bitentu<\/span><span class=\"doubledot\"><\/span><br \/>\n\t\t\t\t\t\t\t\t\t\t\t\t\t\t<a class=\"zn-singledetail-contact-mail prettylink\" href=\"mailto:colloque2023@gmail.com\">colloque2023@gmail.com<\/a>\n\t\t\t\t\t\t\t\t\t\t\t\t\t<\/li>\n<\/ul><\/div>\n<\/p><\/div>\n<\/p><\/div>\n<div class=\"columns large-8\">\n<div class=\"zn-singledetail-contentbox\">\n<div class=\"zn-singledetail-eventinfo\">\n<div class=\"zn-singledetail-eventinfo-inner\">\n<div class=\"zn-singledetail-eventdates\">\n\t\t\t\t\t\t<span class=\"zn-singledetail-label\">Dates de l\u2019\u00e9v\u00e9nement<span class=\"doubledot\"><\/span><\/span><\/p>\n<ul class=\"zn-singledetail-eventdates-list\">\n<li class=\"zn-singledetail-eventdates-item\">\n\t\t\t\t\t\t\t\tDu 04\/05\/2023 au 06\/05\/2023\t\t\t\t\t\t\t<\/li>\n<\/ul><\/div>\n<p class=\"zn-singledetail-eventplace\">\n\t\t\t\t\t\t<span class=\"zn-singledetail-label\">Lieu de l\u2019\u00e9v\u00e9nement<span class=\"doubledot\"><\/span><\/span><br \/>\n\t\t\t\t\t\t<span class=\"zn-singledetail-eventplace-adr\"><br \/>\n\t\t\t\t\t\t\t\t\t\t\t\t<span class=\"adr-name\">\u00c9v\u00e9nement hybride sur site et en ligne<\/span>,<\/p>\n<p>\t\t\t\t\t\t<span class=\"adr-city\">Kinshasa<\/span>\t\t\t\t\t\t, <span class=\"adr-country\">Congo<\/span><br \/>\n\t\t\t\t\t\t<\/span>\t\t\t\t\t<\/p>\n<\/p><\/div>\n<\/p><\/div>\n<div class=\"zn-singledetail-annonce wig-content\">\n<h2>Argumentaire<\/h2>\n<p>L\u2019explosion des technologies num\u00e9riques et le d\u00e9veloppement exponentiel d\u2019Internet ont litt\u00e9ralement boulevers\u00e9 les habitudes de vie \u00e0 l\u2019\u00e9chelle plan\u00e9taire, notamment en ce qui concerne la production et diffusion\/circulation des id\u00e9es. En R\u00e9publique d\u00e9mocratique du Congo, comme un peu partout dans le monde, la r\u00e9volution num\u00e9rique (Vial 2013) a non seulement acc\u00e9l\u00e9r\u00e9 la faillite de la presse \u00e9crite et occasionn\u00e9 l\u2019\u00e9miettement et l\u2019hydrocution de la t\u00e9l\u00e9vision dans un oc\u00e9an d\u2019\u00e9crans, de terminaux, de r\u00e9seaux et de portables (Missika 2006), mais aussi et surtout d\u00e9multipli\u00e9 le rythme de production de l\u2019information et ray\u00e9 le \u00ab&#160;monopole&#160;\u00bb des journalistes sur cette derni\u00e8re, la multiplicit\u00e9 des \u00e9crans correspondant dor\u00e9navant \u00e0 une multiplicit\u00e9 de \u00ab&#160;cr\u00e9ateurs&#160;\u00bb de l\u2019information. L\u2019hypoth\u00e8se heuristique voudrait qu\u2019une telle transhumance g\u00e9n\u00e8re forcement de nouvelles mani\u00e8res de penser et de pratiquer le journalisme.<\/p>\n<p>Le pr\u00e9sent colloque se propose d\u2019analyser dans quelle mesure les savoir-faire journalistiques contemporains ont subi des mutations ou ont pu se maintenir dans un univers m\u00e9diatique d\u00e9sormais domin\u00e9 par l\u2019omnipr\u00e9sence d\u2019\u00e9crans multiples. Il s\u2019agit \u00e0 la fois d\u2019interroger les identit\u00e9s professionnelles \u00e9merg\u00e9es et \u00e9mergentes, d\u2019ausculter les pratiques qui les g\u00e9n\u00e8rent et de questionner le syst\u00e8me normatif dans lequel se meuvent la profession, les professionnels ainsi que les organes et organismes de presse de ce pays continent. \u00c0 l\u2019heure des fake news et deep fakes un examen de diff\u00e9rents compartiments du champ journalistique est essentiel.<\/p>\n<p><strong>Un premier axe<\/strong> de recherche sera d\u00e9velopp\u00e9 autour de (ou des) la figure(s) du journaliste pr\u00e9sent \u00e0 l\u2019\u00e9cran. Il accueillera des analyses portant sur les profils et trajectoires des journalistes Congolais \u00e0 travers le temps. L\u2019id\u00e9e est d\u2019initier une r\u00e9flexion sur les repr\u00e9sentations et perceptions de l\u2019\u00e9thos du journaliste aussi bien par les observateurs que par les acteurs eux-m\u00eames.<\/p>\n<p><strong>Un deuxi\u00e8me axe<\/strong> proposera une r\u00e9flexion centr\u00e9e sur les diff\u00e9rents formats journalistiques, historiques et contemporains. Il permet de r\u00e9interroger, \u00e0 travers l\u2019analyse des pratiques et des contenus m\u00e9diatiques, le sort et l\u2019essor du m\u00e9tier de journaliste face aux contraintes des innovations technologiques et de leur appropriation par et au sein du microcosme social Congolais.<\/p>\n<p><strong>Un troisi\u00e8me axe<\/strong> s\u2019int\u00e9ressera au cadre normatif dans ses rapports avec les mutations des pratiques journalistiques d\u2019une part, et l\u2019ing\u00e9niosit\u00e9 prot\u00e9iforme d\u2019entrepreneurs, cr\u00e9ateurs et gestionnaires actifs dans le champ m\u00e9diatique durant les trois derni\u00e8res d\u00e9cennies.<\/p>\n<h2>Modalit\u00e9s de soumission<\/h2>\n<p>Les personnes int\u00e9ress\u00e9es \u00e0 participer \u00e0 ce colloque national doivent faire parvenir un r\u00e9sum\u00e9 de 300 \u00e0 500 mots exposant leur probl\u00e9matique, leur m\u00e9thodologie et, le cas \u00e9ch\u00e9ant, les r\u00e9sultats anticip\u00e9s. Les propositions doivent \u00eatre transmises par courriel, \u00e0 l\u2019adresse\u00a0<strong>colloque2023@gmail.com<\/strong> <strong>avant le 20 d\u00e9cembre 2022<\/strong><\/p>\n<ul>\n<li>Les contributeurs sont pri\u00e9s d\u2019indiquer leurs identit\u00e9s compl\u00e8tes et r\u00e9f\u00e9rences (affiliation, universit\u00e9 ou institution, adresse \u00e9lectronique, num\u00e9ro de t\u00e9l\u00e9phone et titre de communication) dans le corps du message.<\/li>\n<li>Une r\u00e9ponse sera transmise au plus tard le 15 janvier 2023 par le comit\u00e9 scientifique, apr\u00e8s un processus d\u2019\u00e9valuation en double aveugle.<\/li>\n<li>Sont attendues, les communications, individuelles ou collectives, en fran\u00e7ais ou en anglais, d\u2019auteurs, chercheurs, docteurs ou doctorants, des professionnels des m\u00e9dias et ceux intervenant dans l\u2019encadrement du secteur (r\u00e9gulateurs, organisations professionnelles, activistes de la soci\u00e9t\u00e9 civile, secteur de la coop\u00e9ration, ONG internationale, etc.).<\/li>\n<li>De fa\u00e7on plus large, sont attendues, les contributions des chercheurs qui s\u2019int\u00e9ressent \u00e0 la dynamique des diff\u00e9rents champs m\u00e9diatiques en Afrique au regard non seulement de l\u2019\u00e9volution\/mutation des pratiques et de la profession mais aussi de ses interactions avec d\u2019autres champs (sociaux, \u00e9conomiques et politiques) au travers les \u00e9crans multiples.<\/li>\n<li>Apr\u00e8s s\u00e9lection par le comit\u00e9 scientifique, les auteurs devront transmettre, au plus tard le jour du colloque, le texte complet de l\u2019article (30\u00a0000 \u00e0 40\u00a0000 signes) en vue d\u2019une publication collective du LARSICOM d\u00e9di\u00e9e aux Rencontres congolaises de recherches sur le journalisme.<\/li>\n<\/ul>\n<h2>Comit\u00e9 scientifique<\/h2>\n<ul>\n<li>Aissa MERAH SLIMANE, Professeur, l\u2019Universit\u00e9 de B\u00e9jaia (Alg\u00e9rie)<\/li>\n<li>Bercky KITUMU, Professeur, Institut Facultaire des Sciences de l\u2019Information et de la Communication (IFASIC)<\/li>\n<li>Christian MWENZA, Professeur, Universit\u00e9 de Lubumbashi<\/li>\n<li>Claude MUKEBA, Professeur, Institut Facultaire des Sciences de l\u2019Information et de la Communication (IFASIC)<\/li>\n<li>Jean-Claude LIKOSI, Professeur, Universit\u00e9 Catholique du Congo \u2013 Universit\u00e9 de l\u2019U\u00e9l\u00e9<\/li>\n<li>Jean-Marie DIKANGA KAZADI, Professeur, Universit\u00e9 de Lubumbashi<\/li>\n<li>Lassan\u00e9 Yam\u00e9ogo, Professeur, Universit\u00e9 Joseph Ki-Zerbo (Ouagadougou)<\/li>\n<li>L\u00e9on MBEMBO, Professeur, Universit\u00e9 Catholique du Congo &#8211; ISC Bandundu<\/li>\n<li>Madimba KADIMA-NZUJI, Docteur, Institut Facultaire des Sciences de l\u2019Information et de la Communication (IFASIC)<\/li>\n<li>Maombi MUKOMYA, Doctorant, Universit\u00e9 libre de Bruxelles \u2013 Lapij<\/li>\n<li>Marc LITS, Em\u00e9rite &#8211; Universit\u00e9 Catholique de Louvain<\/li>\n<li>Philippe NKONGO LOMBI, Professeur, Universit\u00e9 P\u00e9dagogique Nationale \u2013 Universit\u00e9 Kongo<\/li>\n<li>Pierre N&rsquo;SANA, Professeur, Institut Facultaire des Sciences de l\u2019Information et de la Communication (IFASIC)<\/li>\n<li>Priscilla KASONGO, Professeure, Universit\u00e9 P\u00e9dagogique Nationale<\/li>\n<li>Ribio NZEZA, Professeur, Universit\u00e9 de Kinshasa &amp; Universit\u00e9 Senghor (Alexandrie)<\/li>\n<\/ul><\/div>\n<div class=\"zn-singledetail-keywords\">\n<h3 class=\"zn-singledetail-section-title\">Mots-cl\u00e9s<\/h3>\n<ul class=\"termslist termslist-post_tag\">\n<li class=\"termslist-item termslist-title\"><span class=\"termslist-titletxt\">Mots-cl\u00e9s<\/span><span class=\"doubledot\"><\/span><\/li>\n<li class=\"termslist-item tax-post_tag term-appropriation\"><a class=\"termslist-itemlink\" href=\"https:\/\/www.sfsic.org\/en\/tag\/appropriation-en\/\" title=\"Appropriation\"><span class=\"termslist-itemname\">Appropriation<\/span><\/a><\/li>\n<li class=\"termslist-item tax-post_tag term-ecran\"><a class=\"termslist-itemlink\" href=\"https:\/\/www.sfsic.org\/en\/tag\/ecran\/\" title=\"\u00c9crans\"><span class=\"termslist-itemname\">\u00c9crans<\/span><\/a><\/li>\n<li class=\"termslist-item tax-post_tag term-journalisme\"><a class=\"termslist-itemlink\" href=\"https:\/\/www.sfsic.org\/en\/tag\/journalism\/\" title=\"Journalisme\"><span class=\"termslist-itemname\">Journalisme<\/span><\/a><\/li>\n<li class=\"termslist-item tax-post_tag term-media\"><a class=\"termslist-itemlink\" href=\"https:\/\/www.sfsic.org\/en\/tag\/media-en\/\" title=\"m\u00e9dia\"><span class=\"termslist-itemname\">m\u00e9dia<\/span><\/a><\/li>\n<li class=\"termslist-item tax-post_tag term-numerique\"><a class=\"termslist-itemlink\" href=\"https:\/\/www.sfsic.org\/en\/tag\/digital\/\" title=\"Num\u00e9rique\"><span class=\"termslist-itemname\">Num\u00e9rique<\/span><\/a><\/li>\n<\/ul><\/div>\n<\/p><\/div>\n<\/p><\/div>\n<\/p><\/div>\n<\/p><\/div>\n<\/div>\n<p><!-- \/fxzn:singledetail --><\/p>\n","protected":false},"excerpt":{"rendered":"<p>Mis en ligne le 11 novembre 2022 Informations \u00e9dit\u00e9es \u00e0 partir d\u2019une annonce Calenda. Th\u00e9matiques Information, documents et \u00e9critures M\u00e9dias et journalisme Num\u00e9rique : strat\u00e9gies, dispositifs et usages R\u00e9ponse attendue [&hellip;]<\/p>\n","protected":false},"author":1377,"featured_media":0,"comment_status":"closed","ping_status":"closed","sticky":false,"template":"","format":"standard","meta":{"_acf_changed":false,"footnotes":""},"categories":[29,57],"tags":[352,608,94,46,90],"thematique":[40,34,39],"sfsic":[],"class_list":["post-26547","post","type-post","status-publish","format-standard","hentry","category-aac-evenement","category-colloque","tag-appropriation","tag-ecran","tag-journalisme","tag-media","tag-numerique","thematique-information-documents-et-ecritures","thematique-medias-et-journalisme","thematique-numerique-strategies-dispositifs-et-usages","wp-sticky"],"acf":[],"yoast_head":"<!-- This site is optimized with the Yoast SEO plugin v27.5 - https:\/\/yoast.com\/product\/yoast-seo-wordpress\/ -->\n<title>Le journalisme sous l\u2019emprise des \u00e9crans multiples<\/title>\n<meta name=\"description\" content=\"Appel \u00e0 contribution pour un colloque qui traite de la th\u00e9matique &quot;Le journalisme sous l\u2019emprise des \u00e9crans multiples&quot;.\" \/>\n<meta name=\"robots\" content=\"index, follow, max-snippet:-1, max-image-preview:large, max-video-preview:-1\" \/>\n<link rel=\"canonical\" href=\"https:\/\/www.sfsic.org\/en\/aac-evenement\/le-journalisme-sous-lemprise-des-ecrans-multiples\/\" \/>\n<meta property=\"og:locale\" content=\"en_US\" \/>\n<meta property=\"og:type\" content=\"article\" \/>\n<meta property=\"og:title\" content=\"Le journalisme sous l\u2019emprise des \u00e9crans multiples\" \/>\n<meta property=\"og:description\" content=\"Appel \u00e0 contribution pour un colloque qui traite de la th\u00e9matique &quot;Le journalisme sous l\u2019emprise des \u00e9crans multiples&quot;.\" \/>\n<meta property=\"og:url\" content=\"https:\/\/www.sfsic.org\/en\/aac-evenement\/le-journalisme-sous-lemprise-des-ecrans-multiples\/\" \/>\n<meta property=\"og:site_name\" content=\"SFSIC\" \/>\n<meta property=\"article:published_time\" content=\"2022-11-12T08:07:17+00:00\" \/>\n<meta name=\"author\" content=\"Redouane Chehrit\" \/>\n<meta name=\"twitter:card\" content=\"summary_large_image\" \/>\n<script type=\"application\/ld+json\" class=\"yoast-schema-graph\">{\"@context\":\"https:\\\/\\\/schema.org\",\"@graph\":[{\"@type\":\"Article\",\"@id\":\"https:\\\/\\\/www.sfsic.org\\\/en\\\/aac-evenement\\\/le-journalisme-sous-lemprise-des-ecrans-multiples\\\/#article\",\"isPartOf\":{\"@id\":\"https:\\\/\\\/www.sfsic.org\\\/en\\\/aac-evenement\\\/le-journalisme-sous-lemprise-des-ecrans-multiples\\\/\"},\"author\":{\"name\":\"Redouane Chehrit\",\"@id\":\"https:\\\/\\\/www.sfsic.org\\\/en\\\/#\\\/schema\\\/person\\\/3ea45e47b44387ceac7edd44535c900c\"},\"headline\":\"Le journalisme sous l\u2019emprise des \u00e9crans multiples\",\"datePublished\":\"2022-11-12T08:07:17+00:00\",\"mainEntityOfPage\":{\"@id\":\"https:\\\/\\\/www.sfsic.org\\\/en\\\/aac-evenement\\\/le-journalisme-sous-lemprise-des-ecrans-multiples\\\/\"},\"wordCount\":973,\"publisher\":{\"@id\":\"https:\\\/\\\/www.sfsic.org\\\/en\\\/#organization\"},\"keywords\":[\"Appropriation\",\"\u00c9crans\",\"Journalisme\",\"m\u00e9dia\",\"Num\u00e9rique\"],\"articleSection\":[\"AAC \u00c9v\u00e9nement\",\"Colloque\"],\"inLanguage\":\"en-US\"},{\"@type\":\"WebPage\",\"@id\":\"https:\\\/\\\/www.sfsic.org\\\/en\\\/aac-evenement\\\/le-journalisme-sous-lemprise-des-ecrans-multiples\\\/\",\"url\":\"https:\\\/\\\/www.sfsic.org\\\/en\\\/aac-evenement\\\/le-journalisme-sous-lemprise-des-ecrans-multiples\\\/\",\"name\":\"Le journalisme sous l\u2019emprise des \u00e9crans multiples\",\"isPartOf\":{\"@id\":\"https:\\\/\\\/www.sfsic.org\\\/en\\\/#website\"},\"datePublished\":\"2022-11-12T08:07:17+00:00\",\"description\":\"Appel \u00e0 contribution pour un colloque qui traite de la th\u00e9matique \\\"Le journalisme sous l\u2019emprise des \u00e9crans multiples\\\".\",\"breadcrumb\":{\"@id\":\"https:\\\/\\\/www.sfsic.org\\\/en\\\/aac-evenement\\\/le-journalisme-sous-lemprise-des-ecrans-multiples\\\/#breadcrumb\"},\"inLanguage\":\"en-US\",\"potentialAction\":[{\"@type\":\"ReadAction\",\"target\":[\"https:\\\/\\\/www.sfsic.org\\\/en\\\/aac-evenement\\\/le-journalisme-sous-lemprise-des-ecrans-multiples\\\/\"]}]},{\"@type\":\"BreadcrumbList\",\"@id\":\"https:\\\/\\\/www.sfsic.org\\\/en\\\/aac-evenement\\\/le-journalisme-sous-lemprise-des-ecrans-multiples\\\/#breadcrumb\",\"itemListElement\":[{\"@type\":\"ListItem\",\"position\":1,\"name\":\"Accueil\",\"item\":\"https:\\\/\\\/www.sfsic.org\\\/en\\\/\"},{\"@type\":\"ListItem\",\"position\":2,\"name\":\"Calls for Contributions\",\"item\":\"https:\\\/\\\/www.sfsic.org\\\/en\\\/cfc-event\\\/\"},{\"@type\":\"ListItem\",\"position\":3,\"name\":\"Conference\",\"item\":\"https:\\\/\\\/www.sfsic.org\\\/en\\\/cfc-event\\\/conference\\\/\"},{\"@type\":\"ListItem\",\"position\":4,\"name\":\"Le journalisme sous l\u2019emprise des \u00e9crans multiples\"}]},{\"@type\":\"WebSite\",\"@id\":\"https:\\\/\\\/www.sfsic.org\\\/en\\\/#website\",\"url\":\"https:\\\/\\\/www.sfsic.org\\\/en\\\/\",\"name\":\"SFSIC\",\"description\":\"Soci\u00e9t\u00e9 Fran\u00e7aise des Sciences de l&#039;Information &amp; de la Communication\",\"publisher\":{\"@id\":\"https:\\\/\\\/www.sfsic.org\\\/en\\\/#organization\"},\"potentialAction\":[{\"@type\":\"SearchAction\",\"target\":{\"@type\":\"EntryPoint\",\"urlTemplate\":\"https:\\\/\\\/www.sfsic.org\\\/en\\\/?s={search_term_string}\"},\"query-input\":{\"@type\":\"PropertyValueSpecification\",\"valueRequired\":true,\"valueName\":\"search_term_string\"}}],\"inLanguage\":\"en-US\"},{\"@type\":\"Organization\",\"@id\":\"https:\\\/\\\/www.sfsic.org\\\/en\\\/#organization\",\"name\":\"SFSIC\",\"url\":\"https:\\\/\\\/www.sfsic.org\\\/en\\\/\",\"logo\":{\"@type\":\"ImageObject\",\"inLanguage\":\"en-US\",\"@id\":\"https:\\\/\\\/www.sfsic.org\\\/en\\\/#\\\/schema\\\/logo\\\/image\\\/\",\"url\":\"https:\\\/\\\/www.sfsic.org\\\/wp-inside\\\/uploads\\\/2020\\\/05\\\/logo-sfsic.jpg\",\"contentUrl\":\"https:\\\/\\\/www.sfsic.org\\\/wp-inside\\\/uploads\\\/2020\\\/05\\\/logo-sfsic.jpg\",\"width\":1085,\"height\":1080,\"caption\":\"SFSIC\"},\"image\":{\"@id\":\"https:\\\/\\\/www.sfsic.org\\\/en\\\/#\\\/schema\\\/logo\\\/image\\\/\"}},{\"@type\":\"Person\",\"@id\":\"https:\\\/\\\/www.sfsic.org\\\/en\\\/#\\\/schema\\\/person\\\/3ea45e47b44387ceac7edd44535c900c\",\"name\":\"Redouane Chehrit\",\"image\":{\"@type\":\"ImageObject\",\"inLanguage\":\"en-US\",\"@id\":\"https:\\\/\\\/secure.gravatar.com\\\/avatar\\\/89e29a11141dff2771793b316beaf5734cb4f1dc427a45ef84f8c35f670d30ff?s=96&d=mm&r=g\",\"url\":\"https:\\\/\\\/secure.gravatar.com\\\/avatar\\\/89e29a11141dff2771793b316beaf5734cb4f1dc427a45ef84f8c35f670d30ff?s=96&d=mm&r=g\",\"contentUrl\":\"https:\\\/\\\/secure.gravatar.com\\\/avatar\\\/89e29a11141dff2771793b316beaf5734cb4f1dc427a45ef84f8c35f670d30ff?s=96&d=mm&r=g\",\"caption\":\"Redouane Chehrit\"}}]}<\/script>\n<!-- \/ Yoast SEO plugin. -->","yoast_head_json":{"title":"Le journalisme sous l\u2019emprise des \u00e9crans multiples","description":"Appel \u00e0 contribution pour un colloque qui traite de la th\u00e9matique \"Le journalisme sous l\u2019emprise des \u00e9crans multiples\".","robots":{"index":"index","follow":"follow","max-snippet":"max-snippet:-1","max-image-preview":"max-image-preview:large","max-video-preview":"max-video-preview:-1"},"canonical":"https:\/\/www.sfsic.org\/en\/aac-evenement\/le-journalisme-sous-lemprise-des-ecrans-multiples\/","og_locale":"en_US","og_type":"article","og_title":"Le journalisme sous l\u2019emprise des \u00e9crans multiples","og_description":"Appel \u00e0 contribution pour un colloque qui traite de la th\u00e9matique \"Le journalisme sous l\u2019emprise des \u00e9crans multiples\".","og_url":"https:\/\/www.sfsic.org\/en\/aac-evenement\/le-journalisme-sous-lemprise-des-ecrans-multiples\/","og_site_name":"SFSIC","article_published_time":"2022-11-12T08:07:17+00:00","author":"Redouane Chehrit","twitter_card":"summary_large_image","schema":{"@context":"https:\/\/schema.org","@graph":[{"@type":"Article","@id":"https:\/\/www.sfsic.org\/en\/aac-evenement\/le-journalisme-sous-lemprise-des-ecrans-multiples\/#article","isPartOf":{"@id":"https:\/\/www.sfsic.org\/en\/aac-evenement\/le-journalisme-sous-lemprise-des-ecrans-multiples\/"},"author":{"name":"Redouane Chehrit","@id":"https:\/\/www.sfsic.org\/en\/#\/schema\/person\/3ea45e47b44387ceac7edd44535c900c"},"headline":"Le journalisme sous l\u2019emprise des \u00e9crans multiples","datePublished":"2022-11-12T08:07:17+00:00","mainEntityOfPage":{"@id":"https:\/\/www.sfsic.org\/en\/aac-evenement\/le-journalisme-sous-lemprise-des-ecrans-multiples\/"},"wordCount":973,"publisher":{"@id":"https:\/\/www.sfsic.org\/en\/#organization"},"keywords":["Appropriation","\u00c9crans","Journalisme","m\u00e9dia","Num\u00e9rique"],"articleSection":["AAC \u00c9v\u00e9nement","Colloque"],"inLanguage":"en-US"},{"@type":"WebPage","@id":"https:\/\/www.sfsic.org\/en\/aac-evenement\/le-journalisme-sous-lemprise-des-ecrans-multiples\/","url":"https:\/\/www.sfsic.org\/en\/aac-evenement\/le-journalisme-sous-lemprise-des-ecrans-multiples\/","name":"Le journalisme sous l\u2019emprise des \u00e9crans multiples","isPartOf":{"@id":"https:\/\/www.sfsic.org\/en\/#website"},"datePublished":"2022-11-12T08:07:17+00:00","description":"Appel \u00e0 contribution pour un colloque qui traite de la th\u00e9matique \"Le journalisme sous l\u2019emprise des \u00e9crans multiples\".","breadcrumb":{"@id":"https:\/\/www.sfsic.org\/en\/aac-evenement\/le-journalisme-sous-lemprise-des-ecrans-multiples\/#breadcrumb"},"inLanguage":"en-US","potentialAction":[{"@type":"ReadAction","target":["https:\/\/www.sfsic.org\/en\/aac-evenement\/le-journalisme-sous-lemprise-des-ecrans-multiples\/"]}]},{"@type":"BreadcrumbList","@id":"https:\/\/www.sfsic.org\/en\/aac-evenement\/le-journalisme-sous-lemprise-des-ecrans-multiples\/#breadcrumb","itemListElement":[{"@type":"ListItem","position":1,"name":"Accueil","item":"https:\/\/www.sfsic.org\/en\/"},{"@type":"ListItem","position":2,"name":"Calls for Contributions","item":"https:\/\/www.sfsic.org\/en\/cfc-event\/"},{"@type":"ListItem","position":3,"name":"Conference","item":"https:\/\/www.sfsic.org\/en\/cfc-event\/conference\/"},{"@type":"ListItem","position":4,"name":"Le journalisme sous l\u2019emprise des \u00e9crans multiples"}]},{"@type":"WebSite","@id":"https:\/\/www.sfsic.org\/en\/#website","url":"https:\/\/www.sfsic.org\/en\/","name":"SFSIC","description":"Soci\u00e9t\u00e9 Fran\u00e7aise des Sciences de l&#039;Information &amp; de la Communication","publisher":{"@id":"https:\/\/www.sfsic.org\/en\/#organization"},"potentialAction":[{"@type":"SearchAction","target":{"@type":"EntryPoint","urlTemplate":"https:\/\/www.sfsic.org\/en\/?s={search_term_string}"},"query-input":{"@type":"PropertyValueSpecification","valueRequired":true,"valueName":"search_term_string"}}],"inLanguage":"en-US"},{"@type":"Organization","@id":"https:\/\/www.sfsic.org\/en\/#organization","name":"SFSIC","url":"https:\/\/www.sfsic.org\/en\/","logo":{"@type":"ImageObject","inLanguage":"en-US","@id":"https:\/\/www.sfsic.org\/en\/#\/schema\/logo\/image\/","url":"https:\/\/www.sfsic.org\/wp-inside\/uploads\/2020\/05\/logo-sfsic.jpg","contentUrl":"https:\/\/www.sfsic.org\/wp-inside\/uploads\/2020\/05\/logo-sfsic.jpg","width":1085,"height":1080,"caption":"SFSIC"},"image":{"@id":"https:\/\/www.sfsic.org\/en\/#\/schema\/logo\/image\/"}},{"@type":"Person","@id":"https:\/\/www.sfsic.org\/en\/#\/schema\/person\/3ea45e47b44387ceac7edd44535c900c","name":"Redouane Chehrit","image":{"@type":"ImageObject","inLanguage":"en-US","@id":"https:\/\/secure.gravatar.com\/avatar\/89e29a11141dff2771793b316beaf5734cb4f1dc427a45ef84f8c35f670d30ff?s=96&d=mm&r=g","url":"https:\/\/secure.gravatar.com\/avatar\/89e29a11141dff2771793b316beaf5734cb4f1dc427a45ef84f8c35f670d30ff?s=96&d=mm&r=g","contentUrl":"https:\/\/secure.gravatar.com\/avatar\/89e29a11141dff2771793b316beaf5734cb4f1dc427a45ef84f8c35f670d30ff?s=96&d=mm&r=g","caption":"Redouane Chehrit"}}]}},"_links":{"self":[{"href":"https:\/\/www.sfsic.org\/en\/wp-json\/wp\/v2\/posts\/26547","targetHints":{"allow":["GET"]}}],"collection":[{"href":"https:\/\/www.sfsic.org\/en\/wp-json\/wp\/v2\/posts"}],"about":[{"href":"https:\/\/www.sfsic.org\/en\/wp-json\/wp\/v2\/types\/post"}],"author":[{"embeddable":true,"href":"https:\/\/www.sfsic.org\/en\/wp-json\/wp\/v2\/users\/1377"}],"replies":[{"embeddable":true,"href":"https:\/\/www.sfsic.org\/en\/wp-json\/wp\/v2\/comments?post=26547"}],"version-history":[{"count":3,"href":"https:\/\/www.sfsic.org\/en\/wp-json\/wp\/v2\/posts\/26547\/revisions"}],"predecessor-version":[{"id":26551,"href":"https:\/\/www.sfsic.org\/en\/wp-json\/wp\/v2\/posts\/26547\/revisions\/26551"}],"wp:attachment":[{"href":"https:\/\/www.sfsic.org\/en\/wp-json\/wp\/v2\/media?parent=26547"}],"wp:term":[{"taxonomy":"category","embeddable":true,"href":"https:\/\/www.sfsic.org\/en\/wp-json\/wp\/v2\/categories?post=26547"},{"taxonomy":"post_tag","embeddable":true,"href":"https:\/\/www.sfsic.org\/en\/wp-json\/wp\/v2\/tags?post=26547"},{"taxonomy":"thematique","embeddable":true,"href":"https:\/\/www.sfsic.org\/en\/wp-json\/wp\/v2\/thematique?post=26547"},{"taxonomy":"sfsic","embeddable":true,"href":"https:\/\/www.sfsic.org\/en\/wp-json\/wp\/v2\/sfsic?post=26547"}],"curies":[{"name":"wp","href":"https:\/\/api.w.org\/{rel}","templated":true}]}}