{"id":26476,"date":"2022-11-07T09:00:29","date_gmt":"2022-11-07T08:00:29","guid":{"rendered":"https:\/\/www.sfsic.org\/?p=26476"},"modified":"2022-11-06T22:13:00","modified_gmt":"2022-11-06T21:13:00","slug":"ps-xx-la-propagande-sonore-enregistree","status":"publish","type":"post","link":"https:\/\/www.sfsic.org\/en\/evenement\/ps-xx-la-propagande-sonore-enregistree\/","title":{"rendered":"PS.XX &#8211; La propagande sonore enregistr\u00e9e"},"content":{"rendered":"<p><!-- fxzn:singledetail --><\/p>\n<div class=\"zone zn-singledetail\" id=\"fxzn-singledetail-1\">\n<div class=\"zone-block zn-singledetail-block alignwide va-top\">\n<div class=\"row\">\n<div class=\"columns large-8 large-push-4\">\n<div class=\"zn-singledetail-metabox\">\n<div class=\"zn-singledetail-pubdate pubdate\">\n\t\t\t\t\t<span class=\"pubdate-txt\">Mis en ligne le<\/span><span class=\"doubledot\"><\/span> 6 novembre 2022\t\t\t\t<\/div>\n<div class=\"zn-singledetail-thematiques with-sep-comma\">\n<ul class=\"termslist termslist-thematique\">\n<li class=\"termslist-item termslist-title\"><span class=\"termslist-titletxt\">Th\u00e9matiques<\/span><span class=\"doubledot\"><\/span><\/li>\n<li class=\"termslist-item tax-thematique term-communication-organisations\"><a class=\"termslist-itemlink\" href=\"https:\/\/www.sfsic.org\/en\/thematiques\/communication-organizations-en\/\" title=\"Communication et organisations\"><span class=\"termslist-itemname\">Communication et organisations<\/span><\/a><\/li>\n<li class=\"termslist-item tax-thematique term-images-cinema-medias-audiovisuels-et-industries-culturelles\"><a class=\"termslist-itemlink\" href=\"https:\/\/www.sfsic.org\/en\/thematiques\/images-cinema-audiovisual-media-and-cultural-industries\/\" title=\"Images, cin\u00e9ma, m\u00e9dias audiovisuels et industries culturelles\"><span class=\"termslist-itemname\">Images, cin\u00e9ma, m\u00e9dias audiovisuels et industries culturelles<\/span><\/a><\/li>\n<\/ul><\/div>\n<\/p><\/div>\n<\/p><\/div>\n<\/p><\/div>\n<div class=\"row\">\n<div class=\"columns large-4\">\n<div class=\"zn-singledetail-sidebar bg-cornersquares\">\n<div class=\"zn-singledetail-infos\">\n<p class=\"zn-singledetail-type\">\n\t\t\t\t\t\t\t<span>Type d\u2019\u00e9v\u00e9nement<\/span><span class=\"doubledot\"><\/span> <strong>Journ\u00e9e d\u2019\u00e9tude<\/strong>\n\t\t\t\t\t<\/p>\n<\/p><\/div>\n<div class=\"zn-singledetail-coordinators\">\n<h3 class=\"zn-singledetail-section-title\">Coordinateurs<\/h3>\n<ul class=\"zn-singledetail-coordinators-list\">\n<li class=\"zn-singledetail-coordinators-item\">\n\t\t\t\t\t\t\t<span>Jonathan <\/span> <span>Thomas <\/span>, <span>Cral \u2013 CNRS<\/span>\t\t\t\t\t\t\t\t\t\t\t\t\t<\/li>\n<\/ul><\/div>\n<div class=\"zn-singledetail-contacts\">\n<h3 class=\"zn-singledetail-section-title\">Contacts<\/h3>\n<ul class=\"zn-singledetail-contacts-list\">\n<li class=\"zn-singledetail-contact\">\n\t\t\t\t\t\t\t<span class=\"zn-singledetail-contact-name\">Pour recevoir le lien de connexion \u00e0 distance<\/span><span class=\"doubledot\"><\/span><br \/>\n\t\t\t\t\t\t\t\t\t\t\t\t\t\t<a class=\"zn-singledetail-contact-mail prettylink\" href=\"mailto:psxx@ehess.fr\">psxx@ehess.fr<\/a>\n\t\t\t\t\t\t\t\t\t\t\t\t\t<\/li>\n<\/ul><\/div>\n<div class=\"zn-singledetail-weblinks\">\n<h3 class=\"zn-singledetail-section-title\">Sites internet de r\u00e9f\u00e9rence<\/h3>\n<ul class=\"zn-singledetail-weblinks-list\">\n<li>\n\t\t\t\t\t\t\t<a class=\"prettylink chainlink\" href=\"https:\/\/cral.ehess.fr\/evenement\/avec-ca-nous-gagnerons-plus-dune-bataille-la-propagande-sonore-enregistree-au-xxe-siecle\" title=\"Site de l'\u00e9v\u00e9nement\" target=\"_blank\" rel=\"noopener\">Site de l&#8217;\u00e9v\u00e9nement<\/a>\n\t\t\t\t\t\t<\/li>\n<li>\n\t\t\t\t\t\t\t<a class=\"prettylink chainlink\" href=\"https:\/\/cral.ehess.fr\/actualite\/projet-de-creation-dune-base-de-donnees-autour-de-la-propagande-sonore-enregistree\" title=\"Pr\u00e9sentation du projet PSXX\" target=\"_blank\" rel=\"noopener\">Pr\u00e9sentation du projet PSXX<\/a>\n\t\t\t\t\t\t<\/li>\n<\/ul><\/div>\n<\/p><\/div>\n<\/p><\/div>\n<div class=\"columns large-8\">\n<div class=\"zn-singledetail-contentbox\">\n<div class=\"zn-singledetail-eventinfo\">\n<div class=\"zn-singledetail-eventinfo-inner\">\n<div class=\"zn-singledetail-eventdates\">\n\t\t\t\t\t\t<span class=\"zn-singledetail-label\">Dates de l\u2019\u00e9v\u00e9nement<span class=\"doubledot\"><\/span><\/span><\/p>\n<ul class=\"zn-singledetail-eventdates-list\">\n<li class=\"zn-singledetail-eventdates-item\">\n\t\t\t\t\t\t\t\t<span class=\"event-date-soon\">\u00e0 venir<\/span>\t\t\t\t\t\t\t<\/li>\n<\/ul><\/div>\n<p class=\"zn-singledetail-eventplace\">\n\t\t\t\t\t\t<span class=\"zn-singledetail-label\">Lieu de l\u2019\u00e9v\u00e9nement<span class=\"doubledot\"><\/span><\/span><br \/>\n\t\t\t\t\t\t<span class=\"zn-singledetail-eventplace-adr\"><br \/>\n\t\t\t\t\t\t\t\t\t\t\t\t<span class=\"adr-name\">Pr\u00e9sentiel en acc\u00e8s libre et visioconf\u00e9rence<\/span>,<\/p>\n<p>\t\t\t\t\t\t\t\t\t\t\t\t<span class=\"adr-place\">Campus Condorcet &#8211; Centre de colloques &#8211; salle 100 <\/span>,<\/p>\n<p>\t\t\t\t\t\t<span class=\"adr-street\">Place du Front Populaire <\/span>, <span class=\"adr-city\"> Aubervilliers <\/span>\t\t\t\t\t\t<span class=\"adr-cp\">93<\/span>, <span class=\"adr-country\">France<\/span><br \/>\n\t\t\t\t\t\t<\/span>\t\t\t\t\t<\/p>\n<\/p><\/div>\n<\/p><\/div>\n<div class=\"zn-singledetail-annonce wig-content\">\n<p class=\"x_MsoNormal\"><span class=\"\">PS.XX est la premi\u00e8re base de donn\u00e9es en acc\u00e8s libre \u00e0 r\u00e9pertorier en un lieu unique les informations des disques et cassettes produits pour la propagande des organisations politiques fran\u00e7aises tout au long du XXe si\u00e8cle. Ces objets ont marqu\u00e9 l\u2019histoire de la communication politique, gardant les traces des esth\u00e9tiques partisanes, des voix et des arts oratoires, ou des grands rassemblements, mais sont aujourd\u2019hui m\u00e9connus et n\u00e9glig\u00e9s par la recherche. Proposant l\u2019\u00e9coute en ligne de nombreux enregistrements, PS.XX entend offrir ces objets, rassembl\u00e9s en un corpus, aux investigations en histoire et sciences politiques, et plus largement favoriser les recherches en sciences humaines engag\u00e9es par le prisme du sonore.\u00a0<br class=\"\" \/><br class=\"\" \/><\/span><\/p>\n<p class=\"x_MsoNormal\"><b class=\"\"><span class=\"\">Une s\u00e9rie de 9 podcasts sur les collections h\u00e9berg\u00e9es par PS.XX est propos\u00e9e \u00e0 l&rsquo;\u00e9coute en suivant ce lien<\/span><\/b><span class=\"\">&#160;: <\/span><\/p>\n<p class=\"x_MsoNormal\"><span class=\"\"><a class=\"\" href=\"https:\/\/soundcloud.com\/user-897145586\/sets\/podcasts-psxx\" data-auth=\"NotApplicable\">https:\/\/soundcloud.com\/user-897145586\/sets\/podcasts-psxx<\/a> <\/span><\/p>\n<p class=\"x_MsoNormal\"><span class=\"\"><br class=\"\" \/>Cr\u00e9\u00e9e gr\u00e2ce au soutien du DIM PAMIR (R\u00e9gion \u00cele-de-France) en partenariat avec la BnF et le Larhra (UMR 5190), PS.XX est h\u00e9berg\u00e9e au Cral (UMR 8566) pour le CNRS.<\/span><\/p>\n<h2 class=\"x_MsoNormal\"><span class=\"\">Programme&#160;:<br class=\"\" \/><\/span><\/h2>\n<p class=\"x_MsoNormal\"><span class=\"\"><br class=\"\" \/>9h&#160;: Accueil<br class=\"\" \/><br class=\"\" \/>9h30&#160;: Ouverture \u00a0&#8211; Jonathan Thomas (Cral \u2013 CNRS)<br class=\"\" \/><br class=\"\" \/><b class=\"\">9h45&#160;: Panel 1&#160;: Conserver et mettre \u00e0 disposition les supports de la propagande sonore<\/b>\u00a0<br class=\"\" \/>Mod\u00e9ration&#160;: Jonathan Thomas (Cral \u2013 CNRS)<br class=\"\" \/><br class=\"\" \/><\/span><\/p>\n<p class=\"x_MsoNormal\"><span class=\"\">Le fonds des disques politiques \u00e0 la BnF<br \/>\n<\/span><span class=\"\">Lionel Michaux (BnF \u2013 D\u00e9partement Son, vid\u00e9o,multim\u00e9dia)<\/span><\/p>\n<p><span class=\"\">Num\u00e9risation et restauration des disques de propagande sonore<br \/>\n<\/span><span class=\"\">C\u00e9dric Bergeat (BnF \u2013 D\u00e9partement Son, vid\u00e9o,multim\u00e9dia)<br \/>\n<\/span><\/p>\n<p class=\"x_MsoNormal\"><span class=\"\">Discours politiques sur la Phonobase&#160;: des collections priv\u00e9es en compl\u00e9ment du d\u00e9p\u00f4t l\u00e9gal<br \/>\n<\/span><span class=\"\">Henri Chamoux (Larhra \u2013 CNRS)<br class=\"\" \/><br class=\"\" \/><b class=\"\">11h30&#160;: Panel 2&#160;: \u00a0Agir par le son enregistr\u00e9 et ses supports<br class=\"\" \/><\/b>Mod\u00e9ration&#160;: Marion Brachet (Cral \u2013 EHESS\/CNRS)<br class=\"\" \/><br class=\"\" \/>Les trois m\u00e9diations du support sonore enregistr\u00e9&#160;: conservation&#160;; reproduction&#160;; amplification<br \/>\n<\/span><span class=\"\">Jonathan Thomas (Cral \u2013 CNRS)<\/span><\/p>\n<p class=\"x_MsoNormal\"><span class=\"\">La discoth\u00e8que politique de Charles Wolff. Quand une collection de disques raconte un parcours militant<br \/>\n<\/span><span class=\"\">Thomas Henry (Documentation de Radio France)<br class=\"\" \/><br class=\"\" \/><b class=\"\">14h&#160;: Panel 3&#160;: Politisations du disque de musique<\/b>\u00a0<br class=\"\" \/>Mod\u00e9ration&#160;: Cec\u00edlia Pires (Cral \u2013 EHESS)<br class=\"\" \/><br class=\"\" \/>La Collection Unesco de musique traditionnelle du monde, 1961-1985&#160;: une aventure discographique dans la guerre froide globale<br \/>\n<\/span><span class=\"\">Ana\u00efs Fl\u00e9chet (CHCSC \u2013 Universit\u00e9 Versailles St-Quentin-en-Yvelines)<br class=\"\" \/>\u00a0\u00a0\u00a0<\/span><\/p>\n<p class=\"x_MsoNormal\"><span class=\"\">\u00ab&#160;L&rsquo;\u00e9limination de l&rsquo;\u00e9l\u00e9ment subjectif&#160;\u00bb&#160;? L&rsquo;h\u00e9ritage politique de B\u00e9la Bart\u00f3k entre musique, enregistrement et propagande<br \/>\n<\/span><span class=\"\">Nicol\u00f2 Palazzetti (Universit\u00e9 de Rome La Sapienza \u2013 ITI CREAA Universit\u00e9 de Strasbourg)<br class=\"\" \/><\/span><\/p>\n<p class=\"x_MsoNormal\"><span class=\"\">Le statut du disque partisan&#160;: entre ressource militante et positionnement dans l\u2019espace \u00e9lectoral<br \/>\n<\/span><span class=\"\">Thibault Jeandemange (Triangle)<br class=\"\" \/><br class=\"\" \/><b class=\"\">15h45&#160;: Panel 4&#160;: Ajustements de la propagande sonore enregistr\u00e9e<\/b>\u00a0<br class=\"\" \/>Mod\u00e9ration&#160;: Pierre Prouteau (LESC \u2013 CNRS)<br class=\"\" \/><br class=\"\" \/>Propagande rouge et marchandise musicale. La Jeunesse communiste face au 45 tours (ann\u00e9es 1950-70)<br \/>\n<\/span><span class=\"\">Jedediah Sklower (Labex ICCA)<br class=\"\" \/><\/span><\/p>\n<p class=\"x_MsoNormal\"><span class=\"\">Ann\u00e9es 68, ann\u00e9es vinyles&#160;? Les disques militants, entre auto-production et strat\u00e9gies de lutte (1967-1979)<br \/>\n<\/span><span class=\"\">Paul Boulland (CHS-CNRS) et Julien Lucchini<br class=\"\" \/><br class=\"\" \/><b class=\"\">17h&#160;: Conf\u00e9rencier invit\u00e9<\/b> <\/span><\/p>\n<p class=\"x_MsoNormal\"><span class=\"\">Histoire d\u2019un symbole sonore&#160;: la Marcha Peronista, Buenos Aires, 17 octobre 1949<br \/>\n<\/span><span class=\"\">Esteban Buch (Cral \u2013 EHESS)<\/span><\/p>\n<\/p><\/div>\n<div class=\"zn-singledetail-keywords\">\n<h3 class=\"zn-singledetail-section-title\">Mots-cl\u00e9s<\/h3>\n<ul class=\"termslist termslist-post_tag\">\n<li class=\"termslist-item termslist-title\"><span class=\"termslist-titletxt\">Mots-cl\u00e9s<\/span><span class=\"doubledot\"><\/span><\/li>\n<li class=\"termslist-item tax-post_tag term-propagande\"><a class=\"termslist-itemlink\" href=\"https:\/\/www.sfsic.org\/en\/tag\/propagande\/\" title=\"Propagande\"><span class=\"termslist-itemname\">Propagande<\/span><\/a><\/li>\n<li class=\"termslist-item tax-post_tag term-son\"><a class=\"termslist-itemlink\" href=\"https:\/\/www.sfsic.org\/en\/tag\/son\/\" title=\"Son\"><span class=\"termslist-itemname\">Son<\/span><\/a><\/li>\n<\/ul><\/div>\n<\/p><\/div>\n<\/p><\/div>\n<\/p><\/div>\n<\/p><\/div>\n<\/div>\n<p><!-- \/fxzn:singledetail --><\/p>\n","protected":false},"excerpt":{"rendered":"<p>Mis en ligne le 6 novembre 2022 Th\u00e9matiques Communication et organisations Images, cin\u00e9ma, m\u00e9dias audiovisuels et industries culturelles Type d\u2019\u00e9v\u00e9nement Journ\u00e9e d\u2019\u00e9tude Coordinateurs Jonathan Thomas , Cral \u2013 CNRS Contacts [&hellip;]<\/p>\n","protected":false},"author":781,"featured_media":0,"comment_status":"closed","ping_status":"closed","sticky":false,"template":"","format":"standard","meta":{"_acf_changed":false,"footnotes":""},"categories":[67,30],"tags":[374,637],"thematique":[37,35],"sfsic":[],"class_list":["post-26476","post","type-post","status-publish","format-standard","hentry","category-colloque-2","category-evenement","tag-propagande","tag-son","thematique-communication-organisations","thematique-images-cinema-medias-audiovisuels-et-industries-culturelles","wp-sticky"],"acf":[],"yoast_head":"<!-- This site is optimized with the Yoast SEO plugin v27.4 - https:\/\/yoast.com\/product\/yoast-seo-wordpress\/ -->\n<title>PS.XX - La propagande sonore enregistr\u00e9e<\/title>\n<meta name=\"description\" content=\"Le programme de la journ\u00e9e d&#039;\u00e9tude \u00ab PS.XX - La propagande sonore enregistr\u00e9e \u00bb qui se d\u00e9roulera le jeudi 08 novembre est en ligne\" \/>\n<meta name=\"robots\" content=\"index, follow, max-snippet:-1, max-image-preview:large, max-video-preview:-1\" \/>\n<link rel=\"canonical\" href=\"https:\/\/www.sfsic.org\/en\/evenement\/ps-xx-la-propagande-sonore-enregistree\/\" \/>\n<meta property=\"og:locale\" content=\"en_US\" \/>\n<meta property=\"og:type\" content=\"article\" \/>\n<meta property=\"og:title\" content=\"PS.XX - La propagande sonore enregistr\u00e9e\" \/>\n<meta property=\"og:description\" content=\"Le programme de la journ\u00e9e d&#039;\u00e9tude \u00ab PS.XX - La propagande sonore enregistr\u00e9e \u00bb qui se d\u00e9roulera le jeudi 08 novembre est en ligne\" \/>\n<meta property=\"og:url\" content=\"https:\/\/www.sfsic.org\/en\/evenement\/ps-xx-la-propagande-sonore-enregistree\/\" \/>\n<meta property=\"og:site_name\" content=\"SFSIC\" \/>\n<meta property=\"article:published_time\" content=\"2022-11-07T08:00:29+00:00\" \/>\n<meta name=\"author\" content=\"Axelle Martin\" \/>\n<meta name=\"twitter:card\" content=\"summary_large_image\" \/>\n<script type=\"application\/ld+json\" class=\"yoast-schema-graph\">{\"@context\":\"https:\\\/\\\/schema.org\",\"@graph\":[{\"@type\":\"Article\",\"@id\":\"https:\\\/\\\/www.sfsic.org\\\/en\\\/evenement\\\/ps-xx-la-propagande-sonore-enregistree\\\/#article\",\"isPartOf\":{\"@id\":\"https:\\\/\\\/www.sfsic.org\\\/en\\\/evenement\\\/ps-xx-la-propagande-sonore-enregistree\\\/\"},\"author\":{\"name\":\"Axelle Martin\",\"@id\":\"https:\\\/\\\/www.sfsic.org\\\/en\\\/#\\\/schema\\\/person\\\/d3606993477708f4359fb9aeda58df3b\"},\"headline\":\"PS.XX &#8211; La propagande sonore enregistr\u00e9e\",\"datePublished\":\"2022-11-07T08:00:29+00:00\",\"mainEntityOfPage\":{\"@id\":\"https:\\\/\\\/www.sfsic.org\\\/en\\\/evenement\\\/ps-xx-la-propagande-sonore-enregistree\\\/\"},\"wordCount\":600,\"publisher\":{\"@id\":\"https:\\\/\\\/www.sfsic.org\\\/en\\\/#organization\"},\"keywords\":[\"Propagande\",\"Son\"],\"articleSection\":[\"Colloque\",\"\u00c9v\u00e9nements\"],\"inLanguage\":\"en-US\"},{\"@type\":\"WebPage\",\"@id\":\"https:\\\/\\\/www.sfsic.org\\\/en\\\/evenement\\\/ps-xx-la-propagande-sonore-enregistree\\\/\",\"url\":\"https:\\\/\\\/www.sfsic.org\\\/en\\\/evenement\\\/ps-xx-la-propagande-sonore-enregistree\\\/\",\"name\":\"PS.XX - La propagande sonore enregistr\u00e9e\",\"isPartOf\":{\"@id\":\"https:\\\/\\\/www.sfsic.org\\\/en\\\/#website\"},\"datePublished\":\"2022-11-07T08:00:29+00:00\",\"description\":\"Le programme de la journ\u00e9e d'\u00e9tude \u00ab PS.XX - La propagande sonore enregistr\u00e9e \u00bb qui se d\u00e9roulera le jeudi 08 novembre est en ligne\",\"breadcrumb\":{\"@id\":\"https:\\\/\\\/www.sfsic.org\\\/en\\\/evenement\\\/ps-xx-la-propagande-sonore-enregistree\\\/#breadcrumb\"},\"inLanguage\":\"en-US\",\"potentialAction\":[{\"@type\":\"ReadAction\",\"target\":[\"https:\\\/\\\/www.sfsic.org\\\/en\\\/evenement\\\/ps-xx-la-propagande-sonore-enregistree\\\/\"]}]},{\"@type\":\"BreadcrumbList\",\"@id\":\"https:\\\/\\\/www.sfsic.org\\\/en\\\/evenement\\\/ps-xx-la-propagande-sonore-enregistree\\\/#breadcrumb\",\"itemListElement\":[{\"@type\":\"ListItem\",\"position\":1,\"name\":\"Accueil\",\"item\":\"https:\\\/\\\/www.sfsic.org\\\/en\\\/\"},{\"@type\":\"ListItem\",\"position\":2,\"name\":\"Events\",\"item\":\"https:\\\/\\\/www.sfsic.org\\\/en\\\/events\\\/\"},{\"@type\":\"ListItem\",\"position\":3,\"name\":\"Conference\",\"item\":\"https:\\\/\\\/www.sfsic.org\\\/en\\\/events\\\/conference-en\\\/\"},{\"@type\":\"ListItem\",\"position\":4,\"name\":\"PS.XX &#8211; La propagande sonore enregistr\u00e9e\"}]},{\"@type\":\"WebSite\",\"@id\":\"https:\\\/\\\/www.sfsic.org\\\/en\\\/#website\",\"url\":\"https:\\\/\\\/www.sfsic.org\\\/en\\\/\",\"name\":\"SFSIC\",\"description\":\"Soci\u00e9t\u00e9 Fran\u00e7aise des Sciences de l&#039;Information &amp; de la Communication\",\"publisher\":{\"@id\":\"https:\\\/\\\/www.sfsic.org\\\/en\\\/#organization\"},\"potentialAction\":[{\"@type\":\"SearchAction\",\"target\":{\"@type\":\"EntryPoint\",\"urlTemplate\":\"https:\\\/\\\/www.sfsic.org\\\/en\\\/?s={search_term_string}\"},\"query-input\":{\"@type\":\"PropertyValueSpecification\",\"valueRequired\":true,\"valueName\":\"search_term_string\"}}],\"inLanguage\":\"en-US\"},{\"@type\":\"Organization\",\"@id\":\"https:\\\/\\\/www.sfsic.org\\\/en\\\/#organization\",\"name\":\"SFSIC\",\"url\":\"https:\\\/\\\/www.sfsic.org\\\/en\\\/\",\"logo\":{\"@type\":\"ImageObject\",\"inLanguage\":\"en-US\",\"@id\":\"https:\\\/\\\/www.sfsic.org\\\/en\\\/#\\\/schema\\\/logo\\\/image\\\/\",\"url\":\"https:\\\/\\\/www.sfsic.org\\\/wp-inside\\\/uploads\\\/2020\\\/05\\\/logo-sfsic.jpg\",\"contentUrl\":\"https:\\\/\\\/www.sfsic.org\\\/wp-inside\\\/uploads\\\/2020\\\/05\\\/logo-sfsic.jpg\",\"width\":1085,\"height\":1080,\"caption\":\"SFSIC\"},\"image\":{\"@id\":\"https:\\\/\\\/www.sfsic.org\\\/en\\\/#\\\/schema\\\/logo\\\/image\\\/\"}},{\"@type\":\"Person\",\"@id\":\"https:\\\/\\\/www.sfsic.org\\\/en\\\/#\\\/schema\\\/person\\\/d3606993477708f4359fb9aeda58df3b\",\"name\":\"Axelle Martin\",\"image\":{\"@type\":\"ImageObject\",\"inLanguage\":\"en-US\",\"@id\":\"https:\\\/\\\/secure.gravatar.com\\\/avatar\\\/1065035eb5e480668fbf77e163c2e86f81ac342eaad4c8783acdf4a63f3c917b?s=96&d=mm&r=g\",\"url\":\"https:\\\/\\\/secure.gravatar.com\\\/avatar\\\/1065035eb5e480668fbf77e163c2e86f81ac342eaad4c8783acdf4a63f3c917b?s=96&d=mm&r=g\",\"contentUrl\":\"https:\\\/\\\/secure.gravatar.com\\\/avatar\\\/1065035eb5e480668fbf77e163c2e86f81ac342eaad4c8783acdf4a63f3c917b?s=96&d=mm&r=g\",\"caption\":\"Axelle Martin\"},\"sameAs\":[\"@antropocominside\"]}]}<\/script>\n<!-- \/ Yoast SEO plugin. -->","yoast_head_json":{"title":"PS.XX - La propagande sonore enregistr\u00e9e","description":"Le programme de la journ\u00e9e d'\u00e9tude \u00ab PS.XX - La propagande sonore enregistr\u00e9e \u00bb qui se d\u00e9roulera le jeudi 08 novembre est en ligne","robots":{"index":"index","follow":"follow","max-snippet":"max-snippet:-1","max-image-preview":"max-image-preview:large","max-video-preview":"max-video-preview:-1"},"canonical":"https:\/\/www.sfsic.org\/en\/evenement\/ps-xx-la-propagande-sonore-enregistree\/","og_locale":"en_US","og_type":"article","og_title":"PS.XX - La propagande sonore enregistr\u00e9e","og_description":"Le programme de la journ\u00e9e d'\u00e9tude \u00ab PS.XX - La propagande sonore enregistr\u00e9e \u00bb qui se d\u00e9roulera le jeudi 08 novembre est en ligne","og_url":"https:\/\/www.sfsic.org\/en\/evenement\/ps-xx-la-propagande-sonore-enregistree\/","og_site_name":"SFSIC","article_published_time":"2022-11-07T08:00:29+00:00","author":"Axelle Martin","twitter_card":"summary_large_image","schema":{"@context":"https:\/\/schema.org","@graph":[{"@type":"Article","@id":"https:\/\/www.sfsic.org\/en\/evenement\/ps-xx-la-propagande-sonore-enregistree\/#article","isPartOf":{"@id":"https:\/\/www.sfsic.org\/en\/evenement\/ps-xx-la-propagande-sonore-enregistree\/"},"author":{"name":"Axelle Martin","@id":"https:\/\/www.sfsic.org\/en\/#\/schema\/person\/d3606993477708f4359fb9aeda58df3b"},"headline":"PS.XX &#8211; La propagande sonore enregistr\u00e9e","datePublished":"2022-11-07T08:00:29+00:00","mainEntityOfPage":{"@id":"https:\/\/www.sfsic.org\/en\/evenement\/ps-xx-la-propagande-sonore-enregistree\/"},"wordCount":600,"publisher":{"@id":"https:\/\/www.sfsic.org\/en\/#organization"},"keywords":["Propagande","Son"],"articleSection":["Colloque","\u00c9v\u00e9nements"],"inLanguage":"en-US"},{"@type":"WebPage","@id":"https:\/\/www.sfsic.org\/en\/evenement\/ps-xx-la-propagande-sonore-enregistree\/","url":"https:\/\/www.sfsic.org\/en\/evenement\/ps-xx-la-propagande-sonore-enregistree\/","name":"PS.XX - La propagande sonore enregistr\u00e9e","isPartOf":{"@id":"https:\/\/www.sfsic.org\/en\/#website"},"datePublished":"2022-11-07T08:00:29+00:00","description":"Le programme de la journ\u00e9e d'\u00e9tude \u00ab PS.XX - La propagande sonore enregistr\u00e9e \u00bb qui se d\u00e9roulera le jeudi 08 novembre est en ligne","breadcrumb":{"@id":"https:\/\/www.sfsic.org\/en\/evenement\/ps-xx-la-propagande-sonore-enregistree\/#breadcrumb"},"inLanguage":"en-US","potentialAction":[{"@type":"ReadAction","target":["https:\/\/www.sfsic.org\/en\/evenement\/ps-xx-la-propagande-sonore-enregistree\/"]}]},{"@type":"BreadcrumbList","@id":"https:\/\/www.sfsic.org\/en\/evenement\/ps-xx-la-propagande-sonore-enregistree\/#breadcrumb","itemListElement":[{"@type":"ListItem","position":1,"name":"Accueil","item":"https:\/\/www.sfsic.org\/en\/"},{"@type":"ListItem","position":2,"name":"Events","item":"https:\/\/www.sfsic.org\/en\/events\/"},{"@type":"ListItem","position":3,"name":"Conference","item":"https:\/\/www.sfsic.org\/en\/events\/conference-en\/"},{"@type":"ListItem","position":4,"name":"PS.XX &#8211; La propagande sonore enregistr\u00e9e"}]},{"@type":"WebSite","@id":"https:\/\/www.sfsic.org\/en\/#website","url":"https:\/\/www.sfsic.org\/en\/","name":"SFSIC","description":"Soci\u00e9t\u00e9 Fran\u00e7aise des Sciences de l&#039;Information &amp; de la Communication","publisher":{"@id":"https:\/\/www.sfsic.org\/en\/#organization"},"potentialAction":[{"@type":"SearchAction","target":{"@type":"EntryPoint","urlTemplate":"https:\/\/www.sfsic.org\/en\/?s={search_term_string}"},"query-input":{"@type":"PropertyValueSpecification","valueRequired":true,"valueName":"search_term_string"}}],"inLanguage":"en-US"},{"@type":"Organization","@id":"https:\/\/www.sfsic.org\/en\/#organization","name":"SFSIC","url":"https:\/\/www.sfsic.org\/en\/","logo":{"@type":"ImageObject","inLanguage":"en-US","@id":"https:\/\/www.sfsic.org\/en\/#\/schema\/logo\/image\/","url":"https:\/\/www.sfsic.org\/wp-inside\/uploads\/2020\/05\/logo-sfsic.jpg","contentUrl":"https:\/\/www.sfsic.org\/wp-inside\/uploads\/2020\/05\/logo-sfsic.jpg","width":1085,"height":1080,"caption":"SFSIC"},"image":{"@id":"https:\/\/www.sfsic.org\/en\/#\/schema\/logo\/image\/"}},{"@type":"Person","@id":"https:\/\/www.sfsic.org\/en\/#\/schema\/person\/d3606993477708f4359fb9aeda58df3b","name":"Axelle Martin","image":{"@type":"ImageObject","inLanguage":"en-US","@id":"https:\/\/secure.gravatar.com\/avatar\/1065035eb5e480668fbf77e163c2e86f81ac342eaad4c8783acdf4a63f3c917b?s=96&d=mm&r=g","url":"https:\/\/secure.gravatar.com\/avatar\/1065035eb5e480668fbf77e163c2e86f81ac342eaad4c8783acdf4a63f3c917b?s=96&d=mm&r=g","contentUrl":"https:\/\/secure.gravatar.com\/avatar\/1065035eb5e480668fbf77e163c2e86f81ac342eaad4c8783acdf4a63f3c917b?s=96&d=mm&r=g","caption":"Axelle Martin"},"sameAs":["@antropocominside"]}]}},"_links":{"self":[{"href":"https:\/\/www.sfsic.org\/en\/wp-json\/wp\/v2\/posts\/26476","targetHints":{"allow":["GET"]}}],"collection":[{"href":"https:\/\/www.sfsic.org\/en\/wp-json\/wp\/v2\/posts"}],"about":[{"href":"https:\/\/www.sfsic.org\/en\/wp-json\/wp\/v2\/types\/post"}],"author":[{"embeddable":true,"href":"https:\/\/www.sfsic.org\/en\/wp-json\/wp\/v2\/users\/781"}],"replies":[{"embeddable":true,"href":"https:\/\/www.sfsic.org\/en\/wp-json\/wp\/v2\/comments?post=26476"}],"version-history":[{"count":5,"href":"https:\/\/www.sfsic.org\/en\/wp-json\/wp\/v2\/posts\/26476\/revisions"}],"predecessor-version":[{"id":26481,"href":"https:\/\/www.sfsic.org\/en\/wp-json\/wp\/v2\/posts\/26476\/revisions\/26481"}],"wp:attachment":[{"href":"https:\/\/www.sfsic.org\/en\/wp-json\/wp\/v2\/media?parent=26476"}],"wp:term":[{"taxonomy":"category","embeddable":true,"href":"https:\/\/www.sfsic.org\/en\/wp-json\/wp\/v2\/categories?post=26476"},{"taxonomy":"post_tag","embeddable":true,"href":"https:\/\/www.sfsic.org\/en\/wp-json\/wp\/v2\/tags?post=26476"},{"taxonomy":"thematique","embeddable":true,"href":"https:\/\/www.sfsic.org\/en\/wp-json\/wp\/v2\/thematique?post=26476"},{"taxonomy":"sfsic","embeddable":true,"href":"https:\/\/www.sfsic.org\/en\/wp-json\/wp\/v2\/sfsic?post=26476"}],"curies":[{"name":"wp","href":"https:\/\/api.w.org\/{rel}","templated":true}]}}