{"id":26443,"date":"2022-11-07T18:54:08","date_gmt":"2022-11-07T17:54:08","guid":{"rendered":"https:\/\/www.sfsic.org\/?p=26443"},"modified":"2022-11-06T20:54:23","modified_gmt":"2022-11-06T19:54:23","slug":"shs-dominations-et-reflexivite","status":"publish","type":"post","link":"https:\/\/www.sfsic.org\/en\/evenement\/shs-dominations-et-reflexivite\/","title":{"rendered":"SHS, dominations et r\u00e9flexivit\u00e9"},"content":{"rendered":"<p><!-- fxzn:singledetail --><\/p>\n<div class=\"zone zn-singledetail\" id=\"fxzn-singledetail-1\">\n<div class=\"zone-block zn-singledetail-block alignwide va-top\">\n<div class=\"row\">\n<div class=\"columns large-8 large-push-4\">\n<div class=\"zn-singledetail-metabox\">\n<div class=\"zn-singledetail-pubdate pubdate\">\n\t\t\t\t\t<span class=\"pubdate-txt\">Mis en ligne le<\/span><span class=\"doubledot\"><\/span> 6 novembre 2022\t\t\t\t<\/div>\n<div class=\"zn-singledetail-thematiques with-sep-comma\">\n<ul class=\"termslist termslist-thematique\">\n<li class=\"termslist-item termslist-title\"><span class=\"termslist-titletxt\">Th\u00e9matiques<\/span><span class=\"doubledot\"><\/span><\/li>\n<li class=\"termslist-item tax-thematique term-organisation-des-connaissances\"><a class=\"termslist-itemlink\" href=\"https:\/\/www.sfsic.org\/en\/thematiques\/knowledge-organisation\/\" title=\"Organisation des connaissances\"><span class=\"termslist-itemname\">Organisation des connaissances<\/span><\/a><\/li>\n<\/ul><\/div>\n<\/p><\/div>\n<\/p><\/div>\n<\/p><\/div>\n<div class=\"row\">\n<div class=\"columns large-4\">\n<div class=\"zn-singledetail-sidebar bg-cornersquares\">\n<div class=\"zn-singledetail-infos\">\n<p class=\"zn-singledetail-type\">\n\t\t\t\t\t\t\t<span>Type d\u2019\u00e9v\u00e9nement<\/span><span class=\"doubledot\"><\/span> <strong>Colloque<\/strong>\n\t\t\t\t\t<\/p>\n<\/p><\/div>\n<div class=\"zn-singledetail-coordinators\">\n<h3 class=\"zn-singledetail-section-title\">Coordinateurs<\/h3>\n<ul class=\"zn-singledetail-coordinators-list\">\n<li class=\"zn-singledetail-coordinators-item\">\n\t\t\t\t\t\t\t<span>Fabien<\/span> <span>Granjon<\/span>\t\t\t\t\t\t\t\t\t\t\t\t\t\t, <a class=\"zn-singledetail-coordinators-mail prettylink\" href=\"mailto:fabienjg.granjon@orange.fr\">fabienjg.granjon@orange.fr<\/a>\n\t\t\t\t\t\t\t\t\t\t\t\t\t<\/li>\n<\/ul><\/div>\n<\/p><\/div>\n<\/p><\/div>\n<div class=\"columns large-8\">\n<div class=\"zn-singledetail-contentbox\">\n<div class=\"zn-singledetail-eventinfo\">\n<div class=\"zn-singledetail-eventinfo-inner\">\n<div class=\"zn-singledetail-eventdates\">\n\t\t\t\t\t\t<span class=\"zn-singledetail-label\">Dates de l\u2019\u00e9v\u00e9nement<span class=\"doubledot\"><\/span><\/span><\/p>\n<ul class=\"zn-singledetail-eventdates-list\">\n<li class=\"zn-singledetail-eventdates-item\">\n\t\t\t\t\t\t\t\tDu 08\/12\/2022 au 08\/12\/2022\t\t\t\t\t\t\t<\/li>\n<\/ul><\/div>\n<p class=\"zn-singledetail-eventplace\">\n\t\t\t\t\t\t<span class=\"zn-singledetail-label\">Lieu de l\u2019\u00e9v\u00e9nement<span class=\"doubledot\"><\/span><\/span><br \/>\n\t\t\t\t\t\t<span class=\"zn-singledetail-eventplace-adr\"><\/p>\n<p>\t\t\t\t\t\t\t\t\t\t\t\t<span class=\"adr-place\">Universit\u00e9 Paris 8 \u2013 Maison de la recherche \u2013 salle A2-201<\/span>,<\/p>\n<p>\t\t\t\t\t\t<\/span>\t\t\t\t\t<\/p>\n<\/p><\/div>\n<\/p><\/div>\n<div class=\"zn-singledetail-annonce wig-content\">\n<p><img decoding=\"async\" loading=\"lazy\" class=\"size-medium wp-image-26445 aligncenter\" src=\"https:\/\/www.sfsic.org\/wp-inside\/uploads\/2022\/11\/affiche_colloque_shs-dominations-et-reflexivite_2022-212x300.jpg\" alt=\"\" width=\"212\" height=\"300\" srcset=\"https:\/\/www.sfsic.org\/wp-inside\/uploads\/2022\/11\/affiche_colloque_shs-dominations-et-reflexivite_2022-212x300.jpg 212w, https:\/\/www.sfsic.org\/wp-inside\/uploads\/2022\/11\/affiche_colloque_shs-dominations-et-reflexivite_2022-226x320.jpg 226w, https:\/\/www.sfsic.org\/wp-inside\/uploads\/2022\/11\/affiche_colloque_shs-dominations-et-reflexivite_2022-200x283.jpg 200w, https:\/\/www.sfsic.org\/wp-inside\/uploads\/2022\/11\/affiche_colloque_shs-dominations-et-reflexivite_2022.jpg 723w\" sizes=\"auto, (max-width: 212px) 100vw, 212px\" \/>Les d\u00e9marches critiques en sciences humaines et sociales ont vocation, par un travail du n\u00e9gatif axiologiquement fond\u00e9 (\u00e9valuation), \u00e0 mettre au jour (d\u00e9crire) et analyser (expliquer\/comprendre) les diverses formes de domination sociale, mais aussi de penser les processus d\u2019\u00e9mancipation pass\u00e9s, actuels et potentiels. Dans cette perspective, les faits et sujets sociaux sont tributaires d\u2019une historicit\u00e9 et de rapports sociaux que la recherche critique se donne donc pour mission d\u2019objectiver \u00e0 des fins transformatrices. Et dans la mesure ou le.la chercheur.e est un sujet \u00e9galement embarqu\u00e9 <em>par<\/em> et <em>dans<\/em> le monde, il lui est n\u00e9cessaire de faire \u0153uvre de r\u00e9flexivit\u00e9 et d\u2019objectiver sa d\u00e9marche d\u2019objectivation en tenant compte de sa propre trajectoire biographique et de sa position sociale.<br \/>\nCette attention \u00e0 un soi agissant en des contextes historiques et sociaux qu\u2019il s\u2019agit toujours de pr\u00e9ciser a notamment donn\u00e9 lieu \u00e0 des mani\u00e8res de faire science singuli\u00e8res au sein desquelles la dimension biographique occupe une place particuli\u00e8re. Ce colloque vise \u00e0 aborder quelques-uns des aspects m\u00e9thodologiques et \u00e9pist\u00e9mo-politiques de cette attention aux existences concr\u00e8tes et aux trajectoires biographiques en(aux) prise(s) avec des rapports sociaux assujettissants.<\/p>\n<p>&nbsp;<\/p>\n<p>9h \u2013 Accueil<\/p>\n<p>9h30 \u2013 Introduction du colloque \u2013 Fabien Granjon (Paris 8 \u2013 Experice)<\/p>\n<h3><strong>Auto-socioanalyse et r\u00e9flexivit\u00e9 du chercheur (Discutante Ir\u00e8ne Pereira &#8211; <\/strong><strong>Paris 8 \u2013 Experice)<\/strong><\/h3>\n<p>10h \u2013 Enqu\u00eater sur soi \u2013 G\u00e9rard Mauger (CNRS \u2013 Cessp)<\/p>\n<p>10h45 \u2013 Enqu\u00eate autobiographique d\u2019une transfuge de classe \u2013 Rose-Marie Lagrave (EHESS \u2013 Iris)<\/p>\n<p>11h30 \u2013 Portrait du politiste en funambule \u2013 Manuel Cervera-Marzal (FNRS \u2013 Cespra)<\/p>\n<h3><strong>SHS et approches biographiques (Discutante Martine Morisse <\/strong><strong>&#8211; Paris 8 \u2013 Experice)<\/strong><\/h3>\n<p>14h \u2013 R\u00e9sistance au r\u00e9cit, r\u00e9cits de r\u00e9sistance&#160;: l&rsquo;accompagnement au r\u00e9cit de vie en situation extr\u00eame \u2013 Christine Delory-Momberger (Universit\u00e9 Sorbonne Paris-Nord \u2013 Experice)<\/p>\n<p>14h45 \u2013 Cure analytique, r\u00e9flexivit\u00e9 et domination \u2013 Florent Gabaron-Garcia (Universit\u00e9 Paris 8 \u2013 Experice)<\/p>\n<p>15h30 \u2013 Raconter sa r\u00e9volte \u00e0 un sociologue \u2013 Colin Robineau (Universit\u00e9 de la R\u00e9union \u2013 Lcf)<\/p>\n<p>16h30 \u2013 Projection du film <em>Retour \u00e0 Reims [fragments]<\/em><\/p>\n<p>18h \u2013 \u00c9changes autour du film <strong>(Discutante Vanessa Orain &#8211; <\/strong><strong>Paris 8 \u2013 Experice)<\/strong><\/p>\n<\/p><\/div>\n<div class=\"zn-singledetail-keywords\">\n<h3 class=\"zn-singledetail-section-title\">Mots-cl\u00e9s<\/h3>\n<ul class=\"termslist termslist-post_tag\">\n<li class=\"termslist-item termslist-title\"><span class=\"termslist-titletxt\">Mots-cl\u00e9s<\/span><span class=\"doubledot\"><\/span><\/li>\n<li class=\"termslist-item tax-post_tag term-methodologie\"><a class=\"termslist-itemlink\" href=\"https:\/\/www.sfsic.org\/en\/tag\/methodology\/\" title=\"M\u00e9thodologie\"><span class=\"termslist-itemname\">M\u00e9thodologie<\/span><\/a><\/li>\n<li class=\"termslist-item tax-post_tag term-recherche\"><a class=\"termslist-itemlink\" href=\"https:\/\/www.sfsic.org\/en\/tag\/research\/\" title=\"Recherche\"><span class=\"termslist-itemname\">Recherche<\/span><\/a><\/li>\n<li class=\"termslist-item tax-post_tag term-sciences-humaines-et-sociales\"><a class=\"termslist-itemlink\" href=\"https:\/\/www.sfsic.org\/en\/tag\/sciences-humaines-et-sociales\/\" title=\"Sciences Humaines et Sociales\"><span class=\"termslist-itemname\">Sciences Humaines et Sociales<\/span><\/a><\/li>\n<\/ul><\/div>\n<\/p><\/div>\n<\/p><\/div>\n<\/p><\/div>\n<\/p><\/div>\n<\/div>\n<p><!-- \/fxzn:singledetail --><\/p>\n","protected":false},"excerpt":{"rendered":"<p>Mis en ligne le 6 novembre 2022 Th\u00e9matiques Organisation des connaissances Type d\u2019\u00e9v\u00e9nement Colloque Coordinateurs Fabien Granjon , fabienjg.granjon@orange.fr Dates de l\u2019\u00e9v\u00e9nement Du 08\/12\/2022 au 08\/12\/2022 Lieu de l\u2019\u00e9v\u00e9nement Universit\u00e9 [&hellip;]<\/p>\n","protected":false},"author":781,"featured_media":0,"comment_status":"closed","ping_status":"closed","sticky":false,"template":"","format":"standard","meta":{"_acf_changed":false,"footnotes":""},"categories":[67,30],"tags":[110,123,432],"thematique":[42],"sfsic":[],"class_list":["post-26443","post","type-post","status-publish","format-standard","hentry","category-colloque-2","category-evenement","tag-methodologie","tag-recherche","tag-sciences-humaines-et-sociales","thematique-organisation-des-connaissances","wp-sticky"],"acf":[],"yoast_head":"<!-- This site is optimized with the Yoast SEO plugin v27.5 - https:\/\/yoast.com\/product\/yoast-seo-wordpress\/ -->\n<title>SHS, dominations et r\u00e9flexivit\u00e9<\/title>\n<meta name=\"description\" content=\"Le programme du colloque SHS, dominations et r\u00e9flexivit\u00e9, qui se tiendra \u00e0 l&#039;Universit\u00e9 Paris 8 le jeudi 8 d\u00e9cembre, est en ligne.\" \/>\n<meta name=\"robots\" content=\"index, follow, max-snippet:-1, max-image-preview:large, max-video-preview:-1\" \/>\n<link rel=\"canonical\" href=\"https:\/\/www.sfsic.org\/en\/evenement\/shs-dominations-et-reflexivite\/\" \/>\n<meta property=\"og:locale\" content=\"en_US\" \/>\n<meta property=\"og:type\" content=\"article\" \/>\n<meta property=\"og:title\" content=\"SHS, dominations et r\u00e9flexivit\u00e9\" \/>\n<meta property=\"og:description\" content=\"Le programme du colloque SHS, dominations et r\u00e9flexivit\u00e9, qui se tiendra \u00e0 l&#039;Universit\u00e9 Paris 8 le jeudi 8 d\u00e9cembre, est en ligne.\" \/>\n<meta property=\"og:url\" content=\"https:\/\/www.sfsic.org\/en\/evenement\/shs-dominations-et-reflexivite\/\" \/>\n<meta property=\"og:site_name\" content=\"SFSIC\" \/>\n<meta property=\"article:published_time\" content=\"2022-11-07T17:54:08+00:00\" \/>\n<meta property=\"og:image\" content=\"https:\/\/www.sfsic.org\/wp-inside\/uploads\/2022\/11\/affiche_colloque_shs-dominations-et-reflexivite_2022-212x300.jpg\" \/>\n<meta name=\"author\" content=\"Axelle Martin\" \/>\n<meta name=\"twitter:card\" content=\"summary_large_image\" \/>\n<script type=\"application\/ld+json\" class=\"yoast-schema-graph\">{\"@context\":\"https:\\\/\\\/schema.org\",\"@graph\":[{\"@type\":\"Article\",\"@id\":\"https:\\\/\\\/www.sfsic.org\\\/en\\\/evenement\\\/shs-dominations-et-reflexivite\\\/#article\",\"isPartOf\":{\"@id\":\"https:\\\/\\\/www.sfsic.org\\\/en\\\/evenement\\\/shs-dominations-et-reflexivite\\\/\"},\"author\":{\"name\":\"Axelle Martin\",\"@id\":\"https:\\\/\\\/www.sfsic.org\\\/en\\\/#\\\/schema\\\/person\\\/d3606993477708f4359fb9aeda58df3b\"},\"headline\":\"SHS, dominations et r\u00e9flexivit\u00e9\",\"datePublished\":\"2022-11-07T17:54:08+00:00\",\"mainEntityOfPage\":{\"@id\":\"https:\\\/\\\/www.sfsic.org\\\/en\\\/evenement\\\/shs-dominations-et-reflexivite\\\/\"},\"wordCount\":401,\"publisher\":{\"@id\":\"https:\\\/\\\/www.sfsic.org\\\/en\\\/#organization\"},\"image\":{\"@id\":\"https:\\\/\\\/www.sfsic.org\\\/en\\\/evenement\\\/shs-dominations-et-reflexivite\\\/#primaryimage\"},\"thumbnailUrl\":\"https:\\\/\\\/www.sfsic.org\\\/wp-inside\\\/uploads\\\/2022\\\/11\\\/affiche_colloque_shs-dominations-et-reflexivite_2022-212x300.jpg\",\"keywords\":[\"M\u00e9thodologie\",\"Recherche\",\"Sciences Humaines et Sociales\"],\"articleSection\":[\"Colloque\",\"\u00c9v\u00e9nements\"],\"inLanguage\":\"en-US\"},{\"@type\":\"WebPage\",\"@id\":\"https:\\\/\\\/www.sfsic.org\\\/en\\\/evenement\\\/shs-dominations-et-reflexivite\\\/\",\"url\":\"https:\\\/\\\/www.sfsic.org\\\/en\\\/evenement\\\/shs-dominations-et-reflexivite\\\/\",\"name\":\"SHS, dominations et r\u00e9flexivit\u00e9\",\"isPartOf\":{\"@id\":\"https:\\\/\\\/www.sfsic.org\\\/en\\\/#website\"},\"primaryImageOfPage\":{\"@id\":\"https:\\\/\\\/www.sfsic.org\\\/en\\\/evenement\\\/shs-dominations-et-reflexivite\\\/#primaryimage\"},\"image\":{\"@id\":\"https:\\\/\\\/www.sfsic.org\\\/en\\\/evenement\\\/shs-dominations-et-reflexivite\\\/#primaryimage\"},\"thumbnailUrl\":\"https:\\\/\\\/www.sfsic.org\\\/wp-inside\\\/uploads\\\/2022\\\/11\\\/affiche_colloque_shs-dominations-et-reflexivite_2022-212x300.jpg\",\"datePublished\":\"2022-11-07T17:54:08+00:00\",\"description\":\"Le programme du colloque SHS, dominations et r\u00e9flexivit\u00e9, qui se tiendra \u00e0 l'Universit\u00e9 Paris 8 le jeudi 8 d\u00e9cembre, est en ligne.\",\"breadcrumb\":{\"@id\":\"https:\\\/\\\/www.sfsic.org\\\/en\\\/evenement\\\/shs-dominations-et-reflexivite\\\/#breadcrumb\"},\"inLanguage\":\"en-US\",\"potentialAction\":[{\"@type\":\"ReadAction\",\"target\":[\"https:\\\/\\\/www.sfsic.org\\\/en\\\/evenement\\\/shs-dominations-et-reflexivite\\\/\"]}]},{\"@type\":\"ImageObject\",\"inLanguage\":\"en-US\",\"@id\":\"https:\\\/\\\/www.sfsic.org\\\/en\\\/evenement\\\/shs-dominations-et-reflexivite\\\/#primaryimage\",\"url\":\"https:\\\/\\\/www.sfsic.org\\\/wp-inside\\\/uploads\\\/2022\\\/11\\\/affiche_colloque_shs-dominations-et-reflexivite_2022-212x300.jpg\",\"contentUrl\":\"https:\\\/\\\/www.sfsic.org\\\/wp-inside\\\/uploads\\\/2022\\\/11\\\/affiche_colloque_shs-dominations-et-reflexivite_2022-212x300.jpg\"},{\"@type\":\"BreadcrumbList\",\"@id\":\"https:\\\/\\\/www.sfsic.org\\\/en\\\/evenement\\\/shs-dominations-et-reflexivite\\\/#breadcrumb\",\"itemListElement\":[{\"@type\":\"ListItem\",\"position\":1,\"name\":\"Accueil\",\"item\":\"https:\\\/\\\/www.sfsic.org\\\/en\\\/\"},{\"@type\":\"ListItem\",\"position\":2,\"name\":\"Events\",\"item\":\"https:\\\/\\\/www.sfsic.org\\\/en\\\/events\\\/\"},{\"@type\":\"ListItem\",\"position\":3,\"name\":\"Conference\",\"item\":\"https:\\\/\\\/www.sfsic.org\\\/en\\\/events\\\/conference-en\\\/\"},{\"@type\":\"ListItem\",\"position\":4,\"name\":\"SHS, dominations et r\u00e9flexivit\u00e9\"}]},{\"@type\":\"WebSite\",\"@id\":\"https:\\\/\\\/www.sfsic.org\\\/en\\\/#website\",\"url\":\"https:\\\/\\\/www.sfsic.org\\\/en\\\/\",\"name\":\"SFSIC\",\"description\":\"Soci\u00e9t\u00e9 Fran\u00e7aise des Sciences de l&#039;Information &amp; de la Communication\",\"publisher\":{\"@id\":\"https:\\\/\\\/www.sfsic.org\\\/en\\\/#organization\"},\"potentialAction\":[{\"@type\":\"SearchAction\",\"target\":{\"@type\":\"EntryPoint\",\"urlTemplate\":\"https:\\\/\\\/www.sfsic.org\\\/en\\\/?s={search_term_string}\"},\"query-input\":{\"@type\":\"PropertyValueSpecification\",\"valueRequired\":true,\"valueName\":\"search_term_string\"}}],\"inLanguage\":\"en-US\"},{\"@type\":\"Organization\",\"@id\":\"https:\\\/\\\/www.sfsic.org\\\/en\\\/#organization\",\"name\":\"SFSIC\",\"url\":\"https:\\\/\\\/www.sfsic.org\\\/en\\\/\",\"logo\":{\"@type\":\"ImageObject\",\"inLanguage\":\"en-US\",\"@id\":\"https:\\\/\\\/www.sfsic.org\\\/en\\\/#\\\/schema\\\/logo\\\/image\\\/\",\"url\":\"https:\\\/\\\/www.sfsic.org\\\/wp-inside\\\/uploads\\\/2020\\\/05\\\/logo-sfsic.jpg\",\"contentUrl\":\"https:\\\/\\\/www.sfsic.org\\\/wp-inside\\\/uploads\\\/2020\\\/05\\\/logo-sfsic.jpg\",\"width\":1085,\"height\":1080,\"caption\":\"SFSIC\"},\"image\":{\"@id\":\"https:\\\/\\\/www.sfsic.org\\\/en\\\/#\\\/schema\\\/logo\\\/image\\\/\"}},{\"@type\":\"Person\",\"@id\":\"https:\\\/\\\/www.sfsic.org\\\/en\\\/#\\\/schema\\\/person\\\/d3606993477708f4359fb9aeda58df3b\",\"name\":\"Axelle Martin\",\"image\":{\"@type\":\"ImageObject\",\"inLanguage\":\"en-US\",\"@id\":\"https:\\\/\\\/secure.gravatar.com\\\/avatar\\\/1065035eb5e480668fbf77e163c2e86f81ac342eaad4c8783acdf4a63f3c917b?s=96&d=mm&r=g\",\"url\":\"https:\\\/\\\/secure.gravatar.com\\\/avatar\\\/1065035eb5e480668fbf77e163c2e86f81ac342eaad4c8783acdf4a63f3c917b?s=96&d=mm&r=g\",\"contentUrl\":\"https:\\\/\\\/secure.gravatar.com\\\/avatar\\\/1065035eb5e480668fbf77e163c2e86f81ac342eaad4c8783acdf4a63f3c917b?s=96&d=mm&r=g\",\"caption\":\"Axelle Martin\"},\"sameAs\":[\"@antropocominside\"]}]}<\/script>\n<!-- \/ Yoast SEO plugin. -->","yoast_head_json":{"title":"SHS, dominations et r\u00e9flexivit\u00e9","description":"Le programme du colloque SHS, dominations et r\u00e9flexivit\u00e9, qui se tiendra \u00e0 l'Universit\u00e9 Paris 8 le jeudi 8 d\u00e9cembre, est en ligne.","robots":{"index":"index","follow":"follow","max-snippet":"max-snippet:-1","max-image-preview":"max-image-preview:large","max-video-preview":"max-video-preview:-1"},"canonical":"https:\/\/www.sfsic.org\/en\/evenement\/shs-dominations-et-reflexivite\/","og_locale":"en_US","og_type":"article","og_title":"SHS, dominations et r\u00e9flexivit\u00e9","og_description":"Le programme du colloque SHS, dominations et r\u00e9flexivit\u00e9, qui se tiendra \u00e0 l'Universit\u00e9 Paris 8 le jeudi 8 d\u00e9cembre, est en ligne.","og_url":"https:\/\/www.sfsic.org\/en\/evenement\/shs-dominations-et-reflexivite\/","og_site_name":"SFSIC","article_published_time":"2022-11-07T17:54:08+00:00","og_image":[{"url":"https:\/\/www.sfsic.org\/wp-inside\/uploads\/2022\/11\/affiche_colloque_shs-dominations-et-reflexivite_2022-212x300.jpg","type":"","width":"","height":""}],"author":"Axelle Martin","twitter_card":"summary_large_image","schema":{"@context":"https:\/\/schema.org","@graph":[{"@type":"Article","@id":"https:\/\/www.sfsic.org\/en\/evenement\/shs-dominations-et-reflexivite\/#article","isPartOf":{"@id":"https:\/\/www.sfsic.org\/en\/evenement\/shs-dominations-et-reflexivite\/"},"author":{"name":"Axelle Martin","@id":"https:\/\/www.sfsic.org\/en\/#\/schema\/person\/d3606993477708f4359fb9aeda58df3b"},"headline":"SHS, dominations et r\u00e9flexivit\u00e9","datePublished":"2022-11-07T17:54:08+00:00","mainEntityOfPage":{"@id":"https:\/\/www.sfsic.org\/en\/evenement\/shs-dominations-et-reflexivite\/"},"wordCount":401,"publisher":{"@id":"https:\/\/www.sfsic.org\/en\/#organization"},"image":{"@id":"https:\/\/www.sfsic.org\/en\/evenement\/shs-dominations-et-reflexivite\/#primaryimage"},"thumbnailUrl":"https:\/\/www.sfsic.org\/wp-inside\/uploads\/2022\/11\/affiche_colloque_shs-dominations-et-reflexivite_2022-212x300.jpg","keywords":["M\u00e9thodologie","Recherche","Sciences Humaines et Sociales"],"articleSection":["Colloque","\u00c9v\u00e9nements"],"inLanguage":"en-US"},{"@type":"WebPage","@id":"https:\/\/www.sfsic.org\/en\/evenement\/shs-dominations-et-reflexivite\/","url":"https:\/\/www.sfsic.org\/en\/evenement\/shs-dominations-et-reflexivite\/","name":"SHS, dominations et r\u00e9flexivit\u00e9","isPartOf":{"@id":"https:\/\/www.sfsic.org\/en\/#website"},"primaryImageOfPage":{"@id":"https:\/\/www.sfsic.org\/en\/evenement\/shs-dominations-et-reflexivite\/#primaryimage"},"image":{"@id":"https:\/\/www.sfsic.org\/en\/evenement\/shs-dominations-et-reflexivite\/#primaryimage"},"thumbnailUrl":"https:\/\/www.sfsic.org\/wp-inside\/uploads\/2022\/11\/affiche_colloque_shs-dominations-et-reflexivite_2022-212x300.jpg","datePublished":"2022-11-07T17:54:08+00:00","description":"Le programme du colloque SHS, dominations et r\u00e9flexivit\u00e9, qui se tiendra \u00e0 l'Universit\u00e9 Paris 8 le jeudi 8 d\u00e9cembre, est en ligne.","breadcrumb":{"@id":"https:\/\/www.sfsic.org\/en\/evenement\/shs-dominations-et-reflexivite\/#breadcrumb"},"inLanguage":"en-US","potentialAction":[{"@type":"ReadAction","target":["https:\/\/www.sfsic.org\/en\/evenement\/shs-dominations-et-reflexivite\/"]}]},{"@type":"ImageObject","inLanguage":"en-US","@id":"https:\/\/www.sfsic.org\/en\/evenement\/shs-dominations-et-reflexivite\/#primaryimage","url":"https:\/\/www.sfsic.org\/wp-inside\/uploads\/2022\/11\/affiche_colloque_shs-dominations-et-reflexivite_2022-212x300.jpg","contentUrl":"https:\/\/www.sfsic.org\/wp-inside\/uploads\/2022\/11\/affiche_colloque_shs-dominations-et-reflexivite_2022-212x300.jpg"},{"@type":"BreadcrumbList","@id":"https:\/\/www.sfsic.org\/en\/evenement\/shs-dominations-et-reflexivite\/#breadcrumb","itemListElement":[{"@type":"ListItem","position":1,"name":"Accueil","item":"https:\/\/www.sfsic.org\/en\/"},{"@type":"ListItem","position":2,"name":"Events","item":"https:\/\/www.sfsic.org\/en\/events\/"},{"@type":"ListItem","position":3,"name":"Conference","item":"https:\/\/www.sfsic.org\/en\/events\/conference-en\/"},{"@type":"ListItem","position":4,"name":"SHS, dominations et r\u00e9flexivit\u00e9"}]},{"@type":"WebSite","@id":"https:\/\/www.sfsic.org\/en\/#website","url":"https:\/\/www.sfsic.org\/en\/","name":"SFSIC","description":"Soci\u00e9t\u00e9 Fran\u00e7aise des Sciences de l&#039;Information &amp; de la Communication","publisher":{"@id":"https:\/\/www.sfsic.org\/en\/#organization"},"potentialAction":[{"@type":"SearchAction","target":{"@type":"EntryPoint","urlTemplate":"https:\/\/www.sfsic.org\/en\/?s={search_term_string}"},"query-input":{"@type":"PropertyValueSpecification","valueRequired":true,"valueName":"search_term_string"}}],"inLanguage":"en-US"},{"@type":"Organization","@id":"https:\/\/www.sfsic.org\/en\/#organization","name":"SFSIC","url":"https:\/\/www.sfsic.org\/en\/","logo":{"@type":"ImageObject","inLanguage":"en-US","@id":"https:\/\/www.sfsic.org\/en\/#\/schema\/logo\/image\/","url":"https:\/\/www.sfsic.org\/wp-inside\/uploads\/2020\/05\/logo-sfsic.jpg","contentUrl":"https:\/\/www.sfsic.org\/wp-inside\/uploads\/2020\/05\/logo-sfsic.jpg","width":1085,"height":1080,"caption":"SFSIC"},"image":{"@id":"https:\/\/www.sfsic.org\/en\/#\/schema\/logo\/image\/"}},{"@type":"Person","@id":"https:\/\/www.sfsic.org\/en\/#\/schema\/person\/d3606993477708f4359fb9aeda58df3b","name":"Axelle Martin","image":{"@type":"ImageObject","inLanguage":"en-US","@id":"https:\/\/secure.gravatar.com\/avatar\/1065035eb5e480668fbf77e163c2e86f81ac342eaad4c8783acdf4a63f3c917b?s=96&d=mm&r=g","url":"https:\/\/secure.gravatar.com\/avatar\/1065035eb5e480668fbf77e163c2e86f81ac342eaad4c8783acdf4a63f3c917b?s=96&d=mm&r=g","contentUrl":"https:\/\/secure.gravatar.com\/avatar\/1065035eb5e480668fbf77e163c2e86f81ac342eaad4c8783acdf4a63f3c917b?s=96&d=mm&r=g","caption":"Axelle Martin"},"sameAs":["@antropocominside"]}]}},"_links":{"self":[{"href":"https:\/\/www.sfsic.org\/en\/wp-json\/wp\/v2\/posts\/26443","targetHints":{"allow":["GET"]}}],"collection":[{"href":"https:\/\/www.sfsic.org\/en\/wp-json\/wp\/v2\/posts"}],"about":[{"href":"https:\/\/www.sfsic.org\/en\/wp-json\/wp\/v2\/types\/post"}],"author":[{"embeddable":true,"href":"https:\/\/www.sfsic.org\/en\/wp-json\/wp\/v2\/users\/781"}],"replies":[{"embeddable":true,"href":"https:\/\/www.sfsic.org\/en\/wp-json\/wp\/v2\/comments?post=26443"}],"version-history":[{"count":3,"href":"https:\/\/www.sfsic.org\/en\/wp-json\/wp\/v2\/posts\/26443\/revisions"}],"predecessor-version":[{"id":26448,"href":"https:\/\/www.sfsic.org\/en\/wp-json\/wp\/v2\/posts\/26443\/revisions\/26448"}],"wp:attachment":[{"href":"https:\/\/www.sfsic.org\/en\/wp-json\/wp\/v2\/media?parent=26443"}],"wp:term":[{"taxonomy":"category","embeddable":true,"href":"https:\/\/www.sfsic.org\/en\/wp-json\/wp\/v2\/categories?post=26443"},{"taxonomy":"post_tag","embeddable":true,"href":"https:\/\/www.sfsic.org\/en\/wp-json\/wp\/v2\/tags?post=26443"},{"taxonomy":"thematique","embeddable":true,"href":"https:\/\/www.sfsic.org\/en\/wp-json\/wp\/v2\/thematique?post=26443"},{"taxonomy":"sfsic","embeddable":true,"href":"https:\/\/www.sfsic.org\/en\/wp-json\/wp\/v2\/sfsic?post=26443"}],"curies":[{"name":"wp","href":"https:\/\/api.w.org\/{rel}","templated":true}]}}