{"id":26384,"date":"2022-11-04T09:45:36","date_gmt":"2022-11-04T08:45:36","guid":{"rendered":"https:\/\/www.sfsic.org\/?p=26384"},"modified":"2022-11-02T21:45:51","modified_gmt":"2022-11-02T20:45:51","slug":"quand-loeuvre-saigne","status":"publish","type":"post","link":"https:\/\/www.sfsic.org\/en\/aac-evenement\/quand-loeuvre-saigne\/","title":{"rendered":"Quand l\u2019\u0153uvre saigne"},"content":{"rendered":"<p><!-- fxzn:singledetail --><\/p>\n<div class=\"zone zn-singledetail\" id=\"fxzn-singledetail-1\">\n<div class=\"zone-block zn-singledetail-block alignwide va-top\">\n<div class=\"row\">\n<div class=\"columns large-8 large-push-4\">\n<div class=\"zn-singledetail-metabox\">\n<div class=\"zn-singledetail-pubdate pubdate\">\n\t\t\t\t\t<span class=\"pubdate-txt\">Mis en ligne le<\/span><span class=\"doubledot\"><\/span> 2 novembre 2022\t\t\t\t<\/div>\n<p class=\"zn-singledetail-calenda-info\">\n\t\t\t\t\t\tInformations \u00e9dit\u00e9es \u00e0 partir d\u2019une annonce <a class=\"calenda-link prettylink\" href=\"https:\/\/calenda.org\/1027278\" target=\"_blank\" rel=\"noopener\"><strong>Calenda<\/strong><\/a>.\t\t\t\t\t<\/p>\n<div class=\"zn-singledetail-thematiques with-sep-comma\">\n<ul class=\"termslist termslist-thematique\">\n<li class=\"termslist-item termslist-title\"><span class=\"termslist-titletxt\">Th\u00e9matiques<\/span><span class=\"doubledot\"><\/span><\/li>\n<li class=\"termslist-item tax-thematique term-design\"><a class=\"termslist-itemlink\" href=\"https:\/\/www.sfsic.org\/en\/thematiques\/design-en\/\" title=\"Design\"><span class=\"termslist-itemname\">Design<\/span><\/a><\/li>\n<li class=\"termslist-item tax-thematique term-images-cinema-medias-audiovisuels-et-industries-culturelles\"><a class=\"termslist-itemlink\" href=\"https:\/\/www.sfsic.org\/en\/thematiques\/images-cinema-audiovisual-media-and-cultural-industries\/\" title=\"Images, cin\u00e9ma, m\u00e9dias audiovisuels et industries culturelles\"><span class=\"termslist-itemname\">Images, cin\u00e9ma, m\u00e9dias audiovisuels et industries culturelles<\/span><\/a><\/li>\n<\/ul><\/div>\n<\/p><\/div>\n<\/p><\/div>\n<\/p><\/div>\n<div class=\"row\">\n<div class=\"columns large-4\">\n<div class=\"zn-singledetail-sidebar bg-cornersquares\">\n<div class=\"zn-singledetail-infos\">\n<p class=\"zn-singledetail-reponse-date\">\n\t\t\t\t\t\t<span>R\u00e9ponse attendue pour le<\/span><span class=\"doubledot\"><\/span> <strong>15\/12\/2022<\/strong>\n\t\t\t\t\t<\/p>\n<p class=\"zn-singledetail-reponse-type\">\n\t\t\t\t\t<span>Type de r\u00e9ponse<\/span><span class=\"doubledot\"><\/span> <strong>R\u00e9sum\u00e9<\/strong>\n\t\t\t\t\t<\/p>\n<p class=\"zn-singledetail-type\">\n\t\t\t\t\t\t\t<span>Type d\u2019\u00e9v\u00e9nement<\/span><span class=\"doubledot\"><\/span> <strong>Colloque<\/strong>\n\t\t\t\t\t<\/p>\n<\/p><\/div>\n<div class=\"zn-singledetail-contacts\">\n<h3 class=\"zn-singledetail-section-title\">Contacts<\/h3>\n<ul class=\"zn-singledetail-contacts-list\">\n<li class=\"zn-singledetail-contact\">\n\t\t\t\t\t\t\t<span class=\"zn-singledetail-contact-name\">Janig B\u00e9goc <\/span><span class=\"doubledot\"><\/span><br \/>\n\t\t\t\t\t\t\t\t\t\t\t\t\t\t<a class=\"zn-singledetail-contact-mail prettylink\" href=\"mailto:begoc@unistra.fr\">begoc@unistra.fr<\/a>\n\t\t\t\t\t\t\t\t\t\t\t\t\t<\/li>\n<li class=\"zn-singledetail-contact\">\n\t\t\t\t\t\t\t<span class=\"zn-singledetail-contact-name\">Christophe Damour <\/span><span class=\"doubledot\"><\/span><br \/>\n\t\t\t\t\t\t\t\t\t\t\t\t\t\t<a class=\"zn-singledetail-contact-mail prettylink\" href=\"mailto:damour@unistra.fr\">damour@unistra.fr<\/a>\n\t\t\t\t\t\t\t\t\t\t\t\t\t<\/li>\n<\/ul><\/div>\n<\/p><\/div>\n<\/p><\/div>\n<div class=\"columns large-8\">\n<div class=\"zn-singledetail-contentbox\">\n<div class=\"zn-singledetail-eventinfo\">\n<div class=\"zn-singledetail-eventinfo-inner\">\n<div class=\"zn-singledetail-eventdates\">\n\t\t\t\t\t\t<span class=\"zn-singledetail-label\">Dates de l\u2019\u00e9v\u00e9nement<span class=\"doubledot\"><\/span><\/span><\/p>\n<ul class=\"zn-singledetail-eventdates-list\">\n<li class=\"zn-singledetail-eventdates-item\">\n\t\t\t\t\t\t\t\tDu 23\/11\/2023 au 24\/11\/2023\t\t\t\t\t\t\t<\/li>\n<\/ul><\/div>\n<p class=\"zn-singledetail-eventplace\">\n\t\t\t\t\t\t<span class=\"zn-singledetail-label\">Lieu de l\u2019\u00e9v\u00e9nement<span class=\"doubledot\"><\/span><\/span><br \/>\n\t\t\t\t\t\t<span class=\"zn-singledetail-eventplace-adr\"><br \/>\n\t\t\t\t\t\t\t\t\t\t\t\t<span class=\"adr-name\">\u00c9v\u00e9nement uniquement sur site<\/span>,<\/p>\n<p>\t\t\t\t\t\t\t\t\t\t\t\t<span class=\"adr-place\">Universit\u00e9 de Strasbourg \/ Mus\u00e9e d\u2019Art Moderne et Contemporain de Strasbourg <\/span>,<\/p>\n<p>\t\t\t\t\t\t<span class=\"adr-city\">Strasbourg<\/span>\t\t\t\t\t\t<span class=\"adr-cp\">67000<\/span>, <span class=\"adr-country\">France <\/span><br \/>\n\t\t\t\t\t\t<\/span>\t\t\t\t\t<\/p>\n<\/p><\/div>\n<\/p><\/div>\n<div class=\"zn-singledetail-annonce wig-content\">\n<h2>Argumentaire<\/h2>\n<p>Le sang, ce fluide corporel \u00e0 la fois tangible et informe, sacr\u00e9 et tabou, nourrit de sa polys\u00e9mie l\u2019histoire des discours, des repr\u00e9sentations et des pratiques sociales, m\u00e9dicales et religieuses.<\/p>\n<p>En tant que motif iconographique, il occupe une place tout aussi centrale au sein des cultures mat\u00e9rielles populaires et savantes. Et dans les arts visuels en particulier, il exprime plastiquement la pluralit\u00e9 des croyances, des rites et des gestes auxquels il est associ\u00e9.<\/p>\n<p>En s\u2019attachant sp\u00e9cifiquement aux images fixes et mouvantes produites dans les cultures occidentales, ce colloque propose d\u2019interroger la place et la fonction attribu\u00e9es par les artistes des XX<sup>e<\/sup> et XXI<sup>e<\/sup>\u00a0si\u00e8cles \u00e0 ce pr\u00e9cieux liquide. Plus pr\u00e9cis\u00e9ment encore, son objectif est d\u2019examiner les usages et les pouvoirs du sang dans les arts visuels, depuis 1945.<\/p>\n<p>Comme le rappelle Fr\u00e9d\u00e9ric Cousini\u00e9, la repr\u00e9sentation picturale du sang a ceci de particulier qu\u2019<em>objet<\/em> (de l\u2019imitation) et <em>mat\u00e9riau<\/em> (de la repr\u00e9sentation) s\u2019y confondent \u00e0 travers la liquidit\u00e9&#160;: un fluide color\u00e9 est utilis\u00e9 pour imiter, repr\u00e9senter, <em>fixer<\/em>, un autre fluide, sous la forme de coulures, de jets, de taches. \u00c0 ce d\u00e9fi repr\u00e9sentatif qui, d\u2019embl\u00e9e, situe de fa\u00e7on singuli\u00e8re la relation entre <em>mati\u00e8re<\/em> et <em>motif<\/em>, les artistes ont associ\u00e9, au fil des si\u00e8cles, un ensemble de croyances et de comportements religieux, sexuels, sociaux, politiques et\/ou esth\u00e9tiques. Or, si ces probl\u00e9matiques ont d\u00e9j\u00e0 pu faire l\u2019objet d\u2019\u00e9tudes et de synth\u00e8ses stimulantes concernant l\u2019histoire des arts antiques, m\u00e9di\u00e9vaux et modernes, la question de la repr\u00e9sentation du sang semble encore largement en friche au sein de la recherche d\u00e9di\u00e9e aux arts visuels contemporains.<\/p>\n<h2>Trois questions<\/h2>\n<p>Les probl\u00e8mes en pr\u00e9sence sont pourtant d\u2019une richesse infinie. D\u2019abord, la question \u00ab&#160;mat\u00e9rielle&#160;\u00bb s\u2019y ouvre consid\u00e9rablement. Du cin\u00e9ma \u00e0 la performance, les pratiques artistiques du XX<sup>e\u00a0<\/sup>si\u00e8cle ont dot\u00e9 de nouvelles mat\u00e9rialit\u00e9s le sang utilis\u00e9. De l\u2019h\u00e9moglobine de synth\u00e8se utilis\u00e9e sur les plateaux de cin\u00e9ma au sang \u00ab&#160;r\u00e9el&#160;\u00bb des artistes <em>performeurs<\/em>, la pr\u00e9sence de \u00ab&#160;vrai&#160;\u00bb et de \u00ab&#160;faux&#160;\u00bb sang permet de relancer \u00e0 nouveaux frais les r\u00e9flexions soulev\u00e9es, depuis Pline l\u2019Ancien, autour des strat\u00e9gies d\u2019imitation et de reproduction de la texture et de la couleur des fluides corporels. Une premi\u00e8re question \u00e9merge ainsi qui concerne la nature et les effets de r\u00e9el des mat\u00e9riaux que l\u2019on choisit d\u2019utiliser pour repr\u00e9senter le sang et leur articulation fr\u00e9quente, dans les \u0153uvres, \u00e0 un discours sur la cr\u00e9ation.<\/p>\n<p>Ensuite, la question \u00ab&#160;anthropologique&#160;\u00bb m\u00e9rite, elle aussi, un examen approfondi \u00e0 l\u2019aune des images artistiques contemporaines. En effet, si l\u2019\u00e9tude des repr\u00e9sentations antiques, m\u00e9di\u00e9vales et modernes du sang est indissociablement li\u00e9e \u00e0 l\u2019histoire de la pens\u00e9e m\u00e9dicale, \u00e0 la th\u00e9ologie chr\u00e9tienne ou encore \u00e0 la construction des syst\u00e8mes r\u00e9pressifs et judiciaires, l\u2019examen des productions contemporaines n\u2019exclut pas ces articulations. On cherchera, bien au contraire, \u00e0 saisir dans ces \u0153uvres des ph\u00e9nom\u00e8nes de survivances ou de r\u00e9activation volontaire d\u2019anciens usages du sang&#160;: survivance de savoirs m\u00e9dicaux, de craintes li\u00e9es aux pouvoirs accord\u00e9s au sang ou encore de gestualit\u00e9s associ\u00e9es \u00e0 la m\u00e9fiance g\u00e9n\u00e9r\u00e9e par ce liquide sacr\u00e9.<\/p>\n<p>Enfin, si la r\u00e9activation par les artistes de discours, rites et gestes \u00ab&#160;anciens&#160;\u00bb li\u00e9s au sang est loin d\u2019\u00eatre d\u00e9nu\u00e9e d\u2019une fonction critique, il s\u2019agira \u00e9galement de saisir la question \u00ab&#160;politique&#160;\u00bb \u2013 voire m\u00eame \u00ab&#160;biopolitique&#160;\u00bb \u2013 dans ses ressorts les plus contemporains. Dans notre histoire r\u00e9cente, le sang a la particularit\u00e9 de se situer \u00e0 l\u2019intersection des probl\u00e9matiques postcoloniales et d\u00e9coloniales, des recherches li\u00e9es au genre ou encore des constructions th\u00e9oriques li\u00e9es au biopouvoir et \u00e0 la sant\u00e9 publique. Ainsi, les questions li\u00e9es au sang menstruel, \u00e0 la blessure coloniale, au sida et au sang contamin\u00e9 sont-elles autant d\u2019occurrences dont la pr\u00e9sence dans notre culture visuelle \u2013 et dans l\u2019art en particulier \u2013 reste \u00e0 interroger.<\/p>\n<h3>Pour une approche dynamique&#160;: les pouvoirs du sang<\/h3>\n<p>Afin d\u2019\u00e9chapper aux pi\u00e8ges d\u2019une approche typologique, qui consisterait \u00e0 segmenter et distribuer les usages artistiques du sang en une multiplicit\u00e9 de cat\u00e9gories, et pour \u00e9viter un \u00e9tat des lieux non probl\u00e9matis\u00e9 des motifs et des pratiques \u00e9tudi\u00e9s, nous souhaitons engager la r\u00e9flexion sous un angle particulier, celui des <em>pouvoirs<\/em> du sang.<\/p>\n<p>Qu\u2019ils soient d\u2019ordre religieux, social ou politique, les discours, les croyances et les gestes li\u00e9s au sang ont en effet en commun, pour une large part, de s\u2019\u00eatre historiquement constitu\u00e9s sur les bases de l\u2019attribution d\u2019un pouvoir au sang. Les th\u00e9ories hippocratiques et gal\u00e9niques des humeurs, en contribuant \u00e0 fonder un savoir m\u00e9dical tout \u00e0 la fois sur la force vitale et la toxicit\u00e9 du sang, ont suscit\u00e9 une m\u00e9fiance \u00e0 l\u2019\u00e9gard de ce fluide autant qu\u2019elles ont donn\u00e9 lieu \u00e0 de nombreuses manipulations concr\u00e8tes et symboliques. Consid\u00e9r\u00e9 comme une substance dot\u00e9e de puissances mal\u00e9fiques, le sang fut \u00e9galement charg\u00e9 de pouvoirs th\u00e9rapeutiques et utilis\u00e9 comme un rem\u00e8de. Longtemps d\u00e9fini comme nocif et nuisible, le sang menstruel a g\u00e9n\u00e9r\u00e9 de nombreuses attitudes de m\u00e9fiance et de rejet, dont certaines subsistent encore aujourd\u2019hui. Au Moyen Age, le caract\u00e8re sacr\u00e9 du sang du Christ suscita une v\u00e9n\u00e9ration telle que, parall\u00e8lement au culte des reliques de ce pr\u00e9cieux sang, la v\u00e9n\u00e9ration des plaies et du sang du Christ donna lieu \u00e0 des attitudes passionnelles, notamment au XII<sup>e<\/sup> si\u00e8cle, chez les nonnes mystiques qui s\u2019en repaissaient fantasmatiquement \u00e0 partir des images.<\/p>\n<p>Si cette ambivalence fondatrice invite \u00e0 consid\u00e9rer le sang comme un <em>pharmakon<\/em>, elle ouvre \u00e9galement une piste de recherche, un <em>prisme<\/em> singulier que nous proposons d\u2019explorer, et qui consiste \u00e0 observer les usages contemporains du sang depuis les <em>pouvoirs<\/em> qui lui sont attribu\u00e9s.<\/p>\n<p>Penser le sang \u00e0 l\u2019aune de cette notion de pouvoir c\u2019est consid\u00e9rer les attitudes et les gestes au sein d\u2019un dispositif de <em>transformation<\/em>. C\u2019est observer les <em>op\u00e9rations<\/em> mentales et dynamiques par lesquelles la repr\u00e9sentation du sang est un vecteur de modifications, de mutations. C\u2019est articuler l\u2019objet de la repr\u00e9sentation \u2013 ce qui est <em>rendu visible<\/em> (ou qui frappe par son <em>invisibilit\u00e9 manifeste<\/em>) \u2013 d\u2019une part \u00e0 des gestualit\u00e9s et aux syst\u00e8mes de pens\u00e9es dont elles d\u00e9coulent et, d\u2019autre part, \u00e0 une intentionnalit\u00e9, \u00e0 une fonction transformatrice.<\/p>\n<p>Au sein des films, des photographies, des performances, des installations, des peintures ou encore des travaux graphiques \u00e9tudi\u00e9s, il s\u2019agira ainsi d\u2019observer <em>des motifs et des gestes de sang <\/em>\u2013 pr\u00e9sent\u00e9s ou repr\u00e9sent\u00e9s, effectifs ou en puissance \u2013 en s\u2019interrogeant sur les <em>pouvoirs<\/em> dont ils sont dot\u00e9s. En d\u2019autres termes, et la nuance est essentielle \u2013 l\u2019objectif ne sera pas d\u2019\u00e9tudier la puissance des images mais, \u00e0 l\u2019int\u00e9rieur de celles-ci, le <em>potentiel<\/em> d\u2019un signe qui est \u00e0 la fois motif et fluide, mat\u00e9riau et symbole et qui s\u2019inscrit \u00e0 la crois\u00e9e d\u2019une multiplicit\u00e9 de relations et d\u2019actions sociales.<\/p>\n<p>\u00ab&#160;Les images circulent, jouent, trompent, choquent, plaisent ou convainquent&#160;: en un mot, elles \u201cperforment\u201d&#160;\u00bb, \u00e9crivaient Gil Bartholeyns, Alain Dierkens et Thomas Golsenne en 2009 dans un remarquable ouvrage, aujourd\u2019hui devenu r\u00e9f\u00e9rence. En modifiant les termes de ce constat, ce que nous proposons, c\u2019est d\u2019examiner, dans les images, la fa\u00e7on dont le sang \u00ab&#160;circule, joue, trompe, choque, plait ou convainc&#160;\u00bb. Et, pour observer les op\u00e9rations par lesquelles le sang agit et fait agir, nous r\u00e9fl\u00e9chirons \u00e0 partir de plusieurs notions, qui permettront de mettre en perspective, selon des approches diff\u00e9rentes, les <em>potentialit\u00e9s<\/em> du sang&#160;: les notions de pouvoirs, la puissance, l\u2019efficacit\u00e9, les intensit\u00e9s, l\u2019agentivit\u00e9, la performance ou encore la performativit\u00e9 du sang seront ainsi au c\u0153ur de nos r\u00e9flexions.<\/p>\n<h2>Pistes et axes de r\u00e9flexion<\/h2>\n<p>\u00c0 titre indicatif, nous proposons ici quatre grands axes de r\u00e9flexion.<\/p>\n<h3>Puissances et intensit\u00e9s de l\u2019image en sang<\/h3>\n<p>Dans une approche iconologique, les communications pourront s\u2019int\u00e9resser au sang comme motif, forme ou figure, en explorant les modalit\u00e9s et les effets plastiques du ph\u00e9nom\u00e8ne. Entendue, au sens de \u00ab&#160;potentialit\u00e9&#160;\u00bb, la puissance du sang d\u00e9signe \u00e9galement la fa\u00e7on dont ce fluide peut \u00eatre plus que son r\u00e9f\u00e9rent et venir signifier, par son chromatisme et ses qualit\u00e9s plastiques, des intensit\u00e9s esth\u00e9tiques (G. Didi-Huberman, B. Pr\u00e9v\u00f4t). On pourra d\u00e8s lors s\u2019interroger sur la capacit\u00e9 du sang \u00e0 produire des \u0153uvres en devenir, plus profondes car touchant \u00e0 la gen\u00e8se m\u00eame de l\u2019image.<\/p>\n<h3>Pouvoirs et transformation du Pr\u00e9cieux-Sang<\/h3>\n<p>Au sein des pratiques cultuelles et d\u00e9votionnelles chr\u00e9tiennes, le sang du Christ occupe depuis le XII<sup>e<\/sup> si\u00e8cle une place centrale&#160;: v\u00e9n\u00e9r\u00e9 sous la forme de reliques et par l\u2019interm\u00e9diaire de la repr\u00e9sentation de ses plaies, il a nourri, au-del\u00e0 de sa place centrale au sein de l\u2019eucharistie, non seulement l\u2019imaginaire hagiographique dans lequel le sang des martyrs coule \u00e0 flot, mais aussi les pratiques de mortification chez les saintes mystiques, qui s\u2019accompagnent de visions elles-m\u00eames sanglantes. Comment comprendre la survivance de ces gestes de sang par les artistes contemporains&#160;? Du cin\u00e9ma \u00e0 la performance, on s\u2019interrogera sur la reprise de ces motifs, sur leurs effets et sur la valeur des d\u00e9tournements dont le Pr\u00e9cieux sang a jusqu\u2019\u00e0 aujourd\u2019hui fait l\u2019objet.<\/p>\n<h3>Sang trouble, troubles dans le sang<\/h3>\n<p>Dans ses premiers travaux sur le \u00ab&#160;Pouvoirs de l\u2019image&#160;\u00bb, D. Freedberg s\u2019est int\u00e9ress\u00e9 aux troubles que suscitent en nous les images d\u00e9rangeantes. \u00ab&#160;L\u2019acte iconoclaste nous effraie&#160;\u00bb selon lui car \u00ab&#160;il donne libre cours \u00e0 des puissances et \u00e0 des craintes que nous pouvons ressentir, mais pas r\u00e9ellement concevoir&#160;\u00bb. Observ\u00e9 \u00e0 la crois\u00e9e des anthropologies religieuse, m\u00e9dicale et visuelle, le sang est un op\u00e9rateur de trouble en raison de son caract\u00e8re tant\u00f4t impur, tant\u00f4t sacr\u00e9. Sa vue, son odeur, sa texture d\u00e9rangent et suscitent des affects et des r\u00e9actions contradictoires. On s\u2019int\u00e9ressera en particulier aux (re)pr\u00e9sentations artistiques du sang menstruel et des \u00e9pid\u00e9mies infectieuses v\u00e9hicul\u00e9es par un sang contamin\u00e9. L\u2019un et l\u2019autre occupent une place sur les temps longs d\u2019une part de la construction du genre (et de la valence diff\u00e9rentielle des sexes) et d\u2019autre part de l\u2019histoire des maladies contagieuses et \u00e9pid\u00e9miques, depuis la peste jusqu\u2019au Sida. Dans les deux cas, le fluide corporel est un marqueur identitaire, stigmatisant et facteur d\u2019exclusion. Les communications pourront ainsi s\u2019attacher \u00e0 la puissance disruptive des images en sang et aux enjeux politiques soulev\u00e9s par ces repr\u00e9sentations.<\/p>\n<h3>Agentivit\u00e9 et performativit\u00e9 du sang<\/h3>\n<p>Si, dans la culture visuelle, la notion de \u00ab&#160;pouvoir des images&#160;\u00bb a partiellement laiss\u00e9 place \u00e0 celles d\u2019agentivit\u00e9 (A. Gell) et de performativit\u00e9, \u00e0 la faveur d\u2019une r\u00e9flexion sur les \u00ab&#160;images en acte&#160;\u00bb (J.-C. Schmitt) et les \u00ab&#160;actes d\u2019image&#160;\u00bb (H. Bredekamp) qui d\u00e9signent non seulement la capacit\u00e9 d\u2019\u00e9nonciation des images mais aussi leur aptitude \u00e0 agir sur le corps, nous proposons d\u2019appliquer ces notions au sang. Quel est le r\u00f4le du sang dans la puissance de l\u2019\u0153uvre&#160;? Comment le sang performe-t-il dans les images et les gestes artistiques&#160;? Comment, en se donnant \u00e0 voir, \u00e0 manipuler ou par sa simple pr\u00e9sence, frappe-t-il notre imagination&#160;? En quoi peut-il \u00eatre consid\u00e9r\u00e9 comme un agent, comme un op\u00e9rateur de transformation&#160;?<\/p>\n<h2>Modalit\u00e9s de soumission<\/h2>\n<p>Les propositions de communication seront \u00e0 adresser aux deux adresses suivantes&#160;: <strong>begoc@unistra.fr<\/strong> et <strong>damour@unistra.f <\/strong>avant le 15 d\u00e9cembre 2022<\/p>\n<ul>\n<li>Elles comporteront un titre, un r\u00e9sum\u00e9 de 1500 signes maximum et un CV synth\u00e9tique. Elles seront r\u00e9dig\u00e9es en fran\u00e7ais ou en anglais.<\/li>\n<li>Les communications se feront en fran\u00e7ais ou en anglais.<\/li>\n<li>La dur\u00e9e des communications est fix\u00e9e \u00e0 30 mn.<\/li>\n<li>Une publication est envisag\u00e9e.<\/li>\n<li>Les r\u00e9ponses du comit\u00e9 seront adress\u00e9es avant le 1<sup>er<\/sup> f\u00e9vrier 2023.<\/li>\n<\/ul>\n<h2>Comit\u00e9 d\u2019organisation<\/h2>\n<ul>\n<li>Janig B\u00e9goc, Ma\u00eetresse de conf\u00e9rences en arts visuels, UR 3402 &#8211; Approches Contemporaines de la Cr\u00e9ation et de la R\u00e9flexion Artistiques<\/li>\n<li>Christophe Damour, Ma\u00eetre de conf\u00e9rences en \u00e9tudes cin\u00e9matographiques, UR 3402 &#8211; Approches Contemporaines de la Cr\u00e9ation et de la R\u00e9flexion Artistiques<\/li>\n<li>Comit\u00e9 scientifique<\/li>\n<li>Janig B\u00e9goc, Ma\u00eetresse de conf\u00e9rences en arts visuels, Universit\u00e9 de Strasbourg<\/li>\n<li>J\u00e9r\u00f4me Cottin, Professeur de Th\u00e9ologie protestante, Universit\u00e9 de Strasbourg<\/li>\n<li>Christophe Damour, Ma\u00eetre de conf\u00e9rences en \u00e9tudes cin\u00e9matographiques, Universit\u00e9 de Strasbourg<\/li>\n<li>Ralph Dekoninck, Professeur d\u2019Histoire de l\u2019art, Universit\u00e9 catholique de Louvain<\/li>\n<li>Anna Millers, conservatrice pour l\u2019art contemporain, Mus\u00e9e d\u2019Art Moderne et Contemporain de Strasbourg<\/li>\n<li>Coralie Pissis, charg\u00e9e de l\u2019\u00e9tude des collections et de la recherche, Mus\u00e9e d\u2019Art Moderne et Contemporain de Strasbourg<\/li>\n<li>Julie Ramos, Professeure d\u2019Histoire de l\u2019art, Universit\u00e9 de Strasbourg<\/li>\n<\/ul>\n<h2>Bibliographie<\/h2>\n<p>Jean-Pierre Albert, <em>Le sang et le ciel. Les saintes mystiques dans le monde chr\u00e9tien, <\/em>Paris, Aubier, 1997.<\/p>\n<p>Gil Bartholeyns, Alain Dierkens et Thomas Golsenne, (ed.), <em>La performance des images<\/em>, Bruxelles, \u00c9ditions de l\u2019universit\u00e9 de Bruxelles (coll. \u00ab&#160;Probl\u00e8mes d\u2019histoire des religions&#160;\u00bb), 2009.<\/p>\n<p>Horst Bredekamp, <em>Th\u00e9orie de l\u2019acte d\u2019image<\/em>, Paris, La D\u00e9couverte, 2015 (2007).<\/p>\n<p>Caroline Bynum, <em>Wonderful Blood&#160;: Theology and Practice in Late Medieval Northern Germany and Beyond,<\/em> Philadelphia, University of Pennsylvania Press, 2007.<\/p>\n<p>Guillaume Cassegrain, <em>La coulure&#160;: histoire(s) de la peinture en mouvement&#160;: XIe-XXIe si\u00e8cles<\/em>, Paris, Hazan, 2015.<\/p>\n<p>Fr\u00e9d\u00e9ric Cousini\u00e9, <em>Esth\u00e9tique des fluides. Sang, Sperme, Merde dans la peinture fran\u00e7aise du XVII<sup>e<\/sup> si\u00e8cle<\/em>, Paris, Editions du F\u00e9lin, 2011.<\/p>\n<p>Georges Didi-Huberman, <em>L\u2019image ouverte&#160;: motifs de l\u2019incarnation dans les arts visuels<\/em>, Paris, Gallimard, 2007.<\/p>\n<p>Arlette Farge (\u00e9d.), <em>Affaires de sang,<\/em> Paris, \u00c9ditions Imago, 1988.<\/p>\n<p>David Freedberg, <em>Le Pouvoir des images<\/em>, Paris, G\u00e9rard Monfort, 1998 (1989).<\/p>\n<p>Alfred Gell, <em>L\u2019art et ses agents<\/em>, Dijon, Les Presses du r\u00e9el, 2009 (1998).<\/p>\n<p>Andr\u00e9 Grabar, <em>L\u2019iconoclasme byzantin. Le dossier arch\u00e9ologique<\/em>. Nouvelle \u00e9dition, Paris, Flammarion (coll. Champs arts), 2011 (1957).<\/p>\n<p>Cathy Hannabach, <em>Blood Cultures, medicine, media, and militarisms<\/em>, New York, Palgrave Macmillan, 2015.<\/p>\n<p>Fran\u00e7oise Heritier, <em>Masculin-F\u00e9minin, I. La pens\u00e9e de la diff\u00e9rence \/ II. Dissoudre la hi\u00e9rarchie<\/em>, Paris, Odile Jacob, 2012.<\/p>\n<p>Ernst Kitzinger, <em>Le culte des images avant l\u2019iconoclasme (IV<sup>e<\/sup>-VII<sup>e<\/sup> si\u00e8cles)<\/em>, Paris, Macula (coll. \u00ab&#160;La litt\u00e9rature artistique&#160;\u00bb), 2020 (1955).<\/p>\n<p>Nicole Loraux, <em>Fa\u00e7ons tragiques de tuer une femme<\/em>, Paris, Hachette, coll. \u00ab&#160;Textes du XX<sup>e\u00a0<\/sup>si\u00e8cle&#160;\u00bb, 1985.<\/p>\n<p>Philippe-Alain Michaud, <em>Le Peuple des images<\/em>, <em>essai d\u2019anthropologie figurative<\/em>, Paris, Descl\u00e9e De Brouwer, 2002.<\/p>\n<p>Thomas Mitchell, <em>Que veulent les images&#160;? Une critique de la culture visuelle<\/em>, Dijon, Les Presses du r\u00e9el, 2014.<\/p>\n<p>Salvatore D\u2019Onofrio, <em>Les fluides d\u2019Aristote&#160;: lait, sang et sperme dans l\u2019Italie du sud<\/em>, Paris, Belles Lettres, 2014.<\/p>\n<p>Michel Pastoureau, <em>Rouge, Histoire d\u2019une couleur<\/em>, Paris, Seuil, 2016.<\/p>\n<p>Marie-Christine Pouchelle, <em>Corps et chirurgie \u00e0 l\u2019apog\u00e9e du Moyen \u00c2ge<\/em>, Paris, Flammarion, 1983.<\/p>\n<p>Bertrand Pr\u00e9vost, \u00ab&#160;Puissance de l\u2019art, force des images, intensit\u00e9s esth\u00e9tiques&#160;\u00bb, <em>in<\/em> Luca Acquarelli (dir.), <em>Au prisme du figural<\/em>, Rennes, Presses universitaires de Rennes, 2015.<\/p>\n<p>Jean-Claude Schmitt, <em>La Raison des gestes dans l\u2019Occident m\u00e9di\u00e9val<\/em>, Paris, Gallimard, 1990.<\/p>\n<p>Jean-Claude Schmitt, <em>Le Corps des images. Essais sur la culture visuelle du Moyen \u00c2ge<\/em>, Paris, Gallimard, 2002.<\/p>\n<\/p><\/div>\n<div class=\"zn-singledetail-attachedfiles\">\n<h3 class=\"zn-singledetail-section-title\">Fichier(s) attach\u00e9(s)<\/h3>\n<ul class=\"zn-singledetail-attachedfiles-list\">\n<li class=\"zn-singledetail-attachedfiles-item\">\n\t\t\t\t\t\t\t<a class=\"zn-singledetail-attachedfiles-link button outline for-download\" href=\"https:\/\/www.sfsic.org\/wp-inside\/uploads\/skp-membership\/demande_adh\/aac_quand_l_oeuvre_saigne_2022.pdf\" title=\"T\u00e9l\u00e9charger : \u00ab aac_quand_l_oeuvre_saigne_2022.pdf \u00bb\" target=\"_blank\" rel=\"noopener\"><br \/>\n\t\t\t\t\t\t\t\t<span class=\"button-txt\">AAC_quand_l_oeuvre_saigne_2022<span class=\"button-txt-type\"> (pdf)<\/span><\/span><br \/>\n\t\t\t\t\t\t\t<\/a>\n\t\t\t\t\t\t<\/li>\n<\/ul><\/div>\n<div class=\"zn-singledetail-keywords\">\n<h3 class=\"zn-singledetail-section-title\">Mots-cl\u00e9s<\/h3>\n<ul class=\"termslist termslist-post_tag\">\n<li class=\"termslist-item termslist-title\"><span class=\"termslist-titletxt\">Mots-cl\u00e9s<\/span><span class=\"doubledot\"><\/span><\/li>\n<li class=\"termslist-item tax-post_tag term-arts\"><a class=\"termslist-itemlink\" href=\"https:\/\/www.sfsic.org\/en\/tag\/arts-en\/\" title=\"Arts\"><span class=\"termslist-itemname\">Arts<\/span><\/a><\/li>\n<li class=\"termslist-item tax-post_tag term-image\"><a class=\"termslist-itemlink\" href=\"https:\/\/www.sfsic.org\/en\/tag\/image-en\/\" title=\"Image\"><span class=\"termslist-itemname\">Image<\/span><\/a><\/li>\n<li class=\"termslist-item tax-post_tag term-representations\"><a class=\"termslist-itemlink\" href=\"https:\/\/www.sfsic.org\/en\/tag\/representations\/\" title=\"Repr\u00e9sentations\"><span class=\"termslist-itemname\">Repr\u00e9sentations<\/span><\/a><\/li>\n<\/ul><\/div>\n<\/p><\/div>\n<\/p><\/div>\n<\/p><\/div>\n<\/p><\/div>\n<\/div>\n<p><!-- \/fxzn:singledetail --><\/p>\n","protected":false},"excerpt":{"rendered":"<p>Mis en ligne le 2 novembre 2022 Informations \u00e9dit\u00e9es \u00e0 partir d\u2019une annonce Calenda. Th\u00e9matiques Design Images, cin\u00e9ma, m\u00e9dias audiovisuels et industries culturelles R\u00e9ponse attendue pour le 15\/12\/2022 Type de [&hellip;]<\/p>\n","protected":false},"author":781,"featured_media":0,"comment_status":"closed","ping_status":"closed","sticky":false,"template":"","format":"standard","meta":{"_acf_changed":false,"footnotes":""},"categories":[29,57],"tags":[350,165,455],"thematique":[41,35],"sfsic":[],"class_list":["post-26384","post","type-post","status-publish","format-standard","hentry","category-aac-evenement","category-colloque","tag-arts","tag-image","tag-representations","thematique-design","thematique-images-cinema-medias-audiovisuels-et-industries-culturelles","wp-sticky"],"acf":[],"yoast_head":"<!-- This site is optimized with the Yoast SEO plugin v27.5 - https:\/\/yoast.com\/product\/yoast-seo-wordpress\/ -->\n<title>Quand l\u2019\u0153uvre saigne<\/title>\n<meta name=\"description\" content=\"Appel \u00e0 contribution pour un colloque sur la th\u00e9matique &quot;Quand l\u2019\u0153uvre saigne - Usages et puissances du sang dans les arts visuels des XXe et XXIe si\u00e8cles&quot;.\" \/>\n<meta name=\"robots\" content=\"index, follow, max-snippet:-1, max-image-preview:large, max-video-preview:-1\" \/>\n<link rel=\"canonical\" href=\"https:\/\/www.sfsic.org\/en\/aac-evenement\/quand-loeuvre-saigne\/\" \/>\n<meta property=\"og:locale\" content=\"en_US\" \/>\n<meta property=\"og:type\" content=\"article\" \/>\n<meta property=\"og:title\" content=\"Quand l\u2019\u0153uvre saigne\" \/>\n<meta property=\"og:description\" content=\"Appel \u00e0 contribution pour un colloque sur la th\u00e9matique &quot;Quand l\u2019\u0153uvre saigne - Usages et puissances du sang dans les arts visuels des XXe et XXIe si\u00e8cles&quot;.\" \/>\n<meta property=\"og:url\" content=\"https:\/\/www.sfsic.org\/en\/aac-evenement\/quand-loeuvre-saigne\/\" \/>\n<meta property=\"og:site_name\" content=\"SFSIC\" \/>\n<meta property=\"article:published_time\" content=\"2022-11-04T08:45:36+00:00\" \/>\n<meta name=\"author\" content=\"Axelle Martin\" \/>\n<meta name=\"twitter:card\" content=\"summary_large_image\" \/>\n<script type=\"application\/ld+json\" class=\"yoast-schema-graph\">{\"@context\":\"https:\\\/\\\/schema.org\",\"@graph\":[{\"@type\":\"Article\",\"@id\":\"https:\\\/\\\/www.sfsic.org\\\/en\\\/aac-evenement\\\/quand-loeuvre-saigne\\\/#article\",\"isPartOf\":{\"@id\":\"https:\\\/\\\/www.sfsic.org\\\/en\\\/aac-evenement\\\/quand-loeuvre-saigne\\\/\"},\"author\":{\"name\":\"Axelle Martin\",\"@id\":\"https:\\\/\\\/www.sfsic.org\\\/en\\\/#\\\/schema\\\/person\\\/d3606993477708f4359fb9aeda58df3b\"},\"headline\":\"Quand l\u2019\u0153uvre saigne\",\"datePublished\":\"2022-11-04T08:45:36+00:00\",\"mainEntityOfPage\":{\"@id\":\"https:\\\/\\\/www.sfsic.org\\\/en\\\/aac-evenement\\\/quand-loeuvre-saigne\\\/\"},\"wordCount\":2724,\"publisher\":{\"@id\":\"https:\\\/\\\/www.sfsic.org\\\/en\\\/#organization\"},\"keywords\":[\"Arts\",\"Image\",\"Repr\u00e9sentations\"],\"articleSection\":[\"AAC \u00c9v\u00e9nement\",\"Colloque\"],\"inLanguage\":\"en-US\"},{\"@type\":\"WebPage\",\"@id\":\"https:\\\/\\\/www.sfsic.org\\\/en\\\/aac-evenement\\\/quand-loeuvre-saigne\\\/\",\"url\":\"https:\\\/\\\/www.sfsic.org\\\/en\\\/aac-evenement\\\/quand-loeuvre-saigne\\\/\",\"name\":\"Quand l\u2019\u0153uvre saigne\",\"isPartOf\":{\"@id\":\"https:\\\/\\\/www.sfsic.org\\\/en\\\/#website\"},\"datePublished\":\"2022-11-04T08:45:36+00:00\",\"description\":\"Appel \u00e0 contribution pour un colloque sur la th\u00e9matique \\\"Quand l\u2019\u0153uvre saigne - Usages et puissances du sang dans les arts visuels des XXe et XXIe si\u00e8cles\\\".\",\"breadcrumb\":{\"@id\":\"https:\\\/\\\/www.sfsic.org\\\/en\\\/aac-evenement\\\/quand-loeuvre-saigne\\\/#breadcrumb\"},\"inLanguage\":\"en-US\",\"potentialAction\":[{\"@type\":\"ReadAction\",\"target\":[\"https:\\\/\\\/www.sfsic.org\\\/en\\\/aac-evenement\\\/quand-loeuvre-saigne\\\/\"]}]},{\"@type\":\"BreadcrumbList\",\"@id\":\"https:\\\/\\\/www.sfsic.org\\\/en\\\/aac-evenement\\\/quand-loeuvre-saigne\\\/#breadcrumb\",\"itemListElement\":[{\"@type\":\"ListItem\",\"position\":1,\"name\":\"Accueil\",\"item\":\"https:\\\/\\\/www.sfsic.org\\\/en\\\/\"},{\"@type\":\"ListItem\",\"position\":2,\"name\":\"Calls for Contributions\",\"item\":\"https:\\\/\\\/www.sfsic.org\\\/en\\\/cfc-event\\\/\"},{\"@type\":\"ListItem\",\"position\":3,\"name\":\"Conference\",\"item\":\"https:\\\/\\\/www.sfsic.org\\\/en\\\/cfc-event\\\/conference\\\/\"},{\"@type\":\"ListItem\",\"position\":4,\"name\":\"Quand l\u2019\u0153uvre saigne\"}]},{\"@type\":\"WebSite\",\"@id\":\"https:\\\/\\\/www.sfsic.org\\\/en\\\/#website\",\"url\":\"https:\\\/\\\/www.sfsic.org\\\/en\\\/\",\"name\":\"SFSIC\",\"description\":\"Soci\u00e9t\u00e9 Fran\u00e7aise des Sciences de l&#039;Information &amp; de la Communication\",\"publisher\":{\"@id\":\"https:\\\/\\\/www.sfsic.org\\\/en\\\/#organization\"},\"potentialAction\":[{\"@type\":\"SearchAction\",\"target\":{\"@type\":\"EntryPoint\",\"urlTemplate\":\"https:\\\/\\\/www.sfsic.org\\\/en\\\/?s={search_term_string}\"},\"query-input\":{\"@type\":\"PropertyValueSpecification\",\"valueRequired\":true,\"valueName\":\"search_term_string\"}}],\"inLanguage\":\"en-US\"},{\"@type\":\"Organization\",\"@id\":\"https:\\\/\\\/www.sfsic.org\\\/en\\\/#organization\",\"name\":\"SFSIC\",\"url\":\"https:\\\/\\\/www.sfsic.org\\\/en\\\/\",\"logo\":{\"@type\":\"ImageObject\",\"inLanguage\":\"en-US\",\"@id\":\"https:\\\/\\\/www.sfsic.org\\\/en\\\/#\\\/schema\\\/logo\\\/image\\\/\",\"url\":\"https:\\\/\\\/www.sfsic.org\\\/wp-inside\\\/uploads\\\/2020\\\/05\\\/logo-sfsic.jpg\",\"contentUrl\":\"https:\\\/\\\/www.sfsic.org\\\/wp-inside\\\/uploads\\\/2020\\\/05\\\/logo-sfsic.jpg\",\"width\":1085,\"height\":1080,\"caption\":\"SFSIC\"},\"image\":{\"@id\":\"https:\\\/\\\/www.sfsic.org\\\/en\\\/#\\\/schema\\\/logo\\\/image\\\/\"}},{\"@type\":\"Person\",\"@id\":\"https:\\\/\\\/www.sfsic.org\\\/en\\\/#\\\/schema\\\/person\\\/d3606993477708f4359fb9aeda58df3b\",\"name\":\"Axelle Martin\",\"image\":{\"@type\":\"ImageObject\",\"inLanguage\":\"en-US\",\"@id\":\"https:\\\/\\\/secure.gravatar.com\\\/avatar\\\/1065035eb5e480668fbf77e163c2e86f81ac342eaad4c8783acdf4a63f3c917b?s=96&d=mm&r=g\",\"url\":\"https:\\\/\\\/secure.gravatar.com\\\/avatar\\\/1065035eb5e480668fbf77e163c2e86f81ac342eaad4c8783acdf4a63f3c917b?s=96&d=mm&r=g\",\"contentUrl\":\"https:\\\/\\\/secure.gravatar.com\\\/avatar\\\/1065035eb5e480668fbf77e163c2e86f81ac342eaad4c8783acdf4a63f3c917b?s=96&d=mm&r=g\",\"caption\":\"Axelle Martin\"},\"sameAs\":[\"@antropocominside\"]}]}<\/script>\n<!-- \/ Yoast SEO plugin. -->","yoast_head_json":{"title":"Quand l\u2019\u0153uvre saigne","description":"Appel \u00e0 contribution pour un colloque sur la th\u00e9matique \"Quand l\u2019\u0153uvre saigne - Usages et puissances du sang dans les arts visuels des XXe et XXIe si\u00e8cles\".","robots":{"index":"index","follow":"follow","max-snippet":"max-snippet:-1","max-image-preview":"max-image-preview:large","max-video-preview":"max-video-preview:-1"},"canonical":"https:\/\/www.sfsic.org\/en\/aac-evenement\/quand-loeuvre-saigne\/","og_locale":"en_US","og_type":"article","og_title":"Quand l\u2019\u0153uvre saigne","og_description":"Appel \u00e0 contribution pour un colloque sur la th\u00e9matique \"Quand l\u2019\u0153uvre saigne - Usages et puissances du sang dans les arts visuels des XXe et XXIe si\u00e8cles\".","og_url":"https:\/\/www.sfsic.org\/en\/aac-evenement\/quand-loeuvre-saigne\/","og_site_name":"SFSIC","article_published_time":"2022-11-04T08:45:36+00:00","author":"Axelle Martin","twitter_card":"summary_large_image","schema":{"@context":"https:\/\/schema.org","@graph":[{"@type":"Article","@id":"https:\/\/www.sfsic.org\/en\/aac-evenement\/quand-loeuvre-saigne\/#article","isPartOf":{"@id":"https:\/\/www.sfsic.org\/en\/aac-evenement\/quand-loeuvre-saigne\/"},"author":{"name":"Axelle Martin","@id":"https:\/\/www.sfsic.org\/en\/#\/schema\/person\/d3606993477708f4359fb9aeda58df3b"},"headline":"Quand l\u2019\u0153uvre saigne","datePublished":"2022-11-04T08:45:36+00:00","mainEntityOfPage":{"@id":"https:\/\/www.sfsic.org\/en\/aac-evenement\/quand-loeuvre-saigne\/"},"wordCount":2724,"publisher":{"@id":"https:\/\/www.sfsic.org\/en\/#organization"},"keywords":["Arts","Image","Repr\u00e9sentations"],"articleSection":["AAC \u00c9v\u00e9nement","Colloque"],"inLanguage":"en-US"},{"@type":"WebPage","@id":"https:\/\/www.sfsic.org\/en\/aac-evenement\/quand-loeuvre-saigne\/","url":"https:\/\/www.sfsic.org\/en\/aac-evenement\/quand-loeuvre-saigne\/","name":"Quand l\u2019\u0153uvre saigne","isPartOf":{"@id":"https:\/\/www.sfsic.org\/en\/#website"},"datePublished":"2022-11-04T08:45:36+00:00","description":"Appel \u00e0 contribution pour un colloque sur la th\u00e9matique \"Quand l\u2019\u0153uvre saigne - Usages et puissances du sang dans les arts visuels des XXe et XXIe si\u00e8cles\".","breadcrumb":{"@id":"https:\/\/www.sfsic.org\/en\/aac-evenement\/quand-loeuvre-saigne\/#breadcrumb"},"inLanguage":"en-US","potentialAction":[{"@type":"ReadAction","target":["https:\/\/www.sfsic.org\/en\/aac-evenement\/quand-loeuvre-saigne\/"]}]},{"@type":"BreadcrumbList","@id":"https:\/\/www.sfsic.org\/en\/aac-evenement\/quand-loeuvre-saigne\/#breadcrumb","itemListElement":[{"@type":"ListItem","position":1,"name":"Accueil","item":"https:\/\/www.sfsic.org\/en\/"},{"@type":"ListItem","position":2,"name":"Calls for Contributions","item":"https:\/\/www.sfsic.org\/en\/cfc-event\/"},{"@type":"ListItem","position":3,"name":"Conference","item":"https:\/\/www.sfsic.org\/en\/cfc-event\/conference\/"},{"@type":"ListItem","position":4,"name":"Quand l\u2019\u0153uvre saigne"}]},{"@type":"WebSite","@id":"https:\/\/www.sfsic.org\/en\/#website","url":"https:\/\/www.sfsic.org\/en\/","name":"SFSIC","description":"Soci\u00e9t\u00e9 Fran\u00e7aise des Sciences de l&#039;Information &amp; de la Communication","publisher":{"@id":"https:\/\/www.sfsic.org\/en\/#organization"},"potentialAction":[{"@type":"SearchAction","target":{"@type":"EntryPoint","urlTemplate":"https:\/\/www.sfsic.org\/en\/?s={search_term_string}"},"query-input":{"@type":"PropertyValueSpecification","valueRequired":true,"valueName":"search_term_string"}}],"inLanguage":"en-US"},{"@type":"Organization","@id":"https:\/\/www.sfsic.org\/en\/#organization","name":"SFSIC","url":"https:\/\/www.sfsic.org\/en\/","logo":{"@type":"ImageObject","inLanguage":"en-US","@id":"https:\/\/www.sfsic.org\/en\/#\/schema\/logo\/image\/","url":"https:\/\/www.sfsic.org\/wp-inside\/uploads\/2020\/05\/logo-sfsic.jpg","contentUrl":"https:\/\/www.sfsic.org\/wp-inside\/uploads\/2020\/05\/logo-sfsic.jpg","width":1085,"height":1080,"caption":"SFSIC"},"image":{"@id":"https:\/\/www.sfsic.org\/en\/#\/schema\/logo\/image\/"}},{"@type":"Person","@id":"https:\/\/www.sfsic.org\/en\/#\/schema\/person\/d3606993477708f4359fb9aeda58df3b","name":"Axelle Martin","image":{"@type":"ImageObject","inLanguage":"en-US","@id":"https:\/\/secure.gravatar.com\/avatar\/1065035eb5e480668fbf77e163c2e86f81ac342eaad4c8783acdf4a63f3c917b?s=96&d=mm&r=g","url":"https:\/\/secure.gravatar.com\/avatar\/1065035eb5e480668fbf77e163c2e86f81ac342eaad4c8783acdf4a63f3c917b?s=96&d=mm&r=g","contentUrl":"https:\/\/secure.gravatar.com\/avatar\/1065035eb5e480668fbf77e163c2e86f81ac342eaad4c8783acdf4a63f3c917b?s=96&d=mm&r=g","caption":"Axelle Martin"},"sameAs":["@antropocominside"]}]}},"_links":{"self":[{"href":"https:\/\/www.sfsic.org\/en\/wp-json\/wp\/v2\/posts\/26384","targetHints":{"allow":["GET"]}}],"collection":[{"href":"https:\/\/www.sfsic.org\/en\/wp-json\/wp\/v2\/posts"}],"about":[{"href":"https:\/\/www.sfsic.org\/en\/wp-json\/wp\/v2\/types\/post"}],"author":[{"embeddable":true,"href":"https:\/\/www.sfsic.org\/en\/wp-json\/wp\/v2\/users\/781"}],"replies":[{"embeddable":true,"href":"https:\/\/www.sfsic.org\/en\/wp-json\/wp\/v2\/comments?post=26384"}],"version-history":[{"count":2,"href":"https:\/\/www.sfsic.org\/en\/wp-json\/wp\/v2\/posts\/26384\/revisions"}],"predecessor-version":[{"id":26388,"href":"https:\/\/www.sfsic.org\/en\/wp-json\/wp\/v2\/posts\/26384\/revisions\/26388"}],"wp:attachment":[{"href":"https:\/\/www.sfsic.org\/en\/wp-json\/wp\/v2\/media?parent=26384"}],"wp:term":[{"taxonomy":"category","embeddable":true,"href":"https:\/\/www.sfsic.org\/en\/wp-json\/wp\/v2\/categories?post=26384"},{"taxonomy":"post_tag","embeddable":true,"href":"https:\/\/www.sfsic.org\/en\/wp-json\/wp\/v2\/tags?post=26384"},{"taxonomy":"thematique","embeddable":true,"href":"https:\/\/www.sfsic.org\/en\/wp-json\/wp\/v2\/thematique?post=26384"},{"taxonomy":"sfsic","embeddable":true,"href":"https:\/\/www.sfsic.org\/en\/wp-json\/wp\/v2\/sfsic?post=26384"}],"curies":[{"name":"wp","href":"https:\/\/api.w.org\/{rel}","templated":true}]}}