{"id":26240,"date":"2022-11-03T10:22:34","date_gmt":"2022-11-03T09:22:34","guid":{"rendered":"https:\/\/www.sfsic.org\/?p=26240"},"modified":"2022-10-30T19:24:13","modified_gmt":"2022-10-30T18:24:13","slug":"mythes-et-symbolisations-du-pouvoir-royal-dans-les-societes-africaines-en-litteratures-arts-et-sciences-humaines","status":"publish","type":"post","link":"https:\/\/www.sfsic.org\/en\/aac-evenement\/mythes-et-symbolisations-du-pouvoir-royal-dans-les-societes-africaines-en-litteratures-arts-et-sciences-humaines\/","title":{"rendered":"Mythes et symbolisations du pouvoir royal dans les soci\u00e9t\u00e9s africaines, en litt\u00e9ratures, arts et sciences humaines"},"content":{"rendered":"<p><!-- fxzn:singledetail --><\/p>\n<div class=\"zone zn-singledetail\" id=\"fxzn-singledetail-1\">\n<div class=\"zone-block zn-singledetail-block alignwide va-top\">\n<div class=\"row\">\n<div class=\"columns large-8 large-push-4\">\n<div class=\"zn-singledetail-metabox\">\n<div class=\"zn-singledetail-pubdate pubdate\">\n\t\t\t\t\t<span class=\"pubdate-txt\">Mis en ligne le<\/span><span class=\"doubledot\"><\/span> 3 novembre 2022\t\t\t\t<\/div>\n<div class=\"zn-singledetail-thematiques with-sep-comma\">\n<ul class=\"termslist termslist-thematique\">\n<li class=\"termslist-item termslist-title\"><span class=\"termslist-titletxt\">Th\u00e9matiques<\/span><span class=\"doubledot\"><\/span><\/li>\n<li class=\"termslist-item tax-thematique term-images-cinema-medias-audiovisuels-et-industries-culturelles\"><a class=\"termslist-itemlink\" href=\"https:\/\/www.sfsic.org\/en\/thematiques\/images-cinema-audiovisual-media-and-cultural-industries\/\" title=\"Images, cin\u00e9ma, m\u00e9dias audiovisuels et industries culturelles\"><span class=\"termslist-itemname\">Images, cin\u00e9ma, m\u00e9dias audiovisuels et industries culturelles<\/span><\/a><\/li>\n<li class=\"termslist-item tax-thematique term-mediations-memorielles-culturelles-et-patrimoniales\"><a class=\"termslist-itemlink\" href=\"https:\/\/www.sfsic.org\/en\/thematiques\/memorial-cultural-and-heritage-mediation\/\" title=\"M\u00e9diations m\u00e9morielles, culturelles et patrimoniales\"><span class=\"termslist-itemname\">M\u00e9diations m\u00e9morielles, culturelles et patrimoniales<\/span><\/a><\/li>\n<\/ul><\/div>\n<\/p><\/div>\n<\/p><\/div>\n<\/p><\/div>\n<div class=\"row\">\n<div class=\"columns large-4\">\n<div class=\"zn-singledetail-sidebar bg-cornersquares\">\n<div class=\"zn-singledetail-infos\">\n<p class=\"zn-singledetail-reponse-date\">\n\t\t\t\t\t\t<span>R\u00e9ponse attendue pour le<\/span><span class=\"doubledot\"><\/span> <strong>31\/01\/2023<\/strong>\n\t\t\t\t\t<\/p>\n<p class=\"zn-singledetail-reponse-type\">\n\t\t\t\t\t<span>Type de r\u00e9ponse<\/span><span class=\"doubledot\"><\/span> <strong>R\u00e9sum\u00e9<\/strong>\n\t\t\t\t\t<\/p>\n<p class=\"zn-singledetail-type\">\n\t\t\t\t\t\t\t<span>Type d\u2019\u00e9v\u00e9nement<\/span><span class=\"doubledot\"><\/span> <strong>Colloque<\/strong>\n\t\t\t\t\t<\/p>\n<\/p><\/div>\n<\/p><\/div>\n<\/p><\/div>\n<div class=\"columns large-8\">\n<div class=\"zn-singledetail-contentbox\">\n<div class=\"zn-singledetail-eventinfo\">\n<div class=\"zn-singledetail-eventinfo-inner\">\n<div class=\"zn-singledetail-eventdates\">\n\t\t\t\t\t\t<span class=\"zn-singledetail-label\">Dates de l\u2019\u00e9v\u00e9nement<span class=\"doubledot\"><\/span><\/span><\/p>\n<ul class=\"zn-singledetail-eventdates-list\">\n<li class=\"zn-singledetail-eventdates-item\">\n\t\t\t\t\t\t\t\tDu 26\/04\/2023 au 28\/04\/2023\t\t\t\t\t\t\t<\/li>\n<\/ul><\/div>\n<p class=\"zn-singledetail-eventplace\">\n\t\t\t\t\t\t<span class=\"zn-singledetail-label\">Lieu de l\u2019\u00e9v\u00e9nement<span class=\"doubledot\"><\/span><\/span><br \/>\n\t\t\t\t\t\t<span class=\"zn-singledetail-eventplace-adr\"><\/p>\n<p>\t\t\t\t\t\t\t\t\t\t\t\t<span class=\"adr-place\">En pr\u00e9sentiel et par visioconf\u00e9rence<\/span>,<\/p>\n<p>\t\t\t\t\t\t<span class=\"adr-city\">Lom\u00e9<\/span>\t\t\t\t\t\t, <span class=\"adr-country\">Togo<\/span><br \/>\n\t\t\t\t\t\t<\/span>\t\t\t\t\t<\/p>\n<\/p><\/div>\n<\/p><\/div>\n<div class=\"zn-singledetail-annonce wig-content\">\n<h2>Argumentaire<\/h2>\n<p>La gouvernance sociale et politique en Afrique avant l\u2019\u00e8re de la colonisation \u00e9tait b\u00e2tie sur un mod\u00e8le d\u2019hi\u00e9rarchisation des classes au sein des empires ou royaumes administr\u00e9s par des suzerains ou rois. Ceux-ci \u00e9taient dot\u00e9s d\u2019un pouvoir royal mat\u00e9rialis\u00e9 \u00e0 travers certains attributs qui les identifiaient. Aussi bien chez les Ashantis du Ghana, les Baoul\u00e9s de la C\u00f4te d\u2019Ivoire, les Ew\u00e9 du Togo, les Mossi du Burkina Faso ou les Yoruba du Nigeria, etc., des mythes gravitent autour des \u00e9l\u00e9ments de symbolisation du pouvoir royal. Il importe \u00e0 l\u2019Africain d\u2019aujourd\u2019hui de comprendre et de revaloriser ces mythes pour son propre positionnement sur l\u2019\u00e9chiquier mondial, car comme l\u2019\u00e9crit Gilbert Durand (2012, p.6)&#160;: \u00ab&#160;Contrairement \u00e0 ce qu\u2019enseigne toute p\u00e9dagogie, au moins bicentenaire, il n\u2019y a pas de coupure entre les scenarii significatifs des antiques mythologies et l\u2019agencement moderne des r\u00e9cits culturels&#160;: litt\u00e9rature, beaux-arts, id\u00e9ologies et histoires&#160;\u00bb.<\/p>\n<p>\u00c0 cet effet, des rois africains, \u00e0 l\u2019exemple du roi B\u00e9hanzin, Samori Tour\u00e9, Shaka Zulu, Mansa Kankan Moussa, Soundiata K\u00e9ita, pour ne citer que ceux-l\u00e0, ont toujours leurs ombres qui planent sur le continent africain et leurs noms rec\u00e8lent un charisme \u00e9nigmatique au-del\u00e0 de leurs personnalit\u00e9s, un charisme que leur rev\u00eatait le tr\u00f4ne, couronne symbolique qui a aur\u00e9ol\u00e9 leurs r\u00e8gnes. C\u2019\u00e9taient des rois puissants, d\u00e9ifi\u00e9s, mythifi\u00e9s. Et le mythe dans ce contexte prend le sens d\u2019une image simplifi\u00e9e, souvent illusoire que des groupes humains \u00e9laborent et acceptent au sujet d\u2019un individu ou d\u2019un fait qui joue un r\u00f4le d\u00e9terminant dans leur comportement ou dans leur appr\u00e9ciation. Aussi Georges Balandier, dans son ouvrage <em>Anthropologie politique <\/em>(2013) \u00e9crit-il&#160;: \u00ab&#160;La sacralit\u00e9 du pouvoir s\u2019affirme aussi dans le rapport qui unit le sujet au souverain&#160;: une v\u00e9n\u00e9ration ou une soumission totale que la raison ne justifie pas, une crainte de la d\u00e9sob\u00e9issance qui a le caract\u00e8re d\u2019une transgression sacril\u00e8ge.&#160;\u00bb<\/p>\n<p>Si la colonisation, puis l\u2019\u00e8re postcoloniale ont d\u00e9mythifi\u00e9 ces rois et leur pouvoir avec la modernisation des soci\u00e9t\u00e9s africaines, comme le stipule Claude-H\u00e9l\u00e8ne Perrot&#160;: \u00ab&#160;Au lendemain des ind\u00e9pendances, les nouvelles <em>\u00e9lites <\/em>africaines voyaient dans les rois et les chefs les reliques d\u2019un pass\u00e9, pass\u00e9 qu\u2019il leur appartenait d\u2019abolir&#160;\u00bb (2009, 15), la survivance symbolique de ce pouvoir subsiste \u00e0 travers un patrimoine mat\u00e9riel ou immat\u00e9riel.<\/p>\n<p>Dans cette perspective, litt\u00e9ratures, sciences humaines, arts, religion et culture paraissent des sources capables de v\u00e9hiculer les fondements mythiques et mystiques autour de ces rois, autour de leur pouvoir. Ainsi, ces sources mat\u00e9rielles ou immat\u00e9rielles participent \u00e0 la transmission des connaissances endog\u00e8nes au c\u0153ur de nos cultures en berne.<\/p>\n<p>De ce fait, \u00ab&#160;<strong>Mythes et symbolisations du pouvoir royal dans les soci\u00e9t\u00e9s africaines, en litt\u00e9ratures, arts et sciences humaines <\/strong>&#160;\u00bb, se veut un th\u00e8me \u00e0 partir duquel il convient, d\u2019une part, de revisiter les pratiques, les savoirs et les valeurs du pass\u00e9, et d\u2019autre part, de repenser le positionnement de nos soci\u00e9t\u00e9s en mati\u00e8re de fonctionnement des mythes et la relecture de ces mythes \u00e0 travers les \u0153uvres de cr\u00e9ation, pour comprendre les m\u00e9canismes de transmission et de gestion des pouvoirs politiques dans les soci\u00e9t\u00e9s traditionnelles africaines.<\/p>\n<p>Par ailleurs, l\u2019exercice du pouvoir royal dans les soci\u00e9t\u00e9s africaines de nos jours, qu\u2019elles soient traditionnelles ou non, regorge de symboles, d\u2019analogies inh\u00e9rentes \u00e0 celui d\u2019hier. Qu\u2019est-ce qui fonde la perception mythique des rois par leurs Sujets&#160;? Comment sont-ils per\u00e7us et repr\u00e9sent\u00e9s&#160;? Les attributs des pouvoirs des rois ou chefs traditionnels au XXIe si\u00e8cle conservent-ils des \u00e9l\u00e9ments de symbolisation du pouvoir traditionnel d\u2019antan&#160;? Les rapports entre administrateurs administr\u00e9s ont-ils \u00e9volu\u00e9 en comparaison \u00e0 ceux du pass\u00e9&#160;? Ces questions parmi tant d\u2019autres qui nourrissent la probl\u00e9matique du sujet doivent conduire les contributeurs \u00e0 une r\u00e9flexion sur une conservation n\u00e9cessaire des atouts significatifs des mythes et symboles du pouvoir royal. Repenser leur relecture pour une adh\u00e9sion populaire autour des valeurs qu\u2019ils portent, est un angle de suggestion digne d\u2019\u00eatre explor\u00e9.<\/p>\n<p>Ainsi, ce colloque se veut une occasion de r\u00e9flexion sur les traditions orales, en l\u2019occurrence sur le pouvoir royal, les mythes qui l\u2019entourent, les symboles et les analogies qui le m\u00e9taphorisent, le mythifient.<\/p>\n<p>Les communications attendues pourront s\u2019inscrire dans les axes suivants&#160;:<\/p>\n<ul>\n<li>Symbolisation du pouvoir royal dans les soci\u00e9t\u00e9s traditionnelles africaines&#160;;<\/li>\n<li>Pouvoir royal et sacralit\u00e9&#160;;<\/li>\n<li>Pratiques, savoirs et valeurs mythiques ou mystiques du pouvoir royal&#160;;<\/li>\n<li>Pouvoir royal et gouvernance dans les soci\u00e9t\u00e9s africaines&#160;;<\/li>\n<li>Perception, conception et repr\u00e9sentation du pouvoir royal dans les soci\u00e9t\u00e9s traditionnelles et modernes<\/li>\n<\/ul>\n<h2>Propositions de communication des Participants<\/h2>\n<ul>\n<li>\u00c0 soumettre au mail <a href=\"mailto:fuafenligne@gmail.com\">fuafenligne@gmail.com <\/a>(Times new roman12, interligne 1,5)&#160;:<\/li>\n<li>Nom et pr\u00e9nom du communicateur, institution d\u2019attache, pays&#160;; Titre de la proposition (Times new roman12, gras centr\u00e9)&#160;;<\/li>\n<li>Axe dans lequel s\u2019inscrit la proposition&#160;;<\/li>\n<li>R\u00e9sum\u00e9 de la proposition en 250 \u00e0 300 mots au plus&#160;; Br\u00e8ve notice biographique du participant.<\/li>\n<\/ul>\n<h2>Comit\u00e9 Scientifique<\/h2>\n<ul>\n<li>Professeur Kodjona KADANGA, Universit\u00e9 de Lom\u00e9 (Togo),<\/li>\n<li>Professeur ETOU Komla, Universit\u00e9 de Lom\u00e9 (Togo)<\/li>\n<li>Professeur Adama COULIBALY, Universit\u00e9 F\u00e9lix Houphou\u00ebt Boigny (C\u00f4te d\u2019Ivoire)<\/li>\n<li>Professeur S\u00e9lom GBANOU, Universit\u00e9 de Calgary (Canada)<\/li>\n<li>Professeur Pascal Okri TOSSOU, Universit\u00e9 d\u2019Abomey-Calavi (B\u00e9nin),<\/li>\n<li>Professeur Arthur MUKENGE, Universit\u00e9 Rhodes (Afrique du Sud)<\/li>\n<li>Professeur Komlan ESSIZEWA, Universit\u00e9 de Lom\u00e9 (Togo)<\/li>\n<li>Professeur Dossou Martin GBENOUGA, Universit\u00e9 de Lom\u00e9 (Togo)<\/li>\n<li>Professeur Mlinp\u00e9 GANGUE, Universit\u00e9 de Lom\u00e9 (Togo)<\/li>\n<li>Professeur Ataf\u00e9i PEWISSI, Universit\u00e9 de Lom\u00e9 (Togo)<\/li>\n<li>Professeur Dots\u00e9 YIGBE, Universit\u00e9 de Lom\u00e9 (Togo)<\/li>\n<li>Professeur Alain-Joseph SISSAO, Institut Sup\u00e9rieur des Sciences des Soci\u00e9t\u00e9s du CNRST \u00e0 Ouagadougou (Burkina Faso)<\/li>\n<li>Professeur Cl\u00e9ment Dili PALA\u00cf, Universit\u00e9 de Maroua (Cameroun)<\/li>\n<li>Professeur Bachir BOUBA, Universit\u00e9 de Maroua (Cameroun)<\/li>\n<li>Professeur Kodjo AFAGLA, Universit\u00e9 de Lom\u00e9 (Togo)<\/li>\n<li>Professeur Essodina PERE-KEWEZIMA, Universit\u00e9 de Lom\u00e9 (Togo)<\/li>\n<li>Professeur Mahamadou Lamine OUEDRAOGO, Universit\u00e9 Norbert Zongo (Burkina Faso)<\/li>\n<li>Professeur Lar\u00e9 KANTCHOA, Universit\u00e9 de Kara (Togo)<\/li>\n<li>Professeur Mimboabe BAKPA (Ma\u00eetre de Conf\u00e9rences), Universit\u00e9 de Kara (Togo)<\/li>\n<li>Professeur Boubacar Daouda DIALLO (Ma\u00eetre de Conf\u00e9rences), Universit\u00e9 Abdou Moumouni (Niger)<\/li>\n<\/ul>\n<h2>Comit\u00e9 d&rsquo;organisation<\/h2>\n<ul>\n<li>Professeur Koutchoukalo TCHASSIM, Universit\u00e9 de Lom\u00e9 (Togo)<\/li>\n<li>Professeur Didier AMELA, Universit\u00e9 de Lom\u00e9 (Togo)<\/li>\n<li>Professeur Ernest BASSANE, Ma\u00eetre de Conf\u00e9rences, Universit\u00e9 de Koudougou (Burkina Faso)<\/li>\n<li>Professeur Ou\u00e9draogo ADAMA, Ma\u00eetre de Conf\u00e9rences, Universit\u00e9\u00a0\u00a0\u00a0 de Koudougou (Burkina Faso)<\/li>\n<li>Professeur Pam\u00e9ssou WALLA, Ma\u00eetre de Conf\u00e9rences, Universit\u00e9 de Lom\u00e9 (Togo)<\/li>\n<li>Professeur Daml\u00e8gue LARE, Ma\u00eetre de Conf\u00e9rences, Universit\u00e9 de Lom\u00e9 (Togo)<\/li>\n<li>Dr Ay\u00e9l\u00e9 D\u2019ALMEIDA, Ma\u00eetre-Assistant, Universit\u00e9 de Lom\u00e9 (Togo)<\/li>\n<li>Dr Koffi Dodzi NOUVLO, Ma\u00eetre-Assistant, Universit\u00e9 de Lom\u00e9 (Togo)<\/li>\n<li>Dr A\u00efssatou ABDOULAHI, Charg\u00e9e de cours, Universit\u00e9 de Maroua (Cameroun)<\/li>\n<li>Dr Kpatimbi TYR, Assistant, Universit\u00e9 de Lom\u00e9 (Togo)<\/li>\n<li>Dr T\u00e9wia GNININVI, Universit\u00e9 de Lom\u00e9 (Togo)<\/li>\n<li>Dr Messan GOLI, Assistant, Universit\u00e9 de Lom\u00e9 (Togo)<\/li>\n<li>Dr Kossi DOUHADJI, Universit\u00e9 de Lom\u00e9 (Togo)<\/li>\n<\/ul>\n<h2>Calendrier<\/h2>\n<ul>\n<li>Soumission des propositions de r\u00e9sum\u00e9 de communication jusqu\u2019au 31 janvier 2023<\/li>\n<li>\u00c9valuation des propositions&#160;: 1<sup>er<\/sup> f\u00e9vrier au 14 mars 2023<\/li>\n<li>Notification aux auteurs&#160;: 15 mars 2023<\/li>\n<li>Envoi des articles r\u00e9dig\u00e9s, du 16 mars au 14 avril 2023<\/li>\n<li>Envoi des articles r\u00e9dig\u00e9s, du 16 mars au 14 avril 2023<\/li>\n<li>Programme provisoire&#160;: 15 avril 2023<\/li>\n<li>Dates du colloque&#160;: 26, 27 et 28 avril 2023<\/li>\n<\/ul>\n<p>&nbsp;<\/p>\n<p>Langues de communication&#160;: Fran\u00e7ais\/Anglais<\/p>\n<p>Les communications se feront en pr\u00e9sentiel et par visioconf\u00e9rence<\/p>\n<p><strong>NB&#160;:<\/strong> Frais d\u2019inscription des intervenants&#160;: 30.000 FCFA, soit 46 Euros, \u00e0 payer sur place.<\/p>\n<p>Les frais du billet d\u2019avion et de l\u2019h\u00e9bergement sont \u00e0 la charge du participant. Les meilleurs textes seront publi\u00e9s dans un bref d\u00e9lai.<\/p>\n<h2><strong>Bibliographie indicative<\/strong><\/h2>\n<ul>\n<li>M\u00e9dard, Henri (2003). \u201cLa l\u00e9gitimit\u00e9 au-del\u00e0 des \u00e9checs. La force du mythe d\u2019un roi nourricier et protecteur au Buganda (Ouganda)\u201d, <em>in <\/em>C.-H. Perrot et F. X. Fauvelle-Aymar, (\u00e9ds.), <em>Le retour des rois. Les autorit\u00e9s traditionnelles et l\u2019Etat en Afrique contemporaine<\/em>. Paris, Karthala, 361-380.<\/li>\n<li>Binsbergen, Wim van (2003). \u201cLes chefs royaux nkoya et l\u2019association culturelle Kazanga en Zambie. R\u00e9sistence, d\u00e9clin ou folklorisation de la fonction du chef traditionnel&#160;?\u201d , <em>in <\/em>C.-H. Perrot et F. X. Fauvelle-Aymar (\u00e9ds.), <em>Le retour des rois. Les autorit\u00e9s traditionnelles et l\u2019Etat en Afrique contemporaine<\/em>. Paris, Karthala, 489-510<\/li>\n<li>Bloch M., 1983, <em>Les rois thaumaturges&#160;: \u00e9tude sur le caract\u00e8re surnaturel attribu\u00e9 \u00e0 la puissance royale particuli\u00e8rement en France et en Angleterre<\/em>. Paris, Gallimard (1\u00e8re \u00e9d. 1924).<\/li>\n<li>Perrot, Claude-H\u00e9l\u00e8ne&#160;; Fauvelle-Aymar, Fran\u00e7ois-Xavier (\u00e9ds.) (2003). <em>Le retour des rois. Les autorit\u00e9s traditionnelles et l\u2019\u00c9tat en Afrique contemporaine<\/em>. Paris, Karthala.<\/li>\n<li>Claude-H\u00e9l\u00e8ne Perrot, \u00ab&#160;Les autorit\u00e9s traditionnelles et l\u2019\u00c9tat moderne en Afrique subsaharienne au d\u00e9but du XXIe si\u00e8cle&#160;\u00bb, 2009, p.15-33.<\/li>\n<li>Claude Tardits, \u00ab&#160;\u00c0 propos du pouvoir sacr\u00e9 en Afrique&#160;: que disent les textes&#160;?&#160;\u00bb, <em>Syst\u00e8mes de pens\u00e9e en Afrique noire<\/em>, 1990, 35-48.<\/li>\n<\/ul><\/div>\n<div class=\"zn-singledetail-attachedfiles\">\n<h3 class=\"zn-singledetail-section-title\">Fichier(s) attach\u00e9(s)<\/h3>\n<ul class=\"zn-singledetail-attachedfiles-list\">\n<li class=\"zn-singledetail-attachedfiles-item\">\n\t\t\t\t\t\t\t<a class=\"zn-singledetail-attachedfiles-link button outline for-download\" href=\"https:\/\/www.sfsic.org\/wp-inside\/uploads\/skp-membership\/demande_adh\/aac-mythes-et-symbolisations-du-pouvoir-royal-dans-les-societes-africaines_colloque-fua-2023_2022.pdf\" title=\"T\u00e9l\u00e9charger : \u00ab aac-mythes-et-symbolisations-du-pouvoir-royal-dans-les-societes-africaines_colloque-fua-2023_2022.pdf \u00bb\" target=\"_blank\" rel=\"noopener\"><br \/>\n\t\t\t\t\t\t\t\t<span class=\"button-txt\">AAC-Mythes et symbolisations du pouvoir royal dans les soci\u00e9t\u00e9s africaines_colloque (FUA-2023)_2022<span class=\"button-txt-type\"> (pdf)<\/span><\/span><br \/>\n\t\t\t\t\t\t\t<\/a>\n\t\t\t\t\t\t<\/li>\n<\/ul><\/div>\n<div class=\"zn-singledetail-keywords\">\n<h3 class=\"zn-singledetail-section-title\">Mots-cl\u00e9s<\/h3>\n<ul class=\"termslist termslist-post_tag\">\n<li class=\"termslist-item termslist-title\"><span class=\"termslist-titletxt\">Mots-cl\u00e9s<\/span><span class=\"doubledot\"><\/span><\/li>\n<li class=\"termslist-item tax-post_tag term-afrique\"><a class=\"termslist-itemlink\" href=\"https:\/\/www.sfsic.org\/en\/tag\/africa\/\" title=\"Afrique\"><span class=\"termslist-itemname\">Afrique<\/span><\/a><\/li>\n<li class=\"termslist-item tax-post_tag term-mythes\"><a class=\"termslist-itemlink\" href=\"https:\/\/www.sfsic.org\/en\/tag\/mythes\/\" title=\"Mythes\"><span class=\"termslist-itemname\">Mythes<\/span><\/a><\/li>\n<\/ul><\/div>\n<\/p><\/div>\n<\/p><\/div>\n<\/p><\/div>\n<\/p><\/div>\n<\/div>\n<p><!-- \/fxzn:singledetail --><\/p>\n","protected":false},"excerpt":{"rendered":"<p>Mis en ligne le 3 novembre 2022 Th\u00e9matiques Images, cin\u00e9ma, m\u00e9dias audiovisuels et industries culturelles M\u00e9diations m\u00e9morielles, culturelles et patrimoniales R\u00e9ponse attendue pour le 31\/01\/2023 Type de r\u00e9ponse R\u00e9sum\u00e9 Type [&hellip;]<\/p>\n","protected":false},"author":781,"featured_media":0,"comment_status":"closed","ping_status":"closed","sticky":false,"template":"","format":"standard","meta":{"_acf_changed":false,"footnotes":""},"categories":[29,57],"tags":[361,698],"thematique":[35,38],"sfsic":[],"class_list":["post-26240","post","type-post","status-publish","format-standard","hentry","category-aac-evenement","category-colloque","tag-afrique","tag-mythes","thematique-images-cinema-medias-audiovisuels-et-industries-culturelles","thematique-mediations-memorielles-culturelles-et-patrimoniales","wp-sticky"],"acf":[],"yoast_head":"<!-- This site is optimized with the Yoast SEO plugin v27.4 - https:\/\/yoast.com\/product\/yoast-seo-wordpress\/ -->\n<title>Mythes et symbolisations du pouvoir royal dans les soci\u00e9t\u00e9s africaines, en litt\u00e9ratures, arts et sciences humaines<\/title>\n<meta name=\"description\" content=\"Appel \u00e0 communication pour un colloque international organis\u00e9 par la F\u00e9d\u00e9ration des Universitaires d\u2019Afrique (FUA), sur les &quot;Mythes et symbolisations du pouvoir royal dans les soci\u00e9t\u00e9s africaines, en litt\u00e9ratures, arts et sciences humaines&quot;. Ce colloque se tiendra les 26, 27 et 28 avril 2023 \u00e0 l&#039;Universit\u00e9 de Lom\u00e9-Togo.\" \/>\n<meta name=\"robots\" content=\"index, follow, max-snippet:-1, max-image-preview:large, max-video-preview:-1\" \/>\n<link rel=\"canonical\" href=\"https:\/\/www.sfsic.org\/en\/aac-evenement\/mythes-et-symbolisations-du-pouvoir-royal-dans-les-societes-africaines-en-litteratures-arts-et-sciences-humaines\/\" \/>\n<meta property=\"og:locale\" content=\"en_US\" \/>\n<meta property=\"og:type\" content=\"article\" \/>\n<meta property=\"og:title\" content=\"Mythes et symbolisations du pouvoir royal dans les soci\u00e9t\u00e9s africaines, en litt\u00e9ratures, arts et sciences humaines\" \/>\n<meta property=\"og:description\" content=\"Appel \u00e0 communication pour un colloque international organis\u00e9 par la F\u00e9d\u00e9ration des Universitaires d\u2019Afrique (FUA), sur les &quot;Mythes et symbolisations du pouvoir royal dans les soci\u00e9t\u00e9s africaines, en litt\u00e9ratures, arts et sciences humaines&quot;. Ce colloque se tiendra les 26, 27 et 28 avril 2023 \u00e0 l&#039;Universit\u00e9 de Lom\u00e9-Togo.\" \/>\n<meta property=\"og:url\" content=\"https:\/\/www.sfsic.org\/en\/aac-evenement\/mythes-et-symbolisations-du-pouvoir-royal-dans-les-societes-africaines-en-litteratures-arts-et-sciences-humaines\/\" \/>\n<meta property=\"og:site_name\" content=\"SFSIC\" \/>\n<meta property=\"article:published_time\" content=\"2022-11-03T09:22:34+00:00\" \/>\n<meta name=\"author\" content=\"Axelle Martin\" \/>\n<meta name=\"twitter:card\" content=\"summary_large_image\" \/>\n<script type=\"application\/ld+json\" class=\"yoast-schema-graph\">{\"@context\":\"https:\\\/\\\/schema.org\",\"@graph\":[{\"@type\":\"Article\",\"@id\":\"https:\\\/\\\/www.sfsic.org\\\/en\\\/aac-evenement\\\/mythes-et-symbolisations-du-pouvoir-royal-dans-les-societes-africaines-en-litteratures-arts-et-sciences-humaines\\\/#article\",\"isPartOf\":{\"@id\":\"https:\\\/\\\/www.sfsic.org\\\/en\\\/aac-evenement\\\/mythes-et-symbolisations-du-pouvoir-royal-dans-les-societes-africaines-en-litteratures-arts-et-sciences-humaines\\\/\"},\"author\":{\"name\":\"Axelle Martin\",\"@id\":\"https:\\\/\\\/www.sfsic.org\\\/en\\\/#\\\/schema\\\/person\\\/d3606993477708f4359fb9aeda58df3b\"},\"headline\":\"Mythes et symbolisations du pouvoir royal dans les soci\u00e9t\u00e9s africaines, en litt\u00e9ratures, arts et sciences humaines\",\"datePublished\":\"2022-11-03T09:22:34+00:00\",\"mainEntityOfPage\":{\"@id\":\"https:\\\/\\\/www.sfsic.org\\\/en\\\/aac-evenement\\\/mythes-et-symbolisations-du-pouvoir-royal-dans-les-societes-africaines-en-litteratures-arts-et-sciences-humaines\\\/\"},\"wordCount\":1595,\"publisher\":{\"@id\":\"https:\\\/\\\/www.sfsic.org\\\/en\\\/#organization\"},\"keywords\":[\"Afrique\",\"Mythes\"],\"articleSection\":[\"AAC \u00c9v\u00e9nement\",\"Colloque\"],\"inLanguage\":\"en-US\"},{\"@type\":\"WebPage\",\"@id\":\"https:\\\/\\\/www.sfsic.org\\\/en\\\/aac-evenement\\\/mythes-et-symbolisations-du-pouvoir-royal-dans-les-societes-africaines-en-litteratures-arts-et-sciences-humaines\\\/\",\"url\":\"https:\\\/\\\/www.sfsic.org\\\/en\\\/aac-evenement\\\/mythes-et-symbolisations-du-pouvoir-royal-dans-les-societes-africaines-en-litteratures-arts-et-sciences-humaines\\\/\",\"name\":\"Mythes et symbolisations du pouvoir royal dans les soci\u00e9t\u00e9s africaines, en litt\u00e9ratures, arts et sciences humaines\",\"isPartOf\":{\"@id\":\"https:\\\/\\\/www.sfsic.org\\\/en\\\/#website\"},\"datePublished\":\"2022-11-03T09:22:34+00:00\",\"description\":\"Appel \u00e0 communication pour un colloque international organis\u00e9 par la F\u00e9d\u00e9ration des Universitaires d\u2019Afrique (FUA), sur les \\\"Mythes et symbolisations du pouvoir royal dans les soci\u00e9t\u00e9s africaines, en litt\u00e9ratures, arts et sciences humaines\\\". Ce colloque se tiendra les 26, 27 et 28 avril 2023 \u00e0 l'Universit\u00e9 de Lom\u00e9-Togo.\",\"breadcrumb\":{\"@id\":\"https:\\\/\\\/www.sfsic.org\\\/en\\\/aac-evenement\\\/mythes-et-symbolisations-du-pouvoir-royal-dans-les-societes-africaines-en-litteratures-arts-et-sciences-humaines\\\/#breadcrumb\"},\"inLanguage\":\"en-US\",\"potentialAction\":[{\"@type\":\"ReadAction\",\"target\":[\"https:\\\/\\\/www.sfsic.org\\\/en\\\/aac-evenement\\\/mythes-et-symbolisations-du-pouvoir-royal-dans-les-societes-africaines-en-litteratures-arts-et-sciences-humaines\\\/\"]}]},{\"@type\":\"BreadcrumbList\",\"@id\":\"https:\\\/\\\/www.sfsic.org\\\/en\\\/aac-evenement\\\/mythes-et-symbolisations-du-pouvoir-royal-dans-les-societes-africaines-en-litteratures-arts-et-sciences-humaines\\\/#breadcrumb\",\"itemListElement\":[{\"@type\":\"ListItem\",\"position\":1,\"name\":\"Accueil\",\"item\":\"https:\\\/\\\/www.sfsic.org\\\/en\\\/\"},{\"@type\":\"ListItem\",\"position\":2,\"name\":\"Calls for Contributions\",\"item\":\"https:\\\/\\\/www.sfsic.org\\\/en\\\/cfc-event\\\/\"},{\"@type\":\"ListItem\",\"position\":3,\"name\":\"Conference\",\"item\":\"https:\\\/\\\/www.sfsic.org\\\/en\\\/cfc-event\\\/conference\\\/\"},{\"@type\":\"ListItem\",\"position\":4,\"name\":\"Mythes et symbolisations du pouvoir royal dans les soci\u00e9t\u00e9s africaines, en litt\u00e9ratures, arts et sciences humaines\"}]},{\"@type\":\"WebSite\",\"@id\":\"https:\\\/\\\/www.sfsic.org\\\/en\\\/#website\",\"url\":\"https:\\\/\\\/www.sfsic.org\\\/en\\\/\",\"name\":\"SFSIC\",\"description\":\"Soci\u00e9t\u00e9 Fran\u00e7aise des Sciences de l&#039;Information &amp; de la Communication\",\"publisher\":{\"@id\":\"https:\\\/\\\/www.sfsic.org\\\/en\\\/#organization\"},\"potentialAction\":[{\"@type\":\"SearchAction\",\"target\":{\"@type\":\"EntryPoint\",\"urlTemplate\":\"https:\\\/\\\/www.sfsic.org\\\/en\\\/?s={search_term_string}\"},\"query-input\":{\"@type\":\"PropertyValueSpecification\",\"valueRequired\":true,\"valueName\":\"search_term_string\"}}],\"inLanguage\":\"en-US\"},{\"@type\":\"Organization\",\"@id\":\"https:\\\/\\\/www.sfsic.org\\\/en\\\/#organization\",\"name\":\"SFSIC\",\"url\":\"https:\\\/\\\/www.sfsic.org\\\/en\\\/\",\"logo\":{\"@type\":\"ImageObject\",\"inLanguage\":\"en-US\",\"@id\":\"https:\\\/\\\/www.sfsic.org\\\/en\\\/#\\\/schema\\\/logo\\\/image\\\/\",\"url\":\"https:\\\/\\\/www.sfsic.org\\\/wp-inside\\\/uploads\\\/2020\\\/05\\\/logo-sfsic.jpg\",\"contentUrl\":\"https:\\\/\\\/www.sfsic.org\\\/wp-inside\\\/uploads\\\/2020\\\/05\\\/logo-sfsic.jpg\",\"width\":1085,\"height\":1080,\"caption\":\"SFSIC\"},\"image\":{\"@id\":\"https:\\\/\\\/www.sfsic.org\\\/en\\\/#\\\/schema\\\/logo\\\/image\\\/\"}},{\"@type\":\"Person\",\"@id\":\"https:\\\/\\\/www.sfsic.org\\\/en\\\/#\\\/schema\\\/person\\\/d3606993477708f4359fb9aeda58df3b\",\"name\":\"Axelle Martin\",\"image\":{\"@type\":\"ImageObject\",\"inLanguage\":\"en-US\",\"@id\":\"https:\\\/\\\/secure.gravatar.com\\\/avatar\\\/1065035eb5e480668fbf77e163c2e86f81ac342eaad4c8783acdf4a63f3c917b?s=96&d=mm&r=g\",\"url\":\"https:\\\/\\\/secure.gravatar.com\\\/avatar\\\/1065035eb5e480668fbf77e163c2e86f81ac342eaad4c8783acdf4a63f3c917b?s=96&d=mm&r=g\",\"contentUrl\":\"https:\\\/\\\/secure.gravatar.com\\\/avatar\\\/1065035eb5e480668fbf77e163c2e86f81ac342eaad4c8783acdf4a63f3c917b?s=96&d=mm&r=g\",\"caption\":\"Axelle Martin\"},\"sameAs\":[\"@antropocominside\"]}]}<\/script>\n<!-- \/ Yoast SEO plugin. -->","yoast_head_json":{"title":"Mythes et symbolisations du pouvoir royal dans les soci\u00e9t\u00e9s africaines, en litt\u00e9ratures, arts et sciences humaines","description":"Appel \u00e0 communication pour un colloque international organis\u00e9 par la F\u00e9d\u00e9ration des Universitaires d\u2019Afrique (FUA), sur les \"Mythes et symbolisations du pouvoir royal dans les soci\u00e9t\u00e9s africaines, en litt\u00e9ratures, arts et sciences humaines\". Ce colloque se tiendra les 26, 27 et 28 avril 2023 \u00e0 l'Universit\u00e9 de Lom\u00e9-Togo.","robots":{"index":"index","follow":"follow","max-snippet":"max-snippet:-1","max-image-preview":"max-image-preview:large","max-video-preview":"max-video-preview:-1"},"canonical":"https:\/\/www.sfsic.org\/en\/aac-evenement\/mythes-et-symbolisations-du-pouvoir-royal-dans-les-societes-africaines-en-litteratures-arts-et-sciences-humaines\/","og_locale":"en_US","og_type":"article","og_title":"Mythes et symbolisations du pouvoir royal dans les soci\u00e9t\u00e9s africaines, en litt\u00e9ratures, arts et sciences humaines","og_description":"Appel \u00e0 communication pour un colloque international organis\u00e9 par la F\u00e9d\u00e9ration des Universitaires d\u2019Afrique (FUA), sur les \"Mythes et symbolisations du pouvoir royal dans les soci\u00e9t\u00e9s africaines, en litt\u00e9ratures, arts et sciences humaines\". Ce colloque se tiendra les 26, 27 et 28 avril 2023 \u00e0 l'Universit\u00e9 de Lom\u00e9-Togo.","og_url":"https:\/\/www.sfsic.org\/en\/aac-evenement\/mythes-et-symbolisations-du-pouvoir-royal-dans-les-societes-africaines-en-litteratures-arts-et-sciences-humaines\/","og_site_name":"SFSIC","article_published_time":"2022-11-03T09:22:34+00:00","author":"Axelle Martin","twitter_card":"summary_large_image","schema":{"@context":"https:\/\/schema.org","@graph":[{"@type":"Article","@id":"https:\/\/www.sfsic.org\/en\/aac-evenement\/mythes-et-symbolisations-du-pouvoir-royal-dans-les-societes-africaines-en-litteratures-arts-et-sciences-humaines\/#article","isPartOf":{"@id":"https:\/\/www.sfsic.org\/en\/aac-evenement\/mythes-et-symbolisations-du-pouvoir-royal-dans-les-societes-africaines-en-litteratures-arts-et-sciences-humaines\/"},"author":{"name":"Axelle Martin","@id":"https:\/\/www.sfsic.org\/en\/#\/schema\/person\/d3606993477708f4359fb9aeda58df3b"},"headline":"Mythes et symbolisations du pouvoir royal dans les soci\u00e9t\u00e9s africaines, en litt\u00e9ratures, arts et sciences humaines","datePublished":"2022-11-03T09:22:34+00:00","mainEntityOfPage":{"@id":"https:\/\/www.sfsic.org\/en\/aac-evenement\/mythes-et-symbolisations-du-pouvoir-royal-dans-les-societes-africaines-en-litteratures-arts-et-sciences-humaines\/"},"wordCount":1595,"publisher":{"@id":"https:\/\/www.sfsic.org\/en\/#organization"},"keywords":["Afrique","Mythes"],"articleSection":["AAC \u00c9v\u00e9nement","Colloque"],"inLanguage":"en-US"},{"@type":"WebPage","@id":"https:\/\/www.sfsic.org\/en\/aac-evenement\/mythes-et-symbolisations-du-pouvoir-royal-dans-les-societes-africaines-en-litteratures-arts-et-sciences-humaines\/","url":"https:\/\/www.sfsic.org\/en\/aac-evenement\/mythes-et-symbolisations-du-pouvoir-royal-dans-les-societes-africaines-en-litteratures-arts-et-sciences-humaines\/","name":"Mythes et symbolisations du pouvoir royal dans les soci\u00e9t\u00e9s africaines, en litt\u00e9ratures, arts et sciences humaines","isPartOf":{"@id":"https:\/\/www.sfsic.org\/en\/#website"},"datePublished":"2022-11-03T09:22:34+00:00","description":"Appel \u00e0 communication pour un colloque international organis\u00e9 par la F\u00e9d\u00e9ration des Universitaires d\u2019Afrique (FUA), sur les \"Mythes et symbolisations du pouvoir royal dans les soci\u00e9t\u00e9s africaines, en litt\u00e9ratures, arts et sciences humaines\". Ce colloque se tiendra les 26, 27 et 28 avril 2023 \u00e0 l'Universit\u00e9 de Lom\u00e9-Togo.","breadcrumb":{"@id":"https:\/\/www.sfsic.org\/en\/aac-evenement\/mythes-et-symbolisations-du-pouvoir-royal-dans-les-societes-africaines-en-litteratures-arts-et-sciences-humaines\/#breadcrumb"},"inLanguage":"en-US","potentialAction":[{"@type":"ReadAction","target":["https:\/\/www.sfsic.org\/en\/aac-evenement\/mythes-et-symbolisations-du-pouvoir-royal-dans-les-societes-africaines-en-litteratures-arts-et-sciences-humaines\/"]}]},{"@type":"BreadcrumbList","@id":"https:\/\/www.sfsic.org\/en\/aac-evenement\/mythes-et-symbolisations-du-pouvoir-royal-dans-les-societes-africaines-en-litteratures-arts-et-sciences-humaines\/#breadcrumb","itemListElement":[{"@type":"ListItem","position":1,"name":"Accueil","item":"https:\/\/www.sfsic.org\/en\/"},{"@type":"ListItem","position":2,"name":"Calls for Contributions","item":"https:\/\/www.sfsic.org\/en\/cfc-event\/"},{"@type":"ListItem","position":3,"name":"Conference","item":"https:\/\/www.sfsic.org\/en\/cfc-event\/conference\/"},{"@type":"ListItem","position":4,"name":"Mythes et symbolisations du pouvoir royal dans les soci\u00e9t\u00e9s africaines, en litt\u00e9ratures, arts et sciences humaines"}]},{"@type":"WebSite","@id":"https:\/\/www.sfsic.org\/en\/#website","url":"https:\/\/www.sfsic.org\/en\/","name":"SFSIC","description":"Soci\u00e9t\u00e9 Fran\u00e7aise des Sciences de l&#039;Information &amp; de la Communication","publisher":{"@id":"https:\/\/www.sfsic.org\/en\/#organization"},"potentialAction":[{"@type":"SearchAction","target":{"@type":"EntryPoint","urlTemplate":"https:\/\/www.sfsic.org\/en\/?s={search_term_string}"},"query-input":{"@type":"PropertyValueSpecification","valueRequired":true,"valueName":"search_term_string"}}],"inLanguage":"en-US"},{"@type":"Organization","@id":"https:\/\/www.sfsic.org\/en\/#organization","name":"SFSIC","url":"https:\/\/www.sfsic.org\/en\/","logo":{"@type":"ImageObject","inLanguage":"en-US","@id":"https:\/\/www.sfsic.org\/en\/#\/schema\/logo\/image\/","url":"https:\/\/www.sfsic.org\/wp-inside\/uploads\/2020\/05\/logo-sfsic.jpg","contentUrl":"https:\/\/www.sfsic.org\/wp-inside\/uploads\/2020\/05\/logo-sfsic.jpg","width":1085,"height":1080,"caption":"SFSIC"},"image":{"@id":"https:\/\/www.sfsic.org\/en\/#\/schema\/logo\/image\/"}},{"@type":"Person","@id":"https:\/\/www.sfsic.org\/en\/#\/schema\/person\/d3606993477708f4359fb9aeda58df3b","name":"Axelle Martin","image":{"@type":"ImageObject","inLanguage":"en-US","@id":"https:\/\/secure.gravatar.com\/avatar\/1065035eb5e480668fbf77e163c2e86f81ac342eaad4c8783acdf4a63f3c917b?s=96&d=mm&r=g","url":"https:\/\/secure.gravatar.com\/avatar\/1065035eb5e480668fbf77e163c2e86f81ac342eaad4c8783acdf4a63f3c917b?s=96&d=mm&r=g","contentUrl":"https:\/\/secure.gravatar.com\/avatar\/1065035eb5e480668fbf77e163c2e86f81ac342eaad4c8783acdf4a63f3c917b?s=96&d=mm&r=g","caption":"Axelle Martin"},"sameAs":["@antropocominside"]}]}},"_links":{"self":[{"href":"https:\/\/www.sfsic.org\/en\/wp-json\/wp\/v2\/posts\/26240","targetHints":{"allow":["GET"]}}],"collection":[{"href":"https:\/\/www.sfsic.org\/en\/wp-json\/wp\/v2\/posts"}],"about":[{"href":"https:\/\/www.sfsic.org\/en\/wp-json\/wp\/v2\/types\/post"}],"author":[{"embeddable":true,"href":"https:\/\/www.sfsic.org\/en\/wp-json\/wp\/v2\/users\/781"}],"replies":[{"embeddable":true,"href":"https:\/\/www.sfsic.org\/en\/wp-json\/wp\/v2\/comments?post=26240"}],"version-history":[{"count":4,"href":"https:\/\/www.sfsic.org\/en\/wp-json\/wp\/v2\/posts\/26240\/revisions"}],"predecessor-version":[{"id":26246,"href":"https:\/\/www.sfsic.org\/en\/wp-json\/wp\/v2\/posts\/26240\/revisions\/26246"}],"wp:attachment":[{"href":"https:\/\/www.sfsic.org\/en\/wp-json\/wp\/v2\/media?parent=26240"}],"wp:term":[{"taxonomy":"category","embeddable":true,"href":"https:\/\/www.sfsic.org\/en\/wp-json\/wp\/v2\/categories?post=26240"},{"taxonomy":"post_tag","embeddable":true,"href":"https:\/\/www.sfsic.org\/en\/wp-json\/wp\/v2\/tags?post=26240"},{"taxonomy":"thematique","embeddable":true,"href":"https:\/\/www.sfsic.org\/en\/wp-json\/wp\/v2\/thematique?post=26240"},{"taxonomy":"sfsic","embeddable":true,"href":"https:\/\/www.sfsic.org\/en\/wp-json\/wp\/v2\/sfsic?post=26240"}],"curies":[{"name":"wp","href":"https:\/\/api.w.org\/{rel}","templated":true}]}}