{"id":25958,"date":"2022-10-14T08:36:30","date_gmt":"2022-10-14T06:36:30","guid":{"rendered":"https:\/\/www.sfsic.org\/?p=25958"},"modified":"2022-10-14T08:36:31","modified_gmt":"2022-10-14T06:36:31","slug":"from-the-closed-internet-to-infinite-metaverses-lavenir-de-la-mediation-technologique-dans-le-journalisme-et-les-medias","status":"publish","type":"post","link":"https:\/\/www.sfsic.org\/en\/aac-evenement\/from-the-closed-internet-to-infinite-metaverses-lavenir-de-la-mediation-technologique-dans-le-journalisme-et-les-medias\/","title":{"rendered":"From the Closed Internet to Infinite Metaverses ? L\u2019avenir de la m\u00e9diation technologique dans le journalisme et les m\u00e9dias"},"content":{"rendered":"<p><!-- fxzn:singledetail --><\/p>\n<div class=\"zone zn-singledetail\" id=\"fxzn-singledetail-1\">\n<div class=\"zone-block zn-singledetail-block alignwide va-top\">\n<div class=\"row\">\n<div class=\"columns large-8 large-push-4\">\n<div class=\"zn-singledetail-metabox\">\n<div class=\"zn-singledetail-pubdate pubdate\">\n\t\t\t\t\t<span class=\"pubdate-txt\">Mis en ligne le<\/span><span class=\"doubledot\"><\/span> 14 octobre 2022\t\t\t\t<\/div>\n<div class=\"zn-singledetail-thematiques with-sep-comma\">\n<ul class=\"termslist termslist-thematique\">\n<li class=\"termslist-item termslist-title\"><span class=\"termslist-titletxt\">Th\u00e9matiques<\/span><span class=\"doubledot\"><\/span><\/li>\n<li class=\"termslist-item tax-thematique term-medias-et-journalisme\"><a class=\"termslist-itemlink\" href=\"https:\/\/www.sfsic.org\/thematiques\/medias-et-journalisme\/\" title=\"M\u00e9dias et journalisme\"><span class=\"termslist-itemname\">M\u00e9dias et journalisme<\/span><\/a><\/li>\n<li class=\"termslist-item tax-thematique term-mediation-des-savoirs-education-et-formation\"><a class=\"termslist-itemlink\" href=\"https:\/\/www.sfsic.org\/thematiques\/mediation-des-savoirs-education-et-formation\/\" title=\"M\u00e9diation des savoirs, \u00e9ducation et formation\"><span class=\"termslist-itemname\">M\u00e9diation des savoirs, \u00e9ducation et formation<\/span><\/a><\/li>\n<\/ul><\/div>\n<\/p><\/div>\n<\/p><\/div>\n<\/p><\/div>\n<div class=\"row\">\n<div class=\"columns large-4\">\n<div class=\"zn-singledetail-sidebar bg-cornersquares\">\n<div class=\"zn-singledetail-infos\">\n<p class=\"zn-singledetail-reponse-date\">\n\t\t\t\t\t\t<span>R\u00e9ponse attendue pour le<\/span><span class=\"doubledot\"><\/span> <strong>30\/11\/2022<\/strong>\n\t\t\t\t\t<\/p>\n<p class=\"zn-singledetail-reponse-type\">\n\t\t\t\t\t<span>Type de r\u00e9ponse<\/span><span class=\"doubledot\"><\/span> <strong>R\u00e9sum\u00e9<\/strong>\n\t\t\t\t\t<\/p>\n<p class=\"zn-singledetail-type\">\n\t\t\t\t\t\t\t<span>Type d\u2019\u00e9v\u00e9nement<\/span><span class=\"doubledot\"><\/span> <strong>Journ\u00e9e d\u2019\u00e9tude<\/strong>\n\t\t\t\t\t<\/p>\n<\/p><\/div>\n<div class=\"zn-singledetail-coordinators\">\n<h3 class=\"zn-singledetail-section-title\">Coordinateurs<\/h3>\n<ul class=\"zn-singledetail-coordinators-list\">\n<li class=\"zn-singledetail-coordinators-item\">\n\t\t\t\t\t\t\t<span>Ja\u00e9rcio <\/span> <span>da Silva <\/span>, <span>IFP\/Carism, Universit\u00e9 Paris-Panth\u00e9on-Assas<\/span>\t\t\t\t\t\t\t\t\t\t\t\t\t\t, <a class=\"zn-singledetail-coordinators-mail prettylink\" href=\"mailto:jaerciobento.da-silva@u-paris2.fr\">jaerciobento.da-silva@u-paris2.fr<\/a>\n\t\t\t\t\t\t\t\t\t\t\t\t\t<\/li>\n<li class=\"zn-singledetail-coordinators-item\">\n\t\t\t\t\t\t\t<span>Gilson <\/span> <span>Schwartz<\/span>, <span>ECA, Universit\u00e9 de S\u00e3o Paulo<\/span>\t\t\t\t\t\t\t\t\t\t\t\t\t\t, <a class=\"zn-singledetail-coordinators-mail prettylink\" href=\"mailto:schwartz@usp.br\">schwartz@usp.br<\/a>\n\t\t\t\t\t\t\t\t\t\t\t\t\t<\/li>\n<\/ul><\/div>\n<\/p><\/div>\n<\/p><\/div>\n<div class=\"columns large-8\">\n<div class=\"zn-singledetail-contentbox\">\n<div class=\"zn-singledetail-eventinfo\">\n<div class=\"zn-singledetail-eventinfo-inner\">\n<div class=\"zn-singledetail-eventdates\">\n\t\t\t\t\t\t<span class=\"zn-singledetail-label\">Dates de l\u2019\u00e9v\u00e9nement<span class=\"doubledot\"><\/span><\/span><\/p>\n<ul class=\"zn-singledetail-eventdates-list\">\n<li class=\"zn-singledetail-eventdates-item\">\n\t\t\t\t\t\t\t\tLe 07\/03\/2023\t\t\t\t\t\t\t<\/li>\n<\/ul><\/div>\n<p class=\"zn-singledetail-eventplace\">\n\t\t\t\t\t\t<span class=\"zn-singledetail-label\">Lieu de l\u2019\u00e9v\u00e9nement<span class=\"doubledot\"><\/span><\/span><br \/>\n\t\t\t\t\t\t<span class=\"zn-singledetail-eventplace-adr\"><\/p>\n<p>\t\t\t\t\t\t<span class=\"adr-street\">Universit\u00e9 Paris-Panth\u00e9on-Assas <\/span>, <span class=\"adr-city\">Paris<\/span>\t\t\t\t\t\t<span class=\"adr-cp\">75006 <\/span>, <span class=\"adr-country\">France<\/span><br \/>\n\t\t\t\t\t\t<\/span>\t\t\t\t\t<\/p>\n<\/p><\/div>\n<\/p><\/div>\n<div class=\"zn-singledetail-annonce wig-content\">\n<p>Cette journ\u00e9e d\u2019\u00e9tude s\u2019attache \u00e0 analyser l&rsquo;avenir de la m\u00e9diation technologique pour le journalisme et les m\u00e9dias. Nous cherchons \u00e0 r\u00e9fl\u00e9chir sur les possibilit\u00e9s qui sont offertes aux professionnels de l\u2019information dans un environnement virtuel, connect\u00e9 et immersif. L\u2019objectif est d\u2019ouvrir un espace de discussion sur la place du Web3&#160;: de quelle mani\u00e8re pouvons-nous envisager l\u2019arriv\u00e9e de cette nouvelle technologie&#160;? Quelle place occuperont les m\u00e9dias dans cet univers&#160;? Cette \u00e9volution laisse-t-elle pr\u00e9sager une accentuation du virage commercial d\u00e9j\u00e0 aper\u00e7u avec la blockchain et les NFT&#160;?<\/p>\n<p>La date limite de soumission des propositions est le 30 novembre 2022.<\/p>\n<h2>Argumentaire<\/h2>\n<p>Apr\u00e8s 70 ans de cycles d&rsquo;expansion et de ralentissement du d\u00e9veloppement \u00e9conomique mondial, les transformations environnementales, sociales et politiques laissent \u00e0 penser que l\u2019on est face \u00e0 un bouleversement nous faisant passer de mondes ferm\u00e9s \u00e0 un univers infini, multiple, \u00e9mergent, dynamique et cr\u00e9atif. Les relations entre les sujets et les objets ainsi que nos repr\u00e9sentations de ces relations dans le domaine num\u00e9rique sont d\u00e9sormais fortement entra\u00een\u00e9es par Internet et ses interfaces \u2013souvent avec une composante ludique.<\/p>\n<p>Les impacts sous-jacents associ\u00e9s \u00e0 la num\u00e9risation des modes de vie conduisent en particulier \u00e0 de nouveaux d\u00e9fis pour les acteurs sociaux afin d\u2019\u00e9duquerii, d\u2019informeriii et de gouverneriv. Tout comme A. Koyr\u00e9 (1953) a soulign\u00e9 la pr\u00e9sence \u00ab&#160;d\u2019obstacles et de passages dangereux&#160;\u00bb li\u00e9s \u00e0 la modernit\u00e9 et \u00e0 l&rsquo;\u00e9mergence d&rsquo;une sph\u00e8re publique r\u00e9gie par le droit civil, la science, la technologie et les arts, nous sommes confront\u00e9s<br \/>\naujourd&rsquo;hui \u00e0 des d\u00e9fis majeurs pour la consolidation des mod\u00e8les plus ouverts, solides et durables.<br \/>\n<strong>Cette journ\u00e9e d\u2019\u00e9tude s\u2019attache \u00e0 analyser l&rsquo;avenir de la m\u00e9diation technologique pour le <\/strong><strong>journalisme et les m\u00e9dias<\/strong>. Elle se situe dans un champ de recherche interdisciplinaire, entre sciences humaines et socialesvi, \u00e9conomie et droit.<\/p>\n<p>Comme en t\u00e9moigne l\u2019appel \u00e0 article publi\u00e9 par la revue Brazilian Journalism Researchix et le hackthon organis\u00e9 par Media Party 2022, la relation entre le journalisme et les r\u00e9alit\u00e9s virtuelles pose des questions anciennes comme nouvelles&#160;: entre divertissement et information, int\u00e9r\u00eats commerciaux et int\u00e9r\u00eat public.<\/p>\n<p>Les transformations des r\u00e9dactions, de la profession et du secteur face au num\u00e9rique font objet de recherches depuis plusieurs ann\u00e9es. En 2014, A. Mercier et N. Pignard Cheynel font un \u00e9tat des travaux, en mettant le contexte fran\u00e7ais en perspective. Pour ne citer que quelques exemples de la litt\u00e9rature sur le sujet, nous \u00e9voquons les dossiers de la revue R\u00e9seaux sur la \u00ab&#160;Presse en ligne&#160;\u00bb (2010) et \u00ab&#160;Internet et pluralisme de l\u2019information&#160;\u00bb (2012), de la revue tic &amp; soci\u00e9t\u00e9 sur les \u00ab&#160;mutations du journalisme&#160;\u00bb (2012) et des Cahiers du journalisme sur le \u00ab&#160;journalisme num\u00e9rique (2011). Dans la continuit\u00e9 de ces travaux, cette journ\u00e9e d\u2019\u00e9tude s\u2019inscrit dans ce qui est qualifi\u00e9 actuellement de \u00ab&#160;High-Tech Journalismxii&#160;\u00bb, de \u00ab&#160;Augmented Reality Journalismxiii&#160;\u00bb ou de \u00ab&#160;Gamification of Journalismxiv&#160;\u00bb.<\/p>\n<p>Nous cherchons donc \u00e0 r\u00e9fl\u00e9chir sur les possibilit\u00e9s qui sont offertes aux professionnels de l\u2019information dans un environnement virtuel, connect\u00e9 et immersif. De quelle mani\u00e8re la \u00ab&#160;gamification&#160;\u00bb et le \u00ab&#160;m\u00e9tavers&#160;\u00bb \u00e9tablissent-ils un nouveau paradigme pour les professionnels de l\u2019information&#160;? De quelle mani\u00e8re modifient-ils la production et la distribution de l\u2019information&#160;? Quelles possibilit\u00e9s sont offertes par la technologie d\u00e9centralis\u00e9e&#160;? La blockchain pourrait-elle freiner les fausses informations&#160;? La validation du public est-elle la cl\u00e9 de la validation de la gamification du journalisme\u00a0&#160;? S\u2019agit-il d&rsquo;un nouveau mod\u00e8le \u00e9conomique pour les m\u00e9dias&#160;?<\/p>\n<h2>D\u00e9marche de participation<\/h2>\n<p>Les propositions de communication doivent \u00eatre envoy\u00e9es avant le 16 novembre 2022 \u00e0 <a href=\"mailto:jaerciobento.da-silva@u-paris2.fr\">jaerciobento.da-silva@u-paris2.fr<\/a> et <a href=\"mailto:schwartz@usp.br\">schwartz@usp.br<\/a>. Elles comporteront&#160;:<\/p>\n<ul>\n<li>\u00a0Le titre de la communication&#160;;<\/li>\n<li>Une proposition de 3 000 signes maximum (espaces compris), pr\u00e9cisant l\u2019objet de la pr\u00e9sentation, son orientation disciplinaire, th\u00e9orique et m\u00e9thodologique, sa probl\u00e9matique ainsi que les principaux r\u00e9sultats&#160;;<\/li>\n<li>Une br\u00e8ve biographie&#160;;<\/li>\n<\/ul>\n<p>Les propositions de communication relevant de tous les champs disciplinaires seront examin\u00e9es&#160;: <strong>sciences de l\u2019information et de la communication, sociologie, \u00e9conomie, droit, s\u00e9miologie, cin\u00e9ma, anthropologie, histoire, philosophie, art, ing\u00e9nierie informatique<\/strong>. Les langues de la journ\u00e9e d\u2019\u00e9tude sont <strong>l\u2019anglais<\/strong> et <strong>le fran\u00e7ais<\/strong>.<br \/>\nAu-del\u00e0 des trois axes propos\u00e9s, toute proposition traitant sur le sujet sera \u00e9tudi\u00e9e par le comit\u00e9 scientifique.<\/p>\n<h2>Calendrier pr\u00e9visionnel<\/h2>\n<ul>\n<li>Diffusion de l&rsquo;appel \u00e0 communications&#160;: <strong>Octobre 2022<\/strong><\/li>\n<li>Date limite de soumission des propositions&#160;: <strong>30 novembre 2022<\/strong><\/li>\n<li>Envoi des notifications d&rsquo;acceptation&#160;: <strong>semaine du 5 janvier 2022<\/strong><\/li>\n<li>Parution du programme&#160;: <strong>15 janvier 2022<\/strong><\/li>\n<li>Journ\u00e9e d\u2019\u00e9tude&#160;: <strong>7 Mars 2023 \u00e0 Paris<\/strong><\/li>\n<\/ul>\n<h2>Comit\u00e9 d\u2019organisation<\/h2>\n<ul>\n<li>Marguerite Borelli (IFP\/Carism, Universit\u00e9 Paris-Panth\u00e9on-Assas)<\/li>\n<li>Ja\u00e9rcio da Silva (IFP\/Carism, Universit\u00e9 Paris-Panth\u00e9on-Assas)<\/li>\n<li>Thomas Jaffeux (IFP\/Carism, Universit\u00e9 Paris-Panth\u00e9on-Assas)<\/li>\n<li>Gilson Schwartz (ECA, Universit\u00e9 de S\u00e3o Paulo)<\/li>\n<\/ul>\n<h2>Comit\u00e9 scientifique<\/h2>\n<ul>\n<li>Almir Almas (ECA, Universit\u00e9 de S\u00e3o Paulo)<\/li>\n<li>Vincent Berry (Labex ICA, Universit\u00e9 Paris 13)<\/li>\n<li>Romain Badouard (IFP\/Carism, Universit\u00e9 Paris-Panth\u00e9on-Assas)<\/li>\n<li>Victor Blotta (ECA, Universit\u00e9 de S\u00e3o Paulo)<\/li>\n<li>Maude Bonenfant (Universit\u00e9 du Qu\u00e9bec \u00e0 Montr\u00e9al)<\/li>\n<li>Alexandre Delbem (ICMC, Universit\u00e9 de S\u00e3o Paulo)<\/li>\n<li>Val\u00e9rie Devillard (IFP\/Carism, Universit\u00e9 Paris-Panth\u00e9on-Assas)<\/li>\n<li>Florence Dravet (Universit\u00e9 catholique de Bras\u00edlia, UCB)<\/li>\n<li>Jo\u00eblle Farchy (EMNS\/PcEn, Universit\u00e9 Paris 1 Panth\u00e9on-Sorbonne)<\/li>\n<li>Quentin Gilliotte (IFP\/Carism, Universit\u00e9 Paris-Panth\u00e9on-Assas)<\/li>\n<li>Tristan Mattelart (IFP\/Carism, Universit\u00e9 Paris-Panth\u00e9on-Assas)<\/li>\n<li>C\u00e9cile M\u00e9adel (IFP\/Carism, Universit\u00e9 Paris-Panth\u00e9on-Assas)<\/li>\n<li>Camila Moreira Cesar (IRM\u00c9CCEN, Universit\u00e9 Sorbonne Nouvelle)<\/li>\n<li>Gilson Schwartz (ECA, Universit\u00e9 de S\u00e3o Paulo)<\/li>\n<li>Marcos Simpl\u00edcio (\u00c9cole Polytechnique, Universit\u00e9 de S\u00e3o Paulo)<\/li>\n<li>Ricardo Uvinha (EACH, Universit\u00e9 de S\u00e3o Paulo)<\/li>\n<\/ul><\/div>\n<div class=\"zn-singledetail-attachedfiles\">\n<h3 class=\"zn-singledetail-section-title\">Fichier(s) attach\u00e9(s)<\/h3>\n<ul class=\"zn-singledetail-attachedfiles-list\">\n<li class=\"zn-singledetail-attachedfiles-item\">\n\t\t\t\t\t\t\t<a class=\"zn-singledetail-attachedfiles-link button outline for-download\" href=\"https:\/\/www.sfsic.org\/wp-inside\/uploads\/skp-membership\/demande_adh\/en-aac-meta-games-usp-carism.pdf\" title=\"T\u00e9l\u00e9charger : \u00ab en-aac-meta-games-usp-carism.pdf \u00bb\" target=\"_blank\" rel=\"noopener\"><br \/>\n\t\t\t\t\t\t\t\t<span class=\"button-txt\">EN-AAC-meta-games-usp-carism<span class=\"button-txt-type\"> (pdf)<\/span><\/span><br \/>\n\t\t\t\t\t\t\t<\/a>\n\t\t\t\t\t\t<\/li>\n<li class=\"zn-singledetail-attachedfiles-item\">\n\t\t\t\t\t\t\t<a class=\"zn-singledetail-attachedfiles-link button outline for-download\" href=\"https:\/\/www.sfsic.org\/wp-inside\/uploads\/skp-membership\/demande_adh\/fr-aac-meta-games-usp-carism.pdf\" title=\"T\u00e9l\u00e9charger : \u00ab fr-aac-meta-games-usp-carism.pdf \u00bb\" target=\"_blank\" rel=\"noopener\"><br \/>\n\t\t\t\t\t\t\t\t<span class=\"button-txt\">FR-AAC-meta-games-usp-carism<span class=\"button-txt-type\"> (pdf)<\/span><\/span><br \/>\n\t\t\t\t\t\t\t<\/a>\n\t\t\t\t\t\t<\/li>\n<\/ul><\/div>\n<div class=\"zn-singledetail-keywords\">\n<h3 class=\"zn-singledetail-section-title\">Mots-cl\u00e9s<\/h3>\n<ul class=\"termslist termslist-post_tag\">\n<li class=\"termslist-item termslist-title\"><span class=\"termslist-titletxt\">Mots-cl\u00e9s<\/span><span class=\"doubledot\"><\/span><\/li>\n<li class=\"termslist-item tax-post_tag term-information\"><a class=\"termslist-itemlink\" href=\"https:\/\/www.sfsic.org\/tag\/information\/\" title=\"information\"><span class=\"termslist-itemname\">information<\/span><\/a><\/li>\n<li class=\"termslist-item tax-post_tag term-journalisme\"><a class=\"termslist-itemlink\" href=\"https:\/\/www.sfsic.org\/tag\/journalisme\/\" title=\"Journalisme\"><span class=\"termslist-itemname\">Journalisme<\/span><\/a><\/li>\n<li class=\"termslist-item tax-post_tag term-medias\"><a class=\"termslist-itemlink\" href=\"https:\/\/www.sfsic.org\/tag\/medias\/\" title=\"M\u00e9dias\"><span class=\"termslist-itemname\">M\u00e9dias<\/span><\/a><\/li>\n<li class=\"termslist-item tax-post_tag term-mediation\"><a class=\"termslist-itemlink\" href=\"https:\/\/www.sfsic.org\/tag\/mediation\/\" title=\"M\u00e9diation\"><span class=\"termslist-itemname\">M\u00e9diation<\/span><\/a><\/li>\n<li class=\"termslist-item tax-post_tag term-metavers\"><a class=\"termslist-itemlink\" href=\"https:\/\/www.sfsic.org\/tag\/metavers\/\" title=\"M\u00e9tavers\"><span class=\"termslist-itemname\">M\u00e9tavers<\/span><\/a><\/li>\n<\/ul><\/div>\n<\/p><\/div>\n<\/p><\/div>\n<\/p><\/div>\n<\/p><\/div>\n<\/div>\n<p><!-- \/fxzn:singledetail --><\/p>\n","protected":false},"excerpt":{"rendered":"<p>Mis en ligne le 14 octobre 2022 Th\u00e9matiques M\u00e9dias et journalisme M\u00e9diation des savoirs, \u00e9ducation et formation R\u00e9ponse attendue pour le 30\/11\/2022 Type de r\u00e9ponse R\u00e9sum\u00e9 Type d\u2019\u00e9v\u00e9nement Journ\u00e9e d\u2019\u00e9tude [&hellip;]<\/p>\n","protected":false},"author":1376,"featured_media":0,"comment_status":"closed","ping_status":"closed","sticky":false,"template":"","format":"standard","meta":{"_acf_changed":false,"footnotes":""},"categories":[29,58],"tags":[304,94,390,129,740],"thematique":[34,43],"sfsic":[],"class_list":["post-25958","post","type-post","status-publish","format-standard","hentry","category-aac-evenement","category-journee-etude","tag-information","tag-journalisme","tag-medias","tag-mediation","tag-metavers","thematique-medias-et-journalisme","thematique-mediation-des-savoirs-education-et-formation","wp-sticky"],"acf":[],"yoast_head":"<!-- This site is optimized with the Yoast SEO plugin v27.4 - https:\/\/yoast.com\/product\/yoast-seo-wordpress\/ -->\n<title>From the Closed Internet to Infinite Metaverses ? L\u2019avenir de la m\u00e9diation technologique dans le journalisme et les m\u00e9dias<\/title>\n<meta name=\"description\" content=\"Un appel \u00e0 communication est lanc\u00e9 en vue de la journ\u00e9e d&#039;\u00e9tude internationale &quot;From the Closed Internet to Infinite Metaverses? L\u2019avenir de la m\u00e9diation technologique dans le journalisme et les m\u00e9dias\u201d qui se tiendra \u00e0 Paris le 7 mars 2023.\" \/>\n<meta name=\"robots\" content=\"index, follow, max-snippet:-1, max-image-preview:large, max-video-preview:-1\" \/>\n<link rel=\"canonical\" href=\"https:\/\/www.sfsic.org\/en\/aac-evenement\/from-the-closed-internet-to-infinite-metaverses-lavenir-de-la-mediation-technologique-dans-le-journalisme-et-les-medias\/\" \/>\n<meta property=\"og:locale\" content=\"en_US\" \/>\n<meta property=\"og:type\" content=\"article\" \/>\n<meta property=\"og:title\" content=\"From the Closed Internet to Infinite Metaverses ? L\u2019avenir de la m\u00e9diation technologique dans le journalisme et les m\u00e9dias\" \/>\n<meta property=\"og:description\" content=\"Un appel \u00e0 communication est lanc\u00e9 en vue de la journ\u00e9e d&#039;\u00e9tude internationale &quot;From the Closed Internet to Infinite Metaverses? L\u2019avenir de la m\u00e9diation technologique dans le journalisme et les m\u00e9dias\u201d qui se tiendra \u00e0 Paris le 7 mars 2023.\" \/>\n<meta property=\"og:url\" content=\"https:\/\/www.sfsic.org\/en\/aac-evenement\/from-the-closed-internet-to-infinite-metaverses-lavenir-de-la-mediation-technologique-dans-le-journalisme-et-les-medias\/\" \/>\n<meta property=\"og:site_name\" content=\"SFSIC\" \/>\n<meta property=\"article:published_time\" content=\"2022-10-14T06:36:30+00:00\" \/>\n<meta property=\"article:modified_time\" content=\"2022-10-14T06:36:31+00:00\" \/>\n<meta name=\"author\" content=\"Ayomide Salifu\" \/>\n<meta name=\"twitter:card\" content=\"summary_large_image\" \/>\n<script type=\"application\/ld+json\" class=\"yoast-schema-graph\">{\"@context\":\"https:\\\/\\\/schema.org\",\"@graph\":[{\"@type\":\"Article\",\"@id\":\"https:\\\/\\\/www.sfsic.org\\\/en\\\/aac-evenement\\\/from-the-closed-internet-to-infinite-metaverses-lavenir-de-la-mediation-technologique-dans-le-journalisme-et-les-medias\\\/#article\",\"isPartOf\":{\"@id\":\"https:\\\/\\\/www.sfsic.org\\\/en\\\/aac-evenement\\\/from-the-closed-internet-to-infinite-metaverses-lavenir-de-la-mediation-technologique-dans-le-journalisme-et-les-medias\\\/\"},\"author\":{\"name\":\"Ayomide Salifu\",\"@id\":\"https:\\\/\\\/www.sfsic.org\\\/en\\\/#\\\/schema\\\/person\\\/083be63f1a38e8d8b6c9a64e5de99adb\"},\"headline\":\"From the Closed Internet to Infinite Metaverses ? L\u2019avenir de la m\u00e9diation technologique dans le journalisme et les m\u00e9dias\",\"datePublished\":\"2022-10-14T06:36:30+00:00\",\"dateModified\":\"2022-10-14T06:36:31+00:00\",\"mainEntityOfPage\":{\"@id\":\"https:\\\/\\\/www.sfsic.org\\\/en\\\/aac-evenement\\\/from-the-closed-internet-to-infinite-metaverses-lavenir-de-la-mediation-technologique-dans-le-journalisme-et-les-medias\\\/\"},\"wordCount\":1072,\"publisher\":{\"@id\":\"https:\\\/\\\/www.sfsic.org\\\/en\\\/#organization\"},\"keywords\":[\"information\",\"Journalisme\",\"M\u00e9dias\",\"M\u00e9diation\",\"M\u00e9tavers\"],\"articleSection\":[\"AAC \u00c9v\u00e9nement\",\"Journ\u00e9e d\u2019\u00e9tude\"],\"inLanguage\":\"en-US\"},{\"@type\":\"WebPage\",\"@id\":\"https:\\\/\\\/www.sfsic.org\\\/en\\\/aac-evenement\\\/from-the-closed-internet-to-infinite-metaverses-lavenir-de-la-mediation-technologique-dans-le-journalisme-et-les-medias\\\/\",\"url\":\"https:\\\/\\\/www.sfsic.org\\\/en\\\/aac-evenement\\\/from-the-closed-internet-to-infinite-metaverses-lavenir-de-la-mediation-technologique-dans-le-journalisme-et-les-medias\\\/\",\"name\":\"From the Closed Internet to Infinite Metaverses ? L\u2019avenir de la m\u00e9diation technologique dans le journalisme et les m\u00e9dias\",\"isPartOf\":{\"@id\":\"https:\\\/\\\/www.sfsic.org\\\/en\\\/#website\"},\"datePublished\":\"2022-10-14T06:36:30+00:00\",\"dateModified\":\"2022-10-14T06:36:31+00:00\",\"description\":\"Un appel \u00e0 communication est lanc\u00e9 en vue de la journ\u00e9e d'\u00e9tude internationale \\\"From the Closed Internet to Infinite Metaverses? L\u2019avenir de la m\u00e9diation technologique dans le journalisme et les m\u00e9dias\u201d qui se tiendra \u00e0 Paris le 7 mars 2023.\",\"breadcrumb\":{\"@id\":\"https:\\\/\\\/www.sfsic.org\\\/en\\\/aac-evenement\\\/from-the-closed-internet-to-infinite-metaverses-lavenir-de-la-mediation-technologique-dans-le-journalisme-et-les-medias\\\/#breadcrumb\"},\"inLanguage\":\"en-US\",\"potentialAction\":[{\"@type\":\"ReadAction\",\"target\":[\"https:\\\/\\\/www.sfsic.org\\\/en\\\/aac-evenement\\\/from-the-closed-internet-to-infinite-metaverses-lavenir-de-la-mediation-technologique-dans-le-journalisme-et-les-medias\\\/\"]}]},{\"@type\":\"BreadcrumbList\",\"@id\":\"https:\\\/\\\/www.sfsic.org\\\/en\\\/aac-evenement\\\/from-the-closed-internet-to-infinite-metaverses-lavenir-de-la-mediation-technologique-dans-le-journalisme-et-les-medias\\\/#breadcrumb\",\"itemListElement\":[{\"@type\":\"ListItem\",\"position\":1,\"name\":\"Accueil\",\"item\":\"https:\\\/\\\/www.sfsic.org\\\/en\\\/\"},{\"@type\":\"ListItem\",\"position\":2,\"name\":\"Calls for Contributions\",\"item\":\"https:\\\/\\\/www.sfsic.org\\\/en\\\/cfc-event\\\/\"},{\"@type\":\"ListItem\",\"position\":3,\"name\":\"Study Day\",\"item\":\"https:\\\/\\\/www.sfsic.org\\\/en\\\/cfc-event\\\/study-day\\\/\"},{\"@type\":\"ListItem\",\"position\":4,\"name\":\"From the Closed Internet to Infinite Metaverses&#160;? L\u2019avenir de la m\u00e9diation technologique dans le journalisme et les m\u00e9dias\"}]},{\"@type\":\"WebSite\",\"@id\":\"https:\\\/\\\/www.sfsic.org\\\/en\\\/#website\",\"url\":\"https:\\\/\\\/www.sfsic.org\\\/en\\\/\",\"name\":\"SFSIC\",\"description\":\"Soci\u00e9t\u00e9 Fran\u00e7aise des Sciences de l&#039;Information &amp; de la Communication\",\"publisher\":{\"@id\":\"https:\\\/\\\/www.sfsic.org\\\/en\\\/#organization\"},\"potentialAction\":[{\"@type\":\"SearchAction\",\"target\":{\"@type\":\"EntryPoint\",\"urlTemplate\":\"https:\\\/\\\/www.sfsic.org\\\/en\\\/?s={search_term_string}\"},\"query-input\":{\"@type\":\"PropertyValueSpecification\",\"valueRequired\":true,\"valueName\":\"search_term_string\"}}],\"inLanguage\":\"en-US\"},{\"@type\":\"Organization\",\"@id\":\"https:\\\/\\\/www.sfsic.org\\\/en\\\/#organization\",\"name\":\"SFSIC\",\"url\":\"https:\\\/\\\/www.sfsic.org\\\/en\\\/\",\"logo\":{\"@type\":\"ImageObject\",\"inLanguage\":\"en-US\",\"@id\":\"https:\\\/\\\/www.sfsic.org\\\/en\\\/#\\\/schema\\\/logo\\\/image\\\/\",\"url\":\"https:\\\/\\\/www.sfsic.org\\\/wp-inside\\\/uploads\\\/2020\\\/05\\\/logo-sfsic.jpg\",\"contentUrl\":\"https:\\\/\\\/www.sfsic.org\\\/wp-inside\\\/uploads\\\/2020\\\/05\\\/logo-sfsic.jpg\",\"width\":1085,\"height\":1080,\"caption\":\"SFSIC\"},\"image\":{\"@id\":\"https:\\\/\\\/www.sfsic.org\\\/en\\\/#\\\/schema\\\/logo\\\/image\\\/\"}},{\"@type\":\"Person\",\"@id\":\"https:\\\/\\\/www.sfsic.org\\\/en\\\/#\\\/schema\\\/person\\\/083be63f1a38e8d8b6c9a64e5de99adb\",\"name\":\"Ayomide Salifu\",\"image\":{\"@type\":\"ImageObject\",\"inLanguage\":\"en-US\",\"@id\":\"https:\\\/\\\/secure.gravatar.com\\\/avatar\\\/cec620bd7bc81ff5665be4fc9d72a43a0a1d8325147673794c8b623674145bf7?s=96&d=mm&r=g\",\"url\":\"https:\\\/\\\/secure.gravatar.com\\\/avatar\\\/cec620bd7bc81ff5665be4fc9d72a43a0a1d8325147673794c8b623674145bf7?s=96&d=mm&r=g\",\"contentUrl\":\"https:\\\/\\\/secure.gravatar.com\\\/avatar\\\/cec620bd7bc81ff5665be4fc9d72a43a0a1d8325147673794c8b623674145bf7?s=96&d=mm&r=g\",\"caption\":\"Ayomide Salifu\"}}]}<\/script>\n<!-- \/ Yoast SEO plugin. -->","yoast_head_json":{"title":"From the Closed Internet to Infinite Metaverses ? L\u2019avenir de la m\u00e9diation technologique dans le journalisme et les m\u00e9dias","description":"Un appel \u00e0 communication est lanc\u00e9 en vue de la journ\u00e9e d'\u00e9tude internationale \"From the Closed Internet to Infinite Metaverses? L\u2019avenir de la m\u00e9diation technologique dans le journalisme et les m\u00e9dias\u201d qui se tiendra \u00e0 Paris le 7 mars 2023.","robots":{"index":"index","follow":"follow","max-snippet":"max-snippet:-1","max-image-preview":"max-image-preview:large","max-video-preview":"max-video-preview:-1"},"canonical":"https:\/\/www.sfsic.org\/en\/aac-evenement\/from-the-closed-internet-to-infinite-metaverses-lavenir-de-la-mediation-technologique-dans-le-journalisme-et-les-medias\/","og_locale":"en_US","og_type":"article","og_title":"From the Closed Internet to Infinite Metaverses ? L\u2019avenir de la m\u00e9diation technologique dans le journalisme et les m\u00e9dias","og_description":"Un appel \u00e0 communication est lanc\u00e9 en vue de la journ\u00e9e d'\u00e9tude internationale \"From the Closed Internet to Infinite Metaverses? L\u2019avenir de la m\u00e9diation technologique dans le journalisme et les m\u00e9dias\u201d qui se tiendra \u00e0 Paris le 7 mars 2023.","og_url":"https:\/\/www.sfsic.org\/en\/aac-evenement\/from-the-closed-internet-to-infinite-metaverses-lavenir-de-la-mediation-technologique-dans-le-journalisme-et-les-medias\/","og_site_name":"SFSIC","article_published_time":"2022-10-14T06:36:30+00:00","article_modified_time":"2022-10-14T06:36:31+00:00","author":"Ayomide Salifu","twitter_card":"summary_large_image","schema":{"@context":"https:\/\/schema.org","@graph":[{"@type":"Article","@id":"https:\/\/www.sfsic.org\/en\/aac-evenement\/from-the-closed-internet-to-infinite-metaverses-lavenir-de-la-mediation-technologique-dans-le-journalisme-et-les-medias\/#article","isPartOf":{"@id":"https:\/\/www.sfsic.org\/en\/aac-evenement\/from-the-closed-internet-to-infinite-metaverses-lavenir-de-la-mediation-technologique-dans-le-journalisme-et-les-medias\/"},"author":{"name":"Ayomide Salifu","@id":"https:\/\/www.sfsic.org\/en\/#\/schema\/person\/083be63f1a38e8d8b6c9a64e5de99adb"},"headline":"From the Closed Internet to Infinite Metaverses ? L\u2019avenir de la m\u00e9diation technologique dans le journalisme et les m\u00e9dias","datePublished":"2022-10-14T06:36:30+00:00","dateModified":"2022-10-14T06:36:31+00:00","mainEntityOfPage":{"@id":"https:\/\/www.sfsic.org\/en\/aac-evenement\/from-the-closed-internet-to-infinite-metaverses-lavenir-de-la-mediation-technologique-dans-le-journalisme-et-les-medias\/"},"wordCount":1072,"publisher":{"@id":"https:\/\/www.sfsic.org\/en\/#organization"},"keywords":["information","Journalisme","M\u00e9dias","M\u00e9diation","M\u00e9tavers"],"articleSection":["AAC \u00c9v\u00e9nement","Journ\u00e9e d\u2019\u00e9tude"],"inLanguage":"en-US"},{"@type":"WebPage","@id":"https:\/\/www.sfsic.org\/en\/aac-evenement\/from-the-closed-internet-to-infinite-metaverses-lavenir-de-la-mediation-technologique-dans-le-journalisme-et-les-medias\/","url":"https:\/\/www.sfsic.org\/en\/aac-evenement\/from-the-closed-internet-to-infinite-metaverses-lavenir-de-la-mediation-technologique-dans-le-journalisme-et-les-medias\/","name":"From the Closed Internet to Infinite Metaverses ? L\u2019avenir de la m\u00e9diation technologique dans le journalisme et les m\u00e9dias","isPartOf":{"@id":"https:\/\/www.sfsic.org\/en\/#website"},"datePublished":"2022-10-14T06:36:30+00:00","dateModified":"2022-10-14T06:36:31+00:00","description":"Un appel \u00e0 communication est lanc\u00e9 en vue de la journ\u00e9e d'\u00e9tude internationale \"From the Closed Internet to Infinite Metaverses? L\u2019avenir de la m\u00e9diation technologique dans le journalisme et les m\u00e9dias\u201d qui se tiendra \u00e0 Paris le 7 mars 2023.","breadcrumb":{"@id":"https:\/\/www.sfsic.org\/en\/aac-evenement\/from-the-closed-internet-to-infinite-metaverses-lavenir-de-la-mediation-technologique-dans-le-journalisme-et-les-medias\/#breadcrumb"},"inLanguage":"en-US","potentialAction":[{"@type":"ReadAction","target":["https:\/\/www.sfsic.org\/en\/aac-evenement\/from-the-closed-internet-to-infinite-metaverses-lavenir-de-la-mediation-technologique-dans-le-journalisme-et-les-medias\/"]}]},{"@type":"BreadcrumbList","@id":"https:\/\/www.sfsic.org\/en\/aac-evenement\/from-the-closed-internet-to-infinite-metaverses-lavenir-de-la-mediation-technologique-dans-le-journalisme-et-les-medias\/#breadcrumb","itemListElement":[{"@type":"ListItem","position":1,"name":"Accueil","item":"https:\/\/www.sfsic.org\/en\/"},{"@type":"ListItem","position":2,"name":"Calls for Contributions","item":"https:\/\/www.sfsic.org\/en\/cfc-event\/"},{"@type":"ListItem","position":3,"name":"Study Day","item":"https:\/\/www.sfsic.org\/en\/cfc-event\/study-day\/"},{"@type":"ListItem","position":4,"name":"From the Closed Internet to Infinite Metaverses&#160;? L\u2019avenir de la m\u00e9diation technologique dans le journalisme et les m\u00e9dias"}]},{"@type":"WebSite","@id":"https:\/\/www.sfsic.org\/en\/#website","url":"https:\/\/www.sfsic.org\/en\/","name":"SFSIC","description":"Soci\u00e9t\u00e9 Fran\u00e7aise des Sciences de l&#039;Information &amp; de la Communication","publisher":{"@id":"https:\/\/www.sfsic.org\/en\/#organization"},"potentialAction":[{"@type":"SearchAction","target":{"@type":"EntryPoint","urlTemplate":"https:\/\/www.sfsic.org\/en\/?s={search_term_string}"},"query-input":{"@type":"PropertyValueSpecification","valueRequired":true,"valueName":"search_term_string"}}],"inLanguage":"en-US"},{"@type":"Organization","@id":"https:\/\/www.sfsic.org\/en\/#organization","name":"SFSIC","url":"https:\/\/www.sfsic.org\/en\/","logo":{"@type":"ImageObject","inLanguage":"en-US","@id":"https:\/\/www.sfsic.org\/en\/#\/schema\/logo\/image\/","url":"https:\/\/www.sfsic.org\/wp-inside\/uploads\/2020\/05\/logo-sfsic.jpg","contentUrl":"https:\/\/www.sfsic.org\/wp-inside\/uploads\/2020\/05\/logo-sfsic.jpg","width":1085,"height":1080,"caption":"SFSIC"},"image":{"@id":"https:\/\/www.sfsic.org\/en\/#\/schema\/logo\/image\/"}},{"@type":"Person","@id":"https:\/\/www.sfsic.org\/en\/#\/schema\/person\/083be63f1a38e8d8b6c9a64e5de99adb","name":"Ayomide Salifu","image":{"@type":"ImageObject","inLanguage":"en-US","@id":"https:\/\/secure.gravatar.com\/avatar\/cec620bd7bc81ff5665be4fc9d72a43a0a1d8325147673794c8b623674145bf7?s=96&d=mm&r=g","url":"https:\/\/secure.gravatar.com\/avatar\/cec620bd7bc81ff5665be4fc9d72a43a0a1d8325147673794c8b623674145bf7?s=96&d=mm&r=g","contentUrl":"https:\/\/secure.gravatar.com\/avatar\/cec620bd7bc81ff5665be4fc9d72a43a0a1d8325147673794c8b623674145bf7?s=96&d=mm&r=g","caption":"Ayomide Salifu"}}]}},"_links":{"self":[{"href":"https:\/\/www.sfsic.org\/en\/wp-json\/wp\/v2\/posts\/25958","targetHints":{"allow":["GET"]}}],"collection":[{"href":"https:\/\/www.sfsic.org\/en\/wp-json\/wp\/v2\/posts"}],"about":[{"href":"https:\/\/www.sfsic.org\/en\/wp-json\/wp\/v2\/types\/post"}],"author":[{"embeddable":true,"href":"https:\/\/www.sfsic.org\/en\/wp-json\/wp\/v2\/users\/1376"}],"replies":[{"embeddable":true,"href":"https:\/\/www.sfsic.org\/en\/wp-json\/wp\/v2\/comments?post=25958"}],"version-history":[{"count":8,"href":"https:\/\/www.sfsic.org\/en\/wp-json\/wp\/v2\/posts\/25958\/revisions"}],"predecessor-version":[{"id":25983,"href":"https:\/\/www.sfsic.org\/en\/wp-json\/wp\/v2\/posts\/25958\/revisions\/25983"}],"wp:attachment":[{"href":"https:\/\/www.sfsic.org\/en\/wp-json\/wp\/v2\/media?parent=25958"}],"wp:term":[{"taxonomy":"category","embeddable":true,"href":"https:\/\/www.sfsic.org\/en\/wp-json\/wp\/v2\/categories?post=25958"},{"taxonomy":"post_tag","embeddable":true,"href":"https:\/\/www.sfsic.org\/en\/wp-json\/wp\/v2\/tags?post=25958"},{"taxonomy":"thematique","embeddable":true,"href":"https:\/\/www.sfsic.org\/en\/wp-json\/wp\/v2\/thematique?post=25958"},{"taxonomy":"sfsic","embeddable":true,"href":"https:\/\/www.sfsic.org\/en\/wp-json\/wp\/v2\/sfsic?post=25958"}],"curies":[{"name":"wp","href":"https:\/\/api.w.org\/{rel}","templated":true}]}}