{"id":25871,"date":"2022-10-10T09:17:50","date_gmt":"2022-10-10T07:17:50","guid":{"rendered":"https:\/\/www.sfsic.org\/?p=25871"},"modified":"2022-11-01T19:28:39","modified_gmt":"2022-11-01T18:28:39","slug":"le-livre-ses-metiers-ses-acteurs-et-son-marche-face-au-numerique","status":"publish","type":"post","link":"https:\/\/www.sfsic.org\/en\/aac-publication\/le-livre-ses-metiers-ses-acteurs-et-son-marche-face-au-numerique\/","title":{"rendered":"Le livre, ses m\u00e9tiers, ses acteurs et son march\u00e9, face au num\u00e9rique"},"content":{"rendered":"<p><!-- fxzn:singledetail --><\/p>\n<div class=\"zone zn-singledetail\" id=\"fxzn-singledetail-1\">\n<div class=\"zone-block zn-singledetail-block alignwide va-top\">\n<div class=\"row\">\n<div class=\"columns large-8 large-push-4\">\n<div class=\"zn-singledetail-metabox\">\n<div class=\"zn-singledetail-pubdate pubdate\">\n\t\t\t\t\t<span class=\"pubdate-txt\">Mis en ligne le<\/span><span class=\"doubledot\"><\/span> 10 octobre 2022\t\t\t\t<\/div>\n<p class=\"zn-singledetail-calenda-info\">\n\t\t\t\t\t\tInformations \u00e9dit\u00e9es \u00e0 partir d\u2019une annonce <a class=\"calenda-link prettylink\" href=\"https:\/\/calenda.org\/1019930\" target=\"_blank\" rel=\"noopener\"><strong>Calenda<\/strong><\/a>.\t\t\t\t\t<\/p>\n<div class=\"zn-singledetail-thematiques with-sep-comma\">\n<ul class=\"termslist termslist-thematique\">\n<li class=\"termslist-item termslist-title\"><span class=\"termslist-titletxt\">Th\u00e9matiques<\/span><span class=\"doubledot\"><\/span><\/li>\n<li class=\"termslist-item tax-thematique term-information-documents-et-ecritures\"><a class=\"termslist-itemlink\" href=\"https:\/\/www.sfsic.org\/thematiques\/information-documents-et-ecritures\/\" title=\"Information, documents et \u00e9critures\"><span class=\"termslist-itemname\">Information, documents et \u00e9critures<\/span><\/a><\/li>\n<li class=\"termslist-item tax-thematique term-numerique-strategies-dispositifs-et-usages\"><a class=\"termslist-itemlink\" href=\"https:\/\/www.sfsic.org\/thematiques\/numerique-strategies-dispositifs-et-usages\/\" title=\"Num\u00e9rique : strat\u00e9gies, dispositifs et usages\"><span class=\"termslist-itemname\">Num\u00e9rique : strat\u00e9gies, dispositifs et usages<\/span><\/a><\/li>\n<li class=\"termslist-item tax-thematique term-organisation-des-connaissances\"><a class=\"termslist-itemlink\" href=\"https:\/\/www.sfsic.org\/thematiques\/organisation-des-connaissances\/\" title=\"Organisation des connaissances\"><span class=\"termslist-itemname\">Organisation des connaissances<\/span><\/a><\/li>\n<\/ul><\/div>\n<\/p><\/div>\n<\/p><\/div>\n<\/p><\/div>\n<div class=\"row\">\n<div class=\"columns large-4\">\n<div class=\"zn-singledetail-sidebar bg-cornersquares\">\n<div class=\"zn-singledetail-infos\">\n<p class=\"zn-singledetail-reponse-date\">\n\t\t\t\t\t\t<span>R\u00e9ponse attendue pour le<\/span><span class=\"doubledot\"><\/span> <strong>30\/10\/2022<\/strong>\n\t\t\t\t\t<\/p>\n<p class=\"zn-singledetail-reponse-type\">\n\t\t\t\t\t<span>Type de r\u00e9ponse<\/span><span class=\"doubledot\"><\/span> <strong>R\u00e9sum\u00e9<\/strong>\n\t\t\t\t\t<\/p>\n<p class=\"zn-singledetail-type\">\n\t\t\t\t\t\t\t<span>Type de contribution attendue<\/span><span class=\"doubledot\"><\/span> <strong>Chapitre d\u2019ouvrage<\/strong>\n\t\t\t\t\t<\/p>\n<p class=\"zn-singledetail-name\">\n\t\t\t\t\t\t\t<span>Nom de la publication<\/span><span class=\"doubledot\"><\/span> <strong>Ouvrage collectif<\/strong>\n\t\t\t\t\t<\/p>\n<p class=\"zn-singledetail-editor\">\n\t\t\t\t\t\t\t<span>\u00c9diteur<\/span><span class=\"doubledot\"><\/span> <strong>Fr\u00e9d\u00e9rique Giraud<\/strong>\n\t\t\t\t\t<\/p>\n<\/p><\/div>\n<div class=\"zn-singledetail-coordinators\">\n<h3 class=\"zn-singledetail-section-title\">Coordinateurs<\/h3>\n<ul class=\"zn-singledetail-coordinators-list\">\n<li class=\"zn-singledetail-coordinators-item\">\n\t\t\t\t\t\t\t<span>C\u00e9line<\/span> <span>Guillot<\/span>, <span>Universit\u00e9 Paris Cit\u00e9, IUT Paris Rives de Seine<\/span>\t\t\t\t\t\t\t\t\t\t\t\t\t\t, <a class=\"zn-singledetail-coordinators-mail prettylink\" href=\"mailto:celine.guillot@parisdescartes.fr\">celine.guillot@parisdescartes.fr<\/a>\n\t\t\t\t\t\t\t\t\t\t\t\t\t<\/li>\n<li class=\"zn-singledetail-coordinators-item\">\n\t\t\t\t\t\t\t<span>Fr\u00e9d\u00e9rique<\/span> <span>Giraud<\/span>, <span>Universit\u00e9 Paris Cit\u00e9, IUT Paris Rives de Seine<\/span>\t\t\t\t\t\t\t\t\t\t\t\t\t\t, <a class=\"zn-singledetail-coordinators-mail prettylink\" href=\"mailto:frederique.giraud@parisdescartes.fr\">frederique.giraud@parisdescartes.fr<\/a>\n\t\t\t\t\t\t\t\t\t\t\t\t\t<\/li>\n<\/ul><\/div>\n<\/p><\/div>\n<\/p><\/div>\n<div class=\"columns large-8\">\n<div class=\"zn-singledetail-contentbox\">\n<div class=\"zn-singledetail-annonce wig-content\">\n<div id=\"annonce\">\n<div id=\"annonce-1019930-fr\" class=\"tabContent\" lang=\"fr\" xml:lang=\"fr\">\n<h2>Argumentaire<\/h2>\n<p>Dans le cadre d\u2019un projet d\u2019ouvrage \u00e0 paraitre aux presses de l\u2019ENSSIB (2023-2024), portant sur le livre \u2013 ses m\u00e9tiers, ses acteurs et son march\u00e9 \u2013 face au num\u00e9rique&#160;: ses d\u00e9fis, ses opportunit\u00e9s et ses transformations, nous sollicitons des projets de chapitre (40\u00a0000 signes espaces compris) proposant une analyse document\u00e9e et actuelle des mutations structurelles et conjoncturelles qu\u2019imposent internet en g\u00e9n\u00e9ral et le num\u00e9rique aux mondes du livre, observ\u00e9es au plus pr\u00e8s des m\u00e9tiers du livre, de ses acteurs et ses lecteurs.<\/p>\n<p>L\u2019ouvrage, combinant une approche interdisciplinaire (sociologie, sciences de l&rsquo;information et de la communication, sciences de l&rsquo;\u00e9ducation, litt\u00e9rature, \u00e9conomie et marketing), s&rsquo;int\u00e9ressera \u00e0 observer et \u00e0 interroger les transformations que l\u2019on observe dans le secteur du livre, comme autant de d\u00e9fis, d&rsquo;opportunit\u00e9s int\u00e9ressantes \u00e0 d\u00e9velopper ou \u00e0 saisir, et \u00e0 d\u00e9montrer que ces nouvelles tendances ne r\u00e9v\u00e8lent pas un ralentissement du commerce du livre mais au contraire son dynamisme. L&rsquo;industrie du livre s&rsquo;av\u00e8re particuli\u00e8rement r\u00e9sistante, mais elle est aujourd&rsquo;hui embarqu\u00e9e, comme ses acteurs, nouveaux, ou anciens dans l\u2019environnement plus global de l\u2019information, de la communication et des industries culturelles, et comment le num\u00e9rique participe \u00e0 ces mutations. Comment appr\u00e9hender aujourd&rsquo;hui cette r\u00e9alit\u00e9 devenue complexe.<\/p>\n<p>Cet ouvrage propose plusieurs niveaux de lecture&#160;:<\/p>\n<ul>\n<li>des d\u00e9veloppements approfondis sur les transformations majeures du livre sous l\u2019influence du num\u00e9rique.<\/li>\n<li>des \u00e9clairages pointus sur les techniques, les m\u00e9thodes appliqu\u00e9es aux diff\u00e9rents m\u00e9tiers du livre s\u2019appuyant sur des \u00e9tudes de cas, des exemples concrets et des interviews d\u2019experts.<\/li>\n<\/ul>\n<p>Il s\u2019adresse ainsi autant aux \u00e9tudiants qui se destinent aux m\u00e9tiers du livre (BUT\/ DUT\/ BTS\/ Licences professionnelles, ENSSIB, Ecoles de Commerce et de Communication, Masters), qu\u2019aux professionnels du secteur qui souhaitent approfondir leurs connaissances&#160;; aux enseignants des m\u00eames fili\u00e8res qui souhaitent obtenir des informations et des exemples actualis\u00e9s.<\/p>\n<h2>Coordination scientifique<\/h2>\n<p>L\u2019ouvrage est coordonn\u00e9 par C\u00e9line Guillot, Ma\u00eetre de Conf\u00e9rences Universit\u00e9 Paris Cit\u00e9, IUT Paris Rives de Seine, et Fr\u00e9d\u00e9rique Giraud, Maitresse de conf\u00e9rences en sociologie, Universit\u00e9 Paris Cit\u00e9, IUT Paris Rives de Seine, co-responsables de la fili\u00e8re m\u00e9tiers du livre.<\/p>\n<ul>\n<li>C\u00e9line Guillot enseigne la Litt\u00e9rature et la Communication en Licence (M\u00e9tiers de la Communication \/ M\u00e9tiers de l\u2019Edition \/ Biblioth\u00e8que) et BUT\/DUT Information et Communication (M\u00e9tiers du Livre) depuis 2008 et responsable p\u00e9dagogique de la Licence M\u00e9tiers de la Communication en apprentissage depuis 10 ans.<\/li>\n<li>Fr\u00e9d\u00e9rique Giraud enseigne \u00e0 l\u2019IUT Paris Rives de Seine (BUT\/DUT, Licences M\u00e9tiers de la Communication) la sociologie des m\u00e9dias, la sociologie de la culture et des pratiques culturelles, la sociologie de la lecture.<\/li>\n<\/ul>\n<h2>Modalit\u00e9s de soumission<\/h2>\n<p>Votre proposition de contribution est attendue pour le 30 octobre dernier d\u00e9lai, le chapitre r\u00e9dig\u00e9 \u00e9tant \u00e0 envoyer pour le 15 janvier 2023.<\/p>\n<p>Nous attendons des contributions issues d\u2019enqu\u00eates de terrain ou relisant des corpus th\u00e9oriques. Voici une liste non exhaustive de questions de recherche susceptibles de nous int\u00e9resser&#160;:<\/p>\n<ul>\n<li>Les nouvelles interactions autour du livre gr\u00e2ce au num\u00e9rique<\/li>\n<li>Les nouvelles pratiques\/nouvelles professionnalit\u00e9s<\/li>\n<li>Rechercher la compl\u00e9mentarit\u00e9 entre \u00e9ditions papiers et \u00e9ditions num\u00e9riques&#160;: des nouvelles strat\u00e9gies des \u00e9diteurs et des distributeurs<\/li>\n<li>R\u00e9inventer le livre gr\u00e2ce au num\u00e9rique&#160;: cross media \/ contenu augment\u00e9 \/ interactivit\u00e9<\/li>\n<li>Accro\u00eetre l\u2019audience des \u0153uvres gr\u00e2ce au num\u00e9rique&#160;? Le num\u00e9rique repr\u00e9sente-t-elle pour les auteurs et leurs agents litt\u00e9raires ou les services de presse une opportunit\u00e9 d\u2019accro\u00eetre l\u2019audience de leurs \u0153uvres&#160;?<\/li>\n<li>Les nouveaux m\u00e9tiers du num\u00e9rique au service de la promotion et de la critique du livre &#8211;<\/li>\n<li>L\u2019impact du num\u00e9rique sur la cr\u00e9ation litt\u00e9raire&#160;: personnalisation, collaboration, prescription et suggestion<\/li>\n<li>La m\u00e9diation du livre num\u00e9rique en biblioth\u00e8que&#160;: enjeux, usages et protocole m\u00e9thodologique.<\/li>\n<li>Les transformations des professionnalit\u00e9s et des identit\u00e9s professionnelles comme r\u00e9ponses aux usages du num\u00e9rique en biblioth\u00e8que&#160;: nomadisme des lecteurs, multiplication des supports.<\/li>\n<li>La biblioth\u00e8que comme guichet num\u00e9rique&#160;: entre m\u00e9diations et inclusion. Un r\u00f4le social \u00e9largi pour les biblioth\u00e8ques&#160;?<\/li>\n<\/ul>\n<p>Les propositions sont \u00e0 envoyer \u00e0\u00a0<a href=\"mailto:celine.guillot@parisdescartes.fr\"><strong>celine.guillot@parisdescartes.fr<\/strong><\/a>\u00a0et\u00a0<a href=\"mailto:frederique.giraud@parisdescartes.fr\"><strong>frederique.giraud@parisdescartes.fr<\/strong><\/a><\/p>\n<p><strong>avant le 30 octobre 2022.<\/strong><\/p>\n<p>Pour toute question ou compl\u00e9ment d\u2019information, n\u2019h\u00e9sitez pas \u00e0 nous contacter&#160;: <a href=\"mailto:celine.guillot@parisdescartes.fr\">celine.guillot@parisdescartes.fr<\/a> et <a href=\"mailto:frederique.giraud@parisdescartes.fr\">frederique.giraud@parisdescartes.fr<\/a><\/p>\n<\/div>\n<\/div>\n<div id=\"categories\" class=\"cat\"><\/div>\n<div id=\"eventformats\"><\/div>\n<\/p><\/div>\n<div class=\"zn-singledetail-keywords\">\n<h3 class=\"zn-singledetail-section-title\">Mots-cl\u00e9s<\/h3>\n<ul class=\"termslist termslist-post_tag\">\n<li class=\"termslist-item termslist-title\"><span class=\"termslist-titletxt\">Mots-cl\u00e9s<\/span><span class=\"doubledot\"><\/span><\/li>\n<li class=\"termslist-item tax-post_tag term-edition\"><a class=\"termslist-itemlink\" href=\"https:\/\/www.sfsic.org\/tag\/edition\/\" title=\"\u00c9dition\"><span class=\"termslist-itemname\">\u00c9dition<\/span><\/a><\/li>\n<li class=\"termslist-item tax-post_tag term-livre\"><a class=\"termslist-itemlink\" href=\"https:\/\/www.sfsic.org\/tag\/livre\/\" title=\"Livre\"><span class=\"termslist-itemname\">Livre<\/span><\/a><\/li>\n<li class=\"termslist-item tax-post_tag term-numerique\"><a class=\"termslist-itemlink\" href=\"https:\/\/www.sfsic.org\/tag\/numerique\/\" title=\"Num\u00e9rique\"><span class=\"termslist-itemname\">Num\u00e9rique<\/span><\/a><\/li>\n<\/ul><\/div>\n<\/p><\/div>\n<\/p><\/div>\n<\/p><\/div>\n<\/p><\/div>\n<\/div>\n<p><!-- \/fxzn:singledetail --><\/p>\n","protected":false},"excerpt":{"rendered":"<p>Mis en ligne le 10 octobre 2022 Informations \u00e9dit\u00e9es \u00e0 partir d\u2019une annonce Calenda. Th\u00e9matiques Information, documents et \u00e9critures Num\u00e9rique : strat\u00e9gies, dispositifs et usages Organisation des connaissances R\u00e9ponse attendue [&hellip;]<\/p>\n","protected":false},"author":1377,"featured_media":0,"comment_status":"closed","ping_status":"closed","sticky":false,"template":"","format":"standard","meta":{"_acf_changed":false,"footnotes":""},"categories":[28,63],"tags":[314,440,90],"thematique":[40,39,42],"sfsic":[],"class_list":["post-25871","post","type-post","status-publish","format-standard","hentry","category-aac-publication","category-chapitre-ouvrage","tag-edition","tag-livre","tag-numerique","thematique-information-documents-et-ecritures","thematique-numerique-strategies-dispositifs-et-usages","thematique-organisation-des-connaissances","wp-sticky"],"acf":[],"yoast_head":"<!-- This site is optimized with the Yoast SEO plugin v27.4 - https:\/\/yoast.com\/product\/yoast-seo-wordpress\/ -->\n<title>Le livre, ses m\u00e9tiers, ses acteurs et son march\u00e9, face au num\u00e9rique<\/title>\n<meta name=\"description\" content=\"Un appel \u00e0 contribution est lanc\u00e9 en vue de la publication d&#039;un ouvrage d\u00e9di\u00e9 \u00e0 la th\u00e9matique &quot;Le livre \u2013 ses m\u00e9tiers, ses acteurs et son march\u00e9 \u2013 face au num\u00e9rique&quot;, sous la direction de C\u00e9line Guillot et Fr\u00e9d\u00e9rique Giraud.\" \/>\n<meta name=\"robots\" content=\"index, follow, max-snippet:-1, max-image-preview:large, max-video-preview:-1\" \/>\n<link rel=\"canonical\" href=\"https:\/\/www.sfsic.org\/en\/aac-publication\/le-livre-ses-metiers-ses-acteurs-et-son-marche-face-au-numerique\/\" \/>\n<meta property=\"og:locale\" content=\"en_US\" \/>\n<meta property=\"og:type\" content=\"article\" \/>\n<meta property=\"og:title\" content=\"Le livre, ses m\u00e9tiers, ses acteurs et son march\u00e9, face au num\u00e9rique\" \/>\n<meta property=\"og:description\" content=\"Un appel \u00e0 contribution est lanc\u00e9 en vue de la publication d&#039;un ouvrage d\u00e9di\u00e9 \u00e0 la th\u00e9matique &quot;Le livre \u2013 ses m\u00e9tiers, ses acteurs et son march\u00e9 \u2013 face au num\u00e9rique&quot;, sous la direction de C\u00e9line Guillot et Fr\u00e9d\u00e9rique Giraud.\" \/>\n<meta property=\"og:url\" content=\"https:\/\/www.sfsic.org\/en\/aac-publication\/le-livre-ses-metiers-ses-acteurs-et-son-marche-face-au-numerique\/\" \/>\n<meta property=\"og:site_name\" content=\"SFSIC\" \/>\n<meta property=\"article:published_time\" content=\"2022-10-10T07:17:50+00:00\" \/>\n<meta property=\"article:modified_time\" content=\"2022-11-01T18:28:39+00:00\" \/>\n<meta name=\"author\" content=\"Redouane Chehrit\" \/>\n<meta name=\"twitter:card\" content=\"summary_large_image\" \/>\n<script type=\"application\/ld+json\" class=\"yoast-schema-graph\">{\"@context\":\"https:\\\/\\\/schema.org\",\"@graph\":[{\"@type\":\"Article\",\"@id\":\"https:\\\/\\\/www.sfsic.org\\\/en\\\/aac-publication\\\/le-livre-ses-metiers-ses-acteurs-et-son-marche-face-au-numerique\\\/#article\",\"isPartOf\":{\"@id\":\"https:\\\/\\\/www.sfsic.org\\\/en\\\/aac-publication\\\/le-livre-ses-metiers-ses-acteurs-et-son-marche-face-au-numerique\\\/\"},\"author\":{\"name\":\"Redouane Chehrit\",\"@id\":\"https:\\\/\\\/www.sfsic.org\\\/en\\\/#\\\/schema\\\/person\\\/3ea45e47b44387ceac7edd44535c900c\"},\"headline\":\"Le livre, ses m\u00e9tiers, ses acteurs et son march\u00e9, face au num\u00e9rique\",\"datePublished\":\"2022-10-10T07:17:50+00:00\",\"dateModified\":\"2022-11-01T18:28:39+00:00\",\"mainEntityOfPage\":{\"@id\":\"https:\\\/\\\/www.sfsic.org\\\/en\\\/aac-publication\\\/le-livre-ses-metiers-ses-acteurs-et-son-marche-face-au-numerique\\\/\"},\"wordCount\":882,\"publisher\":{\"@id\":\"https:\\\/\\\/www.sfsic.org\\\/en\\\/#organization\"},\"keywords\":[\"\u00c9dition\",\"Livre\",\"Num\u00e9rique\"],\"articleSection\":[\"AAC Publications\",\"Chapitre d\u2019ouvrage\"],\"inLanguage\":\"en-US\"},{\"@type\":\"WebPage\",\"@id\":\"https:\\\/\\\/www.sfsic.org\\\/en\\\/aac-publication\\\/le-livre-ses-metiers-ses-acteurs-et-son-marche-face-au-numerique\\\/\",\"url\":\"https:\\\/\\\/www.sfsic.org\\\/en\\\/aac-publication\\\/le-livre-ses-metiers-ses-acteurs-et-son-marche-face-au-numerique\\\/\",\"name\":\"Le livre, ses m\u00e9tiers, ses acteurs et son march\u00e9, face au num\u00e9rique\",\"isPartOf\":{\"@id\":\"https:\\\/\\\/www.sfsic.org\\\/en\\\/#website\"},\"datePublished\":\"2022-10-10T07:17:50+00:00\",\"dateModified\":\"2022-11-01T18:28:39+00:00\",\"description\":\"Un appel \u00e0 contribution est lanc\u00e9 en vue de la publication d'un ouvrage d\u00e9di\u00e9 \u00e0 la th\u00e9matique \\\"Le livre \u2013 ses m\u00e9tiers, ses acteurs et son march\u00e9 \u2013 face au num\u00e9rique\\\", sous la direction de C\u00e9line Guillot et Fr\u00e9d\u00e9rique Giraud.\",\"breadcrumb\":{\"@id\":\"https:\\\/\\\/www.sfsic.org\\\/en\\\/aac-publication\\\/le-livre-ses-metiers-ses-acteurs-et-son-marche-face-au-numerique\\\/#breadcrumb\"},\"inLanguage\":\"en-US\",\"potentialAction\":[{\"@type\":\"ReadAction\",\"target\":[\"https:\\\/\\\/www.sfsic.org\\\/en\\\/aac-publication\\\/le-livre-ses-metiers-ses-acteurs-et-son-marche-face-au-numerique\\\/\"]}]},{\"@type\":\"BreadcrumbList\",\"@id\":\"https:\\\/\\\/www.sfsic.org\\\/en\\\/aac-publication\\\/le-livre-ses-metiers-ses-acteurs-et-son-marche-face-au-numerique\\\/#breadcrumb\",\"itemListElement\":[{\"@type\":\"ListItem\",\"position\":1,\"name\":\"Accueil\",\"item\":\"https:\\\/\\\/www.sfsic.org\\\/en\\\/\"},{\"@type\":\"ListItem\",\"position\":2,\"name\":\"Calls for Papers\",\"item\":\"https:\\\/\\\/www.sfsic.org\\\/en\\\/cfp-publication\\\/\"},{\"@type\":\"ListItem\",\"position\":3,\"name\":\"Book chapter\",\"item\":\"https:\\\/\\\/www.sfsic.org\\\/en\\\/cfp-publication\\\/book-chapter\\\/\"},{\"@type\":\"ListItem\",\"position\":4,\"name\":\"Le livre, ses m\u00e9tiers, ses acteurs et son march\u00e9, face au num\u00e9rique\"}]},{\"@type\":\"WebSite\",\"@id\":\"https:\\\/\\\/www.sfsic.org\\\/en\\\/#website\",\"url\":\"https:\\\/\\\/www.sfsic.org\\\/en\\\/\",\"name\":\"SFSIC\",\"description\":\"Soci\u00e9t\u00e9 Fran\u00e7aise des Sciences de l&#039;Information &amp; de la Communication\",\"publisher\":{\"@id\":\"https:\\\/\\\/www.sfsic.org\\\/en\\\/#organization\"},\"potentialAction\":[{\"@type\":\"SearchAction\",\"target\":{\"@type\":\"EntryPoint\",\"urlTemplate\":\"https:\\\/\\\/www.sfsic.org\\\/en\\\/?s={search_term_string}\"},\"query-input\":{\"@type\":\"PropertyValueSpecification\",\"valueRequired\":true,\"valueName\":\"search_term_string\"}}],\"inLanguage\":\"en-US\"},{\"@type\":\"Organization\",\"@id\":\"https:\\\/\\\/www.sfsic.org\\\/en\\\/#organization\",\"name\":\"SFSIC\",\"url\":\"https:\\\/\\\/www.sfsic.org\\\/en\\\/\",\"logo\":{\"@type\":\"ImageObject\",\"inLanguage\":\"en-US\",\"@id\":\"https:\\\/\\\/www.sfsic.org\\\/en\\\/#\\\/schema\\\/logo\\\/image\\\/\",\"url\":\"https:\\\/\\\/www.sfsic.org\\\/wp-inside\\\/uploads\\\/2020\\\/05\\\/logo-sfsic.jpg\",\"contentUrl\":\"https:\\\/\\\/www.sfsic.org\\\/wp-inside\\\/uploads\\\/2020\\\/05\\\/logo-sfsic.jpg\",\"width\":1085,\"height\":1080,\"caption\":\"SFSIC\"},\"image\":{\"@id\":\"https:\\\/\\\/www.sfsic.org\\\/en\\\/#\\\/schema\\\/logo\\\/image\\\/\"}},{\"@type\":\"Person\",\"@id\":\"https:\\\/\\\/www.sfsic.org\\\/en\\\/#\\\/schema\\\/person\\\/3ea45e47b44387ceac7edd44535c900c\",\"name\":\"Redouane Chehrit\",\"image\":{\"@type\":\"ImageObject\",\"inLanguage\":\"en-US\",\"@id\":\"https:\\\/\\\/secure.gravatar.com\\\/avatar\\\/89e29a11141dff2771793b316beaf5734cb4f1dc427a45ef84f8c35f670d30ff?s=96&d=mm&r=g\",\"url\":\"https:\\\/\\\/secure.gravatar.com\\\/avatar\\\/89e29a11141dff2771793b316beaf5734cb4f1dc427a45ef84f8c35f670d30ff?s=96&d=mm&r=g\",\"contentUrl\":\"https:\\\/\\\/secure.gravatar.com\\\/avatar\\\/89e29a11141dff2771793b316beaf5734cb4f1dc427a45ef84f8c35f670d30ff?s=96&d=mm&r=g\",\"caption\":\"Redouane Chehrit\"}}]}<\/script>\n<!-- \/ Yoast SEO plugin. -->","yoast_head_json":{"title":"Le livre, ses m\u00e9tiers, ses acteurs et son march\u00e9, face au num\u00e9rique","description":"Un appel \u00e0 contribution est lanc\u00e9 en vue de la publication d'un ouvrage d\u00e9di\u00e9 \u00e0 la th\u00e9matique \"Le livre \u2013 ses m\u00e9tiers, ses acteurs et son march\u00e9 \u2013 face au num\u00e9rique\", sous la direction de C\u00e9line Guillot et Fr\u00e9d\u00e9rique Giraud.","robots":{"index":"index","follow":"follow","max-snippet":"max-snippet:-1","max-image-preview":"max-image-preview:large","max-video-preview":"max-video-preview:-1"},"canonical":"https:\/\/www.sfsic.org\/en\/aac-publication\/le-livre-ses-metiers-ses-acteurs-et-son-marche-face-au-numerique\/","og_locale":"en_US","og_type":"article","og_title":"Le livre, ses m\u00e9tiers, ses acteurs et son march\u00e9, face au num\u00e9rique","og_description":"Un appel \u00e0 contribution est lanc\u00e9 en vue de la publication d'un ouvrage d\u00e9di\u00e9 \u00e0 la th\u00e9matique \"Le livre \u2013 ses m\u00e9tiers, ses acteurs et son march\u00e9 \u2013 face au num\u00e9rique\", sous la direction de C\u00e9line Guillot et Fr\u00e9d\u00e9rique Giraud.","og_url":"https:\/\/www.sfsic.org\/en\/aac-publication\/le-livre-ses-metiers-ses-acteurs-et-son-marche-face-au-numerique\/","og_site_name":"SFSIC","article_published_time":"2022-10-10T07:17:50+00:00","article_modified_time":"2022-11-01T18:28:39+00:00","author":"Redouane Chehrit","twitter_card":"summary_large_image","schema":{"@context":"https:\/\/schema.org","@graph":[{"@type":"Article","@id":"https:\/\/www.sfsic.org\/en\/aac-publication\/le-livre-ses-metiers-ses-acteurs-et-son-marche-face-au-numerique\/#article","isPartOf":{"@id":"https:\/\/www.sfsic.org\/en\/aac-publication\/le-livre-ses-metiers-ses-acteurs-et-son-marche-face-au-numerique\/"},"author":{"name":"Redouane Chehrit","@id":"https:\/\/www.sfsic.org\/en\/#\/schema\/person\/3ea45e47b44387ceac7edd44535c900c"},"headline":"Le livre, ses m\u00e9tiers, ses acteurs et son march\u00e9, face au num\u00e9rique","datePublished":"2022-10-10T07:17:50+00:00","dateModified":"2022-11-01T18:28:39+00:00","mainEntityOfPage":{"@id":"https:\/\/www.sfsic.org\/en\/aac-publication\/le-livre-ses-metiers-ses-acteurs-et-son-marche-face-au-numerique\/"},"wordCount":882,"publisher":{"@id":"https:\/\/www.sfsic.org\/en\/#organization"},"keywords":["\u00c9dition","Livre","Num\u00e9rique"],"articleSection":["AAC Publications","Chapitre d\u2019ouvrage"],"inLanguage":"en-US"},{"@type":"WebPage","@id":"https:\/\/www.sfsic.org\/en\/aac-publication\/le-livre-ses-metiers-ses-acteurs-et-son-marche-face-au-numerique\/","url":"https:\/\/www.sfsic.org\/en\/aac-publication\/le-livre-ses-metiers-ses-acteurs-et-son-marche-face-au-numerique\/","name":"Le livre, ses m\u00e9tiers, ses acteurs et son march\u00e9, face au num\u00e9rique","isPartOf":{"@id":"https:\/\/www.sfsic.org\/en\/#website"},"datePublished":"2022-10-10T07:17:50+00:00","dateModified":"2022-11-01T18:28:39+00:00","description":"Un appel \u00e0 contribution est lanc\u00e9 en vue de la publication d'un ouvrage d\u00e9di\u00e9 \u00e0 la th\u00e9matique \"Le livre \u2013 ses m\u00e9tiers, ses acteurs et son march\u00e9 \u2013 face au num\u00e9rique\", sous la direction de C\u00e9line Guillot et Fr\u00e9d\u00e9rique Giraud.","breadcrumb":{"@id":"https:\/\/www.sfsic.org\/en\/aac-publication\/le-livre-ses-metiers-ses-acteurs-et-son-marche-face-au-numerique\/#breadcrumb"},"inLanguage":"en-US","potentialAction":[{"@type":"ReadAction","target":["https:\/\/www.sfsic.org\/en\/aac-publication\/le-livre-ses-metiers-ses-acteurs-et-son-marche-face-au-numerique\/"]}]},{"@type":"BreadcrumbList","@id":"https:\/\/www.sfsic.org\/en\/aac-publication\/le-livre-ses-metiers-ses-acteurs-et-son-marche-face-au-numerique\/#breadcrumb","itemListElement":[{"@type":"ListItem","position":1,"name":"Accueil","item":"https:\/\/www.sfsic.org\/en\/"},{"@type":"ListItem","position":2,"name":"Calls for Papers","item":"https:\/\/www.sfsic.org\/en\/cfp-publication\/"},{"@type":"ListItem","position":3,"name":"Book chapter","item":"https:\/\/www.sfsic.org\/en\/cfp-publication\/book-chapter\/"},{"@type":"ListItem","position":4,"name":"Le livre, ses m\u00e9tiers, ses acteurs et son march\u00e9, face au num\u00e9rique"}]},{"@type":"WebSite","@id":"https:\/\/www.sfsic.org\/en\/#website","url":"https:\/\/www.sfsic.org\/en\/","name":"SFSIC","description":"Soci\u00e9t\u00e9 Fran\u00e7aise des Sciences de l&#039;Information &amp; de la Communication","publisher":{"@id":"https:\/\/www.sfsic.org\/en\/#organization"},"potentialAction":[{"@type":"SearchAction","target":{"@type":"EntryPoint","urlTemplate":"https:\/\/www.sfsic.org\/en\/?s={search_term_string}"},"query-input":{"@type":"PropertyValueSpecification","valueRequired":true,"valueName":"search_term_string"}}],"inLanguage":"en-US"},{"@type":"Organization","@id":"https:\/\/www.sfsic.org\/en\/#organization","name":"SFSIC","url":"https:\/\/www.sfsic.org\/en\/","logo":{"@type":"ImageObject","inLanguage":"en-US","@id":"https:\/\/www.sfsic.org\/en\/#\/schema\/logo\/image\/","url":"https:\/\/www.sfsic.org\/wp-inside\/uploads\/2020\/05\/logo-sfsic.jpg","contentUrl":"https:\/\/www.sfsic.org\/wp-inside\/uploads\/2020\/05\/logo-sfsic.jpg","width":1085,"height":1080,"caption":"SFSIC"},"image":{"@id":"https:\/\/www.sfsic.org\/en\/#\/schema\/logo\/image\/"}},{"@type":"Person","@id":"https:\/\/www.sfsic.org\/en\/#\/schema\/person\/3ea45e47b44387ceac7edd44535c900c","name":"Redouane Chehrit","image":{"@type":"ImageObject","inLanguage":"en-US","@id":"https:\/\/secure.gravatar.com\/avatar\/89e29a11141dff2771793b316beaf5734cb4f1dc427a45ef84f8c35f670d30ff?s=96&d=mm&r=g","url":"https:\/\/secure.gravatar.com\/avatar\/89e29a11141dff2771793b316beaf5734cb4f1dc427a45ef84f8c35f670d30ff?s=96&d=mm&r=g","contentUrl":"https:\/\/secure.gravatar.com\/avatar\/89e29a11141dff2771793b316beaf5734cb4f1dc427a45ef84f8c35f670d30ff?s=96&d=mm&r=g","caption":"Redouane Chehrit"}}]}},"_links":{"self":[{"href":"https:\/\/www.sfsic.org\/en\/wp-json\/wp\/v2\/posts\/25871","targetHints":{"allow":["GET"]}}],"collection":[{"href":"https:\/\/www.sfsic.org\/en\/wp-json\/wp\/v2\/posts"}],"about":[{"href":"https:\/\/www.sfsic.org\/en\/wp-json\/wp\/v2\/types\/post"}],"author":[{"embeddable":true,"href":"https:\/\/www.sfsic.org\/en\/wp-json\/wp\/v2\/users\/1377"}],"replies":[{"embeddable":true,"href":"https:\/\/www.sfsic.org\/en\/wp-json\/wp\/v2\/comments?post=25871"}],"version-history":[{"count":7,"href":"https:\/\/www.sfsic.org\/en\/wp-json\/wp\/v2\/posts\/25871\/revisions"}],"predecessor-version":[{"id":26368,"href":"https:\/\/www.sfsic.org\/en\/wp-json\/wp\/v2\/posts\/25871\/revisions\/26368"}],"wp:attachment":[{"href":"https:\/\/www.sfsic.org\/en\/wp-json\/wp\/v2\/media?parent=25871"}],"wp:term":[{"taxonomy":"category","embeddable":true,"href":"https:\/\/www.sfsic.org\/en\/wp-json\/wp\/v2\/categories?post=25871"},{"taxonomy":"post_tag","embeddable":true,"href":"https:\/\/www.sfsic.org\/en\/wp-json\/wp\/v2\/tags?post=25871"},{"taxonomy":"thematique","embeddable":true,"href":"https:\/\/www.sfsic.org\/en\/wp-json\/wp\/v2\/thematique?post=25871"},{"taxonomy":"sfsic","embeddable":true,"href":"https:\/\/www.sfsic.org\/en\/wp-json\/wp\/v2\/sfsic?post=25871"}],"curies":[{"name":"wp","href":"https:\/\/api.w.org\/{rel}","templated":true}]}}