{"id":25641,"date":"2022-09-08T16:42:30","date_gmt":"2022-09-08T14:42:30","guid":{"rendered":"https:\/\/www.sfsic.org\/?p=25641"},"modified":"2022-09-08T16:42:30","modified_gmt":"2022-09-08T14:42:30","slug":"prelude-a-une-education-artistique-et-culturelle-joyeuse","status":"publish","type":"post","link":"https:\/\/www.sfsic.org\/en\/evenement\/prelude-a-une-education-artistique-et-culturelle-joyeuse\/","title":{"rendered":"Pr\u00e9lude \u00e0 une \u00c9ducation Artistique et Culturelle joyeuse"},"content":{"rendered":"<p><!-- fxzn:singledetail --><\/p>\n<div class=\"zone zn-singledetail\" id=\"fxzn-singledetail-1\">\n<div class=\"zone-block zn-singledetail-block alignwide va-top\">\n<div class=\"row\">\n<div class=\"columns large-8 large-push-4\">\n<div class=\"zn-singledetail-metabox\">\n<div class=\"zn-singledetail-pubdate pubdate\">\n\t\t\t\t\t<span class=\"pubdate-txt\">Mis en ligne le<\/span><span class=\"doubledot\"><\/span> 8 septembre 2022\t\t\t\t<\/div>\n<div class=\"zn-singledetail-thematiques with-sep-comma\">\n<ul class=\"termslist termslist-thematique\">\n<li class=\"termslist-item termslist-title\"><span class=\"termslist-titletxt\">Th\u00e9matiques<\/span><span class=\"doubledot\"><\/span><\/li>\n<li class=\"termslist-item tax-thematique term-images-cinema-medias-audiovisuels-et-industries-culturelles\"><a class=\"termslist-itemlink\" href=\"https:\/\/www.sfsic.org\/thematiques\/images-cinema-medias-audiovisuels-et-industries-culturelles\/\" title=\"Images, cin\u00e9ma, m\u00e9dias audiovisuels et industries culturelles\"><span class=\"termslist-itemname\">Images, cin\u00e9ma, m\u00e9dias audiovisuels et industries culturelles<\/span><\/a><\/li>\n<li class=\"termslist-item tax-thematique term-mediation-des-savoirs-education-et-formation\"><a class=\"termslist-itemlink\" href=\"https:\/\/www.sfsic.org\/thematiques\/mediation-des-savoirs-education-et-formation\/\" title=\"M\u00e9diation des savoirs, \u00e9ducation et formation\"><span class=\"termslist-itemname\">M\u00e9diation des savoirs, \u00e9ducation et formation<\/span><\/a><\/li>\n<li class=\"termslist-item tax-thematique term-mediations-memorielles-culturelles-et-patrimoniales\"><a class=\"termslist-itemlink\" href=\"https:\/\/www.sfsic.org\/thematiques\/mediations-memorielles-culturelles-et-patrimoniales\/\" title=\"M\u00e9diations m\u00e9morielles, culturelles et patrimoniales\"><span class=\"termslist-itemname\">M\u00e9diations m\u00e9morielles, culturelles et patrimoniales<\/span><\/a><\/li>\n<\/ul><\/div>\n<\/p><\/div>\n<\/p><\/div>\n<\/p><\/div>\n<div class=\"row\">\n<div class=\"columns large-4\">\n<div class=\"zn-singledetail-sidebar bg-cornersquares\">\n<div class=\"zn-singledetail-infos\">\n<p class=\"zn-singledetail-type\">\n\t\t\t\t\t\t\t<span>Type d\u2019\u00e9v\u00e9nement<\/span><span class=\"doubledot\"><\/span> <strong>Journ\u00e9e d\u2019\u00e9tude<\/strong>\n\t\t\t\t\t<\/p>\n<\/p><\/div>\n<div class=\"zn-singledetail-coordinators\">\n<h3 class=\"zn-singledetail-section-title\">Coordinateurs<\/h3>\n<ul class=\"zn-singledetail-coordinators-list\">\n<li class=\"zn-singledetail-coordinators-item\">\n\t\t\t\t\t\t\t<span>Laurent <\/span> <span>Garreau<\/span>\t\t\t\t\t\t\t\t\t\t\t\t\t<\/li>\n<\/ul><\/div>\n<div class=\"zn-singledetail-contacts\">\n<h3 class=\"zn-singledetail-section-title\">Contacts<\/h3>\n<ul class=\"zn-singledetail-contacts-list\">\n<li class=\"zn-singledetail-contact\">\n\t\t\t\t\t\t\t<span class=\"zn-singledetail-contact-name\">ZEYU LI, doctorant<\/span><span class=\"doubledot\"><\/span><br \/>\n\t\t\t\t\t\t\t\t\t\t\t\t\t\t<a class=\"zn-singledetail-contact-mail prettylink\" href=\"mailto:zeyu.li@lecnam.net\">zeyu.li@lecnam.net<\/a>\n\t\t\t\t\t\t\t\t\t\t\t\t\t<\/li>\n<\/ul><\/div>\n<\/p><\/div>\n<\/p><\/div>\n<div class=\"columns large-8\">\n<div class=\"zn-singledetail-contentbox\">\n<div class=\"zn-singledetail-eventinfo\">\n<div class=\"zn-singledetail-eventinfo-inner\">\n<div class=\"zn-singledetail-eventdates\">\n\t\t\t\t\t\t<span class=\"zn-singledetail-label\">Dates de l\u2019\u00e9v\u00e9nement<span class=\"doubledot\"><\/span><\/span><\/p>\n<ul class=\"zn-singledetail-eventdates-list\">\n<li class=\"zn-singledetail-eventdates-item\">\n\t\t\t\t\t\t\t\tDu 08\/09\/2022 au 08\/09\/2022\t\t\t\t\t\t\t<\/li>\n<\/ul><\/div>\n<p class=\"zn-singledetail-eventplace\">\n\t\t\t\t\t\t<span class=\"zn-singledetail-label\">Lieu de l\u2019\u00e9v\u00e9nement<span class=\"doubledot\"><\/span><\/span><br \/>\n\t\t\t\t\t\t<a class=\"zn-singledetail-eventplace-adr\" href=\"https:\/\/www.cnam-inseac.fr\/actualites\/prelude-a-une-education-artistique-et-culturelle-joyeuse-premiere-journee-d\u2019etude-de-l\u2019inseac-journe\" title=\"\" target=\"_blank\" rel=\"noopener\"><br \/>\n\t\t\t\t\t\t\t\t\t\t\t\t<span class=\"adr-name\">Institut National Sup\u00e9rieur de l&#8217;\u00e9ducation artistique et culturelle <\/span>,<\/p>\n<p>\t\t\t\t\t\t\t\t\t\t\t\t<span class=\"adr-place\">INSEAC<\/span>,<\/p>\n<p>\t\t\t\t\t\t<span class=\"adr-street\">4 Rue Auguste Pavie  <\/span>, <span class=\"adr-city\">Guingamp <\/span>\t\t\t\t\t\t<span class=\"adr-cp\">22200<\/span>, <span class=\"adr-country\">France<\/span><br \/>\n\t\t\t\t\t\t<\/a>\t\t\t\t\t<\/p>\n<\/p><\/div>\n<\/p><\/div>\n<div class=\"zn-singledetail-annonce wig-content\">\n<p>Cette journ\u00e9e d\u2019\u00e9tude entend rassembler des acteurs de l\u2019\u00e9ducation, de la culture et de la recherche en EAC ainsi que des politiques publiques autour des trois th\u00e9matiques suivantes&#160;: \u00ab&#160;L\u2019EAC au temps des crises&#160;\u00bb, \u00ab&#160;L\u2019EAC \u00e0 travers ses ressources&#160;\u00bb, \u00ab&#160;L\u2019EAC \u00e0 l\u2019\u00e9preuve de la culture scientifique&#160;\u00bb.<\/p>\n<h2>Programme provisoire<\/h2>\n<p>&nbsp;<\/p>\n<div class=\"page\" title=\"Page 1\">\n<div class=\"layoutArea\">\n<div class=\"column\">\n<p>09h30\u201310h00&#160;: <strong>Accueil<\/strong><\/p>\n<p>10h00\u201310h30&#160;: <strong>Discours d\u2019ouverture \u2013 Isabelle Chardonnier (Directrice re\u0301gionale des affaires culturelles de Bretagne, sous r\u00e9serve) &amp; Emmanuel Ethis (vice-pre\u0301sident du Haut Conseil \u00e0 l&rsquo;\u00c9ducation Artistique et Culturelle)<\/strong><\/p>\n<p>10h30\u201312h00&#160;: <strong>Table ronde 1&#160;: EAC au temps des crises (mode\u0301ratrice Emmanuelle Lallement)<\/strong><\/p>\n<p>10h00\u201310h20&#160;: <em>Pratique de lecture des lyce\u0301ens en temps de pande\u0301mie<\/em> &#8211; Quentin Amalou<\/p>\n<\/div>\n<\/div>\n<div class=\"layoutArea\">\n<div class=\"column\">\n<p>10h20-10h40&#160;:\u00a0<em>Le cine\u0301ma iranien au temps de la crise sanitaire&#160;: les enjeux et les apports<\/em> &#8211; Rouhollah Hosseini<\/p>\n<p>10h40\u201311h00&#160;:\u00a0<em>Pratiques et diffusion de concerts en temps de pande\u0301mie<\/em> &#8211; Camille Royon<\/p>\n<p>12h00\u201312h30&#160;: <em>\u00c9changes<\/em><\/p>\n<p>12h00-12h30&#160;: <strong>Visite de l\u2019inseac (ancienne prison) \u2013 avec Emmanuel Laot<\/strong><\/p>\n<\/div>\n<div class=\"column\">\n<p>12h30-14h00&#160;: <strong>Pause de\u0301jeuner<\/strong> (lyce\u0301e Pavie)<\/p>\n<p>14h00-15h30&#160;: <strong>Table ronde 2&#160;: EAC a\u0300 travers ses ressources (mode\u0301rateur Raphae\u0308l Roth)<\/strong><\/p>\n<\/div>\n<\/div>\n<div class=\"layoutArea\">\n<div class=\"column\">\n<p>14h00\u201314h20&#160;: <em>Convergences et joies de la diffraction entre cre\u0301ation radiophonique et me\u0301diation musicale<\/em> &#8211; David Christoffel<\/p>\n<p>14h20\u201314h40&#160;: <em>Orchestration des sp\u00e9cialit\u00e9s en tant que ressources pour la cr\u00e9ation transm\u00e9diatique<\/em>\u00a0&#8211; Karine Halpern<\/p>\n<\/div>\n<\/div>\n<div class=\"layoutArea\">\n<div class=\"column\">\n<p>14h40\u201315h00&#160;: <em>L\u2019architecture et l\u2019urbanisme au prisme de la transmission<\/em> &#8211; Matte\u0301o Stagnoli<\/p>\n<p>15h00\u201315h30&#160;: <em>E\u0301changes<\/em><\/p>\n<p>15h30\u201316h00&#160;: <strong>Pause-caf\u00e9<\/strong><\/p>\n<p>16h00-17h30&#160;: <strong>Table ronde 3&#160;: EAC a\u0300 l\u2019e\u0301preuve de la culture scientifique (mode\u0301rateur Yvan Lagadeuc)<\/strong><\/p>\n<\/div>\n<\/div>\n<div class=\"layoutArea\">\n<div class=\"column\">\n<p>16h00\u201316h20&#160;: <em>Institutionnalisation et mise en culture des sciences de l\u2019information et de la communication<\/em> &#8211; E\u0301milie Bouillaguet<\/p>\n<p>16h20\u201316h40&#160;: <em>L\u2019e\u0301tude du genre de l\u2019e\u0301corche\u0301, propice a\u0300 la fabrique d\u2019un regard artistique et scientifique&#160;?<\/em> &#8211; Justine Danjou<\/p>\n<p>16h40\u201317h00&#160;: <em>Education \u00e0 la culture scientifique et EAC&#160;: une extension du \u00ab&#160;culturel&#160;\u00bb&#160;?<\/em> &#8211; Marie-Christine Bordeaux<\/p>\n<p>17h00\u201317h30&#160;: E\u0301changes<\/p>\n<p>17h30\u201318h00&#160;: <strong>Clo\u0302ture de la journe\u0301e &#8211; Isabelle Chardonnier (Directrice re\u0301gionale des affaires culturelles de Bretagne, sous r\u00e9serve) &amp; Damien Malinas (coordinateur de INSEAC)<br \/>\n<\/strong><\/p>\n<p>18h00\u201318h30&#160;:<strong>Visite de exposition NEW YORK d&rsquo;Evelyn Hofer au Centre d&rsquo;art Gwinzegal<\/strong><\/p>\n<\/div>\n<\/div>\n<\/div><\/div>\n<div class=\"zn-singledetail-attachedfiles\">\n<h3 class=\"zn-singledetail-section-title\">Fichier(s) attach\u00e9(s)<\/h3>\n<ul class=\"zn-singledetail-attachedfiles-list\">\n<li class=\"zn-singledetail-attachedfiles-item\">\n\t\t\t\t\t\t\t<a class=\"zn-singledetail-attachedfiles-link button outline for-download\" href=\"https:\/\/www.sfsic.org\/wp-inside\/uploads\/skp-membership\/demande_adh\/programme-journee-detude-du-8-septembre-2022.pdf\" title=\"T\u00e9l\u00e9charger : \u00ab programme-journee-detude-du-8-septembre-2022.pdf \u00bb\" target=\"_blank\" rel=\"noopener\"><br \/>\n\t\t\t\t\t\t\t\t<span class=\"button-txt\">programme-journee-detude-du-8-septembre-2022<span class=\"button-txt-type\"> (pdf)<\/span><\/span><br \/>\n\t\t\t\t\t\t\t<\/a>\n\t\t\t\t\t\t<\/li>\n<\/ul><\/div>\n<div class=\"zn-singledetail-keywords\">\n<h3 class=\"zn-singledetail-section-title\">Mots-cl\u00e9s<\/h3>\n<ul class=\"termslist termslist-post_tag\">\n<li class=\"termslist-item termslist-title\"><span class=\"termslist-titletxt\">Mots-cl\u00e9s<\/span><span class=\"doubledot\"><\/span><\/li>\n<li class=\"termslist-item tax-post_tag term-arts\"><a class=\"termslist-itemlink\" href=\"https:\/\/www.sfsic.org\/tag\/arts\/\" title=\"Arts\"><span class=\"termslist-itemname\">Arts<\/span><\/a><\/li>\n<li class=\"termslist-item tax-post_tag term-crise\"><a class=\"termslist-itemlink\" href=\"https:\/\/www.sfsic.org\/tag\/crise\/\" title=\"Crise\"><span class=\"termslist-itemname\">Crise<\/span><\/a><\/li>\n<li class=\"termslist-item tax-post_tag term-culture\"><a class=\"termslist-itemlink\" href=\"https:\/\/www.sfsic.org\/tag\/culture\/\" title=\"Culture\"><span class=\"termslist-itemname\">Culture<\/span><\/a><\/li>\n<li class=\"termslist-item tax-post_tag term-education-2\"><a class=\"termslist-itemlink\" href=\"https:\/\/www.sfsic.org\/tag\/education-2\/\" title=\"\u00c9ducation\"><span class=\"termslist-itemname\">\u00c9ducation<\/span><\/a><\/li>\n<li class=\"termslist-item tax-post_tag term-sciences\"><a class=\"termslist-itemlink\" href=\"https:\/\/www.sfsic.org\/tag\/sciences\/\" title=\"Sciences\"><span class=\"termslist-itemname\">Sciences<\/span><\/a><\/li>\n<\/ul><\/div>\n<\/p><\/div>\n<\/p><\/div>\n<\/p><\/div>\n<\/p><\/div>\n<\/div>\n<p><!-- \/fxzn:singledetail --><\/p>\n","protected":false},"excerpt":{"rendered":"<p>Mis en ligne le 8 septembre 2022 Th\u00e9matiques Images, cin\u00e9ma, m\u00e9dias audiovisuels et industries culturelles M\u00e9diation des savoirs, \u00e9ducation et formation M\u00e9diations m\u00e9morielles, culturelles et patrimoniales Type d\u2019\u00e9v\u00e9nement Journ\u00e9e d\u2019\u00e9tude [&hellip;]<\/p>\n","protected":false},"author":1275,"featured_media":0,"comment_status":"closed","ping_status":"closed","sticky":false,"template":"","format":"standard","meta":{"_acf_changed":false,"footnotes":""},"categories":[30],"tags":[350,202,382,700,93],"thematique":[35,43,38],"sfsic":[],"class_list":["post-25641","post","type-post","status-publish","format-standard","hentry","category-evenement","tag-arts","tag-crise","tag-culture","tag-education-2","tag-sciences","thematique-images-cinema-medias-audiovisuels-et-industries-culturelles","thematique-mediation-des-savoirs-education-et-formation","thematique-mediations-memorielles-culturelles-et-patrimoniales","wp-sticky"],"acf":[],"yoast_head":"<!-- This site is optimized with the Yoast SEO plugin v27.4 - https:\/\/yoast.com\/product\/yoast-seo-wordpress\/ -->\n<title>Pr\u00e9lude \u00e0 une \u00c9ducation Artistique et Culturelle joyeuse<\/title>\n<meta name=\"description\" content=\"Programme d&#039;une premi\u00e8re journ\u00e9e d\u2019\u00e9tude qui s\u2019inscrit dans la programmation des Rencontres de l\u2019\u00c9ducation Artistique et Culturelle (du 8 au 11 septembre 2022), propos\u00e9es par l\u2019Institut national sup\u00e9rieur de l\u2019\u00e9ducation artistique et culturelle (Inseac) et par le Conseil d\u00e9partemental des C\u00f4tes d\u2019Armor et se d\u00e9roulera \u00e0 l&#039;Inseac du Cnam, dans l&#039;ancienne prison de Guingamp.\" \/>\n<meta name=\"robots\" content=\"index, follow, max-snippet:-1, max-image-preview:large, max-video-preview:-1\" \/>\n<link rel=\"canonical\" href=\"https:\/\/www.sfsic.org\/en\/evenement\/prelude-a-une-education-artistique-et-culturelle-joyeuse\/\" \/>\n<meta property=\"og:locale\" content=\"en_US\" \/>\n<meta property=\"og:type\" content=\"article\" \/>\n<meta property=\"og:title\" content=\"Pr\u00e9lude \u00e0 une \u00c9ducation Artistique et Culturelle joyeuse\" \/>\n<meta property=\"og:description\" content=\"Programme d&#039;une premi\u00e8re journ\u00e9e d\u2019\u00e9tude qui s\u2019inscrit dans la programmation des Rencontres de l\u2019\u00c9ducation Artistique et Culturelle (du 8 au 11 septembre 2022), propos\u00e9es par l\u2019Institut national sup\u00e9rieur de l\u2019\u00e9ducation artistique et culturelle (Inseac) et par le Conseil d\u00e9partemental des C\u00f4tes d\u2019Armor et se d\u00e9roulera \u00e0 l&#039;Inseac du Cnam, dans l&#039;ancienne prison de Guingamp.\" \/>\n<meta property=\"og:url\" content=\"https:\/\/www.sfsic.org\/en\/evenement\/prelude-a-une-education-artistique-et-culturelle-joyeuse\/\" \/>\n<meta property=\"og:site_name\" content=\"SFSIC\" \/>\n<meta property=\"article:published_time\" content=\"2022-09-08T14:42:30+00:00\" \/>\n<meta name=\"author\" content=\"Zeyu Li\" \/>\n<meta name=\"twitter:card\" content=\"summary_large_image\" \/>\n<script type=\"application\/ld+json\" class=\"yoast-schema-graph\">{\"@context\":\"https:\\\/\\\/schema.org\",\"@graph\":[{\"@type\":\"Article\",\"@id\":\"https:\\\/\\\/www.sfsic.org\\\/en\\\/evenement\\\/prelude-a-une-education-artistique-et-culturelle-joyeuse\\\/#article\",\"isPartOf\":{\"@id\":\"https:\\\/\\\/www.sfsic.org\\\/en\\\/evenement\\\/prelude-a-une-education-artistique-et-culturelle-joyeuse\\\/\"},\"author\":{\"name\":\"Zeyu Li\",\"@id\":\"https:\\\/\\\/www.sfsic.org\\\/en\\\/#\\\/schema\\\/person\\\/8acde662be968b73fadda020e4d5bbe8\"},\"headline\":\"Pr\u00e9lude \u00e0 une \u00c9ducation Artistique et Culturelle joyeuse\",\"datePublished\":\"2022-09-08T14:42:30+00:00\",\"mainEntityOfPage\":{\"@id\":\"https:\\\/\\\/www.sfsic.org\\\/en\\\/evenement\\\/prelude-a-une-education-artistique-et-culturelle-joyeuse\\\/\"},\"wordCount\":472,\"publisher\":{\"@id\":\"https:\\\/\\\/www.sfsic.org\\\/en\\\/#organization\"},\"keywords\":[\"Arts\",\"Crise\",\"Culture\",\"\u00c9ducation\",\"Sciences\"],\"articleSection\":[\"\u00c9v\u00e9nements\"],\"inLanguage\":\"en-US\"},{\"@type\":\"WebPage\",\"@id\":\"https:\\\/\\\/www.sfsic.org\\\/en\\\/evenement\\\/prelude-a-une-education-artistique-et-culturelle-joyeuse\\\/\",\"url\":\"https:\\\/\\\/www.sfsic.org\\\/en\\\/evenement\\\/prelude-a-une-education-artistique-et-culturelle-joyeuse\\\/\",\"name\":\"Pr\u00e9lude \u00e0 une \u00c9ducation Artistique et Culturelle joyeuse\",\"isPartOf\":{\"@id\":\"https:\\\/\\\/www.sfsic.org\\\/en\\\/#website\"},\"datePublished\":\"2022-09-08T14:42:30+00:00\",\"description\":\"Programme d'une premi\u00e8re journ\u00e9e d\u2019\u00e9tude qui s\u2019inscrit dans la programmation des Rencontres de l\u2019\u00c9ducation Artistique et Culturelle (du 8 au 11 septembre 2022), propos\u00e9es par l\u2019Institut national sup\u00e9rieur de l\u2019\u00e9ducation artistique et culturelle (Inseac) et par le Conseil d\u00e9partemental des C\u00f4tes d\u2019Armor et se d\u00e9roulera \u00e0 l'Inseac du Cnam, dans l'ancienne prison de Guingamp.\",\"breadcrumb\":{\"@id\":\"https:\\\/\\\/www.sfsic.org\\\/en\\\/evenement\\\/prelude-a-une-education-artistique-et-culturelle-joyeuse\\\/#breadcrumb\"},\"inLanguage\":\"en-US\",\"potentialAction\":[{\"@type\":\"ReadAction\",\"target\":[\"https:\\\/\\\/www.sfsic.org\\\/en\\\/evenement\\\/prelude-a-une-education-artistique-et-culturelle-joyeuse\\\/\"]}]},{\"@type\":\"BreadcrumbList\",\"@id\":\"https:\\\/\\\/www.sfsic.org\\\/en\\\/evenement\\\/prelude-a-une-education-artistique-et-culturelle-joyeuse\\\/#breadcrumb\",\"itemListElement\":[{\"@type\":\"ListItem\",\"position\":1,\"name\":\"Accueil\",\"item\":\"https:\\\/\\\/www.sfsic.org\\\/en\\\/\"},{\"@type\":\"ListItem\",\"position\":2,\"name\":\"Events\",\"item\":\"https:\\\/\\\/www.sfsic.org\\\/en\\\/events\\\/\"},{\"@type\":\"ListItem\",\"position\":3,\"name\":\"Pr\u00e9lude \u00e0 une \u00c9ducation Artistique et Culturelle joyeuse\"}]},{\"@type\":\"WebSite\",\"@id\":\"https:\\\/\\\/www.sfsic.org\\\/en\\\/#website\",\"url\":\"https:\\\/\\\/www.sfsic.org\\\/en\\\/\",\"name\":\"SFSIC\",\"description\":\"Soci\u00e9t\u00e9 Fran\u00e7aise des Sciences de l&#039;Information &amp; de la Communication\",\"publisher\":{\"@id\":\"https:\\\/\\\/www.sfsic.org\\\/en\\\/#organization\"},\"potentialAction\":[{\"@type\":\"SearchAction\",\"target\":{\"@type\":\"EntryPoint\",\"urlTemplate\":\"https:\\\/\\\/www.sfsic.org\\\/en\\\/?s={search_term_string}\"},\"query-input\":{\"@type\":\"PropertyValueSpecification\",\"valueRequired\":true,\"valueName\":\"search_term_string\"}}],\"inLanguage\":\"en-US\"},{\"@type\":\"Organization\",\"@id\":\"https:\\\/\\\/www.sfsic.org\\\/en\\\/#organization\",\"name\":\"SFSIC\",\"url\":\"https:\\\/\\\/www.sfsic.org\\\/en\\\/\",\"logo\":{\"@type\":\"ImageObject\",\"inLanguage\":\"en-US\",\"@id\":\"https:\\\/\\\/www.sfsic.org\\\/en\\\/#\\\/schema\\\/logo\\\/image\\\/\",\"url\":\"https:\\\/\\\/www.sfsic.org\\\/wp-inside\\\/uploads\\\/2020\\\/05\\\/logo-sfsic.jpg\",\"contentUrl\":\"https:\\\/\\\/www.sfsic.org\\\/wp-inside\\\/uploads\\\/2020\\\/05\\\/logo-sfsic.jpg\",\"width\":1085,\"height\":1080,\"caption\":\"SFSIC\"},\"image\":{\"@id\":\"https:\\\/\\\/www.sfsic.org\\\/en\\\/#\\\/schema\\\/logo\\\/image\\\/\"}},{\"@type\":\"Person\",\"@id\":\"https:\\\/\\\/www.sfsic.org\\\/en\\\/#\\\/schema\\\/person\\\/8acde662be968b73fadda020e4d5bbe8\",\"name\":\"Zeyu Li\",\"image\":{\"@type\":\"ImageObject\",\"inLanguage\":\"en-US\",\"@id\":\"https:\\\/\\\/secure.gravatar.com\\\/avatar\\\/ea0585c1bce48463b1bfaee35285ca7667d87f5d23675b1d348783872837cf1a?s=96&d=mm&r=g\",\"url\":\"https:\\\/\\\/secure.gravatar.com\\\/avatar\\\/ea0585c1bce48463b1bfaee35285ca7667d87f5d23675b1d348783872837cf1a?s=96&d=mm&r=g\",\"contentUrl\":\"https:\\\/\\\/secure.gravatar.com\\\/avatar\\\/ea0585c1bce48463b1bfaee35285ca7667d87f5d23675b1d348783872837cf1a?s=96&d=mm&r=g\",\"caption\":\"Zeyu Li\"}}]}<\/script>\n<!-- \/ Yoast SEO plugin. -->","yoast_head_json":{"title":"Pr\u00e9lude \u00e0 une \u00c9ducation Artistique et Culturelle joyeuse","description":"Programme d'une premi\u00e8re journ\u00e9e d\u2019\u00e9tude qui s\u2019inscrit dans la programmation des Rencontres de l\u2019\u00c9ducation Artistique et Culturelle (du 8 au 11 septembre 2022), propos\u00e9es par l\u2019Institut national sup\u00e9rieur de l\u2019\u00e9ducation artistique et culturelle (Inseac) et par le Conseil d\u00e9partemental des C\u00f4tes d\u2019Armor et se d\u00e9roulera \u00e0 l'Inseac du Cnam, dans l'ancienne prison de Guingamp.","robots":{"index":"index","follow":"follow","max-snippet":"max-snippet:-1","max-image-preview":"max-image-preview:large","max-video-preview":"max-video-preview:-1"},"canonical":"https:\/\/www.sfsic.org\/en\/evenement\/prelude-a-une-education-artistique-et-culturelle-joyeuse\/","og_locale":"en_US","og_type":"article","og_title":"Pr\u00e9lude \u00e0 une \u00c9ducation Artistique et Culturelle joyeuse","og_description":"Programme d'une premi\u00e8re journ\u00e9e d\u2019\u00e9tude qui s\u2019inscrit dans la programmation des Rencontres de l\u2019\u00c9ducation Artistique et Culturelle (du 8 au 11 septembre 2022), propos\u00e9es par l\u2019Institut national sup\u00e9rieur de l\u2019\u00e9ducation artistique et culturelle (Inseac) et par le Conseil d\u00e9partemental des C\u00f4tes d\u2019Armor et se d\u00e9roulera \u00e0 l'Inseac du Cnam, dans l'ancienne prison de Guingamp.","og_url":"https:\/\/www.sfsic.org\/en\/evenement\/prelude-a-une-education-artistique-et-culturelle-joyeuse\/","og_site_name":"SFSIC","article_published_time":"2022-09-08T14:42:30+00:00","author":"Zeyu Li","twitter_card":"summary_large_image","schema":{"@context":"https:\/\/schema.org","@graph":[{"@type":"Article","@id":"https:\/\/www.sfsic.org\/en\/evenement\/prelude-a-une-education-artistique-et-culturelle-joyeuse\/#article","isPartOf":{"@id":"https:\/\/www.sfsic.org\/en\/evenement\/prelude-a-une-education-artistique-et-culturelle-joyeuse\/"},"author":{"name":"Zeyu Li","@id":"https:\/\/www.sfsic.org\/en\/#\/schema\/person\/8acde662be968b73fadda020e4d5bbe8"},"headline":"Pr\u00e9lude \u00e0 une \u00c9ducation Artistique et Culturelle joyeuse","datePublished":"2022-09-08T14:42:30+00:00","mainEntityOfPage":{"@id":"https:\/\/www.sfsic.org\/en\/evenement\/prelude-a-une-education-artistique-et-culturelle-joyeuse\/"},"wordCount":472,"publisher":{"@id":"https:\/\/www.sfsic.org\/en\/#organization"},"keywords":["Arts","Crise","Culture","\u00c9ducation","Sciences"],"articleSection":["\u00c9v\u00e9nements"],"inLanguage":"en-US"},{"@type":"WebPage","@id":"https:\/\/www.sfsic.org\/en\/evenement\/prelude-a-une-education-artistique-et-culturelle-joyeuse\/","url":"https:\/\/www.sfsic.org\/en\/evenement\/prelude-a-une-education-artistique-et-culturelle-joyeuse\/","name":"Pr\u00e9lude \u00e0 une \u00c9ducation Artistique et Culturelle joyeuse","isPartOf":{"@id":"https:\/\/www.sfsic.org\/en\/#website"},"datePublished":"2022-09-08T14:42:30+00:00","description":"Programme d'une premi\u00e8re journ\u00e9e d\u2019\u00e9tude qui s\u2019inscrit dans la programmation des Rencontres de l\u2019\u00c9ducation Artistique et Culturelle (du 8 au 11 septembre 2022), propos\u00e9es par l\u2019Institut national sup\u00e9rieur de l\u2019\u00e9ducation artistique et culturelle (Inseac) et par le Conseil d\u00e9partemental des C\u00f4tes d\u2019Armor et se d\u00e9roulera \u00e0 l'Inseac du Cnam, dans l'ancienne prison de Guingamp.","breadcrumb":{"@id":"https:\/\/www.sfsic.org\/en\/evenement\/prelude-a-une-education-artistique-et-culturelle-joyeuse\/#breadcrumb"},"inLanguage":"en-US","potentialAction":[{"@type":"ReadAction","target":["https:\/\/www.sfsic.org\/en\/evenement\/prelude-a-une-education-artistique-et-culturelle-joyeuse\/"]}]},{"@type":"BreadcrumbList","@id":"https:\/\/www.sfsic.org\/en\/evenement\/prelude-a-une-education-artistique-et-culturelle-joyeuse\/#breadcrumb","itemListElement":[{"@type":"ListItem","position":1,"name":"Accueil","item":"https:\/\/www.sfsic.org\/en\/"},{"@type":"ListItem","position":2,"name":"Events","item":"https:\/\/www.sfsic.org\/en\/events\/"},{"@type":"ListItem","position":3,"name":"Pr\u00e9lude \u00e0 une \u00c9ducation Artistique et Culturelle joyeuse"}]},{"@type":"WebSite","@id":"https:\/\/www.sfsic.org\/en\/#website","url":"https:\/\/www.sfsic.org\/en\/","name":"SFSIC","description":"Soci\u00e9t\u00e9 Fran\u00e7aise des Sciences de l&#039;Information &amp; de la Communication","publisher":{"@id":"https:\/\/www.sfsic.org\/en\/#organization"},"potentialAction":[{"@type":"SearchAction","target":{"@type":"EntryPoint","urlTemplate":"https:\/\/www.sfsic.org\/en\/?s={search_term_string}"},"query-input":{"@type":"PropertyValueSpecification","valueRequired":true,"valueName":"search_term_string"}}],"inLanguage":"en-US"},{"@type":"Organization","@id":"https:\/\/www.sfsic.org\/en\/#organization","name":"SFSIC","url":"https:\/\/www.sfsic.org\/en\/","logo":{"@type":"ImageObject","inLanguage":"en-US","@id":"https:\/\/www.sfsic.org\/en\/#\/schema\/logo\/image\/","url":"https:\/\/www.sfsic.org\/wp-inside\/uploads\/2020\/05\/logo-sfsic.jpg","contentUrl":"https:\/\/www.sfsic.org\/wp-inside\/uploads\/2020\/05\/logo-sfsic.jpg","width":1085,"height":1080,"caption":"SFSIC"},"image":{"@id":"https:\/\/www.sfsic.org\/en\/#\/schema\/logo\/image\/"}},{"@type":"Person","@id":"https:\/\/www.sfsic.org\/en\/#\/schema\/person\/8acde662be968b73fadda020e4d5bbe8","name":"Zeyu Li","image":{"@type":"ImageObject","inLanguage":"en-US","@id":"https:\/\/secure.gravatar.com\/avatar\/ea0585c1bce48463b1bfaee35285ca7667d87f5d23675b1d348783872837cf1a?s=96&d=mm&r=g","url":"https:\/\/secure.gravatar.com\/avatar\/ea0585c1bce48463b1bfaee35285ca7667d87f5d23675b1d348783872837cf1a?s=96&d=mm&r=g","contentUrl":"https:\/\/secure.gravatar.com\/avatar\/ea0585c1bce48463b1bfaee35285ca7667d87f5d23675b1d348783872837cf1a?s=96&d=mm&r=g","caption":"Zeyu Li"}}]}},"_links":{"self":[{"href":"https:\/\/www.sfsic.org\/en\/wp-json\/wp\/v2\/posts\/25641","targetHints":{"allow":["GET"]}}],"collection":[{"href":"https:\/\/www.sfsic.org\/en\/wp-json\/wp\/v2\/posts"}],"about":[{"href":"https:\/\/www.sfsic.org\/en\/wp-json\/wp\/v2\/types\/post"}],"author":[{"embeddable":true,"href":"https:\/\/www.sfsic.org\/en\/wp-json\/wp\/v2\/users\/1275"}],"replies":[{"embeddable":true,"href":"https:\/\/www.sfsic.org\/en\/wp-json\/wp\/v2\/comments?post=25641"}],"version-history":[{"count":3,"href":"https:\/\/www.sfsic.org\/en\/wp-json\/wp\/v2\/posts\/25641\/revisions"}],"predecessor-version":[{"id":25712,"href":"https:\/\/www.sfsic.org\/en\/wp-json\/wp\/v2\/posts\/25641\/revisions\/25712"}],"wp:attachment":[{"href":"https:\/\/www.sfsic.org\/en\/wp-json\/wp\/v2\/media?parent=25641"}],"wp:term":[{"taxonomy":"category","embeddable":true,"href":"https:\/\/www.sfsic.org\/en\/wp-json\/wp\/v2\/categories?post=25641"},{"taxonomy":"post_tag","embeddable":true,"href":"https:\/\/www.sfsic.org\/en\/wp-json\/wp\/v2\/tags?post=25641"},{"taxonomy":"thematique","embeddable":true,"href":"https:\/\/www.sfsic.org\/en\/wp-json\/wp\/v2\/thematique?post=25641"},{"taxonomy":"sfsic","embeddable":true,"href":"https:\/\/www.sfsic.org\/en\/wp-json\/wp\/v2\/sfsic?post=25641"}],"curies":[{"name":"wp","href":"https:\/\/api.w.org\/{rel}","templated":true}]}}