{"id":25510,"date":"2022-07-18T14:40:31","date_gmt":"2022-07-18T12:40:31","guid":{"rendered":"https:\/\/www.sfsic.org\/?p=25510"},"modified":"2022-07-18T14:40:31","modified_gmt":"2022-07-18T12:40:31","slug":"les-ecritures-confinees-creer-afficher-diffuser","status":"publish","type":"post","link":"https:\/\/www.sfsic.org\/en\/publication\/les-ecritures-confinees-creer-afficher-diffuser\/","title":{"rendered":"Les \u00e9critures confin\u00e9es : Cr\u00e9er, afficher, diffuser"},"content":{"rendered":"<p><!-- fxzn:singledetail --><\/p>\n<div class=\"zone zn-singledetail\" id=\"fxzn-singledetail-1\">\n<div class=\"zone-block zn-singledetail-block alignwide va-top\">\n<div class=\"row\">\n<div class=\"columns large-8 large-push-4\">\n<div class=\"zn-singledetail-metabox\">\n<div class=\"zn-singledetail-pubdate pubdate\">\n\t\t\t\t\t<span class=\"pubdate-txt\">Mis en ligne le<\/span><span class=\"doubledot\"><\/span> 18 juillet 2022\t\t\t\t<\/div>\n<div class=\"zn-singledetail-thematiques with-sep-comma\">\n<ul class=\"termslist termslist-thematique\">\n<li class=\"termslist-item termslist-title\"><span class=\"termslist-titletxt\">Th\u00e9matiques<\/span><span class=\"doubledot\"><\/span><\/li>\n<li class=\"termslist-item tax-thematique term-information-documents-et-ecritures\"><a class=\"termslist-itemlink\" href=\"https:\/\/www.sfsic.org\/thematiques\/information-documents-et-ecritures\/\" title=\"Information, documents et \u00e9critures\"><span class=\"termslist-itemname\">Information, documents et \u00e9critures<\/span><\/a><\/li>\n<\/ul><\/div>\n<\/p><\/div>\n<\/p><\/div>\n<\/p><\/div>\n<div class=\"row\">\n<div class=\"columns large-4\">\n<div class=\"zn-singledetail-sidebar bg-cornersquares\">\n<div class=\"zn-singledetail-infos\">\n<p class=\"zn-singledetail-type\">\n\t\t\t\t\t\t\t<span>Type de publication<\/span><span class=\"doubledot\"><\/span> <strong>Ouvrage collectif<\/strong>\n\t\t\t\t\t<\/p>\n<p class=\"zn-singledetail-edition\">\n\t\t\t\t\t\t\t<span>\u00c9dition<\/span><span class=\"doubledot\"><\/span> <strong>\u00c9ditions Hermann<\/strong>\n\t\t\t\t\t<\/p>\n<\/p><\/div>\n<div class=\"zn-singledetail-coordinators\">\n<h3 class=\"zn-singledetail-section-title\">Coordinateur(s) \/ Auteur(s)<\/h3>\n<ul class=\"zn-singledetail-coordinators-list\">\n<li class=\"zn-singledetail-coordinators-item\">\n\t\t\t\t\t\t\t<span>Sylvie <\/span> <span>Ducas<\/span>\t\t\t\t\t\t\t\t\t\t\t\t\t<\/li>\n<li class=\"zn-singledetail-coordinators-item\">\n\t\t\t\t\t\t\t<span>Rossana <\/span> <span>De Angelis<\/span>\t\t\t\t\t\t\t\t\t\t\t\t\t<\/li>\n<li class=\"zn-singledetail-coordinators-item\">\n\t\t\t\t\t\t\t<span>Agathe <\/span> <span>Cormier<\/span>\t\t\t\t\t\t\t\t\t\t\t\t\t<\/li>\n<\/ul><\/div>\n<div class=\"zn-singledetail-weblinks\">\n<h3 class=\"zn-singledetail-section-title\">Sites internet de r\u00e9f\u00e9rence<\/h3>\n<ul class=\"zn-singledetail-weblinks-list\">\n<li>\n\t\t\t\t\t\t\t<a class=\"prettylink chainlink\" href=\"https:\/\/www.editions-hermann.fr\/livre\/les-ecritures-confinees-sylvie-ducas\" title=\"\u00c9ditions Hermann\" target=\"_blank\" rel=\"noopener\">\u00c9ditions Hermann<\/a>\n\t\t\t\t\t\t<\/li>\n<\/ul><\/div>\n<\/p><\/div>\n<\/p><\/div>\n<div class=\"columns large-8\">\n<div class=\"zn-singledetail-contentbox\">\n<div class=\"zn-singledetail-annonce wig-content\">\n<p><img decoding=\"async\" loading=\"lazy\" class=\" wp-image-25532 aligncenter\" src=\"https:\/\/www.sfsic.org\/wp-inside\/uploads\/2022\/07\/ouvrage_les-ecritures-confinees_2022-199x300.jpeg\" alt=\"\" width=\"218\" height=\"329\" srcset=\"https:\/\/www.sfsic.org\/wp-inside\/uploads\/2022\/07\/ouvrage_les-ecritures-confinees_2022-199x300.jpeg 199w, https:\/\/www.sfsic.org\/wp-inside\/uploads\/2022\/07\/ouvrage_les-ecritures-confinees_2022-212x320.jpeg 212w, https:\/\/www.sfsic.org\/wp-inside\/uploads\/2022\/07\/ouvrage_les-ecritures-confinees_2022-200x301.jpeg 200w, https:\/\/www.sfsic.org\/wp-inside\/uploads\/2022\/07\/ouvrage_les-ecritures-confinees_2022.jpeg 600w\" sizes=\"auto, (max-width: 218px) 100vw, 218px\" \/>Parution de l\u2019ouvrage collectif Les \u00e9critures confin\u00e9es&#160;: Cr\u00e9er, afficher, diffuser aux \u00e9ditions Hermann dirig\u00e9 par Sylvie DUCAS, Rossana DE ANGELIS et Agathe CORMIER.<\/p>\n<h2>Pr\u00e9sentation<\/h2>\n<p class=\"p1\">Qu\u2019a-t-il d&rsquo;in\u00e9dit, ce confinement mondial de 2020-21\u00a0&#160;? Pas une mise en quarantaine d\u2019individus contamin\u00e9s comme on a pu en conna\u00eetre par le pass\u00e9 (les grandes pestes), pas une r\u00e9clusion volontaire qu\u2019un ermite, un moine ou un artiste choisit pour se couper du monde ou y renoncer, mais une assignation \u00e0 r\u00e9sidence de la plan\u00e8te pour se prot\u00e9ger d\u2019un virus inconnu. Un confinement portant brutalement atteinte aux libert\u00e9s individuelles, m\u00eame dans nos d\u00e9mocraties, et faisant soudain vaciller les \u00e9vidences de l\u2019ordinaire et de l\u2019infra-ordinaire de nos vies.<\/p>\n<p class=\"p1\">L\u2019\u00e9criture a toujours \u00e9t\u00e9 une r\u00e9action premi\u00e8re face aux catastrophes individuelles ou collectives. Or, que nous disent les \u00e9critures en confinement, une fois d\u00e9pass\u00e9e l\u2019\u00e9vidence de mettre des mots sur le caract\u00e8re inou\u00ef d\u2019un enfermement forc\u00e9\u00a0&#160;? Comment le confinement a-t-il influenc\u00e9, voire transform\u00e9 nos pratiques d\u2019\u00e9criture et les repr\u00e9sentations qu\u2019on s\u2019en fait\u00a0&#160;? Quels supports d\u2019\u00e9criture ont \u00e9t\u00e9 mobilis\u00e9s\u00a0&#160;? Quels r\u00e9cits personnels ou collectifs se sont \u00e9crits\u00a0&#160;?<\/p>\n<p class=\"p1\">Ce volume entend faire un premier bilan d\u2019une enqu\u00eate sur ces questions des \u00e9critures confin\u00e9es et des supports d\u2019\u00e9criture. Une approche th\u00e9orique, sociologique, \u00e9conomique, po\u00e9tique et g\u00e9n\u00e9rique des \u00e9critures confin\u00e9es, o\u00f9 le point de vue des professionnels du livre croise celui d\u2019\u00e9crivains, de philosophes et d\u2019auteurs amateurs.<\/p>\n<p><i>Avec les contributions de&#160;: Ren\u00e9 Audet, Jean-Christophe Boudet, Corentin Boutoux, \u00adAlessandro Cocorullo, Agathe Cormier, Rossana De Angelis, Oriane Deseilligny, Ciro De Vincenzo, Sylvie Ducas, Anita Franceschi, Sarah Gensburger, Tanguy Habrand, \u00adNisrine Ojeil, Vincent Ruiz, Flavia Serio, Marta Severo, \u00c8ve Vayssi\u00e8re.<\/i><\/p>\n<\/p><\/div>\n<div class=\"zn-singledetail-keywords\">\n<h3 class=\"zn-singledetail-section-title\">Mots-cl\u00e9s<\/h3>\n<ul class=\"termslist termslist-post_tag\">\n<li class=\"termslist-item termslist-title\"><span class=\"termslist-titletxt\">Mots-cl\u00e9s<\/span><span class=\"doubledot\"><\/span><\/li>\n<li class=\"termslist-item tax-post_tag term-document\"><a class=\"termslist-itemlink\" href=\"https:\/\/www.sfsic.org\/tag\/document\/\" title=\"Document\"><span class=\"termslist-itemname\">Document<\/span><\/a><\/li>\n<li class=\"termslist-item tax-post_tag term-ecritures\"><a class=\"termslist-itemlink\" href=\"https:\/\/www.sfsic.org\/tag\/ecritures\/\" title=\"\u00c9critures\"><span class=\"termslist-itemname\">\u00c9critures<\/span><\/a><\/li>\n<li class=\"termslist-item tax-post_tag term-information\"><a class=\"termslist-itemlink\" href=\"https:\/\/www.sfsic.org\/tag\/information\/\" title=\"information\"><span class=\"termslist-itemname\">information<\/span><\/a><\/li>\n<li class=\"termslist-item tax-post_tag term-langue\"><a class=\"termslist-itemlink\" href=\"https:\/\/www.sfsic.org\/tag\/langue\/\" title=\"Langue\"><span class=\"termslist-itemname\">Langue<\/span><\/a><\/li>\n<\/ul><\/div>\n<\/p><\/div>\n<\/p><\/div>\n<\/p><\/div>\n<\/p><\/div>\n<\/div>\n<p><!-- \/fxzn:singledetail --><\/p>\n","protected":false},"excerpt":{"rendered":"<p>Mis en ligne le 18 juillet 2022 Th\u00e9matiques Information, documents et \u00e9critures Type de publication Ouvrage collectif \u00c9dition \u00c9ditions Hermann Coordinateur(s) \/ Auteur(s) Sylvie Ducas Rossana De Angelis Agathe Cormier [&hellip;]<\/p>\n","protected":false},"author":1229,"featured_media":0,"comment_status":"closed","ping_status":"closed","sticky":false,"template":"","format":"standard","meta":{"_acf_changed":false,"footnotes":""},"categories":[72,31],"tags":[655,166,304,693],"thematique":[40],"sfsic":[],"class_list":["post-25510","post","type-post","status-publish","format-standard","hentry","category-ouvrage-collectif","category-publication","tag-document","tag-ecritures","tag-information","tag-langue","thematique-information-documents-et-ecritures","wp-sticky"],"acf":[],"yoast_head":"<!-- This site is optimized with the Yoast SEO plugin v27.4 - https:\/\/yoast.com\/product\/yoast-seo-wordpress\/ -->\n<title>Les \u00e9critures confin\u00e9es : Cr\u00e9er, afficher, diffuser<\/title>\n<meta name=\"description\" content=\"Parution de l\u2019ouvrage collectif Les \u00e9critures confin\u00e9es : Cr\u00e9er, afficher, diffuser aux \u00e9ditions Hermann dirig\u00e9 par Sylvie Ducas, Rossana De Angelis et Agathe Cormier.\" \/>\n<meta name=\"robots\" content=\"index, follow, max-snippet:-1, max-image-preview:large, max-video-preview:-1\" \/>\n<link rel=\"canonical\" href=\"https:\/\/www.sfsic.org\/en\/publication\/les-ecritures-confinees-creer-afficher-diffuser\/\" \/>\n<meta property=\"og:locale\" content=\"en_US\" \/>\n<meta property=\"og:type\" content=\"article\" \/>\n<meta property=\"og:title\" content=\"Les \u00e9critures confin\u00e9es : Cr\u00e9er, afficher, diffuser\" \/>\n<meta property=\"og:description\" content=\"Parution de l\u2019ouvrage collectif Les \u00e9critures confin\u00e9es : Cr\u00e9er, afficher, diffuser aux \u00e9ditions Hermann dirig\u00e9 par Sylvie Ducas, Rossana De Angelis et Agathe Cormier.\" \/>\n<meta property=\"og:url\" content=\"https:\/\/www.sfsic.org\/en\/publication\/les-ecritures-confinees-creer-afficher-diffuser\/\" \/>\n<meta property=\"og:site_name\" content=\"SFSIC\" \/>\n<meta property=\"article:published_time\" content=\"2022-07-18T12:40:31+00:00\" \/>\n<meta property=\"og:image\" content=\"https:\/\/www.sfsic.org\/wp-inside\/uploads\/2022\/07\/ouvrage_les-ecritures-confinees_2022-199x300.jpeg\" \/>\n<meta name=\"author\" content=\"Mossane Trinquelle\" \/>\n<meta name=\"twitter:card\" content=\"summary_large_image\" \/>\n<script type=\"application\/ld+json\" class=\"yoast-schema-graph\">{\"@context\":\"https:\\\/\\\/schema.org\",\"@graph\":[{\"@type\":\"Article\",\"@id\":\"https:\\\/\\\/www.sfsic.org\\\/en\\\/publication\\\/les-ecritures-confinees-creer-afficher-diffuser\\\/#article\",\"isPartOf\":{\"@id\":\"https:\\\/\\\/www.sfsic.org\\\/en\\\/publication\\\/les-ecritures-confinees-creer-afficher-diffuser\\\/\"},\"author\":{\"name\":\"Mossane Trinquelle\",\"@id\":\"https:\\\/\\\/www.sfsic.org\\\/en\\\/#\\\/schema\\\/person\\\/c6f2a716fe8dd2b6706312f0e53129b8\"},\"headline\":\"Les \u00e9critures confin\u00e9es : Cr\u00e9er, afficher, diffuser\",\"datePublished\":\"2022-07-18T12:40:31+00:00\",\"mainEntityOfPage\":{\"@id\":\"https:\\\/\\\/www.sfsic.org\\\/en\\\/publication\\\/les-ecritures-confinees-creer-afficher-diffuser\\\/\"},\"wordCount\":365,\"publisher\":{\"@id\":\"https:\\\/\\\/www.sfsic.org\\\/en\\\/#organization\"},\"image\":{\"@id\":\"https:\\\/\\\/www.sfsic.org\\\/en\\\/publication\\\/les-ecritures-confinees-creer-afficher-diffuser\\\/#primaryimage\"},\"thumbnailUrl\":\"https:\\\/\\\/www.sfsic.org\\\/wp-inside\\\/uploads\\\/2022\\\/07\\\/ouvrage_les-ecritures-confinees_2022-199x300.jpeg\",\"keywords\":[\"Document\",\"\u00c9critures\",\"information\",\"Langue\"],\"articleSection\":[\"Ouvrage collectif\",\"Publications\"],\"inLanguage\":\"en-US\"},{\"@type\":\"WebPage\",\"@id\":\"https:\\\/\\\/www.sfsic.org\\\/en\\\/publication\\\/les-ecritures-confinees-creer-afficher-diffuser\\\/\",\"url\":\"https:\\\/\\\/www.sfsic.org\\\/en\\\/publication\\\/les-ecritures-confinees-creer-afficher-diffuser\\\/\",\"name\":\"Les \u00e9critures confin\u00e9es : Cr\u00e9er, afficher, diffuser\",\"isPartOf\":{\"@id\":\"https:\\\/\\\/www.sfsic.org\\\/en\\\/#website\"},\"primaryImageOfPage\":{\"@id\":\"https:\\\/\\\/www.sfsic.org\\\/en\\\/publication\\\/les-ecritures-confinees-creer-afficher-diffuser\\\/#primaryimage\"},\"image\":{\"@id\":\"https:\\\/\\\/www.sfsic.org\\\/en\\\/publication\\\/les-ecritures-confinees-creer-afficher-diffuser\\\/#primaryimage\"},\"thumbnailUrl\":\"https:\\\/\\\/www.sfsic.org\\\/wp-inside\\\/uploads\\\/2022\\\/07\\\/ouvrage_les-ecritures-confinees_2022-199x300.jpeg\",\"datePublished\":\"2022-07-18T12:40:31+00:00\",\"description\":\"Parution de l\u2019ouvrage collectif Les \u00e9critures confin\u00e9es : Cr\u00e9er, afficher, diffuser aux \u00e9ditions Hermann dirig\u00e9 par Sylvie Ducas, Rossana De Angelis et Agathe Cormier.\",\"breadcrumb\":{\"@id\":\"https:\\\/\\\/www.sfsic.org\\\/en\\\/publication\\\/les-ecritures-confinees-creer-afficher-diffuser\\\/#breadcrumb\"},\"inLanguage\":\"en-US\",\"potentialAction\":[{\"@type\":\"ReadAction\",\"target\":[\"https:\\\/\\\/www.sfsic.org\\\/en\\\/publication\\\/les-ecritures-confinees-creer-afficher-diffuser\\\/\"]}]},{\"@type\":\"ImageObject\",\"inLanguage\":\"en-US\",\"@id\":\"https:\\\/\\\/www.sfsic.org\\\/en\\\/publication\\\/les-ecritures-confinees-creer-afficher-diffuser\\\/#primaryimage\",\"url\":\"https:\\\/\\\/www.sfsic.org\\\/wp-inside\\\/uploads\\\/2022\\\/07\\\/ouvrage_les-ecritures-confinees_2022-199x300.jpeg\",\"contentUrl\":\"https:\\\/\\\/www.sfsic.org\\\/wp-inside\\\/uploads\\\/2022\\\/07\\\/ouvrage_les-ecritures-confinees_2022-199x300.jpeg\"},{\"@type\":\"BreadcrumbList\",\"@id\":\"https:\\\/\\\/www.sfsic.org\\\/en\\\/publication\\\/les-ecritures-confinees-creer-afficher-diffuser\\\/#breadcrumb\",\"itemListElement\":[{\"@type\":\"ListItem\",\"position\":1,\"name\":\"Accueil\",\"item\":\"https:\\\/\\\/www.sfsic.org\\\/en\\\/\"},{\"@type\":\"ListItem\",\"position\":2,\"name\":\"Publications\",\"item\":\"https:\\\/\\\/www.sfsic.org\\\/en\\\/publication-en\\\/\"},{\"@type\":\"ListItem\",\"position\":3,\"name\":\"Collective book\",\"item\":\"https:\\\/\\\/www.sfsic.org\\\/en\\\/publication-en\\\/collective-book\\\/\"},{\"@type\":\"ListItem\",\"position\":4,\"name\":\"Les \u00e9critures confin\u00e9es&#160;: Cr\u00e9er, afficher, diffuser\"}]},{\"@type\":\"WebSite\",\"@id\":\"https:\\\/\\\/www.sfsic.org\\\/en\\\/#website\",\"url\":\"https:\\\/\\\/www.sfsic.org\\\/en\\\/\",\"name\":\"SFSIC\",\"description\":\"Soci\u00e9t\u00e9 Fran\u00e7aise des Sciences de l&#039;Information &amp; de la Communication\",\"publisher\":{\"@id\":\"https:\\\/\\\/www.sfsic.org\\\/en\\\/#organization\"},\"potentialAction\":[{\"@type\":\"SearchAction\",\"target\":{\"@type\":\"EntryPoint\",\"urlTemplate\":\"https:\\\/\\\/www.sfsic.org\\\/en\\\/?s={search_term_string}\"},\"query-input\":{\"@type\":\"PropertyValueSpecification\",\"valueRequired\":true,\"valueName\":\"search_term_string\"}}],\"inLanguage\":\"en-US\"},{\"@type\":\"Organization\",\"@id\":\"https:\\\/\\\/www.sfsic.org\\\/en\\\/#organization\",\"name\":\"SFSIC\",\"url\":\"https:\\\/\\\/www.sfsic.org\\\/en\\\/\",\"logo\":{\"@type\":\"ImageObject\",\"inLanguage\":\"en-US\",\"@id\":\"https:\\\/\\\/www.sfsic.org\\\/en\\\/#\\\/schema\\\/logo\\\/image\\\/\",\"url\":\"https:\\\/\\\/www.sfsic.org\\\/wp-inside\\\/uploads\\\/2020\\\/05\\\/logo-sfsic.jpg\",\"contentUrl\":\"https:\\\/\\\/www.sfsic.org\\\/wp-inside\\\/uploads\\\/2020\\\/05\\\/logo-sfsic.jpg\",\"width\":1085,\"height\":1080,\"caption\":\"SFSIC\"},\"image\":{\"@id\":\"https:\\\/\\\/www.sfsic.org\\\/en\\\/#\\\/schema\\\/logo\\\/image\\\/\"}},{\"@type\":\"Person\",\"@id\":\"https:\\\/\\\/www.sfsic.org\\\/en\\\/#\\\/schema\\\/person\\\/c6f2a716fe8dd2b6706312f0e53129b8\",\"name\":\"Mossane Trinquelle\",\"image\":{\"@type\":\"ImageObject\",\"inLanguage\":\"en-US\",\"@id\":\"https:\\\/\\\/secure.gravatar.com\\\/avatar\\\/4c790e85c72ef19ed5ee42f0009e741b68d9667b859edc1612b917407dc469d2?s=96&d=mm&r=g\",\"url\":\"https:\\\/\\\/secure.gravatar.com\\\/avatar\\\/4c790e85c72ef19ed5ee42f0009e741b68d9667b859edc1612b917407dc469d2?s=96&d=mm&r=g\",\"contentUrl\":\"https:\\\/\\\/secure.gravatar.com\\\/avatar\\\/4c790e85c72ef19ed5ee42f0009e741b68d9667b859edc1612b917407dc469d2?s=96&d=mm&r=g\",\"caption\":\"Mossane Trinquelle\"}}]}<\/script>\n<!-- \/ Yoast SEO plugin. -->","yoast_head_json":{"title":"Les \u00e9critures confin\u00e9es : Cr\u00e9er, afficher, diffuser","description":"Parution de l\u2019ouvrage collectif Les \u00e9critures confin\u00e9es : Cr\u00e9er, afficher, diffuser aux \u00e9ditions Hermann dirig\u00e9 par Sylvie Ducas, Rossana De Angelis et Agathe Cormier.","robots":{"index":"index","follow":"follow","max-snippet":"max-snippet:-1","max-image-preview":"max-image-preview:large","max-video-preview":"max-video-preview:-1"},"canonical":"https:\/\/www.sfsic.org\/en\/publication\/les-ecritures-confinees-creer-afficher-diffuser\/","og_locale":"en_US","og_type":"article","og_title":"Les \u00e9critures confin\u00e9es : Cr\u00e9er, afficher, diffuser","og_description":"Parution de l\u2019ouvrage collectif Les \u00e9critures confin\u00e9es : Cr\u00e9er, afficher, diffuser aux \u00e9ditions Hermann dirig\u00e9 par Sylvie Ducas, Rossana De Angelis et Agathe Cormier.","og_url":"https:\/\/www.sfsic.org\/en\/publication\/les-ecritures-confinees-creer-afficher-diffuser\/","og_site_name":"SFSIC","article_published_time":"2022-07-18T12:40:31+00:00","og_image":[{"url":"https:\/\/www.sfsic.org\/wp-inside\/uploads\/2022\/07\/ouvrage_les-ecritures-confinees_2022-199x300.jpeg","type":"","width":"","height":""}],"author":"Mossane Trinquelle","twitter_card":"summary_large_image","schema":{"@context":"https:\/\/schema.org","@graph":[{"@type":"Article","@id":"https:\/\/www.sfsic.org\/en\/publication\/les-ecritures-confinees-creer-afficher-diffuser\/#article","isPartOf":{"@id":"https:\/\/www.sfsic.org\/en\/publication\/les-ecritures-confinees-creer-afficher-diffuser\/"},"author":{"name":"Mossane Trinquelle","@id":"https:\/\/www.sfsic.org\/en\/#\/schema\/person\/c6f2a716fe8dd2b6706312f0e53129b8"},"headline":"Les \u00e9critures confin\u00e9es : Cr\u00e9er, afficher, diffuser","datePublished":"2022-07-18T12:40:31+00:00","mainEntityOfPage":{"@id":"https:\/\/www.sfsic.org\/en\/publication\/les-ecritures-confinees-creer-afficher-diffuser\/"},"wordCount":365,"publisher":{"@id":"https:\/\/www.sfsic.org\/en\/#organization"},"image":{"@id":"https:\/\/www.sfsic.org\/en\/publication\/les-ecritures-confinees-creer-afficher-diffuser\/#primaryimage"},"thumbnailUrl":"https:\/\/www.sfsic.org\/wp-inside\/uploads\/2022\/07\/ouvrage_les-ecritures-confinees_2022-199x300.jpeg","keywords":["Document","\u00c9critures","information","Langue"],"articleSection":["Ouvrage collectif","Publications"],"inLanguage":"en-US"},{"@type":"WebPage","@id":"https:\/\/www.sfsic.org\/en\/publication\/les-ecritures-confinees-creer-afficher-diffuser\/","url":"https:\/\/www.sfsic.org\/en\/publication\/les-ecritures-confinees-creer-afficher-diffuser\/","name":"Les \u00e9critures confin\u00e9es : Cr\u00e9er, afficher, diffuser","isPartOf":{"@id":"https:\/\/www.sfsic.org\/en\/#website"},"primaryImageOfPage":{"@id":"https:\/\/www.sfsic.org\/en\/publication\/les-ecritures-confinees-creer-afficher-diffuser\/#primaryimage"},"image":{"@id":"https:\/\/www.sfsic.org\/en\/publication\/les-ecritures-confinees-creer-afficher-diffuser\/#primaryimage"},"thumbnailUrl":"https:\/\/www.sfsic.org\/wp-inside\/uploads\/2022\/07\/ouvrage_les-ecritures-confinees_2022-199x300.jpeg","datePublished":"2022-07-18T12:40:31+00:00","description":"Parution de l\u2019ouvrage collectif Les \u00e9critures confin\u00e9es : Cr\u00e9er, afficher, diffuser aux \u00e9ditions Hermann dirig\u00e9 par Sylvie Ducas, Rossana De Angelis et Agathe Cormier.","breadcrumb":{"@id":"https:\/\/www.sfsic.org\/en\/publication\/les-ecritures-confinees-creer-afficher-diffuser\/#breadcrumb"},"inLanguage":"en-US","potentialAction":[{"@type":"ReadAction","target":["https:\/\/www.sfsic.org\/en\/publication\/les-ecritures-confinees-creer-afficher-diffuser\/"]}]},{"@type":"ImageObject","inLanguage":"en-US","@id":"https:\/\/www.sfsic.org\/en\/publication\/les-ecritures-confinees-creer-afficher-diffuser\/#primaryimage","url":"https:\/\/www.sfsic.org\/wp-inside\/uploads\/2022\/07\/ouvrage_les-ecritures-confinees_2022-199x300.jpeg","contentUrl":"https:\/\/www.sfsic.org\/wp-inside\/uploads\/2022\/07\/ouvrage_les-ecritures-confinees_2022-199x300.jpeg"},{"@type":"BreadcrumbList","@id":"https:\/\/www.sfsic.org\/en\/publication\/les-ecritures-confinees-creer-afficher-diffuser\/#breadcrumb","itemListElement":[{"@type":"ListItem","position":1,"name":"Accueil","item":"https:\/\/www.sfsic.org\/en\/"},{"@type":"ListItem","position":2,"name":"Publications","item":"https:\/\/www.sfsic.org\/en\/publication-en\/"},{"@type":"ListItem","position":3,"name":"Collective book","item":"https:\/\/www.sfsic.org\/en\/publication-en\/collective-book\/"},{"@type":"ListItem","position":4,"name":"Les \u00e9critures confin\u00e9es&#160;: Cr\u00e9er, afficher, diffuser"}]},{"@type":"WebSite","@id":"https:\/\/www.sfsic.org\/en\/#website","url":"https:\/\/www.sfsic.org\/en\/","name":"SFSIC","description":"Soci\u00e9t\u00e9 Fran\u00e7aise des Sciences de l&#039;Information &amp; de la Communication","publisher":{"@id":"https:\/\/www.sfsic.org\/en\/#organization"},"potentialAction":[{"@type":"SearchAction","target":{"@type":"EntryPoint","urlTemplate":"https:\/\/www.sfsic.org\/en\/?s={search_term_string}"},"query-input":{"@type":"PropertyValueSpecification","valueRequired":true,"valueName":"search_term_string"}}],"inLanguage":"en-US"},{"@type":"Organization","@id":"https:\/\/www.sfsic.org\/en\/#organization","name":"SFSIC","url":"https:\/\/www.sfsic.org\/en\/","logo":{"@type":"ImageObject","inLanguage":"en-US","@id":"https:\/\/www.sfsic.org\/en\/#\/schema\/logo\/image\/","url":"https:\/\/www.sfsic.org\/wp-inside\/uploads\/2020\/05\/logo-sfsic.jpg","contentUrl":"https:\/\/www.sfsic.org\/wp-inside\/uploads\/2020\/05\/logo-sfsic.jpg","width":1085,"height":1080,"caption":"SFSIC"},"image":{"@id":"https:\/\/www.sfsic.org\/en\/#\/schema\/logo\/image\/"}},{"@type":"Person","@id":"https:\/\/www.sfsic.org\/en\/#\/schema\/person\/c6f2a716fe8dd2b6706312f0e53129b8","name":"Mossane Trinquelle","image":{"@type":"ImageObject","inLanguage":"en-US","@id":"https:\/\/secure.gravatar.com\/avatar\/4c790e85c72ef19ed5ee42f0009e741b68d9667b859edc1612b917407dc469d2?s=96&d=mm&r=g","url":"https:\/\/secure.gravatar.com\/avatar\/4c790e85c72ef19ed5ee42f0009e741b68d9667b859edc1612b917407dc469d2?s=96&d=mm&r=g","contentUrl":"https:\/\/secure.gravatar.com\/avatar\/4c790e85c72ef19ed5ee42f0009e741b68d9667b859edc1612b917407dc469d2?s=96&d=mm&r=g","caption":"Mossane Trinquelle"}}]}},"_links":{"self":[{"href":"https:\/\/www.sfsic.org\/en\/wp-json\/wp\/v2\/posts\/25510","targetHints":{"allow":["GET"]}}],"collection":[{"href":"https:\/\/www.sfsic.org\/en\/wp-json\/wp\/v2\/posts"}],"about":[{"href":"https:\/\/www.sfsic.org\/en\/wp-json\/wp\/v2\/types\/post"}],"author":[{"embeddable":true,"href":"https:\/\/www.sfsic.org\/en\/wp-json\/wp\/v2\/users\/1229"}],"replies":[{"embeddable":true,"href":"https:\/\/www.sfsic.org\/en\/wp-json\/wp\/v2\/comments?post=25510"}],"version-history":[{"count":7,"href":"https:\/\/www.sfsic.org\/en\/wp-json\/wp\/v2\/posts\/25510\/revisions"}],"predecessor-version":[{"id":25536,"href":"https:\/\/www.sfsic.org\/en\/wp-json\/wp\/v2\/posts\/25510\/revisions\/25536"}],"wp:attachment":[{"href":"https:\/\/www.sfsic.org\/en\/wp-json\/wp\/v2\/media?parent=25510"}],"wp:term":[{"taxonomy":"category","embeddable":true,"href":"https:\/\/www.sfsic.org\/en\/wp-json\/wp\/v2\/categories?post=25510"},{"taxonomy":"post_tag","embeddable":true,"href":"https:\/\/www.sfsic.org\/en\/wp-json\/wp\/v2\/tags?post=25510"},{"taxonomy":"thematique","embeddable":true,"href":"https:\/\/www.sfsic.org\/en\/wp-json\/wp\/v2\/thematique?post=25510"},{"taxonomy":"sfsic","embeddable":true,"href":"https:\/\/www.sfsic.org\/en\/wp-json\/wp\/v2\/sfsic?post=25510"}],"curies":[{"name":"wp","href":"https:\/\/api.w.org\/{rel}","templated":true}]}}