{"id":25220,"date":"2022-10-10T17:51:20","date_gmt":"2022-10-10T15:51:20","guid":{"rendered":"https:\/\/www.sfsic.org\/?p=25220"},"modified":"2022-10-10T21:27:51","modified_gmt":"2022-10-10T19:27:51","slug":"apprehender-les-espaces-publics-a-la-lumiere-des-discours-et-pratiques-mediatiques-le-cas-de-lafrique-3","status":"publish","type":"post","link":"https:\/\/www.sfsic.org\/en\/evenement\/apprehender-les-espaces-publics-a-la-lumiere-des-discours-et-pratiques-mediatiques-le-cas-de-lafrique-3\/","title":{"rendered":"Appr\u00e9hender les espaces publics \u00e0 la lumi\u00e8re des discours et pratiques m\u00e9diatiques : le cas de l\u2019Afrique"},"content":{"rendered":"<p><!-- fxzn:singledetail --><\/p>\n<div class=\"zone zn-singledetail\" id=\"fxzn-singledetail-1\">\n<div class=\"zone-block zn-singledetail-block alignwide va-top\">\n<div class=\"row\">\n<div class=\"columns large-8 large-push-4\">\n<div class=\"zn-singledetail-metabox\">\n<div class=\"zn-singledetail-pubdate pubdate\">\n\t\t\t\t\t<span class=\"pubdate-txt\">Mis en ligne le<\/span><span class=\"doubledot\"><\/span> <time class=\"pubdate-time\" pubdate datetime=\"2022-10-10T17:51:20+02:00\">10 octobre 2022<\/time>\t\t\t\t<\/div>\n<div class=\"zn-singledetail-thematiques with-sep-comma\">\n<ul class=\"termslist termslist-thematique\">\n<li class=\"termslist-item termslist-title\"><span class=\"termslist-titletxt\">Th\u00e9matiques<\/span><span class=\"doubledot\"><\/span><\/li>\n<li class=\"termslist-item tax-thematique term-images-cinema-medias-audiovisuels-et-industries-culturelles\"><a class=\"termslist-itemlink\" href=\"https:\/\/www.sfsic.org\/thematiques\/images-cinema-medias-audiovisuels-et-industries-culturelles\/\" title=\"Images, cin\u00e9ma, m\u00e9dias audiovisuels et industries culturelles\"><span class=\"termslist-itemname\">Images, cin\u00e9ma, m\u00e9dias audiovisuels et industries culturelles<\/span><\/a><\/li>\n<li class=\"termslist-item tax-thematique term-medias-et-journalisme\"><a class=\"termslist-itemlink\" href=\"https:\/\/www.sfsic.org\/thematiques\/medias-et-journalisme\/\" title=\"M\u00e9dias et journalisme\"><span class=\"termslist-itemname\">M\u00e9dias et journalisme<\/span><\/a><\/li>\n<li class=\"termslist-item tax-thematique term-numerique-strategies-dispositifs-et-usages\"><a class=\"termslist-itemlink\" href=\"https:\/\/www.sfsic.org\/thematiques\/numerique-strategies-dispositifs-et-usages\/\" title=\"Num\u00e9rique : strat\u00e9gies, dispositifs et usages\"><span class=\"termslist-itemname\">Num\u00e9rique : strat\u00e9gies, dispositifs et usages<\/span><\/a><\/li>\n<\/ul><\/div>\n<\/p><\/div>\n<\/p><\/div>\n<\/p><\/div>\n<div class=\"row\">\n<div class=\"columns large-4\">\n<div class=\"zn-singledetail-sidebar bg-cornersquares\">\n<div class=\"zn-singledetail-infos\">\n<p class=\"zn-singledetail-type\">\n\t\t\t\t\t\t\t<span>Type d\u2019\u00e9v\u00e9nement<\/span><span class=\"doubledot\"><\/span> <strong>Colloque<\/strong>\n\t\t\t\t\t<\/p>\n<\/p><\/div>\n<div class=\"zn-singledetail-weblinks\">\n<h3 class=\"zn-singledetail-section-title\">Sites internet de r\u00e9f\u00e9rence<\/h3>\n<ul class=\"zn-singledetail-weblinks-list\">\n<li>\n\t\t\t\t\t\t\t<a class=\"prettylink chainlink\" href=\"https:\/\/cmcl2022.sciencesconf.org\/submission\/submit\" title=\"Site de l'\u00e9v\u00e9nement\" target=\"_blank\" rel=\"noopener\">Site de l&#8217;\u00e9v\u00e9nement<\/a>\n\t\t\t\t\t\t<\/li>\n<\/ul><\/div>\n<\/p><\/div>\n<\/p><\/div>\n<div class=\"columns large-8\">\n<div class=\"zn-singledetail-contentbox\">\n<div class=\"zn-singledetail-eventinfo\">\n<div class=\"zn-singledetail-eventinfo-inner\">\n<div class=\"zn-singledetail-eventdates\">\n\t\t\t\t\t\t<span class=\"zn-singledetail-label\">Dates de l\u2019\u00e9v\u00e9nement<span class=\"doubledot\"><\/span><\/span><\/p>\n<ul class=\"zn-singledetail-eventdates-list\">\n<li class=\"zn-singledetail-eventdates-item\">\n\t\t\t\t\t\t\t\tDu <time class=\"event-start-time\" datetime=\"2022-11-28T00:00:00+00:00\">28\/11\/2022<\/time> au <time class=\"event-end-time\" datetime=\"2022-12-01T00:00:00+00:00\">01\/12\/2022<\/time>\t\t\t\t\t\t\t<\/li>\n<\/ul><\/div>\n<p class=\"zn-singledetail-eventplace\">\n\t\t\t\t\t\t<span class=\"zn-singledetail-label\">Lieu de l\u2019\u00e9v\u00e9nement<span class=\"doubledot\"><\/span><\/span><br \/>\n\t\t\t\t\t\t<span class=\"zn-singledetail-eventplace-adr\"><\/p>\n<p>\t\t\t\t\t\t<span class=\"adr-city\">Lyon<\/span>\t\t\t\t\t\t, <span class=\"adr-country\">France<\/span><br \/>\n\t\t\t\t\t\t<\/span>\t\t\t\t\t<\/p>\n<\/p><\/div>\n<\/p><\/div>\n<div class=\"zn-singledetail-annonce wig-content\">\n<h2>Pr\u00e9sentation g\u00e9n\u00e9rale<\/h2>\n<p style=\"font-weight: 400;\">Le colloque international CMCL \u00ab&#160;Utopie d&rsquo;une Culture Mondialis\u00e9e et r\u00e9alit\u00e9 des pratiques communicationnelles locales&#160;\u00bb a pour objectif d&rsquo;explorer la rencontre entre une offre technologique globalis\u00e9e, souvent occidentalo-centr\u00e9e, et les particularit\u00e9s locales d\u2019une diversit\u00e9 de territoires. Pour ce faire, il s\u2019agit de saisir conjointement l&rsquo;h\u00e9t\u00e9rog\u00e9n\u00e9it\u00e9 des usages, des productions et des questions pos\u00e9es.<\/p>\n<p style=\"font-weight: 400;\">Apr\u00e8s une premi\u00e8re \u00e9dition en 2019 qui portait sur l&rsquo;Afrique Subsaharienne Francophone (<a href=\"https:\/\/cmcl19.sciencesconf.org\/\">https:\/\/cmcl19.sciencesconf.org\/<\/a>), l&rsquo;\u00e9dition 2022 \u00e9largit ses horizons \u00e0 l&rsquo;ensemble du continent africain. Ces territoires multiculturels, marqu\u00e9s par des contextes g\u00e9opolitiques contemporains h\u00e9t\u00e9rog\u00e8nes, posent des questions particuli\u00e8rement vives, \u00e0 la fois transversales et propres \u00e0 chaque contexte, concernant les pratiques m\u00e9diatiques, les discours qu\u2019elles portent et leurs conditions d\u2019existence publique.<\/p>\n<p style=\"font-weight: 400;\">Le concept d\u2019espace public, initialement forg\u00e9 par J\u00fcrgen Habermas dans le cadre de sa r\u00e9flexion sur les fondements de la construction d\u00e9mocratique \u00ab&#160;en Allemagne, en France et en Grande Bretagne&#160;\u00bb, a fait l\u2019objet d\u2019intenses d\u00e9bats quant \u00e0 sa pertinence et \u00e0 son op\u00e9rationnalit\u00e9 pour appr\u00e9hender les r\u00e9alit\u00e9s des d\u00e9mocraties contemporaines, en particulier en Europe. Il est \u00e9galement mobilis\u00e9, mais aussi critiqu\u00e9, ajust\u00e9, discut\u00e9, par des travaux qui analysent les transformations politiques \u00e0 l\u2019\u0153uvre dans d\u2019autres r\u00e9gions du monde, notamment en Afrique.<\/p>\n<p style=\"font-weight: 400;\">L\u2019\u00e9dition 2022 du colloque CMCL propose une contribution \u00e0 ces d\u00e9bats par la confrontation de ph\u00e9nom\u00e8nes issus de la mondialisation technologique et culturelle avec la r\u00e9alit\u00e9 des discours et des pratiques m\u00e9diatiques locales. Cette d\u00e9marche repose sur l\u2019id\u00e9e qu\u2019un d\u00e9passement de la dimension normative et de la dimension politique du concept d\u2019espace public est particuli\u00e8rement f\u00e9cond pour appr\u00e9hender les soci\u00e9t\u00e9s contemporaines, en Afrique comme ailleurs. Bien que les travaux qui interrogent le recours aux outils num\u00e9riques soient particuli\u00e8rement attendus, ceux qui se focalisent sur d\u2019autres supports m\u00e9diatiques ont toute leur place dans ce colloque.<\/p>\n<p style=\"font-weight: 400;\">Les enjeux soulev\u00e9s par le colloque int\u00e9ressent en premier lieu la communaut\u00e9 des sciences de l&rsquo;information et de la communication, mais l&rsquo;apport de chercheurs venus d&rsquo;horizons culturels et disciplinaires vari\u00e9s, y compris en dehors des sciences sociales, est attendu pour enrichir les d\u00e9bats. L\u2019objectif de ce colloque est en effet d\u2019appr\u00e9hender la probl\u00e9matique de l&rsquo;espace public en Afrique selon des approches disciplinaires compl\u00e9mentaires ouvrant de nouvelles perspectives. Il s\u2019agit d\u2019une part de prolonger les analyses issues de l\u2019anthropologie et de la science politique (Dahou, 2005&#160;; Ban\u00e9gas, Brisset-Foucault &amp; Cutolo, 2012) par des travaux ax\u00e9s sur les enjeux communicationnels. Il s\u2019agit d\u2019autre part, en retour, d\u2019apporter des \u00e9clairages compl\u00e9mentaires qui nourriront l\u2019analyse des mutations des espaces publics europ\u00e9ens \u00e0 la lumi\u00e8re des savoirs issus des recherches en contexte africain.<\/p>\n<p>L&rsquo;AAC complet a \u00e9t\u00e9 diffus\u00e9 sur le site de la SFSIC<\/p>\n<p style=\"text-align: center;\"><a class=\"button outline with-arrow\" href=\"https:\/\/www.sfsic.org\/aac-evenement\/apprehender-les-espaces-publics-a-la-lumiere-des-discours-et-pratiques-mediatiques-le-cas-de-lafrique-2\/\">Retrouver l&rsquo;AAC<\/a><\/p>\n<\/p><\/div>\n<div class=\"zn-singledetail-partners\">\n<h3 class=\"zn-singledetail-section-title\">Partenaires<\/h3>\n<div class=\"zn-singledetail-partners-list row small-up-2 medium-up-3 large-up-5 partnerlist\" data-equalizer data-equalize-on=\"medium\">\n<article class=\"summarypartner partner-5934 column\">\n\t<a class=\"summarypartner-box\" href=\"https:\/\/elico-recherche.msh-lse.fr\/\" title=\"ELICO &#8211; \u00c9quipe de recherche de Lyon en sciences de l\u2019Information et de la Communication\">\t\t<\/p>\n<div class=\"summarypartner-box-inner\" data-equalizer-watch>\n<div class=\"summarypartner-imgbox\">\n<figure class=\"summarypartner-figure\">\n\t\t\t\t\t<img decoding=\"async\" class=\"summarypartner-img\" src=\"https:\/\/www.sfsic.org\/wp-inside\/uploads\/skp-membership\/demande_adh\/logo-elico-horizontal1-320x122.jpg\" alt=\"Logo ELICO\" ><br \/>\n\t\t\t\t\t\t\t\t\t<\/figure>\n<\/p><\/div>\n<div class=\"summarypartner-content\">\n<div class=\"summarypartner-content-inner\">\n<header class=\"summarypartner-header\">\n<h3 class=\"summarypartner-title\">\n\t\t\t\t\t\t\tELICO &#8211; \u00c9quipe de recherche de Lyon en sciences de l\u2019Information et de la Communication\t\t\t\t\t\t<\/h3>\n<p class=\"summarypartner-acronym\">\n\t\t\t\t\t\t\tELICO\t\t\t\t\t\t<\/p>\n<\/header><\/div>\n<\/p><\/div>\n<\/p><\/div>\n<p>\t<\/a><\/article>\n<article class=\"summarypartner partner-15809 column\">\n\t<a class=\"summarypartner-box\" href=\"http:\/\/www.sfsic.org\" title=\"SFSIC\">\t\t<\/p>\n<div class=\"summarypartner-box-inner\" data-equalizer-watch>\n<div class=\"summarypartner-imgbox\">\n<figure class=\"summarypartner-figure\">\n\t\t\t\t\t<img decoding=\"async\" class=\"summarypartner-img\" src=\"https:\/\/www.sfsic.org\/wp-inside\/uploads\/2020\/05\/logo-sfsic-320x318.jpg\" alt=\"Logo de la Soci\u00e9t\u00e9 Fran\u00e7aise des Sciences de l'Information et de la Communication\" ><br \/>\n\t\t\t\t\t\t\t\t\t<\/figure>\n<\/p><\/div>\n<div class=\"summarypartner-content\">\n<div class=\"summarypartner-content-inner\">\n<header class=\"summarypartner-header\">\n<h3 class=\"summarypartner-title\">\n\t\t\t\t\t\t\tSFSIC\t\t\t\t\t\t<\/h3>\n<p class=\"summarypartner-acronym\">\n\t\t\t\t\t\t\tSFSIC\t\t\t\t\t\t<\/p>\n<\/header><\/div>\n<\/p><\/div>\n<\/p><\/div>\n<p>\t<\/a><\/article>\n<\/p><\/div>\n<\/p><\/div>\n<div class=\"zn-singledetail-keywords\">\n<h3 class=\"zn-singledetail-section-title\">Mots-cl\u00e9s<\/h3>\n<ul class=\"termslist termslist-post_tag\">\n<li class=\"termslist-item termslist-title\"><span class=\"termslist-titletxt\">Mots-cl\u00e9s<\/span><span class=\"doubledot\"><\/span><\/li>\n<li class=\"termslist-item tax-post_tag term-afrique\"><a class=\"termslist-itemlink\" href=\"https:\/\/www.sfsic.org\/tag\/afrique\/\" title=\"Afrique\"><span class=\"termslist-itemname\">Afrique<\/span><\/a><\/li>\n<li class=\"termslist-item tax-post_tag term-medias\"><a class=\"termslist-itemlink\" href=\"https:\/\/www.sfsic.org\/tag\/medias\/\" title=\"M\u00e9dias\"><span class=\"termslist-itemname\">M\u00e9dias<\/span><\/a><\/li>\n<\/ul><\/div>\n<\/p><\/div>\n<\/p><\/div>\n<\/p><\/div>\n<\/p><\/div>\n<\/div>\n<p><!-- \/fxzn:singledetail --><\/p>\n","protected":false},"excerpt":{"rendered":"<p>Mis en ligne le 10 octobre 2022 Th\u00e9matiques Images, cin\u00e9ma, m\u00e9dias audiovisuels et industries culturelles M\u00e9dias et journalisme Num\u00e9rique : strat\u00e9gies, dispositifs et usages Type d\u2019\u00e9v\u00e9nement Colloque Sites internet de [&hellip;]<\/p>\n","protected":false},"author":957,"featured_media":0,"comment_status":"closed","ping_status":"closed","sticky":false,"template":"","format":"standard","meta":{"_acf_changed":false,"footnotes":""},"categories":[67,30],"tags":[361,390],"thematique":[35,34,39],"sfsic":[],"class_list":["post-25220","post","type-post","status-publish","format-standard","hentry","category-colloque-2","category-evenement","tag-afrique","tag-medias","thematique-images-cinema-medias-audiovisuels-et-industries-culturelles","thematique-medias-et-journalisme","thematique-numerique-strategies-dispositifs-et-usages","wp-sticky"],"acf":[],"yoast_head":"<!-- This site is optimized with the Yoast SEO plugin v27.4 - https:\/\/yoast.com\/product\/yoast-seo-wordpress\/ -->\n<title>Appr\u00e9hender les espaces publics \u00e0 la lumi\u00e8re des discours et pratiques m\u00e9diatiques : le cas de l\u2019Afrique<\/title>\n<meta name=\"description\" content=\"La 2\u00e8me \u00e9dition du colloque international CMCL se tiendra \u00e0 Lyon du 28\/11 au 1\/12 et portera sur la th\u00e9matique &quot;Appr\u00e9hender les espaces publics \u00e0 la lumi\u00e8re des discours et pratiques m\u00e9diatiques : le cas de l\u2019Afrique&quot;.\" \/>\n<meta name=\"robots\" content=\"index, follow, max-snippet:-1, max-image-preview:large, max-video-preview:-1\" \/>\n<link rel=\"canonical\" href=\"https:\/\/www.sfsic.org\/en\/evenement\/apprehender-les-espaces-publics-a-la-lumiere-des-discours-et-pratiques-mediatiques-le-cas-de-lafrique-3\/\" \/>\n<meta property=\"og:locale\" content=\"en_US\" \/>\n<meta property=\"og:type\" content=\"article\" \/>\n<meta property=\"og:title\" content=\"Appr\u00e9hender les espaces publics \u00e0 la lumi\u00e8re des discours et pratiques m\u00e9diatiques : le cas de l\u2019Afrique\" \/>\n<meta property=\"og:description\" content=\"La 2\u00e8me \u00e9dition du colloque international CMCL se tiendra \u00e0 Lyon du 28\/11 au 1\/12 et portera sur la th\u00e9matique &quot;Appr\u00e9hender les espaces publics \u00e0 la lumi\u00e8re des discours et pratiques m\u00e9diatiques : le cas de l\u2019Afrique&quot;.\" \/>\n<meta property=\"og:url\" content=\"https:\/\/www.sfsic.org\/en\/evenement\/apprehender-les-espaces-publics-a-la-lumiere-des-discours-et-pratiques-mediatiques-le-cas-de-lafrique-3\/\" \/>\n<meta property=\"og:site_name\" content=\"SFSIC\" \/>\n<meta property=\"article:published_time\" content=\"2022-10-10T15:51:20+00:00\" \/>\n<meta property=\"article:modified_time\" content=\"2022-10-10T19:27:51+00:00\" \/>\n<meta property=\"og:image\" content=\"https:\/\/www.sfsic.org\/wp-inside\/uploads\/skp-membership\/demande_adh\/logo-elico-horizontal1-320x122.jpg\" \/>\n<meta name=\"author\" content=\"Fabien Bonnet\" \/>\n<meta name=\"twitter:card\" content=\"summary_large_image\" \/>\n<script type=\"application\/ld+json\" class=\"yoast-schema-graph\">{\"@context\":\"https:\\\/\\\/schema.org\",\"@graph\":[{\"@type\":\"Article\",\"@id\":\"https:\\\/\\\/www.sfsic.org\\\/en\\\/evenement\\\/apprehender-les-espaces-publics-a-la-lumiere-des-discours-et-pratiques-mediatiques-le-cas-de-lafrique-3\\\/#article\",\"isPartOf\":{\"@id\":\"https:\\\/\\\/www.sfsic.org\\\/en\\\/evenement\\\/apprehender-les-espaces-publics-a-la-lumiere-des-discours-et-pratiques-mediatiques-le-cas-de-lafrique-3\\\/\"},\"author\":{\"name\":\"Fabien Bonnet\",\"@id\":\"https:\\\/\\\/www.sfsic.org\\\/en\\\/#\\\/schema\\\/person\\\/9f83573bda33f40c68c7c826e9567df6\"},\"headline\":\"Appr\u00e9hender les espaces publics \u00e0 la lumi\u00e8re des discours et pratiques m\u00e9diatiques : le cas de l\u2019Afrique\",\"datePublished\":\"2022-10-10T15:51:20+00:00\",\"dateModified\":\"2022-10-10T19:27:51+00:00\",\"mainEntityOfPage\":{\"@id\":\"https:\\\/\\\/www.sfsic.org\\\/en\\\/evenement\\\/apprehender-les-espaces-publics-a-la-lumiere-des-discours-et-pratiques-mediatiques-le-cas-de-lafrique-3\\\/\"},\"wordCount\":629,\"publisher\":{\"@id\":\"https:\\\/\\\/www.sfsic.org\\\/en\\\/#organization\"},\"image\":{\"@id\":\"https:\\\/\\\/www.sfsic.org\\\/en\\\/evenement\\\/apprehender-les-espaces-publics-a-la-lumiere-des-discours-et-pratiques-mediatiques-le-cas-de-lafrique-3\\\/#primaryimage\"},\"thumbnailUrl\":\"https:\\\/\\\/www.sfsic.org\\\/wp-inside\\\/uploads\\\/skp-membership\\\/demande_adh\\\/logo-elico-horizontal1-320x122.jpg\",\"keywords\":[\"Afrique\",\"M\u00e9dias\"],\"articleSection\":[\"Colloque\",\"\u00c9v\u00e9nements\"],\"inLanguage\":\"en-US\"},{\"@type\":\"WebPage\",\"@id\":\"https:\\\/\\\/www.sfsic.org\\\/en\\\/evenement\\\/apprehender-les-espaces-publics-a-la-lumiere-des-discours-et-pratiques-mediatiques-le-cas-de-lafrique-3\\\/\",\"url\":\"https:\\\/\\\/www.sfsic.org\\\/en\\\/evenement\\\/apprehender-les-espaces-publics-a-la-lumiere-des-discours-et-pratiques-mediatiques-le-cas-de-lafrique-3\\\/\",\"name\":\"Appr\u00e9hender les espaces publics \u00e0 la lumi\u00e8re des discours et pratiques m\u00e9diatiques : le cas de l\u2019Afrique\",\"isPartOf\":{\"@id\":\"https:\\\/\\\/www.sfsic.org\\\/en\\\/#website\"},\"primaryImageOfPage\":{\"@id\":\"https:\\\/\\\/www.sfsic.org\\\/en\\\/evenement\\\/apprehender-les-espaces-publics-a-la-lumiere-des-discours-et-pratiques-mediatiques-le-cas-de-lafrique-3\\\/#primaryimage\"},\"image\":{\"@id\":\"https:\\\/\\\/www.sfsic.org\\\/en\\\/evenement\\\/apprehender-les-espaces-publics-a-la-lumiere-des-discours-et-pratiques-mediatiques-le-cas-de-lafrique-3\\\/#primaryimage\"},\"thumbnailUrl\":\"https:\\\/\\\/www.sfsic.org\\\/wp-inside\\\/uploads\\\/skp-membership\\\/demande_adh\\\/logo-elico-horizontal1-320x122.jpg\",\"datePublished\":\"2022-10-10T15:51:20+00:00\",\"dateModified\":\"2022-10-10T19:27:51+00:00\",\"description\":\"La 2\u00e8me \u00e9dition du colloque international CMCL se tiendra \u00e0 Lyon du 28\\\/11 au 1\\\/12 et portera sur la th\u00e9matique \\\"Appr\u00e9hender les espaces publics \u00e0 la lumi\u00e8re des discours et pratiques m\u00e9diatiques : le cas de l\u2019Afrique\\\".\",\"breadcrumb\":{\"@id\":\"https:\\\/\\\/www.sfsic.org\\\/en\\\/evenement\\\/apprehender-les-espaces-publics-a-la-lumiere-des-discours-et-pratiques-mediatiques-le-cas-de-lafrique-3\\\/#breadcrumb\"},\"inLanguage\":\"en-US\",\"potentialAction\":[{\"@type\":\"ReadAction\",\"target\":[\"https:\\\/\\\/www.sfsic.org\\\/en\\\/evenement\\\/apprehender-les-espaces-publics-a-la-lumiere-des-discours-et-pratiques-mediatiques-le-cas-de-lafrique-3\\\/\"]}]},{\"@type\":\"ImageObject\",\"inLanguage\":\"en-US\",\"@id\":\"https:\\\/\\\/www.sfsic.org\\\/en\\\/evenement\\\/apprehender-les-espaces-publics-a-la-lumiere-des-discours-et-pratiques-mediatiques-le-cas-de-lafrique-3\\\/#primaryimage\",\"url\":\"https:\\\/\\\/www.sfsic.org\\\/wp-inside\\\/uploads\\\/skp-membership\\\/demande_adh\\\/logo-elico-horizontal1-320x122.jpg\",\"contentUrl\":\"https:\\\/\\\/www.sfsic.org\\\/wp-inside\\\/uploads\\\/skp-membership\\\/demande_adh\\\/logo-elico-horizontal1-320x122.jpg\"},{\"@type\":\"BreadcrumbList\",\"@id\":\"https:\\\/\\\/www.sfsic.org\\\/en\\\/evenement\\\/apprehender-les-espaces-publics-a-la-lumiere-des-discours-et-pratiques-mediatiques-le-cas-de-lafrique-3\\\/#breadcrumb\",\"itemListElement\":[{\"@type\":\"ListItem\",\"position\":1,\"name\":\"Accueil\",\"item\":\"https:\\\/\\\/www.sfsic.org\\\/en\\\/\"},{\"@type\":\"ListItem\",\"position\":2,\"name\":\"Events\",\"item\":\"https:\\\/\\\/www.sfsic.org\\\/en\\\/events\\\/\"},{\"@type\":\"ListItem\",\"position\":3,\"name\":\"Conference\",\"item\":\"https:\\\/\\\/www.sfsic.org\\\/en\\\/events\\\/conference-en\\\/\"},{\"@type\":\"ListItem\",\"position\":4,\"name\":\"Appr\u00e9hender les espaces publics \u00e0 la lumi\u00e8re des discours et pratiques m\u00e9diatiques&#160;: le cas de l\u2019Afrique\"}]},{\"@type\":\"WebSite\",\"@id\":\"https:\\\/\\\/www.sfsic.org\\\/en\\\/#website\",\"url\":\"https:\\\/\\\/www.sfsic.org\\\/en\\\/\",\"name\":\"SFSIC\",\"description\":\"Soci\u00e9t\u00e9 Fran\u00e7aise des Sciences de l&#039;Information &amp; de la Communication\",\"publisher\":{\"@id\":\"https:\\\/\\\/www.sfsic.org\\\/en\\\/#organization\"},\"potentialAction\":[{\"@type\":\"SearchAction\",\"target\":{\"@type\":\"EntryPoint\",\"urlTemplate\":\"https:\\\/\\\/www.sfsic.org\\\/en\\\/?s={search_term_string}\"},\"query-input\":{\"@type\":\"PropertyValueSpecification\",\"valueRequired\":true,\"valueName\":\"search_term_string\"}}],\"inLanguage\":\"en-US\"},{\"@type\":\"Organization\",\"@id\":\"https:\\\/\\\/www.sfsic.org\\\/en\\\/#organization\",\"name\":\"SFSIC\",\"url\":\"https:\\\/\\\/www.sfsic.org\\\/en\\\/\",\"logo\":{\"@type\":\"ImageObject\",\"inLanguage\":\"en-US\",\"@id\":\"https:\\\/\\\/www.sfsic.org\\\/en\\\/#\\\/schema\\\/logo\\\/image\\\/\",\"url\":\"https:\\\/\\\/www.sfsic.org\\\/wp-inside\\\/uploads\\\/2020\\\/05\\\/logo-sfsic.jpg\",\"contentUrl\":\"https:\\\/\\\/www.sfsic.org\\\/wp-inside\\\/uploads\\\/2020\\\/05\\\/logo-sfsic.jpg\",\"width\":1085,\"height\":1080,\"caption\":\"SFSIC\"},\"image\":{\"@id\":\"https:\\\/\\\/www.sfsic.org\\\/en\\\/#\\\/schema\\\/logo\\\/image\\\/\"}},{\"@type\":\"Person\",\"@id\":\"https:\\\/\\\/www.sfsic.org\\\/en\\\/#\\\/schema\\\/person\\\/9f83573bda33f40c68c7c826e9567df6\",\"name\":\"Fabien Bonnet\",\"image\":{\"@type\":\"ImageObject\",\"inLanguage\":\"en-US\",\"@id\":\"https:\\\/\\\/secure.gravatar.com\\\/avatar\\\/88a9288fc13369cb9e30359afa340f8adace82098c18ff09415c6dacd710ddc4?s=96&d=mm&r=g\",\"url\":\"https:\\\/\\\/secure.gravatar.com\\\/avatar\\\/88a9288fc13369cb9e30359afa340f8adace82098c18ff09415c6dacd710ddc4?s=96&d=mm&r=g\",\"contentUrl\":\"https:\\\/\\\/secure.gravatar.com\\\/avatar\\\/88a9288fc13369cb9e30359afa340f8adace82098c18ff09415c6dacd710ddc4?s=96&d=mm&r=g\",\"caption\":\"Fabien Bonnet\"}}]}<\/script>\n<!-- \/ Yoast SEO plugin. -->","yoast_head_json":{"title":"Appr\u00e9hender les espaces publics \u00e0 la lumi\u00e8re des discours et pratiques m\u00e9diatiques : le cas de l\u2019Afrique","description":"La 2\u00e8me \u00e9dition du colloque international CMCL se tiendra \u00e0 Lyon du 28\/11 au 1\/12 et portera sur la th\u00e9matique \"Appr\u00e9hender les espaces publics \u00e0 la lumi\u00e8re des discours et pratiques m\u00e9diatiques : le cas de l\u2019Afrique\".","robots":{"index":"index","follow":"follow","max-snippet":"max-snippet:-1","max-image-preview":"max-image-preview:large","max-video-preview":"max-video-preview:-1"},"canonical":"https:\/\/www.sfsic.org\/en\/evenement\/apprehender-les-espaces-publics-a-la-lumiere-des-discours-et-pratiques-mediatiques-le-cas-de-lafrique-3\/","og_locale":"en_US","og_type":"article","og_title":"Appr\u00e9hender les espaces publics \u00e0 la lumi\u00e8re des discours et pratiques m\u00e9diatiques : le cas de l\u2019Afrique","og_description":"La 2\u00e8me \u00e9dition du colloque international CMCL se tiendra \u00e0 Lyon du 28\/11 au 1\/12 et portera sur la th\u00e9matique \"Appr\u00e9hender les espaces publics \u00e0 la lumi\u00e8re des discours et pratiques m\u00e9diatiques : le cas de l\u2019Afrique\".","og_url":"https:\/\/www.sfsic.org\/en\/evenement\/apprehender-les-espaces-publics-a-la-lumiere-des-discours-et-pratiques-mediatiques-le-cas-de-lafrique-3\/","og_site_name":"SFSIC","article_published_time":"2022-10-10T15:51:20+00:00","article_modified_time":"2022-10-10T19:27:51+00:00","og_image":[{"url":"https:\/\/www.sfsic.org\/wp-inside\/uploads\/skp-membership\/demande_adh\/logo-elico-horizontal1-320x122.jpg","type":"","width":"","height":""}],"author":"Fabien Bonnet","twitter_card":"summary_large_image","schema":{"@context":"https:\/\/schema.org","@graph":[{"@type":"Article","@id":"https:\/\/www.sfsic.org\/en\/evenement\/apprehender-les-espaces-publics-a-la-lumiere-des-discours-et-pratiques-mediatiques-le-cas-de-lafrique-3\/#article","isPartOf":{"@id":"https:\/\/www.sfsic.org\/en\/evenement\/apprehender-les-espaces-publics-a-la-lumiere-des-discours-et-pratiques-mediatiques-le-cas-de-lafrique-3\/"},"author":{"name":"Fabien Bonnet","@id":"https:\/\/www.sfsic.org\/en\/#\/schema\/person\/9f83573bda33f40c68c7c826e9567df6"},"headline":"Appr\u00e9hender les espaces publics \u00e0 la lumi\u00e8re des discours et pratiques m\u00e9diatiques : le cas de l\u2019Afrique","datePublished":"2022-10-10T15:51:20+00:00","dateModified":"2022-10-10T19:27:51+00:00","mainEntityOfPage":{"@id":"https:\/\/www.sfsic.org\/en\/evenement\/apprehender-les-espaces-publics-a-la-lumiere-des-discours-et-pratiques-mediatiques-le-cas-de-lafrique-3\/"},"wordCount":629,"publisher":{"@id":"https:\/\/www.sfsic.org\/en\/#organization"},"image":{"@id":"https:\/\/www.sfsic.org\/en\/evenement\/apprehender-les-espaces-publics-a-la-lumiere-des-discours-et-pratiques-mediatiques-le-cas-de-lafrique-3\/#primaryimage"},"thumbnailUrl":"https:\/\/www.sfsic.org\/wp-inside\/uploads\/skp-membership\/demande_adh\/logo-elico-horizontal1-320x122.jpg","keywords":["Afrique","M\u00e9dias"],"articleSection":["Colloque","\u00c9v\u00e9nements"],"inLanguage":"en-US"},{"@type":"WebPage","@id":"https:\/\/www.sfsic.org\/en\/evenement\/apprehender-les-espaces-publics-a-la-lumiere-des-discours-et-pratiques-mediatiques-le-cas-de-lafrique-3\/","url":"https:\/\/www.sfsic.org\/en\/evenement\/apprehender-les-espaces-publics-a-la-lumiere-des-discours-et-pratiques-mediatiques-le-cas-de-lafrique-3\/","name":"Appr\u00e9hender les espaces publics \u00e0 la lumi\u00e8re des discours et pratiques m\u00e9diatiques : le cas de l\u2019Afrique","isPartOf":{"@id":"https:\/\/www.sfsic.org\/en\/#website"},"primaryImageOfPage":{"@id":"https:\/\/www.sfsic.org\/en\/evenement\/apprehender-les-espaces-publics-a-la-lumiere-des-discours-et-pratiques-mediatiques-le-cas-de-lafrique-3\/#primaryimage"},"image":{"@id":"https:\/\/www.sfsic.org\/en\/evenement\/apprehender-les-espaces-publics-a-la-lumiere-des-discours-et-pratiques-mediatiques-le-cas-de-lafrique-3\/#primaryimage"},"thumbnailUrl":"https:\/\/www.sfsic.org\/wp-inside\/uploads\/skp-membership\/demande_adh\/logo-elico-horizontal1-320x122.jpg","datePublished":"2022-10-10T15:51:20+00:00","dateModified":"2022-10-10T19:27:51+00:00","description":"La 2\u00e8me \u00e9dition du colloque international CMCL se tiendra \u00e0 Lyon du 28\/11 au 1\/12 et portera sur la th\u00e9matique \"Appr\u00e9hender les espaces publics \u00e0 la lumi\u00e8re des discours et pratiques m\u00e9diatiques : le cas de l\u2019Afrique\".","breadcrumb":{"@id":"https:\/\/www.sfsic.org\/en\/evenement\/apprehender-les-espaces-publics-a-la-lumiere-des-discours-et-pratiques-mediatiques-le-cas-de-lafrique-3\/#breadcrumb"},"inLanguage":"en-US","potentialAction":[{"@type":"ReadAction","target":["https:\/\/www.sfsic.org\/en\/evenement\/apprehender-les-espaces-publics-a-la-lumiere-des-discours-et-pratiques-mediatiques-le-cas-de-lafrique-3\/"]}]},{"@type":"ImageObject","inLanguage":"en-US","@id":"https:\/\/www.sfsic.org\/en\/evenement\/apprehender-les-espaces-publics-a-la-lumiere-des-discours-et-pratiques-mediatiques-le-cas-de-lafrique-3\/#primaryimage","url":"https:\/\/www.sfsic.org\/wp-inside\/uploads\/skp-membership\/demande_adh\/logo-elico-horizontal1-320x122.jpg","contentUrl":"https:\/\/www.sfsic.org\/wp-inside\/uploads\/skp-membership\/demande_adh\/logo-elico-horizontal1-320x122.jpg"},{"@type":"BreadcrumbList","@id":"https:\/\/www.sfsic.org\/en\/evenement\/apprehender-les-espaces-publics-a-la-lumiere-des-discours-et-pratiques-mediatiques-le-cas-de-lafrique-3\/#breadcrumb","itemListElement":[{"@type":"ListItem","position":1,"name":"Accueil","item":"https:\/\/www.sfsic.org\/en\/"},{"@type":"ListItem","position":2,"name":"Events","item":"https:\/\/www.sfsic.org\/en\/events\/"},{"@type":"ListItem","position":3,"name":"Conference","item":"https:\/\/www.sfsic.org\/en\/events\/conference-en\/"},{"@type":"ListItem","position":4,"name":"Appr\u00e9hender les espaces publics \u00e0 la lumi\u00e8re des discours et pratiques m\u00e9diatiques&#160;: le cas de l\u2019Afrique"}]},{"@type":"WebSite","@id":"https:\/\/www.sfsic.org\/en\/#website","url":"https:\/\/www.sfsic.org\/en\/","name":"SFSIC","description":"Soci\u00e9t\u00e9 Fran\u00e7aise des Sciences de l&#039;Information &amp; de la Communication","publisher":{"@id":"https:\/\/www.sfsic.org\/en\/#organization"},"potentialAction":[{"@type":"SearchAction","target":{"@type":"EntryPoint","urlTemplate":"https:\/\/www.sfsic.org\/en\/?s={search_term_string}"},"query-input":{"@type":"PropertyValueSpecification","valueRequired":true,"valueName":"search_term_string"}}],"inLanguage":"en-US"},{"@type":"Organization","@id":"https:\/\/www.sfsic.org\/en\/#organization","name":"SFSIC","url":"https:\/\/www.sfsic.org\/en\/","logo":{"@type":"ImageObject","inLanguage":"en-US","@id":"https:\/\/www.sfsic.org\/en\/#\/schema\/logo\/image\/","url":"https:\/\/www.sfsic.org\/wp-inside\/uploads\/2020\/05\/logo-sfsic.jpg","contentUrl":"https:\/\/www.sfsic.org\/wp-inside\/uploads\/2020\/05\/logo-sfsic.jpg","width":1085,"height":1080,"caption":"SFSIC"},"image":{"@id":"https:\/\/www.sfsic.org\/en\/#\/schema\/logo\/image\/"}},{"@type":"Person","@id":"https:\/\/www.sfsic.org\/en\/#\/schema\/person\/9f83573bda33f40c68c7c826e9567df6","name":"Fabien Bonnet","image":{"@type":"ImageObject","inLanguage":"en-US","@id":"https:\/\/secure.gravatar.com\/avatar\/88a9288fc13369cb9e30359afa340f8adace82098c18ff09415c6dacd710ddc4?s=96&d=mm&r=g","url":"https:\/\/secure.gravatar.com\/avatar\/88a9288fc13369cb9e30359afa340f8adace82098c18ff09415c6dacd710ddc4?s=96&d=mm&r=g","contentUrl":"https:\/\/secure.gravatar.com\/avatar\/88a9288fc13369cb9e30359afa340f8adace82098c18ff09415c6dacd710ddc4?s=96&d=mm&r=g","caption":"Fabien Bonnet"}}]}},"_links":{"self":[{"href":"https:\/\/www.sfsic.org\/en\/wp-json\/wp\/v2\/posts\/25220","targetHints":{"allow":["GET"]}}],"collection":[{"href":"https:\/\/www.sfsic.org\/en\/wp-json\/wp\/v2\/posts"}],"about":[{"href":"https:\/\/www.sfsic.org\/en\/wp-json\/wp\/v2\/types\/post"}],"author":[{"embeddable":true,"href":"https:\/\/www.sfsic.org\/en\/wp-json\/wp\/v2\/users\/957"}],"replies":[{"embeddable":true,"href":"https:\/\/www.sfsic.org\/en\/wp-json\/wp\/v2\/comments?post=25220"}],"version-history":[{"count":2,"href":"https:\/\/www.sfsic.org\/en\/wp-json\/wp\/v2\/posts\/25220\/revisions"}],"predecessor-version":[{"id":25923,"href":"https:\/\/www.sfsic.org\/en\/wp-json\/wp\/v2\/posts\/25220\/revisions\/25923"}],"wp:attachment":[{"href":"https:\/\/www.sfsic.org\/en\/wp-json\/wp\/v2\/media?parent=25220"}],"wp:term":[{"taxonomy":"category","embeddable":true,"href":"https:\/\/www.sfsic.org\/en\/wp-json\/wp\/v2\/categories?post=25220"},{"taxonomy":"post_tag","embeddable":true,"href":"https:\/\/www.sfsic.org\/en\/wp-json\/wp\/v2\/tags?post=25220"},{"taxonomy":"thematique","embeddable":true,"href":"https:\/\/www.sfsic.org\/en\/wp-json\/wp\/v2\/thematique?post=25220"},{"taxonomy":"sfsic","embeddable":true,"href":"https:\/\/www.sfsic.org\/en\/wp-json\/wp\/v2\/sfsic?post=25220"}],"curies":[{"name":"wp","href":"https:\/\/api.w.org\/{rel}","templated":true}]}}