{"id":25125,"date":"2022-10-31T11:44:30","date_gmt":"2022-10-31T10:44:30","guid":{"rendered":"https:\/\/www.sfsic.org\/?p=25125"},"modified":"2022-10-31T16:17:51","modified_gmt":"2022-10-31T15:17:51","slug":"les-ecrans-de-la-delinquance-juvenile","status":"publish","type":"post","link":"https:\/\/www.sfsic.org\/en\/aac-evenement\/les-ecrans-de-la-delinquance-juvenile\/","title":{"rendered":"Les \u00e9crans de la d\u00e9linquance juv\u00e9nile"},"content":{"rendered":"<p><!-- fxzn:singledetail --><\/p>\n<div class=\"zone zn-singledetail\" id=\"fxzn-singledetail-1\">\n<div class=\"zone-block zn-singledetail-block alignwide va-top\">\n<div class=\"row\">\n<div class=\"columns large-8 large-push-4\">\n<div class=\"zn-singledetail-metabox\">\n<div class=\"zn-singledetail-pubdate pubdate\">\n\t\t\t\t\t<span class=\"pubdate-txt\">Mis en ligne le<\/span><span class=\"doubledot\"><\/span> 10 juin 2022\t\t\t\t<\/div>\n<div class=\"zn-singledetail-thematiques with-sep-comma\">\n<ul class=\"termslist termslist-thematique\">\n<li class=\"termslist-item termslist-title\"><span class=\"termslist-titletxt\">Th\u00e9matiques<\/span><span class=\"doubledot\"><\/span><\/li>\n<li class=\"termslist-item tax-thematique term-images-cinema-medias-audiovisuels-et-industries-culturelles\"><a class=\"termslist-itemlink\" href=\"https:\/\/www.sfsic.org\/thematiques\/images-cinema-medias-audiovisuels-et-industries-culturelles\/\" title=\"Images, cin\u00e9ma, m\u00e9dias audiovisuels et industries culturelles\"><span class=\"termslist-itemname\">Images, cin\u00e9ma, m\u00e9dias audiovisuels et industries culturelles<\/span><\/a><\/li>\n<\/ul><\/div>\n<\/p><\/div>\n<\/p><\/div>\n<\/p><\/div>\n<div class=\"row\">\n<div class=\"columns large-4\">\n<div class=\"zn-singledetail-sidebar bg-cornersquares\">\n<div class=\"zn-singledetail-infos\">\n<p class=\"zn-singledetail-reponse-date\">\n\t\t\t\t\t\t<span>R\u00e9ponse attendue pour le<\/span><span class=\"doubledot\"><\/span> <strong>30\/11\/2022<\/strong>\n\t\t\t\t\t<\/p>\n<p class=\"zn-singledetail-reponse-type\">\n\t\t\t\t\t<span>Type de r\u00e9ponse<\/span><span class=\"doubledot\"><\/span> <strong>R\u00e9sum\u00e9<\/strong>\n\t\t\t\t\t<\/p>\n<p class=\"zn-singledetail-type\">\n\t\t\t\t\t\t\t<span>Type d\u2019\u00e9v\u00e9nement<\/span><span class=\"doubledot\"><\/span> <strong>Colloque<\/strong>\n\t\t\t\t\t<\/p>\n<\/p><\/div>\n<div class=\"zn-singledetail-contacts\">\n<h3 class=\"zn-singledetail-section-title\">Contacts<\/h3>\n<ul class=\"zn-singledetail-contacts-list\">\n<li class=\"zn-singledetail-contact\">\n\t\t\t\t\t\t\t<span class=\"zn-singledetail-contact-name\">Roxane Hamery<\/span><span class=\"doubledot\"><\/span><br \/>\n\t\t\t\t\t\t\t\t\t\t\t\t\t\t<a class=\"zn-singledetail-contact-mail prettylink\" href=\"mailto:roxane.hamery@univ-rennes2.fr\">roxane.hamery@univ-rennes2.fr<\/a>\n\t\t\t\t\t\t\t\t\t\t\t\t\t<\/li>\n<li class=\"zn-singledetail-contact\">\n\t\t\t\t\t\t\t<span class=\"zn-singledetail-contact-name\">Sebastien Le Pajole<\/span><span class=\"doubledot\"><\/span><br \/>\n\t\t\t\t\t\t\t\t\t\t\t\t\t\t<a class=\"zn-singledetail-contact-mail prettylink\" href=\"mailto:sebastien.le-pajolec@univ-paris1.fr\">sebastien.le-pajolec@univ-paris1.fr<\/a>\n\t\t\t\t\t\t\t\t\t\t\t\t\t<\/li>\n<\/ul><\/div>\n<\/p><\/div>\n<\/p><\/div>\n<div class=\"columns large-8\">\n<div class=\"zn-singledetail-contentbox\">\n<div class=\"zn-singledetail-eventinfo\">\n<div class=\"zn-singledetail-eventinfo-inner\">\n<div class=\"zn-singledetail-eventdates\">\n\t\t\t\t\t\t<span class=\"zn-singledetail-label\">Dates de l\u2019\u00e9v\u00e9nement<span class=\"doubledot\"><\/span><\/span><\/p>\n<ul class=\"zn-singledetail-eventdates-list\">\n<li class=\"zn-singledetail-eventdates-item\">\n\t\t\t\t\t\t\t\tDu 16\/11\/2022 au 17\/11\/2022\t\t\t\t\t\t\t<\/li>\n<\/ul><\/div>\n<p class=\"zn-singledetail-eventplace\">\n\t\t\t\t\t\t<span class=\"zn-singledetail-label\">Lieu de l\u2019\u00e9v\u00e9nement<span class=\"doubledot\"><\/span><\/span><br \/>\n\t\t\t\t\t\t<span class=\"zn-singledetail-eventplace-adr\"><br \/>\n\t\t\t\t\t\t\t\t\t\t\t\t<span class=\"adr-name\">Colloque en Sorbonne<\/span>,<\/p>\n<p>\t\t\t\t\t\t<span class=\"adr-street\">17, rue de la Sorbonne <\/span>, <span class=\"adr-city\">Paris<\/span><br \/>\n\t\t\t\t\t\t<\/span>\t\t\t\t\t<\/p>\n<\/p><\/div>\n<\/p><\/div>\n<div class=\"zn-singledetail-annonce wig-content\">\n<div class=\"page\" title=\"Page 1\">\n<div class=\"layoutArea\">\n<div class=\"column\">\n<p>Du 26 de\u0301cembre 1966 au 2 janvier 1967, les septie\u0300mes Rencontres internationales du film pour la jeunesse, une manifestation hors du champ acade\u0301mique, avaient pour the\u0300me \u00ab&#160;Cine\u0301ma et de\u0301linquance juve\u0301nile&#160;\u00bb. Projections de films et expose\u0301s s\u2019enchai\u0302naient pour aborder les effets des images sur un phe\u0301nome\u0300ne aux fondements et aux contours difficiles a\u0300 de\u0301finir.<\/p>\n<p>Lors des dernie\u0300res de\u0301cennies ce type d\u2019approche, tre\u0300s me\u0301caniques et souvent illusoires, a e\u0301te\u0301 battu en bre\u0300che. De nombreuses recherches en sciences humaines et en e\u0301tudes cine\u0301matographiques et audiovisuelles ont participe\u0301 a\u0300 la le\u0301gitimation de l\u2019analyse des images anime\u0301es dans une perspective d\u2019histoire sociale et culturelle qui se soucie a\u0300 la fois des discours sociaux (professionnels, hommes politiques, associations diverses&#8230;), des agencements formels et des modalite\u0301s selon lesquelles les publics re\u0301agissent et s\u2019approprient ces figures.<\/p>\n<p>Dans la continuite\u0301 de l\u2019exposition \u00ab&#160;La Justice des enfants fait son cine\u0301ma&#160;\u00bb, organise\u0301e en 2023 a\u0300 Savigny-sur-Orge en partenariat avec l\u2019E\u0301cole nationale de protection judiciaire de la jeunesse (ENPJJ), il nous a semble\u0301 important d\u2019interroger a\u0300 nouveaux frais les liens associant les images mobiles et sonorise\u0301es a\u0300 la de\u0301linquance juve\u0301nile en mettant au c\u0153ur des pre\u0301occupations la notion plurielle de repre\u0301sentations et en e\u0301largissant le champ d\u2019e\u0301tude du cine\u0301ma a\u0300 la te\u0301le\u0301vision. En effet si la de\u0301linquance des mineurs constitue un objet juridique impliquant un arsenal le\u0301gislatif, des pratiques spe\u0301cifiques et des acteurs sociaux (juges, e\u0301ducateurs&#8230;), elle ne saurait s\u2019y re\u0301sumer. Paralle\u0300lement a\u0300 une chronologie des formes de contro\u0302le et de sanction ciblant les de\u0301viances juve\u0301niles, s\u2019est mis en place un imaginaire des jeunesses de\u0301linquantes, qui trouve son fondement dans la presse illustre\u0301e comme l\u2019a e\u0301tudie\u0301 Dominique Kalifa dans L\u2019Encre et le sang, au moment me\u0302me ou\u0300 s\u2019inventait le cine\u0301ma, la litte\u0301rature et la presse de grande consommation. Si, en me\u0302me temps que la litte\u0301rature et les articles de presse, les images fixes (des gravures aux reportages photographiques des magazines en passant par le photo-roman et la radio) ont contribue\u0301 a\u0300 de\u0301noncer des situations (les bagnes d\u2019enfant), a\u0300 de\u0301finir des normes comportementales, a\u0300 forger des figures reconnues (le juge des enfants) et des ste\u0301re\u0301otypes sociaux (les mauvaises graines, les filles de mauvaise vie&#8230;), au fil des de\u0301cennies, le cine\u0301ma puis le petit e\u0301cran ont e\u0301labore\u0301 leurs propres fictions et reportages, lesquels constituent un formidable re\u0301pertoire des repre\u0301sentations audiovisuelles d\u2019une jeunesse dangereuse, et parfois en danger. Ces films comme ces magazines te\u0301le\u0301visuels ont connu une large diffusion au sein des socie\u0301te\u0301s, circulant souvent d\u2019un pays a\u0300 un autre. Ils ont non seulement te\u0301moigne\u0301, de la Belle e\u0301poque a\u0300 notre pre\u0301sent, des peurs sociales de leurs contemporains mais ils ont aussi fait re\u0301agir\u00a0<span style=\"font-size: inherit\">l\u2019espace public et influence\u0301 les comportements, ge\u0301ne\u0301rant notamment de vifs de\u0301bats au sujet des effets potentiellement ne\u0301fastes de ces repre\u0301sentations.<\/span><\/p>\n<\/div>\n<\/div>\n<\/div>\n<div class=\"page\" title=\"Page 2\">\n<div class=\"layoutArea\">\n<div class=\"column\">\n<p>Dans cette re\u0301flexion sur les repre\u0301sentations audiovisuelles de la jeunesse irre\u0301gulie\u0300re, nous avons de\u0301cide\u0301 ne pas e\u0301tablir de limites trop strictes. D\u2019abord en termes de de\u0301finition de la juve\u0301nilite\u0301 et des classes d\u2019a\u0302ge qui s\u2019y rattachent. L\u2019a\u0302ge des come\u0301diens n\u2019est pas toujours celui des personnages, qui n\u2019est d\u2019ailleurs pas force\u0301ment mentionne\u0301 a\u0300 l\u2019e\u0301cran. En outre les expressions publiques ciblant la de\u0301linquance juve\u0301nile concernent, quels que soient les espaces et les e\u0301poques, bien souvent des spectateurs de\u0301ja\u0300 majeurs ou a\u0300 l\u2019inverse pas encore adolescents. De me\u0302me nous souhaitons aborder la question des de\u0301lits de manie\u0300re extensive, et pas seulement juridique. En effet, les figurations d\u2019une jeunesse dangereuse ne se re\u0301fe\u0300rent pas toujours a\u0300 un cadre le\u0301gislatif et la pratique de simples loisirs stigmatise\u0301s peut suffire a\u0300 mettre ces jeunes symboliquement \u00ab&#160;hors-la-loi&#160;\u00bb et a\u0300 alimenter les peurs de la socie\u0301te\u0301. En refusant d\u2019enfermer la question des e\u0301crans de la de\u0301linquance juve\u0301nile dans des cate\u0301gories trop fige\u0301es nous espe\u0301rons encourager les e\u0301tudes consacre\u0301es justement aux proble\u0301matiques lie\u0301es aux constructions audiovisuelles de ces cate\u0301gories et aux de\u0301bats qu\u2019elles suscitent.<\/p>\n<p>Nous proposons de structurer le colloque autour de trois axes comple\u0301mentaires<\/p>\n<h2>Axe 1&#160;: Les images de la de\u0301linquance juve\u0301nile entre contraintes et de\u0301bats<\/h2>\n<p>Le premier axe regroupera les communications de\u0301die\u0301es a\u0300 l\u2019examen des diffe\u0301rentes formes de censure, de contro\u0302le et de contraintes qui pe\u0300sent sur l\u2019e\u0301laboration de ces images qu\u2019elles soient politiques, e\u0301conomiques, sociales ou culturelles. On se demandera d\u2019ou\u0300 viennent ces images, quelles instances (du producteur au censeur) les orientent&#160;? Cet ensemble portera e\u0301galement sur les de\u0301bats suscite\u0301s par la porte\u0301e de ces repre\u0301sentations dans les diffe\u0301rents groupes sociaux. Comment sont-elles discute\u0301es&#160;? Quelles attentes suscitent-elles&#160;? En amont comme a\u0300 l\u2019aval, il s\u2019agira d\u2019observer comment les sources audiovisuelles sont fac\u0327onne\u0301es et filtre\u0301es par les pratiques sociales.<\/p>\n<h2>Axe 2&#160;: Les imaginaires sociaux de la jeunesse de\u0301linquante<\/h2>\n<p>Le deuxie\u0300me axe rassemblera les interventions qui s\u2019interrogeront plus spe\u0301cifiquement sur les repre\u0301sentations de la de\u0301linquance juve\u0301nile e\u0301labore\u0301es par les \u0153uvres, les programmes et les reportages. Dans une perspective diachronique, a\u0300 partir de corpus de\u0301finis, il s\u2019agira d\u2019examiner quels imaginaires sociaux sont mobilise\u0301s dans ces productions audiovisuelles. Quel est le poids des contextes socio-historiques sur ces imaginaires&#160;? Quelles ge\u0301ographies de la de\u0301viance juve\u0301nile sont cartographie\u0301es a\u0300 l\u2019e\u0301cran&#160;? Comment cine\u0301ma et te\u0301le\u0301vision configurent un ensemble de ste\u0301re\u0301otypes sociaux pour caracte\u0301riser la jeunesse de\u0301lictueuse a\u0300 travers ses modes de pre\u0301sentation (du he\u0301ros au groupe en passant par le duo ou le trio), ses cadres familiaux et institutionnels, ses attitudes et ses pratiques (ille\u0301gales ou non), les motivations et les cibles de ses me\u0301faits, le rapport a\u0300 l\u2019autorite\u0301&#8230; On pre\u0302tera particulie\u0300rement attention au traitement te\u0301le\u0301visuel pratique\u0301 en fonction des repre\u0301sentations par a\u0302ge, par sexe, par milieu social et par origines ethniques des jeunes filme\u0301s, e\u0301voque\u0301s ou interviewe\u0301s. Il ne s\u2019agira pas ne\u0301anmoins de ne s\u2019inte\u0301resser qu\u2019aux jeunes protagonistes, les interventions portant sur des figures institutionnelles repre\u0301sentant le champ e\u0301ducatif, judiciaire ou policier seront aussi les bienvenues<\/p>\n<h2>Axe 3&#160;: Circulations et migrations d\u2019images de la jeunesse dangereuse<\/h2>\n<p>Ce dernier axe concernera notamment des approches transnationales qui porteront sur les influences d\u2019une cine\u0301matographie sur une autre, sur la re\u0301ception dans un pays donne\u0301 d\u2019une \u0153uvre e\u0301trange\u0300re. On pourra e\u0301galement s\u2019inte\u0301resser aux diffe\u0301rentes sorties d\u2019un me\u0302me film au fil du temps, aux re\u0301ceptions de\u0301cale\u0301es et aux remakes. Il est e\u0301galement possible dans cette\u00a0<span style=\"font-size: inherit\">perspective de confronter le champ cine\u0301matographique a\u0300 la production te\u0301le\u0301visuelle, la fiction au documentaire.<\/span><\/p>\n<\/div>\n<\/div>\n<\/div>\n<div class=\"page\" title=\"Page 3\">\n<div class=\"layoutArea\">\n<div class=\"column\">\n<ul>\n<li><strong>Proposition de communication<\/strong> sous forme d\u2019un titre et d\u2019un de\u0301veloppement (sources e\u0301tudie\u0301es, me\u0301thode adopte\u0301e, questions traite\u0301es), d\u2019une a\u0300 deux pages maximum.<\/li>\n<li><strong>Date limite d\u2019envoi<\/strong>&#160;: 31 juillet 2022<\/li>\n<li><strong>Re\u0301ponse du comite\u0301 scientifique<\/strong>&#160;: le 30 septembre 2022<\/li>\n<\/ul>\n<h2>Contact<\/h2>\n<ul>\n<li>Se\u0301bastien Le Pajolec&#160;: <a href=\"mailto:sebastien.le-pajolec@univ-paris1.fr\">sebastien.le-pajolec@univ-paris1.fr<\/a><\/li>\n<li>Roxane Hamery&#160;: <a href=\"mailto:roxane.hamery@univ-rennes2.fr\">roxane.hamery@univ-rennes2.fr<\/a><\/li>\n<\/ul>\n<h2>Comite\u0301 d\u2019organisation<\/h2>\n<ul>\n<li>Ve\u0301ronique Blanchard (\u00c9cole nationale de protection judiciaire de la jeunesse)<\/li>\n<li>Mathias Gardet (Universite\u0301 Paris 8)<\/li>\n<li>Roxane Hamery (Universite\u0301 Rennes 2)<\/li>\n<li>Amandine Kervella (\u00c9cole nationale de protection judiciaire de la jeunesse)<\/li>\n<li>Se\u0301bastien Le Pajolec (Universite\u0301 Paris 1, )<\/li>\n<li><span style=\"font-size: inherit\">Myriam Tsikounas (Universite\u0301 Paris 1)<\/span><\/li>\n<\/ul>\n<h2>Comite\u0301 scientifique<\/h2>\n<ul>\n<li>Philippe Bourdier (Universite\u0301 d\u2019Orle\u0301ans)<\/li>\n<li>Fre\u0301de\u0301ric Chauvaud (Universite\u0301 de Poitiers)<\/li>\n<li>Marion Dalibert (Universite\u0301 de Lille)<\/li>\n<li>Simon Daniellou (Universite\u0301 Rennes 2)<\/li>\n<li>Be\u0301atrice de Pastre (CNC)<\/li>\n<li><span style=\"font-size: inherit\">Christian Delage (CNRS, Universite\u0301 Paris 8)<\/span><\/li>\n<li><span style=\"font-size: inherit\">Se\u0301bastien Denis (Universite\u0301 Paris 1)<\/span><\/li>\n<li><span style=\"font-size: inherit\">Isabelle Garcin-Marrou (Sciences-Po Lyon) <\/span><\/li>\n<li><span style=\"font-size: inherit\">Arnaud-Dominique Houte (Universite\u0301 Sorbonne-Universite\u0301) <\/span><\/li>\n<li><span style=\"font-size: inherit\">Vincent Lowy (ENS Louis-Lumie\u0300re)<\/span><\/li>\n<li><span style=\"font-size: inherit\">Ge\u0301raldine Poels (INA)<\/span><\/li>\n<li><span style=\"font-size: inherit\">Marion Polirsztok (Universite\u0301 Rennes 2)<\/span><\/li>\n<li><span style=\"font-size: inherit\">Michel Porret (Universite\u0301 de Gene\u0300ve)<\/span><\/li>\n<li><span style=\"font-size: inherit\">Sarah Sepulchre (Universite\u0301 catholique de Louvain) <\/span><\/li>\n<li><span style=\"font-size: inherit\">Franc\u0327ois Vallotton (Universite\u0301 de Lausanne)<\/span><\/li>\n<\/ul>\n<\/div>\n<\/div>\n<\/div><\/div>\n<div class=\"zn-singledetail-partners\">\n<h3 class=\"zn-singledetail-section-title\">Partenaires<\/h3>\n<div class=\"zn-singledetail-partners-list row small-up-2 medium-up-3 large-up-5 partnerlist\" data-equalizer data-equalize-on=\"medium\">\n<article class=\"summarypartner partner-5843 column\">\n\t<a class=\"summarypartner-box\" href=\"https:\/\/www.univ-rennes2.fr\/\" title=\"Universit\u00e9 Rennes 2\">\t\t<\/p>\n<div class=\"summarypartner-box-inner\" data-equalizer-watch>\n<div class=\"summarypartner-imgbox\">\n<figure class=\"summarypartner-figure\">\n\t\t\t\t\t<img decoding=\"async\" class=\"summarypartner-img\" src=\"https:\/\/www.sfsic.org\/wp-inside\/uploads\/skp-membership\/demande_adh\/1200px-logo_univ-rennes2-2016.svg_-1-315x320.png\" alt=\"Logo Universit\u00e9 Rennes 2\"><br \/>\n\t\t\t\t\t\t\t\t\t<\/figure>\n<\/p><\/div>\n<div class=\"summarypartner-content\">\n<div class=\"summarypartner-content-inner\">\n<header class=\"summarypartner-header\">\n<h3 class=\"summarypartner-title\">\n\t\t\t\t\t\t\tUniversit\u00e9 Rennes 2\t\t\t\t\t\t<\/h3>\n<\/header><\/div>\n<\/p><\/div>\n<\/p><\/div>\n<p>\t<\/a><\/article>\n<article class=\"summarypartner partner-5835 column\">\n\t<a class=\"summarypartner-box\" href=\"https:\/\/www.pantheonsorbonne.fr\" title=\"Universit\u00e9 Paris 1 Panth\u00e9on Sorbonne\">\t\t<\/p>\n<div class=\"summarypartner-box-inner\" data-equalizer-watch>\n<div class=\"summarypartner-imgbox\">\n<figure class=\"summarypartner-figure\">\n\t\t\t\t\t<img decoding=\"async\" class=\"summarypartner-img\" src=\"https:\/\/www.sfsic.org\/wp-inside\/uploads\/skp-membership\/demande_adh\/1280px-universite_pantheon-sorbonne_depuis_janvier_2015.svg_-320x102.png\" alt=\"Logo Universit\u00e9 Paris 1 Panth\u00e9on Sorbonne\"><br \/>\n\t\t\t\t\t\t\t\t\t<\/figure>\n<\/p><\/div>\n<div class=\"summarypartner-content\">\n<div class=\"summarypartner-content-inner\">\n<header class=\"summarypartner-header\">\n<h3 class=\"summarypartner-title\">\n\t\t\t\t\t\t\tUniversit\u00e9 Paris 1 Panth\u00e9on Sorbonne\t\t\t\t\t\t<\/h3>\n<\/header><\/div>\n<\/p><\/div>\n<\/p><\/div>\n<p>\t<\/a><\/article>\n<article class=\"summarypartner column\">\n<div class=\"summarypartner-box\" title=\"\u00c9cole Nationale de Protection Judiciaire de la Jeunesse\">\n<div class=\"summarypartner-box-inner\" data-equalizer-watch>\n<div class=\"summarypartner-imgbox\">\n<figure class=\"summarypartner-figure\">\n\t\t\t\t\t<img decoding=\"async\" class=\"summarypartner-img\" src=\"https:\/\/www.sfsic.org\/wp-inside\/uploads\/skp-membership\/demande_adh\/logo-enpjj-320x252.png\" alt=\"\"><br \/>\n\t\t\t\t\t\t\t\t\t<\/figure>\n<\/p><\/div>\n<div class=\"summarypartner-content\">\n<div class=\"summarypartner-content-inner\">\n<header class=\"summarypartner-header\">\n<h3 class=\"summarypartner-title\">\n\t\t\t\t\t\t\t\u00c9cole Nationale de Protection Judiciaire de la Jeunesse\t\t\t\t\t\t<\/h3>\n<p class=\"summarypartner-acronym\">\n\t\t\t\t\t\t\tENPJJ\t\t\t\t\t\t<\/p>\n<\/header><\/div>\n<\/p><\/div>\n<\/p><\/div>\n<\/p><\/div>\n<\/article><\/div>\n<\/p><\/div>\n<div class=\"zn-singledetail-attachedfiles\">\n<h3 class=\"zn-singledetail-section-title\">Fichier(s) attach\u00e9(s)<\/h3>\n<ul class=\"zn-singledetail-attachedfiles-list\">\n<li class=\"zn-singledetail-attachedfiles-item\">\n\t\t\t\t\t\t\t<a class=\"zn-singledetail-attachedfiles-link button outline for-download\" href=\"https:\/\/www.sfsic.org\/wp-inside\/uploads\/skp-membership\/demande_adh\/appel-a-communication-les-ecrans-de-la-delinquance-juvenile-16-et-17-novembre-2023-v3.-pdf.pdf\" title=\"T\u00e9l\u00e9charger : \u00ab appel-a-communication-les-ecrans-de-la-delinquance-juvenile-16-et-17-novembre-2023-v3.-pdf.pdf \u00bb\" target=\"_blank\" rel=\"noopener\"><br \/>\n\t\t\t\t\t\t\t\t<span class=\"button-txt\">AAC_ Les Ecrans de la d\u00e9linquance juv\u00e9nile 16 et 17 novembre _2022<span class=\"button-txt-type\"> (pdf)<\/span><\/span><br \/>\n\t\t\t\t\t\t\t<\/a>\n\t\t\t\t\t\t<\/li>\n<\/ul><\/div>\n<div class=\"zn-singledetail-keywords\">\n<h3 class=\"zn-singledetail-section-title\">Mots-cl\u00e9s<\/h3>\n<ul class=\"termslist termslist-post_tag\">\n<li class=\"termslist-item termslist-title\"><span class=\"termslist-titletxt\">Mots-cl\u00e9s<\/span><span class=\"doubledot\"><\/span><\/li>\n<li class=\"termslist-item tax-post_tag term-delinquance\"><a class=\"termslist-itemlink\" href=\"https:\/\/www.sfsic.org\/tag\/delinquance\/\" title=\"d\u00e9linquance\"><span class=\"termslist-itemname\">d\u00e9linquance<\/span><\/a><\/li>\n<li class=\"termslist-item tax-post_tag term-ecran\"><a class=\"termslist-itemlink\" href=\"https:\/\/www.sfsic.org\/tag\/ecran\/\" title=\"\u00c9crans\"><span class=\"termslist-itemname\">\u00c9crans<\/span><\/a><\/li>\n<li class=\"termslist-item tax-post_tag term-image\"><a class=\"termslist-itemlink\" href=\"https:\/\/www.sfsic.org\/tag\/image\/\" title=\"Image\"><span class=\"termslist-itemname\">Image<\/span><\/a><\/li>\n<li class=\"termslist-item tax-post_tag term-jeunes\"><a class=\"termslist-itemlink\" href=\"https:\/\/www.sfsic.org\/tag\/jeunes\/\" title=\"Jeunes\"><span class=\"termslist-itemname\">Jeunes<\/span><\/a><\/li>\n<\/ul><\/div>\n<\/p><\/div>\n<\/p><\/div>\n<\/p><\/div>\n<\/p><\/div>\n<\/div>\n<p><!-- \/fxzn:singledetail --><\/p>\n","protected":false},"excerpt":{"rendered":"<p>Mis en ligne le 10 juin 2022 Th\u00e9matiques Images, cin\u00e9ma, m\u00e9dias audiovisuels et industries culturelles R\u00e9ponse attendue pour le 30\/11\/2022 Type de r\u00e9ponse R\u00e9sum\u00e9 Type d\u2019\u00e9v\u00e9nement Colloque Contacts Roxane Hamery [&hellip;]<\/p>\n","protected":false},"author":1229,"featured_media":0,"comment_status":"closed","ping_status":"closed","sticky":false,"template":"","format":"standard","meta":{"_acf_changed":false,"footnotes":""},"categories":[29,57],"tags":[736,608,165,442],"thematique":[35],"sfsic":[],"class_list":["post-25125","post","type-post","status-publish","format-standard","hentry","category-aac-evenement","category-colloque","tag-delinquance","tag-ecran","tag-image","tag-jeunes","thematique-images-cinema-medias-audiovisuels-et-industries-culturelles","wp-sticky"],"acf":[],"yoast_head":"<!-- This site is optimized with the Yoast SEO plugin v27.4 - https:\/\/yoast.com\/product\/yoast-seo-wordpress\/ -->\n<title>Les \u00e9crans de la d\u00e9linquance juv\u00e9nile<\/title>\n<meta name=\"description\" content=\"Appel \u00e0 communication pour un colloque pluridisciplinaire sur \u00ab les \u00e9crans de la d\u00e9linquance juv\u00e9nile \u00bb.\" \/>\n<meta name=\"robots\" content=\"index, follow, max-snippet:-1, max-image-preview:large, max-video-preview:-1\" \/>\n<link rel=\"canonical\" href=\"https:\/\/www.sfsic.org\/en\/aac-evenement\/les-ecrans-de-la-delinquance-juvenile\/\" \/>\n<meta property=\"og:locale\" content=\"en_US\" \/>\n<meta property=\"og:type\" content=\"article\" \/>\n<meta property=\"og:title\" content=\"Les \u00e9crans de la d\u00e9linquance juv\u00e9nile\" \/>\n<meta property=\"og:description\" content=\"Appel \u00e0 communication pour un colloque pluridisciplinaire sur \u00ab les \u00e9crans de la d\u00e9linquance juv\u00e9nile \u00bb.\" \/>\n<meta property=\"og:url\" content=\"https:\/\/www.sfsic.org\/en\/aac-evenement\/les-ecrans-de-la-delinquance-juvenile\/\" \/>\n<meta property=\"og:site_name\" content=\"SFSIC\" \/>\n<meta property=\"article:published_time\" content=\"2022-10-31T10:44:30+00:00\" \/>\n<meta property=\"article:modified_time\" content=\"2022-10-31T15:17:51+00:00\" \/>\n<meta property=\"og:image\" content=\"https:\/\/www.sfsic.org\/wp-inside\/uploads\/skp-membership\/demande_adh\/1200px-logo_univ-rennes2-2016.svg_-1-315x320.png\" \/>\n<meta name=\"author\" content=\"Mossane Trinquelle\" \/>\n<meta name=\"twitter:card\" content=\"summary_large_image\" \/>\n<script type=\"application\/ld+json\" class=\"yoast-schema-graph\">{\"@context\":\"https:\\\/\\\/schema.org\",\"@graph\":[{\"@type\":\"Article\",\"@id\":\"https:\\\/\\\/www.sfsic.org\\\/en\\\/aac-evenement\\\/les-ecrans-de-la-delinquance-juvenile\\\/#article\",\"isPartOf\":{\"@id\":\"https:\\\/\\\/www.sfsic.org\\\/en\\\/aac-evenement\\\/les-ecrans-de-la-delinquance-juvenile\\\/\"},\"author\":{\"name\":\"Mossane Trinquelle\",\"@id\":\"https:\\\/\\\/www.sfsic.org\\\/en\\\/#\\\/schema\\\/person\\\/c6f2a716fe8dd2b6706312f0e53129b8\"},\"headline\":\"Les \u00e9crans de la d\u00e9linquance juv\u00e9nile\",\"datePublished\":\"2022-10-31T10:44:30+00:00\",\"dateModified\":\"2022-10-31T15:17:51+00:00\",\"mainEntityOfPage\":{\"@id\":\"https:\\\/\\\/www.sfsic.org\\\/en\\\/aac-evenement\\\/les-ecrans-de-la-delinquance-juvenile\\\/\"},\"wordCount\":1536,\"publisher\":{\"@id\":\"https:\\\/\\\/www.sfsic.org\\\/en\\\/#organization\"},\"image\":{\"@id\":\"https:\\\/\\\/www.sfsic.org\\\/en\\\/aac-evenement\\\/les-ecrans-de-la-delinquance-juvenile\\\/#primaryimage\"},\"thumbnailUrl\":\"https:\\\/\\\/www.sfsic.org\\\/wp-inside\\\/uploads\\\/skp-membership\\\/demande_adh\\\/1200px-logo_univ-rennes2-2016.svg_-1-315x320.png\",\"keywords\":[\"d\u00e9linquance\",\"\u00c9crans\",\"Image\",\"Jeunes\"],\"articleSection\":[\"AAC \u00c9v\u00e9nement\",\"Colloque\"],\"inLanguage\":\"en-US\"},{\"@type\":\"WebPage\",\"@id\":\"https:\\\/\\\/www.sfsic.org\\\/en\\\/aac-evenement\\\/les-ecrans-de-la-delinquance-juvenile\\\/\",\"url\":\"https:\\\/\\\/www.sfsic.org\\\/en\\\/aac-evenement\\\/les-ecrans-de-la-delinquance-juvenile\\\/\",\"name\":\"Les \u00e9crans de la d\u00e9linquance juv\u00e9nile\",\"isPartOf\":{\"@id\":\"https:\\\/\\\/www.sfsic.org\\\/en\\\/#website\"},\"primaryImageOfPage\":{\"@id\":\"https:\\\/\\\/www.sfsic.org\\\/en\\\/aac-evenement\\\/les-ecrans-de-la-delinquance-juvenile\\\/#primaryimage\"},\"image\":{\"@id\":\"https:\\\/\\\/www.sfsic.org\\\/en\\\/aac-evenement\\\/les-ecrans-de-la-delinquance-juvenile\\\/#primaryimage\"},\"thumbnailUrl\":\"https:\\\/\\\/www.sfsic.org\\\/wp-inside\\\/uploads\\\/skp-membership\\\/demande_adh\\\/1200px-logo_univ-rennes2-2016.svg_-1-315x320.png\",\"datePublished\":\"2022-10-31T10:44:30+00:00\",\"dateModified\":\"2022-10-31T15:17:51+00:00\",\"description\":\"Appel \u00e0 communication pour un colloque pluridisciplinaire sur \u00ab les \u00e9crans de la d\u00e9linquance juv\u00e9nile \u00bb.\",\"breadcrumb\":{\"@id\":\"https:\\\/\\\/www.sfsic.org\\\/en\\\/aac-evenement\\\/les-ecrans-de-la-delinquance-juvenile\\\/#breadcrumb\"},\"inLanguage\":\"en-US\",\"potentialAction\":[{\"@type\":\"ReadAction\",\"target\":[\"https:\\\/\\\/www.sfsic.org\\\/en\\\/aac-evenement\\\/les-ecrans-de-la-delinquance-juvenile\\\/\"]}]},{\"@type\":\"ImageObject\",\"inLanguage\":\"en-US\",\"@id\":\"https:\\\/\\\/www.sfsic.org\\\/en\\\/aac-evenement\\\/les-ecrans-de-la-delinquance-juvenile\\\/#primaryimage\",\"url\":\"https:\\\/\\\/www.sfsic.org\\\/wp-inside\\\/uploads\\\/skp-membership\\\/demande_adh\\\/1200px-logo_univ-rennes2-2016.svg_-1-315x320.png\",\"contentUrl\":\"https:\\\/\\\/www.sfsic.org\\\/wp-inside\\\/uploads\\\/skp-membership\\\/demande_adh\\\/1200px-logo_univ-rennes2-2016.svg_-1-315x320.png\"},{\"@type\":\"BreadcrumbList\",\"@id\":\"https:\\\/\\\/www.sfsic.org\\\/en\\\/aac-evenement\\\/les-ecrans-de-la-delinquance-juvenile\\\/#breadcrumb\",\"itemListElement\":[{\"@type\":\"ListItem\",\"position\":1,\"name\":\"Accueil\",\"item\":\"https:\\\/\\\/www.sfsic.org\\\/en\\\/\"},{\"@type\":\"ListItem\",\"position\":2,\"name\":\"Calls for Contributions\",\"item\":\"https:\\\/\\\/www.sfsic.org\\\/en\\\/cfc-event\\\/\"},{\"@type\":\"ListItem\",\"position\":3,\"name\":\"Conference\",\"item\":\"https:\\\/\\\/www.sfsic.org\\\/en\\\/cfc-event\\\/conference\\\/\"},{\"@type\":\"ListItem\",\"position\":4,\"name\":\"Les \u00e9crans de la d\u00e9linquance juv\u00e9nile\"}]},{\"@type\":\"WebSite\",\"@id\":\"https:\\\/\\\/www.sfsic.org\\\/en\\\/#website\",\"url\":\"https:\\\/\\\/www.sfsic.org\\\/en\\\/\",\"name\":\"SFSIC\",\"description\":\"Soci\u00e9t\u00e9 Fran\u00e7aise des Sciences de l&#039;Information &amp; de la Communication\",\"publisher\":{\"@id\":\"https:\\\/\\\/www.sfsic.org\\\/en\\\/#organization\"},\"potentialAction\":[{\"@type\":\"SearchAction\",\"target\":{\"@type\":\"EntryPoint\",\"urlTemplate\":\"https:\\\/\\\/www.sfsic.org\\\/en\\\/?s={search_term_string}\"},\"query-input\":{\"@type\":\"PropertyValueSpecification\",\"valueRequired\":true,\"valueName\":\"search_term_string\"}}],\"inLanguage\":\"en-US\"},{\"@type\":\"Organization\",\"@id\":\"https:\\\/\\\/www.sfsic.org\\\/en\\\/#organization\",\"name\":\"SFSIC\",\"url\":\"https:\\\/\\\/www.sfsic.org\\\/en\\\/\",\"logo\":{\"@type\":\"ImageObject\",\"inLanguage\":\"en-US\",\"@id\":\"https:\\\/\\\/www.sfsic.org\\\/en\\\/#\\\/schema\\\/logo\\\/image\\\/\",\"url\":\"https:\\\/\\\/www.sfsic.org\\\/wp-inside\\\/uploads\\\/2020\\\/05\\\/logo-sfsic.jpg\",\"contentUrl\":\"https:\\\/\\\/www.sfsic.org\\\/wp-inside\\\/uploads\\\/2020\\\/05\\\/logo-sfsic.jpg\",\"width\":1085,\"height\":1080,\"caption\":\"SFSIC\"},\"image\":{\"@id\":\"https:\\\/\\\/www.sfsic.org\\\/en\\\/#\\\/schema\\\/logo\\\/image\\\/\"}},{\"@type\":\"Person\",\"@id\":\"https:\\\/\\\/www.sfsic.org\\\/en\\\/#\\\/schema\\\/person\\\/c6f2a716fe8dd2b6706312f0e53129b8\",\"name\":\"Mossane Trinquelle\",\"image\":{\"@type\":\"ImageObject\",\"inLanguage\":\"en-US\",\"@id\":\"https:\\\/\\\/secure.gravatar.com\\\/avatar\\\/4c790e85c72ef19ed5ee42f0009e741b68d9667b859edc1612b917407dc469d2?s=96&d=mm&r=g\",\"url\":\"https:\\\/\\\/secure.gravatar.com\\\/avatar\\\/4c790e85c72ef19ed5ee42f0009e741b68d9667b859edc1612b917407dc469d2?s=96&d=mm&r=g\",\"contentUrl\":\"https:\\\/\\\/secure.gravatar.com\\\/avatar\\\/4c790e85c72ef19ed5ee42f0009e741b68d9667b859edc1612b917407dc469d2?s=96&d=mm&r=g\",\"caption\":\"Mossane Trinquelle\"}}]}<\/script>\n<!-- \/ Yoast SEO plugin. -->","yoast_head_json":{"title":"Les \u00e9crans de la d\u00e9linquance juv\u00e9nile","description":"Appel \u00e0 communication pour un colloque pluridisciplinaire sur \u00ab les \u00e9crans de la d\u00e9linquance juv\u00e9nile \u00bb.","robots":{"index":"index","follow":"follow","max-snippet":"max-snippet:-1","max-image-preview":"max-image-preview:large","max-video-preview":"max-video-preview:-1"},"canonical":"https:\/\/www.sfsic.org\/en\/aac-evenement\/les-ecrans-de-la-delinquance-juvenile\/","og_locale":"en_US","og_type":"article","og_title":"Les \u00e9crans de la d\u00e9linquance juv\u00e9nile","og_description":"Appel \u00e0 communication pour un colloque pluridisciplinaire sur \u00ab les \u00e9crans de la d\u00e9linquance juv\u00e9nile \u00bb.","og_url":"https:\/\/www.sfsic.org\/en\/aac-evenement\/les-ecrans-de-la-delinquance-juvenile\/","og_site_name":"SFSIC","article_published_time":"2022-10-31T10:44:30+00:00","article_modified_time":"2022-10-31T15:17:51+00:00","og_image":[{"url":"https:\/\/www.sfsic.org\/wp-inside\/uploads\/skp-membership\/demande_adh\/1200px-logo_univ-rennes2-2016.svg_-1-315x320.png","type":"","width":"","height":""}],"author":"Mossane Trinquelle","twitter_card":"summary_large_image","schema":{"@context":"https:\/\/schema.org","@graph":[{"@type":"Article","@id":"https:\/\/www.sfsic.org\/en\/aac-evenement\/les-ecrans-de-la-delinquance-juvenile\/#article","isPartOf":{"@id":"https:\/\/www.sfsic.org\/en\/aac-evenement\/les-ecrans-de-la-delinquance-juvenile\/"},"author":{"name":"Mossane Trinquelle","@id":"https:\/\/www.sfsic.org\/en\/#\/schema\/person\/c6f2a716fe8dd2b6706312f0e53129b8"},"headline":"Les \u00e9crans de la d\u00e9linquance juv\u00e9nile","datePublished":"2022-10-31T10:44:30+00:00","dateModified":"2022-10-31T15:17:51+00:00","mainEntityOfPage":{"@id":"https:\/\/www.sfsic.org\/en\/aac-evenement\/les-ecrans-de-la-delinquance-juvenile\/"},"wordCount":1536,"publisher":{"@id":"https:\/\/www.sfsic.org\/en\/#organization"},"image":{"@id":"https:\/\/www.sfsic.org\/en\/aac-evenement\/les-ecrans-de-la-delinquance-juvenile\/#primaryimage"},"thumbnailUrl":"https:\/\/www.sfsic.org\/wp-inside\/uploads\/skp-membership\/demande_adh\/1200px-logo_univ-rennes2-2016.svg_-1-315x320.png","keywords":["d\u00e9linquance","\u00c9crans","Image","Jeunes"],"articleSection":["AAC \u00c9v\u00e9nement","Colloque"],"inLanguage":"en-US"},{"@type":"WebPage","@id":"https:\/\/www.sfsic.org\/en\/aac-evenement\/les-ecrans-de-la-delinquance-juvenile\/","url":"https:\/\/www.sfsic.org\/en\/aac-evenement\/les-ecrans-de-la-delinquance-juvenile\/","name":"Les \u00e9crans de la d\u00e9linquance juv\u00e9nile","isPartOf":{"@id":"https:\/\/www.sfsic.org\/en\/#website"},"primaryImageOfPage":{"@id":"https:\/\/www.sfsic.org\/en\/aac-evenement\/les-ecrans-de-la-delinquance-juvenile\/#primaryimage"},"image":{"@id":"https:\/\/www.sfsic.org\/en\/aac-evenement\/les-ecrans-de-la-delinquance-juvenile\/#primaryimage"},"thumbnailUrl":"https:\/\/www.sfsic.org\/wp-inside\/uploads\/skp-membership\/demande_adh\/1200px-logo_univ-rennes2-2016.svg_-1-315x320.png","datePublished":"2022-10-31T10:44:30+00:00","dateModified":"2022-10-31T15:17:51+00:00","description":"Appel \u00e0 communication pour un colloque pluridisciplinaire sur \u00ab les \u00e9crans de la d\u00e9linquance juv\u00e9nile \u00bb.","breadcrumb":{"@id":"https:\/\/www.sfsic.org\/en\/aac-evenement\/les-ecrans-de-la-delinquance-juvenile\/#breadcrumb"},"inLanguage":"en-US","potentialAction":[{"@type":"ReadAction","target":["https:\/\/www.sfsic.org\/en\/aac-evenement\/les-ecrans-de-la-delinquance-juvenile\/"]}]},{"@type":"ImageObject","inLanguage":"en-US","@id":"https:\/\/www.sfsic.org\/en\/aac-evenement\/les-ecrans-de-la-delinquance-juvenile\/#primaryimage","url":"https:\/\/www.sfsic.org\/wp-inside\/uploads\/skp-membership\/demande_adh\/1200px-logo_univ-rennes2-2016.svg_-1-315x320.png","contentUrl":"https:\/\/www.sfsic.org\/wp-inside\/uploads\/skp-membership\/demande_adh\/1200px-logo_univ-rennes2-2016.svg_-1-315x320.png"},{"@type":"BreadcrumbList","@id":"https:\/\/www.sfsic.org\/en\/aac-evenement\/les-ecrans-de-la-delinquance-juvenile\/#breadcrumb","itemListElement":[{"@type":"ListItem","position":1,"name":"Accueil","item":"https:\/\/www.sfsic.org\/en\/"},{"@type":"ListItem","position":2,"name":"Calls for Contributions","item":"https:\/\/www.sfsic.org\/en\/cfc-event\/"},{"@type":"ListItem","position":3,"name":"Conference","item":"https:\/\/www.sfsic.org\/en\/cfc-event\/conference\/"},{"@type":"ListItem","position":4,"name":"Les \u00e9crans de la d\u00e9linquance juv\u00e9nile"}]},{"@type":"WebSite","@id":"https:\/\/www.sfsic.org\/en\/#website","url":"https:\/\/www.sfsic.org\/en\/","name":"SFSIC","description":"Soci\u00e9t\u00e9 Fran\u00e7aise des Sciences de l&#039;Information &amp; de la Communication","publisher":{"@id":"https:\/\/www.sfsic.org\/en\/#organization"},"potentialAction":[{"@type":"SearchAction","target":{"@type":"EntryPoint","urlTemplate":"https:\/\/www.sfsic.org\/en\/?s={search_term_string}"},"query-input":{"@type":"PropertyValueSpecification","valueRequired":true,"valueName":"search_term_string"}}],"inLanguage":"en-US"},{"@type":"Organization","@id":"https:\/\/www.sfsic.org\/en\/#organization","name":"SFSIC","url":"https:\/\/www.sfsic.org\/en\/","logo":{"@type":"ImageObject","inLanguage":"en-US","@id":"https:\/\/www.sfsic.org\/en\/#\/schema\/logo\/image\/","url":"https:\/\/www.sfsic.org\/wp-inside\/uploads\/2020\/05\/logo-sfsic.jpg","contentUrl":"https:\/\/www.sfsic.org\/wp-inside\/uploads\/2020\/05\/logo-sfsic.jpg","width":1085,"height":1080,"caption":"SFSIC"},"image":{"@id":"https:\/\/www.sfsic.org\/en\/#\/schema\/logo\/image\/"}},{"@type":"Person","@id":"https:\/\/www.sfsic.org\/en\/#\/schema\/person\/c6f2a716fe8dd2b6706312f0e53129b8","name":"Mossane Trinquelle","image":{"@type":"ImageObject","inLanguage":"en-US","@id":"https:\/\/secure.gravatar.com\/avatar\/4c790e85c72ef19ed5ee42f0009e741b68d9667b859edc1612b917407dc469d2?s=96&d=mm&r=g","url":"https:\/\/secure.gravatar.com\/avatar\/4c790e85c72ef19ed5ee42f0009e741b68d9667b859edc1612b917407dc469d2?s=96&d=mm&r=g","contentUrl":"https:\/\/secure.gravatar.com\/avatar\/4c790e85c72ef19ed5ee42f0009e741b68d9667b859edc1612b917407dc469d2?s=96&d=mm&r=g","caption":"Mossane Trinquelle"}}]}},"_links":{"self":[{"href":"https:\/\/www.sfsic.org\/en\/wp-json\/wp\/v2\/posts\/25125","targetHints":{"allow":["GET"]}}],"collection":[{"href":"https:\/\/www.sfsic.org\/en\/wp-json\/wp\/v2\/posts"}],"about":[{"href":"https:\/\/www.sfsic.org\/en\/wp-json\/wp\/v2\/types\/post"}],"author":[{"embeddable":true,"href":"https:\/\/www.sfsic.org\/en\/wp-json\/wp\/v2\/users\/1229"}],"replies":[{"embeddable":true,"href":"https:\/\/www.sfsic.org\/en\/wp-json\/wp\/v2\/comments?post=25125"}],"version-history":[{"count":10,"href":"https:\/\/www.sfsic.org\/en\/wp-json\/wp\/v2\/posts\/25125\/revisions"}],"predecessor-version":[{"id":26347,"href":"https:\/\/www.sfsic.org\/en\/wp-json\/wp\/v2\/posts\/25125\/revisions\/26347"}],"wp:attachment":[{"href":"https:\/\/www.sfsic.org\/en\/wp-json\/wp\/v2\/media?parent=25125"}],"wp:term":[{"taxonomy":"category","embeddable":true,"href":"https:\/\/www.sfsic.org\/en\/wp-json\/wp\/v2\/categories?post=25125"},{"taxonomy":"post_tag","embeddable":true,"href":"https:\/\/www.sfsic.org\/en\/wp-json\/wp\/v2\/tags?post=25125"},{"taxonomy":"thematique","embeddable":true,"href":"https:\/\/www.sfsic.org\/en\/wp-json\/wp\/v2\/thematique?post=25125"},{"taxonomy":"sfsic","embeddable":true,"href":"https:\/\/www.sfsic.org\/en\/wp-json\/wp\/v2\/sfsic?post=25125"}],"curies":[{"name":"wp","href":"https:\/\/api.w.org\/{rel}","templated":true}]}}