{"id":25008,"date":"2022-06-05T09:27:46","date_gmt":"2022-06-05T07:27:46","guid":{"rendered":"https:\/\/www.sfsic.org\/?p=25008"},"modified":"2022-06-05T09:27:46","modified_gmt":"2022-06-05T07:27:46","slug":"prelude-a-une-education-artistique-et-culturelle-joyeuse-premiere-journee-detudes-de-linseac","status":"publish","type":"post","link":"https:\/\/www.sfsic.org\/en\/aac-evenement\/prelude-a-une-education-artistique-et-culturelle-joyeuse-premiere-journee-detudes-de-linseac\/","title":{"rendered":"Pr\u00e9lude \u00e0 une \u00c9ducation Artistique et Culturelle joyeuse : premi\u00e8re journ\u00e9e d\u2019\u00e9tudes de l\u2019INSEAC"},"content":{"rendered":"<p><!-- fxzn:singledetail --><\/p>\n<div class=\"zone zn-singledetail\" id=\"fxzn-singledetail-1\">\n<div class=\"zone-block zn-singledetail-block alignwide va-top\">\n<div class=\"row\">\n<div class=\"columns large-8 large-push-4\">\n<div class=\"zn-singledetail-metabox\">\n<div class=\"zn-singledetail-pubdate pubdate\">\n\t\t\t\t\t<span class=\"pubdate-txt\">Mis en ligne le<\/span><span class=\"doubledot\"><\/span> 5 juin 2022\t\t\t\t<\/div>\n<div class=\"zn-singledetail-thematiques with-sep-comma\">\n<ul class=\"termslist termslist-thematique\">\n<li class=\"termslist-item termslist-title\"><span class=\"termslist-titletxt\">Th\u00e9matiques<\/span><span class=\"doubledot\"><\/span><\/li>\n<li class=\"termslist-item tax-thematique term-images-cinema-medias-audiovisuels-et-industries-culturelles\"><a class=\"termslist-itemlink\" href=\"https:\/\/www.sfsic.org\/thematiques\/images-cinema-medias-audiovisuels-et-industries-culturelles\/\" title=\"Images, cin\u00e9ma, m\u00e9dias audiovisuels et industries culturelles\"><span class=\"termslist-itemname\">Images, cin\u00e9ma, m\u00e9dias audiovisuels et industries culturelles<\/span><\/a><\/li>\n<li class=\"termslist-item tax-thematique term-mediations-memorielles-culturelles-et-patrimoniales\"><a class=\"termslist-itemlink\" href=\"https:\/\/www.sfsic.org\/thematiques\/mediations-memorielles-culturelles-et-patrimoniales\/\" title=\"M\u00e9diations m\u00e9morielles, culturelles et patrimoniales\"><span class=\"termslist-itemname\">M\u00e9diations m\u00e9morielles, culturelles et patrimoniales<\/span><\/a><\/li>\n<\/ul><\/div>\n<\/p><\/div>\n<\/p><\/div>\n<\/p><\/div>\n<div class=\"row\">\n<div class=\"columns large-4\">\n<div class=\"zn-singledetail-sidebar bg-cornersquares\">\n<div class=\"zn-singledetail-infos\">\n<p class=\"zn-singledetail-reponse-date\">\n\t\t\t\t\t\t<span>R\u00e9ponse attendue pour le<\/span><span class=\"doubledot\"><\/span> <strong>01\/07\/2022<\/strong>\n\t\t\t\t\t<\/p>\n<p class=\"zn-singledetail-reponse-type\">\n\t\t\t\t\t<span>Type de r\u00e9ponse<\/span><span class=\"doubledot\"><\/span> <strong>R\u00e9sum\u00e9<\/strong>\n\t\t\t\t\t<\/p>\n<p class=\"zn-singledetail-type\">\n\t\t\t\t\t\t\t<span>Type d\u2019\u00e9v\u00e9nement<\/span><span class=\"doubledot\"><\/span> <strong>Journ\u00e9e d\u2019\u00e9tude<\/strong>\n\t\t\t\t\t<\/p>\n<\/p><\/div>\n<div class=\"zn-singledetail-coordinators\">\n<h3 class=\"zn-singledetail-section-title\">Coordinateurs<\/h3>\n<ul class=\"zn-singledetail-coordinators-list\">\n<li class=\"zn-singledetail-coordinators-item\">\n\t\t\t\t\t\t\t<span>Laurent<\/span> <span>Garreau<\/span>\t\t\t\t\t\t\t\t\t\t\t\t\t<\/li>\n<\/ul><\/div>\n<div class=\"zn-singledetail-contacts\">\n<h3 class=\"zn-singledetail-section-title\">Contacts<\/h3>\n<ul class=\"zn-singledetail-contacts-list\">\n<li class=\"zn-singledetail-contact\">\n\t\t\t\t\t\t\t<span class=\"zn-singledetail-contact-name\">Zeyu LI (doctorant)<\/span><span class=\"doubledot\"><\/span><br \/>\n\t\t\t\t\t\t\t\t\t\t\t\t\t\t<a class=\"zn-singledetail-contact-mail prettylink\" href=\"mailto:zeyu.li@lecnam.net\">zeyu.li@lecnam.net<\/a>\n\t\t\t\t\t\t\t\t\t\t\t\t\t<\/li>\n<li class=\"zn-singledetail-contact\">\n\t\t\t\t\t\t\t<span class=\"zn-singledetail-contact-name\">Laure-H\u00e9l\u00e8ne Swinnen (doctorante)<\/span><span class=\"doubledot\"><\/span><br \/>\n\t\t\t\t\t\t\t\t\t\t\t\t\t\t<a class=\"zn-singledetail-contact-mail prettylink\" href=\"mailto:laure-helene.swinnen@univ-avignon.fr\">laure-helene.swinnen@univ-avignon.fr<\/a>\n\t\t\t\t\t\t\t\t\t\t\t\t\t<\/li>\n<li class=\"zn-singledetail-contact\">\n\t\t\t\t\t\t\t<span class=\"zn-singledetail-contact-name\">Judith Caceres (doctorante)<\/span><span class=\"doubledot\"><\/span><br \/>\n\t\t\t\t\t\t\t\t\t\t\t\t\t\t<a class=\"zn-singledetail-contact-mail prettylink\" href=\"mailto:judith.caceres@univ-avignon.fr\">judith.caceres@univ-avignon.fr<\/a>\n\t\t\t\t\t\t\t\t\t\t\t\t\t<\/li>\n<\/ul><\/div>\n<\/p><\/div>\n<\/p><\/div>\n<div class=\"columns large-8\">\n<div class=\"zn-singledetail-contentbox\">\n<div class=\"zn-singledetail-eventinfo\">\n<div class=\"zn-singledetail-eventinfo-inner\">\n<div class=\"zn-singledetail-eventdates\">\n\t\t\t\t\t\t<span class=\"zn-singledetail-label\">Dates de l\u2019\u00e9v\u00e9nement<span class=\"doubledot\"><\/span><\/span><\/p>\n<ul class=\"zn-singledetail-eventdates-list\">\n<li class=\"zn-singledetail-eventdates-item\">\n\t\t\t\t\t\t\t\tDu 08\/09\/2022 au 08\/09\/2022\t\t\t\t\t\t\t<\/li>\n<\/ul><\/div>\n<p class=\"zn-singledetail-eventplace\">\n\t\t\t\t\t\t<span class=\"zn-singledetail-label\">Lieu de l\u2019\u00e9v\u00e9nement<span class=\"doubledot\"><\/span><\/span><br \/>\n\t\t\t\t\t\t<span class=\"zn-singledetail-eventplace-adr\"><br \/>\n\t\t\t\t\t\t\t\t\t\t\t\t<span class=\"adr-name\">Institut national sup\u00e9rieur de l&#8217;\u00e9ducation artistique et culturelle <\/span>,<\/p>\n<p>\t\t\t\t\t\t<span class=\"adr-street\">4 Rue Auguste-Pavie <\/span>, <span class=\"adr-city\">Guingamp <\/span>\t\t\t\t\t\t<span class=\"adr-cp\">22200<\/span>, <span class=\"adr-country\">France<\/span><br \/>\n\t\t\t\t\t\t<\/span>\t\t\t\t\t<\/p>\n<\/p><\/div>\n<\/p><\/div>\n<div class=\"zn-singledetail-annonce wig-content\">\n<p><span style=\"font-weight: 400\">Cette premi\u00e8re journ\u00e9e d\u2019\u00e9tude s\u2019inscrit dans la programmation des Rencontres de l\u2019\u00c9ducation Artistique et Culturelle (du 8 au 11 septembre 2022), propos\u00e9es par l\u2019Institut national sup\u00e9rieur de l\u2019\u00e9ducation artistique et culturelle (Inseac) et par le Conseil d\u00e9partemental des C\u00f4tes d\u2019Armor et se d\u00e9roulera au domaine d\u00e9partemental de la Roche Jagu.\u00a0\u00a0<\/span><\/p>\n<p><span style=\"font-weight: 400\">La pr\u00e9occupation d\u2019une \u00c9ducation Artistique et Culturelle (EAC) n\u2019est pas r\u00e9cente, elle trouve sa gen\u00e8se dans l&rsquo;\u00e9ducation populaire (Fabiani, 2021). Aujourd\u2019hui, l\u2019EAC est une politique culturelle et \u00e9ducative, officialis\u00e9e d\u00e8s 2005 avec la cr\u00e9ation de son Haut Conseil (HCEAC). Compar\u00e9e aux mondes de l\u2019art par Emmanuel Ethis (vice-pr\u00e9sident du HCEAC), l\u2019EAC ne peut exister que par l\u2019engagement de plusieurs acteurs r\u00e9unis dans une cha\u00eene de coop\u00e9ration au sens d\u2019Howard Becker (2010). Ce r\u00e9seau est compos\u00e9 d\u2019artistes, d\u2019enseignants, de collectivit\u00e9s territoriales, d\u2019\u00e9l\u00e8ves, de familles, de politiques, de chercheurs ou d\u2019institutions culturelles. En interactions r\u00e9guli\u00e8res, ils partagent des r\u00e9f\u00e9rences communes, appel\u00e9es \u00ab&#160;conventions&#160;\u00bb dans les <\/span><i><span style=\"font-weight: 400\">Mondes de l\u2019art<\/span><\/i><span style=\"font-weight: 400\">, celles pr\u00e9cis\u00e9ment qui sont mentionn\u00e9es dans la Charte adopt\u00e9e en 2016.<\/span><\/p>\n<p><span style=\"font-weight: 400\">L\u2019EAC ne se limite pas au d\u00e9veloppement de la cr\u00e9ativit\u00e9 des enfants, c\u2019est une d\u00e9couverte pour tous les \u00e2ges, aux formes plurielles, qui interroge notre rapport sensible \u00e0 l\u2019espace, au temps, aux outils, mais aussi au monde et \u00e0 la soci\u00e9t\u00e9. Elle permet de vivre des exp\u00e9riences au confluent de la pratique, de la connaissance et de la rencontre.\u00a0<\/span><\/p>\n<p><span style=\"font-weight: 400\">Nous vivons dans un monde aliment\u00e9 par les crises \u00e9conomiques, politiques ou \u00e9cologiques. R\u00e9cemment, la crise sanitaire a affect\u00e9 nos existences et nos pratiques culturelles. Tous les lieux publics jug\u00e9s \u00e0 risque ferm\u00e8rent leurs portes en mars 2020 emp\u00eachant de fait, entre autres, les sorties culturelles. De l\u2019\u00e9cole \u00e0 la maison en passant par les spectacles en ligne, les dispositifs num\u00e9riques ont permis de conserver un lien avec l\u2019\u00e9ducation, l\u2019art et la culture. En effet, les \u00e9tablissements scolaires (primaires, secondaires et sup\u00e9rieurs) et les institutions culturelles (mus\u00e9es, festivals&#8230;) ont pris des initiatives et mis en ligne des ressources sous formes de podcasts, de vid\u00e9os, d\u2019images, afin de combler le temps et le manque (par exemple, en 2020, lors de l\u2019enqu\u00eate annuelle des publics du Festival d\u2019Avignon, 26&#160;% des enqu\u00eat\u00e9s estiment avoir d\u00e9couvert des \u0153uvres ou des artistes gr\u00e2ce \u00e0 des institutions culturelles et 37&#160;% reconnaissent avoir profit\u00e9 du contenu mis \u00e0 disposition par le Festival d\u2019Avignon comme des captations). L\u2019art et la culture ont ainsi \u00e9t\u00e9 consomm\u00e9s diff\u00e9remment, \u00e0 domicile, gr\u00e2ce \u00e0 la technique et \u00e0 son appropriation par les utilisateurs. Dans ce contexte, <\/span><span style=\"font-weight: 400\">la rupture et la s\u00e9paration entre <\/span><span style=\"font-weight: 400\">culture et science qu\u2019\u00e9voque notamment Charles Percy Snow (1959) peut-elle toujours \u00eatre d&rsquo;actualit\u00e9&#160;?\u00a0<\/span><\/p>\n<p><span style=\"font-weight: 400\">Cette journ\u00e9e d\u2019\u00e9tude entend rassembler des acteurs de l\u2019\u00e9ducation, de la culture et de la recherche en EAC ainsi que des politiques publiques autour des trois th\u00e9matiques suivantes&#160;: \u00ab&#160;L\u2019EAC au temps des crises&#160;\u00bb, \u00ab&#160;L\u2019EAC \u00e0 travers ses ressources&#160;\u00bb, \u00ab&#160;L\u2019EAC \u00e0 l\u2019\u00e9preuve de la culture scientifique&#160;\u00bb.\u00a0<\/span><\/p>\n<p><span style=\"font-weight: 400\">\u00a0\u00a0<\/span><\/p>\n<h2><b>Th\u00e9matique 1&#160;: L\u2019\u00c9ducation Artistique et Culturelle au temps des crises<\/b><span style=\"font-weight: 400\">\u00a0<\/span><\/h2>\n<p><span style=\"font-weight: 400\">Multiple, la crise renvoie \u00e0 des r\u00e9alit\u00e9s diff\u00e9rentes. Elle peut \u00eatre sanitaire, s\u00e9curitaire, soci\u00e9tale, environnementale, \u00e9conomique, politique voire encore culturelle\u2026 Autonomes ou parfois interd\u00e9pendantes, elles peuvent cr\u00e9er des effets d&rsquo;accumulation. C\u2019est pour cette raison que nous parlons des crises comme d\u2019une \u00ab&#160;rupture (\u2026) qui para\u00eet transformer radicalement les conditions d\u2019existence&#160;\u00bb (Barus-Michel et <\/span><i><span style=\"font-weight: 400\">al.,<\/span><\/i><span style=\"font-weight: 400\"> 2015). Elles permettent de figer le temps et de faire date (Arquembourg, 2013). Les crises bouleversent, transforment et modifient nos pratiques (Lallement, 2021a&#160;; 2021b). Elles ne deviennent catastrophiques que si \u00ab&#160;nous y r\u00e9pondons par des id\u00e9es toutes faites, c\u2019est \u00e0 dire des pr\u00e9jug\u00e9es&#160;\u00bb (Arendt, 1989). Ce qui n\u2019a pas \u00e9t\u00e9 le cas en 2020. En effet, une multitude d\u2019acteurs aux statuts divers ont tent\u00e9 d\u2019apporter des r\u00e9ponses et de proposer des alternatives. Par exemple, la fermeture des \u00e9coles a impos\u00e9 de nouveaux dispositifs. \u00c0 l\u2019image de la cha\u00eene YouTube <\/span><i><span style=\"font-weight: 400\">La ma\u00eetresse part en live <\/span><\/i><span style=\"font-weight: 400\">(institutrice transform\u00e9e en youtubeuse) qui cumule un total de 3 211 910 vues, ou encore de la t\u00e9l\u00e9vision qui, face \u00e0 la pand\u00e9mie et aux mesures de confinement, s\u2019est aussi propos\u00e9e de mettre en place un dispositif pour accompagner l\u2019\u00e9cole \u00e0 la maison (<\/span><i><span style=\"font-weight: 400\">La Maison Lumni<\/span><\/i><span style=\"font-weight: 400\">). En effet, la crise peut \u00ab&#160;d\u00e9clencher la recherche de solutions nouvelles&#160;\u00bb et devient \u00ab&#160; potentiellement g\u00e9n\u00e9ratrice d\u2019illusions et\/ou d\u2019activit\u00e9s inventives&#160;\u00bb (Morin, 2020). Nous assistons alors \u00e0 une abolition de la \u00ab&#160;lin\u00e9arit\u00e9 et de la mono-occupation des temps culturels&#160;\u00bb ainsi qu\u2019\u00e0 une \u00ab&#160;porosit\u00e9 croissante des temps priv\u00e9s, publics, scolaires ou professionnels, extrascolaires ou extra-professionnels.&#160;\u00bb (Octobre, 2013).\u00a0\u00a0<\/span><\/p>\n<p><span style=\"font-weight: 400\">Un nouvel environnement culturel et num\u00e9rique, favoris\u00e9 par la crise, est apparu venant renforcer les mutations majeures d\u2019espace, de temps et d\u2019objets culturels (<\/span><i><span style=\"font-weight: 400\">Ibid<\/span><\/i><span style=\"font-weight: 400\">). En effet, le nombre de produits culturels accessibles a augment\u00e9. Nous assistons \u00e0 leur hybridation (spectacles de th\u00e9\u00e2tre et d\u2019op\u00e9ra disponibles en streaming, par exemple) gr\u00e2ce aux \u00e9crans mobiles et polyvalents. Ils permettent de mettre de nombreuses formes culturelles \u00ab&#160;dans sa poche, dans un double sens&#160;\u00bb (Leveratto, Pourquier-Jacquin et Roth, 2014). Toutefois, en temps de crise, \u00ab&#160;le public a besoin de se rassurer en retrouvant les autres au sein d&rsquo;un collectif fort, toutes origines sociales confondues&#160;\u00bb (Ethis, 2009). Le cin\u00e9ma permet de le faire. Par exemple, suite \u00e0 la fermeture des cin\u00e9mas en Chine, nous observons un nouvel \u00e9lan lors du nouvel an chinois 2021 o\u00f9 la fr\u00e9quentation et le box-office ont atteint un nouveau record.\u00a0<\/span><\/p>\n<p><span style=\"font-weight: 400\">Dans cette th\u00e9matique, observons la n\u00e9cessit\u00e9 de l\u2019EAC dans un monde en proie \u00e0 des <\/span><span style=\"font-weight: 400\">mutations <\/span><span style=\"font-weight: 400\">ainsi que les impacts et les alternatives. Demandons-nous, comment les crises font \u00e9v\u00e9nement dans les institutions culturelles et \u00e9ducatives, dans le quotidien, dans les foyers&#160;? Interrogeons l\u2019id\u00e9e que l\u2019EAC peut aider \u00e0 affronter la crise, qu\u2019elle peut aussi soutenir la coh\u00e9sion sociale et f\u00e9d\u00e9rer les populations. Enfin, discutons la place des politiques publiques, quels sont leurs r\u00f4les et actions pour l\u2019EAC en temps de crise&#160;?\u00a0\u00a0\u00a0\u00a0<\/span><\/p>\n<h2><span style=\"font-weight: 400\">Bibliographie\u00a0<\/span><\/h2>\n<p><span style=\"font-weight: 400\">ARENDT Hannah (1989),<\/span><i><span style=\"font-weight: 400\"> La crise de la culture (Between past and future)<\/span><\/i><span style=\"font-weight: 400\">, Gallimard, Paris.\u00a0<\/span><\/p>\n<p><span style=\"font-weight: 400\">BARUS-MICHEL Jacqueline, GIUST-DESPRAIRIES Florence et RIDEL Luc (2015), <\/span><i><span style=\"font-weight: 400\">Crises,<\/span><\/i><span style=\"font-weight: 400\"> \u00c9ditions Descl\u00e9e de Brouwer, Paris.\u00a0\u00a0<\/span><\/p>\n<p><span style=\"font-weight: 400\">B\u00c9JIN Andr\u00e9 et MORIN Edgar (dir.). (1976), La notion de crise, <\/span><i><span style=\"font-weight: 400\">Communications<\/span><\/i><span style=\"font-weight: 400\">, n\u00b025.\u00a0\u00a0<\/span><\/p>\n<p><span style=\"font-weight: 400\">BOUILLAGUET Emilie (2022), La \u00ab&#160;rue&#160;\u00bb en crises&#160;: des discours aux recompositions organisationnelles pour les arts de la rue, <\/span><i><span style=\"font-weight: 400\">Un monde de crises au prisme des communications organisationnelles<\/span><\/i><span style=\"font-weight: 400\">, Universit\u00e9 Catholique de Louvain, Mons, Belgique.\u00a0\u00a0\u00a0<\/span><\/p>\n<p><span style=\"font-weight: 400\">ETHIS Emmanuel (2009), <\/span><i><span style=\"font-weight: 400\">Le cin\u00e9ma dop\u00e9 par la crise<\/span><\/i><span style=\"font-weight: 400\">, disponible sur &lt;<\/span><a href=\"https:\/\/ethis-e.blogspot.com\/2009\/03\/le-cinema-dope-par-la-crise.html?m=0\"><span style=\"font-weight: 400\">https:\/\/ethis-e.blogspot.com\/2009\/03\/le-cinema-dope-par-la-crise.html?m=0<\/span><\/a><span style=\"font-weight: 400\">&gt;\u00a0<\/span><\/p>\n<p><span style=\"font-weight: 400\">LALLEMENT Emmanuelle (2021a), La culture, ensemble&#160;?, <\/span><i><span style=\"font-weight: 400\">Nectart<\/span><\/i><span style=\"font-weight: 400\">, vol. 2, n\u00b0 13, p. 74-81.\u00a0\u00a0<\/span><\/p>\n<p><span style=\"font-weight: 400\">LALLEMENT Emmanuelle (2021b), De la culture aux cultures num\u00e9riques&#160;: un regard anthropologique, <\/span><i><span style=\"font-weight: 400\">L&rsquo;Observatoire<\/span><\/i><span style=\"font-weight: 400\">, vol. 2, n\u00b0 58, p. 42-45.\u00a0\u00a0\u00a0<\/span><\/p>\n<p><span style=\"font-weight: 400\">LE BOULANGER Jean-Michel (2017), <\/span><i><span style=\"font-weight: 400\">\u00c9loge de la culture en temps de crise<\/span><\/i><span style=\"font-weight: 400\">, Apog\u00e9e, Rennes.\u00a0\u00a0<\/span><\/p>\n<p><span style=\"font-weight: 400\">LEVERATTO Jean-Marc, POURQUIER-JACQUIN St\u00e9phanie et Roth Rapha\u00ebl (2014), Voir et se voir&#160;: le r\u00f4le des \u00e9crans dans les festivals de musique amplifi\u00e9e, <\/span><i><span style=\"font-weight: 400\">Culture &amp; Mus\u00e9es<\/span><\/i><span style=\"font-weight: 400\">, vol. 24, p.23-41.\u00a0<\/span><\/p>\n<p><span style=\"font-weight: 400\">MORIN Edgar (2020), <\/span><i><span style=\"font-weight: 400\">Sur la crise<\/span><\/i><span style=\"font-weight: 400\">, Flammarion, Paris.\u00a0\u00a0<\/span><\/p>\n<p><span style=\"font-weight: 400\">OCTOBRE Sylvie (2013), La transmission culturelle \u00e0 l\u2019\u00e8re digitale, <\/span><i><span style=\"font-weight: 400\">L\u2019Observatoire<\/span><\/i><span style=\"font-weight: 400\">, vol. 1, n\u00b0 42, p.98-101.\u00a0\u00a0<\/span><\/p>\n<p><span style=\"font-weight: 400\">SIMMEL Georg (1990), La crise de la culture, <\/span><i><span style=\"font-weight: 400\">Philosophie de la modernit\u00e9<\/span><\/i><span style=\"font-weight: 400\">, [Trad. J.-L. Vieillard-Baron], Payot, p.229-260.\u00a0\u00a0<\/span><\/p>\n<h2><b>Th\u00e9matique 2&#160;:\u00a0 L\u2019\u00c9ducation Artistique et Culturelle \u00e0 travers ses ressources\u00a0 <\/b><span style=\"font-weight: 400\">\u00a0<\/span><\/h2>\n<p><span style=\"font-weight: 400\">Le Festival d\u2019Avignon propose sur son site internet des archives audiovisuelles (conf\u00e9rences de presse, ateliers de la pens\u00e9e&#8230;). Les Rencontres Trans Musicales, gr\u00e2ce \u00e0 leur projet \u00ab&#160;M\u00e9moire des Trans&#160;\u00bb, permettent de voyager \u00e0 travers les programmations et les t\u00e9moignages de festivaliers. Radio France, \u00e0 travers France Culture, met en ligne chaque ann\u00e9e des podcasts destin\u00e9s aux r\u00e9visions du Baccalaur\u00e9at. Les Francofolies propose une plateforme \u00ab&#160; les Enfants de la Zique&#160;\u00bb consacr\u00e9e \u00e0 l\u2019EAC. Le r\u00e9seau Canop\u00e9, op\u00e9rateur du minist\u00e8re de l\u2019\u00c9ducation nationale, de la Jeunesse et des Sports, met \u00e0 disposition des ressources pour les professionnels et les enseignants (par exemple, Musique Prim\u2019 dans le champ de musique). Les 42 P\u00f4les de Ressources r\u00e9gionaux (PR\u00c9ACs) visent \u00e0 favoriser le d\u00e9veloppement de l&rsquo;\u00c9ducation Artistique et Culturelle en milieu scolaire. L\u2019Inseac, gr\u00e2ce \u00e0 son \u00c9tabli, met \u00e0 disposition des kits \u00e0 destination des professionnels de la culture et de l\u2019\u00e9ducation. Dans ces exemples, les ressources sont disponibles pour tous les publics ou \u00e0 destination d\u2019un public sp\u00e9cifique gratuitement et en illimit\u00e9. Se pose alors la question de leur production, de leur utilisation et de leur diffusion&#160;: qui les utilisent et comment&#160;? Qui les produit et comment sont-elles actualis\u00e9es&#160;? \u00c0 qui s\u2019adressent-elles&#160;? Quels en sont les usages, les formes et les objectifs&#160;? Est-il possible de fabriquer sa propre ressource \u00e0 partir de ressources collectives et institutionnelles&#160;? Comment&#160;? Une mutualisation est-elle envisageable&#160;? Comment les r\u00e9seaux ou les r\u00e9seaux sociaux des ressources peuvent \u00eatre construits&#160;? Face au nombre grandissant de ressources, comment choisir les plus pertinentes&#160;? Comment conserver une \u00e9thique et une protection du droit d\u2019auteur dans la production et l\u2019utilisation des ressources&#160;? Qu\u2019en est-il de \u00ab&#160;l\u2019open ressource&#160;\u00bb&#160;?\u00a0<\/span><\/p>\n<p><span style=\"font-weight: 400\">La d\u00e9finition des ressources ne fait pas toujours consensus. Complexes et diverses, elles peuvent \u00eatre physiques (Loffreda, 2019), humaines<\/span><span style=\"font-weight: 400\"> (Laderri\u00e8re, 2004), territoriales (Pouthier et<\/span><i><span style=\"font-weight: 400\"> al.<\/span><\/i><span style=\"font-weight: 400\">, 2019), p\u00e9dagogiques (Jobin, 2003,&#160;; Bibeau, 2004&#160;; Flamand &amp; Gervais, 2004&#160;; Bourda et <\/span><i><span style=\"font-weight: 400\">al., <\/span><\/i><span style=\"font-weight: 400\">2010), patrimoniales, culturelles, scientifiques \u2026 Quelles sont celles qui contribuent au rayonnement de l\u2019EAC&#160;?\u00a0 Ces ressources doivent-elles \u00eatre utilis\u00e9es d&rsquo;une mani\u00e8re hybride ou individuellement pour enrichir l\u2019EAC&#160;? Quelle que soit leur forme, permettent-elles une transmission, favorisent-elles la d\u00e9couverte et les \u201cpremi\u00e8res fois\u201d dans un champ de l\u2019\u00e9ducation artistique et culturelle (Malinas, 2008&#160;; Octobre, 2013)&#160;? Comment cr\u00e9er et favoriser des ressources cr\u00e9atives et innovantes pour l\u2019\u00e9ducation artistique et culturelle de demain&#160;?\u00a0\u00a0<\/span><\/p>\n<h2><span style=\"font-weight: 400\">Bibliographie&#160;:\u00a0<\/span><\/h2>\n<p><span style=\"font-weight: 400\">BARON, G.-L. et ZABLOT, S. (2017), De la constitution de ressources personnelles \u00e0 la cr\u00e9ation de communaut\u00e9s formelles&#160;: \u00e9tude de cas en France.<\/span><i><span style=\"font-weight: 400\"> Review of Science, Mathematics and ICT Education<\/span><\/i><span style=\"font-weight: 400\">, vol. 11, n\u00b022, p.27-45.\u00a0<\/span><\/p>\n<p><span style=\"font-weight: 400\">BEAUNE, A., LEVOIN, X. et BRUILLARD, \u00c9. (2018), (dir.), <\/span><i><span style=\"font-weight: 400\">Collectifs en r\u00e9seau d\u2019enseignants producteurs de ressources, rapport scientifique des laboratoires STEF et EDA dans le cadre d\u2019une convention avec la Direction du num\u00e9rique \u00e9ducatif<\/span><\/i><span style=\"font-weight: 400\">, Minist\u00e8re de l\u2019\u00c9ducation nationale.\u00a0<\/span><\/p>\n<p><span style=\"font-weight: 400\">BIBEAU Robert (2005), Les TIC \u00e0 l&rsquo;\u00e9cole&#160;: proposition de taxonomie et analyse des obstacles \u00e0 leur int\u00e9gration<\/span><i><span style=\"font-weight: 400\">,<\/span><\/i><span style=\"font-weight: 400\"> dans <\/span><i><span style=\"font-weight: 400\">Revue de l&rsquo;EPI (Enseignement Public et Informatique).<\/span><\/i><span style=\"font-weight: 400\">\u00a0<\/span><\/p>\n<p><span style=\"font-weight: 400\">BOURDA Yolaine, GAUTHIER Gilles, GOMEZ de Regil Rosa-Maria, CATTEAU Olivier (2010), M\u00e9tadonn\u00e9es pour ressources d\u2019apprentissage (MLR), dans <\/span><i><span style=\"font-weight: 400\">Sciences et Technologies de l&rsquo;Information et de la Communication pour l&rsquo;\u00c9ducation et la Formation<\/span><\/i><span style=\"font-weight: 400\">, vol. 17, p. 195-210.\u00a0<\/span><\/p>\n<p><span style=\"font-weight: 400\">BRULHART Franck, GUIEU Gilles, MALTESE Lionel (2010), Th\u00e9orie des ressources. D\u00e9bats th\u00e9oriques et applicabilit\u00e9s, <\/span><i><span style=\"font-weight: 400\">Revue fran\u00e7aise de gestion<\/span><\/i><span style=\"font-weight: 400\">, vol. 5, n\u00b0 204, p. 83-86.\u00a0<\/span><\/p>\n<p><span style=\"font-weight: 400\">FLAMAND Philippe et GERVAIS Alain (2004), Les objets d&rsquo;apprentissage&#160;: au-del\u00e0 de la technologie, la p\u00e9dagogie, <\/span><i><span style=\"font-weight: 400\">Clic<\/span><\/i><span style=\"font-weight: 400\">, n\u00ba 54.\u00a0<\/span><\/p>\n<p><span style=\"font-weight: 400\">JOBIN R\u00e9jean (2003), L&rsquo;\u00e8re des REA, <\/span><i><span style=\"font-weight: 400\">Clic<\/span><\/i><span style=\"font-weight: 400\">, n\u00b051.\u00a0<\/span><\/p>\n<p><span style=\"font-weight: 400\">LADERRI\u00c8RE Pierre (dir.) (2004), <\/span><i><span style=\"font-weight: 400\">La gestion des ressources humaines dans l\u2019enseignement&#160;: o\u00f9 en est l\u2019Europe <\/span><\/i><span style=\"font-weight: 400\">&#160;?, L\u2019Harmattan, Paris.\u00a0<\/span><\/p>\n<p><span style=\"font-weight: 400\">LOFFREDA Magali (con\u00e7u et illustr\u00e9 par Sol\u00e8ne Voegel) (2019), <\/span><i><span style=\"font-weight: 400\">Dis-moi, comment tu ranges&#160;?&#160;! L\u2019organisation mat\u00e9rielle des ressources par les enseignants<\/span><\/i><span style=\"font-weight: 400\">, Livret, p.75, Paris.\u00a0\u00a0<\/span><\/p>\n<p><span style=\"font-weight: 400\">MALINAS Damien (2008), <\/span><i><span style=\"font-weight: 400\">Portrait des festivaliers d&rsquo;Avignon&#160;: transmettre une fois&#160;? Pour toujours&#160;?,<\/span><\/i><span style=\"font-weight: 400\"> Presses Universitaires de Grenoble.\u00a0<\/span><\/p>\n<p><span style=\"font-weight: 400\">NO\u00cbL \u00c9lisabeth (2007), Quelle \u00e9valuation des ressources p\u00e9dagogiques&#160;?, Journ\u00e9e d\u2019\u00c9tude des URFIST <\/span><i><span style=\"font-weight: 400\">Evaluation et validation de l\u2019information sur Internet<\/span><\/i><span style=\"font-weight: 400\">, Paris.\u00a0<\/span><\/p>\n<p><span style=\"font-weight: 400\">OCTOBRE Sylvie (2013), La transmission culturelle \u00e0 l\u2019\u00e8re digitale, <\/span><i><span style=\"font-weight: 400\">L&rsquo;Observatoire<\/span><\/i><span style=\"font-weight: 400\">, vol.1, n\u00b0 42, p. 98-101.\u00a0<\/span><\/p>\n<p><span style=\"font-weight: 400\">POUTHIER Fran\u00e7ois, MIQUEU Christophe <\/span><i><span style=\"font-weight: 400\">et al<\/span><\/i><span style=\"font-weight: 400\">. (2019), <\/span><i><span style=\"font-weight: 400\">La fabrique territoriale de l\u2019\u00e9ducation artistique et culturelle. Cinq ans de pratiques partag\u00e9es dans les intercommunalit\u00e9s engag\u00e9es de Nouvelle-Aquitaine<\/span><\/i><span style=\"font-weight: 400\">, La Librairie des territoires, Sarrant.\u00a0\u00a0<\/span><\/p>\n<p><span style=\"font-weight: 400\">QUENTIN Isabelle (2018), <\/span><i><span style=\"font-weight: 400\">Publication et partage de ressources. Analyses de comptes Twitter cr\u00e9\u00e9s par des enseignants.<\/span><\/i><span style=\"font-weight: 400\"> Sous la direction d\u2019\u00c9ric Bruillard, ENS Paris Saclay.\u00a0\u00a0\u00a0\u00a0<\/span><\/p>\n<h2><b>Th\u00e9matique 3&#160;: L\u2019\u00c9ducation Artistique et Culturelle \u00e0 l\u2019\u00e9preuve de la culture scientifique<\/b><span style=\"font-weight: 400\">\u00a0<\/span><\/h2>\n<p><span style=\"font-weight: 400\">La d\u00e9finition de l\u2019\u00c9ducation Artistique et Culturelle est sujette \u00e0 d\u00e9bat et peut renvoyer \u00e0 des r\u00e9alit\u00e9s diff\u00e9rentes (Lauret, 2014&#160;; Bordeaux, 2017). Comment d\u00e9finir ses fronti\u00e8res&#160;? Existe-t-il une distinction entre la sph\u00e8re artistique et la sph\u00e8re culturelle&#160;?\u00a0\u00a0<\/span><\/p>\n<p><span style=\"font-weight: 400\">L\u2019EAC est consid\u00e9r\u00e9e comme un champ pluridisciplinaire. En effet, parmi les 42 PR\u00c9ACs, cinq gravitent autour de la culture technique et de la culture scientifique. Cependant, lorsque nous \u00e9voquons l\u2019EAC, nous pensons assez rapidement aux langues vivantes, \u00e0 l&rsquo;histoire de l\u2019art et aux sciences humaines et sociales. L\u2019enqu\u00eate 2022 de l\u2019INSEAC aupr\u00e8s des jeunes guingampais montre cette m\u00eame r\u00e9alit\u00e9<\/span><span style=\"font-weight: 400\">. En effet, \u00ab&#160;la culture scientifique constitue l\u2019un des points aveugles des \u00e9tudes sociologiques sur la culture, et demeure davantage investie par les disciplines comme les sciences de l\u2019\u00e9ducation, de la communication et de l\u2019information. Pourtant, il existe des mus\u00e9es, des expositions, tout un ensemble de productions \u00e9crites et audiovisuelles, pouvant dessiner les contours de ce qu\u2019on appellerait une culture \u201cscientifique\u201d, souvent associ\u00e9e alors \u00e0 \u201ctechnique\u201d&#160;\u00bb (D\u00e9trez et Piluso, 2014). En effet, prenons comme exemple la musique qui a fait l&rsquo;objet de rationalisations successives (Weber, 1998). Le d\u00e9veloppement de nouveaux instruments musicaux (accord\u00e9on tactile, fabrication par imprimante 3D, cr\u00e9ations des fr\u00e8res Baschet, num\u00e9risation de la harpe d\u2019Alan Stivell&#8230;) ainsi que le double statut scientifique\/musicien de personnalit\u00e9s comme Albert Einstein (physicien\/violoniste) ou Brian May (astrophysicien\/musicien\/chanteur) illustrent le lien entre art et sciences.\u00a0\u00a0\u00a0<\/span><\/p>\n<p><span style=\"font-weight: 400\">De ce fait, la science est-elle une culture&#160;? Dans quelle mesure la culture scientifique rentre-t-elle dans le champ de l\u2019EAC et comment peut-elle \u00eatre enseign\u00e9e&#160;? L\u2019art et la culture peuvent-ils \u00eatre des m\u00e9diateurs scientifiques&#160;? La science nourrit-t-elle l\u2019art&#160;? L\u2019artiste et le scientifique, quelles relations entretiennent-ils, cr\u00e9ateurs ou cocr\u00e9ateurs&#160;? La distinction entre culture et culture scientifique est-elle pertinente&#160;?\u00a0<\/span><\/p>\n<p><span style=\"font-weight: 400\">Les article 3 et 4 de la Charte pr\u00e9cisent que l\u2019EAC est une \u00e9ducation \u00e0 l\u2019art et par l\u2019art. La culture scientifique peut-elle, au m\u00eame titre, permettre un acc\u00e8s \u00e0 l\u2019art&#160;?\u00a0<\/span><\/p>\n<p><span style=\"font-weight: 400\">De nombreux exemples illustrent comment culture, art et sciences peuvent s\u2019entrem\u00ealer et se nourrir mutuellement. C\u2019est le cas de l\u2019exposition <\/span><i><span style=\"font-weight: 400\">Anima (ex) Musica<\/span><\/i><span style=\"font-weight: 400\"> pr\u00e9sent\u00e9e \u00e0 la Roche Jagu du 7 mai au 2 octobre 2022 ou encore du projet p\u00e9dagogique Aires Marines \u00c9ducatives qui permet, dans une d\u00e9marche participative et \u00e9cocitoyenne, de g\u00e9rer une petite zone maritime.\u00a0\u00a0<\/span><\/p>\n<h2><span style=\"font-weight: 400\">Bibliographie&#160;:\u00a0<\/span><\/h2>\n<p><span style=\"font-weight: 400\">BORDEAUX Marie-Christine (2017). L\u2019\u00e9ducation artistique et culturelle \u00e0 l\u2019\u00e9preuve de ses mod\u00e8les. <\/span><i><span style=\"font-weight: 400\">Quaderni<\/span><\/i><span style=\"font-weight: 400\">, vol.92, p.27-35.\u00a0<\/span><\/p>\n<p><span style=\"font-weight: 400\">BOUILLQGUET Emilie (2021), <\/span><a href=\"https:\/\/hal.archives-ouvertes.fr\/hal-03425795\"><span style=\"font-weight: 400\">Programmer des rencontres culturelles \u00e0 l\u2019occasion d\u2019\u00e9v\u00e8nements scientifiques&#160;: Enjeux d\u2019un dispositif arts-sciences pour une soci\u00e9t\u00e9 savante<\/span><\/a><span style=\"font-weight: 400\">, <\/span><i><span style=\"font-weight: 400\">Le r\u00f4le culturel et l\u2019action artistique de l\u2019universit\u00e9 contemporaine,<\/span><\/i> <i><span style=\"font-weight: 400\">Dans le cadre du 88e congr\u00e8s de l\u2019ACFAS<\/span><\/i><span style=\"font-weight: 400\">, Universit\u00e9 de Sherbrooke &amp; Universit\u00e9 Bishop\u2019s, Chaire Fernand-Dumont sur la culture (INRS), Canada.\u00a0<\/span><\/p>\n<p><span style=\"font-weight: 400\">FOURMENTRAUX Jean-Paul (2012). <\/span><i><span style=\"font-weight: 400\">Art et science<\/span><\/i><span style=\"font-weight: 400\">, CNRS \u00c9ditions, Coll. Les Essentiels d\u2019Herm\u00e8s.\u00a0\u00a0<\/span><\/p>\n<p><span style=\"font-weight: 400\">GAUDEZ Florent (dir.) (2007), <\/span><i><span style=\"font-weight: 400\">Sociologie des arts, sociologie des sciences<\/span><\/i><span style=\"font-weight: 400\">, L\u2019Harmatthan, Paris.\u00a0<\/span><\/p>\n<p><span style=\"font-weight: 400\">LAGADEUC Yvan, CHENORKIAN Robert (2009), Les syst\u00e8mes socio-\u00e9cologiques&#160;: vers une approche spatiale et temporelle, <\/span><i><span style=\"font-weight: 400\">Natures Sciences Soci\u00e9t\u00e9s<\/span><\/i><span style=\"font-weight: 400\">, n\u00b02, vol. 17, p. 194-196.\u00a0<\/span><\/p>\n<p><span style=\"font-weight: 400\">LATOUR Bruno (2006). <\/span><i><span style=\"font-weight: 400\">Nous n\u2019avons jamais \u00e9t\u00e9 modernes, Essai d\u2019anthropologie sym\u00e9trique<\/span><\/i><span style=\"font-weight: 400\">, La D\u00e9couverte, Paris.\u00a0<\/span><\/p>\n<p><span style=\"font-weight: 400\">LAURET Jean-Marc (2014). <\/span><i><span style=\"font-weight: 400\">L\u2019art fait-il grandir l\u2019enfant&#160;? Essai sur l\u2019\u00e9valuation de l\u2019\u00e9ducation artistique et culturelle<\/span><\/i><span style=\"font-weight: 400\">, \u00c9ditions de l\u2019Attribut, Toulouse.\u00a0<\/span><\/p>\n<p><span style=\"font-weight: 400\">PERRONNET Cl\u00e9mence (2021). L<\/span><i><span style=\"font-weight: 400\">a bosse des maths n&rsquo;existe pas, R\u00e9tablir l&rsquo;\u00e9galit\u00e9 des chances dans les mati\u00e8res scientifiques,<\/span><\/i><span style=\"font-weight: 400\"> Autrement, Paris.\u00a0<\/span><\/p>\n<p><span style=\"font-weight: 400\">PILUSO Claire et DETREZ Christine (2014), La culture scientifique, une culture au masculin&#160;?, in Sylvie Octobre (dir.), <\/span><i><span style=\"font-weight: 400\">Questions de genre, questions de culture<\/span><\/i><span style=\"font-weight: 400\">, p.27-51.\u00a0\u00a0<\/span><\/p>\n<p><span style=\"font-weight: 400\">SNOW C.P. (2013), <\/span><i><span style=\"font-weight: 400\">The Two Cultures and the Scientific Revolution<\/span><\/i><span style=\"font-weight: 400\"> (1959), Martino Fine Books, Eastford.<\/span><\/p>\n<p><span style=\"font-weight: 400\">WEBER Max (1998), <\/span><i><span style=\"font-weight: 400\">Sociologie de la musique,<\/span><\/i><span style=\"font-weight: 400\"> M\u00e9taili\u00e9, Paris.\u00a0\u00a0<\/span><\/p>\n<h2><b>Consignes aux auteurs <\/b><span style=\"font-weight: 400\">&#160;:\u00a0\u00a0<\/span><\/h2>\n<p><span style=\"font-weight: 400\">Cette journ\u00e9e d\u2019\u00e9tude s\u2019inscrit dans les Sciences de l\u2019Information et de la Communication mais elle est ouverte \u00e0 tous les jeunes chercheurs en EAC (sciences de l\u2019\u00e9ducation, sociologie, histoire, g\u00e9ographie, physique, informatique &#8230;) ainsi qu\u2019aux professionnels engag\u00e9s dans ce domaine. Les propositions attendues peuvent \u00eatre argument\u00e9es par une approche th\u00e9orique et\/ou empirique. Elles doivent s\u2019inscrire dans une des th\u00e9matiques propos\u00e9es. Toutes les propositions accept\u00e9es donneront lieu \u00e0 une communication de 20 minutes lors d\u2019une table ronde suivies de 30 minutes d\u2019\u00e9changes collectifs. Les sessions de communication se d\u00e9rouleront en pr\u00e9sentiel.\u00a0\u00a0<\/span><\/p>\n<p><span style=\"font-weight: 400\">Les propositions ne devront pas d\u00e9passer les 2000 signes (hors bibliographie, espaces compris). Elles devront inclure le nom du ou des auteur(s) et leurs coordonn\u00e9es, l\u2019institution de rattachement, la th\u00e9matique choisie, un titre, une probl\u00e9matique, un cadre th\u00e9orique, une m\u00e9thodologie et une bibliographie.\u00a0<\/span><\/p>\n<p><span style=\"font-weight: 400\">Elles devront \u00eatre envoy\u00e9es en format .docx ou .pdf en Times 12, avant le <strong>01\/07\/2022<\/strong>, \u00e0 l\u2019adresse suivante&#160;: <\/span><a href=\"mailto:bzh_recherche-inseac@lecnam.net\"><span style=\"font-weight: 400\">bzh_recherche-inseac@lecnam.net<\/span><\/a><span style=\"font-weight: 400\">\u00a0<\/span><\/p>\n<p><span style=\"font-weight: 400\">\u00c0 la suite de la journ\u00e9e d\u2019\u00e9tude, une publication est envisag\u00e9e dans le journal de recherches de l\u2019Inseac.\u00a0<\/span><\/p>\n<h2><b>Calendrier<\/b><span style=\"font-weight: 400\"><br \/>\n<\/span><\/h2>\n<ul>\n<li><span style=\"font-weight: 400\"><strong>Date limite de d\u00e9p\u00f4t des propositions de communication&#160;:<\/strong> 01\/07\/2022\u00a0<\/span><\/li>\n<li><span style=\"font-weight: 400\"><strong>R\u00e9ponse aux auteurs&#160;:\u00a0<\/strong> 20\/07\/2022\u00a0\u00a0<\/span><\/li>\n<li><span style=\"font-weight: 400\"><strong>Journ\u00e9e d\u2019\u00e9tude&#160;:<\/strong> Jeudi 8 septembre 2022<br \/>\n<\/span><\/li>\n<\/ul>\n<h2><b>Comit\u00e9 scientifique<\/b><\/h2>\n<ul>\n<li><span style=\"font-weight: 400\">BORDEAUX Marie-Christine (Professeure, Universit\u00e9 Grenoble Alpes)\u00a0<\/span><\/li>\n<li><span style=\"font-weight: 400\">DETREZ Christine ( Professeur, ENS de Lyon)<\/span><\/li>\n<li><span style=\"font-weight: 400\">ETHIS Emmanuel (Professeur des universit\u00e9s, Vice-pr\u00e9sident du HCEAC)\u00a0<\/span><\/li>\n<li><span style=\"font-weight: 400\">LAGADEUC Yvan (Professeur, Universit\u00e9 Rennes 1)\u00a0<\/span><\/li>\n<li><span style=\"font-weight: 400\">LALLEMENT Emmanuelle (Professeure, Universit\u00e9 Paris 8)\u00a0<\/span><\/li>\n<li><span style=\"font-weight: 400\">MALINAS Damien (Ma\u00eetre de conf\u00e9rence, INSEAC du CNAM)\u00a0<\/span><\/li>\n<li><span style=\"font-weight: 400\">OCTOBRE Sylvie (Professeure, Minist\u00e8re de la Culture)\u00a0\u00a0<\/span><\/li>\n<li><span style=\"font-weight: 400\">POURQUIER-JACQUIN St\u00e9phanie (Ma\u00eetre de conf\u00e9rence, INSEAC du CNAM)\u00a0<\/span><\/li>\n<li><span style=\"font-weight: 400\">ROTH Rapha\u00ebl (Ma\u00eetre de conf\u00e9rence, INSEAC du CNAM)<br \/>\n<\/span><\/li>\n<\/ul>\n<h2><b>Comit\u00e9 d\u2019organisation<\/b><\/h2>\n<ul>\n<li><span style=\"font-weight: 400\">CACERES Judith (doctorante, Laboratoire Culture et Communication, Avignon Universit\u00e9)\u00a0<\/span><\/li>\n<li><span style=\"font-weight: 400\">GARREAU Laurent (ing\u00e9nieur de recherche, Laboratoire Dicen, INSEAC du CNAM)\u00a0<\/span><\/li>\n<li><span style=\"font-weight: 400\">LANIESSE Zo\u00e9 (doctorante, Laboratoire Dicen, INSEAC du CNAM)\u00a0\u00a0<\/span><\/li>\n<li><span style=\"font-weight: 400\">LE BOUR Julien (doctorant, Laboratoire Dicen, INSEAC du CNAM)\u00a0\u00a0<\/span><\/li>\n<li><span style=\"font-weight: 400\">LI Zeyu (doctorant, Laboratoire Dicen, INSEAC du CNAM)\u00a0\u00a0<\/span><\/li>\n<li><span style=\"font-weight: 400\">SWINNEN Laure-H\u00e9l\u00e8ne (doctorante, Laboratoire Culture et Communication, Avignon Universit\u00e9)\u00a0<\/span><\/li>\n<\/ul>\n<h2><b>Bibliographie indicative<\/b> <span style=\"font-weight: 400\">\u00a0<\/span><\/h2>\n<h3><b>Ouvrages<\/b><span style=\"font-weight: 400\">\u00a0<\/span><\/h3>\n<p><span style=\"font-weight: 400\">ARENDT Hannah (1989),<\/span><i><span style=\"font-weight: 400\"> La crise de la culture (Between past and future)<\/span><\/i><span style=\"font-weight: 400\">, Gallimard, Paris.\u00a0\u00a0<\/span><\/p>\n<p><span style=\"font-weight: 400\">ARNAUD Lionel (2018), <\/span><i><span style=\"font-weight: 400\">Agir par la culture. Acteurs, enjeux et mutations des mouvements culturels, <\/span><\/i><span style=\"font-weight: 400\">\u00c9ditions de l&rsquo;Attribut, Toulouse.\u00a0\u00a0<\/span><\/p>\n<p><span style=\"font-weight: 400\">BARR\u00c8RE Anne et MONTOYA Nathalie (2019), <\/span><i><span style=\"font-weight: 400\">L\u2019\u00e9ducation artistique et culturelle, Mythes et malentendus,<\/span><\/i><span style=\"font-weight: 400\"> L\u2019Harmattan, Paris.\u00a0<\/span><\/p>\n<p><span style=\"font-weight: 400\">BARUS-MICHEL Jacqueline, GIUST-DESPRAIRIES Florence et RIDEL Luc (2015), <\/span><i><span style=\"font-weight: 400\">Crises,<\/span><\/i><span style=\"font-weight: 400\"> \u00c9ditions Descl\u00e9e de Brouwer, Paris.\u00a0\u00a0<\/span><\/p>\n<p><span style=\"font-weight: 400\">BORDEAUX Marie-Christine et DESCHAMPS Fran\u00e7ois (2013), <\/span><i><span style=\"font-weight: 400\">\u00c9ducation artistique, l&rsquo;\u00e9ternel retour&#160;? Une ambition nationale \u00e0 l&rsquo;\u00e9preuve des territoires<\/span><\/i><span style=\"font-weight: 400\">, \u00c9ditions de l&rsquo;Attribut, Toulouse.\u00a0<\/span><\/p>\n<p><span style=\"font-weight: 400\">BERCKER Howard (2010), <\/span><i><span style=\"font-weight: 400\">Les mondes de l\u2019art<\/span><\/i><span style=\"font-weight: 400\">, Flammarion, Paris.\u00a0\u00a0<\/span><\/p>\n<p><span style=\"font-weight: 400\">CARASSO Jean-Gabriel (2005), <\/span><i><span style=\"font-weight: 400\">Nos enfants ont-ils droit \u00e0 l\u2019art et \u00e0 la culture,<\/span><\/i><span style=\"font-weight: 400\"> \u00c9ditions de l\u2019attribut, Coll. La culture en question, Paris.\u00a0<\/span><\/p>\n<p><span style=\"font-weight: 400\">D\u00c9TREZ Christine (2014), <\/span><i><span style=\"font-weight: 400\">Sociologie de la culture<\/span><\/i><span style=\"font-weight: 400\">, Armand Colin, Paris.\u00a0\u00a0<\/span><\/p>\n<p><span style=\"font-weight: 400\">DEWEY John (1934), <\/span><i><span style=\"font-weight: 400\">L\u2019art comme exp\u00e9rience<\/span><\/i><span style=\"font-weight: 400\">, Essais, Folios, Paris.\u00a0\u00a0<\/span><\/p>\n<p><span style=\"font-weight: 400\">FOURMENTRAUX Jean-Paul (2011)<\/span><span style=\"font-weight: 400\">, <\/span><i><span style=\"font-weight: 400\">ARTISTES DE LABORATOIRE. Recherche et cr\u00e9ation \u00e0 l\u2019\u00e8re num\u00e9rique<\/span><\/i><span style=\"font-weight: 400\">, \u00c9ditions Hermann, Paris.\u00a0<\/span><\/p>\n<p><span style=\"font-weight: 400\">FOURMENTRAUX\u00a0 Jean-Paul <\/span><span style=\"font-weight: 400\">(dir.) (2012), Art et science, CNRS \u00c9ditions, Coll. Les Essentiels d\u2019Herm\u00e8s, Paris.\u00a0<\/span><\/p>\n<p><span style=\"font-weight: 400\">JONCHERY Anne, OCTOBRE Sylvie (dir.) (2022), L&rsquo;\u00e9ducation artistique et culturelle, une utopie au prisme des sciences sociales, Presses de Sciences Po, Paris, (<\/span><i><span style=\"font-weight: 400\">\u00e0 para\u00eetre<\/span><\/i><span style=\"font-weight: 400\">).\u00a0<\/span><\/p>\n<p><span style=\"font-weight: 400\">LADERRI\u00c8RE Pierre (dir.) (2004), <\/span><i><span style=\"font-weight: 400\">La gestion des ressources humaines dans l\u2019enseignement&#160;: o\u00f9 en est l\u2019Europe <\/span><\/i><span style=\"font-weight: 400\">&#160;?, L\u2019Harmattan, Paris.\u00a0<\/span><\/p>\n<p><span style=\"font-weight: 400\">LATOUR Bruno (2006). <\/span><i><span style=\"font-weight: 400\">Nous n\u2019avons jamais \u00e9t\u00e9 modernes, Essai d\u2019anthropologie sym\u00e9trique<\/span><\/i><span style=\"font-weight: 400\">, La D\u00e9couverte, Paris.\u00a0<\/span><\/p>\n<p><span style=\"font-weight: 400\">LAURET Jean-Marc (2014). <\/span><i><span style=\"font-weight: 400\">L\u2019art fait-il grandir l\u2019enfant&#160;? Essai sur l\u2019\u00e9valuation de l\u2019\u00e9ducation artistique et culturelle<\/span><\/i><span style=\"font-weight: 400\">, \u00c9ditions de l\u2019Attribut, Toulouse.\u00a0<\/span><\/p>\n<p><span style=\"font-weight: 400\">LE BOULANGER Jean-Michel (2017), <\/span><i><span style=\"font-weight: 400\">\u00c9loge de la culture en temps de crise<\/span><\/i><span style=\"font-weight: 400\">, Apog\u00e9e, Rennes.\u00a0<\/span><\/p>\n<p><span style=\"font-weight: 400\">MALINAS Damien (2008), <\/span><i><span style=\"font-weight: 400\">Portrait des festivaliers d&rsquo;Avignon&#160;: transmettre une fois&#160;? Pour toujours&#160;?<\/span><\/i><span style=\"font-weight: 400\">, Presses Universitaires de Grenoble.\u00a0<\/span><\/p>\n<p><span style=\"font-weight: 400\">MORIN Edgar (2020), <\/span><i><span style=\"font-weight: 400\">Sur la crise<\/span><\/i><span style=\"font-weight: 400\">, Flammarion, Paris.\u00a0\u00a0<\/span><\/p>\n<p><span style=\"font-weight: 400\">POUTHIER Fran\u00e7ois, MIQUEU Christophe et al. (2019), <\/span><i><span style=\"font-weight: 400\">La fabrique territoriale de l\u2019\u00e9ducation artistique et culturelle. Cinq ans de pratiques partag\u00e9es dans les intercommunalit\u00e9s engag\u00e9es de Nouvelle-Aquitaine<\/span><\/i><span style=\"font-weight: 400\">, La Librairie des territoires, Sarrant.\u00a0\u00a0<\/span><\/p>\n<p><span style=\"font-weight: 400\">RANCIERE Jacques (2000), <\/span><i><span style=\"font-weight: 400\">Le partage du sensible, <\/span><\/i><span style=\"font-weight: 400\">La Fabrique \u00c9ditions, Paris.\u00a0<\/span><\/p>\n<p><span style=\"font-weight: 400\">RANCIERE Jacques (2008), <\/span><i><span style=\"font-weight: 400\">Le spectateur \u00e9mancip\u00e9, <\/span><\/i><span style=\"font-weight: 400\">La Fabrique \u00c9ditions, Paris.\u00a0<\/span><\/p>\n<p><span style=\"font-weight: 400\">SNOW C.P. (2013), <\/span><i><span style=\"font-weight: 400\">The Two Cultures and the Scientific Revolution<\/span><\/i><span style=\"font-weight: 400\"> (1959), Martino Fine Books, Eastford.\u00a0<\/span><\/p>\n<p><span style=\"font-weight: 400\">TALON-HUGON Carole (2021), L\u2019artiste en habits de chercheur, Presses Universitaires de France, Paris.\u00a0<\/span><\/p>\n<h3><b>Articles<\/b><span style=\"font-weight: 400\">\u00a0<\/span><\/h3>\n<p><span style=\"font-weight: 400\">ARNAUD Lionel (2015), Action culturelle et \u00e9mancipation par la culture. Un \u00e9clairage Sociohistorique,<\/span><i><span style=\"font-weight: 400\"> Informations sociales<\/span><\/i><span style=\"font-weight: 400\">, vol. 190, n\u00b04, p. 46-56.\u00a0<\/span><\/p>\n<p><span style=\"font-weight: 400\">B\u00c9JIN Andr\u00e9 et MORIN Edgar (dir.). (1976), La notion de crise, <\/span><i><span style=\"font-weight: 400\">Communications<\/span><\/i><span style=\"font-weight: 400\">, n\u00b025.\u00a0<\/span><\/p>\n<p><span style=\"font-weight: 400\">BIBEAU Robert (2005), Les TIC \u00e0 l&rsquo;\u00e9cole&#160;: proposition de taxonomie et analyse des obstacles \u00e0 leur int\u00e9gration<\/span><i><span style=\"font-weight: 400\">,<\/span><\/i> <i><span style=\"font-weight: 400\">Revue de l&rsquo;EPI (Enseignement Public et Informatique).<\/span><\/i><span style=\"font-weight: 400\">\u00a0\u00a0<\/span><\/p>\n<p><span style=\"font-weight: 400\">BORDEAUX Marie-Christine (2016), Hybridations \u00e0 l\u2019\u0153uvre&#160;: le cas de la convergence arts-sciences-technologies. In Gwiazdzinski Luc, <\/span><i><span style=\"font-weight: 400\">Hybridation des mondes. Territoires et organisations \u00e0 l\u2019\u00e9preuve de l\u2019hybridation<\/span><\/i><span style=\"font-weight: 400\">, Elya Editions, p.169-178.\u00a0<\/span><\/p>\n<p><span style=\"font-weight: 400\">BORDEAUX Marie-Christine (2019), L\u2019\u00e9ducation artistique et culturelle \u00e0 l\u2019\u00e9preuve de ses mod\u00e8les, <\/span><i><span style=\"font-weight: 400\">Quaderni, <\/span><\/i><span style=\"font-weight: 400\">vol.92, p.27-35.\u00a0<\/span><\/p>\n<p><span style=\"font-weight: 400\">BOURDA Yolaine, GAUTHIER Gilles, GOMEZ de Regil Rosa-Maria, CATTEAU Olivier (2010), M\u00e9tadonn\u00e9es pour ressources d\u2019apprentissage (MLR), dans <\/span><i><span style=\"font-weight: 400\">Sciences et Technologies de l&rsquo;Information et de la Communication pour l&rsquo;\u00c9ducation et la Formation<\/span><\/i><span style=\"font-weight: 400\">, vol.17, p. 195-210.\u00a0<\/span><\/p>\n<p><span style=\"font-weight: 400\">BRULHART Franck, GUIEU Gilles, MALTESE Lionel (2010), Th\u00e9orie des ressources. D\u00e9bats th\u00e9oriques et applicabilit\u00e9s, <\/span><i><span style=\"font-weight: 400\">Revue fran\u00e7aise de gestion<\/span><\/i><span style=\"font-weight: 400\">, vol.5, n\u00b0 204, p. 83-86.\u00a0<\/span><\/p>\n<p><span style=\"font-weight: 400\">CICCHELLI Vincenzo, OCTOBRE Sylvie (2018), Fictionnalisation des attentats et th\u00e9orie du complot chez les adolescents\u202a, <\/span><i><span style=\"font-weight: 400\">Quaderni<\/span><\/i><span style=\"font-weight: 400\">, vol.1, n\u00b0 95, p. 53-64.\u00a0\u00a0\u00a0<\/span><\/p>\n<p><span style=\"font-weight: 400\">ETHIS Emmanuel (2009), <\/span><i><span style=\"font-weight: 400\">Le cin\u00e9ma dop\u00e9 par la crise<\/span><\/i><span style=\"font-weight: 400\">, disponible sur &lt;<\/span><a href=\"https:\/\/ethis-e.blogspot.com\/2009\/03\/le-cinema-dope-par-la-crise.html?m=0\"><span style=\"font-weight: 400\">https:\/\/ethis-e.blogspot.com\/2009\/03\/le-cinema-dope-par-la-crise.html?m=0<\/span><\/a><span style=\"font-weight: 400\">&gt;\u00a0<\/span><\/p>\n<p><span style=\"font-weight: 400\">GUILLOU Lauriane, MALINAS Damien, ROTH Rapha\u00ebl et ROYON Camille (2019), Education artistique et culturelle, <\/span><i><span style=\"font-weight: 400\">Publictionnaire, Dictionnaire encyclop\u00e9dique et critique des publics.<\/span><\/i><span style=\"font-weight: 400\"> Disponible sur &lt;<\/span><a href=\"http:\/\/publictionnaire.huma-num.fr\/notice\/education-artistique-et-culturelle\"><span style=\"font-weight: 400\">http:\/\/publictionnaire.huma-num.fr\/notice\/education-artistique-et-culturelle<\/span><\/a><span style=\"font-weight: 400\">&gt;\u00a0<\/span><\/p>\n<p><span style=\"font-weight: 400\">FABIANI Jean-Louis (2021), De l\u2019\u00e9ducation populaire \u00e0 l\u2019\u00e9ducation artistique &amp; culturelle, <\/span><i><span style=\"font-weight: 400\">Livre de bord de l\u2019INSEAC<\/span><\/i><span style=\"font-weight: 400\">, Guingamp.\u00a0<\/span><\/p>\n<p><span style=\"font-weight: 400\">FLAMAND Philippe et GERVAIS Alain (2004), Les objets d&rsquo;apprentissage&#160;: au-del\u00e0 de la technologie, la p\u00e9dagogie, <\/span><i><span style=\"font-weight: 400\">Clic<\/span><\/i><span style=\"font-weight: 400\">, n\u00ba 54.\u00a0\u00a0<\/span><\/p>\n<p><span style=\"font-weight: 400\">JOBIN R\u00e9jean (2003), L&rsquo;\u00e8re des REA, <\/span><i><span style=\"font-weight: 400\">Clic<\/span><\/i><span style=\"font-weight: 400\">, n\u00b051.\u00a0\u00a0<\/span><\/p>\n<p><span style=\"font-weight: 400\">KERLAN Alain (2019), L\u2019\u00e9ducation artistique et culturelle, entre utopie et h\u00e9t\u00e9rotopie. \u00c9l\u00e9ments de g\u00e9n\u00e9alogie, <\/span><i><span style=\"font-weight: 400\">Quaderni, <\/span><\/i><span style=\"font-weight: 400\">n\u00b092, p.13-26.\u00a0<\/span><\/p>\n<p><span style=\"font-weight: 400\">LAGADEUC Yvan, CHENORKIAN Robert (2009), Les syst\u00e8mes socio-\u00e9cologiques&#160;: vers une approche spatiale et temporelle, <\/span><i><span style=\"font-weight: 400\">Natures Sciences Soci\u00e9t\u00e9s<\/span><\/i><span style=\"font-weight: 400\">, Vol. 17, p. 194-196.\u00a0<\/span><\/p>\n<p><span style=\"font-weight: 400\">LALLEMENT Emmanuelle (2021a), La culture, ensemble&#160;?, <\/span><i><span style=\"font-weight: 400\">Nectart<\/span><\/i><span style=\"font-weight: 400\">, n\u00b0 13, p. 74-81.\u00a0\u00a0<\/span><\/p>\n<p><span style=\"font-weight: 400\">LALLEMENT Emmanuelle (2021b), De la culture aux cultures num\u00e9riques&#160;: un regard anthropologique, <\/span><i><span style=\"font-weight: 400\">L&rsquo;Observatoire<\/span><\/i><span style=\"font-weight: 400\">, vol. 2, n\u00b0 58, p. 42-45.\u00a0\u00a0\u00a0<\/span><\/p>\n<p><span style=\"font-weight: 400\">MALINAS Damien et ROTH Rapha\u00ebl (2021), L\u2019\u00e9ducation artistique &amp; culturelle, une d\u00e9finition, <\/span><i><span style=\"font-weight: 400\">Livre de bord de l\u2019INSEAC<\/span><\/i><span style=\"font-weight: 400\">, Guingamp.\u00a0<\/span><\/p>\n<p><span style=\"font-weight: 400\">NO\u00cbL \u00c9lisabeth (2007), Quelle \u00e9valuation des ressources p\u00e9dagogiques&#160;?, dans Journ\u00e9e d\u2019\u00c9tude des URFIST <\/span><i><span style=\"font-weight: 400\">Evaluation et validation de l\u2019information sur Internet<\/span><\/i><span style=\"font-weight: 400\">, Paris.\u00a0<\/span><\/p>\n<p><span style=\"font-weight: 400\">OCTOBRE Sylvie (2013), La transmission culturelle \u00e0 l\u2019\u00e8re digitale, <\/span><i><span style=\"font-weight: 400\">L&rsquo;Observatoire<\/span><\/i><span style=\"font-weight: 400\">, vol.1, n\u00b0 42, p. 98-101.\u00a0<\/span><\/p>\n<p><span style=\"font-weight: 400\">PILUSO Claire et DETREZ Christine (2014), La culture scientifique, une culture au masculin&#160;?, in Sylvie Octobre (dir.), <\/span><i><span style=\"font-weight: 400\">Questions de genre, questions de culture<\/span><\/i><span style=\"font-weight: 400\">, p.27-51.\u00a0\u00a0<\/span><\/p>\n<h3><b>Rapports<\/b><span style=\"font-weight: 400\">\u00a0<\/span><\/h3>\n<p><span style=\"font-weight: 400\">BAMFORD Anne (2006), L\u2019\u00e9ducation artistique dans le monde, <\/span><i><span style=\"font-weight: 400\">Revue internationale d\u2019\u00e9ducation de S\u00e8vres, <\/span><\/i><span style=\"font-weight: 400\">vol.42, disponible sur &lt;http:\/\/ journals.openedition.org\/ries\/1107&gt;\u00a0<\/span><\/p>\n<p><span style=\"font-weight: 400\">JONCHERY Anne et LOMBARDO Philippe (2020), Pratiques culturelles en temps de confinement, <\/span><i><span style=\"font-weight: 400\">Culture \u00e9tudes<\/span><\/i><span style=\"font-weight: 400\">, vol. 6, n\u00b06, p. 1-44.\u00a0<\/span><\/p>\n<p><span style=\"font-weight: 400\">UNESCO (2022), <\/span><i><span style=\"font-weight: 400\">Repenser les politiques en faveur de la cr\u00e9ativit\u00e9&#160;: la culture, un bien public mondial, <\/span><\/i><span style=\"font-weight: 400\">disponible sur <\/span><i><span style=\"font-weight: 400\">&lt;<\/span><\/i><a href=\"https:\/\/unesdoc.unesco.org\/ark:\/48223\/pf0000380477.locale=fr\"><span style=\"font-weight: 400\">https:\/\/unesdoc.unesco.org\/ark&#160;:\/48223\/pf0000380477.locale=fr<\/span><\/a><span style=\"font-weight: 400\">&gt;\u00a0<\/span><\/p>\n<\/p><\/div>\n<div class=\"zn-singledetail-attachedfiles\">\n<h3 class=\"zn-singledetail-section-title\">Fichier(s) attach\u00e9(s)<\/h3>\n<ul class=\"zn-singledetail-attachedfiles-list\">\n<li class=\"zn-singledetail-attachedfiles-item\">\n\t\t\t\t\t\t\t<a class=\"zn-singledetail-attachedfiles-link button outline for-download\" href=\"https:\/\/www.sfsic.org\/wp-inside\/uploads\/skp-membership\/demande_adh\/appel-a-communication-officielle-journee-detudes-de-leducation-artistique-et-culturelle-septembre-2022-03062022-2.pdf\" title=\"T\u00e9l\u00e9charger : \u00ab appel-a-communication-officielle-journee-detudes-de-leducation-artistique-et-culturelle-septembre-2022-03062022-2.pdf \u00bb\" target=\"_blank\" rel=\"noopener\"><br \/>\n\t\t\t\t\t\t\t\t<span class=\"button-txt\">appel-a-communication-officielle-journee-detudes-de-leducation-artistique-et-culturelle-septembre-2022-03062022-2<span class=\"button-txt-type\"> (pdf)<\/span><\/span><br \/>\n\t\t\t\t\t\t\t<\/a>\n\t\t\t\t\t\t<\/li>\n<\/ul><\/div>\n<div class=\"zn-singledetail-keywords\">\n<h3 class=\"zn-singledetail-section-title\">Mots-cl\u00e9s<\/h3>\n<ul class=\"termslist termslist-post_tag\">\n<li class=\"termslist-item termslist-title\"><span class=\"termslist-titletxt\">Mots-cl\u00e9s<\/span><span class=\"doubledot\"><\/span><\/li>\n<li class=\"termslist-item tax-post_tag term-archives\"><a class=\"termslist-itemlink\" href=\"https:\/\/www.sfsic.org\/tag\/archives\/\" title=\"Archives\"><span class=\"termslist-itemname\">Archives<\/span><\/a><\/li>\n<li class=\"termslist-item tax-post_tag term-arts\"><a class=\"termslist-itemlink\" href=\"https:\/\/www.sfsic.org\/tag\/arts\/\" title=\"Arts\"><span class=\"termslist-itemname\">Arts<\/span><\/a><\/li>\n<li class=\"termslist-item tax-post_tag term-crise\"><a class=\"termslist-itemlink\" href=\"https:\/\/www.sfsic.org\/tag\/crise\/\" title=\"Crise\"><span class=\"termslist-itemname\">Crise<\/span><\/a><\/li>\n<li class=\"termslist-item tax-post_tag term-culture\"><a class=\"termslist-itemlink\" href=\"https:\/\/www.sfsic.org\/tag\/culture\/\" title=\"Culture\"><span class=\"termslist-itemname\">Culture<\/span><\/a><\/li>\n<li class=\"termslist-item tax-post_tag term-education-2\"><a class=\"termslist-itemlink\" href=\"https:\/\/www.sfsic.org\/tag\/education-2\/\" title=\"\u00c9ducation\"><span class=\"termslist-itemname\">\u00c9ducation<\/span><\/a><\/li>\n<li class=\"termslist-item tax-post_tag term-sciences\"><a class=\"termslist-itemlink\" href=\"https:\/\/www.sfsic.org\/tag\/sciences\/\" title=\"Sciences\"><span class=\"termslist-itemname\">Sciences<\/span><\/a><\/li>\n<\/ul><\/div>\n<\/p><\/div>\n<\/p><\/div>\n<\/p><\/div>\n<\/p><\/div>\n<\/div>\n<p><!-- \/fxzn:singledetail --><\/p>\n","protected":false},"excerpt":{"rendered":"<p>Mis en ligne le 5 juin 2022 Th\u00e9matiques Images, cin\u00e9ma, m\u00e9dias audiovisuels et industries culturelles M\u00e9diations m\u00e9morielles, culturelles et patrimoniales R\u00e9ponse attendue pour le 01\/07\/2022 Type de r\u00e9ponse R\u00e9sum\u00e9 Type [&hellip;]<\/p>\n","protected":false},"author":1275,"featured_media":0,"comment_status":"closed","ping_status":"closed","sticky":false,"template":"","format":"standard","meta":{"_acf_changed":false,"footnotes":""},"categories":[29],"tags":[345,350,202,382,700,93],"thematique":[35,38],"sfsic":[],"class_list":["post-25008","post","type-post","status-publish","format-standard","hentry","category-aac-evenement","tag-archives","tag-arts","tag-crise","tag-culture","tag-education-2","tag-sciences","thematique-images-cinema-medias-audiovisuels-et-industries-culturelles","thematique-mediations-memorielles-culturelles-et-patrimoniales","wp-sticky"],"acf":[],"yoast_head":"<!-- This site is optimized with the Yoast SEO plugin v27.5 - https:\/\/yoast.com\/product\/yoast-seo-wordpress\/ -->\n<title>Pr\u00e9lude \u00e0 une \u00c9ducation Artistique et Culturelle joyeuse : premi\u00e8re journ\u00e9e d\u2019\u00e9tudes de l\u2019INSEAC<\/title>\n<meta name=\"description\" content=\"Appel \u00e0 contribution pour une journ\u00e9e d\u2019\u00e9tude autour des trois th\u00e9matiques suivantes : \u00ab L\u2019EAC au temps des crises \u00bb, \u00ab L\u2019EAC \u00e0 travers ses ressources \u00bb, \u00ab L\u2019EAC \u00e0 l\u2019\u00e9preuve de la culture scientifique \u00bb.\" \/>\n<meta name=\"robots\" content=\"index, follow, max-snippet:-1, max-image-preview:large, max-video-preview:-1\" \/>\n<link rel=\"canonical\" href=\"https:\/\/www.sfsic.org\/en\/aac-evenement\/prelude-a-une-education-artistique-et-culturelle-joyeuse-premiere-journee-detudes-de-linseac\/\" \/>\n<meta property=\"og:locale\" content=\"en_US\" \/>\n<meta property=\"og:type\" content=\"article\" \/>\n<meta property=\"og:title\" content=\"Pr\u00e9lude \u00e0 une \u00c9ducation Artistique et Culturelle joyeuse : premi\u00e8re journ\u00e9e d\u2019\u00e9tudes de l\u2019INSEAC\" \/>\n<meta property=\"og:description\" content=\"Appel \u00e0 contribution pour une journ\u00e9e d\u2019\u00e9tude autour des trois th\u00e9matiques suivantes : \u00ab L\u2019EAC au temps des crises \u00bb, \u00ab L\u2019EAC \u00e0 travers ses ressources \u00bb, \u00ab L\u2019EAC \u00e0 l\u2019\u00e9preuve de la culture scientifique \u00bb.\" \/>\n<meta property=\"og:url\" content=\"https:\/\/www.sfsic.org\/en\/aac-evenement\/prelude-a-une-education-artistique-et-culturelle-joyeuse-premiere-journee-detudes-de-linseac\/\" \/>\n<meta property=\"og:site_name\" content=\"SFSIC\" \/>\n<meta property=\"article:published_time\" content=\"2022-06-05T07:27:46+00:00\" \/>\n<meta name=\"author\" content=\"Zeyu Li\" \/>\n<meta name=\"twitter:card\" content=\"summary_large_image\" \/>\n<script type=\"application\/ld+json\" class=\"yoast-schema-graph\">{\"@context\":\"https:\\\/\\\/schema.org\",\"@graph\":[{\"@type\":\"Article\",\"@id\":\"https:\\\/\\\/www.sfsic.org\\\/en\\\/aac-evenement\\\/prelude-a-une-education-artistique-et-culturelle-joyeuse-premiere-journee-detudes-de-linseac\\\/#article\",\"isPartOf\":{\"@id\":\"https:\\\/\\\/www.sfsic.org\\\/en\\\/aac-evenement\\\/prelude-a-une-education-artistique-et-culturelle-joyeuse-premiere-journee-detudes-de-linseac\\\/\"},\"author\":{\"name\":\"Zeyu Li\",\"@id\":\"https:\\\/\\\/www.sfsic.org\\\/en\\\/#\\\/schema\\\/person\\\/8acde662be968b73fadda020e4d5bbe8\"},\"headline\":\"Pr\u00e9lude \u00e0 une \u00c9ducation Artistique et Culturelle joyeuse : premi\u00e8re journ\u00e9e d\u2019\u00e9tudes de l\u2019INSEAC\",\"datePublished\":\"2022-06-05T07:27:46+00:00\",\"mainEntityOfPage\":{\"@id\":\"https:\\\/\\\/www.sfsic.org\\\/en\\\/aac-evenement\\\/prelude-a-une-education-artistique-et-culturelle-joyeuse-premiere-journee-detudes-de-linseac\\\/\"},\"wordCount\":4109,\"publisher\":{\"@id\":\"https:\\\/\\\/www.sfsic.org\\\/en\\\/#organization\"},\"keywords\":[\"Archives\",\"Arts\",\"Crise\",\"Culture\",\"\u00c9ducation\",\"Sciences\"],\"articleSection\":[\"AAC \u00c9v\u00e9nement\"],\"inLanguage\":\"en-US\"},{\"@type\":\"WebPage\",\"@id\":\"https:\\\/\\\/www.sfsic.org\\\/en\\\/aac-evenement\\\/prelude-a-une-education-artistique-et-culturelle-joyeuse-premiere-journee-detudes-de-linseac\\\/\",\"url\":\"https:\\\/\\\/www.sfsic.org\\\/en\\\/aac-evenement\\\/prelude-a-une-education-artistique-et-culturelle-joyeuse-premiere-journee-detudes-de-linseac\\\/\",\"name\":\"Pr\u00e9lude \u00e0 une \u00c9ducation Artistique et Culturelle joyeuse : premi\u00e8re journ\u00e9e d\u2019\u00e9tudes de l\u2019INSEAC\",\"isPartOf\":{\"@id\":\"https:\\\/\\\/www.sfsic.org\\\/en\\\/#website\"},\"datePublished\":\"2022-06-05T07:27:46+00:00\",\"description\":\"Appel \u00e0 contribution pour une journ\u00e9e d\u2019\u00e9tude autour des trois th\u00e9matiques suivantes : \u00ab L\u2019EAC au temps des crises \u00bb, \u00ab L\u2019EAC \u00e0 travers ses ressources \u00bb, \u00ab L\u2019EAC \u00e0 l\u2019\u00e9preuve de la culture scientifique \u00bb.\",\"breadcrumb\":{\"@id\":\"https:\\\/\\\/www.sfsic.org\\\/en\\\/aac-evenement\\\/prelude-a-une-education-artistique-et-culturelle-joyeuse-premiere-journee-detudes-de-linseac\\\/#breadcrumb\"},\"inLanguage\":\"en-US\",\"potentialAction\":[{\"@type\":\"ReadAction\",\"target\":[\"https:\\\/\\\/www.sfsic.org\\\/en\\\/aac-evenement\\\/prelude-a-une-education-artistique-et-culturelle-joyeuse-premiere-journee-detudes-de-linseac\\\/\"]}]},{\"@type\":\"BreadcrumbList\",\"@id\":\"https:\\\/\\\/www.sfsic.org\\\/en\\\/aac-evenement\\\/prelude-a-une-education-artistique-et-culturelle-joyeuse-premiere-journee-detudes-de-linseac\\\/#breadcrumb\",\"itemListElement\":[{\"@type\":\"ListItem\",\"position\":1,\"name\":\"Accueil\",\"item\":\"https:\\\/\\\/www.sfsic.org\\\/en\\\/\"},{\"@type\":\"ListItem\",\"position\":2,\"name\":\"Calls for Contributions\",\"item\":\"https:\\\/\\\/www.sfsic.org\\\/en\\\/cfc-event\\\/\"},{\"@type\":\"ListItem\",\"position\":3,\"name\":\"Pr\u00e9lude \u00e0 une \u00c9ducation Artistique et Culturelle joyeuse&#160;: premi\u00e8re journ\u00e9e d\u2019\u00e9tudes de l\u2019INSEAC\"}]},{\"@type\":\"WebSite\",\"@id\":\"https:\\\/\\\/www.sfsic.org\\\/en\\\/#website\",\"url\":\"https:\\\/\\\/www.sfsic.org\\\/en\\\/\",\"name\":\"SFSIC\",\"description\":\"Soci\u00e9t\u00e9 Fran\u00e7aise des Sciences de l&#039;Information &amp; de la Communication\",\"publisher\":{\"@id\":\"https:\\\/\\\/www.sfsic.org\\\/en\\\/#organization\"},\"potentialAction\":[{\"@type\":\"SearchAction\",\"target\":{\"@type\":\"EntryPoint\",\"urlTemplate\":\"https:\\\/\\\/www.sfsic.org\\\/en\\\/?s={search_term_string}\"},\"query-input\":{\"@type\":\"PropertyValueSpecification\",\"valueRequired\":true,\"valueName\":\"search_term_string\"}}],\"inLanguage\":\"en-US\"},{\"@type\":\"Organization\",\"@id\":\"https:\\\/\\\/www.sfsic.org\\\/en\\\/#organization\",\"name\":\"SFSIC\",\"url\":\"https:\\\/\\\/www.sfsic.org\\\/en\\\/\",\"logo\":{\"@type\":\"ImageObject\",\"inLanguage\":\"en-US\",\"@id\":\"https:\\\/\\\/www.sfsic.org\\\/en\\\/#\\\/schema\\\/logo\\\/image\\\/\",\"url\":\"https:\\\/\\\/www.sfsic.org\\\/wp-inside\\\/uploads\\\/2020\\\/05\\\/logo-sfsic.jpg\",\"contentUrl\":\"https:\\\/\\\/www.sfsic.org\\\/wp-inside\\\/uploads\\\/2020\\\/05\\\/logo-sfsic.jpg\",\"width\":1085,\"height\":1080,\"caption\":\"SFSIC\"},\"image\":{\"@id\":\"https:\\\/\\\/www.sfsic.org\\\/en\\\/#\\\/schema\\\/logo\\\/image\\\/\"}},{\"@type\":\"Person\",\"@id\":\"https:\\\/\\\/www.sfsic.org\\\/en\\\/#\\\/schema\\\/person\\\/8acde662be968b73fadda020e4d5bbe8\",\"name\":\"Zeyu Li\",\"image\":{\"@type\":\"ImageObject\",\"inLanguage\":\"en-US\",\"@id\":\"https:\\\/\\\/secure.gravatar.com\\\/avatar\\\/ea0585c1bce48463b1bfaee35285ca7667d87f5d23675b1d348783872837cf1a?s=96&d=mm&r=g\",\"url\":\"https:\\\/\\\/secure.gravatar.com\\\/avatar\\\/ea0585c1bce48463b1bfaee35285ca7667d87f5d23675b1d348783872837cf1a?s=96&d=mm&r=g\",\"contentUrl\":\"https:\\\/\\\/secure.gravatar.com\\\/avatar\\\/ea0585c1bce48463b1bfaee35285ca7667d87f5d23675b1d348783872837cf1a?s=96&d=mm&r=g\",\"caption\":\"Zeyu Li\"}}]}<\/script>\n<!-- \/ Yoast SEO plugin. -->","yoast_head_json":{"title":"Pr\u00e9lude \u00e0 une \u00c9ducation Artistique et Culturelle joyeuse : premi\u00e8re journ\u00e9e d\u2019\u00e9tudes de l\u2019INSEAC","description":"Appel \u00e0 contribution pour une journ\u00e9e d\u2019\u00e9tude autour des trois th\u00e9matiques suivantes : \u00ab L\u2019EAC au temps des crises \u00bb, \u00ab L\u2019EAC \u00e0 travers ses ressources \u00bb, \u00ab L\u2019EAC \u00e0 l\u2019\u00e9preuve de la culture scientifique \u00bb.","robots":{"index":"index","follow":"follow","max-snippet":"max-snippet:-1","max-image-preview":"max-image-preview:large","max-video-preview":"max-video-preview:-1"},"canonical":"https:\/\/www.sfsic.org\/en\/aac-evenement\/prelude-a-une-education-artistique-et-culturelle-joyeuse-premiere-journee-detudes-de-linseac\/","og_locale":"en_US","og_type":"article","og_title":"Pr\u00e9lude \u00e0 une \u00c9ducation Artistique et Culturelle joyeuse : premi\u00e8re journ\u00e9e d\u2019\u00e9tudes de l\u2019INSEAC","og_description":"Appel \u00e0 contribution pour une journ\u00e9e d\u2019\u00e9tude autour des trois th\u00e9matiques suivantes : \u00ab L\u2019EAC au temps des crises \u00bb, \u00ab L\u2019EAC \u00e0 travers ses ressources \u00bb, \u00ab L\u2019EAC \u00e0 l\u2019\u00e9preuve de la culture scientifique \u00bb.","og_url":"https:\/\/www.sfsic.org\/en\/aac-evenement\/prelude-a-une-education-artistique-et-culturelle-joyeuse-premiere-journee-detudes-de-linseac\/","og_site_name":"SFSIC","article_published_time":"2022-06-05T07:27:46+00:00","author":"Zeyu Li","twitter_card":"summary_large_image","schema":{"@context":"https:\/\/schema.org","@graph":[{"@type":"Article","@id":"https:\/\/www.sfsic.org\/en\/aac-evenement\/prelude-a-une-education-artistique-et-culturelle-joyeuse-premiere-journee-detudes-de-linseac\/#article","isPartOf":{"@id":"https:\/\/www.sfsic.org\/en\/aac-evenement\/prelude-a-une-education-artistique-et-culturelle-joyeuse-premiere-journee-detudes-de-linseac\/"},"author":{"name":"Zeyu Li","@id":"https:\/\/www.sfsic.org\/en\/#\/schema\/person\/8acde662be968b73fadda020e4d5bbe8"},"headline":"Pr\u00e9lude \u00e0 une \u00c9ducation Artistique et Culturelle joyeuse : premi\u00e8re journ\u00e9e d\u2019\u00e9tudes de l\u2019INSEAC","datePublished":"2022-06-05T07:27:46+00:00","mainEntityOfPage":{"@id":"https:\/\/www.sfsic.org\/en\/aac-evenement\/prelude-a-une-education-artistique-et-culturelle-joyeuse-premiere-journee-detudes-de-linseac\/"},"wordCount":4109,"publisher":{"@id":"https:\/\/www.sfsic.org\/en\/#organization"},"keywords":["Archives","Arts","Crise","Culture","\u00c9ducation","Sciences"],"articleSection":["AAC \u00c9v\u00e9nement"],"inLanguage":"en-US"},{"@type":"WebPage","@id":"https:\/\/www.sfsic.org\/en\/aac-evenement\/prelude-a-une-education-artistique-et-culturelle-joyeuse-premiere-journee-detudes-de-linseac\/","url":"https:\/\/www.sfsic.org\/en\/aac-evenement\/prelude-a-une-education-artistique-et-culturelle-joyeuse-premiere-journee-detudes-de-linseac\/","name":"Pr\u00e9lude \u00e0 une \u00c9ducation Artistique et Culturelle joyeuse : premi\u00e8re journ\u00e9e d\u2019\u00e9tudes de l\u2019INSEAC","isPartOf":{"@id":"https:\/\/www.sfsic.org\/en\/#website"},"datePublished":"2022-06-05T07:27:46+00:00","description":"Appel \u00e0 contribution pour une journ\u00e9e d\u2019\u00e9tude autour des trois th\u00e9matiques suivantes : \u00ab L\u2019EAC au temps des crises \u00bb, \u00ab L\u2019EAC \u00e0 travers ses ressources \u00bb, \u00ab L\u2019EAC \u00e0 l\u2019\u00e9preuve de la culture scientifique \u00bb.","breadcrumb":{"@id":"https:\/\/www.sfsic.org\/en\/aac-evenement\/prelude-a-une-education-artistique-et-culturelle-joyeuse-premiere-journee-detudes-de-linseac\/#breadcrumb"},"inLanguage":"en-US","potentialAction":[{"@type":"ReadAction","target":["https:\/\/www.sfsic.org\/en\/aac-evenement\/prelude-a-une-education-artistique-et-culturelle-joyeuse-premiere-journee-detudes-de-linseac\/"]}]},{"@type":"BreadcrumbList","@id":"https:\/\/www.sfsic.org\/en\/aac-evenement\/prelude-a-une-education-artistique-et-culturelle-joyeuse-premiere-journee-detudes-de-linseac\/#breadcrumb","itemListElement":[{"@type":"ListItem","position":1,"name":"Accueil","item":"https:\/\/www.sfsic.org\/en\/"},{"@type":"ListItem","position":2,"name":"Calls for Contributions","item":"https:\/\/www.sfsic.org\/en\/cfc-event\/"},{"@type":"ListItem","position":3,"name":"Pr\u00e9lude \u00e0 une \u00c9ducation Artistique et Culturelle joyeuse&#160;: premi\u00e8re journ\u00e9e d\u2019\u00e9tudes de l\u2019INSEAC"}]},{"@type":"WebSite","@id":"https:\/\/www.sfsic.org\/en\/#website","url":"https:\/\/www.sfsic.org\/en\/","name":"SFSIC","description":"Soci\u00e9t\u00e9 Fran\u00e7aise des Sciences de l&#039;Information &amp; de la Communication","publisher":{"@id":"https:\/\/www.sfsic.org\/en\/#organization"},"potentialAction":[{"@type":"SearchAction","target":{"@type":"EntryPoint","urlTemplate":"https:\/\/www.sfsic.org\/en\/?s={search_term_string}"},"query-input":{"@type":"PropertyValueSpecification","valueRequired":true,"valueName":"search_term_string"}}],"inLanguage":"en-US"},{"@type":"Organization","@id":"https:\/\/www.sfsic.org\/en\/#organization","name":"SFSIC","url":"https:\/\/www.sfsic.org\/en\/","logo":{"@type":"ImageObject","inLanguage":"en-US","@id":"https:\/\/www.sfsic.org\/en\/#\/schema\/logo\/image\/","url":"https:\/\/www.sfsic.org\/wp-inside\/uploads\/2020\/05\/logo-sfsic.jpg","contentUrl":"https:\/\/www.sfsic.org\/wp-inside\/uploads\/2020\/05\/logo-sfsic.jpg","width":1085,"height":1080,"caption":"SFSIC"},"image":{"@id":"https:\/\/www.sfsic.org\/en\/#\/schema\/logo\/image\/"}},{"@type":"Person","@id":"https:\/\/www.sfsic.org\/en\/#\/schema\/person\/8acde662be968b73fadda020e4d5bbe8","name":"Zeyu Li","image":{"@type":"ImageObject","inLanguage":"en-US","@id":"https:\/\/secure.gravatar.com\/avatar\/ea0585c1bce48463b1bfaee35285ca7667d87f5d23675b1d348783872837cf1a?s=96&d=mm&r=g","url":"https:\/\/secure.gravatar.com\/avatar\/ea0585c1bce48463b1bfaee35285ca7667d87f5d23675b1d348783872837cf1a?s=96&d=mm&r=g","contentUrl":"https:\/\/secure.gravatar.com\/avatar\/ea0585c1bce48463b1bfaee35285ca7667d87f5d23675b1d348783872837cf1a?s=96&d=mm&r=g","caption":"Zeyu Li"}}]}},"_links":{"self":[{"href":"https:\/\/www.sfsic.org\/en\/wp-json\/wp\/v2\/posts\/25008","targetHints":{"allow":["GET"]}}],"collection":[{"href":"https:\/\/www.sfsic.org\/en\/wp-json\/wp\/v2\/posts"}],"about":[{"href":"https:\/\/www.sfsic.org\/en\/wp-json\/wp\/v2\/types\/post"}],"author":[{"embeddable":true,"href":"https:\/\/www.sfsic.org\/en\/wp-json\/wp\/v2\/users\/1275"}],"replies":[{"embeddable":true,"href":"https:\/\/www.sfsic.org\/en\/wp-json\/wp\/v2\/comments?post=25008"}],"version-history":[{"count":4,"href":"https:\/\/www.sfsic.org\/en\/wp-json\/wp\/v2\/posts\/25008\/revisions"}],"predecessor-version":[{"id":25030,"href":"https:\/\/www.sfsic.org\/en\/wp-json\/wp\/v2\/posts\/25008\/revisions\/25030"}],"wp:attachment":[{"href":"https:\/\/www.sfsic.org\/en\/wp-json\/wp\/v2\/media?parent=25008"}],"wp:term":[{"taxonomy":"category","embeddable":true,"href":"https:\/\/www.sfsic.org\/en\/wp-json\/wp\/v2\/categories?post=25008"},{"taxonomy":"post_tag","embeddable":true,"href":"https:\/\/www.sfsic.org\/en\/wp-json\/wp\/v2\/tags?post=25008"},{"taxonomy":"thematique","embeddable":true,"href":"https:\/\/www.sfsic.org\/en\/wp-json\/wp\/v2\/thematique?post=25008"},{"taxonomy":"sfsic","embeddable":true,"href":"https:\/\/www.sfsic.org\/en\/wp-json\/wp\/v2\/sfsic?post=25008"}],"curies":[{"name":"wp","href":"https:\/\/api.w.org\/{rel}","templated":true}]}}