{"id":24820,"date":"2022-05-25T16:38:59","date_gmt":"2022-05-25T14:38:59","guid":{"rendered":"https:\/\/www.sfsic.org\/?p=24820"},"modified":"2022-05-25T17:20:09","modified_gmt":"2022-05-25T15:20:09","slug":"mondialisation-de-la-communication-la-diversite-des-cultures-en-questions","status":"publish","type":"post","link":"https:\/\/www.sfsic.org\/en\/evenement\/mondialisation-de-la-communication-la-diversite-des-cultures-en-questions\/","title":{"rendered":"Mondialisation de la communication : La diversit\u00e9 des cultures en questions"},"content":{"rendered":"<p><!-- fxzn:singledetail --><\/p>\n<div class=\"zone zn-singledetail\" id=\"fxzn-singledetail-1\">\n<div class=\"zone-block zn-singledetail-block alignwide va-top\">\n<div class=\"row\">\n<div class=\"columns large-8 large-push-4\">\n<div class=\"zn-singledetail-metabox\">\n<div class=\"zn-singledetail-pubdate pubdate\">\n\t\t\t\t\t<span class=\"pubdate-txt\">Mis en ligne le<\/span><span class=\"doubledot\"><\/span> <time class=\"pubdate-time\" pubdate datetime=\"2022-05-25T16:38:59+02:00\">25 mai 2022<\/time>\t\t\t\t<\/div>\n<div class=\"zn-singledetail-thematiques with-sep-comma\">\n<ul class=\"termslist termslist-thematique\">\n<li class=\"termslist-item termslist-title\"><span class=\"termslist-titletxt\">Th\u00e9matiques<\/span><span class=\"doubledot\"><\/span><\/li>\n<li class=\"termslist-item tax-thematique term-communication-organisations\"><a class=\"termslist-itemlink\" href=\"https:\/\/www.sfsic.org\/thematiques\/communication-organisations\/\" title=\"Communication et organisations\"><span class=\"termslist-itemname\">Communication et organisations<\/span><\/a><\/li>\n<li class=\"termslist-item tax-thematique term-mediations-memorielles-culturelles-et-patrimoniales\"><a class=\"termslist-itemlink\" href=\"https:\/\/www.sfsic.org\/thematiques\/mediations-memorielles-culturelles-et-patrimoniales\/\" title=\"M\u00e9diations m\u00e9morielles, culturelles et patrimoniales\"><span class=\"termslist-itemname\">M\u00e9diations m\u00e9morielles, culturelles et patrimoniales<\/span><\/a><\/li>\n<\/ul><\/div>\n<\/p><\/div>\n<\/p><\/div>\n<\/p><\/div>\n<div class=\"row\">\n<div class=\"columns large-4\">\n<div class=\"zn-singledetail-sidebar bg-cornersquares\">\n<div class=\"zn-singledetail-infos\">\n<p class=\"zn-singledetail-type\">\n\t\t\t\t\t\t\t<span>Type d\u2019\u00e9v\u00e9nement<\/span><span class=\"doubledot\"><\/span> <strong>Colloque<\/strong>\n\t\t\t\t\t<\/p>\n<\/p><\/div>\n<div class=\"zn-singledetail-weblinks\">\n<h3 class=\"zn-singledetail-section-title\">Sites internet de r\u00e9f\u00e9rence<\/h3>\n<ul class=\"zn-singledetail-weblinks-list\">\n<li>\n\t\t\t\t\t\t\t<a class=\"prettylink chainlink\" href=\"https:\/\/creamed.fr\" title=\"creamed\" target=\"_blank\" rel=\"noopener\">creamed<\/a>\n\t\t\t\t\t\t<\/li>\n<\/ul><\/div>\n<\/p><\/div>\n<\/p><\/div>\n<div class=\"columns large-8\">\n<div class=\"zn-singledetail-contentbox\">\n<div class=\"zn-singledetail-eventinfo\">\n<div class=\"zn-singledetail-eventinfo-inner\">\n<div class=\"zn-singledetail-eventdates\">\n\t\t\t\t\t\t<span class=\"zn-singledetail-label\">Dates de l\u2019\u00e9v\u00e9nement<span class=\"doubledot\"><\/span><\/span><\/p>\n<ul class=\"zn-singledetail-eventdates-list\">\n<li class=\"zn-singledetail-eventdates-item\">\n\t\t\t\t\t\t\t\tDu <time class=\"event-start-time\" datetime=\"2022-05-26T00:00:00+00:00\">26\/05\/2022<\/time> au <time class=\"event-end-time\" datetime=\"2022-05-28T00:00:00+00:00\">28\/05\/2022<\/time>\t\t\t\t\t\t\t<\/li>\n<\/ul><\/div>\n<p class=\"zn-singledetail-eventplace\">\n\t\t\t\t\t\t<span class=\"zn-singledetail-label\">Lieu de l\u2019\u00e9v\u00e9nement<span class=\"doubledot\"><\/span><\/span><br \/>\n\t\t\t\t\t\t<span class=\"zn-singledetail-eventplace-adr\"><br \/>\n\t\t\t\t\t\t\t\t\t\t\t\t<span class=\"adr-name\">XXV\u00e8me Colloque Franco-Roumain en Sciences de l&#8217;Information et de la Communication<\/span>,<\/p>\n<p>\t\t\t\t\t\t<span class=\"adr-city\">Roumanie et en ligne <\/span><br \/>\n\t\t\t\t\t\t<\/span>\t\t\t\t\t<\/p>\n<\/p><\/div>\n<\/p><\/div>\n<div class=\"zn-singledetail-annonce wig-content\">\n<div class=\"page\" title=\"Page 4\">\n<div class=\"section\">\n<div class=\"layoutArea\">\n<div class=\"column\">\n<p>Suite \u00e0 l&rsquo;<a href=\"https:\/\/www.sfsic.org\/aac-evenement\/xxveme-colloque-franco-roumain-en-sciences-de-linformation-et-de-la-communication\/\">AAC<\/a> diffus\u00e9 notamment sur ce site, le programme du XXV\u00e8me Colloque Franco-Roumain en Sciences de l&rsquo;Information et de la Communication sur le th\u00e8me de la \u00ab&#160;Mondialisation de la communication&#160;: La diversit\u00e9 des cultures en questions&#160;\u00bb est disponible.<\/p>\n<h2>Programme<\/h2>\n<h3>Jeudi 26 Mai 2022<\/h3>\n<ul>\n<li>8h45 &#8211; 9h30&#160;: Accueil-cafe\u0301<\/li>\n<li>9h30 &#8211; 10h30&#160;:\u00a0Session d&rsquo;ouverture (Salle Aula Magna Mihai Eminescu,\u00a0Universite\u0301 Alexandru Ioan Cuza Ias\u0326i)<\/li>\n<li>10h30 &#8211; 11h30&#160;: Confe\u0301rence inaugurale (Salle Aula Magna Mihai Eminescu)<\/li>\n<li>11h30 &#8211; 12h00&#160;: Pause cafe\u0301<\/li>\n<li>12h00 &#8211; 13h00&#160;:\u00a0Table-ronde introductive&#160;: la diversite\u0301 culturelle en questions\u00a0(Salle Aula Magna Mihai Eminescu)<\/li>\n<li>13h00 &#8211; 14h30&#160;: Pause de\u0301jeuner<\/li>\n<li>14h30 &#8211; 16h00&#160;:<\/li>\n<\/ul>\n<p><strong>Ateliers<\/strong>&#160;:\u00a0<span style=\"font-size: inherit;\">\u00a0<\/span><\/p>\n<p><span style=\"font-size: inherit;\">Axe 1A (Salle Aula Magna Mihai Eminescu)<\/span><\/p>\n<p><span style=\"font-size: inherit;\">Axe 2A (Salle Ferdinand)<\/span><\/p>\n<p><span style=\"font-size: inherit;\">Axe 3A (Salle Se\u0301nat)<\/span><\/p>\n<p><span style=\"font-size: inherit;\">Axe 4A (Salle Centre d&rsquo;enseignement)<\/span><\/p>\n<p>&nbsp;<\/p>\n<ul>\n<li>16h00 &#8211; 16h30&#160;: Pause cafe\u0301<\/li>\n<li>16h30 &#8211; 18h00&#160;:<\/li>\n<\/ul>\n<p><strong>Ateliers<\/strong>&#160;:<\/p>\n<p>Axe 2B (Salle Ferdinand)<\/p>\n<p>Axe 5A (Salle Aula Magna Mihai Eminescu)<\/p>\n<p>Axe 6A (Salle Se\u0301nat)<\/p>\n<p>Usages de la me\u0301decine et diversite\u0301 culturelle\u00a0(Salle Centre d&rsquo;enseignement)<\/p>\n<p>&nbsp;<\/p>\n<ul>\n<li>18h00 &#8211; 18h30&#160;:\u00a0De\u0301placement vers l&rsquo;Institut Franc\u0327ais d&rsquo;Ias\u0326i\u00a0(Salle Benjamin Fondane)<\/li>\n<li>18h30 &#8211; 19h30&#160;: Table-ronde &#8211;\u00a0Migrations et solidarite\u0301s&#160;: regards croise\u0301s artistes et chercheurs<\/li>\n<li>19h30 &#8211; 21h30&#160;: Visite exposition, performance\u00a0et buffet dinatoire a\u0300 l&rsquo;Institut Franc\u0327ais<\/li>\n<\/ul>\n<h3>Vendredi 27 Mai 2022<\/h3>\n<ul>\n<li>8h30 &#8211; 9h00&#160;: Accueil-cafe\u0301<\/li>\n<li>9h00 &#8211; 10h30&#160;:\u00a0<span style=\"font-size: inherit;\">Table-ronde &#8211;\u00a0<\/span><span style=\"font-size: inherit;\">Information, propagande, de\u0301sinformation<\/span>programmes de recherches en questions\u00a0(Salle P.Caraman &#8211; Palais de la Culture)<\/li>\n<li><span style=\"font-size: inherit;\">10h30 &#8211; 11h00&#160;: Pause cafe\u0301<\/span><\/li>\n<li><span style=\"font-size: inherit;\">11h00 &#8211; 12h00&#160;: Visite du Palais de la Culture<\/span><\/li>\n<li><span style=\"font-size: inherit;\">12h00 &#8211; 13h30&#160;: Pause de\u0301jeuner<\/span><\/li>\n<li><span style=\"font-size: inherit;\">13h30 &#8211; 15h30&#160;: <\/span><\/li>\n<\/ul>\n<p><span style=\"font-size: inherit;\"><strong>Ateliers<\/strong>&#160;:<\/span><\/p>\n<p><span style=\"font-size: inherit;\">\u00a0Axe 1B (Salle P.Caraman &#8211; Palais de la Culture) \u00a0 \u00a0 \u00a0 \u00a0 \u00a0 \u00a0 \u00a0 \u00a0 \u00a0 \u00a0 \u00a0 \u00a0 \u00a0 \u00a0 \u00a0 \u00a0 \u00a0 \u00a0 \u00a0 \u00a0 \u00a0 \u00a0 \u00a0 \u00a0 \u00a0 \u00a0 \u00a0 \u00a0 \u00a0 \u00a0 \u00a0 \u00a0 \u00a0 \u00a0 \u00a0 \u00a0 \u00a0 \u00a0 \u00a0 \u00a0 \u00a0 \u00a0 \u00a0 \u00a0 \u00a0 \u00a0 \u00a0 \u00a0 \u00a0 \u00a0 \u00a0 \u00a0 \u00a0 \u00a0<\/span><\/p>\n<p><span style=\"font-size: inherit;\">Axe 3B (Salle au premier e\u0301tage &#8211; Muse\u0301e de l&rsquo;Union) \u00a0 \u00a0 \u00a0 \u00a0 \u00a0 \u00a0 \u00a0 \u00a0 \u00a0 \u00a0 \u00a0 \u00a0 \u00a0 \u00a0 \u00a0 \u00a0 \u00a0 \u00a0 \u00a0 \u00a0 \u00a0 \u00a0 \u00a0 \u00a0 \u00a0 \u00a0 \u00a0 \u00a0 \u00a0 \u00a0 \u00a0 \u00a0 \u00a0 \u00a0 \u00a0 \u00a0 \u00a0 \u00a0 \u00a0 \u00a0 \u00a0 \u00a0 \u00a0 \u00a0 \u00a0 \u00a0 \u00a0 \u00a0 \u00a0 \u00a0 \u00a0<\/span><\/p>\n<p><span style=\"font-size: inherit;\">Axe 4B (Salle D.Berindei &#8211; Palais de la Culture) \u00a0 \u00a0 \u00a0 \u00a0 \u00a0 \u00a0 \u00a0 \u00a0 \u00a0 \u00a0 \u00a0 \u00a0 \u00a0 \u00a0 \u00a0 \u00a0 \u00a0 \u00a0 \u00a0 \u00a0 \u00a0 \u00a0 \u00a0 \u00a0 \u00a0 \u00a0 \u00a0 \u00a0 \u00a0 \u00a0 \u00a0 \u00a0 \u00a0 \u00a0 \u00a0 \u00a0 \u00a0 \u00a0 \u00a0 \u00a0 \u00a0 \u00a0 \u00a0 \u00a0 \u00a0 \u00a0 \u00a0 \u00a0 \u00a0 \u00a0 \u00a0 \u00a0 \u00a0 <\/span><\/p>\n<p><span style=\"font-size: inherit;\">Axe 6B (Salle La double E\u0301lue &#8211; Muse\u0301e de l&rsquo;Union)<\/span><\/p>\n<ul>\n<li><span style=\"font-size: inherit;\">15h30 &#8211; 16h00&#160;: Pause cafe\u0301<\/span><\/li>\n<li><span style=\"font-size: inherit;\">16h00 &#8211; 18h00&#160;:<\/span><\/li>\n<\/ul>\n<p><span style=\"font-size: inherit;\"> <strong>Ateliers<\/strong>&#160;:<\/span><\/p>\n<p><span style=\"font-size: inherit;\">Axe 1C (Salle P.Caraman &#8211; Palais de la Culture)<\/span><\/p>\n<p><span style=\"font-size: inherit;\">\u00a0Axe 2C (Salle D.Berindei &#8211; Palais de la Culture)<\/span><\/p>\n<p><span style=\"font-size: inherit;\">\u00a0Axe 4C (Salle La double E\u0301lue &#8211; Muse\u0301e de l&rsquo;Union) \u00a0 \u00a0 \u00a0 \u00a0 \u00a0 \u00a0 \u00a0 \u00a0 \u00a0 \u00a0 \u00a0 \u00a0 \u00a0 \u00a0 \u00a0 \u00a0 \u00a0 \u00a0 \u00a0 \u00a0 \u00a0 \u00a0 \u00a0 \u00a0 \u00a0 \u00a0 \u00a0 \u00a0 \u00a0 \u00a0 \u00a0 \u00a0 \u00a0 \u00a0 \u00a0 \u00a0 \u00a0 \u00a0 \u00a0 \u00a0 \u00a0 \u00a0 \u00a0 \u00a0 \u00a0 \u00a0 \u00a0 \u00a0 \u00a0 \u00a0 \u00a0 \u00a0<\/span><\/p>\n<p><span style=\"font-size: inherit;\">Axe 5B (Salle au premier e\u0301tage &#8211; Muse\u0301e de l&rsquo;Union)<\/span><\/p>\n<p>&nbsp;<\/p>\n<ul>\n<li><span style=\"font-size: inherit;\"><span style=\"font-size: inherit;\">18h30 &#8211; 19h30&#160;:\u00a0<\/span><\/span><span style=\"font-size: inherit;\">Moment musical\u00a0<\/span><span style=\"font-size: inherit;\">(Salle La double E\u0301lue &#8211; Muse\u0301e de l&rsquo;Union)<\/span><\/li>\n<li><span style=\"font-size: inherit;\"><span style=\"font-size: inherit;\">19h30&#160;:\u00a0<\/span><\/span><span style=\"font-size: inherit;\">Se\u0301ance de clo\u0302ture du Colloque (Muse\u0301e de l&rsquo;Union)\u00a0<\/span><span style=\"font-size: inherit;\">e\u0301changes avec le comite\u0301 d&rsquo;organisation<\/span><\/li>\n<\/ul>\n<h3>Samedi 28 Mai 2022<\/h3>\n<ul>\n<li>7h00 &#8211; 21h00&#160;:\u00a0<span style=\"font-size: inherit;\">La Bucovine, lieux de me\u0301moires\u00a0<\/span><span style=\"font-size: inherit;\">programme culturel du Colloque<\/span><\/li>\n<\/ul>\n<h2>Liens zoom vers le Colloque<\/h2>\n<h3>Jeudi 26 Mai 2022<\/h3>\n<p><strong>12h00 &#8211; 13h00 (heure roumaine) &#8211;\u00a011h00 &#8211; 12h00 (heure fran\u00e7aise)<\/strong><\/p>\n<ul>\n<li>Table-ronde introductive&#160;:\u00a0la diversite\u0301 culturelle en questions<\/li>\n<\/ul>\n<p><strong>Google Meet&#160;: S\u0326tefania Bejan (Universite\u0301 Alexandru Ioan Cuza )\u00a0<\/strong><a href=\"https:\/\/meet.google.com\/vgu-pvkw-iws?hs=224&amp;pli=1\">meet.google.com\/vgu-pvkw-iws<\/a><\/p>\n<div class=\"page\" title=\"Page 6\">\n<div class=\"page\" title=\"Page 6\">\n<p><strong><span style=\"font-size: inherit;\">14h30 &#8211; 16h00 (heure roumaine) &#8211;\u00a0<\/span><span style=\"font-size: inherit;\">13h30 &#8211; 15h00 (heure fran\u00e7aise)<\/span><\/strong><\/p>\n<ul>\n<li><span style=\"font-size: inherit;\">Axe 1A Le concept de diversite\u0301 culturelle&#160;: gene\u0300se, actualite\u0301 et usages acade\u0301miques<\/span><\/li>\n<\/ul>\n<p><strong><span style=\"font-size: inherit;\">Zoom&#160;: Michae\u0308l Oustinoff (Universite\u0301 Co\u0302te d&rsquo;Azur)<\/span><\/strong><\/p>\n<p><a href=\"https:\/\/univ-cotedazur.zoom.us\/j\/83539398536?pwd=fnTlRKffMjT2zRWAaleg1ouC9qXXN2.1\"><span style=\"font-size: inherit;\">https:\/\/univ-cotedazur.zoom.us\/j\/83539398536?pwd=fnTlRKffMjT2zRWAaleg1ouC9qXXN2.1<\/span><\/a><\/p>\n<p><span style=\"font-size: inherit;\">ID de re\u0301union&#160;: 835 3939 8536 Code secret&#160;: 070861<\/span><\/p>\n<ul>\n<li><span style=\"font-size: inherit;\">Axe 2A&#160;: La protection du patrimoine culturel mate\u0301riel et immate\u0301riel<\/span><\/li>\n<\/ul>\n<p><strong><span style=\"font-size: inherit;\">Zoom&#160;: Vincent Lambert (Universite\u0301 Co\u0302te d&rsquo;Azur)<\/span><\/strong><\/p>\n<p><a href=\"https:\/\/univ-cotedazur.zoom.us\/j\/83366045831\"><span style=\"font-size: inherit;\">https:\/\/univ-cotedazur.zoom.us\/j\/83366045831<\/span><\/a><\/p>\n<p><span style=\"font-size: inherit;\">ID de re\u0301union&#160;: 833 6604 5831 Code secret&#160;: 187069<\/span><\/p>\n<ul>\n<li><span style=\"font-size: inherit;\">Axe 3A&#160;: Enjeux communicationnels lie\u0301s a\u0300 la diversite\u0301 dans les organisations et territoires<\/span><\/li>\n<\/ul>\n<p><span style=\"font-size: inherit;\"><strong>Google Meet&#160;: Camelia Cus\u0326nir (Universite\u0301 de Bucarest)<\/strong>\u00a0<\/span><span style=\"font-size: inherit;\"><a href=\"https:\/\/meet.google.com\/axg-pmpm-dqi\">https:\/\/meet.google.com\/axg-pmpm-dqi<\/a><\/span><\/p>\n<ul>\n<li><span style=\"font-size: inherit;\">Axe 4A&#160;: Nouvelles expressions de la diversite\u0301 et du me\u0301tissage dans les arts et la cre\u0301ation<\/span><\/li>\n<\/ul>\n<p><strong><span style=\"font-size: inherit;\">Zoom&#160;: Franck Renucci (Universite\u0301 de Toulon)<\/span><\/strong><\/p>\n<p><a href=\"https:\/\/us02web.zoom.us\/j\/9160328546?pwd=QmwrTmROWk1VSm5wQ1daQjJ6WWZKZz09\"><span style=\"font-size: inherit;\">https:\/\/us02web.zoom.us\/j\/9160328546?pwd=QmwrTmROWk1VSm5wQ1daQjJ6WWZKZz09<\/span><\/a><\/p>\n<p><span style=\"font-size: inherit;\">ID de re\u0301union&#160;: 916 032 8546 Code secret&#160;: 671749<\/span><\/p>\n<p><strong><span style=\"font-size: inherit;\">16h30 &#8211; 18h00 (heure roumaine) &#8211; 15h30 &#8211; 17h00 (heure fran\u00e7aise)<\/span><\/strong><\/p>\n<ul>\n<li><span style=\"font-size: inherit; color: #000000; font-weight: 400;\">Axe 2B&#160;: La protection du patrimoine culturel mate\u0301riel et immate\u0301riel<\/span><\/li>\n<\/ul>\n<p><strong><span style=\"font-size: inherit; color: #000000;\">Zoom&#160;: Paul Rasse (Universite\u0301 Co\u0302te d&rsquo;Azur)<\/span><\/strong><\/p>\n<p><a href=\"https:\/\/univ-cotedazur.zoom.us\/j\/89150284746?pwd=MlFzRmFIdkhZTlp1eFFySUFoZmw4QT09\">https:\/\/univ-cotedazur.zoom.us\/j\/89150284746?pwd=MlFzRmFIdkhZTlp1eFFySUFoZmw4QT09<\/a><\/p>\n<p><span style=\"font-size: inherit; color: #000000; font-weight: 400;\">ID de re\u0301union&#160;: 891 5028 4746 Code secret&#160;: 639058<\/span><\/p>\n<ul>\n<li><span style=\"font-size: inherit;\">Axe 5A&#160;: Me\u0301dias, diversite\u0301 et nouvelles formes de journalisme<\/span><\/li>\n<\/ul>\n<p><strong><span style=\"font-size: inherit;\">Zoom&#160;: Alexandre Joux (Aix-Marseille Universite\u0301)<\/span><\/strong><\/p>\n<p><a href=\"https:\/\/univ-amu-fr.zoom.us\/j\/81200069459?pwd=WtjOp0PiQF1q82S0jfk8oZlOrWrZVk.1\"><span style=\"font-size: inherit;\">https:\/\/univ-amu-fr.zoom.us\/j\/81200069459?pwd=WtjOp0PiQF1q82S0jfk8oZlOrWrZVk.1<\/span><\/a><\/p>\n<p><span style=\"font-size: inherit;\">ID de re\u0301union&#160;: 812 0006 9459 Code secret&#160;: 015305<\/span><\/p>\n<ul>\n<li><span style=\"font-size: inherit;\">Axe 6A&#160;: Enjeux politiques et ge\u0301opolitiques de la diversite\u0301 et place de la francophonie<\/span><\/li>\n<\/ul>\n<p><strong><span style=\"font-size: inherit;\">Zoom&#160;: Matina Magkou (Universite\u0301 Co\u0302te d&rsquo;Azur)<\/span><\/strong><\/p>\n<p><a href=\"https:\/\/univ-cotedazur.zoom.us\/j\/87824728377?pwd=suq9UoKDkLqrPtY4SyQKRSbHjbtNf7.1\"><span style=\"font-size: inherit;\">https:\/\/univ-cotedazur.zoom.us\/j\/87824728377?pwd=suq9UoKDkLqrPtY4SyQKRSbHjbtNf7.1<\/span><\/a><\/p>\n<p><span style=\"font-size: inherit;\">Meeting ID&#160;: 878 2472 8377 Passcode&#160;: 096915<\/span><\/p>\n<div class=\"page\" title=\"Page 7\">\n<p class=\"section\"><strong><span style=\"font-size: inherit;\">18h30 &#8211; 19h30 (heure roumaine) &#8211; 17h30 &#8211; 18h30 (heure fran\u00e7aise)<\/span><\/strong><\/p>\n<ul>\n<li class=\"section\"><span style=\"font-size: inherit; color: #000000; font-weight: 400;\">Table-ronde&#160;:\u00a0Migrations et solidarite\u0301s&#160;: regards croise\u0301s artistes et chercheurs<\/span><\/li>\n<\/ul>\n<p><strong><span style=\"font-size: inherit;\">Zoom&#160;: Laura Ghinea (Universite\u0301 d\u2019Art et Design Cluj-Napoca)<\/span><\/strong><\/p>\n<p><span style=\"font-size: inherit;\"><a href=\"https:\/\/us05web.zoom.us\/j\/8477243462?pwd=UUZMdnloWW80amdiamxCYUd2WUI5QT09\">https:\/\/us05web.zoom.us\/j\/8477243462?pwd=UUZMdnloWW80amdiamxCYUd2WUI5QT09<\/a><\/span><\/p>\n<p><span style=\"font-size: inherit;\">Meeting ID&#160;: 847 724 3462 Passcode&#160;: GK8LKi<\/span><\/p>\n<h3><span style=\"font-size: inherit;\">Vendredi 27 Mai 2022<\/span><\/h3>\n<div class=\"page\" title=\"Page 7\">\n<p class=\"section\"><strong><span style=\"font-size: inherit;\">9h00 &#8211; 10h30 (heure roumaine) &#8211; 8h00 &#8211; 9h30 (heure fran\u00e7aise)<\/span><\/strong><\/p>\n<ul>\n<li class=\"section\"><span style=\"font-size: inherit; color: #000000; font-weight: 400;\">Table-ronde&#160;:\u00a0Information, propagande, de\u0301sinformation\u00a0programmes de recherches en questions<\/span><\/li>\n<\/ul>\n<p><strong><span style=\"font-size: inherit; color: #000000;\">Zoom&#160;: Nicolas Pe\u0301lissier (Universite\u0301 Co\u0302te d&rsquo;Azur)<\/span><\/strong><\/p>\n<p><a href=\"https:\/\/univ-cotedazur.zoom.us\/j\/82912838467?pwd=T0s4YmxIVFhKT1d2eDBsOURLNm55dz09\">https:\/\/univ-cotedazur.zoom.us\/j\/82912838467?pwd=T0s4YmxIVFhKT1d2eDBsOURLNm55dz09<\/a><\/p>\n<div class=\"page\" title=\"Page 7\">\n<div class=\"section\">\n<div class=\"layoutArea\">\n<div class=\"column\">\n<p>Meeting ID&#160;: 829 1283 8467 Passcode&#160;: 637516<\/p>\n<p>&nbsp;<\/p>\n<\/div>\n<\/div>\n<\/div>\n<\/div>\n<div class=\"page\" title=\"Page 7\">\n<div class=\"section\">\n<div class=\"layoutArea\">\n<div class=\"column\">\n<p>&nbsp;<\/p>\n<\/div>\n<\/div>\n<\/div>\n<\/div>\n<\/div>\n<\/div>\n<\/div>\n<\/div>\n<\/div>\n<p>&nbsp;<\/p>\n<p>&nbsp;<\/p>\n<\/div>\n<\/div>\n<\/div><\/div>\n<div class=\"zn-singledetail-attachedfiles\">\n<h3 class=\"zn-singledetail-section-title\">Fichier(s) attach\u00e9(s)<\/h3>\n<ul class=\"zn-singledetail-attachedfiles-list\">\n<li class=\"zn-singledetail-attachedfiles-item\">\n\t\t\t\t\t\t\t<a class=\"zn-singledetail-attachedfiles-link button outline for-download\" href=\"https:\/\/www.sfsic.org\/wp-inside\/uploads\/skp-membership\/demande_adh\/programme-complet.pdf\" title=\"T\u00e9l\u00e9charger : \u00ab programme-complet.pdf \u00bb\" target=\"_blank\" rel=\"noopener\"><br \/>\n\t\t\t\t\t\t\t\t<span class=\"button-txt\">Programme_Mondialisation de la communication La diversit\u00e9 des cultures en questions _2022<span class=\"button-txt-type\"> (pdf)<\/span><\/span><br \/>\n\t\t\t\t\t\t\t<\/a>\n\t\t\t\t\t\t<\/li>\n<\/ul><\/div>\n<div class=\"zn-singledetail-keywords\">\n<h3 class=\"zn-singledetail-section-title\">Mots-cl\u00e9s<\/h3>\n<ul class=\"termslist termslist-post_tag\">\n<li class=\"termslist-item termslist-title\"><span class=\"termslist-titletxt\">Mots-cl\u00e9s<\/span><span class=\"doubledot\"><\/span><\/li>\n<li class=\"termslist-item tax-post_tag term-communication\"><a class=\"termslist-itemlink\" href=\"https:\/\/www.sfsic.org\/tag\/communication\/\" title=\"Communication\"><span class=\"termslist-itemname\">Communication<\/span><\/a><\/li>\n<li class=\"termslist-item tax-post_tag term-culture\"><a class=\"termslist-itemlink\" href=\"https:\/\/www.sfsic.org\/tag\/culture\/\" title=\"Culture\"><span class=\"termslist-itemname\">Culture<\/span><\/a><\/li>\n<li class=\"termslist-item tax-post_tag term-diversite\"><a class=\"termslist-itemlink\" href=\"https:\/\/www.sfsic.org\/tag\/diversite\/\" title=\"Diversit\u00e9\"><span class=\"termslist-itemname\">Diversit\u00e9<\/span><\/a><\/li>\n<\/ul><\/div>\n<\/p><\/div>\n<\/p><\/div>\n<\/p><\/div>\n<\/p><\/div>\n<\/div>\n<p><!-- \/fxzn:singledetail --><\/p>\n","protected":false},"excerpt":{"rendered":"<p>Mis en ligne le 25 mai 2022 Th\u00e9matiques Communication et organisations M\u00e9diations m\u00e9morielles, culturelles et patrimoniales Type d\u2019\u00e9v\u00e9nement Colloque Sites internet de r\u00e9f\u00e9rence creamed Dates de l\u2019\u00e9v\u00e9nement Du 26\/05\/2022 au [&hellip;]<\/p>\n","protected":false},"author":1229,"featured_media":0,"comment_status":"closed","ping_status":"closed","sticky":false,"template":"","format":"standard","meta":{"_acf_changed":false,"footnotes":""},"categories":[67,30],"tags":[363,382,470],"thematique":[37,38],"sfsic":[],"class_list":["post-24820","post","type-post","status-publish","format-standard","hentry","category-colloque-2","category-evenement","tag-communication","tag-culture","tag-diversite","thematique-communication-organisations","thematique-mediations-memorielles-culturelles-et-patrimoniales","wp-sticky"],"acf":[],"yoast_head":"<!-- This site is optimized with the Yoast SEO plugin v27.5 - https:\/\/yoast.com\/product\/yoast-seo-wordpress\/ -->\n<title>Mondialisation de la communication : La diversit\u00e9 des cultures en questions<\/title>\n<meta name=\"description\" content=\"Le programme du XXV\u00e8me Colloque Franco-Roumain en Sciences de l&#039;Information et de la Communication sur le th\u00e8me de la &quot;Mondialisation de la communication : La diversit\u00e9 des cultures en questions&quot; est en ligne.\" \/>\n<meta name=\"robots\" content=\"index, follow, max-snippet:-1, max-image-preview:large, max-video-preview:-1\" \/>\n<link rel=\"canonical\" href=\"https:\/\/www.sfsic.org\/en\/evenement\/mondialisation-de-la-communication-la-diversite-des-cultures-en-questions\/\" \/>\n<meta property=\"og:locale\" content=\"en_US\" \/>\n<meta property=\"og:type\" content=\"article\" \/>\n<meta property=\"og:title\" content=\"Mondialisation de la communication : La diversit\u00e9 des cultures en questions\" \/>\n<meta property=\"og:description\" content=\"Le programme du XXV\u00e8me Colloque Franco-Roumain en Sciences de l&#039;Information et de la Communication sur le th\u00e8me de la &quot;Mondialisation de la communication : La diversit\u00e9 des cultures en questions&quot; est en ligne.\" \/>\n<meta property=\"og:url\" content=\"https:\/\/www.sfsic.org\/en\/evenement\/mondialisation-de-la-communication-la-diversite-des-cultures-en-questions\/\" \/>\n<meta property=\"og:site_name\" content=\"SFSIC\" \/>\n<meta property=\"article:published_time\" content=\"2022-05-25T14:38:59+00:00\" \/>\n<meta property=\"article:modified_time\" content=\"2022-05-25T15:20:09+00:00\" \/>\n<meta name=\"author\" content=\"Mossane Trinquelle\" \/>\n<meta name=\"twitter:card\" content=\"summary_large_image\" \/>\n<script type=\"application\/ld+json\" class=\"yoast-schema-graph\">{\"@context\":\"https:\\\/\\\/schema.org\",\"@graph\":[{\"@type\":\"Article\",\"@id\":\"https:\\\/\\\/www.sfsic.org\\\/en\\\/evenement\\\/mondialisation-de-la-communication-la-diversite-des-cultures-en-questions\\\/#article\",\"isPartOf\":{\"@id\":\"https:\\\/\\\/www.sfsic.org\\\/en\\\/evenement\\\/mondialisation-de-la-communication-la-diversite-des-cultures-en-questions\\\/\"},\"author\":{\"name\":\"Mossane Trinquelle\",\"@id\":\"https:\\\/\\\/www.sfsic.org\\\/en\\\/#\\\/schema\\\/person\\\/c6f2a716fe8dd2b6706312f0e53129b8\"},\"headline\":\"Mondialisation de la communication : La diversit\u00e9 des cultures en questions\",\"datePublished\":\"2022-05-25T14:38:59+00:00\",\"dateModified\":\"2022-05-25T15:20:09+00:00\",\"mainEntityOfPage\":{\"@id\":\"https:\\\/\\\/www.sfsic.org\\\/en\\\/evenement\\\/mondialisation-de-la-communication-la-diversite-des-cultures-en-questions\\\/\"},\"wordCount\":883,\"publisher\":{\"@id\":\"https:\\\/\\\/www.sfsic.org\\\/en\\\/#organization\"},\"keywords\":[\"Communication\",\"Culture\",\"Diversit\u00e9\"],\"articleSection\":[\"Colloque\",\"\u00c9v\u00e9nements\"],\"inLanguage\":\"en-US\"},{\"@type\":\"WebPage\",\"@id\":\"https:\\\/\\\/www.sfsic.org\\\/en\\\/evenement\\\/mondialisation-de-la-communication-la-diversite-des-cultures-en-questions\\\/\",\"url\":\"https:\\\/\\\/www.sfsic.org\\\/en\\\/evenement\\\/mondialisation-de-la-communication-la-diversite-des-cultures-en-questions\\\/\",\"name\":\"Mondialisation de la communication : La diversit\u00e9 des cultures en questions\",\"isPartOf\":{\"@id\":\"https:\\\/\\\/www.sfsic.org\\\/en\\\/#website\"},\"datePublished\":\"2022-05-25T14:38:59+00:00\",\"dateModified\":\"2022-05-25T15:20:09+00:00\",\"description\":\"Le programme du XXV\u00e8me Colloque Franco-Roumain en Sciences de l'Information et de la Communication sur le th\u00e8me de la \\\"Mondialisation de la communication : La diversit\u00e9 des cultures en questions\\\" est en ligne.\",\"breadcrumb\":{\"@id\":\"https:\\\/\\\/www.sfsic.org\\\/en\\\/evenement\\\/mondialisation-de-la-communication-la-diversite-des-cultures-en-questions\\\/#breadcrumb\"},\"inLanguage\":\"en-US\",\"potentialAction\":[{\"@type\":\"ReadAction\",\"target\":[\"https:\\\/\\\/www.sfsic.org\\\/en\\\/evenement\\\/mondialisation-de-la-communication-la-diversite-des-cultures-en-questions\\\/\"]}]},{\"@type\":\"BreadcrumbList\",\"@id\":\"https:\\\/\\\/www.sfsic.org\\\/en\\\/evenement\\\/mondialisation-de-la-communication-la-diversite-des-cultures-en-questions\\\/#breadcrumb\",\"itemListElement\":[{\"@type\":\"ListItem\",\"position\":1,\"name\":\"Accueil\",\"item\":\"https:\\\/\\\/www.sfsic.org\\\/en\\\/\"},{\"@type\":\"ListItem\",\"position\":2,\"name\":\"Events\",\"item\":\"https:\\\/\\\/www.sfsic.org\\\/en\\\/events\\\/\"},{\"@type\":\"ListItem\",\"position\":3,\"name\":\"Conference\",\"item\":\"https:\\\/\\\/www.sfsic.org\\\/en\\\/events\\\/conference-en\\\/\"},{\"@type\":\"ListItem\",\"position\":4,\"name\":\"Mondialisation de la communication&#160;: La diversit\u00e9 des cultures en questions\"}]},{\"@type\":\"WebSite\",\"@id\":\"https:\\\/\\\/www.sfsic.org\\\/en\\\/#website\",\"url\":\"https:\\\/\\\/www.sfsic.org\\\/en\\\/\",\"name\":\"SFSIC\",\"description\":\"Soci\u00e9t\u00e9 Fran\u00e7aise des Sciences de l&#039;Information &amp; de la Communication\",\"publisher\":{\"@id\":\"https:\\\/\\\/www.sfsic.org\\\/en\\\/#organization\"},\"potentialAction\":[{\"@type\":\"SearchAction\",\"target\":{\"@type\":\"EntryPoint\",\"urlTemplate\":\"https:\\\/\\\/www.sfsic.org\\\/en\\\/?s={search_term_string}\"},\"query-input\":{\"@type\":\"PropertyValueSpecification\",\"valueRequired\":true,\"valueName\":\"search_term_string\"}}],\"inLanguage\":\"en-US\"},{\"@type\":\"Organization\",\"@id\":\"https:\\\/\\\/www.sfsic.org\\\/en\\\/#organization\",\"name\":\"SFSIC\",\"url\":\"https:\\\/\\\/www.sfsic.org\\\/en\\\/\",\"logo\":{\"@type\":\"ImageObject\",\"inLanguage\":\"en-US\",\"@id\":\"https:\\\/\\\/www.sfsic.org\\\/en\\\/#\\\/schema\\\/logo\\\/image\\\/\",\"url\":\"https:\\\/\\\/www.sfsic.org\\\/wp-inside\\\/uploads\\\/2020\\\/05\\\/logo-sfsic.jpg\",\"contentUrl\":\"https:\\\/\\\/www.sfsic.org\\\/wp-inside\\\/uploads\\\/2020\\\/05\\\/logo-sfsic.jpg\",\"width\":1085,\"height\":1080,\"caption\":\"SFSIC\"},\"image\":{\"@id\":\"https:\\\/\\\/www.sfsic.org\\\/en\\\/#\\\/schema\\\/logo\\\/image\\\/\"}},{\"@type\":\"Person\",\"@id\":\"https:\\\/\\\/www.sfsic.org\\\/en\\\/#\\\/schema\\\/person\\\/c6f2a716fe8dd2b6706312f0e53129b8\",\"name\":\"Mossane Trinquelle\",\"image\":{\"@type\":\"ImageObject\",\"inLanguage\":\"en-US\",\"@id\":\"https:\\\/\\\/secure.gravatar.com\\\/avatar\\\/4c790e85c72ef19ed5ee42f0009e741b68d9667b859edc1612b917407dc469d2?s=96&d=mm&r=g\",\"url\":\"https:\\\/\\\/secure.gravatar.com\\\/avatar\\\/4c790e85c72ef19ed5ee42f0009e741b68d9667b859edc1612b917407dc469d2?s=96&d=mm&r=g\",\"contentUrl\":\"https:\\\/\\\/secure.gravatar.com\\\/avatar\\\/4c790e85c72ef19ed5ee42f0009e741b68d9667b859edc1612b917407dc469d2?s=96&d=mm&r=g\",\"caption\":\"Mossane Trinquelle\"}}]}<\/script>\n<!-- \/ Yoast SEO plugin. -->","yoast_head_json":{"title":"Mondialisation de la communication : La diversit\u00e9 des cultures en questions","description":"Le programme du XXV\u00e8me Colloque Franco-Roumain en Sciences de l'Information et de la Communication sur le th\u00e8me de la \"Mondialisation de la communication : La diversit\u00e9 des cultures en questions\" est en ligne.","robots":{"index":"index","follow":"follow","max-snippet":"max-snippet:-1","max-image-preview":"max-image-preview:large","max-video-preview":"max-video-preview:-1"},"canonical":"https:\/\/www.sfsic.org\/en\/evenement\/mondialisation-de-la-communication-la-diversite-des-cultures-en-questions\/","og_locale":"en_US","og_type":"article","og_title":"Mondialisation de la communication : La diversit\u00e9 des cultures en questions","og_description":"Le programme du XXV\u00e8me Colloque Franco-Roumain en Sciences de l'Information et de la Communication sur le th\u00e8me de la \"Mondialisation de la communication : La diversit\u00e9 des cultures en questions\" est en ligne.","og_url":"https:\/\/www.sfsic.org\/en\/evenement\/mondialisation-de-la-communication-la-diversite-des-cultures-en-questions\/","og_site_name":"SFSIC","article_published_time":"2022-05-25T14:38:59+00:00","article_modified_time":"2022-05-25T15:20:09+00:00","author":"Mossane Trinquelle","twitter_card":"summary_large_image","schema":{"@context":"https:\/\/schema.org","@graph":[{"@type":"Article","@id":"https:\/\/www.sfsic.org\/en\/evenement\/mondialisation-de-la-communication-la-diversite-des-cultures-en-questions\/#article","isPartOf":{"@id":"https:\/\/www.sfsic.org\/en\/evenement\/mondialisation-de-la-communication-la-diversite-des-cultures-en-questions\/"},"author":{"name":"Mossane Trinquelle","@id":"https:\/\/www.sfsic.org\/en\/#\/schema\/person\/c6f2a716fe8dd2b6706312f0e53129b8"},"headline":"Mondialisation de la communication : La diversit\u00e9 des cultures en questions","datePublished":"2022-05-25T14:38:59+00:00","dateModified":"2022-05-25T15:20:09+00:00","mainEntityOfPage":{"@id":"https:\/\/www.sfsic.org\/en\/evenement\/mondialisation-de-la-communication-la-diversite-des-cultures-en-questions\/"},"wordCount":883,"publisher":{"@id":"https:\/\/www.sfsic.org\/en\/#organization"},"keywords":["Communication","Culture","Diversit\u00e9"],"articleSection":["Colloque","\u00c9v\u00e9nements"],"inLanguage":"en-US"},{"@type":"WebPage","@id":"https:\/\/www.sfsic.org\/en\/evenement\/mondialisation-de-la-communication-la-diversite-des-cultures-en-questions\/","url":"https:\/\/www.sfsic.org\/en\/evenement\/mondialisation-de-la-communication-la-diversite-des-cultures-en-questions\/","name":"Mondialisation de la communication : La diversit\u00e9 des cultures en questions","isPartOf":{"@id":"https:\/\/www.sfsic.org\/en\/#website"},"datePublished":"2022-05-25T14:38:59+00:00","dateModified":"2022-05-25T15:20:09+00:00","description":"Le programme du XXV\u00e8me Colloque Franco-Roumain en Sciences de l'Information et de la Communication sur le th\u00e8me de la \"Mondialisation de la communication : La diversit\u00e9 des cultures en questions\" est en ligne.","breadcrumb":{"@id":"https:\/\/www.sfsic.org\/en\/evenement\/mondialisation-de-la-communication-la-diversite-des-cultures-en-questions\/#breadcrumb"},"inLanguage":"en-US","potentialAction":[{"@type":"ReadAction","target":["https:\/\/www.sfsic.org\/en\/evenement\/mondialisation-de-la-communication-la-diversite-des-cultures-en-questions\/"]}]},{"@type":"BreadcrumbList","@id":"https:\/\/www.sfsic.org\/en\/evenement\/mondialisation-de-la-communication-la-diversite-des-cultures-en-questions\/#breadcrumb","itemListElement":[{"@type":"ListItem","position":1,"name":"Accueil","item":"https:\/\/www.sfsic.org\/en\/"},{"@type":"ListItem","position":2,"name":"Events","item":"https:\/\/www.sfsic.org\/en\/events\/"},{"@type":"ListItem","position":3,"name":"Conference","item":"https:\/\/www.sfsic.org\/en\/events\/conference-en\/"},{"@type":"ListItem","position":4,"name":"Mondialisation de la communication&#160;: La diversit\u00e9 des cultures en questions"}]},{"@type":"WebSite","@id":"https:\/\/www.sfsic.org\/en\/#website","url":"https:\/\/www.sfsic.org\/en\/","name":"SFSIC","description":"Soci\u00e9t\u00e9 Fran\u00e7aise des Sciences de l&#039;Information &amp; de la Communication","publisher":{"@id":"https:\/\/www.sfsic.org\/en\/#organization"},"potentialAction":[{"@type":"SearchAction","target":{"@type":"EntryPoint","urlTemplate":"https:\/\/www.sfsic.org\/en\/?s={search_term_string}"},"query-input":{"@type":"PropertyValueSpecification","valueRequired":true,"valueName":"search_term_string"}}],"inLanguage":"en-US"},{"@type":"Organization","@id":"https:\/\/www.sfsic.org\/en\/#organization","name":"SFSIC","url":"https:\/\/www.sfsic.org\/en\/","logo":{"@type":"ImageObject","inLanguage":"en-US","@id":"https:\/\/www.sfsic.org\/en\/#\/schema\/logo\/image\/","url":"https:\/\/www.sfsic.org\/wp-inside\/uploads\/2020\/05\/logo-sfsic.jpg","contentUrl":"https:\/\/www.sfsic.org\/wp-inside\/uploads\/2020\/05\/logo-sfsic.jpg","width":1085,"height":1080,"caption":"SFSIC"},"image":{"@id":"https:\/\/www.sfsic.org\/en\/#\/schema\/logo\/image\/"}},{"@type":"Person","@id":"https:\/\/www.sfsic.org\/en\/#\/schema\/person\/c6f2a716fe8dd2b6706312f0e53129b8","name":"Mossane Trinquelle","image":{"@type":"ImageObject","inLanguage":"en-US","@id":"https:\/\/secure.gravatar.com\/avatar\/4c790e85c72ef19ed5ee42f0009e741b68d9667b859edc1612b917407dc469d2?s=96&d=mm&r=g","url":"https:\/\/secure.gravatar.com\/avatar\/4c790e85c72ef19ed5ee42f0009e741b68d9667b859edc1612b917407dc469d2?s=96&d=mm&r=g","contentUrl":"https:\/\/secure.gravatar.com\/avatar\/4c790e85c72ef19ed5ee42f0009e741b68d9667b859edc1612b917407dc469d2?s=96&d=mm&r=g","caption":"Mossane Trinquelle"}}]}},"_links":{"self":[{"href":"https:\/\/www.sfsic.org\/en\/wp-json\/wp\/v2\/posts\/24820","targetHints":{"allow":["GET"]}}],"collection":[{"href":"https:\/\/www.sfsic.org\/en\/wp-json\/wp\/v2\/posts"}],"about":[{"href":"https:\/\/www.sfsic.org\/en\/wp-json\/wp\/v2\/types\/post"}],"author":[{"embeddable":true,"href":"https:\/\/www.sfsic.org\/en\/wp-json\/wp\/v2\/users\/1229"}],"replies":[{"embeddable":true,"href":"https:\/\/www.sfsic.org\/en\/wp-json\/wp\/v2\/comments?post=24820"}],"version-history":[{"count":7,"href":"https:\/\/www.sfsic.org\/en\/wp-json\/wp\/v2\/posts\/24820\/revisions"}],"predecessor-version":[{"id":24873,"href":"https:\/\/www.sfsic.org\/en\/wp-json\/wp\/v2\/posts\/24820\/revisions\/24873"}],"wp:attachment":[{"href":"https:\/\/www.sfsic.org\/en\/wp-json\/wp\/v2\/media?parent=24820"}],"wp:term":[{"taxonomy":"category","embeddable":true,"href":"https:\/\/www.sfsic.org\/en\/wp-json\/wp\/v2\/categories?post=24820"},{"taxonomy":"post_tag","embeddable":true,"href":"https:\/\/www.sfsic.org\/en\/wp-json\/wp\/v2\/tags?post=24820"},{"taxonomy":"thematique","embeddable":true,"href":"https:\/\/www.sfsic.org\/en\/wp-json\/wp\/v2\/thematique?post=24820"},{"taxonomy":"sfsic","embeddable":true,"href":"https:\/\/www.sfsic.org\/en\/wp-json\/wp\/v2\/sfsic?post=24820"}],"curies":[{"name":"wp","href":"https:\/\/api.w.org\/{rel}","templated":true}]}}