{"id":24076,"date":"2022-04-22T11:11:18","date_gmt":"2022-04-22T09:11:18","guid":{"rendered":"https:\/\/www.sfsic.org\/?p=24076"},"modified":"2022-04-21T11:11:31","modified_gmt":"2022-04-21T09:11:31","slug":"corpus-a-loeuvre-seance-3-la-presse-ecrite-de-larchive-au-terrain","status":"publish","type":"post","link":"https:\/\/www.sfsic.org\/en\/evenement\/corpus-a-loeuvre-seance-3-la-presse-ecrite-de-larchive-au-terrain\/","title":{"rendered":"\u00ab Corpus \u00e0 l\u2019\u0153uvre \u00bb (s\u00e9ance 3) &#8211; La presse \u00e9crite : de l\u2019archive au terrain"},"content":{"rendered":"<p><!-- fxzn:singledetail --><\/p>\n<div class=\"zone zn-singledetail\" id=\"fxzn-singledetail-1\">\n<div class=\"zone-block zn-singledetail-block alignwide va-top\">\n<div class=\"row\">\n<div class=\"columns large-8 large-push-4\">\n<div class=\"zn-singledetail-metabox\">\n<div class=\"zn-singledetail-pubdate pubdate\">\n\t\t\t\t\t<span class=\"pubdate-txt\">Mis en ligne le<\/span><span class=\"doubledot\"><\/span> 21 avril 2022\t\t\t\t<\/div>\n<div class=\"zn-singledetail-thematiques with-sep-comma\">\n<ul class=\"termslist termslist-thematique\">\n<li class=\"termslist-item termslist-title\"><span class=\"termslist-titletxt\">Th\u00e9matiques<\/span><span class=\"doubledot\"><\/span><\/li>\n<li class=\"termslist-item tax-thematique term-medias-et-journalisme\"><a class=\"termslist-itemlink\" href=\"https:\/\/www.sfsic.org\/en\/thematiques\/media-and-journalism\/\" title=\"M\u00e9dias et journalisme\"><span class=\"termslist-itemname\">M\u00e9dias et journalisme<\/span><\/a><\/li>\n<li class=\"termslist-item tax-thematique term-organisation-des-connaissances\"><a class=\"termslist-itemlink\" href=\"https:\/\/www.sfsic.org\/en\/thematiques\/knowledge-organisation\/\" title=\"Organisation des connaissances\"><span class=\"termslist-itemname\">Organisation des connaissances<\/span><\/a><\/li>\n<\/ul><\/div>\n<\/p><\/div>\n<\/p><\/div>\n<\/p><\/div>\n<div class=\"row\">\n<div class=\"columns large-4\">\n<div class=\"zn-singledetail-sidebar bg-cornersquares\">\n<div class=\"zn-singledetail-infos\">\n<p class=\"zn-singledetail-type\">\n\t\t\t\t\t\t\t<span>Type d\u2019\u00e9v\u00e9nement<\/span><span class=\"doubledot\"><\/span> <strong>S\u00e9minaire<\/strong>\n\t\t\t\t\t<\/p>\n<\/p><\/div>\n<div class=\"zn-singledetail-contacts\">\n<h3 class=\"zn-singledetail-section-title\">Contacts<\/h3>\n<ul class=\"zn-singledetail-contacts-list\">\n<li class=\"zn-singledetail-contact\">\n\t\t\t\t\t\t\t<span class=\"zn-singledetail-contact-name\">Guillaume Le\u00a0Saulnier (C\u00e9rep, URCA)\u00a0<\/span><span class=\"doubledot\"><\/span><br \/>\n\t\t\t\t\t\t\t\t\t\t\t\t\t\t<a class=\"zn-singledetail-contact-mail prettylink\" href=\"mailto:guillaume.le-saulnier@univ-reims.fr\">guillaume.le-saulnier@univ-reims.fr<\/a>\n\t\t\t\t\t\t\t\t\t\t\t\t\t<\/li>\n<li class=\"zn-singledetail-contact\">\n\t\t\t\t\t\t\t<span class=\"zn-singledetail-contact-name\">Beno\u00eet Verdier (C\u00e9rep, URCA)<\/span><span class=\"doubledot\"><\/span><br \/>\n\t\t\t\t\t\t\t\t\t\t\t\t\t\t<a class=\"zn-singledetail-contact-mail prettylink\" href=\"mailto:benoit.verdier@univ-reims.fr\">benoit.verdier@univ-reims.fr<\/a>\n\t\t\t\t\t\t\t\t\t\t\t\t\t<\/li>\n<\/ul><\/div>\n<\/p><\/div>\n<\/p><\/div>\n<div class=\"columns large-8\">\n<div class=\"zn-singledetail-contentbox\">\n<div class=\"zn-singledetail-eventinfo\">\n<div class=\"zn-singledetail-eventinfo-inner\">\n<div class=\"zn-singledetail-eventdates\">\n\t\t\t\t\t\t<span class=\"zn-singledetail-label\">Dates de l\u2019\u00e9v\u00e9nement<span class=\"doubledot\"><\/span><\/span><\/p>\n<ul class=\"zn-singledetail-eventdates-list\">\n<li class=\"zn-singledetail-eventdates-item\">\n\t\t\t\t\t\t\t\tDu 20\/05\/2022 au 20\/05\/2022, <span class=\"event-schedule\">10h-12h30<\/span>\t\t\t\t\t\t\t<\/li>\n<\/ul><\/div>\n<p class=\"zn-singledetail-eventplace\">\n\t\t\t\t\t\t<span class=\"zn-singledetail-label\">Lieu de l\u2019\u00e9v\u00e9nement<span class=\"doubledot\"><\/span><\/span><br \/>\n\t\t\t\t\t\t<span class=\"zn-singledetail-eventplace-adr\"><\/p>\n<p>\t\t\t\t\t\t\t\t\t\t\t\t<span class=\"adr-place\">Format hybride&#160;: Sur place (Campus Croix-Rouge)&#160;: Salle R418, B\u00e2timent 13, Campus Croix-Rouge, Universit\u00e9 de Reims Champagne-Ardenne \/ En visioconf\u00e9rence&#160;: sur inscription pr\u00e9alable par courriel<\/span>,<\/p>\n<p>\t\t\t\t\t\t<span class=\"adr-city\">Reims<\/span>\t\t\t\t\t\t<span class=\"adr-cp\">51<\/span>, <span class=\"adr-country\">France<\/span><br \/>\n\t\t\t\t\t\t<\/span>\t\t\t\t\t<\/p>\n<\/p><\/div>\n<\/p><\/div>\n<div class=\"zn-singledetail-annonce wig-content\">\n<h2 class=\"x_MsoNormal\"><b>Pr\u00e9sentation du s\u00e9minaire<\/b><\/h2>\n<p class=\"x_MsoNormal\">Organis\u00e9 par les membres du th\u00e8me \u00ab&#160;Images, discours, repr\u00e9sentations&#160;\u00bb du C\u00e9rep, le s\u00e9minaire annuel \u00ab&#160;Corpus \u00e0 l\u2019\u0153uvre&#160;\u00bb propose un espace de r\u00e9flexivit\u00e9 sur les probl\u00e8mes et les enjeux \u00e9pist\u00e9mologiques, th\u00e9oriques et m\u00e9thodologiques au c\u0153ur des recherches sur corpus. Ce s\u00e9minaire pluridisciplinaire consiste \u00e0 croiser et \u00e0 comparer les disciplines, les m\u00e9thodes et les pratiques, sur tout type de corpus.<\/p>\n<h2>Les intervenants<\/h2>\n<ul>\n<li class=\"x_gmail-MsoListParagraphCxSpFirst\"><b>Flore Di\u00a0Sciullo<\/b>, docteure en sciences de l\u2019information et de la communication, Carism, Universit\u00e9 Paris-Panth\u00e9on-Assas&#160;: \u00ab&#160;Pour une approche communicationnelle du p\u00e9riodique artistique. Retour sur les m\u00e9thodes d\u2019analyse d\u2019un corpus polyc\u00e9phale&#160;\u00bb<\/li>\n<\/ul>\n<p class=\"x_MsoNormal\">En r\u00e9ponse \u00e0 un courrier de lecteur, Catherine Millet, cr\u00e9atrice et r\u00e9dactrice en chef d\u2019<i>art\u00a0press<\/i> affirmait que ce p\u00e9riodique \u00ab&#160;n\u2019est pas un objet qui autoriserait sa dissection scientifique&#160;\u00bb. Or, c\u2019est bien cette dissection que nous entendons questionner dans cette intervention. Nous reviendrons sur la dimension monographique de notre recherche, qui engageait une analyse du p\u00e9riodique par diff\u00e9rentes m\u00e9thodes, chacune articul\u00e9e autour de corpus diff\u00e9rents&#160;: l\u2019histoire des m\u00e9dias par les archives du p\u00e9riodique, la sociologie par la conduite d\u2019entretiens et le travail de terrain, la s\u00e9miotique par l\u2019\u00e9tude des couvertures, et enfin les grammaires de la d\u00e9nonciation de la censure dans les \u00e9ditoriaux et les courriers de lecteurs. D\u00e9taillant les diff\u00e9rentes m\u00e9thodes de s\u00e9lection et d\u2019analyse de ces corpus, nous d\u00e9montrerons que la monographie de cette exp\u00e9rience \u00e9ditoriale singuli\u00e8re pose des questions \u00e9minemment communicationnelles.<\/p>\n<ul>\n<li class=\"x_gmail-MsoListParagraphCxSpFirst\"><b>Paul Le\u00a0Derff<\/b>, doctorant en science politique, Ceraps, Universit\u00e9 de Lille&#160;: \u00ab&#160;Enqu\u00eater \u00e0 partir de\/sur la presse&#160;: le double statut des sources m\u00e9diatiques dans un travail sur les faits policiers mortels&#160;\u00bb<\/li>\n<\/ul>\n<p class=\"x_MsoNormal\">Dans notre \u00e9tude sur l\u2019in\u00e9gale visibilit\u00e9 m\u00e9diatique des faits policiers mortels (FPM) en France (1990-2016), la presse a un double statut. Elle est \u00e0 la fois notre unique source d\u2019informations (constitution du corpus et codage) et un terrain d\u2019enqu\u00eate (\u00e9tude de la mise \u00e0 l\u2019agenda et du cadrage, analyse des journalistes qui \u00e9crivent sur les FPM). Des probl\u00e8mes m\u00e9thodologiques se sont pos\u00e9s pour chacun de ces statuts. En tant que source d\u2019informations, dans quelle mesure la presse couvre ou non les FPM&#160;? La presse n\u2019ayant pas vocation \u00e0 avoir une valeur documentaire, les FPM les moins m\u00e9diatis\u00e9s sont de fait les moins bien renseign\u00e9s&#160;: comment g\u00e9rer de tels biais dans le codage des FPM et de leurs victimes&#160;? En tant que terrain d\u2019enqu\u00eate, comment r\u00e9soudre les probl\u00e8mes d\u2019acc\u00e8s aux productions m\u00e9diatiques dans les ann\u00e9es 1990&#160;? Comment construire une unit\u00e9 de mesure pour comparer la visibilit\u00e9 m\u00e9diatique d\u2019\u00e9v\u00e9nements sur une p\u00e9riode d\u2019\u00e9tude marqu\u00e9e par la naissance et le d\u00e9veloppement d\u2019Internet&#160;?<\/p>\n<h2 class=\"x_MsoNormal\"><b>Contacts pour l\u2019inscription<\/b><\/h2>\n<ul>\n<li class=\"x_MsoNormal\">Guillaume Le\u00a0Saulnier (C\u00e9rep, URCA)&#160;: <span class=\"x_gmail-MsoHyperlink\"> <a href=\"mailto:guillaume.le-saulnier@univ-reims.fr\" data-auth=\"NotApplicable\">guillaume.le-saulnier@univ-reims.fr<\/a><\/span><\/li>\n<li class=\"x_MsoNormal\">Beno\u00eet Verdier (C\u00e9rep, URCA)&#160;: <span class=\"x_gmail-MsoHyperlink\"> <a href=\"mailto:benoit.verdier@univ-reims.fr\" data-auth=\"NotApplicable\">benoit.verdier@univ-reims.fr<\/a><\/span><\/li>\n<\/ul>\n<p>&nbsp;<\/p>\n<h3 class=\"x_MsoNormal\"><b>Acc\u00e8s au Campus Croix-Rouge (URCA)<\/b><\/h3>\n<p class=\"x_MsoNormal\">Campus Croix-Rouge<br \/>\n57 rue Pierre Taittinger &#8211;\u00a0 51096 Reims Cedex<\/p>\n<p class=\"x_MsoNormal\">Tramway A ou B depuis la gare Reims Centre \/ Tramway B depuis la gare Champagne TGV<\/p>\n<h3 class=\"x_MsoNormal\"><span lang=\"EN-US\"><strong>Plan interactif<\/strong><br \/>\n<\/span><\/h3>\n<p class=\"x_MsoNormal\"><span class=\"x_gmail-MsoHyperlink\"><span lang=\"EN-US\"><a href=\"http:\/\/www.univ-reims.fr\/plan-d-acces\/plan-d-acces,17639,30808.html\" data-auth=\"NotApplicable\">http:\/\/www.univ-reims.fr\/plan-d-acces\/plan-d-acces,17639,30808.html<\/a><\/span><\/span><\/p>\n<\/p><\/div>\n<div class=\"zn-singledetail-attachedfiles\">\n<h3 class=\"zn-singledetail-section-title\">Fichier(s) attach\u00e9(s)<\/h3>\n<ul class=\"zn-singledetail-attachedfiles-list\">\n<li class=\"zn-singledetail-attachedfiles-item\">\n\t\t\t\t\t\t\t<a class=\"zn-singledetail-attachedfiles-link button outline for-download\" href=\"https:\/\/www.sfsic.org\/wp-inside\/uploads\/skp-membership\/demande_adh\/prog_seminaire-corpus-a-loeuvre-3-la-presse-ecrite-de-larchive-au-terrain-di-sciullo-le-derff_2022.pdf\" title=\"T\u00e9l\u00e9charger : \u00ab prog_seminaire-corpus-a-loeuvre-3-la-presse-ecrite-de-larchive-au-terrain-di-sciullo-le-derff_2022.pdf \u00bb\" target=\"_blank\" rel=\"noopener\"><br \/>\n\t\t\t\t\t\t\t\t<span class=\"button-txt\">PROG_S\u00e9minaire Corpus \u00e0 l&#8217;oeuvre 3 &#8211; La presse \u00e9crite- de l\u2019archive au terrain- Di Sciullo &amp; Le Derff_2022<span class=\"button-txt-type\"> (pdf)<\/span><\/span><br \/>\n\t\t\t\t\t\t\t<\/a>\n\t\t\t\t\t\t<\/li>\n<\/ul><\/div>\n<div class=\"zn-singledetail-keywords\">\n<h3 class=\"zn-singledetail-section-title\">Mots-cl\u00e9s<\/h3>\n<ul class=\"termslist termslist-post_tag\">\n<li class=\"termslist-item termslist-title\"><span class=\"termslist-titletxt\">Mots-cl\u00e9s<\/span><span class=\"doubledot\"><\/span><\/li>\n<li class=\"termslist-item tax-post_tag term-archives\"><a class=\"termslist-itemlink\" href=\"https:\/\/www.sfsic.org\/en\/tag\/archives\/\" title=\"Archives\"><span class=\"termslist-itemname\">Archives<\/span><\/a><\/li>\n<li class=\"termslist-item tax-post_tag term-corpus\"><a class=\"termslist-itemlink\" href=\"https:\/\/www.sfsic.org\/en\/tag\/corpus\/\" title=\"Corpus\"><span class=\"termslist-itemname\">Corpus<\/span><\/a><\/li>\n<li class=\"termslist-item tax-post_tag term-methodologie\"><a class=\"termslist-itemlink\" href=\"https:\/\/www.sfsic.org\/en\/tag\/methodology\/\" title=\"M\u00e9thodologie\"><span class=\"termslist-itemname\">M\u00e9thodologie<\/span><\/a><\/li>\n<li class=\"termslist-item tax-post_tag term-presse\"><a class=\"termslist-itemlink\" href=\"https:\/\/www.sfsic.org\/en\/tag\/presse-en\/\" title=\"Presse\"><span class=\"termslist-itemname\">Presse<\/span><\/a><\/li>\n<\/ul><\/div>\n<\/p><\/div>\n<\/p><\/div>\n<\/p><\/div>\n<\/p><\/div>\n<\/div>\n<p><!-- \/fxzn:singledetail --><\/p>\n","protected":false},"excerpt":{"rendered":"<p>Mis en ligne le 21 avril 2022 Th\u00e9matiques M\u00e9dias et journalisme Organisation des connaissances Type d\u2019\u00e9v\u00e9nement S\u00e9minaire Contacts Guillaume Le\u00a0Saulnier (C\u00e9rep, URCA)\u00a0 guillaume.le-saulnier@univ-reims.fr Beno\u00eet Verdier (C\u00e9rep, URCA) benoit.verdier@univ-reims.fr Dates de [&hellip;]<\/p>\n","protected":false},"author":781,"featured_media":0,"comment_status":"closed","ping_status":"closed","sticky":false,"template":"","format":"standard","meta":{"_acf_changed":false,"footnotes":""},"categories":[30,69],"tags":[345,591,110,378],"thematique":[34,42],"sfsic":[],"class_list":["post-24076","post","type-post","status-publish","format-standard","hentry","category-evenement","category-seminaire-2","tag-archives","tag-corpus","tag-methodologie","tag-presse","thematique-medias-et-journalisme","thematique-organisation-des-connaissances","wp-sticky"],"acf":[],"yoast_head":"<!-- This site is optimized with the Yoast SEO plugin v27.4 - https:\/\/yoast.com\/product\/yoast-seo-wordpress\/ -->\n<title>\u00ab Corpus \u00e0 l\u2019\u0153uvre \u00bb (s\u00e9ance 3) - La presse \u00e9crite : de l\u2019archive au terrain<\/title>\n<meta name=\"description\" content=\"Le programme de la s\u00e9ance 3 du s\u00e9minaire annuel \u00ab\u00a0Corpus \u00e0 l\u2019\u0153uvre\u00a0\u00bb est en ligne. Il traite de la th\u00e9matique &quot;La presse \u00e9crite : de l\u2019archive au terrain&quot;.\" \/>\n<meta name=\"robots\" content=\"index, follow, max-snippet:-1, max-image-preview:large, max-video-preview:-1\" \/>\n<link rel=\"canonical\" href=\"https:\/\/www.sfsic.org\/en\/evenement\/corpus-a-loeuvre-seance-3-la-presse-ecrite-de-larchive-au-terrain\/\" \/>\n<meta property=\"og:locale\" content=\"en_US\" \/>\n<meta property=\"og:type\" content=\"article\" \/>\n<meta property=\"og:title\" content=\"\u00ab Corpus \u00e0 l\u2019\u0153uvre \u00bb (s\u00e9ance 3) - La presse \u00e9crite : de l\u2019archive au terrain\" \/>\n<meta property=\"og:description\" content=\"Le programme de la s\u00e9ance 3 du s\u00e9minaire annuel \u00ab\u00a0Corpus \u00e0 l\u2019\u0153uvre\u00a0\u00bb est en ligne. Il traite de la th\u00e9matique &quot;La presse \u00e9crite : de l\u2019archive au terrain&quot;.\" \/>\n<meta property=\"og:url\" content=\"https:\/\/www.sfsic.org\/en\/evenement\/corpus-a-loeuvre-seance-3-la-presse-ecrite-de-larchive-au-terrain\/\" \/>\n<meta property=\"og:site_name\" content=\"SFSIC\" \/>\n<meta property=\"article:published_time\" content=\"2022-04-22T09:11:18+00:00\" \/>\n<meta name=\"author\" content=\"Axelle Martin\" \/>\n<meta name=\"twitter:card\" content=\"summary_large_image\" \/>\n<script type=\"application\/ld+json\" class=\"yoast-schema-graph\">{\"@context\":\"https:\\\/\\\/schema.org\",\"@graph\":[{\"@type\":\"Article\",\"@id\":\"https:\\\/\\\/www.sfsic.org\\\/en\\\/evenement\\\/corpus-a-loeuvre-seance-3-la-presse-ecrite-de-larchive-au-terrain\\\/#article\",\"isPartOf\":{\"@id\":\"https:\\\/\\\/www.sfsic.org\\\/en\\\/evenement\\\/corpus-a-loeuvre-seance-3-la-presse-ecrite-de-larchive-au-terrain\\\/\"},\"author\":{\"name\":\"Axelle Martin\",\"@id\":\"https:\\\/\\\/www.sfsic.org\\\/en\\\/#\\\/schema\\\/person\\\/d3606993477708f4359fb9aeda58df3b\"},\"headline\":\"\u00ab Corpus \u00e0 l\u2019\u0153uvre \u00bb (s\u00e9ance 3) &#8211; La presse \u00e9crite : de l\u2019archive au terrain\",\"datePublished\":\"2022-04-22T09:11:18+00:00\",\"mainEntityOfPage\":{\"@id\":\"https:\\\/\\\/www.sfsic.org\\\/en\\\/evenement\\\/corpus-a-loeuvre-seance-3-la-presse-ecrite-de-larchive-au-terrain\\\/\"},\"wordCount\":685,\"publisher\":{\"@id\":\"https:\\\/\\\/www.sfsic.org\\\/en\\\/#organization\"},\"keywords\":[\"Archives\",\"Corpus\",\"M\u00e9thodologie\",\"Presse\"],\"articleSection\":[\"\u00c9v\u00e9nements\",\"S\u00e9minaire\"],\"inLanguage\":\"en-US\"},{\"@type\":\"WebPage\",\"@id\":\"https:\\\/\\\/www.sfsic.org\\\/en\\\/evenement\\\/corpus-a-loeuvre-seance-3-la-presse-ecrite-de-larchive-au-terrain\\\/\",\"url\":\"https:\\\/\\\/www.sfsic.org\\\/en\\\/evenement\\\/corpus-a-loeuvre-seance-3-la-presse-ecrite-de-larchive-au-terrain\\\/\",\"name\":\"\u00ab Corpus \u00e0 l\u2019\u0153uvre \u00bb (s\u00e9ance 3) - La presse \u00e9crite : de l\u2019archive au terrain\",\"isPartOf\":{\"@id\":\"https:\\\/\\\/www.sfsic.org\\\/en\\\/#website\"},\"datePublished\":\"2022-04-22T09:11:18+00:00\",\"description\":\"Le programme de la s\u00e9ance 3 du s\u00e9minaire annuel \u00ab\u00a0Corpus \u00e0 l\u2019\u0153uvre\u00a0\u00bb est en ligne. Il traite de la th\u00e9matique \\\"La presse \u00e9crite : de l\u2019archive au terrain\\\".\",\"breadcrumb\":{\"@id\":\"https:\\\/\\\/www.sfsic.org\\\/en\\\/evenement\\\/corpus-a-loeuvre-seance-3-la-presse-ecrite-de-larchive-au-terrain\\\/#breadcrumb\"},\"inLanguage\":\"en-US\",\"potentialAction\":[{\"@type\":\"ReadAction\",\"target\":[\"https:\\\/\\\/www.sfsic.org\\\/en\\\/evenement\\\/corpus-a-loeuvre-seance-3-la-presse-ecrite-de-larchive-au-terrain\\\/\"]}]},{\"@type\":\"BreadcrumbList\",\"@id\":\"https:\\\/\\\/www.sfsic.org\\\/en\\\/evenement\\\/corpus-a-loeuvre-seance-3-la-presse-ecrite-de-larchive-au-terrain\\\/#breadcrumb\",\"itemListElement\":[{\"@type\":\"ListItem\",\"position\":1,\"name\":\"Accueil\",\"item\":\"https:\\\/\\\/www.sfsic.org\\\/en\\\/\"},{\"@type\":\"ListItem\",\"position\":2,\"name\":\"Events\",\"item\":\"https:\\\/\\\/www.sfsic.org\\\/en\\\/events\\\/\"},{\"@type\":\"ListItem\",\"position\":3,\"name\":\"Seminar\",\"item\":\"https:\\\/\\\/www.sfsic.org\\\/en\\\/events\\\/seminar-2\\\/\"},{\"@type\":\"ListItem\",\"position\":4,\"name\":\"\u00ab&#160;Corpus \u00e0 l\u2019\u0153uvre&#160;\u00bb (s\u00e9ance 3) &#8211; La presse \u00e9crite&#160;: de l\u2019archive au terrain\"}]},{\"@type\":\"WebSite\",\"@id\":\"https:\\\/\\\/www.sfsic.org\\\/en\\\/#website\",\"url\":\"https:\\\/\\\/www.sfsic.org\\\/en\\\/\",\"name\":\"SFSIC\",\"description\":\"Soci\u00e9t\u00e9 Fran\u00e7aise des Sciences de l&#039;Information &amp; de la Communication\",\"publisher\":{\"@id\":\"https:\\\/\\\/www.sfsic.org\\\/en\\\/#organization\"},\"potentialAction\":[{\"@type\":\"SearchAction\",\"target\":{\"@type\":\"EntryPoint\",\"urlTemplate\":\"https:\\\/\\\/www.sfsic.org\\\/en\\\/?s={search_term_string}\"},\"query-input\":{\"@type\":\"PropertyValueSpecification\",\"valueRequired\":true,\"valueName\":\"search_term_string\"}}],\"inLanguage\":\"en-US\"},{\"@type\":\"Organization\",\"@id\":\"https:\\\/\\\/www.sfsic.org\\\/en\\\/#organization\",\"name\":\"SFSIC\",\"url\":\"https:\\\/\\\/www.sfsic.org\\\/en\\\/\",\"logo\":{\"@type\":\"ImageObject\",\"inLanguage\":\"en-US\",\"@id\":\"https:\\\/\\\/www.sfsic.org\\\/en\\\/#\\\/schema\\\/logo\\\/image\\\/\",\"url\":\"https:\\\/\\\/www.sfsic.org\\\/wp-inside\\\/uploads\\\/2020\\\/05\\\/logo-sfsic.jpg\",\"contentUrl\":\"https:\\\/\\\/www.sfsic.org\\\/wp-inside\\\/uploads\\\/2020\\\/05\\\/logo-sfsic.jpg\",\"width\":1085,\"height\":1080,\"caption\":\"SFSIC\"},\"image\":{\"@id\":\"https:\\\/\\\/www.sfsic.org\\\/en\\\/#\\\/schema\\\/logo\\\/image\\\/\"}},{\"@type\":\"Person\",\"@id\":\"https:\\\/\\\/www.sfsic.org\\\/en\\\/#\\\/schema\\\/person\\\/d3606993477708f4359fb9aeda58df3b\",\"name\":\"Axelle Martin\",\"image\":{\"@type\":\"ImageObject\",\"inLanguage\":\"en-US\",\"@id\":\"https:\\\/\\\/secure.gravatar.com\\\/avatar\\\/1065035eb5e480668fbf77e163c2e86f81ac342eaad4c8783acdf4a63f3c917b?s=96&d=mm&r=g\",\"url\":\"https:\\\/\\\/secure.gravatar.com\\\/avatar\\\/1065035eb5e480668fbf77e163c2e86f81ac342eaad4c8783acdf4a63f3c917b?s=96&d=mm&r=g\",\"contentUrl\":\"https:\\\/\\\/secure.gravatar.com\\\/avatar\\\/1065035eb5e480668fbf77e163c2e86f81ac342eaad4c8783acdf4a63f3c917b?s=96&d=mm&r=g\",\"caption\":\"Axelle Martin\"},\"sameAs\":[\"@antropocominside\"]}]}<\/script>\n<!-- \/ Yoast SEO plugin. -->","yoast_head_json":{"title":"\u00ab Corpus \u00e0 l\u2019\u0153uvre \u00bb (s\u00e9ance 3) - La presse \u00e9crite : de l\u2019archive au terrain","description":"Le programme de la s\u00e9ance 3 du s\u00e9minaire annuel \u00ab\u00a0Corpus \u00e0 l\u2019\u0153uvre\u00a0\u00bb est en ligne. Il traite de la th\u00e9matique \"La presse \u00e9crite : de l\u2019archive au terrain\".","robots":{"index":"index","follow":"follow","max-snippet":"max-snippet:-1","max-image-preview":"max-image-preview:large","max-video-preview":"max-video-preview:-1"},"canonical":"https:\/\/www.sfsic.org\/en\/evenement\/corpus-a-loeuvre-seance-3-la-presse-ecrite-de-larchive-au-terrain\/","og_locale":"en_US","og_type":"article","og_title":"\u00ab Corpus \u00e0 l\u2019\u0153uvre \u00bb (s\u00e9ance 3) - La presse \u00e9crite : de l\u2019archive au terrain","og_description":"Le programme de la s\u00e9ance 3 du s\u00e9minaire annuel \u00ab\u00a0Corpus \u00e0 l\u2019\u0153uvre\u00a0\u00bb est en ligne. Il traite de la th\u00e9matique \"La presse \u00e9crite : de l\u2019archive au terrain\".","og_url":"https:\/\/www.sfsic.org\/en\/evenement\/corpus-a-loeuvre-seance-3-la-presse-ecrite-de-larchive-au-terrain\/","og_site_name":"SFSIC","article_published_time":"2022-04-22T09:11:18+00:00","author":"Axelle Martin","twitter_card":"summary_large_image","schema":{"@context":"https:\/\/schema.org","@graph":[{"@type":"Article","@id":"https:\/\/www.sfsic.org\/en\/evenement\/corpus-a-loeuvre-seance-3-la-presse-ecrite-de-larchive-au-terrain\/#article","isPartOf":{"@id":"https:\/\/www.sfsic.org\/en\/evenement\/corpus-a-loeuvre-seance-3-la-presse-ecrite-de-larchive-au-terrain\/"},"author":{"name":"Axelle Martin","@id":"https:\/\/www.sfsic.org\/en\/#\/schema\/person\/d3606993477708f4359fb9aeda58df3b"},"headline":"\u00ab Corpus \u00e0 l\u2019\u0153uvre \u00bb (s\u00e9ance 3) &#8211; La presse \u00e9crite : de l\u2019archive au terrain","datePublished":"2022-04-22T09:11:18+00:00","mainEntityOfPage":{"@id":"https:\/\/www.sfsic.org\/en\/evenement\/corpus-a-loeuvre-seance-3-la-presse-ecrite-de-larchive-au-terrain\/"},"wordCount":685,"publisher":{"@id":"https:\/\/www.sfsic.org\/en\/#organization"},"keywords":["Archives","Corpus","M\u00e9thodologie","Presse"],"articleSection":["\u00c9v\u00e9nements","S\u00e9minaire"],"inLanguage":"en-US"},{"@type":"WebPage","@id":"https:\/\/www.sfsic.org\/en\/evenement\/corpus-a-loeuvre-seance-3-la-presse-ecrite-de-larchive-au-terrain\/","url":"https:\/\/www.sfsic.org\/en\/evenement\/corpus-a-loeuvre-seance-3-la-presse-ecrite-de-larchive-au-terrain\/","name":"\u00ab Corpus \u00e0 l\u2019\u0153uvre \u00bb (s\u00e9ance 3) - La presse \u00e9crite : de l\u2019archive au terrain","isPartOf":{"@id":"https:\/\/www.sfsic.org\/en\/#website"},"datePublished":"2022-04-22T09:11:18+00:00","description":"Le programme de la s\u00e9ance 3 du s\u00e9minaire annuel \u00ab\u00a0Corpus \u00e0 l\u2019\u0153uvre\u00a0\u00bb est en ligne. Il traite de la th\u00e9matique \"La presse \u00e9crite : de l\u2019archive au terrain\".","breadcrumb":{"@id":"https:\/\/www.sfsic.org\/en\/evenement\/corpus-a-loeuvre-seance-3-la-presse-ecrite-de-larchive-au-terrain\/#breadcrumb"},"inLanguage":"en-US","potentialAction":[{"@type":"ReadAction","target":["https:\/\/www.sfsic.org\/en\/evenement\/corpus-a-loeuvre-seance-3-la-presse-ecrite-de-larchive-au-terrain\/"]}]},{"@type":"BreadcrumbList","@id":"https:\/\/www.sfsic.org\/en\/evenement\/corpus-a-loeuvre-seance-3-la-presse-ecrite-de-larchive-au-terrain\/#breadcrumb","itemListElement":[{"@type":"ListItem","position":1,"name":"Accueil","item":"https:\/\/www.sfsic.org\/en\/"},{"@type":"ListItem","position":2,"name":"Events","item":"https:\/\/www.sfsic.org\/en\/events\/"},{"@type":"ListItem","position":3,"name":"Seminar","item":"https:\/\/www.sfsic.org\/en\/events\/seminar-2\/"},{"@type":"ListItem","position":4,"name":"\u00ab&#160;Corpus \u00e0 l\u2019\u0153uvre&#160;\u00bb (s\u00e9ance 3) &#8211; La presse \u00e9crite&#160;: de l\u2019archive au terrain"}]},{"@type":"WebSite","@id":"https:\/\/www.sfsic.org\/en\/#website","url":"https:\/\/www.sfsic.org\/en\/","name":"SFSIC","description":"Soci\u00e9t\u00e9 Fran\u00e7aise des Sciences de l&#039;Information &amp; de la Communication","publisher":{"@id":"https:\/\/www.sfsic.org\/en\/#organization"},"potentialAction":[{"@type":"SearchAction","target":{"@type":"EntryPoint","urlTemplate":"https:\/\/www.sfsic.org\/en\/?s={search_term_string}"},"query-input":{"@type":"PropertyValueSpecification","valueRequired":true,"valueName":"search_term_string"}}],"inLanguage":"en-US"},{"@type":"Organization","@id":"https:\/\/www.sfsic.org\/en\/#organization","name":"SFSIC","url":"https:\/\/www.sfsic.org\/en\/","logo":{"@type":"ImageObject","inLanguage":"en-US","@id":"https:\/\/www.sfsic.org\/en\/#\/schema\/logo\/image\/","url":"https:\/\/www.sfsic.org\/wp-inside\/uploads\/2020\/05\/logo-sfsic.jpg","contentUrl":"https:\/\/www.sfsic.org\/wp-inside\/uploads\/2020\/05\/logo-sfsic.jpg","width":1085,"height":1080,"caption":"SFSIC"},"image":{"@id":"https:\/\/www.sfsic.org\/en\/#\/schema\/logo\/image\/"}},{"@type":"Person","@id":"https:\/\/www.sfsic.org\/en\/#\/schema\/person\/d3606993477708f4359fb9aeda58df3b","name":"Axelle Martin","image":{"@type":"ImageObject","inLanguage":"en-US","@id":"https:\/\/secure.gravatar.com\/avatar\/1065035eb5e480668fbf77e163c2e86f81ac342eaad4c8783acdf4a63f3c917b?s=96&d=mm&r=g","url":"https:\/\/secure.gravatar.com\/avatar\/1065035eb5e480668fbf77e163c2e86f81ac342eaad4c8783acdf4a63f3c917b?s=96&d=mm&r=g","contentUrl":"https:\/\/secure.gravatar.com\/avatar\/1065035eb5e480668fbf77e163c2e86f81ac342eaad4c8783acdf4a63f3c917b?s=96&d=mm&r=g","caption":"Axelle Martin"},"sameAs":["@antropocominside"]}]}},"_links":{"self":[{"href":"https:\/\/www.sfsic.org\/en\/wp-json\/wp\/v2\/posts\/24076","targetHints":{"allow":["GET"]}}],"collection":[{"href":"https:\/\/www.sfsic.org\/en\/wp-json\/wp\/v2\/posts"}],"about":[{"href":"https:\/\/www.sfsic.org\/en\/wp-json\/wp\/v2\/types\/post"}],"author":[{"embeddable":true,"href":"https:\/\/www.sfsic.org\/en\/wp-json\/wp\/v2\/users\/781"}],"replies":[{"embeddable":true,"href":"https:\/\/www.sfsic.org\/en\/wp-json\/wp\/v2\/comments?post=24076"}],"version-history":[{"count":5,"href":"https:\/\/www.sfsic.org\/en\/wp-json\/wp\/v2\/posts\/24076\/revisions"}],"predecessor-version":[{"id":24086,"href":"https:\/\/www.sfsic.org\/en\/wp-json\/wp\/v2\/posts\/24076\/revisions\/24086"}],"wp:attachment":[{"href":"https:\/\/www.sfsic.org\/en\/wp-json\/wp\/v2\/media?parent=24076"}],"wp:term":[{"taxonomy":"category","embeddable":true,"href":"https:\/\/www.sfsic.org\/en\/wp-json\/wp\/v2\/categories?post=24076"},{"taxonomy":"post_tag","embeddable":true,"href":"https:\/\/www.sfsic.org\/en\/wp-json\/wp\/v2\/tags?post=24076"},{"taxonomy":"thematique","embeddable":true,"href":"https:\/\/www.sfsic.org\/en\/wp-json\/wp\/v2\/thematique?post=24076"},{"taxonomy":"sfsic","embeddable":true,"href":"https:\/\/www.sfsic.org\/en\/wp-json\/wp\/v2\/sfsic?post=24076"}],"curies":[{"name":"wp","href":"https:\/\/api.w.org\/{rel}","templated":true}]}}