{"id":23996,"date":"2022-04-13T10:10:36","date_gmt":"2022-04-13T08:10:36","guid":{"rendered":"https:\/\/www.sfsic.org\/?p=23996"},"modified":"2022-04-12T17:18:13","modified_gmt":"2022-04-12T15:18:13","slug":"la-bande-dessinee-vagabonde-echanges-transferts-circulations","status":"publish","type":"post","link":"https:\/\/www.sfsic.org\/en\/aac-publication\/la-bande-dessinee-vagabonde-echanges-transferts-circulations\/","title":{"rendered":"La bande dessin\u00e9e vagabonde : \u00e9changes, transferts, circulations"},"content":{"rendered":"<p><!-- fxzn:singledetail --><\/p>\n<div class=\"zone zn-singledetail\" id=\"fxzn-singledetail-1\">\n<div class=\"zone-block zn-singledetail-block alignwide va-top\">\n<div class=\"row\">\n<div class=\"columns large-8 large-push-4\">\n<div class=\"zn-singledetail-metabox\">\n<div class=\"zn-singledetail-pubdate pubdate\">\n\t\t\t\t\t<span class=\"pubdate-txt\">Mis en ligne le<\/span><span class=\"doubledot\"><\/span> 12 avril 2022\t\t\t\t<\/div>\n<p class=\"zn-singledetail-calenda-info\">\n\t\t\t\t\t\tInformations \u00e9dit\u00e9es \u00e0 partir d\u2019une annonce <a class=\"calenda-link prettylink\" href=\"https:\/\/calenda.org\/987584\" target=\"_blank\" rel=\"noopener\"><strong>Calenda<\/strong><\/a>.\t\t\t\t\t<\/p>\n<div class=\"zn-singledetail-thematiques with-sep-comma\">\n<ul class=\"termslist termslist-thematique\">\n<li class=\"termslist-item termslist-title\"><span class=\"termslist-titletxt\">Th\u00e9matiques<\/span><span class=\"doubledot\"><\/span><\/li>\n<li class=\"termslist-item tax-thematique term-images-cinema-medias-audiovisuels-et-industries-culturelles\"><a class=\"termslist-itemlink\" href=\"https:\/\/www.sfsic.org\/en\/thematiques\/images-cinema-audiovisual-media-and-cultural-industries\/\" title=\"Images, cin\u00e9ma, m\u00e9dias audiovisuels et industries culturelles\"><span class=\"termslist-itemname\">Images, cin\u00e9ma, m\u00e9dias audiovisuels et industries culturelles<\/span><\/a><\/li>\n<li class=\"termslist-item tax-thematique term-mediations-memorielles-culturelles-et-patrimoniales\"><a class=\"termslist-itemlink\" href=\"https:\/\/www.sfsic.org\/en\/thematiques\/memorial-cultural-and-heritage-mediation\/\" title=\"M\u00e9diations m\u00e9morielles, culturelles et patrimoniales\"><span class=\"termslist-itemname\">M\u00e9diations m\u00e9morielles, culturelles et patrimoniales<\/span><\/a><\/li>\n<\/ul><\/div>\n<\/p><\/div>\n<\/p><\/div>\n<\/p><\/div>\n<div class=\"row\">\n<div class=\"columns large-4\">\n<div class=\"zn-singledetail-sidebar bg-cornersquares\">\n<div class=\"zn-singledetail-infos\">\n<p class=\"zn-singledetail-reponse-date\">\n\t\t\t\t\t\t<span>R\u00e9ponse attendue pour le<\/span><span class=\"doubledot\"><\/span> <strong>15\/05\/2022<\/strong>\n\t\t\t\t\t<\/p>\n<p class=\"zn-singledetail-reponse-type\">\n\t\t\t\t\t<span>Type de r\u00e9ponse<\/span><span class=\"doubledot\"><\/span> <strong>R\u00e9sum\u00e9<\/strong>\n\t\t\t\t\t<\/p>\n<p class=\"zn-singledetail-type\">\n\t\t\t\t\t\t\t<span>Type de contribution attendue<\/span><span class=\"doubledot\"><\/span> <strong>Article<\/strong>\n\t\t\t\t\t<\/p>\n<p class=\"zn-singledetail-name\">\n\t\t\t\t\t\t\t<span>Nom de la publication<\/span><span class=\"doubledot\"><\/span> <strong>M\u00e9moires du livre\/Studies in Book Culture<\/strong>\n\t\t\t\t\t<\/p>\n<\/p><\/div>\n<div class=\"zn-singledetail-contacts\">\n<h3 class=\"zn-singledetail-section-title\">Contacts<\/h3>\n<ul class=\"zn-singledetail-contacts-list\">\n<li class=\"zn-singledetail-contact\">\n\t\t\t\t\t\t\t<span class=\"zn-singledetail-contact-name\">Judith Haviernick<\/span><span class=\"doubledot\"><\/span><br \/>\n\t\t\t\t\t\t\t\t\t\t\t\t\t\t<a class=\"zn-singledetail-contact-mail prettylink\" href=\"mailto:mdl-sbc@usherbrooke.ca\">mdl-sbc@usherbrooke.ca<\/a>\n\t\t\t\t\t\t\t\t\t\t\t\t\t<\/li>\n<\/ul><\/div>\n<div class=\"zn-singledetail-weblinks\">\n<h3 class=\"zn-singledetail-section-title\">Sites internet de r\u00e9f\u00e9rence<\/h3>\n<ul class=\"zn-singledetail-weblinks-list\">\n<li>\n\t\t\t\t\t\t\t<a class=\"prettylink chainlink\" href=\"https:\/\/www.erudit.org\/fr\/revues\/memoires\/\" title=\"M\u00e9moires du livre\/Studies in Book Culture\" target=\"_blank\" rel=\"noopener\">M\u00e9moires du livre\/Studies in Book Culture<\/a>\n\t\t\t\t\t\t<\/li>\n<\/ul><\/div>\n<\/p><\/div>\n<\/p><\/div>\n<div class=\"columns large-8\">\n<div class=\"zn-singledetail-contentbox\">\n<div class=\"zn-singledetail-annonce wig-content\">\n<h2>Argumentaire<\/h2>\n<p>N\u00e9e au XIXe si\u00e8cle (Smolderen 2009), la bande dessin\u00e9e se pose rapidement en porteuse et en instigatrice d\u2019\u00e9changes transnationaux&#160;: publi\u00e9 d\u00e8s 1939 dans <em>Spirou<\/em>, le <em>Superman<\/em> de Siegel et Shuster y est achev\u00e9 par Jij\u00e9 dans l\u2019urgence en 1941&#160;; de 1948 \u00e0 1952, la revue qu\u00e9b\u00e9coise catholique <em>H\u00e9rauts<\/em> conna\u00eet une version europ\u00e9enne, enti\u00e8rement compos\u00e9e de productions \u00e9tatsuniennes&#160;; en 1969, le magazine <em>Charlie Mensuel<\/em> est lanc\u00e9 en France avec une maquette et un contenu directement inspir\u00e9s du <em>Linus<\/em> italien, cr\u00e9\u00e9 quatre ans plus t\u00f4t. Plus r\u00e9cemment, la porosit\u00e9 des fronti\u00e8res nationales se per\u00e7oit dans la pr\u00e9sence importante et durable des mangas sur les march\u00e9s occidentaux et dans l\u2019hybridation que cette pr\u00e9sence engendre, visible notamment dans les s\u00e9ries <em>Les L\u00e9gendaires<\/em> (Patrick Sobral, Delcourt) et <em>La Rose \u00e9carlate<\/em> (Patricia Lyfoung, Delcourt), qui reprennent le format franco-belge en le croisant avec les codes graphiques du manga (Suvilay 2021). On retrouve de tels croisements dans de nombreux autres pays&#160;: pensons \u00e0 la sc\u00e8ne br\u00e9silienne du manga, qui na\u00eet d\u00e8s les ann\u00e9es 1970 avec l\u2019auteur d\u2019origine japonaise Cl\u00e1udio Seto, et aux \u00ab&#160;mangas ha\u00efdas&#160;\u00bb de l\u2019artiste autochtone britanno-colombien Michael Nicoll Yahgulanaas. On observe encore l\u2019embauche accrue de cr\u00e9ateurs europ\u00e9ens et sud-am\u00e9ricains par les grands \u00e9diteurs de comics am\u00e9ricains (JL Mast, Marcos Martin), voire de mangas (Tony Valente), ou la cr\u00e9ation de studios en Afrique subsaharienne qui ont \u00e0 coeur de combiner les codes du comics avec une mythologie locale, notamment Z\u00e9bra Comics au Cameroun, dont les ventes se font par ailleurs majoritairement aux \u00c9tats-Unis.<\/p>\n<p>Ce num\u00e9ro de <em>M\u00e9moires du livre \/ Studies in Book Culture<\/em> propose d\u2019interroger, dans une perspective multidisciplinaire, les transferts et les circulations qui touchent la bande dessin\u00e9e. La notion de transfert est ici entendue dans son acception la plus large, soit comme \u00ab&#160;un processus dans lequel des objets, des id\u00e9es et des pratiques sont transf\u00e9r\u00e9s \u00e0 travers deux ou plusieurs cultures [\u2026]&#160;\u00bb (Meylaerts et Lobbes). Plus pr\u00e9cis\u00e9ment, elle suppose une modification et une r\u00e9interpr\u00e9tation des objets&#160;: \u00ab&#160;Transf\u00e9rer, ce n\u2019est pas transporter, mais plut\u00f4t m\u00e9tamorphoser [\u2026]&#160;\u00bb (Espagne 2013). Mais encore faut-il, pour que ces processus s\u2019op\u00e8rent, que les contacts entre cultures se concr\u00e9tisent par le biais de circulations pr\u00e9alables. Il importe donc de retracer les itin\u00e9raires suivis par les bandes dessin\u00e9es et de les mettre perspective avec les ph\u00e9nom\u00e8nes de mondialisation (Crane, Kawashima et Kawasaki 2002). Tout en accordant une attention particuli\u00e8re aux circulations transnationales et transculturelles des bandes dessin\u00e9es, ce num\u00e9ro s\u2019int\u00e9ressera aux \u00e9changes sous-jacents qui les facilitent ou qui en d\u00e9coulent&#160;: transactions \u00e9conomiques, transferts de capital symbolique, transferts d\u2019expertise technique, etc.<\/p>\n<h2>Axes th\u00e9matiques<\/h2>\n<p>Les sujets trait\u00e9s pourront s\u2019inscrire dans l\u2019un des axes suivants, sans s\u2019y limiter&#160;:<\/p>\n<h3>Axe I&#160;: La circulation des objets<\/h3>\n<p>La circulation \u00ab&#160;physique&#160;\u00bb de la bande dessin\u00e9e constitue sans doute son premier mouvement. Comment les productions (oeuvres uniques, s\u00e9ries, catalogues \u00e9ditoriaux) circulent-elles, \u00e0 petite et \u00e0 grande \u00e9chelle&#160;? Quel sort leur r\u00e9serve-t-on apr\u00e8s leur acquisition par les lectrices et lecteurs&#160;? Sont-elles revendues, pr\u00eat\u00e9es, donn\u00e9es, d\u00e9truites&#160;? De mani\u00e8re plus large, comment la bande dessin\u00e9e circule-t-elle d\u2019une aire culturelle \u00e0 l\u2019autre&#160;? Qui sont les passeurs qui facilitent l\u2019acc\u00e8s aux corpus \u00e9trangers, en abaissant les barri\u00e8res g\u00e9ographiques, linguistiques, logistiques, morales&#160;? Quels r\u00f4les jouent les festivals et les salons, de m\u00eame que les instances qui les financent, dans ce processus&#160;? Quelles sont les conditions qui permettent la circulation des objets, depuis les ententes entre \u00e9diteurs internationaux jusqu\u2019aux politiques d\u2019acquisition des lieux de conservation&#160;?<\/p>\n<h3>Axe II&#160;: Adaptations et transformations<\/h3>\n<p>Si l\u2019on consid\u00e8re, \u00e0 la suite de Michel Espagne et Michael Werner, qu\u2019un objet culturel doit subir une \u00ab&#160;transformation de son sens&#160;\u00bb (Espagne 2013) pour se d\u00e9placer efficacement d\u2019une aire culturelle \u00e0 l\u2019autre (Espagne et Werner 1988), il appara\u00eet que les strat\u00e9gies d\u2019adaptation jouent un r\u00f4le primordial dans les \u00e9changes, les transferts et les circulations auxquels la bande dessin\u00e9e participe. En quoi ces strat\u00e9gies affectent-elles les diff\u00e9rentes composantes de la bande dessin\u00e9e&#160;: les illustrations et le texte (parfois retouch\u00e9s ou censur\u00e9s), sans oublier le paratexte et le support, qui sont fortement li\u00e9s \u00e0 la commercialisation et aux habitudes de consommation des \u0153uvres&#160;? Par quels moyens les formes \u00e9ditoriales se transportent-elles d\u2019une aire \u00e0 l\u2019autre&#160;? Et comment les discours qui accompagnent les \u0153uvres adapt\u00e9es (publicit\u00e9, critiques, pochettes de presse) modulent-ils leur r\u00e9ception&#160;? Dans le m\u00eame ordre d\u2019id\u00e9es, quel est l\u2019impact du lectorat et de son discours sur la bande dessin\u00e9e \u2013 que celui-ci soit v\u00e9hicul\u00e9 par les courriers des lecteurs, par la production de fanzines ou d\u2019articles critiques sur internet \u2013, sur l\u2019\u00e9largissement ou la diffusion de ses contenus (scantrads, traductions officieuses et <em>fanfictions<\/em> r\u00e9investissant des productions existantes)&#160;?<\/p>\n<h3>Axe III&#160;: Esth\u00e9tiques et imaginaires en dialogue<\/h3>\n<p>Les travaux r\u00e9cents sur la litt\u00e9rature populaire ont montr\u00e9 que la mondialisation des esth\u00e9tiques et des imaginaires s\u00e9riels, qui s\u2019acc\u00e9l\u00e8re au d\u00e9but du XXe si\u00e8cle, a permis de forger des architextes transnationaux mall\u00e9ables, adaptables aux diff\u00e9rents march\u00e9s (Letourneux 2020). En transposant ces observations au domaine de la bande dessin\u00e9e, on peut interroger les usages que les producteurs et les consommateurs font des formes \u00e9ditoriales (romans graphiques, comics, mangas\u2026) lorsqu\u2019elles int\u00e8grent diff\u00e9rentes aires culturelles. Plus largement, on s\u2019int\u00e9ressera aux proc\u00e9d\u00e9s de r\u00e9ception et de recr\u00e9ation qui propagent les mythes associ\u00e9s \u00e0 certains personnages. Pensons, entre autres, \u00e0 la \u00ab&#160;Fabrique des h\u00e9ros&#160;\u00bb (Les Impressions Nouvelles), qui \u00e9tudie les plus c\u00e9l\u00e8bres figures issues des fictions s\u00e9rielles et transm\u00e9diatiques. La question des cat\u00e9gorisations (autobiographie, documentaire, comics de superh\u00e9ros, <em>seinen<\/em>, <em>josei<\/em>\u2026), intimement li\u00e9e \u00e0 celle de la r\u00e9ception des objets, appara\u00eet tout aussi primordiale. De quelle mani\u00e8re la circulation de genres nouveaux se refl\u00e8te-t-elle dans les syst\u00e8mes de classement et de promotion des biblioth\u00e8ques publiques et des points de vente&#160;? Si les influences plurielles constituent presque une nouvelle norme pour des auteurs ayant grandi dans un monde globalis\u00e9, comment circulent les \u0153uvres, parfois loin des regards, dans les pays dirig\u00e9s par des r\u00e9gimes autoritaires (les \u00c9tats du bloc de l\u2019Est, la R\u00e9publique populaire de Chine, l\u2019Argentine des juntes, le Japon imp\u00e9rial, entre autres)&#160;? Enfin, \u00e0 l\u2019\u00e9poque contemporaine, quelles typologies de rencontres cr\u00e9atives, voire d\u2019hybridations, croise-t-on dans la bande dessin\u00e9e&#160;? Dans quelle mesure sont-elles modul\u00e9es par la multiplication des proc\u00e9d\u00e9s de cr\u00e9ation et de diffusion, notamment num\u00e9riques&#160;? Bref, comment les traditions et les esth\u00e9tiques visuelles issues de communaut\u00e9s distinctes en viennent-elles \u00e0 dialoguer&#160;?<\/p>\n<h2>Modalit\u00e9s de soumission<\/h2>\n<p>L\u2019appel \u00e0 propositions est ouvert aux chercheuses et aux chercheurs de toutes les disciplines (litt\u00e9rature, histoire, biblioth\u00e9conomie, \u00e9conomie, sciences de l\u2019\u00e9ducation, sciences politiques\u2026). Les personnes int\u00e9ress\u00e9es sont pri\u00e9es d\u2019envoyer leur proposition de 300 mots, accompagn\u00e9e d\u2019une notice biographique de 100 mots, \u00e0<\/p>\n<ul>\n<li><a href=\"mailto:philippe.rioux@concordia.ca\"><strong>philippe.rioux@concordia.ca<\/strong><\/a><\/li>\n<li>et <strong><a href=\"mailto:maelrannou@lilo.org\">maelrannou@lilo.org<\/a><\/strong><\/li>\n<\/ul>\n<p><strong>avant le 15 mai 2022.<\/strong><\/p>\n<p>Apr\u00e8s l\u2019\u00e9valuation des propositions, un avis d\u2019acceptation ou de refus sera \u00e9mis au plus tard le 30 mai 2022. Les articles complets, d\u2019une longueur de 25\u00a0000 \u00e0 60\u00a0000 signes (espaces et notes incluses), sont attendus d\u2019ici le 1er novembre 2022 et seront publi\u00e9s au printemps 2023.<\/p>\n<h2>Bibliographie<\/h2>\n<p>Laura Caraballo et Jean-Paul Gabilliet (dir.), dossier \u00ab&#160;BD, comics, historietas, quadrinhos&#160;: les circulations transnationales de la bande dessin\u00e9e au sein de l\u2019espace am\u00e9ricain&#160;\u00bb, IdeAs. Id\u00e9es d\u2019Am\u00e9riques, mars 2022, <a href=\"https:\/\/journals.openedition.org\/ideas\/12035\">https:\/\/journals.openedition.org\/ideas\/12035<\/a>.<\/p>\n<p>Diana Crane, Nobuko Kawashima et Ken\u2019ichi Kawasaki (dir.), Global Culture. Media, Arts, Policy, and Globalization, Londres, Routledge, 2002.<\/p>\n<p>Michel Espagne et Michael Werner (dir.), Transferts. Les relations interculturelles dans l\u2019espace franco-allemand (XVIIIe-XIXe si\u00e8cles), Paris, \u00c9ditions Recherche sur les Civilisations, 1988.<\/p>\n<p>Michel Espagne, \u00ab&#160;La notion de transfert culturel&#160;\u00bb, Revue Sciences\/Lettres, no 1, 2013, <a href=\"http:\/\/rsl.revues.org\/219\">http:\/\/rsl.revues.org\/219<\/a>.<\/p>\n<p>Nicolas Labarre, Heavy Metal, l\u2019autre M\u00e9tal Hurlant, Bordeaux, Presses universitaires de Bordeaux, coll. \u00ab&#160;SF Incognita&#160;\u00bb, 2017.<\/p>\n<p>Yves Lacroix, \u00ab&#160;La bande dessin\u00e9e dans les journaux qu\u00e9b\u00e9cois (1930-1950). Un inventaire&#160;\u00bb, La Nouvelle barre du jour, no 110-111, f\u00e9vrier 1982, pp.\u00a0101-109.<\/p>\n<p>Sylvain Lesage et Jean-Paul Gabilliet, \u00ab&#160;Angoul\u00eame and the Ninth Art&#160;: From Comics Fandom to Cultural Policies&#160;\u00bb, Journal of Comics and Culture, n\u00b0\u00a05, 2020, pp.\u00a069-89.<\/p>\n<p>Sylvain Lesage, L\u2019effet livre. M\u00e9tamorphoses de la bande dessin\u00e9e, Tours, Presses universitaires Fran\u00e7ois-Rabelais, 2019.<\/p>\n<p>Matthieu Letourneux, \u00ab&#160;Incidence des supports dans les mutations des imaginaires s\u00e9riels. Le cas d\u2019Eichler et des dime novels europ\u00e9ens&#160;\u00bb, Belph\u00e9gor. Litt\u00e9rature populaire et culture m\u00e9diatique, vol.\u00a018, n\u00b0\u00a01, 2020, <a href=\"https:\/\/journals.openedition.org\/belphegor\/2629\">https:\/\/journals.openedition.org\/belphegor\/2629<\/a>.<\/p>\n<p>Matthieu Letourneux, \u00ab&#160;La disparition du genre des myst\u00e8res urbains&#160;\u00bb, dans Dominique Kalifa et Marie-\u00c8ve Th\u00e9renty (dir.), \u00ab&#160;Les Myst\u00e8res urbains au XIXe si\u00e8cle&#160;: circulations, transferts, appropriations&#160;\u00bb, M\u00e9dias 19, 2015, <a href=\"http:\/\/www.medias19.org\/index.php?id=17039\">http:\/\/www.medias19.org\/index.php\u00a0?id\u00a0=17039<\/a>.<\/p>\n<p>Dan Mazur et Alexander Danner, Comics&#160;: A Global History, 1968 to the Present, Londres, Thames &amp; Hudson, 2014.<\/p>\n<p>Reine Meylaerts et Tessa Lobbes, \u00ab&#160;Transfert&#160;\u00bb, dans Anthony Glinoer et Denis Saint-Amand (dir.), Le lexique socius, <a href=\"http:\/\/ressources-socius.info\/index.php\/lexique\/21-lexique\/55-transfert\">http:\/\/ressources-socius.info\/index.php\/lexique\/21-lexique\/55-transfert<\/a>.<\/p>\n<p>Roger Sabin, Comics, Comix &amp; Graphic Novels&#160;: A History of Comic Art, Londres, Phaidon, 2001.<\/p>\n<p>Thierry Smolderen, Naissances de la bande dessin\u00e9e, Bruxelles, Les Impressions Nouvelles, 2009.<\/p>\n<p>Bounthavy Suvilay, Dragon Ball, une histoire fran\u00e7aise, Li\u00e8ge, Presses universitaires de Li\u00e8ge, coll. \u00ab&#160;ACME&#160;\u00bb, 2021.<\/p>\n<p>Bounthavy Suvilay, La culture manga, Clermont-Ferrand, Presses universitaires Blaise Pascal, coll. \u00ab&#160;L\u2019Opportune&#160;\u00bb, 2021.<\/p>\n<\/p><\/div>\n<div class=\"zn-singledetail-attachedfiles\">\n<h3 class=\"zn-singledetail-section-title\">Fichier(s) attach\u00e9(s)<\/h3>\n<ul class=\"zn-singledetail-attachedfiles-list\">\n<li class=\"zn-singledetail-attachedfiles-item\">\n\t\t\t\t\t\t\t<a class=\"zn-singledetail-attachedfiles-link button outline for-download\" href=\"https:\/\/www.sfsic.org\/wp-inside\/uploads\/skp-membership\/demande_adh\/aac_la-bande-dessinee-vagabonde-echanges-transferts-circulations_memoires-du-livre_2022.pdf\" title=\"T\u00e9l\u00e9charger : \u00ab aac_la-bande-dessinee-vagabonde-echanges-transferts-circulations_memoires-du-livre_2022.pdf \u00bb\" target=\"_blank\" rel=\"noopener\"><br \/>\n\t\t\t\t\t\t\t\t<span class=\"button-txt\">AAC_La bande dessin\u00e9e vagabonde &#8211; \u00e9changes, transferts, circulations_M\u00e9moires du livre_2022<span class=\"button-txt-type\"> (pdf)<\/span><\/span><br \/>\n\t\t\t\t\t\t\t<\/a>\n\t\t\t\t\t\t<\/li>\n<\/ul><\/div>\n<div class=\"zn-singledetail-keywords\">\n<h3 class=\"zn-singledetail-section-title\">Mots-cl\u00e9s<\/h3>\n<ul class=\"termslist termslist-post_tag\">\n<li class=\"termslist-item termslist-title\"><span class=\"termslist-titletxt\">Mots-cl\u00e9s<\/span><span class=\"doubledot\"><\/span><\/li>\n<li class=\"termslist-item tax-post_tag term-bande-dessinee\"><a class=\"termslist-itemlink\" href=\"https:\/\/www.sfsic.org\/en\/tag\/comics\/\" title=\"Bande dessin\u00e9e\"><span class=\"termslist-itemname\">Bande dessin\u00e9e<\/span><\/a><\/li>\n<\/ul><\/div>\n<\/p><\/div>\n<\/p><\/div>\n<\/p><\/div>\n<\/p><\/div>\n<\/div>\n<p><!-- \/fxzn:singledetail --><\/p>\n","protected":false},"excerpt":{"rendered":"<p>Mis en ligne le 12 avril 2022 Informations \u00e9dit\u00e9es \u00e0 partir d\u2019une annonce Calenda. Th\u00e9matiques Images, cin\u00e9ma, m\u00e9dias audiovisuels et industries culturelles M\u00e9diations m\u00e9morielles, culturelles et patrimoniales R\u00e9ponse attendue pour [&hellip;]<\/p>\n","protected":false},"author":781,"featured_media":0,"comment_status":"closed","ping_status":"closed","sticky":false,"template":"","format":"standard","meta":{"_acf_changed":false,"footnotes":""},"categories":[28,60],"tags":[377],"thematique":[35,38],"sfsic":[],"class_list":["post-23996","post","type-post","status-publish","format-standard","hentry","category-aac-publication","category-article","tag-bande-dessinee","thematique-images-cinema-medias-audiovisuels-et-industries-culturelles","thematique-mediations-memorielles-culturelles-et-patrimoniales","wp-sticky"],"acf":[],"yoast_head":"<!-- This site is optimized with the Yoast SEO plugin v27.5 - https:\/\/yoast.com\/product\/yoast-seo-wordpress\/ -->\n<title>La bande dessin\u00e9e vagabonde : \u00e9changes, transferts, circulations<\/title>\n<meta name=\"description\" content=\"\u00ab La bande dessin\u00e9e vagabonde : \u00e9changes, transferts, circulations \u00bb, sous la direction de Ma\u00ebl Rannou (Universit\u00e9 Paris-Saclay) et Philippe Rioux (Universit\u00e9 de Concordia)\" \/>\n<meta name=\"robots\" content=\"index, follow, max-snippet:-1, max-image-preview:large, max-video-preview:-1\" \/>\n<link rel=\"canonical\" href=\"https:\/\/www.sfsic.org\/en\/aac-publication\/la-bande-dessinee-vagabonde-echanges-transferts-circulations\/\" \/>\n<meta property=\"og:locale\" content=\"en_US\" \/>\n<meta property=\"og:type\" content=\"article\" \/>\n<meta property=\"og:title\" content=\"La bande dessin\u00e9e vagabonde : \u00e9changes, transferts, circulations\" \/>\n<meta property=\"og:description\" content=\"\u00ab La bande dessin\u00e9e vagabonde : \u00e9changes, transferts, circulations \u00bb, sous la direction de Ma\u00ebl Rannou (Universit\u00e9 Paris-Saclay) et Philippe Rioux (Universit\u00e9 de Concordia)\" \/>\n<meta property=\"og:url\" content=\"https:\/\/www.sfsic.org\/en\/aac-publication\/la-bande-dessinee-vagabonde-echanges-transferts-circulations\/\" \/>\n<meta property=\"og:site_name\" content=\"SFSIC\" \/>\n<meta property=\"article:published_time\" content=\"2022-04-13T08:10:36+00:00\" \/>\n<meta name=\"author\" content=\"Axelle Martin\" \/>\n<meta name=\"twitter:card\" content=\"summary_large_image\" \/>\n<script type=\"application\/ld+json\" class=\"yoast-schema-graph\">{\"@context\":\"https:\\\/\\\/schema.org\",\"@graph\":[{\"@type\":\"Article\",\"@id\":\"https:\\\/\\\/www.sfsic.org\\\/en\\\/aac-publication\\\/la-bande-dessinee-vagabonde-echanges-transferts-circulations\\\/#article\",\"isPartOf\":{\"@id\":\"https:\\\/\\\/www.sfsic.org\\\/en\\\/aac-publication\\\/la-bande-dessinee-vagabonde-echanges-transferts-circulations\\\/\"},\"author\":{\"name\":\"Axelle Martin\",\"@id\":\"https:\\\/\\\/www.sfsic.org\\\/en\\\/#\\\/schema\\\/person\\\/d3606993477708f4359fb9aeda58df3b\"},\"headline\":\"La bande dessin\u00e9e vagabonde : \u00e9changes, transferts, circulations\",\"datePublished\":\"2022-04-13T08:10:36+00:00\",\"mainEntityOfPage\":{\"@id\":\"https:\\\/\\\/www.sfsic.org\\\/en\\\/aac-publication\\\/la-bande-dessinee-vagabonde-echanges-transferts-circulations\\\/\"},\"wordCount\":1747,\"publisher\":{\"@id\":\"https:\\\/\\\/www.sfsic.org\\\/en\\\/#organization\"},\"keywords\":[\"Bande dessin\u00e9e\"],\"articleSection\":[\"AAC Publications\",\"Article\"],\"inLanguage\":\"en-US\"},{\"@type\":\"WebPage\",\"@id\":\"https:\\\/\\\/www.sfsic.org\\\/en\\\/aac-publication\\\/la-bande-dessinee-vagabonde-echanges-transferts-circulations\\\/\",\"url\":\"https:\\\/\\\/www.sfsic.org\\\/en\\\/aac-publication\\\/la-bande-dessinee-vagabonde-echanges-transferts-circulations\\\/\",\"name\":\"La bande dessin\u00e9e vagabonde : \u00e9changes, transferts, circulations\",\"isPartOf\":{\"@id\":\"https:\\\/\\\/www.sfsic.org\\\/en\\\/#website\"},\"datePublished\":\"2022-04-13T08:10:36+00:00\",\"description\":\"\u00ab La bande dessin\u00e9e vagabonde : \u00e9changes, transferts, circulations \u00bb, sous la direction de Ma\u00ebl Rannou (Universit\u00e9 Paris-Saclay) et Philippe Rioux (Universit\u00e9 de Concordia)\",\"breadcrumb\":{\"@id\":\"https:\\\/\\\/www.sfsic.org\\\/en\\\/aac-publication\\\/la-bande-dessinee-vagabonde-echanges-transferts-circulations\\\/#breadcrumb\"},\"inLanguage\":\"en-US\",\"potentialAction\":[{\"@type\":\"ReadAction\",\"target\":[\"https:\\\/\\\/www.sfsic.org\\\/en\\\/aac-publication\\\/la-bande-dessinee-vagabonde-echanges-transferts-circulations\\\/\"]}]},{\"@type\":\"BreadcrumbList\",\"@id\":\"https:\\\/\\\/www.sfsic.org\\\/en\\\/aac-publication\\\/la-bande-dessinee-vagabonde-echanges-transferts-circulations\\\/#breadcrumb\",\"itemListElement\":[{\"@type\":\"ListItem\",\"position\":1,\"name\":\"Accueil\",\"item\":\"https:\\\/\\\/www.sfsic.org\\\/en\\\/\"},{\"@type\":\"ListItem\",\"position\":2,\"name\":\"Calls for Papers\",\"item\":\"https:\\\/\\\/www.sfsic.org\\\/en\\\/cfp-publication\\\/\"},{\"@type\":\"ListItem\",\"position\":3,\"name\":\"Article\",\"item\":\"https:\\\/\\\/www.sfsic.org\\\/en\\\/cfp-publication\\\/article-en\\\/\"},{\"@type\":\"ListItem\",\"position\":4,\"name\":\"La bande dessin\u00e9e vagabonde&#160;: \u00e9changes, transferts, circulations\"}]},{\"@type\":\"WebSite\",\"@id\":\"https:\\\/\\\/www.sfsic.org\\\/en\\\/#website\",\"url\":\"https:\\\/\\\/www.sfsic.org\\\/en\\\/\",\"name\":\"SFSIC\",\"description\":\"Soci\u00e9t\u00e9 Fran\u00e7aise des Sciences de l&#039;Information &amp; de la Communication\",\"publisher\":{\"@id\":\"https:\\\/\\\/www.sfsic.org\\\/en\\\/#organization\"},\"potentialAction\":[{\"@type\":\"SearchAction\",\"target\":{\"@type\":\"EntryPoint\",\"urlTemplate\":\"https:\\\/\\\/www.sfsic.org\\\/en\\\/?s={search_term_string}\"},\"query-input\":{\"@type\":\"PropertyValueSpecification\",\"valueRequired\":true,\"valueName\":\"search_term_string\"}}],\"inLanguage\":\"en-US\"},{\"@type\":\"Organization\",\"@id\":\"https:\\\/\\\/www.sfsic.org\\\/en\\\/#organization\",\"name\":\"SFSIC\",\"url\":\"https:\\\/\\\/www.sfsic.org\\\/en\\\/\",\"logo\":{\"@type\":\"ImageObject\",\"inLanguage\":\"en-US\",\"@id\":\"https:\\\/\\\/www.sfsic.org\\\/en\\\/#\\\/schema\\\/logo\\\/image\\\/\",\"url\":\"https:\\\/\\\/www.sfsic.org\\\/wp-inside\\\/uploads\\\/2020\\\/05\\\/logo-sfsic.jpg\",\"contentUrl\":\"https:\\\/\\\/www.sfsic.org\\\/wp-inside\\\/uploads\\\/2020\\\/05\\\/logo-sfsic.jpg\",\"width\":1085,\"height\":1080,\"caption\":\"SFSIC\"},\"image\":{\"@id\":\"https:\\\/\\\/www.sfsic.org\\\/en\\\/#\\\/schema\\\/logo\\\/image\\\/\"}},{\"@type\":\"Person\",\"@id\":\"https:\\\/\\\/www.sfsic.org\\\/en\\\/#\\\/schema\\\/person\\\/d3606993477708f4359fb9aeda58df3b\",\"name\":\"Axelle Martin\",\"image\":{\"@type\":\"ImageObject\",\"inLanguage\":\"en-US\",\"@id\":\"https:\\\/\\\/secure.gravatar.com\\\/avatar\\\/1065035eb5e480668fbf77e163c2e86f81ac342eaad4c8783acdf4a63f3c917b?s=96&d=mm&r=g\",\"url\":\"https:\\\/\\\/secure.gravatar.com\\\/avatar\\\/1065035eb5e480668fbf77e163c2e86f81ac342eaad4c8783acdf4a63f3c917b?s=96&d=mm&r=g\",\"contentUrl\":\"https:\\\/\\\/secure.gravatar.com\\\/avatar\\\/1065035eb5e480668fbf77e163c2e86f81ac342eaad4c8783acdf4a63f3c917b?s=96&d=mm&r=g\",\"caption\":\"Axelle Martin\"},\"sameAs\":[\"@antropocominside\"]}]}<\/script>\n<!-- \/ Yoast SEO plugin. -->","yoast_head_json":{"title":"La bande dessin\u00e9e vagabonde : \u00e9changes, transferts, circulations","description":"\u00ab La bande dessin\u00e9e vagabonde : \u00e9changes, transferts, circulations \u00bb, sous la direction de Ma\u00ebl Rannou (Universit\u00e9 Paris-Saclay) et Philippe Rioux (Universit\u00e9 de Concordia)","robots":{"index":"index","follow":"follow","max-snippet":"max-snippet:-1","max-image-preview":"max-image-preview:large","max-video-preview":"max-video-preview:-1"},"canonical":"https:\/\/www.sfsic.org\/en\/aac-publication\/la-bande-dessinee-vagabonde-echanges-transferts-circulations\/","og_locale":"en_US","og_type":"article","og_title":"La bande dessin\u00e9e vagabonde : \u00e9changes, transferts, circulations","og_description":"\u00ab La bande dessin\u00e9e vagabonde : \u00e9changes, transferts, circulations \u00bb, sous la direction de Ma\u00ebl Rannou (Universit\u00e9 Paris-Saclay) et Philippe Rioux (Universit\u00e9 de Concordia)","og_url":"https:\/\/www.sfsic.org\/en\/aac-publication\/la-bande-dessinee-vagabonde-echanges-transferts-circulations\/","og_site_name":"SFSIC","article_published_time":"2022-04-13T08:10:36+00:00","author":"Axelle Martin","twitter_card":"summary_large_image","schema":{"@context":"https:\/\/schema.org","@graph":[{"@type":"Article","@id":"https:\/\/www.sfsic.org\/en\/aac-publication\/la-bande-dessinee-vagabonde-echanges-transferts-circulations\/#article","isPartOf":{"@id":"https:\/\/www.sfsic.org\/en\/aac-publication\/la-bande-dessinee-vagabonde-echanges-transferts-circulations\/"},"author":{"name":"Axelle Martin","@id":"https:\/\/www.sfsic.org\/en\/#\/schema\/person\/d3606993477708f4359fb9aeda58df3b"},"headline":"La bande dessin\u00e9e vagabonde : \u00e9changes, transferts, circulations","datePublished":"2022-04-13T08:10:36+00:00","mainEntityOfPage":{"@id":"https:\/\/www.sfsic.org\/en\/aac-publication\/la-bande-dessinee-vagabonde-echanges-transferts-circulations\/"},"wordCount":1747,"publisher":{"@id":"https:\/\/www.sfsic.org\/en\/#organization"},"keywords":["Bande dessin\u00e9e"],"articleSection":["AAC Publications","Article"],"inLanguage":"en-US"},{"@type":"WebPage","@id":"https:\/\/www.sfsic.org\/en\/aac-publication\/la-bande-dessinee-vagabonde-echanges-transferts-circulations\/","url":"https:\/\/www.sfsic.org\/en\/aac-publication\/la-bande-dessinee-vagabonde-echanges-transferts-circulations\/","name":"La bande dessin\u00e9e vagabonde : \u00e9changes, transferts, circulations","isPartOf":{"@id":"https:\/\/www.sfsic.org\/en\/#website"},"datePublished":"2022-04-13T08:10:36+00:00","description":"\u00ab La bande dessin\u00e9e vagabonde : \u00e9changes, transferts, circulations \u00bb, sous la direction de Ma\u00ebl Rannou (Universit\u00e9 Paris-Saclay) et Philippe Rioux (Universit\u00e9 de Concordia)","breadcrumb":{"@id":"https:\/\/www.sfsic.org\/en\/aac-publication\/la-bande-dessinee-vagabonde-echanges-transferts-circulations\/#breadcrumb"},"inLanguage":"en-US","potentialAction":[{"@type":"ReadAction","target":["https:\/\/www.sfsic.org\/en\/aac-publication\/la-bande-dessinee-vagabonde-echanges-transferts-circulations\/"]}]},{"@type":"BreadcrumbList","@id":"https:\/\/www.sfsic.org\/en\/aac-publication\/la-bande-dessinee-vagabonde-echanges-transferts-circulations\/#breadcrumb","itemListElement":[{"@type":"ListItem","position":1,"name":"Accueil","item":"https:\/\/www.sfsic.org\/en\/"},{"@type":"ListItem","position":2,"name":"Calls for Papers","item":"https:\/\/www.sfsic.org\/en\/cfp-publication\/"},{"@type":"ListItem","position":3,"name":"Article","item":"https:\/\/www.sfsic.org\/en\/cfp-publication\/article-en\/"},{"@type":"ListItem","position":4,"name":"La bande dessin\u00e9e vagabonde&#160;: \u00e9changes, transferts, circulations"}]},{"@type":"WebSite","@id":"https:\/\/www.sfsic.org\/en\/#website","url":"https:\/\/www.sfsic.org\/en\/","name":"SFSIC","description":"Soci\u00e9t\u00e9 Fran\u00e7aise des Sciences de l&#039;Information &amp; de la Communication","publisher":{"@id":"https:\/\/www.sfsic.org\/en\/#organization"},"potentialAction":[{"@type":"SearchAction","target":{"@type":"EntryPoint","urlTemplate":"https:\/\/www.sfsic.org\/en\/?s={search_term_string}"},"query-input":{"@type":"PropertyValueSpecification","valueRequired":true,"valueName":"search_term_string"}}],"inLanguage":"en-US"},{"@type":"Organization","@id":"https:\/\/www.sfsic.org\/en\/#organization","name":"SFSIC","url":"https:\/\/www.sfsic.org\/en\/","logo":{"@type":"ImageObject","inLanguage":"en-US","@id":"https:\/\/www.sfsic.org\/en\/#\/schema\/logo\/image\/","url":"https:\/\/www.sfsic.org\/wp-inside\/uploads\/2020\/05\/logo-sfsic.jpg","contentUrl":"https:\/\/www.sfsic.org\/wp-inside\/uploads\/2020\/05\/logo-sfsic.jpg","width":1085,"height":1080,"caption":"SFSIC"},"image":{"@id":"https:\/\/www.sfsic.org\/en\/#\/schema\/logo\/image\/"}},{"@type":"Person","@id":"https:\/\/www.sfsic.org\/en\/#\/schema\/person\/d3606993477708f4359fb9aeda58df3b","name":"Axelle Martin","image":{"@type":"ImageObject","inLanguage":"en-US","@id":"https:\/\/secure.gravatar.com\/avatar\/1065035eb5e480668fbf77e163c2e86f81ac342eaad4c8783acdf4a63f3c917b?s=96&d=mm&r=g","url":"https:\/\/secure.gravatar.com\/avatar\/1065035eb5e480668fbf77e163c2e86f81ac342eaad4c8783acdf4a63f3c917b?s=96&d=mm&r=g","contentUrl":"https:\/\/secure.gravatar.com\/avatar\/1065035eb5e480668fbf77e163c2e86f81ac342eaad4c8783acdf4a63f3c917b?s=96&d=mm&r=g","caption":"Axelle Martin"},"sameAs":["@antropocominside"]}]}},"_links":{"self":[{"href":"https:\/\/www.sfsic.org\/en\/wp-json\/wp\/v2\/posts\/23996","targetHints":{"allow":["GET"]}}],"collection":[{"href":"https:\/\/www.sfsic.org\/en\/wp-json\/wp\/v2\/posts"}],"about":[{"href":"https:\/\/www.sfsic.org\/en\/wp-json\/wp\/v2\/types\/post"}],"author":[{"embeddable":true,"href":"https:\/\/www.sfsic.org\/en\/wp-json\/wp\/v2\/users\/781"}],"replies":[{"embeddable":true,"href":"https:\/\/www.sfsic.org\/en\/wp-json\/wp\/v2\/comments?post=23996"}],"version-history":[{"count":2,"href":"https:\/\/www.sfsic.org\/en\/wp-json\/wp\/v2\/posts\/23996\/revisions"}],"predecessor-version":[{"id":24000,"href":"https:\/\/www.sfsic.org\/en\/wp-json\/wp\/v2\/posts\/23996\/revisions\/24000"}],"wp:attachment":[{"href":"https:\/\/www.sfsic.org\/en\/wp-json\/wp\/v2\/media?parent=23996"}],"wp:term":[{"taxonomy":"category","embeddable":true,"href":"https:\/\/www.sfsic.org\/en\/wp-json\/wp\/v2\/categories?post=23996"},{"taxonomy":"post_tag","embeddable":true,"href":"https:\/\/www.sfsic.org\/en\/wp-json\/wp\/v2\/tags?post=23996"},{"taxonomy":"thematique","embeddable":true,"href":"https:\/\/www.sfsic.org\/en\/wp-json\/wp\/v2\/thematique?post=23996"},{"taxonomy":"sfsic","embeddable":true,"href":"https:\/\/www.sfsic.org\/en\/wp-json\/wp\/v2\/sfsic?post=23996"}],"curies":[{"name":"wp","href":"https:\/\/api.w.org\/{rel}","templated":true}]}}