{"id":23951,"date":"2022-04-09T14:15:28","date_gmt":"2022-04-09T12:15:28","guid":{"rendered":"https:\/\/www.sfsic.org\/?p=23951"},"modified":"2022-04-09T11:15:43","modified_gmt":"2022-04-09T09:15:43","slug":"mecaniques-de-la-depolitisation-lexiques-rhetoriques-et-dynamiques-discursives","status":"publish","type":"post","link":"https:\/\/www.sfsic.org\/en\/aac-publication\/mecaniques-de-la-depolitisation-lexiques-rhetoriques-et-dynamiques-discursives\/","title":{"rendered":"M\u00e9caniques de la d\u00e9politisation : lexiques, rh\u00e9toriques et dynamiques discursives"},"content":{"rendered":"<p><!-- fxzn:singledetail --><\/p>\n<div class=\"zone zn-singledetail\" id=\"fxzn-singledetail-1\">\n<div class=\"zone-block zn-singledetail-block alignwide va-top\">\n<div class=\"row\">\n<div class=\"columns large-8 large-push-4\">\n<div class=\"zn-singledetail-metabox\">\n<div class=\"zn-singledetail-pubdate pubdate\">\n\t\t\t\t\t<span class=\"pubdate-txt\">Mis en ligne le<\/span><span class=\"doubledot\"><\/span> 9 avril 2022\t\t\t\t<\/div>\n<div class=\"zn-singledetail-thematiques with-sep-comma\">\n<ul class=\"termslist termslist-thematique\">\n<li class=\"termslist-item termslist-title\"><span class=\"termslist-titletxt\">Th\u00e9matiques<\/span><span class=\"doubledot\"><\/span><\/li>\n<li class=\"termslist-item tax-thematique term-communication-publique-et-politique\"><a class=\"termslist-itemlink\" href=\"https:\/\/www.sfsic.org\/en\/thematiques\/public-and-political-communication\/\" title=\"Communication publique et politique\"><span class=\"termslist-itemname\">Communication publique et politique<\/span><\/a><\/li>\n<li class=\"termslist-item tax-thematique term-information-documents-et-ecritures\"><a class=\"termslist-itemlink\" href=\"https:\/\/www.sfsic.org\/en\/thematiques\/information-documents-and-records\/\" title=\"Information, documents et \u00e9critures\"><span class=\"termslist-itemname\">Information, documents et \u00e9critures<\/span><\/a><\/li>\n<li class=\"termslist-item tax-thematique term-medias-et-journalisme\"><a class=\"termslist-itemlink\" href=\"https:\/\/www.sfsic.org\/en\/thematiques\/media-and-journalism\/\" title=\"M\u00e9dias et journalisme\"><span class=\"termslist-itemname\">M\u00e9dias et journalisme<\/span><\/a><\/li>\n<\/ul><\/div>\n<\/p><\/div>\n<\/p><\/div>\n<\/p><\/div>\n<div class=\"row\">\n<div class=\"columns large-4\">\n<div class=\"zn-singledetail-sidebar bg-cornersquares\">\n<div class=\"zn-singledetail-infos\">\n<p class=\"zn-singledetail-reponse-date\">\n\t\t\t\t\t\t<span>R\u00e9ponse attendue pour le<\/span><span class=\"doubledot\"><\/span> <strong>02\/06\/2022<\/strong>\n\t\t\t\t\t<\/p>\n<p class=\"zn-singledetail-reponse-type\">\n\t\t\t\t\t<span>Type de r\u00e9ponse<\/span><span class=\"doubledot\"><\/span> <strong>R\u00e9sum\u00e9<\/strong>\n\t\t\t\t\t<\/p>\n<p class=\"zn-singledetail-type\">\n\t\t\t\t\t\t\t<span>Type de contribution attendue<\/span><span class=\"doubledot\"><\/span> <strong>Article<\/strong>\n\t\t\t\t\t<\/p>\n<p class=\"zn-singledetail-name\">\n\t\t\t\t\t\t\t<span>Nom de la publication<\/span><span class=\"doubledot\"><\/span> <strong>Mots. Les langages du politique<\/strong>\n\t\t\t\t\t<\/p>\n<\/p><\/div>\n<div class=\"zn-singledetail-coordinators\">\n<h3 class=\"zn-singledetail-section-title\">Coordinateurs<\/h3>\n<ul class=\"zn-singledetail-coordinators-list\">\n<li class=\"zn-singledetail-coordinators-item\">\n\t\t\t\t\t\t\t<span>Val\u00e9rie <\/span> <span>Bonnet <\/span>\t\t\t\t\t\t\t\t\t\t\t\t\t\t, <a class=\"zn-singledetail-coordinators-mail prettylink\" href=\"mailto:valerie.bonnet@free.fr\">valerie.bonnet@free.fr<\/a>\n\t\t\t\t\t\t\t\t\t\t\t\t\t<\/li>\n<li class=\"zn-singledetail-coordinators-item\">\n\t\t\t\t\t\t\t<span>Emmanuel <\/span> <span>Marty <\/span>\t\t\t\t\t\t\t\t\t\t\t\t\t\t, <a class=\"zn-singledetail-coordinators-mail prettylink\" href=\"mailto:emmanuel.marty@univ-grenoble-alpes.fr\">emmanuel.marty@univ-grenoble-alpes.fr<\/a>\n\t\t\t\t\t\t\t\t\t\t\t\t\t<\/li>\n<li class=\"zn-singledetail-coordinators-item\">\n\t\t\t\t\t\t\t<span>\u00e9cile <\/span> <span>Robert <\/span>\t\t\t\t\t\t\t\t\t\t\t\t\t\t, <a class=\"zn-singledetail-coordinators-mail prettylink\" href=\"mailto:cecile.robert@sciencespo-lyon.fr\">cecile.robert@sciencespo-lyon.fr<\/a>\n\t\t\t\t\t\t\t\t\t\t\t\t\t<\/li>\n<\/ul><\/div>\n<div class=\"zn-singledetail-weblinks\">\n<h3 class=\"zn-singledetail-section-title\">Sites internet de r\u00e9f\u00e9rence<\/h3>\n<ul class=\"zn-singledetail-weblinks-list\">\n<li>\n\t\t\t\t\t\t\t<a class=\"prettylink chainlink\" href=\"https:\/\/journals.openedition.org\/mots\/29749\" title=\"Site de l'appel\" target=\"_blank\" rel=\"noopener\">Site de l&#8217;appel<\/a>\n\t\t\t\t\t\t<\/li>\n<\/ul><\/div>\n<\/p><\/div>\n<\/p><\/div>\n<div class=\"columns large-8\">\n<div class=\"zn-singledetail-contentbox\">\n<div class=\"zn-singledetail-annonce wig-content\">\n<p class=\"texte\">La notion de d\u00e9politisation a suscit\u00e9 depuis une trentaine d\u2019ann\u00e9es un nombre important de travaux en science politique, mais demeure en revanche assez peu travaill\u00e9e par les sciences du langage, du discours et de la communication. En science politique, elle endosse des acceptions assez diverses. Le terme <em>d\u00e9politisation<\/em>, si l\u2019on se r\u00e9f\u00e8re \u00e0 la d\u00e9finition qu\u2019en donne le CNRTL (2012), poss\u00e8de virtuellement deux significations&#160;: il peut d\u00e9signer l\u2019action \u00ab&#160;d\u2019\u00f4ter tout caract\u00e8re politique (\u00e0 quelque chose)&#160;\u00bb, comme celle \u00ab&#160;de se d\u00e9tourner de la politique&#160;\u00bb. Pour autant, \u00f4ter tout caract\u00e8re politique \u00e0 un discours ou une action ne signifie pas que celui-ci ou celle-l\u00e0 <em>n\u2019est pas<\/em> politique. Cela signifie simplement qu\u2019on leur d\u00e9nie cette dimension, pour des raisons diverses que nous souhaiterions explorer.<\/p>\n<p class=\"texte\">Depuis trois d\u00e9cennies au moins, acteurs et observateurs de la vie politique fran\u00e7aise d\u00e9battent de l\u2019hypoth\u00e8se d\u2019une d\u00e9saffection conjointe de la d\u00e9mocratie repr\u00e9sentative \u2013\u00a0et notamment \u00e0 travers la mont\u00e9e de l\u2019abstention lors des scrutins \u00e9lectoraux (Renard, 2017)\u00a0\u2013 et de l\u2019information politique \u2013\u00a0mesur\u00e9e par l\u2019audience d\u00e9croissante des titres de presse d\u2019information politique et g\u00e9n\u00e9rale (Delporte <em>et\u00a0al<\/em>., 2016) et diff\u00e9rentes enqu\u00eates sur la confiance des Fran\u00e7ais dans les m\u00e9dias (Kantar, 2021) de la part des citoyens. Ce d\u00e9sint\u00e9r\u00eat, qui rel\u00e8ve de la deuxi\u00e8me signification de la d\u00e9politisation pr\u00e9c\u00e9demment \u00e9voqu\u00e9e, r\u00e9sulte sans doute en partie de la premi\u00e8re. C\u2019est cette acception de la d\u00e9politisation comme processus d\u2019occultation du caract\u00e8re politique d\u2019un objet que ce dossier de la revue <em>Mots<\/em> s\u2019attachera \u00e0 mieux cerner. Il s\u2019int\u00e9ressera plus sp\u00e9cifiquement \u00e0 la d\u00e9politisation entendue comme expression d\u2019un manquement dans la mise en discours des conflictualit\u00e9s sociales de la part d\u2019instances qui ont traditionnellement la charge de faire vivre la d\u00e9mocratie. Au premier rang de ces instances figurent le personnel et les institutions politiques ainsi que les m\u00e9dias d\u2019information. Dans une perspective de sociologie de l\u2019action publique, la d\u00e9politisation a pu par exemple \u00eatre comprise comme un ensemble de fa\u00e7ons de faire et de dire l\u2019action publique, qui en contournent la mise en d\u00e9bat comme choix de soci\u00e9t\u00e9 (Robert, 2021).<\/p>\n<p class=\"texte\">Dans sa dimension discursive, la d\u00e9politisation a fait l\u2019objet de travaux ant\u00e9rieurs, notamment dans la revue <em>Mots<\/em>&#160;: le dossier coordonn\u00e9 par Roser Cuss\u00f3 et Corinne Gobin (2008) a mis par exemple en \u00e9vidence le recours croissant \u00e0 un \u00ab&#160;discours expert&#160;\u00bb se pr\u00e9sentant comme d\u00e9politis\u00e9, marqu\u00e9 par la \u00ab&#160;circulation lexicale intense de lex\u00e8mes ou de mots \u00e0 consonance technique&#160;\u00bb et conduisant \u00e0 \u00ab&#160;un appauvrissement des lieux du d\u00e9bat contradictoire&#160;\u00bb. Ces \u00e9l\u00e9ments font \u00e9cho au concept de \u00ab&#160;discours politique d\u00e9politis\u00e9&#160;\u00bb de Pierre Bourdieu (1982), d\u00e9signant les discours dont la neutralisation ou la d\u00e9n\u00e9gation du politique est orient\u00e9e vers la \u00ab&#160;naturalisation de l\u2019ordre social&#160;\u00bb. En cela la d\u00e9politisation peut \u00eatre consid\u00e9r\u00e9e comme une simple modalit\u00e9 d\u2019exercice de la gouvernementalit\u00e9 (Foucault, 2004). Mich\u00e8le Monte et Claire Oger (2015) apparentent pour leur part la d\u00e9politisation \u00e0 un processus consistant \u00e0 imposer un \u00ab&#160;discours d\u2019autorit\u00e9&#160;\u00bb d\u00e9barrass\u00e9 du dissensus. On a plus g\u00e9n\u00e9ralement pu identifier une rh\u00e9torique de la d\u00e9politisation \u00e0 l\u2019\u0153uvre dans les discours politiques et m\u00e9diatiques fond\u00e9e sur la neutralisation, la naturalisation ou encore l\u2019individualisation des probl\u00e8mes publics (Robert, 2021). Ces trois processus de d\u00e9politisation du discours sont parfois motiv\u00e9s par la volont\u00e9 de toucher un \u00ab&#160;grand public&#160;\u00bb pourtant largement artefactuel. Qu\u2019il s\u2019agisse d\u2019\u00e9largir le socle \u00e9lectoral d\u2019un parti, dans la logique de \u00ab&#160;<em>catch-all party<\/em>&#160;\u00bb d\u00e9crite par Otto Kirchheimer (1966) ou de maximiser l\u2019audience d\u2019un m\u00e9dia en s\u2019adressant \u00e0 un public m\u00e9dian (Sonnac, 2006&#160;; Serrano, 2007), la peur de cliver peut dans les deux cas aboutir \u00e0 priver le discours de sa capacit\u00e9 \u00e0 repr\u00e9senter de mani\u00e8re lisible un positionnement particulier dans l\u2019espace social.<\/p>\n<p class=\"texte\">Les discours d\u00e9politisants ne sont nullement l\u2019exclusivit\u00e9 des organisations internationales, des administrations, des agences ou m\u00eame des \u00e9lus. La d\u00e9politisation peut \u00eatre con\u00e7ue plus largement comme une strat\u00e9gie potentiellement prise en charge par toute instance charg\u00e9e de m\u00e9dier le politique ou exer\u00e7ant une forme de gouvernementalit\u00e9 dans les champs du service (au) public&#160;: m\u00e9dias d\u2019information, institutions et agences encadrant les milieux de l\u2019\u00e9ducation, de la recherche ou encore de la sant\u00e9 et de la s\u00e9curit\u00e9, jusqu\u2019aux r\u00e9seaux et dispositifs socio-num\u00e9riques qui m\u00e9diatisent et organisent une partie de nos sociabilit\u00e9s, choix et engagements. Prolongeant ces interrogations, ce nouveau num\u00e9ro de <em>Mots<\/em> s\u2019attachera ainsi \u00e0 explorer plus avant les diff\u00e9rentes m\u00e9caniques discursives de la d\u00e9politisation, qu\u2019il s\u2019agisse plus particuli\u00e8rement de la disqualification d\u2019une mise en politique des th\u00e9matiques et sujets en jeu, du r\u00e9tr\u00e9cissement de l\u2019espace du d\u00e9bat d\u00e9mocratique, ou encore de l\u2019invisibilisation du politique par l\u2019imposition progressive de rationalit\u00e9s suppos\u00e9ment apolitiques. Ces processus, non exclusifs, se donnent \u00e0 voir dans des contextes communicationnels tr\u00e8s divers et peuvent \u00eatre le fait d\u2019acteurs \u00e9galement tr\u00e8s diff\u00e9rents. Nous en proposons quelques exemples dont les contributions attendues peuvent se saisir, mais qu\u2019elles pourront bien s\u00fbr venir enrichir.<\/p>\n<h2 class=\"texte\">Disqualification<\/h2>\n<p class=\"texte\">La disqualification du politique est sans doute le ph\u00e9nom\u00e8ne le mieux document\u00e9 \u00e0 ce jour par les chercheurs en sciences humaines et sociales. Du c\u00f4t\u00e9 des m\u00e9dias d\u2019information politique et g\u00e9n\u00e9rale, cette disqualification passe notamment par la g\u00e9n\u00e9ralisation d\u2019un \u00ab&#160;cadrage d\u00e9politisant&#160;\u00bb, c\u2019est-\u00e0-dire par des processus discursifs de \u00ab&#160;d\u00e9sid\u00e9ologisation, d\u00e9conflictualisation, naturalisation, focalisation sur les agents plut\u00f4t que sur les structures, personnalisation des institutions et des id\u00e9es, absence de mise en perspective historique, recherche de responsables plut\u00f4t que d\u2019explications plus structurales, etc.&#160;\u00bb (Nollet et Schott\u00e9, 2014). De la <em>peopolisation<\/em> des politiques (Dakhlia et Lh\u00e9rault, 2008&#160;; Desterbecq, 2015) au d\u00e9veloppement de l\u2019<em>infotainment<\/em>, d\u2019abord \u00e0 la t\u00e9l\u00e9vision (Neveu, 2003&#160;; Brants, 2003&#160;; La\u00a0Sala Urbain 2013) et plus r\u00e9cemment dans des formats natifs des r\u00e9seaux socio-num\u00e9riques (Bassoni, 2020), la disqualification du politique s\u2019effectue ici \u00ab&#160;en creux&#160;\u00bb, par le recours pr\u00e9f\u00e9rentiel \u00e0 d\u2019autres r\u00e9gimes s\u00e9mio-discursifs jug\u00e9s plus d\u00e9sirables pour traiter la chose politique (l\u2019humour, le divertissement, le r\u00e9cit de vie, le <em>storytelling<\/em>, et plus largement les discours \u00e9pidictiques). Les contributions pourraient ainsi s\u2019attacher \u00e0 identifier les marqueurs langagiers de la personnification et de la spectacularisation du politique, de son hybridation aux r\u00e9gimes discursifs dominants \u00e0 la t\u00e9l\u00e9vision et sur internet, qui s\u2019effectue au d\u00e9triment de la mise en \u00e9vidence de d\u00e9saccords id\u00e9ologiques ou programmatiques. Mais cette disqualification de la part des m\u00e9dias peut \u00e9galement relever de processus visibles et explicites, voire violents. La marginalisation ou le bannissement des radicalit\u00e9s dans l\u2019espace m\u00e9diatique en est une modalit\u00e9, d\u00e9j\u00e0 mise au jour par Jean-Baptiste Comby (2009) au sujet des questions d\u2019environnement. Plus r\u00e9cemment, la fr\u00e9quence du syntagme nominal \u00ab&#160;journaliste-militant&#160;\u00bb utilis\u00e9 par certains journalistes \u00e0 l\u2019\u00e9gard de confr\u00e8res couvrant les luttes sociales est un marqueur d\u2019une d\u00e9consid\u00e9ration conjointe de ces derniers et de l\u2019engagement politique lui-m\u00eame, aliment\u00e9e par la \u00ab&#160;doxa objectiviste&#160;\u00bb des m\u00e9dias (Koren, 2004) rendant suspect tout engagement politique du journaliste.<\/p>\n<p class=\"texte\">La disqualification du politique peut se d\u00e9ployer dans la sph\u00e8re politique elle-m\u00eame, par exemple lorsque le caract\u00e8re \u00ab&#160;apolitique&#160;\u00bb d\u2019un acteur appara\u00eet comme un gage de l\u00e9gitimit\u00e9 de son action (Vignon, 2021). Mais la m\u00e9canique de disqualification est depuis quelques ann\u00e9es \u00e9galement saillante \u00e0 l\u2019\u00e9gard des milieux de l\u2019enseignement et de la recherche, vis-\u00e0-vis desquels la pr\u00e9tendue n\u00e9cessit\u00e9 d\u2019une d\u00e9sid\u00e9ologisation est parvenue \u00e0 s\u2019imposer dans l\u2019agenda m\u00e9diatico-politique. Des contributions pourraient ainsi s\u2019attacher \u00e0 identifier les marqueurs langagiers du tabou politique dans ces univers socio-professionnels, allant de ph\u00e9nom\u00e8nes d\u2019euph\u00e9misation des rapports de domination et des conflictualit\u00e9s sociales jusqu\u2019au refus explicite de leur mise en \u00e9vidence comme sujets d\u2019int\u00e9r\u00eat dans l\u2019enseignement et la recherche.<\/p>\n<h2 class=\"texte\">R\u00e9tr\u00e9cissement<\/h2>\n<p class=\"texte\">Le ph\u00e9nom\u00e8ne de d\u00e9politisation peut \u00e9galement relever d\u2019un r\u00e9tr\u00e9cissement de l\u2019espace politique, voire d\u2019un \u00ab&#160;\u00e9vitement de l\u2019espace de m\u00e9diation correspondant au politique&#160;\u00bb (Gilbert et Henry, 2021), la pr\u00e9tention \u00e0 d\u00e9politiser relevant l\u00e0 encore d\u2019une strat\u00e9gie singuli\u00e8re de politisation. L\u2019espace politique appara\u00eet alors comme recouvert par le glacis technique du discours expert ou d\u2019une autorit\u00e9 administrative s\u2019affichant comme neutre, pragmatique, d\u00e9pourvue d\u2019intentionnalit\u00e9 politique car visant uniquement l\u2019efficacit\u00e9 de l\u2019action. Sa modalit\u00e9 la plus visible est sans doute le d\u00e9veloppement d\u2019un lexique manag\u00e9rial, parfois qualifi\u00e9 de \u00ab&#160;novlangue&#160;\u00bb (Vandevelde-Rougale, 2017) provoquant perte de sens et \u00e9crasement de la pens\u00e9e dans le monde du travail. Accompagnant le <em>New public management<\/em> (Ficet et Fallon 2017&#160;; No\u00fbs, 2021) dans les secteurs de la sant\u00e9, de l\u2019enseignement et de la recherche, la contribution de ce lexique au r\u00e9tr\u00e9cissement du politique pourrait \u00eatre document\u00e9e par les contributions de ce dossier.<\/p>\n<p class=\"texte\">Ce r\u00e9tr\u00e9cissement s\u2019est acc\u00e9l\u00e9r\u00e9 en France ces derni\u00e8res ann\u00e9es lors des diff\u00e9rents \u00e9tats d\u2019urgence qu\u2019a connu le pays, d\u2019abord li\u00e9s aux attentats terroristes puis \u00e0 la crise sanitaire. Dans les deux cas, l\u2019affaiblissement des libert\u00e9s publiques par un certain nombre de lois, d\u00e9crets et dispositifs r\u00e9glementaires de surveillance et de contr\u00f4le des populations (lois relatives au renseignement et \u00e0 la surveillance internationale de juillet et novembre 2015, loi relative \u00e0 la pr\u00e9vention d\u2019actes de terrorisme et au renseignement de juillet 2021, loi du 25\u00a0mai 2021 pour une s\u00e9curit\u00e9 globale pr\u00e9servant les libert\u00e9s, loi du 23\u00a0mars 2020 d\u2019urgence pour faire face \u00e0 l\u2019\u00e9pid\u00e9mie de Covid-19, loi du 31\u00a0mai 2021 relative \u00e0 la gestion de la sortie de crise sanitaire, etc.) s\u2019est accompagn\u00e9 d\u2019un \u00e9vitement des espaces de d\u00e9lib\u00e9ration d\u00e9mocratique dans la prise de d\u00e9cision par la cr\u00e9ation d\u2019agences ou de conseils \u00e9chappant au contr\u00f4le d\u00e9mocratique (Conseil de d\u00e9fense et de s\u00e9curit\u00e9 nationale, Conseil de d\u00e9fense sanitaire, Agence europ\u00e9enne pour la gestion de la coop\u00e9ration op\u00e9rationnelle aux fronti\u00e8res ext\u00e9rieures, etc.), et d\u2019une rh\u00e9torique de l\u2019absolue n\u00e9cessit\u00e9, voire de l\u2019exigence morale des choix op\u00e9r\u00e9s faisant \u00e9cho \u00e0 la notion d\u2019\u00a0\u00ab&#160;autoritarisme d\u00e9mocratique&#160;\u00bb (Dab\u00e8ne <em>et\u00a0al<\/em>., 2008). Dans le cas de la menace terroriste, on assiste souvent, comme le pointent G\u00e9r\u00f4me Truc, Christian Le\u00a0Bart et Emilie N\u00e9e (2018), au d\u00e9veloppement de discours visant \u00e0 exploiter un \u00ab&#160;consensus post-attentat&#160;\u00bb qui investissent le terrain de l\u2019affect et de l\u2019\u00e9motion, du sentiment d\u2019union nationale, cherchant \u00e0 rendre l\u2019expression des conflictualit\u00e9s sociales et politiques momentan\u00e9ment hors de propos. Dans le cas des crises sanitaires, pour Claude Gilbert et Emmanuel Henry, \u00ab&#160;les probl\u00e8mes sont a\u00a0priori pos\u00e9s dans des termes qui excluent toute solution n\u00e9goci\u00e9e. Les atteintes \u00e0 l\u2019int\u00e9grit\u00e9 physique de larges groupes de personnes&#160;; les d\u00e9sordres fondamentaux provoqu\u00e9s dans l\u2019ordre naturel, etc., sont \u00e0 l\u2019origine de demandes prenant la forme d\u2019exigences a\u00a0priori peu discutables&#160;\u00bb (Gilbert et Henry, 2021, p.\u00a0118). Un \u00ab&#160;discours expert&#160;\u00bb recourant \u00e0 l\u2019autorit\u00e9 scientifique a parfois m\u00eame \u00e9t\u00e9 mobilis\u00e9 pour guider les choix politiques hors de tout d\u00e9bat d\u00e9mocratique, de toute \u00ab&#160;publicit\u00e9&#160;\u00bb et de toute l\u00e9gitimit\u00e9 repr\u00e9sentative (Stiegler, 2021). Les contributions pourront ainsi s\u2019attacher \u00e0 identifier les lexiques, dynamiques et strat\u00e9gies discursives visant \u00e0 restreindre ou contourner le d\u00e9bat contradictoire sur les choix politiques par le recours massif \u00e0 une autorit\u00e9 experte ou scientifique, particuli\u00e8rement face au terrorisme ou \u00e0 la crise sanitaire, dans une rh\u00e9torique binaire renvoyant toute vell\u00e9it\u00e9 critique, fut-elle constructive et argument\u00e9e, \u00e0 une entreprise de propagande ou de complotisme, ou \u00e0 une utilisation de l\u2019argumentation <em>ad quietem<\/em>.<\/p>\n<h2 class=\"texte\">Invisibilisation<\/h2>\n<p class=\"texte\">L\u2019invisibilisation du politique est un ph\u00e9nom\u00e8ne que l\u2019on peut relier au d\u00e9veloppement des technologies et dispositifs num\u00e9riques, qui ont vu l\u2019av\u00e8nement de rationalit\u00e9s fondamentalement apolitiques. Lawrence Lessig avertissait d\u00e9j\u00e0 en 2000 dans son c\u00e9l\u00e8bre \u00ab&#160;Code is law&#160;\u00bb&#160;: \u00ab&#160;si nous ne comprenons pas en quoi le cyberespace peut int\u00e9grer, ou supplanter, certaines valeurs de nos traditions constitutionnelles, nous perdrons le contr\u00f4le de ces valeurs. La loi du cyberespace \u2013\u00a0le code\u00a0\u2013 les supplantera.&#160;\u00bb De la \u00ab&#160;r\u00e9publique des ing\u00e9nieurs&#160;\u00bb (Schafer, 2012) au concept de \u00ab&#160;d\u00e9contrat&#160;\u00bb (en r\u00e9f\u00e9rence au principe du contrat social conceptualis\u00e9 par Rousseau, Zuboff, 2020) en passant par la \u00ab&#160;gouvernementalit\u00e9 algorithmique&#160;\u00bb (Rouvroy et Berns, 2013) et les \u00ab&#160;soci\u00e9t\u00e9s du calcul&#160;\u00bb (Cardon, 2015), les intuitions de Lawrence Lessig ont \u00e9t\u00e9 confirm\u00e9es par de nombreuses recherches s\u2019attachant \u00e0 comprendre comment l\u2019algorithme s\u2019\u00e9tait, au cours des deux d\u00e9cennies \u00e9coul\u00e9es, substitu\u00e9 au politique. En tant que rationalit\u00e9 apolitique mais r\u00e9sultant de choix de conception n\u00e9cessairement situ\u00e9s, l\u2019algorithme prend litt\u00e9ralement la place du politique, en \u00ab&#160;substituant des proc\u00e9dures automatis\u00e9es aux promesses, au dialogue, au sens partag\u00e9, \u00e0 la r\u00e9solution des probl\u00e8mes, au r\u00e8glement des conflits et \u00e0 la confiance \u2013\u00a0soit les expressions de solidarit\u00e9 et d\u2019interaction humaine que l\u2019on a au cours de quelques milliers d\u2019ann\u00e9es progressivement institutionnalis\u00e9es dans le concept de contrat&#160;\u00bb (Zuboff, 2020, p.\u00a0300-301). La multidimensionnalit\u00e9 des probl\u00e8mes en jeu, les tensions entre des pistes et int\u00e9r\u00eats \u00e9ventuellement contradictoires sont ainsi effac\u00e9es au profit de la \u00ab&#160;technoscience&#160;\u00bb (Latour 1987&#160;; pour une critique du terme lui-m\u00eame, voir Raynaud, 2015), orient\u00e9e vers la pr\u00e9dictibilit\u00e9 des comportements individuels et la minimisation du risque, deux imp\u00e9ratifs qui s\u2019accommodent mal de la d\u00e9mocratie. Les domaines de l\u2019enseignement (\u00e0 travers APB puis Parcoursup par exemple), de la sant\u00e9 (Rialle, 2021), de la police (Sandhu et Fussey, 2021) et de la justice (Zavr\u0161nik, 2021), jusqu\u2019\u00e0 nos conversations et nos choix quotidiens (Ertzscheid, 2020) sont pourtant aujourd\u2019hui outill\u00e9s par des dispositifs (outils d\u2019aide \u00e0 la prise de d\u00e9cision, plateformes de service et r\u00e9seaux socio-num\u00e9riques) r\u00e9gis par le <em>big data<\/em>, l\u2019intelligence artificielle et les langages algorithmiques ma\u00eetris\u00e9s par une seule \u00e9lite techno-culturelle (Badouard, 2020) et \u00e9chappant la plupart du temps au contr\u00f4le d\u00e9mocratique.<\/p>\n<p class=\"texte\">Ces processus algorithmiques, r\u00e9gis par le code informatique bien plus que par la langue, sont tr\u00e8s difficiles \u00e0 appr\u00e9hender par l\u2019analyse de discours. Les contributions pourront donc plut\u00f4t s\u2019attacher \u00e0 identifier les discours pr\u00e9sentant ou accompagnant le d\u00e9veloppement de ces dispositifs, des donn\u00e9es utilis\u00e9es pour leur apprentissage \u00e0 l\u2019appr\u00e9hension de leurs r\u00e9sultats, en passant par les interfaces produites pour leurs usages. Les logiques argumentatives de ces discours peuvent alors \u00eatre ancr\u00e9es dans l\u2019in\u00e9luctabilit\u00e9 et la d\u00e9sirabilit\u00e9 du progr\u00e8s technologique, la fiabilit\u00e9 et les gains de performance de ces technologies, voire l\u2019affranchissement des lourdeurs et complexit\u00e9s d\u2019une gestion humaine des sujets d\u2019int\u00e9r\u00eat g\u00e9n\u00e9ral, formant ce qu\u2019Ariel Kyrou (2015) nomme un \u00ab&#160;populisme high-tech&#160;\u00bb. Elles pourront \u00e9galement viser \u00e0 identifier les marques et modalit\u00e9s discursives de l\u2019adaptation des individus et groupes sociaux aux logiques algorithmiques encadrant nos \u00ab&#160;vies sociolangagi\u00e8res connect\u00e9es&#160;\u00bb (Paveau, 2019)&#160;: homophilie et circulation socio-affinitaire des \u00e9nonc\u00e9s, m\u00e9triques de performance, enchev\u00eatrement d\u2019\u00e9nonc\u00e9s d\u00e9\/re\/contextualis\u00e9s, etc. Ces contributions permettront alors de mieux saisir les effets politico-discursifs de m\u00e9canismes suppos\u00e9ment apolitiques, mais surd\u00e9terminant une partie de plus en plus importante des rapports sociaux.<\/p>\n<h2 class=\"texte\">R\u00e9f\u00e9rences<\/h2>\n<p class=\"paragraphesansretrait\">Badouard Romain, 2020, <em>Les nouvelles lois du web&#160;: mod\u00e9ration et censure<\/em>, Paris, Le Seuil.<\/p>\n<p class=\"paragraphesansretrait\">Bassoni Marc, 2020, \u00ab&#160;Infotainment [info-divertissement]&#160;: vers une reconfiguration de l\u2019espace m\u00e9diatique&#160;?&#160;\u00bb, Communication \u00e0 la semaine de la presse, Aix-en-Provence, Bureau des m\u00e9dias de Sciences\u00a0Po Aix, hal-02495482.<\/p>\n<p class=\"paragraphesansretrait\">Bourdieu Pierre, 1982, <em>Ce que parler veut dire<\/em>, Paris, Fayard.<\/p>\n<p class=\"paragraphesansretrait\">Brants Kees, 2003, \u00ab&#160;De l\u2019art de rendre la politique populaire\u2026&#160;: Ou \u00ab&#160;qui a peur de l\u2019infotainment&#160;?&#160;\u00bb, <em>R\u00e9seaux<\/em>, n<sup>o<\/sup>\u00a0118, p.\u00a0135-166, <a href=\"https:\/\/www.cairn.info\/revue-reseaux1-2003-2-page-135.htm\">https:\/\/www.cairn.info\/\u200brevue-reseaux1-2003-2-page-135.htm<\/a><\/p>\n<p class=\"paragraphesansretrait\">Cardon Dominique, 2015, <em>\u00c0 quoi r\u00eavent les algorithmes&#160;? Nos vies \u00e0 l\u2019heure des big data<\/em>, Paris, Le Seuil.<\/p>\n<p class=\"paragraphesansretrait\">CNRTL, 2012, \u00ab&#160;D\u00e9politisation&#160;\u00bb, <em>Tr\u00e9sor de la langue fran\u00e7aise informatis\u00e9<\/em>, Nancy, CNRTL, <a href=\"https:\/\/www.cnrtl.fr\/definition\/d%C3%A9politisation\">https:\/\/www.cnrtl.fr\/\u200bdefinition\/\u200bd\u00e9politisation<\/a><\/p>\n<p class=\"paragraphesansretrait\">Comby Jean-Baptiste, 2009, \u00ab&#160;Quand l\u2019environnement devient \u201cm\u00e9diatique\u201d&#160;: Conditions et effets de l\u2019institutionnalisation d\u2019une sp\u00e9cialit\u00e9 journalistique&#160;\u00bb, <em>R\u00e9seaux<\/em>, n<sup>o<\/sup>\u00a0157-158, p.\u00a0157-190, <a href=\"https:\/\/doi.org\/10.3917\/res.157.0157\" name=\"SMASHVisited\">https:\/\/doi.org\/\u200b10.3917\/\u200bres.157.0157<\/a><a class=\"smash-link\" href=\"https:\/\/sh2hh6qx2e.search.serialssolutions.com\/?rft_id=info:doi\/10.3917\/res.157.0157&amp;sid=lama-browser-addon\" target=\"_blank\" rel=\"noopener\" name=\"SMASHLink\"> SMASH<\/a><\/p>\n<p class=\"paragraphesansretrait\">Cuss\u00f3 Roser, Gobin Corinne, 2008, \u00ab&#160;Du discours politique au discours expert&#160;: le changement politique mis hors d\u00e9bat&#160;?&#160;\u00bb, <em>Mots. Les langages du politique<\/em>, n<sup>o<\/sup>\u00a088, p.\u00a05-11, <a href=\"https:\/\/doi.org\/10.4000\/mots.14203\" name=\"SMASHVisited\">https:\/\/doi.org\/\u200b10.4000\/\u200bmots.14203<\/a><a class=\"smash-link\" href=\"https:\/\/sh2hh6qx2e.search.serialssolutions.com\/?rft_id=info:doi\/10.4000\/mots.14203&amp;sid=lama-browser-addon\" target=\"_blank\" rel=\"noopener\" name=\"SMASHLink\"> SMASH<\/a><\/p>\n<p class=\"paragraphesansretrait\">Dab\u00e8ne Olivier, Geisser Vincent, Massardier Gilles, 2008, <em>Autoritarismes d\u00e9mocratiques et d\u00e9mocraties autoritaires au XXI<\/em><sup><em>e<\/em><\/sup><em>\u00a0si\u00e8cle<\/em>, Paris, La D\u00e9couverte.<\/p>\n<p class=\"paragraphesansretrait\">Dakhlia Jamil, Lh\u00e9rault Marie, 2008, \u00ab&#160;Peopolisation et politique&#160;\u00bb, <em>Le Temps des m\u00e9dias<\/em>, n<sup>o<\/sup>\u00a010, p.\u00a08-12.<a href=\"https:\/\/doi.org\/10.3917\/tdm.010.0008\" name=\"SMASHVisited\"> <\/a><a class=\"smash-link\" href=\"https:\/\/sh2hh6qx2e.search.serialssolutions.com\/?rft_id=info:doi\/10.3917\/tdm.010.0008&amp;sid=lama-browser-addon\" target=\"_blank\" rel=\"noopener\" name=\"SMASHLink\"> SMASH<\/a><a href=\"https:\/\/doi.org\/10.3917\/tdm.010.0008\" name=\"SMASHVisited\">https:\/\/doi.org\/\u200b10.3917\/\u200btdm.010.0008<\/a><a class=\"smash-link\" href=\"https:\/\/sh2hh6qx2e.search.serialssolutions.com\/?rft_id=info:doi\/10.3917\/tdm.010.0008&amp;sid=lama-browser-addon\" target=\"_blank\" rel=\"noopener\" name=\"SMASHLink\"> SMASH<\/a><\/p>\n<p class=\"paragraphesansretrait\">Delporte Christian, Blandin Claire, Robinet Fran\u00e7ois, 2016, \u00ab&#160;Chapitre\u00a06. Le d\u00e9clin de la presse quotidienne&#160;\u00bb, dans C. \u00a0Delporte, C.\u00a0Blandin et F.\u00a0Robinet \u00e9d., <em>Histoire de la presse en France&#160;: XX<\/em><sup><em>e<\/em><\/sup><em>-XXI<\/em><sup><em>e<\/em><\/sup><em>\u00a0si\u00e8cles<\/em>, Paris, Armand Colin, p.\u00a0175-194, <a href=\"https:\/\/www.cairn.info\/histoire-de-la-presse-en-france--9782200613327.htm\">https:\/\/www.cairn.info\/\u200bhistoire-de-la-presse-en-france&#8211;9782200613327.htm<\/a><\/p>\n<p class=\"paragraphesansretrait\">Desterbecq Jo\u00eblle, 2015, <em>La peopolisation politique&#160;: Analyse en Belgique, France et Grande-Bretagne<\/em>, Louvain-la-Neuve, De Boeck.<\/p>\n<p class=\"paragraphesansretrait\">Ertzscheid Olivier, 2020, <em>Le monde selon Zuckerberg&#160;: portraits et pr\u00e9judices<\/em>, Caen, C&amp;F \u00c9ditions.<\/p>\n<p class=\"paragraphesansretrait\">Ficet Jo\u00ebl, Fallon Catherine, 2017, <em>Crise de la d\u00e9mocratie et nouveau management public&#160;: Discours, pratiques, instruments<\/em>, Louvain-la-Neuve, Acad\u00e9mia.<\/p>\n<p class=\"paragraphesansretrait\">Foucault Michel, 2004, <em>S\u00e9curit\u00e9, territoire, population. Cours au Coll\u00e8ge de France (1977-1978)<\/em>, Paris, Gallimard\/Le Seuil.<\/p>\n<p class=\"paragraphesansretrait\">Gilbert Claude, Henry Emmanuel, 2021, \u00ab&#160;Crises sanitaires et mise en quarantaine de la politique&#160;\u00bb, dans C.\u00a0Robert \u00e9d., <em>Confiner la de\u0301mocratie. Les de\u0301politisations de l\u2019action publique<\/em>, Villeneuve-d\u2019Ascq, Presses universitaires du Septentrion, p.\u00a0109-131.<\/p>\n<p class=\"paragraphesansretrait\">Kantar, 2021, \u00ab&#160;Barom\u00e8tre 2021 de la confiance des Fran\u00e7ais dans les media&#160;\u00bb, Kantar, <a href=\"https:\/\/www.kantar.com\/fr\/inspirations\/publicite-medias-et-rp\/2021-barometre-de-la-confiance-des-francais-dans-les-media\">https:\/\/www.kantar.com\/\u200bfr\/\u200binspirations\/\u200bpublicite-medias-et-rp\/\u200b2021-barometre-de-la-confiance-des-francais-dans-les-media<\/a><\/p>\n<p class=\"paragraphesansretrait\"><span lang=\"en\" xml:lang=\"en\">Kirchheimer<\/span><span lang=\"en\" xml:lang=\"en\"> Otto, 1966, \u00ab&#160;The transformation of Western European party systems&#160;\u00bb, dans J.\u00a0La\u00a0Palombara et M.\u00a0Weiner \u00e9d., <\/span><em><span lang=\"en\" xml:lang=\"en\">Political Parties and Political Development<\/span><\/em><span lang=\"en\" xml:lang=\"en\">, New Jersey, Princeton University Press, p.\u00a0177-200.<\/span><\/p>\n<p class=\"paragraphesansretrait\">Koren Roselyne, 2004, \u00ab&#160;Argumentation, enjeux et pratique de \u201cl\u2019engagement neutre\u201d&#160;: le cas de l\u2019\u00e9criture de presse&#160;\u00bb, <em>Semen<\/em>, n<sup>o<\/sup>\u00a017, <a href=\"https:\/\/doi.org\/10.4000\/semen.2308\" name=\"SMASHVisited\">https:\/\/doi.org\/\u200b10.4000\/\u200bsemen.2308<\/a><a class=\"smash-link\" href=\"https:\/\/sh2hh6qx2e.search.serialssolutions.com\/?rft_id=info:doi\/10.4000\/semen.2308&amp;sid=lama-browser-addon\" target=\"_blank\" rel=\"noopener\" name=\"SMASHLink\"> SMASH<\/a><\/p>\n<p class=\"paragraphesansretrait\">Kyrou Ariel, 2015, \u00ab&#160;<em>L\u2019ub\u00e9risation<\/em> est un populisme&#160;\u00bb, <em>Multitudes<\/em>, n<sup>o<\/sup>\u00a061, p.\u00a0106-113, <a href=\"https:\/\/doi.org\/10.3917\/mult.061.0106\" name=\"SMASHVisited\">https:\/\/doi.org\/\u200b10.3917\/\u200bmult.061.0106<\/a><a class=\"smash-link\" href=\"https:\/\/sh2hh6qx2e.search.serialssolutions.com\/?rft_id=info:doi\/10.3917\/mult.061.0106&amp;sid=lama-browser-addon\" target=\"_blank\" rel=\"noopener\" name=\"SMASHLink\"> SMASH<\/a><\/p>\n<p class=\"paragraphesansretrait\">La\u00a0Sala Urbain Salom\u00e9, 2013, \u00ab&#160;Le Petit Journal ou la s\u00e9duction de <em>l\u2019infotainment<\/em>&#160;\u00bb, <em>T\u00e9l\u00e9vision<\/em>, n<sup>o<\/sup>\u00a04, p.\u00a0105-123, <a href=\"https:\/\/doi.org\/10.3917\/telev.004.0105\" name=\"SMASHVisited\">https:\/\/doi.org\/\u200b10.3917\/\u200btelev.004.0105<\/a><a class=\"smash-link\" href=\"https:\/\/sh2hh6qx2e.search.serialssolutions.com\/?rft_id=info:doi\/10.3917\/telev.004.0105&amp;sid=lama-browser-addon\" target=\"_blank\" rel=\"noopener\" name=\"SMASHLink\"> SMASH<\/a><\/p>\n<p class=\"paragraphesansretrait\"><span lang=\"en\" xml:lang=\"en\">Latour<\/span><span lang=\"en\" xml:lang=\"en\"> Bruno, 1987, <\/span><em><span lang=\"en\" xml:lang=\"en\">Science in Action&#160;: How to Follow Scientists and Engineers through Society<\/span><\/em><span lang=\"en\" xml:lang=\"en\">, Cambridge, Mass,<\/span> <span lang=\"en\" xml:lang=\"en\">Harvard University Press.<\/span><\/p>\n<p class=\"paragraphesansretrait\"><span lang=\"en\" xml:lang=\"en\">Lessig<\/span><span lang=\"en\" xml:lang=\"en\"> Lawrence, 2000, \u00ab&#160;Code is law&#160;: On liberty in cyberspace&#160;\u00bb, <\/span><em><span lang=\"en\" xml:lang=\"en\">Harvard Magazine<\/span><\/em><span lang=\"en\" xml:lang=\"en\">, <\/span><a href=\"https:\/\/www.harvardmagazine.com\/2000\/01\/code-is-law-html\"><span lang=\"en\" xml:lang=\"en\">https:\/\/www.harvardmagazine.com\/\u200b2000\/\u200b01\/\u200bcode-is-law-html<\/span><\/a><\/p>\n<p class=\"paragraphesansretrait\">Monte Mich\u00e8le, Oger Claire, 2015, \u00ab&#160;La construction de l\u2019autorit\u00e9 en contexte. L\u2019effacement du dissensus dans les discours institutionnels&#160;\u00bb, <em>Mots. Les langages du politique<\/em>, n<sup>o<\/sup>\u00a0107, <a href=\"https:\/\/doi.org\/10.4000\/mots.21847\" name=\"SMASHVisited\">https:\/\/doi.org\/\u200b10.4000\/\u200bmots.21847<\/a><a class=\"smash-link\" href=\"https:\/\/sh2hh6qx2e.search.serialssolutions.com\/?rft_id=info:doi\/10.4000\/mots.21847&amp;sid=lama-browser-addon\" target=\"_blank\" rel=\"noopener\" name=\"SMASHLink\"> SMASH<\/a><\/p>\n<p class=\"paragraphesansretrait\">Neveu \u00c9rik, 2003, \u00ab&#160;De l\u2019art (et du co\u00fbt) d\u2019\u00e9viter la politique&#160;: la d\u00e9mocratie du talk-show version fran\u00e7aise (Ardisson, Drucker, Fogiel)&#160;\u00bb, <em>R\u00e9seaux<\/em>, n<sup>o<\/sup>\u00a0118, p.\u00a095-134, <a href=\"https:\/\/www.cairn.info\/revue-reseaux1-2003-2-page-95.htm\">https:\/\/www.cairn.info\/\u200brevue-reseaux1-2003-2-page-95.htm<\/a><\/p>\n<p class=\"paragraphesansretrait\">Nollet J\u00e9r\u00e9mie, Schott\u00e9 Manuel, 2014, \u00ab&#160;Journalisme et d\u00e9politisation&#160;\u00bb, <em>Savoir\/Agir<\/em>, n<sup>o<\/sup>\u00a028, p.\u00a09-11, <a href=\"https:\/\/doi.org\/10.3917\/sava.028.0009\" name=\"SMASHVisited\">https:\/\/doi.org\/\u200b10.3917\/\u200bsava.028.0009<\/a><a class=\"smash-link\" href=\"https:\/\/sh2hh6qx2e.search.serialssolutions.com\/?rft_id=info:doi\/10.3917\/sava.028.0009&amp;sid=lama-browser-addon\" target=\"_blank\" rel=\"noopener\" name=\"SMASHLink\"> SMASH<\/a><\/p>\n<p class=\"paragraphesansretrait\">No\u00fbs Camille, 2021, \u00ab&#160;Le n\u00e9o-management et ses mots&#160;: impositions, appropriations, contestations&#160;\u00bb, <em>Mots. Les langages du politique<\/em>, n<sup>o<\/sup>\u00a0126, p.\u00a09-13, <a href=\"https:\/\/doi.org\/10.4000\/mots.28228\" name=\"SMASHVisited\">https:\/\/doi.org\/\u200b10.4000\/\u200bmots.28228<\/a><a class=\"smash-link\" href=\"https:\/\/sh2hh6qx2e.search.serialssolutions.com\/?rft_id=info:doi\/10.4000\/mots.28228&amp;sid=lama-browser-addon\" target=\"_blank\" rel=\"noopener\" name=\"SMASHLink\"> SMASH<\/a><\/p>\n<p class=\"paragraphesansretrait\">Paveau Marie-Anne, 2019, \u00ab&#160;Introduction. \u00c9crire, parler, communiquer en ligne&#160;: nos vies sociolangagi\u00e8res connect\u00e9es&#160;\u00bb, <em>Langage et soci\u00e9t\u00e9<\/em>, n<sup>o<\/sup>\u00a0167, p.\u00a09-28. <a href=\"https:\/\/doi.org\/10.3917\/ls.167.0009\" name=\"SMASHVisited\">https:\/\/doi.org\/\u200b10.3917\/\u200bls.167.0009<\/a><a class=\"smash-link\" href=\"https:\/\/sh2hh6qx2e.search.serialssolutions.com\/?rft_id=info:doi\/10.3917\/ls.167.0009&amp;sid=lama-browser-addon\" target=\"_blank\" rel=\"noopener\" name=\"SMASHLink\"> SMASH<\/a><\/p>\n<p class=\"paragraphesansretrait\">Raynaud Dominique, 2015, \u00ab&#160;Note historique sur le mot \u201ctechnoscience\u201d&#160;\u00bb, <em>Zilzel<\/em>, <a href=\"https:\/\/zilsel.hypotheses.org\/1875\">https:\/\/zilsel.hypotheses.org\/\u200b1875<\/a><\/p>\n<p class=\"paragraphesansretrait\">Renard Camille, 2017, \u00ab&#160;Absention&#160;: 50\u00a0ans de mont\u00e9e vers les sommets&#160;\u00bb, France Culture, <a href=\"https:\/\/www.franceculture.fr\/politique\/abstention-50-ans-de-montee-vers-les-sommets\">https:\/\/www.franceculture.fr\/\u200bpolitique\/\u200babstention-50-ans-de-montee-vers-les-sommets<\/a><\/p>\n<p class=\"paragraphesansretrait\">Rialle Vincent, 2021, \u00ab&#160;Du r\u00eave technoscientifique d\u2019hier aux r\u00e9alit\u00e9s d\u2019aujourd\u2019hui&#160;: l\u2019intelligence artificielle pour la sant\u00e9 entre horreur et enchantement&#160;\u00bb, <em>Droit, Sant\u00e9 et Soci\u00e9t\u00e9<\/em>, n<sup>o<\/sup>\u00a02, p.\u00a028-35, <a href=\"https:\/\/www.cairn.info\/revue-droit-sante-et-societe-2021-2-page-28.html\">https:\/\/www.cairn.info\/\u200brevue-droit-sante-et-societe-2021-2-page-28.html<\/a><\/p>\n<p class=\"paragraphesansretrait\">Robert C\u00e9cile \u00e9d., 2021, <em>Confiner la de\u0301mocratie. Les de\u0301politisations de l\u2019action publique<\/em>, Villeneuve-d\u2019Ascq, Presses universitaires du Septentrion.<\/p>\n<p class=\"paragraphesansretrait\">Rouvroy Antoinette, Berns Thomas, 2013, \u00ab&#160;Gouvernementalit\u00e9 algorithmique et perspectives d\u2019\u00e9mancipation&#160;: le disparate comme condition d\u2019individuation par la relation&#160;?&#160;\u00bb, <em>R\u00e9seaux<\/em>, n<sup>o<\/sup>\u00a0177, p.\u00a0163-196,<a href=\"https:\/\/doi.org\/10.3917\/res.177.0163\" name=\"SMASHVisited\"> <\/a><a class=\"smash-link\" href=\"https:\/\/sh2hh6qx2e.search.serialssolutions.com\/?rft_id=info:doi\/10.3917\/res.177.0163&amp;sid=lama-browser-addon\" target=\"_blank\" rel=\"noopener\" name=\"SMASHLink\"> SMASH<\/a><a href=\"https:\/\/doi.org\/10.3917\/res.177.0163\" name=\"SMASHVisited\">https:\/\/doi.org\/\u200b10.3917\/\u200bres.177.0163<\/a><a class=\"smash-link\" href=\"https:\/\/sh2hh6qx2e.search.serialssolutions.com\/?rft_id=info:doi\/10.3917\/res.177.0163&amp;sid=lama-browser-addon\" target=\"_blank\" rel=\"noopener\" name=\"SMASHLink\"> SMASH<\/a><\/p>\n<p class=\"paragraphesansretrait\"><span lang=\"en\" xml:lang=\"en\">Sandhu<\/span><span lang=\"en\" xml:lang=\"en\"> Ajay, <\/span><span lang=\"en\" xml:lang=\"en\">Fussey<\/span><span lang=\"en\" xml:lang=\"en\"> Peter, 2021, \u00ab&#160;The \u2018uberization of policing\u2019&#160;? How police negotiate and operationalise predictive policing technology&#160;\u00bb, <\/span><em><span lang=\"en\" xml:lang=\"en\">Policing and Society<\/span><\/em><span lang=\"en\" xml:lang=\"en\">, n<\/span><sup><span lang=\"en\" xml:lang=\"en\">o<\/span><\/sup><span lang=\"en\" xml:lang=\"en\">\u00a031, p.\u00a066-81.<\/span><\/p>\n<p class=\"paragraphesansretrait\">Schafer Val\u00e9rie, 2012, \u00ab&#160;Internet, l\u2019illusion d\u00e9mocratique. De la \u201cR\u00e9publique des ing\u00e9nieurs\u201d \u00e0 la gouvernance (1968-2011)&#160;\u00bb, dans A.\u00a0Coutant \u00e9d., <em>Internet et Politique<\/em>, Paris, CNRS \u00c9ditions.<\/p>\n<p class=\"paragraphesansretrait\">Serrano Yeny, 2007, \u00ab&#160;L\u2019\u201cobjectivit\u00e9\u201d journalistique&#160;: droit des citoyens, devoir des journalistes&#160;?&#160;\u00bb, <em>Les Cahiers de Psychologie politique<\/em>, n<sup>o<\/sup>\u00a010.<\/p>\n<p class=\"paragraphesansretrait\">Sonnac Nathalie, 2006, \u00ab&#160;M\u00e9dias et publicit\u00e9 ou les cons\u00e9quences d\u2019une interaction entre deux march\u00e9s&#160;\u00bb, <em>Le Temps des m\u00e9dias<\/em>, n<sup>o<\/sup>\u00a06, p.\u00a049-58, <a href=\"https:\/\/doi.org\/10.3917\/tdm.006.0049\" name=\"SMASHVisited\">https:\/\/doi.org\/\u200b10.3917\/\u200btdm.006.0049<\/a><a class=\"smash-link\" href=\"https:\/\/sh2hh6qx2e.search.serialssolutions.com\/?rft_id=info:doi\/10.3917\/tdm.006.0049&amp;sid=lama-browser-addon\" target=\"_blank\" rel=\"noopener\" name=\"SMASHLink\"> SMASH<\/a>.<\/p>\n<p class=\"paragraphesansretrait\">Stiegler Barbara, 2021, <em>De la d\u00e9mocratie en Pand\u00e9mie&#160;: sant\u00e9, recherche, \u00e9ducation<\/em>, Paris, Gallimard.<\/p>\n<p class=\"paragraphesansretrait\">Truc G\u00e9r\u00f4me, Le Bart Christian, N\u00e9e \u00c9milie, 2018, \u00ab&#160;L\u2019attentat comme objet de discours&#160;: probl\u00e9matique et enjeux&#160;\u00bb, <em>Mots. Les langages du politique<\/em>, n\u00b0\u00a0118, <a href=\"https:\/\/doi.org\/10.4000\/mots.23683\" name=\"SMASHVisited\">https:\/\/doi.org\/\u200b10.4000\/\u200bmots.23683<\/a><a class=\"smash-link\" href=\"https:\/\/sh2hh6qx2e.search.serialssolutions.com\/?rft_id=info:doi\/10.4000\/mots.23683&amp;sid=lama-browser-addon\" target=\"_blank\" rel=\"noopener\" name=\"SMASHLink\"> SMASH<\/a><\/p>\n<p class=\"paragraphesansretrait\">Vandevelde-Rougale Agn\u00e8s, 2017, <em>La novlangue manag\u00e9riale&#160;: Emprise et r\u00e9sistance<\/em>, Toulouse, \u00c9r\u00e8s.<\/p>\n<p class=\"paragraphesansretrait\">Vignon S\u00e9bastien, 2021, \u00ab&#160;Les usages politiques int\u00e9ress\u00e9s d\u2019un label&#160;: l\u2019apolitisme des maires ruraux&#160;\u00bb, dans C. Robert \u00e9d., <em>Confiner la de\u0301mocratie. Les de\u0301politisations de l\u2019action publique<\/em>, Villeneuve-d\u2019Ascq, Presses universitaires du Septentrion, p.\u00a0133-160.<\/p>\n<p class=\"paragraphesansretrait\"><span lang=\"en\" xml:lang=\"en\">Zavr\u0161nik<\/span><span lang=\"en\" xml:lang=\"en\"> Ale\u0161, 2021, \u00ab&#160;Algorithmic justice&#160;: Algorithms and big data in criminal justice settings&#160;\u00bb, <\/span><em><span lang=\"en\" xml:lang=\"en\">European Journal of criminology<\/span><\/em><span lang=\"en\" xml:lang=\"en\">, n<\/span><sup><span lang=\"en\" xml:lang=\"en\">o<\/span><\/sup><span lang=\"en\" xml:lang=\"en\">\u00a018, p.\u00a0623-642.<\/span><\/p>\n<p class=\"paragraphesansretrait\">Zuboff Shoshana, 2020, <em>L\u2019\u00e2ge du capitalisme de surveillance<\/em>, Paris, Zulma.<\/p>\n<h2 class=\"texte\">Modalit\u00e9s de soumission<\/h2>\n<p class=\"texte\">Les auteures et auteurs devront soumettre aux coordinatrices et coordinateur, avant le <strong>1<\/strong><sup><strong>er<\/strong><\/sup><strong>\u00a0juin 2022<\/strong>, un avant-projet (3\u00a0000\u00a0signes maximum tout compris), dont l\u2019acceptation vaudra encouragement mais non pas engagement de publication.<\/p>\n<p class=\"texte\">Les articles, originaux, devront \u00eatre adress\u00e9s aux coordinatrices et coordinateurs <strong>avant le 15\u00a0f\u00e9vrier 2023<\/strong> (maximum 45\u00a0000\u00a0signes tout compris). Conform\u00e9ment aux r\u00e8gles habituelles de la revue, elles seront pr\u00e9alablement examin\u00e9es par les coordinatrices et coordinateur du dossier, puis soumises \u00e0 l\u2019\u00e9valuation doublement anonyme de trois lecteurs fran\u00e7ais ou \u00e9trangers de diff\u00e9rentes disciplines. Les r\u00e9ponses aux propositions de contributions seront donn\u00e9es \u00e0 leurs auteurs au plus tard <strong>\u00e0 la fin du mois de juin 2023<\/strong>, apr\u00e8s d\u00e9lib\u00e9ration du comit\u00e9 \u00e9ditorial. La version d\u00e9finitive des articles devra \u00eatre remise aux coordinatrices et coordinateurs avant la fin du mois de <strong>septembre 2023<\/strong>.<\/p>\n<p class=\"texte\">Les textes devront respecter les r\u00e8gles de pr\u00e9sentation habituellement appliqu\u00e9es par la revue (voir <a href=\"https:\/\/journals.openedition.org\/mots\/76\">https:\/\/journals.openedition.org\/\u200bmots\/\u200b76<\/a>). Ils devront \u00eatre accompagn\u00e9s d\u2019un r\u00e9sum\u00e9 de cinq lignes et de cinq mots-cl\u00e9s qui, comme le titre de l\u2019article, devront \u00e9galement \u00eatre traduits en anglais et en espagnol.<\/p>\n<h2 class=\"texte\">Coordinatrices et coordinateurs<\/h2>\n<ul>\n<li class=\"texte\">Val\u00e9rie Bonnet&#160;: <a href=\"mailto:valerie.bonnet@free.fr\">valerie.bonnet@free.fr<\/a><\/li>\n<li class=\"texte\"><span lang=\"en\" xml:lang=\"en\">Emmanuel Marty&#160;: <\/span><a href=\"mailto:emmanuel.marty@univ-grenoble-alpes.fr\"><span lang=\"en\" xml:lang=\"en\">emmanuel.marty@univ-grenoble-alpes.fr<\/span><\/a><\/li>\n<li class=\"texte\">C\u00e9cile Robert&#160;: <a href=\"mailto:cecile.robert@sciencespo-lyon.fr\">cecile.robert@sciencespo-lyon.fr<\/a><\/li>\n<\/ul><\/div>\n<div class=\"zn-singledetail-keywords\">\n<h3 class=\"zn-singledetail-section-title\">Mots-cl\u00e9s<\/h3>\n<ul class=\"termslist termslist-post_tag\">\n<li class=\"termslist-item termslist-title\"><span class=\"termslist-titletxt\">Mots-cl\u00e9s<\/span><span class=\"doubledot\"><\/span><\/li>\n<li class=\"termslist-item tax-post_tag term-discours\"><a class=\"termslist-itemlink\" href=\"https:\/\/www.sfsic.org\/en\/tag\/discourse\/\" title=\"Discours\"><span class=\"termslist-itemname\">Discours<\/span><\/a><\/li>\n<li class=\"termslist-item tax-post_tag term-media\"><a class=\"termslist-itemlink\" href=\"https:\/\/www.sfsic.org\/en\/tag\/media-en\/\" title=\"m\u00e9dia\"><span class=\"termslist-itemname\">m\u00e9dia<\/span><\/a><\/li>\n<li class=\"termslist-item tax-post_tag term-numerique\"><a class=\"termslist-itemlink\" href=\"https:\/\/www.sfsic.org\/en\/tag\/digital\/\" title=\"Num\u00e9rique\"><span class=\"termslist-itemname\">Num\u00e9rique<\/span><\/a><\/li>\n<li class=\"termslist-item tax-post_tag term-politique\"><a class=\"termslist-itemlink\" href=\"https:\/\/www.sfsic.org\/en\/tag\/politics\/\" title=\"Politique\"><span class=\"termslist-itemname\">Politique<\/span><\/a><\/li>\n<\/ul><\/div>\n<\/p><\/div>\n<\/p><\/div>\n<\/p><\/div>\n<\/p><\/div>\n<\/div>\n<p><!-- \/fxzn:singledetail --><\/p>\n","protected":false},"excerpt":{"rendered":"<p>Mis en ligne le 9 avril 2022 Th\u00e9matiques Communication publique et politique Information, documents et \u00e9critures M\u00e9dias et journalisme R\u00e9ponse attendue pour le 02\/06\/2022 Type de r\u00e9ponse R\u00e9sum\u00e9 Type de [&hellip;]<\/p>\n","protected":false},"author":781,"featured_media":0,"comment_status":"closed","ping_status":"closed","sticky":false,"template":"","format":"standard","meta":{"_acf_changed":false,"footnotes":""},"categories":[28,60],"tags":[469,46,90,190],"thematique":[36,40,34],"sfsic":[],"class_list":["post-23951","post","type-post","status-publish","format-standard","hentry","category-aac-publication","category-article","tag-discours","tag-media","tag-numerique","tag-politique","thematique-communication-publique-et-politique","thematique-information-documents-et-ecritures","thematique-medias-et-journalisme","wp-sticky"],"acf":[],"yoast_head":"<!-- This site is optimized with the Yoast SEO plugin v27.4 - https:\/\/yoast.com\/product\/yoast-seo-wordpress\/ -->\n<title>M\u00e9caniques de la d\u00e9politisation : lexiques, rh\u00e9toriques et dynamiques discursives<\/title>\n<meta name=\"description\" content=\"La revue Mots. Les langages du politique lance un appel \u00e0 articles pour son num\u00e9ro 134 coordonn\u00e9 par Val\u00e9rie Bonnet, Emmanuel Marty et C\u00e9cile Robert, et qui traite de la th\u00e9matique &quot;M\u00e9caniques de la d\u00e9politisation : lexiques, rh\u00e9toriques et dynamiques discursives&quot;.\" \/>\n<meta name=\"robots\" content=\"index, follow, max-snippet:-1, max-image-preview:large, max-video-preview:-1\" \/>\n<link rel=\"canonical\" href=\"https:\/\/www.sfsic.org\/en\/aac-publication\/mecaniques-de-la-depolitisation-lexiques-rhetoriques-et-dynamiques-discursives\/\" \/>\n<meta property=\"og:locale\" content=\"en_US\" \/>\n<meta property=\"og:type\" content=\"article\" \/>\n<meta property=\"og:title\" content=\"M\u00e9caniques de la d\u00e9politisation : lexiques, rh\u00e9toriques et dynamiques discursives\" \/>\n<meta property=\"og:description\" content=\"La revue Mots. Les langages du politique lance un appel \u00e0 articles pour son num\u00e9ro 134 coordonn\u00e9 par Val\u00e9rie Bonnet, Emmanuel Marty et C\u00e9cile Robert, et qui traite de la th\u00e9matique &quot;M\u00e9caniques de la d\u00e9politisation : lexiques, rh\u00e9toriques et dynamiques discursives&quot;.\" \/>\n<meta property=\"og:url\" content=\"https:\/\/www.sfsic.org\/en\/aac-publication\/mecaniques-de-la-depolitisation-lexiques-rhetoriques-et-dynamiques-discursives\/\" \/>\n<meta property=\"og:site_name\" content=\"SFSIC\" \/>\n<meta property=\"article:published_time\" content=\"2022-04-09T12:15:28+00:00\" \/>\n<meta name=\"author\" content=\"Axelle Martin\" \/>\n<meta name=\"twitter:card\" content=\"summary_large_image\" \/>\n<script type=\"application\/ld+json\" class=\"yoast-schema-graph\">{\"@context\":\"https:\\\/\\\/schema.org\",\"@graph\":[{\"@type\":\"Article\",\"@id\":\"https:\\\/\\\/www.sfsic.org\\\/en\\\/aac-publication\\\/mecaniques-de-la-depolitisation-lexiques-rhetoriques-et-dynamiques-discursives\\\/#article\",\"isPartOf\":{\"@id\":\"https:\\\/\\\/www.sfsic.org\\\/en\\\/aac-publication\\\/mecaniques-de-la-depolitisation-lexiques-rhetoriques-et-dynamiques-discursives\\\/\"},\"author\":{\"name\":\"Axelle Martin\",\"@id\":\"https:\\\/\\\/www.sfsic.org\\\/en\\\/#\\\/schema\\\/person\\\/d3606993477708f4359fb9aeda58df3b\"},\"headline\":\"M\u00e9caniques de la d\u00e9politisation : lexiques, rh\u00e9toriques et dynamiques discursives\",\"datePublished\":\"2022-04-09T12:15:28+00:00\",\"mainEntityOfPage\":{\"@id\":\"https:\\\/\\\/www.sfsic.org\\\/en\\\/aac-publication\\\/mecaniques-de-la-depolitisation-lexiques-rhetoriques-et-dynamiques-discursives\\\/\"},\"wordCount\":4009,\"publisher\":{\"@id\":\"https:\\\/\\\/www.sfsic.org\\\/en\\\/#organization\"},\"keywords\":[\"Discours\",\"m\u00e9dia\",\"Num\u00e9rique\",\"Politique\"],\"articleSection\":[\"AAC Publications\",\"Article\"],\"inLanguage\":\"en-US\"},{\"@type\":\"WebPage\",\"@id\":\"https:\\\/\\\/www.sfsic.org\\\/en\\\/aac-publication\\\/mecaniques-de-la-depolitisation-lexiques-rhetoriques-et-dynamiques-discursives\\\/\",\"url\":\"https:\\\/\\\/www.sfsic.org\\\/en\\\/aac-publication\\\/mecaniques-de-la-depolitisation-lexiques-rhetoriques-et-dynamiques-discursives\\\/\",\"name\":\"M\u00e9caniques de la d\u00e9politisation : lexiques, rh\u00e9toriques et dynamiques discursives\",\"isPartOf\":{\"@id\":\"https:\\\/\\\/www.sfsic.org\\\/en\\\/#website\"},\"datePublished\":\"2022-04-09T12:15:28+00:00\",\"description\":\"La revue Mots. Les langages du politique lance un appel \u00e0 articles pour son num\u00e9ro 134 coordonn\u00e9 par Val\u00e9rie Bonnet, Emmanuel Marty et C\u00e9cile Robert, et qui traite de la th\u00e9matique \\\"M\u00e9caniques de la d\u00e9politisation : lexiques, rh\u00e9toriques et dynamiques discursives\\\".\",\"breadcrumb\":{\"@id\":\"https:\\\/\\\/www.sfsic.org\\\/en\\\/aac-publication\\\/mecaniques-de-la-depolitisation-lexiques-rhetoriques-et-dynamiques-discursives\\\/#breadcrumb\"},\"inLanguage\":\"en-US\",\"potentialAction\":[{\"@type\":\"ReadAction\",\"target\":[\"https:\\\/\\\/www.sfsic.org\\\/en\\\/aac-publication\\\/mecaniques-de-la-depolitisation-lexiques-rhetoriques-et-dynamiques-discursives\\\/\"]}]},{\"@type\":\"BreadcrumbList\",\"@id\":\"https:\\\/\\\/www.sfsic.org\\\/en\\\/aac-publication\\\/mecaniques-de-la-depolitisation-lexiques-rhetoriques-et-dynamiques-discursives\\\/#breadcrumb\",\"itemListElement\":[{\"@type\":\"ListItem\",\"position\":1,\"name\":\"Accueil\",\"item\":\"https:\\\/\\\/www.sfsic.org\\\/en\\\/\"},{\"@type\":\"ListItem\",\"position\":2,\"name\":\"Calls for Papers\",\"item\":\"https:\\\/\\\/www.sfsic.org\\\/en\\\/cfp-publication\\\/\"},{\"@type\":\"ListItem\",\"position\":3,\"name\":\"Article\",\"item\":\"https:\\\/\\\/www.sfsic.org\\\/en\\\/cfp-publication\\\/article-en\\\/\"},{\"@type\":\"ListItem\",\"position\":4,\"name\":\"M\u00e9caniques de la d\u00e9politisation&#160;: lexiques, rh\u00e9toriques et dynamiques discursives\"}]},{\"@type\":\"WebSite\",\"@id\":\"https:\\\/\\\/www.sfsic.org\\\/en\\\/#website\",\"url\":\"https:\\\/\\\/www.sfsic.org\\\/en\\\/\",\"name\":\"SFSIC\",\"description\":\"Soci\u00e9t\u00e9 Fran\u00e7aise des Sciences de l&#039;Information &amp; de la Communication\",\"publisher\":{\"@id\":\"https:\\\/\\\/www.sfsic.org\\\/en\\\/#organization\"},\"potentialAction\":[{\"@type\":\"SearchAction\",\"target\":{\"@type\":\"EntryPoint\",\"urlTemplate\":\"https:\\\/\\\/www.sfsic.org\\\/en\\\/?s={search_term_string}\"},\"query-input\":{\"@type\":\"PropertyValueSpecification\",\"valueRequired\":true,\"valueName\":\"search_term_string\"}}],\"inLanguage\":\"en-US\"},{\"@type\":\"Organization\",\"@id\":\"https:\\\/\\\/www.sfsic.org\\\/en\\\/#organization\",\"name\":\"SFSIC\",\"url\":\"https:\\\/\\\/www.sfsic.org\\\/en\\\/\",\"logo\":{\"@type\":\"ImageObject\",\"inLanguage\":\"en-US\",\"@id\":\"https:\\\/\\\/www.sfsic.org\\\/en\\\/#\\\/schema\\\/logo\\\/image\\\/\",\"url\":\"https:\\\/\\\/www.sfsic.org\\\/wp-inside\\\/uploads\\\/2020\\\/05\\\/logo-sfsic.jpg\",\"contentUrl\":\"https:\\\/\\\/www.sfsic.org\\\/wp-inside\\\/uploads\\\/2020\\\/05\\\/logo-sfsic.jpg\",\"width\":1085,\"height\":1080,\"caption\":\"SFSIC\"},\"image\":{\"@id\":\"https:\\\/\\\/www.sfsic.org\\\/en\\\/#\\\/schema\\\/logo\\\/image\\\/\"}},{\"@type\":\"Person\",\"@id\":\"https:\\\/\\\/www.sfsic.org\\\/en\\\/#\\\/schema\\\/person\\\/d3606993477708f4359fb9aeda58df3b\",\"name\":\"Axelle Martin\",\"image\":{\"@type\":\"ImageObject\",\"inLanguage\":\"en-US\",\"@id\":\"https:\\\/\\\/secure.gravatar.com\\\/avatar\\\/1065035eb5e480668fbf77e163c2e86f81ac342eaad4c8783acdf4a63f3c917b?s=96&d=mm&r=g\",\"url\":\"https:\\\/\\\/secure.gravatar.com\\\/avatar\\\/1065035eb5e480668fbf77e163c2e86f81ac342eaad4c8783acdf4a63f3c917b?s=96&d=mm&r=g\",\"contentUrl\":\"https:\\\/\\\/secure.gravatar.com\\\/avatar\\\/1065035eb5e480668fbf77e163c2e86f81ac342eaad4c8783acdf4a63f3c917b?s=96&d=mm&r=g\",\"caption\":\"Axelle Martin\"},\"sameAs\":[\"@antropocominside\"]}]}<\/script>\n<!-- \/ Yoast SEO plugin. -->","yoast_head_json":{"title":"M\u00e9caniques de la d\u00e9politisation : lexiques, rh\u00e9toriques et dynamiques discursives","description":"La revue Mots. Les langages du politique lance un appel \u00e0 articles pour son num\u00e9ro 134 coordonn\u00e9 par Val\u00e9rie Bonnet, Emmanuel Marty et C\u00e9cile Robert, et qui traite de la th\u00e9matique \"M\u00e9caniques de la d\u00e9politisation : lexiques, rh\u00e9toriques et dynamiques discursives\".","robots":{"index":"index","follow":"follow","max-snippet":"max-snippet:-1","max-image-preview":"max-image-preview:large","max-video-preview":"max-video-preview:-1"},"canonical":"https:\/\/www.sfsic.org\/en\/aac-publication\/mecaniques-de-la-depolitisation-lexiques-rhetoriques-et-dynamiques-discursives\/","og_locale":"en_US","og_type":"article","og_title":"M\u00e9caniques de la d\u00e9politisation : lexiques, rh\u00e9toriques et dynamiques discursives","og_description":"La revue Mots. Les langages du politique lance un appel \u00e0 articles pour son num\u00e9ro 134 coordonn\u00e9 par Val\u00e9rie Bonnet, Emmanuel Marty et C\u00e9cile Robert, et qui traite de la th\u00e9matique \"M\u00e9caniques de la d\u00e9politisation : lexiques, rh\u00e9toriques et dynamiques discursives\".","og_url":"https:\/\/www.sfsic.org\/en\/aac-publication\/mecaniques-de-la-depolitisation-lexiques-rhetoriques-et-dynamiques-discursives\/","og_site_name":"SFSIC","article_published_time":"2022-04-09T12:15:28+00:00","author":"Axelle Martin","twitter_card":"summary_large_image","schema":{"@context":"https:\/\/schema.org","@graph":[{"@type":"Article","@id":"https:\/\/www.sfsic.org\/en\/aac-publication\/mecaniques-de-la-depolitisation-lexiques-rhetoriques-et-dynamiques-discursives\/#article","isPartOf":{"@id":"https:\/\/www.sfsic.org\/en\/aac-publication\/mecaniques-de-la-depolitisation-lexiques-rhetoriques-et-dynamiques-discursives\/"},"author":{"name":"Axelle Martin","@id":"https:\/\/www.sfsic.org\/en\/#\/schema\/person\/d3606993477708f4359fb9aeda58df3b"},"headline":"M\u00e9caniques de la d\u00e9politisation : lexiques, rh\u00e9toriques et dynamiques discursives","datePublished":"2022-04-09T12:15:28+00:00","mainEntityOfPage":{"@id":"https:\/\/www.sfsic.org\/en\/aac-publication\/mecaniques-de-la-depolitisation-lexiques-rhetoriques-et-dynamiques-discursives\/"},"wordCount":4009,"publisher":{"@id":"https:\/\/www.sfsic.org\/en\/#organization"},"keywords":["Discours","m\u00e9dia","Num\u00e9rique","Politique"],"articleSection":["AAC Publications","Article"],"inLanguage":"en-US"},{"@type":"WebPage","@id":"https:\/\/www.sfsic.org\/en\/aac-publication\/mecaniques-de-la-depolitisation-lexiques-rhetoriques-et-dynamiques-discursives\/","url":"https:\/\/www.sfsic.org\/en\/aac-publication\/mecaniques-de-la-depolitisation-lexiques-rhetoriques-et-dynamiques-discursives\/","name":"M\u00e9caniques de la d\u00e9politisation : lexiques, rh\u00e9toriques et dynamiques discursives","isPartOf":{"@id":"https:\/\/www.sfsic.org\/en\/#website"},"datePublished":"2022-04-09T12:15:28+00:00","description":"La revue Mots. Les langages du politique lance un appel \u00e0 articles pour son num\u00e9ro 134 coordonn\u00e9 par Val\u00e9rie Bonnet, Emmanuel Marty et C\u00e9cile Robert, et qui traite de la th\u00e9matique \"M\u00e9caniques de la d\u00e9politisation : lexiques, rh\u00e9toriques et dynamiques discursives\".","breadcrumb":{"@id":"https:\/\/www.sfsic.org\/en\/aac-publication\/mecaniques-de-la-depolitisation-lexiques-rhetoriques-et-dynamiques-discursives\/#breadcrumb"},"inLanguage":"en-US","potentialAction":[{"@type":"ReadAction","target":["https:\/\/www.sfsic.org\/en\/aac-publication\/mecaniques-de-la-depolitisation-lexiques-rhetoriques-et-dynamiques-discursives\/"]}]},{"@type":"BreadcrumbList","@id":"https:\/\/www.sfsic.org\/en\/aac-publication\/mecaniques-de-la-depolitisation-lexiques-rhetoriques-et-dynamiques-discursives\/#breadcrumb","itemListElement":[{"@type":"ListItem","position":1,"name":"Accueil","item":"https:\/\/www.sfsic.org\/en\/"},{"@type":"ListItem","position":2,"name":"Calls for Papers","item":"https:\/\/www.sfsic.org\/en\/cfp-publication\/"},{"@type":"ListItem","position":3,"name":"Article","item":"https:\/\/www.sfsic.org\/en\/cfp-publication\/article-en\/"},{"@type":"ListItem","position":4,"name":"M\u00e9caniques de la d\u00e9politisation&#160;: lexiques, rh\u00e9toriques et dynamiques discursives"}]},{"@type":"WebSite","@id":"https:\/\/www.sfsic.org\/en\/#website","url":"https:\/\/www.sfsic.org\/en\/","name":"SFSIC","description":"Soci\u00e9t\u00e9 Fran\u00e7aise des Sciences de l&#039;Information &amp; de la Communication","publisher":{"@id":"https:\/\/www.sfsic.org\/en\/#organization"},"potentialAction":[{"@type":"SearchAction","target":{"@type":"EntryPoint","urlTemplate":"https:\/\/www.sfsic.org\/en\/?s={search_term_string}"},"query-input":{"@type":"PropertyValueSpecification","valueRequired":true,"valueName":"search_term_string"}}],"inLanguage":"en-US"},{"@type":"Organization","@id":"https:\/\/www.sfsic.org\/en\/#organization","name":"SFSIC","url":"https:\/\/www.sfsic.org\/en\/","logo":{"@type":"ImageObject","inLanguage":"en-US","@id":"https:\/\/www.sfsic.org\/en\/#\/schema\/logo\/image\/","url":"https:\/\/www.sfsic.org\/wp-inside\/uploads\/2020\/05\/logo-sfsic.jpg","contentUrl":"https:\/\/www.sfsic.org\/wp-inside\/uploads\/2020\/05\/logo-sfsic.jpg","width":1085,"height":1080,"caption":"SFSIC"},"image":{"@id":"https:\/\/www.sfsic.org\/en\/#\/schema\/logo\/image\/"}},{"@type":"Person","@id":"https:\/\/www.sfsic.org\/en\/#\/schema\/person\/d3606993477708f4359fb9aeda58df3b","name":"Axelle Martin","image":{"@type":"ImageObject","inLanguage":"en-US","@id":"https:\/\/secure.gravatar.com\/avatar\/1065035eb5e480668fbf77e163c2e86f81ac342eaad4c8783acdf4a63f3c917b?s=96&d=mm&r=g","url":"https:\/\/secure.gravatar.com\/avatar\/1065035eb5e480668fbf77e163c2e86f81ac342eaad4c8783acdf4a63f3c917b?s=96&d=mm&r=g","contentUrl":"https:\/\/secure.gravatar.com\/avatar\/1065035eb5e480668fbf77e163c2e86f81ac342eaad4c8783acdf4a63f3c917b?s=96&d=mm&r=g","caption":"Axelle Martin"},"sameAs":["@antropocominside"]}]}},"_links":{"self":[{"href":"https:\/\/www.sfsic.org\/en\/wp-json\/wp\/v2\/posts\/23951","targetHints":{"allow":["GET"]}}],"collection":[{"href":"https:\/\/www.sfsic.org\/en\/wp-json\/wp\/v2\/posts"}],"about":[{"href":"https:\/\/www.sfsic.org\/en\/wp-json\/wp\/v2\/types\/post"}],"author":[{"embeddable":true,"href":"https:\/\/www.sfsic.org\/en\/wp-json\/wp\/v2\/users\/781"}],"replies":[{"embeddable":true,"href":"https:\/\/www.sfsic.org\/en\/wp-json\/wp\/v2\/comments?post=23951"}],"version-history":[{"count":3,"href":"https:\/\/www.sfsic.org\/en\/wp-json\/wp\/v2\/posts\/23951\/revisions"}],"predecessor-version":[{"id":23956,"href":"https:\/\/www.sfsic.org\/en\/wp-json\/wp\/v2\/posts\/23951\/revisions\/23956"}],"wp:attachment":[{"href":"https:\/\/www.sfsic.org\/en\/wp-json\/wp\/v2\/media?parent=23951"}],"wp:term":[{"taxonomy":"category","embeddable":true,"href":"https:\/\/www.sfsic.org\/en\/wp-json\/wp\/v2\/categories?post=23951"},{"taxonomy":"post_tag","embeddable":true,"href":"https:\/\/www.sfsic.org\/en\/wp-json\/wp\/v2\/tags?post=23951"},{"taxonomy":"thematique","embeddable":true,"href":"https:\/\/www.sfsic.org\/en\/wp-json\/wp\/v2\/thematique?post=23951"},{"taxonomy":"sfsic","embeddable":true,"href":"https:\/\/www.sfsic.org\/en\/wp-json\/wp\/v2\/sfsic?post=23951"}],"curies":[{"name":"wp","href":"https:\/\/api.w.org\/{rel}","templated":true}]}}