{"id":23792,"date":"2022-04-06T10:44:49","date_gmt":"2022-04-06T08:44:49","guid":{"rendered":"https:\/\/www.sfsic.org\/?p=23792"},"modified":"2022-04-06T10:45:49","modified_gmt":"2022-04-06T08:45:49","slug":"la-bonne-distance","status":"publish","type":"post","link":"https:\/\/www.sfsic.org\/en\/publication\/la-bonne-distance\/","title":{"rendered":"La bonne distance ?"},"content":{"rendered":"<p><!-- fxzn:singledetail --><\/p>\n<div class=\"zone zn-singledetail\" id=\"fxzn-singledetail-1\">\n<div class=\"zone-block zn-singledetail-block alignwide va-top\">\n<div class=\"row\">\n<div class=\"columns large-8 large-push-4\">\n<div class=\"zn-singledetail-metabox\">\n<div class=\"zn-singledetail-pubdate pubdate\">\n\t\t\t\t\t<span class=\"pubdate-txt\">Mis en ligne le<\/span><span class=\"doubledot\"><\/span> <time class=\"pubdate-time\" pubdate datetime=\"2022-04-06T10:44:49+02:00\">6 avril 2022<\/time>\t\t\t\t<\/div>\n<div class=\"zn-singledetail-thematiques with-sep-comma\">\n<ul class=\"termslist termslist-thematique\">\n<li class=\"termslist-item termslist-title\"><span class=\"termslist-titletxt\">Th\u00e9matiques<\/span><span class=\"doubledot\"><\/span><\/li>\n<li class=\"termslist-item tax-thematique term-communication-publique-et-politique\"><a class=\"termslist-itemlink\" href=\"https:\/\/www.sfsic.org\/thematiques\/communication-publique-et-politique\/\" title=\"Communication publique et politique\"><span class=\"termslist-itemname\">Communication publique et politique<\/span><\/a><\/li>\n<li class=\"termslist-item tax-thematique term-medias-et-journalisme\"><a class=\"termslist-itemlink\" href=\"https:\/\/www.sfsic.org\/thematiques\/medias-et-journalisme\/\" title=\"M\u00e9dias et journalisme\"><span class=\"termslist-itemname\">M\u00e9dias et journalisme<\/span><\/a><\/li>\n<li class=\"termslist-item tax-thematique term-mediation-des-savoirs-education-et-formation\"><a class=\"termslist-itemlink\" href=\"https:\/\/www.sfsic.org\/thematiques\/mediation-des-savoirs-education-et-formation\/\" title=\"M\u00e9diation des savoirs, \u00e9ducation et formation\"><span class=\"termslist-itemname\">M\u00e9diation des savoirs, \u00e9ducation et formation<\/span><\/a><\/li>\n<\/ul><\/div>\n<\/p><\/div>\n<\/p><\/div>\n<\/p><\/div>\n<div class=\"row\">\n<div class=\"columns large-4\">\n<div class=\"zn-singledetail-sidebar bg-cornersquares\">\n<div class=\"zn-singledetail-infos\">\n<p class=\"zn-singledetail-type\">\n\t\t\t\t\t\t\t<span>Type de publication<\/span><span class=\"doubledot\"><\/span> <strong>Ouvrage<\/strong>\n\t\t\t\t\t<\/p>\n<p class=\"zn-singledetail-edition\">\n\t\t\t\t\t\t\t<span>\u00c9dition<\/span><span class=\"doubledot\"><\/span> <strong>MkF<\/strong>\n\t\t\t\t\t<\/p>\n<\/p><\/div>\n<div class=\"zn-singledetail-coordinators\">\n<h3 class=\"zn-singledetail-section-title\">Coordinateur(s) \/ Auteur(s)<\/h3>\n<ul class=\"zn-singledetail-coordinators-list\">\n<li class=\"zn-singledetail-coordinators-item\">\n\t\t\t\t\t\t\t<span>Pascal<\/span> <span>Lardellier<\/span>, <span>Universit\u00e9 de Bourgogne, CIMEOS, Dijon<\/span>\t\t\t\t\t\t\t\t\t\t\t\t\t\t, <a class=\"zn-singledetail-coordinators-mail prettylink\" href=\"mailto:pascal.lardellier@u-bourgogne.fr\">pascal.lardellier@u-bourgogne.fr<\/a>\n\t\t\t\t\t\t\t\t\t\t\t\t\t<\/li>\n<\/ul><\/div>\n<div class=\"zn-singledetail-weblinks\">\n<h3 class=\"zn-singledetail-section-title\">Sites internet de r\u00e9f\u00e9rence<\/h3>\n<ul class=\"zn-singledetail-weblinks-list\">\n<li>\n\t\t\t\t\t\t\t<a class=\"prettylink chainlink\" href=\"https:\/\/www.editionsmkf.com\/produit\/la-bonne-distance\/\" title=\"Pr\u00e9sentation sur le site de l'\u00e9diteur\" target=\"_blank\" rel=\"noopener\">Pr\u00e9sentation sur le site de l&#8217;\u00e9diteur<\/a>\n\t\t\t\t\t\t<\/li>\n<\/ul><\/div>\n<\/p><\/div>\n<\/p><\/div>\n<div class=\"columns large-8\">\n<div class=\"zn-singledetail-contentbox\">\n<div class=\"zn-singledetail-annonce wig-content\">\n<p><img decoding=\"async\" loading=\"lazy\" class=\"wp-image-23830 aligncenter\" src=\"https:\/\/www.sfsic.org\/wp-inside\/uploads\/2022\/04\/couverture-la-bonne-distance-2022.jpg\" alt=\"Couverture La bonne distance 2022\" width=\"173\" height=\"256\" srcset=\"https:\/\/www.sfsic.org\/wp-inside\/uploads\/2022\/04\/couverture-la-bonne-distance-2022.jpg 382w, https:\/\/www.sfsic.org\/wp-inside\/uploads\/2022\/04\/couverture-la-bonne-distance-2022-202x300.jpg 202w, https:\/\/www.sfsic.org\/wp-inside\/uploads\/2022\/04\/couverture-la-bonne-distance-2022-216x320.jpg 216w, https:\/\/www.sfsic.org\/wp-inside\/uploads\/2022\/04\/couverture-la-bonne-distance-2022-200x296.jpg 200w\" sizes=\"auto, (max-width: 173px) 100vw, 173px\" \/><\/p>\n<p>L&rsquo;ouvrage \u00ab&#160;La bonne distance&#160;? &#8211; Petite anthropologie d&rsquo;une crise sanitaire&#160;\u00bb, par Pascal Lardellier, est paru au sein de la collection \u00ab&#160;Les essais m\u00e9diatiques&#160;\u00bb des \u00e9ditions MkF.<\/p>\n<h2>Pr\u00e9sentation<\/h2>\n<p>Cet ouvrage d&rsquo;inspiration goffmanienne analyse les incidences relationnelles de la distanciation sociale, du port du masque, des gestes barri\u00e8res. Il d\u00e9montre la mont\u00e9e en puissance d&rsquo;un nouveau paradigme social, fond\u00e9 sur distance et suspicion, tout en mettant en \u00e9vidence la lente mise en place d&rsquo;une soci\u00e9t\u00e9 du passe, de la borne et du (QR)code. Il est aussi question des discours m\u00e9diatiques, de politique publique et du choc des imaginaires \u00e0 l&rsquo;oeuvre dans la production de l&rsquo;\u00e9v\u00e9nement Covid.<\/p>\n<p>L&rsquo;auteur est intervenu tr\u00e8s r\u00e9guli\u00e8rement dans les m\u00e9dias fran\u00e7ais et francophones depuis le d\u00e9but de la s\u00e9quence \u00e9pid\u00e9mique, sur l&rsquo;analyse de celle-ci. Il a par ailleurs \u00e9t\u00e9 auditionn\u00e9 comme expert sur ce th\u00e8me en commission \u00e0 l&rsquo;Assembl\u00e9e nationale en juillet 2021.<\/p>\n<h2>Informations d\u00e9taill\u00e9es<\/h2>\n<p>ISBN&#160;: 979-10-92305-78-4<\/p>\n<p>Format&#160;: 112 pages \u2013 12 x 20 cm<\/p>\n<p>Editeur&#160;: MkF<\/p>\n<p>Date de publication&#160;: Avril 2022<\/p>\n<h2>Quatri\u00e8me de couverture<\/h2>\n<p><span style=\"font-size: inherit;\">\u00ab&#160;Dans une parabole ce\u0301le\u0300bre, Arthur Schopenhauer de\u0301crit des porcs-e\u0301pics qui par une froide journe\u0301e d\u2019hiver cherchent la bonne distance pour se tenir chaud sans se blesser. Une manie\u0300re de s\u2019ajuster patiemment en socie\u0301te\u0301 pour trouver une bonne distance. Celle-la\u0300 me\u0302me qui permet d\u2019e\u0301prouver du bien-e\u0302tre sans isoler ni blesser personne, s\u2019unir\u00a0<\/span><span style=\"font-size: inherit;\">e\u0301galement dans l\u2019adversite\u0301.<\/span><\/p>\n<p><span style=\"font-size: inherit;\">Mais comment trouver cette juste distance sans e\u0302tre ni solitaire ni envahissant ou me\u0302me contagieux&#160;? Le mot est lance\u0301. C\u2019est la\u0300 que l\u2019anthropologie entre en sce\u0300ne pour redonner un sens\u00a0<\/span><span style=\"font-size: inherit;\">social a\u0300 la crise.<\/span><\/p>\n<p><span style=\"font-size: inherit;\">Cet ouvrage de\u0301passe les vicissitudes du temps pre\u0301sent, pour e\u0301lever le regard sur les bouleversements que connaissent nos relations sociales aujourd\u2019hui. Sans contact, nouvelles formes de convivialite\u0301, sacralisation des corps&#8230; Le virus est peut-e\u0302tre le nom d\u2019autre chose, porteur d\u2019un nouveau paradigme relationnel et social dont il faut prendre la pleine mesure.&#160;\u00bb<\/span><\/p>\n<\/p><\/div>\n<div class=\"zn-singledetail-keywords\">\n<h3 class=\"zn-singledetail-section-title\">Mots-cl\u00e9s<\/h3>\n<ul class=\"termslist termslist-post_tag\">\n<li class=\"termslist-item termslist-title\"><span class=\"termslist-titletxt\">Mots-cl\u00e9s<\/span><span class=\"doubledot\"><\/span><\/li>\n<li class=\"termslist-item tax-post_tag term-covid-19\"><a class=\"termslist-itemlink\" href=\"https:\/\/www.sfsic.org\/tag\/covid-19\/\" title=\"Covid-19\"><span class=\"termslist-itemname\">Covid-19<\/span><\/a><\/li>\n<li class=\"termslist-item tax-post_tag term-distance\"><a class=\"termslist-itemlink\" href=\"https:\/\/www.sfsic.org\/tag\/distance\/\" title=\"Distance\"><span class=\"termslist-itemname\">Distance<\/span><\/a><\/li>\n<li class=\"termslist-item tax-post_tag term-distanciation-sociale\"><a class=\"termslist-itemlink\" href=\"https:\/\/www.sfsic.org\/tag\/distanciation-sociale\/\" title=\"Distanciation sociale\"><span class=\"termslist-itemname\">Distanciation sociale<\/span><\/a><\/li>\n<\/ul><\/div>\n<\/p><\/div>\n<\/p><\/div>\n<\/p><\/div>\n<\/p><\/div>\n<\/div>\n<p><!-- \/fxzn:singledetail --><\/p>\n","protected":false},"excerpt":{"rendered":"<p>Mis en ligne le 6 avril 2022 Th\u00e9matiques Communication publique et politique M\u00e9dias et journalisme M\u00e9diation des savoirs, \u00e9ducation et formation Type de publication Ouvrage \u00c9dition MkF Coordinateur(s) \/ Auteur(s) [&hellip;]<\/p>\n","protected":false},"author":670,"featured_media":0,"comment_status":"closed","ping_status":"closed","sticky":false,"template":"","format":"standard","meta":{"_acf_changed":false,"footnotes":""},"categories":[71,31],"tags":[323,439,333],"thematique":[36,34,43],"sfsic":[],"class_list":["post-23792","post","type-post","status-publish","format-standard","hentry","category-ouvrage","category-publication","tag-covid-19","tag-distance","tag-distanciation-sociale","thematique-communication-publique-et-politique","thematique-medias-et-journalisme","thematique-mediation-des-savoirs-education-et-formation","wp-sticky"],"acf":[],"yoast_head":"<!-- This site is optimized with the Yoast SEO plugin v27.4 - https:\/\/yoast.com\/product\/yoast-seo-wordpress\/ -->\n<title>La bonne distance ?<\/title>\n<meta name=\"description\" content=\"L&#039;ouvrage &quot;La bonne distance ? - Petite anthropologie d&#039;une crise sanitaire&quot;, par Pascal Lardellier, est paru aux \u00e9ditions MkF.\" \/>\n<meta name=\"robots\" content=\"index, follow, max-snippet:-1, max-image-preview:large, max-video-preview:-1\" \/>\n<link rel=\"canonical\" href=\"https:\/\/www.sfsic.org\/en\/publication\/la-bonne-distance\/\" \/>\n<meta property=\"og:locale\" content=\"en_US\" \/>\n<meta property=\"og:type\" content=\"article\" \/>\n<meta property=\"og:title\" content=\"La bonne distance ?\" \/>\n<meta property=\"og:description\" content=\"L&#039;ouvrage &quot;La bonne distance ? - Petite anthropologie d&#039;une crise sanitaire&quot;, par Pascal Lardellier, est paru aux \u00e9ditions MkF.\" \/>\n<meta property=\"og:url\" content=\"https:\/\/www.sfsic.org\/en\/publication\/la-bonne-distance\/\" \/>\n<meta property=\"og:site_name\" content=\"SFSIC\" \/>\n<meta property=\"article:published_time\" content=\"2022-04-06T08:44:49+00:00\" \/>\n<meta property=\"article:modified_time\" content=\"2022-04-06T08:45:49+00:00\" \/>\n<meta property=\"og:image\" content=\"https:\/\/www.sfsic.org\/wp-inside\/uploads\/2022\/04\/couverture-la-bonne-distance-2022.jpg\" \/>\n<meta name=\"author\" content=\"Pascal Lardellier\" \/>\n<meta name=\"twitter:card\" content=\"summary_large_image\" \/>\n<script type=\"application\/ld+json\" class=\"yoast-schema-graph\">{\"@context\":\"https:\\\/\\\/schema.org\",\"@graph\":[{\"@type\":\"Article\",\"@id\":\"https:\\\/\\\/www.sfsic.org\\\/en\\\/publication\\\/la-bonne-distance\\\/#article\",\"isPartOf\":{\"@id\":\"https:\\\/\\\/www.sfsic.org\\\/en\\\/publication\\\/la-bonne-distance\\\/\"},\"author\":{\"name\":\"Pascal Lardellier\",\"@id\":\"https:\\\/\\\/www.sfsic.org\\\/en\\\/#\\\/schema\\\/person\\\/c91adb625329f2f2b0314c8a48944817\"},\"headline\":\"La bonne distance ?\",\"datePublished\":\"2022-04-06T08:44:49+00:00\",\"dateModified\":\"2022-04-06T08:45:49+00:00\",\"mainEntityOfPage\":{\"@id\":\"https:\\\/\\\/www.sfsic.org\\\/en\\\/publication\\\/la-bonne-distance\\\/\"},\"wordCount\":439,\"publisher\":{\"@id\":\"https:\\\/\\\/www.sfsic.org\\\/en\\\/#organization\"},\"image\":{\"@id\":\"https:\\\/\\\/www.sfsic.org\\\/en\\\/publication\\\/la-bonne-distance\\\/#primaryimage\"},\"thumbnailUrl\":\"https:\\\/\\\/www.sfsic.org\\\/wp-inside\\\/uploads\\\/2022\\\/04\\\/couverture-la-bonne-distance-2022.jpg\",\"keywords\":[\"Covid-19\",\"Distance\",\"Distanciation sociale\"],\"articleSection\":[\"Ouvrage\",\"Publications\"],\"inLanguage\":\"en-US\"},{\"@type\":\"WebPage\",\"@id\":\"https:\\\/\\\/www.sfsic.org\\\/en\\\/publication\\\/la-bonne-distance\\\/\",\"url\":\"https:\\\/\\\/www.sfsic.org\\\/en\\\/publication\\\/la-bonne-distance\\\/\",\"name\":\"La bonne distance ?\",\"isPartOf\":{\"@id\":\"https:\\\/\\\/www.sfsic.org\\\/en\\\/#website\"},\"primaryImageOfPage\":{\"@id\":\"https:\\\/\\\/www.sfsic.org\\\/en\\\/publication\\\/la-bonne-distance\\\/#primaryimage\"},\"image\":{\"@id\":\"https:\\\/\\\/www.sfsic.org\\\/en\\\/publication\\\/la-bonne-distance\\\/#primaryimage\"},\"thumbnailUrl\":\"https:\\\/\\\/www.sfsic.org\\\/wp-inside\\\/uploads\\\/2022\\\/04\\\/couverture-la-bonne-distance-2022.jpg\",\"datePublished\":\"2022-04-06T08:44:49+00:00\",\"dateModified\":\"2022-04-06T08:45:49+00:00\",\"description\":\"L'ouvrage \\\"La bonne distance ? - Petite anthropologie d'une crise sanitaire\\\", par Pascal Lardellier, est paru aux \u00e9ditions MkF.\",\"breadcrumb\":{\"@id\":\"https:\\\/\\\/www.sfsic.org\\\/en\\\/publication\\\/la-bonne-distance\\\/#breadcrumb\"},\"inLanguage\":\"en-US\",\"potentialAction\":[{\"@type\":\"ReadAction\",\"target\":[\"https:\\\/\\\/www.sfsic.org\\\/en\\\/publication\\\/la-bonne-distance\\\/\"]}]},{\"@type\":\"ImageObject\",\"inLanguage\":\"en-US\",\"@id\":\"https:\\\/\\\/www.sfsic.org\\\/en\\\/publication\\\/la-bonne-distance\\\/#primaryimage\",\"url\":\"https:\\\/\\\/www.sfsic.org\\\/wp-inside\\\/uploads\\\/2022\\\/04\\\/couverture-la-bonne-distance-2022.jpg\",\"contentUrl\":\"https:\\\/\\\/www.sfsic.org\\\/wp-inside\\\/uploads\\\/2022\\\/04\\\/couverture-la-bonne-distance-2022.jpg\"},{\"@type\":\"BreadcrumbList\",\"@id\":\"https:\\\/\\\/www.sfsic.org\\\/en\\\/publication\\\/la-bonne-distance\\\/#breadcrumb\",\"itemListElement\":[{\"@type\":\"ListItem\",\"position\":1,\"name\":\"Accueil\",\"item\":\"https:\\\/\\\/www.sfsic.org\\\/en\\\/\"},{\"@type\":\"ListItem\",\"position\":2,\"name\":\"Publications\",\"item\":\"https:\\\/\\\/www.sfsic.org\\\/en\\\/publication-en\\\/\"},{\"@type\":\"ListItem\",\"position\":3,\"name\":\"Book\",\"item\":\"https:\\\/\\\/www.sfsic.org\\\/en\\\/publication-en\\\/book\\\/\"},{\"@type\":\"ListItem\",\"position\":4,\"name\":\"La bonne distance&#160;?\"}]},{\"@type\":\"WebSite\",\"@id\":\"https:\\\/\\\/www.sfsic.org\\\/en\\\/#website\",\"url\":\"https:\\\/\\\/www.sfsic.org\\\/en\\\/\",\"name\":\"SFSIC\",\"description\":\"Soci\u00e9t\u00e9 Fran\u00e7aise des Sciences de l&#039;Information &amp; de la Communication\",\"publisher\":{\"@id\":\"https:\\\/\\\/www.sfsic.org\\\/en\\\/#organization\"},\"potentialAction\":[{\"@type\":\"SearchAction\",\"target\":{\"@type\":\"EntryPoint\",\"urlTemplate\":\"https:\\\/\\\/www.sfsic.org\\\/en\\\/?s={search_term_string}\"},\"query-input\":{\"@type\":\"PropertyValueSpecification\",\"valueRequired\":true,\"valueName\":\"search_term_string\"}}],\"inLanguage\":\"en-US\"},{\"@type\":\"Organization\",\"@id\":\"https:\\\/\\\/www.sfsic.org\\\/en\\\/#organization\",\"name\":\"SFSIC\",\"url\":\"https:\\\/\\\/www.sfsic.org\\\/en\\\/\",\"logo\":{\"@type\":\"ImageObject\",\"inLanguage\":\"en-US\",\"@id\":\"https:\\\/\\\/www.sfsic.org\\\/en\\\/#\\\/schema\\\/logo\\\/image\\\/\",\"url\":\"https:\\\/\\\/www.sfsic.org\\\/wp-inside\\\/uploads\\\/2020\\\/05\\\/logo-sfsic.jpg\",\"contentUrl\":\"https:\\\/\\\/www.sfsic.org\\\/wp-inside\\\/uploads\\\/2020\\\/05\\\/logo-sfsic.jpg\",\"width\":1085,\"height\":1080,\"caption\":\"SFSIC\"},\"image\":{\"@id\":\"https:\\\/\\\/www.sfsic.org\\\/en\\\/#\\\/schema\\\/logo\\\/image\\\/\"}},{\"@type\":\"Person\",\"@id\":\"https:\\\/\\\/www.sfsic.org\\\/en\\\/#\\\/schema\\\/person\\\/c91adb625329f2f2b0314c8a48944817\",\"name\":\"Pascal Lardellier\",\"image\":{\"@type\":\"ImageObject\",\"inLanguage\":\"en-US\",\"@id\":\"https:\\\/\\\/secure.gravatar.com\\\/avatar\\\/4308f326b875bbf182a4d69d4a05ab8859a8ee2d1cabf422cb7f10465f7de9e7?s=96&d=mm&r=g\",\"url\":\"https:\\\/\\\/secure.gravatar.com\\\/avatar\\\/4308f326b875bbf182a4d69d4a05ab8859a8ee2d1cabf422cb7f10465f7de9e7?s=96&d=mm&r=g\",\"contentUrl\":\"https:\\\/\\\/secure.gravatar.com\\\/avatar\\\/4308f326b875bbf182a4d69d4a05ab8859a8ee2d1cabf422cb7f10465f7de9e7?s=96&d=mm&r=g\",\"caption\":\"Pascal Lardellier\"}}]}<\/script>\n<!-- \/ Yoast SEO plugin. -->","yoast_head_json":{"title":"La bonne distance ?","description":"L'ouvrage \"La bonne distance ? - Petite anthropologie d'une crise sanitaire\", par Pascal Lardellier, est paru aux \u00e9ditions MkF.","robots":{"index":"index","follow":"follow","max-snippet":"max-snippet:-1","max-image-preview":"max-image-preview:large","max-video-preview":"max-video-preview:-1"},"canonical":"https:\/\/www.sfsic.org\/en\/publication\/la-bonne-distance\/","og_locale":"en_US","og_type":"article","og_title":"La bonne distance ?","og_description":"L'ouvrage \"La bonne distance ? - Petite anthropologie d'une crise sanitaire\", par Pascal Lardellier, est paru aux \u00e9ditions MkF.","og_url":"https:\/\/www.sfsic.org\/en\/publication\/la-bonne-distance\/","og_site_name":"SFSIC","article_published_time":"2022-04-06T08:44:49+00:00","article_modified_time":"2022-04-06T08:45:49+00:00","og_image":[{"url":"https:\/\/www.sfsic.org\/wp-inside\/uploads\/2022\/04\/couverture-la-bonne-distance-2022.jpg","type":"","width":"","height":""}],"author":"Pascal Lardellier","twitter_card":"summary_large_image","schema":{"@context":"https:\/\/schema.org","@graph":[{"@type":"Article","@id":"https:\/\/www.sfsic.org\/en\/publication\/la-bonne-distance\/#article","isPartOf":{"@id":"https:\/\/www.sfsic.org\/en\/publication\/la-bonne-distance\/"},"author":{"name":"Pascal Lardellier","@id":"https:\/\/www.sfsic.org\/en\/#\/schema\/person\/c91adb625329f2f2b0314c8a48944817"},"headline":"La bonne distance ?","datePublished":"2022-04-06T08:44:49+00:00","dateModified":"2022-04-06T08:45:49+00:00","mainEntityOfPage":{"@id":"https:\/\/www.sfsic.org\/en\/publication\/la-bonne-distance\/"},"wordCount":439,"publisher":{"@id":"https:\/\/www.sfsic.org\/en\/#organization"},"image":{"@id":"https:\/\/www.sfsic.org\/en\/publication\/la-bonne-distance\/#primaryimage"},"thumbnailUrl":"https:\/\/www.sfsic.org\/wp-inside\/uploads\/2022\/04\/couverture-la-bonne-distance-2022.jpg","keywords":["Covid-19","Distance","Distanciation sociale"],"articleSection":["Ouvrage","Publications"],"inLanguage":"en-US"},{"@type":"WebPage","@id":"https:\/\/www.sfsic.org\/en\/publication\/la-bonne-distance\/","url":"https:\/\/www.sfsic.org\/en\/publication\/la-bonne-distance\/","name":"La bonne distance ?","isPartOf":{"@id":"https:\/\/www.sfsic.org\/en\/#website"},"primaryImageOfPage":{"@id":"https:\/\/www.sfsic.org\/en\/publication\/la-bonne-distance\/#primaryimage"},"image":{"@id":"https:\/\/www.sfsic.org\/en\/publication\/la-bonne-distance\/#primaryimage"},"thumbnailUrl":"https:\/\/www.sfsic.org\/wp-inside\/uploads\/2022\/04\/couverture-la-bonne-distance-2022.jpg","datePublished":"2022-04-06T08:44:49+00:00","dateModified":"2022-04-06T08:45:49+00:00","description":"L'ouvrage \"La bonne distance ? - Petite anthropologie d'une crise sanitaire\", par Pascal Lardellier, est paru aux \u00e9ditions MkF.","breadcrumb":{"@id":"https:\/\/www.sfsic.org\/en\/publication\/la-bonne-distance\/#breadcrumb"},"inLanguage":"en-US","potentialAction":[{"@type":"ReadAction","target":["https:\/\/www.sfsic.org\/en\/publication\/la-bonne-distance\/"]}]},{"@type":"ImageObject","inLanguage":"en-US","@id":"https:\/\/www.sfsic.org\/en\/publication\/la-bonne-distance\/#primaryimage","url":"https:\/\/www.sfsic.org\/wp-inside\/uploads\/2022\/04\/couverture-la-bonne-distance-2022.jpg","contentUrl":"https:\/\/www.sfsic.org\/wp-inside\/uploads\/2022\/04\/couverture-la-bonne-distance-2022.jpg"},{"@type":"BreadcrumbList","@id":"https:\/\/www.sfsic.org\/en\/publication\/la-bonne-distance\/#breadcrumb","itemListElement":[{"@type":"ListItem","position":1,"name":"Accueil","item":"https:\/\/www.sfsic.org\/en\/"},{"@type":"ListItem","position":2,"name":"Publications","item":"https:\/\/www.sfsic.org\/en\/publication-en\/"},{"@type":"ListItem","position":3,"name":"Book","item":"https:\/\/www.sfsic.org\/en\/publication-en\/book\/"},{"@type":"ListItem","position":4,"name":"La bonne distance&#160;?"}]},{"@type":"WebSite","@id":"https:\/\/www.sfsic.org\/en\/#website","url":"https:\/\/www.sfsic.org\/en\/","name":"SFSIC","description":"Soci\u00e9t\u00e9 Fran\u00e7aise des Sciences de l&#039;Information &amp; de la Communication","publisher":{"@id":"https:\/\/www.sfsic.org\/en\/#organization"},"potentialAction":[{"@type":"SearchAction","target":{"@type":"EntryPoint","urlTemplate":"https:\/\/www.sfsic.org\/en\/?s={search_term_string}"},"query-input":{"@type":"PropertyValueSpecification","valueRequired":true,"valueName":"search_term_string"}}],"inLanguage":"en-US"},{"@type":"Organization","@id":"https:\/\/www.sfsic.org\/en\/#organization","name":"SFSIC","url":"https:\/\/www.sfsic.org\/en\/","logo":{"@type":"ImageObject","inLanguage":"en-US","@id":"https:\/\/www.sfsic.org\/en\/#\/schema\/logo\/image\/","url":"https:\/\/www.sfsic.org\/wp-inside\/uploads\/2020\/05\/logo-sfsic.jpg","contentUrl":"https:\/\/www.sfsic.org\/wp-inside\/uploads\/2020\/05\/logo-sfsic.jpg","width":1085,"height":1080,"caption":"SFSIC"},"image":{"@id":"https:\/\/www.sfsic.org\/en\/#\/schema\/logo\/image\/"}},{"@type":"Person","@id":"https:\/\/www.sfsic.org\/en\/#\/schema\/person\/c91adb625329f2f2b0314c8a48944817","name":"Pascal Lardellier","image":{"@type":"ImageObject","inLanguage":"en-US","@id":"https:\/\/secure.gravatar.com\/avatar\/4308f326b875bbf182a4d69d4a05ab8859a8ee2d1cabf422cb7f10465f7de9e7?s=96&d=mm&r=g","url":"https:\/\/secure.gravatar.com\/avatar\/4308f326b875bbf182a4d69d4a05ab8859a8ee2d1cabf422cb7f10465f7de9e7?s=96&d=mm&r=g","contentUrl":"https:\/\/secure.gravatar.com\/avatar\/4308f326b875bbf182a4d69d4a05ab8859a8ee2d1cabf422cb7f10465f7de9e7?s=96&d=mm&r=g","caption":"Pascal Lardellier"}}]}},"_links":{"self":[{"href":"https:\/\/www.sfsic.org\/en\/wp-json\/wp\/v2\/posts\/23792","targetHints":{"allow":["GET"]}}],"collection":[{"href":"https:\/\/www.sfsic.org\/en\/wp-json\/wp\/v2\/posts"}],"about":[{"href":"https:\/\/www.sfsic.org\/en\/wp-json\/wp\/v2\/types\/post"}],"author":[{"embeddable":true,"href":"https:\/\/www.sfsic.org\/en\/wp-json\/wp\/v2\/users\/670"}],"replies":[{"embeddable":true,"href":"https:\/\/www.sfsic.org\/en\/wp-json\/wp\/v2\/comments?post=23792"}],"version-history":[{"count":3,"href":"https:\/\/www.sfsic.org\/en\/wp-json\/wp\/v2\/posts\/23792\/revisions"}],"predecessor-version":[{"id":23833,"href":"https:\/\/www.sfsic.org\/en\/wp-json\/wp\/v2\/posts\/23792\/revisions\/23833"}],"wp:attachment":[{"href":"https:\/\/www.sfsic.org\/en\/wp-json\/wp\/v2\/media?parent=23792"}],"wp:term":[{"taxonomy":"category","embeddable":true,"href":"https:\/\/www.sfsic.org\/en\/wp-json\/wp\/v2\/categories?post=23792"},{"taxonomy":"post_tag","embeddable":true,"href":"https:\/\/www.sfsic.org\/en\/wp-json\/wp\/v2\/tags?post=23792"},{"taxonomy":"thematique","embeddable":true,"href":"https:\/\/www.sfsic.org\/en\/wp-json\/wp\/v2\/thematique?post=23792"},{"taxonomy":"sfsic","embeddable":true,"href":"https:\/\/www.sfsic.org\/en\/wp-json\/wp\/v2\/sfsic?post=23792"}],"curies":[{"name":"wp","href":"https:\/\/api.w.org\/{rel}","templated":true}]}}