{"id":23718,"date":"2022-04-01T10:00:04","date_gmt":"2022-04-01T08:00:04","guid":{"rendered":"https:\/\/www.sfsic.org\/?p=23718"},"modified":"2022-03-29T22:19:24","modified_gmt":"2022-03-29T20:19:24","slug":"la-demoqueratie-au-coeur-de-la-campagne-electorale-sur-les-reseaux-socionumeriques","status":"publish","type":"post","link":"https:\/\/www.sfsic.org\/en\/evenement\/la-demoqueratie-au-coeur-de-la-campagne-electorale-sur-les-reseaux-socionumeriques\/","title":{"rendered":"La \u00ab d\u00e9moqueratie \u00bb au coeur de la campagne \u00e9lectorale sur les r\u00e9seaux socionum\u00e9riques"},"content":{"rendered":"<p><!-- fxzn:singledetail --><\/p>\n<div class=\"zone zn-singledetail\" id=\"fxzn-singledetail-1\">\n<div class=\"zone-block zn-singledetail-block alignwide va-top\">\n<div class=\"row\">\n<div class=\"columns large-8 large-push-4\">\n<div class=\"zn-singledetail-metabox\">\n<div class=\"zn-singledetail-pubdate pubdate\">\n\t\t\t\t\t<span class=\"pubdate-txt\">Mis en ligne le<\/span><span class=\"doubledot\"><\/span> 29 mars 2022\t\t\t\t<\/div>\n<div class=\"zn-singledetail-thematiques with-sep-comma\">\n<ul class=\"termslist termslist-thematique\">\n<li class=\"termslist-item termslist-title\"><span class=\"termslist-titletxt\">Th\u00e9matiques<\/span><span class=\"doubledot\"><\/span><\/li>\n<li class=\"termslist-item tax-thematique term-communication-publique-et-politique\"><a class=\"termslist-itemlink\" href=\"https:\/\/www.sfsic.org\/en\/thematiques\/public-and-political-communication\/\" title=\"Communication publique et politique\"><span class=\"termslist-itemname\">Communication publique et politique<\/span><\/a><\/li>\n<li class=\"termslist-item tax-thematique term-numerique-strategies-dispositifs-et-usages\"><a class=\"termslist-itemlink\" href=\"https:\/\/www.sfsic.org\/en\/thematiques\/digital-strategies-devices-and-uses-en\/\" title=\"Num\u00e9rique : strat\u00e9gies, dispositifs et usages\"><span class=\"termslist-itemname\">Num\u00e9rique : strat\u00e9gies, dispositifs et usages<\/span><\/a><\/li>\n<\/ul><\/div>\n<\/p><\/div>\n<\/p><\/div>\n<\/p><\/div>\n<div class=\"row\">\n<div class=\"columns large-4\">\n<div class=\"zn-singledetail-sidebar bg-cornersquares\">\n<div class=\"zn-singledetail-infos\">\n<p class=\"zn-singledetail-type\">\n\t\t\t\t\t\t\t<span>Type d\u2019\u00e9v\u00e9nement<\/span><span class=\"doubledot\"><\/span> <strong>Colloque<\/strong>\n\t\t\t\t\t<\/p>\n<\/p><\/div>\n<div class=\"zn-singledetail-weblinks\">\n<h3 class=\"zn-singledetail-section-title\">Sites internet de r\u00e9f\u00e9rence<\/h3>\n<ul class=\"zn-singledetail-weblinks-list\">\n<li>\n\t\t\t\t\t\t\t<a class=\"prettylink chainlink\" href=\"https:\/\/comun.hypotheses.org\/1134\" target=\"_blank\" rel=\"noopener\">Blog du &#8220;COMU\u0418&#8221;<\/a>\n\t\t\t\t\t\t<\/li>\n<\/ul><\/div>\n<\/p><\/div>\n<\/p><\/div>\n<div class=\"columns large-8\">\n<div class=\"zn-singledetail-contentbox\">\n<div class=\"zn-singledetail-eventinfo\">\n<div class=\"zn-singledetail-eventinfo-inner\">\n<div class=\"zn-singledetail-eventdates\">\n\t\t\t\t\t\t<span class=\"zn-singledetail-label\">Dates de l\u2019\u00e9v\u00e9nement<span class=\"doubledot\"><\/span><\/span><\/p>\n<ul class=\"zn-singledetail-eventdates-list\">\n<li class=\"zn-singledetail-eventdates-item\">\n\t\t\t\t\t\t\t\tDu 08\/04\/2022 au 08\/04\/2022, <span class=\"event-schedule\">14h-16h<\/span>\t\t\t\t\t\t\t<\/li>\n<\/ul><\/div>\n<p class=\"zn-singledetail-eventplace\">\n\t\t\t\t\t\t<span class=\"zn-singledetail-label\">Lieu de l\u2019\u00e9v\u00e9nement<span class=\"doubledot\"><\/span><\/span><br \/>\n\t\t\t\t\t\t<a class=\"zn-singledetail-eventplace-adr\" href=\"https:\/\/forms.gle\/SBh4x3Xkw8AKoBo69\" title=\"\" target=\"_blank\" rel=\"noopener\"><br \/>\n\t\t\t\t\t\t\t\t\t\t\t\t<span class=\"adr-name\">S\u00c9MINAIRE &#8220;COMU\u0418&#8221; &#8211; \u201cCommentaires num\u00e9riques et organisations\u201d<\/span>,<\/p>\n<p>\t\t\t\t\t\t\t\t\t\t\t\t<span class=\"adr-place\">En ligne, sur inscription<\/span>,<\/p>\n<p>\t\t\t\t\t\t<\/a>\t\t\t\t\t<\/p>\n<\/p><\/div>\n<\/p><\/div>\n<div class=\"zn-singledetail-annonce wig-content\">\n<div dir=\"ltr\" data-setdir=\"false\">\n<div>\n<p>Vendredi 8 avril prochain (14H-16H), dans le cadre du s\u00e9minaire \u201cCommentaires num\u00e9riques et organisations\u201d, nous recevrons Arnaud Mercier, professeur des universit\u00e9s en sciences de l\u2019information et de la communication, directeur de la Licence \u00e0 l\u2019Institut Fran\u00e7ais de Presse, Universit\u00e9 Paris 2 \u2013 Assas, et pr\u00e9sident de la 71e section du CNU.<\/p>\n<p>Cette s\u00e9ance sera co-anim\u00e9e par Laurence Leveneur, chercheuse associ\u00e9e \u00e0 l\u2019Institut National de l\u2019Audiovisuel, MCF en sciences de l\u2019information et de la communication, <a href=\"https:\/\/idetcom.ut-capitole.fr\/accueil\/\" target=\"_blank\" rel=\"nofollow noopener\">IDETCOM <\/a>et Guillaume Sire, MCF HDR en sciences de l\u2019information et de la communication, <a href=\"https:\/\/idetcom.ut-capitole.fr\/accueil\/\" target=\"_blank\" rel=\"nofollow noopener\">IDETCOM<\/a>.<\/p>\n<p><strong>Titre <\/strong>&#160;: <strong>La \u00ab&#160;d\u00e9moqueratie&#160;\u00bb au c\u0153ur de la campagne \u00e9lectorale sur les r\u00e9seaux socionum\u00e9riques<\/strong>.<\/p>\n<div><strong>\u00a0<\/strong><\/div>\n<div><strong>R\u00e9sum\u00e9<\/strong>&#160;: Un fort d\u00e9senchantement politique travaille le corps \u00e9lectoral fran\u00e7ais. Il trouve une expression non seulement dans le rejet et l\u2019indiff\u00e9rence (l\u2019abstention \u00e9lectorale) mais aussi dans le d\u00e9sir de faire conna\u00eetre son m\u00e9contentement politique par la d\u00e9rision et le sarcasme, sous forme de m\u00e8mes, de photomontages, etc. Ce d\u00e9sir de tourner en d\u00e9rision les candidats sur les r\u00e9seaux socionum\u00e9riques nous l\u2019appelons \u00ab&#160;d\u00e9moqueratie&#160;\u00bb. Elle se retrouvait d\u00e9j\u00e0 lors de l\u2019\u00e9lection pr\u00e9sidentielle de 2012, o\u00f9 nous avions soulign\u00e9 que les r\u00e9seaux socionum\u00e9riques servaient de d\u00e9fouloir ludique aux internautes (Mercier, 2013) et celle de 2017 (Mercier, 2018). L\u2019objet de cette intervention sera de revenir sur ce ph\u00e9nom\u00e8ne et d\u2019\u00e9tudier \u00e0 chaud les manifestations que la d\u00e9moqueratie rev\u00eat en 2022.<\/div>\n<div><\/div>\n<div dir=\"ltr\" data-setdir=\"false\"><b>R\u00e9f\u00e9rences cit\u00e9es&#160;:<\/b><\/div>\n<ul>\n<li>Mercier A., \u00ab&#160;Campagne \u00e9lectorale, d\u00e9rision politique et r\u00e9seaux socionum\u00e9riques&#160;: l\u2019\u00e8re de la \u2018d\u00e9moqueratie\u2019&#160;\u00bb, in Mercier A, Maarek P. (dir.) <em>2017&#160;: la pr\u00e9sidentielle chamboule-tout. La communication politique au prisme du d\u00e9gagisme<\/em>, Paris, L\u2019Harmattan, 2018, p. 193-220.<\/li>\n<li>Mercier A, \u00ab&#160;Av\u00e8nement du <em>Twil\u00e9spectateur<\/em> et <em>hashtags<\/em> contestataires, faits marquants de la campagne sur les r\u00e9seaux socionum\u00e9riques&#160;\u00bb, in Maarek P. (dir.), <em>Pr\u00e9sidentielle 2012&#160;: une communication politique bien singuli\u00e8re<\/em>, Paris, L\u2019Harmattan, 2013, p.165-200.<\/li>\n<\/ul>\n<div><strong>\u00a0<\/strong><\/div>\n<div><strong>Pr\u00e9sentation <\/strong>de l\u2019intervenant&#160;: <a href=\"https:\/\/u-paris2.academia.edu\/arnaudmercier\" target=\"_blank\" rel=\"nofollow noopener\">https:\/\/u-paris2.academia.edu\/arnaudmercier<\/a><\/div>\n<\/div>\n<div dir=\"ltr\" data-setdir=\"false\">\n<div>\n<div>Le s\u00e9minaire se d\u00e9roulera <strong>en ligne<\/strong>. Il est ouvert \u00e0 tous sous r\u00e9serve d\u2019i<strong>nscription pr\u00e9alable<\/strong> via ce formulaire&#160;: <a href=\"https:\/\/forms.gle\/SBh4x3Xkw8AKoBo69\" target=\"_blank\" rel=\"nofollow noopener\">https:\/\/forms.gle\/SBh4x3Xkw8AKoBo69<\/a><\/div>\n<div>Le lien de connexion sera communiqu\u00e9 la veille de la s\u00e9ance aux inscrits.<\/div>\n<\/div>\n<\/div>\n<\/div>\n<div dir=\"ltr\"><\/div>\n<div dir=\"ltr\" data-setdir=\"false\">\n<p>Plus d&rsquo;informations sur notre <b>blog <\/b>&#160;:<\/p>\n<div><a class=\"ydp35b82ebdenhancr_card_8740800063\" href=\"https:\/\/comun.hypotheses.org\/1134\" target=\"_blank\" rel=\"nofollow noopener\">La \u00ab&#160;d\u00e9moqueratie&#160;\u00bb au coeur de la campagne \u00e9lectorale sur les r\u00e9seaux socionum\u00e9riques. Arnaud Mercier<\/a><\/div>\n<div><\/div>\n<\/div><\/div>\n<div class=\"zn-singledetail-partners\">\n<h3 class=\"zn-singledetail-section-title\">Partenaires<\/h3>\n<div class=\"zn-singledetail-partners-list row small-up-2 medium-up-3 large-up-5 partnerlist\" data-equalizer data-equalize-on=\"medium\">\n<article class=\"summarypartner column\">\n<div class=\"summarypartner-box\" title=\"IDETCOM\">\n<div class=\"summarypartner-box-inner\" data-equalizer-watch>\n<div class=\"summarypartner-imgbox\">\n<figure class=\"summarypartner-figure\">\n\t\t\t\t\t<img decoding=\"async\" class=\"summarypartner-img\" src=\"https:\/\/www.sfsic.org\/wp-inside\/uploads\/skp-membership\/demande_adh\/idetcom-logo-fr-q-249x320.jpg\" alt=\"\"><br \/>\n\t\t\t\t\t\t\t\t\t<\/figure>\n<\/p><\/div>\n<div class=\"summarypartner-content\">\n<div class=\"summarypartner-content-inner\">\n<header class=\"summarypartner-header\">\n<h3 class=\"summarypartner-title\">\n\t\t\t\t\t\t\tIDETCOM\t\t\t\t\t\t<\/h3>\n<p class=\"summarypartner-acronym\">\n\t\t\t\t\t\t\tIDETCOM\t\t\t\t\t\t<\/p>\n<\/header><\/div>\n<\/p><\/div>\n<\/p><\/div>\n<\/p><\/div>\n<\/article>\n<article class=\"summarypartner partner-5847 column\">\n\t<a class=\"summarypartner-box\" href=\"https:\/\/www.ut-capitole.fr\/\" title=\"Universit\u00e9 Toulouse-I Capitole\">\t\t<\/p>\n<div class=\"summarypartner-box-inner\" data-equalizer-watch>\n<div class=\"summarypartner-imgbox\">\n<figure class=\"summarypartner-figure\">\n\t\t\t\t\t<img decoding=\"async\" class=\"summarypartner-img\" src=\"https:\/\/www.sfsic.org\/wp-inside\/uploads\/skp-membership\/demande_adh\/logo-fr.jpg\" alt=\"Logo Universit\u00e9 Toulouse 1 Capitole\"><br \/>\n\t\t\t\t\t\t\t\t\t<\/figure>\n<\/p><\/div>\n<div class=\"summarypartner-content\">\n<div class=\"summarypartner-content-inner\">\n<header class=\"summarypartner-header\">\n<h3 class=\"summarypartner-title\">\n\t\t\t\t\t\t\tUniversit\u00e9 Toulouse-I Capitole\t\t\t\t\t\t<\/h3>\n<\/header><\/div>\n<\/p><\/div>\n<\/p><\/div>\n<p>\t<\/a><\/article>\n<\/p><\/div>\n<\/p><\/div>\n<div class=\"zn-singledetail-keywords\">\n<h3 class=\"zn-singledetail-section-title\">Mots-cl\u00e9s<\/h3>\n<ul class=\"termslist termslist-post_tag\">\n<li class=\"termslist-item termslist-title\"><span class=\"termslist-titletxt\">Mots-cl\u00e9s<\/span><span class=\"doubledot\"><\/span><\/li>\n<li class=\"termslist-item tax-post_tag term-election\"><a class=\"termslist-itemlink\" href=\"https:\/\/www.sfsic.org\/en\/tag\/election-en\/\" title=\"Election\"><span class=\"termslist-itemname\">Election<\/span><\/a><\/li>\n<li class=\"termslist-item tax-post_tag term-numerique\"><a class=\"termslist-itemlink\" href=\"https:\/\/www.sfsic.org\/en\/tag\/digital\/\" title=\"Num\u00e9rique\"><span class=\"termslist-itemname\">Num\u00e9rique<\/span><\/a><\/li>\n<li class=\"termslist-item tax-post_tag term-politique\"><a class=\"termslist-itemlink\" href=\"https:\/\/www.sfsic.org\/en\/tag\/politics\/\" title=\"Politique\"><span class=\"termslist-itemname\">Politique<\/span><\/a><\/li>\n<li class=\"termslist-item tax-post_tag term-reseaux-sociaux-numeriques\"><a class=\"termslist-itemlink\" href=\"https:\/\/www.sfsic.org\/en\/tag\/social-networks-digital\/\" title=\"R\u00e9seaux sociaux num\u00e9riques\"><span class=\"termslist-itemname\">R\u00e9seaux sociaux num\u00e9riques<\/span><\/a><\/li>\n<\/ul><\/div>\n<\/p><\/div>\n<\/p><\/div>\n<\/p><\/div>\n<\/p><\/div>\n<\/div>\n<p><!-- \/fxzn:singledetail --><\/p>\n","protected":false},"excerpt":{"rendered":"<p>Mis en ligne le 29 mars 2022 Th\u00e9matiques Communication publique et politique Num\u00e9rique : strat\u00e9gies, dispositifs et usages Type d\u2019\u00e9v\u00e9nement Colloque Sites internet de r\u00e9f\u00e9rence Blog du &#8220;COMU\u0418&#8221; Dates de [&hellip;]<\/p>\n","protected":false},"author":781,"featured_media":0,"comment_status":"closed","ping_status":"closed","sticky":false,"template":"","format":"standard","meta":{"_acf_changed":false,"footnotes":""},"categories":[67,30],"tags":[156,90,190,82],"thematique":[36,39],"sfsic":[],"class_list":["post-23718","post","type-post","status-publish","format-standard","hentry","category-colloque-2","category-evenement","tag-election","tag-numerique","tag-politique","tag-reseaux-sociaux-numeriques","thematique-communication-publique-et-politique","thematique-numerique-strategies-dispositifs-et-usages","wp-sticky"],"acf":[],"yoast_head":"<!-- This site is optimized with the Yoast SEO plugin v27.4 - https:\/\/yoast.com\/product\/yoast-seo-wordpress\/ -->\n<title>La \u00ab d\u00e9moqueratie \u00bb au coeur de la campagne \u00e9lectorale sur les r\u00e9seaux socionum\u00e9riques<\/title>\n<meta name=\"description\" content=\"Le programme du s\u00e9minaire \u201cCommentaires num\u00e9riques et organisations\u201d organis\u00e9 par l&#039;IDETCOM le 8 avril est en ligne. Arnaud Mercier y \u00e9voquera &quot;La \u00ab d\u00e9moqueratie \u00bb au coeur de la campagne \u00e9lectorale sur les r\u00e9seaux socionum\u00e9riques&quot;.\" \/>\n<meta name=\"robots\" content=\"index, follow, max-snippet:-1, max-image-preview:large, max-video-preview:-1\" \/>\n<link rel=\"canonical\" href=\"https:\/\/www.sfsic.org\/en\/evenement\/la-demoqueratie-au-coeur-de-la-campagne-electorale-sur-les-reseaux-socionumeriques\/\" \/>\n<meta property=\"og:locale\" content=\"en_US\" \/>\n<meta property=\"og:type\" content=\"article\" \/>\n<meta property=\"og:title\" content=\"La \u00ab d\u00e9moqueratie \u00bb au coeur de la campagne \u00e9lectorale sur les r\u00e9seaux socionum\u00e9riques\" \/>\n<meta property=\"og:description\" content=\"Le programme du s\u00e9minaire \u201cCommentaires num\u00e9riques et organisations\u201d organis\u00e9 par l&#039;IDETCOM le 8 avril est en ligne. Arnaud Mercier y \u00e9voquera &quot;La \u00ab d\u00e9moqueratie \u00bb au coeur de la campagne \u00e9lectorale sur les r\u00e9seaux socionum\u00e9riques&quot;.\" \/>\n<meta property=\"og:url\" content=\"https:\/\/www.sfsic.org\/en\/evenement\/la-demoqueratie-au-coeur-de-la-campagne-electorale-sur-les-reseaux-socionumeriques\/\" \/>\n<meta property=\"og:site_name\" content=\"SFSIC\" \/>\n<meta property=\"article:published_time\" content=\"2022-04-01T08:00:04+00:00\" \/>\n<meta property=\"og:image\" content=\"https:\/\/www.sfsic.org\/wp-inside\/uploads\/skp-membership\/demande_adh\/idetcom-logo-fr-q-249x320.jpg\" \/>\n<meta name=\"author\" content=\"Axelle Martin\" \/>\n<meta name=\"twitter:card\" content=\"summary_large_image\" \/>\n<script type=\"application\/ld+json\" class=\"yoast-schema-graph\">{\"@context\":\"https:\\\/\\\/schema.org\",\"@graph\":[{\"@type\":\"Article\",\"@id\":\"https:\\\/\\\/www.sfsic.org\\\/en\\\/evenement\\\/la-demoqueratie-au-coeur-de-la-campagne-electorale-sur-les-reseaux-socionumeriques\\\/#article\",\"isPartOf\":{\"@id\":\"https:\\\/\\\/www.sfsic.org\\\/en\\\/evenement\\\/la-demoqueratie-au-coeur-de-la-campagne-electorale-sur-les-reseaux-socionumeriques\\\/\"},\"author\":{\"name\":\"Axelle Martin\",\"@id\":\"https:\\\/\\\/www.sfsic.org\\\/en\\\/#\\\/schema\\\/person\\\/d3606993477708f4359fb9aeda58df3b\"},\"headline\":\"La \u00ab d\u00e9moqueratie \u00bb au coeur de la campagne \u00e9lectorale sur les r\u00e9seaux socionum\u00e9riques\",\"datePublished\":\"2022-04-01T08:00:04+00:00\",\"mainEntityOfPage\":{\"@id\":\"https:\\\/\\\/www.sfsic.org\\\/en\\\/evenement\\\/la-demoqueratie-au-coeur-de-la-campagne-electorale-sur-les-reseaux-socionumeriques\\\/\"},\"wordCount\":509,\"publisher\":{\"@id\":\"https:\\\/\\\/www.sfsic.org\\\/en\\\/#organization\"},\"image\":{\"@id\":\"https:\\\/\\\/www.sfsic.org\\\/en\\\/evenement\\\/la-demoqueratie-au-coeur-de-la-campagne-electorale-sur-les-reseaux-socionumeriques\\\/#primaryimage\"},\"thumbnailUrl\":\"https:\\\/\\\/www.sfsic.org\\\/wp-inside\\\/uploads\\\/skp-membership\\\/demande_adh\\\/idetcom-logo-fr-q-249x320.jpg\",\"keywords\":[\"Election\",\"Num\u00e9rique\",\"Politique\",\"R\u00e9seaux sociaux num\u00e9riques\"],\"articleSection\":[\"Colloque\",\"\u00c9v\u00e9nements\"],\"inLanguage\":\"en-US\"},{\"@type\":\"WebPage\",\"@id\":\"https:\\\/\\\/www.sfsic.org\\\/en\\\/evenement\\\/la-demoqueratie-au-coeur-de-la-campagne-electorale-sur-les-reseaux-socionumeriques\\\/\",\"url\":\"https:\\\/\\\/www.sfsic.org\\\/en\\\/evenement\\\/la-demoqueratie-au-coeur-de-la-campagne-electorale-sur-les-reseaux-socionumeriques\\\/\",\"name\":\"La \u00ab d\u00e9moqueratie \u00bb au coeur de la campagne \u00e9lectorale sur les r\u00e9seaux socionum\u00e9riques\",\"isPartOf\":{\"@id\":\"https:\\\/\\\/www.sfsic.org\\\/en\\\/#website\"},\"primaryImageOfPage\":{\"@id\":\"https:\\\/\\\/www.sfsic.org\\\/en\\\/evenement\\\/la-demoqueratie-au-coeur-de-la-campagne-electorale-sur-les-reseaux-socionumeriques\\\/#primaryimage\"},\"image\":{\"@id\":\"https:\\\/\\\/www.sfsic.org\\\/en\\\/evenement\\\/la-demoqueratie-au-coeur-de-la-campagne-electorale-sur-les-reseaux-socionumeriques\\\/#primaryimage\"},\"thumbnailUrl\":\"https:\\\/\\\/www.sfsic.org\\\/wp-inside\\\/uploads\\\/skp-membership\\\/demande_adh\\\/idetcom-logo-fr-q-249x320.jpg\",\"datePublished\":\"2022-04-01T08:00:04+00:00\",\"description\":\"Le programme du s\u00e9minaire \u201cCommentaires num\u00e9riques et organisations\u201d organis\u00e9 par l'IDETCOM le 8 avril est en ligne. Arnaud Mercier y \u00e9voquera \\\"La \u00ab d\u00e9moqueratie \u00bb au coeur de la campagne \u00e9lectorale sur les r\u00e9seaux socionum\u00e9riques\\\".\",\"breadcrumb\":{\"@id\":\"https:\\\/\\\/www.sfsic.org\\\/en\\\/evenement\\\/la-demoqueratie-au-coeur-de-la-campagne-electorale-sur-les-reseaux-socionumeriques\\\/#breadcrumb\"},\"inLanguage\":\"en-US\",\"potentialAction\":[{\"@type\":\"ReadAction\",\"target\":[\"https:\\\/\\\/www.sfsic.org\\\/en\\\/evenement\\\/la-demoqueratie-au-coeur-de-la-campagne-electorale-sur-les-reseaux-socionumeriques\\\/\"]}]},{\"@type\":\"ImageObject\",\"inLanguage\":\"en-US\",\"@id\":\"https:\\\/\\\/www.sfsic.org\\\/en\\\/evenement\\\/la-demoqueratie-au-coeur-de-la-campagne-electorale-sur-les-reseaux-socionumeriques\\\/#primaryimage\",\"url\":\"https:\\\/\\\/www.sfsic.org\\\/wp-inside\\\/uploads\\\/skp-membership\\\/demande_adh\\\/idetcom-logo-fr-q-249x320.jpg\",\"contentUrl\":\"https:\\\/\\\/www.sfsic.org\\\/wp-inside\\\/uploads\\\/skp-membership\\\/demande_adh\\\/idetcom-logo-fr-q-249x320.jpg\"},{\"@type\":\"BreadcrumbList\",\"@id\":\"https:\\\/\\\/www.sfsic.org\\\/en\\\/evenement\\\/la-demoqueratie-au-coeur-de-la-campagne-electorale-sur-les-reseaux-socionumeriques\\\/#breadcrumb\",\"itemListElement\":[{\"@type\":\"ListItem\",\"position\":1,\"name\":\"Accueil\",\"item\":\"https:\\\/\\\/www.sfsic.org\\\/en\\\/\"},{\"@type\":\"ListItem\",\"position\":2,\"name\":\"Events\",\"item\":\"https:\\\/\\\/www.sfsic.org\\\/en\\\/events\\\/\"},{\"@type\":\"ListItem\",\"position\":3,\"name\":\"Conference\",\"item\":\"https:\\\/\\\/www.sfsic.org\\\/en\\\/events\\\/conference-en\\\/\"},{\"@type\":\"ListItem\",\"position\":4,\"name\":\"La \u00ab&#160;d\u00e9moqueratie&#160;\u00bb au coeur de la campagne \u00e9lectorale sur les r\u00e9seaux socionum\u00e9riques\"}]},{\"@type\":\"WebSite\",\"@id\":\"https:\\\/\\\/www.sfsic.org\\\/en\\\/#website\",\"url\":\"https:\\\/\\\/www.sfsic.org\\\/en\\\/\",\"name\":\"SFSIC\",\"description\":\"Soci\u00e9t\u00e9 Fran\u00e7aise des Sciences de l&#039;Information &amp; de la Communication\",\"publisher\":{\"@id\":\"https:\\\/\\\/www.sfsic.org\\\/en\\\/#organization\"},\"potentialAction\":[{\"@type\":\"SearchAction\",\"target\":{\"@type\":\"EntryPoint\",\"urlTemplate\":\"https:\\\/\\\/www.sfsic.org\\\/en\\\/?s={search_term_string}\"},\"query-input\":{\"@type\":\"PropertyValueSpecification\",\"valueRequired\":true,\"valueName\":\"search_term_string\"}}],\"inLanguage\":\"en-US\"},{\"@type\":\"Organization\",\"@id\":\"https:\\\/\\\/www.sfsic.org\\\/en\\\/#organization\",\"name\":\"SFSIC\",\"url\":\"https:\\\/\\\/www.sfsic.org\\\/en\\\/\",\"logo\":{\"@type\":\"ImageObject\",\"inLanguage\":\"en-US\",\"@id\":\"https:\\\/\\\/www.sfsic.org\\\/en\\\/#\\\/schema\\\/logo\\\/image\\\/\",\"url\":\"https:\\\/\\\/www.sfsic.org\\\/wp-inside\\\/uploads\\\/2020\\\/05\\\/logo-sfsic.jpg\",\"contentUrl\":\"https:\\\/\\\/www.sfsic.org\\\/wp-inside\\\/uploads\\\/2020\\\/05\\\/logo-sfsic.jpg\",\"width\":1085,\"height\":1080,\"caption\":\"SFSIC\"},\"image\":{\"@id\":\"https:\\\/\\\/www.sfsic.org\\\/en\\\/#\\\/schema\\\/logo\\\/image\\\/\"}},{\"@type\":\"Person\",\"@id\":\"https:\\\/\\\/www.sfsic.org\\\/en\\\/#\\\/schema\\\/person\\\/d3606993477708f4359fb9aeda58df3b\",\"name\":\"Axelle Martin\",\"image\":{\"@type\":\"ImageObject\",\"inLanguage\":\"en-US\",\"@id\":\"https:\\\/\\\/secure.gravatar.com\\\/avatar\\\/1065035eb5e480668fbf77e163c2e86f81ac342eaad4c8783acdf4a63f3c917b?s=96&d=mm&r=g\",\"url\":\"https:\\\/\\\/secure.gravatar.com\\\/avatar\\\/1065035eb5e480668fbf77e163c2e86f81ac342eaad4c8783acdf4a63f3c917b?s=96&d=mm&r=g\",\"contentUrl\":\"https:\\\/\\\/secure.gravatar.com\\\/avatar\\\/1065035eb5e480668fbf77e163c2e86f81ac342eaad4c8783acdf4a63f3c917b?s=96&d=mm&r=g\",\"caption\":\"Axelle Martin\"},\"sameAs\":[\"@antropocominside\"]}]}<\/script>\n<!-- \/ Yoast SEO plugin. -->","yoast_head_json":{"title":"La \u00ab d\u00e9moqueratie \u00bb au coeur de la campagne \u00e9lectorale sur les r\u00e9seaux socionum\u00e9riques","description":"Le programme du s\u00e9minaire \u201cCommentaires num\u00e9riques et organisations\u201d organis\u00e9 par l'IDETCOM le 8 avril est en ligne. Arnaud Mercier y \u00e9voquera \"La \u00ab d\u00e9moqueratie \u00bb au coeur de la campagne \u00e9lectorale sur les r\u00e9seaux socionum\u00e9riques\".","robots":{"index":"index","follow":"follow","max-snippet":"max-snippet:-1","max-image-preview":"max-image-preview:large","max-video-preview":"max-video-preview:-1"},"canonical":"https:\/\/www.sfsic.org\/en\/evenement\/la-demoqueratie-au-coeur-de-la-campagne-electorale-sur-les-reseaux-socionumeriques\/","og_locale":"en_US","og_type":"article","og_title":"La \u00ab d\u00e9moqueratie \u00bb au coeur de la campagne \u00e9lectorale sur les r\u00e9seaux socionum\u00e9riques","og_description":"Le programme du s\u00e9minaire \u201cCommentaires num\u00e9riques et organisations\u201d organis\u00e9 par l'IDETCOM le 8 avril est en ligne. Arnaud Mercier y \u00e9voquera \"La \u00ab d\u00e9moqueratie \u00bb au coeur de la campagne \u00e9lectorale sur les r\u00e9seaux socionum\u00e9riques\".","og_url":"https:\/\/www.sfsic.org\/en\/evenement\/la-demoqueratie-au-coeur-de-la-campagne-electorale-sur-les-reseaux-socionumeriques\/","og_site_name":"SFSIC","article_published_time":"2022-04-01T08:00:04+00:00","og_image":[{"url":"https:\/\/www.sfsic.org\/wp-inside\/uploads\/skp-membership\/demande_adh\/idetcom-logo-fr-q-249x320.jpg","type":"","width":"","height":""}],"author":"Axelle Martin","twitter_card":"summary_large_image","schema":{"@context":"https:\/\/schema.org","@graph":[{"@type":"Article","@id":"https:\/\/www.sfsic.org\/en\/evenement\/la-demoqueratie-au-coeur-de-la-campagne-electorale-sur-les-reseaux-socionumeriques\/#article","isPartOf":{"@id":"https:\/\/www.sfsic.org\/en\/evenement\/la-demoqueratie-au-coeur-de-la-campagne-electorale-sur-les-reseaux-socionumeriques\/"},"author":{"name":"Axelle Martin","@id":"https:\/\/www.sfsic.org\/en\/#\/schema\/person\/d3606993477708f4359fb9aeda58df3b"},"headline":"La \u00ab d\u00e9moqueratie \u00bb au coeur de la campagne \u00e9lectorale sur les r\u00e9seaux socionum\u00e9riques","datePublished":"2022-04-01T08:00:04+00:00","mainEntityOfPage":{"@id":"https:\/\/www.sfsic.org\/en\/evenement\/la-demoqueratie-au-coeur-de-la-campagne-electorale-sur-les-reseaux-socionumeriques\/"},"wordCount":509,"publisher":{"@id":"https:\/\/www.sfsic.org\/en\/#organization"},"image":{"@id":"https:\/\/www.sfsic.org\/en\/evenement\/la-demoqueratie-au-coeur-de-la-campagne-electorale-sur-les-reseaux-socionumeriques\/#primaryimage"},"thumbnailUrl":"https:\/\/www.sfsic.org\/wp-inside\/uploads\/skp-membership\/demande_adh\/idetcom-logo-fr-q-249x320.jpg","keywords":["Election","Num\u00e9rique","Politique","R\u00e9seaux sociaux num\u00e9riques"],"articleSection":["Colloque","\u00c9v\u00e9nements"],"inLanguage":"en-US"},{"@type":"WebPage","@id":"https:\/\/www.sfsic.org\/en\/evenement\/la-demoqueratie-au-coeur-de-la-campagne-electorale-sur-les-reseaux-socionumeriques\/","url":"https:\/\/www.sfsic.org\/en\/evenement\/la-demoqueratie-au-coeur-de-la-campagne-electorale-sur-les-reseaux-socionumeriques\/","name":"La \u00ab d\u00e9moqueratie \u00bb au coeur de la campagne \u00e9lectorale sur les r\u00e9seaux socionum\u00e9riques","isPartOf":{"@id":"https:\/\/www.sfsic.org\/en\/#website"},"primaryImageOfPage":{"@id":"https:\/\/www.sfsic.org\/en\/evenement\/la-demoqueratie-au-coeur-de-la-campagne-electorale-sur-les-reseaux-socionumeriques\/#primaryimage"},"image":{"@id":"https:\/\/www.sfsic.org\/en\/evenement\/la-demoqueratie-au-coeur-de-la-campagne-electorale-sur-les-reseaux-socionumeriques\/#primaryimage"},"thumbnailUrl":"https:\/\/www.sfsic.org\/wp-inside\/uploads\/skp-membership\/demande_adh\/idetcom-logo-fr-q-249x320.jpg","datePublished":"2022-04-01T08:00:04+00:00","description":"Le programme du s\u00e9minaire \u201cCommentaires num\u00e9riques et organisations\u201d organis\u00e9 par l'IDETCOM le 8 avril est en ligne. Arnaud Mercier y \u00e9voquera \"La \u00ab d\u00e9moqueratie \u00bb au coeur de la campagne \u00e9lectorale sur les r\u00e9seaux socionum\u00e9riques\".","breadcrumb":{"@id":"https:\/\/www.sfsic.org\/en\/evenement\/la-demoqueratie-au-coeur-de-la-campagne-electorale-sur-les-reseaux-socionumeriques\/#breadcrumb"},"inLanguage":"en-US","potentialAction":[{"@type":"ReadAction","target":["https:\/\/www.sfsic.org\/en\/evenement\/la-demoqueratie-au-coeur-de-la-campagne-electorale-sur-les-reseaux-socionumeriques\/"]}]},{"@type":"ImageObject","inLanguage":"en-US","@id":"https:\/\/www.sfsic.org\/en\/evenement\/la-demoqueratie-au-coeur-de-la-campagne-electorale-sur-les-reseaux-socionumeriques\/#primaryimage","url":"https:\/\/www.sfsic.org\/wp-inside\/uploads\/skp-membership\/demande_adh\/idetcom-logo-fr-q-249x320.jpg","contentUrl":"https:\/\/www.sfsic.org\/wp-inside\/uploads\/skp-membership\/demande_adh\/idetcom-logo-fr-q-249x320.jpg"},{"@type":"BreadcrumbList","@id":"https:\/\/www.sfsic.org\/en\/evenement\/la-demoqueratie-au-coeur-de-la-campagne-electorale-sur-les-reseaux-socionumeriques\/#breadcrumb","itemListElement":[{"@type":"ListItem","position":1,"name":"Accueil","item":"https:\/\/www.sfsic.org\/en\/"},{"@type":"ListItem","position":2,"name":"Events","item":"https:\/\/www.sfsic.org\/en\/events\/"},{"@type":"ListItem","position":3,"name":"Conference","item":"https:\/\/www.sfsic.org\/en\/events\/conference-en\/"},{"@type":"ListItem","position":4,"name":"La \u00ab&#160;d\u00e9moqueratie&#160;\u00bb au coeur de la campagne \u00e9lectorale sur les r\u00e9seaux socionum\u00e9riques"}]},{"@type":"WebSite","@id":"https:\/\/www.sfsic.org\/en\/#website","url":"https:\/\/www.sfsic.org\/en\/","name":"SFSIC","description":"Soci\u00e9t\u00e9 Fran\u00e7aise des Sciences de l&#039;Information &amp; de la Communication","publisher":{"@id":"https:\/\/www.sfsic.org\/en\/#organization"},"potentialAction":[{"@type":"SearchAction","target":{"@type":"EntryPoint","urlTemplate":"https:\/\/www.sfsic.org\/en\/?s={search_term_string}"},"query-input":{"@type":"PropertyValueSpecification","valueRequired":true,"valueName":"search_term_string"}}],"inLanguage":"en-US"},{"@type":"Organization","@id":"https:\/\/www.sfsic.org\/en\/#organization","name":"SFSIC","url":"https:\/\/www.sfsic.org\/en\/","logo":{"@type":"ImageObject","inLanguage":"en-US","@id":"https:\/\/www.sfsic.org\/en\/#\/schema\/logo\/image\/","url":"https:\/\/www.sfsic.org\/wp-inside\/uploads\/2020\/05\/logo-sfsic.jpg","contentUrl":"https:\/\/www.sfsic.org\/wp-inside\/uploads\/2020\/05\/logo-sfsic.jpg","width":1085,"height":1080,"caption":"SFSIC"},"image":{"@id":"https:\/\/www.sfsic.org\/en\/#\/schema\/logo\/image\/"}},{"@type":"Person","@id":"https:\/\/www.sfsic.org\/en\/#\/schema\/person\/d3606993477708f4359fb9aeda58df3b","name":"Axelle Martin","image":{"@type":"ImageObject","inLanguage":"en-US","@id":"https:\/\/secure.gravatar.com\/avatar\/1065035eb5e480668fbf77e163c2e86f81ac342eaad4c8783acdf4a63f3c917b?s=96&d=mm&r=g","url":"https:\/\/secure.gravatar.com\/avatar\/1065035eb5e480668fbf77e163c2e86f81ac342eaad4c8783acdf4a63f3c917b?s=96&d=mm&r=g","contentUrl":"https:\/\/secure.gravatar.com\/avatar\/1065035eb5e480668fbf77e163c2e86f81ac342eaad4c8783acdf4a63f3c917b?s=96&d=mm&r=g","caption":"Axelle Martin"},"sameAs":["@antropocominside"]}]}},"_links":{"self":[{"href":"https:\/\/www.sfsic.org\/en\/wp-json\/wp\/v2\/posts\/23718","targetHints":{"allow":["GET"]}}],"collection":[{"href":"https:\/\/www.sfsic.org\/en\/wp-json\/wp\/v2\/posts"}],"about":[{"href":"https:\/\/www.sfsic.org\/en\/wp-json\/wp\/v2\/types\/post"}],"author":[{"embeddable":true,"href":"https:\/\/www.sfsic.org\/en\/wp-json\/wp\/v2\/users\/781"}],"replies":[{"embeddable":true,"href":"https:\/\/www.sfsic.org\/en\/wp-json\/wp\/v2\/comments?post=23718"}],"version-history":[{"count":4,"href":"https:\/\/www.sfsic.org\/en\/wp-json\/wp\/v2\/posts\/23718\/revisions"}],"predecessor-version":[{"id":23724,"href":"https:\/\/www.sfsic.org\/en\/wp-json\/wp\/v2\/posts\/23718\/revisions\/23724"}],"wp:attachment":[{"href":"https:\/\/www.sfsic.org\/en\/wp-json\/wp\/v2\/media?parent=23718"}],"wp:term":[{"taxonomy":"category","embeddable":true,"href":"https:\/\/www.sfsic.org\/en\/wp-json\/wp\/v2\/categories?post=23718"},{"taxonomy":"post_tag","embeddable":true,"href":"https:\/\/www.sfsic.org\/en\/wp-json\/wp\/v2\/tags?post=23718"},{"taxonomy":"thematique","embeddable":true,"href":"https:\/\/www.sfsic.org\/en\/wp-json\/wp\/v2\/thematique?post=23718"},{"taxonomy":"sfsic","embeddable":true,"href":"https:\/\/www.sfsic.org\/en\/wp-json\/wp\/v2\/sfsic?post=23718"}],"curies":[{"name":"wp","href":"https:\/\/api.w.org\/{rel}","templated":true}]}}