{"id":23681,"date":"2022-03-31T10:25:50","date_gmt":"2022-03-31T08:25:50","guid":{"rendered":"https:\/\/www.sfsic.org\/?p=23681"},"modified":"2022-03-26T22:27:00","modified_gmt":"2022-03-26T21:27:00","slug":"la-privatisation-numerique-destabilisation-et-reinvention-du-service-public","status":"publish","type":"post","link":"https:\/\/www.sfsic.org\/en\/publication\/la-privatisation-numerique-destabilisation-et-reinvention-du-service-public\/","title":{"rendered":"La privatisation num\u00e9rique. D\u00e9stabilisation et r\u00e9invention du service public."},"content":{"rendered":"<p><!-- fxzn:singledetail --><\/p>\n<div class=\"zone zn-singledetail\" id=\"fxzn-singledetail-1\">\n<div class=\"zone-block zn-singledetail-block alignwide va-top\">\n<div class=\"row\">\n<div class=\"columns large-8 large-push-4\">\n<div class=\"zn-singledetail-metabox\">\n<div class=\"zn-singledetail-pubdate pubdate\">\n\t\t\t\t\t<span class=\"pubdate-txt\">Mis en ligne le<\/span><span class=\"doubledot\"><\/span> 26 mars 2022\t\t\t\t<\/div>\n<div class=\"zn-singledetail-thematiques with-sep-comma\">\n<ul class=\"termslist termslist-thematique\">\n<li class=\"termslist-item termslist-title\"><span class=\"termslist-titletxt\">Th\u00e9matiques<\/span><span class=\"doubledot\"><\/span><\/li>\n<li class=\"termslist-item tax-thematique term-numerique-strategies-dispositifs-et-usages\"><a class=\"termslist-itemlink\" href=\"https:\/\/www.sfsic.org\/en\/thematiques\/digital-strategies-devices-and-uses-en\/\" title=\"Num\u00e9rique : strat\u00e9gies, dispositifs et usages\"><span class=\"termslist-itemname\">Num\u00e9rique : strat\u00e9gies, dispositifs et usages<\/span><\/a><\/li>\n<\/ul><\/div>\n<\/p><\/div>\n<\/p><\/div>\n<\/p><\/div>\n<div class=\"row\">\n<div class=\"columns large-4\">\n<div class=\"zn-singledetail-sidebar bg-cornersquares\">\n<div class=\"zn-singledetail-infos\">\n<p class=\"zn-singledetail-type\">\n\t\t\t\t\t\t\t<span>Type de publication<\/span><span class=\"doubledot\"><\/span> <strong>Ouvrage<\/strong>\n\t\t\t\t\t<\/p>\n<p class=\"zn-singledetail-edition\">\n\t\t\t\t\t\t\t<span>\u00c9dition<\/span><span class=\"doubledot\"><\/span> <strong>Raisons d&#8217;agir<\/strong>\n\t\t\t\t\t<\/p>\n<\/p><\/div>\n<div class=\"zn-singledetail-coordinators\">\n<h3 class=\"zn-singledetail-section-title\">Coordinateur(s) \/ Auteur(s)<\/h3>\n<ul class=\"zn-singledetail-coordinators-list\">\n<li class=\"zn-singledetail-coordinators-item\">\n\t\t\t\t\t\t\t<span>Gilles <\/span> <span>Jeannot <\/span>, <span>LATTS<\/span>\t\t\t\t\t\t\t\t\t\t\t\t\t<\/li>\n<li class=\"zn-singledetail-coordinators-item\">\n\t\t\t\t\t\t\t<span>Simon<\/span> <span> Cottin-Marx<\/span>, <span>LATTS<\/span>\t\t\t\t\t\t\t\t\t\t\t\t\t<\/li>\n<\/ul><\/div>\n<div class=\"zn-singledetail-weblinks\">\n<h3 class=\"zn-singledetail-section-title\">Sites internet de r\u00e9f\u00e9rence<\/h3>\n<ul class=\"zn-singledetail-weblinks-list\">\n<li>\n\t\t\t\t\t\t\t<a class=\"prettylink chainlink\" href=\"https:\/\/www.raisonsdagir-editions.org\/catalogue\/la-privatisation-numerique\/\" title=\"Site de la maison d'\u00e9ditions\" target=\"_blank\" rel=\"noopener\">Site de la maison d&#8217;\u00e9ditions<\/a>\n\t\t\t\t\t\t<\/li>\n<\/ul><\/div>\n<\/p><\/div>\n<\/p><\/div>\n<div class=\"columns large-8\">\n<div class=\"zn-singledetail-contentbox\">\n<div class=\"zn-singledetail-annonce wig-content\">\n<p><img decoding=\"async\" loading=\"lazy\" class=\"size-medium wp-image-23682 aligncenter\" src=\"https:\/\/www.sfsic.org\/wp-inside\/uploads\/2022\/03\/ouvrage_la-privatisation-numerique_2022-202x300.jpg\" alt=\"\" width=\"202\" height=\"300\" srcset=\"https:\/\/www.sfsic.org\/wp-inside\/uploads\/2022\/03\/ouvrage_la-privatisation-numerique_2022-202x300.jpg 202w, https:\/\/www.sfsic.org\/wp-inside\/uploads\/2022\/03\/ouvrage_la-privatisation-numerique_2022-216x320.jpg 216w, https:\/\/www.sfsic.org\/wp-inside\/uploads\/2022\/03\/ouvrage_la-privatisation-numerique_2022-200x296.jpg 200w, https:\/\/www.sfsic.org\/wp-inside\/uploads\/2022\/03\/ouvrage_la-privatisation-numerique_2022.jpg 340w\" sizes=\"auto, (max-width: 202px) 100vw, 202px\" \/><\/p>\n<p>&nbsp;<\/p>\n<p>Le d\u00e9veloppement du num\u00e9rique r\u00e9alise une forme de privatisation qui ne dit pas son nom.<br \/>\nLes entreprises les plus puissantes s\u2019emparent d\u2019activit\u00e9s jusqu\u2019ici d\u00e9volues au secteur public, dans les transports, les services urbains, l\u2019utilisation de l\u2019espace public, la s\u00e9curit\u00e9, l\u2019\u00e9ducation ou la sant\u00e9.<br \/>\nIl s\u2019agit en fait d\u2019une transformation des relations entre l\u2019\u00c9tat et les usagers&#160;: substitution d\u2019algorithmes aux agents publics, g\u00e9n\u00e9ralisation des m\u00e9canismes de notation, d\u00e9veloppement de l\u2019ub\u00e9risation des t\u00e2ches.<br \/>\nCe processus s\u2019adosse \u00e0 des capacit\u00e9s d\u2019investissement \u00e9normes qui d\u00e9passent celles des pouvoirs publics et \u00e0 des monopoles d\u00e9tenteurs de brevets puissants.<br \/>\nCette privatisation semble prendre la forme douce de dispositifs qui am\u00e9liorent le quotidien. Ses effets sociaux sont pourtant consid\u00e9rables&#160;: elle d\u00e9stabilise les entreprises et les administrations, renforce les in\u00e9galit\u00e9s sociales d\u2019acc\u00e8s aux services et acc\u00e9l\u00e8re la perte de souverainet\u00e9 publique.<br \/>\nLes tentatives de r\u00e9appropriation des communs num\u00e9riques ouvrent cependant des perspectives, notamment sous la forme d\u2019un militantisme de fonctionnaires qui d\u00e9fendent la souverainet\u00e9 num\u00e9rique nationale.<br \/>\nCet ouvrage porte au jour, derri\u00e8re les sympathiques \u00ab&#160;applis&#160;\u00bb de nos smartphones, les cons\u00e9quences \u00e9conomiques et techniques r\u00e9elles de cette privatisation num\u00e9rique, ainsi que les perspectives de r\u00e9sistance et de r\u00e9invention du service public.<\/p>\n<h2>Au sommaire<\/h2>\n<h4>Plan<\/h4>\n<h4>Introduction<\/h4>\n<h3><b>Privatisations<\/b><\/h3>\n<ul>\n<li>BlaBlaCar \u00e0 l\u2019assaut des bus de la SNCF<\/li>\n<li>Coyote, Citymapper, GoogleMap&#160;: une concurrence douce sur l\u2019information voyageur<\/li>\n<li>Trottinettes en freefloating, Waze&#160;: une appropriation de l\u2019espace public<\/li>\n<li>Suez contre IBM dans la ville des capteurs<\/li>\n<li>Stuart sympt\u00f4me de la pression pour l\u2019uberisation du service public<\/li>\n<li>Health data hub, Doctolb, StopCovid&#160;: politiques industrielles souveraines et privatisation<\/li>\n<\/ul>\n<h3>R\u00e9appropriations<\/h3>\n<ul>\n<li>Plateformes et startups d\u2019\u00c9tat, la tentation du mim\u00e9tisme<\/li>\n<li>Service public de la donn\u00e9e et infrastructure du num\u00e9rique<\/li>\n<li>Le logiciel libre fonctionnaires et militants<\/li>\n<li>OpenStreetMap et le partenariat public commun<\/li>\n<\/ul><\/div>\n<div class=\"zn-singledetail-attachedfiles\">\n<h3 class=\"zn-singledetail-section-title\">Fichier(s) attach\u00e9(s)<\/h3>\n<ul class=\"zn-singledetail-attachedfiles-list\">\n<li class=\"zn-singledetail-attachedfiles-item\">\n\t\t\t\t\t\t\t<a class=\"zn-singledetail-attachedfiles-link button outline for-download\" href=\"https:\/\/www.sfsic.org\/wp-inside\/uploads\/skp-membership\/demande_adh\/ouvrage_fiche_privatisation_numerique_2022.pdf\" title=\"T\u00e9l\u00e9charger : \u00ab ouvrage_fiche_privatisation_numerique_2022.pdf \u00bb\" target=\"_blank\" rel=\"noopener\"><br \/>\n\t\t\t\t\t\t\t\t<span class=\"button-txt\">Ouvrage_Fiche_Privatisation_nume\u0301rique_2022<span class=\"button-txt-type\"> (pdf)<\/span><\/span><br \/>\n\t\t\t\t\t\t\t<\/a>\n\t\t\t\t\t\t<\/li>\n<\/ul><\/div>\n<div class=\"zn-singledetail-keywords\">\n<h3 class=\"zn-singledetail-section-title\">Mots-cl\u00e9s<\/h3>\n<ul class=\"termslist termslist-post_tag\">\n<li class=\"termslist-item termslist-title\"><span class=\"termslist-titletxt\">Mots-cl\u00e9s<\/span><span class=\"doubledot\"><\/span><\/li>\n<li class=\"termslist-item tax-post_tag term-communication-publique\"><a class=\"termslist-itemlink\" href=\"https:\/\/www.sfsic.org\/en\/tag\/public-communication\/\" title=\"Communication publique\"><span class=\"termslist-itemname\">Communication publique<\/span><\/a><\/li>\n<li class=\"termslist-item tax-post_tag term-espace-public\"><a class=\"termslist-itemlink\" href=\"https:\/\/www.sfsic.org\/en\/tag\/public-space\/\" title=\"Espace public\"><span class=\"termslist-itemname\">Espace public<\/span><\/a><\/li>\n<li class=\"termslist-item tax-post_tag term-numerique\"><a class=\"termslist-itemlink\" href=\"https:\/\/www.sfsic.org\/en\/tag\/digital\/\" title=\"Num\u00e9rique\"><span class=\"termslist-itemname\">Num\u00e9rique<\/span><\/a><\/li>\n<\/ul><\/div>\n<\/p><\/div>\n<\/p><\/div>\n<\/p><\/div>\n<\/p><\/div>\n<\/div>\n<p><!-- \/fxzn:singledetail --><\/p>\n","protected":false},"excerpt":{"rendered":"<p>Mis en ligne le 26 mars 2022 Th\u00e9matiques Num\u00e9rique : strat\u00e9gies, dispositifs et usages Type de publication Ouvrage \u00c9dition Raisons d&#8217;agir Coordinateur(s) \/ Auteur(s) Gilles Jeannot , LATTS Simon Cottin-Marx, [&hellip;]<\/p>\n","protected":false},"author":781,"featured_media":0,"comment_status":"closed","ping_status":"closed","sticky":false,"template":"","format":"standard","meta":{"_acf_changed":false,"footnotes":""},"categories":[71,31],"tags":[308,79,90],"thematique":[39],"sfsic":[],"class_list":["post-23681","post","type-post","status-publish","format-standard","hentry","category-ouvrage","category-publication","tag-communication-publique","tag-espace-public","tag-numerique","thematique-numerique-strategies-dispositifs-et-usages","wp-sticky"],"acf":[],"yoast_head":"<!-- This site is optimized with the Yoast SEO plugin v27.5 - https:\/\/yoast.com\/product\/yoast-seo-wordpress\/ -->\n<title>La privatisation num\u00e9rique. D\u00e9stabilisation et r\u00e9invention du service public.<\/title>\n<meta name=\"description\" content=\"Parution de l&#039;ouvrage &quot;La privatisation num\u00e9rique. D\u00e9stabilisation et r\u00e9invention du service public&quot; coordonn\u00e9 par Gilles Jeannot et Simon Cottin-Marx.\" \/>\n<meta name=\"robots\" content=\"index, follow, max-snippet:-1, max-image-preview:large, max-video-preview:-1\" \/>\n<link rel=\"canonical\" href=\"https:\/\/www.sfsic.org\/en\/publication\/la-privatisation-numerique-destabilisation-et-reinvention-du-service-public\/\" \/>\n<meta property=\"og:locale\" content=\"en_US\" \/>\n<meta property=\"og:type\" content=\"article\" \/>\n<meta property=\"og:title\" content=\"La privatisation num\u00e9rique. D\u00e9stabilisation et r\u00e9invention du service public.\" \/>\n<meta property=\"og:description\" content=\"Parution de l&#039;ouvrage &quot;La privatisation num\u00e9rique. D\u00e9stabilisation et r\u00e9invention du service public&quot; coordonn\u00e9 par Gilles Jeannot et Simon Cottin-Marx.\" \/>\n<meta property=\"og:url\" content=\"https:\/\/www.sfsic.org\/en\/publication\/la-privatisation-numerique-destabilisation-et-reinvention-du-service-public\/\" \/>\n<meta property=\"og:site_name\" content=\"SFSIC\" \/>\n<meta property=\"article:published_time\" content=\"2022-03-31T08:25:50+00:00\" \/>\n<meta property=\"og:image\" content=\"https:\/\/www.sfsic.org\/wp-inside\/uploads\/2022\/03\/ouvrage_la-privatisation-numerique_2022-202x300.jpg\" \/>\n<meta name=\"author\" content=\"Axelle Martin\" \/>\n<meta name=\"twitter:card\" content=\"summary_large_image\" \/>\n<script type=\"application\/ld+json\" class=\"yoast-schema-graph\">{\"@context\":\"https:\\\/\\\/schema.org\",\"@graph\":[{\"@type\":\"Article\",\"@id\":\"https:\\\/\\\/www.sfsic.org\\\/en\\\/publication\\\/la-privatisation-numerique-destabilisation-et-reinvention-du-service-public\\\/#article\",\"isPartOf\":{\"@id\":\"https:\\\/\\\/www.sfsic.org\\\/en\\\/publication\\\/la-privatisation-numerique-destabilisation-et-reinvention-du-service-public\\\/\"},\"author\":{\"name\":\"Axelle Martin\",\"@id\":\"https:\\\/\\\/www.sfsic.org\\\/en\\\/#\\\/schema\\\/person\\\/d3606993477708f4359fb9aeda58df3b\"},\"headline\":\"La privatisation num\u00e9rique. D\u00e9stabilisation et r\u00e9invention du service public.\",\"datePublished\":\"2022-03-31T08:25:50+00:00\",\"mainEntityOfPage\":{\"@id\":\"https:\\\/\\\/www.sfsic.org\\\/en\\\/publication\\\/la-privatisation-numerique-destabilisation-et-reinvention-du-service-public\\\/\"},\"wordCount\":412,\"publisher\":{\"@id\":\"https:\\\/\\\/www.sfsic.org\\\/en\\\/#organization\"},\"image\":{\"@id\":\"https:\\\/\\\/www.sfsic.org\\\/en\\\/publication\\\/la-privatisation-numerique-destabilisation-et-reinvention-du-service-public\\\/#primaryimage\"},\"thumbnailUrl\":\"https:\\\/\\\/www.sfsic.org\\\/wp-inside\\\/uploads\\\/2022\\\/03\\\/ouvrage_la-privatisation-numerique_2022-202x300.jpg\",\"keywords\":[\"Communication publique\",\"Espace public\",\"Num\u00e9rique\"],\"articleSection\":[\"Ouvrage\",\"Publications\"],\"inLanguage\":\"en-US\"},{\"@type\":\"WebPage\",\"@id\":\"https:\\\/\\\/www.sfsic.org\\\/en\\\/publication\\\/la-privatisation-numerique-destabilisation-et-reinvention-du-service-public\\\/\",\"url\":\"https:\\\/\\\/www.sfsic.org\\\/en\\\/publication\\\/la-privatisation-numerique-destabilisation-et-reinvention-du-service-public\\\/\",\"name\":\"La privatisation num\u00e9rique. D\u00e9stabilisation et r\u00e9invention du service public.\",\"isPartOf\":{\"@id\":\"https:\\\/\\\/www.sfsic.org\\\/en\\\/#website\"},\"primaryImageOfPage\":{\"@id\":\"https:\\\/\\\/www.sfsic.org\\\/en\\\/publication\\\/la-privatisation-numerique-destabilisation-et-reinvention-du-service-public\\\/#primaryimage\"},\"image\":{\"@id\":\"https:\\\/\\\/www.sfsic.org\\\/en\\\/publication\\\/la-privatisation-numerique-destabilisation-et-reinvention-du-service-public\\\/#primaryimage\"},\"thumbnailUrl\":\"https:\\\/\\\/www.sfsic.org\\\/wp-inside\\\/uploads\\\/2022\\\/03\\\/ouvrage_la-privatisation-numerique_2022-202x300.jpg\",\"datePublished\":\"2022-03-31T08:25:50+00:00\",\"description\":\"Parution de l'ouvrage \\\"La privatisation num\u00e9rique. D\u00e9stabilisation et r\u00e9invention du service public\\\" coordonn\u00e9 par Gilles Jeannot et Simon Cottin-Marx.\",\"breadcrumb\":{\"@id\":\"https:\\\/\\\/www.sfsic.org\\\/en\\\/publication\\\/la-privatisation-numerique-destabilisation-et-reinvention-du-service-public\\\/#breadcrumb\"},\"inLanguage\":\"en-US\",\"potentialAction\":[{\"@type\":\"ReadAction\",\"target\":[\"https:\\\/\\\/www.sfsic.org\\\/en\\\/publication\\\/la-privatisation-numerique-destabilisation-et-reinvention-du-service-public\\\/\"]}]},{\"@type\":\"ImageObject\",\"inLanguage\":\"en-US\",\"@id\":\"https:\\\/\\\/www.sfsic.org\\\/en\\\/publication\\\/la-privatisation-numerique-destabilisation-et-reinvention-du-service-public\\\/#primaryimage\",\"url\":\"https:\\\/\\\/www.sfsic.org\\\/wp-inside\\\/uploads\\\/2022\\\/03\\\/ouvrage_la-privatisation-numerique_2022-202x300.jpg\",\"contentUrl\":\"https:\\\/\\\/www.sfsic.org\\\/wp-inside\\\/uploads\\\/2022\\\/03\\\/ouvrage_la-privatisation-numerique_2022-202x300.jpg\"},{\"@type\":\"BreadcrumbList\",\"@id\":\"https:\\\/\\\/www.sfsic.org\\\/en\\\/publication\\\/la-privatisation-numerique-destabilisation-et-reinvention-du-service-public\\\/#breadcrumb\",\"itemListElement\":[{\"@type\":\"ListItem\",\"position\":1,\"name\":\"Accueil\",\"item\":\"https:\\\/\\\/www.sfsic.org\\\/en\\\/\"},{\"@type\":\"ListItem\",\"position\":2,\"name\":\"Publications\",\"item\":\"https:\\\/\\\/www.sfsic.org\\\/en\\\/publication-en\\\/\"},{\"@type\":\"ListItem\",\"position\":3,\"name\":\"Book\",\"item\":\"https:\\\/\\\/www.sfsic.org\\\/en\\\/publication-en\\\/book\\\/\"},{\"@type\":\"ListItem\",\"position\":4,\"name\":\"La privatisation num\u00e9rique. D\u00e9stabilisation et r\u00e9invention du service public.\"}]},{\"@type\":\"WebSite\",\"@id\":\"https:\\\/\\\/www.sfsic.org\\\/en\\\/#website\",\"url\":\"https:\\\/\\\/www.sfsic.org\\\/en\\\/\",\"name\":\"SFSIC\",\"description\":\"Soci\u00e9t\u00e9 Fran\u00e7aise des Sciences de l&#039;Information &amp; de la Communication\",\"publisher\":{\"@id\":\"https:\\\/\\\/www.sfsic.org\\\/en\\\/#organization\"},\"potentialAction\":[{\"@type\":\"SearchAction\",\"target\":{\"@type\":\"EntryPoint\",\"urlTemplate\":\"https:\\\/\\\/www.sfsic.org\\\/en\\\/?s={search_term_string}\"},\"query-input\":{\"@type\":\"PropertyValueSpecification\",\"valueRequired\":true,\"valueName\":\"search_term_string\"}}],\"inLanguage\":\"en-US\"},{\"@type\":\"Organization\",\"@id\":\"https:\\\/\\\/www.sfsic.org\\\/en\\\/#organization\",\"name\":\"SFSIC\",\"url\":\"https:\\\/\\\/www.sfsic.org\\\/en\\\/\",\"logo\":{\"@type\":\"ImageObject\",\"inLanguage\":\"en-US\",\"@id\":\"https:\\\/\\\/www.sfsic.org\\\/en\\\/#\\\/schema\\\/logo\\\/image\\\/\",\"url\":\"https:\\\/\\\/www.sfsic.org\\\/wp-inside\\\/uploads\\\/2020\\\/05\\\/logo-sfsic.jpg\",\"contentUrl\":\"https:\\\/\\\/www.sfsic.org\\\/wp-inside\\\/uploads\\\/2020\\\/05\\\/logo-sfsic.jpg\",\"width\":1085,\"height\":1080,\"caption\":\"SFSIC\"},\"image\":{\"@id\":\"https:\\\/\\\/www.sfsic.org\\\/en\\\/#\\\/schema\\\/logo\\\/image\\\/\"}},{\"@type\":\"Person\",\"@id\":\"https:\\\/\\\/www.sfsic.org\\\/en\\\/#\\\/schema\\\/person\\\/d3606993477708f4359fb9aeda58df3b\",\"name\":\"Axelle Martin\",\"image\":{\"@type\":\"ImageObject\",\"inLanguage\":\"en-US\",\"@id\":\"https:\\\/\\\/secure.gravatar.com\\\/avatar\\\/1065035eb5e480668fbf77e163c2e86f81ac342eaad4c8783acdf4a63f3c917b?s=96&d=mm&r=g\",\"url\":\"https:\\\/\\\/secure.gravatar.com\\\/avatar\\\/1065035eb5e480668fbf77e163c2e86f81ac342eaad4c8783acdf4a63f3c917b?s=96&d=mm&r=g\",\"contentUrl\":\"https:\\\/\\\/secure.gravatar.com\\\/avatar\\\/1065035eb5e480668fbf77e163c2e86f81ac342eaad4c8783acdf4a63f3c917b?s=96&d=mm&r=g\",\"caption\":\"Axelle Martin\"},\"sameAs\":[\"@antropocominside\"]}]}<\/script>\n<!-- \/ Yoast SEO plugin. -->","yoast_head_json":{"title":"La privatisation num\u00e9rique. D\u00e9stabilisation et r\u00e9invention du service public.","description":"Parution de l'ouvrage \"La privatisation num\u00e9rique. D\u00e9stabilisation et r\u00e9invention du service public\" coordonn\u00e9 par Gilles Jeannot et Simon Cottin-Marx.","robots":{"index":"index","follow":"follow","max-snippet":"max-snippet:-1","max-image-preview":"max-image-preview:large","max-video-preview":"max-video-preview:-1"},"canonical":"https:\/\/www.sfsic.org\/en\/publication\/la-privatisation-numerique-destabilisation-et-reinvention-du-service-public\/","og_locale":"en_US","og_type":"article","og_title":"La privatisation num\u00e9rique. D\u00e9stabilisation et r\u00e9invention du service public.","og_description":"Parution de l'ouvrage \"La privatisation num\u00e9rique. D\u00e9stabilisation et r\u00e9invention du service public\" coordonn\u00e9 par Gilles Jeannot et Simon Cottin-Marx.","og_url":"https:\/\/www.sfsic.org\/en\/publication\/la-privatisation-numerique-destabilisation-et-reinvention-du-service-public\/","og_site_name":"SFSIC","article_published_time":"2022-03-31T08:25:50+00:00","og_image":[{"url":"https:\/\/www.sfsic.org\/wp-inside\/uploads\/2022\/03\/ouvrage_la-privatisation-numerique_2022-202x300.jpg","type":"","width":"","height":""}],"author":"Axelle Martin","twitter_card":"summary_large_image","schema":{"@context":"https:\/\/schema.org","@graph":[{"@type":"Article","@id":"https:\/\/www.sfsic.org\/en\/publication\/la-privatisation-numerique-destabilisation-et-reinvention-du-service-public\/#article","isPartOf":{"@id":"https:\/\/www.sfsic.org\/en\/publication\/la-privatisation-numerique-destabilisation-et-reinvention-du-service-public\/"},"author":{"name":"Axelle Martin","@id":"https:\/\/www.sfsic.org\/en\/#\/schema\/person\/d3606993477708f4359fb9aeda58df3b"},"headline":"La privatisation num\u00e9rique. D\u00e9stabilisation et r\u00e9invention du service public.","datePublished":"2022-03-31T08:25:50+00:00","mainEntityOfPage":{"@id":"https:\/\/www.sfsic.org\/en\/publication\/la-privatisation-numerique-destabilisation-et-reinvention-du-service-public\/"},"wordCount":412,"publisher":{"@id":"https:\/\/www.sfsic.org\/en\/#organization"},"image":{"@id":"https:\/\/www.sfsic.org\/en\/publication\/la-privatisation-numerique-destabilisation-et-reinvention-du-service-public\/#primaryimage"},"thumbnailUrl":"https:\/\/www.sfsic.org\/wp-inside\/uploads\/2022\/03\/ouvrage_la-privatisation-numerique_2022-202x300.jpg","keywords":["Communication publique","Espace public","Num\u00e9rique"],"articleSection":["Ouvrage","Publications"],"inLanguage":"en-US"},{"@type":"WebPage","@id":"https:\/\/www.sfsic.org\/en\/publication\/la-privatisation-numerique-destabilisation-et-reinvention-du-service-public\/","url":"https:\/\/www.sfsic.org\/en\/publication\/la-privatisation-numerique-destabilisation-et-reinvention-du-service-public\/","name":"La privatisation num\u00e9rique. D\u00e9stabilisation et r\u00e9invention du service public.","isPartOf":{"@id":"https:\/\/www.sfsic.org\/en\/#website"},"primaryImageOfPage":{"@id":"https:\/\/www.sfsic.org\/en\/publication\/la-privatisation-numerique-destabilisation-et-reinvention-du-service-public\/#primaryimage"},"image":{"@id":"https:\/\/www.sfsic.org\/en\/publication\/la-privatisation-numerique-destabilisation-et-reinvention-du-service-public\/#primaryimage"},"thumbnailUrl":"https:\/\/www.sfsic.org\/wp-inside\/uploads\/2022\/03\/ouvrage_la-privatisation-numerique_2022-202x300.jpg","datePublished":"2022-03-31T08:25:50+00:00","description":"Parution de l'ouvrage \"La privatisation num\u00e9rique. D\u00e9stabilisation et r\u00e9invention du service public\" coordonn\u00e9 par Gilles Jeannot et Simon Cottin-Marx.","breadcrumb":{"@id":"https:\/\/www.sfsic.org\/en\/publication\/la-privatisation-numerique-destabilisation-et-reinvention-du-service-public\/#breadcrumb"},"inLanguage":"en-US","potentialAction":[{"@type":"ReadAction","target":["https:\/\/www.sfsic.org\/en\/publication\/la-privatisation-numerique-destabilisation-et-reinvention-du-service-public\/"]}]},{"@type":"ImageObject","inLanguage":"en-US","@id":"https:\/\/www.sfsic.org\/en\/publication\/la-privatisation-numerique-destabilisation-et-reinvention-du-service-public\/#primaryimage","url":"https:\/\/www.sfsic.org\/wp-inside\/uploads\/2022\/03\/ouvrage_la-privatisation-numerique_2022-202x300.jpg","contentUrl":"https:\/\/www.sfsic.org\/wp-inside\/uploads\/2022\/03\/ouvrage_la-privatisation-numerique_2022-202x300.jpg"},{"@type":"BreadcrumbList","@id":"https:\/\/www.sfsic.org\/en\/publication\/la-privatisation-numerique-destabilisation-et-reinvention-du-service-public\/#breadcrumb","itemListElement":[{"@type":"ListItem","position":1,"name":"Accueil","item":"https:\/\/www.sfsic.org\/en\/"},{"@type":"ListItem","position":2,"name":"Publications","item":"https:\/\/www.sfsic.org\/en\/publication-en\/"},{"@type":"ListItem","position":3,"name":"Book","item":"https:\/\/www.sfsic.org\/en\/publication-en\/book\/"},{"@type":"ListItem","position":4,"name":"La privatisation num\u00e9rique. D\u00e9stabilisation et r\u00e9invention du service public."}]},{"@type":"WebSite","@id":"https:\/\/www.sfsic.org\/en\/#website","url":"https:\/\/www.sfsic.org\/en\/","name":"SFSIC","description":"Soci\u00e9t\u00e9 Fran\u00e7aise des Sciences de l&#039;Information &amp; de la Communication","publisher":{"@id":"https:\/\/www.sfsic.org\/en\/#organization"},"potentialAction":[{"@type":"SearchAction","target":{"@type":"EntryPoint","urlTemplate":"https:\/\/www.sfsic.org\/en\/?s={search_term_string}"},"query-input":{"@type":"PropertyValueSpecification","valueRequired":true,"valueName":"search_term_string"}}],"inLanguage":"en-US"},{"@type":"Organization","@id":"https:\/\/www.sfsic.org\/en\/#organization","name":"SFSIC","url":"https:\/\/www.sfsic.org\/en\/","logo":{"@type":"ImageObject","inLanguage":"en-US","@id":"https:\/\/www.sfsic.org\/en\/#\/schema\/logo\/image\/","url":"https:\/\/www.sfsic.org\/wp-inside\/uploads\/2020\/05\/logo-sfsic.jpg","contentUrl":"https:\/\/www.sfsic.org\/wp-inside\/uploads\/2020\/05\/logo-sfsic.jpg","width":1085,"height":1080,"caption":"SFSIC"},"image":{"@id":"https:\/\/www.sfsic.org\/en\/#\/schema\/logo\/image\/"}},{"@type":"Person","@id":"https:\/\/www.sfsic.org\/en\/#\/schema\/person\/d3606993477708f4359fb9aeda58df3b","name":"Axelle Martin","image":{"@type":"ImageObject","inLanguage":"en-US","@id":"https:\/\/secure.gravatar.com\/avatar\/1065035eb5e480668fbf77e163c2e86f81ac342eaad4c8783acdf4a63f3c917b?s=96&d=mm&r=g","url":"https:\/\/secure.gravatar.com\/avatar\/1065035eb5e480668fbf77e163c2e86f81ac342eaad4c8783acdf4a63f3c917b?s=96&d=mm&r=g","contentUrl":"https:\/\/secure.gravatar.com\/avatar\/1065035eb5e480668fbf77e163c2e86f81ac342eaad4c8783acdf4a63f3c917b?s=96&d=mm&r=g","caption":"Axelle Martin"},"sameAs":["@antropocominside"]}]}},"_links":{"self":[{"href":"https:\/\/www.sfsic.org\/en\/wp-json\/wp\/v2\/posts\/23681","targetHints":{"allow":["GET"]}}],"collection":[{"href":"https:\/\/www.sfsic.org\/en\/wp-json\/wp\/v2\/posts"}],"about":[{"href":"https:\/\/www.sfsic.org\/en\/wp-json\/wp\/v2\/types\/post"}],"author":[{"embeddable":true,"href":"https:\/\/www.sfsic.org\/en\/wp-json\/wp\/v2\/users\/781"}],"replies":[{"embeddable":true,"href":"https:\/\/www.sfsic.org\/en\/wp-json\/wp\/v2\/comments?post=23681"}],"version-history":[{"count":4,"href":"https:\/\/www.sfsic.org\/en\/wp-json\/wp\/v2\/posts\/23681\/revisions"}],"predecessor-version":[{"id":23689,"href":"https:\/\/www.sfsic.org\/en\/wp-json\/wp\/v2\/posts\/23681\/revisions\/23689"}],"wp:attachment":[{"href":"https:\/\/www.sfsic.org\/en\/wp-json\/wp\/v2\/media?parent=23681"}],"wp:term":[{"taxonomy":"category","embeddable":true,"href":"https:\/\/www.sfsic.org\/en\/wp-json\/wp\/v2\/categories?post=23681"},{"taxonomy":"post_tag","embeddable":true,"href":"https:\/\/www.sfsic.org\/en\/wp-json\/wp\/v2\/tags?post=23681"},{"taxonomy":"thematique","embeddable":true,"href":"https:\/\/www.sfsic.org\/en\/wp-json\/wp\/v2\/thematique?post=23681"},{"taxonomy":"sfsic","embeddable":true,"href":"https:\/\/www.sfsic.org\/en\/wp-json\/wp\/v2\/sfsic?post=23681"}],"curies":[{"name":"wp","href":"https:\/\/api.w.org\/{rel}","templated":true}]}}