{"id":23625,"date":"2022-03-26T19:12:23","date_gmt":"2022-03-26T18:12:23","guid":{"rendered":"https:\/\/www.sfsic.org\/?p=23625"},"modified":"2022-03-26T19:12:23","modified_gmt":"2022-03-26T18:12:23","slug":"la-metaphore-dans-la-communication-numerique","status":"publish","type":"post","link":"https:\/\/www.sfsic.org\/en\/aac-evenement\/la-metaphore-dans-la-communication-numerique\/","title":{"rendered":"La m\u00e9taphore dans la communication num\u00e9rique"},"content":{"rendered":"<p><!-- fxzn:singledetail --><\/p>\n<div class=\"zone zn-singledetail\" id=\"fxzn-singledetail-1\">\n<div class=\"zone-block zn-singledetail-block alignwide va-top\">\n<div class=\"row\">\n<div class=\"columns large-8 large-push-4\">\n<div class=\"zn-singledetail-metabox\">\n<div class=\"zn-singledetail-pubdate pubdate\">\n\t\t\t\t\t<span class=\"pubdate-txt\">Mis en ligne le<\/span><span class=\"doubledot\"><\/span> 26 mars 2022\t\t\t\t<\/div>\n<p class=\"zn-singledetail-calenda-info\">\n\t\t\t\t\t\tInformations \u00e9dit\u00e9es \u00e0 partir d\u2019une annonce <a class=\"calenda-link prettylink\" href=\"https:\/\/calenda.org\/982730\" target=\"_blank\" rel=\"noopener\"><strong>Calenda<\/strong><\/a>.\t\t\t\t\t<\/p>\n<div class=\"zn-singledetail-thematiques with-sep-comma\">\n<ul class=\"termslist termslist-thematique\">\n<li class=\"termslist-item termslist-title\"><span class=\"termslist-titletxt\">Th\u00e9matiques<\/span><span class=\"doubledot\"><\/span><\/li>\n<li class=\"termslist-item tax-thematique term-numerique-strategies-dispositifs-et-usages\"><a class=\"termslist-itemlink\" href=\"https:\/\/www.sfsic.org\/thematiques\/numerique-strategies-dispositifs-et-usages\/\" title=\"Num\u00e9rique : strat\u00e9gies, dispositifs et usages\"><span class=\"termslist-itemname\">Num\u00e9rique : strat\u00e9gies, dispositifs et usages<\/span><\/a><\/li>\n<li class=\"termslist-item tax-thematique term-organisation-des-connaissances\"><a class=\"termslist-itemlink\" href=\"https:\/\/www.sfsic.org\/thematiques\/organisation-des-connaissances\/\" title=\"Organisation des connaissances\"><span class=\"termslist-itemname\">Organisation des connaissances<\/span><\/a><\/li>\n<\/ul><\/div>\n<\/p><\/div>\n<\/p><\/div>\n<\/p><\/div>\n<div class=\"row\">\n<div class=\"columns large-4\">\n<div class=\"zn-singledetail-sidebar bg-cornersquares\">\n<div class=\"zn-singledetail-infos\">\n<p class=\"zn-singledetail-reponse-date\">\n\t\t\t\t\t\t<span>R\u00e9ponse attendue pour le<\/span><span class=\"doubledot\"><\/span> <strong>30\/04\/2022<\/strong>\n\t\t\t\t\t<\/p>\n<p class=\"zn-singledetail-reponse-type\">\n\t\t\t\t\t<span>Type de r\u00e9ponse<\/span><span class=\"doubledot\"><\/span> <strong>R\u00e9sum\u00e9<\/strong>\n\t\t\t\t\t<\/p>\n<p class=\"zn-singledetail-type\">\n\t\t\t\t\t\t\t<span>Type d\u2019\u00e9v\u00e9nement<\/span><span class=\"doubledot\"><\/span> <strong>Colloque<\/strong>\n\t\t\t\t\t<\/p>\n<\/p><\/div>\n<div class=\"zn-singledetail-contacts\">\n<h3 class=\"zn-singledetail-section-title\">Contacts<\/h3>\n<ul class=\"zn-singledetail-contacts-list\">\n<li class=\"zn-singledetail-contact\">\n\t\t\t\t\t\t\t<span class=\"zn-singledetail-contact-name\">Adriana Orlandi <\/span><span class=\"doubledot\"><\/span><br \/>\n\t\t\t\t\t\t\t\t\t\t\t\t\t\t<a class=\"zn-singledetail-contact-mail prettylink\" href=\"mailto:adriana.orlandi@unimore.it\">adriana.orlandi@unimore.it<\/a>\n\t\t\t\t\t\t\t\t\t\t\t\t\t<\/li>\n<li class=\"zn-singledetail-contact\">\n\t\t\t\t\t\t\t<span class=\"zn-singledetail-contact-name\">Gloria Zanella<\/span><span class=\"doubledot\"><\/span><br \/>\n\t\t\t\t\t\t\t\t\t\t\t\t\t\t<a class=\"zn-singledetail-contact-mail prettylink\" href=\"mailto:gloria.zanella@unimore.it\">gloria.zanella@unimore.it<\/a>\n\t\t\t\t\t\t\t\t\t\t\t\t\t<\/li>\n<\/ul><\/div>\n<\/p><\/div>\n<\/p><\/div>\n<div class=\"columns large-8\">\n<div class=\"zn-singledetail-contentbox\">\n<div class=\"zn-singledetail-eventinfo\">\n<div class=\"zn-singledetail-eventinfo-inner\">\n<div class=\"zn-singledetail-eventdates\">\n\t\t\t\t\t\t<span class=\"zn-singledetail-label\">Dates de l\u2019\u00e9v\u00e9nement<span class=\"doubledot\"><\/span><\/span><\/p>\n<ul class=\"zn-singledetail-eventdates-list\">\n<li class=\"zn-singledetail-eventdates-item\">\n\t\t\t\t\t\t\t\tDu 20\/10\/2022 au 21\/10\/2022\t\t\t\t\t\t\t<\/li>\n<\/ul><\/div>\n<p class=\"zn-singledetail-eventplace\">\n\t\t\t\t\t\t<span class=\"zn-singledetail-label\">Lieu de l\u2019\u00e9v\u00e9nement<span class=\"doubledot\"><\/span><\/span><br \/>\n\t\t\t\t\t\t<span class=\"zn-singledetail-eventplace-adr\"><br \/>\n\t\t\t\t\t\t\t\t\t\t\t\t<span class=\"adr-name\">Colloque CIRM<\/span>,<\/p>\n<p>\t\t\t\t\t\t\t\t\t\t\t\t<span class=\"adr-place\">Dipartimento di Studi Linguistici e Culturali <\/span>,<\/p>\n<p>\t\t\t\t\t\t<span class=\"adr-street\"> Largo Sant&#8217;Eufemia, 19.  <\/span>, <span class=\"adr-city\">Mod\u00e8ne<\/span>\t\t\t\t\t\t<span class=\"adr-cp\">Italie<\/span><br \/>\n\t\t\t\t\t\t<\/span>\t\t\t\t\t<\/p>\n<\/p><\/div>\n<\/p><\/div>\n<div class=\"zn-singledetail-annonce wig-content\">\n<div id=\"annonce-982730-fr\" class=\"tabContent\" lang=\"fr\" xml:lang=\"fr\">\n<h2>Argumentaire<\/h2>\n<p>Le <em><a href=\"https:\/\/cirm.unige.it\">Centro Interuniversitario di Ricerca sulle Metafore<\/a><\/em> (CIRM) organise, pour octobre 2022, un colloque international autour du th\u00e8me de la m\u00e9taphore dans la communication num\u00e9rique, un domaine de recherche r\u00e9cent et fortement interdisciplinaire. Le th\u00e8me du colloque sera \u00e9tudi\u00e9 sous diff\u00e9rents aspects et perspectives \u00e9pist\u00e9mologiques.<\/p>\n<p>Des communications de nature linguistique, mais aussi anthropologique, sociologique et technologique sont attendues, s\u2019inscrivant dans l&rsquo;un des objectifs d&rsquo;investigation suivants&#160;:<\/p>\n<ol>\n<li>\u00e9tudier les usages discursifs (persuasif, explicatif, argumentatif, etc.) que les m\u00e9taphores recouvrent au sein des diff\u00e9rentes formes de communication num\u00e9rique (twitter, blogs, sites web, pages facebook, messages audio et vid\u00e9o post\u00e9s, etc.), en analysant l\u2019impact possible sur les destinataires&#160;;<\/li>\n<li>explorer les diff\u00e9rentes manifestations s\u00e9miotiques des m\u00e9taphores dans la communication num\u00e9rique, des m\u00e9taphores linguistiques aux m\u00e9taphores visuelles qui exploitent le caract\u00e8re multimodal de la communication num\u00e9rique dans le but de (re)conceptualiser les \u00e9v\u00e9nements et les ph\u00e9nom\u00e8nes du monde contemporain&#160;;<\/li>\n<li>\u00e9tudier la capacit\u00e9 de cadrage (<em>framing<\/em>) des m\u00e9taphores aupr\u00e8s de l&rsquo;opinion publique, mais aussi v\u00e9rifier leur potentiel de recadrage (<em>reframing<\/em>), lorsqu\u2019elles sont d\u00e9ploy\u00e9es pour remodeler ou rectifier une vision de la r\u00e9alit\u00e9 impos\u00e9e par d\u2019autres m\u00e9taphores&#160;;<\/li>\n<li>examiner la fonction des m\u00e9taphores en tant qu&rsquo;instrument facilitant l&rsquo;acc\u00e8s \u00e0 des concepts complexes, mais aussi en tant que moyen plus ou moins intentionnel de d\u00e9sinformation, capable de contribuer au chaos informationnel, \u00e0 la diffusion de fausses informations ou d\u2019informations non v\u00e9rifi\u00e9es&#160;;<\/li>\n<li>\u00e9tudier les m\u00e9taphores que l\u2019on utilise pour parler des technologies num\u00e9riques afin de les l\u00e9gitimer ou de les critiquer, en mettant l&rsquo;accent sur le r\u00f4le pr\u00e9dominant que la communication num\u00e9rique exerce en tant que source d&rsquo;information pr\u00e9dominante pour les citoyens&#160;;<\/li>\n<li>v\u00e9rifier le r\u00f4le des nouvelles technologies de TAL dans l&rsquo;\u00e9tude des m\u00e9taphores \u00e0 travers, par exemple, le d\u00e9veloppement d&rsquo;outils pour l&rsquo;extraction et l&rsquo;analyse des m\u00e9taphores dans des corpus, ou l&rsquo;utilisation des technologies num\u00e9riques \u00e0 des fins p\u00e9dagogiques.<\/li>\n<\/ol>\n<h2>Modalit\u00e9s de contribution<\/h2>\n<p>Veuillez envoyer vos propositions de communication (<strong>un r\u00e9sum\u00e9 de 250 mots<\/strong> avec au moins 5 r\u00e9f\u00e9rences bibliographiques, l\u2019affiliation institutionnelle, et les coordonn\u00e9es personnelles) \u00e0 convegnocirm@gmail.com <strong>au plus tard le 30 avril 2022.<\/strong><\/p>\n<h2>Calendrier<\/h2>\n<ul>\n<li>30\/04\/2022 Soumission des propositions<\/li>\n<li>31\/05\/2022 Retour du Comit\u00e9 scientifique CIRM<\/li>\n<li>30\/06\/2022 Publication du programme provisoire et ouverture des inscriptions<\/li>\n<li>30\/09\/2022 Fermeture des inscriptions et publication du programme d\u00e9finitif<\/li>\n<li>20-21\/10\/2022 Colloque CIRM<\/li>\n<li>30\/11\/2022 Remise des articles pour la publication<\/li>\n<\/ul>\n<p>Les actes du colloque (soumis \u00e0 \u00e9valuation par les pairs) seront publi\u00e9s dans la collection \u201cI Quaderni del CIRM\u201d pour TAB edizioni au cours de 2023.<\/p>\n<h2>Comit\u00e9 d\u2019organisation<\/h2>\n<ul>\n<li>Adriana Orlandi (adriana.orlandi@unimore.it)<\/li>\n<li>Gloria Zanella (gloria.zanella@unimore.it)<\/li>\n<\/ul>\n<h2>Comit\u00e9 scientifique<\/h2>\n<ul>\n<li>Michelangelo Conoscenti (Universit\u00e0 di Torino)<\/li>\n<li>Annamaria Contini (Universit\u00e0 di Modena e Reggio Emilia)<\/li>\n<li>Ruggero Druetta (Universit\u00e0 di Torino)<\/li>\n<li>Elisabetta Gola (Universit\u00e0 di Cagliari)<\/li>\n<li>Adriana Orlandi (Universit\u00e0 di Modena e Reggio Emilia)<\/li>\n<li>Paola Paissa (Universit\u00e0 di Torino)<\/li>\n<li>Ilaria Rizzato (Universit\u00e0 di Genova)<\/li>\n<li>Micaela Rossi (Universit\u00e0 di Genova)<\/li>\n<li>Daniela Virdis (Universit\u00e0 di Cagliari)<\/li>\n<\/ul>\n<\/div><\/div>\n<div class=\"zn-singledetail-keywords\">\n<h3 class=\"zn-singledetail-section-title\">Mots-cl\u00e9s<\/h3>\n<ul class=\"termslist termslist-post_tag\">\n<li class=\"termslist-item termslist-title\"><span class=\"termslist-titletxt\">Mots-cl\u00e9s<\/span><span class=\"doubledot\"><\/span><\/li>\n<li class=\"termslist-item tax-post_tag term-epistemologie\"><a class=\"termslist-itemlink\" href=\"https:\/\/www.sfsic.org\/tag\/epistemologie\/\" title=\"\u00e9pist\u00e9mologie\"><span class=\"termslist-itemname\">\u00e9pist\u00e9mologie<\/span><\/a><\/li>\n<li class=\"termslist-item tax-post_tag term-humanites-numeriques\"><a class=\"termslist-itemlink\" href=\"https:\/\/www.sfsic.org\/tag\/humanites-numeriques\/\" title=\"Humanit\u00e9s num\u00e9riques\"><span class=\"termslist-itemname\">Humanit\u00e9s num\u00e9riques<\/span><\/a><\/li>\n<li class=\"termslist-item tax-post_tag term-methodologie\"><a class=\"termslist-itemlink\" href=\"https:\/\/www.sfsic.org\/tag\/methodologie\/\" title=\"M\u00e9thodologie\"><span class=\"termslist-itemname\">M\u00e9thodologie<\/span><\/a><\/li>\n<\/ul><\/div>\n<\/p><\/div>\n<\/p><\/div>\n<\/p><\/div>\n<\/p><\/div>\n<\/div>\n<p><!-- \/fxzn:singledetail --><\/p>\n","protected":false},"excerpt":{"rendered":"<p>Mis en ligne le 26 mars 2022 Informations \u00e9dit\u00e9es \u00e0 partir d\u2019une annonce Calenda. Th\u00e9matiques Num\u00e9rique : strat\u00e9gies, dispositifs et usages Organisation des connaissances R\u00e9ponse attendue pour le 30\/04\/2022 Type [&hellip;]<\/p>\n","protected":false},"author":781,"featured_media":0,"comment_status":"closed","ping_status":"closed","sticky":false,"template":"","format":"standard","meta":{"_acf_changed":false,"footnotes":""},"categories":[29,57],"tags":[407,99,110],"thematique":[39,42],"sfsic":[],"class_list":["post-23625","post","type-post","status-publish","format-standard","hentry","category-aac-evenement","category-colloque","tag-epistemologie","tag-humanites-numeriques","tag-methodologie","thematique-numerique-strategies-dispositifs-et-usages","thematique-organisation-des-connaissances","wp-sticky"],"acf":[],"yoast_head":"<!-- This site is optimized with the Yoast SEO plugin v27.4 - https:\/\/yoast.com\/product\/yoast-seo-wordpress\/ -->\n<title>La m\u00e9taphore dans la communication num\u00e9rique<\/title>\n<meta name=\"description\" content=\"Le Centro Interuniversitario di Ricerca sulle Metafore (CIRM) lance un appel \u00e0 contribution pour un colloque interdisciplinaire qui traite de la th\u00e9matique &quot;La m\u00e9taphore dans la communication num\u00e9rique&quot;.\" \/>\n<meta name=\"robots\" content=\"index, follow, max-snippet:-1, max-image-preview:large, max-video-preview:-1\" \/>\n<link rel=\"canonical\" href=\"https:\/\/www.sfsic.org\/en\/aac-evenement\/la-metaphore-dans-la-communication-numerique\/\" \/>\n<meta property=\"og:locale\" content=\"en_US\" \/>\n<meta property=\"og:type\" content=\"article\" \/>\n<meta property=\"og:title\" content=\"La m\u00e9taphore dans la communication num\u00e9rique\" \/>\n<meta property=\"og:description\" content=\"Le Centro Interuniversitario di Ricerca sulle Metafore (CIRM) lance un appel \u00e0 contribution pour un colloque interdisciplinaire qui traite de la th\u00e9matique &quot;La m\u00e9taphore dans la communication num\u00e9rique&quot;.\" \/>\n<meta property=\"og:url\" content=\"https:\/\/www.sfsic.org\/en\/aac-evenement\/la-metaphore-dans-la-communication-numerique\/\" \/>\n<meta property=\"og:site_name\" content=\"SFSIC\" \/>\n<meta property=\"article:published_time\" content=\"2022-03-26T18:12:23+00:00\" \/>\n<meta name=\"author\" content=\"Axelle Martin\" \/>\n<meta name=\"twitter:card\" content=\"summary_large_image\" \/>\n<script type=\"application\/ld+json\" class=\"yoast-schema-graph\">{\"@context\":\"https:\\\/\\\/schema.org\",\"@graph\":[{\"@type\":\"Article\",\"@id\":\"https:\\\/\\\/www.sfsic.org\\\/en\\\/aac-evenement\\\/la-metaphore-dans-la-communication-numerique\\\/#article\",\"isPartOf\":{\"@id\":\"https:\\\/\\\/www.sfsic.org\\\/en\\\/aac-evenement\\\/la-metaphore-dans-la-communication-numerique\\\/\"},\"author\":{\"name\":\"Axelle Martin\",\"@id\":\"https:\\\/\\\/www.sfsic.org\\\/en\\\/#\\\/schema\\\/person\\\/d3606993477708f4359fb9aeda58df3b\"},\"headline\":\"La m\u00e9taphore dans la communication num\u00e9rique\",\"datePublished\":\"2022-03-26T18:12:23+00:00\",\"mainEntityOfPage\":{\"@id\":\"https:\\\/\\\/www.sfsic.org\\\/en\\\/aac-evenement\\\/la-metaphore-dans-la-communication-numerique\\\/\"},\"wordCount\":640,\"publisher\":{\"@id\":\"https:\\\/\\\/www.sfsic.org\\\/en\\\/#organization\"},\"keywords\":[\"\u00e9pist\u00e9mologie\",\"Humanit\u00e9s num\u00e9riques\",\"M\u00e9thodologie\"],\"articleSection\":[\"AAC \u00c9v\u00e9nement\",\"Colloque\"],\"inLanguage\":\"en-US\"},{\"@type\":\"WebPage\",\"@id\":\"https:\\\/\\\/www.sfsic.org\\\/en\\\/aac-evenement\\\/la-metaphore-dans-la-communication-numerique\\\/\",\"url\":\"https:\\\/\\\/www.sfsic.org\\\/en\\\/aac-evenement\\\/la-metaphore-dans-la-communication-numerique\\\/\",\"name\":\"La m\u00e9taphore dans la communication num\u00e9rique\",\"isPartOf\":{\"@id\":\"https:\\\/\\\/www.sfsic.org\\\/en\\\/#website\"},\"datePublished\":\"2022-03-26T18:12:23+00:00\",\"description\":\"Le Centro Interuniversitario di Ricerca sulle Metafore (CIRM) lance un appel \u00e0 contribution pour un colloque interdisciplinaire qui traite de la th\u00e9matique \\\"La m\u00e9taphore dans la communication num\u00e9rique\\\".\",\"breadcrumb\":{\"@id\":\"https:\\\/\\\/www.sfsic.org\\\/en\\\/aac-evenement\\\/la-metaphore-dans-la-communication-numerique\\\/#breadcrumb\"},\"inLanguage\":\"en-US\",\"potentialAction\":[{\"@type\":\"ReadAction\",\"target\":[\"https:\\\/\\\/www.sfsic.org\\\/en\\\/aac-evenement\\\/la-metaphore-dans-la-communication-numerique\\\/\"]}]},{\"@type\":\"BreadcrumbList\",\"@id\":\"https:\\\/\\\/www.sfsic.org\\\/en\\\/aac-evenement\\\/la-metaphore-dans-la-communication-numerique\\\/#breadcrumb\",\"itemListElement\":[{\"@type\":\"ListItem\",\"position\":1,\"name\":\"Accueil\",\"item\":\"https:\\\/\\\/www.sfsic.org\\\/en\\\/\"},{\"@type\":\"ListItem\",\"position\":2,\"name\":\"Calls for Contributions\",\"item\":\"https:\\\/\\\/www.sfsic.org\\\/en\\\/cfc-event\\\/\"},{\"@type\":\"ListItem\",\"position\":3,\"name\":\"Conference\",\"item\":\"https:\\\/\\\/www.sfsic.org\\\/en\\\/cfc-event\\\/conference\\\/\"},{\"@type\":\"ListItem\",\"position\":4,\"name\":\"La m\u00e9taphore dans la communication num\u00e9rique\"}]},{\"@type\":\"WebSite\",\"@id\":\"https:\\\/\\\/www.sfsic.org\\\/en\\\/#website\",\"url\":\"https:\\\/\\\/www.sfsic.org\\\/en\\\/\",\"name\":\"SFSIC\",\"description\":\"Soci\u00e9t\u00e9 Fran\u00e7aise des Sciences de l&#039;Information &amp; de la Communication\",\"publisher\":{\"@id\":\"https:\\\/\\\/www.sfsic.org\\\/en\\\/#organization\"},\"potentialAction\":[{\"@type\":\"SearchAction\",\"target\":{\"@type\":\"EntryPoint\",\"urlTemplate\":\"https:\\\/\\\/www.sfsic.org\\\/en\\\/?s={search_term_string}\"},\"query-input\":{\"@type\":\"PropertyValueSpecification\",\"valueRequired\":true,\"valueName\":\"search_term_string\"}}],\"inLanguage\":\"en-US\"},{\"@type\":\"Organization\",\"@id\":\"https:\\\/\\\/www.sfsic.org\\\/en\\\/#organization\",\"name\":\"SFSIC\",\"url\":\"https:\\\/\\\/www.sfsic.org\\\/en\\\/\",\"logo\":{\"@type\":\"ImageObject\",\"inLanguage\":\"en-US\",\"@id\":\"https:\\\/\\\/www.sfsic.org\\\/en\\\/#\\\/schema\\\/logo\\\/image\\\/\",\"url\":\"https:\\\/\\\/www.sfsic.org\\\/wp-inside\\\/uploads\\\/2020\\\/05\\\/logo-sfsic.jpg\",\"contentUrl\":\"https:\\\/\\\/www.sfsic.org\\\/wp-inside\\\/uploads\\\/2020\\\/05\\\/logo-sfsic.jpg\",\"width\":1085,\"height\":1080,\"caption\":\"SFSIC\"},\"image\":{\"@id\":\"https:\\\/\\\/www.sfsic.org\\\/en\\\/#\\\/schema\\\/logo\\\/image\\\/\"}},{\"@type\":\"Person\",\"@id\":\"https:\\\/\\\/www.sfsic.org\\\/en\\\/#\\\/schema\\\/person\\\/d3606993477708f4359fb9aeda58df3b\",\"name\":\"Axelle Martin\",\"image\":{\"@type\":\"ImageObject\",\"inLanguage\":\"en-US\",\"@id\":\"https:\\\/\\\/secure.gravatar.com\\\/avatar\\\/1065035eb5e480668fbf77e163c2e86f81ac342eaad4c8783acdf4a63f3c917b?s=96&d=mm&r=g\",\"url\":\"https:\\\/\\\/secure.gravatar.com\\\/avatar\\\/1065035eb5e480668fbf77e163c2e86f81ac342eaad4c8783acdf4a63f3c917b?s=96&d=mm&r=g\",\"contentUrl\":\"https:\\\/\\\/secure.gravatar.com\\\/avatar\\\/1065035eb5e480668fbf77e163c2e86f81ac342eaad4c8783acdf4a63f3c917b?s=96&d=mm&r=g\",\"caption\":\"Axelle Martin\"},\"sameAs\":[\"@antropocominside\"]}]}<\/script>\n<!-- \/ Yoast SEO plugin. -->","yoast_head_json":{"title":"La m\u00e9taphore dans la communication num\u00e9rique","description":"Le Centro Interuniversitario di Ricerca sulle Metafore (CIRM) lance un appel \u00e0 contribution pour un colloque interdisciplinaire qui traite de la th\u00e9matique \"La m\u00e9taphore dans la communication num\u00e9rique\".","robots":{"index":"index","follow":"follow","max-snippet":"max-snippet:-1","max-image-preview":"max-image-preview:large","max-video-preview":"max-video-preview:-1"},"canonical":"https:\/\/www.sfsic.org\/en\/aac-evenement\/la-metaphore-dans-la-communication-numerique\/","og_locale":"en_US","og_type":"article","og_title":"La m\u00e9taphore dans la communication num\u00e9rique","og_description":"Le Centro Interuniversitario di Ricerca sulle Metafore (CIRM) lance un appel \u00e0 contribution pour un colloque interdisciplinaire qui traite de la th\u00e9matique \"La m\u00e9taphore dans la communication num\u00e9rique\".","og_url":"https:\/\/www.sfsic.org\/en\/aac-evenement\/la-metaphore-dans-la-communication-numerique\/","og_site_name":"SFSIC","article_published_time":"2022-03-26T18:12:23+00:00","author":"Axelle Martin","twitter_card":"summary_large_image","schema":{"@context":"https:\/\/schema.org","@graph":[{"@type":"Article","@id":"https:\/\/www.sfsic.org\/en\/aac-evenement\/la-metaphore-dans-la-communication-numerique\/#article","isPartOf":{"@id":"https:\/\/www.sfsic.org\/en\/aac-evenement\/la-metaphore-dans-la-communication-numerique\/"},"author":{"name":"Axelle Martin","@id":"https:\/\/www.sfsic.org\/en\/#\/schema\/person\/d3606993477708f4359fb9aeda58df3b"},"headline":"La m\u00e9taphore dans la communication num\u00e9rique","datePublished":"2022-03-26T18:12:23+00:00","mainEntityOfPage":{"@id":"https:\/\/www.sfsic.org\/en\/aac-evenement\/la-metaphore-dans-la-communication-numerique\/"},"wordCount":640,"publisher":{"@id":"https:\/\/www.sfsic.org\/en\/#organization"},"keywords":["\u00e9pist\u00e9mologie","Humanit\u00e9s num\u00e9riques","M\u00e9thodologie"],"articleSection":["AAC \u00c9v\u00e9nement","Colloque"],"inLanguage":"en-US"},{"@type":"WebPage","@id":"https:\/\/www.sfsic.org\/en\/aac-evenement\/la-metaphore-dans-la-communication-numerique\/","url":"https:\/\/www.sfsic.org\/en\/aac-evenement\/la-metaphore-dans-la-communication-numerique\/","name":"La m\u00e9taphore dans la communication num\u00e9rique","isPartOf":{"@id":"https:\/\/www.sfsic.org\/en\/#website"},"datePublished":"2022-03-26T18:12:23+00:00","description":"Le Centro Interuniversitario di Ricerca sulle Metafore (CIRM) lance un appel \u00e0 contribution pour un colloque interdisciplinaire qui traite de la th\u00e9matique \"La m\u00e9taphore dans la communication num\u00e9rique\".","breadcrumb":{"@id":"https:\/\/www.sfsic.org\/en\/aac-evenement\/la-metaphore-dans-la-communication-numerique\/#breadcrumb"},"inLanguage":"en-US","potentialAction":[{"@type":"ReadAction","target":["https:\/\/www.sfsic.org\/en\/aac-evenement\/la-metaphore-dans-la-communication-numerique\/"]}]},{"@type":"BreadcrumbList","@id":"https:\/\/www.sfsic.org\/en\/aac-evenement\/la-metaphore-dans-la-communication-numerique\/#breadcrumb","itemListElement":[{"@type":"ListItem","position":1,"name":"Accueil","item":"https:\/\/www.sfsic.org\/en\/"},{"@type":"ListItem","position":2,"name":"Calls for Contributions","item":"https:\/\/www.sfsic.org\/en\/cfc-event\/"},{"@type":"ListItem","position":3,"name":"Conference","item":"https:\/\/www.sfsic.org\/en\/cfc-event\/conference\/"},{"@type":"ListItem","position":4,"name":"La m\u00e9taphore dans la communication num\u00e9rique"}]},{"@type":"WebSite","@id":"https:\/\/www.sfsic.org\/en\/#website","url":"https:\/\/www.sfsic.org\/en\/","name":"SFSIC","description":"Soci\u00e9t\u00e9 Fran\u00e7aise des Sciences de l&#039;Information &amp; de la Communication","publisher":{"@id":"https:\/\/www.sfsic.org\/en\/#organization"},"potentialAction":[{"@type":"SearchAction","target":{"@type":"EntryPoint","urlTemplate":"https:\/\/www.sfsic.org\/en\/?s={search_term_string}"},"query-input":{"@type":"PropertyValueSpecification","valueRequired":true,"valueName":"search_term_string"}}],"inLanguage":"en-US"},{"@type":"Organization","@id":"https:\/\/www.sfsic.org\/en\/#organization","name":"SFSIC","url":"https:\/\/www.sfsic.org\/en\/","logo":{"@type":"ImageObject","inLanguage":"en-US","@id":"https:\/\/www.sfsic.org\/en\/#\/schema\/logo\/image\/","url":"https:\/\/www.sfsic.org\/wp-inside\/uploads\/2020\/05\/logo-sfsic.jpg","contentUrl":"https:\/\/www.sfsic.org\/wp-inside\/uploads\/2020\/05\/logo-sfsic.jpg","width":1085,"height":1080,"caption":"SFSIC"},"image":{"@id":"https:\/\/www.sfsic.org\/en\/#\/schema\/logo\/image\/"}},{"@type":"Person","@id":"https:\/\/www.sfsic.org\/en\/#\/schema\/person\/d3606993477708f4359fb9aeda58df3b","name":"Axelle Martin","image":{"@type":"ImageObject","inLanguage":"en-US","@id":"https:\/\/secure.gravatar.com\/avatar\/1065035eb5e480668fbf77e163c2e86f81ac342eaad4c8783acdf4a63f3c917b?s=96&d=mm&r=g","url":"https:\/\/secure.gravatar.com\/avatar\/1065035eb5e480668fbf77e163c2e86f81ac342eaad4c8783acdf4a63f3c917b?s=96&d=mm&r=g","contentUrl":"https:\/\/secure.gravatar.com\/avatar\/1065035eb5e480668fbf77e163c2e86f81ac342eaad4c8783acdf4a63f3c917b?s=96&d=mm&r=g","caption":"Axelle Martin"},"sameAs":["@antropocominside"]}]}},"_links":{"self":[{"href":"https:\/\/www.sfsic.org\/en\/wp-json\/wp\/v2\/posts\/23625","targetHints":{"allow":["GET"]}}],"collection":[{"href":"https:\/\/www.sfsic.org\/en\/wp-json\/wp\/v2\/posts"}],"about":[{"href":"https:\/\/www.sfsic.org\/en\/wp-json\/wp\/v2\/types\/post"}],"author":[{"embeddable":true,"href":"https:\/\/www.sfsic.org\/en\/wp-json\/wp\/v2\/users\/781"}],"replies":[{"embeddable":true,"href":"https:\/\/www.sfsic.org\/en\/wp-json\/wp\/v2\/comments?post=23625"}],"version-history":[{"count":1,"href":"https:\/\/www.sfsic.org\/en\/wp-json\/wp\/v2\/posts\/23625\/revisions"}],"predecessor-version":[{"id":23626,"href":"https:\/\/www.sfsic.org\/en\/wp-json\/wp\/v2\/posts\/23625\/revisions\/23626"}],"wp:attachment":[{"href":"https:\/\/www.sfsic.org\/en\/wp-json\/wp\/v2\/media?parent=23625"}],"wp:term":[{"taxonomy":"category","embeddable":true,"href":"https:\/\/www.sfsic.org\/en\/wp-json\/wp\/v2\/categories?post=23625"},{"taxonomy":"post_tag","embeddable":true,"href":"https:\/\/www.sfsic.org\/en\/wp-json\/wp\/v2\/tags?post=23625"},{"taxonomy":"thematique","embeddable":true,"href":"https:\/\/www.sfsic.org\/en\/wp-json\/wp\/v2\/thematique?post=23625"},{"taxonomy":"sfsic","embeddable":true,"href":"https:\/\/www.sfsic.org\/en\/wp-json\/wp\/v2\/sfsic?post=23625"}],"curies":[{"name":"wp","href":"https:\/\/api.w.org\/{rel}","templated":true}]}}