{"id":23526,"date":"2022-03-21T21:02:55","date_gmt":"2022-03-21T20:02:55","guid":{"rendered":"https:\/\/www.sfsic.org\/?p=23526"},"modified":"2022-03-21T21:04:44","modified_gmt":"2022-03-21T20:04:44","slug":"les-pratiques-numeriques-en-contexte","status":"publish","type":"post","link":"https:\/\/www.sfsic.org\/en\/evenement\/les-pratiques-numeriques-en-contexte\/","title":{"rendered":"Les pratiques num\u00e9riques en contexte."},"content":{"rendered":"<p><!-- fxzn:singledetail --><\/p>\n<div class=\"zone zn-singledetail\" id=\"fxzn-singledetail-1\">\n<div class=\"zone-block zn-singledetail-block alignwide va-top\">\n<div class=\"row\">\n<div class=\"columns large-8 large-push-4\">\n<div class=\"zn-singledetail-metabox\">\n<div class=\"zn-singledetail-pubdate pubdate\">\n\t\t\t\t\t<span class=\"pubdate-txt\">Mis en ligne le<\/span><span class=\"doubledot\"><\/span> 21 mars 2022\t\t\t\t<\/div>\n<div class=\"zn-singledetail-thematiques with-sep-comma\">\n<ul class=\"termslist termslist-thematique\">\n<li class=\"termslist-item termslist-title\"><span class=\"termslist-titletxt\">Th\u00e9matiques<\/span><span class=\"doubledot\"><\/span><\/li>\n<li class=\"termslist-item tax-thematique term-medias-et-journalisme\"><a class=\"termslist-itemlink\" href=\"https:\/\/www.sfsic.org\/thematiques\/medias-et-journalisme\/\" title=\"M\u00e9dias et journalisme\"><span class=\"termslist-itemname\">M\u00e9dias et journalisme<\/span><\/a><\/li>\n<li class=\"termslist-item tax-thematique term-numerique-strategies-dispositifs-et-usages\"><a class=\"termslist-itemlink\" href=\"https:\/\/www.sfsic.org\/thematiques\/numerique-strategies-dispositifs-et-usages\/\" title=\"Num\u00e9rique : strat\u00e9gies, dispositifs et usages\"><span class=\"termslist-itemname\">Num\u00e9rique : strat\u00e9gies, dispositifs et usages<\/span><\/a><\/li>\n<\/ul><\/div>\n<\/p><\/div>\n<\/p><\/div>\n<\/p><\/div>\n<div class=\"row\">\n<div class=\"columns large-4\">\n<div class=\"zn-singledetail-sidebar bg-cornersquares\">\n<div class=\"zn-singledetail-infos\">\n<p class=\"zn-singledetail-type\">\n\t\t\t\t\t\t\t<span>Type d\u2019\u00e9v\u00e9nement<\/span><span class=\"doubledot\"><\/span> <strong>S\u00e9minaire<\/strong>\n\t\t\t\t\t<\/p>\n<\/p><\/div>\n<div class=\"zn-singledetail-weblinks\">\n<h3 class=\"zn-singledetail-section-title\">Sites internet de r\u00e9f\u00e9rence<\/h3>\n<ul class=\"zn-singledetail-weblinks-list\">\n<li>\n\t\t\t\t\t\t\t<a class=\"prettylink chainlink\" href=\"https:\/\/cis.cnrs.fr\/extras\/inscriptions\/sem_cis.php\" title=\"Inscription au s\u00e9minaire\" target=\"_blank\" rel=\"noopener\">Inscription au s\u00e9minaire<\/a>\n\t\t\t\t\t\t<\/li>\n<\/ul><\/div>\n<\/p><\/div>\n<\/p><\/div>\n<div class=\"columns large-8\">\n<div class=\"zn-singledetail-contentbox\">\n<div class=\"zn-singledetail-eventinfo\">\n<div class=\"zn-singledetail-eventinfo-inner\">\n<div class=\"zn-singledetail-eventdates\">\n\t\t\t\t\t\t<span class=\"zn-singledetail-label\">Dates de l\u2019\u00e9v\u00e9nement<span class=\"doubledot\"><\/span><\/span><\/p>\n<ul class=\"zn-singledetail-eventdates-list\">\n<li class=\"zn-singledetail-eventdates-item\">\n\t\t\t\t\t\t\t\tDu 24\/03\/2022 au 24\/03\/2022, <span class=\"event-schedule\">14h-15h30<\/span>\t\t\t\t\t\t\t<\/li>\n<\/ul><\/div>\n<p class=\"zn-singledetail-eventplace\">\n\t\t\t\t\t\t<span class=\"zn-singledetail-label\">Lieu de l\u2019\u00e9v\u00e9nement<span class=\"doubledot\"><\/span><\/span><br \/>\n\t\t\t\t\t\t<a class=\"zn-singledetail-eventplace-adr\" href=\"https:\/\/cis.cnrs.fr\/extras\/inscriptions\/sem_cis.php\" title=\"\" target=\"_blank\" rel=\"noopener\"><\/p>\n<p>\t\t\t\t\t\t\t\t\t\t\t\t<span class=\"adr-place\">En ligne sur Zoom<\/span>,<\/p>\n<p>\t\t\t\t\t\t<\/a>\t\t\t\t\t<\/p>\n<\/p><\/div>\n<\/p><\/div>\n<div class=\"zn-singledetail-annonce wig-content\">\n<p>Cette pr\u00e9sentation propose une synth\u00e8se de la d\u00e9marche m\u00e9thodologique qui a constitu\u00e9 le fil conducteur de quatre enqu\u00eates ethnographiques ayant pour d\u00e9nominateur commun l\u2019\u00e9tude des usages du num\u00e9rique en lien avec diff\u00e9rents niveaux de contextes sociologiques.<\/p>\n<p>Les travaux auxquels il sera fait r\u00e9f\u00e9rence \u00e9tudient de mani\u00e8re contig\u00fce les pratiques et les modalit\u00e9s d\u2019appropriation identitaires dont elles sont l\u2019objet, c\u2019est-\u00e0-dire la mani\u00e8re dont les usages et les discours sur les usages dialoguent. Les dispositifs m\u00e9thodologiques pr\u00e9sent\u00e9s ont notamment pour objectif de saisir la circulation entre espaces num\u00e9riques et espaces pr\u00e9sentiels qu\u2019implique aujourd\u2019hui l\u2019\u00e9tude des pratiques d\u2019entretien du lien social, de performance de soi, de perception et de gestion de l\u2019intimit\u00e9, de socialisation juv\u00e9nile, conjugale, familiale et culturelle.<\/p>\n<p>Claire Balleys est sociologue, professeure associ\u00e9e au sein de l\u2019Universit\u00e9 de Gen\u00e8ve et directrice du Medialab-Gen\u00e8ve.<\/p>\n<\/p><\/div>\n<div class=\"zn-singledetail-keywords\">\n<h3 class=\"zn-singledetail-section-title\">Mots-cl\u00e9s<\/h3>\n<ul class=\"termslist termslist-post_tag\">\n<li class=\"termslist-item termslist-title\"><span class=\"termslist-titletxt\">Mots-cl\u00e9s<\/span><span class=\"doubledot\"><\/span><\/li>\n<li class=\"termslist-item tax-post_tag term-media\"><a class=\"termslist-itemlink\" href=\"https:\/\/www.sfsic.org\/tag\/media\/\" title=\"m\u00e9dia\"><span class=\"termslist-itemname\">m\u00e9dia<\/span><\/a><\/li>\n<li class=\"termslist-item tax-post_tag term-numerique\"><a class=\"termslist-itemlink\" href=\"https:\/\/www.sfsic.org\/tag\/numerique\/\" title=\"Num\u00e9rique\"><span class=\"termslist-itemname\">Num\u00e9rique<\/span><\/a><\/li>\n<li class=\"termslist-item tax-post_tag term-usages\"><a class=\"termslist-itemlink\" href=\"https:\/\/www.sfsic.org\/tag\/usages\/\" title=\"Usages\"><span class=\"termslist-itemname\">Usages<\/span><\/a><\/li>\n<\/ul><\/div>\n<\/p><\/div>\n<\/p><\/div>\n<\/p><\/div>\n<\/p><\/div>\n<\/div>\n<p><!-- \/fxzn:singledetail --><\/p>\n","protected":false},"excerpt":{"rendered":"<p>Mis en ligne le 21 mars 2022 Th\u00e9matiques M\u00e9dias et journalisme Num\u00e9rique : strat\u00e9gies, dispositifs et usages Type d\u2019\u00e9v\u00e9nement S\u00e9minaire Sites internet de r\u00e9f\u00e9rence Inscription au s\u00e9minaire Dates de l\u2019\u00e9v\u00e9nement [&hellip;]<\/p>\n","protected":false},"author":781,"featured_media":0,"comment_status":"closed","ping_status":"closed","sticky":false,"template":"","format":"standard","meta":{"_acf_changed":false,"footnotes":""},"categories":[30,69],"tags":[46,90,303],"thematique":[34,39],"sfsic":[],"class_list":["post-23526","post","type-post","status-publish","format-standard","hentry","category-evenement","category-seminaire-2","tag-media","tag-numerique","tag-usages","thematique-medias-et-journalisme","thematique-numerique-strategies-dispositifs-et-usages","wp-sticky"],"acf":[],"yoast_head":"<!-- This site is optimized with the Yoast SEO plugin v27.4 - https:\/\/yoast.com\/product\/yoast-seo-wordpress\/ -->\n<title>Les pratiques num\u00e9riques en contexte.<\/title>\n<meta name=\"description\" content=\"Le s\u00e9minaire du CIS re\u00e7oit en visioconf\u00e9rence Claire Balleys (Universit\u00e9 de Gen\u00e8ve) le 24 mars 2022, de 14h \u00e0 15h30. Elle \u00e9voquera &quot;Les pratiques num\u00e9riques en contexte. La port\u00e9e heuristique des m\u00e9thodes ethnographiques pour \u00e9tudier la circulation des pratiques interactives et performatives entre espaces m\u00e9diatis\u00e9s et pr\u00e9sentiels&quot;.\" \/>\n<meta name=\"robots\" content=\"index, follow, max-snippet:-1, max-image-preview:large, max-video-preview:-1\" \/>\n<link rel=\"canonical\" href=\"https:\/\/www.sfsic.org\/en\/evenement\/les-pratiques-numeriques-en-contexte\/\" \/>\n<meta property=\"og:locale\" content=\"en_US\" \/>\n<meta property=\"og:type\" content=\"article\" \/>\n<meta property=\"og:title\" content=\"Les pratiques num\u00e9riques en contexte.\" \/>\n<meta property=\"og:description\" content=\"Le s\u00e9minaire du CIS re\u00e7oit en visioconf\u00e9rence Claire Balleys (Universit\u00e9 de Gen\u00e8ve) le 24 mars 2022, de 14h \u00e0 15h30. Elle \u00e9voquera &quot;Les pratiques num\u00e9riques en contexte. La port\u00e9e heuristique des m\u00e9thodes ethnographiques pour \u00e9tudier la circulation des pratiques interactives et performatives entre espaces m\u00e9diatis\u00e9s et pr\u00e9sentiels&quot;.\" \/>\n<meta property=\"og:url\" content=\"https:\/\/www.sfsic.org\/en\/evenement\/les-pratiques-numeriques-en-contexte\/\" \/>\n<meta property=\"og:site_name\" content=\"SFSIC\" \/>\n<meta property=\"article:published_time\" content=\"2022-03-21T20:02:55+00:00\" \/>\n<meta property=\"article:modified_time\" content=\"2022-03-21T20:04:44+00:00\" \/>\n<meta name=\"author\" content=\"Axelle Martin\" \/>\n<meta name=\"twitter:card\" content=\"summary_large_image\" \/>\n<script type=\"application\/ld+json\" class=\"yoast-schema-graph\">{\"@context\":\"https:\\\/\\\/schema.org\",\"@graph\":[{\"@type\":\"Article\",\"@id\":\"https:\\\/\\\/www.sfsic.org\\\/en\\\/evenement\\\/les-pratiques-numeriques-en-contexte\\\/#article\",\"isPartOf\":{\"@id\":\"https:\\\/\\\/www.sfsic.org\\\/en\\\/evenement\\\/les-pratiques-numeriques-en-contexte\\\/\"},\"author\":{\"name\":\"Axelle Martin\",\"@id\":\"https:\\\/\\\/www.sfsic.org\\\/en\\\/#\\\/schema\\\/person\\\/d3606993477708f4359fb9aeda58df3b\"},\"headline\":\"Les pratiques num\u00e9riques en contexte.\",\"datePublished\":\"2022-03-21T20:02:55+00:00\",\"dateModified\":\"2022-03-21T20:04:44+00:00\",\"mainEntityOfPage\":{\"@id\":\"https:\\\/\\\/www.sfsic.org\\\/en\\\/evenement\\\/les-pratiques-numeriques-en-contexte\\\/\"},\"wordCount\":233,\"publisher\":{\"@id\":\"https:\\\/\\\/www.sfsic.org\\\/en\\\/#organization\"},\"keywords\":[\"m\u00e9dia\",\"Num\u00e9rique\",\"Usages\"],\"articleSection\":[\"\u00c9v\u00e9nements\",\"S\u00e9minaire\"],\"inLanguage\":\"en-US\"},{\"@type\":\"WebPage\",\"@id\":\"https:\\\/\\\/www.sfsic.org\\\/en\\\/evenement\\\/les-pratiques-numeriques-en-contexte\\\/\",\"url\":\"https:\\\/\\\/www.sfsic.org\\\/en\\\/evenement\\\/les-pratiques-numeriques-en-contexte\\\/\",\"name\":\"Les pratiques num\u00e9riques en contexte.\",\"isPartOf\":{\"@id\":\"https:\\\/\\\/www.sfsic.org\\\/en\\\/#website\"},\"datePublished\":\"2022-03-21T20:02:55+00:00\",\"dateModified\":\"2022-03-21T20:04:44+00:00\",\"description\":\"Le s\u00e9minaire du CIS re\u00e7oit en visioconf\u00e9rence Claire Balleys (Universit\u00e9 de Gen\u00e8ve) le 24 mars 2022, de 14h \u00e0 15h30. Elle \u00e9voquera \\\"Les pratiques num\u00e9riques en contexte. La port\u00e9e heuristique des m\u00e9thodes ethnographiques pour \u00e9tudier la circulation des pratiques interactives et performatives entre espaces m\u00e9diatis\u00e9s et pr\u00e9sentiels\\\".\",\"breadcrumb\":{\"@id\":\"https:\\\/\\\/www.sfsic.org\\\/en\\\/evenement\\\/les-pratiques-numeriques-en-contexte\\\/#breadcrumb\"},\"inLanguage\":\"en-US\",\"potentialAction\":[{\"@type\":\"ReadAction\",\"target\":[\"https:\\\/\\\/www.sfsic.org\\\/en\\\/evenement\\\/les-pratiques-numeriques-en-contexte\\\/\"]}]},{\"@type\":\"BreadcrumbList\",\"@id\":\"https:\\\/\\\/www.sfsic.org\\\/en\\\/evenement\\\/les-pratiques-numeriques-en-contexte\\\/#breadcrumb\",\"itemListElement\":[{\"@type\":\"ListItem\",\"position\":1,\"name\":\"Accueil\",\"item\":\"https:\\\/\\\/www.sfsic.org\\\/en\\\/\"},{\"@type\":\"ListItem\",\"position\":2,\"name\":\"Events\",\"item\":\"https:\\\/\\\/www.sfsic.org\\\/en\\\/events\\\/\"},{\"@type\":\"ListItem\",\"position\":3,\"name\":\"Seminar\",\"item\":\"https:\\\/\\\/www.sfsic.org\\\/en\\\/events\\\/seminar-2\\\/\"},{\"@type\":\"ListItem\",\"position\":4,\"name\":\"Les pratiques num\u00e9riques en contexte.\"}]},{\"@type\":\"WebSite\",\"@id\":\"https:\\\/\\\/www.sfsic.org\\\/en\\\/#website\",\"url\":\"https:\\\/\\\/www.sfsic.org\\\/en\\\/\",\"name\":\"SFSIC\",\"description\":\"Soci\u00e9t\u00e9 Fran\u00e7aise des Sciences de l&#039;Information &amp; de la Communication\",\"publisher\":{\"@id\":\"https:\\\/\\\/www.sfsic.org\\\/en\\\/#organization\"},\"potentialAction\":[{\"@type\":\"SearchAction\",\"target\":{\"@type\":\"EntryPoint\",\"urlTemplate\":\"https:\\\/\\\/www.sfsic.org\\\/en\\\/?s={search_term_string}\"},\"query-input\":{\"@type\":\"PropertyValueSpecification\",\"valueRequired\":true,\"valueName\":\"search_term_string\"}}],\"inLanguage\":\"en-US\"},{\"@type\":\"Organization\",\"@id\":\"https:\\\/\\\/www.sfsic.org\\\/en\\\/#organization\",\"name\":\"SFSIC\",\"url\":\"https:\\\/\\\/www.sfsic.org\\\/en\\\/\",\"logo\":{\"@type\":\"ImageObject\",\"inLanguage\":\"en-US\",\"@id\":\"https:\\\/\\\/www.sfsic.org\\\/en\\\/#\\\/schema\\\/logo\\\/image\\\/\",\"url\":\"https:\\\/\\\/www.sfsic.org\\\/wp-inside\\\/uploads\\\/2020\\\/05\\\/logo-sfsic.jpg\",\"contentUrl\":\"https:\\\/\\\/www.sfsic.org\\\/wp-inside\\\/uploads\\\/2020\\\/05\\\/logo-sfsic.jpg\",\"width\":1085,\"height\":1080,\"caption\":\"SFSIC\"},\"image\":{\"@id\":\"https:\\\/\\\/www.sfsic.org\\\/en\\\/#\\\/schema\\\/logo\\\/image\\\/\"}},{\"@type\":\"Person\",\"@id\":\"https:\\\/\\\/www.sfsic.org\\\/en\\\/#\\\/schema\\\/person\\\/d3606993477708f4359fb9aeda58df3b\",\"name\":\"Axelle Martin\",\"image\":{\"@type\":\"ImageObject\",\"inLanguage\":\"en-US\",\"@id\":\"https:\\\/\\\/secure.gravatar.com\\\/avatar\\\/1065035eb5e480668fbf77e163c2e86f81ac342eaad4c8783acdf4a63f3c917b?s=96&d=mm&r=g\",\"url\":\"https:\\\/\\\/secure.gravatar.com\\\/avatar\\\/1065035eb5e480668fbf77e163c2e86f81ac342eaad4c8783acdf4a63f3c917b?s=96&d=mm&r=g\",\"contentUrl\":\"https:\\\/\\\/secure.gravatar.com\\\/avatar\\\/1065035eb5e480668fbf77e163c2e86f81ac342eaad4c8783acdf4a63f3c917b?s=96&d=mm&r=g\",\"caption\":\"Axelle Martin\"},\"sameAs\":[\"@antropocominside\"]}]}<\/script>\n<!-- \/ Yoast SEO plugin. -->","yoast_head_json":{"title":"Les pratiques num\u00e9riques en contexte.","description":"Le s\u00e9minaire du CIS re\u00e7oit en visioconf\u00e9rence Claire Balleys (Universit\u00e9 de Gen\u00e8ve) le 24 mars 2022, de 14h \u00e0 15h30. Elle \u00e9voquera \"Les pratiques num\u00e9riques en contexte. La port\u00e9e heuristique des m\u00e9thodes ethnographiques pour \u00e9tudier la circulation des pratiques interactives et performatives entre espaces m\u00e9diatis\u00e9s et pr\u00e9sentiels\".","robots":{"index":"index","follow":"follow","max-snippet":"max-snippet:-1","max-image-preview":"max-image-preview:large","max-video-preview":"max-video-preview:-1"},"canonical":"https:\/\/www.sfsic.org\/en\/evenement\/les-pratiques-numeriques-en-contexte\/","og_locale":"en_US","og_type":"article","og_title":"Les pratiques num\u00e9riques en contexte.","og_description":"Le s\u00e9minaire du CIS re\u00e7oit en visioconf\u00e9rence Claire Balleys (Universit\u00e9 de Gen\u00e8ve) le 24 mars 2022, de 14h \u00e0 15h30. Elle \u00e9voquera \"Les pratiques num\u00e9riques en contexte. La port\u00e9e heuristique des m\u00e9thodes ethnographiques pour \u00e9tudier la circulation des pratiques interactives et performatives entre espaces m\u00e9diatis\u00e9s et pr\u00e9sentiels\".","og_url":"https:\/\/www.sfsic.org\/en\/evenement\/les-pratiques-numeriques-en-contexte\/","og_site_name":"SFSIC","article_published_time":"2022-03-21T20:02:55+00:00","article_modified_time":"2022-03-21T20:04:44+00:00","author":"Axelle Martin","twitter_card":"summary_large_image","schema":{"@context":"https:\/\/schema.org","@graph":[{"@type":"Article","@id":"https:\/\/www.sfsic.org\/en\/evenement\/les-pratiques-numeriques-en-contexte\/#article","isPartOf":{"@id":"https:\/\/www.sfsic.org\/en\/evenement\/les-pratiques-numeriques-en-contexte\/"},"author":{"name":"Axelle Martin","@id":"https:\/\/www.sfsic.org\/en\/#\/schema\/person\/d3606993477708f4359fb9aeda58df3b"},"headline":"Les pratiques num\u00e9riques en contexte.","datePublished":"2022-03-21T20:02:55+00:00","dateModified":"2022-03-21T20:04:44+00:00","mainEntityOfPage":{"@id":"https:\/\/www.sfsic.org\/en\/evenement\/les-pratiques-numeriques-en-contexte\/"},"wordCount":233,"publisher":{"@id":"https:\/\/www.sfsic.org\/en\/#organization"},"keywords":["m\u00e9dia","Num\u00e9rique","Usages"],"articleSection":["\u00c9v\u00e9nements","S\u00e9minaire"],"inLanguage":"en-US"},{"@type":"WebPage","@id":"https:\/\/www.sfsic.org\/en\/evenement\/les-pratiques-numeriques-en-contexte\/","url":"https:\/\/www.sfsic.org\/en\/evenement\/les-pratiques-numeriques-en-contexte\/","name":"Les pratiques num\u00e9riques en contexte.","isPartOf":{"@id":"https:\/\/www.sfsic.org\/en\/#website"},"datePublished":"2022-03-21T20:02:55+00:00","dateModified":"2022-03-21T20:04:44+00:00","description":"Le s\u00e9minaire du CIS re\u00e7oit en visioconf\u00e9rence Claire Balleys (Universit\u00e9 de Gen\u00e8ve) le 24 mars 2022, de 14h \u00e0 15h30. Elle \u00e9voquera \"Les pratiques num\u00e9riques en contexte. La port\u00e9e heuristique des m\u00e9thodes ethnographiques pour \u00e9tudier la circulation des pratiques interactives et performatives entre espaces m\u00e9diatis\u00e9s et pr\u00e9sentiels\".","breadcrumb":{"@id":"https:\/\/www.sfsic.org\/en\/evenement\/les-pratiques-numeriques-en-contexte\/#breadcrumb"},"inLanguage":"en-US","potentialAction":[{"@type":"ReadAction","target":["https:\/\/www.sfsic.org\/en\/evenement\/les-pratiques-numeriques-en-contexte\/"]}]},{"@type":"BreadcrumbList","@id":"https:\/\/www.sfsic.org\/en\/evenement\/les-pratiques-numeriques-en-contexte\/#breadcrumb","itemListElement":[{"@type":"ListItem","position":1,"name":"Accueil","item":"https:\/\/www.sfsic.org\/en\/"},{"@type":"ListItem","position":2,"name":"Events","item":"https:\/\/www.sfsic.org\/en\/events\/"},{"@type":"ListItem","position":3,"name":"Seminar","item":"https:\/\/www.sfsic.org\/en\/events\/seminar-2\/"},{"@type":"ListItem","position":4,"name":"Les pratiques num\u00e9riques en contexte."}]},{"@type":"WebSite","@id":"https:\/\/www.sfsic.org\/en\/#website","url":"https:\/\/www.sfsic.org\/en\/","name":"SFSIC","description":"Soci\u00e9t\u00e9 Fran\u00e7aise des Sciences de l&#039;Information &amp; de la Communication","publisher":{"@id":"https:\/\/www.sfsic.org\/en\/#organization"},"potentialAction":[{"@type":"SearchAction","target":{"@type":"EntryPoint","urlTemplate":"https:\/\/www.sfsic.org\/en\/?s={search_term_string}"},"query-input":{"@type":"PropertyValueSpecification","valueRequired":true,"valueName":"search_term_string"}}],"inLanguage":"en-US"},{"@type":"Organization","@id":"https:\/\/www.sfsic.org\/en\/#organization","name":"SFSIC","url":"https:\/\/www.sfsic.org\/en\/","logo":{"@type":"ImageObject","inLanguage":"en-US","@id":"https:\/\/www.sfsic.org\/en\/#\/schema\/logo\/image\/","url":"https:\/\/www.sfsic.org\/wp-inside\/uploads\/2020\/05\/logo-sfsic.jpg","contentUrl":"https:\/\/www.sfsic.org\/wp-inside\/uploads\/2020\/05\/logo-sfsic.jpg","width":1085,"height":1080,"caption":"SFSIC"},"image":{"@id":"https:\/\/www.sfsic.org\/en\/#\/schema\/logo\/image\/"}},{"@type":"Person","@id":"https:\/\/www.sfsic.org\/en\/#\/schema\/person\/d3606993477708f4359fb9aeda58df3b","name":"Axelle Martin","image":{"@type":"ImageObject","inLanguage":"en-US","@id":"https:\/\/secure.gravatar.com\/avatar\/1065035eb5e480668fbf77e163c2e86f81ac342eaad4c8783acdf4a63f3c917b?s=96&d=mm&r=g","url":"https:\/\/secure.gravatar.com\/avatar\/1065035eb5e480668fbf77e163c2e86f81ac342eaad4c8783acdf4a63f3c917b?s=96&d=mm&r=g","contentUrl":"https:\/\/secure.gravatar.com\/avatar\/1065035eb5e480668fbf77e163c2e86f81ac342eaad4c8783acdf4a63f3c917b?s=96&d=mm&r=g","caption":"Axelle Martin"},"sameAs":["@antropocominside"]}]}},"_links":{"self":[{"href":"https:\/\/www.sfsic.org\/en\/wp-json\/wp\/v2\/posts\/23526","targetHints":{"allow":["GET"]}}],"collection":[{"href":"https:\/\/www.sfsic.org\/en\/wp-json\/wp\/v2\/posts"}],"about":[{"href":"https:\/\/www.sfsic.org\/en\/wp-json\/wp\/v2\/types\/post"}],"author":[{"embeddable":true,"href":"https:\/\/www.sfsic.org\/en\/wp-json\/wp\/v2\/users\/781"}],"replies":[{"embeddable":true,"href":"https:\/\/www.sfsic.org\/en\/wp-json\/wp\/v2\/comments?post=23526"}],"version-history":[{"count":3,"href":"https:\/\/www.sfsic.org\/en\/wp-json\/wp\/v2\/posts\/23526\/revisions"}],"predecessor-version":[{"id":23529,"href":"https:\/\/www.sfsic.org\/en\/wp-json\/wp\/v2\/posts\/23526\/revisions\/23529"}],"wp:attachment":[{"href":"https:\/\/www.sfsic.org\/en\/wp-json\/wp\/v2\/media?parent=23526"}],"wp:term":[{"taxonomy":"category","embeddable":true,"href":"https:\/\/www.sfsic.org\/en\/wp-json\/wp\/v2\/categories?post=23526"},{"taxonomy":"post_tag","embeddable":true,"href":"https:\/\/www.sfsic.org\/en\/wp-json\/wp\/v2\/tags?post=23526"},{"taxonomy":"thematique","embeddable":true,"href":"https:\/\/www.sfsic.org\/en\/wp-json\/wp\/v2\/thematique?post=23526"},{"taxonomy":"sfsic","embeddable":true,"href":"https:\/\/www.sfsic.org\/en\/wp-json\/wp\/v2\/sfsic?post=23526"}],"curies":[{"name":"wp","href":"https:\/\/api.w.org\/{rel}","templated":true}]}}