{"id":23391,"date":"2022-03-12T19:23:53","date_gmt":"2022-03-12T18:23:53","guid":{"rendered":"https:\/\/www.sfsic.org\/?p=23391"},"modified":"2022-03-12T19:23:54","modified_gmt":"2022-03-12T18:23:54","slug":"les-enjeux-des-industries-culturelles-et-creatives-pour-le-developpement-de-lafrique","status":"publish","type":"post","link":"https:\/\/www.sfsic.org\/en\/aac-evenement\/les-enjeux-des-industries-culturelles-et-creatives-pour-le-developpement-de-lafrique\/","title":{"rendered":"Les enjeux des industries culturelles et cr\u00e9atives pour le d\u00e9veloppement de l\u2019Afrique"},"content":{"rendered":"<p><!-- fxzn:singledetail --><\/p>\n<div class=\"zone zn-singledetail\" id=\"fxzn-singledetail-1\">\n<div class=\"zone-block zn-singledetail-block alignwide va-top\">\n<div class=\"row\">\n<div class=\"columns large-8 large-push-4\">\n<div class=\"zn-singledetail-metabox\">\n<div class=\"zn-singledetail-pubdate pubdate\">\n\t\t\t\t\t<span class=\"pubdate-txt\">Mis en ligne le<\/span><span class=\"doubledot\"><\/span> 12 mars 2022\t\t\t\t<\/div>\n<p class=\"zn-singledetail-calenda-info\">\n\t\t\t\t\t\tInformations \u00e9dit\u00e9es \u00e0 partir d\u2019une annonce <a class=\"calenda-link prettylink\" href=\"https:\/\/calenda.org\/976870\" target=\"_blank\" rel=\"noopener\"><strong>Calenda<\/strong><\/a>.\t\t\t\t\t<\/p>\n<div class=\"zn-singledetail-thematiques with-sep-comma\">\n<ul class=\"termslist termslist-thematique\">\n<li class=\"termslist-item termslist-title\"><span class=\"termslist-titletxt\">Th\u00e9matiques<\/span><span class=\"doubledot\"><\/span><\/li>\n<li class=\"termslist-item tax-thematique term-images-cinema-medias-audiovisuels-et-industries-culturelles\"><a class=\"termslist-itemlink\" href=\"https:\/\/www.sfsic.org\/thematiques\/images-cinema-medias-audiovisuels-et-industries-culturelles\/\" title=\"Images, cin\u00e9ma, m\u00e9dias audiovisuels et industries culturelles\"><span class=\"termslist-itemname\">Images, cin\u00e9ma, m\u00e9dias audiovisuels et industries culturelles<\/span><\/a><\/li>\n<li class=\"termslist-item tax-thematique term-mediations-memorielles-culturelles-et-patrimoniales\"><a class=\"termslist-itemlink\" href=\"https:\/\/www.sfsic.org\/thematiques\/mediations-memorielles-culturelles-et-patrimoniales\/\" title=\"M\u00e9diations m\u00e9morielles, culturelles et patrimoniales\"><span class=\"termslist-itemname\">M\u00e9diations m\u00e9morielles, culturelles et patrimoniales<\/span><\/a><\/li>\n<\/ul><\/div>\n<\/p><\/div>\n<\/p><\/div>\n<\/p><\/div>\n<div class=\"row\">\n<div class=\"columns large-4\">\n<div class=\"zn-singledetail-sidebar bg-cornersquares\">\n<div class=\"zn-singledetail-infos\">\n<p class=\"zn-singledetail-reponse-date\">\n\t\t\t\t\t\t<span>R\u00e9ponse attendue pour le<\/span><span class=\"doubledot\"><\/span> <strong>30\/03\/2022<\/strong>\n\t\t\t\t\t<\/p>\n<p class=\"zn-singledetail-reponse-type\">\n\t\t\t\t\t<span>Type de r\u00e9ponse<\/span><span class=\"doubledot\"><\/span> <strong>R\u00e9sum\u00e9<\/strong>\n\t\t\t\t\t<\/p>\n<p class=\"zn-singledetail-type\">\n\t\t\t\t\t\t\t<span>Type d\u2019\u00e9v\u00e9nement<\/span><span class=\"doubledot\"><\/span> <strong>Colloque<\/strong>\n\t\t\t\t\t<\/p>\n<\/p><\/div>\n<div class=\"zn-singledetail-contacts\">\n<h3 class=\"zn-singledetail-section-title\">Contacts<\/h3>\n<ul class=\"zn-singledetail-contacts-list\">\n<li class=\"zn-singledetail-contact\">\n\t\t\t\t\t\t\t<span class=\"zn-singledetail-contact-name\">Ossend\u00e9 Ateba <\/span><span class=\"doubledot\"><\/span><br \/>\n\t\t\t\t\t\t\t\t\t\t\t\t\t\t<a class=\"zn-singledetail-contact-mail prettylink\" href=\"mailto:atebaossende@gmail.com\">atebaossende@gmail.com<\/a>\n\t\t\t\t\t\t\t\t\t\t\t\t\t<\/li>\n<\/ul><\/div>\n<\/p><\/div>\n<\/p><\/div>\n<div class=\"columns large-8\">\n<div class=\"zn-singledetail-contentbox\">\n<div class=\"zn-singledetail-eventinfo\">\n<div class=\"zn-singledetail-eventinfo-inner\">\n<div class=\"zn-singledetail-eventdates\">\n\t\t\t\t\t\t<span class=\"zn-singledetail-label\">Dates de l\u2019\u00e9v\u00e9nement<span class=\"doubledot\"><\/span><\/span><\/p>\n<ul class=\"zn-singledetail-eventdates-list\">\n<li class=\"zn-singledetail-eventdates-item\">\n\t\t\t\t\t\t\t\tDu 23\/07\/2022 au 26\/03\/2022\t\t\t\t\t\t\t<\/li>\n<\/ul><\/div>\n<p class=\"zn-singledetail-eventplace\">\n\t\t\t\t\t\t<span class=\"zn-singledetail-label\">Lieu de l\u2019\u00e9v\u00e9nement<span class=\"doubledot\"><\/span><\/span><br \/>\n\t\t\t\t\t\t<span class=\"zn-singledetail-eventplace-adr\"><\/p>\n<p>\t\t\t\t\t\t<span class=\"adr-city\">Yaound\u00e9<\/span>\t\t\t\t\t\t, <span class=\"adr-country\">Cameroun<\/span><br \/>\n\t\t\t\t\t\t<\/span>\t\t\t\t\t<\/p>\n<\/p><\/div>\n<\/p><\/div>\n<div class=\"zn-singledetail-annonce wig-content\">\n<h2>Contexte<\/h2>\n<p>Selon les statistiques des agences des Nations unies, la demande mondiale de biens culturels cro\u00eet r\u00e9guli\u00e8rement depuis plus de vingt ans \u00e0 des taux allant \u00e0 6&#160;%. En cons\u00e9quence, le dynamisme des \u00e9changes dans ces fili\u00e8res constitue, pour les pays du Sud, une opportunit\u00e9 \u00e0 saisir pour b\u00e9n\u00e9ficier des retomb\u00e9es positives de la mondialisation. Toutefois, ce dynamisme des \u00e9changes mondiaux de biens culturels est tr\u00e8s concentr\u00e9 et d\u00e9s\u00e9quilibr\u00e9.\u00a0 L\u2019industrie culturelle et cr\u00e9ative est consid\u00e9r\u00e9e comme le secteur de l\u2019\u00e9conomie mondiale qui conna\u00eet la croissance la plus rapide, avec un taux de croissance estim\u00e9 \u00e0 7&#160;% du produit int\u00e9rieur brut mondial (PIB). Le secteur de la culture en Afrique absorbe de plus en plus la population active en cr\u00e9ant des emplois, en g\u00e9n\u00e9rant des revenus et en contribuant ainsi \u00e0 la lutte contre la pauvret\u00e9. L\u2019Afrique dispose d\u2019un vivier impressionnant de cr\u00e9ateurs capables d\u2019alimenter les principales fili\u00e8res \u00e9conomiques de la culture m\u00eame si parfois, des d\u00e9fis restent \u00e0 relever au niveau de la qualit\u00e9 des \u0153uvres propos\u00e9es. De plus, elle regorge un patrimoine culturel important tant du point de vue mat\u00e9riel qu\u2019immat\u00e9riel. Mais, force est de constater que les structures organisationnelles devant combiner ces facteurs avec un savoir-faire technique et manag\u00e9rial et des capitaux pour en faire des biens et services de qualit\u00e9, en quantit\u00e9 suffisante, restent de faible capacit\u00e9. Ce secteur industriel encore embryonnaire en Afrique, le champ culturel et cr\u00e9atif constitue un levier \u00e9conomique consid\u00e9rable. Les industries culturelles et cr\u00e9atives africaines (ICC) sont porteuses d\u2019innovation sociale et g\u00e9n\u00e8rent de l\u2019impact au sein de leurs communaut\u00e9s. L\u2019UNESCO rapporte que le commerce mondial des biens et services cr\u00e9atifs a enregistr\u00e9 624 milliards de dollars en 2011, soit plus du double entre 2002 et 2011. Dans les pays en d\u00e9veloppement, la croissance des exportations de ces services a \u00e9t\u00e9 en moyenne de 12&#160;% par an entre 2002 et 2011, faisant ainsi de la culture un outil puissant d\u2019\u00e9radication de la pauvret\u00e9, et contribuant \u00e0 atteindre l\u2019objectif de r\u00e9duction du nombre de personnes vivant avec moins de 1,25 dollar par jour \u00e0 3&#160;% de la population d\u2019ici 2030. Non polluant et illimit\u00e9 dans ses ressources, ce secteur repr\u00e9sente une opportunit\u00e9 pour construire un monde plus durable et \u00e9quitable.<\/p>\n<p>Les industries culturelles et cr\u00e9atives repr\u00e9sentent les emplois du futur. Nous avons besoin d&rsquo;une approche \u00e9conomique syst\u00e9matique de ce secteur pour aider les pays \u00e0 se diversifier, a soulign\u00e9 Helga Helga Flores. Les industries culturelles et cr\u00e9atives peuvent \u00e9merger si elles sont soutenues par des environnements r\u00e9glementaires et des politiques culturelles publiques int\u00e9gr\u00e9es \u00e0 travers toute la cha\u00eene de valeur.\u00a0 Le financement demande de la mobilit\u00e9&#160;; les cr\u00e9ateurs n\u2019ont de cesse de passer d\u2019un contexte institutionnel \u00e0 un autre afin de d\u00e9crocher les financements n\u00e9cessaires \u00e0 leurs projets. Il y a n\u00e9cessit\u00e9 de prendre en compte la culture dans les politiques publiques internes et d&rsquo;en faire un \u00e9l\u00e9ment vital des relations ext\u00e9rieures, et notamment des politiques de d\u00e9veloppement&#160;; il doit \u00eatre au centre des n\u00e9gociations internationales en mati\u00e8re culturelle ces derni\u00e8res ann\u00e9es. Cela s&rsquo;est traduit par l&rsquo;\u00e9mergence d&rsquo;un nouveau cadre de financement au niveau africain.<\/p>\n<p>Si une capacit\u00e9 de production existe bel et bien, l\u2019absence de strat\u00e9gies \u00e9conomiques et de politiques publiques favorables emp\u00eachent les pays de saisir des opportunit\u00e9s de d\u00e9veloppement dans un march\u00e9 mondial en pleine expansion. Par ailleurs, par manque d\u2019environnement financier favorable et de personnels techniques ad\u00e9quats, les industries culturelles et cr\u00e9atives africaines ne peuvent pas encore assurer tous les maillons de la cha\u00eene \u00e9conomique de la culture. Confront\u00e9es aux difficult\u00e9s d\u2019acc\u00e8s aux finances locales, les entreprises culturelles manquent de capacit\u00e9s \u00e0 r\u00e9pondre \u00e0 la demande locale et internationale. L\u2019importation d\u2019intrants \u00e0 un prix souvent inadapt\u00e9 au prix d\u2019achat local et le taux prohibitif des taxes alourdissent les co\u00fbts de production, p\u00e9nalisent les fili\u00e8res entreprises culturelles et d\u00e9couragent l\u2019investissement local dans ces fili\u00e8res. En mati\u00e8re de promotion des biens culturels par exemple, l\u2019insuffisance de professionnels de la mise en march\u00e9 et l\u2019absence de ma\u00eetrise des r\u00e9seaux de distribution et de vente handicapent la diffusion des productions locales. Dans ces conditions caract\u00e9ris\u00e9es par un acc\u00e8s difficile aux publics et aux march\u00e9s, les technologies de l\u2019information, gr\u00e2ce aux innovations qu\u2019elles introduisent dans les modes de distribution, constituent un atout pour contourner certains des obstacles actuels. \u00c0 l\u2019exception de l\u2019Afrique du Sud qui a \u00e9labor\u00e9 une strat\u00e9gie globale consacr\u00e9e aux industries culturelles, aucun autre pays dispose d\u2019une politique industrielle de la culture articul\u00e9e \u00e0 celles de l\u2019emploi, de la formation, du commerce, de l\u2019\u00e9ducation. En outre, r\u00e9sultant d\u2019une repr\u00e9sentation d\u00e9pr\u00e9ciative de l\u2019artiste, l\u2019absence de statut d\u2019artiste et la pr\u00e9carit\u00e9 de leur situation, li\u00e9es \u00e0 une faible culture du droit d\u2019auteur, marginalisent socialement, politiquement et \u00e9conomiquement les fili\u00e8res qui les emploient.<\/p>\n<p>Le d\u00e9veloppement des industries culturelles africaines n\u00e9cessite plus encore des actions de structuration des cadres juridiques et institutionnels, d\u2019accompagnement et de soutien aux entreprises culturelles. Pour contribuer \u00e0 la cr\u00e9ation de richesses et d\u2019emplois, les industries culturelles ont besoin d\u2019un accompagnement global \u00e0 travers des programmes de soutien \u00e9conomique et de conseil. Il est donc urgent pour les pays d\u2019Afrique de participer eux aussi \u00e0 la production de contenus repr\u00e9sentatifs de leurs histoires et leurs aspirations culturelles, d\u2019abord sur leurs march\u00e9s nationaux et r\u00e9gionaux, ensuite sur les march\u00e9s de niche en misant sur les opportunit\u00e9s qu\u2019offre la mondialisation, mais aussi les diasporas \u00e0 la recherche de liens avec leurs cultures d\u2019origine. Ce d\u00e9fi requiert des politiques publiques incluant la prise en compte des industries culturelles appel\u00e9es \u00e0 prendre une importance grandissante dans l\u2019\u00e9conomie de la culture.<\/p>\n<h2>Objectif<\/h2>\n<p>Ainsi, ce colloque a pour principal objectif d\u2019identifier les diff\u00e9rentes causes du sous-d\u00e9veloppement des industries culturelles et cr\u00e9atives en Afrique, afin de r\u00e9pondre aux besoins actuels et futurs de leurs \u00e9panouissements. Pour ce faire, les industries culturelles et cr\u00e9atives\u00a0 (architecture, musique, arts visuels, th\u00e9\u00e2tre, danse, litt\u00e9rature,\u00a0 mode, cin\u00e9ma, festivals, m\u00e9dias, artisanat, sport, mus\u00e9es, etc.) et le d\u00e9veloppement de l\u2019Afrique\u00a0 seront abord\u00e9s, crois\u00e9s et compar\u00e9s par le biais des humanit\u00e9s (histoire de l\u2019art, sociologie, anthropologie, \u00e9tudes culturelles, \u00e9conomie, etc.) afin d\u2019engager une articulation entre les modes de financement et leur impact sur la cr\u00e9ation, le d\u00e9veloppement de l\u2019Afrique en g\u00e9n\u00e9ral et des industries culturelles et cr\u00e9atives en\u00a0 particulier.<\/p>\n<h2>Sous-th\u00e9matiques<\/h2>\n<ul>\n<li>Sous-th\u00e9matique 1&#160;: Les \u00e9tats des lieux des industries culturelles et cr\u00e9atives en Afrique&#160;;<\/li>\n<li>Sous-th\u00e9matique 2&#160;: Les Politiques culturelles et industries culturelles et cr\u00e9atives&#160;;<\/li>\n<li>Sous-th\u00e9matique 3&#160;: Le financement comme contrainte majeure au d\u00e9veloppement des industries culturelles et cr\u00e9atives en Afrique&#160;;<\/li>\n<li>Sous-th\u00e9matique 4&#160;: Les encadrements juridiques et fiscaux n\u00e9cessaire pour initier ou encadrer le d\u00e9veloppement des industries culturelles et cr\u00e9atives en Afrique&#160;;<\/li>\n<li>Sous-th\u00e9matique 5&#160;: Le Commerce des produits et services culturels et cr\u00e9atifs en Afrique&#160;;<\/li>\n<li>Sous-th\u00e9matique 6&#160;: Le r\u00f4le des m\u00e9dias dans la promotion des produits culturels et cr\u00e9atifs africains&#160;;<\/li>\n<li>Sous-th\u00e9matique 7&#160;: Les industries culturelles et cr\u00e9atives face au num\u00e9rique&#160;;<\/li>\n<li>Sous-th\u00e9matique 8&#160;: Le patrimoine et diversit\u00e9 culturelle comme piliers pour l\u2019innovation&#160;;<\/li>\n<li>Sous-th\u00e9matique 9&#160;: La propri\u00e9t\u00e9 intellectuelle\u00a0 au service des industries culturelles et cr\u00e9atives en Afrique<\/li>\n<li>Sous-th\u00e9matique 10&#160;: La structuration professionnelle comme pr\u00e9alable pour le d\u00e9veloppement des industries culturelles et cr\u00e9atives en Afrique.<\/li>\n<\/ul>\n<h2>Modalit\u00e9s de contribution<\/h2>\n<p>Communications orales d\u2019une dur\u00e9e de 15 minutes en fran\u00e7ais\u00a0ou en anglais, suivies d\u2019une p\u00e9riode de discussion ouverte avec les participants.<\/p>\n<p>Pour proposer une communication, faire parvenir un document en fran\u00e7ais ou en anglais qui contient&#160;:<\/p>\n<p>A) Votre proposition selon les exigences suivantes&#160;: \u00a7 Titre du projet,\u00a0 Cinq mots-cl\u00e9s, \u00a0S\u00e9lection de l\u2019un des\u00a0 sous-th\u00e8mes, <strong>R\u00e9sum\u00e9 de 400 mots \u00a0maximum<\/strong> (contexte, objectifs, r\u00e9flexion, perspectives) \u00a7 Courte bibliographie (min.5 r\u00e9f\u00e9rences pertinentes) appuyant la proposition<\/p>\n<p>B) Une br\u00e8ve notice biographique de 150 mots<\/p>\n<p>C) Coordonn\u00e9es exactes (nom, pr\u00e9nom, fonction, \u00e9tablissement, adresse \u00e9lectronique, num\u00e9ro de t\u00e9l\u00e9phone, pays et ville de r\u00e9sidence<\/p>\n<p>D) Tout document justifiant de l\u2019appartenance \u00e0 une entreprise, organisme professionnel culturel ou encore organisation de la soci\u00e9t\u00e9 civile.<\/p>\n<p>Les communications doivent \u00eatre envoy\u00e9es exclusivement par courriel aux adresses mail suivantes&#160;: networkarterial@gmail.com, atebaossende@gmail.com avec comme objet Colloque Industries culturelles et cr\u00e9atives _ANC <strong>au plus tard le 30 mars 2022 \u00e0 minuit<\/strong>.<\/p>\n<ul>\n<li>Les r\u00e9sum\u00e9s re\u00e7us seront transmis au Comit\u00e9 Scientifique pour \u00e9valuation et les auteurs retenus seront d\u00fbment inform\u00e9s (\u00e0 travers leur adresse \u00e9lectronique) au plus tard le 15 avril 2022 pour la r\u00e9daction compl\u00e8te de leurs communications.<\/li>\n<li>Le d\u00e9p\u00f4t des versions finales des communications pour publication est pr\u00e9vu 30 ao\u00fbt 2022 aux m\u00eames adresses.<\/li>\n<\/ul>\n<h2>Calendrier<\/h2>\n<ul>\n<li>Date du colloque&#160;: 23 au 26 juillet 2022<\/li>\n<li><strong>Date limite de r\u00e9ception des propositions de communication&#160;: 30 mars 2022<\/strong><\/li>\n<li>Date de notification d\u2019acceptation\u00a0 des propositions de communication&#160;: 15 avril 2022<\/li>\n<li>Date limite de r\u00e9ception des textes de communication&#160;: 25 juin 2022<\/li>\n<li>Dernier d\u00e9lai de r\u00e9ception des textes pour la publication des actes du colloque&#160;: 30 ao\u00fbt 2022<\/li>\n<li>Date de parution des actes&#160;: d\u00e9cembre 2022<\/li>\n<\/ul>\n<h2>Comit\u00e9 scientifique<\/h2>\n<ul>\n<li>Pr Alain-Cyr PANGOP, Universit\u00e9 de Dschang \u2013Cameroun<\/li>\n<li>Pr Mbida Christophe, Universit\u00e9 de Yaound\u00e9 I-Cameroun<\/li>\n<li>Pr Yarabatioula Jacob, Universit\u00e9 Joseph Ki-Zerbo \u00e0 Ouagadougou-Burkina-Faso<\/li>\n<li>Dr Kianguebeni Ulrich Kevin, Universit\u00e9 Marien Ngouabi Brazzaville \u2013Congo<\/li>\n<li>Dr Assako Assako Paul-Henri, Universit\u00e9 de Yaound\u00e9 I-Cameroun<\/li>\n<li>Dr Nogo Marie D\u00e9sir\u00e9e, MINERSI\/CNE-Cameroun<\/li>\n<li>Dr Ondobo Luc Bertrand, Universit\u00e9 de Yaound\u00e9 I-Cameroun<\/li>\n<li>Dr Fouhba Honor\u00e9, MINRESI\/CNE-Cameroun<\/li>\n<li>Dr Etaba Onana, Universit\u00e9 de Yaound\u00e9 II\/ESSTIC-Cameroun<\/li>\n<li>Dr Abouna Abouna Vendelin, Universit\u00e9 de Douala\/IBA-Cameroun<\/li>\n<li>Dr Heumen Tchana Hugues, Universit\u00e9 de Maroua-Cameroun<\/li>\n<li>Dr Tendeng Anda, Universit\u00e9 de Strasbourg-France<\/li>\n<li>Dr Mariembe Rachel, Universit\u00e9 de Douala\/IBA \u2013Cameroun<\/li>\n<li>Dr Alaka Dieudonn\u00e9, Tara Group\/Universit\u00e9 de Yaound\u00e9 I-Cameroun<\/li>\n<li>Dr Youssoufa Halidou Harouna, Centre Ind\u00e9pendant de Recherche en Cin\u00e9ma et Audiovisuel, Universit\u00e9 de Niamey-Niger<\/li>\n<li>Nathalie Guay, Secr\u00e9taire Secr\u00e9taire g\u00e9n\u00e9rale, F\u00e9d\u00e9ration internationale des coalitions pour la diversit\u00e9 culturelle-Canada<\/li>\n<li>Ibrahim Souleymane, Directeur G\u00e9n\u00e9ral de l\u2019Agence de promotion des entreprises et industries culturelles du Niger<\/li>\n<li>Oyono Bitounou Martin Val\u00e8re, DEPA en Patrimoine Culturel, Inspecteur N\u00b01 MINAC-Cameroun<\/li>\n<li>Chembifon Muna, Motherland Entertainment-Maroc<\/li>\n<li>Tatuebu Zacharie Duflot, Universit\u00e9 de Maroua-Cameroun<\/li>\n<li>Yerbanga Delphine, Productrice-R\u00e9alisatrice \u00e0 RTB-Burkina-Faso<\/li>\n<li>Bengono Edgard Fortun\u00e9, Institut des Beaux-Arts de l\u2019Universit\u00e9 de Dschang-Cameroun.<\/li>\n<\/ul>\n<h2>Secr\u00e9tariat technique<\/h2>\n<ul>\n<li>Fernand Ateba Ossend\u00e9<\/li>\n<li>Guy Feukwu Noul\u00e9<\/li>\n<li>Annie Jos\u00e9e Njock<\/li>\n<li>Ebah Essongue<\/li>\n<li>Olivier Tiwoda Tegomo<\/li>\n<li>Manko Armelle<\/li>\n<li>Miache Evina Champolion<\/li>\n<li>Nyuna\u00ef Ngan G\u00e9rard<\/li>\n<\/ul><\/div>\n<div class=\"zn-singledetail-keywords\">\n<h3 class=\"zn-singledetail-section-title\">Mots-cl\u00e9s<\/h3>\n<ul class=\"termslist termslist-post_tag\">\n<li class=\"termslist-item termslist-title\"><span class=\"termslist-titletxt\">Mots-cl\u00e9s<\/span><span class=\"doubledot\"><\/span><\/li>\n<li class=\"termslist-item tax-post_tag term-afrique\"><a class=\"termslist-itemlink\" href=\"https:\/\/www.sfsic.org\/tag\/afrique\/\" title=\"Afrique\"><span class=\"termslist-itemname\">Afrique<\/span><\/a><\/li>\n<li class=\"termslist-item tax-post_tag term-industries-culturelles\"><a class=\"termslist-itemlink\" href=\"https:\/\/www.sfsic.org\/tag\/industries-culturelles\/\" title=\"Industries culturelles\"><span class=\"termslist-itemname\">Industries culturelles<\/span><\/a><\/li>\n<\/ul><\/div>\n<\/p><\/div>\n<\/p><\/div>\n<\/p><\/div>\n<\/p><\/div>\n<\/div>\n<p><!-- \/fxzn:singledetail --><\/p>\n","protected":false},"excerpt":{"rendered":"<p>Mis en ligne le 12 mars 2022 Informations \u00e9dit\u00e9es \u00e0 partir d\u2019une annonce Calenda. Th\u00e9matiques Images, cin\u00e9ma, m\u00e9dias audiovisuels et industries culturelles M\u00e9diations m\u00e9morielles, culturelles et patrimoniales R\u00e9ponse attendue pour [&hellip;]<\/p>\n","protected":false},"author":781,"featured_media":0,"comment_status":"closed","ping_status":"closed","sticky":false,"template":"","format":"standard","meta":{"_acf_changed":false,"footnotes":""},"categories":[29,57],"tags":[361,108],"thematique":[35,38],"sfsic":[],"class_list":["post-23391","post","type-post","status-publish","format-standard","hentry","category-aac-evenement","category-colloque","tag-afrique","tag-industries-culturelles","thematique-images-cinema-medias-audiovisuels-et-industries-culturelles","thematique-mediations-memorielles-culturelles-et-patrimoniales","wp-sticky"],"acf":[],"yoast_head":"<!-- This site is optimized with the Yoast SEO plugin v27.4 - https:\/\/yoast.com\/product\/yoast-seo-wordpress\/ -->\n<title>Les enjeux des industries culturelles et cr\u00e9atives pour le d\u00e9veloppement de l\u2019Afrique<\/title>\n<meta name=\"description\" content=\"Appel \u00e0 communication pour un colloque, sous le Parrainage du Minist\u00e8re des Arts et de la Culture du Cameroun, qui traite de la th\u00e9matique &quot;Les enjeux des industries culturelles et cr\u00e9atives pour le d\u00e9veloppement de l\u2019Afrique&quot;.\" \/>\n<meta name=\"robots\" content=\"index, follow, max-snippet:-1, max-image-preview:large, max-video-preview:-1\" \/>\n<link rel=\"canonical\" href=\"https:\/\/www.sfsic.org\/en\/aac-evenement\/les-enjeux-des-industries-culturelles-et-creatives-pour-le-developpement-de-lafrique\/\" \/>\n<meta property=\"og:locale\" content=\"en_US\" \/>\n<meta property=\"og:type\" content=\"article\" \/>\n<meta property=\"og:title\" content=\"Les enjeux des industries culturelles et cr\u00e9atives pour le d\u00e9veloppement de l\u2019Afrique\" \/>\n<meta property=\"og:description\" content=\"Appel \u00e0 communication pour un colloque, sous le Parrainage du Minist\u00e8re des Arts et de la Culture du Cameroun, qui traite de la th\u00e9matique &quot;Les enjeux des industries culturelles et cr\u00e9atives pour le d\u00e9veloppement de l\u2019Afrique&quot;.\" \/>\n<meta property=\"og:url\" content=\"https:\/\/www.sfsic.org\/en\/aac-evenement\/les-enjeux-des-industries-culturelles-et-creatives-pour-le-developpement-de-lafrique\/\" \/>\n<meta property=\"og:site_name\" content=\"SFSIC\" \/>\n<meta property=\"article:published_time\" content=\"2022-03-12T18:23:53+00:00\" \/>\n<meta property=\"article:modified_time\" content=\"2022-03-12T18:23:54+00:00\" \/>\n<meta name=\"author\" content=\"Axelle Martin\" \/>\n<meta name=\"twitter:card\" content=\"summary_large_image\" \/>\n<script type=\"application\/ld+json\" class=\"yoast-schema-graph\">{\"@context\":\"https:\\\/\\\/schema.org\",\"@graph\":[{\"@type\":\"Article\",\"@id\":\"https:\\\/\\\/www.sfsic.org\\\/en\\\/aac-evenement\\\/les-enjeux-des-industries-culturelles-et-creatives-pour-le-developpement-de-lafrique\\\/#article\",\"isPartOf\":{\"@id\":\"https:\\\/\\\/www.sfsic.org\\\/en\\\/aac-evenement\\\/les-enjeux-des-industries-culturelles-et-creatives-pour-le-developpement-de-lafrique\\\/\"},\"author\":{\"name\":\"Axelle Martin\",\"@id\":\"https:\\\/\\\/www.sfsic.org\\\/en\\\/#\\\/schema\\\/person\\\/d3606993477708f4359fb9aeda58df3b\"},\"headline\":\"Les enjeux des industries culturelles et cr\u00e9atives pour le d\u00e9veloppement de l\u2019Afrique\",\"datePublished\":\"2022-03-12T18:23:53+00:00\",\"dateModified\":\"2022-03-12T18:23:54+00:00\",\"mainEntityOfPage\":{\"@id\":\"https:\\\/\\\/www.sfsic.org\\\/en\\\/aac-evenement\\\/les-enjeux-des-industries-culturelles-et-creatives-pour-le-developpement-de-lafrique\\\/\"},\"wordCount\":1933,\"publisher\":{\"@id\":\"https:\\\/\\\/www.sfsic.org\\\/en\\\/#organization\"},\"keywords\":[\"Afrique\",\"Industries culturelles\"],\"articleSection\":[\"AAC \u00c9v\u00e9nement\",\"Colloque\"],\"inLanguage\":\"en-US\"},{\"@type\":\"WebPage\",\"@id\":\"https:\\\/\\\/www.sfsic.org\\\/en\\\/aac-evenement\\\/les-enjeux-des-industries-culturelles-et-creatives-pour-le-developpement-de-lafrique\\\/\",\"url\":\"https:\\\/\\\/www.sfsic.org\\\/en\\\/aac-evenement\\\/les-enjeux-des-industries-culturelles-et-creatives-pour-le-developpement-de-lafrique\\\/\",\"name\":\"Les enjeux des industries culturelles et cr\u00e9atives pour le d\u00e9veloppement de l\u2019Afrique\",\"isPartOf\":{\"@id\":\"https:\\\/\\\/www.sfsic.org\\\/en\\\/#website\"},\"datePublished\":\"2022-03-12T18:23:53+00:00\",\"dateModified\":\"2022-03-12T18:23:54+00:00\",\"description\":\"Appel \u00e0 communication pour un colloque, sous le Parrainage du Minist\u00e8re des Arts et de la Culture du Cameroun, qui traite de la th\u00e9matique \\\"Les enjeux des industries culturelles et cr\u00e9atives pour le d\u00e9veloppement de l\u2019Afrique\\\".\",\"breadcrumb\":{\"@id\":\"https:\\\/\\\/www.sfsic.org\\\/en\\\/aac-evenement\\\/les-enjeux-des-industries-culturelles-et-creatives-pour-le-developpement-de-lafrique\\\/#breadcrumb\"},\"inLanguage\":\"en-US\",\"potentialAction\":[{\"@type\":\"ReadAction\",\"target\":[\"https:\\\/\\\/www.sfsic.org\\\/en\\\/aac-evenement\\\/les-enjeux-des-industries-culturelles-et-creatives-pour-le-developpement-de-lafrique\\\/\"]}]},{\"@type\":\"BreadcrumbList\",\"@id\":\"https:\\\/\\\/www.sfsic.org\\\/en\\\/aac-evenement\\\/les-enjeux-des-industries-culturelles-et-creatives-pour-le-developpement-de-lafrique\\\/#breadcrumb\",\"itemListElement\":[{\"@type\":\"ListItem\",\"position\":1,\"name\":\"Accueil\",\"item\":\"https:\\\/\\\/www.sfsic.org\\\/en\\\/\"},{\"@type\":\"ListItem\",\"position\":2,\"name\":\"Calls for Contributions\",\"item\":\"https:\\\/\\\/www.sfsic.org\\\/en\\\/cfc-event\\\/\"},{\"@type\":\"ListItem\",\"position\":3,\"name\":\"Conference\",\"item\":\"https:\\\/\\\/www.sfsic.org\\\/en\\\/cfc-event\\\/conference\\\/\"},{\"@type\":\"ListItem\",\"position\":4,\"name\":\"Les enjeux des industries culturelles et cr\u00e9atives pour le d\u00e9veloppement de l\u2019Afrique\"}]},{\"@type\":\"WebSite\",\"@id\":\"https:\\\/\\\/www.sfsic.org\\\/en\\\/#website\",\"url\":\"https:\\\/\\\/www.sfsic.org\\\/en\\\/\",\"name\":\"SFSIC\",\"description\":\"Soci\u00e9t\u00e9 Fran\u00e7aise des Sciences de l&#039;Information &amp; de la Communication\",\"publisher\":{\"@id\":\"https:\\\/\\\/www.sfsic.org\\\/en\\\/#organization\"},\"potentialAction\":[{\"@type\":\"SearchAction\",\"target\":{\"@type\":\"EntryPoint\",\"urlTemplate\":\"https:\\\/\\\/www.sfsic.org\\\/en\\\/?s={search_term_string}\"},\"query-input\":{\"@type\":\"PropertyValueSpecification\",\"valueRequired\":true,\"valueName\":\"search_term_string\"}}],\"inLanguage\":\"en-US\"},{\"@type\":\"Organization\",\"@id\":\"https:\\\/\\\/www.sfsic.org\\\/en\\\/#organization\",\"name\":\"SFSIC\",\"url\":\"https:\\\/\\\/www.sfsic.org\\\/en\\\/\",\"logo\":{\"@type\":\"ImageObject\",\"inLanguage\":\"en-US\",\"@id\":\"https:\\\/\\\/www.sfsic.org\\\/en\\\/#\\\/schema\\\/logo\\\/image\\\/\",\"url\":\"https:\\\/\\\/www.sfsic.org\\\/wp-inside\\\/uploads\\\/2020\\\/05\\\/logo-sfsic.jpg\",\"contentUrl\":\"https:\\\/\\\/www.sfsic.org\\\/wp-inside\\\/uploads\\\/2020\\\/05\\\/logo-sfsic.jpg\",\"width\":1085,\"height\":1080,\"caption\":\"SFSIC\"},\"image\":{\"@id\":\"https:\\\/\\\/www.sfsic.org\\\/en\\\/#\\\/schema\\\/logo\\\/image\\\/\"}},{\"@type\":\"Person\",\"@id\":\"https:\\\/\\\/www.sfsic.org\\\/en\\\/#\\\/schema\\\/person\\\/d3606993477708f4359fb9aeda58df3b\",\"name\":\"Axelle Martin\",\"image\":{\"@type\":\"ImageObject\",\"inLanguage\":\"en-US\",\"@id\":\"https:\\\/\\\/secure.gravatar.com\\\/avatar\\\/1065035eb5e480668fbf77e163c2e86f81ac342eaad4c8783acdf4a63f3c917b?s=96&d=mm&r=g\",\"url\":\"https:\\\/\\\/secure.gravatar.com\\\/avatar\\\/1065035eb5e480668fbf77e163c2e86f81ac342eaad4c8783acdf4a63f3c917b?s=96&d=mm&r=g\",\"contentUrl\":\"https:\\\/\\\/secure.gravatar.com\\\/avatar\\\/1065035eb5e480668fbf77e163c2e86f81ac342eaad4c8783acdf4a63f3c917b?s=96&d=mm&r=g\",\"caption\":\"Axelle Martin\"},\"sameAs\":[\"@antropocominside\"]}]}<\/script>\n<!-- \/ Yoast SEO plugin. -->","yoast_head_json":{"title":"Les enjeux des industries culturelles et cr\u00e9atives pour le d\u00e9veloppement de l\u2019Afrique","description":"Appel \u00e0 communication pour un colloque, sous le Parrainage du Minist\u00e8re des Arts et de la Culture du Cameroun, qui traite de la th\u00e9matique \"Les enjeux des industries culturelles et cr\u00e9atives pour le d\u00e9veloppement de l\u2019Afrique\".","robots":{"index":"index","follow":"follow","max-snippet":"max-snippet:-1","max-image-preview":"max-image-preview:large","max-video-preview":"max-video-preview:-1"},"canonical":"https:\/\/www.sfsic.org\/en\/aac-evenement\/les-enjeux-des-industries-culturelles-et-creatives-pour-le-developpement-de-lafrique\/","og_locale":"en_US","og_type":"article","og_title":"Les enjeux des industries culturelles et cr\u00e9atives pour le d\u00e9veloppement de l\u2019Afrique","og_description":"Appel \u00e0 communication pour un colloque, sous le Parrainage du Minist\u00e8re des Arts et de la Culture du Cameroun, qui traite de la th\u00e9matique \"Les enjeux des industries culturelles et cr\u00e9atives pour le d\u00e9veloppement de l\u2019Afrique\".","og_url":"https:\/\/www.sfsic.org\/en\/aac-evenement\/les-enjeux-des-industries-culturelles-et-creatives-pour-le-developpement-de-lafrique\/","og_site_name":"SFSIC","article_published_time":"2022-03-12T18:23:53+00:00","article_modified_time":"2022-03-12T18:23:54+00:00","author":"Axelle Martin","twitter_card":"summary_large_image","schema":{"@context":"https:\/\/schema.org","@graph":[{"@type":"Article","@id":"https:\/\/www.sfsic.org\/en\/aac-evenement\/les-enjeux-des-industries-culturelles-et-creatives-pour-le-developpement-de-lafrique\/#article","isPartOf":{"@id":"https:\/\/www.sfsic.org\/en\/aac-evenement\/les-enjeux-des-industries-culturelles-et-creatives-pour-le-developpement-de-lafrique\/"},"author":{"name":"Axelle Martin","@id":"https:\/\/www.sfsic.org\/en\/#\/schema\/person\/d3606993477708f4359fb9aeda58df3b"},"headline":"Les enjeux des industries culturelles et cr\u00e9atives pour le d\u00e9veloppement de l\u2019Afrique","datePublished":"2022-03-12T18:23:53+00:00","dateModified":"2022-03-12T18:23:54+00:00","mainEntityOfPage":{"@id":"https:\/\/www.sfsic.org\/en\/aac-evenement\/les-enjeux-des-industries-culturelles-et-creatives-pour-le-developpement-de-lafrique\/"},"wordCount":1933,"publisher":{"@id":"https:\/\/www.sfsic.org\/en\/#organization"},"keywords":["Afrique","Industries culturelles"],"articleSection":["AAC \u00c9v\u00e9nement","Colloque"],"inLanguage":"en-US"},{"@type":"WebPage","@id":"https:\/\/www.sfsic.org\/en\/aac-evenement\/les-enjeux-des-industries-culturelles-et-creatives-pour-le-developpement-de-lafrique\/","url":"https:\/\/www.sfsic.org\/en\/aac-evenement\/les-enjeux-des-industries-culturelles-et-creatives-pour-le-developpement-de-lafrique\/","name":"Les enjeux des industries culturelles et cr\u00e9atives pour le d\u00e9veloppement de l\u2019Afrique","isPartOf":{"@id":"https:\/\/www.sfsic.org\/en\/#website"},"datePublished":"2022-03-12T18:23:53+00:00","dateModified":"2022-03-12T18:23:54+00:00","description":"Appel \u00e0 communication pour un colloque, sous le Parrainage du Minist\u00e8re des Arts et de la Culture du Cameroun, qui traite de la th\u00e9matique \"Les enjeux des industries culturelles et cr\u00e9atives pour le d\u00e9veloppement de l\u2019Afrique\".","breadcrumb":{"@id":"https:\/\/www.sfsic.org\/en\/aac-evenement\/les-enjeux-des-industries-culturelles-et-creatives-pour-le-developpement-de-lafrique\/#breadcrumb"},"inLanguage":"en-US","potentialAction":[{"@type":"ReadAction","target":["https:\/\/www.sfsic.org\/en\/aac-evenement\/les-enjeux-des-industries-culturelles-et-creatives-pour-le-developpement-de-lafrique\/"]}]},{"@type":"BreadcrumbList","@id":"https:\/\/www.sfsic.org\/en\/aac-evenement\/les-enjeux-des-industries-culturelles-et-creatives-pour-le-developpement-de-lafrique\/#breadcrumb","itemListElement":[{"@type":"ListItem","position":1,"name":"Accueil","item":"https:\/\/www.sfsic.org\/en\/"},{"@type":"ListItem","position":2,"name":"Calls for Contributions","item":"https:\/\/www.sfsic.org\/en\/cfc-event\/"},{"@type":"ListItem","position":3,"name":"Conference","item":"https:\/\/www.sfsic.org\/en\/cfc-event\/conference\/"},{"@type":"ListItem","position":4,"name":"Les enjeux des industries culturelles et cr\u00e9atives pour le d\u00e9veloppement de l\u2019Afrique"}]},{"@type":"WebSite","@id":"https:\/\/www.sfsic.org\/en\/#website","url":"https:\/\/www.sfsic.org\/en\/","name":"SFSIC","description":"Soci\u00e9t\u00e9 Fran\u00e7aise des Sciences de l&#039;Information &amp; de la Communication","publisher":{"@id":"https:\/\/www.sfsic.org\/en\/#organization"},"potentialAction":[{"@type":"SearchAction","target":{"@type":"EntryPoint","urlTemplate":"https:\/\/www.sfsic.org\/en\/?s={search_term_string}"},"query-input":{"@type":"PropertyValueSpecification","valueRequired":true,"valueName":"search_term_string"}}],"inLanguage":"en-US"},{"@type":"Organization","@id":"https:\/\/www.sfsic.org\/en\/#organization","name":"SFSIC","url":"https:\/\/www.sfsic.org\/en\/","logo":{"@type":"ImageObject","inLanguage":"en-US","@id":"https:\/\/www.sfsic.org\/en\/#\/schema\/logo\/image\/","url":"https:\/\/www.sfsic.org\/wp-inside\/uploads\/2020\/05\/logo-sfsic.jpg","contentUrl":"https:\/\/www.sfsic.org\/wp-inside\/uploads\/2020\/05\/logo-sfsic.jpg","width":1085,"height":1080,"caption":"SFSIC"},"image":{"@id":"https:\/\/www.sfsic.org\/en\/#\/schema\/logo\/image\/"}},{"@type":"Person","@id":"https:\/\/www.sfsic.org\/en\/#\/schema\/person\/d3606993477708f4359fb9aeda58df3b","name":"Axelle Martin","image":{"@type":"ImageObject","inLanguage":"en-US","@id":"https:\/\/secure.gravatar.com\/avatar\/1065035eb5e480668fbf77e163c2e86f81ac342eaad4c8783acdf4a63f3c917b?s=96&d=mm&r=g","url":"https:\/\/secure.gravatar.com\/avatar\/1065035eb5e480668fbf77e163c2e86f81ac342eaad4c8783acdf4a63f3c917b?s=96&d=mm&r=g","contentUrl":"https:\/\/secure.gravatar.com\/avatar\/1065035eb5e480668fbf77e163c2e86f81ac342eaad4c8783acdf4a63f3c917b?s=96&d=mm&r=g","caption":"Axelle Martin"},"sameAs":["@antropocominside"]}]}},"_links":{"self":[{"href":"https:\/\/www.sfsic.org\/en\/wp-json\/wp\/v2\/posts\/23391","targetHints":{"allow":["GET"]}}],"collection":[{"href":"https:\/\/www.sfsic.org\/en\/wp-json\/wp\/v2\/posts"}],"about":[{"href":"https:\/\/www.sfsic.org\/en\/wp-json\/wp\/v2\/types\/post"}],"author":[{"embeddable":true,"href":"https:\/\/www.sfsic.org\/en\/wp-json\/wp\/v2\/users\/781"}],"replies":[{"embeddable":true,"href":"https:\/\/www.sfsic.org\/en\/wp-json\/wp\/v2\/comments?post=23391"}],"version-history":[{"count":3,"href":"https:\/\/www.sfsic.org\/en\/wp-json\/wp\/v2\/posts\/23391\/revisions"}],"predecessor-version":[{"id":23394,"href":"https:\/\/www.sfsic.org\/en\/wp-json\/wp\/v2\/posts\/23391\/revisions\/23394"}],"wp:attachment":[{"href":"https:\/\/www.sfsic.org\/en\/wp-json\/wp\/v2\/media?parent=23391"}],"wp:term":[{"taxonomy":"category","embeddable":true,"href":"https:\/\/www.sfsic.org\/en\/wp-json\/wp\/v2\/categories?post=23391"},{"taxonomy":"post_tag","embeddable":true,"href":"https:\/\/www.sfsic.org\/en\/wp-json\/wp\/v2\/tags?post=23391"},{"taxonomy":"thematique","embeddable":true,"href":"https:\/\/www.sfsic.org\/en\/wp-json\/wp\/v2\/thematique?post=23391"},{"taxonomy":"sfsic","embeddable":true,"href":"https:\/\/www.sfsic.org\/en\/wp-json\/wp\/v2\/sfsic?post=23391"}],"curies":[{"name":"wp","href":"https:\/\/api.w.org\/{rel}","templated":true}]}}