{"id":23352,"date":"2022-03-15T14:51:18","date_gmt":"2022-03-15T13:51:18","guid":{"rendered":"https:\/\/www.sfsic.org\/?p=23352"},"modified":"2022-03-10T14:52:21","modified_gmt":"2022-03-10T13:52:21","slug":"outils-numeriques-de-mediation-du-patrimoine-quelle-place-des-publics-dans-la-conception","status":"publish","type":"post","link":"https:\/\/www.sfsic.org\/en\/evenement\/outils-numeriques-de-mediation-du-patrimoine-quelle-place-des-publics-dans-la-conception\/","title":{"rendered":"Outils num\u00e9riques de m\u00e9diation du patrimoine : quelle place des publics dans la conception ?"},"content":{"rendered":"<p><!-- fxzn:singledetail --><\/p>\n<div class=\"zone zn-singledetail\" id=\"fxzn-singledetail-1\">\n<div class=\"zone-block zn-singledetail-block alignwide va-top\">\n<div class=\"row\">\n<div class=\"columns large-8 large-push-4\">\n<div class=\"zn-singledetail-metabox\">\n<div class=\"zn-singledetail-pubdate pubdate\">\n\t\t\t\t\t<span class=\"pubdate-txt\">Mis en ligne le<\/span><span class=\"doubledot\"><\/span> 10 mars 2022\t\t\t\t<\/div>\n<p class=\"zn-singledetail-calenda-info\">\n\t\t\t\t\t\tInformations \u00e9dit\u00e9es \u00e0 partir d\u2019une annonce <a class=\"calenda-link prettylink\" href=\"https:\/\/calenda.org\/976029\" target=\"_blank\" rel=\"noopener\"><strong>Calenda<\/strong><\/a>.\t\t\t\t\t<\/p>\n<div class=\"zn-singledetail-thematiques with-sep-comma\">\n<ul class=\"termslist termslist-thematique\">\n<li class=\"termslist-item termslist-title\"><span class=\"termslist-titletxt\">Th\u00e9matiques<\/span><span class=\"doubledot\"><\/span><\/li>\n<li class=\"termslist-item tax-thematique term-communication-organisations\"><a class=\"termslist-itemlink\" href=\"https:\/\/www.sfsic.org\/en\/thematiques\/communication-organizations-en\/\" title=\"Communication et organisations\"><span class=\"termslist-itemname\">Communication et organisations<\/span><\/a><\/li>\n<li class=\"termslist-item tax-thematique term-mediations-memorielles-culturelles-et-patrimoniales\"><a class=\"termslist-itemlink\" href=\"https:\/\/www.sfsic.org\/en\/thematiques\/memorial-cultural-and-heritage-mediation\/\" title=\"M\u00e9diations m\u00e9morielles, culturelles et patrimoniales\"><span class=\"termslist-itemname\">M\u00e9diations m\u00e9morielles, culturelles et patrimoniales<\/span><\/a><\/li>\n<li class=\"termslist-item tax-thematique term-numerique-strategies-dispositifs-et-usages\"><a class=\"termslist-itemlink\" href=\"https:\/\/www.sfsic.org\/en\/thematiques\/digital-strategies-devices-and-uses-en\/\" title=\"Num\u00e9rique : strat\u00e9gies, dispositifs et usages\"><span class=\"termslist-itemname\">Num\u00e9rique : strat\u00e9gies, dispositifs et usages<\/span><\/a><\/li>\n<\/ul><\/div>\n<\/p><\/div>\n<\/p><\/div>\n<\/p><\/div>\n<div class=\"row\">\n<div class=\"columns large-4\">\n<div class=\"zn-singledetail-sidebar bg-cornersquares\">\n<div class=\"zn-singledetail-infos\">\n<p class=\"zn-singledetail-type\">\n\t\t\t\t\t\t\t<span>Type d\u2019\u00e9v\u00e9nement<\/span><span class=\"doubledot\"><\/span> <strong>Table ronde<\/strong>\n\t\t\t\t\t<\/p>\n<\/p><\/div>\n<div class=\"zn-singledetail-contacts\">\n<h3 class=\"zn-singledetail-section-title\">Contacts<\/h3>\n<ul class=\"zn-singledetail-contacts-list\">\n<li class=\"zn-singledetail-contact\">\n\t\t\t\t\t\t\t<span class=\"zn-singledetail-contact-name\">Christine Aubry, IRHiS ULille<\/span><span class=\"doubledot\"><\/span><br \/>\n\t\t\t\t\t\t\t\t\t\t\t\t\t\t<a class=\"zn-singledetail-contact-mail prettylink\" href=\"mailto:Christine.aubry@univ-lille.fr\">Christine.aubry@univ-lille.fr<\/a>\n\t\t\t\t\t\t\t\t\t\t\t\t\t<\/li>\n<\/ul><\/div>\n<div class=\"zn-singledetail-weblinks\">\n<h3 class=\"zn-singledetail-section-title\">Sites internet de r\u00e9f\u00e9rence<\/h3>\n<ul class=\"zn-singledetail-weblinks-list\">\n<li>\n\t\t\t\t\t\t\t<a class=\"prettylink chainlink\" href=\"https:\/\/irhis.univ-lille.fr\/\" title=\"IRHIS\" target=\"_blank\" rel=\"noopener\">IRHIS<\/a>\n\t\t\t\t\t\t<\/li>\n<li>\n\t\t\t\t\t\t\t<a class=\"prettylink chainlink\" href=\"https:\/\/geriico.univ-lille.fr\/\" title=\"Geriico\" target=\"_blank\" rel=\"noopener\">Geriico<\/a>\n\t\t\t\t\t\t<\/li>\n<li>\n\t\t\t\t\t\t\t<a class=\"prettylink chainlink\" href=\"http:\/\/fr-scv.fr\/\" title=\"F\u00e9d\u00e9ration de Recherche Sciences et Cultures du Visuel\" target=\"_blank\" rel=\"noopener\">F\u00e9d\u00e9ration de Recherche Sciences et Cultures du Visuel<\/a>\n\t\t\t\t\t\t<\/li>\n<\/ul><\/div>\n<\/p><\/div>\n<\/p><\/div>\n<div class=\"columns large-8\">\n<div class=\"zn-singledetail-contentbox\">\n<div class=\"zn-singledetail-eventinfo\">\n<div class=\"zn-singledetail-eventinfo-inner\">\n<div class=\"zn-singledetail-eventdates\">\n\t\t\t\t\t\t<span class=\"zn-singledetail-label\">Dates de l\u2019\u00e9v\u00e9nement<span class=\"doubledot\"><\/span><\/span><\/p>\n<ul class=\"zn-singledetail-eventdates-list\">\n<li class=\"zn-singledetail-eventdates-item\">\n\t\t\t\t\t\t\t\tDu 01\/04\/2022 au 01\/04\/2022, <span class=\"event-schedule\">14h-17h<\/span>\t\t\t\t\t\t\t<\/li>\n<\/ul><\/div>\n<p class=\"zn-singledetail-eventplace\">\n\t\t\t\t\t\t<span class=\"zn-singledetail-label\">Lieu de l\u2019\u00e9v\u00e9nement<span class=\"doubledot\"><\/span><\/span><br \/>\n\t\t\t\t\t\t<span class=\"zn-singledetail-eventplace-adr\"><\/p>\n<p>\t\t\t\t\t\t\t\t\t\t\t\t<span class=\"adr-place\">Salle de s\u00e9minaire (A1.152), laboratoire IRHiS<\/span>,<\/p>\n<p>\t\t\t\t\t\t<span class=\"adr-street\">Universit\u00e9 de Lille &#8211; Campus de Pont-de-Bois <\/span>, <span class=\"adr-city\">Villeneuve d\u2019Ascq<\/span>\t\t\t\t\t\t<span class=\"adr-cp\">59<\/span>, <span class=\"adr-country\">France<\/span><br \/>\n\t\t\t\t\t\t<\/span>\t\t\t\t\t<\/p>\n<\/p><\/div>\n<\/p><\/div>\n<div class=\"zn-singledetail-annonce wig-content\">\n<div id=\"annonce-976029-fr\" class=\"tabContent\" lang=\"fr\" xml:lang=\"fr\">\n<h2>Argumentaire<\/h2>\n<p>Depuis une vingtaine d\u2019ann\u00e9es, diff\u00e9rentes initiatives ont vu le jour dans les mus\u00e9es pour d\u00e9velopper des outils num\u00e9riques de m\u00e9diation (applications web, histopad, casques de r\u00e9alit\u00e9 virtuelle, bornes de consultation, tablettes\u2026) permettant d&rsquo;appareiller l\u2019exp\u00e9rience de visite, et visant \u00e0 cr\u00e9er de nouveaux usages et de nouveaux liens entre le public et le patrimoine.<\/p>\n<p>Apr\u00e8s avoir consacr\u00e9, en octobre 2021, un workshop de deux jours aux probl\u00e9matiques des visualisations num\u00e9riques du pass\u00e9 et du patrimoine, \u00e0 travers les processus d\u2019immersions et les dispositifs de m\u00e9diations consid\u00e9r\u00e9s avant tout du point de vue des concepteurs<a name=\"_ftnref1\"><\/a>[1], l\u2019objectif de la table ronde organis\u00e9e le 1<sup>er<\/sup> avril 2022 par les laboratoires IRHiS et GERiiCO, en partenariat avec le projet de recherche <em>e.thesaurus<\/em>, la F\u00e9d\u00e9ration de recherche <em>Sciences et Cultures du Visuel<\/em> et la Structure f\u00e9d\u00e9rative de Recherche <em>Num\u00e9rique &amp; Patrimoine<\/em>, est de se placer cette fois du c\u00f4t\u00e9 des publics.<\/p>\n<p>Ainsi, pour introduire la discussion, la parole sera donn\u00e9e \u00e0 des chercheur.es et jeunes chercheur.es travaillant sur la question de la place laiss\u00e9e aux publics dans la conception de ces outils innovants de m\u00e9diation.<\/p>\n<p>Cette manifestation s&rsquo;adresse aux masterant.es et doctorant.es en histoire de l\u2019art et arch\u00e9ologie, en histoire et sciences de l&rsquo;information et de la communication, aux professionnel.les du patrimoine et aux chercheur.es.<\/p>\n<ul>\n<li>\u00c9lise Baillieul (IRHiS)<\/li>\n<li>Laure Bolka-Tabary (GERiiCO)<\/li>\n<li>Marc Gil (IRHiS)<\/li>\n<\/ul>\n<h2>Programme<\/h2>\n<p>14\u00a0h\u00a0\u2013\u00a017\u00a0h<\/p>\n<p>Salle de s\u00e9minaire (A1.152), laboratoire IRHiS<\/p>\n<h3>Invit\u00e9.es&#160;:<\/h3>\n<ul>\n<li><strong>S\u00e9bastien Appiotti<\/strong>, ma\u00eetre de conf\u00e9rences en science de l\u2019information et de la communication, Celsa, CEMTI<\/li>\n<li><strong>Pascal Bu\u00e9,<\/strong> docteur en science de l\u2019information et de la communication, GRIPIC<\/li>\n<li><strong>Eva Sandri<\/strong>, ma\u00eetresse de conf\u00e9rences en science de l\u2019information et de la communication, Universit\u00e9 Paul Val\u00e9ry\u2013Montpellier 3, LERASS<\/li>\n<\/ul>\n<h2>Contact<\/h2>\n<ul>\n<li>Christine Aubry, IRHiS ULille, Christine.aubry@univ-lille.fr<\/li>\n<\/ul>\n<h1>Note<\/h1>\n<p>[1] 21-22 octobre 2021, workshop organis\u00e9 par les porteurs du projet e<em>.thesaurus<\/em>, M. Gil (IRHiS, ULille) et P. Hallot (ULi\u00e8ge), de celui du <em>Camp du Drap d\u2019Or<\/em>, Isabelle Paresys (IRHiS, ULille) et Laure Bolka-Tabary (GERiiCO, ULille), en partenariat avec la F\u00e9d\u00e9ration de Recherche SCV, les laboratoires IRHiS et GERIICO&#160;: <a href=\"https:\/\/sites.google.com\/view\/immersionsetmdiations\/accueil\">https:\/\/sites.google.com\/view\/immersionsetmdiations\/accueil<\/a><\/p>\n<\/div><\/div>\n<div class=\"zn-singledetail-partners\">\n<h3 class=\"zn-singledetail-section-title\">Partenaires<\/h3>\n<div class=\"zn-singledetail-partners-list row small-up-2 medium-up-3 large-up-5 partnerlist\" data-equalizer data-equalize-on=\"medium\">\n<article class=\"summarypartner column\">\n<div class=\"summarypartner-box\" title=\"IRHIS - Institut de Recherches Historiques du Septentrion \">\n<div class=\"summarypartner-box-inner\" data-equalizer-watch>\n<div class=\"summarypartner-imgbox\">\n<figure class=\"summarypartner-figure\">\n\t\t\t\t\t<img decoding=\"async\" class=\"summarypartner-img\" src=\"https:\/\/www.sfsic.org\/wp-inside\/uploads\/skp-membership\/demande_adh\/irhis-320x148.png\" alt=\"\"><br \/>\n\t\t\t\t\t\t\t\t\t<\/figure>\n<\/p><\/div>\n<div class=\"summarypartner-content\">\n<div class=\"summarypartner-content-inner\">\n<header class=\"summarypartner-header\">\n<h3 class=\"summarypartner-title\">\n\t\t\t\t\t\t\tIRHIS &#8211; Institut de Recherches Historiques du Septentrion \t\t\t\t\t\t<\/h3>\n<p class=\"summarypartner-acronym\">\n\t\t\t\t\t\t\tIRHIS\t\t\t\t\t\t<\/p>\n<\/header><\/div>\n<\/p><\/div>\n<\/p><\/div>\n<\/p><\/div>\n<\/article>\n<article class=\"summarypartner partner-3863 column\">\n\t<a class=\"summarypartner-box\" href=\"https:\/\/geriico-recherche.univ-lille3.fr\/\" title=\"GERiiCO &#8211; Groupe d&rsquo;\u00c9tudes et de Recherche Interdisciplinaire en Information et COmmunication\">\t\t<\/p>\n<div class=\"summarypartner-box-inner\" data-equalizer-watch>\n<div class=\"summarypartner-imgbox\">\n<figure class=\"summarypartner-figure\">\n\t\t\t\t\t<img decoding=\"async\" class=\"summarypartner-img\" src=\"https:\/\/www.sfsic.org\/wp-inside\/uploads\/skp-membership\/demande_adh\/logo1.png\" alt=\"Logo G\u00e9riico\"><br \/>\n\t\t\t\t\t\t\t\t\t<\/figure>\n<\/p><\/div>\n<div class=\"summarypartner-content\">\n<div class=\"summarypartner-content-inner\">\n<header class=\"summarypartner-header\">\n<h3 class=\"summarypartner-title\">\n\t\t\t\t\t\t\tGERiiCO &#8211; Groupe d&rsquo;\u00c9tudes et de Recherche Interdisciplinaire en Information et COmmunication\t\t\t\t\t\t<\/h3>\n<p class=\"summarypartner-acronym\">\n\t\t\t\t\t\t\tGERiiCO\t\t\t\t\t\t<\/p>\n<\/header><\/div>\n<\/p><\/div>\n<\/p><\/div>\n<p>\t<\/a><\/article>\n<article class=\"summarypartner column\">\n<div class=\"summarypartner-box\" title=\"SCV - F\u00e9d\u00e9ration de Recherche Sciences et Cultures du Visuel\">\n<div class=\"summarypartner-box-inner\" data-equalizer-watch>\n<div class=\"summarypartner-imgbox\">\n<figure class=\"summarypartner-figure\">\n\t\t\t\t\t<img decoding=\"async\" class=\"summarypartner-img\" src=\"https:\/\/www.sfsic.org\/wp-inside\/uploads\/skp-membership\/demande_adh\/cnrs_scv_logo_v4-01-320x138.jpg\" alt=\"\"><br \/>\n\t\t\t\t\t\t\t\t\t<\/figure>\n<\/p><\/div>\n<div class=\"summarypartner-content\">\n<div class=\"summarypartner-content-inner\">\n<header class=\"summarypartner-header\">\n<h3 class=\"summarypartner-title\">\n\t\t\t\t\t\t\tSCV &#8211; F\u00e9d\u00e9ration de Recherche Sciences et Cultures du Visuel\t\t\t\t\t\t<\/h3>\n<p class=\"summarypartner-acronym\">\n\t\t\t\t\t\t\tSCV\t\t\t\t\t\t<\/p>\n<\/header><\/div>\n<\/p><\/div>\n<\/p><\/div>\n<\/p><\/div>\n<\/article><\/div>\n<\/p><\/div>\n<div class=\"zn-singledetail-attachedfiles\">\n<h3 class=\"zn-singledetail-section-title\">Fichier(s) attach\u00e9(s)<\/h3>\n<ul class=\"zn-singledetail-attachedfiles-list\">\n<li class=\"zn-singledetail-attachedfiles-item\">\n\t\t\t\t\t\t\t<a class=\"zn-singledetail-attachedfiles-link button outline for-download\" href=\"https:\/\/www.sfsic.org\/wp-inside\/uploads\/skp-membership\/demande_adh\/table_ronde_outils-numeriques-de-mediation-du-patrimoine_programme_2022.pdf\" title=\"T\u00e9l\u00e9charger : \u00ab table_ronde_outils-numeriques-de-mediation-du-patrimoine_programme_2022.pdf \u00bb\" target=\"_blank\" rel=\"noopener\"><br \/>\n\t\t\t\t\t\t\t\t<span class=\"button-txt\">Table_ronde_Outils num\u00e9riques de m\u00e9diation du patrimoine_Programme_2022<span class=\"button-txt-type\"> (pdf)<\/span><\/span><br \/>\n\t\t\t\t\t\t\t<\/a>\n\t\t\t\t\t\t<\/li>\n<\/ul><\/div>\n<div class=\"zn-singledetail-keywords\">\n<h3 class=\"zn-singledetail-section-title\">Mots-cl\u00e9s<\/h3>\n<ul class=\"termslist termslist-post_tag\">\n<li class=\"termslist-item termslist-title\"><span class=\"termslist-titletxt\">Mots-cl\u00e9s<\/span><span class=\"doubledot\"><\/span><\/li>\n<li class=\"termslist-item tax-post_tag term-communication\"><a class=\"termslist-itemlink\" href=\"https:\/\/www.sfsic.org\/en\/tag\/communication-en\/\" title=\"Communication\"><span class=\"termslist-itemname\">Communication<\/span><\/a><\/li>\n<li class=\"termslist-item tax-post_tag term-information\"><a class=\"termslist-itemlink\" href=\"https:\/\/www.sfsic.org\/en\/tag\/information\/\" title=\"information\"><span class=\"termslist-itemname\">information<\/span><\/a><\/li>\n<li class=\"termslist-item tax-post_tag term-mediation\"><a class=\"termslist-itemlink\" href=\"https:\/\/www.sfsic.org\/en\/tag\/mediation-en\/\" title=\"M\u00e9diation\"><span class=\"termslist-itemname\">M\u00e9diation<\/span><\/a><\/li>\n<li class=\"termslist-item tax-post_tag term-numerique\"><a class=\"termslist-itemlink\" href=\"https:\/\/www.sfsic.org\/en\/tag\/digital\/\" title=\"Num\u00e9rique\"><span class=\"termslist-itemname\">Num\u00e9rique<\/span><\/a><\/li>\n<li class=\"termslist-item tax-post_tag term-patrimoine\"><a class=\"termslist-itemlink\" href=\"https:\/\/www.sfsic.org\/en\/tag\/heritage\/\" title=\"Patrimoine\"><span class=\"termslist-itemname\">Patrimoine<\/span><\/a><\/li>\n<li class=\"termslist-item tax-post_tag term-publics\"><a class=\"termslist-itemlink\" href=\"https:\/\/www.sfsic.org\/en\/tag\/publics\/\" title=\"Publics\"><span class=\"termslist-itemname\">Publics<\/span><\/a><\/li>\n<\/ul><\/div>\n<\/p><\/div>\n<\/p><\/div>\n<\/p><\/div>\n<\/p><\/div>\n<\/div>\n<p><!-- \/fxzn:singledetail --><\/p>\n","protected":false},"excerpt":{"rendered":"<p>Mis en ligne le 10 mars 2022 Informations \u00e9dit\u00e9es \u00e0 partir d\u2019une annonce Calenda. Th\u00e9matiques Communication et organisations M\u00e9diations m\u00e9morielles, culturelles et patrimoniales Num\u00e9rique : strat\u00e9gies, dispositifs et usages Type [&hellip;]<\/p>\n","protected":false},"author":781,"featured_media":0,"comment_status":"closed","ping_status":"closed","sticky":false,"template":"","format":"standard","meta":{"_acf_changed":false,"footnotes":""},"categories":[67,30],"tags":[363,304,129,90,193,383],"thematique":[37,38,39],"sfsic":[],"class_list":["post-23352","post","type-post","status-publish","format-standard","hentry","category-colloque-2","category-evenement","tag-communication","tag-information","tag-mediation","tag-numerique","tag-patrimoine","tag-publics","thematique-communication-organisations","thematique-mediations-memorielles-culturelles-et-patrimoniales","thematique-numerique-strategies-dispositifs-et-usages","wp-sticky"],"acf":[],"yoast_head":"<!-- This site is optimized with the Yoast SEO plugin v27.4 - https:\/\/yoast.com\/product\/yoast-seo-wordpress\/ -->\n<title>Outils num\u00e9riques de m\u00e9diation du patrimoine : quelle place des publics dans la conception ?<\/title>\n<meta name=\"description\" content=\"Le programme de la table ronde qui traite de la th\u00e9matique &quot;Outils num\u00e9riques de m\u00e9diation du patrimoine : quelle place des publics dans la conception ?&quot; est en ligne.\" \/>\n<meta name=\"robots\" content=\"index, follow, max-snippet:-1, max-image-preview:large, max-video-preview:-1\" \/>\n<link rel=\"canonical\" href=\"https:\/\/www.sfsic.org\/en\/evenement\/outils-numeriques-de-mediation-du-patrimoine-quelle-place-des-publics-dans-la-conception\/\" \/>\n<meta property=\"og:locale\" content=\"en_US\" \/>\n<meta property=\"og:type\" content=\"article\" \/>\n<meta property=\"og:title\" content=\"Outils num\u00e9riques de m\u00e9diation du patrimoine : quelle place des publics dans la conception ?\" \/>\n<meta property=\"og:description\" content=\"Le programme de la table ronde qui traite de la th\u00e9matique &quot;Outils num\u00e9riques de m\u00e9diation du patrimoine : quelle place des publics dans la conception ?&quot; est en ligne.\" \/>\n<meta property=\"og:url\" content=\"https:\/\/www.sfsic.org\/en\/evenement\/outils-numeriques-de-mediation-du-patrimoine-quelle-place-des-publics-dans-la-conception\/\" \/>\n<meta property=\"og:site_name\" content=\"SFSIC\" \/>\n<meta property=\"article:published_time\" content=\"2022-03-15T13:51:18+00:00\" \/>\n<meta property=\"og:image\" content=\"https:\/\/www.sfsic.org\/wp-inside\/uploads\/skp-membership\/demande_adh\/irhis-320x148.png\" \/>\n<meta name=\"author\" content=\"Axelle Martin\" \/>\n<meta name=\"twitter:card\" content=\"summary_large_image\" \/>\n<script type=\"application\/ld+json\" class=\"yoast-schema-graph\">{\"@context\":\"https:\\\/\\\/schema.org\",\"@graph\":[{\"@type\":\"Article\",\"@id\":\"https:\\\/\\\/www.sfsic.org\\\/en\\\/evenement\\\/outils-numeriques-de-mediation-du-patrimoine-quelle-place-des-publics-dans-la-conception\\\/#article\",\"isPartOf\":{\"@id\":\"https:\\\/\\\/www.sfsic.org\\\/en\\\/evenement\\\/outils-numeriques-de-mediation-du-patrimoine-quelle-place-des-publics-dans-la-conception\\\/\"},\"author\":{\"name\":\"Axelle Martin\",\"@id\":\"https:\\\/\\\/www.sfsic.org\\\/en\\\/#\\\/schema\\\/person\\\/d3606993477708f4359fb9aeda58df3b\"},\"headline\":\"Outils num\u00e9riques de m\u00e9diation du patrimoine : quelle place des publics dans la conception ?\",\"datePublished\":\"2022-03-15T13:51:18+00:00\",\"mainEntityOfPage\":{\"@id\":\"https:\\\/\\\/www.sfsic.org\\\/en\\\/evenement\\\/outils-numeriques-de-mediation-du-patrimoine-quelle-place-des-publics-dans-la-conception\\\/\"},\"wordCount\":570,\"publisher\":{\"@id\":\"https:\\\/\\\/www.sfsic.org\\\/en\\\/#organization\"},\"image\":{\"@id\":\"https:\\\/\\\/www.sfsic.org\\\/en\\\/evenement\\\/outils-numeriques-de-mediation-du-patrimoine-quelle-place-des-publics-dans-la-conception\\\/#primaryimage\"},\"thumbnailUrl\":\"https:\\\/\\\/www.sfsic.org\\\/wp-inside\\\/uploads\\\/skp-membership\\\/demande_adh\\\/irhis-320x148.png\",\"keywords\":[\"Communication\",\"information\",\"M\u00e9diation\",\"Num\u00e9rique\",\"Patrimoine\",\"Publics\"],\"articleSection\":[\"Colloque\",\"\u00c9v\u00e9nements\"],\"inLanguage\":\"en-US\"},{\"@type\":\"WebPage\",\"@id\":\"https:\\\/\\\/www.sfsic.org\\\/en\\\/evenement\\\/outils-numeriques-de-mediation-du-patrimoine-quelle-place-des-publics-dans-la-conception\\\/\",\"url\":\"https:\\\/\\\/www.sfsic.org\\\/en\\\/evenement\\\/outils-numeriques-de-mediation-du-patrimoine-quelle-place-des-publics-dans-la-conception\\\/\",\"name\":\"Outils num\u00e9riques de m\u00e9diation du patrimoine : quelle place des publics dans la conception ?\",\"isPartOf\":{\"@id\":\"https:\\\/\\\/www.sfsic.org\\\/en\\\/#website\"},\"primaryImageOfPage\":{\"@id\":\"https:\\\/\\\/www.sfsic.org\\\/en\\\/evenement\\\/outils-numeriques-de-mediation-du-patrimoine-quelle-place-des-publics-dans-la-conception\\\/#primaryimage\"},\"image\":{\"@id\":\"https:\\\/\\\/www.sfsic.org\\\/en\\\/evenement\\\/outils-numeriques-de-mediation-du-patrimoine-quelle-place-des-publics-dans-la-conception\\\/#primaryimage\"},\"thumbnailUrl\":\"https:\\\/\\\/www.sfsic.org\\\/wp-inside\\\/uploads\\\/skp-membership\\\/demande_adh\\\/irhis-320x148.png\",\"datePublished\":\"2022-03-15T13:51:18+00:00\",\"description\":\"Le programme de la table ronde qui traite de la th\u00e9matique \\\"Outils num\u00e9riques de m\u00e9diation du patrimoine : quelle place des publics dans la conception ?\\\" est en ligne.\",\"breadcrumb\":{\"@id\":\"https:\\\/\\\/www.sfsic.org\\\/en\\\/evenement\\\/outils-numeriques-de-mediation-du-patrimoine-quelle-place-des-publics-dans-la-conception\\\/#breadcrumb\"},\"inLanguage\":\"en-US\",\"potentialAction\":[{\"@type\":\"ReadAction\",\"target\":[\"https:\\\/\\\/www.sfsic.org\\\/en\\\/evenement\\\/outils-numeriques-de-mediation-du-patrimoine-quelle-place-des-publics-dans-la-conception\\\/\"]}]},{\"@type\":\"ImageObject\",\"inLanguage\":\"en-US\",\"@id\":\"https:\\\/\\\/www.sfsic.org\\\/en\\\/evenement\\\/outils-numeriques-de-mediation-du-patrimoine-quelle-place-des-publics-dans-la-conception\\\/#primaryimage\",\"url\":\"https:\\\/\\\/www.sfsic.org\\\/wp-inside\\\/uploads\\\/skp-membership\\\/demande_adh\\\/irhis-320x148.png\",\"contentUrl\":\"https:\\\/\\\/www.sfsic.org\\\/wp-inside\\\/uploads\\\/skp-membership\\\/demande_adh\\\/irhis-320x148.png\"},{\"@type\":\"BreadcrumbList\",\"@id\":\"https:\\\/\\\/www.sfsic.org\\\/en\\\/evenement\\\/outils-numeriques-de-mediation-du-patrimoine-quelle-place-des-publics-dans-la-conception\\\/#breadcrumb\",\"itemListElement\":[{\"@type\":\"ListItem\",\"position\":1,\"name\":\"Accueil\",\"item\":\"https:\\\/\\\/www.sfsic.org\\\/en\\\/\"},{\"@type\":\"ListItem\",\"position\":2,\"name\":\"Events\",\"item\":\"https:\\\/\\\/www.sfsic.org\\\/en\\\/events\\\/\"},{\"@type\":\"ListItem\",\"position\":3,\"name\":\"Conference\",\"item\":\"https:\\\/\\\/www.sfsic.org\\\/en\\\/events\\\/conference-en\\\/\"},{\"@type\":\"ListItem\",\"position\":4,\"name\":\"Outils num\u00e9riques de m\u00e9diation du patrimoine&#160;: quelle place des publics dans la conception&#160;?\"}]},{\"@type\":\"WebSite\",\"@id\":\"https:\\\/\\\/www.sfsic.org\\\/en\\\/#website\",\"url\":\"https:\\\/\\\/www.sfsic.org\\\/en\\\/\",\"name\":\"SFSIC\",\"description\":\"Soci\u00e9t\u00e9 Fran\u00e7aise des Sciences de l&#039;Information &amp; de la Communication\",\"publisher\":{\"@id\":\"https:\\\/\\\/www.sfsic.org\\\/en\\\/#organization\"},\"potentialAction\":[{\"@type\":\"SearchAction\",\"target\":{\"@type\":\"EntryPoint\",\"urlTemplate\":\"https:\\\/\\\/www.sfsic.org\\\/en\\\/?s={search_term_string}\"},\"query-input\":{\"@type\":\"PropertyValueSpecification\",\"valueRequired\":true,\"valueName\":\"search_term_string\"}}],\"inLanguage\":\"en-US\"},{\"@type\":\"Organization\",\"@id\":\"https:\\\/\\\/www.sfsic.org\\\/en\\\/#organization\",\"name\":\"SFSIC\",\"url\":\"https:\\\/\\\/www.sfsic.org\\\/en\\\/\",\"logo\":{\"@type\":\"ImageObject\",\"inLanguage\":\"en-US\",\"@id\":\"https:\\\/\\\/www.sfsic.org\\\/en\\\/#\\\/schema\\\/logo\\\/image\\\/\",\"url\":\"https:\\\/\\\/www.sfsic.org\\\/wp-inside\\\/uploads\\\/2020\\\/05\\\/logo-sfsic.jpg\",\"contentUrl\":\"https:\\\/\\\/www.sfsic.org\\\/wp-inside\\\/uploads\\\/2020\\\/05\\\/logo-sfsic.jpg\",\"width\":1085,\"height\":1080,\"caption\":\"SFSIC\"},\"image\":{\"@id\":\"https:\\\/\\\/www.sfsic.org\\\/en\\\/#\\\/schema\\\/logo\\\/image\\\/\"}},{\"@type\":\"Person\",\"@id\":\"https:\\\/\\\/www.sfsic.org\\\/en\\\/#\\\/schema\\\/person\\\/d3606993477708f4359fb9aeda58df3b\",\"name\":\"Axelle Martin\",\"image\":{\"@type\":\"ImageObject\",\"inLanguage\":\"en-US\",\"@id\":\"https:\\\/\\\/secure.gravatar.com\\\/avatar\\\/1065035eb5e480668fbf77e163c2e86f81ac342eaad4c8783acdf4a63f3c917b?s=96&d=mm&r=g\",\"url\":\"https:\\\/\\\/secure.gravatar.com\\\/avatar\\\/1065035eb5e480668fbf77e163c2e86f81ac342eaad4c8783acdf4a63f3c917b?s=96&d=mm&r=g\",\"contentUrl\":\"https:\\\/\\\/secure.gravatar.com\\\/avatar\\\/1065035eb5e480668fbf77e163c2e86f81ac342eaad4c8783acdf4a63f3c917b?s=96&d=mm&r=g\",\"caption\":\"Axelle Martin\"},\"sameAs\":[\"@antropocominside\"]}]}<\/script>\n<!-- \/ Yoast SEO plugin. -->","yoast_head_json":{"title":"Outils num\u00e9riques de m\u00e9diation du patrimoine : quelle place des publics dans la conception ?","description":"Le programme de la table ronde qui traite de la th\u00e9matique \"Outils num\u00e9riques de m\u00e9diation du patrimoine : quelle place des publics dans la conception ?\" est en ligne.","robots":{"index":"index","follow":"follow","max-snippet":"max-snippet:-1","max-image-preview":"max-image-preview:large","max-video-preview":"max-video-preview:-1"},"canonical":"https:\/\/www.sfsic.org\/en\/evenement\/outils-numeriques-de-mediation-du-patrimoine-quelle-place-des-publics-dans-la-conception\/","og_locale":"en_US","og_type":"article","og_title":"Outils num\u00e9riques de m\u00e9diation du patrimoine : quelle place des publics dans la conception ?","og_description":"Le programme de la table ronde qui traite de la th\u00e9matique \"Outils num\u00e9riques de m\u00e9diation du patrimoine : quelle place des publics dans la conception ?\" est en ligne.","og_url":"https:\/\/www.sfsic.org\/en\/evenement\/outils-numeriques-de-mediation-du-patrimoine-quelle-place-des-publics-dans-la-conception\/","og_site_name":"SFSIC","article_published_time":"2022-03-15T13:51:18+00:00","og_image":[{"url":"https:\/\/www.sfsic.org\/wp-inside\/uploads\/skp-membership\/demande_adh\/irhis-320x148.png","type":"","width":"","height":""}],"author":"Axelle Martin","twitter_card":"summary_large_image","schema":{"@context":"https:\/\/schema.org","@graph":[{"@type":"Article","@id":"https:\/\/www.sfsic.org\/en\/evenement\/outils-numeriques-de-mediation-du-patrimoine-quelle-place-des-publics-dans-la-conception\/#article","isPartOf":{"@id":"https:\/\/www.sfsic.org\/en\/evenement\/outils-numeriques-de-mediation-du-patrimoine-quelle-place-des-publics-dans-la-conception\/"},"author":{"name":"Axelle Martin","@id":"https:\/\/www.sfsic.org\/en\/#\/schema\/person\/d3606993477708f4359fb9aeda58df3b"},"headline":"Outils num\u00e9riques de m\u00e9diation du patrimoine : quelle place des publics dans la conception ?","datePublished":"2022-03-15T13:51:18+00:00","mainEntityOfPage":{"@id":"https:\/\/www.sfsic.org\/en\/evenement\/outils-numeriques-de-mediation-du-patrimoine-quelle-place-des-publics-dans-la-conception\/"},"wordCount":570,"publisher":{"@id":"https:\/\/www.sfsic.org\/en\/#organization"},"image":{"@id":"https:\/\/www.sfsic.org\/en\/evenement\/outils-numeriques-de-mediation-du-patrimoine-quelle-place-des-publics-dans-la-conception\/#primaryimage"},"thumbnailUrl":"https:\/\/www.sfsic.org\/wp-inside\/uploads\/skp-membership\/demande_adh\/irhis-320x148.png","keywords":["Communication","information","M\u00e9diation","Num\u00e9rique","Patrimoine","Publics"],"articleSection":["Colloque","\u00c9v\u00e9nements"],"inLanguage":"en-US"},{"@type":"WebPage","@id":"https:\/\/www.sfsic.org\/en\/evenement\/outils-numeriques-de-mediation-du-patrimoine-quelle-place-des-publics-dans-la-conception\/","url":"https:\/\/www.sfsic.org\/en\/evenement\/outils-numeriques-de-mediation-du-patrimoine-quelle-place-des-publics-dans-la-conception\/","name":"Outils num\u00e9riques de m\u00e9diation du patrimoine : quelle place des publics dans la conception ?","isPartOf":{"@id":"https:\/\/www.sfsic.org\/en\/#website"},"primaryImageOfPage":{"@id":"https:\/\/www.sfsic.org\/en\/evenement\/outils-numeriques-de-mediation-du-patrimoine-quelle-place-des-publics-dans-la-conception\/#primaryimage"},"image":{"@id":"https:\/\/www.sfsic.org\/en\/evenement\/outils-numeriques-de-mediation-du-patrimoine-quelle-place-des-publics-dans-la-conception\/#primaryimage"},"thumbnailUrl":"https:\/\/www.sfsic.org\/wp-inside\/uploads\/skp-membership\/demande_adh\/irhis-320x148.png","datePublished":"2022-03-15T13:51:18+00:00","description":"Le programme de la table ronde qui traite de la th\u00e9matique \"Outils num\u00e9riques de m\u00e9diation du patrimoine : quelle place des publics dans la conception ?\" est en ligne.","breadcrumb":{"@id":"https:\/\/www.sfsic.org\/en\/evenement\/outils-numeriques-de-mediation-du-patrimoine-quelle-place-des-publics-dans-la-conception\/#breadcrumb"},"inLanguage":"en-US","potentialAction":[{"@type":"ReadAction","target":["https:\/\/www.sfsic.org\/en\/evenement\/outils-numeriques-de-mediation-du-patrimoine-quelle-place-des-publics-dans-la-conception\/"]}]},{"@type":"ImageObject","inLanguage":"en-US","@id":"https:\/\/www.sfsic.org\/en\/evenement\/outils-numeriques-de-mediation-du-patrimoine-quelle-place-des-publics-dans-la-conception\/#primaryimage","url":"https:\/\/www.sfsic.org\/wp-inside\/uploads\/skp-membership\/demande_adh\/irhis-320x148.png","contentUrl":"https:\/\/www.sfsic.org\/wp-inside\/uploads\/skp-membership\/demande_adh\/irhis-320x148.png"},{"@type":"BreadcrumbList","@id":"https:\/\/www.sfsic.org\/en\/evenement\/outils-numeriques-de-mediation-du-patrimoine-quelle-place-des-publics-dans-la-conception\/#breadcrumb","itemListElement":[{"@type":"ListItem","position":1,"name":"Accueil","item":"https:\/\/www.sfsic.org\/en\/"},{"@type":"ListItem","position":2,"name":"Events","item":"https:\/\/www.sfsic.org\/en\/events\/"},{"@type":"ListItem","position":3,"name":"Conference","item":"https:\/\/www.sfsic.org\/en\/events\/conference-en\/"},{"@type":"ListItem","position":4,"name":"Outils num\u00e9riques de m\u00e9diation du patrimoine&#160;: quelle place des publics dans la conception&#160;?"}]},{"@type":"WebSite","@id":"https:\/\/www.sfsic.org\/en\/#website","url":"https:\/\/www.sfsic.org\/en\/","name":"SFSIC","description":"Soci\u00e9t\u00e9 Fran\u00e7aise des Sciences de l&#039;Information &amp; de la Communication","publisher":{"@id":"https:\/\/www.sfsic.org\/en\/#organization"},"potentialAction":[{"@type":"SearchAction","target":{"@type":"EntryPoint","urlTemplate":"https:\/\/www.sfsic.org\/en\/?s={search_term_string}"},"query-input":{"@type":"PropertyValueSpecification","valueRequired":true,"valueName":"search_term_string"}}],"inLanguage":"en-US"},{"@type":"Organization","@id":"https:\/\/www.sfsic.org\/en\/#organization","name":"SFSIC","url":"https:\/\/www.sfsic.org\/en\/","logo":{"@type":"ImageObject","inLanguage":"en-US","@id":"https:\/\/www.sfsic.org\/en\/#\/schema\/logo\/image\/","url":"https:\/\/www.sfsic.org\/wp-inside\/uploads\/2020\/05\/logo-sfsic.jpg","contentUrl":"https:\/\/www.sfsic.org\/wp-inside\/uploads\/2020\/05\/logo-sfsic.jpg","width":1085,"height":1080,"caption":"SFSIC"},"image":{"@id":"https:\/\/www.sfsic.org\/en\/#\/schema\/logo\/image\/"}},{"@type":"Person","@id":"https:\/\/www.sfsic.org\/en\/#\/schema\/person\/d3606993477708f4359fb9aeda58df3b","name":"Axelle Martin","image":{"@type":"ImageObject","inLanguage":"en-US","@id":"https:\/\/secure.gravatar.com\/avatar\/1065035eb5e480668fbf77e163c2e86f81ac342eaad4c8783acdf4a63f3c917b?s=96&d=mm&r=g","url":"https:\/\/secure.gravatar.com\/avatar\/1065035eb5e480668fbf77e163c2e86f81ac342eaad4c8783acdf4a63f3c917b?s=96&d=mm&r=g","contentUrl":"https:\/\/secure.gravatar.com\/avatar\/1065035eb5e480668fbf77e163c2e86f81ac342eaad4c8783acdf4a63f3c917b?s=96&d=mm&r=g","caption":"Axelle Martin"},"sameAs":["@antropocominside"]}]}},"_links":{"self":[{"href":"https:\/\/www.sfsic.org\/en\/wp-json\/wp\/v2\/posts\/23352","targetHints":{"allow":["GET"]}}],"collection":[{"href":"https:\/\/www.sfsic.org\/en\/wp-json\/wp\/v2\/posts"}],"about":[{"href":"https:\/\/www.sfsic.org\/en\/wp-json\/wp\/v2\/types\/post"}],"author":[{"embeddable":true,"href":"https:\/\/www.sfsic.org\/en\/wp-json\/wp\/v2\/users\/781"}],"replies":[{"embeddable":true,"href":"https:\/\/www.sfsic.org\/en\/wp-json\/wp\/v2\/comments?post=23352"}],"version-history":[{"count":5,"href":"https:\/\/www.sfsic.org\/en\/wp-json\/wp\/v2\/posts\/23352\/revisions"}],"predecessor-version":[{"id":23371,"href":"https:\/\/www.sfsic.org\/en\/wp-json\/wp\/v2\/posts\/23352\/revisions\/23371"}],"wp:attachment":[{"href":"https:\/\/www.sfsic.org\/en\/wp-json\/wp\/v2\/media?parent=23352"}],"wp:term":[{"taxonomy":"category","embeddable":true,"href":"https:\/\/www.sfsic.org\/en\/wp-json\/wp\/v2\/categories?post=23352"},{"taxonomy":"post_tag","embeddable":true,"href":"https:\/\/www.sfsic.org\/en\/wp-json\/wp\/v2\/tags?post=23352"},{"taxonomy":"thematique","embeddable":true,"href":"https:\/\/www.sfsic.org\/en\/wp-json\/wp\/v2\/thematique?post=23352"},{"taxonomy":"sfsic","embeddable":true,"href":"https:\/\/www.sfsic.org\/en\/wp-json\/wp\/v2\/sfsic?post=23352"}],"curies":[{"name":"wp","href":"https:\/\/api.w.org\/{rel}","templated":true}]}}