{"id":23336,"date":"2022-03-10T12:08:18","date_gmt":"2022-03-10T11:08:18","guid":{"rendered":"https:\/\/www.sfsic.org\/?p=23336"},"modified":"2022-03-10T12:08:18","modified_gmt":"2022-03-10T11:08:18","slug":"semiotiques-de-terrain","status":"publish","type":"post","link":"https:\/\/www.sfsic.org\/en\/aac-evenement\/semiotiques-de-terrain\/","title":{"rendered":"S\u00e9miotiques de terrain"},"content":{"rendered":"<p><!-- fxzn:singledetail --><\/p>\n<div class=\"zone zn-singledetail\" id=\"fxzn-singledetail-1\">\n<div class=\"zone-block zn-singledetail-block alignwide va-top\">\n<div class=\"row\">\n<div class=\"columns large-8 large-push-4\">\n<div class=\"zn-singledetail-metabox\">\n<div class=\"zn-singledetail-pubdate pubdate\">\n\t\t\t\t\t<span class=\"pubdate-txt\">Mis en ligne le<\/span><span class=\"doubledot\"><\/span> 10 mars 2022\t\t\t\t<\/div>\n<div class=\"zn-singledetail-thematiques with-sep-comma\">\n<ul class=\"termslist termslist-thematique\">\n<li class=\"termslist-item termslist-title\"><span class=\"termslist-titletxt\">Th\u00e9matiques<\/span><span class=\"doubledot\"><\/span><\/li>\n<li class=\"termslist-item tax-thematique term-organisation-des-connaissances\"><a class=\"termslist-itemlink\" href=\"https:\/\/www.sfsic.org\/thematiques\/organisation-des-connaissances\/\" title=\"Organisation des connaissances\"><span class=\"termslist-itemname\">Organisation des connaissances<\/span><\/a><\/li>\n<\/ul><\/div>\n<\/p><\/div>\n<\/p><\/div>\n<\/p><\/div>\n<div class=\"row\">\n<div class=\"columns large-4\">\n<div class=\"zn-singledetail-sidebar bg-cornersquares\">\n<div class=\"zn-singledetail-infos\">\n<p class=\"zn-singledetail-reponse-date\">\n\t\t\t\t\t\t<span>R\u00e9ponse attendue pour le<\/span><span class=\"doubledot\"><\/span> <strong>01\/05\/2022<\/strong>\n\t\t\t\t\t<\/p>\n<p class=\"zn-singledetail-reponse-type\">\n\t\t\t\t\t<span>Type de r\u00e9ponse<\/span><span class=\"doubledot\"><\/span> <strong>R\u00e9sum\u00e9<\/strong>\n\t\t\t\t\t<\/p>\n<p class=\"zn-singledetail-type\">\n\t\t\t\t\t\t\t<span>Type d\u2019\u00e9v\u00e9nement<\/span><span class=\"doubledot\"><\/span> <strong>Colloque<\/strong>\n\t\t\t\t\t<\/p>\n<\/p><\/div>\n<div class=\"zn-singledetail-coordinators\">\n<h3 class=\"zn-singledetail-section-title\">Coordinateurs<\/h3>\n<ul class=\"zn-singledetail-coordinators-list\">\n<li class=\"zn-singledetail-coordinators-item\">\n\t\t\t\t\t\t\t<span>S\u00e9bastien<\/span> <span>Appiotti<\/span>\t\t\t\t\t\t\t\t\t\t\t\t\t\t, <a class=\"zn-singledetail-coordinators-mail prettylink\" href=\"mailto:sebastien.appiotti@sorbonne-universite.fr\">sebastien.appiotti@sorbonne-universite.fr<\/a>\n\t\t\t\t\t\t\t\t\t\t\t\t\t<\/li>\n<li class=\"zn-singledetail-coordinators-item\">\n\t\t\t\t\t\t\t<span>Alexandra<\/span> <span>Saemmer<\/span>\t\t\t\t\t\t\t\t\t\t\t\t\t\t, <a class=\"zn-singledetail-coordinators-mail prettylink\" href=\"mailto:alexandra.saemmer@univ-paris8.fr\">alexandra.saemmer@univ-paris8.fr<\/a>\n\t\t\t\t\t\t\t\t\t\t\t\t\t<\/li>\n<li class=\"zn-singledetail-coordinators-item\">\n\t\t\t\t\t\t\t<span>Nolwenn<\/span> <span>Tr\u00e9hondart<\/span>\t\t\t\t\t\t\t\t\t\t\t\t\t\t, <a class=\"zn-singledetail-coordinators-mail prettylink\" href=\"mailto:nolwenn.trehondart@univ-lorraine.fr\">nolwenn.trehondart@univ-lorraine.fr<\/a>\n\t\t\t\t\t\t\t\t\t\t\t\t\t<\/li>\n<\/ul><\/div>\n<div class=\"zn-singledetail-contacts\">\n<h3 class=\"zn-singledetail-section-title\">Contacts<\/h3>\n<ul class=\"zn-singledetail-contacts-list\">\n<li class=\"zn-singledetail-contact\">\n\t\t\t\t\t\t\t<span class=\"zn-singledetail-contact-name\">S\u00e9bastien Appiotti<\/span><span class=\"doubledot\"><\/span><br \/>\n\t\t\t\t\t\t\t\t\t\t\t\t\t\t<a class=\"zn-singledetail-contact-mail prettylink\" href=\"mailto:sebastien.appiotti@sorbonne-universite.fr\">sebastien.appiotti@sorbonne-universite.fr<\/a>\n\t\t\t\t\t\t\t\t\t\t\t\t\t<\/li>\n<li class=\"zn-singledetail-contact\">\n\t\t\t\t\t\t\t<span class=\"zn-singledetail-contact-name\">Alexandra Saemmer<\/span><span class=\"doubledot\"><\/span><br \/>\n\t\t\t\t\t\t\t\t\t\t\t\t\t\t<a class=\"zn-singledetail-contact-mail prettylink\" href=\"mailto:alexandra.saemmer@univ-paris8.fr\">alexandra.saemmer@univ-paris8.fr<\/a>\n\t\t\t\t\t\t\t\t\t\t\t\t\t<\/li>\n<li class=\"zn-singledetail-contact\">\n\t\t\t\t\t\t\t<span class=\"zn-singledetail-contact-name\">Nolwenn Tr\u00e9hondart<\/span><span class=\"doubledot\"><\/span><br \/>\n\t\t\t\t\t\t\t\t\t\t\t\t\t\t<a class=\"zn-singledetail-contact-mail prettylink\" href=\"mailto:nolwenn.trehondart@univ-lorraine.fr\">nolwenn.trehondart@univ-lorraine.fr<\/a>\n\t\t\t\t\t\t\t\t\t\t\t\t\t<\/li>\n<\/ul><\/div>\n<div class=\"zn-singledetail-weblinks\">\n<h3 class=\"zn-singledetail-section-title\">Sites internet de r\u00e9f\u00e9rence<\/h3>\n<ul class=\"zn-singledetail-weblinks-list\">\n<li>\n\t\t\t\t\t\t\t<a class=\"prettylink chainlink\" href=\"https:\/\/semiodeterrain.sciencesconf.org\/\" title=\"Site web colloque\" target=\"_blank\" rel=\"noopener\">Sciencesconf<\/a>\n\t\t\t\t\t\t<\/li>\n<\/ul><\/div>\n<\/p><\/div>\n<\/p><\/div>\n<div class=\"columns large-8\">\n<div class=\"zn-singledetail-contentbox\">\n<div class=\"zn-singledetail-eventinfo\">\n<div class=\"zn-singledetail-eventinfo-inner\">\n<div class=\"zn-singledetail-eventdates\">\n\t\t\t\t\t\t<span class=\"zn-singledetail-label\">Dates de l\u2019\u00e9v\u00e9nement<span class=\"doubledot\"><\/span><\/span><\/p>\n<ul class=\"zn-singledetail-eventdates-list\">\n<li class=\"zn-singledetail-eventdates-item\">\n\t\t\t\t\t\t\t\tDu 01\/12\/2022 au 02\/12\/2022\t\t\t\t\t\t\t<\/li>\n<\/ul><\/div>\n<p class=\"zn-singledetail-eventplace\">\n\t\t\t\t\t\t<span class=\"zn-singledetail-label\">Lieu de l\u2019\u00e9v\u00e9nement<span class=\"doubledot\"><\/span><\/span><br \/>\n\t\t\t\t\t\t<a class=\"zn-singledetail-eventplace-adr\" href=\"https:\/\/semiodeterrain.sciencesconf.org\/\" title=\"\" target=\"_blank\" rel=\"noopener\"><br \/>\n\t\t\t\t\t\t\t\t\t\t\t\t<span class=\"adr-name\">S\u00e9miotiques de terrain<\/span>,<\/p>\n<p>\t\t\t\t\t\t\t\t\t\t\t\t<span class=\"adr-place\">Universit\u00e9 Paris 8, Maison de la recherche<\/span>,<\/p>\n<p>\t\t\t\t\t\t<span class=\"adr-street\">2, rue de la Libert\u00e9 <\/span>, <span class=\"adr-city\">Saint-Denis<\/span>\t\t\t\t\t\t<span class=\"adr-cp\">93200<\/span>, <span class=\"adr-country\">France<\/span><br \/>\n\t\t\t\t\t\t<\/a>\t\t\t\t\t<\/p>\n<\/p><\/div>\n<\/p><\/div>\n<div class=\"zn-singledetail-annonce wig-content\">\n<p>L\u2019analyse de la construction du sens \u00e0 partir des signes environnants fait incontestablement partie des ambitions de la s\u00e9miotique. En tant que discipline, celle-ci occasionne n\u00e9anmoins des d\u00e9bats persistants quant \u00e0 savoir ce qui, lors de la s\u00e9miose, pr\u00e9domine. \u00ab&#160;Hors du texte, point de salut&#160;\u00bb aurait souvent r\u00e9p\u00e9t\u00e9 Julien Algirdas Greimas (1974)&#160;: cette formule plaidant pour une focalisation de la d\u00e9marche s\u00e9miotique sur les structures formelles du texte, par principe de m\u00e9thode, a \u00e9t\u00e9 abondamment comment\u00e9e et parfois critiqu\u00e9e. Certain-es chercheur-es, s\u2019appuyant en outre sur Umberto Eco (1992), ont soulign\u00e9 \u00e0 leur tour la n\u00e9cessit\u00e9 de prendre en compte les \u00ab&#160;droits&#160;\u00bb du texte pour rendre possible l\u2019analyse critique des structures de pouvoir et de savoir qui s\u2019y trouveraient \u00ab&#160;encod\u00e9es&#160;\u00bb (Hall, 1973). D\u2019autres, se r\u00e9clamant de la tradition pragmatique, mettent en \u0153uvre une analyse de la s\u00e9miose \u00ab&#160;en acte&#160;\u00bb et cherchent \u00e0 sonder l\u2019\u00e9quivalent v\u00e9cu des structures formelles, en s\u2019int\u00e9ressant \u00e0 l\u2019actualisation du texte et \u00e0 sa circulation en divers contextes (Odin, 2011&#160;; Darras, 2006), ou aux prismes interpr\u00e9tatifs et dispositions d\u2019agir du sujet qui con\u00e7oit, per\u00e7oit et interpr\u00e8te les signes (Saemmer, Tr\u00e9hondart, 2022, 2020).<\/p>\n<p>Certaines de ces d\u00e9marches pragmatiques mod\u00e9lisent le contexte de communication dans lequel une ressource s\u00e9miotique, par exemple une production culturelle ou m\u00e9diatique, est actualis\u00e9e (s\u00e9mio-pragmatique) et, dans certains cas, r\u00e9gul\u00e9e par un dispositif socio-technique (s\u00e9miotique des m\u00e9dias [Badir, 2007], des \u00e9crits d\u2019\u00e9cran [Jeanneret, Souchier, 2005\u2009; Gomez Mejia, 2016], du genre [Julliard,\u00a02016]). D\u2019autres d\u00e9marches d\u00e9placent le centre d\u2019int\u00e9r\u00eat vers l\u2019analyse des pratiques discursives, \u00ab&#160;ou\u0300 le discours n\u2019est rien d\u2019autre que le texte \u00e9nonc\u00e9 et\/ou les proc\u00e9dures qui gouvernent sa production&#160;\u00bb (Semprini, 2007). Les chercheur-es s\u2019inscrivant dans la filiation des travaux sur la \u00ab&#160;s\u00e9miosis sociale&#160;\u00bb initi\u00e9s en France par Eliseo Ver\u00f3n (1995) proposent, quant \u00e0 eux, d\u2019\u00e9tudier une production culturelle ou m\u00e9diatique en retra\u00e7ant avec le plus de pr\u00e9cision possible ses grammaires de production (L\u00e9cossais, 2020) et de reconnaissance (Appiotti, 2020).<\/p>\n<p>Depuis plusieurs ann\u00e9es, nombre de chercheur-es, dans l\u2019interdiscipline des sciences de l\u2019information et de la communication notamment, d\u00e9veloppent ainsi des m\u00e9thodologies qui articulent des enqu\u00eates de terrain \u00e0 l\u2019analyse des structures formelles des productions culturelles et m\u00e9diatiques (textes, images, films, s\u00e9ries, journaux en ligne, plateformes num\u00e9riques\u2026). Elles et ils mettent en perspective l\u2019analyse formelle effectu\u00e9e par l\u2019expert-e s\u00e9mioticien-ne avec les processus interpr\u00e9tatifs tels qu\u2019ils sont v\u00e9cus par des producteur-es ou r\u00e9cepteur-es. Elles et ils engagent, \u00e0 partir de la confrontation d\u2019hypoth\u00e8ses interpr\u00e9tatives sur le terrain, une r\u00e9flexion sur les \u00ab&#160;savoirs situ\u00e9s&#160;\u00bb (Haraway, 2007) et \u00ab&#160;habitudes de pens\u00e9e&#160;\u00bb (au sens d\u2019un \u00ab&#160;habitus de pens\u00e9e&#160;\u00bb [Lorusso, 2018\u00a0; Darras, 2006]) qui motivent la s\u00e9miose chez le sujet, y compris chez l\u2019expert-e. Certaines d\u00e9marches vont jusqu\u2019\u00e0 engager une r\u00e9flexion critique sur les cadres d\u2019appr\u00e9hension binaires parfois sous-jacents aux d\u00e9marches focalis\u00e9es sur les pratiques discursives, plaidant pour la prise en compte des affects et passions, au-del\u00e0 de la signification (Quemener, 2018).<\/p>\n<p>Ce colloque propose de dresser un \u00e9tat de l\u2019art de la richesse exp\u00e9rimentale de ces \u00ab&#160;s\u00e9miotiques de terrain&#160;\u00bb. Nous le concevons comme une invitation \u00e0 questionner les approches \u00ab&#160;situ\u00e9es&#160;\u00bb de la s\u00e9miose et \u00e0 faire dialoguer les m\u00e9thodologies cherchant \u00e0 observer les pratiques sociales du sens en tenant compte de l\u2019\u00e9quivalent v\u00e9cu des structures formelles des productions culturelles et m\u00e9diatiques.<\/p>\n<p><strong>Plusieurs axes guideront ce colloque.<\/strong><\/p>\n<ol>\n<li>Nous nous int\u00e9resserons aux d\u00e9fis que pose l\u2019hybridation entre des m\u00e9thodes d\u2019analyse formelles et des m\u00e9thodes ethnographiques et\/ou sociologiques&#160;: comment articuler ces m\u00e9thodes sans abandonner ce qui fait la sp\u00e9cificit\u00e9 de la d\u00e9marche s\u00e9miotique&#160;?<\/li>\n<li>\u00c0 partir du moment o\u00f9 nous consid\u00e9rons que le sens n\u2019est plus n\u00e9cessairement immanent au texte (Leeuwen, 2005), la probl\u00e9matisation des \u00ab&#160;savoirs situ\u00e9s&#160;\u00bb de la ou du chercheur-e s\u00e9mioticien-ne pourrait \u00e9galement devenir un axe central des r\u00e9flexions men\u00e9es.<\/li>\n<li>L\u2019enseignement de la s\u00e9miotique \u00e0 l\u2019\u00e9cole et \u00e0 l\u2019universit\u00e9 est une autre d\u00e9marche de terrain \u00e0 laquelle nous souhaiterions accorder une place importante, notamment en nous int\u00e9ressant aux relations que la s\u00e9miotique peut entretenir avec l\u2019\u00e9ducation critique aux images, aux m\u00e9dias et \u00e0 l\u2019information et les pratiques de litt\u00e9ratie num\u00e9rique (Lacelle, Lebrun, 2014).<\/li>\n<li>L\u2019articulation entre s\u00e9miotique et pratiques de recherche et cr\u00e9ation est une autre piste d\u2019exploration que nous souhaiterions lancer au regard d\u2019exp\u00e9rimentations artistiques et auctoriales men\u00e9es ces derni\u00e8res ann\u00e9es, notamment sur les plateformes socio-num\u00e9riques (Candel, 2020).<\/li>\n<li>Enfin, le r\u00f4le de la s\u00e9miotique dans l\u2019analyse de controverses et d\u00e9bats de soci\u00e9t\u00e9 pourra \u00eatre interrog\u00e9 (Julliard, 2016&#160;; Simon, 2020).<\/li>\n<\/ol>\n<p>Dans tous les cas, nous placerons l\u2019exp\u00e9rimentation m\u00e9thodologique et les questions de terrain au c\u0153ur des \u00e9changes. L\u2019organisation de ce colloque servira de tremplin \u00e0 la f\u00e9d\u00e9ration d\u2019un r\u00e9seau de recherche international s\u2019int\u00e9ressant \u00e0 la mani\u00e8re dont la d\u00e9marche s\u00e9miotique peut \u00eatre mise en regard de m\u00e9thodes empiriques et d\u2019un questionnement sur les savoirs situ\u00e9s des praticien-es expert-es ou amateur-es en situation de s\u00e9miose. Une publication d\u2019articles \u00e9valu\u00e9s en double aveugle est pr\u00e9vue dans un deuxi\u00e8me temps au sein d\u2019une revue r\u00e9pertori\u00e9e.<\/p>\n<h2><strong>Calendrier <\/strong><\/h2>\n<ul>\n<li>Lancement de l\u2019appel \u00e0 communication&#160;: 10\u00a0mars 2022<\/li>\n<li>Date limite d\u2019envoi des propositions&#160;: 1<sup>er\u00a0<\/sup>mai 2022<\/li>\n<li>Communication de l\u2019\u00e9valuation des propositions par le comit\u00e9 scientifique&#160;: 15\u00a0juin 2022<\/li>\n<\/ul>\n<h2><strong>Modalit\u00e9s de soumission<\/strong><\/h2>\n<p><strong>Les propositions sont \u00e0 envoyer pour le 1<sup>er<\/sup>\u00a0mai 2022 \u00e0 l\u2019adresse&#160;:<\/strong> <a href=\"mailto:semiotiquesdeterrain@protonmail.com\">semiotiquesdeterrain@protonmail.com<\/a><\/p>\n<p>Nous vous remercions de pr\u00e9senter les propositions de communications de la mani\u00e8re suivante&#160;:<\/p>\n<ul>\n<li>Un fichier contenant&#160;: le titre de la communication, une courte notice bio-bibliographique (500 signes maximum avec indication du nom, pr\u00e9nom et appartenance institutionnelle) et adresse de courrier \u00e9lectronique&#160;;<\/li>\n<li>Un fichier anonyme contenant&#160;: le titre de la communication, la proposition de communication de 3 000\u00a0signes maximum espaces compris, bibliographie non incluse&#160;;<\/li>\n<\/ul>\n<p>L\u2019ensemble des informations relatives \u00e0 l\u2019AAC et au colloque international sont \u00e9galement disponibles sur <a href=\"https:\/\/semiodeterrain.sciencesconf.org\">https:\/\/semiodeterrain.sciencesconf.org<\/a><\/p>\n<h2><strong>Comit\u00e9 d\u2019organisation<\/strong><\/h2>\n<ul>\n<li>Appiotti S\u00e9bastien, MCF, GRIPIC, CELSA-Sorbonne Universit\u00e9<\/li>\n<li>P\u00e9quignot Adrien, doctorant, CEMTI, Universit\u00e9 Paris 8 Vincennes Saint-Denis<\/li>\n<li>Piot Virginie, doctorante, CREM-CEMTI, Universit\u00e9 Paris 8 Vincennes Saint-Denis<\/li>\n<li>Saemmer Alexandra, PU,CEMTI, Universit\u00e9 Paris 8 Vincennes Saint-Denis<\/li>\n<li>Tr\u00e9hondart Nolwenn, MCF, CREM, Universit\u00e9 de Lorraine<\/li>\n<\/ul>\n<h2><strong>Comit\u00e9 scientifique<\/strong><\/h2>\n<ul>\n<li>Appiotti S\u00e9bastien, MCF, GRIPIC, CELSA-Sorbonne Universit\u00e9<\/li>\n<li>Badir S\u00e9mir, PU, CESERH, Universit\u00e9 de Li\u00e8ge<\/li>\n<li>Bonenfant Maud, PU, CRICIS, UQAM<\/li>\n<li>Coquelin Lucile, ATER, CEMTI, Universit\u00e9 Paris 8 Vincennes Saint-Denis<\/li>\n<li>Cordier Anne, PU, CREM, Universit\u00e9 de Lorraine<\/li>\n<li>Darras Bernard, PU, ACTE, Universit\u00e9 Paris 1 Panth\u00e9on Sorbonne<\/li>\n<li>Gervais Bertrand, PU, Figura, UQAM<\/li>\n<li>Gomez-Mejia Gustavo, PRIM, Universit\u00e9 de Tours<\/li>\n<li>Julliard Virginie, PU, GRIPIC, CELSA-Sorbonne Universit\u00e9<\/li>\n<li>Lacelle Nathalie, PU, LMM, UQAM<\/li>\n<li>Lorusso Anna Maria, PA, Universit\u00e9 de Bologne<\/li>\n<li>Mpodo-Dicka Patrick, MCF, LERASS, Universit\u00e9 de Toulouse 2-Jean Jaur\u00e8s<\/li>\n<li>Saemmer Alexandra, PU, CEMTI, Universit\u00e9 Paris 8 Vincennes Saint-Denis<\/li>\n<li>Sapio Giuseppina, MCF, CEMTI, Universit\u00e9 Paris 8 Vincennes Saint-Denis<\/li>\n<li>Siguier Marine, ATER, CEMTI, Universit\u00e9 Paris 8 Vincennes Saint-Denis<\/li>\n<li>Simon Justine, MCF, ELLIADD, Universit\u00e9 de Franche-Comt\u00e9<\/li>\n<li>Tr\u00e9hondart Nolwenn, MCF, CREM, Universit\u00e9 de Lorraine<\/li>\n<li>Wrona Adeline, PU, GRIPIC, CELSA-Sorbonne Universit\u00e9<\/li>\n<\/ul>\n<h2><strong>R\u00e9f\u00e9rences cit\u00e9es <\/strong><\/h2>\n<p>Appiotti S., \u00ab&#160;Photographiez, participez&#160;! Cadrage du regard et pratiques photographiques au fil des mutations du Grand Palais&#160;\u00bb, th\u00e8se de doctorat, Saint-Denis, Universit\u00e9 Paris\u00a08, 2020, https:\/\/hal.archives-ouvertes.fr\/tel-03185227<\/p>\n<p>Badir S., \u00ab&#160;La s\u00e9miotique aux prises avec les m\u00e9dias&#160;\u00bb, <em>Visible<\/em>, n\u00b0\u00a03, 2007, p.\u00a0173-189.<\/p>\n<p>Candel E., \u00ab&#160;Poi\u0308\u00e8se et Po\u00e8se&#160;: faire avec et faire contre les outils d\u2019\u00e9criture&#160;\u00bb, <em>Communication &amp; langages<\/em>, 203, 1, 2020, 115-134.<\/p>\n<p>Darras B., \u00ab&#160;L\u2019enqu\u00eate s\u00e9miotique appliqu\u00e9e \u00e0 l\u2019\u00e9tude des images. Pr\u00e9sentation des th\u00e9ories de C.\u00a0S. Peirce sur la signification, la croyance et l\u2019habitude&#160;\u00bb, dans Anne Beyaert (dir.) <em>L\u2019image entre sens et signification. <\/em>Paris. Publications de la Sorbonne, 2006, p\u00a015-34. 2006.<\/p>\n<p>Eco Umberto, <em>Les limites de l\u2019interpr\u00e9tation<\/em>, 1992, Grasset.<\/p>\n<p>Gomez-Mejia G. Les fabriques de soi. Identit\u00e9 et industrie sur le Web, MKF \u00c9ditions, 2016.<\/p>\n<p>Greimas A. J., \u00ab&#160;L\u2019E\u0301nonciation&#160;: une posture \u00e9pist\u00e9mologique&#160;\u00bb, <em>Significac<\/em><em>\u0327<\/em><em>a\u0303o \u2013 Revista Brasileira de Semio\u0301tica<\/em>, 1, Centro de Estudos Semio\u0301ticos, Ribeira\u0303o Preto (SP), 1974, 9\u201325.<\/p>\n<p>Hall S.\u00a0 \u00ab&#160;Codage\/d\u00e9codage&#160;\u00bb, dans Herv\u00e9 GLEVAREC, \u00c9ric MAIGRET et \u00c9ric MAC\u00c9 (dir.),\u00a0<em>Cultural Studies. Anthologie<\/em>, Paris, Armand Colin, 2008, p. 25-40.<\/p>\n<p>Haraway D., <em>Manifeste cyborg et autres essais. Sciences \u2013 Fictions \u2013F\u00e9minismes<\/em>, Paris, Exils \u00e9diteurs, 2007.<\/p>\n<p>Jeanneret Y., Souchier E., \u00ab&#160;L\u2019\u00e9nonciation \u00e9ditoriale dans les \u00e9crits d\u2019\u00e9cran&#160;\u00bb, dans <em>Communication et langages<\/em>, n\u00b0\u00a0145, 200, p.\u00a03-15.<\/p>\n<p>Julliard V., \u00ab&#160;#Theoriedugenre&#160;: comment d\u00e9bat-on du genre sur Twitter&#160;?&#160;\u00bb, <em>Questions de communication<\/em>, 30, 2016, 135-157.<\/p>\n<p>Lacelle, N., Lebrun, M., \u00ab&#160;La litt\u00e9ratie m\u00e9diatique multimodale&#160;: r\u00e9flexions s\u00e9miologiques et dispositifs concrets d\u2019application. Les apprentissages litt\u00e9raciques avec les m\u00e9dias num\u00e9riques. Litt\u00e9ratie dans la pratique et la recherche&#160;\u00bb, <em>Forum lecture suisse, Les articles centraux <\/em>(2nde\u00a0\u00e9d.), 2014, <em>http:\/\/www.forumlecture.ch\/redaktionsbeitrag_2014_2.cfm <\/em><\/p>\n<p>L\u00e9cossais S., \u00ab&#160;Les s\u00e9ries t\u00e9l\u00e9vis\u00e9es, territoires du genre&#160;\u00bb, <em>Recherches f\u00e9ministes<\/em>, 33, 1, 2020, 17-34.<\/p>\n<p>Leeuwen T., <em>Introducing social semiotics<\/em>, Routledge, 2005.<\/p>\n<p>Lorusso Anna Maria, \u00ab&#160;S\u00e9miotique et culture&#160;\u00bb, dans <em>La s\u00e9miotique et son autre<\/em>, \u00e9d. Amir Biglari, Kim\u00e9, 2018, 161-176.<\/p>\n<p>Odin Roger, <em>Les Espaces de communication<\/em>, PUG, 2011.<\/p>\n<p>Quemener N., \u00ab&#160;\u201cVous voulez r\u00e9agir&#160;?\u201d. L\u2019\u00e9tude des controverses m\u00e9diatiques au prisme des intensit\u00e9s affectives&#160;\u00bb, <em>Questions de communication<\/em>, 33, 2018, 23-41.<\/p>\n<p>Saemmer A., Tr\u00e9hondart N., avec Coquelin L., <em>Sur quoi se fondent nos interpr\u00e9tations<\/em><em>\u2009<\/em><em>&#160;? Introduction \u00e0 la s\u00e9miotique sociale<\/em>, \u00e0 para\u00eetre aux Presses de l\u2019Enssib en 2022.<\/p>\n<p>Semprini A., Analyser la communication\u00a02, <em>Comment analyser la communication dans son contexte socioculturel<\/em>, L\u2019Harmattan, 2007.<\/p>\n<p>Simon J., Les \u00ab&#160;Deux Marianne&#160;\u00bb&#160;: une image, des regards, des affrontements en contexte num\u00e9rique&#160;\u00bb, <em>MEI<\/em>, 49, 2020,<\/p>\n<p>Ver<em>o\u0301<\/em>n E., La <em>Semiosis sociale\u00a0<\/em>&#160;: Fragments d\u2019une th\u00e9orie de la discursivit\u00e9, PUV, 1987, 133-144.<\/p>\n<\/p><\/div>\n<div class=\"zn-singledetail-partners\">\n<h3 class=\"zn-singledetail-section-title\">Partenaires<\/h3>\n<div class=\"zn-singledetail-partners-list row small-up-2 medium-up-3 large-up-5 partnerlist\" data-equalizer data-equalize-on=\"medium\">\n<article class=\"summarypartner column\">\n<div class=\"summarypartner-box\" title=\"Centre d'\u00e9tudes sur les m\u00e9dias, les technologies et l'internationalisation\">\n<div class=\"summarypartner-box-inner\" data-equalizer-watch>\n<div class=\"summarypartner-imgbox\">\n<figure class=\"summarypartner-figure\">\n\t\t\t\t\t<img decoding=\"async\" class=\"summarypartner-img\" src=\"https:\/\/www.sfsic.org\/wp-inside\/uploads\/skp-membership\/demande_adh\/cemti-logo-1-320x187.png\" alt=\"\"><br \/>\n\t\t\t\t\t\t\t\t\t<\/figure>\n<\/p><\/div>\n<div class=\"summarypartner-content\">\n<div class=\"summarypartner-content-inner\">\n<header class=\"summarypartner-header\">\n<h3 class=\"summarypartner-title\">\n\t\t\t\t\t\t\tCentre d&#8217;\u00e9tudes sur les m\u00e9dias, les technologies et l&#8217;internationalisation\t\t\t\t\t\t<\/h3>\n<p class=\"summarypartner-acronym\">\n\t\t\t\t\t\t\tCEMTI\t\t\t\t\t\t<\/p>\n<\/header><\/div>\n<\/p><\/div>\n<\/p><\/div>\n<\/p><\/div>\n<\/article>\n<article class=\"summarypartner partner-3874 column\">\n\t<a class=\"summarypartner-box\" href=\"http:\/\/crem.univ-lorraine.fr\/\" title=\"CREM &#8211; Centre de recherche sur les m\u00e9diations\">\t\t<\/p>\n<div class=\"summarypartner-box-inner\" data-equalizer-watch>\n<div class=\"summarypartner-imgbox\">\n<figure class=\"summarypartner-figure\">\n\t\t\t\t\t<img decoding=\"async\" class=\"summarypartner-img\" src=\"https:\/\/www.sfsic.org\/wp-inside\/uploads\/skp-membership\/demande_adh\/logo.png\" alt=\"Logo CREM\"><br \/>\n\t\t\t\t\t\t\t\t\t<\/figure>\n<\/p><\/div>\n<div class=\"summarypartner-content\">\n<div class=\"summarypartner-content-inner\">\n<header class=\"summarypartner-header\">\n<h3 class=\"summarypartner-title\">\n\t\t\t\t\t\t\tCREM &#8211; Centre de recherche sur les m\u00e9diations\t\t\t\t\t\t<\/h3>\n<p class=\"summarypartner-acronym\">\n\t\t\t\t\t\t\tCREM\t\t\t\t\t\t<\/p>\n<\/header><\/div>\n<\/p><\/div>\n<\/p><\/div>\n<p>\t<\/a><\/article>\n<article class=\"summarypartner partner-3860 column\">\n\t<a class=\"summarypartner-box\" href=\"http:\/\/www.gripic.fr\/\" title=\"GRIPIC &#8211; Groupe de Recherche Interdisciplinaire sur les Processus d&rsquo;Information et de Communication\">\t\t<\/p>\n<div class=\"summarypartner-box-inner\" data-equalizer-watch>\n<div class=\"summarypartner-imgbox\">\n<figure class=\"summarypartner-figure\">\n\t\t\t\t\t<img decoding=\"async\" class=\"summarypartner-img\" src=\"https:\/\/www.sfsic.org\/wp-inside\/uploads\/skp-membership\/demande_adh\/logo-gripic.png\" alt=\"Logo GRIPIC\"><br \/>\n\t\t\t\t\t\t\t\t\t<\/figure>\n<\/p><\/div>\n<div class=\"summarypartner-content\">\n<div class=\"summarypartner-content-inner\">\n<header class=\"summarypartner-header\">\n<h3 class=\"summarypartner-title\">\n\t\t\t\t\t\t\tGRIPIC &#8211; Groupe de Recherche Interdisciplinaire sur les Processus d&rsquo;Information et de Communication\t\t\t\t\t\t<\/h3>\n<p class=\"summarypartner-acronym\">\n\t\t\t\t\t\t\tGRIPIC\t\t\t\t\t\t<\/p>\n<\/header><\/div>\n<\/p><\/div>\n<\/p><\/div>\n<p>\t<\/a><\/article>\n<\/p><\/div>\n<\/p><\/div>\n<div class=\"zn-singledetail-attachedfiles\">\n<h3 class=\"zn-singledetail-section-title\">Fichier(s) attach\u00e9(s)<\/h3>\n<ul class=\"zn-singledetail-attachedfiles-list\">\n<li class=\"zn-singledetail-attachedfiles-item\">\n\t\t\t\t\t\t\t<a class=\"zn-singledetail-attachedfiles-link button outline for-download\" href=\"https:\/\/www.sfsic.org\/wp-inside\/uploads\/skp-membership\/demande_adh\/aac-semiotiques-terrain.pdf\" title=\"T\u00e9l\u00e9charger : \u00ab aac-semiotiques-terrain.pdf \u00bb\" target=\"_blank\" rel=\"noopener\"><br \/>\n\t\t\t\t\t\t\t\t<span class=\"button-txt\">aac-semiotiques-terrain<span class=\"button-txt-type\"> (pdf)<\/span><\/span><br \/>\n\t\t\t\t\t\t\t<\/a>\n\t\t\t\t\t\t<\/li>\n<li class=\"zn-singledetail-attachedfiles-item\">\n\t\t\t\t\t\t\t<a class=\"zn-singledetail-attachedfiles-link button outline for-download\" href=\"https:\/\/www.sfsic.org\/wp-inside\/uploads\/skp-membership\/demande_adh\/field-semiotics-call-for-proposals.pdf\" title=\"T\u00e9l\u00e9charger : \u00ab field-semiotics-call-for-proposals.pdf \u00bb\" target=\"_blank\" rel=\"noopener\"><br \/>\n\t\t\t\t\t\t\t\t<span class=\"button-txt\">field-semiotics-call-for-proposals<span class=\"button-txt-type\"> (pdf)<\/span><\/span><br \/>\n\t\t\t\t\t\t\t<\/a>\n\t\t\t\t\t\t<\/li>\n<\/ul><\/div>\n<div class=\"zn-singledetail-keywords\">\n<h3 class=\"zn-singledetail-section-title\">Mots-cl\u00e9s<\/h3>\n<ul class=\"termslist termslist-post_tag\">\n<li class=\"termslist-item termslist-title\"><span class=\"termslist-titletxt\">Mots-cl\u00e9s<\/span><span class=\"doubledot\"><\/span><\/li>\n<li class=\"termslist-item tax-post_tag term-ethnographie\"><a class=\"termslist-itemlink\" href=\"https:\/\/www.sfsic.org\/tag\/ethnographie\/\" title=\"Ethnographie\"><span class=\"termslist-itemname\">Ethnographie<\/span><\/a><\/li>\n<li class=\"termslist-item tax-post_tag term-savoirs\"><a class=\"termslist-itemlink\" href=\"https:\/\/www.sfsic.org\/tag\/savoirs\/\" title=\"Savoirs\"><span class=\"termslist-itemname\">Savoirs<\/span><\/a><\/li>\n<li class=\"termslist-item tax-post_tag term-semiologie\"><a class=\"termslist-itemlink\" href=\"https:\/\/www.sfsic.org\/tag\/semiologie\/\" title=\"S\u00e9miologie\"><span class=\"termslist-itemname\">S\u00e9miologie<\/span><\/a><\/li>\n<li class=\"termslist-item tax-post_tag term-semiotique\"><a class=\"termslist-itemlink\" href=\"https:\/\/www.sfsic.org\/tag\/semiotique\/\" title=\"S\u00e9miotique\"><span class=\"termslist-itemname\">S\u00e9miotique<\/span><\/a><\/li>\n<li class=\"termslist-item tax-post_tag term-sociologie\"><a class=\"termslist-itemlink\" href=\"https:\/\/www.sfsic.org\/tag\/sociologie\/\" title=\"Sociologie\"><span class=\"termslist-itemname\">Sociologie<\/span><\/a><\/li>\n<\/ul><\/div>\n<\/p><\/div>\n<\/p><\/div>\n<\/p><\/div>\n<\/p><\/div>\n<\/div>\n<p><!-- \/fxzn:singledetail --><\/p>\n","protected":false},"excerpt":{"rendered":"<p>Mis en ligne le 10 mars 2022 Th\u00e9matiques Organisation des connaissances R\u00e9ponse attendue pour le 01\/05\/2022 Type de r\u00e9ponse R\u00e9sum\u00e9 Type d\u2019\u00e9v\u00e9nement Colloque Coordinateurs S\u00e9bastien Appiotti , sebastien.appiotti@sorbonne-universite.fr Alexandra Saemmer [&hellip;]<\/p>\n","protected":false},"author":1237,"featured_media":0,"comment_status":"closed","ping_status":"closed","sticky":false,"template":"","format":"standard","meta":{"_acf_changed":false,"footnotes":""},"categories":[29],"tags":[589,313,76,77,88],"thematique":[42],"sfsic":[],"class_list":["post-23336","post","type-post","status-publish","format-standard","hentry","category-aac-evenement","tag-ethnographie","tag-savoirs","tag-semiologie","tag-semiotique","tag-sociologie","thematique-organisation-des-connaissances","wp-sticky"],"acf":[],"yoast_head":"<!-- This site is optimized with the Yoast SEO plugin v27.5 - https:\/\/yoast.com\/product\/yoast-seo-wordpress\/ -->\n<title>S\u00e9miotiques de terrain<\/title>\n<meta name=\"description\" content=\"Appel \u00e0 communication pour le colloque international &quot;S\u00e9miotiques de terrain&quot;, qui se propose de dresser un \u00e9tat de l\u2019art de la richesse exp\u00e9rimentale de ces \u00ab s\u00e9miotiques de terrain \u00bb, d\u00e9finies comme des approches \u00ab situ\u00e9es \u00bb de la s\u00e9miose qui prennent en compte l\u2019\u00e9quivalent v\u00e9cu des structures formelles pour observer les pratiques sociales du sens.\" \/>\n<meta name=\"robots\" content=\"index, follow, max-snippet:-1, max-image-preview:large, max-video-preview:-1\" \/>\n<link rel=\"canonical\" href=\"https:\/\/www.sfsic.org\/en\/aac-evenement\/semiotiques-de-terrain\/\" \/>\n<meta property=\"og:locale\" content=\"en_US\" \/>\n<meta property=\"og:type\" content=\"article\" \/>\n<meta property=\"og:title\" content=\"S\u00e9miotiques de terrain\" \/>\n<meta property=\"og:description\" content=\"Appel \u00e0 communication pour le colloque international &quot;S\u00e9miotiques de terrain&quot;, qui se propose de dresser un \u00e9tat de l\u2019art de la richesse exp\u00e9rimentale de ces \u00ab s\u00e9miotiques de terrain \u00bb, d\u00e9finies comme des approches \u00ab situ\u00e9es \u00bb de la s\u00e9miose qui prennent en compte l\u2019\u00e9quivalent v\u00e9cu des structures formelles pour observer les pratiques sociales du sens.\" \/>\n<meta property=\"og:url\" content=\"https:\/\/www.sfsic.org\/en\/aac-evenement\/semiotiques-de-terrain\/\" \/>\n<meta property=\"og:site_name\" content=\"SFSIC\" \/>\n<meta property=\"article:published_time\" content=\"2022-03-10T11:08:18+00:00\" \/>\n<meta property=\"og:image\" content=\"https:\/\/www.sfsic.org\/wp-inside\/uploads\/skp-membership\/demande_adh\/cemti-logo-1-320x187.png\" \/>\n<meta name=\"author\" content=\"Sebastien Appiotti\" \/>\n<meta name=\"twitter:card\" content=\"summary_large_image\" \/>\n<script type=\"application\/ld+json\" class=\"yoast-schema-graph\">{\"@context\":\"https:\\\/\\\/schema.org\",\"@graph\":[{\"@type\":\"Article\",\"@id\":\"https:\\\/\\\/www.sfsic.org\\\/en\\\/aac-evenement\\\/semiotiques-de-terrain\\\/#article\",\"isPartOf\":{\"@id\":\"https:\\\/\\\/www.sfsic.org\\\/en\\\/aac-evenement\\\/semiotiques-de-terrain\\\/\"},\"author\":{\"name\":\"Sebastien Appiotti\",\"@id\":\"https:\\\/\\\/www.sfsic.org\\\/en\\\/#\\\/schema\\\/person\\\/f2cc22c69ca231a36f444a03db3aee78\"},\"headline\":\"S\u00e9miotiques de terrain\",\"datePublished\":\"2022-03-10T11:08:18+00:00\",\"mainEntityOfPage\":{\"@id\":\"https:\\\/\\\/www.sfsic.org\\\/en\\\/aac-evenement\\\/semiotiques-de-terrain\\\/\"},\"wordCount\":1827,\"publisher\":{\"@id\":\"https:\\\/\\\/www.sfsic.org\\\/en\\\/#organization\"},\"image\":{\"@id\":\"https:\\\/\\\/www.sfsic.org\\\/en\\\/aac-evenement\\\/semiotiques-de-terrain\\\/#primaryimage\"},\"thumbnailUrl\":\"https:\\\/\\\/www.sfsic.org\\\/wp-inside\\\/uploads\\\/skp-membership\\\/demande_adh\\\/cemti-logo-1-320x187.png\",\"keywords\":[\"Ethnographie\",\"Savoirs\",\"S\u00e9miologie\",\"S\u00e9miotique\",\"Sociologie\"],\"articleSection\":[\"AAC \u00c9v\u00e9nement\"],\"inLanguage\":\"en-US\"},{\"@type\":\"WebPage\",\"@id\":\"https:\\\/\\\/www.sfsic.org\\\/en\\\/aac-evenement\\\/semiotiques-de-terrain\\\/\",\"url\":\"https:\\\/\\\/www.sfsic.org\\\/en\\\/aac-evenement\\\/semiotiques-de-terrain\\\/\",\"name\":\"S\u00e9miotiques de terrain\",\"isPartOf\":{\"@id\":\"https:\\\/\\\/www.sfsic.org\\\/en\\\/#website\"},\"primaryImageOfPage\":{\"@id\":\"https:\\\/\\\/www.sfsic.org\\\/en\\\/aac-evenement\\\/semiotiques-de-terrain\\\/#primaryimage\"},\"image\":{\"@id\":\"https:\\\/\\\/www.sfsic.org\\\/en\\\/aac-evenement\\\/semiotiques-de-terrain\\\/#primaryimage\"},\"thumbnailUrl\":\"https:\\\/\\\/www.sfsic.org\\\/wp-inside\\\/uploads\\\/skp-membership\\\/demande_adh\\\/cemti-logo-1-320x187.png\",\"datePublished\":\"2022-03-10T11:08:18+00:00\",\"description\":\"Appel \u00e0 communication pour le colloque international \\\"S\u00e9miotiques de terrain\\\", qui se propose de dresser un \u00e9tat de l\u2019art de la richesse exp\u00e9rimentale de ces \u00ab s\u00e9miotiques de terrain \u00bb, d\u00e9finies comme des approches \u00ab situ\u00e9es \u00bb de la s\u00e9miose qui prennent en compte l\u2019\u00e9quivalent v\u00e9cu des structures formelles pour observer les pratiques sociales du sens.\",\"breadcrumb\":{\"@id\":\"https:\\\/\\\/www.sfsic.org\\\/en\\\/aac-evenement\\\/semiotiques-de-terrain\\\/#breadcrumb\"},\"inLanguage\":\"en-US\",\"potentialAction\":[{\"@type\":\"ReadAction\",\"target\":[\"https:\\\/\\\/www.sfsic.org\\\/en\\\/aac-evenement\\\/semiotiques-de-terrain\\\/\"]}]},{\"@type\":\"ImageObject\",\"inLanguage\":\"en-US\",\"@id\":\"https:\\\/\\\/www.sfsic.org\\\/en\\\/aac-evenement\\\/semiotiques-de-terrain\\\/#primaryimage\",\"url\":\"https:\\\/\\\/www.sfsic.org\\\/wp-inside\\\/uploads\\\/skp-membership\\\/demande_adh\\\/cemti-logo-1-320x187.png\",\"contentUrl\":\"https:\\\/\\\/www.sfsic.org\\\/wp-inside\\\/uploads\\\/skp-membership\\\/demande_adh\\\/cemti-logo-1-320x187.png\"},{\"@type\":\"BreadcrumbList\",\"@id\":\"https:\\\/\\\/www.sfsic.org\\\/en\\\/aac-evenement\\\/semiotiques-de-terrain\\\/#breadcrumb\",\"itemListElement\":[{\"@type\":\"ListItem\",\"position\":1,\"name\":\"Accueil\",\"item\":\"https:\\\/\\\/www.sfsic.org\\\/en\\\/\"},{\"@type\":\"ListItem\",\"position\":2,\"name\":\"Calls for Contributions\",\"item\":\"https:\\\/\\\/www.sfsic.org\\\/en\\\/cfc-event\\\/\"},{\"@type\":\"ListItem\",\"position\":3,\"name\":\"S\u00e9miotiques de terrain\"}]},{\"@type\":\"WebSite\",\"@id\":\"https:\\\/\\\/www.sfsic.org\\\/en\\\/#website\",\"url\":\"https:\\\/\\\/www.sfsic.org\\\/en\\\/\",\"name\":\"SFSIC\",\"description\":\"Soci\u00e9t\u00e9 Fran\u00e7aise des Sciences de l&#039;Information &amp; de la Communication\",\"publisher\":{\"@id\":\"https:\\\/\\\/www.sfsic.org\\\/en\\\/#organization\"},\"potentialAction\":[{\"@type\":\"SearchAction\",\"target\":{\"@type\":\"EntryPoint\",\"urlTemplate\":\"https:\\\/\\\/www.sfsic.org\\\/en\\\/?s={search_term_string}\"},\"query-input\":{\"@type\":\"PropertyValueSpecification\",\"valueRequired\":true,\"valueName\":\"search_term_string\"}}],\"inLanguage\":\"en-US\"},{\"@type\":\"Organization\",\"@id\":\"https:\\\/\\\/www.sfsic.org\\\/en\\\/#organization\",\"name\":\"SFSIC\",\"url\":\"https:\\\/\\\/www.sfsic.org\\\/en\\\/\",\"logo\":{\"@type\":\"ImageObject\",\"inLanguage\":\"en-US\",\"@id\":\"https:\\\/\\\/www.sfsic.org\\\/en\\\/#\\\/schema\\\/logo\\\/image\\\/\",\"url\":\"https:\\\/\\\/www.sfsic.org\\\/wp-inside\\\/uploads\\\/2020\\\/05\\\/logo-sfsic.jpg\",\"contentUrl\":\"https:\\\/\\\/www.sfsic.org\\\/wp-inside\\\/uploads\\\/2020\\\/05\\\/logo-sfsic.jpg\",\"width\":1085,\"height\":1080,\"caption\":\"SFSIC\"},\"image\":{\"@id\":\"https:\\\/\\\/www.sfsic.org\\\/en\\\/#\\\/schema\\\/logo\\\/image\\\/\"}},{\"@type\":\"Person\",\"@id\":\"https:\\\/\\\/www.sfsic.org\\\/en\\\/#\\\/schema\\\/person\\\/f2cc22c69ca231a36f444a03db3aee78\",\"name\":\"Sebastien Appiotti\",\"image\":{\"@type\":\"ImageObject\",\"inLanguage\":\"en-US\",\"@id\":\"https:\\\/\\\/secure.gravatar.com\\\/avatar\\\/79bd7d7ba49ceeffcc789bc5f23ce45b9c55238eb0d4817175e27aaa976a76a9?s=96&d=mm&r=g\",\"url\":\"https:\\\/\\\/secure.gravatar.com\\\/avatar\\\/79bd7d7ba49ceeffcc789bc5f23ce45b9c55238eb0d4817175e27aaa976a76a9?s=96&d=mm&r=g\",\"contentUrl\":\"https:\\\/\\\/secure.gravatar.com\\\/avatar\\\/79bd7d7ba49ceeffcc789bc5f23ce45b9c55238eb0d4817175e27aaa976a76a9?s=96&d=mm&r=g\",\"caption\":\"Sebastien Appiotti\"}}]}<\/script>\n<!-- \/ Yoast SEO plugin. -->","yoast_head_json":{"title":"S\u00e9miotiques de terrain","description":"Appel \u00e0 communication pour le colloque international \"S\u00e9miotiques de terrain\", qui se propose de dresser un \u00e9tat de l\u2019art de la richesse exp\u00e9rimentale de ces \u00ab s\u00e9miotiques de terrain \u00bb, d\u00e9finies comme des approches \u00ab situ\u00e9es \u00bb de la s\u00e9miose qui prennent en compte l\u2019\u00e9quivalent v\u00e9cu des structures formelles pour observer les pratiques sociales du sens.","robots":{"index":"index","follow":"follow","max-snippet":"max-snippet:-1","max-image-preview":"max-image-preview:large","max-video-preview":"max-video-preview:-1"},"canonical":"https:\/\/www.sfsic.org\/en\/aac-evenement\/semiotiques-de-terrain\/","og_locale":"en_US","og_type":"article","og_title":"S\u00e9miotiques de terrain","og_description":"Appel \u00e0 communication pour le colloque international \"S\u00e9miotiques de terrain\", qui se propose de dresser un \u00e9tat de l\u2019art de la richesse exp\u00e9rimentale de ces \u00ab s\u00e9miotiques de terrain \u00bb, d\u00e9finies comme des approches \u00ab situ\u00e9es \u00bb de la s\u00e9miose qui prennent en compte l\u2019\u00e9quivalent v\u00e9cu des structures formelles pour observer les pratiques sociales du sens.","og_url":"https:\/\/www.sfsic.org\/en\/aac-evenement\/semiotiques-de-terrain\/","og_site_name":"SFSIC","article_published_time":"2022-03-10T11:08:18+00:00","og_image":[{"url":"https:\/\/www.sfsic.org\/wp-inside\/uploads\/skp-membership\/demande_adh\/cemti-logo-1-320x187.png","type":"","width":"","height":""}],"author":"Sebastien Appiotti","twitter_card":"summary_large_image","schema":{"@context":"https:\/\/schema.org","@graph":[{"@type":"Article","@id":"https:\/\/www.sfsic.org\/en\/aac-evenement\/semiotiques-de-terrain\/#article","isPartOf":{"@id":"https:\/\/www.sfsic.org\/en\/aac-evenement\/semiotiques-de-terrain\/"},"author":{"name":"Sebastien Appiotti","@id":"https:\/\/www.sfsic.org\/en\/#\/schema\/person\/f2cc22c69ca231a36f444a03db3aee78"},"headline":"S\u00e9miotiques de terrain","datePublished":"2022-03-10T11:08:18+00:00","mainEntityOfPage":{"@id":"https:\/\/www.sfsic.org\/en\/aac-evenement\/semiotiques-de-terrain\/"},"wordCount":1827,"publisher":{"@id":"https:\/\/www.sfsic.org\/en\/#organization"},"image":{"@id":"https:\/\/www.sfsic.org\/en\/aac-evenement\/semiotiques-de-terrain\/#primaryimage"},"thumbnailUrl":"https:\/\/www.sfsic.org\/wp-inside\/uploads\/skp-membership\/demande_adh\/cemti-logo-1-320x187.png","keywords":["Ethnographie","Savoirs","S\u00e9miologie","S\u00e9miotique","Sociologie"],"articleSection":["AAC \u00c9v\u00e9nement"],"inLanguage":"en-US"},{"@type":"WebPage","@id":"https:\/\/www.sfsic.org\/en\/aac-evenement\/semiotiques-de-terrain\/","url":"https:\/\/www.sfsic.org\/en\/aac-evenement\/semiotiques-de-terrain\/","name":"S\u00e9miotiques de terrain","isPartOf":{"@id":"https:\/\/www.sfsic.org\/en\/#website"},"primaryImageOfPage":{"@id":"https:\/\/www.sfsic.org\/en\/aac-evenement\/semiotiques-de-terrain\/#primaryimage"},"image":{"@id":"https:\/\/www.sfsic.org\/en\/aac-evenement\/semiotiques-de-terrain\/#primaryimage"},"thumbnailUrl":"https:\/\/www.sfsic.org\/wp-inside\/uploads\/skp-membership\/demande_adh\/cemti-logo-1-320x187.png","datePublished":"2022-03-10T11:08:18+00:00","description":"Appel \u00e0 communication pour le colloque international \"S\u00e9miotiques de terrain\", qui se propose de dresser un \u00e9tat de l\u2019art de la richesse exp\u00e9rimentale de ces \u00ab s\u00e9miotiques de terrain \u00bb, d\u00e9finies comme des approches \u00ab situ\u00e9es \u00bb de la s\u00e9miose qui prennent en compte l\u2019\u00e9quivalent v\u00e9cu des structures formelles pour observer les pratiques sociales du sens.","breadcrumb":{"@id":"https:\/\/www.sfsic.org\/en\/aac-evenement\/semiotiques-de-terrain\/#breadcrumb"},"inLanguage":"en-US","potentialAction":[{"@type":"ReadAction","target":["https:\/\/www.sfsic.org\/en\/aac-evenement\/semiotiques-de-terrain\/"]}]},{"@type":"ImageObject","inLanguage":"en-US","@id":"https:\/\/www.sfsic.org\/en\/aac-evenement\/semiotiques-de-terrain\/#primaryimage","url":"https:\/\/www.sfsic.org\/wp-inside\/uploads\/skp-membership\/demande_adh\/cemti-logo-1-320x187.png","contentUrl":"https:\/\/www.sfsic.org\/wp-inside\/uploads\/skp-membership\/demande_adh\/cemti-logo-1-320x187.png"},{"@type":"BreadcrumbList","@id":"https:\/\/www.sfsic.org\/en\/aac-evenement\/semiotiques-de-terrain\/#breadcrumb","itemListElement":[{"@type":"ListItem","position":1,"name":"Accueil","item":"https:\/\/www.sfsic.org\/en\/"},{"@type":"ListItem","position":2,"name":"Calls for Contributions","item":"https:\/\/www.sfsic.org\/en\/cfc-event\/"},{"@type":"ListItem","position":3,"name":"S\u00e9miotiques de terrain"}]},{"@type":"WebSite","@id":"https:\/\/www.sfsic.org\/en\/#website","url":"https:\/\/www.sfsic.org\/en\/","name":"SFSIC","description":"Soci\u00e9t\u00e9 Fran\u00e7aise des Sciences de l&#039;Information &amp; de la Communication","publisher":{"@id":"https:\/\/www.sfsic.org\/en\/#organization"},"potentialAction":[{"@type":"SearchAction","target":{"@type":"EntryPoint","urlTemplate":"https:\/\/www.sfsic.org\/en\/?s={search_term_string}"},"query-input":{"@type":"PropertyValueSpecification","valueRequired":true,"valueName":"search_term_string"}}],"inLanguage":"en-US"},{"@type":"Organization","@id":"https:\/\/www.sfsic.org\/en\/#organization","name":"SFSIC","url":"https:\/\/www.sfsic.org\/en\/","logo":{"@type":"ImageObject","inLanguage":"en-US","@id":"https:\/\/www.sfsic.org\/en\/#\/schema\/logo\/image\/","url":"https:\/\/www.sfsic.org\/wp-inside\/uploads\/2020\/05\/logo-sfsic.jpg","contentUrl":"https:\/\/www.sfsic.org\/wp-inside\/uploads\/2020\/05\/logo-sfsic.jpg","width":1085,"height":1080,"caption":"SFSIC"},"image":{"@id":"https:\/\/www.sfsic.org\/en\/#\/schema\/logo\/image\/"}},{"@type":"Person","@id":"https:\/\/www.sfsic.org\/en\/#\/schema\/person\/f2cc22c69ca231a36f444a03db3aee78","name":"Sebastien Appiotti","image":{"@type":"ImageObject","inLanguage":"en-US","@id":"https:\/\/secure.gravatar.com\/avatar\/79bd7d7ba49ceeffcc789bc5f23ce45b9c55238eb0d4817175e27aaa976a76a9?s=96&d=mm&r=g","url":"https:\/\/secure.gravatar.com\/avatar\/79bd7d7ba49ceeffcc789bc5f23ce45b9c55238eb0d4817175e27aaa976a76a9?s=96&d=mm&r=g","contentUrl":"https:\/\/secure.gravatar.com\/avatar\/79bd7d7ba49ceeffcc789bc5f23ce45b9c55238eb0d4817175e27aaa976a76a9?s=96&d=mm&r=g","caption":"Sebastien Appiotti"}}]}},"_links":{"self":[{"href":"https:\/\/www.sfsic.org\/en\/wp-json\/wp\/v2\/posts\/23336","targetHints":{"allow":["GET"]}}],"collection":[{"href":"https:\/\/www.sfsic.org\/en\/wp-json\/wp\/v2\/posts"}],"about":[{"href":"https:\/\/www.sfsic.org\/en\/wp-json\/wp\/v2\/types\/post"}],"author":[{"embeddable":true,"href":"https:\/\/www.sfsic.org\/en\/wp-json\/wp\/v2\/users\/1237"}],"replies":[{"embeddable":true,"href":"https:\/\/www.sfsic.org\/en\/wp-json\/wp\/v2\/comments?post=23336"}],"version-history":[{"count":3,"href":"https:\/\/www.sfsic.org\/en\/wp-json\/wp\/v2\/posts\/23336\/revisions"}],"predecessor-version":[{"id":23342,"href":"https:\/\/www.sfsic.org\/en\/wp-json\/wp\/v2\/posts\/23336\/revisions\/23342"}],"wp:attachment":[{"href":"https:\/\/www.sfsic.org\/en\/wp-json\/wp\/v2\/media?parent=23336"}],"wp:term":[{"taxonomy":"category","embeddable":true,"href":"https:\/\/www.sfsic.org\/en\/wp-json\/wp\/v2\/categories?post=23336"},{"taxonomy":"post_tag","embeddable":true,"href":"https:\/\/www.sfsic.org\/en\/wp-json\/wp\/v2\/tags?post=23336"},{"taxonomy":"thematique","embeddable":true,"href":"https:\/\/www.sfsic.org\/en\/wp-json\/wp\/v2\/thematique?post=23336"},{"taxonomy":"sfsic","embeddable":true,"href":"https:\/\/www.sfsic.org\/en\/wp-json\/wp\/v2\/sfsic?post=23336"}],"curies":[{"name":"wp","href":"https:\/\/api.w.org\/{rel}","templated":true}]}}