{"id":23236,"date":"2022-03-09T10:30:59","date_gmt":"2022-03-09T09:30:59","guid":{"rendered":"https:\/\/www.sfsic.org\/?p=23236"},"modified":"2022-03-09T10:30:59","modified_gmt":"2022-03-09T09:30:59","slug":"television-information-et-numerique-pratiques-et-publics","status":"publish","type":"post","link":"https:\/\/www.sfsic.org\/en\/non-classe\/television-information-et-numerique-pratiques-et-publics\/","title":{"rendered":"T\u00e9l\u00e9vision, information et num\u00e9rique. Pratiques et publics"},"content":{"rendered":"<p><!-- fxzn:singledetail --><\/p>\n<div class=\"zone zn-singledetail\" id=\"fxzn-singledetail-1\">\n<div class=\"zone-block zn-singledetail-block alignwide va-top\">\n<div class=\"row\">\n<div class=\"columns large-8 large-push-4\">\n<div class=\"zn-singledetail-metabox\">\n<div class=\"zn-singledetail-pubdate pubdate\">\n\t\t\t\t\t<span class=\"pubdate-txt\">Mis en ligne le<\/span><span class=\"doubledot\"><\/span> 9 mars 2022\t\t\t\t<\/div>\n<div class=\"zn-singledetail-thematiques with-sep-comma\">\n<ul class=\"termslist termslist-thematique\">\n<li class=\"termslist-item termslist-title\"><span class=\"termslist-titletxt\">Th\u00e9matiques<\/span><span class=\"doubledot\"><\/span><\/li>\n<li class=\"termslist-item tax-thematique term-images-cinema-medias-audiovisuels-et-industries-culturelles\"><a class=\"termslist-itemlink\" href=\"https:\/\/www.sfsic.org\/thematiques\/images-cinema-medias-audiovisuels-et-industries-culturelles\/\" title=\"Images, cin\u00e9ma, m\u00e9dias audiovisuels et industries culturelles\"><span class=\"termslist-itemname\">Images, cin\u00e9ma, m\u00e9dias audiovisuels et industries culturelles<\/span><\/a><\/li>\n<li class=\"termslist-item tax-thematique term-information-documents-et-ecritures\"><a class=\"termslist-itemlink\" href=\"https:\/\/www.sfsic.org\/thematiques\/information-documents-et-ecritures\/\" title=\"Information, documents et \u00e9critures\"><span class=\"termslist-itemname\">Information, documents et \u00e9critures<\/span><\/a><\/li>\n<li class=\"termslist-item tax-thematique term-medias-et-journalisme\"><a class=\"termslist-itemlink\" href=\"https:\/\/www.sfsic.org\/thematiques\/medias-et-journalisme\/\" title=\"M\u00e9dias et journalisme\"><span class=\"termslist-itemname\">M\u00e9dias et journalisme<\/span><\/a><\/li>\n<\/ul><\/div>\n<\/p><\/div>\n<\/p><\/div>\n<\/p><\/div>\n<div class=\"row\">\n<div class=\"columns large-4\">\n<div class=\"zn-singledetail-sidebar bg-cornersquares\">\n<div class=\"zn-singledetail-infos\">\n<p class=\"zn-singledetail-reponse-date\">\n\t\t\t\t\t\t<span>R\u00e9ponse attendue pour le<\/span><span class=\"doubledot\"><\/span> <strong>29\/04\/2022<\/strong>\n\t\t\t\t\t<\/p>\n<p class=\"zn-singledetail-reponse-type\">\n\t\t\t\t\t<span>Type de r\u00e9ponse<\/span><span class=\"doubledot\"><\/span> <strong>R\u00e9sum\u00e9<\/strong>\n\t\t\t\t\t<\/p>\n<p class=\"zn-singledetail-type\">\n\t\t\t\t\t\t\t<span>Type d\u2019\u00e9v\u00e9nement<\/span><span class=\"doubledot\"><\/span> <strong>Colloque<\/strong>\n\t\t\t\t\t<\/p>\n<\/p><\/div>\n<div class=\"zn-singledetail-weblinks\">\n<h3 class=\"zn-singledetail-section-title\">Sites internet de r\u00e9f\u00e9rence<\/h3>\n<ul class=\"zn-singledetail-weblinks-list\">\n<li>\n\t\t\t\t\t\t\t<a class=\"prettylink chainlink\" href=\"http:\/\/crem.univ-lorraine.fr\/recherche\/appels-a-contributions\/colloque-pluridisciplinaire-et-international-television\" title=\"Site du Crem\" target=\"_blank\" rel=\"noopener\">Site du Crem<\/a>\n\t\t\t\t\t\t<\/li>\n<\/ul><\/div>\n<\/p><\/div>\n<\/p><\/div>\n<div class=\"columns large-8\">\n<div class=\"zn-singledetail-contentbox\">\n<div class=\"zn-singledetail-eventinfo\">\n<div class=\"zn-singledetail-eventinfo-inner\">\n<div class=\"zn-singledetail-eventdates\">\n\t\t\t\t\t\t<span class=\"zn-singledetail-label\">Dates de l\u2019\u00e9v\u00e9nement<span class=\"doubledot\"><\/span><\/span><\/p>\n<ul class=\"zn-singledetail-eventdates-list\">\n<li class=\"zn-singledetail-eventdates-item\">\n\t\t\t\t\t\t\t\tDu 29\/09\/2022 au 29\/09\/2022\t\t\t\t\t\t\t<\/li>\n<\/ul><\/div>\n<p class=\"zn-singledetail-eventplace\">\n\t\t\t\t\t\t<span class=\"zn-singledetail-label\">Lieu de l\u2019\u00e9v\u00e9nement<span class=\"doubledot\"><\/span><\/span><br \/>\n\t\t\t\t\t\t<span class=\"zn-singledetail-eventplace-adr\"><br \/>\n\t\t\t\t\t\t\t\t\t\t\t\t<span class=\"adr-name\">Colloque pluridisciplinaire et international<\/span>,<\/p>\n<p>\t\t\t\t\t\t<span class=\"adr-city\">Metz<\/span>\t\t\t\t\t\t<span class=\"adr-cp\">57000<\/span><br \/>\n\t\t\t\t\t\t<\/span>\t\t\t\t\t<\/p>\n<\/p><\/div>\n<\/p><\/div>\n<div class=\"zn-singledetail-annonce wig-content\">\n<p>Le 24 janvier 2022, TF1, la cha\u00eene de t\u00e9l\u00e9vision la plus regard\u00e9e en France, lan\u00e7ait un nouveau service&#160;: \u00ab&#160;le journal t\u00e9l\u00e9vis\u00e9 personnalis\u00e9&#160;\u00bb. Disponible via une application num\u00e9rique ad hoc \u00ab&#160;TF1 info&#160;\u00bb, cette fonctionnalit\u00e9 permet \u00e0 chaque individu de composer son propre JT, en ligne, \u00e0 partir des reportages con\u00e7us et diffus\u00e9s dans les journaux t\u00e9l\u00e9vis\u00e9s du diffuseur, en fonction de ses pr\u00e9f\u00e9rences th\u00e9matiques et territoriales.<br \/>\nAvec ce service, TF1 se donne pour mission d\u2019informer un public \u00ab&#160;submerg\u00e9 par l\u2019information digitale&#160;\u00bb, en \u00ab&#160;s\u2019adaptant aux nouveaux usages&#160;\u00bb (propos de Olivier Ravanello, directeur de l\u2019information digitale du groupe, rapport\u00e9s dans Le journal des m\u00e9dias du 14\/01\/2022, Europe 1 . Acc\u00e8s&#160;: <a href=\"https:\/\/www.youtube.com\/watch?v=hDNrP3aYUrQ)\">https:\/\/www.youtube.com\/watch?v=hDNrP3aYUrQ)<\/a>.<br \/>\nCette annonce illustre l\u2019av\u00e8nement d\u2019un monde audiovisuel num\u00e9rique, au sein duquel la t\u00e9l\u00e9vision doit aujourd\u2019hui \u00eatre pens\u00e9e.<\/p>\n<p>En effet, la polarisation entre une t\u00e9l\u00e9vision traditionnelle, en fin de vie, et le num\u00e9rique n\u2019a plus sa place. La t\u00e9l\u00e9vision doit d\u00e9sormais \u00eatre envisag\u00e9e dans une perspective hybride, tant au niveau de la production que de celui de la r\u00e9ception. Les contenus t\u00e9l\u00e9visuels sont con\u00e7us pour \u00eatre visionn\u00e9s, en contexte domestique mais pas seulement, sur un \u00e9cran de t\u00e9l\u00e9vision traditionnel mais aussi en mobilit\u00e9, dans d\u2019autres temporalit\u00e9s, sur des supports de taille plus r\u00e9duite (smartphone, tablette, ordinateur) et dans des conditions de r\u00e9ception diversifi\u00e9es.<br \/>\nAlors que l\u2019on parle de \u00ab&#160;m\u00e9dias sociaux&#160;\u00bb pour qualifier l\u2019essor non seulement des pratiques de blogging mais surtout celui des r\u00e9seaux socionum\u00e9riques depuis le milieu des ann\u00e9es 2000, les mutations de la t\u00e9l\u00e9vision en lien avec le num\u00e9rique peuvent \u00eatre dat\u00e9es de la fin des ann\u00e9es 2000. En France, les premiers services de t\u00e9l\u00e9vision de \u00ab&#160;rattrapage&#160;\u00bb sont apparus en 2008&#160;; \u00e0 partir de 2011, la commercialisation des \u00ab&#160;t\u00e9l\u00e9visions connect\u00e9es&#160;\u00bb, ainsi que la d\u00e9mocratisation des smartphones et des tablettes ont \u00e9tendu les conditions d\u2019\u00e9coute des contenus t\u00e9l\u00e9visuels. Le m\u00e9dia a d\u00fb \u00e9voluer, de mani\u00e8re \u00e0 rester concurrentiel face \u00e0 l\u2019internet, et afin de ne pas disparaitre&#160;: les diffuseurs ont saisi les opportunit\u00e9s num\u00e9riques pour proposer aux publics d\u2019enrichir leurs exp\u00e9riences transm\u00e9diatiques, en d\u00e9ployant leurs activit\u00e9s sur les r\u00e9seaux socionum\u00e9riques. Ils ont d\u00e9velopp\u00e9 des dispositifs, dits d\u2019interactivit\u00e9, qui leur permettent d\u2019accro\u00eetre leur audience sociale, c\u2019est-\u00e0-dire le volume des \u00e9changes sur les r\u00e9seaux sociaux li\u00e9s \u00e0 une \u00e9mission de t\u00e9l\u00e9vision.<\/p>\n<p>Si la mise \u00e0 disposition des contenus t\u00e9l\u00e9visuels \u00e0 la carte, sur un autre \u00e9cran que celui du poste, a marqu\u00e9 le d\u00e9but d\u2019une d\u00e9saffection de la t\u00e9l\u00e9vision au profit de l\u2019internet, les scores d\u2019audience de la t\u00e9l\u00e9vision multi-\u00e9cran se maintiennent \u00e0 des niveaux importants qui ne se justifient pas seulement par les situations de confinement sanitaire en lien avec la pand\u00e9mie de coronavirus&#160;: l\u2019institut M\u00e9diam\u00e9trie a enregistr\u00e9 une dur\u00e9e d\u2019\u00e9coute individuelle moyenne de 3 h 41 pour 2021 (contre 3 h 58 en 2020 et 3 h 40 en 2019, source&#160;: M\u00e9diamat annuel1). Par ailleurs, une \u00e9tude r\u00e9cente a r\u00e9v\u00e9l\u00e9 que la t\u00e9l\u00e9vision demeure le m\u00e9dia dominant pour s\u2019informer en France, sauf pour les grands consommateurs de r\u00e9seaux socionum\u00e9riques (Dejean, Lumeau et Peters, 2021). La t\u00e9l\u00e9vision, dans son acception d\u00e9sormais hybride, occupe toujours une place, qu\u2019elle soit centrale ou p\u00e9riph\u00e9rique, dans la vie quotidienne d\u2019une majorit\u00e9 d\u2019individus, en particulier comme source d\u2019information.<\/p>\n<p>L\u2019objectif de ce colloque sera de s\u2019interroger sur l\u2019\u00e9volution de la fabrique et de la r\u00e9ception de l\u2019information t\u00e9l\u00e9visuelle, \u00e0 l\u2019heure d\u2019une hybridit\u00e9 des formats m\u00e9diatiques et num\u00e9riques. Il permettra de faire un \u00e9tat des lieux des pratiques professionnelles et de celles des publics au sujet des informations t\u00e9l\u00e9visuelles et num\u00e9riques, et\u00a0d\u2019ouvrir des perspectives de r\u00e9flexion sur le sujet. Plusieurs th\u00e9matiques, non exclusives, sont envisag\u00e9es&#160;; la r\u00e9flexion n\u2019est bien s\u00fbr pas limit\u00e9e au cas de la France&#160;:<\/p>\n<ul>\n<li>la th\u00e9orisation de l\u2019audiovisuel num\u00e9rique d\u2019information&#160;;<\/li>\n<li>les dispositifs hybrides d\u2019information et l\u2019\u00e9volution des pratiques professionnelles journalistiques&#160;;<\/li>\n<li>la \u00ab&#160;t\u00e9l\u00e9vision sociale&#160;\u00bb&#160;: les commentaires num\u00e9riques en lien avec les programmes t\u00e9l\u00e9vis\u00e9s d\u2019information&#160;;<\/li>\n<li>la t\u00e9l\u00e9vision participative&#160;: l\u2019implication et la fid\u00e9lisation des publics&#160;;<\/li>\n<li>la politique t\u00e9l\u00e9vis\u00e9e \u00e0 l\u2019heure du num\u00e9rique et de la d\u00e9sinformation&#160;;<\/li>\n<li>la place des t\u00e9l\u00e9visions locales dans le \u00ab&#160;nouvel&#160;\u00bb \u00e9cosyst\u00e8me m\u00e9diatique&#160;;<\/li>\n<li>les repr\u00e9sentations d\u2019une t\u00e9l\u00e9vision et de ses publics en mutation&#160;;<\/li>\n<li>les m\u00e9thodes pour observer et analyser les pratiques des t\u00e9l\u00e9spectateurs-internautes&#160;;<\/li>\n<li>l\u2019\u00e9volution des mod\u00e8les socio-\u00e9conomiques.<\/li>\n<\/ul>\n<h2>Modalit\u00e9s de soumission<\/h2>\n<p>Les propositions (titre + r\u00e9sum\u00e9 de 300 mots + 5 mots cl\u00e9s) devront \u00eatre envoy\u00e9es \u00e0 l\u2019organisatrice du colloque, C\u00e9line S\u00e9gur (<a href=\"mailto:celine.segur@univ-lorraine.fr\">celine.segur@univ-lorraine.fr)<\/a> <strong>avant le 29 avril 2022<\/strong>. Les auteur\u00b7es indiqueront leurs fonctions et rattachements institutionnels, ainsi que leurs coordonn\u00e9es (email).<\/p>\n<p>\u00c0 l\u2019issue du colloque, les participant\u00b7es seront invit\u00e9\u00b7es \u00e0 soumettre un texte complet en vue d\u2019une publication dans un ouvrage collectif ou dans une revue scientifique, ainsi que de notices pour le Publictionnaire. Dictionnaire critique et encyclop\u00e9dique des publics &#8211; (ISSN 2609-6404) publi\u00e9 sur Huma-Num (TGIR-CNRS), disponible en ligne&#160;:<br \/>\n<a href=\"http:\/\/publictionnaire.huma-num.fr\/\" target=\"_blank\" rel=\"noopener\">http:\/\/publictionnaire.huma-num.fr.<\/a><\/p>\n<p>Les frais d\u2019inscription sont de <strong>40 euros<\/strong> pour les<strong> titulaires<\/strong>. Les <strong>doctorant\u00b7es et les non-titulaires<\/strong> sont exon\u00e9r\u00e9\u00b7es des frais d\u2019inscription<\/p>\n<h2>Calendrier<\/h2>\n<ul>\n<li><strong>29 avril<\/strong>&#160;: date limite pour l\u2019envoi des r\u00e9sum\u00e9s d\u2019intention<\/li>\n<li><strong>6 juin<\/strong>&#160;: r\u00e9ponse aux auteurs<\/li>\n<li><strong>29 et 30 septembre<\/strong>&#160;: colloque, Metz<\/li>\n<\/ul>\n<h2>Comit\u00e9 d&rsquo;organisation<\/h2>\n<ul>\n<li>Audrey Alv\u00e8s (Crem, Universit\u00e9 de Lorraine)<\/li>\n<li>Morgane Belhadi (Crem, Universit\u00e9 de Lorraine)<\/li>\n<li>Vitaly Buduchev (Crem, Universit\u00e9 de Lorraine)<\/li>\n<li>Nicolas Hub\u00e9 (Crem, Universit\u00e9 de Lorraine)<\/li>\n<li>Marie-Sophie Madiba (Crem, Universit\u00e9 de Lorraine)<\/li>\n<li>S\u00e9bastien Mort (Crem, Universit\u00e9 de Lorraine)<\/li>\n<li>C\u00e9line S\u00e9gur (Crem, Universit\u00e9 de Lorraine)<\/li>\n<\/ul>\n<h2>Comit\u00e9 scientifique<\/h2>\n<ul>\n<li>Patrick Amey (Media@lab-Gen\u00e8ve, Universit\u00e9 de Gen\u00e8ve, Suisse)<\/li>\n<li>St\u00e9fanie Averbeck-Lietz (Universit\u00e9 de Br\u00eame, Allemagne)<\/li>\n<li>Aur\u00e9lie Aubert (Cemti, Universit\u00e9 Paris 8)<\/li>\n<li>Lo\u00efc Ballarini (Ar\u00e8nes, Universit\u00e9 Rennes 1)<\/li>\n<li>J\u00e9r\u00f4me Berthaut (Cim\u00e9os, Universit\u00e9 de Bourgogne)<\/li>\n<li>Marie-France Chambat-Houillon (Ceisme, Universit\u00e9 Paris 3)<\/li>\n<li>Jean Charron (Universit\u00e9 Laval, Canada)<\/li>\n<li>B\u00e9atrice Fleury (Crem, Universit\u00e9 de Lorraine)<\/li>\n<li>Isabelle Garcin-Marrou (Elico, Institut d\u2019\u00e9tude politique de Lyon)<\/li>\n<li>Eric George (\u00c9cole des m\u00e9dias, Universit\u00e9 du Qu\u00e9bec \u00e0 Montr\u00e9al, Canada)<\/li>\n<li>Fran\u00e7ois Heinderyckx (Universit\u00e9 libre de Bruxelles, Belgique)<\/li>\n<li>Nicolas Hub\u00e9 (Crem, Universit\u00e9 de Lorraine)<\/li>\n<li>Benoit Lafon (Gresec, Universit\u00e9 Grenoble Alpes)<\/li>\n<li>Pierre Leroux (Chus, Universit\u00e9 catholique de l\u2019ouest)<\/li>\n<li>Emmanuel Marty (Gresec, Universit\u00e9 Grenoble Alpes)<\/li>\n<li>Angeliki Monnier (Crem, Universit\u00e9 de Lorraine)<\/li>\n<li>S\u00e9bastien Mort (Crem, Universit\u00e9 de Lorraine)<\/li>\n<li>Philipp M\u00fcller (Universit\u00e9 de Mannheim, Allemagne)<\/li>\n<li>Katharina Niemeyer (\u00c9cole des m\u00e9dias, Universit\u00e9 du Qu\u00e9bec \u00e0 Montr\u00e9al, Canada)<\/li>\n<li>Nicolas P\u00e9lissier (SIC.Lab M\u00e9diterran\u00e9e, Universit\u00e9 C\u00f4te d\u2019Azur)<\/li>\n<li>Sylvie Pierre (Crem, Universit\u00e9 de Lorraine)<\/li>\n<li>Nathalie Pignard-Cheynel (Acad\u00e9mie du journalisme, Universit\u00e9 de Neuch\u00e2tel, Suisse)<\/li>\n<li>Franck Rebillard (Irm\u00e9ccen, Universit\u00e9 Paris 3)<\/li>\n<li>Pascal Ricaud (Prim, Universit\u00e9 de Tours)<\/li>\n<li>Val\u00e9rie Schafer (C2DH, Universit\u00e9 du Luxembourg)<\/li>\n<li>Virginie Spies (Laboratoire Culture et Communication, Avignon Universit\u00e9)<\/li>\n<li>Olivier Standaert (ORM, Universit\u00e9 catholique de Louvain, Belgique)<\/li>\n<li>Fran\u00e7ois Valloton (Universit\u00e9 de Lausanne, Suisse)<\/li>\n<li>Susanne Vollberg (Martin-Luther-Universit\u00e4t Halle-Wittenberg, Allemagne)<\/li>\n<li>Jacques Walter (Crem, Universit\u00e9 de Lorraine)<\/li>\n<\/ul>\n<h2>Bibliographie indicative<\/h2>\n<ul>\n<li>Amey P., 2015, \u00ab&#160;D\u00e9bat politique\/d\u00e9bat t\u00e9l\u00e9vis\u00e9&#160;\u00bb, Publictionnaire. Dictionnaire encyclop\u00e9dique et critique des publics. Acc\u00e8s&#160;: <a href=\"http:\/\/publictionnaire.huma-num.fr\/notice\/debat-politique-debat-televise\/\" target=\"_blank\" rel=\"noopener\">http:\/\/publictionnaire.huma-num.fr\/notice\/debat-politique-debat-televise\/.<\/a><\/li>\n<li>Aubert A., Froissart P., 2014, \u00ab&#160;Les publics de l\u2019information&#160;\u00bb, Revue fran\u00e7aise des sciences de l\u2019information et de la communication, 5. Acc\u00e8s&#160;: <a href=\"https:\/\/journals.openedition.org\/rfsic\/1121#text\" target=\"_blank\" rel=\"noopener\">https:\/\/journals.openedition.org\/rfsic\/1121#text<\/a>. Bourdon J., No\u00fbs C., 2020, \u00ab&#160;Est-ce la fin de la fin de la t\u00e9l\u00e9vision&#160;?&#160;\u00bb, Le Temps des m\u00e9dias, 34, pp. 185-205.<\/li>\n<li>Chambat-Houillon M.-F., 2016, \u00ab&#160;De la sinc\u00e9rit\u00e9 aux effets de sinc\u00e9rit\u00e9, l\u2019exemple de l\u2019immersion journalistique \u00e0 la t\u00e9l\u00e9vision&#160;\u00bb, Questions de communication, 30, pp. 239-259. Acc\u00e8s&#160;: <a href=\"https:\/\/journals.openedition.org\/questionsdecommunication\/10776\" target=\"_blank\" rel=\"noopener\">https:\/\/journals.openedition.org\/questionsdecommunication\/10776.<\/a><\/li>\n<li>Chambat-Houillon M.-F., Barthes S., dirs., 2019, \u00ab&#160;Mutations de la t\u00e9l\u00e9vision&#160;\u00bb, T\u00e9l\u00e9vision, 10.<\/li>\n<li>Chateauvert J., Delavaud G., dirs, 2016, D\u2019un \u00e9cran \u00e0 l\u2019autre, les mutations du spectateur, Paris, \u00c9d. L\u2019Harmattan.<\/li>\n<li>Coutant A., Stenger T., 2012, \u00ab&#160;Les m\u00e9dias sociaux, une histoire de participation&#160;\u00bb, Le Temps des m\u00e9dias, 18, pp. 76-86.<\/li>\n<li>Dejean S., Lumeau M., Peters S., 2021, \u00ab&#160;La consommation d\u2019informations en France. Quelle place pour la t\u00e9l\u00e9vision&#160;?&#160;\u00bb, R\u00e9seaux, 229, pp. 43-74.<\/li>\n<li>Fantin E., Fran\u00e7ois S., Niemeyer K., 2021, Nostalgies contemporaines. M\u00e9dias, cultures et technologies, Villeneuve d\u2019Ascq, Presses universitaires du Septentrion.<\/li>\n<li>Fleury B., Walter J., dirs, 2015, \u00ab&#160;\u00c9tat des recherches en SIC sur l\u2019information m\u00e9diatique&#160;\u00bb, Revue fran\u00e7aise des sciences de l\u2019information et de la communication, 5. Acc\u00e8s&#160;: <a href=\"https:\/\/journals.openedition.org\/rfsic\/992\" target=\"_blank\" rel=\"noopener\">https:\/\/journals.openedition.org\/rfsic\/992.<\/a><\/li>\n<li>Georges E., dir., 2015, Concentration des m\u00e9dias, changements technologiques et pluralisme de l\u2019information, Qu\u00e9bec, Presses de l\u2019universit\u00e9 de Laval.<\/li>\n<li>Kredens E., Rio Fl., 2015, \u00ab&#160;Pratiques t\u00e9l\u00e9visuelles \u00e0 l\u2019\u00e8re du num\u00e9rique&#160;\u00bb, \u00c9tudes de communication, 44.<\/li>\n<li>Lafon B., dir., 2019, M\u00e9dias et m\u00e9diatisation. Analyser les m\u00e9dias imprim\u00e9s, audiovisuels, num\u00e9riques, Grenoble, Presses universitaires de Grenoble.<\/li>\n<li>Le Champion R., 2018, La T\u00e9l\u00e9vision, Paris, \u00c9d. la D\u00e9couverte.<\/li>\n<li>Le Grignou B., Neveu \u00c9., 2017, Sociologie de la t\u00e9l\u00e9vision, Paris, \u00c9d. la D\u00e9couverte.<\/li>\n<li>Leroux P., Liutort, dirs, 2013, \u00ab&#160;Renouvellement des mises en sc\u00e8ne t\u00e9l\u00e9visuelles de la politique&#160;\u00bb, Questions de communication, 24. Acc\u00e8s&#160;: <a href=\"https:\/\/journals.openedition.org\/questionsdecommunication\/8630\" target=\"_blank\" rel=\"noopener\">https:\/\/journals.openedition.org\/questionsdecommunication\/8630.<\/a><\/li>\n<li>Millerand Fl., Proulx S., Rueff J., dirs., 2010, Web social. Mutation de la communication, Montr\u00e9al, Presses de l\u2019universit\u00e9 du Qu\u00e9bec.<\/li>\n<li>Missika J.-L., 2006, La Fin de la t\u00e9l\u00e9vision, Paris, \u00c9d du Seuil.<\/li>\n<li>Pasquier D., Rebillard Fr., dirs, 2021, \u00ab&#160;T\u00e9l\u00e9vision&#160;: les publics&#160;\u00bb, R\u00e9seaux, 229.<\/li>\n<li>Pignard-Cheynel N., 2018, \u00ab&#160;Journalisme participatif&#160;\u00bb, Publictionnaire. Dictionnaire critique et encyclop\u00e9dique des publics. Acc\u00e8s&#160;: <a href=\"http:\/\/publictionnaire.huma-num.fr\/notice\/journalisme-participatif\/\" target=\"_blank\" rel=\"noopener\">http:\/\/publictionnaire.huma-num.fr\/notice\/journalisme-participatif\/.<\/a><\/li>\n<li>Rebillard Fr., No\u00fbs C., dirs, 2021, \u00ab&#160;T\u00e9l\u00e9vision&#160;: industrie et programmes&#160;\u00bb, R\u00e9seaux, 230.<\/li>\n<li>Reti\u00e8re D., Villeneuve G., 2018, \u00ab&#160;La c\u00e9r\u00e9monie \u00e9lectronique. Le T\u00e9l\u00e9thon sur Twitter, Questions de communication,34, pp. 249-268. Acc\u00e8s&#160;: <a href=\"https:\/\/journals.openedition.org\/questionsdecommunication\/15931\" target=\"_blank\" rel=\"noopener\">https:\/\/journals.openedition.org\/questionsdecommunication\/15931.<\/a><\/li>\n<li>S\u00e9gur C., 2015, \u00ab&#160;T\u00e9l\u00e9spectateur&#160;\u00bb, Publictionnaire. Dictionnaire encyclop\u00e9dique et critique des publics. Acc\u00e8s&#160;: <a href=\"http:\/\/publictionnaire.huma-num.fr\/notice\/telespectateur\/\" target=\"_blank\" rel=\"noopener\">http:\/\/publictionnaire.huma-num.fr\/notice\/telespectateur\/.<\/a><\/li>\n<li>S\u00e9gur C., 2022, Les Publics et leur t\u00e9l\u00e9vision. Mutation des pratiques, construction des savoirs, Dossier pour l\u2019Habilitation \u00e0 diriger des recherches en Sciences de l\u2019information et de la communication, Universit\u00e9 de Lorraine. <a href=\"https:\/\/hal.univ-lorraine.fr\/tel-03556414\" target=\"_blank\" rel=\"noopener\">Acc\u00e8s&#160;: https:\/\/hal.univ-lorraine.fr\/tel-03556414.<\/a><\/li>\n<li>Spies V., dir., 2014, \u00ab&#160;La t\u00e9l\u00e9vision et apr\u00e8s&#160;: vers le transm\u00e9dia&#160;\u00bb, T\u00e9l\u00e9vision, 5, pp. 11-130.<\/li>\n<li>Spina P., Viallon M., 2016, \u00ab&#160;La pratique des r\u00e9seaux sociaux par les diffuseurs t\u00e9l\u00e9&#160;: un nouvel espace de libert\u00e9 pour les t\u00e9l\u00e9spectateurs et de gestion des audiences pour l\u2019\u00e9metteur&#160;\u00bb, ESSACHESS \u2013 Journal for Communication Studies, 9(2), pp. 101-112.<\/li>\n<li>Treleani M., Jost F., dirs, 2020, \u00ab&#160;Le spectateur num\u00e9rique&#160;\u00bb, T\u00e9l\u00e9vision, 11.<\/li>\n<li>Uricchio W., 2009, \u00ab&#160;T\u00e9l\u00e9vision&#160;: l\u2019institutionnalisation de l\u2019interm\u00e9dialit\u00e9&#160;\u00bb, p. 161-177, in&#160;: Berton M., Weber A.- K., dirs, La T\u00e9l\u00e9vision, du t\u00e9l\u00e9phonoscope \u00e0 Youtube, Lausanne, \u00c9d. Antipodes.<\/li>\n<li>Valloton F., Weber A.-K., \u00e9ds, 2022, Pour une histoire \u00e9largie de la t\u00e9l\u00e9vision, Livings books about history. Acc\u00e8s&#160;: <a href=\"https:\/\/livingbooksabouthistory.ch\/fr\/book\/towards-an-expanded-history-of-television\" target=\"_blank\" rel=\"noopener\">https:\/\/livingbooksabouthistory.ch\/fr\/book\/towards-an-expanded-history-of-television.<\/a><\/li>\n<\/ul><\/div>\n<div class=\"zn-singledetail-keywords\">\n<h3 class=\"zn-singledetail-section-title\">Mots-cl\u00e9s<\/h3>\n<ul class=\"termslist termslist-post_tag\">\n<li class=\"termslist-item termslist-title\"><span class=\"termslist-titletxt\">Mots-cl\u00e9s<\/span><span class=\"doubledot\"><\/span><\/li>\n<li class=\"termslist-item tax-post_tag term-information\"><a class=\"termslist-itemlink\" href=\"https:\/\/www.sfsic.org\/tag\/information\/\" title=\"information\"><span class=\"termslist-itemname\">information<\/span><\/a><\/li>\n<li class=\"termslist-item tax-post_tag term-numerique\"><a class=\"termslist-itemlink\" href=\"https:\/\/www.sfsic.org\/tag\/numerique\/\" title=\"Num\u00e9rique\"><span class=\"termslist-itemname\">Num\u00e9rique<\/span><\/a><\/li>\n<li class=\"termslist-item tax-post_tag term-television\"><a class=\"termslist-itemlink\" href=\"https:\/\/www.sfsic.org\/tag\/television\/\" title=\"t\u00e9l\u00e9vision\"><span class=\"termslist-itemname\">t\u00e9l\u00e9vision<\/span><\/a><\/li>\n<\/ul><\/div>\n<\/p><\/div>\n<\/p><\/div>\n<\/p><\/div>\n<\/p><\/div>\n<\/div>\n<p><!-- \/fxzn:singledetail --><\/p>\n","protected":false},"excerpt":{"rendered":"<p>Mis en ligne le 9 mars 2022 Th\u00e9matiques Images, cin\u00e9ma, m\u00e9dias audiovisuels et industries culturelles Information, documents et \u00e9critures M\u00e9dias et journalisme R\u00e9ponse attendue pour le 29\/04\/2022 Type de r\u00e9ponse [&hellip;]<\/p>\n","protected":false},"author":1229,"featured_media":0,"comment_status":"closed","ping_status":"closed","sticky":false,"template":"","format":"standard","meta":{"_acf_changed":false,"footnotes":""},"categories":[29,57,1],"tags":[304,90,471],"thematique":[35,40,34],"sfsic":[],"class_list":["post-23236","post","type-post","status-publish","format-standard","hentry","category-aac-evenement","category-colloque","category-non-classe","tag-information","tag-numerique","tag-television","thematique-images-cinema-medias-audiovisuels-et-industries-culturelles","thematique-information-documents-et-ecritures","thematique-medias-et-journalisme","wp-sticky"],"acf":[],"yoast_head":"<!-- This site is optimized with the Yoast SEO plugin v27.4 - https:\/\/yoast.com\/product\/yoast-seo-wordpress\/ -->\n<title>T\u00e9l\u00e9vision, information et num\u00e9rique. Pratiques et publics<\/title>\n<meta name=\"description\" content=\"Appel \u00e0 contribution pour un colloque pluridisciplinaire et international traitant de la th\u00e9matique &quot; T\u00e9l\u00e9vision, information et num\u00e9rique. Pratiques et publics&quot;.\" \/>\n<meta name=\"robots\" content=\"index, follow, max-snippet:-1, max-image-preview:large, max-video-preview:-1\" \/>\n<link rel=\"canonical\" href=\"https:\/\/www.sfsic.org\/en\/non-classe\/television-information-et-numerique-pratiques-et-publics\/\" \/>\n<meta property=\"og:locale\" content=\"en_US\" \/>\n<meta property=\"og:type\" content=\"article\" \/>\n<meta property=\"og:title\" content=\"T\u00e9l\u00e9vision, information et num\u00e9rique. Pratiques et publics\" \/>\n<meta property=\"og:description\" content=\"Appel \u00e0 contribution pour un colloque pluridisciplinaire et international traitant de la th\u00e9matique &quot; T\u00e9l\u00e9vision, information et num\u00e9rique. Pratiques et publics&quot;.\" \/>\n<meta property=\"og:url\" content=\"https:\/\/www.sfsic.org\/en\/non-classe\/television-information-et-numerique-pratiques-et-publics\/\" \/>\n<meta property=\"og:site_name\" content=\"SFSIC\" \/>\n<meta property=\"article:published_time\" content=\"2022-03-09T09:30:59+00:00\" \/>\n<meta name=\"author\" content=\"Mossane Trinquelle\" \/>\n<meta name=\"twitter:card\" content=\"summary_large_image\" \/>\n<script type=\"application\/ld+json\" class=\"yoast-schema-graph\">{\"@context\":\"https:\\\/\\\/schema.org\",\"@graph\":[{\"@type\":\"Article\",\"@id\":\"https:\\\/\\\/www.sfsic.org\\\/en\\\/non-classe\\\/television-information-et-numerique-pratiques-et-publics\\\/#article\",\"isPartOf\":{\"@id\":\"https:\\\/\\\/www.sfsic.org\\\/en\\\/non-classe\\\/television-information-et-numerique-pratiques-et-publics\\\/\"},\"author\":{\"name\":\"Mossane Trinquelle\",\"@id\":\"https:\\\/\\\/www.sfsic.org\\\/en\\\/#\\\/schema\\\/person\\\/c6f2a716fe8dd2b6706312f0e53129b8\"},\"headline\":\"T\u00e9l\u00e9vision, information et num\u00e9rique. Pratiques et publics\",\"datePublished\":\"2022-03-09T09:30:59+00:00\",\"mainEntityOfPage\":{\"@id\":\"https:\\\/\\\/www.sfsic.org\\\/en\\\/non-classe\\\/television-information-et-numerique-pratiques-et-publics\\\/\"},\"wordCount\":2027,\"publisher\":{\"@id\":\"https:\\\/\\\/www.sfsic.org\\\/en\\\/#organization\"},\"keywords\":[\"information\",\"Num\u00e9rique\",\"t\u00e9l\u00e9vision\"],\"articleSection\":[\"AAC \u00c9v\u00e9nement\",\"Colloque\",\"Non class\u00e9\"],\"inLanguage\":\"en-US\"},{\"@type\":\"WebPage\",\"@id\":\"https:\\\/\\\/www.sfsic.org\\\/en\\\/non-classe\\\/television-information-et-numerique-pratiques-et-publics\\\/\",\"url\":\"https:\\\/\\\/www.sfsic.org\\\/en\\\/non-classe\\\/television-information-et-numerique-pratiques-et-publics\\\/\",\"name\":\"T\u00e9l\u00e9vision, information et num\u00e9rique. Pratiques et publics\",\"isPartOf\":{\"@id\":\"https:\\\/\\\/www.sfsic.org\\\/en\\\/#website\"},\"datePublished\":\"2022-03-09T09:30:59+00:00\",\"description\":\"Appel \u00e0 contribution pour un colloque pluridisciplinaire et international traitant de la th\u00e9matique \\\" T\u00e9l\u00e9vision, information et num\u00e9rique. Pratiques et publics\\\".\",\"breadcrumb\":{\"@id\":\"https:\\\/\\\/www.sfsic.org\\\/en\\\/non-classe\\\/television-information-et-numerique-pratiques-et-publics\\\/#breadcrumb\"},\"inLanguage\":\"en-US\",\"potentialAction\":[{\"@type\":\"ReadAction\",\"target\":[\"https:\\\/\\\/www.sfsic.org\\\/en\\\/non-classe\\\/television-information-et-numerique-pratiques-et-publics\\\/\"]}]},{\"@type\":\"BreadcrumbList\",\"@id\":\"https:\\\/\\\/www.sfsic.org\\\/en\\\/non-classe\\\/television-information-et-numerique-pratiques-et-publics\\\/#breadcrumb\",\"itemListElement\":[{\"@type\":\"ListItem\",\"position\":1,\"name\":\"Accueil\",\"item\":\"https:\\\/\\\/www.sfsic.org\\\/en\\\/\"},{\"@type\":\"ListItem\",\"position\":2,\"name\":\"Calls for Contributions\",\"item\":\"https:\\\/\\\/www.sfsic.org\\\/en\\\/cfc-event\\\/\"},{\"@type\":\"ListItem\",\"position\":3,\"name\":\"Conference\",\"item\":\"https:\\\/\\\/www.sfsic.org\\\/en\\\/cfc-event\\\/conference\\\/\"},{\"@type\":\"ListItem\",\"position\":4,\"name\":\"T\u00e9l\u00e9vision, information et num\u00e9rique. Pratiques et publics\"}]},{\"@type\":\"WebSite\",\"@id\":\"https:\\\/\\\/www.sfsic.org\\\/en\\\/#website\",\"url\":\"https:\\\/\\\/www.sfsic.org\\\/en\\\/\",\"name\":\"SFSIC\",\"description\":\"Soci\u00e9t\u00e9 Fran\u00e7aise des Sciences de l&#039;Information &amp; de la Communication\",\"publisher\":{\"@id\":\"https:\\\/\\\/www.sfsic.org\\\/en\\\/#organization\"},\"potentialAction\":[{\"@type\":\"SearchAction\",\"target\":{\"@type\":\"EntryPoint\",\"urlTemplate\":\"https:\\\/\\\/www.sfsic.org\\\/en\\\/?s={search_term_string}\"},\"query-input\":{\"@type\":\"PropertyValueSpecification\",\"valueRequired\":true,\"valueName\":\"search_term_string\"}}],\"inLanguage\":\"en-US\"},{\"@type\":\"Organization\",\"@id\":\"https:\\\/\\\/www.sfsic.org\\\/en\\\/#organization\",\"name\":\"SFSIC\",\"url\":\"https:\\\/\\\/www.sfsic.org\\\/en\\\/\",\"logo\":{\"@type\":\"ImageObject\",\"inLanguage\":\"en-US\",\"@id\":\"https:\\\/\\\/www.sfsic.org\\\/en\\\/#\\\/schema\\\/logo\\\/image\\\/\",\"url\":\"https:\\\/\\\/www.sfsic.org\\\/wp-inside\\\/uploads\\\/2020\\\/05\\\/logo-sfsic.jpg\",\"contentUrl\":\"https:\\\/\\\/www.sfsic.org\\\/wp-inside\\\/uploads\\\/2020\\\/05\\\/logo-sfsic.jpg\",\"width\":1085,\"height\":1080,\"caption\":\"SFSIC\"},\"image\":{\"@id\":\"https:\\\/\\\/www.sfsic.org\\\/en\\\/#\\\/schema\\\/logo\\\/image\\\/\"}},{\"@type\":\"Person\",\"@id\":\"https:\\\/\\\/www.sfsic.org\\\/en\\\/#\\\/schema\\\/person\\\/c6f2a716fe8dd2b6706312f0e53129b8\",\"name\":\"Mossane Trinquelle\",\"image\":{\"@type\":\"ImageObject\",\"inLanguage\":\"en-US\",\"@id\":\"https:\\\/\\\/secure.gravatar.com\\\/avatar\\\/4c790e85c72ef19ed5ee42f0009e741b68d9667b859edc1612b917407dc469d2?s=96&d=mm&r=g\",\"url\":\"https:\\\/\\\/secure.gravatar.com\\\/avatar\\\/4c790e85c72ef19ed5ee42f0009e741b68d9667b859edc1612b917407dc469d2?s=96&d=mm&r=g\",\"contentUrl\":\"https:\\\/\\\/secure.gravatar.com\\\/avatar\\\/4c790e85c72ef19ed5ee42f0009e741b68d9667b859edc1612b917407dc469d2?s=96&d=mm&r=g\",\"caption\":\"Mossane Trinquelle\"}}]}<\/script>\n<!-- \/ Yoast SEO plugin. -->","yoast_head_json":{"title":"T\u00e9l\u00e9vision, information et num\u00e9rique. Pratiques et publics","description":"Appel \u00e0 contribution pour un colloque pluridisciplinaire et international traitant de la th\u00e9matique \" T\u00e9l\u00e9vision, information et num\u00e9rique. Pratiques et publics\".","robots":{"index":"index","follow":"follow","max-snippet":"max-snippet:-1","max-image-preview":"max-image-preview:large","max-video-preview":"max-video-preview:-1"},"canonical":"https:\/\/www.sfsic.org\/en\/non-classe\/television-information-et-numerique-pratiques-et-publics\/","og_locale":"en_US","og_type":"article","og_title":"T\u00e9l\u00e9vision, information et num\u00e9rique. Pratiques et publics","og_description":"Appel \u00e0 contribution pour un colloque pluridisciplinaire et international traitant de la th\u00e9matique \" T\u00e9l\u00e9vision, information et num\u00e9rique. Pratiques et publics\".","og_url":"https:\/\/www.sfsic.org\/en\/non-classe\/television-information-et-numerique-pratiques-et-publics\/","og_site_name":"SFSIC","article_published_time":"2022-03-09T09:30:59+00:00","author":"Mossane Trinquelle","twitter_card":"summary_large_image","schema":{"@context":"https:\/\/schema.org","@graph":[{"@type":"Article","@id":"https:\/\/www.sfsic.org\/en\/non-classe\/television-information-et-numerique-pratiques-et-publics\/#article","isPartOf":{"@id":"https:\/\/www.sfsic.org\/en\/non-classe\/television-information-et-numerique-pratiques-et-publics\/"},"author":{"name":"Mossane Trinquelle","@id":"https:\/\/www.sfsic.org\/en\/#\/schema\/person\/c6f2a716fe8dd2b6706312f0e53129b8"},"headline":"T\u00e9l\u00e9vision, information et num\u00e9rique. Pratiques et publics","datePublished":"2022-03-09T09:30:59+00:00","mainEntityOfPage":{"@id":"https:\/\/www.sfsic.org\/en\/non-classe\/television-information-et-numerique-pratiques-et-publics\/"},"wordCount":2027,"publisher":{"@id":"https:\/\/www.sfsic.org\/en\/#organization"},"keywords":["information","Num\u00e9rique","t\u00e9l\u00e9vision"],"articleSection":["AAC \u00c9v\u00e9nement","Colloque","Non class\u00e9"],"inLanguage":"en-US"},{"@type":"WebPage","@id":"https:\/\/www.sfsic.org\/en\/non-classe\/television-information-et-numerique-pratiques-et-publics\/","url":"https:\/\/www.sfsic.org\/en\/non-classe\/television-information-et-numerique-pratiques-et-publics\/","name":"T\u00e9l\u00e9vision, information et num\u00e9rique. Pratiques et publics","isPartOf":{"@id":"https:\/\/www.sfsic.org\/en\/#website"},"datePublished":"2022-03-09T09:30:59+00:00","description":"Appel \u00e0 contribution pour un colloque pluridisciplinaire et international traitant de la th\u00e9matique \" T\u00e9l\u00e9vision, information et num\u00e9rique. Pratiques et publics\".","breadcrumb":{"@id":"https:\/\/www.sfsic.org\/en\/non-classe\/television-information-et-numerique-pratiques-et-publics\/#breadcrumb"},"inLanguage":"en-US","potentialAction":[{"@type":"ReadAction","target":["https:\/\/www.sfsic.org\/en\/non-classe\/television-information-et-numerique-pratiques-et-publics\/"]}]},{"@type":"BreadcrumbList","@id":"https:\/\/www.sfsic.org\/en\/non-classe\/television-information-et-numerique-pratiques-et-publics\/#breadcrumb","itemListElement":[{"@type":"ListItem","position":1,"name":"Accueil","item":"https:\/\/www.sfsic.org\/en\/"},{"@type":"ListItem","position":2,"name":"Calls for Contributions","item":"https:\/\/www.sfsic.org\/en\/cfc-event\/"},{"@type":"ListItem","position":3,"name":"Conference","item":"https:\/\/www.sfsic.org\/en\/cfc-event\/conference\/"},{"@type":"ListItem","position":4,"name":"T\u00e9l\u00e9vision, information et num\u00e9rique. Pratiques et publics"}]},{"@type":"WebSite","@id":"https:\/\/www.sfsic.org\/en\/#website","url":"https:\/\/www.sfsic.org\/en\/","name":"SFSIC","description":"Soci\u00e9t\u00e9 Fran\u00e7aise des Sciences de l&#039;Information &amp; de la Communication","publisher":{"@id":"https:\/\/www.sfsic.org\/en\/#organization"},"potentialAction":[{"@type":"SearchAction","target":{"@type":"EntryPoint","urlTemplate":"https:\/\/www.sfsic.org\/en\/?s={search_term_string}"},"query-input":{"@type":"PropertyValueSpecification","valueRequired":true,"valueName":"search_term_string"}}],"inLanguage":"en-US"},{"@type":"Organization","@id":"https:\/\/www.sfsic.org\/en\/#organization","name":"SFSIC","url":"https:\/\/www.sfsic.org\/en\/","logo":{"@type":"ImageObject","inLanguage":"en-US","@id":"https:\/\/www.sfsic.org\/en\/#\/schema\/logo\/image\/","url":"https:\/\/www.sfsic.org\/wp-inside\/uploads\/2020\/05\/logo-sfsic.jpg","contentUrl":"https:\/\/www.sfsic.org\/wp-inside\/uploads\/2020\/05\/logo-sfsic.jpg","width":1085,"height":1080,"caption":"SFSIC"},"image":{"@id":"https:\/\/www.sfsic.org\/en\/#\/schema\/logo\/image\/"}},{"@type":"Person","@id":"https:\/\/www.sfsic.org\/en\/#\/schema\/person\/c6f2a716fe8dd2b6706312f0e53129b8","name":"Mossane Trinquelle","image":{"@type":"ImageObject","inLanguage":"en-US","@id":"https:\/\/secure.gravatar.com\/avatar\/4c790e85c72ef19ed5ee42f0009e741b68d9667b859edc1612b917407dc469d2?s=96&d=mm&r=g","url":"https:\/\/secure.gravatar.com\/avatar\/4c790e85c72ef19ed5ee42f0009e741b68d9667b859edc1612b917407dc469d2?s=96&d=mm&r=g","contentUrl":"https:\/\/secure.gravatar.com\/avatar\/4c790e85c72ef19ed5ee42f0009e741b68d9667b859edc1612b917407dc469d2?s=96&d=mm&r=g","caption":"Mossane Trinquelle"}}]}},"_links":{"self":[{"href":"https:\/\/www.sfsic.org\/en\/wp-json\/wp\/v2\/posts\/23236","targetHints":{"allow":["GET"]}}],"collection":[{"href":"https:\/\/www.sfsic.org\/en\/wp-json\/wp\/v2\/posts"}],"about":[{"href":"https:\/\/www.sfsic.org\/en\/wp-json\/wp\/v2\/types\/post"}],"author":[{"embeddable":true,"href":"https:\/\/www.sfsic.org\/en\/wp-json\/wp\/v2\/users\/1229"}],"replies":[{"embeddable":true,"href":"https:\/\/www.sfsic.org\/en\/wp-json\/wp\/v2\/comments?post=23236"}],"version-history":[{"count":5,"href":"https:\/\/www.sfsic.org\/en\/wp-json\/wp\/v2\/posts\/23236\/revisions"}],"predecessor-version":[{"id":23245,"href":"https:\/\/www.sfsic.org\/en\/wp-json\/wp\/v2\/posts\/23236\/revisions\/23245"}],"wp:attachment":[{"href":"https:\/\/www.sfsic.org\/en\/wp-json\/wp\/v2\/media?parent=23236"}],"wp:term":[{"taxonomy":"category","embeddable":true,"href":"https:\/\/www.sfsic.org\/en\/wp-json\/wp\/v2\/categories?post=23236"},{"taxonomy":"post_tag","embeddable":true,"href":"https:\/\/www.sfsic.org\/en\/wp-json\/wp\/v2\/tags?post=23236"},{"taxonomy":"thematique","embeddable":true,"href":"https:\/\/www.sfsic.org\/en\/wp-json\/wp\/v2\/thematique?post=23236"},{"taxonomy":"sfsic","embeddable":true,"href":"https:\/\/www.sfsic.org\/en\/wp-json\/wp\/v2\/sfsic?post=23236"}],"curies":[{"name":"wp","href":"https:\/\/api.w.org\/{rel}","templated":true}]}}