{"id":23233,"date":"2022-03-08T18:07:01","date_gmt":"2022-03-08T17:07:01","guid":{"rendered":"https:\/\/www.sfsic.org\/?p=23233"},"modified":"2022-03-08T18:07:01","modified_gmt":"2022-03-08T17:07:01","slug":"schemes-argumentatifs-materialite-discursive-et-enjeux-sociaux","status":"publish","type":"post","link":"https:\/\/www.sfsic.org\/en\/evenement\/schemes-argumentatifs-materialite-discursive-et-enjeux-sociaux\/","title":{"rendered":"Sch\u00e8mes argumentatifs, mat\u00e9rialit\u00e9 discursive et enjeux sociaux"},"content":{"rendered":"<p><!-- fxzn:singledetail --><\/p>\n<div class=\"zone zn-singledetail\" id=\"fxzn-singledetail-1\">\n<div class=\"zone-block zn-singledetail-block alignwide va-top\">\n<div class=\"row\">\n<div class=\"columns large-8 large-push-4\">\n<div class=\"zn-singledetail-metabox\">\n<div class=\"zn-singledetail-pubdate pubdate\">\n\t\t\t\t\t<span class=\"pubdate-txt\">Mis en ligne le<\/span><span class=\"doubledot\"><\/span> 8 mars 2022\t\t\t\t<\/div>\n<div class=\"zn-singledetail-thematiques with-sep-comma\">\n<ul class=\"termslist termslist-thematique\">\n<li class=\"termslist-item termslist-title\"><span class=\"termslist-titletxt\">Th\u00e9matiques<\/span><span class=\"doubledot\"><\/span><\/li>\n<li class=\"termslist-item tax-thematique term-organisation-des-connaissances\"><a class=\"termslist-itemlink\" href=\"https:\/\/www.sfsic.org\/thematiques\/organisation-des-connaissances\/\" title=\"Organisation des connaissances\"><span class=\"termslist-itemname\">Organisation des connaissances<\/span><\/a><\/li>\n<\/ul><\/div>\n<\/p><\/div>\n<\/p><\/div>\n<\/p><\/div>\n<div class=\"row\">\n<div class=\"columns large-4\">\n<div class=\"zn-singledetail-sidebar bg-cornersquares\">\n<div class=\"zn-singledetail-infos\">\n<p class=\"zn-singledetail-type\">\n\t\t\t\t\t\t\t<span>Type d\u2019\u00e9v\u00e9nement<\/span><span class=\"doubledot\"><\/span> <strong>S\u00e9minaire<\/strong>\n\t\t\t\t\t<\/p>\n<\/p><\/div>\n<div class=\"zn-singledetail-weblinks\">\n<h3 class=\"zn-singledetail-section-title\">Sites internet de r\u00e9f\u00e9rence<\/h3>\n<ul class=\"zn-singledetail-weblinks-list\">\n<li>\n\t\t\t\t\t\t\t<a class=\"prettylink chainlink\" href=\"https:\/\/discourseanalysis.net\/SEMLANSOC\/group\" title=\"Site du S\u00e9minaire \" target=\"_blank\" rel=\"noopener\">Site du S\u00e9minaire <\/a>\n\t\t\t\t\t\t<\/li>\n<\/ul><\/div>\n<\/p><\/div>\n<\/p><\/div>\n<div class=\"columns large-8\">\n<div class=\"zn-singledetail-contentbox\">\n<div class=\"zn-singledetail-eventinfo\">\n<div class=\"zn-singledetail-eventinfo-inner\">\n<div class=\"zn-singledetail-eventdates\">\n\t\t\t\t\t\t<span class=\"zn-singledetail-label\">Dates de l\u2019\u00e9v\u00e9nement<span class=\"doubledot\"><\/span><\/span><\/p>\n<ul class=\"zn-singledetail-eventdates-list\">\n<li class=\"zn-singledetail-eventdates-item\">\n\t\t\t\t\t\t\t\tDu 11\/03\/2022 au 11\/03\/2022, <span class=\"event-schedule\">14h-16h<\/span>\t\t\t\t\t\t\t<\/li>\n<\/ul><\/div>\n<p class=\"zn-singledetail-eventplace\">\n\t\t\t\t\t\t<span class=\"zn-singledetail-label\">Lieu de l\u2019\u00e9v\u00e9nement<span class=\"doubledot\"><\/span><\/span><br \/>\n\t\t\t\t\t\t<span class=\"zn-singledetail-eventplace-adr\"><br \/>\n\t\t\t\t\t\t\t\t\t\t\t\t<span class=\"adr-name\">S\u00e9minaire approches discursives en sciences sociales<\/span>,<\/p>\n<p>\t\t\t\t\t\t\t\t\t\t\t\t<span class=\"adr-place\">En ligne sur Zoom<\/span>,<\/p>\n<p>\t\t\t\t\t\t<\/span>\t\t\t\t\t<\/p>\n<\/p><\/div>\n<\/p><\/div>\n<div class=\"zn-singledetail-annonce wig-content\">\n<h2><strong>Au programme du s\u00e9minaire du 11\/03\/2022<\/strong><\/h2>\n<p><strong>Sch\u00e8mes argumentatifs, mat\u00e9rialit\u00e9 discursive et enjeux sociaux &#8211; Ruth Amossy<\/strong><\/p>\n<p>On part du principe qu\u2019une analyse des sch\u00e8mes argumentatifs qui sous-tendent les \u00e9nonc\u00e9s, en apparence aux antipodes de l\u2019analyse du discours, est n\u00e9cessaire pour comprendre le fonctionnement des \u00e9changes verbaux et la logique qui y pr\u00e9side. On consid\u00e8re le raisonnement comme une structure abstraite et sch\u00e9matisable qui permet de passer de donn\u00e9es \u00e0 une conclusion par un processus d\u2019inf\u00e9rence, et l\u2019argument comme l\u2019usage de ce m\u00eame sch\u00e8me, au sein d\u2019un cadre de communication, dans une vis\u00e9e de persuasion&#160;: d\u2019o\u00f9 l\u2019appellation de \u00ab&#160;raisonnement donn\u00e9 en partage&#160;\u00bb. Une premi\u00e8re op\u00e9ration consiste, \u00e0 l\u2019aide de mod\u00e8les fournis par les th\u00e9ories de l\u2019argumentation, \u00e0 extraire du discours un sch\u00e8me abstrait pour saisir un raisonnement dans sa logique propre.<br \/>\nUne op\u00e9ration compl\u00e9mentaire consiste \u00e0 le replonger dans la mat\u00e9rialit\u00e9 discursive pour l\u2019examiner en contexte dans son cadre \u00e9nonciatif, sa dynamique interactionnelle et l\u2019ensemble de sa mise en mots. \u00c0 travers cette double op\u00e9ration, l\u2019analyse d\u00e9passe le plan des raisonnements abstraits&#160;; elle d\u00e9gage les significations qui se construisent explicitement et implicitement dans l\u2019\u00e9change verbal, ses enjeux sociaux et les jeux de pouvoir qui s\u2019y mettent en place.<br \/>\nCette d\u00e9marche \u00e0 la fois argumentative et discursive, exemplifi\u00e9e par des analyses concr\u00e8tes, sera expliqu\u00e9e dans ses rapports \u00e0 d\u2019autres mod\u00e8les poursuivant une vis\u00e9e similaire comme ceux de la CDA et en particulier Fairclough &amp; Fairclough, et R. Wodak.<\/p>\n<p>Le s\u00e9minaire DiscoursNet 2021\/22 est anim\u00e9 par Johannes Angermuller (Open University), Christine Barats (Paris Descartes), Marc Glady (Paris Dauphine), Luciana Radut-Gaghi (CY Cergy Paris Universit\u00e9)<\/p>\n<p><strong><a href=\"https:\/\/discourseanalysis.net\/SEMLANSOC\/group\">https:\/\/discourseanalysis.net\/SEMLANSOC\/group<\/a><\/strong><\/p>\n<p>Pour participer au s\u00e9minaire&#160;:<br \/>\n<a href=\"https:\/\/u-paris.zoom.us\/j\/81678672560?pwd=VmRSUUJVNHAvN0MyRFU0c1Ftbk5YQT09\">https:\/\/u-paris.zoom.us\/j\/81678672560?pwd=VmRSUUJVNHAvN0MyRFU0c1Ftbk5YQT09<\/a><br \/>\n[1]<br \/>\nID de r\u00e9union&#160;: 816 7867 2560<br \/>\nCode secret&#160;: 472964<\/p>\n<\/p><\/div>\n<div class=\"zn-singledetail-keywords\">\n<h3 class=\"zn-singledetail-section-title\">Mots-cl\u00e9s<\/h3>\n<ul class=\"termslist termslist-post_tag\">\n<li class=\"termslist-item termslist-title\"><span class=\"termslist-titletxt\">Mots-cl\u00e9s<\/span><span class=\"doubledot\"><\/span><\/li>\n<li class=\"termslist-item tax-post_tag term-analyse-du-discours\"><a class=\"termslist-itemlink\" href=\"https:\/\/www.sfsic.org\/tag\/analyse-du-discours\/\" title=\"Analyse du discours\"><span class=\"termslist-itemname\">Analyse du discours<\/span><\/a><\/li>\n<li class=\"termslist-item tax-post_tag term-argumentation\"><a class=\"termslist-itemlink\" href=\"https:\/\/www.sfsic.org\/tag\/argumentation\/\" title=\"Argumentation\"><span class=\"termslist-itemname\">Argumentation<\/span><\/a><\/li>\n<\/ul><\/div>\n<\/p><\/div>\n<\/p><\/div>\n<\/p><\/div>\n<\/p><\/div>\n<\/div>\n<p><!-- \/fxzn:singledetail --><\/p>\n","protected":false},"excerpt":{"rendered":"<p>Mis en ligne le 8 mars 2022 Th\u00e9matiques Organisation des connaissances Type d\u2019\u00e9v\u00e9nement S\u00e9minaire Sites internet de r\u00e9f\u00e9rence Site du S\u00e9minaire Dates de l\u2019\u00e9v\u00e9nement Du 11\/03\/2022 au 11\/03\/2022, 14h-16h Lieu [&hellip;]<\/p>\n","protected":false},"author":781,"featured_media":0,"comment_status":"closed","ping_status":"closed","sticky":false,"template":"","format":"standard","meta":{"_acf_changed":false,"footnotes":""},"categories":[30,69],"tags":[189,464],"thematique":[42],"sfsic":[],"class_list":["post-23233","post","type-post","status-publish","format-standard","hentry","category-evenement","category-seminaire-2","tag-analyse-du-discours","tag-argumentation","thematique-organisation-des-connaissances","wp-sticky"],"acf":[],"yoast_head":"<!-- This site is optimized with the Yoast SEO plugin v27.4 - https:\/\/yoast.com\/product\/yoast-seo-wordpress\/ -->\n<title>Sch\u00e8mes argumentatifs, mat\u00e9rialit\u00e9 discursive et enjeux sociaux<\/title>\n<meta name=\"description\" content=\"Le programme du S\u00e9minaire approches discursives en sciences sociales du 11 mars est en ligne. Ruth Amossy y \u00e9voquera les &quot;Sch\u00e8mes argumentatifs, mat\u00e9rialit\u00e9 discursive et enjeux sociaux&quot;.\" \/>\n<meta name=\"robots\" content=\"index, follow, max-snippet:-1, max-image-preview:large, max-video-preview:-1\" \/>\n<link rel=\"canonical\" href=\"https:\/\/www.sfsic.org\/en\/evenement\/schemes-argumentatifs-materialite-discursive-et-enjeux-sociaux\/\" \/>\n<meta property=\"og:locale\" content=\"en_US\" \/>\n<meta property=\"og:type\" content=\"article\" \/>\n<meta property=\"og:title\" content=\"Sch\u00e8mes argumentatifs, mat\u00e9rialit\u00e9 discursive et enjeux sociaux\" \/>\n<meta property=\"og:description\" content=\"Le programme du S\u00e9minaire approches discursives en sciences sociales du 11 mars est en ligne. Ruth Amossy y \u00e9voquera les &quot;Sch\u00e8mes argumentatifs, mat\u00e9rialit\u00e9 discursive et enjeux sociaux&quot;.\" \/>\n<meta property=\"og:url\" content=\"https:\/\/www.sfsic.org\/en\/evenement\/schemes-argumentatifs-materialite-discursive-et-enjeux-sociaux\/\" \/>\n<meta property=\"og:site_name\" content=\"SFSIC\" \/>\n<meta property=\"article:published_time\" content=\"2022-03-08T17:07:01+00:00\" \/>\n<meta name=\"author\" content=\"Axelle Martin\" \/>\n<meta name=\"twitter:card\" content=\"summary_large_image\" \/>\n<script type=\"application\/ld+json\" class=\"yoast-schema-graph\">{\"@context\":\"https:\\\/\\\/schema.org\",\"@graph\":[{\"@type\":\"Article\",\"@id\":\"https:\\\/\\\/www.sfsic.org\\\/en\\\/evenement\\\/schemes-argumentatifs-materialite-discursive-et-enjeux-sociaux\\\/#article\",\"isPartOf\":{\"@id\":\"https:\\\/\\\/www.sfsic.org\\\/en\\\/evenement\\\/schemes-argumentatifs-materialite-discursive-et-enjeux-sociaux\\\/\"},\"author\":{\"name\":\"Axelle Martin\",\"@id\":\"https:\\\/\\\/www.sfsic.org\\\/en\\\/#\\\/schema\\\/person\\\/d3606993477708f4359fb9aeda58df3b\"},\"headline\":\"Sch\u00e8mes argumentatifs, mat\u00e9rialit\u00e9 discursive et enjeux sociaux\",\"datePublished\":\"2022-03-08T17:07:01+00:00\",\"mainEntityOfPage\":{\"@id\":\"https:\\\/\\\/www.sfsic.org\\\/en\\\/evenement\\\/schemes-argumentatifs-materialite-discursive-et-enjeux-sociaux\\\/\"},\"wordCount\":394,\"publisher\":{\"@id\":\"https:\\\/\\\/www.sfsic.org\\\/en\\\/#organization\"},\"keywords\":[\"Analyse du discours\",\"Argumentation\"],\"articleSection\":[\"\u00c9v\u00e9nements\",\"S\u00e9minaire\"],\"inLanguage\":\"en-US\"},{\"@type\":\"WebPage\",\"@id\":\"https:\\\/\\\/www.sfsic.org\\\/en\\\/evenement\\\/schemes-argumentatifs-materialite-discursive-et-enjeux-sociaux\\\/\",\"url\":\"https:\\\/\\\/www.sfsic.org\\\/en\\\/evenement\\\/schemes-argumentatifs-materialite-discursive-et-enjeux-sociaux\\\/\",\"name\":\"Sch\u00e8mes argumentatifs, mat\u00e9rialit\u00e9 discursive et enjeux sociaux\",\"isPartOf\":{\"@id\":\"https:\\\/\\\/www.sfsic.org\\\/en\\\/#website\"},\"datePublished\":\"2022-03-08T17:07:01+00:00\",\"description\":\"Le programme du S\u00e9minaire approches discursives en sciences sociales du 11 mars est en ligne. Ruth Amossy y \u00e9voquera les \\\"Sch\u00e8mes argumentatifs, mat\u00e9rialit\u00e9 discursive et enjeux sociaux\\\".\",\"breadcrumb\":{\"@id\":\"https:\\\/\\\/www.sfsic.org\\\/en\\\/evenement\\\/schemes-argumentatifs-materialite-discursive-et-enjeux-sociaux\\\/#breadcrumb\"},\"inLanguage\":\"en-US\",\"potentialAction\":[{\"@type\":\"ReadAction\",\"target\":[\"https:\\\/\\\/www.sfsic.org\\\/en\\\/evenement\\\/schemes-argumentatifs-materialite-discursive-et-enjeux-sociaux\\\/\"]}]},{\"@type\":\"BreadcrumbList\",\"@id\":\"https:\\\/\\\/www.sfsic.org\\\/en\\\/evenement\\\/schemes-argumentatifs-materialite-discursive-et-enjeux-sociaux\\\/#breadcrumb\",\"itemListElement\":[{\"@type\":\"ListItem\",\"position\":1,\"name\":\"Accueil\",\"item\":\"https:\\\/\\\/www.sfsic.org\\\/en\\\/\"},{\"@type\":\"ListItem\",\"position\":2,\"name\":\"Events\",\"item\":\"https:\\\/\\\/www.sfsic.org\\\/en\\\/events\\\/\"},{\"@type\":\"ListItem\",\"position\":3,\"name\":\"Seminar\",\"item\":\"https:\\\/\\\/www.sfsic.org\\\/en\\\/events\\\/seminar-2\\\/\"},{\"@type\":\"ListItem\",\"position\":4,\"name\":\"Sch\u00e8mes argumentatifs, mat\u00e9rialit\u00e9 discursive et enjeux sociaux\"}]},{\"@type\":\"WebSite\",\"@id\":\"https:\\\/\\\/www.sfsic.org\\\/en\\\/#website\",\"url\":\"https:\\\/\\\/www.sfsic.org\\\/en\\\/\",\"name\":\"SFSIC\",\"description\":\"Soci\u00e9t\u00e9 Fran\u00e7aise des Sciences de l&#039;Information &amp; de la Communication\",\"publisher\":{\"@id\":\"https:\\\/\\\/www.sfsic.org\\\/en\\\/#organization\"},\"potentialAction\":[{\"@type\":\"SearchAction\",\"target\":{\"@type\":\"EntryPoint\",\"urlTemplate\":\"https:\\\/\\\/www.sfsic.org\\\/en\\\/?s={search_term_string}\"},\"query-input\":{\"@type\":\"PropertyValueSpecification\",\"valueRequired\":true,\"valueName\":\"search_term_string\"}}],\"inLanguage\":\"en-US\"},{\"@type\":\"Organization\",\"@id\":\"https:\\\/\\\/www.sfsic.org\\\/en\\\/#organization\",\"name\":\"SFSIC\",\"url\":\"https:\\\/\\\/www.sfsic.org\\\/en\\\/\",\"logo\":{\"@type\":\"ImageObject\",\"inLanguage\":\"en-US\",\"@id\":\"https:\\\/\\\/www.sfsic.org\\\/en\\\/#\\\/schema\\\/logo\\\/image\\\/\",\"url\":\"https:\\\/\\\/www.sfsic.org\\\/wp-inside\\\/uploads\\\/2020\\\/05\\\/logo-sfsic.jpg\",\"contentUrl\":\"https:\\\/\\\/www.sfsic.org\\\/wp-inside\\\/uploads\\\/2020\\\/05\\\/logo-sfsic.jpg\",\"width\":1085,\"height\":1080,\"caption\":\"SFSIC\"},\"image\":{\"@id\":\"https:\\\/\\\/www.sfsic.org\\\/en\\\/#\\\/schema\\\/logo\\\/image\\\/\"}},{\"@type\":\"Person\",\"@id\":\"https:\\\/\\\/www.sfsic.org\\\/en\\\/#\\\/schema\\\/person\\\/d3606993477708f4359fb9aeda58df3b\",\"name\":\"Axelle Martin\",\"image\":{\"@type\":\"ImageObject\",\"inLanguage\":\"en-US\",\"@id\":\"https:\\\/\\\/secure.gravatar.com\\\/avatar\\\/1065035eb5e480668fbf77e163c2e86f81ac342eaad4c8783acdf4a63f3c917b?s=96&d=mm&r=g\",\"url\":\"https:\\\/\\\/secure.gravatar.com\\\/avatar\\\/1065035eb5e480668fbf77e163c2e86f81ac342eaad4c8783acdf4a63f3c917b?s=96&d=mm&r=g\",\"contentUrl\":\"https:\\\/\\\/secure.gravatar.com\\\/avatar\\\/1065035eb5e480668fbf77e163c2e86f81ac342eaad4c8783acdf4a63f3c917b?s=96&d=mm&r=g\",\"caption\":\"Axelle Martin\"},\"sameAs\":[\"@antropocominside\"]}]}<\/script>\n<!-- \/ Yoast SEO plugin. -->","yoast_head_json":{"title":"Sch\u00e8mes argumentatifs, mat\u00e9rialit\u00e9 discursive et enjeux sociaux","description":"Le programme du S\u00e9minaire approches discursives en sciences sociales du 11 mars est en ligne. Ruth Amossy y \u00e9voquera les \"Sch\u00e8mes argumentatifs, mat\u00e9rialit\u00e9 discursive et enjeux sociaux\".","robots":{"index":"index","follow":"follow","max-snippet":"max-snippet:-1","max-image-preview":"max-image-preview:large","max-video-preview":"max-video-preview:-1"},"canonical":"https:\/\/www.sfsic.org\/en\/evenement\/schemes-argumentatifs-materialite-discursive-et-enjeux-sociaux\/","og_locale":"en_US","og_type":"article","og_title":"Sch\u00e8mes argumentatifs, mat\u00e9rialit\u00e9 discursive et enjeux sociaux","og_description":"Le programme du S\u00e9minaire approches discursives en sciences sociales du 11 mars est en ligne. Ruth Amossy y \u00e9voquera les \"Sch\u00e8mes argumentatifs, mat\u00e9rialit\u00e9 discursive et enjeux sociaux\".","og_url":"https:\/\/www.sfsic.org\/en\/evenement\/schemes-argumentatifs-materialite-discursive-et-enjeux-sociaux\/","og_site_name":"SFSIC","article_published_time":"2022-03-08T17:07:01+00:00","author":"Axelle Martin","twitter_card":"summary_large_image","schema":{"@context":"https:\/\/schema.org","@graph":[{"@type":"Article","@id":"https:\/\/www.sfsic.org\/en\/evenement\/schemes-argumentatifs-materialite-discursive-et-enjeux-sociaux\/#article","isPartOf":{"@id":"https:\/\/www.sfsic.org\/en\/evenement\/schemes-argumentatifs-materialite-discursive-et-enjeux-sociaux\/"},"author":{"name":"Axelle Martin","@id":"https:\/\/www.sfsic.org\/en\/#\/schema\/person\/d3606993477708f4359fb9aeda58df3b"},"headline":"Sch\u00e8mes argumentatifs, mat\u00e9rialit\u00e9 discursive et enjeux sociaux","datePublished":"2022-03-08T17:07:01+00:00","mainEntityOfPage":{"@id":"https:\/\/www.sfsic.org\/en\/evenement\/schemes-argumentatifs-materialite-discursive-et-enjeux-sociaux\/"},"wordCount":394,"publisher":{"@id":"https:\/\/www.sfsic.org\/en\/#organization"},"keywords":["Analyse du discours","Argumentation"],"articleSection":["\u00c9v\u00e9nements","S\u00e9minaire"],"inLanguage":"en-US"},{"@type":"WebPage","@id":"https:\/\/www.sfsic.org\/en\/evenement\/schemes-argumentatifs-materialite-discursive-et-enjeux-sociaux\/","url":"https:\/\/www.sfsic.org\/en\/evenement\/schemes-argumentatifs-materialite-discursive-et-enjeux-sociaux\/","name":"Sch\u00e8mes argumentatifs, mat\u00e9rialit\u00e9 discursive et enjeux sociaux","isPartOf":{"@id":"https:\/\/www.sfsic.org\/en\/#website"},"datePublished":"2022-03-08T17:07:01+00:00","description":"Le programme du S\u00e9minaire approches discursives en sciences sociales du 11 mars est en ligne. Ruth Amossy y \u00e9voquera les \"Sch\u00e8mes argumentatifs, mat\u00e9rialit\u00e9 discursive et enjeux sociaux\".","breadcrumb":{"@id":"https:\/\/www.sfsic.org\/en\/evenement\/schemes-argumentatifs-materialite-discursive-et-enjeux-sociaux\/#breadcrumb"},"inLanguage":"en-US","potentialAction":[{"@type":"ReadAction","target":["https:\/\/www.sfsic.org\/en\/evenement\/schemes-argumentatifs-materialite-discursive-et-enjeux-sociaux\/"]}]},{"@type":"BreadcrumbList","@id":"https:\/\/www.sfsic.org\/en\/evenement\/schemes-argumentatifs-materialite-discursive-et-enjeux-sociaux\/#breadcrumb","itemListElement":[{"@type":"ListItem","position":1,"name":"Accueil","item":"https:\/\/www.sfsic.org\/en\/"},{"@type":"ListItem","position":2,"name":"Events","item":"https:\/\/www.sfsic.org\/en\/events\/"},{"@type":"ListItem","position":3,"name":"Seminar","item":"https:\/\/www.sfsic.org\/en\/events\/seminar-2\/"},{"@type":"ListItem","position":4,"name":"Sch\u00e8mes argumentatifs, mat\u00e9rialit\u00e9 discursive et enjeux sociaux"}]},{"@type":"WebSite","@id":"https:\/\/www.sfsic.org\/en\/#website","url":"https:\/\/www.sfsic.org\/en\/","name":"SFSIC","description":"Soci\u00e9t\u00e9 Fran\u00e7aise des Sciences de l&#039;Information &amp; de la Communication","publisher":{"@id":"https:\/\/www.sfsic.org\/en\/#organization"},"potentialAction":[{"@type":"SearchAction","target":{"@type":"EntryPoint","urlTemplate":"https:\/\/www.sfsic.org\/en\/?s={search_term_string}"},"query-input":{"@type":"PropertyValueSpecification","valueRequired":true,"valueName":"search_term_string"}}],"inLanguage":"en-US"},{"@type":"Organization","@id":"https:\/\/www.sfsic.org\/en\/#organization","name":"SFSIC","url":"https:\/\/www.sfsic.org\/en\/","logo":{"@type":"ImageObject","inLanguage":"en-US","@id":"https:\/\/www.sfsic.org\/en\/#\/schema\/logo\/image\/","url":"https:\/\/www.sfsic.org\/wp-inside\/uploads\/2020\/05\/logo-sfsic.jpg","contentUrl":"https:\/\/www.sfsic.org\/wp-inside\/uploads\/2020\/05\/logo-sfsic.jpg","width":1085,"height":1080,"caption":"SFSIC"},"image":{"@id":"https:\/\/www.sfsic.org\/en\/#\/schema\/logo\/image\/"}},{"@type":"Person","@id":"https:\/\/www.sfsic.org\/en\/#\/schema\/person\/d3606993477708f4359fb9aeda58df3b","name":"Axelle Martin","image":{"@type":"ImageObject","inLanguage":"en-US","@id":"https:\/\/secure.gravatar.com\/avatar\/1065035eb5e480668fbf77e163c2e86f81ac342eaad4c8783acdf4a63f3c917b?s=96&d=mm&r=g","url":"https:\/\/secure.gravatar.com\/avatar\/1065035eb5e480668fbf77e163c2e86f81ac342eaad4c8783acdf4a63f3c917b?s=96&d=mm&r=g","contentUrl":"https:\/\/secure.gravatar.com\/avatar\/1065035eb5e480668fbf77e163c2e86f81ac342eaad4c8783acdf4a63f3c917b?s=96&d=mm&r=g","caption":"Axelle Martin"},"sameAs":["@antropocominside"]}]}},"_links":{"self":[{"href":"https:\/\/www.sfsic.org\/en\/wp-json\/wp\/v2\/posts\/23233","targetHints":{"allow":["GET"]}}],"collection":[{"href":"https:\/\/www.sfsic.org\/en\/wp-json\/wp\/v2\/posts"}],"about":[{"href":"https:\/\/www.sfsic.org\/en\/wp-json\/wp\/v2\/types\/post"}],"author":[{"embeddable":true,"href":"https:\/\/www.sfsic.org\/en\/wp-json\/wp\/v2\/users\/781"}],"replies":[{"embeddable":true,"href":"https:\/\/www.sfsic.org\/en\/wp-json\/wp\/v2\/comments?post=23233"}],"version-history":[{"count":2,"href":"https:\/\/www.sfsic.org\/en\/wp-json\/wp\/v2\/posts\/23233\/revisions"}],"predecessor-version":[{"id":23235,"href":"https:\/\/www.sfsic.org\/en\/wp-json\/wp\/v2\/posts\/23233\/revisions\/23235"}],"wp:attachment":[{"href":"https:\/\/www.sfsic.org\/en\/wp-json\/wp\/v2\/media?parent=23233"}],"wp:term":[{"taxonomy":"category","embeddable":true,"href":"https:\/\/www.sfsic.org\/en\/wp-json\/wp\/v2\/categories?post=23233"},{"taxonomy":"post_tag","embeddable":true,"href":"https:\/\/www.sfsic.org\/en\/wp-json\/wp\/v2\/tags?post=23233"},{"taxonomy":"thematique","embeddable":true,"href":"https:\/\/www.sfsic.org\/en\/wp-json\/wp\/v2\/thematique?post=23233"},{"taxonomy":"sfsic","embeddable":true,"href":"https:\/\/www.sfsic.org\/en\/wp-json\/wp\/v2\/sfsic?post=23233"}],"curies":[{"name":"wp","href":"https:\/\/api.w.org\/{rel}","templated":true}]}}