{"id":22932,"date":"2022-02-28T18:21:05","date_gmt":"2022-02-28T17:21:05","guid":{"rendered":"https:\/\/www.sfsic.org\/?p=22932"},"modified":"2022-02-26T18:21:29","modified_gmt":"2022-02-26T17:21:29","slug":"violences-et-medias","status":"publish","type":"post","link":"https:\/\/www.sfsic.org\/en\/aac-evenement\/violences-et-medias\/","title":{"rendered":"Violences et M\u00e9dias"},"content":{"rendered":"<p><!-- fxzn:singledetail --><\/p>\n<div class=\"zone zn-singledetail\" id=\"fxzn-singledetail-1\">\n<div class=\"zone-block zn-singledetail-block alignwide va-top\">\n<div class=\"row\">\n<div class=\"columns large-8 large-push-4\">\n<div class=\"zn-singledetail-metabox\">\n<div class=\"zn-singledetail-pubdate pubdate\">\n\t\t\t\t\t<span class=\"pubdate-txt\">Mis en ligne le<\/span><span class=\"doubledot\"><\/span> 26 f\u00e9vrier 2022\t\t\t\t<\/div>\n<div class=\"zn-singledetail-thematiques with-sep-comma\">\n<ul class=\"termslist termslist-thematique\">\n<li class=\"termslist-item termslist-title\"><span class=\"termslist-titletxt\">Th\u00e9matiques<\/span><span class=\"doubledot\"><\/span><\/li>\n<li class=\"termslist-item tax-thematique term-communication-publique-et-politique\"><a class=\"termslist-itemlink\" href=\"https:\/\/www.sfsic.org\/en\/thematiques\/public-and-political-communication\/\" title=\"Communication publique et politique\"><span class=\"termslist-itemname\">Communication publique et politique<\/span><\/a><\/li>\n<li class=\"termslist-item tax-thematique term-images-cinema-medias-audiovisuels-et-industries-culturelles\"><a class=\"termslist-itemlink\" href=\"https:\/\/www.sfsic.org\/en\/thematiques\/images-cinema-audiovisual-media-and-cultural-industries\/\" title=\"Images, cin\u00e9ma, m\u00e9dias audiovisuels et industries culturelles\"><span class=\"termslist-itemname\">Images, cin\u00e9ma, m\u00e9dias audiovisuels et industries culturelles<\/span><\/a><\/li>\n<li class=\"termslist-item tax-thematique term-medias-et-journalisme\"><a class=\"termslist-itemlink\" href=\"https:\/\/www.sfsic.org\/en\/thematiques\/media-and-journalism\/\" title=\"M\u00e9dias et journalisme\"><span class=\"termslist-itemname\">M\u00e9dias et journalisme<\/span><\/a><\/li>\n<\/ul><\/div>\n<\/p><\/div>\n<\/p><\/div>\n<\/p><\/div>\n<div class=\"row\">\n<div class=\"columns large-4\">\n<div class=\"zn-singledetail-sidebar bg-cornersquares\">\n<div class=\"zn-singledetail-infos\">\n<p class=\"zn-singledetail-reponse-date\">\n\t\t\t\t\t\t<span>R\u00e9ponse attendue pour le<\/span><span class=\"doubledot\"><\/span> <strong>04\/04\/2022<\/strong>\n\t\t\t\t\t<\/p>\n<p class=\"zn-singledetail-reponse-type\">\n\t\t\t\t\t<span>Type de r\u00e9ponse<\/span><span class=\"doubledot\"><\/span> <strong>R\u00e9sum\u00e9<\/strong>\n\t\t\t\t\t<\/p>\n<p class=\"zn-singledetail-type\">\n\t\t\t\t\t\t\t<span>Type d\u2019\u00e9v\u00e9nement<\/span><span class=\"doubledot\"><\/span> <strong>Colloque<\/strong>\n\t\t\t\t\t<\/p>\n<\/p><\/div>\n<div class=\"zn-singledetail-coordinators\">\n<h3 class=\"zn-singledetail-section-title\">Coordinateurs<\/h3>\n<ul class=\"zn-singledetail-coordinators-list\">\n<li class=\"zn-singledetail-coordinators-item\">\n\t\t\t\t\t\t\t<span>Micha\u00ebl <\/span> <span>Bourgatte<\/span>, <span>Institut Catholique de Paris<\/span>\t\t\t\t\t\t\t\t\t\t\t\t\t\t, <a class=\"zn-singledetail-coordinators-mail prettylink\" href=\"mailto:m.bourgatte@icp.fr\">m.bourgatte@icp.fr<\/a>\n\t\t\t\t\t\t\t\t\t\t\t\t\t<\/li>\n<\/ul><\/div>\n<\/p><\/div>\n<\/p><\/div>\n<div class=\"columns large-8\">\n<div class=\"zn-singledetail-contentbox\">\n<div class=\"zn-singledetail-eventinfo\">\n<div class=\"zn-singledetail-eventinfo-inner\">\n<div class=\"zn-singledetail-eventdates\">\n\t\t\t\t\t\t<span class=\"zn-singledetail-label\">Dates de l\u2019\u00e9v\u00e9nement<span class=\"doubledot\"><\/span><\/span><\/p>\n<ul class=\"zn-singledetail-eventdates-list\">\n<li class=\"zn-singledetail-eventdates-item\">\n\t\t\t\t\t\t\t\tDu 01\/06\/2022 au 02\/06\/2022\t\t\t\t\t\t\t<\/li>\n<\/ul><\/div>\n<p class=\"zn-singledetail-eventplace\">\n\t\t\t\t\t\t<span class=\"zn-singledetail-label\">Lieu de l\u2019\u00e9v\u00e9nement<span class=\"doubledot\"><\/span><\/span><br \/>\n\t\t\t\t\t\t<span class=\"zn-singledetail-eventplace-adr\"><\/p>\n<p>\t\t\t\t\t\t\t\t\t\t\t\t<span class=\"adr-place\">Institut Catholique de Paris<\/span>,<\/p>\n<p>\t\t\t\t\t\t<span class=\"adr-street\">74, rue de Vaugirard   <\/span>, <span class=\"adr-city\">Paris<\/span>\t\t\t\t\t\t<span class=\"adr-cp\">75006<\/span>, <span class=\"adr-country\">France<\/span><br \/>\n\t\t\t\t\t\t<\/span>\t\t\t\t\t<\/p>\n<\/p><\/div>\n<\/p><\/div>\n<div class=\"zn-singledetail-annonce wig-content\">\n<p>Comme le souligne Yves Citton, la production d\u2019information est une arme politique en ce que les m\u00e9dias d\u00e9finissent \u00e0 la fois \u00ab&#160;ce dont on parle&#160;\u00bb et \u00ab&#160;ce qui importe&#160;\u00bb (Citton, 2014). Cette s\u00e9lection dans le r\u00e9el des objets et des sujets \u00e0 mettre en visibilit\u00e9 se double d\u2019un pouvoir de qualification du r\u00e9el qui est ici au c\u0153ur de notre questionnement. En effet, en interrogeant conjointement \u201cviolences\u201d et \u201cm\u00e9dias\u201d, ce colloque souhaite \u00e9tudier la mani\u00e8re dont les repr\u00e9sentations m\u00e9diatiques de la violence sont \u00e0 la fois d\u00e9pendantes de visions morales, politiques et sociales, tout en \u00e9tant elles-m\u00eames des leviers de violences symboliques.<\/p>\n<p>De nombreuses \u00e9tudes se sont d\u00e9j\u00e0 interrog\u00e9es sur les effets, qualifi\u00e9s de directs et m\u00e9caniques, de la violence des images m\u00e9diatiques sur les comportements des individus, en particulier des plus jeunes. Notre approche ne reviendra pas sur cette question des effets et privil\u00e9giera ainsi l\u2019\u00e9tude des modalit\u00e9s de repr\u00e9sentation et de construction sociale de la violence dans les m\u00e9dias. Ce questionnement g\u00e9n\u00e9ral se d\u00e9veloppera autour de trois axes principaux de travail.<\/p>\n<h2><strong>Axe 1- Herm\u00e9neutique de la violence dans les m\u00e9dias<\/strong><\/h2>\n<p>Cet axe vise \u00e0 questionner l\u2019incertitude autour de ce qui est consid\u00e9r\u00e9 comme violent dans nos m\u00e9dias. Il propose notamment d\u2019interroger les luttes de qualification de ce qui fait violence\u00a0aujourd\u2019hui, selon les sensibilit\u00e9s culturelles et sociales contemporaines.<br \/>\nQu\u2019est-ce qui est qualifi\u00e9 de violent et au nom de quels crit\u00e8res (moraux, politiques, \u00e9thiques\u2026)&#160;? Quelles sont les violences montrables\/dicibles&#160;? Quelles formes s\u00e9miotiques prennent-elles selon les diff\u00e9rents supports et quelles retomb\u00e9es symboliques peuvent \u00eatre envisag\u00e9es en fonction de la mat\u00e9rialit\u00e9 des supports&#160;?<\/p>\n<h2><strong>Axe 2- Stigmatisation et invisibilisation de la violence dans les m\u00e9dias<\/strong><\/h2>\n<p>Cet axe explore dans quelles mesures les productions m\u00e9diatiques g\u00e9n\u00e8rent des violences symboliques et travaillent nos imaginaires politiques et sociaux.<br \/>\nTout d\u2019abord, de par la s\u00e9lection des sujets qui font l\u2019objet d\u2019une m\u00e9diatisation&#160;: pourquoi et comment certaines souffrances sont reconnues et d\u2019autres invisibilis\u00e9es&#160;? Comment cette s\u00e9lection de ce qui fait \u00e9v\u00e9nement donne une certaine image de notre soci\u00e9t\u00e9&#160;? D\u2019autre part, la violence symbolique se loge \u00e9galement dans l\u2019\u00e9criture m\u00e9diatique&#160;: dans la mani\u00e8re de donner la parole \u00e0 certains citoyens, d\u2019employer certains mots qui stigmatisent, excluent (\u00ab&#160;ensauvagement&#160;\u00bb) ou qui minimisent certains ph\u00e9nom\u00e8nes de violence v\u00e9cus (ex&#160;: \u00ab&#160;Crime passionnel&#160;\u00bb vs \u00ab&#160;f\u00e9minicide&#160;\u00bb).<\/p>\n<h2><strong>Axe 3- \u00a0Les dispositifs m\u00e9diatiques&#160;: entre r\u00e9gulation et incitation \u00e0 la violence<\/strong><\/h2>\n<p>Cet axe se centre \u00e0 la fois sur la violence du dispositif m\u00e9diatique lui-m\u00eame et sur la mani\u00e8re dont les m\u00e9dias, tout en autorisant et facilitant cette violence, tentent de la cadrer.<br \/>\nComment les r\u00e9seaux sociaux induisent, cadrent ou r\u00e9gulent les violences verbales et symboliques en ligne (ph\u00e9nom\u00e8nes de harc\u00e8lement en ligne, injonctions \u00e0 entrer dans une norme etc.)&#160;?<br \/>\nLe d\u00e9clin de la parole publique et politique contemporaine se caract\u00e9rise par la culture du clash, les pol\u00e9miques autour de petites phrases qui d\u00e9naturent le d\u00e9bat d\u00e9mocratique. Dans quelle mesure et comment les dispositifs m\u00e9diatiques prennent-ils part \u00e0 cette crise d\u00e9mocratique et rh\u00e9torique, \u00e0 la fragmentation de l\u2019espace public, \u00e0 la brutalisation du d\u00e9bat public&#160;?<br \/>\nEnfin, se posera la question de la difficult\u00e9 \u00e0 mettre en place une r\u00e9gulation des messages violents, notamment sur les dispositifs num\u00e9riques.<\/p>\n<h2><strong>Propositions de communication<\/strong><\/h2>\n<p>Les propositions de communication s&rsquo;inscriront dans un des 3 axes du colloque. Elles seront r\u00e9dig\u00e9es en fran\u00e7ais et feront 1500 signes espaces compris maximum. Chaque proposition sera accompagn\u00e9e, \u00e0 la suite et dans le m\u00eame document (.pdf), de quelques r\u00e9f\u00e9rences bibliographiques et d&rsquo;une bio-bibliographie de 5 lignes maximum. Elles seront adress\u00e9es \u00e0 Micha\u00ebl Bourgatte (<a href=\"m.bourgatte@icp.fr\">m.bourgatte@icp.fr<\/a>) au plus tard <strong>le\u00a0lundi\u00a04 avril<\/strong>. Le retour des \u00e9valuations se fera le\u00a0lundi\u00a025 avril.<\/p>\n<h2><strong>Informations g\u00e9n\u00e9rales<\/strong><\/h2>\n<ul>\n<li>Date limite d&rsquo;envoi des propositions (1500 signes espaces compris en .pdf avec r\u00e9f\u00e9rences bibliographiques et une courte biographie de 5 lignes)&#160;:\u00a0<strong>4 avril 2022.<\/strong><\/li>\n<li>Retour des \u00e9valuations&#160;:\u00a0<strong>25 avril 2022.<\/strong><\/li>\n<li>Colloque les\u00a0mercredi\u00a0<strong>1er<\/strong> et\u00a0<strong>jeudi 2 juin 2022<\/strong>\u00a0\u00e0 l&rsquo;Institut Catholique de Paris (74, rue de Vaugirard 75006 Paris).<\/li>\n<\/ul>\n<h2><strong>Rep\u00e8res bibliographiques\u00a0<\/strong><\/h2>\n<ul>\n<li>AMBROISE-RENDU, Anne-Claude, Peurs priv\u00e9es, angoisses publiques, Larousse, 2001.<\/li>\n<li>AMOSSY, Ruth, Apologie de la pol\u00e9mique. Paris&#160;: PUF, 2014.<\/li>\n<li>AUG\u00c9, Marc, Nouvelles peurs, Manuels Payot, 2013.<\/li>\n<li>BOLTANSKI, Luc (dir.), La souffrance \u00e0 distance. Morale humanitaire, m\u00e9dias et politique, Gallimard, 2007 (1993).<\/li>\n<li>CRETTIEZ, Xavier, Les formes de la violence, La d\u00e9couverte, 2008.<\/li>\n<li>DAYAN, Daniel (dir.), La terreur spectacle. Terrorisme et t\u00e9l\u00e9vision, De Boeck, 2006.<\/li>\n<li>GARCIN-MARROU, Isabelle, Des violences et des m\u00e9dias, L\u2019Harmattan, 2007.<\/li>\n<li>KALIFA, Dominique, L\u2019encre et le sang. R\u00e9cits de crimes et soci\u00e9t\u00e9 \u00e0 la Belle \u00c9poque, Fayard, 1995.<\/li>\n<li>LARDELLIER, Pascal, Violences m\u00e9diatiques. Contenus, dispositifs, effets, L\u2019Harmattan, \u00a02003.<\/li>\n<li>LEF\u00c9BURE, Pierre et S\u00c9CAIL, Claire, Le d\u00e9fi Charlie. Les m\u00e9dias \u00e0 l\u2019\u00e9preuve des attentats, Lemieux \u00c9diteur, 2016.<\/li>\n<li>MO\u00cfSE C., AUGER N., FRACCHIOLLA B., ROMAIN C., La Violence verbale. Espaces politiques et m\u00e9diatiques. Tome 1. Paris&#160;: L\u2019Harmattan, 2008.<\/li>\n<li>RIM\u00c9, Bernard, Le partage social des \u00e9motions, Quadrige PUF, 2005.<\/li>\n<li>S\u00c9CAIL, Claire, Le crime \u00e0 l\u2019\u00e9cran. Le fait divers criminel \u00e0 la t\u00e9l\u00e9vision fran\u00e7aise (1950-2010), Nouveau Monde \u00e9ditions, 2010.<\/li>\n<\/ul>\n<h2><strong>Composition du comit\u00e9 scientifique international<\/strong><\/h2>\n<ul>\n<li>Juliette Charbonneaux (Sorbonne Universit\u00e9, France)<\/li>\n<li>B\u00e9n\u00e9dicte Ch\u00e9ron (ICP, France)<\/li>\n<li>P\u00e9n\u00e9lope Daignault (Universit\u00e9 Laval, Qu\u00e9bec)<\/li>\n<li>Cl\u00e9lie Millner (ICP, France)<\/li>\n<li>Gabriela Motoi (Universit\u00e9 de Craiova, Roumanie)<\/li>\n<li>Luciana Radut-Gaghi (Cergy Paris Universit\u00e9, France)<\/li>\n<li>Micha\u00ebl Bourgatte (ICP, France)<\/li>\n<li>Baptiste Campion (UCLouvain, Belgique)<\/li>\n<li>Olivier Champagne-Poirier (Universit\u00e9 de Sherbrooke, Qu\u00e9bec)<\/li>\n<li>Gustavo Gomez Mejia (Universit\u00e9 de Tours, France)<\/li>\n<li>Romain Huet (Universit\u00e9 de Rennes 2, France)<\/li>\n<li>Laurent Tessier (ICP, France)<\/li>\n<\/ul>\n<h2><strong>Comit\u00e9 d\u2019organisation&#160;:\u00a0<\/strong><\/h2>\n<ul>\n<li>B\u00e9r\u00e9nice Mariau (ICP, France)<\/li>\n<li>Lucie Raymond (ICP, France)<\/li>\n<li>Ga\u00eblle Rony (ICP, France)<\/li>\n<li>Mathieu Bazin (ICP, France)<\/li>\n<li>Micha\u00ebl Bourgatte (ICP, France)<\/li>\n<\/ul><\/div>\n<div class=\"zn-singledetail-keywords\">\n<h3 class=\"zn-singledetail-section-title\">Mots-cl\u00e9s<\/h3>\n<ul class=\"termslist termslist-post_tag\">\n<li class=\"termslist-item termslist-title\"><span class=\"termslist-titletxt\">Mots-cl\u00e9s<\/span><span class=\"doubledot\"><\/span><\/li>\n<li class=\"termslist-item tax-post_tag term-medias\"><a class=\"termslist-itemlink\" href=\"https:\/\/www.sfsic.org\/en\/tag\/medias-en\/\" title=\"M\u00e9dias\"><span class=\"termslist-itemname\">M\u00e9dias<\/span><\/a><\/li>\n<li class=\"termslist-item tax-post_tag term-violence\"><a class=\"termslist-itemlink\" href=\"https:\/\/www.sfsic.org\/en\/tag\/violence\/\" title=\"Violence\"><span class=\"termslist-itemname\">Violence<\/span><\/a><\/li>\n<\/ul><\/div>\n<\/p><\/div>\n<\/p><\/div>\n<\/p><\/div>\n<\/p><\/div>\n<\/div>\n<p><!-- \/fxzn:singledetail --><\/p>\n","protected":false},"excerpt":{"rendered":"<p>Mis en ligne le 26 f\u00e9vrier 2022 Th\u00e9matiques Communication publique et politique Images, cin\u00e9ma, m\u00e9dias audiovisuels et industries culturelles M\u00e9dias et journalisme R\u00e9ponse attendue pour le 04\/04\/2022 Type de r\u00e9ponse [&hellip;]<\/p>\n","protected":false},"author":1171,"featured_media":0,"comment_status":"closed","ping_status":"closed","sticky":false,"template":"","format":"standard","meta":{"_acf_changed":false,"footnotes":""},"categories":[29,57],"tags":[390,459],"thematique":[36,35,34],"sfsic":[],"class_list":["post-22932","post","type-post","status-publish","format-standard","hentry","category-aac-evenement","category-colloque","tag-medias","tag-violence","thematique-communication-publique-et-politique","thematique-images-cinema-medias-audiovisuels-et-industries-culturelles","thematique-medias-et-journalisme","wp-sticky"],"acf":[],"yoast_head":"<!-- This site is optimized with the Yoast SEO plugin v27.4 - https:\/\/yoast.com\/product\/yoast-seo-wordpress\/ -->\n<title>Violences et M\u00e9dias<\/title>\n<meta name=\"description\" content=\"Appel \u00e0 communication pour un colloque international, sur le th\u00e8me &quot;Violences et m\u00e9dias&quot; organis\u00e9 par l&#039;Institut Catholique de Paris.\" \/>\n<meta name=\"robots\" content=\"index, follow, max-snippet:-1, max-image-preview:large, max-video-preview:-1\" \/>\n<link rel=\"canonical\" href=\"https:\/\/www.sfsic.org\/en\/aac-evenement\/violences-et-medias\/\" \/>\n<meta property=\"og:locale\" content=\"en_US\" \/>\n<meta property=\"og:type\" content=\"article\" \/>\n<meta property=\"og:title\" content=\"Violences et M\u00e9dias\" \/>\n<meta property=\"og:description\" content=\"Appel \u00e0 communication pour un colloque international, sur le th\u00e8me &quot;Violences et m\u00e9dias&quot; organis\u00e9 par l&#039;Institut Catholique de Paris.\" \/>\n<meta property=\"og:url\" content=\"https:\/\/www.sfsic.org\/en\/aac-evenement\/violences-et-medias\/\" \/>\n<meta property=\"og:site_name\" content=\"SFSIC\" \/>\n<meta property=\"article:published_time\" content=\"2022-02-28T17:21:05+00:00\" \/>\n<meta name=\"author\" content=\"Aboubacar Camara\" \/>\n<meta name=\"twitter:card\" content=\"summary_large_image\" \/>\n<script type=\"application\/ld+json\" class=\"yoast-schema-graph\">{\"@context\":\"https:\\\/\\\/schema.org\",\"@graph\":[{\"@type\":\"Article\",\"@id\":\"https:\\\/\\\/www.sfsic.org\\\/en\\\/aac-evenement\\\/violences-et-medias\\\/#article\",\"isPartOf\":{\"@id\":\"https:\\\/\\\/www.sfsic.org\\\/en\\\/aac-evenement\\\/violences-et-medias\\\/\"},\"author\":{\"name\":\"Aboubacar Camara\",\"@id\":\"https:\\\/\\\/www.sfsic.org\\\/en\\\/#\\\/schema\\\/person\\\/375f02dfefa3d9546d5ffeeef01352b8\"},\"headline\":\"Violences et M\u00e9dias\",\"datePublished\":\"2022-02-28T17:21:05+00:00\",\"mainEntityOfPage\":{\"@id\":\"https:\\\/\\\/www.sfsic.org\\\/en\\\/aac-evenement\\\/violences-et-medias\\\/\"},\"wordCount\":1088,\"publisher\":{\"@id\":\"https:\\\/\\\/www.sfsic.org\\\/en\\\/#organization\"},\"keywords\":[\"M\u00e9dias\",\"Violence\"],\"articleSection\":[\"AAC \u00c9v\u00e9nement\",\"Colloque\"],\"inLanguage\":\"en-US\"},{\"@type\":\"WebPage\",\"@id\":\"https:\\\/\\\/www.sfsic.org\\\/en\\\/aac-evenement\\\/violences-et-medias\\\/\",\"url\":\"https:\\\/\\\/www.sfsic.org\\\/en\\\/aac-evenement\\\/violences-et-medias\\\/\",\"name\":\"Violences et M\u00e9dias\",\"isPartOf\":{\"@id\":\"https:\\\/\\\/www.sfsic.org\\\/en\\\/#website\"},\"datePublished\":\"2022-02-28T17:21:05+00:00\",\"description\":\"Appel \u00e0 communication pour un colloque international, sur le th\u00e8me \\\"Violences et m\u00e9dias\\\" organis\u00e9 par l'Institut Catholique de Paris.\",\"breadcrumb\":{\"@id\":\"https:\\\/\\\/www.sfsic.org\\\/en\\\/aac-evenement\\\/violences-et-medias\\\/#breadcrumb\"},\"inLanguage\":\"en-US\",\"potentialAction\":[{\"@type\":\"ReadAction\",\"target\":[\"https:\\\/\\\/www.sfsic.org\\\/en\\\/aac-evenement\\\/violences-et-medias\\\/\"]}]},{\"@type\":\"BreadcrumbList\",\"@id\":\"https:\\\/\\\/www.sfsic.org\\\/en\\\/aac-evenement\\\/violences-et-medias\\\/#breadcrumb\",\"itemListElement\":[{\"@type\":\"ListItem\",\"position\":1,\"name\":\"Accueil\",\"item\":\"https:\\\/\\\/www.sfsic.org\\\/en\\\/\"},{\"@type\":\"ListItem\",\"position\":2,\"name\":\"Calls for Contributions\",\"item\":\"https:\\\/\\\/www.sfsic.org\\\/en\\\/cfc-event\\\/\"},{\"@type\":\"ListItem\",\"position\":3,\"name\":\"Conference\",\"item\":\"https:\\\/\\\/www.sfsic.org\\\/en\\\/cfc-event\\\/conference\\\/\"},{\"@type\":\"ListItem\",\"position\":4,\"name\":\"Violences et M\u00e9dias\"}]},{\"@type\":\"WebSite\",\"@id\":\"https:\\\/\\\/www.sfsic.org\\\/en\\\/#website\",\"url\":\"https:\\\/\\\/www.sfsic.org\\\/en\\\/\",\"name\":\"SFSIC\",\"description\":\"Soci\u00e9t\u00e9 Fran\u00e7aise des Sciences de l&#039;Information &amp; de la Communication\",\"publisher\":{\"@id\":\"https:\\\/\\\/www.sfsic.org\\\/en\\\/#organization\"},\"potentialAction\":[{\"@type\":\"SearchAction\",\"target\":{\"@type\":\"EntryPoint\",\"urlTemplate\":\"https:\\\/\\\/www.sfsic.org\\\/en\\\/?s={search_term_string}\"},\"query-input\":{\"@type\":\"PropertyValueSpecification\",\"valueRequired\":true,\"valueName\":\"search_term_string\"}}],\"inLanguage\":\"en-US\"},{\"@type\":\"Organization\",\"@id\":\"https:\\\/\\\/www.sfsic.org\\\/en\\\/#organization\",\"name\":\"SFSIC\",\"url\":\"https:\\\/\\\/www.sfsic.org\\\/en\\\/\",\"logo\":{\"@type\":\"ImageObject\",\"inLanguage\":\"en-US\",\"@id\":\"https:\\\/\\\/www.sfsic.org\\\/en\\\/#\\\/schema\\\/logo\\\/image\\\/\",\"url\":\"https:\\\/\\\/www.sfsic.org\\\/wp-inside\\\/uploads\\\/2020\\\/05\\\/logo-sfsic.jpg\",\"contentUrl\":\"https:\\\/\\\/www.sfsic.org\\\/wp-inside\\\/uploads\\\/2020\\\/05\\\/logo-sfsic.jpg\",\"width\":1085,\"height\":1080,\"caption\":\"SFSIC\"},\"image\":{\"@id\":\"https:\\\/\\\/www.sfsic.org\\\/en\\\/#\\\/schema\\\/logo\\\/image\\\/\"}},{\"@type\":\"Person\",\"@id\":\"https:\\\/\\\/www.sfsic.org\\\/en\\\/#\\\/schema\\\/person\\\/375f02dfefa3d9546d5ffeeef01352b8\",\"name\":\"Aboubacar Camara\",\"image\":{\"@type\":\"ImageObject\",\"inLanguage\":\"en-US\",\"@id\":\"https:\\\/\\\/secure.gravatar.com\\\/avatar\\\/9aaeac278c0bb75289c9d4700756b0a5ed858cdd2136009b59a07a8bca730292?s=96&d=mm&r=g\",\"url\":\"https:\\\/\\\/secure.gravatar.com\\\/avatar\\\/9aaeac278c0bb75289c9d4700756b0a5ed858cdd2136009b59a07a8bca730292?s=96&d=mm&r=g\",\"contentUrl\":\"https:\\\/\\\/secure.gravatar.com\\\/avatar\\\/9aaeac278c0bb75289c9d4700756b0a5ed858cdd2136009b59a07a8bca730292?s=96&d=mm&r=g\",\"caption\":\"Aboubacar Camara\"}}]}<\/script>\n<!-- \/ Yoast SEO plugin. -->","yoast_head_json":{"title":"Violences et M\u00e9dias","description":"Appel \u00e0 communication pour un colloque international, sur le th\u00e8me \"Violences et m\u00e9dias\" organis\u00e9 par l'Institut Catholique de Paris.","robots":{"index":"index","follow":"follow","max-snippet":"max-snippet:-1","max-image-preview":"max-image-preview:large","max-video-preview":"max-video-preview:-1"},"canonical":"https:\/\/www.sfsic.org\/en\/aac-evenement\/violences-et-medias\/","og_locale":"en_US","og_type":"article","og_title":"Violences et M\u00e9dias","og_description":"Appel \u00e0 communication pour un colloque international, sur le th\u00e8me \"Violences et m\u00e9dias\" organis\u00e9 par l'Institut Catholique de Paris.","og_url":"https:\/\/www.sfsic.org\/en\/aac-evenement\/violences-et-medias\/","og_site_name":"SFSIC","article_published_time":"2022-02-28T17:21:05+00:00","author":"Aboubacar Camara","twitter_card":"summary_large_image","schema":{"@context":"https:\/\/schema.org","@graph":[{"@type":"Article","@id":"https:\/\/www.sfsic.org\/en\/aac-evenement\/violences-et-medias\/#article","isPartOf":{"@id":"https:\/\/www.sfsic.org\/en\/aac-evenement\/violences-et-medias\/"},"author":{"name":"Aboubacar Camara","@id":"https:\/\/www.sfsic.org\/en\/#\/schema\/person\/375f02dfefa3d9546d5ffeeef01352b8"},"headline":"Violences et M\u00e9dias","datePublished":"2022-02-28T17:21:05+00:00","mainEntityOfPage":{"@id":"https:\/\/www.sfsic.org\/en\/aac-evenement\/violences-et-medias\/"},"wordCount":1088,"publisher":{"@id":"https:\/\/www.sfsic.org\/en\/#organization"},"keywords":["M\u00e9dias","Violence"],"articleSection":["AAC \u00c9v\u00e9nement","Colloque"],"inLanguage":"en-US"},{"@type":"WebPage","@id":"https:\/\/www.sfsic.org\/en\/aac-evenement\/violences-et-medias\/","url":"https:\/\/www.sfsic.org\/en\/aac-evenement\/violences-et-medias\/","name":"Violences et M\u00e9dias","isPartOf":{"@id":"https:\/\/www.sfsic.org\/en\/#website"},"datePublished":"2022-02-28T17:21:05+00:00","description":"Appel \u00e0 communication pour un colloque international, sur le th\u00e8me \"Violences et m\u00e9dias\" organis\u00e9 par l'Institut Catholique de Paris.","breadcrumb":{"@id":"https:\/\/www.sfsic.org\/en\/aac-evenement\/violences-et-medias\/#breadcrumb"},"inLanguage":"en-US","potentialAction":[{"@type":"ReadAction","target":["https:\/\/www.sfsic.org\/en\/aac-evenement\/violences-et-medias\/"]}]},{"@type":"BreadcrumbList","@id":"https:\/\/www.sfsic.org\/en\/aac-evenement\/violences-et-medias\/#breadcrumb","itemListElement":[{"@type":"ListItem","position":1,"name":"Accueil","item":"https:\/\/www.sfsic.org\/en\/"},{"@type":"ListItem","position":2,"name":"Calls for Contributions","item":"https:\/\/www.sfsic.org\/en\/cfc-event\/"},{"@type":"ListItem","position":3,"name":"Conference","item":"https:\/\/www.sfsic.org\/en\/cfc-event\/conference\/"},{"@type":"ListItem","position":4,"name":"Violences et M\u00e9dias"}]},{"@type":"WebSite","@id":"https:\/\/www.sfsic.org\/en\/#website","url":"https:\/\/www.sfsic.org\/en\/","name":"SFSIC","description":"Soci\u00e9t\u00e9 Fran\u00e7aise des Sciences de l&#039;Information &amp; de la Communication","publisher":{"@id":"https:\/\/www.sfsic.org\/en\/#organization"},"potentialAction":[{"@type":"SearchAction","target":{"@type":"EntryPoint","urlTemplate":"https:\/\/www.sfsic.org\/en\/?s={search_term_string}"},"query-input":{"@type":"PropertyValueSpecification","valueRequired":true,"valueName":"search_term_string"}}],"inLanguage":"en-US"},{"@type":"Organization","@id":"https:\/\/www.sfsic.org\/en\/#organization","name":"SFSIC","url":"https:\/\/www.sfsic.org\/en\/","logo":{"@type":"ImageObject","inLanguage":"en-US","@id":"https:\/\/www.sfsic.org\/en\/#\/schema\/logo\/image\/","url":"https:\/\/www.sfsic.org\/wp-inside\/uploads\/2020\/05\/logo-sfsic.jpg","contentUrl":"https:\/\/www.sfsic.org\/wp-inside\/uploads\/2020\/05\/logo-sfsic.jpg","width":1085,"height":1080,"caption":"SFSIC"},"image":{"@id":"https:\/\/www.sfsic.org\/en\/#\/schema\/logo\/image\/"}},{"@type":"Person","@id":"https:\/\/www.sfsic.org\/en\/#\/schema\/person\/375f02dfefa3d9546d5ffeeef01352b8","name":"Aboubacar Camara","image":{"@type":"ImageObject","inLanguage":"en-US","@id":"https:\/\/secure.gravatar.com\/avatar\/9aaeac278c0bb75289c9d4700756b0a5ed858cdd2136009b59a07a8bca730292?s=96&d=mm&r=g","url":"https:\/\/secure.gravatar.com\/avatar\/9aaeac278c0bb75289c9d4700756b0a5ed858cdd2136009b59a07a8bca730292?s=96&d=mm&r=g","contentUrl":"https:\/\/secure.gravatar.com\/avatar\/9aaeac278c0bb75289c9d4700756b0a5ed858cdd2136009b59a07a8bca730292?s=96&d=mm&r=g","caption":"Aboubacar Camara"}}]}},"_links":{"self":[{"href":"https:\/\/www.sfsic.org\/en\/wp-json\/wp\/v2\/posts\/22932","targetHints":{"allow":["GET"]}}],"collection":[{"href":"https:\/\/www.sfsic.org\/en\/wp-json\/wp\/v2\/posts"}],"about":[{"href":"https:\/\/www.sfsic.org\/en\/wp-json\/wp\/v2\/types\/post"}],"author":[{"embeddable":true,"href":"https:\/\/www.sfsic.org\/en\/wp-json\/wp\/v2\/users\/1171"}],"replies":[{"embeddable":true,"href":"https:\/\/www.sfsic.org\/en\/wp-json\/wp\/v2\/comments?post=22932"}],"version-history":[{"count":3,"href":"https:\/\/www.sfsic.org\/en\/wp-json\/wp\/v2\/posts\/22932\/revisions"}],"predecessor-version":[{"id":23815,"href":"https:\/\/www.sfsic.org\/en\/wp-json\/wp\/v2\/posts\/22932\/revisions\/23815"}],"wp:attachment":[{"href":"https:\/\/www.sfsic.org\/en\/wp-json\/wp\/v2\/media?parent=22932"}],"wp:term":[{"taxonomy":"category","embeddable":true,"href":"https:\/\/www.sfsic.org\/en\/wp-json\/wp\/v2\/categories?post=22932"},{"taxonomy":"post_tag","embeddable":true,"href":"https:\/\/www.sfsic.org\/en\/wp-json\/wp\/v2\/tags?post=22932"},{"taxonomy":"thematique","embeddable":true,"href":"https:\/\/www.sfsic.org\/en\/wp-json\/wp\/v2\/thematique?post=22932"},{"taxonomy":"sfsic","embeddable":true,"href":"https:\/\/www.sfsic.org\/en\/wp-json\/wp\/v2\/sfsic?post=22932"}],"curies":[{"name":"wp","href":"https:\/\/api.w.org\/{rel}","templated":true}]}}