{"id":22888,"date":"2022-02-20T09:10:33","date_gmt":"2022-02-20T08:10:33","guid":{"rendered":"https:\/\/www.sfsic.org\/?p=22888"},"modified":"2022-02-20T09:10:33","modified_gmt":"2022-02-20T08:10:33","slug":"une-communication-publique-et-territoriale-pour-le-maghreb","status":"publish","type":"post","link":"https:\/\/www.sfsic.org\/en\/publication\/une-communication-publique-et-territoriale-pour-le-maghreb\/","title":{"rendered":"Une communication publique et territoriale pour le Maghreb"},"content":{"rendered":"<p><!-- fxzn:singledetail --><\/p>\n<div class=\"zone zn-singledetail\" id=\"fxzn-singledetail-1\">\n<div class=\"zone-block zn-singledetail-block alignwide va-top\">\n<div class=\"row\">\n<div class=\"columns large-8 large-push-4\">\n<div class=\"zn-singledetail-metabox\">\n<div class=\"zn-singledetail-pubdate pubdate\">\n\t\t\t\t\t<span class=\"pubdate-txt\">Mis en ligne le<\/span><span class=\"doubledot\"><\/span> 20 f\u00e9vrier 2022\t\t\t\t<\/div>\n<div class=\"zn-singledetail-thematiques with-sep-comma\">\n<ul class=\"termslist termslist-thematique\">\n<li class=\"termslist-item termslist-title\"><span class=\"termslist-titletxt\">Th\u00e9matiques<\/span><span class=\"doubledot\"><\/span><\/li>\n<li class=\"termslist-item tax-thematique term-communication-publique-et-politique\"><a class=\"termslist-itemlink\" href=\"https:\/\/www.sfsic.org\/thematiques\/communication-publique-et-politique\/\" title=\"Communication publique et politique\"><span class=\"termslist-itemname\">Communication publique et politique<\/span><\/a><\/li>\n<li class=\"termslist-item tax-thematique term-mediations-memorielles-culturelles-et-patrimoniales\"><a class=\"termslist-itemlink\" href=\"https:\/\/www.sfsic.org\/thematiques\/mediations-memorielles-culturelles-et-patrimoniales\/\" title=\"M\u00e9diations m\u00e9morielles, culturelles et patrimoniales\"><span class=\"termslist-itemname\">M\u00e9diations m\u00e9morielles, culturelles et patrimoniales<\/span><\/a><\/li>\n<li class=\"termslist-item tax-thematique term-numerique-strategies-dispositifs-et-usages\"><a class=\"termslist-itemlink\" href=\"https:\/\/www.sfsic.org\/thematiques\/numerique-strategies-dispositifs-et-usages\/\" title=\"Num\u00e9rique : strat\u00e9gies, dispositifs et usages\"><span class=\"termslist-itemname\">Num\u00e9rique : strat\u00e9gies, dispositifs et usages<\/span><\/a><\/li>\n<\/ul><\/div>\n<\/p><\/div>\n<\/p><\/div>\n<\/p><\/div>\n<div class=\"row\">\n<div class=\"columns large-4\">\n<div class=\"zn-singledetail-sidebar bg-cornersquares\">\n<div class=\"zn-singledetail-infos\">\n<p class=\"zn-singledetail-type\">\n\t\t\t\t\t\t\t<span>Type de publication<\/span><span class=\"doubledot\"><\/span> <strong>Actes<\/strong>\n\t\t\t\t\t<\/p>\n<p class=\"zn-singledetail-edition\">\n\t\t\t\t\t\t\t<span>\u00c9dition<\/span><span class=\"doubledot\"><\/span> <strong>\u00c9ditions L&#8217;Harmattan<\/strong>\n\t\t\t\t\t<\/p>\n<\/p><\/div>\n<div class=\"zn-singledetail-coordinators\">\n<h3 class=\"zn-singledetail-section-title\">Coordinateur(s) \/ Auteur(s)<\/h3>\n<ul class=\"zn-singledetail-coordinators-list\">\n<li class=\"zn-singledetail-coordinators-item\">\n\t\t\t\t\t\t\t<span>Nacer <\/span> <span>Aoudia<\/span>\t\t\t\t\t\t\t\t\t\t\t\t\t<\/li>\n<li class=\"zn-singledetail-coordinators-item\">\n\t\t\t\t\t\t\t<span>Vincent<\/span> <span>Meyer<\/span>\t\t\t\t\t\t\t\t\t\t\t\t\t<\/li>\n<li class=\"zn-singledetail-coordinators-item\">\n\t\t\t\t\t\t\t<span>A\u00efssa <\/span> <span>Merah<\/span>\t\t\t\t\t\t\t\t\t\t\t\t\t<\/li>\n<\/ul><\/div>\n<div class=\"zn-singledetail-weblinks\">\n<h3 class=\"zn-singledetail-section-title\">Sites internet de r\u00e9f\u00e9rence<\/h3>\n<ul class=\"zn-singledetail-weblinks-list\">\n<li>\n\t\t\t\t\t\t\t<a class=\"prettylink chainlink\" href=\"https:\/\/www.editions-harmattan.fr\/livre-une_communication_publique_et_territoriale_pour_le_maghreb_nacer_aoudia_vincent_meyer_aissa_merah-9782343254258-72506.html\" title=\"\u00c9ditions L'Harmattan\" target=\"_blank\" rel=\"noopener\">\u00c9ditions L&#8217;Harmattan<\/a>\n\t\t\t\t\t\t<\/li>\n<\/ul><\/div>\n<\/p><\/div>\n<\/p><\/div>\n<div class=\"columns large-8\">\n<div class=\"zn-singledetail-contentbox\">\n<div class=\"zn-singledetail-annonce wig-content\">\n<p><img decoding=\"async\" loading=\"lazy\" class=\"size-medium wp-image-22889 aligncenter\" src=\"https:\/\/www.sfsic.org\/wp-inside\/uploads\/2022\/02\/une-communication-publique-et-territoriale-pour-le-maghreb-199x300.jpg\" alt=\"\" width=\"199\" height=\"300\" srcset=\"https:\/\/www.sfsic.org\/wp-inside\/uploads\/2022\/02\/une-communication-publique-et-territoriale-pour-le-maghreb-199x300.jpg 199w, https:\/\/www.sfsic.org\/wp-inside\/uploads\/2022\/02\/une-communication-publique-et-territoriale-pour-le-maghreb-681x1024.jpg 681w, https:\/\/www.sfsic.org\/wp-inside\/uploads\/2022\/02\/une-communication-publique-et-territoriale-pour-le-maghreb-768x1155.jpg 768w, https:\/\/www.sfsic.org\/wp-inside\/uploads\/2022\/02\/une-communication-publique-et-territoriale-pour-le-maghreb-213x320.jpg 213w, https:\/\/www.sfsic.org\/wp-inside\/uploads\/2022\/02\/une-communication-publique-et-territoriale-pour-le-maghreb-200x301.jpg 200w, https:\/\/www.sfsic.org\/wp-inside\/uploads\/2022\/02\/une-communication-publique-et-territoriale-pour-le-maghreb.jpg 774w\" sizes=\"auto, (max-width: 199px) 100vw, 199px\" \/><\/p>\n<p>&nbsp;<\/p>\n<p>Ce livre marque une \u00e9tape importante dans la consolidation au Maghreb d&rsquo;un champ de recherche en communication des organisations&#160;: la communication publique et territoriale. Les chapitres t\u00e9moignent de l&rsquo;engouement des chercheurs \u00e0 promouvoir l&rsquo;information des citoyens, le marketing territorial, la transition digitale et la valorisation du patrimoine. Ils signalent aussi les formes de professionnalisation du m\u00e9tier de la communication et de participation des parties prenantes d&rsquo;un territoire. Ces \u00e9tudes de cas peuvent aider les acteurs territoriaux au Maghreb \u00e0 redynamiser, via une communication organisationnelle, les politiques publiques de d\u00e9veloppement territorial.<\/p>\n<\/p><\/div>\n<div class=\"zn-singledetail-keywords\">\n<h3 class=\"zn-singledetail-section-title\">Mots-cl\u00e9s<\/h3>\n<ul class=\"termslist termslist-post_tag\">\n<li class=\"termslist-item termslist-title\"><span class=\"termslist-titletxt\">Mots-cl\u00e9s<\/span><span class=\"doubledot\"><\/span><\/li>\n<li class=\"termslist-item tax-post_tag term-communication-publique\"><a class=\"termslist-itemlink\" href=\"https:\/\/www.sfsic.org\/tag\/communication-publique\/\" title=\"Communication publique\"><span class=\"termslist-itemname\">Communication publique<\/span><\/a><\/li>\n<li class=\"termslist-item tax-post_tag term-maghreb\"><a class=\"termslist-itemlink\" href=\"https:\/\/www.sfsic.org\/tag\/maghreb\/\" title=\"Maghreb\"><span class=\"termslist-itemname\">Maghreb<\/span><\/a><\/li>\n<li class=\"termslist-item tax-post_tag term-patrimoine\"><a class=\"termslist-itemlink\" href=\"https:\/\/www.sfsic.org\/tag\/patrimoine\/\" title=\"Patrimoine\"><span class=\"termslist-itemname\">Patrimoine<\/span><\/a><\/li>\n<li class=\"termslist-item tax-post_tag term-territoire\"><a class=\"termslist-itemlink\" href=\"https:\/\/www.sfsic.org\/tag\/territoire\/\" title=\"Territoire\"><span class=\"termslist-itemname\">Territoire<\/span><\/a><\/li>\n<\/ul><\/div>\n<\/p><\/div>\n<\/p><\/div>\n<\/p><\/div>\n<\/p><\/div>\n<\/div>\n<p><!-- \/fxzn:singledetail --><\/p>\n","protected":false},"excerpt":{"rendered":"<p>Mis en ligne le 20 f\u00e9vrier 2022 Th\u00e9matiques Communication publique et politique M\u00e9diations m\u00e9morielles, culturelles et patrimoniales Num\u00e9rique : strat\u00e9gies, dispositifs et usages Type de publication Actes \u00c9dition \u00c9ditions L&#8217;Harmattan [&hellip;]<\/p>\n","protected":false},"author":781,"featured_media":0,"comment_status":"closed","ping_status":"closed","sticky":false,"template":"","format":"standard","meta":{"_acf_changed":false,"footnotes":""},"categories":[70,31],"tags":[308,454,193,78],"thematique":[36,38,39],"sfsic":[],"class_list":["post-22888","post","type-post","status-publish","format-standard","hentry","category-numero-revue","category-publication","tag-communication-publique","tag-maghreb","tag-patrimoine","tag-territoire","thematique-communication-publique-et-politique","thematique-mediations-memorielles-culturelles-et-patrimoniales","thematique-numerique-strategies-dispositifs-et-usages","wp-sticky"],"acf":[],"yoast_head":"<!-- This site is optimized with the Yoast SEO plugin v27.4 - https:\/\/yoast.com\/product\/yoast-seo-wordpress\/ -->\n<title>Une communication publique et territoriale pour le Maghreb<\/title>\n<meta name=\"description\" content=\"L&#039;ouvrage coordonn\u00e9 par Nacer Aoudia, Vincent Meyer, A\u00efssa Merah et traitant de la th\u00e9matique &quot;Une communication publique et territoriale pour le Maghreb&quot; est paru aux \u00e9ditions L&#039;Harmattan.\" \/>\n<meta name=\"robots\" content=\"index, follow, max-snippet:-1, max-image-preview:large, max-video-preview:-1\" \/>\n<link rel=\"canonical\" href=\"https:\/\/www.sfsic.org\/en\/publication\/une-communication-publique-et-territoriale-pour-le-maghreb\/\" \/>\n<meta property=\"og:locale\" content=\"en_US\" \/>\n<meta property=\"og:type\" content=\"article\" \/>\n<meta property=\"og:title\" content=\"Une communication publique et territoriale pour le Maghreb\" \/>\n<meta property=\"og:description\" content=\"L&#039;ouvrage coordonn\u00e9 par Nacer Aoudia, Vincent Meyer, A\u00efssa Merah et traitant de la th\u00e9matique &quot;Une communication publique et territoriale pour le Maghreb&quot; est paru aux \u00e9ditions L&#039;Harmattan.\" \/>\n<meta property=\"og:url\" content=\"https:\/\/www.sfsic.org\/en\/publication\/une-communication-publique-et-territoriale-pour-le-maghreb\/\" \/>\n<meta property=\"og:site_name\" content=\"SFSIC\" \/>\n<meta property=\"article:published_time\" content=\"2022-02-20T08:10:33+00:00\" \/>\n<meta property=\"og:image\" content=\"https:\/\/www.sfsic.org\/wp-inside\/uploads\/2022\/02\/une-communication-publique-et-territoriale-pour-le-maghreb-199x300.jpg\" \/>\n<meta name=\"author\" content=\"Axelle Martin\" \/>\n<meta name=\"twitter:card\" content=\"summary_large_image\" \/>\n<script type=\"application\/ld+json\" class=\"yoast-schema-graph\">{\"@context\":\"https:\\\/\\\/schema.org\",\"@graph\":[{\"@type\":\"Article\",\"@id\":\"https:\\\/\\\/www.sfsic.org\\\/en\\\/publication\\\/une-communication-publique-et-territoriale-pour-le-maghreb\\\/#article\",\"isPartOf\":{\"@id\":\"https:\\\/\\\/www.sfsic.org\\\/en\\\/publication\\\/une-communication-publique-et-territoriale-pour-le-maghreb\\\/\"},\"author\":{\"name\":\"Axelle Martin\",\"@id\":\"https:\\\/\\\/www.sfsic.org\\\/en\\\/#\\\/schema\\\/person\\\/d3606993477708f4359fb9aeda58df3b\"},\"headline\":\"Une communication publique et territoriale pour le Maghreb\",\"datePublished\":\"2022-02-20T08:10:33+00:00\",\"mainEntityOfPage\":{\"@id\":\"https:\\\/\\\/www.sfsic.org\\\/en\\\/publication\\\/une-communication-publique-et-territoriale-pour-le-maghreb\\\/\"},\"wordCount\":169,\"publisher\":{\"@id\":\"https:\\\/\\\/www.sfsic.org\\\/en\\\/#organization\"},\"image\":{\"@id\":\"https:\\\/\\\/www.sfsic.org\\\/en\\\/publication\\\/une-communication-publique-et-territoriale-pour-le-maghreb\\\/#primaryimage\"},\"thumbnailUrl\":\"https:\\\/\\\/www.sfsic.org\\\/wp-inside\\\/uploads\\\/2022\\\/02\\\/une-communication-publique-et-territoriale-pour-le-maghreb-199x300.jpg\",\"keywords\":[\"Communication publique\",\"Maghreb\",\"Patrimoine\",\"Territoire\"],\"articleSection\":[\"Num\u00e9ro de revue\",\"Publications\"],\"inLanguage\":\"en-US\"},{\"@type\":\"WebPage\",\"@id\":\"https:\\\/\\\/www.sfsic.org\\\/en\\\/publication\\\/une-communication-publique-et-territoriale-pour-le-maghreb\\\/\",\"url\":\"https:\\\/\\\/www.sfsic.org\\\/en\\\/publication\\\/une-communication-publique-et-territoriale-pour-le-maghreb\\\/\",\"name\":\"Une communication publique et territoriale pour le Maghreb\",\"isPartOf\":{\"@id\":\"https:\\\/\\\/www.sfsic.org\\\/en\\\/#website\"},\"primaryImageOfPage\":{\"@id\":\"https:\\\/\\\/www.sfsic.org\\\/en\\\/publication\\\/une-communication-publique-et-territoriale-pour-le-maghreb\\\/#primaryimage\"},\"image\":{\"@id\":\"https:\\\/\\\/www.sfsic.org\\\/en\\\/publication\\\/une-communication-publique-et-territoriale-pour-le-maghreb\\\/#primaryimage\"},\"thumbnailUrl\":\"https:\\\/\\\/www.sfsic.org\\\/wp-inside\\\/uploads\\\/2022\\\/02\\\/une-communication-publique-et-territoriale-pour-le-maghreb-199x300.jpg\",\"datePublished\":\"2022-02-20T08:10:33+00:00\",\"description\":\"L'ouvrage coordonn\u00e9 par Nacer Aoudia, Vincent Meyer, A\u00efssa Merah et traitant de la th\u00e9matique \\\"Une communication publique et territoriale pour le Maghreb\\\" est paru aux \u00e9ditions L'Harmattan.\",\"breadcrumb\":{\"@id\":\"https:\\\/\\\/www.sfsic.org\\\/en\\\/publication\\\/une-communication-publique-et-territoriale-pour-le-maghreb\\\/#breadcrumb\"},\"inLanguage\":\"en-US\",\"potentialAction\":[{\"@type\":\"ReadAction\",\"target\":[\"https:\\\/\\\/www.sfsic.org\\\/en\\\/publication\\\/une-communication-publique-et-territoriale-pour-le-maghreb\\\/\"]}]},{\"@type\":\"ImageObject\",\"inLanguage\":\"en-US\",\"@id\":\"https:\\\/\\\/www.sfsic.org\\\/en\\\/publication\\\/une-communication-publique-et-territoriale-pour-le-maghreb\\\/#primaryimage\",\"url\":\"https:\\\/\\\/www.sfsic.org\\\/wp-inside\\\/uploads\\\/2022\\\/02\\\/une-communication-publique-et-territoriale-pour-le-maghreb-199x300.jpg\",\"contentUrl\":\"https:\\\/\\\/www.sfsic.org\\\/wp-inside\\\/uploads\\\/2022\\\/02\\\/une-communication-publique-et-territoriale-pour-le-maghreb-199x300.jpg\"},{\"@type\":\"BreadcrumbList\",\"@id\":\"https:\\\/\\\/www.sfsic.org\\\/en\\\/publication\\\/une-communication-publique-et-territoriale-pour-le-maghreb\\\/#breadcrumb\",\"itemListElement\":[{\"@type\":\"ListItem\",\"position\":1,\"name\":\"Accueil\",\"item\":\"https:\\\/\\\/www.sfsic.org\\\/en\\\/\"},{\"@type\":\"ListItem\",\"position\":2,\"name\":\"Publications\",\"item\":\"https:\\\/\\\/www.sfsic.org\\\/en\\\/publication-en\\\/\"},{\"@type\":\"ListItem\",\"position\":3,\"name\":\"Journal issue\",\"item\":\"https:\\\/\\\/www.sfsic.org\\\/en\\\/publication-en\\\/journal-issue\\\/\"},{\"@type\":\"ListItem\",\"position\":4,\"name\":\"Une communication publique et territoriale pour le Maghreb\"}]},{\"@type\":\"WebSite\",\"@id\":\"https:\\\/\\\/www.sfsic.org\\\/en\\\/#website\",\"url\":\"https:\\\/\\\/www.sfsic.org\\\/en\\\/\",\"name\":\"SFSIC\",\"description\":\"Soci\u00e9t\u00e9 Fran\u00e7aise des Sciences de l&#039;Information &amp; de la Communication\",\"publisher\":{\"@id\":\"https:\\\/\\\/www.sfsic.org\\\/en\\\/#organization\"},\"potentialAction\":[{\"@type\":\"SearchAction\",\"target\":{\"@type\":\"EntryPoint\",\"urlTemplate\":\"https:\\\/\\\/www.sfsic.org\\\/en\\\/?s={search_term_string}\"},\"query-input\":{\"@type\":\"PropertyValueSpecification\",\"valueRequired\":true,\"valueName\":\"search_term_string\"}}],\"inLanguage\":\"en-US\"},{\"@type\":\"Organization\",\"@id\":\"https:\\\/\\\/www.sfsic.org\\\/en\\\/#organization\",\"name\":\"SFSIC\",\"url\":\"https:\\\/\\\/www.sfsic.org\\\/en\\\/\",\"logo\":{\"@type\":\"ImageObject\",\"inLanguage\":\"en-US\",\"@id\":\"https:\\\/\\\/www.sfsic.org\\\/en\\\/#\\\/schema\\\/logo\\\/image\\\/\",\"url\":\"https:\\\/\\\/www.sfsic.org\\\/wp-inside\\\/uploads\\\/2020\\\/05\\\/logo-sfsic.jpg\",\"contentUrl\":\"https:\\\/\\\/www.sfsic.org\\\/wp-inside\\\/uploads\\\/2020\\\/05\\\/logo-sfsic.jpg\",\"width\":1085,\"height\":1080,\"caption\":\"SFSIC\"},\"image\":{\"@id\":\"https:\\\/\\\/www.sfsic.org\\\/en\\\/#\\\/schema\\\/logo\\\/image\\\/\"}},{\"@type\":\"Person\",\"@id\":\"https:\\\/\\\/www.sfsic.org\\\/en\\\/#\\\/schema\\\/person\\\/d3606993477708f4359fb9aeda58df3b\",\"name\":\"Axelle Martin\",\"image\":{\"@type\":\"ImageObject\",\"inLanguage\":\"en-US\",\"@id\":\"https:\\\/\\\/secure.gravatar.com\\\/avatar\\\/1065035eb5e480668fbf77e163c2e86f81ac342eaad4c8783acdf4a63f3c917b?s=96&d=mm&r=g\",\"url\":\"https:\\\/\\\/secure.gravatar.com\\\/avatar\\\/1065035eb5e480668fbf77e163c2e86f81ac342eaad4c8783acdf4a63f3c917b?s=96&d=mm&r=g\",\"contentUrl\":\"https:\\\/\\\/secure.gravatar.com\\\/avatar\\\/1065035eb5e480668fbf77e163c2e86f81ac342eaad4c8783acdf4a63f3c917b?s=96&d=mm&r=g\",\"caption\":\"Axelle Martin\"},\"sameAs\":[\"@antropocominside\"]}]}<\/script>\n<!-- \/ Yoast SEO plugin. -->","yoast_head_json":{"title":"Une communication publique et territoriale pour le Maghreb","description":"L'ouvrage coordonn\u00e9 par Nacer Aoudia, Vincent Meyer, A\u00efssa Merah et traitant de la th\u00e9matique \"Une communication publique et territoriale pour le Maghreb\" est paru aux \u00e9ditions L'Harmattan.","robots":{"index":"index","follow":"follow","max-snippet":"max-snippet:-1","max-image-preview":"max-image-preview:large","max-video-preview":"max-video-preview:-1"},"canonical":"https:\/\/www.sfsic.org\/en\/publication\/une-communication-publique-et-territoriale-pour-le-maghreb\/","og_locale":"en_US","og_type":"article","og_title":"Une communication publique et territoriale pour le Maghreb","og_description":"L'ouvrage coordonn\u00e9 par Nacer Aoudia, Vincent Meyer, A\u00efssa Merah et traitant de la th\u00e9matique \"Une communication publique et territoriale pour le Maghreb\" est paru aux \u00e9ditions L'Harmattan.","og_url":"https:\/\/www.sfsic.org\/en\/publication\/une-communication-publique-et-territoriale-pour-le-maghreb\/","og_site_name":"SFSIC","article_published_time":"2022-02-20T08:10:33+00:00","og_image":[{"url":"https:\/\/www.sfsic.org\/wp-inside\/uploads\/2022\/02\/une-communication-publique-et-territoriale-pour-le-maghreb-199x300.jpg","type":"","width":"","height":""}],"author":"Axelle Martin","twitter_card":"summary_large_image","schema":{"@context":"https:\/\/schema.org","@graph":[{"@type":"Article","@id":"https:\/\/www.sfsic.org\/en\/publication\/une-communication-publique-et-territoriale-pour-le-maghreb\/#article","isPartOf":{"@id":"https:\/\/www.sfsic.org\/en\/publication\/une-communication-publique-et-territoriale-pour-le-maghreb\/"},"author":{"name":"Axelle Martin","@id":"https:\/\/www.sfsic.org\/en\/#\/schema\/person\/d3606993477708f4359fb9aeda58df3b"},"headline":"Une communication publique et territoriale pour le Maghreb","datePublished":"2022-02-20T08:10:33+00:00","mainEntityOfPage":{"@id":"https:\/\/www.sfsic.org\/en\/publication\/une-communication-publique-et-territoriale-pour-le-maghreb\/"},"wordCount":169,"publisher":{"@id":"https:\/\/www.sfsic.org\/en\/#organization"},"image":{"@id":"https:\/\/www.sfsic.org\/en\/publication\/une-communication-publique-et-territoriale-pour-le-maghreb\/#primaryimage"},"thumbnailUrl":"https:\/\/www.sfsic.org\/wp-inside\/uploads\/2022\/02\/une-communication-publique-et-territoriale-pour-le-maghreb-199x300.jpg","keywords":["Communication publique","Maghreb","Patrimoine","Territoire"],"articleSection":["Num\u00e9ro de revue","Publications"],"inLanguage":"en-US"},{"@type":"WebPage","@id":"https:\/\/www.sfsic.org\/en\/publication\/une-communication-publique-et-territoriale-pour-le-maghreb\/","url":"https:\/\/www.sfsic.org\/en\/publication\/une-communication-publique-et-territoriale-pour-le-maghreb\/","name":"Une communication publique et territoriale pour le Maghreb","isPartOf":{"@id":"https:\/\/www.sfsic.org\/en\/#website"},"primaryImageOfPage":{"@id":"https:\/\/www.sfsic.org\/en\/publication\/une-communication-publique-et-territoriale-pour-le-maghreb\/#primaryimage"},"image":{"@id":"https:\/\/www.sfsic.org\/en\/publication\/une-communication-publique-et-territoriale-pour-le-maghreb\/#primaryimage"},"thumbnailUrl":"https:\/\/www.sfsic.org\/wp-inside\/uploads\/2022\/02\/une-communication-publique-et-territoriale-pour-le-maghreb-199x300.jpg","datePublished":"2022-02-20T08:10:33+00:00","description":"L'ouvrage coordonn\u00e9 par Nacer Aoudia, Vincent Meyer, A\u00efssa Merah et traitant de la th\u00e9matique \"Une communication publique et territoriale pour le Maghreb\" est paru aux \u00e9ditions L'Harmattan.","breadcrumb":{"@id":"https:\/\/www.sfsic.org\/en\/publication\/une-communication-publique-et-territoriale-pour-le-maghreb\/#breadcrumb"},"inLanguage":"en-US","potentialAction":[{"@type":"ReadAction","target":["https:\/\/www.sfsic.org\/en\/publication\/une-communication-publique-et-territoriale-pour-le-maghreb\/"]}]},{"@type":"ImageObject","inLanguage":"en-US","@id":"https:\/\/www.sfsic.org\/en\/publication\/une-communication-publique-et-territoriale-pour-le-maghreb\/#primaryimage","url":"https:\/\/www.sfsic.org\/wp-inside\/uploads\/2022\/02\/une-communication-publique-et-territoriale-pour-le-maghreb-199x300.jpg","contentUrl":"https:\/\/www.sfsic.org\/wp-inside\/uploads\/2022\/02\/une-communication-publique-et-territoriale-pour-le-maghreb-199x300.jpg"},{"@type":"BreadcrumbList","@id":"https:\/\/www.sfsic.org\/en\/publication\/une-communication-publique-et-territoriale-pour-le-maghreb\/#breadcrumb","itemListElement":[{"@type":"ListItem","position":1,"name":"Accueil","item":"https:\/\/www.sfsic.org\/en\/"},{"@type":"ListItem","position":2,"name":"Publications","item":"https:\/\/www.sfsic.org\/en\/publication-en\/"},{"@type":"ListItem","position":3,"name":"Journal issue","item":"https:\/\/www.sfsic.org\/en\/publication-en\/journal-issue\/"},{"@type":"ListItem","position":4,"name":"Une communication publique et territoriale pour le Maghreb"}]},{"@type":"WebSite","@id":"https:\/\/www.sfsic.org\/en\/#website","url":"https:\/\/www.sfsic.org\/en\/","name":"SFSIC","description":"Soci\u00e9t\u00e9 Fran\u00e7aise des Sciences de l&#039;Information &amp; de la Communication","publisher":{"@id":"https:\/\/www.sfsic.org\/en\/#organization"},"potentialAction":[{"@type":"SearchAction","target":{"@type":"EntryPoint","urlTemplate":"https:\/\/www.sfsic.org\/en\/?s={search_term_string}"},"query-input":{"@type":"PropertyValueSpecification","valueRequired":true,"valueName":"search_term_string"}}],"inLanguage":"en-US"},{"@type":"Organization","@id":"https:\/\/www.sfsic.org\/en\/#organization","name":"SFSIC","url":"https:\/\/www.sfsic.org\/en\/","logo":{"@type":"ImageObject","inLanguage":"en-US","@id":"https:\/\/www.sfsic.org\/en\/#\/schema\/logo\/image\/","url":"https:\/\/www.sfsic.org\/wp-inside\/uploads\/2020\/05\/logo-sfsic.jpg","contentUrl":"https:\/\/www.sfsic.org\/wp-inside\/uploads\/2020\/05\/logo-sfsic.jpg","width":1085,"height":1080,"caption":"SFSIC"},"image":{"@id":"https:\/\/www.sfsic.org\/en\/#\/schema\/logo\/image\/"}},{"@type":"Person","@id":"https:\/\/www.sfsic.org\/en\/#\/schema\/person\/d3606993477708f4359fb9aeda58df3b","name":"Axelle Martin","image":{"@type":"ImageObject","inLanguage":"en-US","@id":"https:\/\/secure.gravatar.com\/avatar\/1065035eb5e480668fbf77e163c2e86f81ac342eaad4c8783acdf4a63f3c917b?s=96&d=mm&r=g","url":"https:\/\/secure.gravatar.com\/avatar\/1065035eb5e480668fbf77e163c2e86f81ac342eaad4c8783acdf4a63f3c917b?s=96&d=mm&r=g","contentUrl":"https:\/\/secure.gravatar.com\/avatar\/1065035eb5e480668fbf77e163c2e86f81ac342eaad4c8783acdf4a63f3c917b?s=96&d=mm&r=g","caption":"Axelle Martin"},"sameAs":["@antropocominside"]}]}},"_links":{"self":[{"href":"https:\/\/www.sfsic.org\/en\/wp-json\/wp\/v2\/posts\/22888","targetHints":{"allow":["GET"]}}],"collection":[{"href":"https:\/\/www.sfsic.org\/en\/wp-json\/wp\/v2\/posts"}],"about":[{"href":"https:\/\/www.sfsic.org\/en\/wp-json\/wp\/v2\/types\/post"}],"author":[{"embeddable":true,"href":"https:\/\/www.sfsic.org\/en\/wp-json\/wp\/v2\/users\/781"}],"replies":[{"embeddable":true,"href":"https:\/\/www.sfsic.org\/en\/wp-json\/wp\/v2\/comments?post=22888"}],"version-history":[{"count":3,"href":"https:\/\/www.sfsic.org\/en\/wp-json\/wp\/v2\/posts\/22888\/revisions"}],"predecessor-version":[{"id":22893,"href":"https:\/\/www.sfsic.org\/en\/wp-json\/wp\/v2\/posts\/22888\/revisions\/22893"}],"wp:attachment":[{"href":"https:\/\/www.sfsic.org\/en\/wp-json\/wp\/v2\/media?parent=22888"}],"wp:term":[{"taxonomy":"category","embeddable":true,"href":"https:\/\/www.sfsic.org\/en\/wp-json\/wp\/v2\/categories?post=22888"},{"taxonomy":"post_tag","embeddable":true,"href":"https:\/\/www.sfsic.org\/en\/wp-json\/wp\/v2\/tags?post=22888"},{"taxonomy":"thematique","embeddable":true,"href":"https:\/\/www.sfsic.org\/en\/wp-json\/wp\/v2\/thematique?post=22888"},{"taxonomy":"sfsic","embeddable":true,"href":"https:\/\/www.sfsic.org\/en\/wp-json\/wp\/v2\/sfsic?post=22888"}],"curies":[{"name":"wp","href":"https:\/\/api.w.org\/{rel}","templated":true}]}}