{"id":22879,"date":"2022-02-19T14:59:21","date_gmt":"2022-02-19T13:59:21","guid":{"rendered":"https:\/\/www.sfsic.org\/?p=22879"},"modified":"2022-02-19T15:02:05","modified_gmt":"2022-02-19T14:02:05","slug":"lelection-presidentielle-de-2022-vers-une-reinvention-des-processus-democratiques-3","status":"publish","type":"post","link":"https:\/\/www.sfsic.org\/en\/aac-evenement\/lelection-presidentielle-de-2022-vers-une-reinvention-des-processus-democratiques-3\/","title":{"rendered":"L\u2019\u00e9lection pr\u00e9sidentielle de 2022 : vers une r\u00e9invention des processus d\u00e9mocratiques ?"},"content":{"rendered":"<p><!-- fxzn:singledetail --><\/p>\n<div class=\"zone zn-singledetail\" id=\"fxzn-singledetail-1\">\n<div class=\"zone-block zn-singledetail-block alignwide va-top\">\n<div class=\"row\">\n<div class=\"columns large-8 large-push-4\">\n<div class=\"zn-singledetail-metabox\">\n<div class=\"zn-singledetail-pubdate pubdate\">\n\t\t\t\t\t<span class=\"pubdate-txt\">Mis en ligne le<\/span><span class=\"doubledot\"><\/span> 19 f\u00e9vrier 2022\t\t\t\t<\/div>\n<div class=\"zn-singledetail-thematiques with-sep-comma\">\n<ul class=\"termslist termslist-thematique\">\n<li class=\"termslist-item termslist-title\"><span class=\"termslist-titletxt\">Th\u00e9matiques<\/span><span class=\"doubledot\"><\/span><\/li>\n<li class=\"termslist-item tax-thematique term-communication-publique-et-politique\"><a class=\"termslist-itemlink\" href=\"https:\/\/www.sfsic.org\/thematiques\/communication-publique-et-politique\/\" title=\"Communication publique et politique\"><span class=\"termslist-itemname\">Communication publique et politique<\/span><\/a><\/li>\n<\/ul><\/div>\n<\/p><\/div>\n<\/p><\/div>\n<\/p><\/div>\n<div class=\"row\">\n<div class=\"columns large-4\">\n<div class=\"zn-singledetail-sidebar bg-cornersquares\">\n<div class=\"zn-singledetail-infos\">\n<p class=\"zn-singledetail-reponse-date\">\n\t\t\t\t\t\t<span>R\u00e9ponse attendue pour le<\/span><span class=\"doubledot\"><\/span> <strong>27\/02\/2022<\/strong>\n\t\t\t\t\t<\/p>\n<p class=\"zn-singledetail-reponse-type\">\n\t\t\t\t\t<span>Type de r\u00e9ponse<\/span><span class=\"doubledot\"><\/span> <strong>R\u00e9sum\u00e9<\/strong>\n\t\t\t\t\t<\/p>\n<p class=\"zn-singledetail-type\">\n\t\t\t\t\t\t\t<span>Type d\u2019\u00e9v\u00e9nement<\/span><span class=\"doubledot\"><\/span> <strong>Colloque<\/strong>\n\t\t\t\t\t<\/p>\n<\/p><\/div>\n<div class=\"zn-singledetail-coordinators\">\n<h3 class=\"zn-singledetail-section-title\">Coordinateurs<\/h3>\n<ul class=\"zn-singledetail-coordinators-list\">\n<li class=\"zn-singledetail-coordinators-item\">\n\t\t\t\t\t\t\t<span>Philippe J.<\/span> <span>Maarek<\/span>, <span>Universit\u00e9 Paris Est \u2013 UPEC, SIC.Lab M\u00e9diterran\u00e9e (UPR 3820) et CECCOPOP<\/span>\t\t\t\t\t\t\t\t\t\t\t\t\t<\/li>\n<li class=\"zn-singledetail-coordinators-item\">\n\t\t\t\t\t\t\t<span>Nicolas<\/span> <span>P\u00e9lissier<\/span>, <span>Universit\u00e9 C\u00f4te d\u2019Azur, SIC.Lab M\u00e9diterran\u00e9e (UPR 3820)<\/span>\t\t\t\t\t\t\t\t\t\t\t\t\t<\/li>\n<\/ul><\/div>\n<\/p><\/div>\n<\/p><\/div>\n<div class=\"columns large-8\">\n<div class=\"zn-singledetail-contentbox\">\n<div class=\"zn-singledetail-eventinfo\">\n<div class=\"zn-singledetail-eventinfo-inner\">\n<div class=\"zn-singledetail-eventdates\">\n\t\t\t\t\t\t<span class=\"zn-singledetail-label\">Dates de l\u2019\u00e9v\u00e9nement<span class=\"doubledot\"><\/span><\/span><\/p>\n<ul class=\"zn-singledetail-eventdates-list\">\n<li class=\"zn-singledetail-eventdates-item\">\n\t\t\t\t\t\t\t\tDu 29\/06\/2022 au 30\/06\/2022\t\t\t\t\t\t\t<\/li>\n<\/ul><\/div>\n<p class=\"zn-singledetail-eventplace\">\n\t\t\t\t\t\t<span class=\"zn-singledetail-label\">Lieu de l\u2019\u00e9v\u00e9nement<span class=\"doubledot\"><\/span><\/span><br \/>\n\t\t\t\t\t\t<span class=\"zn-singledetail-eventplace-adr\"><\/p>\n<p>\t\t\t\t\t\t<span class=\"adr-street\">\u00e0 venir <\/span><br \/>\n\t\t\t\t\t\t<\/span>\t\t\t\t\t<\/p>\n<\/p><\/div>\n<\/p><\/div>\n<div class=\"zn-singledetail-annonce wig-content\">\n<p>Les laboratoires SIC.Lab M\u00e9diterran\u00e9e et CECCOPOP organisent du 29 au 30 juin 2022 un colloque international intitul\u00e9 \u00ab&#160;L\u2019\u00e9lection pr\u00e9sidentielle de 2022&#160;: vers une r\u00e9invention des processus d\u00e9mocratiques&#160;?&#160;\u00bb. L&rsquo;AAC court jusqu&rsquo;au 27\/02\/2022.<\/p>\n<h2>Pr\u00e9sentation<\/h2>\n<p>\u00ab&#160;<em>Comme un coup de tonnerre<\/em>&#160;\u00bb. Quinze ans apr\u00e8s que Lionel Jospin, \u00e9branl\u00e9 par sa d\u00e9faite au premier tour de l\u2019\u00e9lection pr\u00e9sidentielle de 2002 ait prononc\u00e9 ces mots, ceux-ci ont retrouv\u00e9 leur actualit\u00e9 en 2017, lorsque le parti socialiste s\u2019est vu presque effac\u00e9 de la carte de la politique fran\u00e7aise&#160;: son candidat Benoit Hamon, n\u2019a totalis\u00e9 que 6,35&#160;% des suffrages exprim\u00e9s lors du premier tour, apr\u00e8s avoir \u00e9t\u00e9 choisi par un processus de s\u00e9lection de \u00ab&#160;primaires ouvertes&#160;\u00bb \u00e0 tous les citoyens.<\/p>\n<p>La victoire d\u2019Emmanuel Macron en 2017 a le plus souvent \u00e9t\u00e9 mise au cr\u00e9dit d\u2019une campagne de communication politique tr\u00e8s ma\u00eetris\u00e9e, alli\u00e9e \u00e0 l\u2019habile exploitation d\u2019un contexte politique d\u00e9l\u00e9t\u00e8re. Il avait ainsi pu contourner la courroie de transmission habituellement indispensable&#160;: le parti politique<a href=\"https:\/\/siclab.fr\/aac-appel-a-communication-3#_ftn1\" name=\"_ftnref1\">[1]<\/a>. En cr\u00e9ant une structure militante <em>ad hoc<\/em> (\u00ab&#160;En Marche&#160;\u00bb), Emmanuel Macron avait r\u00e9ussi \u00e0 bouleverser l\u2019\u00e9chiquier politique et \u00e0 gagner l\u2019\u00e9lection, notamment gr\u00e2ce au soutien de l\u2019\u00e9quipe qui avait contribu\u00e9, cinq ans plus t\u00f4t, \u00e0 la victoire de Fran\u00e7ois Hollande, en cartographiant la France \u00e9lectorale<a href=\"https:\/\/siclab.fr\/aac-appel-a-communication-3#_ftn2\" name=\"_ftnref2\">[2]<\/a>.<\/p>\n<p>A l\u2019automne 2021, l\u2019\u00e9lection pr\u00e9sidentielle de 2022 semble plac\u00e9e sous le signe paradoxal de la certitude et de la confusion. Ainsi, \u00e0 moins d\u2019une \u00e9norme surprise, Emmanuel Macron appara\u00eet \u00e9loign\u00e9 du sort de son pr\u00e9d\u00e9cesseur. Son bilan de mandat, pourtant grev\u00e9 par la pand\u00e9mie li\u00e9e \u00e0 la COVID-19, ne devrait pas l\u2019emp\u00eacher de se repr\u00e9senter avec des chances d\u2019\u00eatre r\u00e9\u00e9lu. Quant \u00e0 l\u2019atmosph\u00e8re diffuse de confusion, elle concerne plut\u00f4t des partis politiques qui ne semblent pas \u00e0 ce jour avoir retrouv\u00e9 leur capacit\u00e9 de remplir leur r\u00f4le. Six mois avant l\u2019\u00e9ch\u00e9ance \u00e9lectorale, la candidate socialiste Anne Hidalgo n\u2019apparait gu\u00e8re en mesure de remettre en jeu s\u00e9rieusement le parti qui l\u2019a adoub\u00e9e sans trop se soucier d\u2019un accompagnement programmatique. De m\u00eame, les R\u00e9publicains en sont r\u00e9duits \u00e0 un simulacre de \u00ab&#160;primaires&#160;\u00bb dont l\u2019\u00e9lectorat a \u00e9t\u00e9 limit\u00e9 \u00e0 celles et ceux\u2026 qui auront bien voulu payer \u00e0 temps les 30 euros de l\u2019adh\u00e9sion au parti. \u00a0Enfin, le Rassemblement National, que l\u2019on aurait pu penser vou\u00e9 au service de Marine le Pen, semble se recroqueviller au fur et \u00e0 mesure de la baisse des intentions de votes pour celle-ci indiqu\u00e9e par les sondages. Pour ajouter \u00e0 cette confusion, ceux-ci avancent \u00e0 l\u2019inverse la perc\u00e9e th\u00e9orique d\u2019\u00c9ric Zemmour, candidat non d\u00e9clar\u00e9 sans appartenance partisane pr\u00e9cise et surfant, par une succession de provocations calcul\u00e9es, sur l\u2019agitation m\u00e9diatique des cha\u00eenes t\u00e9l\u00e9vis\u00e9es d\u2019actualit\u00e9 en continu et des r\u00e9seaux sociaux,<\/p>\n<p>De ce fait, les m\u00e9canismes de la communication politique qui accompagne les processus \u00e9lectoraux, piliers de la d\u00e9mocratie, soul\u00e8vent de nombreuses questions. Ne faudrait-il pas contourner cette croyance du milieu politico-m\u00e9diatique en la fiabilit\u00e9 des sondages, pourtant mise en cause de longue date<a href=\"https:\/\/siclab.fr\/aac-appel-a-communication-3#_ftn3\" name=\"_ftnref3\">[3]<\/a>, qui aboutit maintenant \u00e0 retirer des candidatures (Fran\u00e7ois Hollande en 2017) ou \u00e0 en fabriquer d\u2019autres&#160;? Du coup, quel r\u00f4le assigner aux partis politiques, notamment en p\u00e9riode \u00e9lectorale&#160;? Faut-il les r\u00e9inventer pour qu\u2019ils reprennent leur fonction m\u00e9diatrice pourtant indispensable dans une soci\u00e9t\u00e9 que les r\u00e9seaux sociaux semblent fragmenter de plus en plus, le nouveau \u00ab&#160;syst\u00e8me m\u00e9diatique hybride&#160;\u00bb expos\u00e9 par Andrew Chadwick<a href=\"https:\/\/siclab.fr\/aac-appel-a-communication-3#_ftn4\" name=\"_ftnref4\">[4]<\/a> mettant m\u00eame en jeu la coh\u00e9sion de certains pays, comme les \u00c9tats-Unis ou le Royaume-Uni&#160;? Et comment, justement, mettre \u00e0 profit l\u2019essor des r\u00e9seaux sociaux autrement qu\u2019en promouvant des candidatures qui ne servent que leur personne ou des id\u00e9es aux antipodes des id\u00e9es fondatrices de nos d\u00e9mocraties, bas\u00e9es d\u2019un c\u00f4t\u00e9 et de l\u2019autre de l\u2019Atlantique sur les principes h\u00e9rit\u00e9es d\u2019un Si\u00e8cle des Lumi\u00e8res qui semble bien lointain&#160;? Comment enfin surmonter la facilit\u00e9 d\u2019un recours g\u00e9n\u00e9ralis\u00e9 \u00e0 un marketing politique favorisant de plus en plus la personnalisation des campagnes, oubliant les id\u00e9es politiques, et remisant les programmes au profit d\u2019arguments fond\u00e9s sur le seul charisme audiovisuel des personnalit\u00e9s qui se pr\u00e9sentent devant l\u2019\u00e9lectorat&#160;?<\/p>\n<p>L\u2019\u00e9lection pr\u00e9sidentielle de 2022 nourrit donc plus que jamais, au-del\u00e0 de son r\u00e9sultat intrins\u00e8que, la probl\u00e9matique de la <em>r\u00e9invention du processus d\u00e9mocratique<\/em>, une r\u00e9alit\u00e9 que la France parait d\u2019ailleurs partager avec nombre d\u2019autres pays pr\u00e9sum\u00e9s partager les m\u00eames principes, \u00e0 commencer par les \u00c9tats-Unis.<\/p>\n<p>Ce colloque sera l\u2019occasion de faire un premier bilan r\u00e9flexif des diff\u00e9rentes campagnes de communication politique qui auront \u00e9t\u00e9 mises en \u0153uvre, tout d\u2019abord en pr\u00e9misse de l\u2019\u00e9lection pr\u00e9sidentielle 2022, puis lors de cette consultation proprement dite, et d\u2019essayer d\u2019en inf\u00e9rer les moyens d\u2019innovation des processus d\u00e9mocratiques.<\/p>\n<p>Il s\u2019agira pour les contributeurs d\u2019analyser les strat\u00e9gies de communication mobilis\u00e9es et de leurs v\u00e9hicules, de l\u2019affiche aux meetings, des clips de campagne aux r\u00e9seaux sociaux et autres dispositifs invent\u00e9s par le marketing politique, en examinant leur ad\u00e9quation \u00e0 la bonne r\u00e9alisation du processus essentiel de nos d\u00e9mocraties, la consultation du citoyen, en particulier en France lors du vote majeur, l\u2019\u00e9lection pr\u00e9sidentielle<\/p>\n<p>Les questions \u00e9voqu\u00e9es feront l\u2019objet du colloque international de communication politique compar\u00e9e qui se tiendra \u00e0 <strong>Nice, les 28 et 29 juin 2022<\/strong>, \u00e0 l\u2019initiative du laboratoire <a href=\"https:\/\/siclab.fr\/\">SIC.Lab M\u00e9diterran\u00e9e<\/a> de l\u2019Universit\u00e9 C\u00f4te d\u2019Azur avec le concours du <a href=\"http:\/\/ceccopop.com\/\" target=\"_blank\" rel=\"noopener\">Centre d\u2019Etudes Compar\u00e9es en Communication Politique et Publique<\/a>. Il est soutenu par l\u2019\u00c9cole Internationale d\u2019\u00c9tudes Politiques de Fontainebleau\/UPEC. Cette manifestation scientifique r\u00e9unira chercheurs, enseignants-chercheurs et professionnels de la communication au <a href=\"https:\/\/www.google.fr\/maps\/place\/Centre+Universitaire+M%C3%A9diterran%C3%A9en\/@43.693051,7.2507614,18z\/data=!3m1!5s0x12cdd06ce29a178b:0x36d90a7b98da8c00!4m12!1m6!3m5!1s0x12cdd1f5952d62f9:0xb2b4ed925254987d!2sCentre+Universitaire+M%C3%A9diterran%C3%A9en!8m2!3d43.6930492!4d7.2517566!3m4!1s0x12cdd1f5952d62f9:0xb2b4ed925254987d!8m2!3d43.6930492!4d7.2517566\" target=\"_blank\" rel=\"noopener\">Centre Universitaire M\u00e9diterran\u00e9en<\/a><strong>, <\/strong>situ\u00e9 sur la Promenade des Anglais.<\/p>\n<p>Ce colloque est organis\u00e9 par Philippe J. Maarek, membre du SIC.Lab M\u00e9diterran\u00e9e et Professeur \u00e0 l\u2019Universit\u00e9 Paris Est Cr\u00e9teil (UPEC), directeur du CECCOPOP, ancien Pr\u00e9sident des Sections de Recherche en Communication Politique de l\u2019IPSA et de l\u2019IAMCR\/AIERI et par Nicolas P\u00e9lissier, Professeur \u00e0 l\u2019Universit\u00e9 C\u00f4te d\u2019Azur, Directeur du SIC.Lab M\u00e9diterran\u00e9e (UPR 3820), et directeur de la collection \u00ab&#160;Communication et Civilisation&#160;\u00bb chez L\u2019Harmattan.<\/p>\n<p>La manifestation sera bilingue, fran\u00e7ais-anglais. Les coll\u00e8gues d\u00e9sireux d\u2019y pr\u00e9senter une communication sont invit\u00e9s \u00e0 envoyer une demande de participation avant le <strong>27 f\u00e9vrier 2022<\/strong> \u00e0 l\u2019adresse mail suivante&#160;: <a href=\"mailto:ceccopop@gmail.com\">ceccopop@gmail.com<\/a>.<\/p>\n<p>Les propositions devront comporter un r\u00e9sum\u00e9\/abstract de 250 \u00e0 500 mots (un ou deux feuillets) et un CV d\u2019un feuillet. Elles feront l\u2019objet d\u2019une \u00e9valuation en double aveugle par les membres du Conseil Scientifique ci-dessous.<\/p>\n<h2><strong>Direction scientifique et organisation&#160;:<\/strong><\/h2>\n<p>Philippe J. Maarek, Universit\u00e9 Paris Est \u2013 UPEC, SIC.Lab M\u00e9diterran\u00e9e (UPR 3820) et CECCOPOP<\/p>\n<p>Nicolas P\u00e9lissier, Universit\u00e9 C\u00f4te d\u2019Azur, SIC.Lab M\u00e9diterran\u00e9e (UPR 3820)<\/p>\n<h2><strong>Conseil scientifique<\/strong><strong>&#160;:<\/strong><\/h2>\n<ul>\n<li>Paul Baines, University of Leicester, Grande-Bretagne<\/li>\n<li>Camelia Beciu, Universit\u00e9 de Bucarest, Roumanie<\/li>\n<li>Donatella Campus, Universit\u00e0 degli studi di Bergamo, Italie<\/li>\n<li>Ann Crigler, University of Southern California, Etats-Unis<\/li>\n<li>Eric Dacheux, Universit\u00e9 de Clermont Auvergne, France<\/li>\n<li>Alex Frame, Universit\u00e9 de Bourgogne Franche-Comt\u00e9, Dijon, France<\/li>\n<li>Elizabeth Gard\u00e8re, Universit\u00e9 Bordeaux-Montaigne, France<\/li>\n<li>Gilles Gauthier, Universit\u00e9 de Laval, Canada<\/li>\n<li>Lutz Hagen, Universit\u00e9 Technique de Dresde, Allemagne<\/li>\n<li>Christina Holtz-Bacha, Friedrich-Alexander-Universit\u00e4t Erlangen-N\u00fcrnberg, Allemagne<\/li>\n<li>Karolina Koc-Michalska, Audencia Business School, France<\/li>\n<li>Patrizia Laudatti, Universit\u00e9 C\u00f4te d\u2019Azur, France<\/li>\n<li>Darren Lilleker, Bournemouth University, Royaume-Uni<\/li>\n<li>Philippe J. Maarek, Universit\u00e9 Paris Est \u2013 UPEC, France<\/li>\n<li>Eric Maigret, Universit\u00e9 Paris 3 Sorbonne Nouvelle, France<\/li>\n<li>Pascal Marchand, Universit\u00e9 de Toulouse 3, France<\/li>\n<li>Lars Nord, Midwestern University, Su\u00e8de<\/li>\n<li>Yves Palau, Ecole Internationale d\u2019Etudes Politiques, UPEC, France<\/li>\n<li>Nicolas P\u00e9lissier, Universit\u00e9 C\u00f4te d\u2019Azur, France<\/li>\n<li>Brigitte Sebbah, Universit\u00e9 Toulouse 3, France<\/li>\n<li>Marina Villa, Universit\u00e0 Cattolica del Sacro Cuore di Milano, Italie<\/li>\n<li>Ma\u0142gorzata Winiarska-Brodowska, Jagellon University, Pologne<\/li>\n<\/ul>\n<p>&nbsp;<\/p>\n<p><sub><a href=\"https:\/\/siclab.fr\/aac-appel-a-communication-3#_ftnref1\" name=\"_ftn1\">[1]<\/a> Sur l\u2019\u00e9lection pr\u00e9sidentielle de 2017 \u00a0v. notamment Maarek, P. J., &amp; Mercier, A. (2018).\u00a0<em>2017 La pr\u00e9sidentielle chamboule-tout (La communication politique au prisme du d\u00e9gagisme)<\/em>\u00a0(L\u2019Harmattan \u00e9d.)&#160;; Perrineau, P. (2017).\u00a0<em>Le vote disruptif (Les \u00e9lections pr\u00e9sidentielles et l\u00e9gislatives de 2017)<\/em>. Presses de Science Po.&#160;; Th\u00e9viot, A. (2019).\u00a0<em>M\u00e9dias et \u00e9lections&#160;: Les campagnes 2017 primaires, pr\u00e9sidentielle et l\u00e9gislatives fran\u00e7aises<\/em>. Septentrion&#160;; Kerbrat-Orecchioni, C. (2019).\u00a0<em>Le d\u00e9bat Le Pen\/Macron du 3 mai 2017&#160;: Un d\u00e9bat disruptif<\/em>. L\u2019Harmattan.<\/sub><\/p>\n<p><sub><a href=\"https:\/\/siclab.fr\/aac-appel-a-communication-3#_ftnref2\" name=\"_ftn2\">[2]<\/a> Sur ce point, V. <em>in<\/em> Maarek, P. J., &amp; Mercier, A. (2018) l\u2019entretien de Philippe J. Maarek avec Guillaume Liegey, associ\u00e9 fondateur \u00e0 l\u2019\u00e9poque de l\u2019agence Liegey-Muller-Pons et conseiller \u00ab&#160;strat\u00e9gique&#160;\u00bb de la campagne pr\u00e9sidentielle d\u2019Emmanuel Macron<\/sub><\/p>\n<p><sub><a href=\"https:\/\/siclab.fr\/aac-appel-a-communication-3#_ftnref3\" name=\"_ftn3\">[3]<\/a> V. ainsi Bon, F. (1974).\u00a0<em>Les sondages peuvent-ils se tromper&#160;?<\/em>\u00a0Calmann-Levy&#160;;\u00a0 Blondiaux, L. (1998).\u00a0<em>La fabrique de l\u2019opinion&#160;: une histoire sociale des sondages<\/em>. Seuil.<\/sub><\/p>\n<p><sub><a href=\"https:\/\/siclab.fr\/aac-appel-a-communication-3#_ftnref4\" name=\"_ftn4\">[4]<\/a> V. Chadwick, A. (2017).\u00a0<em>The Hybrid Media System (Politics and Power)<\/em>\u00a0(2e \u00e9dition). Oxford University Press.<\/sub><\/p>\n<\/p><\/div>\n<div class=\"zn-singledetail-attachedfiles\">\n<h3 class=\"zn-singledetail-section-title\">Fichier(s) attach\u00e9(s)<\/h3>\n<ul class=\"zn-singledetail-attachedfiles-list\">\n<li class=\"zn-singledetail-attachedfiles-item\">\n\t\t\t\t\t\t\t<a class=\"zn-singledetail-attachedfiles-link button outline for-download\" href=\"https:\/\/www.sfsic.org\/wp-inside\/uploads\/skp-membership\/demande_adh\/aac-presidentielle-2022.pdf\" title=\"T\u00e9l\u00e9charger : \u00ab aac-presidentielle-2022.pdf \u00bb\" target=\"_blank\" rel=\"noopener\"><br \/>\n\t\t\t\t\t\t\t\t<span class=\"button-txt\">AAC Colloque Pr\u00e9sidentielle 2022<span class=\"button-txt-type\"> (pdf)<\/span><\/span><br \/>\n\t\t\t\t\t\t\t<\/a>\n\t\t\t\t\t\t<\/li>\n<\/ul><\/div>\n<div class=\"zn-singledetail-keywords\">\n<h3 class=\"zn-singledetail-section-title\">Mots-cl\u00e9s<\/h3>\n<ul class=\"termslist termslist-post_tag\">\n<li class=\"termslist-item termslist-title\"><span class=\"termslist-titletxt\">Mots-cl\u00e9s<\/span><span class=\"doubledot\"><\/span><\/li>\n<li class=\"termslist-item tax-post_tag term-election\"><a class=\"termslist-itemlink\" href=\"https:\/\/www.sfsic.org\/tag\/election\/\" title=\"Election\"><span class=\"termslist-itemname\">Election<\/span><\/a><\/li>\n<li class=\"termslist-item tax-post_tag term-politique\"><a class=\"termslist-itemlink\" href=\"https:\/\/www.sfsic.org\/tag\/politique\/\" title=\"Politique\"><span class=\"termslist-itemname\">Politique<\/span><\/a><\/li>\n<\/ul><\/div>\n<\/p><\/div>\n<\/p><\/div>\n<\/p><\/div>\n<\/p><\/div>\n<\/div>\n<p><!-- \/fxzn:singledetail --><\/p>\n","protected":false},"excerpt":{"rendered":"<p>Mis en ligne le 19 f\u00e9vrier 2022 Th\u00e9matiques Communication publique et politique R\u00e9ponse attendue pour le 27\/02\/2022 Type de r\u00e9ponse R\u00e9sum\u00e9 Type d\u2019\u00e9v\u00e9nement Colloque Coordinateurs Philippe J. Maarek, Universit\u00e9 Paris [&hellip;]<\/p>\n","protected":false},"author":957,"featured_media":0,"comment_status":"closed","ping_status":"closed","sticky":false,"template":"","format":"standard","meta":{"_acf_changed":false,"footnotes":""},"categories":[29,57],"tags":[156,190],"thematique":[36],"sfsic":[],"class_list":["post-22879","post","type-post","status-publish","format-standard","hentry","category-aac-evenement","category-colloque","tag-election","tag-politique","thematique-communication-publique-et-politique","wp-sticky"],"acf":[],"yoast_head":"<!-- This site is optimized with the Yoast SEO plugin v27.5 - https:\/\/yoast.com\/product\/yoast-seo-wordpress\/ -->\n<title>L\u2019\u00e9lection pr\u00e9sidentielle de 2022 : vers une r\u00e9invention des processus d\u00e9mocratiques ?<\/title>\n<meta name=\"description\" content=\"Les laboratoires SIC.Lab M\u00e9diterran\u00e9e et CECCOPOP organisent du 29 au 30 juin 2022 un colloque international intitul\u00e9 &quot;L\u2019\u00e9lection pr\u00e9sidentielle de 2022 : vers une r\u00e9invention des processus d\u00e9mocratiques ?&quot;. L&#039;AAC court jusqu&#039;au 27\/02\/2022.\" \/>\n<meta name=\"robots\" content=\"index, follow, max-snippet:-1, max-image-preview:large, max-video-preview:-1\" \/>\n<link rel=\"canonical\" href=\"https:\/\/www.sfsic.org\/en\/aac-evenement\/lelection-presidentielle-de-2022-vers-une-reinvention-des-processus-democratiques-3\/\" \/>\n<meta property=\"og:locale\" content=\"en_US\" \/>\n<meta property=\"og:type\" content=\"article\" \/>\n<meta property=\"og:title\" content=\"L\u2019\u00e9lection pr\u00e9sidentielle de 2022 : vers une r\u00e9invention des processus d\u00e9mocratiques ?\" \/>\n<meta property=\"og:description\" content=\"Les laboratoires SIC.Lab M\u00e9diterran\u00e9e et CECCOPOP organisent du 29 au 30 juin 2022 un colloque international intitul\u00e9 &quot;L\u2019\u00e9lection pr\u00e9sidentielle de 2022 : vers une r\u00e9invention des processus d\u00e9mocratiques ?&quot;. L&#039;AAC court jusqu&#039;au 27\/02\/2022.\" \/>\n<meta property=\"og:url\" content=\"https:\/\/www.sfsic.org\/en\/aac-evenement\/lelection-presidentielle-de-2022-vers-une-reinvention-des-processus-democratiques-3\/\" \/>\n<meta property=\"og:site_name\" content=\"SFSIC\" \/>\n<meta property=\"article:published_time\" content=\"2022-02-19T13:59:21+00:00\" \/>\n<meta property=\"article:modified_time\" content=\"2022-02-19T14:02:05+00:00\" \/>\n<meta name=\"author\" content=\"Fabien Bonnet\" \/>\n<meta name=\"twitter:card\" content=\"summary_large_image\" \/>\n<script type=\"application\/ld+json\" class=\"yoast-schema-graph\">{\"@context\":\"https:\\\/\\\/schema.org\",\"@graph\":[{\"@type\":\"Article\",\"@id\":\"https:\\\/\\\/www.sfsic.org\\\/en\\\/aac-evenement\\\/lelection-presidentielle-de-2022-vers-une-reinvention-des-processus-democratiques-3\\\/#article\",\"isPartOf\":{\"@id\":\"https:\\\/\\\/www.sfsic.org\\\/en\\\/aac-evenement\\\/lelection-presidentielle-de-2022-vers-une-reinvention-des-processus-democratiques-3\\\/\"},\"author\":{\"name\":\"Fabien Bonnet\",\"@id\":\"https:\\\/\\\/www.sfsic.org\\\/en\\\/#\\\/schema\\\/person\\\/9f83573bda33f40c68c7c826e9567df6\"},\"headline\":\"L\u2019\u00e9lection pr\u00e9sidentielle de 2022 : vers une r\u00e9invention des processus d\u00e9mocratiques ?\",\"datePublished\":\"2022-02-19T13:59:21+00:00\",\"dateModified\":\"2022-02-19T14:02:05+00:00\",\"mainEntityOfPage\":{\"@id\":\"https:\\\/\\\/www.sfsic.org\\\/en\\\/aac-evenement\\\/lelection-presidentielle-de-2022-vers-une-reinvention-des-processus-democratiques-3\\\/\"},\"wordCount\":1621,\"publisher\":{\"@id\":\"https:\\\/\\\/www.sfsic.org\\\/en\\\/#organization\"},\"keywords\":[\"Election\",\"Politique\"],\"articleSection\":[\"AAC \u00c9v\u00e9nement\",\"Colloque\"],\"inLanguage\":\"en-US\"},{\"@type\":\"WebPage\",\"@id\":\"https:\\\/\\\/www.sfsic.org\\\/en\\\/aac-evenement\\\/lelection-presidentielle-de-2022-vers-une-reinvention-des-processus-democratiques-3\\\/\",\"url\":\"https:\\\/\\\/www.sfsic.org\\\/en\\\/aac-evenement\\\/lelection-presidentielle-de-2022-vers-une-reinvention-des-processus-democratiques-3\\\/\",\"name\":\"L\u2019\u00e9lection pr\u00e9sidentielle de 2022 : vers une r\u00e9invention des processus d\u00e9mocratiques ?\",\"isPartOf\":{\"@id\":\"https:\\\/\\\/www.sfsic.org\\\/en\\\/#website\"},\"datePublished\":\"2022-02-19T13:59:21+00:00\",\"dateModified\":\"2022-02-19T14:02:05+00:00\",\"description\":\"Les laboratoires SIC.Lab M\u00e9diterran\u00e9e et CECCOPOP organisent du 29 au 30 juin 2022 un colloque international intitul\u00e9 \\\"L\u2019\u00e9lection pr\u00e9sidentielle de 2022 : vers une r\u00e9invention des processus d\u00e9mocratiques ?\\\". L'AAC court jusqu'au 27\\\/02\\\/2022.\",\"breadcrumb\":{\"@id\":\"https:\\\/\\\/www.sfsic.org\\\/en\\\/aac-evenement\\\/lelection-presidentielle-de-2022-vers-une-reinvention-des-processus-democratiques-3\\\/#breadcrumb\"},\"inLanguage\":\"en-US\",\"potentialAction\":[{\"@type\":\"ReadAction\",\"target\":[\"https:\\\/\\\/www.sfsic.org\\\/en\\\/aac-evenement\\\/lelection-presidentielle-de-2022-vers-une-reinvention-des-processus-democratiques-3\\\/\"]}]},{\"@type\":\"BreadcrumbList\",\"@id\":\"https:\\\/\\\/www.sfsic.org\\\/en\\\/aac-evenement\\\/lelection-presidentielle-de-2022-vers-une-reinvention-des-processus-democratiques-3\\\/#breadcrumb\",\"itemListElement\":[{\"@type\":\"ListItem\",\"position\":1,\"name\":\"Accueil\",\"item\":\"https:\\\/\\\/www.sfsic.org\\\/en\\\/\"},{\"@type\":\"ListItem\",\"position\":2,\"name\":\"Calls for Contributions\",\"item\":\"https:\\\/\\\/www.sfsic.org\\\/en\\\/cfc-event\\\/\"},{\"@type\":\"ListItem\",\"position\":3,\"name\":\"Conference\",\"item\":\"https:\\\/\\\/www.sfsic.org\\\/en\\\/cfc-event\\\/conference\\\/\"},{\"@type\":\"ListItem\",\"position\":4,\"name\":\"L\u2019\u00e9lection pr\u00e9sidentielle de 2022&#160;: vers une r\u00e9invention des processus d\u00e9mocratiques&#160;?\"}]},{\"@type\":\"WebSite\",\"@id\":\"https:\\\/\\\/www.sfsic.org\\\/en\\\/#website\",\"url\":\"https:\\\/\\\/www.sfsic.org\\\/en\\\/\",\"name\":\"SFSIC\",\"description\":\"Soci\u00e9t\u00e9 Fran\u00e7aise des Sciences de l&#039;Information &amp; de la Communication\",\"publisher\":{\"@id\":\"https:\\\/\\\/www.sfsic.org\\\/en\\\/#organization\"},\"potentialAction\":[{\"@type\":\"SearchAction\",\"target\":{\"@type\":\"EntryPoint\",\"urlTemplate\":\"https:\\\/\\\/www.sfsic.org\\\/en\\\/?s={search_term_string}\"},\"query-input\":{\"@type\":\"PropertyValueSpecification\",\"valueRequired\":true,\"valueName\":\"search_term_string\"}}],\"inLanguage\":\"en-US\"},{\"@type\":\"Organization\",\"@id\":\"https:\\\/\\\/www.sfsic.org\\\/en\\\/#organization\",\"name\":\"SFSIC\",\"url\":\"https:\\\/\\\/www.sfsic.org\\\/en\\\/\",\"logo\":{\"@type\":\"ImageObject\",\"inLanguage\":\"en-US\",\"@id\":\"https:\\\/\\\/www.sfsic.org\\\/en\\\/#\\\/schema\\\/logo\\\/image\\\/\",\"url\":\"https:\\\/\\\/www.sfsic.org\\\/wp-inside\\\/uploads\\\/2020\\\/05\\\/logo-sfsic.jpg\",\"contentUrl\":\"https:\\\/\\\/www.sfsic.org\\\/wp-inside\\\/uploads\\\/2020\\\/05\\\/logo-sfsic.jpg\",\"width\":1085,\"height\":1080,\"caption\":\"SFSIC\"},\"image\":{\"@id\":\"https:\\\/\\\/www.sfsic.org\\\/en\\\/#\\\/schema\\\/logo\\\/image\\\/\"}},{\"@type\":\"Person\",\"@id\":\"https:\\\/\\\/www.sfsic.org\\\/en\\\/#\\\/schema\\\/person\\\/9f83573bda33f40c68c7c826e9567df6\",\"name\":\"Fabien Bonnet\",\"image\":{\"@type\":\"ImageObject\",\"inLanguage\":\"en-US\",\"@id\":\"https:\\\/\\\/secure.gravatar.com\\\/avatar\\\/88a9288fc13369cb9e30359afa340f8adace82098c18ff09415c6dacd710ddc4?s=96&d=mm&r=g\",\"url\":\"https:\\\/\\\/secure.gravatar.com\\\/avatar\\\/88a9288fc13369cb9e30359afa340f8adace82098c18ff09415c6dacd710ddc4?s=96&d=mm&r=g\",\"contentUrl\":\"https:\\\/\\\/secure.gravatar.com\\\/avatar\\\/88a9288fc13369cb9e30359afa340f8adace82098c18ff09415c6dacd710ddc4?s=96&d=mm&r=g\",\"caption\":\"Fabien Bonnet\"}}]}<\/script>\n<!-- \/ Yoast SEO plugin. -->","yoast_head_json":{"title":"L\u2019\u00e9lection pr\u00e9sidentielle de 2022 : vers une r\u00e9invention des processus d\u00e9mocratiques ?","description":"Les laboratoires SIC.Lab M\u00e9diterran\u00e9e et CECCOPOP organisent du 29 au 30 juin 2022 un colloque international intitul\u00e9 \"L\u2019\u00e9lection pr\u00e9sidentielle de 2022 : vers une r\u00e9invention des processus d\u00e9mocratiques ?\". L'AAC court jusqu'au 27\/02\/2022.","robots":{"index":"index","follow":"follow","max-snippet":"max-snippet:-1","max-image-preview":"max-image-preview:large","max-video-preview":"max-video-preview:-1"},"canonical":"https:\/\/www.sfsic.org\/en\/aac-evenement\/lelection-presidentielle-de-2022-vers-une-reinvention-des-processus-democratiques-3\/","og_locale":"en_US","og_type":"article","og_title":"L\u2019\u00e9lection pr\u00e9sidentielle de 2022 : vers une r\u00e9invention des processus d\u00e9mocratiques ?","og_description":"Les laboratoires SIC.Lab M\u00e9diterran\u00e9e et CECCOPOP organisent du 29 au 30 juin 2022 un colloque international intitul\u00e9 \"L\u2019\u00e9lection pr\u00e9sidentielle de 2022 : vers une r\u00e9invention des processus d\u00e9mocratiques ?\". L'AAC court jusqu'au 27\/02\/2022.","og_url":"https:\/\/www.sfsic.org\/en\/aac-evenement\/lelection-presidentielle-de-2022-vers-une-reinvention-des-processus-democratiques-3\/","og_site_name":"SFSIC","article_published_time":"2022-02-19T13:59:21+00:00","article_modified_time":"2022-02-19T14:02:05+00:00","author":"Fabien Bonnet","twitter_card":"summary_large_image","schema":{"@context":"https:\/\/schema.org","@graph":[{"@type":"Article","@id":"https:\/\/www.sfsic.org\/en\/aac-evenement\/lelection-presidentielle-de-2022-vers-une-reinvention-des-processus-democratiques-3\/#article","isPartOf":{"@id":"https:\/\/www.sfsic.org\/en\/aac-evenement\/lelection-presidentielle-de-2022-vers-une-reinvention-des-processus-democratiques-3\/"},"author":{"name":"Fabien Bonnet","@id":"https:\/\/www.sfsic.org\/en\/#\/schema\/person\/9f83573bda33f40c68c7c826e9567df6"},"headline":"L\u2019\u00e9lection pr\u00e9sidentielle de 2022 : vers une r\u00e9invention des processus d\u00e9mocratiques ?","datePublished":"2022-02-19T13:59:21+00:00","dateModified":"2022-02-19T14:02:05+00:00","mainEntityOfPage":{"@id":"https:\/\/www.sfsic.org\/en\/aac-evenement\/lelection-presidentielle-de-2022-vers-une-reinvention-des-processus-democratiques-3\/"},"wordCount":1621,"publisher":{"@id":"https:\/\/www.sfsic.org\/en\/#organization"},"keywords":["Election","Politique"],"articleSection":["AAC \u00c9v\u00e9nement","Colloque"],"inLanguage":"en-US"},{"@type":"WebPage","@id":"https:\/\/www.sfsic.org\/en\/aac-evenement\/lelection-presidentielle-de-2022-vers-une-reinvention-des-processus-democratiques-3\/","url":"https:\/\/www.sfsic.org\/en\/aac-evenement\/lelection-presidentielle-de-2022-vers-une-reinvention-des-processus-democratiques-3\/","name":"L\u2019\u00e9lection pr\u00e9sidentielle de 2022 : vers une r\u00e9invention des processus d\u00e9mocratiques ?","isPartOf":{"@id":"https:\/\/www.sfsic.org\/en\/#website"},"datePublished":"2022-02-19T13:59:21+00:00","dateModified":"2022-02-19T14:02:05+00:00","description":"Les laboratoires SIC.Lab M\u00e9diterran\u00e9e et CECCOPOP organisent du 29 au 30 juin 2022 un colloque international intitul\u00e9 \"L\u2019\u00e9lection pr\u00e9sidentielle de 2022 : vers une r\u00e9invention des processus d\u00e9mocratiques ?\". L'AAC court jusqu'au 27\/02\/2022.","breadcrumb":{"@id":"https:\/\/www.sfsic.org\/en\/aac-evenement\/lelection-presidentielle-de-2022-vers-une-reinvention-des-processus-democratiques-3\/#breadcrumb"},"inLanguage":"en-US","potentialAction":[{"@type":"ReadAction","target":["https:\/\/www.sfsic.org\/en\/aac-evenement\/lelection-presidentielle-de-2022-vers-une-reinvention-des-processus-democratiques-3\/"]}]},{"@type":"BreadcrumbList","@id":"https:\/\/www.sfsic.org\/en\/aac-evenement\/lelection-presidentielle-de-2022-vers-une-reinvention-des-processus-democratiques-3\/#breadcrumb","itemListElement":[{"@type":"ListItem","position":1,"name":"Accueil","item":"https:\/\/www.sfsic.org\/en\/"},{"@type":"ListItem","position":2,"name":"Calls for Contributions","item":"https:\/\/www.sfsic.org\/en\/cfc-event\/"},{"@type":"ListItem","position":3,"name":"Conference","item":"https:\/\/www.sfsic.org\/en\/cfc-event\/conference\/"},{"@type":"ListItem","position":4,"name":"L\u2019\u00e9lection pr\u00e9sidentielle de 2022&#160;: vers une r\u00e9invention des processus d\u00e9mocratiques&#160;?"}]},{"@type":"WebSite","@id":"https:\/\/www.sfsic.org\/en\/#website","url":"https:\/\/www.sfsic.org\/en\/","name":"SFSIC","description":"Soci\u00e9t\u00e9 Fran\u00e7aise des Sciences de l&#039;Information &amp; de la Communication","publisher":{"@id":"https:\/\/www.sfsic.org\/en\/#organization"},"potentialAction":[{"@type":"SearchAction","target":{"@type":"EntryPoint","urlTemplate":"https:\/\/www.sfsic.org\/en\/?s={search_term_string}"},"query-input":{"@type":"PropertyValueSpecification","valueRequired":true,"valueName":"search_term_string"}}],"inLanguage":"en-US"},{"@type":"Organization","@id":"https:\/\/www.sfsic.org\/en\/#organization","name":"SFSIC","url":"https:\/\/www.sfsic.org\/en\/","logo":{"@type":"ImageObject","inLanguage":"en-US","@id":"https:\/\/www.sfsic.org\/en\/#\/schema\/logo\/image\/","url":"https:\/\/www.sfsic.org\/wp-inside\/uploads\/2020\/05\/logo-sfsic.jpg","contentUrl":"https:\/\/www.sfsic.org\/wp-inside\/uploads\/2020\/05\/logo-sfsic.jpg","width":1085,"height":1080,"caption":"SFSIC"},"image":{"@id":"https:\/\/www.sfsic.org\/en\/#\/schema\/logo\/image\/"}},{"@type":"Person","@id":"https:\/\/www.sfsic.org\/en\/#\/schema\/person\/9f83573bda33f40c68c7c826e9567df6","name":"Fabien Bonnet","image":{"@type":"ImageObject","inLanguage":"en-US","@id":"https:\/\/secure.gravatar.com\/avatar\/88a9288fc13369cb9e30359afa340f8adace82098c18ff09415c6dacd710ddc4?s=96&d=mm&r=g","url":"https:\/\/secure.gravatar.com\/avatar\/88a9288fc13369cb9e30359afa340f8adace82098c18ff09415c6dacd710ddc4?s=96&d=mm&r=g","contentUrl":"https:\/\/secure.gravatar.com\/avatar\/88a9288fc13369cb9e30359afa340f8adace82098c18ff09415c6dacd710ddc4?s=96&d=mm&r=g","caption":"Fabien Bonnet"}}]}},"_links":{"self":[{"href":"https:\/\/www.sfsic.org\/en\/wp-json\/wp\/v2\/posts\/22879","targetHints":{"allow":["GET"]}}],"collection":[{"href":"https:\/\/www.sfsic.org\/en\/wp-json\/wp\/v2\/posts"}],"about":[{"href":"https:\/\/www.sfsic.org\/en\/wp-json\/wp\/v2\/types\/post"}],"author":[{"embeddable":true,"href":"https:\/\/www.sfsic.org\/en\/wp-json\/wp\/v2\/users\/957"}],"replies":[{"embeddable":true,"href":"https:\/\/www.sfsic.org\/en\/wp-json\/wp\/v2\/comments?post=22879"}],"version-history":[{"count":2,"href":"https:\/\/www.sfsic.org\/en\/wp-json\/wp\/v2\/posts\/22879\/revisions"}],"predecessor-version":[{"id":22883,"href":"https:\/\/www.sfsic.org\/en\/wp-json\/wp\/v2\/posts\/22879\/revisions\/22883"}],"wp:attachment":[{"href":"https:\/\/www.sfsic.org\/en\/wp-json\/wp\/v2\/media?parent=22879"}],"wp:term":[{"taxonomy":"category","embeddable":true,"href":"https:\/\/www.sfsic.org\/en\/wp-json\/wp\/v2\/categories?post=22879"},{"taxonomy":"post_tag","embeddable":true,"href":"https:\/\/www.sfsic.org\/en\/wp-json\/wp\/v2\/tags?post=22879"},{"taxonomy":"thematique","embeddable":true,"href":"https:\/\/www.sfsic.org\/en\/wp-json\/wp\/v2\/thematique?post=22879"},{"taxonomy":"sfsic","embeddable":true,"href":"https:\/\/www.sfsic.org\/en\/wp-json\/wp\/v2\/sfsic?post=22879"}],"curies":[{"name":"wp","href":"https:\/\/api.w.org\/{rel}","templated":true}]}}