{"id":22823,"date":"2022-02-20T10:23:24","date_gmt":"2022-02-20T09:23:24","guid":{"rendered":"https:\/\/www.sfsic.org\/?p=22823"},"modified":"2022-02-20T10:23:24","modified_gmt":"2022-02-20T09:23:24","slug":"pour-une-ethique-du-regard","status":"publish","type":"post","link":"https:\/\/www.sfsic.org\/en\/publication\/pour-une-ethique-du-regard\/","title":{"rendered":"Pour une \u00e9thique du regard"},"content":{"rendered":"<p><!-- fxzn:singledetail --><\/p>\n<div class=\"zone zn-singledetail\" id=\"fxzn-singledetail-1\">\n<div class=\"zone-block zn-singledetail-block alignwide va-top\">\n<div class=\"row\">\n<div class=\"columns large-8 large-push-4\">\n<div class=\"zn-singledetail-metabox\">\n<div class=\"zn-singledetail-pubdate pubdate\">\n\t\t\t\t\t<span class=\"pubdate-txt\">Mis en ligne le<\/span><span class=\"doubledot\"><\/span> <time class=\"pubdate-time\" pubdate datetime=\"2022-02-14T13:57:50+01:00\">14 f\u00e9vrier 2022<\/time>\t\t\t\t<\/div>\n<div class=\"zn-singledetail-thematiques with-sep-comma\">\n<ul class=\"termslist termslist-thematique\">\n<li class=\"termslist-item termslist-title\"><span class=\"termslist-titletxt\">Th\u00e9matiques<\/span><span class=\"doubledot\"><\/span><\/li>\n<li class=\"termslist-item tax-thematique term-medias-et-journalisme\"><a class=\"termslist-itemlink\" href=\"https:\/\/www.sfsic.org\/thematiques\/medias-et-journalisme\/\" title=\"M\u00e9dias et journalisme\"><span class=\"termslist-itemname\">M\u00e9dias et journalisme<\/span><\/a><\/li>\n<\/ul><\/div>\n<\/p><\/div>\n<\/p><\/div>\n<\/p><\/div>\n<div class=\"row\">\n<div class=\"columns large-4\">\n<div class=\"zn-singledetail-sidebar bg-cornersquares\">\n<div class=\"zn-singledetail-infos\">\n<p class=\"zn-singledetail-type\">\n\t\t\t\t\t\t\t<span>Type de publication<\/span><span class=\"doubledot\"><\/span> <strong>Num\u00e9ro de revue<\/strong>\n\t\t\t\t\t<\/p>\n<p class=\"zn-singledetail-name\">\n\t\t\t\t\t\t\t<span>Nom de la publication<\/span><span class=\"doubledot\"><\/span> <strong>T\u00e9l\u00e9vision<\/strong>\n\t\t\t\t\t<\/p>\n<p class=\"zn-singledetail-edition\">\n\t\t\t\t\t\t\t<span>\u00c9dition<\/span><span class=\"doubledot\"><\/span> <strong>CNRS \u00c9ditions<\/strong>\n\t\t\t\t\t<\/p>\n<\/p><\/div>\n<div class=\"zn-singledetail-weblinks\">\n<h3 class=\"zn-singledetail-section-title\">Sites internet de r\u00e9f\u00e9rence<\/h3>\n<ul class=\"zn-singledetail-weblinks-list\">\n<li>\n\t\t\t\t\t\t\t<a class=\"prettylink chainlink\" href=\"https:\/\/www.cairn.info\/revue-television-2021-1.htm?WT.rss_f=Info%2C+Communication&amp;WT.tsrc=RSS&amp;contenu=sommaire\" title=\"Num\u00e9ro accessible sur Cairn\" target=\"_blank\" rel=\"noopener\">Num\u00e9ro accessible sur Cairn<\/a>\n\t\t\t\t\t\t<\/li>\n<\/ul><\/div>\n<\/p><\/div>\n<\/p><\/div>\n<div class=\"columns large-8\">\n<div class=\"zn-singledetail-contentbox\">\n<div class=\"zn-singledetail-annonce wig-content\">\n<p><img decoding=\"async\" loading=\"lazy\" class=\"size-full wp-image-22824 aligncenter\" src=\"https:\/\/www.sfsic.org\/wp-inside\/uploads\/2022\/02\/television-2021-1-n-12.jpg\" alt=\"Pour une \u00e9thique du regard - T\u00e9l\u00e9vision 2021\/1 (N12)\" width=\"204\" height=\"288\" srcset=\"https:\/\/www.sfsic.org\/wp-inside\/uploads\/2022\/02\/television-2021-1-n-12.jpg 204w, https:\/\/www.sfsic.org\/wp-inside\/uploads\/2022\/02\/television-2021-1-n-12-200x282.jpg 200w\" sizes=\"auto, (max-width: 204px) 100vw, 204px\" \/><\/p>\n<h2>Pr\u00e9sentation<\/h2>\n<p>R\u00e9guli\u00e8rement, la t\u00e9l\u00e9vision d\u00e9clenche des d\u00e9bats de soci\u00e9t\u00e9 qui s\u2019av\u00e8rent parfois futiles (la t\u00e9l\u00e9-r\u00e9alit\u00e9 trait\u00e9e de \u00ab&#160;t\u00e9l\u00e9-poubelle&#160;\u00bb en 2001) ou, au contraire, graves (les retransmissions en direct des attentats de 2015). \u00c0 chaque fois, sont soulev\u00e9es des questions \u00e9thiques sur les limites du repr\u00e9sentable et du montrable. Si l\u2019information soul\u00e8ve de nombreuses questions, il en va de m\u00eame des autres genres.<br \/>\nMais au nom de quelle \u00e9thique parle-t-on&#160;? La d\u00e9ontologie&#160;? Le cons\u00e9quentialisme&#160;? Une \u00e9thique des valeurs&#160;? Cela d\u00e9pend des programmes comme des acteurs de la communication. Sous couvert de devoirs moraux \u00e0 l\u2019\u00e9gard du public, n\u2019assiste-t-on pas \u00e0 l\u2019\u00e9mergence de th\u00e8ses \u00ab&#160;maximalistes&#160;\u00bb, selon le terme de Ruwen Ogien, sortes de nouvelles formes de \u00ab&#160;censure&#160;\u00bb voire d\u2019\u00ab&#160;auto-censure&#160;\u00bb&#160;?<br \/>\nIl ne s\u2019agit nullement de livrer un code de bonnes conduites, mais seulement de poser des questions. Questionner l\u2019\u00e9thique de la t\u00e9l\u00e9vision, c\u2019est d\u2019abord consid\u00e9rer les diverses \u00e9missions diffus\u00e9es comme des actes, actes d\u2019auteurs, de r\u00e9alisateurs, de diffuseurs, qui, comme tels, recourent, peu ou prou, \u00e0 des normes morales. Malgr\u00e9 la diversit\u00e9 des th\u00e8mes abord\u00e9s, tous les textes ici r\u00e9unis s\u2019accordent sur un point&#160;: la n\u00e9cessit\u00e9 de s\u2019interroger sur le regard. Regard de ceux qui m\u00e9diatisent le monde et qui nous proposent des points de vue, qu\u2019il s\u2019agisse de retransmettre un match de football en direct ou de raconter un fait divers, d\u2019\u00e9voquer la sexualit\u00e9 ou de montrer le handicap ou la mort. Regard que nous portons sur ces fa\u00e7ons de voir.<\/p>\n<h2>Sommaire<\/h2>\n<p><a href=\"https:\/\/www.cairn.info\/revue-television-2021-1-page-7.htm\">Pr\u00e9sentation<\/a><\/p>\n<p>Fran\u00e7ois Jost<\/p>\n<h3>Dossier &#8211; Pour une \u00e9thique du regard<\/h3>\n<p><a href=\"https:\/\/www.cairn.info\/revue-television-2021-1-page-11.htm\">Pr\u00e9sentation du num\u00e9ro<\/a><\/p>\n<p>Fran\u00e7ois Jost,\u00a0Sylvie Pierre<\/p>\n<p><a href=\"https:\/\/www.cairn.info\/revue-television-2021-1-page-15.htm\">Quelles \u00e9thiques pour la t\u00e9l\u00e9vision&#160;? Dignit\u00e9 humaine et pr\u00e9judices<\/a><\/p>\n<p>Fran\u00e7ois Jost<\/p>\n<p><a href=\"https:\/\/www.cairn.info\/revue-television-2021-1-page-33.htm\">D\u2019une d\u00e9ontologie paternaliste \u00e0 une \u00e9thique humaniste&#160;: Jean d\u2019Arcy (1959-1980)<\/a><\/p>\n<p>Sylvie Pierre<\/p>\n<p><a href=\"https:\/\/www.cairn.info\/revue-television-2021-1-page-51.htm\">Pour une \u00e9thique \u00e9largie des m\u00e9dias&#160;: l\u2019hypoth\u00e8se de la sinc\u00e9rit\u00e9<\/a><\/p>\n<p>Marie-France Chambat-Houillon<\/p>\n<p><a href=\"https:\/\/www.cairn.info\/revue-television-2021-1-page-69.htm\">L\u2019\u00e9ducation sexuelle \u00e0 la t\u00e9l\u00e9vision fran\u00e7aise. L\u2019exemple de \u00ab&#160;L\u2019amour en questions&#160;\u00bb<\/a><\/p>\n<p>Didier Ozil<\/p>\n<p><a href=\"https:\/\/www.cairn.info\/revue-television-2021-1-page-85.htm\">D\u00e9faire le\u00a0freak show. Adam Pearson et l\u2019\u00e9thique de la repr\u00e9sentation du handicap \u00e0 la t\u00e9l\u00e9vision<\/a><\/p>\n<p>Marie Assaf,\u00a0Arthur S\u00e9gard<\/p>\n<p><a href=\"https:\/\/www.cairn.info\/revue-television-2021-1-page-103.htm\">Le probl\u00e8me de la fid\u00e9lit\u00e9 au r\u00e9el dans la r\u00e9alisation t\u00e9l\u00e9vis\u00e9e du football<\/a><\/p>\n<p>Laurent Camus<\/p>\n<p><a href=\"https:\/\/www.cairn.info\/revue-television-2021-1-page-121.htm\">Une \u00e9thique f\u00e9ministe des discours journalistiques est-elle possible&#160;? Le cas des \u00ab&#160;drames familiaux&#160;\u00bb dans les journaux t\u00e9l\u00e9vis\u00e9s fran\u00e7ais (1991-2018)<\/a><\/p>\n<p>Sophie Dubec<\/p>\n<p><a href=\"https:\/\/www.cairn.info\/revue-television-2021-1-page-139.htm\">Confessions t\u00e9l\u00e9vis\u00e9es au Vietnam&#160;: la t\u00e9l\u00e9vision est-elle un tribunal&#160;?<\/a><\/p>\n<p>Thi Thanh Phuong Nguyen-Pochan<\/p>\n<p><a href=\"https:\/\/www.cairn.info\/revue-television-2021-1-page-159.htm\">Pour une r\u00e9flexion sur l\u2019\u00e9thique et la morale dans les discours sur l\u2019usage des \u00e9crans par les enfants<\/a><\/p>\n<p>Barbara Laborde<\/p>\n<h3>Entretien avec Jean-Marie Canada<\/h3>\n<p><a href=\"https:\/\/www.cairn.info\/revue-television-2021-1-page-175.htm\">Entretien avec Jean-Marie Cavada<\/a><\/p>\n<\/p><\/div>\n<div class=\"zn-singledetail-keywords\">\n<h3 class=\"zn-singledetail-section-title\">Mots-cl\u00e9s<\/h3>\n<ul class=\"termslist termslist-post_tag\">\n<li class=\"termslist-item termslist-title\"><span class=\"termslist-titletxt\">Mots-cl\u00e9s<\/span><span class=\"doubledot\"><\/span><\/li>\n<li class=\"termslist-item tax-post_tag term-ethique\"><a class=\"termslist-itemlink\" href=\"https:\/\/www.sfsic.org\/tag\/ethique\/\" title=\"Ethique\"><span class=\"termslist-itemname\">Ethique<\/span><\/a><\/li>\n<li class=\"termslist-item tax-post_tag term-television\"><a class=\"termslist-itemlink\" href=\"https:\/\/www.sfsic.org\/tag\/television\/\" title=\"t\u00e9l\u00e9vision\"><span class=\"termslist-itemname\">t\u00e9l\u00e9vision<\/span><\/a><\/li>\n<\/ul><\/div>\n<\/p><\/div>\n<\/p><\/div>\n<\/p><\/div>\n<\/p><\/div>\n<\/div>\n<p><!-- \/fxzn:singledetail --><\/p>\n","protected":false},"excerpt":{"rendered":"<p>Mis en ligne le 14 f\u00e9vrier 2022 Th\u00e9matiques M\u00e9dias et journalisme Type de publication Num\u00e9ro de revue Nom de la publication T\u00e9l\u00e9vision \u00c9dition CNRS \u00c9ditions Sites internet de r\u00e9f\u00e9rence Num\u00e9ro [&hellip;]<\/p>\n","protected":false},"author":1172,"featured_media":0,"comment_status":"closed","ping_status":"closed","sticky":false,"template":"","format":"standard","meta":{"_acf_changed":false,"footnotes":""},"categories":[70,31],"tags":[180,471],"thematique":[34],"sfsic":[],"class_list":["post-22823","post","type-post","status-publish","format-standard","hentry","category-numero-revue","category-publication","tag-ethique","tag-television","thematique-medias-et-journalisme","wp-sticky"],"acf":[],"yoast_head":"<!-- This site is optimized with the Yoast SEO plugin v27.5 - https:\/\/yoast.com\/product\/yoast-seo-wordpress\/ -->\n<title>Pour une \u00e9thique du regard<\/title>\n<meta name=\"description\" content=\"Le num\u00e9ro 12 de la revue T\u00e9l\u00e9vision est en ligne.\" \/>\n<meta name=\"robots\" content=\"index, follow, max-snippet:-1, max-image-preview:large, max-video-preview:-1\" \/>\n<link rel=\"canonical\" href=\"https:\/\/www.sfsic.org\/en\/publication\/pour-une-ethique-du-regard\/\" \/>\n<meta property=\"og:locale\" content=\"en_US\" \/>\n<meta property=\"og:type\" content=\"article\" \/>\n<meta property=\"og:title\" content=\"Pour une \u00e9thique du regard\" \/>\n<meta property=\"og:description\" content=\"Le num\u00e9ro 12 de la revue T\u00e9l\u00e9vision est en ligne.\" \/>\n<meta property=\"og:url\" content=\"https:\/\/www.sfsic.org\/en\/publication\/pour-une-ethique-du-regard\/\" \/>\n<meta property=\"og:site_name\" content=\"SFSIC\" \/>\n<meta property=\"article:published_time\" content=\"2022-02-20T09:23:24+00:00\" \/>\n<meta property=\"og:image\" content=\"https:\/\/www.sfsic.org\/wp-inside\/uploads\/2022\/02\/television-2021-1-n-12.jpg\" \/>\n<meta name=\"author\" content=\"Fabiola Mamdy\" \/>\n<meta name=\"twitter:card\" content=\"summary_large_image\" \/>\n<script type=\"application\/ld+json\" class=\"yoast-schema-graph\">{\"@context\":\"https:\\\/\\\/schema.org\",\"@graph\":[{\"@type\":\"Article\",\"@id\":\"https:\\\/\\\/www.sfsic.org\\\/en\\\/publication\\\/pour-une-ethique-du-regard\\\/#article\",\"isPartOf\":{\"@id\":\"https:\\\/\\\/www.sfsic.org\\\/en\\\/publication\\\/pour-une-ethique-du-regard\\\/\"},\"author\":{\"name\":\"Fabiola Mamdy\",\"@id\":\"https:\\\/\\\/www.sfsic.org\\\/en\\\/#\\\/schema\\\/person\\\/cf7badb141d17d598407590a811d9dc3\"},\"headline\":\"Pour une \u00e9thique du regard\",\"datePublished\":\"2022-02-20T09:23:24+00:00\",\"mainEntityOfPage\":{\"@id\":\"https:\\\/\\\/www.sfsic.org\\\/en\\\/publication\\\/pour-une-ethique-du-regard\\\/\"},\"wordCount\":543,\"publisher\":{\"@id\":\"https:\\\/\\\/www.sfsic.org\\\/en\\\/#organization\"},\"image\":{\"@id\":\"https:\\\/\\\/www.sfsic.org\\\/en\\\/publication\\\/pour-une-ethique-du-regard\\\/#primaryimage\"},\"thumbnailUrl\":\"https:\\\/\\\/www.sfsic.org\\\/wp-inside\\\/uploads\\\/2022\\\/02\\\/television-2021-1-n-12.jpg\",\"keywords\":[\"Ethique\",\"t\u00e9l\u00e9vision\"],\"articleSection\":[\"Num\u00e9ro de revue\",\"Publications\"],\"inLanguage\":\"en-US\"},{\"@type\":\"WebPage\",\"@id\":\"https:\\\/\\\/www.sfsic.org\\\/en\\\/publication\\\/pour-une-ethique-du-regard\\\/\",\"url\":\"https:\\\/\\\/www.sfsic.org\\\/en\\\/publication\\\/pour-une-ethique-du-regard\\\/\",\"name\":\"Pour une \u00e9thique du regard\",\"isPartOf\":{\"@id\":\"https:\\\/\\\/www.sfsic.org\\\/en\\\/#website\"},\"primaryImageOfPage\":{\"@id\":\"https:\\\/\\\/www.sfsic.org\\\/en\\\/publication\\\/pour-une-ethique-du-regard\\\/#primaryimage\"},\"image\":{\"@id\":\"https:\\\/\\\/www.sfsic.org\\\/en\\\/publication\\\/pour-une-ethique-du-regard\\\/#primaryimage\"},\"thumbnailUrl\":\"https:\\\/\\\/www.sfsic.org\\\/wp-inside\\\/uploads\\\/2022\\\/02\\\/television-2021-1-n-12.jpg\",\"datePublished\":\"2022-02-20T09:23:24+00:00\",\"description\":\"Le num\u00e9ro 12 de la revue T\u00e9l\u00e9vision est en ligne.\",\"breadcrumb\":{\"@id\":\"https:\\\/\\\/www.sfsic.org\\\/en\\\/publication\\\/pour-une-ethique-du-regard\\\/#breadcrumb\"},\"inLanguage\":\"en-US\",\"potentialAction\":[{\"@type\":\"ReadAction\",\"target\":[\"https:\\\/\\\/www.sfsic.org\\\/en\\\/publication\\\/pour-une-ethique-du-regard\\\/\"]}]},{\"@type\":\"ImageObject\",\"inLanguage\":\"en-US\",\"@id\":\"https:\\\/\\\/www.sfsic.org\\\/en\\\/publication\\\/pour-une-ethique-du-regard\\\/#primaryimage\",\"url\":\"https:\\\/\\\/www.sfsic.org\\\/wp-inside\\\/uploads\\\/2022\\\/02\\\/television-2021-1-n-12.jpg\",\"contentUrl\":\"https:\\\/\\\/www.sfsic.org\\\/wp-inside\\\/uploads\\\/2022\\\/02\\\/television-2021-1-n-12.jpg\"},{\"@type\":\"BreadcrumbList\",\"@id\":\"https:\\\/\\\/www.sfsic.org\\\/en\\\/publication\\\/pour-une-ethique-du-regard\\\/#breadcrumb\",\"itemListElement\":[{\"@type\":\"ListItem\",\"position\":1,\"name\":\"Accueil\",\"item\":\"https:\\\/\\\/www.sfsic.org\\\/en\\\/\"},{\"@type\":\"ListItem\",\"position\":2,\"name\":\"Publications\",\"item\":\"https:\\\/\\\/www.sfsic.org\\\/en\\\/publication-en\\\/\"},{\"@type\":\"ListItem\",\"position\":3,\"name\":\"Journal issue\",\"item\":\"https:\\\/\\\/www.sfsic.org\\\/en\\\/publication-en\\\/journal-issue\\\/\"},{\"@type\":\"ListItem\",\"position\":4,\"name\":\"Pour une \u00e9thique du regard\"}]},{\"@type\":\"WebSite\",\"@id\":\"https:\\\/\\\/www.sfsic.org\\\/en\\\/#website\",\"url\":\"https:\\\/\\\/www.sfsic.org\\\/en\\\/\",\"name\":\"SFSIC\",\"description\":\"Soci\u00e9t\u00e9 Fran\u00e7aise des Sciences de l&#039;Information &amp; de la Communication\",\"publisher\":{\"@id\":\"https:\\\/\\\/www.sfsic.org\\\/en\\\/#organization\"},\"potentialAction\":[{\"@type\":\"SearchAction\",\"target\":{\"@type\":\"EntryPoint\",\"urlTemplate\":\"https:\\\/\\\/www.sfsic.org\\\/en\\\/?s={search_term_string}\"},\"query-input\":{\"@type\":\"PropertyValueSpecification\",\"valueRequired\":true,\"valueName\":\"search_term_string\"}}],\"inLanguage\":\"en-US\"},{\"@type\":\"Organization\",\"@id\":\"https:\\\/\\\/www.sfsic.org\\\/en\\\/#organization\",\"name\":\"SFSIC\",\"url\":\"https:\\\/\\\/www.sfsic.org\\\/en\\\/\",\"logo\":{\"@type\":\"ImageObject\",\"inLanguage\":\"en-US\",\"@id\":\"https:\\\/\\\/www.sfsic.org\\\/en\\\/#\\\/schema\\\/logo\\\/image\\\/\",\"url\":\"https:\\\/\\\/www.sfsic.org\\\/wp-inside\\\/uploads\\\/2020\\\/05\\\/logo-sfsic.jpg\",\"contentUrl\":\"https:\\\/\\\/www.sfsic.org\\\/wp-inside\\\/uploads\\\/2020\\\/05\\\/logo-sfsic.jpg\",\"width\":1085,\"height\":1080,\"caption\":\"SFSIC\"},\"image\":{\"@id\":\"https:\\\/\\\/www.sfsic.org\\\/en\\\/#\\\/schema\\\/logo\\\/image\\\/\"}},{\"@type\":\"Person\",\"@id\":\"https:\\\/\\\/www.sfsic.org\\\/en\\\/#\\\/schema\\\/person\\\/cf7badb141d17d598407590a811d9dc3\",\"name\":\"Fabiola Mamdy\",\"image\":{\"@type\":\"ImageObject\",\"inLanguage\":\"en-US\",\"@id\":\"https:\\\/\\\/secure.gravatar.com\\\/avatar\\\/fd3c38ca88fd49948400e987af4123df12801d160c252ea06d22b39b1e0a6afb?s=96&d=mm&r=g\",\"url\":\"https:\\\/\\\/secure.gravatar.com\\\/avatar\\\/fd3c38ca88fd49948400e987af4123df12801d160c252ea06d22b39b1e0a6afb?s=96&d=mm&r=g\",\"contentUrl\":\"https:\\\/\\\/secure.gravatar.com\\\/avatar\\\/fd3c38ca88fd49948400e987af4123df12801d160c252ea06d22b39b1e0a6afb?s=96&d=mm&r=g\",\"caption\":\"Fabiola Mamdy\"}}]}<\/script>\n<!-- \/ Yoast SEO plugin. -->","yoast_head_json":{"title":"Pour une \u00e9thique du regard","description":"Le num\u00e9ro 12 de la revue T\u00e9l\u00e9vision est en ligne.","robots":{"index":"index","follow":"follow","max-snippet":"max-snippet:-1","max-image-preview":"max-image-preview:large","max-video-preview":"max-video-preview:-1"},"canonical":"https:\/\/www.sfsic.org\/en\/publication\/pour-une-ethique-du-regard\/","og_locale":"en_US","og_type":"article","og_title":"Pour une \u00e9thique du regard","og_description":"Le num\u00e9ro 12 de la revue T\u00e9l\u00e9vision est en ligne.","og_url":"https:\/\/www.sfsic.org\/en\/publication\/pour-une-ethique-du-regard\/","og_site_name":"SFSIC","article_published_time":"2022-02-20T09:23:24+00:00","og_image":[{"url":"https:\/\/www.sfsic.org\/wp-inside\/uploads\/2022\/02\/television-2021-1-n-12.jpg","type":"","width":"","height":""}],"author":"Fabiola Mamdy","twitter_card":"summary_large_image","schema":{"@context":"https:\/\/schema.org","@graph":[{"@type":"Article","@id":"https:\/\/www.sfsic.org\/en\/publication\/pour-une-ethique-du-regard\/#article","isPartOf":{"@id":"https:\/\/www.sfsic.org\/en\/publication\/pour-une-ethique-du-regard\/"},"author":{"name":"Fabiola Mamdy","@id":"https:\/\/www.sfsic.org\/en\/#\/schema\/person\/cf7badb141d17d598407590a811d9dc3"},"headline":"Pour une \u00e9thique du regard","datePublished":"2022-02-20T09:23:24+00:00","mainEntityOfPage":{"@id":"https:\/\/www.sfsic.org\/en\/publication\/pour-une-ethique-du-regard\/"},"wordCount":543,"publisher":{"@id":"https:\/\/www.sfsic.org\/en\/#organization"},"image":{"@id":"https:\/\/www.sfsic.org\/en\/publication\/pour-une-ethique-du-regard\/#primaryimage"},"thumbnailUrl":"https:\/\/www.sfsic.org\/wp-inside\/uploads\/2022\/02\/television-2021-1-n-12.jpg","keywords":["Ethique","t\u00e9l\u00e9vision"],"articleSection":["Num\u00e9ro de revue","Publications"],"inLanguage":"en-US"},{"@type":"WebPage","@id":"https:\/\/www.sfsic.org\/en\/publication\/pour-une-ethique-du-regard\/","url":"https:\/\/www.sfsic.org\/en\/publication\/pour-une-ethique-du-regard\/","name":"Pour une \u00e9thique du regard","isPartOf":{"@id":"https:\/\/www.sfsic.org\/en\/#website"},"primaryImageOfPage":{"@id":"https:\/\/www.sfsic.org\/en\/publication\/pour-une-ethique-du-regard\/#primaryimage"},"image":{"@id":"https:\/\/www.sfsic.org\/en\/publication\/pour-une-ethique-du-regard\/#primaryimage"},"thumbnailUrl":"https:\/\/www.sfsic.org\/wp-inside\/uploads\/2022\/02\/television-2021-1-n-12.jpg","datePublished":"2022-02-20T09:23:24+00:00","description":"Le num\u00e9ro 12 de la revue T\u00e9l\u00e9vision est en ligne.","breadcrumb":{"@id":"https:\/\/www.sfsic.org\/en\/publication\/pour-une-ethique-du-regard\/#breadcrumb"},"inLanguage":"en-US","potentialAction":[{"@type":"ReadAction","target":["https:\/\/www.sfsic.org\/en\/publication\/pour-une-ethique-du-regard\/"]}]},{"@type":"ImageObject","inLanguage":"en-US","@id":"https:\/\/www.sfsic.org\/en\/publication\/pour-une-ethique-du-regard\/#primaryimage","url":"https:\/\/www.sfsic.org\/wp-inside\/uploads\/2022\/02\/television-2021-1-n-12.jpg","contentUrl":"https:\/\/www.sfsic.org\/wp-inside\/uploads\/2022\/02\/television-2021-1-n-12.jpg"},{"@type":"BreadcrumbList","@id":"https:\/\/www.sfsic.org\/en\/publication\/pour-une-ethique-du-regard\/#breadcrumb","itemListElement":[{"@type":"ListItem","position":1,"name":"Accueil","item":"https:\/\/www.sfsic.org\/en\/"},{"@type":"ListItem","position":2,"name":"Publications","item":"https:\/\/www.sfsic.org\/en\/publication-en\/"},{"@type":"ListItem","position":3,"name":"Journal issue","item":"https:\/\/www.sfsic.org\/en\/publication-en\/journal-issue\/"},{"@type":"ListItem","position":4,"name":"Pour une \u00e9thique du regard"}]},{"@type":"WebSite","@id":"https:\/\/www.sfsic.org\/en\/#website","url":"https:\/\/www.sfsic.org\/en\/","name":"SFSIC","description":"Soci\u00e9t\u00e9 Fran\u00e7aise des Sciences de l&#039;Information &amp; de la Communication","publisher":{"@id":"https:\/\/www.sfsic.org\/en\/#organization"},"potentialAction":[{"@type":"SearchAction","target":{"@type":"EntryPoint","urlTemplate":"https:\/\/www.sfsic.org\/en\/?s={search_term_string}"},"query-input":{"@type":"PropertyValueSpecification","valueRequired":true,"valueName":"search_term_string"}}],"inLanguage":"en-US"},{"@type":"Organization","@id":"https:\/\/www.sfsic.org\/en\/#organization","name":"SFSIC","url":"https:\/\/www.sfsic.org\/en\/","logo":{"@type":"ImageObject","inLanguage":"en-US","@id":"https:\/\/www.sfsic.org\/en\/#\/schema\/logo\/image\/","url":"https:\/\/www.sfsic.org\/wp-inside\/uploads\/2020\/05\/logo-sfsic.jpg","contentUrl":"https:\/\/www.sfsic.org\/wp-inside\/uploads\/2020\/05\/logo-sfsic.jpg","width":1085,"height":1080,"caption":"SFSIC"},"image":{"@id":"https:\/\/www.sfsic.org\/en\/#\/schema\/logo\/image\/"}},{"@type":"Person","@id":"https:\/\/www.sfsic.org\/en\/#\/schema\/person\/cf7badb141d17d598407590a811d9dc3","name":"Fabiola Mamdy","image":{"@type":"ImageObject","inLanguage":"en-US","@id":"https:\/\/secure.gravatar.com\/avatar\/fd3c38ca88fd49948400e987af4123df12801d160c252ea06d22b39b1e0a6afb?s=96&d=mm&r=g","url":"https:\/\/secure.gravatar.com\/avatar\/fd3c38ca88fd49948400e987af4123df12801d160c252ea06d22b39b1e0a6afb?s=96&d=mm&r=g","contentUrl":"https:\/\/secure.gravatar.com\/avatar\/fd3c38ca88fd49948400e987af4123df12801d160c252ea06d22b39b1e0a6afb?s=96&d=mm&r=g","caption":"Fabiola Mamdy"}}]}},"_links":{"self":[{"href":"https:\/\/www.sfsic.org\/en\/wp-json\/wp\/v2\/posts\/22823","targetHints":{"allow":["GET"]}}],"collection":[{"href":"https:\/\/www.sfsic.org\/en\/wp-json\/wp\/v2\/posts"}],"about":[{"href":"https:\/\/www.sfsic.org\/en\/wp-json\/wp\/v2\/types\/post"}],"author":[{"embeddable":true,"href":"https:\/\/www.sfsic.org\/en\/wp-json\/wp\/v2\/users\/1172"}],"replies":[{"embeddable":true,"href":"https:\/\/www.sfsic.org\/en\/wp-json\/wp\/v2\/comments?post=22823"}],"version-history":[{"count":5,"href":"https:\/\/www.sfsic.org\/en\/wp-json\/wp\/v2\/posts\/22823\/revisions"}],"predecessor-version":[{"id":23821,"href":"https:\/\/www.sfsic.org\/en\/wp-json\/wp\/v2\/posts\/22823\/revisions\/23821"}],"wp:attachment":[{"href":"https:\/\/www.sfsic.org\/en\/wp-json\/wp\/v2\/media?parent=22823"}],"wp:term":[{"taxonomy":"category","embeddable":true,"href":"https:\/\/www.sfsic.org\/en\/wp-json\/wp\/v2\/categories?post=22823"},{"taxonomy":"post_tag","embeddable":true,"href":"https:\/\/www.sfsic.org\/en\/wp-json\/wp\/v2\/tags?post=22823"},{"taxonomy":"thematique","embeddable":true,"href":"https:\/\/www.sfsic.org\/en\/wp-json\/wp\/v2\/thematique?post=22823"},{"taxonomy":"sfsic","embeddable":true,"href":"https:\/\/www.sfsic.org\/en\/wp-json\/wp\/v2\/sfsic?post=22823"}],"curies":[{"name":"wp","href":"https:\/\/api.w.org\/{rel}","templated":true}]}}