{"id":22806,"date":"2022-02-13T10:50:40","date_gmt":"2022-02-13T09:50:40","guid":{"rendered":"https:\/\/www.sfsic.org\/?p=22806"},"modified":"2022-02-19T15:19:11","modified_gmt":"2022-02-19T14:19:11","slug":"visages-de-marques-rencontres-pluridisplinaires-webinaires-autour-des-theoriciens-et-des-praticiens-de-la-marque","status":"publish","type":"post","link":"https:\/\/www.sfsic.org\/en\/evenement\/visages-de-marques-rencontres-pluridisplinaires-webinaires-autour-des-theoriciens-et-des-praticiens-de-la-marque\/","title":{"rendered":"Visages de marques- Rencontres pluridisciplinaires (webinaires) autour des th\u00e9oriciens et des praticiens de la marque"},"content":{"rendered":"<p><!-- fxzn:singledetail --><\/p>\n<div class=\"zone zn-singledetail\" id=\"fxzn-singledetail-1\">\n<div class=\"zone-block zn-singledetail-block alignwide va-top\">\n<div class=\"row\">\n<div class=\"columns large-8 large-push-4\">\n<div class=\"zn-singledetail-metabox\">\n<div class=\"zn-singledetail-pubdate pubdate\">\n\t\t\t\t\t<span class=\"pubdate-txt\">Mis en ligne le<\/span><span class=\"doubledot\"><\/span> 13 f\u00e9vrier 2022\t\t\t\t<\/div>\n<div class=\"zn-singledetail-thematiques with-sep-comma\">\n<ul class=\"termslist termslist-thematique\">\n<li class=\"termslist-item termslist-title\"><span class=\"termslist-titletxt\">Th\u00e9matiques<\/span><span class=\"doubledot\"><\/span><\/li>\n<li class=\"termslist-item tax-thematique term-communication-organisations\"><a class=\"termslist-itemlink\" href=\"https:\/\/www.sfsic.org\/thematiques\/communication-organisations\/\" title=\"Communication et organisations\"><span class=\"termslist-itemname\">Communication et organisations<\/span><\/a><\/li>\n<li class=\"termslist-item tax-thematique term-design\"><a class=\"termslist-itemlink\" href=\"https:\/\/www.sfsic.org\/thematiques\/design\/\" title=\"Design\"><span class=\"termslist-itemname\">Design<\/span><\/a><\/li>\n<\/ul><\/div>\n<\/p><\/div>\n<\/p><\/div>\n<\/p><\/div>\n<div class=\"row\">\n<div class=\"columns large-4\">\n<div class=\"zn-singledetail-sidebar bg-cornersquares\">\n<div class=\"zn-singledetail-infos\">\n<p class=\"zn-singledetail-type\">\n\t\t\t\t\t\t\t<span>Type d\u2019\u00e9v\u00e9nement<\/span><span class=\"doubledot\"><\/span> <strong>S\u00e9minaire<\/strong>\n\t\t\t\t\t<\/p>\n<\/p><\/div>\n<div class=\"zn-singledetail-contacts\">\n<h3 class=\"zn-singledetail-section-title\">Contacts<\/h3>\n<ul class=\"zn-singledetail-contacts-list\">\n<li class=\"zn-singledetail-contact\">\n\t\t\t\t\t\t\t<span class=\"zn-singledetail-contact-name\">Patrick Bourgne MCF<\/span><span class=\"doubledot\"><\/span><br \/>\n\t\t\t\t\t\t\t\t\t\t\t\t\t\t<a class=\"zn-singledetail-contact-mail prettylink\" href=\"mailto:Patrick.Bourgne@uca.fr\">Patrick.Bourgne@uca.fr<\/a>\n\t\t\t\t\t\t\t\t\t\t\t\t\t<\/li>\n<\/ul><\/div>\n<\/p><\/div>\n<\/p><\/div>\n<div class=\"columns large-8\">\n<div class=\"zn-singledetail-contentbox\">\n<div class=\"zn-singledetail-eventinfo\">\n<div class=\"zn-singledetail-eventinfo-inner\">\n<div class=\"zn-singledetail-eventdates\">\n\t\t\t\t\t\t<span class=\"zn-singledetail-label\">Dates de l\u2019\u00e9v\u00e9nement<span class=\"doubledot\"><\/span><\/span><\/p>\n<ul class=\"zn-singledetail-eventdates-list\">\n<li class=\"zn-singledetail-eventdates-item\">\n\t\t\t\t\t\t\t\tDu 31\/03\/2022 au 05\/05\/2022, <span class=\"event-schedule\">18h-20h<\/span>\t\t\t\t\t\t\t<\/li>\n<\/ul><\/div>\n<p class=\"zn-singledetail-eventplace\">\n\t\t\t\t\t\t<span class=\"zn-singledetail-label\">Lieu de l\u2019\u00e9v\u00e9nement<span class=\"doubledot\"><\/span><\/span><br \/>\n\t\t\t\t\t\t<span class=\"zn-singledetail-eventplace-adr\"><br \/>\n\t\t\t\t\t\t\t\t\t\t\t\t<span class=\"adr-name\">Visages de marques <\/span>,<\/p>\n<p>\t\t\t\t\t\t<\/span>\t\t\t\t\t<\/p>\n<\/p><\/div>\n<\/p><\/div>\n<div class=\"zn-singledetail-annonce wig-content\">\n<p>Aujourd\u2019hui, la marque n\u2019est plus seulement un objet marketing. Elle ne concerne plus seulement les entreprises et leurs produits ou services. Elle est \u00e0 la fois&#160;:<\/p>\n<ul>\n<li>un objet immat\u00e9riel,<\/li>\n<li>une connaissance cristallis\u00e9e,<\/li>\n<li>un \u00e9l\u00e9ment constituant de notre culture connect\u00e9 aux mythes, arch\u00e9types et imaginaires sociaux,<\/li>\n<li>une culture sp\u00e9cifique engendr\u00e9e par les \u00ab&#160;media culture&#160;\u00bb,<\/li>\n<li>un intertexte,<\/li>\n<li>un signe ou un symbole,<\/li>\n<li>une \u00ab&#160;repr\u00e9sentation sociale&#160;\u00bb comparable aux st\u00e9r\u00e9otypes,<\/li>\n<li>un graphisme,<\/li>\n<li>un ensemble d\u2019artefacts issus d\u2019un lignage esth\u00e9tique\/stylistique commun.<\/li>\n<\/ul>\n<p>Face \u00e0 cette richesse et cette complexit\u00e9, il nous a paru important \u00e0 la fois de mettre en r\u00e9sonance les approches th\u00e9oriques de la marque, souvent focalis\u00e9es sur une de ses composantes, et \u00e0 la fois de faire dialoguer les th\u00e9oriciens et les praticiens qui sont confront\u00e9s au quotidien \u00e0 ces entit\u00e9s insaisissables.<\/p>\n<p>Dans cet esprit, 15 webinaires sont programm\u00e9s entre le <strong>31 mars<\/strong> et le <strong>5 mai 2022. <\/strong><\/p>\n<p><strong>Ils s\u2019adressent \u00e0 un public d\u2019\u00e9tudiants, d\u2019enseignants, de chercheurs et de professionnels. <\/strong><\/p>\n<p><strong>Une inscription est demand\u00e9e pour chacun d\u2019entre eux (les inscriptions sont libres et gratuites) <\/strong><\/p>\n<p>Chaque webinaire s\u2019articulera autour de 3 moments&#160;:<\/p>\n<ul>\n<li>une pr\u00e9sentation de 15 \u00e0 20 minutes sur une th\u00e9matique choisie par le conf\u00e9rencier,<\/li>\n<li>un \u00e9change de 30\/40 minutes environ avec 2 discutants aux profils vari\u00e9s et compl\u00e9mentaires,<\/li>\n<li>un temps d\u00e9di\u00e9 aux questions pos\u00e9es par les participants (30 \u00e0 45 minutes) et trait\u00e9es par l\u2019animateur de la session.<\/li>\n<\/ul>\n<p>Tous les webinaires seront enregistr\u00e9s<\/p>\n<p>L\u2019\u00e9v\u00e8nement r\u00e9unira&#160;:<\/p>\n<ul>\n<li>Didier Bottineau, ENS Lyon<\/li>\n<li>Marcel Botton, Nomen<\/li>\n<li>Dominique Desjeux, Sorbonne SHS<\/li>\n<li>Pierre Doze, HEAR Mulhouse<\/li>\n<li>Christine Fevre-Pernet, Universit\u00e9 de Reims Champagne Ardennes<\/li>\n<li>Anne Geslin-Beyaert, Universit\u00e9 Bordeaux Montaigne<\/li>\n<li>JL Gronner, Fondamenti<\/li>\n<li>S\u00e9bastien Hayez, Signum, La Martini\u00e8re<\/li>\n<li>Ludovic Houplain, H5<\/li>\n<li>Jean No\u00ebl Kapferer, HEC Paris<\/li>\n<li>R\u00e9my Kon\u00e9, Chez Maurice\/ Gorille<\/li>\n<li>J\u00e9r\u00f4me Lacoeuillhe, IUT S\u00e9nart-Fontainebleau, Universit\u00e9 Paris-Est Cr\u00e9teil<\/li>\n<li>Thierry Maillet, Ooshot\/EHESS<\/li>\n<li>G\u00e9raldine Michel, IAE Paris-Sorbonne<\/li>\n<li>Christophe Poinlane, L\u2019agence Pigment<\/li>\n<\/ul>\n<h2>Comit\u00e9 d&rsquo;organisation&#160;:<\/h2>\n<ul>\n<li>Patrick Bourgne, IUT Clermont Auvergne, EA 4647 Communication et Soci\u00e9t\u00e9s<\/li>\n<li>Marie Heyd, EA 3402 Approches contemporaines de la cr\u00e9ation et de la r\u00e9flexion artistique<\/li>\n<li>Agn\u00e9s Bernard, EA 4647 Communication et Soci\u00e9t\u00e9s<\/li>\n<\/ul>\n<h2>Programme des webinaires<\/h2>\n<h3 style=\"text-align: left\"><strong><u>31 mars 2021 \u00e0 18h<\/u><\/strong><\/h3>\n<p style=\"text-align: left\"><strong>Jean-No\u00ebl Kapferer<br \/>\n<\/strong><strong><em>Les Marques de luxe&#160;: leurs sp\u00e9cificit\u00e9s, leur potentiel de d\u00e9sirabilit\u00e9, et leurs diff\u00e9rences interculturelles<\/em><\/strong><\/p>\n<p><strong>Cliquez sur l\u2019image pour s\u2019inscrire \u00e0 ce webinaire<\/strong><\/p>\n<p><a href=\"https:\/\/teams.microsoft.com\/registration\/BL0WWnW0_0mxGsbINZ2xsQ,iqgjOsV4Q0G5Q41qLNjggA,gg1aiEeSOUWXDSHXGMnf0Q,YBN64kRXgU2yS5c8ClNp4g,n_qx-JXsoUOUUBsPoT6O8g,W1SMo0UyIUmxeKrgJKTyeg?mode=read&amp;tenantId=5a16bd04-b475-49ff-b11a-c6c8359db1b1\"><strong>https:\/\/teams.microsoft.com\/registration\/BL0WWnW0_0mxGsbINZ2xsQ,iqgjOsV4Q0G5Q41qLNjggA,gg1aiEeSOUWXDSHXGMnf0Q,YBN64kRXgU2yS5c8ClNp4g,n_qx-JXsoUOUUBsPoT6O8g,W1SMo0UyIUmxeKrgJKTyeg?mode=read&amp;tenantId=5a16bd04-b475-49ff-b11a-c6c8359db1b1<\/strong><\/a><\/p>\n<p><strong>R\u00e9sum\u00e9 de l\u2019intervention&#160;: <\/strong><\/p>\n<p>Le luxe est un secteur qui aurait d\u00fb rester petit, limit\u00e9 aux happy few, ceux dont les moyens permettent d\u2019investir une part de leur revenu disponible dans les superfluit\u00e9s.<\/p>\n<p>Or ce n\u2019est pas le cas. En tant que secteur, le luxe occupe d\u00e9sormais une place centrale dans nos soci\u00e9t\u00e9s avanc\u00e9es, et dans celles qui visent \u00e0 s\u2019en rapprocher, les BRICs. Loin de se limiter aux happy few, le luxe touche les happy many, les classes moyennes montantes. Il est l\u2019objet permanent de l\u2019attention des m\u00e9dias. Il se m\u00eale \u00e0 l\u2019art, \u00e0 la culture.<\/p>\n<p>Pourquoi ce d\u00e9sir g\u00e9n\u00e9ralis\u00e9 de luxe&#160;? La croissance \u00e9conomique n\u2019explique pas tout. Quels sont les leviers de cet imp\u00e9ratif de luxe, ce go\u00fbt du luxe&#160;?<\/p>\n<p>Nous \u00e9voquerons des r\u00e9ponses en prenant soin de distinguer les sph\u00e8res culturelles Europe, USA et Asie ( Chine, mais aussi Japon et Cor\u00e9e ).<\/p>\n<h3><strong>Biographie du conf\u00e9rencier&#160;:<\/strong><\/h3>\n<p>Jean-No\u00ebl Kapferer est un des meilleurs sp\u00e9cialistes fran\u00e7ais du luxe, reconnu sur le plan international tant dans les milieux acad\u00e9miques que professionnels. Co-auteur et auteur de livres de r\u00e9f\u00e9rence traduits dans le monde entier\u00a0&#8211; \u00ab&#160;Luxe Oblige&#160;\u00bb ( en anglais The Luxury Strategy) , \u00ab&#160;Luxe&#160;: Nouveaux Challenges Nouveaux Challengers&#160;\u00bb ( en anglais How luxury brands grow yet remain rare)- , son centre d\u2019int\u00e9r\u00eat est la mutation du luxe face aux enjeux tels que la Chine, le d\u00e9veloppement durable, les nouvelles technologies, le Web.3.0 , les millennials etc. Il intervient dans les s\u00e9minaires et conf\u00e9rences sur le luxe dans le monde,<\/p>\n<p>Dipl\u00f4m\u00e9 HEC Paris, Ph.D de Kellogg Business School (USA), professeur Emerite d\u2019HEC Paris il est conseil du Groupe Omnes Education<\/p>\n<h3>Discutants&#160;:<\/h3>\n<ul>\n<li>Marcel Botton<\/li>\n<li>Christine Fevre-Pernet<\/li>\n<\/ul>\n<p>&nbsp;<\/p>\n<h3 style=\"text-align: left\"><strong><u>1<sup>er<\/sup> avril 2022 \u00e0 18h<\/u><\/strong><\/h3>\n<p style=\"text-align: left\"><strong>Marcel Botton<br \/>\n<\/strong><strong><em>Comment Internet a boulevers\u00e9 le paysage des marques<\/em><\/strong><\/p>\n<p><strong>Cliquez sur ce lien pour s\u2019inscrire \u00e0 ce webinaire <\/strong><\/p>\n<p><a href=\"https:\/\/teams.microsoft.com\/registration\/BL0WWnW0_0mxGsbINZ2xsQ,iqgjOsV4Q0G5Q41qLNjggA,gg1aiEeSOUWXDSHXGMnf0Q,HkAo_wisikuaSeo7hSZB6A,By0EdK-eg0qMrYA0KSQ18g,EoHgS4tbQEyIp__LsFBszQ?mode=read&amp;tenantId=5a16bd04-b475-49ff-b11a-c6c8359db1b1\">https:\/\/teams.microsoft.com\/registration\/BL0WWnW0_0mxGsbINZ2xsQ,iqgjOsV4Q0G5Q41qLNjggA,gg1aiEeSOUWXDSHXGMnf0Q,HkAo_wisikuaSeo7hSZB6A,By0EdK-eg0qMrYA0KSQ18g,EoHgS4tbQEyIp__LsFBszQ?mode=read&amp;tenantId=5a16bd04-b475-49ff-b11a-c6c8359db1b1<\/a><\/p>\n<p><strong>R\u00e9sum\u00e9 de l\u2019intervention&#160;: <\/strong><\/p>\n<p>L\u2019arriv\u00e9e d\u2019Internet a remis en cause les trois principes sur lesquels reposait jusqu\u2019\u00e0 pr\u00e9sent le droit d\u2018occupation de la marque&#160;:<\/p>\n<p>&#8211;\u00a0\u00a0\u00a0 le principe de sp\u00e9cialit\u00e9, qui affirme que ce doit ne vaut que pour les produits ou services sp\u00e9cifiquement d\u00e9sign\u00e9s dans le d\u00e9p\u00f4t&#160;;<\/p>\n<p>&#8211;\u00a0\u00a0\u00a0 le principe de territorialit\u00e9, qui le circonscrit aux seuls pays o\u00f9 il est revendiqu\u00e9&#160;;<\/p>\n<p>&#8211;\u00a0\u00a0\u00a0 Le principe d\u2019usage, selon lequel une marque non utilis\u00e9e peut \u00eatre d\u00e9chue apr\u00e8s un certain d\u00e9lai \u00e0 la demande de toute personne qui y a int\u00e9r\u00eat.<\/p>\n<p>En effet, un nom de domaine n\u2019est, par essence, limit\u00e9 ni dans son champ d\u2019application, ni dans son \u00e9tendue g\u00e9ographique. Quant \u00e0 l\u2019obligation d\u2019usage, elle a \u00e9t\u00e9 tout simplement omise par l\u2019ICANN, l\u2019organisme r\u00e9gulateur du nommage sur Internet. Simultan\u00e9ment, on voit les noms de domaines red\u00e9couvrir les principes fondateurs du droit des marques gr\u00e2ce au d\u00e9veloppement des extensions nationales du type .fr ou .it, et des extensions th\u00e9matiques du type .biz ou .info. Int\u00e9ressant retour des choses. Il va falloir donc repenser le droit des marques en fonction de cette nouvelle donne, faute de quoi les conflits, d\u00e9j\u00e0 nombreux, se multiplieraient. Ces nouvelles r\u00e8gles devront \u00eatre \u00e9labor\u00e9es et suivies par une instance transnationale, comme aujourd\u2019hui, par exemple, l\u2019attribution des fr\u00e9quences hertziennes<\/p>\n<p><strong>Biographie du conf\u00e9rencier&#160;:<\/strong><\/p>\n<p>Marcel Botton, \u00e9conomiste, fondateur et Directeur G\u00e9n\u00e9ral D\u00e9l\u00e9gu\u00e9 du groupe NOMEN. Pr\u00e9sent internationalement, le groupe NOMEN est, avec plus de 2000 noms de marques et NDD cr\u00e9\u00e9s et exploit\u00e9s \u00e0 ce jour, leader europ\u00e9en sur le m\u00e9tier de la cr\u00e9ation de noms de marques et de NDD.<\/p>\n<p>Marcel Botton est l\u2019auteur de nombreux ouvrages, parmi lesquels&#160;: 50 fiches de cr\u00e9ativit\u00e9 (Editions d&rsquo;Organisation), Le nom de marque (ed. McGraw Hill, co-auteur avec J.J. Cegarra), Les hommes politiques sont des marques comme les autres (Editions du Moment). Il est \u00e9galement le sujet d\u2019un ouvrage de l\u2019historien Jean Watin-Augouard&#160;: Cr\u00e9ateur de noms, aux \u00e9ditions Dunod.<\/p>\n<h3>Discutants&#160;:<\/h3>\n<ul>\n<li>Jean No\u00ebl Kapferer<\/li>\n<li>S\u00e9bastien Hayez<\/li>\n<\/ul>\n<p>&nbsp;<\/p>\n<h3 style=\"text-align: left\"><strong><u>5 avril\u00a02022 \u00e0 18h<\/u><\/strong><\/h3>\n<p style=\"text-align: left\"><strong>J\u00e9r\u00f4me Lacoeuilhe<br \/>\n<\/strong><strong><em>L&rsquo;attachement \u00e0 une marque r\u00e9alit\u00e9 ou mythe<\/em><\/strong><\/p>\n<p><strong>Cliquez sur ce lien pour s\u2019inscrire \u00e0 ce webinaire <\/strong><\/p>\n<p><a href=\"https:\/\/teams.microsoft.com\/registration\/BL0WWnW0_0mxGsbINZ2xsQ,iqgjOsV4Q0G5Q41qLNjggA,gg1aiEeSOUWXDSHXGMnf0Q,vO3C34YRpk21czpWkQX2xQ,Crxo1PM7yEGW9dJS2mxnSw,sOQGQOsC5kusoQooWYFyvg?mode=read&amp;tenantId=5a16bd04-b475-49ff-b11a-c6c8359db1b1\"><strong>https:\/\/teams.microsoft.com\/registration\/BL0WWnW0_0mxGsbINZ2xsQ,iqgjOsV4Q0G5Q41qLNjggA,gg1aiEeSOUWXDSHXGMnf0Q,vO3C34YRpk21czpWkQX2xQ,Crxo1PM7yEGW9dJS2mxnSw,sOQGQOsC5kusoQooWYFyvg?mode=read&amp;tenantId=5a16bd04-b475-49ff-b11a-c6c8359db1b1<\/strong><\/a><\/p>\n<p>&nbsp;<\/p>\n<p><strong>R\u00e9sum\u00e9 de l\u2019intervention&#160;: <\/strong><\/p>\n<p>Apr\u00e8s un rapide rappel sur le statut de la marque et ses fonctions aux yeux du consommateur, nous nous focaliserons sur sa fonction symbolique et affective.<\/p>\n<p>Plus pr\u00e9cis\u00e9ment, nous nous interrogerons sur la notion d&rsquo;attachement \u00e0 la marque. Apr\u00e8s s&rsquo;\u00eatre questionn\u00e9 sur son contenu, ses d\u00e9terminants, nous verrons comment maintenir l&rsquo;attachement \u00e0 celle-ci. Cependant, actuellement, ce terme d&rsquo;attachement est \u00ab&#160;sur-utilis\u00e9&#160;\u00bb. Comment distinguer ces abus de langage et la r\u00e9alit\u00e9 d&rsquo;un v\u00e9ritable attachement \u00e0 une marque&#160;?<\/p>\n<p><strong>Biographie du conf\u00e9rencier&#160;:<\/strong><\/p>\n<p>Professeur des Universit\u00e9s, Directeur de l&rsquo;IUT S\u00e9nart-Fontainebleau (Universit\u00e9 Paris-Est Cr\u00e9teil)<\/p>\n<p>Titulaire d&rsquo;un doctorat en sciences de gestion (th\u00e8se sur la notion d&rsquo;attachement \u00e0 la marque par \u00e9tude du r\u00f4le des facteurs affectifs de la fid\u00e9lit\u00e9 \u00e0 la marque avec mesure par donn\u00e9es de panel) et d&rsquo;une Habilitation \u00e0 Diriger des Recherches. Ses th\u00e8mes de recherche sont&#160;: la marque, les marques de distributeurs (MDD), les produits de terroir et plus globalement la th\u00e9matique du comportement du consommateur.<\/p>\n<h3>Discutants&#160;:<\/h3>\n<ul>\n<li>Ludovic Houplain<\/li>\n<li>Marcel Botton<\/li>\n<\/ul>\n<h3 style=\"text-align: left\"><strong><u>6 avril 2022 \u00e0 18h<\/u><\/strong><\/h3>\n<p style=\"text-align: left\"><strong>Thierry Maillet<br \/>\n<\/strong><strong><em>Qui fa\u00e7onne le visage des marques&#160;? \u00c0 qui appartient-il&#160;?<\/em><\/strong><\/p>\n<p><strong>Cliquez sur ce lien pour s\u2019inscrire \u00e0 ce webinaire <\/strong><\/p>\n<p><a href=\"https:\/\/teams.microsoft.com\/registration\/BL0WWnW0_0mxGsbINZ2xsQ,iqgjOsV4Q0G5Q41qLNjggA,gg1aiEeSOUWXDSHXGMnf0Q,8nWj4Vwz4k-01agVIv60Mg,RMsntno1wkajMuFh-V6sSg,PNvJgAsMFkOM-advS90pBA?mode=read&amp;tenantId=5a16bd04-b475-49ff-b11a-c6c8359db1b1\">https:\/\/teams.microsoft.com\/registration\/BL0WWnW0_0mxGsbINZ2xsQ,iqgjOsV4Q0G5Q41qLNjggA,gg1aiEeSOUWXDSHXGMnf0Q,8nWj4Vwz4k-01agVIv60Mg,RMsntno1wkajMuFh-V6sSg,PNvJgAsMFkOM-advS90pBA?mode=read&amp;tenantId=5a16bd04-b475-49ff-b11a-c6c8359db1b1<\/a><\/p>\n<p><strong>R\u00e9sum\u00e9 de l\u2019intervention&#160;: <\/strong><\/p>\n<p>Historiquement les fondateurs insufflaient un sens \u00e0 la marque en projetant sur elle un visage qu\u2019ils\/elles voulaient lui donner. D\u00e9s cet instant le visage de la marque cessait de leur appartenir compl\u00e8tement pour \u00eatre \u00ab&#160;re-cr\u00e9er&#160;\u00bb qui par un graphiste, un photographe, un vid\u00e9aste et plus largement par les cr\u00e9atifs sollicit\u00e9s.<br \/>\nAu fur et \u00e0 mesure que la marque gagne en notori\u00e9t\u00e9 son visage devient de cr\u00e9ation multiple et cesse \u00ab&#160;d\u2019appartenir&#160;\u00bb \u00e0 ses fondateurs pour devenir un \u00ab&#160;Commun privatif&#160;\u00bb c\u2019est \u00e0 dire un bien intemporel qui n\u2019appartient plus seulement \u00e0 ses fondateurs mais \u00e0 des parties prenantes de plus en plus nombreuses, au premier rang desquelles, les cr\u00e9ateurs de son image.<\/p>\n<p><strong>Biographie du conf\u00e9rencier&#160;:<\/strong><\/p>\n<p>Directeur G\u00e9n\u00e9ral d\u2019Ooshot (solution de production de contenus visuels) je suis aussi docteur en histoire de l\u2019EHESS. Ma th\u00e8se portait sur l\u2019histoire des bureaux de style et j\u2019ai particip\u00e9 \u00e0 un programme de recherche europ\u00e9en affili\u00e9 \u00e0 l\u2019Universit\u00e9 Erasmus (Rotterdam). En 2010 j\u2019ai publi\u00e9 une \u201cHistoire du Marketing\u201d (Pocket-Agora) et en 2006 \u201cG\u00e9n\u00e9ration Participation\u201d (premi\u00e8re \u00e9dition, M21 Editions et r\u00e9\u00e9dition Pocket-Agora). J\u2019ai collabor\u00e9 \u00e0 plusieurs ouvrages collectifs et je suis le fondateur du Think Tank Image&amp;Digital. Je m\u2019int\u00e9resse aux questions de la m\u00e9diation dans les processus de production de richesse et notamment aux r\u00f4les des tiers dans la fabrication des opinions.<\/p>\n<h3>Discutants&#160;:<\/h3>\n<ul>\n<li>Ludovic Houplain<\/li>\n<li>Jean-Luc Gronner<\/li>\n<\/ul>\n<p>&nbsp;<\/p>\n<h3 style=\"text-align: left\"><strong><u>7 avril 2022 \u00e0 18h<\/u><\/strong><\/h3>\n<p style=\"text-align: left\"><strong>G\u00e9raldine Michel<br \/>\n<\/strong><strong><em>En quoi la co-cr\u00e9ation devient le socle de la construction de sens des marques<\/em><\/strong><\/p>\n<p><strong>Cliquez sur ce lien pour s\u2019inscrire \u00e0 ce webinaire <\/strong><\/p>\n<p><a href=\"https:\/\/teams.microsoft.com\/registration\/BL0WWnW0_0mxGsbINZ2xsQ,iqgjOsV4Q0G5Q41qLNjggA,gg1aiEeSOUWXDSHXGMnf0Q,6ezeQE3yi0GmBSXmWe_eRQ,p-boM8koxUqQG64lyCnejQ,QeYxH7VS1kuxPKdtzZXrxQ?mode=read&amp;tenantId=5a16bd04-b475-49ff-b11a-c6c8359db1b1\"><strong>https:\/\/teams.microsoft.com\/registration\/BL0WWnW0_0mxGsbINZ2xsQ,iqgjOsV4Q0G5Q41qLNjggA,gg1aiEeSOUWXDSHXGMnf0Q,6ezeQE3yi0GmBSXmWe_eRQ,p-boM8koxUqQG64lyCnejQ,QeYxH7VS1kuxPKdtzZXrxQ?mode=read&amp;tenantId=5a16bd04-b475-49ff-b11a-c6c8359db1b1<\/strong><\/a><\/p>\n<p>&nbsp;<\/p>\n<p><strong>R\u00e9sum\u00e9 de l\u2019intervention&#160;: <\/strong><\/p>\n<p>&nbsp;<\/p>\n<p>Les marques identifient et diff\u00e9rencient des produits, des services voire des objets au sens large du terme. Au-del\u00e0 de ces deux fonctions essentielles, les marques sont inscrites dans un processus de co-cr\u00e9ation qui leur donne la capacit\u00e9 d\u2019apporter du sens sur le march\u00e9, mais aussi au sein de l\u2019organisation aupr\u00e8s des collaborateurs. Aujourd&rsquo;hui, dans un monde digital qui bouscule les codes et un monde physique qui se transforme les marques montrent des visages multiples qui interrogent&#160;: En quoi la polys\u00e9mie de l&rsquo;identit\u00e9 de marque devient centrale pour construire du sens&#160;? Quel est le rapport au temps&#160;? Comment les marques se construisent et comment la relation aux marques se transforme&#160;? Autant de questions qui ouvrent un nouvel imaginaire pour les marques que nous tenterons de d\u00e9peindre.<\/p>\n<p>&nbsp;<\/p>\n<p><strong>Biographie de la conf\u00e9renci\u00e8re&#160;:<\/strong><\/p>\n<p>&nbsp;<\/p>\n<p>G\u00e9raldine Michel est Professeur \u00e0 l\u2019IAE Paris-Sorbonne, Universit\u00e9 Paris 1 Panth\u00e9on-Sorbonne o\u00f9 elle est directrice de la chaire \u00ab&#160;Marques &amp; Valeurs&#160;\u00bb. Elle est auteure et coordinatrice de cinq ouvrages sur la marque, <em>La strat\u00e9gie d&rsquo;extension de marque<\/em> (Vuibert) &#8212; <em>Au c\u0153ur de la marque<\/em> (Dunod) &#8212; <em>Management transversal de la marque<\/em> (Dunod) &#8212; <em>Quand les artistes s\u2019emparent des Marques<\/em> (Dunod) &#8212; <em>The art of successful brand collaborations<\/em> (Routledge). Ses travaux de recherche ont \u00e9t\u00e9 publi\u00e9s dans les plus grandes revues acad\u00e9miques internationales telles que<em> Journal of Business Research, Psychology &amp; Marketing, Journal of Adverstising Research, Recherche et Applications en Marketing, Journal of Brand Management, D\u00e9cisions Marketing<\/em>. G\u00e9raldine Michel enseigne le Management de la Marque en France et \u00e0 l\u2019\u00e9tranger et accomplit \u00e9galement des missions de conseil aupr\u00e8s d\u2019entreprises sur des probl\u00e9matiques de d\u00e9veloppement de marques. Elle s&rsquo;int\u00e9resse aujourd&rsquo;hui \u00e0 la construction de sens et \u00e0 la co-cr\u00e9ation dans le domaine de la marque et des lieux.<\/p>\n<p>&nbsp;<\/p>\n<h3>Discutants&#160;:<\/h3>\n<ul>\n<li>Marcel Botton<\/li>\n<li>Thierry Maillet<\/li>\n<\/ul>\n<p><strong>\u00a0<\/strong><\/p>\n<h3><strong><u>8 avril \u00e0 18h<\/u><\/strong><\/h3>\n<p><strong>Pierre Doze<br \/>\n<\/strong><strong><em>Pharmakon &#8211; poison et antidote \/ filtre et philtre&#160;?<\/em><\/strong><\/p>\n<p><strong>Cliquez sur ce lien pour s\u2019inscrire \u00e0 ce webinaire <\/strong><\/p>\n<p><a href=\"https:\/\/teams.microsoft.com\/registration\/BL0WWnW0_0mxGsbINZ2xsQ,iqgjOsV4Q0G5Q41qLNjggA,gg1aiEeSOUWXDSHXGMnf0Q,q_kQtX0LTU-oG6XFSvjcGw,YmNE-nRUQUyU3ybXG6NmiQ,bWjJKxpqz0SnRSXeaKSjsw?mode=read&amp;tenantId=5a16bd04-b475-49ff-b11a-c6c8359db1b1\">https:\/\/teams.microsoft.com\/registration\/BL0WWnW0_0mxGsbINZ2xsQ,iqgjOsV4Q0G5Q41qLNjggA,gg1aiEeSOUWXDSHXGMnf0Q,q_kQtX0LTU-oG6XFSvjcGw,YmNE-nRUQUyU3ybXG6NmiQ,bWjJKxpqz0SnRSXeaKSjsw?mode=read&amp;tenantId=5a16bd04-b475-49ff-b11a-c6c8359db1b1<\/a><\/p>\n<p><strong>R\u00e9sum\u00e9 de l\u2019intervention&#160;: <\/strong><\/p>\n<p>Lors de cette intervention, nous proposons une r\u00e9flexion sur le concept de marque afin de comprendre son articulation avec les processus d\u2019apprentissage, qu\u2019il peut ou non favoriser. La marque sera abord\u00e9e sous l&rsquo;angle du branding, de la distinction, des usages mais aussi de l&rsquo;environnement. Nous nous pencherons sur certains changements de statut de la marque pour en arriver \u00e0 la question\u00a0suivante&#160;: la marque serait-elle devenue celle de notre d\u00e9mission face \u00e0 la libert\u00e9 qui nous a \u00e9t\u00e9 donn\u00e9e et dont nous ne savons plus que faire&#160;?<\/p>\n<p><strong>Biographie du conf\u00e9rencier&#160;:<\/strong><\/p>\n<p><em>Formation juridique (Aix-Marseille\/Paris II), presse p\u00e9riodique \u00e0 Moscou (magazines divers entre 1991 et 2004), collaboration avec Philippe Starck (1998\/2003), traduction (anglais\/fran\u00e7ais, architecture pour Adam Biro, Phaidon), expositions (Starck, Grcic), journalisme, chroniques dans divers supports (Magazine magazine, Intramuros, Archistorm, L\u2019officiel, Villa Noailles, Azimuts), textes imprim\u00e9s dans des livres, maigres\u00a0ou \u00e9pais, pour Starck (Taschen), Grcic Phaidon), Stadler, Somers (Jrp Ringier), Schmidt (Norma), Ghion, Jouin, Pillet, Staudenmeyer (norma) \/\/ professeur depuis 2006 (esad Strasbourg, ensba Lyon, ecal Lausanne, ensad Paris)<\/em><\/p>\n<h3>Discutants&#160;:<\/h3>\n<ul>\n<li>J\u00e9r\u00f4me Lacoeuilhe<\/li>\n<li>Remi Kon\u00e9<\/li>\n<\/ul>\n<p>&nbsp;<\/p>\n<h3 style=\"text-align: left\"><strong><u>12 avril\u00a02022 \u00e0 18h<\/u><\/strong><\/h3>\n<p style=\"text-align: left\"><strong>Anne Geslin Beyaert<br \/>\n<\/strong><strong><em>La marque&#160;: construire la confiance<\/em><\/strong><\/p>\n<p><strong><em>\u00a0<\/em><\/strong><\/p>\n<p><strong>Cliquez sur ce lien pour s\u2019inscrire \u00e0 ce webinaire <\/strong><\/p>\n<p><strong>\u00a0<\/strong><\/p>\n<p><a href=\"https:\/\/teams.microsoft.com\/registration\/BL0WWnW0_0mxGsbINZ2xsQ,iqgjOsV4Q0G5Q41qLNjggA,gg1aiEeSOUWXDSHXGMnf0Q,9o8stp76hEG2lizRFccpyg,x492jEs1gk-oPQaKm_ozwQ,uUS9067FFEiK6i7_ZhFuaw?mode=read&amp;tenantId=5a16bd04-b475-49ff-b11a-c6c8359db1b1\"><strong>https:\/\/teams.microsoft.com\/registration\/BL0WWnW0_0mxGsbINZ2xsQ,iqgjOsV4Q0G5Q41qLNjggA,gg1aiEeSOUWXDSHXGMnf0Q,9o8stp76hEG2lizRFccpyg,x492jEs1gk-oPQaKm_ozwQ,uUS9067FFEiK6i7_ZhFuaw?mode=read&amp;tenantId=5a16bd04-b475-49ff-b11a-c6c8359db1b1<\/strong><\/a><\/p>\n<p>&nbsp;<\/p>\n<p><strong>R\u00e9sum\u00e9 de l\u2019intervention&#160;: <\/strong><\/p>\n<p>\u00c0 l\u2019\u00e8re industrielle, alors que les produits circulaient seuls, la marque s\u2019est substitu\u00e9e au visage du marchand qui fid\u00e9lisait sa client\u00e8le sur les march\u00e9s et dans sa boutique. R\u00e9unis par leur marque comme les membres d\u2019une famille, les produits sont associ\u00e9s \u00e0 un discours construit autour d\u2019une identit\u00e9 et d\u2019un r\u00e9cit marquant une origine. La marque s\u2019interpose d\u00e8s lors comme une m\u00e9diatrice, tiers d\u00e9l\u00e9gu\u00e9 cens\u00e9 pr\u00e9sentifier les valeurs d\u2019une instance absente.<\/p>\n<p>La communication s\u2019efforcera de pr\u00e9ciser les modalit\u00e9s de cette relation \u00e0 trois, o\u00f9 la marque, d\u00e9l\u00e9gu\u00e9e d\u2019une instance absente, se substitue au sourire du commer\u00e7ant en lui associant des valeurs v\u00e9ridictoires (la sinc\u00e9rit\u00e9, l\u2019authenticit\u00e9) qui gagnent la confiance du client. La confiance pourrait-elle s\u2019\u00e9roder\u00a0d\u00e8s lors qu\u2019elle est d\u00e9l\u00e9gu\u00e9e\u00a0et r\u00e9cus\u00e9e par la consommation&#160;? La validation du consommateur est recherch\u00e9e par des enqu\u00eates, la repr\u00e9sentation de tests r\u00e9alis\u00e9s en aveugle qui donnent au consommateur le statut d\u2019expert. Le produit pourrait-il voyager seul&#160;? C\u2019est l\u2019hypoth\u00e8se actuelle du \u00ab&#160;vrac&#160;\u00bb qui re\u00e7oit n\u00e9anmoins la caution d\u2019une enseigne. On interrogera les possibles de la confiance.<\/p>\n<p>Je traiterai des modalit\u00e9s de mise en confiance utilis\u00e9es par les marques<\/p>\n<p><strong>Biographie de la conf\u00e9renci\u00e8re&#160;:<\/strong><\/p>\n<p>Anne Beyaert-Geslin est professeur de s\u00e9miotique (SIC) \u00e0 l\u2019universit\u00e9 Bordeaux Montaigne. Elle est vice-pr\u00e9sidente de l\u2019Association fran\u00e7aise de s\u00e9miotique (AFS) et de l\u2019Association internationale de s\u00e9miotique visuelle (AISV). Qualifi\u00e9e en 7\u00e8, 71\u00e8 et 18\u00e8 sections du Conseil national des universit\u00e9s, elle a dirig\u00e9 le CeReS (EA 3638-Centre de recherches s\u00e9miotiques) \u00e0 l\u2019universit\u00e9 de Limoges et le laboratoire MICA (EA4426-M\u00e9diations, information, communication, arts) \u00e0 l\u2019universit\u00e9 Bordeaux Montaigne. Elle est actuellement responsable de l\u2019axe IDEM (Images, design, espaces, m\u00e9diations) du laboratoire MICA et responsable du Master EPI (Etudes et projets internationaux). Elle a coordonn\u00e9 21 dossiers et ouvrages collectifs, publi\u00e9 160 articles et chapitres ainsi que 5 ouvrages&#160;: <em>L\u2019image pr\u00e9occup\u00e9e<\/em>, Herm\u00e8s-Lavoisier, 2009&#160;; <em>S\u00e9miotique du design<\/em>, PUF, 2012\u00a0(<em>Semiotica del design<\/em>, ETS, 2017)&#160;; <em>S\u00e9miotique des objets. La mati\u00e8re du temps<\/em>, Presses de l\u2019universit\u00e9 de Li\u00e8ge, 2015&#160;; <em>S\u00e9miotique du portrait. De Dibutade au selfie<\/em>, De Boeck, 2017, <em>L\u2019Invention de l\u2019Autre. Le Juif, le Noir, le paysan, l\u2019Alien<\/em>, Garnier, 2021.<\/p>\n<h4>Discutants&#160;:<\/h4>\n<ul>\n<li>Jerome Lacoeuilhe<\/li>\n<li>Christine Fevre-Pernet<\/li>\n<\/ul>\n<p>&nbsp;<\/p>\n<h3 style=\"text-align: left\"><strong><u>13 avril\u00a02022 \u00e0 18h<\/u><\/strong><\/h3>\n<p style=\"text-align: left\"><strong>Christine Fevre-Pernet<br \/>\n<\/strong><strong><em>Diff\u00e9rencier noms de marques et noms de produits&#160;: point de vue linguistique<\/em><\/strong><\/p>\n<p><strong>Cliquez sur ce lien pour s\u2019inscrire \u00e0 ce webinaire <\/strong><\/p>\n<p><a href=\"https:\/\/teams.microsoft.com\/registration\/BL0WWnW0_0mxGsbINZ2xsQ,iqgjOsV4Q0G5Q41qLNjggA,gg1aiEeSOUWXDSHXGMnf0Q,f40JAZgz3EaldhvMO363_g,mG1_Blaf5EGgFTQB6eAucg,DXcXGKyYXUC2Q5qTPAW6OA?mode=read&amp;tenantId=5a16bd04-b475-49ff-b11a-c6c8359db1b1\"><strong>https:\/\/teams.microsoft.com\/registration\/BL0WWnW0_0mxGsbINZ2xsQ,iqgjOsV4Q0G5Q41qLNjggA,gg1aiEeSOUWXDSHXGMnf0Q,f40JAZgz3EaldhvMO363_g,mG1_Blaf5EGgFTQB6eAucg,DXcXGKyYXUC2Q5qTPAW6OA?mode=read&amp;tenantId=5a16bd04-b475-49ff-b11a-c6c8359db1b1<\/strong><\/a><\/p>\n<p><strong>R\u00e9sum\u00e9 de l\u2019intervention&#160;: <\/strong><\/p>\n<p>D\u2019embl\u00e9e, le statut linguistique du nom de marque est assez flou. Le nom de marque fonctionne parfois comme un nom propre et dans certains cas il s\u2019apparente \u00e0 un nom commun. Pour ordonner la description, il apparait n\u00e9cessaire dans un premier temps d\u2019\u00e9tablir la distinction nom de marque\/nom de produit. Au sein de l\u2019onomastique commerciale, les noms de marques et les noms de produits constituent, linguistiquement, deux classes distinctes&#160;: c\u2019est ce que nous montrons ici en nous appuyant sur diff\u00e9rents crit\u00e8res&#160;: le crit\u00e8re pragmatique (identification de l\u2019origine ou du contenu, r\u00e9ponse \u00e0 un besoin de nomination), le crit\u00e8re r\u00e9f\u00e9rentiel (nature des r\u00e9f\u00e9rents, fonction distinctive), le crit\u00e8re syntaxique (syntaxe des emballages et des \u00e9nonc\u00e9s), le crit\u00e8re morphologique (construction des mots), \u00a0le crit\u00e8re lexical (appartenance \u00e0 la comp\u00e9tence lexicale des locuteurs, entr\u00e9e dans le lexique en r\u00e9ponse \u00e0 un besoin de nomination, liens de cohyponymie et d\u2019hyperonymie avec les autres \u00e9l\u00e9ments du lexique, enregistrement lexicographique), le crit\u00e8re s\u00e9mantique.<\/p>\n<p><strong>Biographie de la conf\u00e9renci\u00e8re&#160;:<\/strong><\/p>\n<p>Docteur en Sciences du Langage (Universit\u00e9 Toulouse Jaur\u00e8s) et dipl\u00f4m\u00e9e de l&rsquo;EN Louis Lumi\u00e8re section photographie, Christine F\u00e8vre-Pernet est ma\u00eetre de conf\u00e9rences en Sciences de l&rsquo;Information et de la Communication \u00e0 l&rsquo;Universit\u00e9 de Reims Champagne Ardennes. Ses recherches portent sur les strat\u00e9gies d\u00e9nominatives dans diff\u00e9rents discours et en particulier dans le discours commercialo-publicitaire. Elle s&rsquo;int\u00e9resse plus particuli\u00e8rement \u00e0 l&rsquo;Onomastique Commerciale en convoquant les outils de la linguistique (morphologie constructionnelle, s\u00e9mantique) pour analyser la formation des noms de marques et des noms de produits. Elle \u00e9tudie \u00e9galement la\u00a0circulation\u00a0des noms de marques dans diff\u00e9rents discours (musique). L&rsquo;\u00e9tude des st\u00e9r\u00e9otypes, topos et lieux communs multi-supports (texte, image) constitue un autre axe de recherche, toujours dans le domaine\u00a0commercialo-publicitaire<\/p>\n<h3>Discutants&#160;:<\/h3>\n<ul>\n<li>Anne Geslin Beyaert<\/li>\n<li>Didier Bottineau<\/li>\n<\/ul>\n<h3 style=\"text-align: left\"><strong><u>14 avril\u00a02022 \u00e0 18h<\/u><\/strong><\/h3>\n<p style=\"text-align: left\"><strong>S\u00e9bastien Hayez<br \/>\n<\/strong><strong><em>L\u2019histoire des marques&#160;: g\u00e9n\u00e9alogie des logos<\/em><\/strong><\/p>\n<p><strong>Cliquez sur ce lien pour s\u2019inscrire \u00e0 ce webinaire <\/strong><\/p>\n<p><a href=\"https:\/\/teams.microsoft.com\/registration\/BL0WWnW0_0mxGsbINZ2xsQ,iqgjOsV4Q0G5Q41qLNjggA,gg1aiEeSOUWXDSHXGMnf0Q,6-YEpCPdMUO2FHmpRf8tOA,pBy_bUYObEmcL-iNypgD7Q,vY2jQD46706xuwwNCCabvw?mode=read&amp;tenantId=5a16bd04-b475-49ff-b11a-c6c8359db1b1\">https:\/\/teams.microsoft.com\/registration\/BL0WWnW0_0mxGsbINZ2xsQ,iqgjOsV4Q0G5Q41qLNjggA,gg1aiEeSOUWXDSHXGMnf0Q,6-YEpCPdMUO2FHmpRf8tOA,pBy_bUYObEmcL-iNypgD7Q,vY2jQD46706xuwwNCCabvw?mode=read&amp;tenantId=5a16bd04-b475-49ff-b11a-c6c8359db1b1<\/a><\/p>\n<p>&nbsp;<\/p>\n<p><strong>R\u00e9sum\u00e9 de l\u2019intervention&#160;: <\/strong><\/p>\n<p>Avant d\u2019\u00eatre une entreprise de bien ou de service sinon un produit commercial, la marque est un signe graphique identifiant une personne ou une entreprise. Etudier les marques depuis l\u2019Antiquit\u00e9 nous montre en quoi nos soci\u00e9t\u00e9s sont proches et diff\u00e9rentes de celles de nos anc\u00eatres.<\/p>\n<p>&nbsp;<\/p>\n<p><strong>Biographie du conf\u00e9rencier&#160;:<\/strong><\/p>\n<p>S\u00e9bastien Hayez a \u00e9t\u00e9 directeur artistique et designer graphique durant plus de 15 ans avant de devenir enseignant certifi\u00e9 en Arts Plastiques. Depuis une dizaine d\u2019ann\u00e9es, il m\u00e8ne en parall\u00e8le un travail de recherche historique autour des th\u00e8mes du Modernisme, de la Typographie et surtout de l\u2019histoire des syst\u00e8mes de marques ayant influenc\u00e9 les logos contemporains. Ses articles sont pr\u00e9sents dans les pages de la revue Etapes&#160;:, The Shelf Journal, Pli, Kiblind, Fiction ou Yellow Submarine.<\/p>\n<p>&nbsp;<\/p>\n<h3><strong>Discutants&#160;:<\/strong><\/h3>\n<ul>\n<li>Anne Geslin Beyaert<\/li>\n<li>Jean-Luc Gronner<\/li>\n<\/ul>\n<p><strong>\u00a0<\/strong><\/p>\n<h3 style=\"text-align: left\"><strong><u>15 avril 18h30<\/u><\/strong><\/h3>\n<p style=\"text-align: left\"><strong>Ludovic Houplain<br \/>\n<\/strong><strong><em>Hello Conference<\/em><\/strong><\/p>\n<p><strong><em>\u00a0<\/em><\/strong><\/p>\n<p><strong>Cliquez sur ce lien pour s\u2019inscrire \u00e0 ce webinaire <\/strong><\/p>\n<p><a href=\"https:\/\/teams.microsoft.com\/registration\/BL0WWnW0_0mxGsbINZ2xsQ,iqgjOsV4Q0G5Q41qLNjggA,gg1aiEeSOUWXDSHXGMnf0Q,SxuixFwCskSHk9g9yeeMuQ,GqVgyvYcJkiuYbWyNTU7Wg,iDysYv4ooE-ASvNr9romlA?mode=read&amp;tenantId=5a16bd04-b475-49ff-b11a-c6c8359db1b1\">https:\/\/teams.microsoft.com\/registration\/BL0WWnW0_0mxGsbINZ2xsQ,iqgjOsV4Q0G5Q41qLNjggA,gg1aiEeSOUWXDSHXGMnf0Q,SxuixFwCskSHk9g9yeeMuQ,GqVgyvYcJkiuYbWyNTU7Wg,iDysYv4ooE-ASvNr9romlA?mode=read&amp;tenantId=5a16bd04-b475-49ff-b11a-c6c8359db1b1<\/a><\/p>\n<p>&nbsp;<\/p>\n<p><strong>R\u00e9sum\u00e9 de l\u2019intervention&#160;: <\/strong><\/p>\n<p>Avec HELLO, H5 remet en question les usages et les pratiques dans les domaines de la communication et de la politique \u00e0 l\u2019\u00e8re 2.0.<br \/>\nEn cr\u00e9ant la marque \/ l\u2019entreprise fictive HELLO, le collectif H5 proposait d\u2019initier le visiteur \/ spectateur au fonctionnement de la communication et du marketing en d\u00e9ployant \u00e0 grande \u00e9chelle strat\u00e9gies et outils usit\u00e9s de fa\u00e7on abusive et syst\u00e9matique dans nos soci\u00e9t\u00e9s. La pr\u00e9sentation reviendra sur ce projet.<\/p>\n<p><strong>Biographie du conf\u00e9rencier&#160;:<\/strong><\/p>\n<p>N\u00e9 \u00e0 Orl\u00e9ans en 1969, Ludovic Houplain plonge son enfance dans la BD. Fils et petit-fils de designer industriel, il part \u00e0 Paris pour suivre des \u00e9tudes de dessin \u00e0 Penninghen ou il fait la rencontre d\u2019Antoine Bardou-Jacquet avec qui il fondera le studio de cr\u00e9ation H5. Ami d\u2019enfance d\u2019Etienne de Cr\u00e9cy, d\u2019Alex Gopher et de Nicolas Godin (Air), il va accompagner l\u2019ascension de la French Touch entre 1996 et 2006 en r\u00e9alisant les pochettes de ses principaux artificiers&#160;: Solid, Source, 20000 ST, Missive, Pamplemousse, &#8230; Petit entant du pop art, il va pousser la logique Warholienne en s\u2019appropriant non plus les objets de consommation courante, mais en puisant son vocabulaire des outils de communication eux-m\u00eames.En 1999 il r\u00e9alise son premier clip vid\u00e9o, The Child pour Alex Gopher, en imaginant un New-York ou chaque objet est d\u00e9sormais form\u00e9 par le mot qui le d\u00e9signe.S\u2019ensuivront d\u2019autres r\u00e9alisations pour Royks\u00f6pp, Massive Attack, Playgroup, Goldfrapp, &#8230;<\/p>\n<p>Remarqu\u00e9 par les agences de publicit\u00e9, les groupes industriels, les maisons de luxe et les institutions culturelles, son travail pour le domaine musical deviendra l\u2019ADN du studio H5.En parall\u00e8le de ces travaux de commandes, il poursuit son analyse des signes et des outils de communication \u00e0 travers un travail artistique.<\/p>\n<p>Ainsi, sur une proposition de la Ville de Paris, il d\u00e9tourne le lexique des holdings de l\u2019immobilier pour cr\u00e9er une fausse op\u00e9ration de r\u00e9habilitation de la biblioth\u00e8que Forney lors de Nuit Blanche 2007, laissant les riverains en \u00e9mois.En 2009 son 1er court-m\u00e9trage Logorama, r\u00e9alis\u00e9 avec Herv\u00e9 de Cr\u00e9cy et Fran\u00e7ois Alaux, d\u00e9livre un aper\u00e7u de la soci\u00e9t\u00e9 contemporaine \u00e0 travers le prisme de ses logos et sera r\u00e9compens\u00e9 lors de la Semaine de la critique du Festival de Cannes 2009, au Festival de Sundance, puis couronn\u00e9 d\u2019un oscar en 2010 et d\u2019un C\u00e9sar en 2011.En 2012, la Ga\u00eet\u00e9 Lyrique lui donne carte blanche pour r\u00e9aliser sa premi\u00e8re exposition Hello\u2122H5, ou il explorera la place du marketing dans notre soci\u00e9t\u00e9 et les pratiques de la communication et de la politique \u00e0 l\u2019\u00e8re 2.0.En 2016, Ludovic Houplain r\u00e9alise Money time, court m\u00e9trage d\u2019animation pr\u00e9sentant un monde dystopique. Plus r\u00e9cemment, en 2019, le studio a sorti My generation, film apocalyptique pr\u00e9sent\u00e9 et r\u00e9compens\u00e9 dans plusieurs festivals.<\/p>\n<h3><strong>Discutants&#160;:<\/strong><\/h3>\n<ul>\n<li>Didier Bottineau<\/li>\n<li>S\u00e9bastien Hayez<\/li>\n<\/ul>\n<p>&nbsp;<\/p>\n<h3 style=\"text-align: left\"><strong><u>19 avril\u00a0\u00e0 18h<\/u><\/strong><\/h3>\n<p style=\"text-align: left\"><strong>Jean Luc Gronner<br \/>\n<\/strong><strong><em>Les trois fondamentaux d&rsquo;une identit\u00e9 de marque<\/em><\/strong><\/p>\n<p><strong><em>\u00a0<\/em><\/strong><\/p>\n<p><strong>Cliquez sur ce lien pour s\u2019inscrire \u00e0 ce webinaire <\/strong><\/p>\n<p><a href=\"https:\/\/teams.microsoft.com\/registration\/BL0WWnW0_0mxGsbINZ2xsQ,iqgjOsV4Q0G5Q41qLNjggA,gg1aiEeSOUWXDSHXGMnf0Q,U6bw3PF9o0OFo1xtu4EwZQ,x21764lh4UKEWJFWr3L6cg,TpryXBVMtECpqSJGaAXpGQ?mode=read&amp;tenantId=5a16bd04-b475-49ff-b11a-c6c8359db1b1\">https:\/\/teams.microsoft.com\/registration\/BL0WWnW0_0mxGsbINZ2xsQ,iqgjOsV4Q0G5Q41qLNjggA,gg1aiEeSOUWXDSHXGMnf0Q,U6bw3PF9o0OFo1xtu4EwZQ,x21764lh4UKEWJFWr3L6cg,TpryXBVMtECpqSJGaAXpGQ?mode=read&amp;tenantId=5a16bd04-b475-49ff-b11a-c6c8359db1b1<\/a><\/p>\n<p>&nbsp;<\/p>\n<p><strong>R\u00e9sum\u00e9 de l\u2019intervention&#160;: <\/strong><\/p>\n<p>En tant que praticien, je souhaite montrer des exemples.<br \/>\nJ\u2019analyserai donc, dans les quinze minutes qui me sont imparties, trois exemples de marques cr\u00e9\u00e9es ou refond\u00e9es par notre agence, en insistant sur le brief, en rappelant l&rsquo;ancienne marque, s\u2019il y en avait une, en d\u00e9crivant le processus qui m\u00e8ne du brief \u00e0 la validation par la gouvernance.<\/p>\n<p>Avec a priori<\/p>\n<ul>\n<li>Un exemple de start-up mondiale<\/li>\n<li>Un exemple de PME en Ile de France<\/li>\n<li>Un exemple d&rsquo;association professionnelle<\/li>\n<\/ul>\n<p>L\u2019une des sp\u00e9cificit\u00e9s de notre agence, c&rsquo;est de cr\u00e9er, de concert, les trois fondamentaux de l&rsquo;identit\u00e9 d&rsquo;une marque&#160;: nom, logotype, signature de marque.<br \/>\nL\u2019interaction entre ces trois fondamentaux lors de la cr\u00e9ation d\u2019une identit\u00e9 de marque est un sujet en soi qui se retrouve au coeur de toute cr\u00e9ation d\u2019identit\u00e9.<\/p>\n<p><strong>Biographie du conf\u00e9rencier&#160;:<\/strong><\/p>\n<p>Jean-Luc Gronner est fondateur et directeur de <a href=\"https:\/\/www.fondamenti.fr\/\">Fondamenti<\/a>, agence conseil en cr\u00e9ation de marques institutionnelles&#160;; il a \u00e9galement cr\u00e9\u00e9 <a href=\"https:\/\/www.souslelogo.com\/\">Souslelogo<\/a>, sp\u00e9cialis\u00e9e dans les recherches d\u2019ant\u00e9riorit\u00e9s de slogans avec une base qui compte \u00e0 ce jour 170000 slogans recens\u00e9s, et de <a href=\"https:\/\/www.observatoiredesslogans.fr\/\">l\u2019Observatoire des slogans<\/a> qui analyse chaque ann\u00e9e le discours des marques \u00e0 travers les slogans cr\u00e9\u00e9s dans l\u2019ann\u00e9e. Publicitaire, il a \u00e9t\u00e9 directeur de cr\u00e9ation et Pr\u00e9sident de DDB&amp;Co, l\u2019agence corporate du groupe DDB en France. Il a notamment cr\u00e9\u00e9 avec ses \u00e9quipes la marque&#160;: L\u2019artisanat, <em>premi\u00e8re entreprise de France<\/em>.<\/p>\n<p>&nbsp;<\/p>\n<h3><strong>Discutants&#160;:<\/strong><\/h3>\n<ul>\n<li>Thierry Maillet<\/li>\n<li>G\u00e9raldine Michel<\/li>\n<\/ul>\n<p>&nbsp;<\/p>\n<h3 style=\"text-align: left\"><strong><u>20 avril\u00a02022 \u00e0 18h<\/u><\/strong><\/h3>\n<p style=\"text-align: left\"><strong>Christophe Poinlane<br \/>\n<\/strong><strong><em>Identifier et incarner les valeurs de marque&#160;: comment le design prend en main l\u2019identit\u00e9 de marque&#160;?<\/em><\/strong><\/p>\n<p><strong>Cliquez sur ce lien pour s\u2019inscrire \u00e0 ce webinaire <\/strong><\/p>\n<p><a href=\"https:\/\/teams.microsoft.com\/registration\/BL0WWnW0_0mxGsbINZ2xsQ,iqgjOsV4Q0G5Q41qLNjggA,gg1aiEeSOUWXDSHXGMnf0Q,bS-6HlMecUyc8K7cpuXoLg,aa-4Jw9t60O95WeluE07-A,5Dsf1yNLREGaVqLzrGPCtg?mode=read&amp;tenantId=5a16bd04-b475-49ff-b11a-c6c8359db1b1\"><strong>https:\/\/teams.microsoft.com\/registration\/BL0WWnW0_0mxGsbINZ2xsQ,iqgjOsV4Q0G5Q41qLNjggA,gg1aiEeSOUWXDSHXGMnf0Q,bS-6HlMecUyc8K7cpuXoLg,aa-4Jw9t60O95WeluE07-A,5Dsf1yNLREGaVqLzrGPCtg?mode=read&amp;tenantId=5a16bd04-b475-49ff-b11a-c6c8359db1b1<\/strong><\/a><\/p>\n<p><strong>R\u00e9sum\u00e9 de l\u2019intervention&#160;: <\/strong><\/p>\n<p><em>\u201cPeople don\u2019t buy what you do, they buy why you do it\u201d. <\/em>S Sinek<\/p>\n<p>Comment mettre en forme des valeurs de marques en un produit physique&#160;?<\/p>\n<p>Chaque jour de nouvelles marques arrivent sur le march\u00e9 et les industriels doivent exposer leurs visions de mani\u00e8re claire et engag\u00e9e, au travers de leur communication et surtout de l\u2019esth\u00e9tique de leurs produits.<\/p>\n<p>Riche de nos exp\u00e9riences en tant qu\u2019esth\u00e9ticien et responsable de strat\u00e9gie esth\u00e9tique de marque, nous participons aujourd\u2019hui \u00e0 la vision et \u00e0 la cr\u00e9ation d\u2019identit\u00e9s pour des nouveaux acteurs de la mobilit\u00e9.<\/p>\n<p>C\u2019est \u00e0 partir de cas concrets que nous abordons ce challenge quotidien.<\/p>\n<p>Comment d\u00e9coder les valeurs des marques pour les retranscrire en caract\u00e9ristiques esth\u00e9tiques fortes&#160;?<\/p>\n<p>Comment passer d\u2019une d\u00e9marche intellectuelle narrative \u00e0 des solutions pragmatiques et d\u00e9sirables&#160;?<\/p>\n<p><strong>\u00a0<\/strong><\/p>\n<p><strong>Biographie du conf\u00e9rencier&#160;:<\/strong><\/p>\n<p>Apr\u00e8s une formation initiale en design transport et mobilier, Christophe a poursuivi ses \u00e9tudes sup\u00e9rieures par l\u2019obtention d\u2019un master en conception de produits nouveaux aux Arts et M\u00e9tiers de Paris en 1999.<\/p>\n<p>En 2000, il commence sa carri\u00e8re professionnelle au sein du groupe PSA, en tant que designer CMF (Color, Materials, Finish) pour les marques Peugeot et Citro\u00ebn, et prendra ensuite la direction du studio de design CMF pour Citro\u00ebn et DS automobiles.<\/p>\n<p>La r\u00e9ussite dans ses diff\u00e9rentes missions, lui permettra de prendre la fonction de Global brand design manager pour la marque DS Automobiles pendant 3 ann\u00e9es, et d\u00e9veloppera l\u2019esth\u00e9tique de l\u2019ensemble des supports de communications \u00e0 l\u2019\u00e9chelle internationale (salons, retails, \u00e9vents, publicit\u00e9s, catalogues, site internet, et produits d\u00e9riv\u00e9s).<\/p>\n<p>Apr\u00e8s 17 ann\u00e9es, au sein du groupe PSA, il rejoint l\u2019agence de Design Industriel DEMS, pour d\u00e9velopper l\u2019activit\u00e9 CMF dans le secteur des transports en commun.<\/p>\n<p>Depuis 2020, riche de 20 ann\u00e9es d\u2019exp\u00e9riences dans le domaine des transports, il cr\u00e9e et dirige avec un ancien collaborateur du groupe PSA, L\u2019Agence Pigment, pour mettre son expertise solide en cr\u00e9ation et en d\u00e9veloppement de l\u2019esth\u00e9tique, au service des diff\u00e9rents acteurs de la mobilit\u00e9, et r\u00e9pondre aux nouveaux enjeux du march\u00e9.<\/p>\n<p>&nbsp;<\/p>\n<h3>Discutants&#160;:<\/h3>\n<ul>\n<li>Jean No\u00ebl Kapferer<\/li>\n<li>Dominique Desjeux<\/li>\n<\/ul>\n<p><strong>\u00a0<\/strong><\/p>\n<h3 style=\"text-align: left\"><strong><u>21 avril \u00e0 18h<\/u><\/strong><\/h3>\n<p style=\"text-align: left\"><strong>Didier Bottineau<br \/>\n<\/strong><strong><em>Mots, noms et mondes de marques du point de vue de la cognition \u00e9nactive<\/em><\/strong><\/p>\n<p><strong><em>\u00a0<\/em><\/strong><\/p>\n<p><strong>Cliquez sur ce lien pour s\u2019inscrire \u00e0 ce webinaire <\/strong><\/p>\n<p><a href=\"https:\/\/teams.microsoft.com\/registration\/BL0WWnW0_0mxGsbINZ2xsQ,iqgjOsV4Q0G5Q41qLNjggA,gg1aiEeSOUWXDSHXGMnf0Q,quePzFf4Y0iUU9vD1VG4Lw,dBK98aaixUC5_udNloRWgg,MTNkzWgwyEaD-TODZKmyaw?mode=read&amp;tenantId=5a16bd04-b475-49ff-b11a-c6c8359db1b1\">https:\/\/teams.microsoft.com\/registration\/BL0WWnW0_0mxGsbINZ2xsQ,iqgjOsV4Q0G5Q41qLNjggA,gg1aiEeSOUWXDSHXGMnf0Q,quePzFf4Y0iUU9vD1VG4Lw,dBK98aaixUC5_udNloRWgg,MTNkzWgwyEaD-TODZKmyaw?mode=read&amp;tenantId=5a16bd04-b475-49ff-b11a-c6c8359db1b1<\/a><\/p>\n<p>&nbsp;<\/p>\n<p><strong>R\u00e9sum\u00e9 de l\u2019intervention&#160;: <\/strong><\/p>\n<p>La cognition dite \u00ab&#160;\u00e9nactive&#160;\u00bb \u00e9tudie, entre autres, la mani\u00e8re dont les \u00eatres vivants produisent un monde v\u00e9cu comme r\u00e9el \u00e0 travers le fonctionnement de leurs corps, dans leurs dimensions biologiques, \u00e9thologiques et culturelles, aux \u00e9chelles individuelles et collectives, imm\u00e9diates et dans la dur\u00e9e. Appliqu\u00e9e \u00e0 la question du langage humain, des langues et de la parole, cette approche est \u00e0 l\u2019origine de la linguistique \u00e9nactive, qui interroge la mani\u00e8re dont l\u2019activit\u00e9 langagi\u00e8re, performative et incantatoire, dans toutes ses dimensions, participe \u00e0 la cr\u00e9ation et promotion de r\u00e9alit\u00e9 v\u00e9cue par l\u2019humain.<\/p>\n<p>Dans cet esprit, cette pr\u00e9sentation apportera quelques \u00e9l\u00e9ments de r\u00e9flexion sur la mani\u00e8re d\u2019envisager le fonctionnement des noms de marques en acte dans leur contexte sc\u00e9nographique, dans leur relation \u00e0 l\u2019imaginaire qu\u2019ils suscitent, leur facult\u00e9 \u00e0 entrelacer des r\u00e9miniscences hybrides, leur capacit\u00e9 \u00e0 engendrer un monde virtuel aux fronti\u00e8res perm\u00e9ables avec la \u00ab&#160;r\u00e9alit\u00e9&#160;\u00bb conventionnelle, et leur vocation \u00e0 susciter l\u2019\u00e9mergence de collectivit\u00e9s munies de repr\u00e9sentations, valeurs, aspirations et consciences identitaires participant \u00e0 la d\u00e9marche commerciale promue par la campagne de communication et la liturgie publicitaire.<\/p>\n<p>On \u00e9voquera en particulier (i) la notion de fronti\u00e8re (en rapport \u00e9tymologique direct avec les notions de <em>marque<\/em> et <em>brand<\/em>) et (ii) l\u2019exemple de produits de parfumerie comportant les mots <em>ic\u00f4ne<\/em> \/ <em>icon<\/em> et <em>idole<\/em>, termes r\u00e9flexifs \u00e9voquant l\u2019imaginaire et l\u2019id\u00e9ologie m\u00eame que d\u00e9veloppe la s\u00e9miotique hybride des logos, emballages, visages, chants, textes, environnements fictionnalis\u00e9s et jeux de r\u00f4les auto-fictionnalisants propos\u00e9s au consommateur \u00e0 motiver.<\/p>\n<p><strong>Biographie du conf\u00e9rencier&#160;:<\/strong><\/p>\n<p>Didier Bottineau est Charg\u00e9 de recherches au CNRS (UMR 5191 ICAR <em>Interactions, Corpus, Apprentissages, Repr\u00e9sentations<\/em>, ENS de Lyon) en sciences du langage (langues, cultures, cognition, typologie linguistique). Il \u00e9tudie des langues diverses (romanes, germaniques, celtiques&#160;; le basque, l\u2019inuktitut, le guarani, le japonais, et d\u2019autres) dans le cadre de la cognition incarn\u00e9e, interactive et distribu\u00e9e (paradigme des 4 E&#160;: <em>embodied<\/em>, <em>embedded<\/em>, <em>enactive<\/em>, <em>extended<\/em>). Cette recherche porte sur les langues en tant que comportements individuels, collectifs et interactifs et interroge la mani\u00e8re dont les langues profilent des mentalit\u00e9s relativement partag\u00e9es dans leurs dimensions intellectuelles, sensibilit\u00e9s \u00e9motionnelles et normativit\u00e9 sociale. Cette question s\u2019applique \u00e0 la didactique des langues et porte un regard sp\u00e9cifique sur la nature des comp\u00e9tences interculturelles \u00e0 acqu\u00e9rir et les moyens d\u2019y parvenir.<\/p>\n<blockquote class=\"wp-embedded-content\" data-secret=\"1R7gP72DfA\">\n<p><a href=\"http:\/\/www.icar.cnrs.fr\/membre\/dbottineau\/\">Accueil<\/a><\/p>\n<\/blockquote>\n<p>&nbsp;<\/p>\n<h3>Discutants&#160;:<\/h3>\n<ul>\n<li>Dominique Desjeux<\/li>\n<li>Pierre Doze<\/li>\n<\/ul>\n<p>&nbsp;<\/p>\n<p style=\"text-align: center\"><strong><u>22 avril 2022 \u00e0 18h<\/u><\/strong><\/p>\n<p style=\"text-align: center\"><strong>Dominique Desjeux<\/strong><\/p>\n<p style=\"text-align: center\"><strong>\u00a0<\/strong><\/p>\n<p style=\"text-align: center\"><strong><em>La d\u00e9cision des consommateurs, entre usages, notes et marques<\/em><\/strong><\/p>\n<p>&nbsp;<\/p>\n<p><strong>Cliquez sur ce lien pour s\u2019inscrire \u00e0 ce webinaire <\/strong><\/p>\n<p>&nbsp;<\/p>\n<p><a href=\"https:\/\/teams.microsoft.com\/registration\/BL0WWnW0_0mxGsbINZ2xsQ,iqgjOsV4Q0G5Q41qLNjggA,gg1aiEeSOUWXDSHXGMnf0Q,9jvoo8U1KEGcIZ4Ky1z_tg,27YkHNJqIUaJBysMLEtmHw,ytVVkykg2EuIYw0AEa_psg?mode=read&amp;tenantId=5a16bd04-b475-49ff-b11a-c6c8359db1b1\">https:\/\/teams.microsoft.com\/registration\/BL0WWnW0_0mxGsbINZ2xsQ,iqgjOsV4Q0G5Q41qLNjggA,gg1aiEeSOUWXDSHXGMnf0Q,9jvoo8U1KEGcIZ4Ky1z_tg,27YkHNJqIUaJBysMLEtmHw,ytVVkykg2EuIYw0AEa_psg?mode=read&amp;tenantId=5a16bd04-b475-49ff-b11a-c6c8359db1b1<\/a><\/p>\n<p><strong>R\u00e9sum\u00e9 de l\u2019intervention&#160;: <\/strong><\/p>\n<p>L\u2019anthropologie de la consommation est peu centr\u00e9e sur la marque, ni sur l\u2019individu. Elle cherche \u00e0 comprendre ce qui organise les d\u00e9cisions du consommateur d\u2019un point de vue collectif de l\u2019unit\u00e9 de consommation domestique (famille, m\u00e9nage) et dynamique (itin\u00e9raire depuis l\u2019\u00e9v\u00e8nement d\u00e9clencheur \u00e0 l\u2019acquisition jusqu\u2019\u00e0 l\u2019usage et au recyclage). C\u2019est donc un autre d\u00e9coupage, une autre \u00e9chelle d\u2019observation qui est propos\u00e9e, et non pas une approche plus vraie. Elle permet de faire apparaitre les \u00ab&#160;dimensions sociales cach\u00e9es&#160;\u00bb derri\u00e8re l\u2019individu.<\/p>\n<p>Comme socio-anthropologue, j\u2019aborde donc la question de l\u2019influence de la marque dans les processus de d\u00e9cision des consommateurs comme une variable d\u00e9pendante de l\u2019\u00e9volution de la g\u00e9opolitique, des modes de vie et des contraintes mat\u00e9rielles, sociales et symboliques qui structurent le milieu de vie des consommateurs et qui fondent la rationalit\u00e9, la logique sociale, des d\u00e9cisions.<\/p>\n<p>Le d\u00e9tour anthropologique permet de comprendre ce qui d\u00e9clenche les d\u00e9cisions du consommateur par l\u2019observation <em>in situ <\/em>des usages des produits. C\u2019est en mettant entre parenth\u00e8ses la marque, pour se concentrer sur les pratiques autour de la cuisine, des courses, du jardin ou de la salle \u00e0 manger que l\u2019on va mieux comprendre les consommateurs. J\u2019ai observ\u00e9 qu\u2019en fonction des situations, des cycles de vie, et pour les produits du quotidien, la marque n\u2019est pas toujours centrale. A l\u2019inverse, les enqu\u00eates que j\u2019ai men\u00e9es pour Chanel montrent que la marque est centrale dans le luxe.<\/p>\n<p>La place de la marque a aussi vari\u00e9 historiquement. En fonction des situations, des cycles de vie, la marque varie en fonction du jeu entre le produit, la logistique (cf. les 4P dans les ann\u00e9es 1970), la marque et les \u00e9l\u00e9ments pratiques d\u00e9clencheurs de la d\u00e9cision d\u2019acheter ou d\u2019agir.<\/p>\n<p>Aujourd\u2019hui, la mont\u00e9e des dispositifs de notation fait remonter l\u2019importance utilitaire du produit au d\u00e9triment de l\u2019imaginaire de la marque, sans la faire disparaitre.la d\u00e9cision se joue entre le produit, la marque et la note.<\/p>\n<p>Tout cela peut se ramener \u00e0 une grille de lecture des contraintes et de potentialit\u00e9s qui organisent, de fa\u00e7on non m\u00e9canique, les choix des consommateurs en plus de la marque&#160;:<\/p>\n<ul>\n<li><strong>Les techniques de persuasion autour de la marque <\/strong>sont les moins contraignantes si l\u2019on accepte que la marque ne fait pas acheter tant qu\u2019il n\u2019y a pas d\u2019utilit\u00e9 mat\u00e9rielle ou symbolique, mais qu\u2019elle fait choisir entre des produits ou des marques. Elles sont centr\u00e9es sur <strong>les valeurs moins contraignantes,<\/strong> sauf pour les militants et les pionniers, que les <strong>contraintes de pouvoir d\u2019achat <\/strong>par exemple.<\/li>\n<li><strong>Les syst\u00e8mes de notation <\/strong>sont simples d\u2019usage et se recentrent sur les qualit\u00e9s du produit.<strong> La marque devient une variable d\u00e9pendante du produit<\/strong>. Leur pouvoir persuasif est plus fort<\/li>\n<li><strong>Les Nudges <\/strong>contraintes variables<\/li>\n<li>L\u2019obligation de racheter des consommables augmente la contrainte (lame de rasoir, Nespresso, cartouches d\u2019imprimante).<\/li>\n<li>La captation la plus forte du consommateur est celle des syst\u00e8mes techniques associ\u00e9s \u00e0 des stimuli addictifs des GAFAM occidentaux (Google, Apple, Facebook, Amazon et Microsoft) et les <a href=\"https:\/\/fr.wikipedia.org\/wiki\/BATX\">BHATX<\/a> chinois (<a href=\"https:\/\/fr.wikipedia.org\/wiki\/Baidu\">Baidu<\/a>, <a href=\"https:\/\/fr.wikipedia.org\/wiki\/Huawei\">Huawei<\/a>, <a href=\"https:\/\/fr.wikipedia.org\/wiki\/Alibaba_Group\">Alibaba<\/a>, <a href=\"https:\/\/fr.wikipedia.org\/wiki\/Tencent\">Tencent<\/a> et <a href=\"https:\/\/fr.wikipedia.org\/wiki\/Xiaomi\">Xiaomi<\/a>), aujourd\u2019hui. La marque n\u2019a plus beaucoup de r\u00f4les.<\/li>\n<\/ul>\n<p>Pour mieux communiquer sur une marque, il faut se demander en permanence quels sont les \u00e9v\u00e9nements, souvent inattendus (cf. l\u2019intervention de l\u2019\u00e9tat en Chine sur les BHATX entre 2021 et 2022) qui changent le mode de vie et donc qui influencent le comportement des consommateurs.<\/p>\n<p>&nbsp;<\/p>\n<p><strong>Biographie du conf\u00e9rencier&#160;:<\/strong><\/p>\n<p>Dominique Desjeux est anthropologue, professeur \u00e9m\u00e9rite \u00e0 la Sorbonne SHS, universit\u00e9 de Paris. Apr\u00e8s avoir travaill\u00e9 avec Michel Crozier, Alain Touraine et George Balandier, il m\u00e8ne depuis 1969 des recherches sous contrat, en Chine, aux USA, au Br\u00e9sil, en Europe et en Afrique pour de nombreuses entreprises priv\u00e9es, des minist\u00e8res et des ONG. Il est l\u2019auteur de plusieurs ouvrages sur la consommation, l\u2019\u00e9nergie, la mobilit\u00e9, les innovations et les d\u00e9cisions dans les organisations et l\u2019espace domestique. Il a \u00e9t\u00e9 directeur de collections \u00e0 l\u2019Harmattan et aux PUF. Il anime le r\u00e9seau des socio-anthropologues professionnels\u00a0:anthropik. Il est membre du CEPED UMR 196, membre du GIS \u00ab&#160;jeux et soci\u00e9t\u00e9s&#160;\u00bb (Universit\u00e9 de Paris, Paris 13, Paris Nanterre, Paris Sorbonne) et Co-pr\u00e9sident de l\u2019ObSoCo (Observatoire Soci\u00e9t\u00e9 et Consommation) anim\u00e9 par Philippe Moati. Il travaille \u00e0 l\u2019interface du monde professionnel et du monde acad\u00e9mique.<\/p>\n<h3>Discutants&#160;:<\/h3>\n<ul>\n<li>G\u00e9raldine Michel<\/li>\n<li>Christophe Poinlane<\/li>\n<\/ul>\n<h3 style=\"text-align: left\"><strong><u>5 mai \u00e0 18h<\/u><\/strong><\/h3>\n<p style=\"text-align: left\"><strong>Remy Kon\u00e9<br \/>\n<\/strong><strong><em>Marque et raison d\u2019\u00eatre d\u2019une entreprise, nouveau paradigme&#160;?<\/em><\/strong><\/p>\n<p style=\"text-align: left\"><u><br \/>\n<\/u><strong>Cliquez sur ce lien pour s\u2019inscrire \u00e0 ce webinaire <\/strong><\/p>\n<p><a href=\"https:\/\/teams.microsoft.com\/registration\/BL0WWnW0_0mxGsbINZ2xsQ,iqgjOsV4Q0G5Q41qLNjggA,gg1aiEeSOUWXDSHXGMnf0Q,-p7xAaQdyUallpH_74POtg,iYaWZ83RjUWgkdZgBhVrOw,hhRKOhcR0EuMu3tolCfjiQ?mode=read&amp;tenantId=5a16bd04-b475-49ff-b11a-c6c8359db1b1\">https:\/\/teams.microsoft.com\/registration\/BL0WWnW0_0mxGsbINZ2xsQ,iqgjOsV4Q0G5Q41qLNjggA,gg1aiEeSOUWXDSHXGMnf0Q,-p7xAaQdyUallpH_74POtg,iYaWZ83RjUWgkdZgBhVrOw,hhRKOhcR0EuMu3tolCfjiQ?mode=read&amp;tenantId=5a16bd04-b475-49ff-b11a-c6c8359db1b1<\/a><\/p>\n<p>&nbsp;<\/p>\n<p><strong>R\u00e9sum\u00e9 de l\u2019intervention&#160;: <\/strong><\/p>\n<p>Le capitalisme s\u2019est construit sur une doxa incarn\u00e9e par Milton Friedman qui donne<\/p>\n<p>comme mission exclusive \u00e0 l\u2019entreprise \u00ab&#160;la maximisation des revenus des actionnaires&#160;\u00bb. \u00c0 l\u2019heure o\u00f9 la question de l\u2019impact soci\u00e9tal et environnemental des entreprises est au coeur des enjeux, la notion de Raison d\u2019\u00catre des entreprises vient bouleverser ce paradigme. En effet, au-del\u00e0 de sa seule activit\u00e9 \u00e9conomique, l\u2019entreprise joue un r\u00f4le dans la soci\u00e9t\u00e9, elle doit \u00eatre attentive \u00e0 son impact.<\/p>\n<p>La Raison d\u2019\u00catre d\u2019une entreprise est ce qui va d\u00e9finir sa mission, ce pour quoi elle<\/p>\n<p>existe. La raison d\u2019\u00eatre va servir de boussole aux actions, activit\u00e9s et communications de l\u2019entreprise. La Raison d\u2019\u00catre ne d\u00e9coule pas de la plateforme de marque d\u2019une entreprise, elle la conditionne.<\/p>\n<p><strong>Biographie du conf\u00e9rencier&#160;:<\/strong><\/p>\n<p>Dipl\u00f4m\u00e9 du Master Affaires publiques de Sciences Po Paris et titulaire d&rsquo;un Master de recherche en philosophie contemporaine de l&rsquo;universit\u00e9 Panth\u00e9on Sorbonne, R\u00e9my Kon\u00e9 accompagne depuis pr\u00e8s de dix ans des entreprises dans leurs strat\u00e9gies de communication. Il fonde avec deux amis l&rsquo;agence conseil Chez Maurice qui accompagne des entreprises dans leurs strat\u00e9gies de d\u00e9veloppement durable. Il est \u00e9galement \u00e0 la t\u00eate du studio marketing Gorille qui r\u00e9alise des \u00e9l\u00e9ments de communication interne et externe pour une grande vari\u00e9t\u00e9 d&rsquo;entreprises.<\/p>\n<h3>Discutants&#160;:<\/h3>\n<ul>\n<li>Pierre Doze<\/li>\n<li>Didier Bottineau<\/li>\n<\/ul>\n<p>&nbsp;<\/p>\n<p>&nbsp;<\/p>\n<\/p><\/div>\n<div class=\"zn-singledetail-attachedfiles\">\n<h3 class=\"zn-singledetail-section-title\">Fichier(s) attach\u00e9(s)<\/h3>\n<ul class=\"zn-singledetail-attachedfiles-list\">\n<li class=\"zn-singledetail-attachedfiles-item\">\n\t\t\t\t\t\t\t<a class=\"zn-singledetail-attachedfiles-link button outline for-download\" href=\"https:\/\/www.sfsic.org\/wp-inside\/uploads\/skp-membership\/demande_adh\/visages-de-marques-31-mars-au-5-mai.pdf\" title=\"T\u00e9l\u00e9charger : \u00ab visages-de-marques-31-mars-au-5-mai.pdf \u00bb\" target=\"_blank\" rel=\"noopener\"><br \/>\n\t\t\t\t\t\t\t\t<span class=\"button-txt\">visages-de-marques-31-mars-au-5-mai<span class=\"button-txt-type\"> (pdf)<\/span><\/span><br \/>\n\t\t\t\t\t\t\t<\/a>\n\t\t\t\t\t\t<\/li>\n<\/ul><\/div>\n<div class=\"zn-singledetail-keywords\">\n<h3 class=\"zn-singledetail-section-title\">Mots-cl\u00e9s<\/h3>\n<ul class=\"termslist termslist-post_tag\">\n<li class=\"termslist-item termslist-title\"><span class=\"termslist-titletxt\">Mots-cl\u00e9s<\/span><span class=\"doubledot\"><\/span><\/li>\n<li class=\"termslist-item tax-post_tag term-communication\"><a class=\"termslist-itemlink\" href=\"https:\/\/www.sfsic.org\/tag\/communication\/\" title=\"Communication\"><span class=\"termslist-itemname\">Communication<\/span><\/a><\/li>\n<li class=\"termslist-item tax-post_tag term-design\"><a class=\"termslist-itemlink\" href=\"https:\/\/www.sfsic.org\/tag\/design\/\" title=\"Design\"><span class=\"termslist-itemname\">Design<\/span><\/a><\/li>\n<li class=\"termslist-item tax-post_tag term-marque\"><a class=\"termslist-itemlink\" href=\"https:\/\/www.sfsic.org\/tag\/marque\/\" title=\"Marque\"><span class=\"termslist-itemname\">Marque<\/span><\/a><\/li>\n<\/ul><\/div>\n<\/p><\/div>\n<\/p><\/div>\n<\/p><\/div>\n<\/p><\/div>\n<\/div>\n<p><!-- \/fxzn:singledetail --><\/p>\n","protected":false},"excerpt":{"rendered":"<p>Mis en ligne le 13 f\u00e9vrier 2022 Th\u00e9matiques Communication et organisations Design Type d\u2019\u00e9v\u00e9nement S\u00e9minaire Contacts Patrick Bourgne MCF Patrick.Bourgne@uca.fr Dates de l\u2019\u00e9v\u00e9nement Du 31\/03\/2022 au 05\/05\/2022, 18h-20h Lieu de [&hellip;]<\/p>\n","protected":false},"author":1225,"featured_media":0,"comment_status":"closed","ping_status":"closed","sticky":false,"template":"","format":"standard","meta":{"_acf_changed":false,"footnotes":""},"categories":[30,69],"tags":[363,173,80],"thematique":[37,41],"sfsic":[],"class_list":["post-22806","post","type-post","status-publish","format-standard","hentry","category-evenement","category-seminaire-2","tag-communication","tag-design","tag-marque","thematique-communication-organisations","thematique-design","wp-sticky"],"acf":[],"yoast_head":"<!-- This site is optimized with the Yoast SEO plugin v27.5 - https:\/\/yoast.com\/product\/yoast-seo-wordpress\/ -->\n<title>Visages de marques- Rencontres pluridisciplinaires (webinaires) autour des th\u00e9oriciens et des praticiens de la marque<\/title>\n<meta name=\"description\" content=\"Le programme des 15 webinaires sur la th\u00e9matique &quot;Visages de marques- Rencontres pluridisciplinaires (webinaires) autour des th\u00e9oriciens et des praticiens de la marque &quot; est en ligne.\" \/>\n<meta name=\"robots\" content=\"index, follow, max-snippet:-1, max-image-preview:large, max-video-preview:-1\" \/>\n<link rel=\"canonical\" href=\"https:\/\/www.sfsic.org\/en\/evenement\/visages-de-marques-rencontres-pluridisplinaires-webinaires-autour-des-theoriciens-et-des-praticiens-de-la-marque\/\" \/>\n<meta property=\"og:locale\" content=\"en_US\" \/>\n<meta property=\"og:type\" content=\"article\" \/>\n<meta property=\"og:title\" content=\"Visages de marques- Rencontres pluridisciplinaires (webinaires) autour des th\u00e9oriciens et des praticiens de la marque\" \/>\n<meta property=\"og:description\" content=\"Le programme des 15 webinaires sur la th\u00e9matique &quot;Visages de marques- Rencontres pluridisciplinaires (webinaires) autour des th\u00e9oriciens et des praticiens de la marque &quot; est en ligne.\" \/>\n<meta property=\"og:url\" content=\"https:\/\/www.sfsic.org\/en\/evenement\/visages-de-marques-rencontres-pluridisplinaires-webinaires-autour-des-theoriciens-et-des-praticiens-de-la-marque\/\" \/>\n<meta property=\"og:site_name\" content=\"SFSIC\" \/>\n<meta property=\"article:published_time\" content=\"2022-02-13T09:50:40+00:00\" \/>\n<meta property=\"article:modified_time\" content=\"2022-02-19T14:19:11+00:00\" \/>\n<meta name=\"author\" content=\"Patrick Bourgne\" \/>\n<meta name=\"twitter:card\" content=\"summary_large_image\" \/>\n<script type=\"application\/ld+json\" class=\"yoast-schema-graph\">{\"@context\":\"https:\\\/\\\/schema.org\",\"@graph\":[{\"@type\":\"Article\",\"@id\":\"https:\\\/\\\/www.sfsic.org\\\/en\\\/evenement\\\/visages-de-marques-rencontres-pluridisplinaires-webinaires-autour-des-theoriciens-et-des-praticiens-de-la-marque\\\/#article\",\"isPartOf\":{\"@id\":\"https:\\\/\\\/www.sfsic.org\\\/en\\\/evenement\\\/visages-de-marques-rencontres-pluridisplinaires-webinaires-autour-des-theoriciens-et-des-praticiens-de-la-marque\\\/\"},\"author\":{\"name\":\"Patrick Bourgne\",\"@id\":\"https:\\\/\\\/www.sfsic.org\\\/en\\\/#\\\/schema\\\/person\\\/2d820932f096a190163d6b25f2c652a2\"},\"headline\":\"Visages de marques- Rencontres pluridisciplinaires (webinaires) autour des th\u00e9oriciens et des praticiens de la marque\",\"datePublished\":\"2022-02-13T09:50:40+00:00\",\"dateModified\":\"2022-02-19T14:19:11+00:00\",\"mainEntityOfPage\":{\"@id\":\"https:\\\/\\\/www.sfsic.org\\\/en\\\/evenement\\\/visages-de-marques-rencontres-pluridisplinaires-webinaires-autour-des-theoriciens-et-des-praticiens-de-la-marque\\\/\"},\"wordCount\":6593,\"publisher\":{\"@id\":\"https:\\\/\\\/www.sfsic.org\\\/en\\\/#organization\"},\"keywords\":[\"Communication\",\"Design\",\"Marque\"],\"articleSection\":[\"\u00c9v\u00e9nements\",\"S\u00e9minaire\"],\"inLanguage\":\"en-US\"},{\"@type\":\"WebPage\",\"@id\":\"https:\\\/\\\/www.sfsic.org\\\/en\\\/evenement\\\/visages-de-marques-rencontres-pluridisplinaires-webinaires-autour-des-theoriciens-et-des-praticiens-de-la-marque\\\/\",\"url\":\"https:\\\/\\\/www.sfsic.org\\\/en\\\/evenement\\\/visages-de-marques-rencontres-pluridisplinaires-webinaires-autour-des-theoriciens-et-des-praticiens-de-la-marque\\\/\",\"name\":\"Visages de marques- Rencontres pluridisciplinaires (webinaires) autour des th\u00e9oriciens et des praticiens de la marque\",\"isPartOf\":{\"@id\":\"https:\\\/\\\/www.sfsic.org\\\/en\\\/#website\"},\"datePublished\":\"2022-02-13T09:50:40+00:00\",\"dateModified\":\"2022-02-19T14:19:11+00:00\",\"description\":\"Le programme des 15 webinaires sur la th\u00e9matique \\\"Visages de marques- Rencontres pluridisciplinaires (webinaires) autour des th\u00e9oriciens et des praticiens de la marque \\\" est en ligne.\",\"breadcrumb\":{\"@id\":\"https:\\\/\\\/www.sfsic.org\\\/en\\\/evenement\\\/visages-de-marques-rencontres-pluridisplinaires-webinaires-autour-des-theoriciens-et-des-praticiens-de-la-marque\\\/#breadcrumb\"},\"inLanguage\":\"en-US\",\"potentialAction\":[{\"@type\":\"ReadAction\",\"target\":[\"https:\\\/\\\/www.sfsic.org\\\/en\\\/evenement\\\/visages-de-marques-rencontres-pluridisplinaires-webinaires-autour-des-theoriciens-et-des-praticiens-de-la-marque\\\/\"]}]},{\"@type\":\"BreadcrumbList\",\"@id\":\"https:\\\/\\\/www.sfsic.org\\\/en\\\/evenement\\\/visages-de-marques-rencontres-pluridisplinaires-webinaires-autour-des-theoriciens-et-des-praticiens-de-la-marque\\\/#breadcrumb\",\"itemListElement\":[{\"@type\":\"ListItem\",\"position\":1,\"name\":\"Accueil\",\"item\":\"https:\\\/\\\/www.sfsic.org\\\/en\\\/\"},{\"@type\":\"ListItem\",\"position\":2,\"name\":\"Events\",\"item\":\"https:\\\/\\\/www.sfsic.org\\\/en\\\/events\\\/\"},{\"@type\":\"ListItem\",\"position\":3,\"name\":\"Seminar\",\"item\":\"https:\\\/\\\/www.sfsic.org\\\/en\\\/events\\\/seminar-2\\\/\"},{\"@type\":\"ListItem\",\"position\":4,\"name\":\"Visages de marques- Rencontres pluridisciplinaires (webinaires) autour des th\u00e9oriciens et des praticiens de la marque\"}]},{\"@type\":\"WebSite\",\"@id\":\"https:\\\/\\\/www.sfsic.org\\\/en\\\/#website\",\"url\":\"https:\\\/\\\/www.sfsic.org\\\/en\\\/\",\"name\":\"SFSIC\",\"description\":\"Soci\u00e9t\u00e9 Fran\u00e7aise des Sciences de l&#039;Information &amp; de la Communication\",\"publisher\":{\"@id\":\"https:\\\/\\\/www.sfsic.org\\\/en\\\/#organization\"},\"potentialAction\":[{\"@type\":\"SearchAction\",\"target\":{\"@type\":\"EntryPoint\",\"urlTemplate\":\"https:\\\/\\\/www.sfsic.org\\\/en\\\/?s={search_term_string}\"},\"query-input\":{\"@type\":\"PropertyValueSpecification\",\"valueRequired\":true,\"valueName\":\"search_term_string\"}}],\"inLanguage\":\"en-US\"},{\"@type\":\"Organization\",\"@id\":\"https:\\\/\\\/www.sfsic.org\\\/en\\\/#organization\",\"name\":\"SFSIC\",\"url\":\"https:\\\/\\\/www.sfsic.org\\\/en\\\/\",\"logo\":{\"@type\":\"ImageObject\",\"inLanguage\":\"en-US\",\"@id\":\"https:\\\/\\\/www.sfsic.org\\\/en\\\/#\\\/schema\\\/logo\\\/image\\\/\",\"url\":\"https:\\\/\\\/www.sfsic.org\\\/wp-inside\\\/uploads\\\/2020\\\/05\\\/logo-sfsic.jpg\",\"contentUrl\":\"https:\\\/\\\/www.sfsic.org\\\/wp-inside\\\/uploads\\\/2020\\\/05\\\/logo-sfsic.jpg\",\"width\":1085,\"height\":1080,\"caption\":\"SFSIC\"},\"image\":{\"@id\":\"https:\\\/\\\/www.sfsic.org\\\/en\\\/#\\\/schema\\\/logo\\\/image\\\/\"}},{\"@type\":\"Person\",\"@id\":\"https:\\\/\\\/www.sfsic.org\\\/en\\\/#\\\/schema\\\/person\\\/2d820932f096a190163d6b25f2c652a2\",\"name\":\"Patrick Bourgne\",\"image\":{\"@type\":\"ImageObject\",\"inLanguage\":\"en-US\",\"@id\":\"https:\\\/\\\/secure.gravatar.com\\\/avatar\\\/8efff57f80de80c8d0282a08fda79cfcb3c161b9689d7889b54cefce88e391de?s=96&d=mm&r=g\",\"url\":\"https:\\\/\\\/secure.gravatar.com\\\/avatar\\\/8efff57f80de80c8d0282a08fda79cfcb3c161b9689d7889b54cefce88e391de?s=96&d=mm&r=g\",\"contentUrl\":\"https:\\\/\\\/secure.gravatar.com\\\/avatar\\\/8efff57f80de80c8d0282a08fda79cfcb3c161b9689d7889b54cefce88e391de?s=96&d=mm&r=g\",\"caption\":\"Patrick Bourgne\"}}]}<\/script>\n<!-- \/ Yoast SEO plugin. -->","yoast_head_json":{"title":"Visages de marques- Rencontres pluridisciplinaires (webinaires) autour des th\u00e9oriciens et des praticiens de la marque","description":"Le programme des 15 webinaires sur la th\u00e9matique \"Visages de marques- Rencontres pluridisciplinaires (webinaires) autour des th\u00e9oriciens et des praticiens de la marque \" est en ligne.","robots":{"index":"index","follow":"follow","max-snippet":"max-snippet:-1","max-image-preview":"max-image-preview:large","max-video-preview":"max-video-preview:-1"},"canonical":"https:\/\/www.sfsic.org\/en\/evenement\/visages-de-marques-rencontres-pluridisplinaires-webinaires-autour-des-theoriciens-et-des-praticiens-de-la-marque\/","og_locale":"en_US","og_type":"article","og_title":"Visages de marques- Rencontres pluridisciplinaires (webinaires) autour des th\u00e9oriciens et des praticiens de la marque","og_description":"Le programme des 15 webinaires sur la th\u00e9matique \"Visages de marques- Rencontres pluridisciplinaires (webinaires) autour des th\u00e9oriciens et des praticiens de la marque \" est en ligne.","og_url":"https:\/\/www.sfsic.org\/en\/evenement\/visages-de-marques-rencontres-pluridisplinaires-webinaires-autour-des-theoriciens-et-des-praticiens-de-la-marque\/","og_site_name":"SFSIC","article_published_time":"2022-02-13T09:50:40+00:00","article_modified_time":"2022-02-19T14:19:11+00:00","author":"Patrick Bourgne","twitter_card":"summary_large_image","schema":{"@context":"https:\/\/schema.org","@graph":[{"@type":"Article","@id":"https:\/\/www.sfsic.org\/en\/evenement\/visages-de-marques-rencontres-pluridisplinaires-webinaires-autour-des-theoriciens-et-des-praticiens-de-la-marque\/#article","isPartOf":{"@id":"https:\/\/www.sfsic.org\/en\/evenement\/visages-de-marques-rencontres-pluridisplinaires-webinaires-autour-des-theoriciens-et-des-praticiens-de-la-marque\/"},"author":{"name":"Patrick Bourgne","@id":"https:\/\/www.sfsic.org\/en\/#\/schema\/person\/2d820932f096a190163d6b25f2c652a2"},"headline":"Visages de marques- Rencontres pluridisciplinaires (webinaires) autour des th\u00e9oriciens et des praticiens de la marque","datePublished":"2022-02-13T09:50:40+00:00","dateModified":"2022-02-19T14:19:11+00:00","mainEntityOfPage":{"@id":"https:\/\/www.sfsic.org\/en\/evenement\/visages-de-marques-rencontres-pluridisplinaires-webinaires-autour-des-theoriciens-et-des-praticiens-de-la-marque\/"},"wordCount":6593,"publisher":{"@id":"https:\/\/www.sfsic.org\/en\/#organization"},"keywords":["Communication","Design","Marque"],"articleSection":["\u00c9v\u00e9nements","S\u00e9minaire"],"inLanguage":"en-US"},{"@type":"WebPage","@id":"https:\/\/www.sfsic.org\/en\/evenement\/visages-de-marques-rencontres-pluridisplinaires-webinaires-autour-des-theoriciens-et-des-praticiens-de-la-marque\/","url":"https:\/\/www.sfsic.org\/en\/evenement\/visages-de-marques-rencontres-pluridisplinaires-webinaires-autour-des-theoriciens-et-des-praticiens-de-la-marque\/","name":"Visages de marques- Rencontres pluridisciplinaires (webinaires) autour des th\u00e9oriciens et des praticiens de la marque","isPartOf":{"@id":"https:\/\/www.sfsic.org\/en\/#website"},"datePublished":"2022-02-13T09:50:40+00:00","dateModified":"2022-02-19T14:19:11+00:00","description":"Le programme des 15 webinaires sur la th\u00e9matique \"Visages de marques- Rencontres pluridisciplinaires (webinaires) autour des th\u00e9oriciens et des praticiens de la marque \" est en ligne.","breadcrumb":{"@id":"https:\/\/www.sfsic.org\/en\/evenement\/visages-de-marques-rencontres-pluridisplinaires-webinaires-autour-des-theoriciens-et-des-praticiens-de-la-marque\/#breadcrumb"},"inLanguage":"en-US","potentialAction":[{"@type":"ReadAction","target":["https:\/\/www.sfsic.org\/en\/evenement\/visages-de-marques-rencontres-pluridisplinaires-webinaires-autour-des-theoriciens-et-des-praticiens-de-la-marque\/"]}]},{"@type":"BreadcrumbList","@id":"https:\/\/www.sfsic.org\/en\/evenement\/visages-de-marques-rencontres-pluridisplinaires-webinaires-autour-des-theoriciens-et-des-praticiens-de-la-marque\/#breadcrumb","itemListElement":[{"@type":"ListItem","position":1,"name":"Accueil","item":"https:\/\/www.sfsic.org\/en\/"},{"@type":"ListItem","position":2,"name":"Events","item":"https:\/\/www.sfsic.org\/en\/events\/"},{"@type":"ListItem","position":3,"name":"Seminar","item":"https:\/\/www.sfsic.org\/en\/events\/seminar-2\/"},{"@type":"ListItem","position":4,"name":"Visages de marques- Rencontres pluridisciplinaires (webinaires) autour des th\u00e9oriciens et des praticiens de la marque"}]},{"@type":"WebSite","@id":"https:\/\/www.sfsic.org\/en\/#website","url":"https:\/\/www.sfsic.org\/en\/","name":"SFSIC","description":"Soci\u00e9t\u00e9 Fran\u00e7aise des Sciences de l&#039;Information &amp; de la Communication","publisher":{"@id":"https:\/\/www.sfsic.org\/en\/#organization"},"potentialAction":[{"@type":"SearchAction","target":{"@type":"EntryPoint","urlTemplate":"https:\/\/www.sfsic.org\/en\/?s={search_term_string}"},"query-input":{"@type":"PropertyValueSpecification","valueRequired":true,"valueName":"search_term_string"}}],"inLanguage":"en-US"},{"@type":"Organization","@id":"https:\/\/www.sfsic.org\/en\/#organization","name":"SFSIC","url":"https:\/\/www.sfsic.org\/en\/","logo":{"@type":"ImageObject","inLanguage":"en-US","@id":"https:\/\/www.sfsic.org\/en\/#\/schema\/logo\/image\/","url":"https:\/\/www.sfsic.org\/wp-inside\/uploads\/2020\/05\/logo-sfsic.jpg","contentUrl":"https:\/\/www.sfsic.org\/wp-inside\/uploads\/2020\/05\/logo-sfsic.jpg","width":1085,"height":1080,"caption":"SFSIC"},"image":{"@id":"https:\/\/www.sfsic.org\/en\/#\/schema\/logo\/image\/"}},{"@type":"Person","@id":"https:\/\/www.sfsic.org\/en\/#\/schema\/person\/2d820932f096a190163d6b25f2c652a2","name":"Patrick Bourgne","image":{"@type":"ImageObject","inLanguage":"en-US","@id":"https:\/\/secure.gravatar.com\/avatar\/8efff57f80de80c8d0282a08fda79cfcb3c161b9689d7889b54cefce88e391de?s=96&d=mm&r=g","url":"https:\/\/secure.gravatar.com\/avatar\/8efff57f80de80c8d0282a08fda79cfcb3c161b9689d7889b54cefce88e391de?s=96&d=mm&r=g","contentUrl":"https:\/\/secure.gravatar.com\/avatar\/8efff57f80de80c8d0282a08fda79cfcb3c161b9689d7889b54cefce88e391de?s=96&d=mm&r=g","caption":"Patrick Bourgne"}}]}},"_links":{"self":[{"href":"https:\/\/www.sfsic.org\/en\/wp-json\/wp\/v2\/posts\/22806","targetHints":{"allow":["GET"]}}],"collection":[{"href":"https:\/\/www.sfsic.org\/en\/wp-json\/wp\/v2\/posts"}],"about":[{"href":"https:\/\/www.sfsic.org\/en\/wp-json\/wp\/v2\/types\/post"}],"author":[{"embeddable":true,"href":"https:\/\/www.sfsic.org\/en\/wp-json\/wp\/v2\/users\/1225"}],"replies":[{"embeddable":true,"href":"https:\/\/www.sfsic.org\/en\/wp-json\/wp\/v2\/comments?post=22806"}],"version-history":[{"count":5,"href":"https:\/\/www.sfsic.org\/en\/wp-json\/wp\/v2\/posts\/22806\/revisions"}],"predecessor-version":[{"id":22885,"href":"https:\/\/www.sfsic.org\/en\/wp-json\/wp\/v2\/posts\/22806\/revisions\/22885"}],"wp:attachment":[{"href":"https:\/\/www.sfsic.org\/en\/wp-json\/wp\/v2\/media?parent=22806"}],"wp:term":[{"taxonomy":"category","embeddable":true,"href":"https:\/\/www.sfsic.org\/en\/wp-json\/wp\/v2\/categories?post=22806"},{"taxonomy":"post_tag","embeddable":true,"href":"https:\/\/www.sfsic.org\/en\/wp-json\/wp\/v2\/tags?post=22806"},{"taxonomy":"thematique","embeddable":true,"href":"https:\/\/www.sfsic.org\/en\/wp-json\/wp\/v2\/thematique?post=22806"},{"taxonomy":"sfsic","embeddable":true,"href":"https:\/\/www.sfsic.org\/en\/wp-json\/wp\/v2\/sfsic?post=22806"}],"curies":[{"name":"wp","href":"https:\/\/api.w.org\/{rel}","templated":true}]}}