{"id":22681,"date":"2022-02-08T11:51:47","date_gmt":"2022-02-08T10:51:47","guid":{"rendered":"https:\/\/www.sfsic.org\/?p=22681"},"modified":"2022-02-05T19:52:13","modified_gmt":"2022-02-05T18:52:13","slug":"a-lepreuve-des-donnees","status":"publish","type":"post","link":"https:\/\/www.sfsic.org\/en\/aac-evenement\/a-lepreuve-des-donnees\/","title":{"rendered":"\u00c0 l&#8217;\u00e9preuve des donn\u00e9es"},"content":{"rendered":"<p><!-- fxzn:singledetail --><\/p>\n<div class=\"zone zn-singledetail\" id=\"fxzn-singledetail-1\">\n<div class=\"zone-block zn-singledetail-block alignwide va-top\">\n<div class=\"row\">\n<div class=\"columns large-8 large-push-4\">\n<div class=\"zn-singledetail-metabox\">\n<div class=\"zn-singledetail-pubdate pubdate\">\n\t\t\t\t\t<span class=\"pubdate-txt\">Mis en ligne le<\/span><span class=\"doubledot\"><\/span> 5 f\u00e9vrier 2022\t\t\t\t<\/div>\n<p class=\"zn-singledetail-calenda-info\">\n\t\t\t\t\t\tInformations \u00e9dit\u00e9es \u00e0 partir d\u2019une annonce <a class=\"calenda-link prettylink\" href=\"https:\/\/calenda.org\/952739\" target=\"_blank\" rel=\"noopener\"><strong>Calenda<\/strong><\/a>.\t\t\t\t\t<\/p>\n<div class=\"zn-singledetail-thematiques with-sep-comma\">\n<ul class=\"termslist termslist-thematique\">\n<li class=\"termslist-item termslist-title\"><span class=\"termslist-titletxt\">Th\u00e9matiques<\/span><span class=\"doubledot\"><\/span><\/li>\n<li class=\"termslist-item tax-thematique term-numerique-strategies-dispositifs-et-usages\"><a class=\"termslist-itemlink\" href=\"https:\/\/www.sfsic.org\/en\/thematiques\/digital-strategies-devices-and-uses-en\/\" title=\"Num\u00e9rique : strat\u00e9gies, dispositifs et usages\"><span class=\"termslist-itemname\">Num\u00e9rique : strat\u00e9gies, dispositifs et usages<\/span><\/a><\/li>\n<\/ul><\/div>\n<\/p><\/div>\n<\/p><\/div>\n<\/p><\/div>\n<div class=\"row\">\n<div class=\"columns large-4\">\n<div class=\"zn-singledetail-sidebar bg-cornersquares\">\n<div class=\"zn-singledetail-infos\">\n<p class=\"zn-singledetail-reponse-date\">\n\t\t\t\t\t\t<span>R\u00e9ponse attendue pour le<\/span><span class=\"doubledot\"><\/span> <strong>21\/05\/2022<\/strong>\n\t\t\t\t\t<\/p>\n<p class=\"zn-singledetail-reponse-type\">\n\t\t\t\t\t<span>Type de r\u00e9ponse<\/span><span class=\"doubledot\"><\/span> <strong>R\u00e9sum\u00e9<\/strong>\n\t\t\t\t\t<\/p>\n<p class=\"zn-singledetail-type\">\n\t\t\t\t\t\t\t<span>Type d\u2019\u00e9v\u00e9nement<\/span><span class=\"doubledot\"><\/span> <strong>Colloque<\/strong>\n\t\t\t\t\t<\/p>\n<\/p><\/div>\n<div class=\"zn-singledetail-contacts\">\n<h3 class=\"zn-singledetail-section-title\">Contacts<\/h3>\n<ul class=\"zn-singledetail-contacts-list\">\n<li class=\"zn-singledetail-contact\">\n\t\t\t\t\t\t\t<span class=\"zn-singledetail-contact-name\">Tyler Reigeluth<\/span><span class=\"doubledot\"><\/span><br \/>\n\t\t\t\t\t\t\t\t\t\t\t\t\t\t<a class=\"zn-singledetail-contact-mail prettylink\" href=\"mailto:tyler.reigeluth@univ-catholille.fr\">tyler.reigeluth@univ-catholille.fr<\/a>\n\t\t\t\t\t\t\t\t\t\t\t\t\t<\/li>\n<\/ul><\/div>\n<div class=\"zn-singledetail-weblinks\">\n<h3 class=\"zn-singledetail-section-title\">Sites internet de r\u00e9f\u00e9rence<\/h3>\n<ul class=\"zn-singledetail-weblinks-list\">\n<li>\n\t\t\t\t\t\t\t<a class=\"prettylink chainlink\" href=\"https:\/\/www.univ-catholille.fr\/ecoposs-osons-leloge-du-futur#:~:text=Rendez-vous%20au%20premier%20grand%20%C3%A9v%C3%A9nement%20de%20la%20dynamique%20et%20d%C3%A9battre%20d%E2%80%99un%20bien%20commun%20%C3%A0%20construire%20ensemble.\" title=\"Ecoposs\" target=\"_blank\" rel=\"noopener\">ECOPOSS 2022<\/a>\n\t\t\t\t\t\t<\/li>\n<\/ul><\/div>\n<\/p><\/div>\n<\/p><\/div>\n<div class=\"columns large-8\">\n<div class=\"zn-singledetail-contentbox\">\n<div class=\"zn-singledetail-eventinfo\">\n<div class=\"zn-singledetail-eventinfo-inner\">\n<div class=\"zn-singledetail-eventdates\">\n\t\t\t\t\t\t<span class=\"zn-singledetail-label\">Dates de l\u2019\u00e9v\u00e9nement<span class=\"doubledot\"><\/span><\/span><\/p>\n<ul class=\"zn-singledetail-eventdates-list\">\n<li class=\"zn-singledetail-eventdates-item\">\n\t\t\t\t\t\t\t\tDu 26\/10\/2022 au 30\/10\/2022\t\t\t\t\t\t\t<\/li>\n<\/ul><\/div>\n<p class=\"zn-singledetail-eventplace\">\n\t\t\t\t\t\t<span class=\"zn-singledetail-label\">Lieu de l\u2019\u00e9v\u00e9nement<span class=\"doubledot\"><\/span><\/span><br \/>\n\t\t\t\t\t\t<span class=\"zn-singledetail-eventplace-adr\"><\/p>\n<p>\t\t\t\t\t\t\t\t\t\t\t\t<span class=\"adr-place\">Campus Vauban, Universit\u00e9 Catholique de Lille &#8211; \u00c9v\u00e9nement hybride sur site et en ligne<\/span>,<\/p>\n<p>\t\t\t\t\t\t<span class=\"adr-city\">Lille<\/span>\t\t\t\t\t\t<span class=\"adr-cp\">59<\/span>, <span class=\"adr-country\">France<\/span><br \/>\n\t\t\t\t\t\t<\/span>\t\t\t\t\t<\/p>\n<\/p><\/div>\n<\/p><\/div>\n<div class=\"zn-singledetail-annonce wig-content\">\n<div id=\"annonce-952739-fr\" class=\"tabContent\" lang=\"fr\" xml:lang=\"fr\">\n<h2>Pr\u00e9sentation<\/h2>\n<p>Organis\u00e9 dans le cadre de la biennale <a href=\"https:\/\/www.univ-catholille.fr\/ecoposs-osons-leloge-du-futur\">ECOPOSS 2022<\/a>, le colloque interdisciplinaire \u00ab&#160;Sensibilit\u00e9, interpr\u00e9tation, appropriation des traces num\u00e9riques&#160;\u00bb cherche \u00e0 renouveler les questionnements \u00e9thiques li\u00e9s aux pratiques, institutions et technologies de mise en donn\u00e9es contemporaines. Le colloque est anim\u00e9 par un esprit interdisciplinaire afin de relever les d\u00e9fis \u00e9thiques qui se manifestent aujourd\u2019hui dans une pluralit\u00e9 de domaines o\u00f9 se posent des enjeux de sensibilit\u00e9, d\u2019interpr\u00e9tation et d\u2019appropriation des donn\u00e9es. La port\u00e9e critique du colloque est \u00e0 comprendre au sens fort du terme, c\u2019est-\u00e0-dire d\u2019une investigation des conditions qui structurent notre exp\u00e9rience du pr\u00e9sent, mais que nous ignorons souvent, et ce afin d\u2019envisager des alternatives de mani\u00e8re raisonn\u00e9e et lucide. Si le colloque est avant tout un \u00e9v\u00e9nement scientifique, son ambition est \u00e9galement de mettre en dialogue des exp\u00e9riences \u00e9ducatives et sociales, des pratiques artistiques et des repr\u00e9sentations plurielles de la r\u00e9alit\u00e9 qui communiquent rarement entre elles, bien qu\u2019elles soient pourtant toutes affect\u00e9es par un m\u00eame et vaste processus de num\u00e9risation de l\u2019ensemble des activit\u00e9s sociales contemporaines.<\/p>\n<p>Le po\u00e8te T. S. Eliot interpellait en 1934 son \u00e9poque par une cascade de questions&#160;: \u00ab&#160;O\u00f9 est la vie que nous avons perdue en vivant&#160;? O\u00f9 est la sagesse que nous avons perdue dans la connaissance&#160;? O\u00f9 est la connaissance que nous avons perdue dans l\u2019information&#160;?&#160;\u00bb \u00c0 l\u2019aune de la mise en donn\u00e9es apparemment inexorable de la vie quotidienne, on pourrait aujourd\u2019hui se demander&#160;: \u00ab&#160;O\u00f9 est l\u2019information que nous avons perdue dans les donn\u00e9es&#160;?&#160;\u00bb Mais au-del\u00e0 de ce sentiment de perte ou d\u2019appauvrissement souvent exprim\u00e9 et partag\u00e9 quant au ph\u00e9nom\u00e8ne de mise en donn\u00e9es, ce colloque cherchera avant tout \u00e0 demander ce que ce ph\u00e9nom\u00e8ne rend possible et quelles sont ses formes les plus souhaitables.<\/p>\n<h2>Argumentaire scientifique<\/h2>\n<p>Aussi contradictoire cela semble-t-il, il faut bien le reconna\u00eetre&#160;: \u00ab&#160;les donn\u00e9es ne sont pas des donn\u00e9es&#160;\u00bb (Alain Desrosi\u00e8res). Elles sont produites, trait\u00e9es, nettoy\u00e9es, traduites, stock\u00e9es, visualis\u00e9es, manipul\u00e9es, interpr\u00e9t\u00e9es&#160;: elles font \u00ab&#160;tenir ensemble&#160;\u00bb des \u00e9l\u00e9ments disparates de la r\u00e9alit\u00e9 (Alain Desrosi\u00e8res, Antoinette Rouvroy, Thomas Berns, Ian Hacking, Lisa Gittleman, Alain Supiot). Autrement dit, les donn\u00e9es sont toujours des \u00ab&#160;construits&#160;\u00bb qui charrient des repr\u00e9sentations, des biais sociaux et cognitifs mais qui reposent \u00e9galement sur des infrastructures, des normes techniques, des pratiques d\u2019ing\u00e9nierie. Ce constat nous invite \u00e0 nous demander en quoi consistent les donn\u00e9es, \u00e0 quoi elles tiennent et comment elles fa\u00e7onnent nos exp\u00e9riences. Car aussi omnipr\u00e9sente soit-elle dans nos technologies et nos discours contemporains, la \u00ab&#160;donn\u00e9e&#160;\u00bb semble toujours \u00e9chapper aux facult\u00e9s de repr\u00e9sentation et d\u2019imagination de ses publics. Elle rev\u00eat souvent, par cons\u00e9quent, un caract\u00e8re cryptique, opaque et magique. De nombreuses questions naissent de ce constat&#160;: qui contr\u00f4le les syst\u00e8mes de production, de traitement et d\u2019interpr\u00e9tation des donn\u00e9es-traces&#160;? Qui d\u00e9cide de leurs finalit\u00e9s&#160;? Comment ces syst\u00e8mes contribuent-ils au bien commun ou aux capitaux priv\u00e9s&#160;? Qu\u2019en est-il du respect de la vie priv\u00e9e et du consentement des usagers&#160;?\u00a0Quel est le statut des donn\u00e9es-traces que nous produisons, et que pourrait signifier la question de leur \u00ab&#160;r\u00e9appropriation&#160;\u00bb dans des domaines comme la sant\u00e9, l\u2019administration&#160;? \u00c0 un moment o\u00f9 la d\u00e9sinformation \u00ab&#160;virale&#160;\u00bb et la r\u00e9gulation des contenus par des acteurs priv\u00e9s sont devenus un enjeu incontournable, pourrait-on concevoir de nouveaux dispositifs techniques qui permettent aux individus de laisser les traces (annotations, expressions, commentaires, arguments) qu\u2019ils souhaitent partager publiquement et discuter collectivement, afin de redonner \u00e0 l\u2019espace num\u00e9rique sa fonction d\u2019espace public&#160;?<\/p>\n<h2>De la donn\u00e9e \u00e0 la trace&#160;: enjeux socio-politiques<\/h2>\n<p>Dans un contexte impr\u00e9gn\u00e9 de smartphones et d\u2019objets connect\u00e9s, tout et n\u2019importe quoi semble pouvoir se pr\u00eater \u00e0 num\u00e9risation. Comme si le monde (physique et social) existait a priori sous forme de donn\u00e9es qu\u2019il suffirait de lire, tel Galil\u00e9e dans le livre math\u00e9matique de la nature. Pourtant nous ne cessons de d\u00e9couvrir que l\u2019\u00e9conomie \u00ab&#160;immat\u00e9rielle&#160;\u00bb de la donn\u00e9e suppose des couches mat\u00e9rielles, infrastructurelles et institutionnelles importantes avec leurs cons\u00e9quences sociales, \u00e9cologiques et politiques. Les capteurs et senseurs, les antennes et c\u00e2bles, les centres d\u2019h\u00e9bergement de donn\u00e9es et les bases de donn\u00e9es, les m\u00e9tiers et l\u2019ensemble des institutions qui leur sont associ\u00e9s, sont autant d\u2019\u00e9l\u00e9ments qui constituent une \u00e9conomie et un \u00e9cosyst\u00e8me de la donn\u00e9e dont il faut saisir \u00e0 la fois l\u2019ampleur et le d\u00e9tail. Car les \u00e9l\u00e9ments de ce syst\u00e8me technique conditionnent et informent de nouvelles formes d\u2019exp\u00e9riences individuelles et collectives, qui nous impactent \u00e0 de multiples niveaux dans les domaines de la sant\u00e9, de l\u2019\u00e9ducation, de l\u2019administration, de l\u2019environnement, etc.<\/p>\n<p>Si, contrairement \u00e0 son imm\u00e9diatet\u00e9 et son objectivit\u00e9 apparente, la \u00ab&#160;donn\u00e9e&#160;\u00bb n\u2019est jamais \u00ab&#160;donn\u00e9e&#160;\u00bb comme telle, mais toujours \u00ab&#160;construite&#160;\u00bb, \u00ab&#160;m\u00e9di\u00e9e&#160;\u00bb, \u00ab&#160;traduite&#160;\u00bb, alors la notion est doublement trompeuse. Car la \u00ab&#160;donn\u00e9e&#160;\u00bb masque aussi dans bien des cas sa condition de \u00ab&#160;trace&#160;\u00bb. La trace suppose une relation de m\u00e9moire et d\u2019interpr\u00e9tation&#160;: on peut choisir de laisser des traces pour soi ou pour d\u2019autres&#160;; une trace peut le devenir \u00e0 notre insu pour autrui&#160;; toute trace prend vie dans un contexte et par les activit\u00e9s d\u2019interpr\u00e9tation qui cherchent \u00e0 la d\u00e9crypter&#160;; la trace indique ce qui n\u2019est pas l\u00e0, elle est le signe d\u2019une absence et d\u2019un passage du temps. C\u2019est pr\u00e9cis\u00e9ment cette relation d\u2019interpr\u00e9tation et de repr\u00e9sentation que le paradigme de la donn\u00e9e, dans sa pr\u00e9tendue \u00e9vidence et spontan\u00e9it\u00e9, vient masquer. Ce faisant, il nous prive de la possibilit\u00e9 de nous questionner sur les enjeux sociaux et politiques, en particulier sur les relations de pouvoir et de savoir qui se jouent dans la m\u00e9moire et l\u2019interpr\u00e9tation des traces num\u00e9riques. Or, l\u2019av\u00e8nement d\u2019une soci\u00e9t\u00e9 num\u00e9rique dans un r\u00e9gime d\u00e9mocratique exige que nous nous posions publiquement ce type de questions, et que le traitement de la donn\u00e9e soit conditionn\u00e9 au respect des principes et valeurs fondamentales de nos syst\u00e8mes socio-politiques.<\/p>\n<h2>Vers des donn\u00e9es sensibles&#160;: enjeux \u00e9thiques<\/h2>\n<p>Engager une r\u00e9flexion collective sur les donn\u00e9es n\u2019est toutefois possible que si leur lisibilit\u00e9 et leur signification ne reste pas r\u00e9serv\u00e9e \u00e0 un public expert. Pourrait-on envisager des modes de visualisation, de partage et d\u2019exp\u00e9rience plus sensibles des donn\u00e9es&#160;? L\u2019accumulation des donn\u00e9es se pr\u00e9sente aujourd\u2019hui en chiffres astronomiques qui d\u00e9passent notre capacit\u00e9 \u00e0 les imaginer. L\u2019abstraction et la repr\u00e9sentation math\u00e9matique des donn\u00e9es nous rend \u00e9trangers aux processus qui les produisent, et \u00e0 leurs cons\u00e9quences. Tout se passe comme si les donn\u00e9es s\u2019int\u00e9graient \u00e0 un processus de quantification et de mesure dont personne ne peut faire l\u2019exp\u00e9rience. Nous avons pourtant besoin de nous les imaginer et de pouvoir en partager des repr\u00e9sentations compr\u00e9hensibles pour d\u00e9battre de leurs enjeux sociaux et politiques.<\/p>\n<p>Se pose donc ici la question de la sensibilit\u00e9 des donn\u00e9es. Cette question se pose dans le double sens du terme&#160;: d\u2019une part ce dont on peut faire l\u2019exp\u00e9rience sensible (ce qui est percevable et repr\u00e9sentable), d\u2019autre part ce qui, partag\u00e9 \u00e0 la compr\u00e9hension collective, peut \u00eatre per\u00e7u comme sensible (juste ou injuste, convenable ou inconvenable, appropri\u00e9 ou inappropri\u00e9&#8230;). Au-del\u00e0 de son caract\u00e8re chiffr\u00e9, il s\u2019agit donc de r\u00e9habiliter le caract\u00e8re situ\u00e9, incarn\u00e9 et techniquement m\u00e9di\u00e9 de la donn\u00e9e comme vectrice de contenus qualitatifs et d\u2019interrogations \u00e9thiques. Cette ouverture au questionnement \u00e9thique de la donn\u00e9e par ses traductions sensibles, au moyen des arts, du langage et de l\u2019imaginaire, par exemple, ne pourrait-elle pas permettre d\u2019associer aux approches classiquement formalistes (principlistes, d\u00e9ontologistes, cons\u00e9quentialistes) qui se sont impos\u00e9es ces derni\u00e8res ann\u00e9es en \u00e9thique du num\u00e9rique, de nouvelles formes d\u2019\u00e9valuations elles-m\u00eames plus sensibles du num\u00e9rique (par l\u2019\u00e9thique des vertus, l\u2019\u00e9thique du care, les \u00e9thiques eud\u00e9moniques\u2026), parfois mieux \u00e0 m\u00eame de se saisir des enjeux les plus situ\u00e9s et concrets de la donn\u00e9e comme trace, vecteur et foyer d\u2019exp\u00e9riences v\u00e9cues&#160;?<\/p>\n<p>L\u2019enrichissement du questionnement \u00e9thique par des ressources morales jusqu\u2019ici peu sollicit\u00e9es en \u00e9thique du num\u00e9rique, permettrait ainsi d\u2019interroger sous un jour nouveau les normes juridiques et \u00e9conomiques qui r\u00e9glementent la gestion des donn\u00e9es, ainsi que la place et les limites que nous souhaitons r\u00e9server aux processus de quantification et de mesure algorithmiques des activit\u00e9s sociales. Comment nos relations aux donn\u00e9es pourraient-elles devenir, dans les champs \u00e9conomique, culturel, social et de la sant\u00e9, des vecteurs d\u2019exp\u00e9riences partageables et de subjectivation, par contraste, ou en compl\u00e9ment, avec leurs fonctions de contr\u00f4le, de tra\u00e7age, ou d\u2019optimisation diagnostique et th\u00e9rapeutique&#160;? Quelles sont les m\u00e9diations techniques et les institutions (notamment \u00e9ducatives) qui nous permettraient de soutenir un tel enrichissement de notre rapport aux donn\u00e9es&#160;?<\/p>\n<h2>Quels futurs souhaitables pour les donn\u00e9es&#160;?<\/h2>\n<p>Si les donn\u00e9es tendent actuellement \u00e0 servir des processus de contr\u00f4le, de tra\u00e7age, de calcul, de mesure de la performance ou de profilage, rien n\u2019interdit, en principe, de concevoir des dispositifs techniques alternatifs, correspondant \u00e0 d\u2019autres imaginaires sociaux, \u00e0 d\u2019autres finalit\u00e9s et d\u2019autres futurs souhaitables pour nos usages num\u00e9riques. Dans cette perspective, les productions artistiques et culturelles contemporaines (litt\u00e9rature, cin\u00e9ma, s\u00e9ries) constituent certainement des sources d\u2019inspiration pour renouveler nos imaginaires. De m\u00eame, l\u2019inventivit\u00e9 du droit et sa capacit\u00e9 \u00e0 formaliser de nouvelles normes peut servir de source d\u2019inspiration pour renouveler nos cat\u00e9gories sociales et politiques \u00e0 partir desquelles nous r\u00e9fl\u00e9chissons nos actions, identit\u00e9s et revendications.<\/p>\n<p>Quelles visions et approches alternatives pourrions-nous mobiliser pour nous projeter au-del\u00e0 des repr\u00e9sentations classiques du monde num\u00e9rique d\u00e9velopp\u00e9es ces derni\u00e8res ann\u00e9es, entre les imaginaires d\u2019un gouvernement algorithmique de la soci\u00e9t\u00e9 par un Etat centralis\u00e9, ou d\u2019une soci\u00e9t\u00e9 libertarienne sans \u00c9tat, contr\u00f4l\u00e9e par les entreprises num\u00e9riques priv\u00e9es&#160;? Une voie alternative pourrait \u00eatre, par exemple, d\u2019imaginer les technologies et les donn\u00e9es num\u00e9riques comme des supports de m\u00e9moire collectifs, de convivialit\u00e9 sociale et de partage de pratiques (artistiques, scientifiques, politiques, techniques), au moyen desquels les sujets pourraient se former et se projeter collectivement vers un avenir d\u00e9sirable, qui, par d\u00e9finition, n\u2019est pas encore donn\u00e9 et reste \u00e0 inventer.<\/p>\n<h2>Axes th\u00e9matiques<\/h2>\n<p>Perspectives de contributions possibles et non-exhaustives&#160;:<\/p>\n<ul>\n<li>La visualisation des donn\u00e9es \u00e0 la crois\u00e9e de l\u2019\u00e9pist\u00e9mologie, de l\u2019activisme et de l\u2019art<\/li>\n<li>Les normes techniques comme enjeux de d\u00e9bats publics&#160;: p\u00e9dagogie, interdisciplinarit\u00e9 et expertise<\/li>\n<li>M\u00e9thodes et modalit\u00e9s de l\u2019interrogation et de l\u2019\u00e9valuation \u00e9thique en \u00e9thique du num\u00e9rique<\/li>\n<li>Pratiques et cultures de la science entre statisticiens et \u00ab&#160;data-scientists&#160;\u00bb<\/li>\n<li>Perspectives historiques et sociologiques sur les rapports entre mesure, repr\u00e9sentation et pouvoir<\/li>\n<li>Les infrastructures et mat\u00e9rialit\u00e9s des donn\u00e9es num\u00e9riques, y compris leurs dimensions environnementales et \u00e9conomiques<\/li>\n<li>De la donn\u00e9e \u00e0 la trace&#160;: perspectives sur le pistage, l\u2019interpr\u00e9tation et la repr\u00e9sentation<\/li>\n<li>Quel parcours de la donn\u00e9e, et quel contr\u00f4le&#160;: par qui&#160;?&#160;; par quoi&#160;?&#160;; comment&#160;?<\/li>\n<li>D\u00e9mocratie technique et d\u00e9mocratie num\u00e9rique<\/li>\n<li>Les donn\u00e9es num\u00e9riques comme objets \u00e0 r\u00e9guler et comme m\u00e9canismes de r\u00e9gulation<\/li>\n<li>Alternatives \u00e0 la gouvernance des donn\u00e9es&#160;: data-trust, fiduciaires, <em>Creative<\/em> <em>Commons<\/em>, etc.<\/li>\n<li>Imaginaires, fictions et esth\u00e9tiques des donn\u00e9es num\u00e9riques<\/li>\n<li>Fantasmes et imaginaires des donn\u00e9es, r\u00e9alit\u00e9 du monde des donn\u00e9es<\/li>\n<li>Prendre soin des donn\u00e9es ou prendre soin par les donn\u00e9es&#160;?<\/li>\n<\/ul>\n<h2>Modalit\u00e9s de candidature<\/h2>\n<ul>\n<li>Remise d\u2019un <em>abstract<\/em> de <strong>300 mots<\/strong> <strong>avant le 21 mars 2022<\/strong> \u00e0 l\u2019adresse suivante&#160;: <a href=\"mailto:tyler.reigeluth@univ-catholille.fr\">tyler.reigeluth@univ-catholille.fr<\/a><\/li>\n<li>S\u2019il s\u2019agit d\u2019une proposition de panel, un envoi group\u00e9 des diff\u00e9rents <em>abstracts<\/em> repris en un seul document comprenant aussi un abstract g\u00e9n\u00e9ral justifiant la coh\u00e9rence du panel est demand\u00e9.<\/li>\n<li>Le comit\u00e9 scientifique notifiera sa s\u00e9lection de propositions vers mi-avril 2022.<\/li>\n<\/ul>\n<h2>Comit\u00e9 scientifique<\/h2>\n<ul>\n<li>Tyler Reigeluth (Universit\u00e9 Catholique de Lille)<\/li>\n<li>David Doat (Universit\u00e9 Catholique de Lille)<\/li>\n<li>Yves Poullet (Universit\u00e9 de Namur)<\/li>\n<li>Jessica Lombard (Universit\u00e9 Catholique de Lille \u2013 Universit\u00e9 du Pi\u00e9mont-Oriental)<\/li>\n<li>Jacques Printz (Universit\u00e9 Catholique de Lille \u2013 CNAM)<\/li>\n<li>Franck Damour (Universit\u00e9 Catholique de Lille)<\/li>\n<\/ul>\n<\/div><\/div>\n<div class=\"zn-singledetail-keywords\">\n<h3 class=\"zn-singledetail-section-title\">Mots-cl\u00e9s<\/h3>\n<ul class=\"termslist termslist-post_tag\">\n<li class=\"termslist-item termslist-title\"><span class=\"termslist-titletxt\">Mots-cl\u00e9s<\/span><span class=\"doubledot\"><\/span><\/li>\n<li class=\"termslist-item tax-post_tag term-donnees\"><a class=\"termslist-itemlink\" href=\"https:\/\/www.sfsic.org\/en\/tag\/data\/\" title=\"Donn\u00e9es\"><span class=\"termslist-itemname\">Donn\u00e9es<\/span><\/a><\/li>\n<li class=\"termslist-item tax-post_tag term-numerique\"><a class=\"termslist-itemlink\" href=\"https:\/\/www.sfsic.org\/en\/tag\/digital\/\" title=\"Num\u00e9rique\"><span class=\"termslist-itemname\">Num\u00e9rique<\/span><\/a><\/li>\n<li class=\"termslist-item tax-post_tag term-traces\"><a class=\"termslist-itemlink\" href=\"https:\/\/www.sfsic.org\/en\/tag\/traces\/\" title=\"Traces\"><span class=\"termslist-itemname\">Traces<\/span><\/a><\/li>\n<\/ul><\/div>\n<\/p><\/div>\n<\/p><\/div>\n<\/p><\/div>\n<\/p><\/div>\n<\/div>\n<p><!-- \/fxzn:singledetail --><\/p>\n","protected":false},"excerpt":{"rendered":"<p>Mis en ligne le 5 f\u00e9vrier 2022 Informations \u00e9dit\u00e9es \u00e0 partir d\u2019une annonce Calenda. Th\u00e9matiques Num\u00e9rique : strat\u00e9gies, dispositifs et usages R\u00e9ponse attendue pour le 21\/05\/2022 Type de r\u00e9ponse R\u00e9sum\u00e9 [&hellip;]<\/p>\n","protected":false},"author":781,"featured_media":0,"comment_status":"closed","ping_status":"closed","sticky":false,"template":"","format":"standard","meta":{"_acf_changed":false,"footnotes":""},"categories":[29,57],"tags":[128,90,301],"thematique":[39],"sfsic":[],"class_list":["post-22681","post","type-post","status-publish","format-standard","hentry","category-aac-evenement","category-colloque","tag-donnees","tag-numerique","tag-traces","thematique-numerique-strategies-dispositifs-et-usages","wp-sticky"],"acf":[],"yoast_head":"<!-- This site is optimized with the Yoast SEO plugin v27.4 - https:\/\/yoast.com\/product\/yoast-seo-wordpress\/ -->\n<title>\u00c0 l&#039;\u00e9preuve des donn\u00e9es<\/title>\n<meta name=\"description\" content=\"Appel \u00e0 communications pour le colloque interdisciplinaire qui traite de la th\u00e9matique \u00ab Sensibilit\u00e9, interpr\u00e9tation, appropriation des traces num\u00e9riques \u00bb.\" \/>\n<meta name=\"robots\" content=\"index, follow, max-snippet:-1, max-image-preview:large, max-video-preview:-1\" \/>\n<link rel=\"canonical\" href=\"https:\/\/www.sfsic.org\/en\/aac-evenement\/a-lepreuve-des-donnees\/\" \/>\n<meta property=\"og:locale\" content=\"en_US\" \/>\n<meta property=\"og:type\" content=\"article\" \/>\n<meta property=\"og:title\" content=\"\u00c0 l&#039;\u00e9preuve des donn\u00e9es\" \/>\n<meta property=\"og:description\" content=\"Appel \u00e0 communications pour le colloque interdisciplinaire qui traite de la th\u00e9matique \u00ab Sensibilit\u00e9, interpr\u00e9tation, appropriation des traces num\u00e9riques \u00bb.\" \/>\n<meta property=\"og:url\" content=\"https:\/\/www.sfsic.org\/en\/aac-evenement\/a-lepreuve-des-donnees\/\" \/>\n<meta property=\"og:site_name\" content=\"SFSIC\" \/>\n<meta property=\"article:published_time\" content=\"2022-02-08T10:51:47+00:00\" \/>\n<meta name=\"author\" content=\"Axelle Martin\" \/>\n<meta name=\"twitter:card\" content=\"summary_large_image\" \/>\n<script type=\"application\/ld+json\" class=\"yoast-schema-graph\">{\"@context\":\"https:\\\/\\\/schema.org\",\"@graph\":[{\"@type\":\"Article\",\"@id\":\"https:\\\/\\\/www.sfsic.org\\\/en\\\/aac-evenement\\\/a-lepreuve-des-donnees\\\/#article\",\"isPartOf\":{\"@id\":\"https:\\\/\\\/www.sfsic.org\\\/en\\\/aac-evenement\\\/a-lepreuve-des-donnees\\\/\"},\"author\":{\"name\":\"Axelle Martin\",\"@id\":\"https:\\\/\\\/www.sfsic.org\\\/en\\\/#\\\/schema\\\/person\\\/d3606993477708f4359fb9aeda58df3b\"},\"headline\":\"\u00c0 l&#8217;\u00e9preuve des donn\u00e9es\",\"datePublished\":\"2022-02-08T10:51:47+00:00\",\"mainEntityOfPage\":{\"@id\":\"https:\\\/\\\/www.sfsic.org\\\/en\\\/aac-evenement\\\/a-lepreuve-des-donnees\\\/\"},\"wordCount\":2239,\"publisher\":{\"@id\":\"https:\\\/\\\/www.sfsic.org\\\/en\\\/#organization\"},\"keywords\":[\"Donn\u00e9es\",\"Num\u00e9rique\",\"Traces\"],\"articleSection\":[\"AAC \u00c9v\u00e9nement\",\"Colloque\"],\"inLanguage\":\"en-US\"},{\"@type\":\"WebPage\",\"@id\":\"https:\\\/\\\/www.sfsic.org\\\/en\\\/aac-evenement\\\/a-lepreuve-des-donnees\\\/\",\"url\":\"https:\\\/\\\/www.sfsic.org\\\/en\\\/aac-evenement\\\/a-lepreuve-des-donnees\\\/\",\"name\":\"\u00c0 l'\u00e9preuve des donn\u00e9es\",\"isPartOf\":{\"@id\":\"https:\\\/\\\/www.sfsic.org\\\/en\\\/#website\"},\"datePublished\":\"2022-02-08T10:51:47+00:00\",\"description\":\"Appel \u00e0 communications pour le colloque interdisciplinaire qui traite de la th\u00e9matique \u00ab Sensibilit\u00e9, interpr\u00e9tation, appropriation des traces num\u00e9riques \u00bb.\",\"breadcrumb\":{\"@id\":\"https:\\\/\\\/www.sfsic.org\\\/en\\\/aac-evenement\\\/a-lepreuve-des-donnees\\\/#breadcrumb\"},\"inLanguage\":\"en-US\",\"potentialAction\":[{\"@type\":\"ReadAction\",\"target\":[\"https:\\\/\\\/www.sfsic.org\\\/en\\\/aac-evenement\\\/a-lepreuve-des-donnees\\\/\"]}]},{\"@type\":\"BreadcrumbList\",\"@id\":\"https:\\\/\\\/www.sfsic.org\\\/en\\\/aac-evenement\\\/a-lepreuve-des-donnees\\\/#breadcrumb\",\"itemListElement\":[{\"@type\":\"ListItem\",\"position\":1,\"name\":\"Accueil\",\"item\":\"https:\\\/\\\/www.sfsic.org\\\/en\\\/\"},{\"@type\":\"ListItem\",\"position\":2,\"name\":\"Calls for Contributions\",\"item\":\"https:\\\/\\\/www.sfsic.org\\\/en\\\/cfc-event\\\/\"},{\"@type\":\"ListItem\",\"position\":3,\"name\":\"Conference\",\"item\":\"https:\\\/\\\/www.sfsic.org\\\/en\\\/cfc-event\\\/conference\\\/\"},{\"@type\":\"ListItem\",\"position\":4,\"name\":\"\u00c0 l&rsquo;\u00e9preuve des donn\u00e9es\"}]},{\"@type\":\"WebSite\",\"@id\":\"https:\\\/\\\/www.sfsic.org\\\/en\\\/#website\",\"url\":\"https:\\\/\\\/www.sfsic.org\\\/en\\\/\",\"name\":\"SFSIC\",\"description\":\"Soci\u00e9t\u00e9 Fran\u00e7aise des Sciences de l&#039;Information &amp; de la Communication\",\"publisher\":{\"@id\":\"https:\\\/\\\/www.sfsic.org\\\/en\\\/#organization\"},\"potentialAction\":[{\"@type\":\"SearchAction\",\"target\":{\"@type\":\"EntryPoint\",\"urlTemplate\":\"https:\\\/\\\/www.sfsic.org\\\/en\\\/?s={search_term_string}\"},\"query-input\":{\"@type\":\"PropertyValueSpecification\",\"valueRequired\":true,\"valueName\":\"search_term_string\"}}],\"inLanguage\":\"en-US\"},{\"@type\":\"Organization\",\"@id\":\"https:\\\/\\\/www.sfsic.org\\\/en\\\/#organization\",\"name\":\"SFSIC\",\"url\":\"https:\\\/\\\/www.sfsic.org\\\/en\\\/\",\"logo\":{\"@type\":\"ImageObject\",\"inLanguage\":\"en-US\",\"@id\":\"https:\\\/\\\/www.sfsic.org\\\/en\\\/#\\\/schema\\\/logo\\\/image\\\/\",\"url\":\"https:\\\/\\\/www.sfsic.org\\\/wp-inside\\\/uploads\\\/2020\\\/05\\\/logo-sfsic.jpg\",\"contentUrl\":\"https:\\\/\\\/www.sfsic.org\\\/wp-inside\\\/uploads\\\/2020\\\/05\\\/logo-sfsic.jpg\",\"width\":1085,\"height\":1080,\"caption\":\"SFSIC\"},\"image\":{\"@id\":\"https:\\\/\\\/www.sfsic.org\\\/en\\\/#\\\/schema\\\/logo\\\/image\\\/\"}},{\"@type\":\"Person\",\"@id\":\"https:\\\/\\\/www.sfsic.org\\\/en\\\/#\\\/schema\\\/person\\\/d3606993477708f4359fb9aeda58df3b\",\"name\":\"Axelle Martin\",\"image\":{\"@type\":\"ImageObject\",\"inLanguage\":\"en-US\",\"@id\":\"https:\\\/\\\/secure.gravatar.com\\\/avatar\\\/1065035eb5e480668fbf77e163c2e86f81ac342eaad4c8783acdf4a63f3c917b?s=96&d=mm&r=g\",\"url\":\"https:\\\/\\\/secure.gravatar.com\\\/avatar\\\/1065035eb5e480668fbf77e163c2e86f81ac342eaad4c8783acdf4a63f3c917b?s=96&d=mm&r=g\",\"contentUrl\":\"https:\\\/\\\/secure.gravatar.com\\\/avatar\\\/1065035eb5e480668fbf77e163c2e86f81ac342eaad4c8783acdf4a63f3c917b?s=96&d=mm&r=g\",\"caption\":\"Axelle Martin\"},\"sameAs\":[\"@antropocominside\"]}]}<\/script>\n<!-- \/ Yoast SEO plugin. -->","yoast_head_json":{"title":"\u00c0 l'\u00e9preuve des donn\u00e9es","description":"Appel \u00e0 communications pour le colloque interdisciplinaire qui traite de la th\u00e9matique \u00ab Sensibilit\u00e9, interpr\u00e9tation, appropriation des traces num\u00e9riques \u00bb.","robots":{"index":"index","follow":"follow","max-snippet":"max-snippet:-1","max-image-preview":"max-image-preview:large","max-video-preview":"max-video-preview:-1"},"canonical":"https:\/\/www.sfsic.org\/en\/aac-evenement\/a-lepreuve-des-donnees\/","og_locale":"en_US","og_type":"article","og_title":"\u00c0 l'\u00e9preuve des donn\u00e9es","og_description":"Appel \u00e0 communications pour le colloque interdisciplinaire qui traite de la th\u00e9matique \u00ab Sensibilit\u00e9, interpr\u00e9tation, appropriation des traces num\u00e9riques \u00bb.","og_url":"https:\/\/www.sfsic.org\/en\/aac-evenement\/a-lepreuve-des-donnees\/","og_site_name":"SFSIC","article_published_time":"2022-02-08T10:51:47+00:00","author":"Axelle Martin","twitter_card":"summary_large_image","schema":{"@context":"https:\/\/schema.org","@graph":[{"@type":"Article","@id":"https:\/\/www.sfsic.org\/en\/aac-evenement\/a-lepreuve-des-donnees\/#article","isPartOf":{"@id":"https:\/\/www.sfsic.org\/en\/aac-evenement\/a-lepreuve-des-donnees\/"},"author":{"name":"Axelle Martin","@id":"https:\/\/www.sfsic.org\/en\/#\/schema\/person\/d3606993477708f4359fb9aeda58df3b"},"headline":"\u00c0 l&#8217;\u00e9preuve des donn\u00e9es","datePublished":"2022-02-08T10:51:47+00:00","mainEntityOfPage":{"@id":"https:\/\/www.sfsic.org\/en\/aac-evenement\/a-lepreuve-des-donnees\/"},"wordCount":2239,"publisher":{"@id":"https:\/\/www.sfsic.org\/en\/#organization"},"keywords":["Donn\u00e9es","Num\u00e9rique","Traces"],"articleSection":["AAC \u00c9v\u00e9nement","Colloque"],"inLanguage":"en-US"},{"@type":"WebPage","@id":"https:\/\/www.sfsic.org\/en\/aac-evenement\/a-lepreuve-des-donnees\/","url":"https:\/\/www.sfsic.org\/en\/aac-evenement\/a-lepreuve-des-donnees\/","name":"\u00c0 l'\u00e9preuve des donn\u00e9es","isPartOf":{"@id":"https:\/\/www.sfsic.org\/en\/#website"},"datePublished":"2022-02-08T10:51:47+00:00","description":"Appel \u00e0 communications pour le colloque interdisciplinaire qui traite de la th\u00e9matique \u00ab Sensibilit\u00e9, interpr\u00e9tation, appropriation des traces num\u00e9riques \u00bb.","breadcrumb":{"@id":"https:\/\/www.sfsic.org\/en\/aac-evenement\/a-lepreuve-des-donnees\/#breadcrumb"},"inLanguage":"en-US","potentialAction":[{"@type":"ReadAction","target":["https:\/\/www.sfsic.org\/en\/aac-evenement\/a-lepreuve-des-donnees\/"]}]},{"@type":"BreadcrumbList","@id":"https:\/\/www.sfsic.org\/en\/aac-evenement\/a-lepreuve-des-donnees\/#breadcrumb","itemListElement":[{"@type":"ListItem","position":1,"name":"Accueil","item":"https:\/\/www.sfsic.org\/en\/"},{"@type":"ListItem","position":2,"name":"Calls for Contributions","item":"https:\/\/www.sfsic.org\/en\/cfc-event\/"},{"@type":"ListItem","position":3,"name":"Conference","item":"https:\/\/www.sfsic.org\/en\/cfc-event\/conference\/"},{"@type":"ListItem","position":4,"name":"\u00c0 l&rsquo;\u00e9preuve des donn\u00e9es"}]},{"@type":"WebSite","@id":"https:\/\/www.sfsic.org\/en\/#website","url":"https:\/\/www.sfsic.org\/en\/","name":"SFSIC","description":"Soci\u00e9t\u00e9 Fran\u00e7aise des Sciences de l&#039;Information &amp; de la Communication","publisher":{"@id":"https:\/\/www.sfsic.org\/en\/#organization"},"potentialAction":[{"@type":"SearchAction","target":{"@type":"EntryPoint","urlTemplate":"https:\/\/www.sfsic.org\/en\/?s={search_term_string}"},"query-input":{"@type":"PropertyValueSpecification","valueRequired":true,"valueName":"search_term_string"}}],"inLanguage":"en-US"},{"@type":"Organization","@id":"https:\/\/www.sfsic.org\/en\/#organization","name":"SFSIC","url":"https:\/\/www.sfsic.org\/en\/","logo":{"@type":"ImageObject","inLanguage":"en-US","@id":"https:\/\/www.sfsic.org\/en\/#\/schema\/logo\/image\/","url":"https:\/\/www.sfsic.org\/wp-inside\/uploads\/2020\/05\/logo-sfsic.jpg","contentUrl":"https:\/\/www.sfsic.org\/wp-inside\/uploads\/2020\/05\/logo-sfsic.jpg","width":1085,"height":1080,"caption":"SFSIC"},"image":{"@id":"https:\/\/www.sfsic.org\/en\/#\/schema\/logo\/image\/"}},{"@type":"Person","@id":"https:\/\/www.sfsic.org\/en\/#\/schema\/person\/d3606993477708f4359fb9aeda58df3b","name":"Axelle Martin","image":{"@type":"ImageObject","inLanguage":"en-US","@id":"https:\/\/secure.gravatar.com\/avatar\/1065035eb5e480668fbf77e163c2e86f81ac342eaad4c8783acdf4a63f3c917b?s=96&d=mm&r=g","url":"https:\/\/secure.gravatar.com\/avatar\/1065035eb5e480668fbf77e163c2e86f81ac342eaad4c8783acdf4a63f3c917b?s=96&d=mm&r=g","contentUrl":"https:\/\/secure.gravatar.com\/avatar\/1065035eb5e480668fbf77e163c2e86f81ac342eaad4c8783acdf4a63f3c917b?s=96&d=mm&r=g","caption":"Axelle Martin"},"sameAs":["@antropocominside"]}]}},"_links":{"self":[{"href":"https:\/\/www.sfsic.org\/en\/wp-json\/wp\/v2\/posts\/22681","targetHints":{"allow":["GET"]}}],"collection":[{"href":"https:\/\/www.sfsic.org\/en\/wp-json\/wp\/v2\/posts"}],"about":[{"href":"https:\/\/www.sfsic.org\/en\/wp-json\/wp\/v2\/types\/post"}],"author":[{"embeddable":true,"href":"https:\/\/www.sfsic.org\/en\/wp-json\/wp\/v2\/users\/781"}],"replies":[{"embeddable":true,"href":"https:\/\/www.sfsic.org\/en\/wp-json\/wp\/v2\/comments?post=22681"}],"version-history":[{"count":2,"href":"https:\/\/www.sfsic.org\/en\/wp-json\/wp\/v2\/posts\/22681\/revisions"}],"predecessor-version":[{"id":22683,"href":"https:\/\/www.sfsic.org\/en\/wp-json\/wp\/v2\/posts\/22681\/revisions\/22683"}],"wp:attachment":[{"href":"https:\/\/www.sfsic.org\/en\/wp-json\/wp\/v2\/media?parent=22681"}],"wp:term":[{"taxonomy":"category","embeddable":true,"href":"https:\/\/www.sfsic.org\/en\/wp-json\/wp\/v2\/categories?post=22681"},{"taxonomy":"post_tag","embeddable":true,"href":"https:\/\/www.sfsic.org\/en\/wp-json\/wp\/v2\/tags?post=22681"},{"taxonomy":"thematique","embeddable":true,"href":"https:\/\/www.sfsic.org\/en\/wp-json\/wp\/v2\/thematique?post=22681"},{"taxonomy":"sfsic","embeddable":true,"href":"https:\/\/www.sfsic.org\/en\/wp-json\/wp\/v2\/sfsic?post=22681"}],"curies":[{"name":"wp","href":"https:\/\/api.w.org\/{rel}","templated":true}]}}